{"id":7557,"date":"2021-02-06T15:52:10","date_gmt":"2021-02-06T14:52:10","guid":{"rendered":"https:\/\/diba.ccoo.cat\/?p=7557"},"modified":"2023-10-17T14:02:05","modified_gmt":"2023-10-17T12:02:05","slug":"05-02-2021-comite-seguretat-salut-diba","status":"publish","type":"post","link":"https:\/\/ccoo.app\/diputacio-de-barcelona\/05-02-2021-comite-seguretat-salut-diba\/","title":{"rendered":"RESUM DE LA REUNI\u00d3 DEL COMIT\u00c8 DE SEGURETAT I SALUT DEL 5 DE FEBRER DE 2021"},"content":{"rendered":"<p><a href=\"https:\/\/diba.ccoo.cat\/\"><img loading=\"lazy\" decoding=\"async\" class=\"wp-image-5909 aligncenter\" src=\"http:\/\/ccoo.app\/diputacio-de-barcelona\/wp-content\/blogs.dir\/6\/files\/sites\/186\/2020\/05\/nota-1-300x86.png\" alt=\"\" width=\"92\" height=\"27\" srcset=\"https:\/\/ccoo.app\/diputacio-de-barcelona\/wp-content\/blogs.dir\/6\/files\/sites\/186\/2020\/05\/nota-1-300x86.png 300w, https:\/\/ccoo.app\/diputacio-de-barcelona\/wp-content\/blogs.dir\/6\/files\/sites\/186\/2020\/05\/nota-1.png 339w\" sizes=\"auto, (max-width: 92px) 100vw, 92px\" \/><\/a><\/p>\n<p class=\"wp-caption-text\"><a href=\"https:\/\/diba.ccoo.cat\/\"><img loading=\"lazy\" decoding=\"async\" class=\"wp-image-1853 aligncenter\" src=\"http:\/\/ccoo.app\/diputacio-de-barcelona\/wp-content\/blogs.dir\/6\/files\/sites\/186\/2018\/01\/logoccoov18.jpg\" alt=\"\" width=\"240\" height=\"110\" \/><\/a><\/p>\n<p style=\"text-align: center\"><span style=\"font-family: 'arial black', sans-serif;color: #0000ff;font-size: 24px\">\u00a0<\/span><span style=\"font-family: 'arial black', sans-serif;color: #0000ff;font-size: 24px\">RESUM DE LA REUNI\u00d3 DEL COMIT\u00c8 DE SEGURETAT\u00a0 I SALUT DEL DIA 5 DE FEBRER DE 2021<\/span><\/p>\n<ul>\n<li>\n<ul>\n<li><strong>MASCARETES FFP2 PER A DETERMINAT PERSONAL<\/strong><\/li>\n<li><strong>DEMANEM GARANTIR LA QUALITAT DE L&#8217;AIRE DE TOTS ELS CENTRES DE TREBALL PER EVITAR CONTAGIS<\/strong><\/li>\n<li><strong>SPOTT: EXIGIM QUE ES COMPLEIXI EL PROTOCOL ANTI-COVID<\/strong><\/li>\n<li><strong>QU\u00c8 PASSA AMB EL PROJECTE \u00abCAPACITATS DIVERSES\u00bb?<\/strong><\/li>\n<li><strong>PARCS NATURALS RELAXA LES MESURES DE PROTECCI\u00d3 ANTI-COVID<\/strong><\/li>\n<li><strong>L&#8217;ORGT ENCARA SENSE AVALUACI\u00d3 DE RISCOS PSICOSOCIAL<\/strong><\/li>\n<li><strong>DEMANEM TENIR L&#8217;INFORME DE L&#8217;AUDITORIA FETA AL PARC M\u00d2BIL<\/strong><\/li>\n<li><strong>L&#8217;\u00daS DE LA MASCARETA \u00c9S OBLIGAT\u00d2RIA<\/strong><\/li>\n<\/ul>\n<p style=\"text-align: center\"><span style=\"font-family: arial, helvetica, sans-serif;font-size: 14px;color: #000000\">&#8211; 6 de febrer de 2021-<\/span><\/p>\n<p><span style=\"color: #000000\"><strong><span style=\"font-family: arial, helvetica, sans-serif\"><span style=\"font-family: 'arial black', sans-serif\">TAL COM CCOO-DIBA EXIGIEM, ES SUBMINISTRARAN MASCARETES FFP2 <\/span><\/span><\/strong>\u00a0Portem mesos reclamant a les reunions del CSS que el personal presencial (especialment el que fa atenci\u00f3 directa) pugui treballar amb mascaretes FFP2 que s\u00f3n, no nom\u00e9s les que eviten contagiar als altres, sin\u00f3 que tamb\u00e9 ens protegeix a nosaltres.<\/span><\/p>\n<p><span style=\"color: #000000\"><img loading=\"lazy\" decoding=\"async\" class=\"wp-image-7075 aligncenter\" src=\"http:\/\/ccoo.app\/diputacio-de-barcelona\/wp-content\/blogs.dir\/6\/files\/sites\/186\/2020\/11\/mascaretes-ffp2-kn95-300x225.jpg\" alt=\"\" width=\"131\" height=\"98\" srcset=\"https:\/\/ccoo.app\/diputacio-de-barcelona\/wp-content\/blogs.dir\/6\/files\/sites\/186\/2020\/11\/mascaretes-ffp2-kn95-300x225.jpg 300w, https:\/\/ccoo.app\/diputacio-de-barcelona\/wp-content\/blogs.dir\/6\/files\/sites\/186\/2020\/11\/mascaretes-ffp2-kn95-768x576.jpg 768w, https:\/\/ccoo.app\/diputacio-de-barcelona\/wp-content\/blogs.dir\/6\/files\/sites\/186\/2020\/11\/mascaretes-ffp2-kn95.jpg 800w\" sizes=\"auto, (max-width: 131px) 100vw, 131px\" \/><\/span><\/p>\n<p><span style=\"color: #000000\">La setmana passada ens informaven que la Diputaci\u00f3 havia adquirit m\u00e9s de 3200 mascaretes. Atenent a les dades epidemiol\u00f2giques actuals i les noves variants del virus que impliquen un major risc de transmissi\u00f3 , l&#8217;OPRL ha realitzat una revisi\u00f3 dels llocs de treball i ha determinat quin personal tindran FFP2 per a treballar:<\/span><\/p>\n<ul>\n<li><span style=\"color: #000000\">Ger\u00e8ncia de Serveis de Biblioteques: tasques presencials d\u2019atenci\u00f3 al p\u00fablic en les Biblioteques i Bibliobusos.<\/span><\/li>\n<li><span style=\"color: #000000\">Arxiu Hist\u00f2ric: tasques presencials d\u2019atenci\u00f3 al p\u00fablic.<\/span><\/li>\n<li><span style=\"color: #000000\">Llibreria de la Diputaci\u00f3 de Barcelona: tasques presencials d\u2019atenci\u00f3 al p\u00fablic.<\/span><\/li>\n<li><span style=\"color: #000000\">Unitat de Registre: tasques d\u2019atenci\u00f3 presencial.<\/span><\/li>\n<li><span style=\"color: #000000\">Ger\u00e8ncia de Salut P\u00fablica i Pol\u00edtiques de Consum: tasques d\u2019activitats en escoles, en espais redu\u00efts amb atenci\u00f3 al p\u00fablic (furgonetes) i inspeccions en llocs concorreguts.<\/span><\/li>\n<li><span style=\"color: #000000\">Manteniment: tasques de manteniment i reparaci\u00f3 de sistemes de clima que requereixin manipulaci\u00f3 de filtres o altres superf\u00edcies del sistema de ventilaci\u00f3\/climatitzaci\u00f3.<\/span><\/li>\n<li><span style=\"color: #000000\">Subaltern d\u2019atenci\u00f3 al p\u00fablic: tasques d\u2019atenci\u00f3 al p\u00fablic que no sigui personal de Diputaci\u00f3 de Barcelona.<\/span><\/li>\n<li><span style=\"color: #000000\">Xofers del Parc M\u00f2bil: en el transport de viatgers quan no es dugui mascareta quir\u00fargica per part de tots els ocupants.<\/span><\/li>\n<li><span style=\"color: #000000\">Docents i atenci\u00f3 als alumnes: personal amb activitat docent presencial i d\u2019atenci\u00f3 al p\u00fablic.<\/span><\/li>\n<li><span style=\"color: #000000\">SPOTT: personal d\u2019atenci\u00f3 presencial a l\u2019usuari i recepci\u00f3.<\/span><\/li>\n<li><span style=\"color: #000000\">Ger\u00e8ncia de Serveis de medi ambient: en les tasques de recollida de mostres en espais redu\u00efts i amb personal que no porta mascareta quir\u00fargica.<\/span><\/li>\n<li><span style=\"color: #000000\">Parcs Naturals gestionats per la Diputaci\u00f3 de Barcelona: <\/span>\n<ul>\n<li><span style=\"color: #000000\">Personal subaltern en les tasques d\u2019atenci\u00f3 al p\u00fablic. <\/span><\/li>\n<li><span style=\"color: #000000\">Personal de guarderia i manteniment en disposaran d\u2019un petit estoc per si han de fer tasques d\u2019informaci\u00f3 als usuaris dels parcs.<\/span><\/li>\n<\/ul>\n<\/li>\n<li><span style=\"color: #000000\">Vies Locals: el personal de manteniment disposar\u00e0 d\u2019un petit estoc per si han de fer tasques d\u2019informaci\u00f3 al ciutad\u00e0.<\/span><\/li>\n<li><span style=\"color: #000000\">CEM de Sitges: tasques divulgatives amb grups escolars o de visitants, recepci\u00f3, activitats amb p\u00fablic al museu.<\/span><\/li>\n<\/ul>\n<p><span style=\"color: #000000\">Tot i que no assoleix del tot les nostres demandes, va en l\u00ednia del que fa mesos deman\u00e0vem. Insistim no obstant en la nostra demanda: que tot el personal presencial hauria de tenir acc\u00e9s a mascaretes FFP2.<\/span><\/p>\n<p><img loading=\"lazy\" decoding=\"async\" class=\"wp-image-7479 aligncenter\" src=\"http:\/\/ccoo.app\/diputacio-de-barcelona\/wp-content\/blogs.dir\/6\/files\/sites\/186\/2021\/01\/covid-2021-300x288.png\" alt=\"\" width=\"140\" height=\"133\" srcset=\"https:\/\/ccoo.app\/diputacio-de-barcelona\/wp-content\/blogs.dir\/6\/files\/sites\/186\/2021\/01\/covid-2021-300x288.png 300w, https:\/\/ccoo.app\/diputacio-de-barcelona\/wp-content\/blogs.dir\/6\/files\/sites\/186\/2021\/01\/covid-2021.png 317w\" sizes=\"auto, (max-width: 140px) 100vw, 140px\" \/><\/p>\n<p><span style=\"color: #000000\"><span style=\"font-family: arial, helvetica, sans-serif\"><span style=\"font-family: 'arial black', sans-serif\">CLIMATITZACI\u00d3 I RENOVACI\u00d3 D&#8217;AIRE <\/span><\/span>L&#8217;annex 1 de la <span style=\"color: #0000ff\"><strong><a style=\"color: #0000ff\" href=\"http:\/\/ccoo.app\/diputacio-de-barcelona\/wp-content\/blogs.dir\/6\/files\/sites\/186\/2020\/12\/resolucio-slt_3268_2020-de-12-de-desembre-per-la-qual-es-prorroguen-i-es-modifiquen-les-mesures-en-materia-de-salut-publica----.pdf\">RESOLUCI\u00d3 SLT\/3268\/2020<\/a><\/strong><\/span>, de 12 de desembre de la Generalitat de Catalunya indica que \u00ab<em>complement\u00e0riament, si \u00e9s necessari per garantir la qualitat de l&#8217;aire, es poden incorporar purificadors d&#8217;aire amb filtres HEPA (high efficiency particulate air) per millorar la qualitat de l&#8217;aire interior retenint les part\u00edcules susceptibles de contenir el virus<\/em>\u00ab. <\/span><\/p>\n<p><span style=\"color: #000000\">CCOO-Diba seguim reclamant que a tots els centres on no existeixi renovaci\u00f3 d&#8217;aire mec\u00e0nica, que garanteixi la ventilaci\u00f3 d&#8217;aire d&#8217;\u00f2ptima qualitat, <strong>s&#8217;instal\u00b7li aparells purificadors <\/strong>(cliqueu <strong><a href=\"https:\/\/www.niusdiario.es\/sociedad\/sanidad\/filtros-hepa-que-son-utiles-reducir-contagio-covid-19-coronavirus-interiores_18_3026370105.html\"><span style=\"color: #0000ff\">aqu\u00ed<\/span><\/a>). <\/strong><\/span><\/p>\n<p style=\"text-align: left\"><span style=\"color: #000000\">Per\u00f2 els que \u00e9s encara m\u00e9s greu: qu\u00e8 passa on no hi ha ventilaci\u00f3 mec\u00e0nica ni finestres com passa en alguns centres de treball? Tenim centres de treball amb aquestes condicions. Cal donar resposta immediata a aquesta circumst\u00e0ncia i dotar-los de purificadors de manera priorit\u00e0ria (cliqueu <a href=\"https:\/\/www.lasexta.com\/noticias\/nacional\/la-importancia-de-la-ventilacion-contra-el-coronavirus-de-15-a-20-veces-mas-riesgo-de-contagio-en-interiores_202010045f79fe87179587000177b7ad.html\"><span style=\"color: #0000ff\"><strong>aqu\u00ed<\/strong><\/span><\/a> per a veure v\u00eddeo). <\/span><\/p>\n<p><span style=\"color: #000000\">Sabem que la Diputaci\u00f3 en t\u00e9 al menys 4 emmagatzemats. \u00c9s a dir, recursos p\u00fablics \u00ab<i>malbaratats\u00bb<\/i> mentre insistim que se&#8217;n podria fer un bon \u00fas.\u00a0<\/span><\/p>\n<p><span style=\"color: #000000\"><img loading=\"lazy\" decoding=\"async\" class=\"aligncenter\" src=\"https:\/\/www.diba.cat\/documents\/130988559\/0\/entrada+spott.JPG\/8cf44ffb-fc8b-48c4-a39f-c6f9c6acf8af?t=1572952080277\" width=\"408\" height=\"220\" \/><\/span><\/p>\n<p><span class=\"css-901oao css-16my406 r-poiln3 r-bcqeeo r-qvutc0\"><span style=\"font-size: inherit;color: #000000\"><strong><span style=\"font-family: arial, helvetica, sans-serif\"><span style=\"font-family: 'arial black', sans-serif\">DENUNCIEM QUE S&#8217;INCLOMPLEIX EL PROTOCOL ANTI-COVID AL CENTRE SPOTT <\/span><\/span><\/strong><\/span>(<\/span><span style=\"color: #0000ff\"><strong><a class=\"css-4rbku5 css-18t94o4 css-901oao css-16my406 r-1n1174f r-1loqt21 r-poiln3 r-bcqeeo r-qvutc0\" style=\"color: #0000ff\" role=\"link\" href=\"https:\/\/t.co\/Uc5OjuYnEH?amp=1\" target=\"_blank\" rel=\"noopener noreferrer\" data-focusable=\"true\"><span class=\"css-901oao css-16my406 r-poiln3 r-hiw28u r-bcqeeo r-qvutc0\" aria-hidden=\"true\">https:\/\/<\/span>diba.cat\/web\/spott<\/a><\/strong><\/span><span class=\"css-901oao css-16my406 r-poiln3 r-bcqeeo r-qvutc0\">) <\/span><span class=\"css-901oao css-16my406 r-poiln3 r-bcqeeo r-qvutc0\" style=\"color: #000000\">Hem expressat la nostra preocupaci\u00f3 en relaci\u00f3 a la manca de mesures de seguretat i protecci\u00f3 per evitar contagis al <em>Centre de Prevenci\u00f3 i Intervenci\u00f3 en Drogodepend\u00e8ncies SPOTT<\/em> de la Diputaci\u00f3 de Barcelona.<\/span><\/p>\n<p><span class=\"css-901oao css-16my406 r-poiln3 r-bcqeeo r-qvutc0\"><span style=\"color: #000000\">Hem exigit que amb car\u00e0cter d&#8217;urg\u00e8ncia es doni soluci\u00f3 i s&#8217;apliqui el Protocol (cliqueu<\/span> <a href=\"https:\/\/diba.ccoo.cat\/protocolcovidvigentfinsamaig2021\/\"><strong><span style=\"color: #0000ff\">aqu\u00ed<\/span><\/strong><\/a>) <\/span><span style=\"color: #000000\"><span class=\"css-901oao css-16my406 r-poiln3 r-bcqeeo r-qvutc0\" style=\"font-size: inherit\">i les mesures de seguretat per evitar contagis per la <\/span><span class=\"r-18u37iz\" style=\"font-size: inherit\">COVID-19<\/span><span class=\"css-901oao css-16my406 r-poiln3 r-bcqeeo r-qvutc0\" style=\"font-size: inherit\">. De manera immediata, ens han informat que se&#8217;ls far\u00e0 arribar mascaretes FFP2. L&#8217;OPRL es compromet a <span class=\"css-901oao css-16my406 r-poiln3 r-bcqeeo r-qvutc0\">revisar la situaci\u00f3 i adoptar les mesures adients.<\/span><\/span><\/span><\/p>\n<p><span style=\"color: #000000\">Per altra banda, ens informa que al personal de la Generalitat, que tamb\u00e9 treballa amb temes de drogodepend\u00e8ncia, se&#8217;l vacunar\u00e0. <strong>Demanem que s&#8217;apliqui el mateix criteri pel centre SPOTT i es vacuni al nostre personal.<\/strong><\/span><\/p>\n<p><span style=\"color: #000000\"><img loading=\"lazy\" decoding=\"async\" class=\" wp-image-5755 aligncenter\" src=\"https:\/\/diba.ccoo.cat\/wp-content\/uploads\/sites\/37\/2020\/05\/tristeza-300x199.jpg\" alt=\"\" width=\"152\" height=\"101\" \/><\/span><\/p>\n<p style=\"text-align: left\"><span style=\"font-size: inherit;color: #000000\"><strong><span style=\"font-family: arial, helvetica, sans-serif\"><span style=\"font-family: 'arial black', sans-serif\">PROJECTE\u00a0 D&#8217;AVALUACI\u00d3 DE LA SALUT MENTAL DEL PERSONAL DE DIPUTACI\u00d3 <\/span><\/span><\/strong>Dimarts 2 de febrer, a la Comissi\u00f3 de Seguiment, CCOO-Diba deman\u00e0vem que es pos\u00e9s en marxa un pla de xoc de salut mental per abordar el patiment psicol\u00f2gic derivat de la covid-19 del nostre personal (<a href=\"https:\/\/diba.ccoo.cat\/02-02-2021-css-i-comissio-seguiment-diba\/\"><span style=\"color: #0000ff\"><strong>https:\/\/diba.ccoo.cat\/02-02-2021-css-i-comissio-seguiment-diba\/<\/strong><\/span><\/a><\/span><span style=\"font-size: inherit;color: #000000\">).<\/span><\/p>\n<div class=\"site-container\">\n<div class=\"site-inner\">\n<div class=\"wrap\">\n<div class=\"content-sidebar-wrap\">\n<article class=\"post-5753 post type-post status-publish format-standard has-post-thumbnail category-comunicats category-salut-laboral tag-coronavirus tag-prevencio-riscos-psicosocials-onada-calor entry\" aria-label=\"64\/COVID-19. SISTEMA CORPORATIU DE SUPORT I ATENCI\u00d3 PSICOL\u00d2GICA\">\n<div class=\"entry-content\">\n<p><a href=\"http:\/\/ccoo.app\/diputacio-de-barcelona\/wp-content\/blogs.dir\/6\/files\/sites\/186\/2021\/02\/pla-de-xoc-salut-mental-diba.png\"><img loading=\"lazy\" decoding=\"async\" class=\"alignnone  wp-image-7560 aligncenter\" src=\"http:\/\/ccoo.app\/diputacio-de-barcelona\/wp-content\/blogs.dir\/6\/files\/sites\/186\/2021\/02\/salut-mental-foto-300x255.png\" alt=\"\" width=\"254\" height=\"216\" srcset=\"https:\/\/ccoo.app\/diputacio-de-barcelona\/wp-content\/blogs.dir\/6\/files\/sites\/186\/2021\/02\/salut-mental-foto-300x255.png 300w, https:\/\/ccoo.app\/diputacio-de-barcelona\/wp-content\/blogs.dir\/6\/files\/sites\/186\/2021\/02\/salut-mental-foto.png 678w\" sizes=\"auto, (max-width: 254px) 100vw, 254px\" \/><\/a><\/p>\n<p><span style=\"color: #000000\">Avui, a la reuni\u00f3, la Diputaci\u00f3 ens ha informat que est\u00e0 preparant un projecte per avaluar la salut mental de tot el personal (facin tasques presencials o telem\u00e0tiques), especialment tenint en compte la situaci\u00f3 d&#8217;angoixa i preocupaci\u00f3 que vivim conseq\u00fc\u00e8ncia de la pand\u00e8mia que estem vivint.<\/span><\/p>\n<p><span style=\"color: #000000\">D&#8217;acord amb el que hem ent\u00e8s, es tractaria de recollir informaci\u00f3 (en forma d&#8217;enquesta) i proposar eines o recursos per ajudar a millorar la salut dels empleats i empleades.\u00a0Tamb\u00e9, es crear\u00e0 un grup de treball on els sindicats tindrem pres\u00e8ncia.<\/span><\/p>\n<p><span style=\"color: #000000\">Esperarem doncs a con\u00e8ixer m\u00e9s detalls per\u00f2, en un primer moment, ens sembla una mesura molt positiva que coincideix amb el que CCOO deman\u00e0vem.<\/span><\/p>\n<p><span style=\"color: #000000\"><img loading=\"lazy\" decoding=\"async\" class=\"wp-image-7566 aligncenter\" src=\"http:\/\/ccoo.app\/diputacio-de-barcelona\/wp-content\/blogs.dir\/6\/files\/sites\/186\/2021\/02\/capacitats-diverses.png\" alt=\"\" width=\"153\" height=\"78\" \/><\/span><\/p>\n<p><span style=\"color: #000000\"><span style=\"color: #000000;font-family: arial black, sans-serif\"><b><span style=\"font-family: 'arial black', sans-serif\">\u00bf? <\/span>CCOO-DIBA PREGUNTEM QU\u00c8 PASSA AMB EL PROJECTE \u00abCAPACITATS DIVERSES\u00bb <\/b><\/span><span style=\"font-size: inherit\">El projecte <\/span><span style=\"font-size: inherit;font-family: calibri, sans-serif\">\u00ab<\/span><span style=\"font-size: inherit\">Capacitats diverses<\/span><span style=\"font-size: inherit;font-family: calibri, sans-serif\">\u00ab<\/span><span style=\"font-size: inherit\"> que dep\u00e8n de la DSRH es va engegar amb la voluntat de procurar una integraci\u00f3 real i efectiva de les persones amb discapacitat. Referent al personal que ja treballa a la Diputaci\u00f3, una de les accions \u00e9s (citem literalment d&#8217;Intradiba): <\/span><em style=\"font-size: inherit\">\u00abAcompanyament de les persones amb capacitats diverses que s\u2019incorporin a la nostra organitzaci\u00f3, als seus companys i companyes i als comandaments\u00bb.\u00a0<\/em><\/span><\/p>\n<\/div>\n<\/article>\n<\/div>\n<\/div>\n<\/div>\n<\/div>\n<p><span style=\"color: #000000\">Tot i que la mateixa font diu que <em>\u00abcomptar\u00e0 amb la participaci\u00f3 de les organitzacions sindicals de la corporaci\u00f3\u00bb<\/em>, hem de dir que no tenim coneixement del que en aquesta q\u00fcesti\u00f3 concretament s&#8217;est\u00e0 fent.<\/span><\/p>\n<p><span style=\"color: #000000\">En aquest sentit, CCOO hem sol\u00b7licitat informaci\u00f3 respecte a quin \u00e9s l&#8217;acompanyament que s&#8217;est\u00e0 realitzant als companys i companyes amb una discapacitat. Portem mesos reclamant-ho. Ens preocupa especialment el personal amb una discapacitat intel\u00b7lectual. Considerem que \u00e9s necessari passar de les paraules a les accions i fer-ho ja.<\/span><\/p>\n<p><span style=\"color: #000000\">A la reuni\u00f3, la Diputaci\u00f3 ha reconegut que CCOO ja porta molt temps reclamant-ho i justifica la paralitzaci\u00f3 de les accions com a conseq\u00fc\u00e8ncia de la pand\u00e8mia. Es compromet a donar una nova empenta al projecte. Quedem pendents.<\/span><\/p>\n<p><span style=\"color: #000000\"> <img loading=\"lazy\" decoding=\"async\" class=\"aligncenter\" src=\"https:\/\/parcs.diba.cat\/documents\/10534\/122969\/MapaXPN.jpg\/7467c92c-82cf-cd34-7862-acf25c6c40e8?t=1604918121841\" alt=\"Mapa de la Red\" width=\"149\" height=\"158\" \/><\/span><\/p>\n<p><span style=\"color: #000000\"><strong><span style=\"font-family: 'arial black', sans-serif\"><b>PARCS NATURALS REDUIEX LES MESURES DE PROTECCI\u00d3 DEL SEU PERSONAL <\/b><\/span><\/strong>\u00a0Reiterem la nostra queixa respecte a la decisi\u00f3 de la ger\u00e8ncia de Parcs Naturals de suprimir l&#8217;organitzaci\u00f3 del treball per torns a les brigades de manteniment forestal.\u00a0<\/span><\/p>\n<p><span style=\"color: #000000\">El treball a torn, com d&#8217;altres mesures, tenen l&#8217;objectiu d\u2019evitar que davant un cas positiu per la COVID-19, <strong>TOT l\u2019equip es vegi afectat.<\/strong> A m\u00e9s de protegir la salut, garantim aix\u00ed la continu\u00eftat de la prestaci\u00f3 del servei (cliqueu <a href=\"https:\/\/diba.ccoo.cat\/wp-content\/uploads\/sites\/37\/2020\/05\/5.-MESURES-FLEXIBILITAT-COMPACTACI%C3%93-I-JORNADA-DESTIU.pdf\"><strong><span style=\"color: #0000ff\">aqu\u00ed<\/span><\/strong><\/a>).\u00a0<\/span><\/p>\n<p><span style=\"color: #000000\"><img loading=\"lazy\" decoding=\"async\" class=\"wp-image-7178 aligncenter\" src=\"http:\/\/ccoo.app\/diputacio-de-barcelona\/wp-content\/blogs.dir\/6\/files\/sites\/186\/2020\/11\/aixi-no-300x286.png\" alt=\"\" width=\"124\" height=\"118\" srcset=\"https:\/\/ccoo.app\/diputacio-de-barcelona\/wp-content\/blogs.dir\/6\/files\/sites\/186\/2020\/11\/aixi-no-300x286.png 300w, https:\/\/ccoo.app\/diputacio-de-barcelona\/wp-content\/blogs.dir\/6\/files\/sites\/186\/2020\/11\/aixi-no-1024x975.png 1024w, https:\/\/ccoo.app\/diputacio-de-barcelona\/wp-content\/blogs.dir\/6\/files\/sites\/186\/2020\/11\/aixi-no-768x731.png 768w, https:\/\/ccoo.app\/diputacio-de-barcelona\/wp-content\/blogs.dir\/6\/files\/sites\/186\/2020\/11\/aixi-no.png 1108w\" sizes=\"auto, (max-width: 124px) 100vw, 124px\" \/><\/span><\/p>\n<p><span style=\"color: #000000\"><strong><span style=\"font-family: arial, helvetica, sans-serif\"><span style=\"font-family: 'arial black', sans-serif\">L&#8217;ORGT ENCARA SENSE AVALUACI\u00d3 DE RISCOS PSISCOSOCIAL <\/span><\/span><\/strong>L\u2019avaluaci\u00f3 de riscos laborals, a part de ser un requeriment d\u2019obligaci\u00f3 legal, \u00e9s una eina que permet disposar d\u2019un diagn\u00f2stic de la prevenci\u00f3 de riscos laborals a l\u2019organitzaci\u00f3 perqu\u00e8 els responsables de la mateixa, puguin adoptar les mesures de prevenci\u00f3 necess\u00e0ries i orientades a la millora de la seguretat i salut del personal treballador. <strong>L&#8217;ORGT NO SE N&#8217;HA FET MAI<\/strong> tot i les nostres reiterades peticions.<\/span><\/p>\n<p><span style=\"color: #000000\">Les avaluacions de risc psicosocial s\u00f3n aquelles en les que s\u2019analitzen les condicions relacionades amb l\u2019organitzaci\u00f3, el contingut i la realitzaci\u00f3 del treball susceptibles d\u2019afectar tant al benestar i la salut (f\u00edsica, ps\u00edquica o social) dels treballadors com al desenvolupament del treball. <\/span><\/p>\n<p><span style=\"color: #000000\"><strong>Considerem que la situaci\u00f3 a l&#8217;ORGT \u00e9s problem\u00e0tica amb carregues de treball en molt casos excessives.\u00a0<\/strong>M\u00e9s feina i m\u00e9s oficines amb el mateix personal obliga a allargar jornades i eleva els nivells d&#8217;exig\u00e8ncia i stress.\u00a0<\/span><\/p>\n<p><span style=\"color: #000000\">Esperem que des dels espais de di\u00e0leg es pugui tirar endavant, sin\u00f3 <strong>no descartem utilitzar altres eines per a obligar a que es realitzi aquesta avaluaci\u00f3<\/strong>. Eina imprescindible per a donar solucions al problemes del personal.<\/span><\/p>\n<div class=\"site-container\">\n<div class=\"site-inner\">\n<div class=\"wrap\">\n<div class=\"content-sidebar-wrap\">\n<article class=\"post-5753 post type-post status-publish format-standard has-post-thumbnail category-comunicats category-salut-laboral tag-coronavirus tag-prevencio-riscos-psicosocials-onada-calor entry\" aria-label=\"64\/COVID-19. SISTEMA CORPORATIU DE SUPORT I ATENCI\u00d3 PSICOL\u00d2GICA\">\n<div class=\"entry-content\">\n<p><img loading=\"lazy\" decoding=\"async\" class=\"wp-image-5947 aligncenter\" src=\"http:\/\/ccoo.app\/diputacio-de-barcelona\/wp-content\/blogs.dir\/6\/files\/sites\/186\/2020\/05\/assetjament-no-2-229x300.png\" alt=\"\" width=\"124\" height=\"162\" srcset=\"https:\/\/ccoo.app\/diputacio-de-barcelona\/wp-content\/blogs.dir\/6\/files\/sites\/186\/2020\/05\/assetjament-no-2-229x300.png 229w, https:\/\/ccoo.app\/diputacio-de-barcelona\/wp-content\/blogs.dir\/6\/files\/sites\/186\/2020\/05\/assetjament-no-2.png 311w\" sizes=\"auto, (max-width: 124px) 100vw, 124px\" \/><\/p>\n<\/div>\n<\/article>\n<\/div>\n<\/div>\n<\/div>\n<\/div>\n<p><span style=\"color: #000000\"><strong><span style=\"font-family: arial, helvetica, sans-serif\"><span style=\"font-family: 'arial black', sans-serif\">PROTOCOL D&#8217;ASSETJAMENT LABORAL <\/span><\/span><\/strong><\/span>Demanem que es torni a treballar el nou protocol d&#8217;assetjament laboral a la Diputaci\u00f3 de Barcelona. Recordem que l&#8217;actual \u00e9s absolutament obsolet. Ens responen que ho tenen en compte i estan pendents de respondre&#8217;ns a les emenes que els sindicats vam enviar (abans de la crisi per la Covid-19).<\/p>\n<p><img loading=\"lazy\" decoding=\"async\" class=\"wp-image-5498 aligncenter\" src=\"http:\/\/ccoo.app\/diputacio-de-barcelona\/wp-content\/blogs.dir\/6\/files\/sites\/186\/2020\/04\/informacio-ccoo.png\" alt=\"\" width=\"119\" height=\"89\" \/><\/p>\n<p><span style=\"color: #000000\"><strong><span style=\"font-family: arial, helvetica, sans-serif\"><span style=\"font-family: 'arial black', sans-serif\">AUDITORIA DEL PARC MOBIL <\/span><\/span><\/strong><\/span><span style=\"font-size: inherit\">Seguim exigint l&#8217;informe de l&#8217;auditoria realitzada al Parc M\u00f2bil.\u00a0<\/span><\/p>\n<p><span style=\"color: #000000\"><img loading=\"lazy\" decoding=\"async\" class=\"wp-image-5495 aligncenter\" src=\"http:\/\/ccoo.app\/diputacio-de-barcelona\/wp-content\/blogs.dir\/6\/files\/sites\/186\/2020\/04\/mascaretes-ccoo-300x218.png\" alt=\"\" width=\"133\" height=\"97\" srcset=\"https:\/\/ccoo.app\/diputacio-de-barcelona\/wp-content\/blogs.dir\/6\/files\/sites\/186\/2020\/04\/mascaretes-ccoo-300x218.png 300w, https:\/\/ccoo.app\/diputacio-de-barcelona\/wp-content\/blogs.dir\/6\/files\/sites\/186\/2020\/04\/mascaretes-ccoo.png 393w\" sizes=\"auto, (max-width: 133px) 100vw, 133px\" \/><\/span><\/p>\n<p><span style=\"color: #000000\"><strong><span style=\"font-family: arial, helvetica, sans-serif\"><span style=\"font-family: 'arial black', sans-serif\">\u00c9S OBLIGATORI L&#8217;\u00daS DE MASCARETA I SANCIONABLE NO FER-HO <\/span><\/span><\/strong>A la reuni\u00f3 de la setmana passada, es va suscitar el debat respecte a qu\u00e8 es fa si un empleat o empleada no fa \u00fas de mascareta (on en fa un mal \u00fas): la conclusi\u00f3 va ser que en aquests casos, s&#8217;ha d&#8217;advertir la persona per escrit i, en cas de persistir l&#8217;actitud, se&#8217;l podria sancionar per incomplir el que marca les funcions de tots els llocs de treball: tothom ha de \u00abvetllar per a la seva seguretat i la dels altres\u00bb.<\/span><\/p>\n<p><span style=\"color: #000000\"><img loading=\"lazy\" decoding=\"async\" class=\"wp-image-6417 aligncenter\" src=\"http:\/\/ccoo.app\/diputacio-de-barcelona\/wp-content\/blogs.dir\/6\/files\/sites\/186\/2020\/07\/ccoo-diba-prevencio-300x280.png\" alt=\"\" width=\"109\" height=\"102\" srcset=\"https:\/\/ccoo.app\/diputacio-de-barcelona\/wp-content\/blogs.dir\/6\/files\/sites\/186\/2020\/07\/ccoo-diba-prevencio-300x280.png 300w, https:\/\/ccoo.app\/diputacio-de-barcelona\/wp-content\/blogs.dir\/6\/files\/sites\/186\/2020\/07\/ccoo-diba-prevencio.png 490w\" sizes=\"auto, (max-width: 109px) 100vw, 109px\" \/><\/span><\/p>\n<p><span style=\"color: #000000\"><span style=\"font-family: 'arial black', sans-serif\"><b>DAVANT LA COVID-19: NING\u00da ES POT RELAXAR <\/b><\/span>Ben al contrari, hem de seguir aplicant les mesures i recomanacions per evitar possible contagis en el nostre \u00e0mbit laboral (trobareu m\u00e9s informaci\u00f3<\/span>\u00a0<span style=\"color: #0000ff\"><a style=\"color: #0000ff\" href=\"https:\/\/diba.ccoo.cat\/manual-incorporacio\/\"><strong>aqu\u00ed<\/strong><\/a><\/span>).<\/p>\n<p><span style=\"color: #000000\">Lluitar contra la pand\u00e8mia \u00e9s un treball que ens concerneix a tots i totes: a la Diputaci\u00f3 com a organitzaci\u00f3 per\u00f2 tamb\u00e9 a nivell individual.<\/span><\/p>\n<p><span style=\"color: #000000\"><strong>Abans de sortir de casa<\/strong>\u00a0per anar al nostre centre de treball, cal que avaluem el nostre estat de salut tenint en compte els s\u00edmptomes de la COVID-19:<\/span><\/p>\n<ul>\n<li><span style=\"color: #000000\">Temperatura corporal (a partir de 37,3 \u00baC)<\/span><\/li>\n<li><span style=\"color: #000000\">Tos continguda o persistent<\/span><\/li>\n<li><span style=\"color: #000000\">Malestar general<\/span><\/li>\n<li><span style=\"color: #000000\">Sensaci\u00f3 de falta d\u2019aire<\/span><\/li>\n<li><span style=\"color: #000000\">Altres: p\u00e8rdua de gust i olfacte, mal de coll, fatiga, mal de cap, dolor muscular, v\u00f2mits o diarrea<\/span><\/li>\n<\/ul>\n<p><span style=\"color: #000000\">Eviteu utilitzar el transport col\u00b7lectiu en hores punta (feu-nos saber les denegacions de flexibilitat).<\/span><\/p>\n<p><span style=\"color: #000000\"><strong>Quan arribem al centre de treball:<\/strong><\/span><\/p>\n<ul>\n<li><span style=\"color: #000000\">Respecteu les senyalitzacions<\/span><\/li>\n<li><span style=\"color: #000000\">Netegeu-vos les mans<\/span><\/li>\n<li><span style=\"color: #000000\">Feu \u00fas de les mascaretes quir\u00fargiques que us proporciona la corporaci\u00f3<\/span><\/li>\n<li><span style=\"color: #000000\">Apliqueu les directrius sobre l\u2019\u00fas d\u2019equips i eines compartides i l\u2019\u00fas de lavabos i vestidors.<\/span><\/li>\n<\/ul>\n<p><span style=\"color: #000000\">La ventilaci\u00f3 i climatitzaci\u00f3 d\u2019espais tancats amb concurr\u00e8ncia humana s\u00f3n dos factors importants a tenir en compte per a la prevenci\u00f3 i el control de la COVID-19. \u00c9s important que es mantinguin les mesures per a garantir una bona ventilaci\u00f3 (cliqueu<\/span>\u00a0<span style=\"color: #0000ff\"><a style=\"color: #0000ff\" href=\"https:\/\/diba.ccoo.cat\/climatitzem-pero-amb-seguretat\/\"><strong>aqu\u00ed<\/strong><\/a><\/span>).<\/p>\n<p><span style=\"color: #000000\"><strong>No hem d&#8217;abaixar aquestes mesures TAMPOC a l&#8217;hora de dinar o menjar.<\/strong> Preferentment, s&#8217;ha de fer de manera individual i, si no \u00e9s possible, mantenir la dist\u00e0ncia de seguretat.<\/span><\/p>\n<p><span style=\"color: #000000\"><img loading=\"lazy\" decoding=\"async\" class=\"wp-image-6416 aligncenter\" src=\"http:\/\/ccoo.app\/diputacio-de-barcelona\/wp-content\/blogs.dir\/6\/files\/sites\/186\/2020\/07\/2-metres-300x300.jpg\" alt=\"\" width=\"58\" height=\"58\" srcset=\"https:\/\/ccoo.app\/diputacio-de-barcelona\/wp-content\/blogs.dir\/6\/files\/sites\/186\/2020\/07\/2-metres-300x300.jpg 300w, https:\/\/ccoo.app\/diputacio-de-barcelona\/wp-content\/blogs.dir\/6\/files\/sites\/186\/2020\/07\/2-metres-150x150.jpg 150w, https:\/\/ccoo.app\/diputacio-de-barcelona\/wp-content\/blogs.dir\/6\/files\/sites\/186\/2020\/07\/2-metres-768x768.jpg 768w, https:\/\/ccoo.app\/diputacio-de-barcelona\/wp-content\/blogs.dir\/6\/files\/sites\/186\/2020\/07\/2-metres.jpg 800w\" sizes=\"auto, (max-width: 58px) 100vw, 58px\" \/><\/span><\/p>\n<p><span style=\"color: #000000\">En\u00a0<strong>finalitzar la jornada:<\/strong><\/span><\/p>\n<ul>\n<li><span style=\"color: #000000\">Eviteu acumular materials en el vostre lloc de treball i deixeu recollit el vostre espai de treball. Faciliteu la feina al personal de neteja.<\/span><\/li>\n<li><span style=\"color: #000000\">Abans de sortir del centre de treball, renteu-vos les mans<\/span><\/li>\n<\/ul>\n<\/li>\n<\/ul>\n<p style=\"text-align: center\"><span style=\"font-family: 'arial black', sans-serif\"><span style=\"font-family: arial, helvetica, sans-serif\"><span style=\"color: #000000\">CLIQUEU<\/span><a href=\"https:\/\/diba.ccoo.cat\/02-02-2021-css-i-comissio-seguiment-diba\/\"><span style=\"color: #0000ff;font-family: 'arial black', sans-serif\"> AQU\u00cd <\/span><\/a><\/span><span style=\"color: #000000\"><span style=\"font-family: arial, helvetica, sans-serif\">VEURE RESUM DE L<\/span>A REUNI\u00d3 DEL CSS I DE LA COMISSI\u00d3 DE SEGUIMENT DEL PROTOCOL ANTI-COVID DEL 2.2.2021\u00a0<\/span><\/span><\/p>\n<p><span style=\"color: #000000\"><img loading=\"lazy\" decoding=\"async\" class=\"wp-image-6417 aligncenter\" src=\"http:\/\/ccoo.app\/diputacio-de-barcelona\/wp-content\/blogs.dir\/6\/files\/sites\/186\/2020\/07\/ccoo-diba-prevencio-300x280.png\" alt=\"\" width=\"160\" height=\"149\" srcset=\"https:\/\/ccoo.app\/diputacio-de-barcelona\/wp-content\/blogs.dir\/6\/files\/sites\/186\/2020\/07\/ccoo-diba-prevencio-300x280.png 300w, https:\/\/ccoo.app\/diputacio-de-barcelona\/wp-content\/blogs.dir\/6\/files\/sites\/186\/2020\/07\/ccoo-diba-prevencio.png 490w\" sizes=\"auto, (max-width: 160px) 100vw, 160px\" \/><\/span><\/p>\n<ul>\n<li style=\"text-align: justify\"><span style=\"font-family: arial, helvetica, sans-serif\"><span style=\"color: #000000\"><span style=\"font-family: 'arial black', sans-serif\"><strong>TINGUES SEMPRE A M\u00c0 EL MANUAL\u00a0<em>\u201cINCORPORACI\u00d3 AL LLOC DE TREBALL<\/em><\/strong>\u00a0<\/span><strong><em><span style=\"font-family: 'arial black', sans-serif\">PRESENCIAL: QU\u00c8 HEU DE SABER?\u201d\u00a0<\/span><\/em><\/strong>Cliqueu<\/span> <span style=\"font-family: 'arial black', sans-serif;color: #0000ff\"><a style=\"color: #0000ff\" href=\"https:\/\/diba.ccoo.cat\/manual-incorporacio\/\">aqu\u00ed<\/a><\/span><\/span><\/li>\n<li style=\"text-align: justify\"><span style=\"font-family: 'arial black', sans-serif;color: #000000\"><strong>A LA FEINA HAIG DE DUR MASCARETA?<\/strong> <span style=\"font-family: arial, helvetica, sans-serif\">Cliqueu <span style=\"color: #0000ff;font-family: 'arial black', sans-serif\"><a style=\"color: #0000ff\" href=\"https:\/\/diba.ccoo.cat\/novembre-2020-haig-de-portar-mascareta-a-la-meva-feina-2\/\">aqu\u00ed<\/a>.<\/span><\/span><\/span><\/li>\n<\/ul>\n<p style=\"text-align: justify\"><img loading=\"lazy\" decoding=\"async\" class=\"wp-image-6159 aligncenter\" src=\"http:\/\/ccoo.app\/diputacio-de-barcelona\/wp-content\/blogs.dir\/6\/files\/sites\/186\/2020\/05\/28-de-maig.png\" alt=\"\" width=\"175\" height=\"131\" \/><\/p>\n<p style=\"text-align: center\">\n<p style=\"text-align: center\"><img loading=\"lazy\" decoding=\"async\" class=\"wp-image-5184 aligncenter\" src=\"http:\/\/ccoo.app\/diputacio-de-barcelona\/wp-content\/blogs.dir\/6\/files\/sites\/186\/2020\/03\/i-de-info-300x300.jpg\" alt=\"\" width=\"72\" height=\"72\" srcset=\"https:\/\/ccoo.app\/diputacio-de-barcelona\/wp-content\/blogs.dir\/6\/files\/sites\/186\/2020\/03\/i-de-info-300x300.jpg 300w, https:\/\/ccoo.app\/diputacio-de-barcelona\/wp-content\/blogs.dir\/6\/files\/sites\/186\/2020\/03\/i-de-info-150x150.jpg 150w, https:\/\/ccoo.app\/diputacio-de-barcelona\/wp-content\/blogs.dir\/6\/files\/sites\/186\/2020\/03\/i-de-info.jpg 626w\" sizes=\"auto, (max-width: 72px) 100vw, 72px\" \/><\/p>\n<p style=\"text-align: center\"><span style=\"font-family: 'arial black', sans-serif;color: #000000\">DE DILLUNS A DIVENDRES<\/span><\/p>\n<p style=\"text-align: center\"><span style=\"font-family: 'arial black', sans-serif;color: #000000\">DE 10:00 A 14:30 i DE 17:00 A 19:00\u00a0<\/span><\/p>\n<p style=\"text-align: center\"><span style=\"font-family: 'arial black', sans-serif;color: #000000\">93.402.29.85 \u2013 22985 \u2013 667 90 69 64<\/span><\/p>\n<p><img loading=\"lazy\" decoding=\"async\" class=\"wp-image-5553 aligncenter\" src=\"http:\/\/ccoo.app\/diputacio-de-barcelona\/wp-content\/blogs.dir\/6\/files\/sites\/186\/2020\/04\/mail-foto-300x200.jpg\" alt=\"\" width=\"59\" height=\"39\" srcset=\"https:\/\/ccoo.app\/diputacio-de-barcelona\/wp-content\/blogs.dir\/6\/files\/sites\/186\/2020\/04\/mail-foto-300x200.jpg 300w, https:\/\/ccoo.app\/diputacio-de-barcelona\/wp-content\/blogs.dir\/6\/files\/sites\/186\/2020\/04\/mail-foto-1024x683.jpg 1024w, https:\/\/ccoo.app\/diputacio-de-barcelona\/wp-content\/blogs.dir\/6\/files\/sites\/186\/2020\/04\/mail-foto-768x512.jpg 768w, https:\/\/ccoo.app\/diputacio-de-barcelona\/wp-content\/blogs.dir\/6\/files\/sites\/186\/2020\/04\/mail-foto.jpg 1200w\" sizes=\"auto, (max-width: 59px) 100vw, 59px\" \/><\/p>\n<p style=\"text-align: center\"><span style=\"font-family: arial, helvetica, sans-serif;color: #000000\">La\u00a0SECCI\u00d3 SINDICAL DE CCOO donem resposta a tots els teus dubtes o t&#8217;ajudem solucionar els problemes que puguis tenir.<strong> T&#8217;ajudem a defensar els teus drets!<\/strong><\/span><\/p>\n<p style=\"text-align: center\"><span style=\"font-family: 'arial black', sans-serif;color: #0000ff\"><a style=\"color: #0000ff\" href=\"mailto:ccoo@diba.cat\"><strong>ccoo@diba.cat<\/strong><\/a><\/span><\/p>\n<p style=\"text-align: center\"><span style=\"font-family: 'arial black', sans-serif;color: #0000ff\"><a style=\"color: #0000ff\" href=\"mailto:orgt.ssccoo@diba.cat\">orgt.ssccoo@diba.cat<\/a><\/span><\/p>\n<p><img loading=\"lazy\" decoding=\"async\" class=\"wp-image-6417 aligncenter\" src=\"http:\/\/ccoo.app\/diputacio-de-barcelona\/wp-content\/blogs.dir\/6\/files\/sites\/186\/2020\/07\/ccoo-diba-prevencio-300x280.png\" alt=\"\" width=\"57\" height=\"53\" srcset=\"https:\/\/ccoo.app\/diputacio-de-barcelona\/wp-content\/blogs.dir\/6\/files\/sites\/186\/2020\/07\/ccoo-diba-prevencio-300x280.png 300w, https:\/\/ccoo.app\/diputacio-de-barcelona\/wp-content\/blogs.dir\/6\/files\/sites\/186\/2020\/07\/ccoo-diba-prevencio.png 490w\" sizes=\"auto, (max-width: 57px) 100vw, 57px\" \/><\/p>\n<p style=\"text-align: center\"><span style=\"font-family: arial, helvetica, sans-serif;color: #000000\">Contacte directe amb els i les delegades de prevenci\u00f3: clic <a href=\"https:\/\/diba.ccoo.cat\/ajuda-dels-nostres-delegats-i-delegades-de-prevencio\/\"><span style=\"font-family: 'arial black', sans-serif;color: #0000ff\">aqu\u00ed<\/span><\/a><\/span><\/p>\n<p><img loading=\"lazy\" decoding=\"async\" class=\"wp-image-5554 aligncenter\" src=\"http:\/\/ccoo.app\/diputacio-de-barcelona\/wp-content\/blogs.dir\/6\/files\/sites\/186\/2020\/04\/mail-foto-enviar-300x212.jpg\" alt=\"\" width=\"67\" height=\"47\" srcset=\"https:\/\/ccoo.app\/diputacio-de-barcelona\/wp-content\/blogs.dir\/6\/files\/sites\/186\/2020\/04\/mail-foto-enviar-300x212.jpg 300w, https:\/\/ccoo.app\/diputacio-de-barcelona\/wp-content\/blogs.dir\/6\/files\/sites\/186\/2020\/04\/mail-foto-enviar-1024x724.jpg 1024w, https:\/\/ccoo.app\/diputacio-de-barcelona\/wp-content\/blogs.dir\/6\/files\/sites\/186\/2020\/04\/mail-foto-enviar-768x543.jpg 768w, https:\/\/ccoo.app\/diputacio-de-barcelona\/wp-content\/blogs.dir\/6\/files\/sites\/186\/2020\/04\/mail-foto-enviar.jpg 1200w\" sizes=\"auto, (max-width: 67px) 100vw, 67px\" \/><\/p>\n<p style=\"text-align: center\"><span style=\"font-family: arial, helvetica, sans-serif;color: #000000\">Encara no t&#8217;has descarregat la nostra <a href=\"http:\/\/www.ccoo.cat\/carnet\/index.aspx?qr=1#descarrega\"><span style=\"font-family: 'arial black', sans-serif;color: #0000ff\">APP<\/span><\/a> CCOO-Diba d&#8217;informaci\u00f3 sindical?<\/span><\/p>\n<p style=\"text-align: center\"><span style=\"font-family: arial, helvetica, sans-serif;color: #000000\">Fes clic <a href=\"http:\/\/www.ccoo.cat\/carnet\/index.aspx?qr=1#descarrega\"><span style=\"font-family: 'arial black', sans-serif;color: #0000ff\">aqu\u00ed<\/span><\/a> per tenir la informaci\u00f3 abans que ning\u00fa!<\/span><\/p>\n<p><img loading=\"lazy\" decoding=\"async\" class=\"wp-image-5915 aligncenter\" src=\"http:\/\/ccoo.app\/diputacio-de-barcelona\/wp-content\/blogs.dir\/6\/files\/sites\/186\/2020\/05\/xarxes-socials-300x169.png\" alt=\"\" width=\"227\" height=\"128\" srcset=\"https:\/\/ccoo.app\/diputacio-de-barcelona\/wp-content\/blogs.dir\/6\/files\/sites\/186\/2020\/05\/xarxes-socials-300x169.png 300w, https:\/\/ccoo.app\/diputacio-de-barcelona\/wp-content\/blogs.dir\/6\/files\/sites\/186\/2020\/05\/xarxes-socials-1024x576.png 1024w, https:\/\/ccoo.app\/diputacio-de-barcelona\/wp-content\/blogs.dir\/6\/files\/sites\/186\/2020\/05\/xarxes-socials-768x432.png 768w, https:\/\/ccoo.app\/diputacio-de-barcelona\/wp-content\/blogs.dir\/6\/files\/sites\/186\/2020\/05\/xarxes-socials.png 1200w\" sizes=\"auto, (max-width: 227px) 100vw, 227px\" \/><\/p>\n<p style=\"text-align: center\"><span style=\"font-family: arial, helvetica, sans-serif;color: #000000\">Tamb\u00e9 trobar\u00e0s CCOO-Diba a les xarxes socials. Clica sobre la icona de la teva xarxa favorita:<\/span><\/p>\n<p><a href=\"https:\/\/twitter.com\/CCOODiba\"><img loading=\"lazy\" decoding=\"async\" class=\" wp-image-5728 aligncenter\" src=\"http:\/\/ccoo.app\/diputacio-de-barcelona\/wp-content\/blogs.dir\/6\/files\/sites\/186\/2020\/04\/twitter-300x300.png\" alt=\"\" width=\"89\" height=\"89\" srcset=\"https:\/\/ccoo.app\/diputacio-de-barcelona\/wp-content\/blogs.dir\/6\/files\/sites\/186\/2020\/04\/twitter-300x300.png 300w, https:\/\/ccoo.app\/diputacio-de-barcelona\/wp-content\/blogs.dir\/6\/files\/sites\/186\/2020\/04\/twitter-150x150.png 150w, https:\/\/ccoo.app\/diputacio-de-barcelona\/wp-content\/blogs.dir\/6\/files\/sites\/186\/2020\/04\/twitter.png 512w\" sizes=\"auto, (max-width: 89px) 100vw, 89px\" \/><\/a><\/p>\n<p><a href=\"https:\/\/www.instagram.com\/ccoo_diba\/?hl=es\"><img loading=\"lazy\" decoding=\"async\" class=\"wp-image-5730 aligncenter\" src=\"http:\/\/ccoo.app\/diputacio-de-barcelona\/wp-content\/blogs.dir\/6\/files\/sites\/186\/2020\/04\/instragram-300x300.png\" alt=\"\" width=\"91\" height=\"91\" srcset=\"https:\/\/ccoo.app\/diputacio-de-barcelona\/wp-content\/blogs.dir\/6\/files\/sites\/186\/2020\/04\/instragram-300x300.png 300w, https:\/\/ccoo.app\/diputacio-de-barcelona\/wp-content\/blogs.dir\/6\/files\/sites\/186\/2020\/04\/instragram-150x150.png 150w, https:\/\/ccoo.app\/diputacio-de-barcelona\/wp-content\/blogs.dir\/6\/files\/sites\/186\/2020\/04\/instragram.png 512w\" sizes=\"auto, (max-width: 91px) 100vw, 91px\" \/><\/a><\/p>\n<p><a href=\"https:\/\/www.facebook.com\/CcooDiputacioDeBarcelona\/\"><img loading=\"lazy\" decoding=\"async\" class=\"wp-image-5729 aligncenter\" src=\"http:\/\/ccoo.app\/diputacio-de-barcelona\/wp-content\/blogs.dir\/6\/files\/sites\/186\/2020\/04\/facebook-300x300.png\" alt=\"\" width=\"90\" height=\"90\" srcset=\"https:\/\/ccoo.app\/diputacio-de-barcelona\/wp-content\/blogs.dir\/6\/files\/sites\/186\/2020\/04\/facebook-300x300.png 300w, https:\/\/ccoo.app\/diputacio-de-barcelona\/wp-content\/blogs.dir\/6\/files\/sites\/186\/2020\/04\/facebook-150x150.png 150w, https:\/\/ccoo.app\/diputacio-de-barcelona\/wp-content\/blogs.dir\/6\/files\/sites\/186\/2020\/04\/facebook.png 325w\" sizes=\"auto, (max-width: 90px) 100vw, 90px\" \/><\/a><a href=\"https:\/\/www.youtube.com\/channel\/UCFzenkS75udEcs4pB4qoZsg\"><img loading=\"lazy\" decoding=\"async\" class=\" wp-image-5916 aligncenter\" src=\"http:\/\/ccoo.app\/diputacio-de-barcelona\/wp-content\/blogs.dir\/6\/files\/sites\/186\/2020\/05\/youtube-300x115.jpg\" alt=\"\" width=\"122\" height=\"47\" srcset=\"https:\/\/ccoo.app\/diputacio-de-barcelona\/wp-content\/blogs.dir\/6\/files\/sites\/186\/2020\/05\/youtube-300x115.jpg 300w, https:\/\/ccoo.app\/diputacio-de-barcelona\/wp-content\/blogs.dir\/6\/files\/sites\/186\/2020\/05\/youtube-1024x391.jpg 1024w, https:\/\/ccoo.app\/diputacio-de-barcelona\/wp-content\/blogs.dir\/6\/files\/sites\/186\/2020\/05\/youtube-768x293.jpg 768w, https:\/\/ccoo.app\/diputacio-de-barcelona\/wp-content\/blogs.dir\/6\/files\/sites\/186\/2020\/05\/youtube.jpg 1200w\" sizes=\"auto, (max-width: 122px) 100vw, 122px\" \/><\/a><\/p>\n<p><iframe loading=\"lazy\" title=\"Hauran de comptar amb nosaltres. Salut, treball i just\u00edcia social || 1r de maig del 2020.\" width=\"1200\" height=\"675\" src=\"https:\/\/www.youtube.com\/embed\/uS104R3aSJs?feature=oembed\" frameborder=\"0\" allow=\"accelerometer; autoplay; clipboard-write; encrypted-media; gyroscope; picture-in-picture; web-share\" allowfullscreen><\/iframe>    \t<\/p>\n","protected":false},"excerpt":{"rendered":"<p>\u00a0RESUM DE LA REUNI\u00d3 DEL COMIT\u00c8 DE SEGURETAT\u00a0 I SALUT DEL DIA 5 DE FEBRER DE 2021 MASCARETES FFP2 PER A DETERMINAT PERSONAL DEMANEM GARANTIR LA QUALITAT DE L&#8217;AIRE DE &#8230; <\/p>\n<p class=\"read-more-container\"><a title=\"RESUM DE LA REUNI\u00d3 DEL COMIT\u00c8 DE SEGURETAT I SALUT DEL 5 DE FEBRER DE 2021\" class=\"read-more button\" href=\"https:\/\/ccoo.app\/diputacio-de-barcelona\/05-02-2021-comite-seguretat-salut-diba\/#more-7557\" aria-label=\"Leer m\u00e1s sobre RESUM DE LA REUNI\u00d3 DEL COMIT\u00c8 DE SEGURETAT I SALUT DEL 5 DE FEBRER DE 2021\">Continuar llegint<\/a><\/p>\n","protected":false},"author":4519,"featured_media":6417,"comment_status":"open","ping_status":"open","sticky":false,"template":"","format":"standard","meta":{"footnotes":""},"categories":[38,19,29,35],"tags":[167,189,212,221],"class_list":["post-7557","post","type-post","status-publish","format-standard","has-post-thumbnail","hentry","category-a-tot-el-personal","category-comunicats","category-orgt-2","category-salut-laboral","tag-orgt","tag-prevencio","tag-salut","tag-teletreball","generate-columns","tablet-grid-50","mobile-grid-100","grid-parent","grid-50"],"_links":{"self":[{"href":"https:\/\/ccoo.app\/diputacio-de-barcelona\/wp-json\/wp\/v2\/posts\/7557","targetHints":{"allow":["GET"]}}],"collection":[{"href":"https:\/\/ccoo.app\/diputacio-de-barcelona\/wp-json\/wp\/v2\/posts"}],"about":[{"href":"https:\/\/ccoo.app\/diputacio-de-barcelona\/wp-json\/wp\/v2\/types\/post"}],"author":[{"embeddable":true,"href":"https:\/\/ccoo.app\/diputacio-de-barcelona\/wp-json\/wp\/v2\/users\/4519"}],"replies":[{"embeddable":true,"href":"https:\/\/ccoo.app\/diputacio-de-barcelona\/wp-json\/wp\/v2\/comments?post=7557"}],"version-history":[{"count":1,"href":"https:\/\/ccoo.app\/diputacio-de-barcelona\/wp-json\/wp\/v2\/posts\/7557\/revisions"}],"predecessor-version":[{"id":50797,"href":"https:\/\/ccoo.app\/diputacio-de-barcelona\/wp-json\/wp\/v2\/posts\/7557\/revisions\/50797"}],"wp:featuredmedia":[{"embeddable":true,"href":"https:\/\/ccoo.app\/diputacio-de-barcelona\/wp-json\/wp\/v2\/media\/6417"}],"wp:attachment":[{"href":"https:\/\/ccoo.app\/diputacio-de-barcelona\/wp-json\/wp\/v2\/media?parent=7557"}],"wp:term":[{"taxonomy":"category","embeddable":true,"href":"https:\/\/ccoo.app\/diputacio-de-barcelona\/wp-json\/wp\/v2\/categories?post=7557"},{"taxonomy":"post_tag","embeddable":true,"href":"https:\/\/ccoo.app\/diputacio-de-barcelona\/wp-json\/wp\/v2\/tags?post=7557"}],"curies":[{"name":"wp","href":"https:\/\/api.w.org\/{rel}","templated":true}]}}