{"id":7545,"date":"2021-02-02T19:07:43","date_gmt":"2021-02-02T18:07:43","guid":{"rendered":"https:\/\/diba.ccoo.cat\/?p=7545"},"modified":"2023-10-17T14:02:07","modified_gmt":"2023-10-17T12:02:07","slug":"02-02-2021-css-i-comissio-seguiment-diba","status":"publish","type":"post","link":"https:\/\/ccoo.app\/diputacio-de-barcelona\/02-02-2021-css-i-comissio-seguiment-diba\/","title":{"rendered":"RESUM DE LA REUNI\u00d3 DEL COMIT\u00c8 DE SEGURETAT I SALUT i DE LA COMISSI\u00d3 DE SEGUIMENT DEL PROTOCOL ANTI-COVID"},"content":{"rendered":"<p><a href=\"https:\/\/diba.ccoo.cat\/\"><img loading=\"lazy\" decoding=\"async\" class=\"wp-image-5909 aligncenter\" src=\"http:\/\/ccoo.app\/diputacio-de-barcelona\/wp-content\/blogs.dir\/6\/files\/sites\/186\/2020\/05\/nota-1-300x86.png\" alt=\"\" width=\"92\" height=\"27\" srcset=\"https:\/\/ccoo.app\/diputacio-de-barcelona\/wp-content\/blogs.dir\/6\/files\/sites\/186\/2020\/05\/nota-1-300x86.png 300w, https:\/\/ccoo.app\/diputacio-de-barcelona\/wp-content\/blogs.dir\/6\/files\/sites\/186\/2020\/05\/nota-1.png 339w\" sizes=\"auto, (max-width: 92px) 100vw, 92px\" \/><\/a><\/p>\n<p class=\"wp-caption-text\"><a href=\"https:\/\/diba.ccoo.cat\/\"><img loading=\"lazy\" decoding=\"async\" class=\"wp-image-1853 aligncenter\" src=\"http:\/\/ccoo.app\/diputacio-de-barcelona\/wp-content\/blogs.dir\/6\/files\/sites\/186\/2018\/01\/logoccoov18.jpg\" alt=\"\" width=\"240\" height=\"110\" \/><\/a><\/p>\n<p style=\"text-align: center\"><span style=\"font-family: 'arial black', sans-serif;color: #0000ff;font-size: 24px\">\u00a0<\/span><span style=\"font-family: 'arial black', sans-serif;color: #0000ff;font-size: 24px\">RESUM DE LA REUNI\u00d3 DEL COMIT\u00c8 DE SEGURETAT\u00a0 I SALUT (29.01) i DE LA COMISSI\u00d3 DE SEGUIMENT DEL PROTOCOL ANTI-COVID (02.02)<\/span><\/p>\n<p style=\"text-align: center\"><span style=\"font-family: arial, helvetica, sans-serif;font-size: 14px;color: #000000\">&#8211; 2 de febrer de 2021-<\/span><\/p>\n<p style=\"text-align: center\"><span style=\"text-decoration: underline;color: #000000\"><span style=\"font-family: 'arial black', sans-serif\">INCLOU INFORMACI\u00d3 REBUDA I PETICIONS DE CCOO D&#8217;AMBDUES REUNIONS<\/span><\/span><\/p>\n<ul>\n<li><span style=\"color: #000000\"><span style=\"font-family: arial, helvetica, sans-serif\"><span style=\"font-family: 'arial black', sans-serif\">PETICI\u00d3 DE PURIFICADORS AMB FILTRES HEPA<\/span><\/span><\/span><\/li>\n<li><span style=\"color: #000000\"><strong><span style=\"font-family: arial, helvetica, sans-serif\"><span style=\"font-family: 'arial black', sans-serif\">PETICI\u00d3 DE CCOO DE MASCARETES FFP2 I SANCIONABLE NO FER-HO<\/span><\/span><\/strong><\/span><\/li>\n<li><span style=\"color: #000000\"><strong><span style=\"font-family: 'arial black', sans-serif\"><b>PARCS NATURALS REDUIEX LES MESURES DE PROTECCI\u00d3 DEL SEU PERSONAL<\/b><\/span><\/strong><\/span><\/li>\n<li><span style=\"color: #000000\"><strong><span style=\"font-family: arial, helvetica, sans-serif\"><span style=\"font-family: 'arial black', sans-serif\">CCOO DEMANEM UN PLA DE XOC DE SALUT MENTAL<\/span><\/span><\/strong><\/span><\/li>\n<li><span style=\"color: #000000\"><strong><span style=\"font-family: arial, helvetica, sans-serif\"><span style=\"font-family: 'arial black', sans-serif\">CRIBATGE AL PERSONAL CANGUR DE RESPIR<\/span><\/span><\/strong><\/span><\/li>\n<\/ul>\n<p><span style=\"color: #000000\"><span style=\"font-family: arial, helvetica, sans-serif\"><span style=\"font-family: 'arial black', sans-serif\">CLIMATITZACI\u00d3 I RENOVACI\u00d3 D&#8217;AIRE <\/span><\/span>L&#8217;annex 1 de la <span style=\"color: #0000ff\"><strong><a style=\"color: #0000ff\" href=\"http:\/\/ccoo.app\/diputacio-de-barcelona\/wp-content\/blogs.dir\/6\/files\/sites\/186\/2020\/12\/resolucio-slt_3268_2020-de-12-de-desembre-per-la-qual-es-prorroguen-i-es-modifiquen-les-mesures-en-materia-de-salut-publica----.pdf\">RESOLUCI\u00d3 SLT\/3268\/2020<\/a><\/strong><\/span>, de 12 de desembre indica que \u00ab<em>complement\u00e0riament, si \u00e9s necessari per garantir la qualitat de l&#8217;aire, es poden incorporar purificadors d&#8217;aire amb filtres HEPA (high efficiency particulate air) per millorar la qualitat de l&#8217;aire interior retenint les part\u00edcules susceptibles de contenir el virus (retenen entre un 85% i un 99,99 % de part\u00edcules a partir de 0,3 micres, en funci\u00f3 del tipus de filtre). Els purificadors d&#8217;aire no substitueixen la necessitat de mantenir la ventilaci\u00f3 dels espais abans indicada<\/em>\u00ab. <\/span><\/p>\n<p><span style=\"color: #000000\"><img loading=\"lazy\" decoding=\"async\" class=\" wp-image-6926 aligncenter\" src=\"http:\/\/ccoo.app\/diputacio-de-barcelona\/wp-content\/blogs.dir\/6\/files\/sites\/186\/2020\/10\/filtros-hepa-300x244.png\" alt=\"\" width=\"151\" height=\"123\" srcset=\"https:\/\/ccoo.app\/diputacio-de-barcelona\/wp-content\/blogs.dir\/6\/files\/sites\/186\/2020\/10\/filtros-hepa-300x244.png 300w, https:\/\/ccoo.app\/diputacio-de-barcelona\/wp-content\/blogs.dir\/6\/files\/sites\/186\/2020\/10\/filtros-hepa.png 317w\" sizes=\"auto, (max-width: 151px) 100vw, 151px\" \/><\/span><\/p>\n<p><span style=\"color: #000000\"><b>CCOO-Diba hem demanat, estem insistint des de fa <\/b><span style=\"color: #000000\"><b>setmanes<\/b><\/span><b>, que<\/b><span style=\"color: #000000\"> a tots els centres on no existeixi renovaci\u00f3 d&#8217;aire que garanteixi la ventilaci\u00f3 d&#8217;aire d&#8217;\u00f2ptima qualitat <\/span><strong>s&#8217;instal\u00b7li aparells purificadors. <\/strong><\/span><\/p>\n<p><span style=\"color: #000000\"><img loading=\"lazy\" decoding=\"async\" class=\"aligncenter\" src=\"https:\/\/pbs.twimg.com\/media\/EsCVG-TXEAEsZGX?format=jpg&amp;name=900x900\" alt=\"Imatge\" width=\"424\" height=\"103\" \/><\/span><\/p>\n<p><span style=\"color: #000000\">Obrir portes i finestres per a ventilar i mantenir en el lloc de treball temperatures adequades \u00e9s pr\u00e0cticament impossible ara que estem en ple hivern. Per la qual cosa, insistim que d&#8217;acord amb el que indica la <a href=\"http:\/\/ccoo.app\/diputacio-de-barcelona\/wp-content\/blogs.dir\/6\/files\/sites\/186\/2020\/12\/resolucio-slt_3268_2020-de-12-de-desembre-per-la-qual-es-prorroguen-i-es-modifiquen-les-mesures-en-materia-de-salut-publica----.pdf\">Resoluci\u00f3<\/a> abans esmentada, <strong>s&#8217;instal\u00b7lin purificadors amb filtres d&#8217;aire Hepa<\/strong>\u00a0(cliqueu <a href=\"https:\/\/www.niusdiario.es\/sociedad\/sanidad\/filtros-hepa-que-son-utiles-reducir-contagio-covid-19-coronavirus-interiores_18_3026370105.html\"><span style=\"color: #0000ff\"><strong>aqu\u00ed<\/strong><\/span><\/a>). Considerem que \u00e9s un mesura important per evitar al m\u00e0xim els contagis que es poden donar per aerosols generats (cliqueu <\/span><a href=\"https:\/\/elpais.com\/ciencia\/2020-10-24\/un-salon-un-bar-y-una-clase-asi-contagia-el-coronavirus-en-el-aire.html\"><strong><span style=\"color: #0000ff\">aqu\u00ed<\/span><\/strong><\/a><span style=\"color: #000000\">).<\/span><\/p>\n<p><span style=\"color: #000000\">Per\u00f2 els que \u00e9s encara m\u00e9s greu: <strong>qu\u00e8 passa on no hi ha ventilaci\u00f3 mec\u00e0nica ni finestres?<\/strong> Tenim centres de treball amb aquestes condicions. Cal donar resposta immediata a aquesta circumst\u00e0ncia i dotar-los de purificadors de manera priorit\u00e0ria. <\/span><\/p>\n<p><span style=\"color: #000000\">A m\u00e9s d&#8217;aquesta mesura, hem exigit que es posi a disposici\u00f3 del personal mascaretes <strong>FFP2<\/strong>.\u00a0\u00a0<\/span><\/p>\n<p><span style=\"color: #000000\"><a style=\"color: #000000\" href=\"http:\/\/ccoo.app\/diputacio-de-barcelona\/wp-content\/blogs.dir\/6\/files\/sites\/186\/2021\/02\/tipo-de-mascaretes.png\"><img loading=\"lazy\" decoding=\"async\" class=\"size-medium wp-image-7546 aligncenter\" src=\"http:\/\/ccoo.app\/diputacio-de-barcelona\/wp-content\/blogs.dir\/6\/files\/sites\/186\/2021\/02\/tipo-de-mascaretes-236x300.png\" alt=\"\" width=\"236\" height=\"300\" srcset=\"https:\/\/ccoo.app\/diputacio-de-barcelona\/wp-content\/blogs.dir\/6\/files\/sites\/186\/2021\/02\/tipo-de-mascaretes-236x300.png 236w, https:\/\/ccoo.app\/diputacio-de-barcelona\/wp-content\/blogs.dir\/6\/files\/sites\/186\/2021\/02\/tipo-de-mascaretes.png 571w\" sizes=\"auto, (max-width: 236px) 100vw, 236px\" \/><\/a><\/span><\/p>\n<p><span style=\"color: #000000\">Pel que fa a les mascaretes, l&#8217;OPRL ens ha informat que est\u00e0 revisant els llocs de treball d&#8217;atenci\u00f3 al p\u00fablic amb l&#8217;objectiu de dotar al personal de mascaretes FFP2. S&#8217;han adquirit m\u00e9s de 3200. Tot i que no assoleix del tot les nostres demandes, va en l\u00ednia del que fa mesos demanem. Estarem atents a pr\u00f2ximes informacions.<\/span><\/p>\n<p><span style=\"color: #000000\"><img loading=\"lazy\" decoding=\"async\" class=\"wp-image-7075 aligncenter\" src=\"http:\/\/ccoo.app\/diputacio-de-barcelona\/wp-content\/blogs.dir\/6\/files\/sites\/186\/2020\/11\/mascaretes-ffp2-kn95-300x225.jpg\" alt=\"\" width=\"131\" height=\"98\" srcset=\"https:\/\/ccoo.app\/diputacio-de-barcelona\/wp-content\/blogs.dir\/6\/files\/sites\/186\/2020\/11\/mascaretes-ffp2-kn95-300x225.jpg 300w, https:\/\/ccoo.app\/diputacio-de-barcelona\/wp-content\/blogs.dir\/6\/files\/sites\/186\/2020\/11\/mascaretes-ffp2-kn95-768x576.jpg 768w, https:\/\/ccoo.app\/diputacio-de-barcelona\/wp-content\/blogs.dir\/6\/files\/sites\/186\/2020\/11\/mascaretes-ffp2-kn95.jpg 800w\" sizes=\"auto, (max-width: 131px) 100vw, 131px\" \/><\/span><\/p>\n<p><span style=\"color: #000000\"><strong><span style=\"font-family: arial, helvetica, sans-serif\"><span style=\"font-family: 'arial black', sans-serif\">\u00c9S OBLIGATORI L&#8217;\u00daS DE MASCARETA I SANCIONABLE NO FER-HO <\/span><\/span><\/strong>A la reuni\u00f3, s&#8217;ha suscitat el debat respecte a qu\u00e8 es fa si un empleat o empleada no fa \u00fas de mascareta (on en fa un mal \u00fas): la conclusi\u00f3 ha sigut que en aquests casos, s&#8217;ha d&#8217;advertir la persona per escrit i en cas de persistir se&#8217;l podria sancionar per incomplir el que marca les seves funcions de no \u00abvetllar per a la seva seguretat i la dels altres\u00bb.<\/span><\/p>\n<p><span style=\"color: #000000\"><img loading=\"lazy\" decoding=\"async\" class=\"aligncenter\" src=\"https:\/\/parcs.diba.cat\/documents\/10534\/122969\/MapaXPN.jpg\/7467c92c-82cf-cd34-7862-acf25c6c40e8?t=1604918121841\" alt=\"Mapa de la Red\" width=\"149\" height=\"158\" \/><\/span><\/p>\n<p><span style=\"color: #000000\"><strong><span style=\"font-family: 'arial black', sans-serif\"><b>PARCS NATURALS REDUIEX LES MESURES DE PROTECCI\u00d3 DEL SEU PERSONAL <\/b><\/span><\/strong>A la ger\u00e8ncia de Parcs Naturals, s&#8217;ha decidit suprimir l&#8217;organitzaci\u00f3 del treball per torns a les brigades de manteniment forestal. <\/span><\/p>\n<p><span style=\"color: #000000\">Fins ara, a la majoria de Parcs s&#8217;estava prestant el servei dividint els equips de treball i establint torns.\u00a0<\/span><\/p>\n<p><span style=\"color: #000000\">Doncs b\u00e9, en plena tercera onada de contagis, quan les tasques de treball no han canviat, es pren una decisi\u00f3 que, d&#8217;acord amb la nostre opini\u00f3 (i aix\u00ed ho hem expressat), posa en risc (sense cap motiu justificat) al personal.<\/span><\/p>\n<p><span style=\"color: #000000\">D&#8217;acord amb la informaci\u00f3 de la que disposem, aix\u00f2 suposar\u00e0 que fins a 4 persones hagin d&#8217;ocupar vehicles. Inacceptable!!! Hem exigit que l&#8217;OPRL que investigui la situaci\u00f3, i tal com es fa en altres serveis, es limiti de manera clara l&#8217;alta ocupaci\u00f3 de vehicles.\u00a0<\/span><\/p>\n<p><span style=\"color: #000000\">El treball a torn, com d&#8217;altres mesures, tenen l&#8217;objectiu d\u2019evitar que davant un cas positiu per la COVID-19, <strong>TOT l\u2019equip es vegi afectat.<\/strong> A m\u00e9s de protegir la salut, garantim aix\u00ed la continu\u00eftat de la prestaci\u00f3 del servei (cliqueu <a href=\"https:\/\/diba.ccoo.cat\/wp-content\/uploads\/sites\/37\/2020\/05\/5.-MESURES-FLEXIBILITAT-COMPACTACI%C3%93-I-JORNADA-DESTIU.pdf\"><strong><span style=\"color: #0000ff\">aqu\u00ed<\/span><\/strong><\/a>).\u00a0<\/span><\/p>\n<p><span style=\"color: #000000\">Qui pren aquestes decisions, ho fa c\u00f2modament des de casa i nosaltres exigim (aix\u00ed ho hem expressat a la reuni\u00f3) una mica d&#8217;empatia envers el personal.<\/span><\/p>\n<p><span style=\"color: #000000\"><strong><span style=\"font-family: arial, helvetica, sans-serif\"><span style=\"font-family: 'arial black', sans-serif\">TAMB\u00c9 A L&#8217;ORGT I ALTRES DIRECCIONS I GER\u00c8NCIES <\/span><\/span><\/strong>En termes generals, demanem que s&#8217;implementin m\u00e9s mesures de flexibilitat, reducci\u00f3 de jornada i treball a torn. Per exemple, insistim que a les oficines de recaptaci\u00f3 es disminu\u00ed els dies d&#8217;obertura concentrant les cites pr\u00e8vies a determinats dies.<\/span><\/p>\n<div class=\"site-container\">\n<div class=\"site-inner\">\n<div class=\"wrap\">\n<div class=\"content-sidebar-wrap\">\n<article class=\"post-5753 post type-post status-publish format-standard has-post-thumbnail category-comunicats category-salut-laboral tag-coronavirus tag-prevencio-riscos-psicosocials-onada-calor entry\" aria-label=\"64\/COVID-19. SISTEMA CORPORATIU DE SUPORT I ATENCI\u00d3 PSICOL\u00d2GICA\">\n<div class=\"entry-content\">\n<p><span style=\"color: #000000\"><img loading=\"lazy\" decoding=\"async\" class=\"wp-image-7068 aligncenter\" src=\"https:\/\/diba.ccoo.cat\/wp-content\/uploads\/sites\/37\/2020\/11\/ajuda-psicologica-300x300.jpg\" alt=\"\" width=\"121\" height=\"121\" \/><\/span><\/p>\n<p><span style=\"color: #000000\"><strong><span style=\"font-family: arial, helvetica, sans-serif\"><span style=\"font-family: 'arial black', sans-serif\">CCOO DEMANEM UN PLA DE XOC DE SALUT MENTAL <\/span><\/span><\/strong>Afrontem una etapa complexa que pot afectar la nostra salut emocional i mental. Molts treballadors i treballadores de la Diputaci\u00f3 viuen aquests moments amb angoixa, estr\u00e8s o soledat.\u00a0<\/span><\/p>\n<p><span style=\"color: #000000\">Davant d\u2019aquesta situaci\u00f3, hem demanat que m\u00e9s enll\u00e0 del sistema de suport i atenci\u00f3 psicol\u00f2gica establert per la Diputaci\u00f3 des del mes d&#8217;abril de 2020 (cliqueu<\/span> <a href=\"https:\/\/diba.ccoo.cat\/suport-i-atencio-psicologica\/\"><span style=\"color: #0000ff\"><strong>aqu\u00ed<\/strong><\/span><\/a>), <span style=\"color: #000000\">CCOO-Diba hem demanat que es posi en marxa un pla de xoc de salut mental per abordar el patiment psicol\u00f2gic derivat de la covid-19 del nostre personal.<\/span><\/p>\n<p><span style=\"color: #000000\">L&#8217;OPRL ens informa que precisament en la pr\u00f2xima reuni\u00f3 del Comit\u00e8 de Seguretat i Salut ens volen presentar una proposta que, pel que hem ent\u00e8s, aniria en aquesta l\u00ednia. Inclouria, entre altres coses, enviar un q\u00fcestionari al personal per a recollir dades de la situaci\u00f3 i plantejar accions. Quedem pendents.<\/span><\/p>\n<\/div>\n<\/article>\n<\/div>\n<\/div>\n<\/div>\n<\/div>\n<p><span style=\"color: #000000\"><strong><span style=\"font-family: arial, helvetica, sans-serif\"><span style=\"font-family: 'arial black', sans-serif\">CRIBATGE AL PERSONAL CANGUR DE RESPIR\u00a0<\/span><\/span><\/strong>Hem detectat que, tot i que es van fent cribratges per a detectar contagis per la Covid-19, semblaria que no s&#8217;estaria inclouen al personal cangur del RESPIR. Hem demanat que es comprovi aix\u00f2 i es doni soluci\u00f3.<\/span><\/p>\n<p><span style=\"color: #000000\"><img loading=\"lazy\" decoding=\"async\" class=\"wp-image-6417 aligncenter\" src=\"http:\/\/ccoo.app\/diputacio-de-barcelona\/wp-content\/blogs.dir\/6\/files\/sites\/186\/2020\/07\/ccoo-diba-prevencio-300x280.png\" alt=\"\" width=\"109\" height=\"102\" srcset=\"https:\/\/ccoo.app\/diputacio-de-barcelona\/wp-content\/blogs.dir\/6\/files\/sites\/186\/2020\/07\/ccoo-diba-prevencio-300x280.png 300w, https:\/\/ccoo.app\/diputacio-de-barcelona\/wp-content\/blogs.dir\/6\/files\/sites\/186\/2020\/07\/ccoo-diba-prevencio.png 490w\" sizes=\"auto, (max-width: 109px) 100vw, 109px\" \/><\/span><\/p>\n<p><span style=\"color: #000000\"><span style=\"font-family: 'arial black', sans-serif\"><b>DAVANT LA COVID-19: NING\u00da ES POT RELAXAR <\/b><\/span>Ben al contrari, hem de seguir aplicant les mesures i recomanacions per evitar possible contagis en el nostre \u00e0mbit laboral (trobareu m\u00e9s informaci\u00f3<\/span>\u00a0<span style=\"color: #0000ff\"><a style=\"color: #0000ff\" href=\"https:\/\/diba.ccoo.cat\/manual-incorporacio\/\"><strong>aqu\u00ed<\/strong><\/a><\/span>).<\/p>\n<p><span style=\"color: #000000\">Lluitar contra la pand\u00e8mia \u00e9s un treball que ens concerneix a tots i totes: a la Diputaci\u00f3 com a organitzaci\u00f3 per\u00f2 tamb\u00e9 a nivell individual.<\/span><\/p>\n<p><span style=\"color: #000000\"><strong>Abans de sortir de casa<\/strong>\u00a0per anar al nostre centre de treball, cal que avaluem el nostre estat de salut tenint en compte els s\u00edmptomes de la COVID-19:<\/span><\/p>\n<ul>\n<li><span style=\"color: #000000\">Temperatura corporal (a partir de 37,3 \u00baC)<\/span><\/li>\n<li><span style=\"color: #000000\">Tos continguda o persistent<\/span><\/li>\n<li><span style=\"color: #000000\">Malestar general<\/span><\/li>\n<li><span style=\"color: #000000\">Sensaci\u00f3 de falta d\u2019aire<\/span><\/li>\n<li><span style=\"color: #000000\">Altres: p\u00e8rdua de gust i olfacte, mal de coll, fatiga, mal de cap, dolor muscular, v\u00f2mits o diarrea<\/span><\/li>\n<\/ul>\n<p><span style=\"color: #000000\">Eviteu utilitzar el transport col\u00b7lectiu en hores punta (feu-nos saber les denegacions de flexibilitat).<\/span><\/p>\n<p><span style=\"color: #000000\"><strong>Quan arribem al centre de treball:<\/strong><\/span><\/p>\n<ul>\n<li><span style=\"color: #000000\">Respecteu les senyalitzacions<\/span><\/li>\n<li><span style=\"color: #000000\">Netegeu-vos les mans<\/span><\/li>\n<li><span style=\"color: #000000\">Feu \u00fas de les mascaretes quir\u00fargiques que us proporciona la corporaci\u00f3<\/span><\/li>\n<li><span style=\"color: #000000\">Apliqueu les directrius sobre l\u2019\u00fas d\u2019equips i eines compartides i l\u2019\u00fas de lavabos i vestidors.<\/span><\/li>\n<\/ul>\n<p><span style=\"color: #000000\">La ventilaci\u00f3 i climatitzaci\u00f3 d\u2019espais tancats amb concurr\u00e8ncia humana s\u00f3n dos factors importants a tenir en compte per a la prevenci\u00f3 i el control de la COVID-19. \u00c9s important que es mantinguin les mesures per a garantir una bona ventilaci\u00f3 (cliqueu<\/span>\u00a0<span style=\"color: #0000ff\"><a style=\"color: #0000ff\" href=\"https:\/\/diba.ccoo.cat\/climatitzem-pero-amb-seguretat\/\"><strong>aqu\u00ed<\/strong><\/a><\/span>).<\/p>\n<p><span style=\"color: #000000\">No hem d&#8217;abaixar aquestes mesures a l&#8217;hora de dinar o menjar. Preferentment, s&#8217;ha de fer de manera individual i, si no \u00e9s possible, mantenir la dist\u00e0ncia de seguretat.<\/span><\/p>\n<p><span style=\"color: #000000\"><img loading=\"lazy\" decoding=\"async\" class=\"wp-image-6416 aligncenter\" src=\"http:\/\/ccoo.app\/diputacio-de-barcelona\/wp-content\/blogs.dir\/6\/files\/sites\/186\/2020\/07\/2-metres-300x300.jpg\" alt=\"\" width=\"58\" height=\"58\" srcset=\"https:\/\/ccoo.app\/diputacio-de-barcelona\/wp-content\/blogs.dir\/6\/files\/sites\/186\/2020\/07\/2-metres-300x300.jpg 300w, https:\/\/ccoo.app\/diputacio-de-barcelona\/wp-content\/blogs.dir\/6\/files\/sites\/186\/2020\/07\/2-metres-150x150.jpg 150w, https:\/\/ccoo.app\/diputacio-de-barcelona\/wp-content\/blogs.dir\/6\/files\/sites\/186\/2020\/07\/2-metres-768x768.jpg 768w, https:\/\/ccoo.app\/diputacio-de-barcelona\/wp-content\/blogs.dir\/6\/files\/sites\/186\/2020\/07\/2-metres.jpg 800w\" sizes=\"auto, (max-width: 58px) 100vw, 58px\" \/><\/span><\/p>\n<p><span style=\"color: #000000\">En\u00a0<strong>finalitzar la jornada:<\/strong><\/span><\/p>\n<ul>\n<li><span style=\"color: #000000\">Eviteu acumular materials en el vostre lloc de treball i deixeu recollit el vostre espai de treball. Faciliteu la feina al personal de neteja.<\/span><\/li>\n<li><span style=\"color: #000000\">Abans de sortir del centre de treball, renteu-vos les mans<\/span><\/li>\n<\/ul>\n<p style=\"text-align: center\"><span style=\"font-family: 'arial black', sans-serif\"><span style=\"font-family: arial, helvetica, sans-serif\"><span style=\"color: #000000\">CLIQUEU<\/span><a href=\"https:\/\/diba.ccoo.cat\/19-01-2021-css-comissio-seguiment-diba\/\"><span style=\"color: #0000ff;font-family: 'arial black', sans-serif\"> AQU\u00cd <\/span><\/a><\/span><span style=\"color: #000000\"><span style=\"font-family: arial, helvetica, sans-serif\">VEURE RESUM DE L<\/span>A REUNI\u00d3 DEL CSS ANTERIOR<\/span><\/span><\/p>\n<p><span style=\"color: #000000\"><img loading=\"lazy\" decoding=\"async\" class=\"wp-image-6417 aligncenter\" src=\"http:\/\/ccoo.app\/diputacio-de-barcelona\/wp-content\/blogs.dir\/6\/files\/sites\/186\/2020\/07\/ccoo-diba-prevencio-300x280.png\" alt=\"\" width=\"160\" height=\"149\" srcset=\"https:\/\/ccoo.app\/diputacio-de-barcelona\/wp-content\/blogs.dir\/6\/files\/sites\/186\/2020\/07\/ccoo-diba-prevencio-300x280.png 300w, https:\/\/ccoo.app\/diputacio-de-barcelona\/wp-content\/blogs.dir\/6\/files\/sites\/186\/2020\/07\/ccoo-diba-prevencio.png 490w\" sizes=\"auto, (max-width: 160px) 100vw, 160px\" \/><\/span><\/p>\n<ul>\n<li style=\"text-align: justify\"><span style=\"font-family: arial, helvetica, sans-serif\"><span style=\"color: #000000\"><span style=\"font-family: 'arial black', sans-serif\"><strong>TINGUES SEMPRE A M\u00c0 EL MANUAL\u00a0<em>\u201cINCORPORACI\u00d3 AL LLOC DE TREBALL<\/em><\/strong>\u00a0<\/span><strong><em><span style=\"font-family: 'arial black', sans-serif\">PRESENCIAL: QU\u00c8 HEU DE SABER?\u201d\u00a0<\/span><\/em><\/strong>Cliqueu<\/span> <span style=\"font-family: 'arial black', sans-serif;color: #0000ff\"><a style=\"color: #0000ff\" href=\"https:\/\/diba.ccoo.cat\/manual-incorporacio\/\">aqu\u00ed<\/a><\/span><\/span><\/li>\n<li style=\"text-align: justify\"><span style=\"font-family: 'arial black', sans-serif;color: #000000\"><strong>A LA FEINA HAIG DE DUR MASCARETA?<\/strong> <span style=\"font-family: arial, helvetica, sans-serif\">Cliqueu <span style=\"color: #0000ff;font-family: 'arial black', sans-serif\"><a style=\"color: #0000ff\" href=\"https:\/\/diba.ccoo.cat\/novembre-2020-haig-de-portar-mascareta-a-la-meva-feina-2\/\">aqu\u00ed<\/a>.<\/span><\/span><\/span><\/li>\n<\/ul>\n<p style=\"text-align: justify\"><img loading=\"lazy\" decoding=\"async\" class=\"wp-image-6159 aligncenter\" src=\"http:\/\/ccoo.app\/diputacio-de-barcelona\/wp-content\/blogs.dir\/6\/files\/sites\/186\/2020\/05\/28-de-maig.png\" alt=\"\" width=\"175\" height=\"131\" \/><\/p>\n<p style=\"text-align: justify\">\n<p style=\"text-align: center\">\n<p style=\"text-align: center\"><img loading=\"lazy\" decoding=\"async\" class=\"wp-image-5184 aligncenter\" src=\"http:\/\/ccoo.app\/diputacio-de-barcelona\/wp-content\/blogs.dir\/6\/files\/sites\/186\/2020\/03\/i-de-info-300x300.jpg\" alt=\"\" width=\"72\" height=\"72\" srcset=\"https:\/\/ccoo.app\/diputacio-de-barcelona\/wp-content\/blogs.dir\/6\/files\/sites\/186\/2020\/03\/i-de-info-300x300.jpg 300w, https:\/\/ccoo.app\/diputacio-de-barcelona\/wp-content\/blogs.dir\/6\/files\/sites\/186\/2020\/03\/i-de-info-150x150.jpg 150w, https:\/\/ccoo.app\/diputacio-de-barcelona\/wp-content\/blogs.dir\/6\/files\/sites\/186\/2020\/03\/i-de-info.jpg 626w\" sizes=\"auto, (max-width: 72px) 100vw, 72px\" \/><\/p>\n<p style=\"text-align: center\"><span style=\"font-family: 'arial black', sans-serif;color: #000000\">DE DILLUNS A DIVENDRES<\/span><\/p>\n<p style=\"text-align: center\"><span style=\"font-family: 'arial black', sans-serif;color: #000000\">DE 10:00 A 14:30 i DE 17:00 A 19:00\u00a0<\/span><\/p>\n<p style=\"text-align: center\"><span style=\"font-family: 'arial black', sans-serif;color: #000000\">93.402.29.85 \u2013 22985 \u2013 667 90 69 64<\/span><\/p>\n<p><img loading=\"lazy\" decoding=\"async\" class=\"wp-image-5553 aligncenter\" src=\"http:\/\/ccoo.app\/diputacio-de-barcelona\/wp-content\/blogs.dir\/6\/files\/sites\/186\/2020\/04\/mail-foto-300x200.jpg\" alt=\"\" width=\"59\" height=\"39\" srcset=\"https:\/\/ccoo.app\/diputacio-de-barcelona\/wp-content\/blogs.dir\/6\/files\/sites\/186\/2020\/04\/mail-foto-300x200.jpg 300w, https:\/\/ccoo.app\/diputacio-de-barcelona\/wp-content\/blogs.dir\/6\/files\/sites\/186\/2020\/04\/mail-foto-1024x683.jpg 1024w, https:\/\/ccoo.app\/diputacio-de-barcelona\/wp-content\/blogs.dir\/6\/files\/sites\/186\/2020\/04\/mail-foto-768x512.jpg 768w, https:\/\/ccoo.app\/diputacio-de-barcelona\/wp-content\/blogs.dir\/6\/files\/sites\/186\/2020\/04\/mail-foto.jpg 1200w\" sizes=\"auto, (max-width: 59px) 100vw, 59px\" \/><\/p>\n<p style=\"text-align: center\"><span style=\"font-family: arial, helvetica, sans-serif;color: #000000\">La\u00a0SECCI\u00d3 SINDICAL DE CCOO donem resposta a tots els teus dubtes o t&#8217;ajudem solucionar els problemes que puguis tenir.<strong> T&#8217;ajudem a defensar els teus drets!<\/strong><\/span><\/p>\n<p style=\"text-align: center\"><span style=\"font-family: 'arial black', sans-serif;color: #0000ff\"><a style=\"color: #0000ff\" href=\"mailto:ccoo@diba.cat\"><strong>ccoo@diba.cat<\/strong><\/a><\/span><\/p>\n<p style=\"text-align: center\"><span style=\"font-family: 'arial black', sans-serif;color: #0000ff\"><a style=\"color: #0000ff\" href=\"mailto:orgt.ssccoo@diba.cat\">orgt.ssccoo@diba.cat<\/a><\/span><\/p>\n<p><img loading=\"lazy\" decoding=\"async\" class=\"wp-image-6417 aligncenter\" src=\"http:\/\/ccoo.app\/diputacio-de-barcelona\/wp-content\/blogs.dir\/6\/files\/sites\/186\/2020\/07\/ccoo-diba-prevencio-300x280.png\" alt=\"\" width=\"57\" height=\"53\" srcset=\"https:\/\/ccoo.app\/diputacio-de-barcelona\/wp-content\/blogs.dir\/6\/files\/sites\/186\/2020\/07\/ccoo-diba-prevencio-300x280.png 300w, https:\/\/ccoo.app\/diputacio-de-barcelona\/wp-content\/blogs.dir\/6\/files\/sites\/186\/2020\/07\/ccoo-diba-prevencio.png 490w\" sizes=\"auto, (max-width: 57px) 100vw, 57px\" \/><\/p>\n<p style=\"text-align: center\"><span style=\"font-family: arial, helvetica, sans-serif;color: #000000\">Contacte directe amb els i les delegades de prevenci\u00f3: clic <a href=\"https:\/\/diba.ccoo.cat\/ajuda-dels-nostres-delegats-i-delegades-de-prevencio\/\"><span style=\"font-family: 'arial black', sans-serif;color: #0000ff\">aqu\u00ed<\/span><\/a><\/span><\/p>\n<p><img loading=\"lazy\" decoding=\"async\" class=\"wp-image-5554 aligncenter\" src=\"http:\/\/ccoo.app\/diputacio-de-barcelona\/wp-content\/blogs.dir\/6\/files\/sites\/186\/2020\/04\/mail-foto-enviar-300x212.jpg\" alt=\"\" width=\"67\" height=\"47\" srcset=\"https:\/\/ccoo.app\/diputacio-de-barcelona\/wp-content\/blogs.dir\/6\/files\/sites\/186\/2020\/04\/mail-foto-enviar-300x212.jpg 300w, https:\/\/ccoo.app\/diputacio-de-barcelona\/wp-content\/blogs.dir\/6\/files\/sites\/186\/2020\/04\/mail-foto-enviar-1024x724.jpg 1024w, https:\/\/ccoo.app\/diputacio-de-barcelona\/wp-content\/blogs.dir\/6\/files\/sites\/186\/2020\/04\/mail-foto-enviar-768x543.jpg 768w, https:\/\/ccoo.app\/diputacio-de-barcelona\/wp-content\/blogs.dir\/6\/files\/sites\/186\/2020\/04\/mail-foto-enviar.jpg 1200w\" sizes=\"auto, (max-width: 67px) 100vw, 67px\" \/><\/p>\n<p style=\"text-align: center\"><span style=\"font-family: arial, helvetica, sans-serif;color: #000000\">Encara no t&#8217;has descarregat la nostra <a href=\"http:\/\/www.ccoo.cat\/carnet\/index.aspx?qr=1#descarrega\"><span style=\"font-family: 'arial black', sans-serif;color: #0000ff\">APP<\/span><\/a> CCOO-Diba d&#8217;informaci\u00f3 sindical?<\/span><\/p>\n<p style=\"text-align: center\"><span style=\"font-family: arial, helvetica, sans-serif;color: #000000\">Fes clic <a href=\"http:\/\/www.ccoo.cat\/carnet\/index.aspx?qr=1#descarrega\"><span style=\"font-family: 'arial black', sans-serif;color: #0000ff\">aqu\u00ed<\/span><\/a> per tenir la informaci\u00f3 abans que ning\u00fa!<\/span><\/p>\n<p><img loading=\"lazy\" decoding=\"async\" class=\"wp-image-5915 aligncenter\" src=\"http:\/\/ccoo.app\/diputacio-de-barcelona\/wp-content\/blogs.dir\/6\/files\/sites\/186\/2020\/05\/xarxes-socials-300x169.png\" alt=\"\" width=\"227\" height=\"128\" srcset=\"https:\/\/ccoo.app\/diputacio-de-barcelona\/wp-content\/blogs.dir\/6\/files\/sites\/186\/2020\/05\/xarxes-socials-300x169.png 300w, https:\/\/ccoo.app\/diputacio-de-barcelona\/wp-content\/blogs.dir\/6\/files\/sites\/186\/2020\/05\/xarxes-socials-1024x576.png 1024w, https:\/\/ccoo.app\/diputacio-de-barcelona\/wp-content\/blogs.dir\/6\/files\/sites\/186\/2020\/05\/xarxes-socials-768x432.png 768w, https:\/\/ccoo.app\/diputacio-de-barcelona\/wp-content\/blogs.dir\/6\/files\/sites\/186\/2020\/05\/xarxes-socials.png 1200w\" sizes=\"auto, (max-width: 227px) 100vw, 227px\" \/><\/p>\n<p style=\"text-align: center\"><span style=\"font-family: arial, helvetica, sans-serif;color: #000000\">Tamb\u00e9 trobar\u00e0s CCOO-Diba a les xarxes socials. Clica sobre la icona de la teva xarxa favorita:<\/span><\/p>\n<p><a href=\"https:\/\/twitter.com\/CCOODiba\"><img loading=\"lazy\" decoding=\"async\" class=\" wp-image-5728 aligncenter\" src=\"http:\/\/ccoo.app\/diputacio-de-barcelona\/wp-content\/blogs.dir\/6\/files\/sites\/186\/2020\/04\/twitter-300x300.png\" alt=\"\" width=\"89\" height=\"89\" srcset=\"https:\/\/ccoo.app\/diputacio-de-barcelona\/wp-content\/blogs.dir\/6\/files\/sites\/186\/2020\/04\/twitter-300x300.png 300w, https:\/\/ccoo.app\/diputacio-de-barcelona\/wp-content\/blogs.dir\/6\/files\/sites\/186\/2020\/04\/twitter-150x150.png 150w, https:\/\/ccoo.app\/diputacio-de-barcelona\/wp-content\/blogs.dir\/6\/files\/sites\/186\/2020\/04\/twitter.png 512w\" sizes=\"auto, (max-width: 89px) 100vw, 89px\" \/><\/a><\/p>\n<p><a href=\"https:\/\/www.instagram.com\/ccoo_diba\/?hl=es\"><img loading=\"lazy\" decoding=\"async\" class=\"wp-image-5730 aligncenter\" src=\"http:\/\/ccoo.app\/diputacio-de-barcelona\/wp-content\/blogs.dir\/6\/files\/sites\/186\/2020\/04\/instragram-300x300.png\" alt=\"\" width=\"91\" height=\"91\" srcset=\"https:\/\/ccoo.app\/diputacio-de-barcelona\/wp-content\/blogs.dir\/6\/files\/sites\/186\/2020\/04\/instragram-300x300.png 300w, https:\/\/ccoo.app\/diputacio-de-barcelona\/wp-content\/blogs.dir\/6\/files\/sites\/186\/2020\/04\/instragram-150x150.png 150w, https:\/\/ccoo.app\/diputacio-de-barcelona\/wp-content\/blogs.dir\/6\/files\/sites\/186\/2020\/04\/instragram.png 512w\" sizes=\"auto, (max-width: 91px) 100vw, 91px\" \/><\/a><\/p>\n<p><a href=\"https:\/\/www.facebook.com\/CcooDiputacioDeBarcelona\/\"><img loading=\"lazy\" decoding=\"async\" class=\"wp-image-5729 aligncenter\" src=\"http:\/\/ccoo.app\/diputacio-de-barcelona\/wp-content\/blogs.dir\/6\/files\/sites\/186\/2020\/04\/facebook-300x300.png\" alt=\"\" width=\"90\" height=\"90\" srcset=\"https:\/\/ccoo.app\/diputacio-de-barcelona\/wp-content\/blogs.dir\/6\/files\/sites\/186\/2020\/04\/facebook-300x300.png 300w, https:\/\/ccoo.app\/diputacio-de-barcelona\/wp-content\/blogs.dir\/6\/files\/sites\/186\/2020\/04\/facebook-150x150.png 150w, https:\/\/ccoo.app\/diputacio-de-barcelona\/wp-content\/blogs.dir\/6\/files\/sites\/186\/2020\/04\/facebook.png 325w\" sizes=\"auto, (max-width: 90px) 100vw, 90px\" \/><\/a><a href=\"https:\/\/www.youtube.com\/channel\/UCFzenkS75udEcs4pB4qoZsg\"><img loading=\"lazy\" decoding=\"async\" class=\" wp-image-5916 aligncenter\" src=\"http:\/\/ccoo.app\/diputacio-de-barcelona\/wp-content\/blogs.dir\/6\/files\/sites\/186\/2020\/05\/youtube-300x115.jpg\" alt=\"\" width=\"122\" height=\"47\" srcset=\"https:\/\/ccoo.app\/diputacio-de-barcelona\/wp-content\/blogs.dir\/6\/files\/sites\/186\/2020\/05\/youtube-300x115.jpg 300w, https:\/\/ccoo.app\/diputacio-de-barcelona\/wp-content\/blogs.dir\/6\/files\/sites\/186\/2020\/05\/youtube-1024x391.jpg 1024w, https:\/\/ccoo.app\/diputacio-de-barcelona\/wp-content\/blogs.dir\/6\/files\/sites\/186\/2020\/05\/youtube-768x293.jpg 768w, https:\/\/ccoo.app\/diputacio-de-barcelona\/wp-content\/blogs.dir\/6\/files\/sites\/186\/2020\/05\/youtube.jpg 1200w\" sizes=\"auto, (max-width: 122px) 100vw, 122px\" \/><\/a><\/p>\n<p><iframe loading=\"lazy\" title=\"Hauran de comptar amb nosaltres. Salut, treball i just\u00edcia social || 1r de maig del 2020.\" width=\"1200\" height=\"675\" src=\"https:\/\/www.youtube.com\/embed\/uS104R3aSJs?feature=oembed\" frameborder=\"0\" allow=\"accelerometer; autoplay; clipboard-write; encrypted-media; gyroscope; picture-in-picture; web-share\" allowfullscreen><\/iframe>    \t<\/p>\n","protected":false},"excerpt":{"rendered":"<p>\u00a0RESUM DE LA REUNI\u00d3 DEL COMIT\u00c8 DE SEGURETAT\u00a0 I SALUT (29.01) i DE LA COMISSI\u00d3 DE SEGUIMENT DEL PROTOCOL ANTI-COVID (02.02) &#8211; 2 de febrer de 2021- INCLOU INFORMACI\u00d3 REBUDA &#8230; <\/p>\n<p class=\"read-more-container\"><a title=\"RESUM DE LA REUNI\u00d3 DEL COMIT\u00c8 DE SEGURETAT I SALUT i DE LA COMISSI\u00d3 DE SEGUIMENT DEL PROTOCOL ANTI-COVID\" class=\"read-more button\" href=\"https:\/\/ccoo.app\/diputacio-de-barcelona\/02-02-2021-css-i-comissio-seguiment-diba\/#more-7545\" aria-label=\"Leer m\u00e1s sobre RESUM DE LA REUNI\u00d3 DEL COMIT\u00c8 DE SEGURETAT I SALUT i DE LA COMISSI\u00d3 DE SEGUIMENT DEL PROTOCOL ANTI-COVID\">Continuar llegint<\/a><\/p>\n","protected":false},"author":4519,"featured_media":6417,"comment_status":"open","ping_status":"open","sticky":false,"template":"","format":"standard","meta":{"footnotes":""},"categories":[38,19,29,34,35,37],"tags":[167,189,212,221],"class_list":["post-7545","post","type-post","status-publish","format-standard","has-post-thumbnail","hentry","category-a-tot-el-personal","category-comunicats","category-orgt-2","category-respir","category-salut-laboral","category-xbm","tag-orgt","tag-prevencio","tag-salut","tag-teletreball","generate-columns","tablet-grid-50","mobile-grid-100","grid-parent","grid-50"],"_links":{"self":[{"href":"https:\/\/ccoo.app\/diputacio-de-barcelona\/wp-json\/wp\/v2\/posts\/7545","targetHints":{"allow":["GET"]}}],"collection":[{"href":"https:\/\/ccoo.app\/diputacio-de-barcelona\/wp-json\/wp\/v2\/posts"}],"about":[{"href":"https:\/\/ccoo.app\/diputacio-de-barcelona\/wp-json\/wp\/v2\/types\/post"}],"author":[{"embeddable":true,"href":"https:\/\/ccoo.app\/diputacio-de-barcelona\/wp-json\/wp\/v2\/users\/4519"}],"replies":[{"embeddable":true,"href":"https:\/\/ccoo.app\/diputacio-de-barcelona\/wp-json\/wp\/v2\/comments?post=7545"}],"version-history":[{"count":1,"href":"https:\/\/ccoo.app\/diputacio-de-barcelona\/wp-json\/wp\/v2\/posts\/7545\/revisions"}],"predecessor-version":[{"id":50798,"href":"https:\/\/ccoo.app\/diputacio-de-barcelona\/wp-json\/wp\/v2\/posts\/7545\/revisions\/50798"}],"wp:featuredmedia":[{"embeddable":true,"href":"https:\/\/ccoo.app\/diputacio-de-barcelona\/wp-json\/wp\/v2\/media\/6417"}],"wp:attachment":[{"href":"https:\/\/ccoo.app\/diputacio-de-barcelona\/wp-json\/wp\/v2\/media?parent=7545"}],"wp:term":[{"taxonomy":"category","embeddable":true,"href":"https:\/\/ccoo.app\/diputacio-de-barcelona\/wp-json\/wp\/v2\/categories?post=7545"},{"taxonomy":"post_tag","embeddable":true,"href":"https:\/\/ccoo.app\/diputacio-de-barcelona\/wp-json\/wp\/v2\/tags?post=7545"}],"curies":[{"name":"wp","href":"https:\/\/api.w.org\/{rel}","templated":true}]}}