{"id":7532,"date":"2021-01-28T15:15:59","date_gmt":"2021-01-28T14:15:59","guid":{"rendered":"https:\/\/diba.ccoo.cat\/?p=7532"},"modified":"2023-10-17T14:02:11","modified_gmt":"2023-10-17T12:02:11","slug":"la-diputacio-de-barcelona-reconsidera-la-seva-decisio-mantindra-la-vigilancia-a-les-oficines-de-lorgt","status":"publish","type":"post","link":"https:\/\/ccoo.app\/diputacio-de-barcelona\/la-diputacio-de-barcelona-reconsidera-la-seva-decisio-mantindra-la-vigilancia-a-les-oficines-de-lorgt\/","title":{"rendered":"TAL COM EXIGIA CCOO: ES MANTINDR\u00c0 EL SERVEI DE VIGIL\u00c0NCIA A L&#8217;ORGT"},"content":{"rendered":"<p><a href=\"https:\/\/diba.ccoo.cat\/\"><img loading=\"lazy\" decoding=\"async\" class=\"wp-image-5909 aligncenter\" src=\"http:\/\/ccoo.app\/diputacio-de-barcelona\/wp-content\/blogs.dir\/6\/files\/sites\/186\/2020\/05\/nota-1-300x86.png\" alt=\"\" width=\"92\" height=\"27\" srcset=\"https:\/\/ccoo.app\/diputacio-de-barcelona\/wp-content\/blogs.dir\/6\/files\/sites\/186\/2020\/05\/nota-1-300x86.png 300w, https:\/\/ccoo.app\/diputacio-de-barcelona\/wp-content\/blogs.dir\/6\/files\/sites\/186\/2020\/05\/nota-1.png 339w\" sizes=\"auto, (max-width: 92px) 100vw, 92px\" \/><\/a><\/p>\n<p class=\"wp-caption-text\"><a href=\"https:\/\/diba.ccoo.cat\/\"><img loading=\"lazy\" decoding=\"async\" class=\"wp-image-1853 aligncenter\" src=\"http:\/\/ccoo.app\/diputacio-de-barcelona\/wp-content\/blogs.dir\/6\/files\/sites\/186\/2018\/01\/logoccoov18.jpg\" alt=\"\" width=\"240\" height=\"110\" \/><\/a><\/p>\n<p><a href=\"http:\/\/ccoo.app\/diputacio-de-barcelona\/wp-content\/blogs.dir\/6\/files\/sites\/186\/2021\/01\/seguretat-orgt_la-diputacio-reconsidera-la-seva-decisio.pdf\"><img loading=\"lazy\" decoding=\"async\" class=\"wp-image-5910 aligncenter\" src=\"http:\/\/ccoo.app\/diputacio-de-barcelona\/wp-content\/blogs.dir\/6\/files\/sites\/186\/2020\/05\/nota-3-300x83.png\" alt=\"\" width=\"90\" height=\"25\" srcset=\"https:\/\/ccoo.app\/diputacio-de-barcelona\/wp-content\/blogs.dir\/6\/files\/sites\/186\/2020\/05\/nota-3-300x83.png 300w, https:\/\/ccoo.app\/diputacio-de-barcelona\/wp-content\/blogs.dir\/6\/files\/sites\/186\/2020\/05\/nota-3.png 337w\" sizes=\"auto, (max-width: 90px) 100vw, 90px\" \/><\/a><\/p>\n<p style=\"text-align: center\"><span style=\"font-family: 'arial black', sans-serif;font-size: 24px;color: #0000ff\"><span style=\"font-family: 'arial black', sans-serif\"><span style=\"color: #0000ff\">LA DIPUPACI\u00d3 DE BARCELONA <\/span><b>RECONSIDERA LA SEVA DECISI\u00d3: MANTINDR\u00c0 LA VIGIL\u00c0NCIA A LES OFICINES DE L&#8217;ORGT <\/b><\/span><\/span><\/p>\n<p style=\"text-align: center\"><span style=\"color: #000000\"><span style=\"color: #000000;font-family: arial black, sans-serif\"><span style=\"font-size: 20px\">S&#8217;OBRE UN ESPAI DE DI\u00c0LEG<\/span><\/span><\/span><\/p>\n<p style=\"text-align: center\"><span style=\"color: #000000;font-family: arial black, sans-serif\"><span style=\"font-size: 20px\">LA SALUT F\u00cdSICA I EMOCIONAL NO T\u00c9 PREU!<\/span><\/span><\/p>\n<p style=\"text-align: center\"><span style=\"font-family: arial, helvetica, sans-serif;font-size: 14px;color: #000000\">&#8211; 28 gener de 2021-<\/span><\/p>\n<p><span style=\"color: #000000\">La Diputaci\u00f3 fa marxa enrere respecte a la seva decisi\u00f3 de suprimir el servei de vigil\u00e0ncia a partir de l\u20191 de febrer. Es mantindr\u00e0 aquest servei al menys durant aquest 2021, establint paral\u00b7lelament un comprom\u00eds de no prendre cap decisi\u00f3 sense abans haver tractat el tema amb els sindicats.<\/span><\/p>\n<p><span style=\"color: #000000\">Tal com denunci\u00e0vem dimarts al nostre comunicat (cliqueu<\/span> <a href=\"https:\/\/diba.ccoo.cat\/retallar-la-seguretat-a-les-oficines-de-lorgt\/\"><span style=\"color: #0000ff\"><strong>aqu\u00ed<\/strong><\/span><\/a>), <span style=\"color: #000000\">la corporaci\u00f3 reconeix que la decisi\u00f3 presa unilateralment de suprimir el servei de vigil\u00e0ncia a les oficines de recaptaci\u00f3 de tributs en mig d\u2019una crisi sanit\u00e0ria, social i econ\u00f2mica no era gens encertada.<\/span><\/p>\n<p><span style=\"color: #000000\">Ahir dimecres, mitjan\u00e7ant registre electr\u00f2nic, vam enviar al coordinador de RH de la Diputaci\u00f3 totes les <strong>signatures de suport<\/strong> que ens vau fer arribar (m\u00e9s del 80% del personal de les oficines afectades). <strong>MOLTES GR\u00c0CIES!<\/strong> De nou, es demostra que quan ens unim tenim m\u00e9s for\u00e7a.<\/span><\/p>\n<p><a href=\"http:\/\/ccoo.app\/diputacio-de-barcelona\/wp-content\/blogs.dir\/6\/files\/sites\/186\/2021\/01\/foto-lluita-seguretat-oficines-orgt.jpg\"><img loading=\"lazy\" decoding=\"async\" class=\" wp-image-7537 aligncenter\" src=\"http:\/\/ccoo.app\/diputacio-de-barcelona\/wp-content\/blogs.dir\/6\/files\/sites\/186\/2021\/01\/foto-lluita-seguretat-oficines-orgt-225x300.jpg\" alt=\"\" width=\"290\" height=\"387\" srcset=\"https:\/\/ccoo.app\/diputacio-de-barcelona\/wp-content\/blogs.dir\/6\/files\/sites\/186\/2021\/01\/foto-lluita-seguretat-oficines-orgt-225x300.jpg 225w, https:\/\/ccoo.app\/diputacio-de-barcelona\/wp-content\/blogs.dir\/6\/files\/sites\/186\/2021\/01\/foto-lluita-seguretat-oficines-orgt.jpg 601w\" sizes=\"auto, (max-width: 290px) 100vw, 290px\" \/><\/a><\/p>\n<p><span style=\"color: #000000\">CCOO-Diba ja ho ten\u00edem tot enllestit per mobilitzacionar-nos a totes les oficines afectades. Davant el replantejament de la Diputaci\u00f3, paralitzem les accions previstes. Ara b\u00e9, que tothom ho tingui clar: <strong>defensem i defensarem que es mantingui la seguretat a les oficines i s\u2019ampli\u00ef a totes aquelles on es detecti la necessitat.<\/strong><\/span><\/p>\n<p><span style=\"color: #000000\">A la reuni\u00f3, hem deixat clar que si la Diputaci\u00f3 de Barcelona vol estalviar diners que ho faci d\u2019altres partides pressupost\u00e0ries i no en mat\u00e8ria de seguretat del personal. Cal que fem nosaltres un llistat de les despeses que considerem prescindibles en aquesta corporaci\u00f3? Ens en surten moltes&#8230;<\/span><\/p>\n<p><span style=\"color: #000000\">Hem demanat que <strong>s\u2019elabori un nou informe <\/strong>actualitzat a les circumst\u00e0ncies excepcionals que estem vivint, independent i sense posicions prefixades. Ens han dit que es far\u00e0 un nou informe i que, tal com tamb\u00e9 deman\u00e0vem, aquest el realitzar\u00e0 directament els serveis t\u00e8cnics corporatius.<\/span><\/p>\n<p><span style=\"color: #000000\">Per a CCOO-Diba, la seguretat a les oficines s\u2019ha d\u2019entomar des d\u2019una visi\u00f3 global adaptant aquesta a les diferents realitats socials del territori. Per tant, s\u2019han d\u2019implementar noves mesures i refor\u00e7ar les existents adequant-les a les necessitats.<\/span><\/p>\n<p><span style=\"color: #000000\">S\u2019ha d\u2019escoltar els treballadors i treballadores que s\u00f3n el motor productiu de la nostra corporaci\u00f3 demostrant cada dia la seva professionalitat. Cal doncs, tenir en compte de manera priorit\u00e0ria el seu benestar f\u00edsic i emocional.<\/span><\/p>\n<h4 style=\"text-align: center\"><span style=\"color: #0000ff\">LA SALUT F\u00cdSICA I EMOCIONAL NO T\u00c9 PREU<\/span><\/h4>\n<h4 style=\"text-align: center\"><span style=\"color: #0000ff\"><strong>GARANTIU <\/strong>LA NOSTRA SEGURETAT!<\/span><\/h4>\n<p style=\"text-align: center\"><img loading=\"lazy\" decoding=\"async\" class=\"wp-image-5184 aligncenter\" src=\"http:\/\/ccoo.app\/diputacio-de-barcelona\/wp-content\/blogs.dir\/6\/files\/sites\/186\/2020\/03\/i-de-info-300x300.jpg\" alt=\"\" width=\"72\" height=\"72\" srcset=\"https:\/\/ccoo.app\/diputacio-de-barcelona\/wp-content\/blogs.dir\/6\/files\/sites\/186\/2020\/03\/i-de-info-300x300.jpg 300w, https:\/\/ccoo.app\/diputacio-de-barcelona\/wp-content\/blogs.dir\/6\/files\/sites\/186\/2020\/03\/i-de-info-150x150.jpg 150w, https:\/\/ccoo.app\/diputacio-de-barcelona\/wp-content\/blogs.dir\/6\/files\/sites\/186\/2020\/03\/i-de-info.jpg 626w\" sizes=\"auto, (max-width: 72px) 100vw, 72px\" \/><span style=\"font-family: 'arial black', sans-serif;font-size: 20px;color: #ffff00;background-color: #ff0000\">TOTA LA INFORMACI\u00d3 SINDICAL QUE NECESSITES<\/span><\/p>\n<p><img loading=\"lazy\" decoding=\"async\" class=\"wp-image-5913 aligncenter\" src=\"http:\/\/ccoo.app\/diputacio-de-barcelona\/wp-content\/blogs.dir\/6\/files\/sites\/186\/2020\/05\/telefono-300x300.jpg\" alt=\"\" width=\"59\" height=\"59\" srcset=\"https:\/\/ccoo.app\/diputacio-de-barcelona\/wp-content\/blogs.dir\/6\/files\/sites\/186\/2020\/05\/telefono-300x300.jpg 300w, https:\/\/ccoo.app\/diputacio-de-barcelona\/wp-content\/blogs.dir\/6\/files\/sites\/186\/2020\/05\/telefono-150x150.jpg 150w, https:\/\/ccoo.app\/diputacio-de-barcelona\/wp-content\/blogs.dir\/6\/files\/sites\/186\/2020\/05\/telefono.jpg 600w\" sizes=\"auto, (max-width: 59px) 100vw, 59px\" \/><\/p>\n<p style=\"text-align: center\"><span style=\"font-family: 'arial black', sans-serif;color: #000000\">DE DILLUNS A DIVENDRES<\/span><\/p>\n<p style=\"text-align: center\"><span style=\"font-family: 'arial black', sans-serif;color: #000000;background-color: #ffff00\">DE 10:00 A 14:30 i DE 17:00 A 19:00\u00a0<\/span><\/p>\n<p style=\"text-align: center\"><span style=\"font-family: 'arial black', sans-serif;color: #ff0000\">93.402.29.85 \u2013 22985 \u2013 667 90 69 64<\/span><\/p>\n<p><a href=\"https:\/\/www.ccoo.cat\/aspnet\/afiliacio.aspx\"><img loading=\"lazy\" decoding=\"async\" class=\"wp-image-7512 aligncenter\" src=\"http:\/\/ccoo.app\/diputacio-de-barcelona\/wp-content\/blogs.dir\/6\/files\/sites\/186\/2021\/01\/afiliat.jpg\" alt=\"\" width=\"134\" height=\"53\" \/><\/a><\/p>\n<p style=\"text-align: center\"><span style=\"font-family: arial, helvetica, sans-serif;color: #000000\">La\u00a0SECCI\u00d3 SINDICAL DE CCOO donem resposta a tots els teus dubtes o t&#8217;ajudem solucionar els problemes que puguis tenir.<strong> T&#8217;ajudem a defensar els teus drets!<\/strong><\/span><\/p>\n<p style=\"text-align: center\"><span style=\"font-family: 'arial black', sans-serif;color: #0000ff\"><a style=\"color: #0000ff\" href=\"mailto:ccoo@diba.cat\"><strong>ccoo@diba.cat<\/strong><\/a><\/span><\/p>\n<p style=\"text-align: center\"><span style=\"font-family: 'arial black', sans-serif;color: #0000ff\"><a style=\"color: #0000ff\" href=\"mailto:orgt.ssccoo@diba.cat\">orgt.ssccoo@diba.cat<\/a><\/span><\/p>\n<p><img loading=\"lazy\" decoding=\"async\" class=\"wp-image-5554 aligncenter\" src=\"http:\/\/ccoo.app\/diputacio-de-barcelona\/wp-content\/blogs.dir\/6\/files\/sites\/186\/2020\/04\/mail-foto-enviar-300x212.jpg\" alt=\"\" width=\"67\" height=\"47\" srcset=\"https:\/\/ccoo.app\/diputacio-de-barcelona\/wp-content\/blogs.dir\/6\/files\/sites\/186\/2020\/04\/mail-foto-enviar-300x212.jpg 300w, https:\/\/ccoo.app\/diputacio-de-barcelona\/wp-content\/blogs.dir\/6\/files\/sites\/186\/2020\/04\/mail-foto-enviar-1024x724.jpg 1024w, https:\/\/ccoo.app\/diputacio-de-barcelona\/wp-content\/blogs.dir\/6\/files\/sites\/186\/2020\/04\/mail-foto-enviar-768x543.jpg 768w, https:\/\/ccoo.app\/diputacio-de-barcelona\/wp-content\/blogs.dir\/6\/files\/sites\/186\/2020\/04\/mail-foto-enviar.jpg 1200w\" sizes=\"auto, (max-width: 67px) 100vw, 67px\" \/><\/p>\n<p style=\"text-align: center\"><span style=\"font-family: arial, helvetica, sans-serif;color: #000000\">Encara no t&#8217;has descarregat la nostra <a href=\"http:\/\/www.ccoo.cat\/carnet\/index.aspx?qr=1#descarrega\"><span style=\"font-family: 'arial black', sans-serif;color: #0000ff\">APP<\/span><\/a> CCOO-Diba d&#8217;informaci\u00f3 sindical?<\/span><\/p>\n<p style=\"text-align: center\"><span style=\"font-family: arial, helvetica, sans-serif;color: #000000\">Fes clic <a href=\"http:\/\/www.ccoo.cat\/carnet\/index.aspx?qr=1#descarrega\"><span style=\"font-family: 'arial black', sans-serif;color: #0000ff\">aqu\u00ed<\/span><\/a> per tenir la informaci\u00f3 abans que ning\u00fa!<\/span><\/p>\n<p><img loading=\"lazy\" decoding=\"async\" class=\"wp-image-5915 aligncenter\" src=\"http:\/\/ccoo.app\/diputacio-de-barcelona\/wp-content\/blogs.dir\/6\/files\/sites\/186\/2020\/05\/xarxes-socials-300x169.png\" alt=\"\" width=\"227\" height=\"128\" srcset=\"https:\/\/ccoo.app\/diputacio-de-barcelona\/wp-content\/blogs.dir\/6\/files\/sites\/186\/2020\/05\/xarxes-socials-300x169.png 300w, https:\/\/ccoo.app\/diputacio-de-barcelona\/wp-content\/blogs.dir\/6\/files\/sites\/186\/2020\/05\/xarxes-socials-1024x576.png 1024w, https:\/\/ccoo.app\/diputacio-de-barcelona\/wp-content\/blogs.dir\/6\/files\/sites\/186\/2020\/05\/xarxes-socials-768x432.png 768w, https:\/\/ccoo.app\/diputacio-de-barcelona\/wp-content\/blogs.dir\/6\/files\/sites\/186\/2020\/05\/xarxes-socials.png 1200w\" sizes=\"auto, (max-width: 227px) 100vw, 227px\" \/><\/p>\n<p style=\"text-align: center\"><span style=\"font-family: arial, helvetica, sans-serif;color: #000000\">Tamb\u00e9 trobar\u00e0s CCOO-Diba a les xarxes socials. Clica sobre la icona de la teva xarxa favorita:<\/span><\/p>\n<p><a href=\"https:\/\/twitter.com\/CCOODiba\"><img loading=\"lazy\" decoding=\"async\" class=\" wp-image-5728 aligncenter\" src=\"http:\/\/ccoo.app\/diputacio-de-barcelona\/wp-content\/blogs.dir\/6\/files\/sites\/186\/2020\/04\/twitter-300x300.png\" alt=\"\" width=\"89\" height=\"89\" srcset=\"https:\/\/ccoo.app\/diputacio-de-barcelona\/wp-content\/blogs.dir\/6\/files\/sites\/186\/2020\/04\/twitter-300x300.png 300w, https:\/\/ccoo.app\/diputacio-de-barcelona\/wp-content\/blogs.dir\/6\/files\/sites\/186\/2020\/04\/twitter-150x150.png 150w, https:\/\/ccoo.app\/diputacio-de-barcelona\/wp-content\/blogs.dir\/6\/files\/sites\/186\/2020\/04\/twitter.png 512w\" sizes=\"auto, (max-width: 89px) 100vw, 89px\" \/><\/a><\/p>\n<p><a href=\"https:\/\/www.instagram.com\/ccoo_diba\/?hl=es\"><img loading=\"lazy\" decoding=\"async\" class=\"wp-image-5730 aligncenter\" src=\"http:\/\/ccoo.app\/diputacio-de-barcelona\/wp-content\/blogs.dir\/6\/files\/sites\/186\/2020\/04\/instragram-300x300.png\" alt=\"\" width=\"91\" height=\"91\" srcset=\"https:\/\/ccoo.app\/diputacio-de-barcelona\/wp-content\/blogs.dir\/6\/files\/sites\/186\/2020\/04\/instragram-300x300.png 300w, https:\/\/ccoo.app\/diputacio-de-barcelona\/wp-content\/blogs.dir\/6\/files\/sites\/186\/2020\/04\/instragram-150x150.png 150w, https:\/\/ccoo.app\/diputacio-de-barcelona\/wp-content\/blogs.dir\/6\/files\/sites\/186\/2020\/04\/instragram.png 512w\" sizes=\"auto, (max-width: 91px) 100vw, 91px\" \/><\/a><\/p>\n<p><a href=\"https:\/\/www.facebook.com\/CcooDiputacioDeBarcelona\/\"><img loading=\"lazy\" decoding=\"async\" class=\"wp-image-5729 aligncenter\" src=\"http:\/\/ccoo.app\/diputacio-de-barcelona\/wp-content\/blogs.dir\/6\/files\/sites\/186\/2020\/04\/facebook-300x300.png\" alt=\"\" width=\"90\" height=\"90\" srcset=\"https:\/\/ccoo.app\/diputacio-de-barcelona\/wp-content\/blogs.dir\/6\/files\/sites\/186\/2020\/04\/facebook-300x300.png 300w, https:\/\/ccoo.app\/diputacio-de-barcelona\/wp-content\/blogs.dir\/6\/files\/sites\/186\/2020\/04\/facebook-150x150.png 150w, https:\/\/ccoo.app\/diputacio-de-barcelona\/wp-content\/blogs.dir\/6\/files\/sites\/186\/2020\/04\/facebook.png 325w\" sizes=\"auto, (max-width: 90px) 100vw, 90px\" \/><\/a><a href=\"https:\/\/www.youtube.com\/channel\/UCFzenkS75udEcs4pB4qoZsg\"><img loading=\"lazy\" decoding=\"async\" class=\" wp-image-5916 aligncenter\" src=\"http:\/\/ccoo.app\/diputacio-de-barcelona\/wp-content\/blogs.dir\/6\/files\/sites\/186\/2020\/05\/youtube-300x115.jpg\" alt=\"\" width=\"122\" height=\"47\" srcset=\"https:\/\/ccoo.app\/diputacio-de-barcelona\/wp-content\/blogs.dir\/6\/files\/sites\/186\/2020\/05\/youtube-300x115.jpg 300w, https:\/\/ccoo.app\/diputacio-de-barcelona\/wp-content\/blogs.dir\/6\/files\/sites\/186\/2020\/05\/youtube-1024x391.jpg 1024w, https:\/\/ccoo.app\/diputacio-de-barcelona\/wp-content\/blogs.dir\/6\/files\/sites\/186\/2020\/05\/youtube-768x293.jpg 768w, https:\/\/ccoo.app\/diputacio-de-barcelona\/wp-content\/blogs.dir\/6\/files\/sites\/186\/2020\/05\/youtube.jpg 1200w\" sizes=\"auto, (max-width: 122px) 100vw, 122px\" \/><\/a><\/p>\n<p><iframe loading=\"lazy\" title=\"Hauran de comptar amb nosaltres. Salut, treball i just\u00edcia social || 1r de maig del 2020.\" width=\"1200\" height=\"675\" src=\"https:\/\/www.youtube.com\/embed\/uS104R3aSJs?feature=oembed\" frameborder=\"0\" allow=\"accelerometer; autoplay; clipboard-write; encrypted-media; gyroscope; picture-in-picture; web-share\" allowfullscreen><\/iframe><\/p>\n<p><a href=\"https:\/\/diba.ccoo.cat\/plantilla-1-6-2\/\"><img loading=\"lazy\" decoding=\"async\" class=\"size-medium wp-image-6853 aligncenter\" src=\"http:\/\/ccoo.app\/diputacio-de-barcelona\/wp-content\/blogs.dir\/6\/files\/sites\/186\/2020\/10\/ccoo-primer-sindicat-cliqueu-300x110.png\" alt=\"\" width=\"300\" height=\"110\" srcset=\"https:\/\/ccoo.app\/diputacio-de-barcelona\/wp-content\/blogs.dir\/6\/files\/sites\/186\/2020\/10\/ccoo-primer-sindicat-cliqueu-300x110.png 300w, https:\/\/ccoo.app\/diputacio-de-barcelona\/wp-content\/blogs.dir\/6\/files\/sites\/186\/2020\/10\/ccoo-primer-sindicat-cliqueu.png 448w\" sizes=\"auto, (max-width: 300px) 100vw, 300px\" \/><\/a><\/p>\n<p><a href=\"https:\/\/diba.ccoo.cat\/mesa-general-de-negociacio-de-materies-comunes-de-la-diba\/\"><img loading=\"lazy\" decoding=\"async\" class=\"size-medium wp-image-7171 aligncenter\" src=\"http:\/\/ccoo.app\/diputacio-de-barcelona\/wp-content\/blogs.dir\/6\/files\/sites\/186\/2020\/11\/mgnmc-imatges-300x101.png\" alt=\"\" width=\"300\" height=\"101\" srcset=\"https:\/\/ccoo.app\/diputacio-de-barcelona\/wp-content\/blogs.dir\/6\/files\/sites\/186\/2020\/11\/mgnmc-imatges-300x101.png 300w, https:\/\/ccoo.app\/diputacio-de-barcelona\/wp-content\/blogs.dir\/6\/files\/sites\/186\/2020\/11\/mgnmc-imatges.png 324w\" sizes=\"auto, (max-width: 300px) 100vw, 300px\" \/><\/a><a href=\"https:\/\/www.ccoo.cat\/aspnet\/motius_afiliarte.aspx\"><img loading=\"lazy\" decoding=\"async\" class=\"size-medium wp-image-6841 aligncenter\" src=\"http:\/\/ccoo.app\/diputacio-de-barcelona\/wp-content\/blogs.dir\/6\/files\/sites\/186\/2020\/10\/afiliat-ccoo-300x199.png\" alt=\"\" width=\"300\" height=\"199\" srcset=\"https:\/\/ccoo.app\/diputacio-de-barcelona\/wp-content\/blogs.dir\/6\/files\/sites\/186\/2020\/10\/afiliat-ccoo-300x199.png 300w, https:\/\/ccoo.app\/diputacio-de-barcelona\/wp-content\/blogs.dir\/6\/files\/sites\/186\/2020\/10\/afiliat-ccoo.png 573w\" sizes=\"auto, (max-width: 300px) 100vw, 300px\" \/><\/a><\/p>\n<p><a href=\"https:\/\/www.ccoo.cat\/aspnet\/qui_som.aspx\"><img loading=\"lazy\" decoding=\"async\" class=\" wp-image-7174 aligncenter\" src=\"http:\/\/ccoo.app\/diputacio-de-barcelona\/wp-content\/blogs.dir\/6\/files\/sites\/186\/2020\/11\/ccoo-diversa-300x77.png\" alt=\"\" width=\"327\" height=\"84\" srcset=\"https:\/\/ccoo.app\/diputacio-de-barcelona\/wp-content\/blogs.dir\/6\/files\/sites\/186\/2020\/11\/ccoo-diversa-300x77.png 300w, https:\/\/ccoo.app\/diputacio-de-barcelona\/wp-content\/blogs.dir\/6\/files\/sites\/186\/2020\/11\/ccoo-diversa.png 422w\" sizes=\"auto, (max-width: 327px) 100vw, 327px\" \/><\/a><\/p>\n\n\n<p><\/p>\n    \t","protected":false},"excerpt":{"rendered":"<p>LA DIPUPACI\u00d3 DE BARCELONA RECONSIDERA LA SEVA DECISI\u00d3: MANTINDR\u00c0 LA VIGIL\u00c0NCIA A LES OFICINES DE L&#8217;ORGT S&#8217;OBRE UN ESPAI DE DI\u00c0LEG LA SALUT F\u00cdSICA I EMOCIONAL NO T\u00c9 PREU! &#8211; &#8230; <\/p>\n<p class=\"read-more-container\"><a title=\"TAL COM EXIGIA CCOO: ES MANTINDR\u00c0 EL SERVEI DE VIGIL\u00c0NCIA A L&#8217;ORGT\" class=\"read-more button\" href=\"https:\/\/ccoo.app\/diputacio-de-barcelona\/la-diputacio-de-barcelona-reconsidera-la-seva-decisio-mantindra-la-vigilancia-a-les-oficines-de-lorgt\/#more-7532\" aria-label=\"Leer m\u00e1s sobre TAL COM EXIGIA CCOO: ES MANTINDR\u00c0 EL SERVEI DE VIGIL\u00c0NCIA A L&#8217;ORGT\">Continuar llegint<\/a><\/p>\n","protected":false},"author":4519,"featured_media":7533,"comment_status":"open","ping_status":"open","sticky":false,"template":"","format":"standard","meta":{"footnotes":""},"categories":[19,29,35],"tags":[167,212,214],"class_list":["post-7532","post","type-post","status-publish","format-standard","has-post-thumbnail","hentry","category-comunicats","category-orgt-2","category-salut-laboral","tag-orgt","tag-salut","tag-seguretat","generate-columns","tablet-grid-50","mobile-grid-100","grid-parent","grid-50"],"_links":{"self":[{"href":"https:\/\/ccoo.app\/diputacio-de-barcelona\/wp-json\/wp\/v2\/posts\/7532","targetHints":{"allow":["GET"]}}],"collection":[{"href":"https:\/\/ccoo.app\/diputacio-de-barcelona\/wp-json\/wp\/v2\/posts"}],"about":[{"href":"https:\/\/ccoo.app\/diputacio-de-barcelona\/wp-json\/wp\/v2\/types\/post"}],"author":[{"embeddable":true,"href":"https:\/\/ccoo.app\/diputacio-de-barcelona\/wp-json\/wp\/v2\/users\/4519"}],"replies":[{"embeddable":true,"href":"https:\/\/ccoo.app\/diputacio-de-barcelona\/wp-json\/wp\/v2\/comments?post=7532"}],"version-history":[{"count":1,"href":"https:\/\/ccoo.app\/diputacio-de-barcelona\/wp-json\/wp\/v2\/posts\/7532\/revisions"}],"predecessor-version":[{"id":50802,"href":"https:\/\/ccoo.app\/diputacio-de-barcelona\/wp-json\/wp\/v2\/posts\/7532\/revisions\/50802"}],"wp:featuredmedia":[{"embeddable":true,"href":"https:\/\/ccoo.app\/diputacio-de-barcelona\/wp-json\/wp\/v2\/media\/7533"}],"wp:attachment":[{"href":"https:\/\/ccoo.app\/diputacio-de-barcelona\/wp-json\/wp\/v2\/media?parent=7532"}],"wp:term":[{"taxonomy":"category","embeddable":true,"href":"https:\/\/ccoo.app\/diputacio-de-barcelona\/wp-json\/wp\/v2\/categories?post=7532"},{"taxonomy":"post_tag","embeddable":true,"href":"https:\/\/ccoo.app\/diputacio-de-barcelona\/wp-json\/wp\/v2\/tags?post=7532"}],"curies":[{"name":"wp","href":"https:\/\/api.w.org\/{rel}","templated":true}]}}