{"id":7495,"date":"2021-01-26T07:19:45","date_gmt":"2021-01-26T06:19:45","guid":{"rendered":"https:\/\/diba.ccoo.cat\/?p=7495"},"modified":"2023-10-17T14:02:15","modified_gmt":"2023-10-17T12:02:15","slug":"retallar-la-seguretat-a-les-oficines-de-lorgt","status":"publish","type":"post","link":"https:\/\/ccoo.app\/diputacio-de-barcelona\/retallar-la-seguretat-a-les-oficines-de-lorgt\/","title":{"rendered":"LA DIPUTACI\u00d3 DE BARCELONA VOL RETALLAR LA SEGURETAT A LES OFICINES DE L&#8217;ORGT"},"content":{"rendered":"<p><a href=\"https:\/\/diba.ccoo.cat\/\"><img loading=\"lazy\" decoding=\"async\" class=\"wp-image-5909 aligncenter\" src=\"http:\/\/ccoo.app\/diputacio-de-barcelona\/wp-content\/blogs.dir\/6\/files\/sites\/186\/2020\/05\/nota-1-300x86.png\" alt=\"\" width=\"92\" height=\"27\" srcset=\"https:\/\/ccoo.app\/diputacio-de-barcelona\/wp-content\/blogs.dir\/6\/files\/sites\/186\/2020\/05\/nota-1-300x86.png 300w, https:\/\/ccoo.app\/diputacio-de-barcelona\/wp-content\/blogs.dir\/6\/files\/sites\/186\/2020\/05\/nota-1.png 339w\" sizes=\"auto, (max-width: 92px) 100vw, 92px\" \/><\/a><\/p>\n<p class=\"wp-caption-text\"><a href=\"https:\/\/diba.ccoo.cat\/\"><img loading=\"lazy\" decoding=\"async\" class=\"wp-image-1853 aligncenter\" src=\"http:\/\/ccoo.app\/diputacio-de-barcelona\/wp-content\/blogs.dir\/6\/files\/sites\/186\/2018\/01\/logoccoov18.jpg\" alt=\"\" width=\"240\" height=\"110\" \/><\/a><\/p>\n<p><a href=\"http:\/\/ccoo.app\/diputacio-de-barcelona\/wp-content\/blogs.dir\/6\/files\/sites\/186\/2021\/01\/retallar-la-seguretat-a-les-oficines-orgt-26_1_2020.pdf\"><img loading=\"lazy\" decoding=\"async\" class=\"wp-image-5910 aligncenter\" src=\"http:\/\/ccoo.app\/diputacio-de-barcelona\/wp-content\/blogs.dir\/6\/files\/sites\/186\/2020\/05\/nota-3-300x83.png\" alt=\"\" width=\"90\" height=\"25\" srcset=\"https:\/\/ccoo.app\/diputacio-de-barcelona\/wp-content\/blogs.dir\/6\/files\/sites\/186\/2020\/05\/nota-3-300x83.png 300w, https:\/\/ccoo.app\/diputacio-de-barcelona\/wp-content\/blogs.dir\/6\/files\/sites\/186\/2020\/05\/nota-3.png 337w\" sizes=\"auto, (max-width: 90px) 100vw, 90px\" \/><\/a><\/p>\n<p style=\"text-align: center\"><span style=\"font-family: 'arial black', sans-serif;font-size: 24px;color: #0000ff\"><span style=\"font-family: 'arial black', sans-serif\"><span style=\"color: #0000ff\">LA DIPUTACI\u00d3 DE BARCELONA <\/span><b>VOL RETALLAR LA SEGURETAT A LES OFICINES DE L&#8217;ORGT <\/b><\/span><\/span><\/p>\n<p style=\"text-align: center\"><span style=\"color: #000000;font-family: arial black, sans-serif\"><span style=\"font-size: 20px\">CCOO ENS HI OPOSEM FRONTALMENT<\/span><\/span><\/p>\n<p style=\"text-align: center\"><span style=\"color: #000000;font-family: arial black, sans-serif\"><span style=\"font-size: 20px\">CCOO PREPAREM MOBILITZACIONS PER AQUESTA SETMANA<\/span><\/span><\/p>\n<p style=\"text-align: center\"><span style=\"color: #000000;font-family: arial black, sans-serif\"><span style=\"font-size: 20px\">LA SALUT F\u00cdSICA I EMOCIONAL NO T\u00c9 PREU!<\/span><\/span><\/p>\n<p style=\"text-align: center\"><span style=\"font-family: arial, helvetica, sans-serif;font-size: 14px;color: #000000\">&#8211; 26 gener de 2021-<\/span><\/p>\n<p style=\"text-align: left\"><span style=\"color: #000000\">CCOO denunciem que la Diputaci\u00f3 de Barcelona ha decidit suprimir el servei de vigil\u00e0ncia a partir de l\u20191 de febrer sense haver-ho informat i molt menys acordat pr\u00e8viament amb els sindicats. Aquesta informaci\u00f3 l\u2019hem obtingut perqu\u00e8 el personal afectat ens ho ha fet saber. Inacceptable!<\/span><\/p>\n<p style=\"text-align: left\"><span style=\"color: #000000\">Aix\u00ed doncs, els centres de treball i oficines de l&#8217;ORGT afectats serien:<\/span><\/p>\n<ul style=\"text-align: left\">\n<li><span style=\"color: #000000\">CIT BARCELONA<\/span><\/li>\n<li><span style=\"color: #000000\">SANT ADRI\u00c0 DEL BES\u00d2S\u00a0<\/span><\/li>\n<li><span style=\"color: #000000\">SANTA COLOMA DE GRAMENET<\/span><\/li>\n<li><span style=\"color: #000000\">MATAR\u00d3<\/span><\/li>\n<li><span style=\"color: #000000\">RUB\u00cd<\/span><\/li>\n<li><span style=\"color: #000000\">CERDANYOLA\u00a0<\/span><\/li>\n<\/ul>\n<p style=\"text-align: left\"><span style=\"color: #000000\">Com ja hem expressat en anteriors ocasions (cliqueu <span style=\"color: #0000ff\"><a style=\"color: #0000ff\" href=\"https:\/\/diba.ccoo.cat\/novetatsorgt03122020\/\"><strong>aqu\u00ed<\/strong><\/a><\/span>), <strong>la nostra secci\u00f3 sindical s&#8217;oposa amb contund\u00e8ncia a que es cancel\u00b7li aquest servei de vigil\u00e0ncia.<\/strong> Per\u00f2 ens hi mostrem encara m\u00e9s en contra tenint en compte el moment en qu\u00e8 s\u2019ha decidit fer-ho: en mig de la pitjor crisi sanit\u00e0ria, social i econ\u00f2mica de la hist\u00f2ria recent. Cal recordar que a les oficines es gestionen embargaments de sous i salaris, bens immobles, comptes corrents, multes&#8230;?<\/span><\/p>\n<p style=\"text-align: left\"><span style=\"color: #000000\">En aquests moments, gaireb\u00e9 el 80% del personal afectat ja ha signat l&#8217;escrit que exigeix la no supressi\u00f3 del servei. La Diputaci\u00f3 ens vol conv\u00e8ncer que fixant-nos en les estad\u00edstiques ja ni ha prou. Ara b\u00e9, nosaltres insistim que cal incidir en el fet que, darrera dels centenars d&#8217;incidents ocorreguts, hi han persones de les quals ens ha d&#8217;importar la seva salut f\u00edsica <strong><u>per\u00f2 tamb\u00e9 l&#8217;emocional<\/u><\/strong>. Els companys i companyes en aquest moment ens mostren la seva angoixa i incomprensi\u00f3. CCOO-Diba els hi donem ple suport.<\/span><\/p>\n<p style=\"text-align: left\"><span style=\"color: #000000\">Davant la noticia, la setmana passada, <strong>CCOO-Diba vam demanar una reuni\u00f3 urgent amb la corporaci\u00f3 <\/strong>i hem estat convocats pel dijous d\u2019aquesta setmana. A aquesta convocat\u00f2ria, s\u2019adjunta un informe t\u00e8cnic, encarregat per a la Diputaci\u00f3, a una consultoria externa.<\/span><\/p>\n<p><img loading=\"lazy\" decoding=\"async\" class=\"wp-image-6773 aligncenter\" src=\"http:\/\/ccoo.app\/diputacio-de-barcelona\/wp-content\/blogs.dir\/6\/files\/sites\/186\/2020\/09\/lupa-300x255.jpg\" alt=\"\" width=\"74\" height=\"63\" srcset=\"https:\/\/ccoo.app\/diputacio-de-barcelona\/wp-content\/blogs.dir\/6\/files\/sites\/186\/2020\/09\/lupa-300x255.jpg 300w, https:\/\/ccoo.app\/diputacio-de-barcelona\/wp-content\/blogs.dir\/6\/files\/sites\/186\/2020\/09\/lupa.jpg 339w\" sizes=\"auto, (max-width: 74px) 100vw, 74px\" \/><\/p>\n<p style=\"text-align: left\"><span style=\"color: #000000\">\u00c9s indignant veure com dit informe indica que s&#8217;ha instal\u00b7lat un <em>Circuit Tancat de Televisi\u00f3<\/em> a les 6 oficines on actualment hi ha vigil\u00e0ncia de seguretat com a <u>prova pilot<\/u> \u00abper dur a terme una instal\u00b7laci\u00f3 progressiva a la resta d&#8217;oficines\u00bb.\u00a0 \u00c9s a dir, a les oficines on fa anys s&#8217;ha tingut clar que s\u00f3n especialment problem\u00e0tiques en mat\u00e8ria de seguretat (per aix\u00f2 tenien vigil\u00e0ncia privada), ara s&#8217;utilitzen com a prova pilot? El personal a les oficines m\u00e9s critiques faran de \u00abconillets d&#8217;\u00edndies\u00bb? No ho permetrem!<\/span><\/p>\n<p style=\"text-align: left\"><span style=\"color: #000000\">De fet, qualsevol persona que llegeixi l&#8217;informe t\u00e8cnic pot arribar a una evident conclusi\u00f3: <strong><u>qui paga mana<\/u><\/strong>. La Diputaci\u00f3 de Barcelona <strong>vol estalviar diners<\/strong> i les conclusions de l&#8217;informe havien d&#8217;anar en aquest sentit: no importa que manquin dades o que aquestes siguin parcials, no importa que l&#8217;any 2020 no es pugui utilitzar com a refer\u00e8ncia per culpa de la crisi sanit\u00e0ria, etc &#8230; Es vol suprimir el servei de vigil\u00e0ncia, i es far\u00e0 si o si. Cal que l&#8217;informe digui el que toca.<\/span><\/p>\n<p style=\"text-align: left\"><span style=\"color: #000000\">Fixeu-vos que la decisi\u00f3 de suprimir el servei de vigil\u00e0ncia es far\u00e0 tot i que ells mateixos reconeguin que:<\/span><\/p>\n<ul style=\"text-align: left\">\n<li><span style=\"color: #000000\">La resposta per part de la CRA \u00e9s lenta o poc eficient. Que no s&#8217;han fet els simulacres per tal de comprovar el bon funcionament d\u2019aquests elements de seguretat.<\/span><\/li>\n<li><span style=\"color: #000000\">Es reconeix que el bot\u00f3 del p\u00e0nic no ha funcionat correctament, que en algunes oficines grans no n&#8217;hi han prou sense aclarir si s\u2019ha pres mesures.<\/span><\/li>\n<li><span style=\"color: #000000\">No s&#8217;han establert contactes amb les diferents policies locals dels municipis on la oficina tingui la seva seu. Tampoc es coneix la capacitat o estructura de la policia local per a donar resposta a les necessitats urgents.<\/span><\/li>\n<li><span style=\"color: #000000\">No sabem si, tal com s&#8217;indica a l&#8217;informe, les oficines de l&#8217;ORGT\u00a0 disposen del n\u00famero de tel\u00e8fon directe de la Comissaria de Policia Local de refer\u00e8ncia i de l\u2019\u00c0rea B\u00e0sica Policial o de la Comissaria de Mossos d\u2019Esquadra m\u00e9s propera.<\/span><\/li>\n<li><span style=\"color: #000000\">S&#8217;indica que l\u2019\u00f2ptim seria poder comptar amb el tel\u00e8fon del Cap de Torn de \u00c0rea B\u00e0sica Policial de refer\u00e8ncia. Per\u00f2 no se sap en aquest moment si en el cas que Mossos d\u2019Esquadra voldran o no facilitar aquesta informaci\u00f3.<\/span><\/li>\n<li><span style=\"color: #000000\">Es proposa el sistema de cita pr\u00e8via com a mesura per a reduir la conflictivitat (com si fos f\u00e0cil dir-li a una persona a la que se li ha notificat un embargament que vingui una altra dia amb cita pr\u00e8via). Dit sistema no d\u00f3na resposta a les situacions m\u00e9s critiques.<\/span><\/li>\n<li><span style=\"color: #000000\">Es diu que el personal necessitaria formaci\u00f3 que en aquest moment no s&#8217;ha fet.<\/span><\/li>\n<\/ul>\n<p style=\"text-align: left\"><span style=\"color: #000000\">Per tant, l\u2019informe enviat reconeix que en mat\u00e8ria de seguretat encara hi ha moltes coses a millorar. Nosaltres afegim alguns aspectes m\u00e9s a tenir en compte:<\/span><\/p>\n<ul style=\"text-align: left\">\n<li><span style=\"color: #000000\">Encara estem pendents que es negoci\u00ef i implementi un <strong>Protocol intern d&#8217;actuaci\u00f3 per fer front a situacions de viol\u00e8ncia<\/strong> per part de persones usu\u00e0ries a les oficines. Element essencial per a que el personal s\u00e0piga com actuar davant diferents situacions. Cal doncs acabar la negociaci\u00f3 iniciada fa uns anys i dotar de m\u00e9s eines al personal enlloc de retallar.<\/span><\/li>\n<li>Les mampares recentment col\u00b7locades ha perm\u00e8s diferenciar clarament espais per\u00f2 en cap cas s\u00f3n infranquejables ja que la majoria nom\u00e9s estan ancorades al mobiliari (no s\u2019ajusten exactament al disseny inicialment proposat). Aix\u00ed doncs, cal complementar-ho amb altres mesures.<\/li>\n<\/ul>\n<p><a href=\"http:\/\/ccoo.app\/diputacio-de-barcelona\/wp-content\/blogs.dir\/6\/files\/sites\/186\/2021\/01\/orgt-mampara-oficines.png\"><img loading=\"lazy\" decoding=\"async\" class=\"size-medium wp-image-7507 aligncenter\" src=\"http:\/\/ccoo.app\/diputacio-de-barcelona\/wp-content\/blogs.dir\/6\/files\/sites\/186\/2021\/01\/orgt-mampara-oficines-300x90.png\" alt=\"\" width=\"300\" height=\"90\" srcset=\"https:\/\/ccoo.app\/diputacio-de-barcelona\/wp-content\/blogs.dir\/6\/files\/sites\/186\/2021\/01\/orgt-mampara-oficines-300x90.png 300w, https:\/\/ccoo.app\/diputacio-de-barcelona\/wp-content\/blogs.dir\/6\/files\/sites\/186\/2021\/01\/orgt-mampara-oficines.png 415w\" sizes=\"auto, (max-width: 300px) 100vw, 300px\" \/><\/a><\/p>\n<ul style=\"text-align: left\">\n<li><span style=\"color: #000000\">Les agressions verbals, que inclouen sovint insults i amenaces, queden fora de l\u2019abast les c\u00e0meres de captaci\u00f3 d\u2019imatges recentment instal\u00b7lades ja que aquestes no enregistren (seguint el que est\u00e0 establert) el so.<\/span><\/li>\n<\/ul>\n<p style=\"text-align: left\"><span style=\"color: #000000\">A l&#8217;informe es fan apreciacions sorprenents. Aix\u00ed doncs, quan es tracta el tema de la cita pr\u00e8via es diu: <em>\u00abLa cita pr\u00e8via t\u00e9 una doble avantatge: evites temps d\u2019espera excessius i coneixes a les persones que aniran a fer un tr\u00e0mit a les teves instal\u00b7lacions (&#8230;) el sistema <\/em>detectaria<em> la pres\u00e8ncia d\u2019una persona amb antecedents de conflictivitat.\u00bb.\u00a0 <\/em>El que es proposa \u00e9s mantenir un registre de les persones que tinguin actituds violentes? <em>L&#8217;Autoritat Catalana de Protecci\u00f3 de Dades<\/em> ho permetr\u00e0? S&#8217;ha demanat informe a l\u2019ACPD per a poder fer aquestes afirmacions? \u00c9s evident que no i dubten seriosament que aix\u00f2 sigui legal.<\/span><\/p>\n<p style=\"text-align: left\"><span style=\"color: #000000\">Per a sustentar les seves conclusions, dit informe fa un munt de conjectures. Reprodu\u00efm literalment una d\u2019elles:<\/span><\/p>\n<p style=\"text-align: left\"><span style=\"color: #000000\"><em>\u00abEl sistema d\u2019ajudes del Gobierno espanyol i del Govern catal\u00e0 haurien de permetre sostenir a una economia que ha caigut m\u00e9s d\u2019un 8% del seu PIB i que es preveu que trigar\u00e0 anys (entre 5 i 10 anys segons els experts que consultes) en recuperar-se d\u2019aquesta crisi\u00bb. (&#8230;) Aquesta situaci\u00f3 podria comportar que m\u00e9s gent tingui problemes per pagar els seus tributs o les seves multes. Aquest fet l\u2019hem de tenir en compte per tal d\u2019estudiar la seva evoluci\u00f3. <strong>Si els Governs fan b\u00e9 la seva feina no hauria de ser un problema que ens hauria de preocupar en exc\u00e9s<\/strong>\u00ab.<\/em><\/span><\/p>\n<p style=\"text-align: left\"><span style=\"color: #000000\">Qu\u00e8 no ens hauria de preocupar en exc\u00e9s? Es pot prendre seriosament un informe que fa aquesta mena de comentaris?<\/span><\/p>\n<p style=\"text-align: left\"><span style=\"color: #000000\">Com a conseq\u00fc\u00e8ncia de retallar la vigil\u00e0ncia, s\u2019afirma que \u00ab<em>els beneficis econ\u00f2mics s\u00f3n m\u00e9s que evidents<\/em>\u00bb i nosaltres defensem, i defensarem, que <strong>la salut f\u00edsica i emocional dels companys i companyes no t\u00e9 preu.<\/strong>\u00a0La Diputaci\u00f3 fa seu els informes efectuats per una consultoria externa que insisteixen en que \u201c<em>cap treballador o treballadora manifesta entre les seves preocupacions principal la inseguretat<\/em>\u201d. Ens preguntem: a quines oficines han anat a preguntar? Cal que fem nosaltres una nova enquesta?<\/span><\/p>\n<p><img loading=\"lazy\" decoding=\"async\" class=\"wp-image-6706 aligncenter\" src=\"http:\/\/ccoo.app\/diputacio-de-barcelona\/wp-content\/blogs.dir\/6\/files\/sites\/186\/2020\/09\/no-retallades.jpg\" alt=\"\" width=\"115\" height=\"115\" srcset=\"https:\/\/ccoo.app\/diputacio-de-barcelona\/wp-content\/blogs.dir\/6\/files\/sites\/186\/2020\/09\/no-retallades.jpg 300w, https:\/\/ccoo.app\/diputacio-de-barcelona\/wp-content\/blogs.dir\/6\/files\/sites\/186\/2020\/09\/no-retallades-150x150.jpg 150w\" sizes=\"auto, (max-width: 115px) 100vw, 115px\" \/><\/p>\n<p style=\"text-align: left\"><span style=\"color: #000000\">CCOO-Diba insistim: <strong>la seguretat a les oficines s\u2019ha d\u2019entomar des d\u2019una visi\u00f3 global adaptant aquesta a les diferents realitats socials<\/strong> del territori. A m\u00e9s, no es pot proposar retallar mesures existents sense garantir al m\u00e0xim la seguretat del personal afectat. En mig d\u2019una greu crisi econ\u00f2mica com l\u2019actual, cal garantir la implementaci\u00f3 de propostes de millora que hores d\u2019ara nom\u00e9s hi s\u00f3n \u201cal paper\u201d.<\/span><\/p>\n<p style=\"text-align: left\"><span style=\"color: #000000\">No es pot cancel\u00b7lar el servei de seguretat existent \u201c<em>amb nocturnitat i alevosia<\/em>\u201d i sense comptar amb la representaci\u00f3 dels treballadors i treballadores. \u00a0Aix\u00ed doncs, demanem a la Diputaci\u00f3 que reconsideri la seva decisi\u00f3 i que obri un espai de di\u00e0leg per a que puguem trobar solucions pacifiques i adients a la situaci\u00f3 d\u2019aquestes oficines i de totes.<\/span><\/p>\n<p style=\"text-align: left\">\u00a0<\/p>\n<h3 style=\"text-align: center\"><span style=\"color: #0000ff\"><strong>LA SALUT F\u00cdSICA I EMOCIONAL NO T\u00c9 PREU!<\/strong><\/span><\/h3>\n<h3 style=\"text-align: center\"><span style=\"color: #0000ff\"><strong>NO RETALLEU DE LA NOSTRA SEGURETAT!<\/strong><\/span><\/h3>\n<p>\u00a0<\/p>\n<p>\u00a0<\/p>\n<p style=\"text-align: center\"><img loading=\"lazy\" decoding=\"async\" class=\"wp-image-5184 aligncenter\" src=\"http:\/\/ccoo.app\/diputacio-de-barcelona\/wp-content\/blogs.dir\/6\/files\/sites\/186\/2020\/03\/i-de-info-300x300.jpg\" alt=\"\" width=\"72\" height=\"72\" srcset=\"https:\/\/ccoo.app\/diputacio-de-barcelona\/wp-content\/blogs.dir\/6\/files\/sites\/186\/2020\/03\/i-de-info-300x300.jpg 300w, https:\/\/ccoo.app\/diputacio-de-barcelona\/wp-content\/blogs.dir\/6\/files\/sites\/186\/2020\/03\/i-de-info-150x150.jpg 150w, https:\/\/ccoo.app\/diputacio-de-barcelona\/wp-content\/blogs.dir\/6\/files\/sites\/186\/2020\/03\/i-de-info.jpg 626w\" sizes=\"auto, (max-width: 72px) 100vw, 72px\" \/><span style=\"font-family: 'arial black', sans-serif;font-size: 20px;color: #ffff00;background-color: #ff0000\">TOTA LA INFORMACI\u00d3 SINDICAL QUE NECESSITES<\/span><\/p>\n<p><img loading=\"lazy\" decoding=\"async\" class=\"wp-image-5913 aligncenter\" src=\"http:\/\/ccoo.app\/diputacio-de-barcelona\/wp-content\/blogs.dir\/6\/files\/sites\/186\/2020\/05\/telefono-300x300.jpg\" alt=\"\" width=\"59\" height=\"59\" srcset=\"https:\/\/ccoo.app\/diputacio-de-barcelona\/wp-content\/blogs.dir\/6\/files\/sites\/186\/2020\/05\/telefono-300x300.jpg 300w, https:\/\/ccoo.app\/diputacio-de-barcelona\/wp-content\/blogs.dir\/6\/files\/sites\/186\/2020\/05\/telefono-150x150.jpg 150w, https:\/\/ccoo.app\/diputacio-de-barcelona\/wp-content\/blogs.dir\/6\/files\/sites\/186\/2020\/05\/telefono.jpg 600w\" sizes=\"auto, (max-width: 59px) 100vw, 59px\" \/><\/p>\n<p style=\"text-align: center\"><span style=\"font-family: 'arial black', sans-serif;color: #000000\">DE DILLUNS A DIVENDRES<\/span><\/p>\n<p style=\"text-align: center\"><span style=\"font-family: 'arial black', sans-serif;color: #000000;background-color: #ffff00\">DE 10:00 A 14:30 i DE 17:00 A 19:00\u00a0<\/span><\/p>\n<p style=\"text-align: center\"><span style=\"font-family: 'arial black', sans-serif;color: #ff0000\">93.402.29.85 \u2013 22985 \u2013 667 90 69 64<\/span><\/p>\n<p><a href=\"https:\/\/www.ccoo.cat\/aspnet\/afiliacio.aspx\"><img loading=\"lazy\" decoding=\"async\" class=\"wp-image-7512 aligncenter\" src=\"http:\/\/ccoo.app\/diputacio-de-barcelona\/wp-content\/blogs.dir\/6\/files\/sites\/186\/2021\/01\/afiliat.jpg\" alt=\"\" width=\"134\" height=\"53\" \/><\/a><\/p>\n<p style=\"text-align: center\"><span style=\"font-family: arial, helvetica, sans-serif;color: #000000\">La\u00a0SECCI\u00d3 SINDICAL DE CCOO donem resposta a tots els teus dubtes o t&#8217;ajudem solucionar els problemes que puguis tenir.<strong> T&#8217;ajudem a defensar els teus drets!<\/strong><\/span><\/p>\n<p style=\"text-align: center\"><span style=\"font-family: 'arial black', sans-serif;color: #0000ff\"><a style=\"color: #0000ff\" href=\"mailto:ccoo@diba.cat\"><strong>ccoo@diba.cat<\/strong><\/a><\/span><\/p>\n<p style=\"text-align: center\"><span style=\"font-family: 'arial black', sans-serif;color: #0000ff\"><a style=\"color: #0000ff\" href=\"mailto:orgt.ssccoo@diba.cat\">orgt.ssccoo@diba.cat<\/a><\/span><\/p>\n<p><img loading=\"lazy\" decoding=\"async\" class=\"wp-image-5554 aligncenter\" src=\"http:\/\/ccoo.app\/diputacio-de-barcelona\/wp-content\/blogs.dir\/6\/files\/sites\/186\/2020\/04\/mail-foto-enviar-300x212.jpg\" alt=\"\" width=\"67\" height=\"47\" srcset=\"https:\/\/ccoo.app\/diputacio-de-barcelona\/wp-content\/blogs.dir\/6\/files\/sites\/186\/2020\/04\/mail-foto-enviar-300x212.jpg 300w, https:\/\/ccoo.app\/diputacio-de-barcelona\/wp-content\/blogs.dir\/6\/files\/sites\/186\/2020\/04\/mail-foto-enviar-1024x724.jpg 1024w, https:\/\/ccoo.app\/diputacio-de-barcelona\/wp-content\/blogs.dir\/6\/files\/sites\/186\/2020\/04\/mail-foto-enviar-768x543.jpg 768w, https:\/\/ccoo.app\/diputacio-de-barcelona\/wp-content\/blogs.dir\/6\/files\/sites\/186\/2020\/04\/mail-foto-enviar.jpg 1200w\" sizes=\"auto, (max-width: 67px) 100vw, 67px\" \/><\/p>\n<p style=\"text-align: center\"><span style=\"font-family: arial, helvetica, sans-serif;color: #000000\">Encara no t&#8217;has descarregat la nostra <a href=\"http:\/\/www.ccoo.cat\/carnet\/index.aspx?qr=1#descarrega\"><span style=\"font-family: 'arial black', sans-serif;color: #0000ff\">APP<\/span><\/a> CCOO-Diba d&#8217;informaci\u00f3 sindical?<\/span><\/p>\n<p style=\"text-align: center\"><span style=\"font-family: arial, helvetica, sans-serif;color: #000000\">Fes clic <a href=\"http:\/\/www.ccoo.cat\/carnet\/index.aspx?qr=1#descarrega\"><span style=\"font-family: 'arial black', sans-serif;color: #0000ff\">aqu\u00ed<\/span><\/a> per tenir la informaci\u00f3 abans que ning\u00fa!<\/span><\/p>\n<p><img loading=\"lazy\" decoding=\"async\" class=\"wp-image-5915 aligncenter\" src=\"http:\/\/ccoo.app\/diputacio-de-barcelona\/wp-content\/blogs.dir\/6\/files\/sites\/186\/2020\/05\/xarxes-socials-300x169.png\" alt=\"\" width=\"227\" height=\"128\" srcset=\"https:\/\/ccoo.app\/diputacio-de-barcelona\/wp-content\/blogs.dir\/6\/files\/sites\/186\/2020\/05\/xarxes-socials-300x169.png 300w, https:\/\/ccoo.app\/diputacio-de-barcelona\/wp-content\/blogs.dir\/6\/files\/sites\/186\/2020\/05\/xarxes-socials-1024x576.png 1024w, https:\/\/ccoo.app\/diputacio-de-barcelona\/wp-content\/blogs.dir\/6\/files\/sites\/186\/2020\/05\/xarxes-socials-768x432.png 768w, https:\/\/ccoo.app\/diputacio-de-barcelona\/wp-content\/blogs.dir\/6\/files\/sites\/186\/2020\/05\/xarxes-socials.png 1200w\" sizes=\"auto, (max-width: 227px) 100vw, 227px\" \/><\/p>\n<p style=\"text-align: center\"><span style=\"font-family: arial, helvetica, sans-serif;color: #000000\">Tamb\u00e9 trobar\u00e0s CCOO-Diba a les xarxes socials. Clica sobre la icona de la teva xarxa favorita:<\/span><\/p>\n<p><a href=\"https:\/\/twitter.com\/CCOODiba\"><img loading=\"lazy\" decoding=\"async\" class=\" wp-image-5728 aligncenter\" src=\"http:\/\/ccoo.app\/diputacio-de-barcelona\/wp-content\/blogs.dir\/6\/files\/sites\/186\/2020\/04\/twitter-300x300.png\" alt=\"\" width=\"89\" height=\"89\" srcset=\"https:\/\/ccoo.app\/diputacio-de-barcelona\/wp-content\/blogs.dir\/6\/files\/sites\/186\/2020\/04\/twitter-300x300.png 300w, https:\/\/ccoo.app\/diputacio-de-barcelona\/wp-content\/blogs.dir\/6\/files\/sites\/186\/2020\/04\/twitter-150x150.png 150w, https:\/\/ccoo.app\/diputacio-de-barcelona\/wp-content\/blogs.dir\/6\/files\/sites\/186\/2020\/04\/twitter.png 512w\" sizes=\"auto, (max-width: 89px) 100vw, 89px\" \/><\/a><\/p>\n<p><a href=\"https:\/\/www.instagram.com\/ccoo_diba\/?hl=es\"><img loading=\"lazy\" decoding=\"async\" class=\"wp-image-5730 aligncenter\" src=\"http:\/\/ccoo.app\/diputacio-de-barcelona\/wp-content\/blogs.dir\/6\/files\/sites\/186\/2020\/04\/instragram-300x300.png\" alt=\"\" width=\"91\" height=\"91\" srcset=\"https:\/\/ccoo.app\/diputacio-de-barcelona\/wp-content\/blogs.dir\/6\/files\/sites\/186\/2020\/04\/instragram-300x300.png 300w, https:\/\/ccoo.app\/diputacio-de-barcelona\/wp-content\/blogs.dir\/6\/files\/sites\/186\/2020\/04\/instragram-150x150.png 150w, https:\/\/ccoo.app\/diputacio-de-barcelona\/wp-content\/blogs.dir\/6\/files\/sites\/186\/2020\/04\/instragram.png 512w\" sizes=\"auto, (max-width: 91px) 100vw, 91px\" \/><\/a><\/p>\n<p><a href=\"https:\/\/www.facebook.com\/CcooDiputacioDeBarcelona\/\"><img loading=\"lazy\" decoding=\"async\" class=\"wp-image-5729 aligncenter\" src=\"http:\/\/ccoo.app\/diputacio-de-barcelona\/wp-content\/blogs.dir\/6\/files\/sites\/186\/2020\/04\/facebook-300x300.png\" alt=\"\" width=\"90\" height=\"90\" srcset=\"https:\/\/ccoo.app\/diputacio-de-barcelona\/wp-content\/blogs.dir\/6\/files\/sites\/186\/2020\/04\/facebook-300x300.png 300w, https:\/\/ccoo.app\/diputacio-de-barcelona\/wp-content\/blogs.dir\/6\/files\/sites\/186\/2020\/04\/facebook-150x150.png 150w, https:\/\/ccoo.app\/diputacio-de-barcelona\/wp-content\/blogs.dir\/6\/files\/sites\/186\/2020\/04\/facebook.png 325w\" sizes=\"auto, (max-width: 90px) 100vw, 90px\" \/><\/a><a href=\"https:\/\/www.youtube.com\/channel\/UCFzenkS75udEcs4pB4qoZsg\"><img loading=\"lazy\" decoding=\"async\" class=\" wp-image-5916 aligncenter\" src=\"http:\/\/ccoo.app\/diputacio-de-barcelona\/wp-content\/blogs.dir\/6\/files\/sites\/186\/2020\/05\/youtube-300x115.jpg\" alt=\"\" width=\"122\" height=\"47\" srcset=\"https:\/\/ccoo.app\/diputacio-de-barcelona\/wp-content\/blogs.dir\/6\/files\/sites\/186\/2020\/05\/youtube-300x115.jpg 300w, https:\/\/ccoo.app\/diputacio-de-barcelona\/wp-content\/blogs.dir\/6\/files\/sites\/186\/2020\/05\/youtube-1024x391.jpg 1024w, https:\/\/ccoo.app\/diputacio-de-barcelona\/wp-content\/blogs.dir\/6\/files\/sites\/186\/2020\/05\/youtube-768x293.jpg 768w, https:\/\/ccoo.app\/diputacio-de-barcelona\/wp-content\/blogs.dir\/6\/files\/sites\/186\/2020\/05\/youtube.jpg 1200w\" sizes=\"auto, (max-width: 122px) 100vw, 122px\" \/><\/a><\/p>\n<p><iframe loading=\"lazy\" title=\"Hauran de comptar amb nosaltres. Salut, treball i just\u00edcia social || 1r de maig del 2020.\" width=\"1200\" height=\"675\" src=\"https:\/\/www.youtube.com\/embed\/uS104R3aSJs?feature=oembed\" frameborder=\"0\" allow=\"accelerometer; autoplay; clipboard-write; encrypted-media; gyroscope; picture-in-picture; web-share\" allowfullscreen><\/iframe><\/p>\n<p><a href=\"https:\/\/diba.ccoo.cat\/plantilla-1-6-2\/\"><img loading=\"lazy\" decoding=\"async\" class=\"size-medium wp-image-6853 aligncenter\" src=\"http:\/\/ccoo.app\/diputacio-de-barcelona\/wp-content\/blogs.dir\/6\/files\/sites\/186\/2020\/10\/ccoo-primer-sindicat-cliqueu-300x110.png\" alt=\"\" width=\"300\" height=\"110\" srcset=\"https:\/\/ccoo.app\/diputacio-de-barcelona\/wp-content\/blogs.dir\/6\/files\/sites\/186\/2020\/10\/ccoo-primer-sindicat-cliqueu-300x110.png 300w, https:\/\/ccoo.app\/diputacio-de-barcelona\/wp-content\/blogs.dir\/6\/files\/sites\/186\/2020\/10\/ccoo-primer-sindicat-cliqueu.png 448w\" sizes=\"auto, (max-width: 300px) 100vw, 300px\" \/><\/a><\/p>\n<p><a href=\"https:\/\/diba.ccoo.cat\/mesa-general-de-negociacio-de-materies-comunes-de-la-diba\/\"><img loading=\"lazy\" decoding=\"async\" class=\"size-medium wp-image-7171 aligncenter\" src=\"http:\/\/ccoo.app\/diputacio-de-barcelona\/wp-content\/blogs.dir\/6\/files\/sites\/186\/2020\/11\/mgnmc-imatges-300x101.png\" alt=\"\" width=\"300\" height=\"101\" srcset=\"https:\/\/ccoo.app\/diputacio-de-barcelona\/wp-content\/blogs.dir\/6\/files\/sites\/186\/2020\/11\/mgnmc-imatges-300x101.png 300w, https:\/\/ccoo.app\/diputacio-de-barcelona\/wp-content\/blogs.dir\/6\/files\/sites\/186\/2020\/11\/mgnmc-imatges.png 324w\" sizes=\"auto, (max-width: 300px) 100vw, 300px\" \/><\/a><a href=\"https:\/\/www.ccoo.cat\/aspnet\/motius_afiliarte.aspx\"><img loading=\"lazy\" decoding=\"async\" class=\"size-medium wp-image-6841 aligncenter\" src=\"http:\/\/ccoo.app\/diputacio-de-barcelona\/wp-content\/blogs.dir\/6\/files\/sites\/186\/2020\/10\/afiliat-ccoo-300x199.png\" alt=\"\" width=\"300\" height=\"199\" srcset=\"https:\/\/ccoo.app\/diputacio-de-barcelona\/wp-content\/blogs.dir\/6\/files\/sites\/186\/2020\/10\/afiliat-ccoo-300x199.png 300w, https:\/\/ccoo.app\/diputacio-de-barcelona\/wp-content\/blogs.dir\/6\/files\/sites\/186\/2020\/10\/afiliat-ccoo.png 573w\" sizes=\"auto, (max-width: 300px) 100vw, 300px\" \/><\/a><\/p>\n<p><a href=\"https:\/\/www.ccoo.cat\/aspnet\/qui_som.aspx\"><img loading=\"lazy\" decoding=\"async\" class=\" wp-image-7174 aligncenter\" src=\"http:\/\/ccoo.app\/diputacio-de-barcelona\/wp-content\/blogs.dir\/6\/files\/sites\/186\/2020\/11\/ccoo-diversa-300x77.png\" alt=\"\" width=\"327\" height=\"84\" srcset=\"https:\/\/ccoo.app\/diputacio-de-barcelona\/wp-content\/blogs.dir\/6\/files\/sites\/186\/2020\/11\/ccoo-diversa-300x77.png 300w, https:\/\/ccoo.app\/diputacio-de-barcelona\/wp-content\/blogs.dir\/6\/files\/sites\/186\/2020\/11\/ccoo-diversa.png 422w\" sizes=\"auto, (max-width: 327px) 100vw, 327px\" \/><\/a><\/p>\n\n\n<p><\/p>\n    \t","protected":false},"excerpt":{"rendered":"<p>LA DIPUTACI\u00d3 DE BARCELONA VOL RETALLAR LA SEGURETAT A LES OFICINES DE L&#8217;ORGT CCOO ENS HI OPOSEM FRONTALMENT CCOO PREPAREM MOBILITZACIONS PER AQUESTA SETMANA LA SALUT F\u00cdSICA I EMOCIONAL NO &#8230; <\/p>\n<p class=\"read-more-container\"><a title=\"LA DIPUTACI\u00d3 DE BARCELONA VOL RETALLAR LA SEGURETAT A LES OFICINES DE L&#8217;ORGT\" class=\"read-more button\" href=\"https:\/\/ccoo.app\/diputacio-de-barcelona\/retallar-la-seguretat-a-les-oficines-de-lorgt\/#more-7495\" aria-label=\"Leer m\u00e1s sobre LA DIPUTACI\u00d3 DE BARCELONA VOL RETALLAR LA SEGURETAT A LES OFICINES DE L&#8217;ORGT\">Continuar llegint<\/a><\/p>\n","protected":false},"author":4519,"featured_media":6706,"comment_status":"open","ping_status":"open","sticky":false,"template":"","format":"standard","meta":{"footnotes":""},"categories":[19,29,35],"tags":[167,212,214],"class_list":["post-7495","post","type-post","status-publish","format-standard","has-post-thumbnail","hentry","category-comunicats","category-orgt-2","category-salut-laboral","tag-orgt","tag-salut","tag-seguretat","generate-columns","tablet-grid-50","mobile-grid-100","grid-parent","grid-50"],"_links":{"self":[{"href":"https:\/\/ccoo.app\/diputacio-de-barcelona\/wp-json\/wp\/v2\/posts\/7495","targetHints":{"allow":["GET"]}}],"collection":[{"href":"https:\/\/ccoo.app\/diputacio-de-barcelona\/wp-json\/wp\/v2\/posts"}],"about":[{"href":"https:\/\/ccoo.app\/diputacio-de-barcelona\/wp-json\/wp\/v2\/types\/post"}],"author":[{"embeddable":true,"href":"https:\/\/ccoo.app\/diputacio-de-barcelona\/wp-json\/wp\/v2\/users\/4519"}],"replies":[{"embeddable":true,"href":"https:\/\/ccoo.app\/diputacio-de-barcelona\/wp-json\/wp\/v2\/comments?post=7495"}],"version-history":[{"count":1,"href":"https:\/\/ccoo.app\/diputacio-de-barcelona\/wp-json\/wp\/v2\/posts\/7495\/revisions"}],"predecessor-version":[{"id":50805,"href":"https:\/\/ccoo.app\/diputacio-de-barcelona\/wp-json\/wp\/v2\/posts\/7495\/revisions\/50805"}],"wp:featuredmedia":[{"embeddable":true,"href":"https:\/\/ccoo.app\/diputacio-de-barcelona\/wp-json\/wp\/v2\/media\/6706"}],"wp:attachment":[{"href":"https:\/\/ccoo.app\/diputacio-de-barcelona\/wp-json\/wp\/v2\/media?parent=7495"}],"wp:term":[{"taxonomy":"category","embeddable":true,"href":"https:\/\/ccoo.app\/diputacio-de-barcelona\/wp-json\/wp\/v2\/categories?post=7495"},{"taxonomy":"post_tag","embeddable":true,"href":"https:\/\/ccoo.app\/diputacio-de-barcelona\/wp-json\/wp\/v2\/tags?post=7495"}],"curies":[{"name":"wp","href":"https:\/\/api.w.org\/{rel}","templated":true}]}}