{"id":7466,"date":"2021-01-20T08:30:35","date_gmt":"2021-01-20T07:30:35","guid":{"rendered":"https:\/\/diba.ccoo.cat\/?p=7466"},"modified":"2023-10-17T14:02:17","modified_gmt":"2023-10-17T12:02:17","slug":"19-01-2021-css-comissio-seguiment-diba","status":"publish","type":"post","link":"https:\/\/ccoo.app\/diputacio-de-barcelona\/19-01-2021-css-comissio-seguiment-diba\/","title":{"rendered":"RESUM DE LA REUNI\u00d3 DEL COMIT\u00c8 DE SEGURETAT I SALUT i DE LA COMISSI\u00d3 DE SEGUIMENT DEL PROTOCOL ANTI-COVID"},"content":{"rendered":"<p><a href=\"https:\/\/diba.ccoo.cat\/\"><img loading=\"lazy\" decoding=\"async\" class=\"wp-image-5909 aligncenter\" src=\"http:\/\/ccoo.app\/diputacio-de-barcelona\/wp-content\/blogs.dir\/6\/files\/sites\/186\/2020\/05\/nota-1-300x86.png\" alt=\"\" width=\"92\" height=\"27\" srcset=\"https:\/\/ccoo.app\/diputacio-de-barcelona\/wp-content\/blogs.dir\/6\/files\/sites\/186\/2020\/05\/nota-1-300x86.png 300w, https:\/\/ccoo.app\/diputacio-de-barcelona\/wp-content\/blogs.dir\/6\/files\/sites\/186\/2020\/05\/nota-1.png 339w\" sizes=\"auto, (max-width: 92px) 100vw, 92px\" \/><\/a><\/p>\n<p class=\"wp-caption-text\"><a href=\"https:\/\/diba.ccoo.cat\/\"><img loading=\"lazy\" decoding=\"async\" class=\"wp-image-1853 aligncenter\" src=\"http:\/\/ccoo.app\/diputacio-de-barcelona\/wp-content\/blogs.dir\/6\/files\/sites\/186\/2018\/01\/logoccoov18.jpg\" alt=\"\" width=\"240\" height=\"110\" \/><\/a><\/p>\n<p style=\"text-align: center\"><span style=\"font-family: 'arial black', sans-serif;color: #0000ff;font-size: 24px\">\u00a0<\/span><span style=\"font-family: 'arial black', sans-serif;color: #0000ff;font-size: 24px\">RESUM DE LA REUNI\u00d3 DEL COMIT\u00c8 DE SEGURETAT (15.01) I SALUT i DE LA COMISSI\u00d3 DE SEGUIMENT DEL PROTOCOL ANTI-COVID (19.01)<\/span><\/p>\n<p style=\"text-align: center\"><span style=\"font-family: arial, helvetica, sans-serif;font-size: 14px;color: #000000\">&#8211; 20 de gener de 2021-<\/span><\/p>\n<p style=\"text-align: center\"><span style=\"text-decoration: underline;color: #000000\"><span style=\"font-family: 'arial black', sans-serif\">INCLOU INFORMACI\u00d3 REBUDA I PETICIONS DE CCOO<\/span><\/span><\/p>\n<p style=\"text-align: justify\"><span style=\"color: #000000\"><span style=\"font-family: arial, helvetica, sans-serif\"><strong><span style=\"font-family: 'arial black', sans-serif\">DADES D&#8217;AFECTACI\u00d3 EN EL PERSONAL\u00a0<\/span><\/strong><\/span>La tercera onada de contagis est\u00e0 afectant tamb\u00e9 al personal de la Diputaci\u00f3 de Barcelona. Des de principi d&#8217;any ja tenim <strong>10 casos nous<\/strong>.<\/span><\/p>\n<p><span style=\"color: #000000\">D&#8217;alguns d&#8217;aquests, s&#8217;ha pogut detectar que s&#8217;han produ\u00eft en l&#8217;\u00e0mbit laboral en els moments del descans. La qual cosa ens ha de servir per a recordar-nos que no podem abaixar la gu\u00e0rdia en cap moment (cliqueu <a href=\"https:\/\/diba.ccoo.cat\/protocolcovidvigentfinsamaig2021\/\"><strong><span style=\"color: #0000ff\">aqu\u00ed<\/span><\/strong><\/a>). Dist\u00e0ncia, mascaretes i neteja de mans &#8230; en tot moment!<\/span><\/p>\n<p><img loading=\"lazy\" decoding=\"async\" class=\" wp-image-6568 aligncenter\" src=\"http:\/\/ccoo.app\/diputacio-de-barcelona\/wp-content\/blogs.dir\/6\/files\/sites\/186\/2020\/07\/precaucio-covid-300x100.jpg\" alt=\"\" width=\"246\" height=\"82\" srcset=\"https:\/\/ccoo.app\/diputacio-de-barcelona\/wp-content\/blogs.dir\/6\/files\/sites\/186\/2020\/07\/precaucio-covid-300x100.jpg 300w, https:\/\/ccoo.app\/diputacio-de-barcelona\/wp-content\/blogs.dir\/6\/files\/sites\/186\/2020\/07\/precaucio-covid-1024x341.jpg 1024w, https:\/\/ccoo.app\/diputacio-de-barcelona\/wp-content\/blogs.dir\/6\/files\/sites\/186\/2020\/07\/precaucio-covid-768x256.jpg 768w, https:\/\/ccoo.app\/diputacio-de-barcelona\/wp-content\/blogs.dir\/6\/files\/sites\/186\/2020\/07\/precaucio-covid.jpg 1500w\" sizes=\"auto, (max-width: 246px) 100vw, 246px\" \/><\/p>\n<p><span style=\"color: #000000\">La vacunaci\u00f3 s&#8217;ha fet el dia 12 de gener per part de CAT SALUT al personal que treballa al pavell\u00f3 nord i Serradell de Mundet, siguin de Diputaci\u00f3 o no (cliqueu <a href=\"https:\/\/www.diba.cat\/sala-de-premsa\/-\/arriba-als-centres-respir-de-la-diputaci%C3%B3-de-barcelona-la-vacuna-contra-la-covid-19\"><span style=\"color: #0000ff\"><strong>aqu\u00ed<\/strong><\/span><\/a>). Es tornar\u00e0 a fer el dia 18 al personal que no es va poder vacunar el dia 12.<\/span><\/p>\n<p><span style=\"color: #000000\">Hem demanat con\u00e8ixer quins col\u00b7lectius s&#8217;han vacunat, quins es pensa tamb\u00e9 vacunar i quin percentatge de persones d&#8217;aquests s&#8217;ha assolit.<\/span><\/p>\n<p><img loading=\"lazy\" decoding=\"async\" class=\"aligncenter\" src=\"https:\/\/castillalamancha.fe.ccoo.es\/72c12f55e187ea630f4a4d271f0e24b9000063.png\" alt=\"Federaci\u00f3n de Ense\u00f1anza de CCOO CLM - Salud Laboral\" width=\"187\" height=\"128\" \/><\/p>\n<p><span style=\"color: #000000\"><span style=\"font-family: arial, helvetica, sans-serif\"><span style=\"font-family: 'arial black', sans-serif\">CLIMATITZACI\u00d3 I RENOVACI\u00d3 D&#8217;AIRE <\/span><\/span>L&#8217;annex 1 de la <span style=\"color: #0000ff\"><strong><a style=\"color: #0000ff\" href=\"http:\/\/ccoo.app\/diputacio-de-barcelona\/wp-content\/blogs.dir\/6\/files\/sites\/186\/2020\/12\/resolucio-slt_3268_2020-de-12-de-desembre-per-la-qual-es-prorroguen-i-es-modifiquen-les-mesures-en-materia-de-salut-publica----.pdf\">RESOLUCI\u00d3 SLT\/3268\/2020<\/a><\/strong><\/span>, de 12 de desembre indica que \u00ab<em>complement\u00e0riament, si \u00e9s necessari per garantir la qualitat de l&#8217;aire, es poden incorporar purificadors d&#8217;aire amb filtres HEPA (high efficiency particulate air) per millorar la qualitat de l&#8217;aire interior retenint les part\u00edcules susceptibles de contenir el virus (retenen entre un 85% i un 99,99 % de part\u00edcules a partir de 0,3 micres, en funci\u00f3 del tipus de filtre). Els purificadors d&#8217;aire no substitueixen la necessitat de mantenir la ventilaci\u00f3 dels espais abans indicada<\/em>\u00ab. <\/span><\/p>\n<p><span style=\"color: #000000\"><img loading=\"lazy\" decoding=\"async\" class=\" wp-image-6926 aligncenter\" src=\"http:\/\/ccoo.app\/diputacio-de-barcelona\/wp-content\/blogs.dir\/6\/files\/sites\/186\/2020\/10\/filtros-hepa-300x244.png\" alt=\"\" width=\"151\" height=\"123\" srcset=\"https:\/\/ccoo.app\/diputacio-de-barcelona\/wp-content\/blogs.dir\/6\/files\/sites\/186\/2020\/10\/filtros-hepa-300x244.png 300w, https:\/\/ccoo.app\/diputacio-de-barcelona\/wp-content\/blogs.dir\/6\/files\/sites\/186\/2020\/10\/filtros-hepa.png 317w\" sizes=\"auto, (max-width: 151px) 100vw, 151px\" \/><\/span><\/p>\n<p><span style=\"color: #000000\"><strong>CCOO-Diba hem demanat que<\/strong> en tots els centres on no existeixi renovaci\u00f3 d&#8217;aire que garanteixi la ventilaci\u00f3 d&#8217;aire d&#8217;\u00f2ptima qualitat <strong>s&#8217;instal\u00b7li aparells purificadors. <\/strong><\/span><\/p>\n<p><span style=\"color: #000000\"><img loading=\"lazy\" decoding=\"async\" class=\"aligncenter\" src=\"https:\/\/pbs.twimg.com\/media\/EsCVG-TXEAEsZGX?format=jpg&amp;name=900x900\" alt=\"Imatge\" width=\"424\" height=\"103\" \/><\/span><\/p>\n<p><span style=\"color: #000000\">Obrir portes i finestres per a ventilar i mantenir en el lloc de treball temperatures adequades \u00e9s pr\u00e0cticament impossible ara que estem en ple hivern. Per la qual cosa, insistim que d&#8217;acord amb el que indica la <a href=\"http:\/\/ccoo.app\/diputacio-de-barcelona\/wp-content\/blogs.dir\/6\/files\/sites\/186\/2020\/12\/resolucio-slt_3268_2020-de-12-de-desembre-per-la-qual-es-prorroguen-i-es-modifiquen-les-mesures-en-materia-de-salut-publica----.pdf\">Resoluci\u00f3<\/a> abans esmentada, <strong>s&#8217;instal\u00b7lin purificadors amb filtres d&#8217;aire Hepa<\/strong>\u00a0(cliqueu <a href=\"https:\/\/www.niusdiario.es\/sociedad\/sanidad\/filtros-hepa-que-son-utiles-reducir-contagio-covid-19-coronavirus-interiores_18_3026370105.html\"><span style=\"color: #0000ff\"><strong>aqu\u00ed<\/strong><\/span><\/a>). Considerem que \u00e9s un mesura important per evitar al m\u00e0xim els contagis que es poden donar per aerosols generats (cliqueu <\/span><a href=\"https:\/\/elpais.com\/ciencia\/2020-10-24\/un-salon-un-bar-y-una-clase-asi-contagia-el-coronavirus-en-el-aire.html\"><strong><span style=\"color: #0000ff\">aqu\u00ed<\/span><\/strong><\/a><span style=\"color: #000000\">).<\/span><\/p>\n<p><span style=\"color: #000000\">Sembla que a l&#8217;ORGT ja s&#8217;estaria fent gestions per a dotar les oficines d&#8217;aquests aparell. Quedarem pendents.<\/span><\/p>\n<p><span style=\"color: #000000\">Finalment, la corporaci\u00f3 ha acceptat la nostra petici\u00f3 que s&#8217;instal\u00b7li senyalitzaci\u00f3 que indiqui al personal en cada centre com s&#8217;ha de ventilar correctament. \u00d2bviament, no passa per a tenir portes i finestres obertes permanentment.<\/span><\/p>\n<p><img loading=\"lazy\" decoding=\"async\" class=\"wp-image-6855 aligncenter\" src=\"http:\/\/ccoo.app\/diputacio-de-barcelona\/wp-content\/blogs.dir\/6\/files\/sites\/186\/2020\/10\/xbm-300x71.png\" alt=\"\" width=\"249\" height=\"59\" srcset=\"https:\/\/ccoo.app\/diputacio-de-barcelona\/wp-content\/blogs.dir\/6\/files\/sites\/186\/2020\/10\/xbm-300x71.png 300w, https:\/\/ccoo.app\/diputacio-de-barcelona\/wp-content\/blogs.dir\/6\/files\/sites\/186\/2020\/10\/xbm.png 377w\" sizes=\"auto, (max-width: 249px) 100vw, 249px\" \/><\/p>\n<p><span style=\"color: #000000\"><strong><span style=\"font-family: arial, helvetica, sans-serif\"><span style=\"font-family: 'arial black', sans-serif\">BIBLIOTEQUES XBM <\/span><\/span><\/strong>Insistim de nou en que no ens arriba la informaci\u00f3 del que passa a les biblioteques. Concretament, tenim coneixement que es tanquen algunes per a contagis o per estr\u00e8s t\u00e8rmic (com a conseq\u00fc\u00e8ncia d&#8217;averies en la climatitzaci\u00f3) nom\u00e9s perqu\u00e8 ens ho indica el personal. Aix\u00f2 s&#8217;ha de solucionar. Tenim dret a la informaci\u00f3!<\/span><\/p>\n<p><span style=\"color: #000000\"><img loading=\"lazy\" decoding=\"async\" class=\"wp-image-6227 aligncenter\" src=\"http:\/\/ccoo.app\/diputacio-de-barcelona\/wp-content\/blogs.dir\/6\/files\/sites\/186\/2020\/05\/orgt-295x300.png\" alt=\"\" width=\"119\" height=\"121\" srcset=\"https:\/\/ccoo.app\/diputacio-de-barcelona\/wp-content\/blogs.dir\/6\/files\/sites\/186\/2020\/05\/orgt-295x300.png 295w, https:\/\/ccoo.app\/diputacio-de-barcelona\/wp-content\/blogs.dir\/6\/files\/sites\/186\/2020\/05\/orgt.png 627w\" sizes=\"auto, (max-width: 119px) 100vw, 119px\" \/><\/span><\/p>\n<p><span style=\"color: #000000\"><span style=\"font-family: 'arial black', sans-serif\"><b>VOLEN RETALLAR LA SEGURETAT A LES OFICINES DE L&#8217;ORGT <\/b><\/span>Davant la informaci\u00f3 que ens arriba sobre la cancel\u00b7laci\u00f3 del servei de vigil\u00e0ncia privada en els centres de treball i oficines de l&#8217;ORGT, <strong>CCOO-Diba hem expressat a la reuni\u00f3 que ens hi oposem frontalment.<\/strong><\/span><\/p>\n<p><span style=\"color: #000000\">De fet, aquest \u00e9s un moment especialment delicat: ens trobem en mig d&#8217;una crisi sanit\u00e0ria, econ\u00f2mica i social. Com a conseq\u00fc\u00e8ncia, ens trobem davant d&#8217;un escenari d&#8217;augment d&#8217;agressions i viol\u00e8ncia. Cal recordar que a les oficines es gestionen embargaments, multes, etc ?<\/span><\/p>\n<p><span style=\"color: #000000\">Demanem que es no es cancel\u00b7li el servei de vigil\u00e0ncia al menys mentre duri l&#8217;actual crisi sanit\u00e0ria. Estem recollint signatures de suport: vols ajudar-nos? En breu us farem arribar el document de recollida.<\/span><\/p>\n<p><span style=\"color: #000000\"><span style=\"font-family: 'arial black', sans-serif\"><b>PROTOCOL A L&#8217;ORGT PER A FER FRONT A SITUACIONS VIOLENTES <\/b><\/span>Recordem que seguim exigint que s&#8217;implanti un protocol per fer front a situacions violentes per part de persones usu\u00e0ries a les oficines. Abans de la integraci\u00f3 se&#8217;n va negociar un, tot i que va quedar paralitzat la seva aprovaci\u00f3 pel proc\u00e9s d&#8217;integraci\u00f3 i per tant no es va arribar a aprovar. Cal reemprendre el tema de manera urgent: els treballadors i treballadores han de saber com actuar espec\u00edficament davant aquestes situacions.<\/span><\/p>\n<p><span style=\"color: #000000\"><span style=\"font-family: 'arial black', sans-serif\"><b>CARREGUES DE TREBALL A L&#8217;ORGT\u00a0<\/b><\/span>Ens queixem que a les oficines de l&#8217;Organisme les carregues de treball s\u00f3n cada vegada m\u00e9s altes. Assenyalem aquest fet i demanem que es prenguin mesures. Responent al problema plantejat, la Diputaci\u00f3 ens indica que durant l&#8217;any 2021 tenen intenci\u00f3 de fer una <em>Valoraci\u00f3 de Riscos Psicosocials<\/em>.<\/span><\/p>\n<p><span style=\"color: #000000\"><span style=\"font-family: 'arial black', sans-serif\"><b>SEGUEIX L&#8217;ACCI\u00d3 SINDICAL DE CCOO A L&#8217;ORGT EN EL NOSTRE PERFIL D&#8217;INSTAGRAM\u00a0<\/b><\/span>(cliqueu<\/span> <a href=\"https:\/\/www.instagram.com\/ccoo_diba\/\"><strong><span style=\"color: #0000ff\">aqu\u00ed<\/span><\/strong><\/a>)<\/p>\n<p><img loading=\"lazy\" decoding=\"async\" class=\"wp-image-3332 aligncenter\" src=\"http:\/\/ccoo.app\/diputacio-de-barcelona\/wp-content\/blogs.dir\/6\/files\/sites\/186\/2019\/01\/ggggggggggggggggggggggggggggggggggggggggggg-300x288.jpg\" alt=\"\" width=\"96\" height=\"92\" srcset=\"https:\/\/ccoo.app\/diputacio-de-barcelona\/wp-content\/blogs.dir\/6\/files\/sites\/186\/2019\/01\/ggggggggggggggggggggggggggggggggggggggggggg-300x288.jpg 300w, https:\/\/ccoo.app\/diputacio-de-barcelona\/wp-content\/blogs.dir\/6\/files\/sites\/186\/2019\/01\/ggggggggggggggggggggggggggggggggggggggggggg.jpg 624w\" sizes=\"auto, (max-width: 96px) 100vw, 96px\" \/><\/p>\n<p><span style=\"color: #000000\"><span style=\"font-family: 'arial black', sans-serif\"><b>CUINA DE SERRADELL (MUNDET) <\/b><\/span>De nou demanem saber si ja s&#8217;han solucionat les defici\u00e8ncies detectades i denunciades per a CCOO (cliqueu <a href=\"https:\/\/diba.ccoo.cat\/23-10-2020-css-diba\/\"><strong><span style=\"color: #0000ff\">aqu\u00ed<\/span><\/strong><\/a> per veure petici\u00f3 del dia 23.10.2020). La resposta \u00e9s que si.<\/span><\/p>\n<p><img loading=\"lazy\" decoding=\"async\" class=\"wp-image-2963 aligncenter\" src=\"http:\/\/ccoo.app\/diputacio-de-barcelona\/wp-content\/blogs.dir\/6\/files\/sites\/186\/2018\/11\/enconstruccion-300x277.png\" alt=\"\" width=\"100\" height=\"92\" srcset=\"https:\/\/ccoo.app\/diputacio-de-barcelona\/wp-content\/blogs.dir\/6\/files\/sites\/186\/2018\/11\/enconstruccion-300x277.png 300w, https:\/\/ccoo.app\/diputacio-de-barcelona\/wp-content\/blogs.dir\/6\/files\/sites\/186\/2018\/11\/enconstruccion.png 358w\" sizes=\"auto, (max-width: 100px) 100vw, 100px\" \/><\/p>\n<p><span style=\"color: #000000\"><strong><span style=\"font-family: 'arial black', sans-serif\"><b>RESTABLIMENT DE TORNS DE TREBALL <\/b><\/span><\/strong>Abans de les vacances de nadal, algunes ger\u00e8ncies i direccions, havien organitzat el treball presencial amb la divisi\u00f3 dels equips de treball i establint torns. Per a fer front a les necessitats del servei durant el per\u00edode vacacional es va suspendre.<\/span><\/p>\n<p><span style=\"color: #000000\">CCOO-Diba demanem informaci\u00f3 per a saber si ja s&#8217;ha recuperat l&#8217;organitzaci\u00f3 del treball per a torns. Aquesta \u00e9s la \u00fanica manera d\u2019evitar que davant un cas positiu per la COVID-19,\u00a0<strong>TOT l\u2019equip es vegi afectat.<\/strong> A m\u00e9s de protegir la salut, garantir\u00edem aix\u00ed la continu\u00eftat de la prestaci\u00f3 del servei (cliqueu<\/span> <a href=\"https:\/\/diba.ccoo.cat\/wp-content\/uploads\/sites\/37\/2020\/05\/5.-MESURES-FLEXIBILITAT-COMPACTACI%C3%93-I-JORNADA-DESTIU.pdf\"><strong><span style=\"color: #0000ff\">aqu\u00ed<\/span><\/strong><\/a>).<\/p>\n<p><img loading=\"lazy\" decoding=\"async\" class=\"wp-image-6469 aligncenter\" src=\"http:\/\/ccoo.app\/diputacio-de-barcelona\/wp-content\/blogs.dir\/6\/files\/sites\/186\/2020\/07\/permis-48j-290x300.png\" alt=\"\" width=\"110\" height=\"114\" srcset=\"https:\/\/ccoo.app\/diputacio-de-barcelona\/wp-content\/blogs.dir\/6\/files\/sites\/186\/2020\/07\/permis-48j-290x300.png 290w, https:\/\/ccoo.app\/diputacio-de-barcelona\/wp-content\/blogs.dir\/6\/files\/sites\/186\/2020\/07\/permis-48j.png 547w\" sizes=\"auto, (max-width: 110px) 100vw, 110px\" \/><\/p>\n<p><span style=\"color: #000000\"><span style=\"font-family: 'arial black', sans-serif\"><b>DAVANT LA COVID-19: NING\u00da ES POT RELAXAR <\/b><\/span>Ben al contrari, hem de seguir aplicant les mesures i recomanacions per evitar possible contagis en el nostre \u00e0mbit laboral (trobareu m\u00e9s informaci\u00f3<\/span>\u00a0<span style=\"color: #0000ff\"><a style=\"color: #0000ff\" href=\"https:\/\/diba.ccoo.cat\/manual-incorporacio\/\"><strong>aqu\u00ed<\/strong><\/a><\/span>).<\/p>\n<p><span style=\"color: #000000\">Lluitar contra la pand\u00e8mia \u00e9s un treball que ens concerneix a tots i totes: a la Diputaci\u00f3 com a organitzaci\u00f3 per\u00f2 tamb\u00e9 a nivell individual.<\/span><\/p>\n<p><span style=\"color: #000000\"><strong>Abans de sortir de casa<\/strong>\u00a0per anar al nostre centre de treball, cal que avaluem el nostre estat de salut tenint en compte els s\u00edmptomes de la COVID-19:<\/span><\/p>\n<ul>\n<li><span style=\"color: #000000\">Temperatura corporal (a partir de 37,3 \u00baC)<\/span><\/li>\n<li><span style=\"color: #000000\">Tos continguda o persistent<\/span><\/li>\n<li><span style=\"color: #000000\">Malestar general<\/span><\/li>\n<li><span style=\"color: #000000\">Sensaci\u00f3 de falta d\u2019aire<\/span><\/li>\n<li><span style=\"color: #000000\">Altres: p\u00e8rdua de gust i olfacte, mal de coll, fatiga, mal de cap, dolor muscular, v\u00f2mits o diarrea<\/span><\/li>\n<\/ul>\n<p><span style=\"color: #000000\">Eviteu utilitzar el transport col\u00b7lectiu en hores punta (feu-nos saber les denegacions de flexibilitat).<\/span><\/p>\n<p><span style=\"color: #000000\"><strong>Quan arribem al centre de treball:<\/strong><\/span><\/p>\n<ul>\n<li><span style=\"color: #000000\">Respecteu les senyalitzacions<\/span><\/li>\n<li><span style=\"color: #000000\">Netegeu-vos les mans<\/span><\/li>\n<li><span style=\"color: #000000\">Feu \u00fas de les mascaretes quir\u00fargiques que us proporciona la corporaci\u00f3<\/span><\/li>\n<li><span style=\"color: #000000\">Apliqueu les directrius sobre l\u2019\u00fas d\u2019equips i eines compartides i l\u2019\u00fas de lavabos i vestidors.<\/span><\/li>\n<\/ul>\n<p><span style=\"color: #000000\">La ventilaci\u00f3 i climatitzaci\u00f3 d\u2019espais tancats amb concurr\u00e8ncia humana s\u00f3n dos factors importants a tenir en compte per a la prevenci\u00f3 i el control de la COVID-19. \u00c9s important que es mantinguin les mesures per a garantir una bona ventilaci\u00f3 (cliqueu<\/span>\u00a0<span style=\"color: #0000ff\"><a style=\"color: #0000ff\" href=\"https:\/\/diba.ccoo.cat\/climatitzem-pero-amb-seguretat\/\"><strong>aqu\u00ed<\/strong><\/a><\/span>).<\/p>\n<p><span style=\"color: #000000\">En\u00a0<strong>finalitzar la jornada:<\/strong><\/span><\/p>\n<ul>\n<li><span style=\"color: #000000\">Eviteu acumular materials en el vostre lloc de treball i deixeu recollit el vostre espai de treball. Faciliteu la feina al personal de neteja.<\/span><\/li>\n<li><span style=\"color: #000000\">Abans de sortir del centre de treball, renteu-vos les mans<\/span><\/li>\n<\/ul>\n<p><span style=\"color: #000000\"><img loading=\"lazy\" decoding=\"async\" class=\"wp-image-6417 aligncenter\" src=\"http:\/\/ccoo.app\/diputacio-de-barcelona\/wp-content\/blogs.dir\/6\/files\/sites\/186\/2020\/07\/ccoo-diba-prevencio-300x280.png\" alt=\"\" width=\"160\" height=\"149\" srcset=\"https:\/\/ccoo.app\/diputacio-de-barcelona\/wp-content\/blogs.dir\/6\/files\/sites\/186\/2020\/07\/ccoo-diba-prevencio-300x280.png 300w, https:\/\/ccoo.app\/diputacio-de-barcelona\/wp-content\/blogs.dir\/6\/files\/sites\/186\/2020\/07\/ccoo-diba-prevencio.png 490w\" sizes=\"auto, (max-width: 160px) 100vw, 160px\" \/><\/span><\/p>\n<ul>\n<li style=\"text-align: justify\"><span style=\"font-family: arial, helvetica, sans-serif\"><span style=\"color: #000000\"><span style=\"font-family: 'arial black', sans-serif\"><strong>TINGUES SEMPRE A M\u00c0 EL MANUAL\u00a0<em>\u201cINCORPORACI\u00d3 AL LLOC DE TREBALL<\/em><\/strong>\u00a0<\/span><strong><em><span style=\"font-family: 'arial black', sans-serif\">PRESENCIAL: QU\u00c8 HEU DE SABER?\u201d\u00a0<\/span><\/em><\/strong>Cliqueu<\/span> <span style=\"font-family: 'arial black', sans-serif;color: #0000ff\"><a style=\"color: #0000ff\" href=\"https:\/\/diba.ccoo.cat\/manual-incorporacio\/\">aqu\u00ed<\/a><\/span><\/span><\/li>\n<li style=\"text-align: justify\"><span style=\"font-family: 'arial black', sans-serif;color: #000000\"><strong>A LA FEINA HAIG DE DUR MASCARETA?<\/strong> <span style=\"font-family: arial, helvetica, sans-serif\">Cliqueu <span style=\"color: #0000ff;font-family: 'arial black', sans-serif\"><a style=\"color: #0000ff\" href=\"https:\/\/diba.ccoo.cat\/novembre-2020-haig-de-portar-mascareta-a-la-meva-feina-2\/\">aqu\u00ed<\/a>.<\/span><\/span><\/span><\/li>\n<\/ul>\n<p style=\"text-align: justify\"><img loading=\"lazy\" decoding=\"async\" class=\"wp-image-6159 aligncenter\" src=\"http:\/\/ccoo.app\/diputacio-de-barcelona\/wp-content\/blogs.dir\/6\/files\/sites\/186\/2020\/05\/28-de-maig.png\" alt=\"\" width=\"175\" height=\"131\" \/><\/p>\n<p style=\"text-align: justify\">\n<p style=\"text-align: center\"><span style=\"font-family: 'arial black', sans-serif\"><span style=\"font-family: arial, helvetica, sans-serif\"><span style=\"color: #000000\">CLIQUEU<\/span><a href=\"https:\/\/diba.ccoo.cat\/23-10-2020-css-diba\/\"><span style=\"color: #0000ff;font-family: 'arial black', sans-serif\"> AQU\u00cd <\/span><\/a><\/span><span style=\"color: #000000\"><span style=\"font-family: arial, helvetica, sans-serif\">VEURE RESUM DE L<\/span>A REUNI\u00d3 DEL CSS ANTERIOR<\/span><\/span><\/p>\n<p style=\"text-align: center\"><img loading=\"lazy\" decoding=\"async\" class=\"wp-image-5184 aligncenter\" src=\"http:\/\/ccoo.app\/diputacio-de-barcelona\/wp-content\/blogs.dir\/6\/files\/sites\/186\/2020\/03\/i-de-info-300x300.jpg\" alt=\"\" width=\"72\" height=\"72\" srcset=\"https:\/\/ccoo.app\/diputacio-de-barcelona\/wp-content\/blogs.dir\/6\/files\/sites\/186\/2020\/03\/i-de-info-300x300.jpg 300w, https:\/\/ccoo.app\/diputacio-de-barcelona\/wp-content\/blogs.dir\/6\/files\/sites\/186\/2020\/03\/i-de-info-150x150.jpg 150w, https:\/\/ccoo.app\/diputacio-de-barcelona\/wp-content\/blogs.dir\/6\/files\/sites\/186\/2020\/03\/i-de-info.jpg 626w\" sizes=\"auto, (max-width: 72px) 100vw, 72px\" \/><\/p>\n<p style=\"text-align: center\"><span style=\"font-family: 'arial black', sans-serif;color: #000000\">DE DILLUNS A DIVENDRES<\/span><\/p>\n<p style=\"text-align: center\"><span style=\"font-family: 'arial black', sans-serif;color: #000000\">DE 10:00 A 14:30 i DE 17:00 A 19:00\u00a0<\/span><\/p>\n<p style=\"text-align: center\"><span style=\"font-family: 'arial black', sans-serif;color: #000000\">93.402.29.85 \u2013 22985 \u2013 667 90 69 64<\/span><\/p>\n<p><img loading=\"lazy\" decoding=\"async\" class=\"wp-image-5553 aligncenter\" src=\"http:\/\/ccoo.app\/diputacio-de-barcelona\/wp-content\/blogs.dir\/6\/files\/sites\/186\/2020\/04\/mail-foto-300x200.jpg\" alt=\"\" width=\"59\" height=\"39\" srcset=\"https:\/\/ccoo.app\/diputacio-de-barcelona\/wp-content\/blogs.dir\/6\/files\/sites\/186\/2020\/04\/mail-foto-300x200.jpg 300w, https:\/\/ccoo.app\/diputacio-de-barcelona\/wp-content\/blogs.dir\/6\/files\/sites\/186\/2020\/04\/mail-foto-1024x683.jpg 1024w, https:\/\/ccoo.app\/diputacio-de-barcelona\/wp-content\/blogs.dir\/6\/files\/sites\/186\/2020\/04\/mail-foto-768x512.jpg 768w, https:\/\/ccoo.app\/diputacio-de-barcelona\/wp-content\/blogs.dir\/6\/files\/sites\/186\/2020\/04\/mail-foto.jpg 1200w\" sizes=\"auto, (max-width: 59px) 100vw, 59px\" \/><\/p>\n<p style=\"text-align: center\"><span style=\"font-family: arial, helvetica, sans-serif;color: #000000\">La\u00a0SECCI\u00d3 SINDICAL DE CCOO donem resposta a tots els teus dubtes o t&#8217;ajudem solucionar els problemes que puguis tenir.<strong> T&#8217;ajudem a defensar els teus drets!<\/strong><\/span><\/p>\n<p style=\"text-align: center\"><span style=\"font-family: 'arial black', sans-serif;color: #0000ff\"><a style=\"color: #0000ff\" href=\"mailto:ccoo@diba.cat\"><strong>ccoo@diba.cat<\/strong><\/a><\/span><\/p>\n<p style=\"text-align: center\"><span style=\"font-family: 'arial black', sans-serif;color: #0000ff\"><a style=\"color: #0000ff\" href=\"mailto:orgt.ssccoo@diba.cat\">orgt.ssccoo@diba.cat<\/a><\/span><\/p>\n<p><img loading=\"lazy\" decoding=\"async\" class=\"wp-image-6417 aligncenter\" src=\"http:\/\/ccoo.app\/diputacio-de-barcelona\/wp-content\/blogs.dir\/6\/files\/sites\/186\/2020\/07\/ccoo-diba-prevencio-300x280.png\" alt=\"\" width=\"57\" height=\"53\" srcset=\"https:\/\/ccoo.app\/diputacio-de-barcelona\/wp-content\/blogs.dir\/6\/files\/sites\/186\/2020\/07\/ccoo-diba-prevencio-300x280.png 300w, https:\/\/ccoo.app\/diputacio-de-barcelona\/wp-content\/blogs.dir\/6\/files\/sites\/186\/2020\/07\/ccoo-diba-prevencio.png 490w\" sizes=\"auto, (max-width: 57px) 100vw, 57px\" \/><\/p>\n<p style=\"text-align: center\"><span style=\"font-family: arial, helvetica, sans-serif;color: #000000\">Contacte directe amb els i les delegades de prevenci\u00f3: clic <a href=\"https:\/\/diba.ccoo.cat\/ajuda-dels-nostres-delegats-i-delegades-de-prevencio\/\"><span style=\"font-family: 'arial black', sans-serif;color: #0000ff\">aqu\u00ed<\/span><\/a><\/span><\/p>\n<p><img loading=\"lazy\" decoding=\"async\" class=\"wp-image-5554 aligncenter\" src=\"http:\/\/ccoo.app\/diputacio-de-barcelona\/wp-content\/blogs.dir\/6\/files\/sites\/186\/2020\/04\/mail-foto-enviar-300x212.jpg\" alt=\"\" width=\"67\" height=\"47\" srcset=\"https:\/\/ccoo.app\/diputacio-de-barcelona\/wp-content\/blogs.dir\/6\/files\/sites\/186\/2020\/04\/mail-foto-enviar-300x212.jpg 300w, https:\/\/ccoo.app\/diputacio-de-barcelona\/wp-content\/blogs.dir\/6\/files\/sites\/186\/2020\/04\/mail-foto-enviar-1024x724.jpg 1024w, https:\/\/ccoo.app\/diputacio-de-barcelona\/wp-content\/blogs.dir\/6\/files\/sites\/186\/2020\/04\/mail-foto-enviar-768x543.jpg 768w, https:\/\/ccoo.app\/diputacio-de-barcelona\/wp-content\/blogs.dir\/6\/files\/sites\/186\/2020\/04\/mail-foto-enviar.jpg 1200w\" sizes=\"auto, (max-width: 67px) 100vw, 67px\" \/><\/p>\n<p style=\"text-align: center\"><span style=\"font-family: arial, helvetica, sans-serif;color: #000000\">Encara no t&#8217;has descarregat la nostra <a href=\"http:\/\/www.ccoo.cat\/carnet\/index.aspx?qr=1#descarrega\"><span style=\"font-family: 'arial black', sans-serif;color: #0000ff\">APP<\/span><\/a> CCOO-Diba d&#8217;informaci\u00f3 sindical?<\/span><\/p>\n<p style=\"text-align: center\"><span style=\"font-family: arial, helvetica, sans-serif;color: #000000\">Fes clic <a href=\"http:\/\/www.ccoo.cat\/carnet\/index.aspx?qr=1#descarrega\"><span style=\"font-family: 'arial black', sans-serif;color: #0000ff\">aqu\u00ed<\/span><\/a> per tenir la informaci\u00f3 abans que ning\u00fa!<\/span><\/p>\n<p><img loading=\"lazy\" decoding=\"async\" class=\"wp-image-5915 aligncenter\" src=\"http:\/\/ccoo.app\/diputacio-de-barcelona\/wp-content\/blogs.dir\/6\/files\/sites\/186\/2020\/05\/xarxes-socials-300x169.png\" alt=\"\" width=\"227\" height=\"128\" srcset=\"https:\/\/ccoo.app\/diputacio-de-barcelona\/wp-content\/blogs.dir\/6\/files\/sites\/186\/2020\/05\/xarxes-socials-300x169.png 300w, https:\/\/ccoo.app\/diputacio-de-barcelona\/wp-content\/blogs.dir\/6\/files\/sites\/186\/2020\/05\/xarxes-socials-1024x576.png 1024w, https:\/\/ccoo.app\/diputacio-de-barcelona\/wp-content\/blogs.dir\/6\/files\/sites\/186\/2020\/05\/xarxes-socials-768x432.png 768w, https:\/\/ccoo.app\/diputacio-de-barcelona\/wp-content\/blogs.dir\/6\/files\/sites\/186\/2020\/05\/xarxes-socials.png 1200w\" sizes=\"auto, (max-width: 227px) 100vw, 227px\" \/><\/p>\n<p style=\"text-align: center\"><span style=\"font-family: arial, helvetica, sans-serif;color: #000000\">Tamb\u00e9 trobar\u00e0s CCOO-Diba a les xarxes socials. Clica sobre la icona de la teva xarxa favorita:<\/span><\/p>\n<p><a href=\"https:\/\/twitter.com\/CCOODiba\"><img loading=\"lazy\" decoding=\"async\" class=\" wp-image-5728 aligncenter\" src=\"http:\/\/ccoo.app\/diputacio-de-barcelona\/wp-content\/blogs.dir\/6\/files\/sites\/186\/2020\/04\/twitter-300x300.png\" alt=\"\" width=\"89\" height=\"89\" srcset=\"https:\/\/ccoo.app\/diputacio-de-barcelona\/wp-content\/blogs.dir\/6\/files\/sites\/186\/2020\/04\/twitter-300x300.png 300w, https:\/\/ccoo.app\/diputacio-de-barcelona\/wp-content\/blogs.dir\/6\/files\/sites\/186\/2020\/04\/twitter-150x150.png 150w, https:\/\/ccoo.app\/diputacio-de-barcelona\/wp-content\/blogs.dir\/6\/files\/sites\/186\/2020\/04\/twitter.png 512w\" sizes=\"auto, (max-width: 89px) 100vw, 89px\" \/><\/a><\/p>\n<p><a href=\"https:\/\/www.instagram.com\/ccoo_diba\/?hl=es\"><img loading=\"lazy\" decoding=\"async\" class=\"wp-image-5730 aligncenter\" src=\"http:\/\/ccoo.app\/diputacio-de-barcelona\/wp-content\/blogs.dir\/6\/files\/sites\/186\/2020\/04\/instragram-300x300.png\" alt=\"\" width=\"91\" height=\"91\" srcset=\"https:\/\/ccoo.app\/diputacio-de-barcelona\/wp-content\/blogs.dir\/6\/files\/sites\/186\/2020\/04\/instragram-300x300.png 300w, https:\/\/ccoo.app\/diputacio-de-barcelona\/wp-content\/blogs.dir\/6\/files\/sites\/186\/2020\/04\/instragram-150x150.png 150w, https:\/\/ccoo.app\/diputacio-de-barcelona\/wp-content\/blogs.dir\/6\/files\/sites\/186\/2020\/04\/instragram.png 512w\" sizes=\"auto, (max-width: 91px) 100vw, 91px\" \/><\/a><\/p>\n<p><a href=\"https:\/\/www.facebook.com\/CcooDiputacioDeBarcelona\/\"><img loading=\"lazy\" decoding=\"async\" class=\"wp-image-5729 aligncenter\" src=\"http:\/\/ccoo.app\/diputacio-de-barcelona\/wp-content\/blogs.dir\/6\/files\/sites\/186\/2020\/04\/facebook-300x300.png\" alt=\"\" width=\"90\" height=\"90\" srcset=\"https:\/\/ccoo.app\/diputacio-de-barcelona\/wp-content\/blogs.dir\/6\/files\/sites\/186\/2020\/04\/facebook-300x300.png 300w, https:\/\/ccoo.app\/diputacio-de-barcelona\/wp-content\/blogs.dir\/6\/files\/sites\/186\/2020\/04\/facebook-150x150.png 150w, https:\/\/ccoo.app\/diputacio-de-barcelona\/wp-content\/blogs.dir\/6\/files\/sites\/186\/2020\/04\/facebook.png 325w\" sizes=\"auto, (max-width: 90px) 100vw, 90px\" \/><\/a><a href=\"https:\/\/www.youtube.com\/channel\/UCFzenkS75udEcs4pB4qoZsg\"><img loading=\"lazy\" decoding=\"async\" class=\" wp-image-5916 aligncenter\" src=\"http:\/\/ccoo.app\/diputacio-de-barcelona\/wp-content\/blogs.dir\/6\/files\/sites\/186\/2020\/05\/youtube-300x115.jpg\" alt=\"\" width=\"122\" height=\"47\" srcset=\"https:\/\/ccoo.app\/diputacio-de-barcelona\/wp-content\/blogs.dir\/6\/files\/sites\/186\/2020\/05\/youtube-300x115.jpg 300w, https:\/\/ccoo.app\/diputacio-de-barcelona\/wp-content\/blogs.dir\/6\/files\/sites\/186\/2020\/05\/youtube-1024x391.jpg 1024w, https:\/\/ccoo.app\/diputacio-de-barcelona\/wp-content\/blogs.dir\/6\/files\/sites\/186\/2020\/05\/youtube-768x293.jpg 768w, https:\/\/ccoo.app\/diputacio-de-barcelona\/wp-content\/blogs.dir\/6\/files\/sites\/186\/2020\/05\/youtube.jpg 1200w\" sizes=\"auto, (max-width: 122px) 100vw, 122px\" \/><\/a><\/p>\n<p><iframe loading=\"lazy\" title=\"Hauran de comptar amb nosaltres. Salut, treball i just\u00edcia social || 1r de maig del 2020.\" width=\"1200\" height=\"675\" src=\"https:\/\/www.youtube.com\/embed\/uS104R3aSJs?feature=oembed\" frameborder=\"0\" allow=\"accelerometer; autoplay; clipboard-write; encrypted-media; gyroscope; picture-in-picture; web-share\" allowfullscreen><\/iframe>    \t<\/p>\n","protected":false},"excerpt":{"rendered":"<p>\u00a0RESUM DE LA REUNI\u00d3 DEL COMIT\u00c8 DE SEGURETAT (15.01) I SALUT i DE LA COMISSI\u00d3 DE SEGUIMENT DEL PROTOCOL ANTI-COVID (19.01) &#8211; 20 de gener de 2021- INCLOU INFORMACI\u00d3 REBUDA &#8230; <\/p>\n<p class=\"read-more-container\"><a title=\"RESUM DE LA REUNI\u00d3 DEL COMIT\u00c8 DE SEGURETAT I SALUT i DE LA COMISSI\u00d3 DE SEGUIMENT DEL PROTOCOL ANTI-COVID\" class=\"read-more button\" href=\"https:\/\/ccoo.app\/diputacio-de-barcelona\/19-01-2021-css-comissio-seguiment-diba\/#more-7466\" aria-label=\"Leer m\u00e1s sobre RESUM DE LA REUNI\u00d3 DEL COMIT\u00c8 DE SEGURETAT I SALUT i DE LA COMISSI\u00d3 DE SEGUIMENT DEL PROTOCOL ANTI-COVID\">Continuar llegint<\/a><\/p>\n","protected":false},"author":4519,"featured_media":7479,"comment_status":"open","ping_status":"open","sticky":false,"template":"","format":"standard","meta":{"footnotes":""},"categories":[38,19,29,34,35,37],"tags":[124,167,189,212,221,239],"class_list":["post-7466","post","type-post","status-publish","format-standard","has-post-thumbnail","hentry","category-a-tot-el-personal","category-comunicats","category-orgt-2","category-respir","category-salut-laboral","category-xbm","tag-inspeccio-de-treball","tag-orgt","tag-prevencio","tag-salut","tag-teletreball","tag-xarxa-de-bibioteques-xbm","generate-columns","tablet-grid-50","mobile-grid-100","grid-parent","grid-50"],"_links":{"self":[{"href":"https:\/\/ccoo.app\/diputacio-de-barcelona\/wp-json\/wp\/v2\/posts\/7466","targetHints":{"allow":["GET"]}}],"collection":[{"href":"https:\/\/ccoo.app\/diputacio-de-barcelona\/wp-json\/wp\/v2\/posts"}],"about":[{"href":"https:\/\/ccoo.app\/diputacio-de-barcelona\/wp-json\/wp\/v2\/types\/post"}],"author":[{"embeddable":true,"href":"https:\/\/ccoo.app\/diputacio-de-barcelona\/wp-json\/wp\/v2\/users\/4519"}],"replies":[{"embeddable":true,"href":"https:\/\/ccoo.app\/diputacio-de-barcelona\/wp-json\/wp\/v2\/comments?post=7466"}],"version-history":[{"count":1,"href":"https:\/\/ccoo.app\/diputacio-de-barcelona\/wp-json\/wp\/v2\/posts\/7466\/revisions"}],"predecessor-version":[{"id":50807,"href":"https:\/\/ccoo.app\/diputacio-de-barcelona\/wp-json\/wp\/v2\/posts\/7466\/revisions\/50807"}],"wp:featuredmedia":[{"embeddable":true,"href":"https:\/\/ccoo.app\/diputacio-de-barcelona\/wp-json\/wp\/v2\/media\/7479"}],"wp:attachment":[{"href":"https:\/\/ccoo.app\/diputacio-de-barcelona\/wp-json\/wp\/v2\/media?parent=7466"}],"wp:term":[{"taxonomy":"category","embeddable":true,"href":"https:\/\/ccoo.app\/diputacio-de-barcelona\/wp-json\/wp\/v2\/categories?post=7466"},{"taxonomy":"post_tag","embeddable":true,"href":"https:\/\/ccoo.app\/diputacio-de-barcelona\/wp-json\/wp\/v2\/tags?post=7466"}],"curies":[{"name":"wp","href":"https:\/\/api.w.org\/{rel}","templated":true}]}}