{"id":7345,"date":"2020-12-04T13:23:40","date_gmt":"2020-12-04T12:23:40","guid":{"rendered":"https:\/\/diba.ccoo.cat\/?p=7345"},"modified":"2023-10-17T14:02:41","modified_gmt":"2023-10-17T12:02:41","slug":"informedesfavorablepressupostos2021","status":"publish","type":"post","link":"https:\/\/ccoo.app\/diputacio-de-barcelona\/informedesfavorablepressupostos2021\/","title":{"rendered":"ENVIEM ALS GRUPS POL\u00cdTICS INFORME DESFAVORABLE SOBRE EL PRESSUPOST DIBA 2021"},"content":{"rendered":"<p><a href=\"https:\/\/diba.ccoo.cat\/\"><img loading=\"lazy\" decoding=\"async\" class=\"wp-image-5909 aligncenter\" src=\"http:\/\/ccoo.app\/diputacio-de-barcelona\/wp-content\/blogs.dir\/6\/files\/sites\/186\/2020\/05\/nota-1-300x86.png\" alt=\"\" width=\"92\" height=\"27\" srcset=\"https:\/\/ccoo.app\/diputacio-de-barcelona\/wp-content\/blogs.dir\/6\/files\/sites\/186\/2020\/05\/nota-1-300x86.png 300w, https:\/\/ccoo.app\/diputacio-de-barcelona\/wp-content\/blogs.dir\/6\/files\/sites\/186\/2020\/05\/nota-1.png 339w\" sizes=\"auto, (max-width: 92px) 100vw, 92px\" \/><\/a><\/p>\n<p class=\"wp-caption-text\"><a href=\"https:\/\/diba.ccoo.cat\/\"><img loading=\"lazy\" decoding=\"async\" class=\"wp-image-1853 aligncenter\" src=\"http:\/\/ccoo.app\/diputacio-de-barcelona\/wp-content\/blogs.dir\/6\/files\/sites\/186\/2018\/01\/logoccoov18.jpg\" alt=\"\" width=\"240\" height=\"110\" \/><\/a><\/p>\n<p><img loading=\"lazy\" decoding=\"async\" class=\"wp-image-5910 aligncenter\" src=\"http:\/\/ccoo.app\/diputacio-de-barcelona\/wp-content\/blogs.dir\/6\/files\/sites\/186\/2020\/05\/nota-3-300x83.png\" alt=\"\" width=\"90\" height=\"25\" srcset=\"https:\/\/ccoo.app\/diputacio-de-barcelona\/wp-content\/blogs.dir\/6\/files\/sites\/186\/2020\/05\/nota-3-300x83.png 300w, https:\/\/ccoo.app\/diputacio-de-barcelona\/wp-content\/blogs.dir\/6\/files\/sites\/186\/2020\/05\/nota-3.png 337w\" sizes=\"auto, (max-width: 90px) 100vw, 90px\" \/><\/p>\n<p style=\"text-align: center\"><span style=\"font-family: 'arial black', sans-serif;color: #0000ff;font-size: 24px\">CCOO-DIBA ENVIEM INFORME DESFAVORABLE A L&#8217;AVANTPROJECTE DE PRESSUPOST 2021 DE LA DIPUTACI\u00d3 DE BARCELONA<\/span><\/p>\n<p style=\"text-align: center\"><span style=\"font-family: 'arial black', sans-serif;color: #000000;font-size: 20px\">LI FEM ARRIBAR A TOTS ELS GRUPS POL\u00cdCICS DE LA CORPORACI\u00d3<\/span><\/p>\n<p style=\"text-align: center\"><span style=\"font-family: arial, helvetica, sans-serif;font-size: 14px;color: #000000\">-4 desembre de 2020-<\/span><\/p>\n<p><span style=\"color: #000000\">L&#8217;article 8 .1 del nostre Acord Marc de Condicions de Treball indica:<\/span><\/p>\n<p><span style=\"color: #000000\">1. La Junta de Personal i les centrals sindicals representatives rebran el projecte de pressupost del cap\u00edtol I, per tal de poder formular esmenes en tot all\u00f2 que afecti les condicions de treball del personal de la Corporaci\u00f3, perqu\u00e8 puguin ser tingudes en compte abans de l&#8217;aprovaci\u00f3 del pressupost de la Corporaci\u00f3.<\/span><\/p>\n<p>A m\u00e9s de formular les nostres esmenes en la Mesa General de Negociaci\u00f3 (cliqueu <a href=\"https:\/\/diba.ccoo.cat\/nota-informativa-16-novembre-2020\/\"><strong><span style=\"color: #0000ff\">aqu\u00ed<\/span><\/strong><\/a>), CCOO hem enviat un escrit a tots els grups pol\u00edtics exposant el nostra posicionament en relaci\u00f3 al projecte de pressupost del cap\u00edtol 1.<\/p>\n<h4>\u00a0<\/h4>\n<h4 style=\"text-align: center\"><strong>ESCRIT ENVIAT ALS GRUPS POL\u00ccTICS\u00a0<\/strong><\/h4>\n<p><em><span style=\"color: #000000\"><strong>La Secci\u00f3 Sindical de Comissions Obreres de la Diputaci\u00f3 de Barcelona<\/strong> informa desfavorablement de les previsions pressupost\u00e0ries de despeses de personal proposades per l\u2019equip de govern pels seg\u00fcents motius:<\/span><\/em><\/p>\n<ul>\n<li>\n<p><em><span style=\"color: #000000\"><strong>No incorpora una quantia suficient per desenvolupar un model de carrera professional al 2021 i suprimeix la possibilitat de recuperar els trams de carrera professional<\/strong> en tot el per\u00edode en que aquesta ha tingut previsi\u00f3 pressupost\u00e0ria inicial, per\u00f2 no s\u2019ha executat.<\/span><\/em><\/p>\n<\/li>\n<\/ul>\n<p><em><span style=\"color: #000000\">En aquest concepte entre el 2018 i el 2020, el conjunt de les treballadores i els treballadors de la Diputaci\u00f3 de Barcelona hem perdut 12.422.588 \u20ac.<\/span><\/em><\/p>\n<p><em><span style=\"color: #000000\">Per recuperar una part d\u2019aquesta minva salarial, i ja no tota, la consignaci\u00f3 inicial del 2021 no hauria de ser inferior a 12.000.000 \u20ac.<\/span><\/em><\/p>\n<ul>\n<li>\n<p><em><span style=\"color: #000000\"><strong>No preveu cap compensaci\u00f3 per despeses pr\u00f2pies a les treballadores i treballadors que presten el servei en r\u00e8gim de teletreball.<\/strong><\/span><\/em><\/p>\n<\/li>\n<\/ul>\n<p><em><span style=\"color: #000000\">Hi ha un m\u00ednim de depeses que s\u2019han de preveure i compensar per poder executar els possibles acords que s\u2019assoleixin en aquesta mat\u00e8ria i no \u00e9s de bona fe negocial no fer cap previsi\u00f3 per despr\u00e9s utilitzar aquest argument per limitar les quanties de l\u2019acord.<\/span><\/em><\/p>\n<p><em><span style=\"color: #000000\">S\u00f3n dos grups de despeses els que s\u2019han de tenir en compte:<\/span><\/em><\/p>\n<ul>\n<li style=\"list-style-type: none\">\n<ul>\n<li>\n<p><em><span style=\"color: #000000\">L\u2019amortitzaci\u00f3 dels equipaments que aporta la plantilla: equipaments inform\u00e0tics, mobiliari de despatx i espai de l\u2019habitatge<\/span><\/em><\/p>\n<\/li>\n<li>\n<p><em><span style=\"color: #000000\">Les despeses corrents: connexi\u00f3 a internet, calefacci\u00f3, electricitat i aigua<\/span><\/em><\/p>\n<\/li>\n<\/ul>\n<\/li>\n<\/ul>\n<p><em><span style=\"color: #000000\">Aix\u00f2 \u00e9s m\u00e9s greu encara quan aquestes despeses no s\u2019han volgut incloure en la millora social ordin\u00e0ria o la complement\u00e0ria per edat.<\/span><\/em><\/p>\n<ul>\n<li>\n<p><em><span style=\"color: #000000\"><strong>S\u2019incorpora al Cap\u00edtol I una despesa de contractaci\u00f3 de serveis externs<\/strong>, que sempre ha estat al Cap\u00edtol II, i que t\u00e9 com a conseq\u00fc\u00e8ncia un increment indegut de la massa salarial en un import de 589.360 \u20ac.<\/span><\/em><\/p>\n<\/li>\n<\/ul>\n<p><em><span style=\"color: #000000\">Aix\u00f2, en el cas que hi hagu\u00e9s una regulaci\u00f3 el 2021 de limitaci\u00f3 de l\u2019increment global de la massa salarial, impediria que els salaris percebuts assolissin el nivell que els pertoca; cedirien una part a aquesta contractaci\u00f3 externa.<\/span><\/em><\/p>\n<ul>\n<li>\n<p><em><span style=\"color: #000000\"><strong>Fa una interpretaci\u00f3 restrictiva de la previsi\u00f3 de l\u2019augment dels salaris del 0\u201955%<\/strong> de l\u2019acord sobre salaris p\u00fablics publicat al BOE n\u00famero 74 de 26 de mar\u00e7 de 2018, en cas d\u2019assoliment de l\u2019objectiu de d\u00e8ficit, i evita concretar la previsi\u00f3 per al cas de la Diputaci\u00f3 de Barcelona.<\/span><\/em><\/p>\n<\/li>\n<li>\n<p><em><span style=\"color: #000000\"><strong>No inclou cap esmena formulada pels sindicats d\u2019acord amb el que indica l\u2019article 8.1 de l\u2019Acord Marc<\/strong> de condicions de treball dels empleats i empleades de la Diputaci\u00f3 (incloem el n\u00fam de l\u2019econ\u00f2mic):<\/span><\/em><\/p>\n<ul>\n<li>\n<p><em><span style=\"color: #000000\">Ajut Menjar (16201)<\/span><\/em><\/p>\n<\/li>\n<li>\n<p><em><span style=\"color: #000000\">Ajut Discapacitat (16204)<\/span><\/em><\/p>\n<\/li>\n<li>\n<p><em><span style=\"color: #000000\">Formaci\u00f3 (16200)<\/span><\/em><\/p>\n<\/li>\n<li>\n<p><em><span style=\"color: #000000\">Indemnitzacions per jubilaci\u00f3 (16106)<\/span><\/em><\/p>\n<\/li>\n<li>\n<p><em><span style=\"color: #000000\">Factor de productivitat mensual dels llocs de base (150)<\/span><\/em><\/p>\n<\/li>\n<li>\n<p><em><span style=\"color: #000000\">Factors retributius: festiu di\u00fcrn i nocturn, dissabtes di\u00fcrn i nocturn, localitzaci\u00f3, penositat\/perillositat, despla\u00e7ament, jornada ampliada, etc. (151)<\/span><\/em><\/p>\n<\/li>\n<\/ul>\n<\/li>\n<\/ul>\n<p><em><span style=\"color: #000000\">I finalment, d\u2019acord amb el nostre recurs contenci\u00f3s administratiu en seu judicial contra l\u2019aplicaci\u00f3 indiscriminada de la lliure designaci\u00f3 <strong>CCOO-Diba vol expressar el seu posicionament desfavorablement respecte de la Relaci\u00f3 de Llocs de Treball que acompanya al Pressupost <\/strong>at\u00e8s que continua mantenint com a forma de provisi\u00f3 per a llocs de comandament i t\u00e8cniques i t\u00e8cnics assessors de grau igual o m\u00e9s gran de 26 dita lliure designaci\u00f3 tot vulnerant la normativa reguladora sobre provisi\u00f3 de llocs de treball<\/span><\/em><\/p>\n<p>\u00a0<\/p>\n<p><img loading=\"lazy\" decoding=\"async\" class=\"wp-image-5912 aligncenter\" src=\"http:\/\/ccoo.app\/diputacio-de-barcelona\/wp-content\/blogs.dir\/6\/files\/sites\/186\/2020\/05\/nota-2-300x86.png\" alt=\"\" width=\"98\" height=\"28\" srcset=\"https:\/\/ccoo.app\/diputacio-de-barcelona\/wp-content\/blogs.dir\/6\/files\/sites\/186\/2020\/05\/nota-2-300x86.png 300w, https:\/\/ccoo.app\/diputacio-de-barcelona\/wp-content\/blogs.dir\/6\/files\/sites\/186\/2020\/05\/nota-2.png 337w\" sizes=\"auto, (max-width: 98px) 100vw, 98px\" \/><\/p>\n<p style=\"text-align: center\"><img loading=\"lazy\" decoding=\"async\" class=\"wp-image-5184 aligncenter\" src=\"http:\/\/ccoo.app\/diputacio-de-barcelona\/wp-content\/blogs.dir\/6\/files\/sites\/186\/2020\/03\/i-de-info-300x300.jpg\" alt=\"\" width=\"72\" height=\"72\" srcset=\"https:\/\/ccoo.app\/diputacio-de-barcelona\/wp-content\/blogs.dir\/6\/files\/sites\/186\/2020\/03\/i-de-info-300x300.jpg 300w, https:\/\/ccoo.app\/diputacio-de-barcelona\/wp-content\/blogs.dir\/6\/files\/sites\/186\/2020\/03\/i-de-info-150x150.jpg 150w, https:\/\/ccoo.app\/diputacio-de-barcelona\/wp-content\/blogs.dir\/6\/files\/sites\/186\/2020\/03\/i-de-info.jpg 626w\" sizes=\"auto, (max-width: 72px) 100vw, 72px\" \/><span style=\"font-family: 'arial black', sans-serif;font-size: 20px;color: #ffff00;background-color: #ff0000\">TOTA LA INFORMACI\u00d3 SINDICAL QUE NECESSITES<\/span><\/p>\n<p><img loading=\"lazy\" decoding=\"async\" class=\"wp-image-5913 aligncenter\" src=\"http:\/\/ccoo.app\/diputacio-de-barcelona\/wp-content\/blogs.dir\/6\/files\/sites\/186\/2020\/05\/telefono-300x300.jpg\" alt=\"\" width=\"59\" height=\"59\" srcset=\"https:\/\/ccoo.app\/diputacio-de-barcelona\/wp-content\/blogs.dir\/6\/files\/sites\/186\/2020\/05\/telefono-300x300.jpg 300w, https:\/\/ccoo.app\/diputacio-de-barcelona\/wp-content\/blogs.dir\/6\/files\/sites\/186\/2020\/05\/telefono-150x150.jpg 150w, https:\/\/ccoo.app\/diputacio-de-barcelona\/wp-content\/blogs.dir\/6\/files\/sites\/186\/2020\/05\/telefono.jpg 600w\" sizes=\"auto, (max-width: 59px) 100vw, 59px\" \/><\/p>\n<p style=\"text-align: center\"><span style=\"font-family: 'arial black', sans-serif;color: #000000\">DE DILLUNS A DIVENDRES<\/span><\/p>\n<p style=\"text-align: center\"><span style=\"font-family: 'arial black', sans-serif;color: #000000;background-color: #ffff00\">DE 10:00 A 14:30 i DE 17:00 A 19:00\u00a0<\/span><\/p>\n<p style=\"text-align: center\"><span style=\"font-family: 'arial black', sans-serif;color: #ff0000\">93.402.29.85 \u2013 22985 \u2013 667 90 69 64<\/span><\/p>\n<p><img loading=\"lazy\" decoding=\"async\" class=\"wp-image-5553 aligncenter\" src=\"http:\/\/ccoo.app\/diputacio-de-barcelona\/wp-content\/blogs.dir\/6\/files\/sites\/186\/2020\/04\/mail-foto-300x200.jpg\" alt=\"\" width=\"59\" height=\"39\" srcset=\"https:\/\/ccoo.app\/diputacio-de-barcelona\/wp-content\/blogs.dir\/6\/files\/sites\/186\/2020\/04\/mail-foto-300x200.jpg 300w, https:\/\/ccoo.app\/diputacio-de-barcelona\/wp-content\/blogs.dir\/6\/files\/sites\/186\/2020\/04\/mail-foto-1024x683.jpg 1024w, https:\/\/ccoo.app\/diputacio-de-barcelona\/wp-content\/blogs.dir\/6\/files\/sites\/186\/2020\/04\/mail-foto-768x512.jpg 768w, https:\/\/ccoo.app\/diputacio-de-barcelona\/wp-content\/blogs.dir\/6\/files\/sites\/186\/2020\/04\/mail-foto.jpg 1200w\" sizes=\"auto, (max-width: 59px) 100vw, 59px\" \/><\/p>\n<p style=\"text-align: center\"><span style=\"font-family: arial, helvetica, sans-serif;color: #000000\">La\u00a0SECCI\u00d3 SINDICAL DE CCOO donem resposta a tots els teus dubtes o t&#8217;ajudem solucionar els problemes que puguis tenir.<strong> T&#8217;ajudem a defensar els teus drets!<\/strong><\/span><\/p>\n<p style=\"text-align: center\"><span style=\"font-family: 'arial black', sans-serif;color: #0000ff\"><a style=\"color: #0000ff\" href=\"mailto:ccoo@diba.cat\"><strong>ccoo@diba.cat<\/strong><\/a><\/span><\/p>\n<p style=\"text-align: center\"><span style=\"font-family: 'arial black', sans-serif;color: #0000ff\"><a style=\"color: #0000ff\" href=\"mailto:orgt.ssccoo@diba.cat\">orgt.ssccoo@diba.cat<\/a><\/span><\/p>\n<p><img loading=\"lazy\" decoding=\"async\" class=\"wp-image-5554 aligncenter\" src=\"http:\/\/ccoo.app\/diputacio-de-barcelona\/wp-content\/blogs.dir\/6\/files\/sites\/186\/2020\/04\/mail-foto-enviar-300x212.jpg\" alt=\"\" width=\"67\" height=\"47\" srcset=\"https:\/\/ccoo.app\/diputacio-de-barcelona\/wp-content\/blogs.dir\/6\/files\/sites\/186\/2020\/04\/mail-foto-enviar-300x212.jpg 300w, https:\/\/ccoo.app\/diputacio-de-barcelona\/wp-content\/blogs.dir\/6\/files\/sites\/186\/2020\/04\/mail-foto-enviar-1024x724.jpg 1024w, https:\/\/ccoo.app\/diputacio-de-barcelona\/wp-content\/blogs.dir\/6\/files\/sites\/186\/2020\/04\/mail-foto-enviar-768x543.jpg 768w, https:\/\/ccoo.app\/diputacio-de-barcelona\/wp-content\/blogs.dir\/6\/files\/sites\/186\/2020\/04\/mail-foto-enviar.jpg 1200w\" sizes=\"auto, (max-width: 67px) 100vw, 67px\" \/><\/p>\n<p style=\"text-align: center\"><span style=\"font-family: arial, helvetica, sans-serif;color: #000000\">Encara no t&#8217;has descarregat la nostra <a href=\"http:\/\/www.ccoo.cat\/carnet\/index.aspx?qr=1#descarrega\"><span style=\"font-family: 'arial black', sans-serif;color: #0000ff\">APP<\/span><\/a> CCOO-Diba d&#8217;informaci\u00f3 sindical?<\/span><\/p>\n<p style=\"text-align: center\"><span style=\"font-family: arial, helvetica, sans-serif;color: #000000\">Fes clic <a href=\"http:\/\/www.ccoo.cat\/carnet\/index.aspx?qr=1#descarrega\"><span style=\"font-family: 'arial black', sans-serif;color: #0000ff\">aqu\u00ed<\/span><\/a> per tenir la informaci\u00f3 abans que ning\u00fa!<\/span><\/p>\n<p><img loading=\"lazy\" decoding=\"async\" class=\"wp-image-5915 aligncenter\" src=\"http:\/\/ccoo.app\/diputacio-de-barcelona\/wp-content\/blogs.dir\/6\/files\/sites\/186\/2020\/05\/xarxes-socials-300x169.png\" alt=\"\" width=\"227\" height=\"128\" srcset=\"https:\/\/ccoo.app\/diputacio-de-barcelona\/wp-content\/blogs.dir\/6\/files\/sites\/186\/2020\/05\/xarxes-socials-300x169.png 300w, https:\/\/ccoo.app\/diputacio-de-barcelona\/wp-content\/blogs.dir\/6\/files\/sites\/186\/2020\/05\/xarxes-socials-1024x576.png 1024w, https:\/\/ccoo.app\/diputacio-de-barcelona\/wp-content\/blogs.dir\/6\/files\/sites\/186\/2020\/05\/xarxes-socials-768x432.png 768w, https:\/\/ccoo.app\/diputacio-de-barcelona\/wp-content\/blogs.dir\/6\/files\/sites\/186\/2020\/05\/xarxes-socials.png 1200w\" sizes=\"auto, (max-width: 227px) 100vw, 227px\" \/><\/p>\n<p style=\"text-align: center\"><span style=\"font-family: arial, helvetica, sans-serif;color: #000000\">Tamb\u00e9 trobar\u00e0s CCOO-Diba a les xarxes socials. Clica sobre la icona de la teva xarxa favorita:<\/span><\/p>\n<p><a href=\"https:\/\/twitter.com\/CCOODiba\"><img loading=\"lazy\" decoding=\"async\" class=\" wp-image-5728 aligncenter\" src=\"http:\/\/ccoo.app\/diputacio-de-barcelona\/wp-content\/blogs.dir\/6\/files\/sites\/186\/2020\/04\/twitter-300x300.png\" alt=\"\" width=\"89\" height=\"89\" srcset=\"https:\/\/ccoo.app\/diputacio-de-barcelona\/wp-content\/blogs.dir\/6\/files\/sites\/186\/2020\/04\/twitter-300x300.png 300w, https:\/\/ccoo.app\/diputacio-de-barcelona\/wp-content\/blogs.dir\/6\/files\/sites\/186\/2020\/04\/twitter-150x150.png 150w, https:\/\/ccoo.app\/diputacio-de-barcelona\/wp-content\/blogs.dir\/6\/files\/sites\/186\/2020\/04\/twitter.png 512w\" sizes=\"auto, (max-width: 89px) 100vw, 89px\" \/><\/a><\/p>\n<p><a href=\"https:\/\/www.instagram.com\/ccoo_diba\/?hl=es\"><img loading=\"lazy\" decoding=\"async\" class=\"wp-image-5730 aligncenter\" src=\"http:\/\/ccoo.app\/diputacio-de-barcelona\/wp-content\/blogs.dir\/6\/files\/sites\/186\/2020\/04\/instragram-300x300.png\" alt=\"\" width=\"91\" height=\"91\" srcset=\"https:\/\/ccoo.app\/diputacio-de-barcelona\/wp-content\/blogs.dir\/6\/files\/sites\/186\/2020\/04\/instragram-300x300.png 300w, https:\/\/ccoo.app\/diputacio-de-barcelona\/wp-content\/blogs.dir\/6\/files\/sites\/186\/2020\/04\/instragram-150x150.png 150w, https:\/\/ccoo.app\/diputacio-de-barcelona\/wp-content\/blogs.dir\/6\/files\/sites\/186\/2020\/04\/instragram.png 512w\" sizes=\"auto, (max-width: 91px) 100vw, 91px\" \/><\/a><\/p>\n<p><a href=\"https:\/\/www.facebook.com\/CcooDiputacioDeBarcelona\/\"><img loading=\"lazy\" decoding=\"async\" class=\"wp-image-5729 aligncenter\" src=\"http:\/\/ccoo.app\/diputacio-de-barcelona\/wp-content\/blogs.dir\/6\/files\/sites\/186\/2020\/04\/facebook-300x300.png\" alt=\"\" width=\"90\" height=\"90\" srcset=\"https:\/\/ccoo.app\/diputacio-de-barcelona\/wp-content\/blogs.dir\/6\/files\/sites\/186\/2020\/04\/facebook-300x300.png 300w, https:\/\/ccoo.app\/diputacio-de-barcelona\/wp-content\/blogs.dir\/6\/files\/sites\/186\/2020\/04\/facebook-150x150.png 150w, https:\/\/ccoo.app\/diputacio-de-barcelona\/wp-content\/blogs.dir\/6\/files\/sites\/186\/2020\/04\/facebook.png 325w\" sizes=\"auto, (max-width: 90px) 100vw, 90px\" \/><\/a><a href=\"https:\/\/www.youtube.com\/channel\/UCFzenkS75udEcs4pB4qoZsg\"><img loading=\"lazy\" decoding=\"async\" class=\" wp-image-5916 aligncenter\" src=\"http:\/\/ccoo.app\/diputacio-de-barcelona\/wp-content\/blogs.dir\/6\/files\/sites\/186\/2020\/05\/youtube-300x115.jpg\" alt=\"\" width=\"122\" height=\"47\" srcset=\"https:\/\/ccoo.app\/diputacio-de-barcelona\/wp-content\/blogs.dir\/6\/files\/sites\/186\/2020\/05\/youtube-300x115.jpg 300w, https:\/\/ccoo.app\/diputacio-de-barcelona\/wp-content\/blogs.dir\/6\/files\/sites\/186\/2020\/05\/youtube-1024x391.jpg 1024w, https:\/\/ccoo.app\/diputacio-de-barcelona\/wp-content\/blogs.dir\/6\/files\/sites\/186\/2020\/05\/youtube-768x293.jpg 768w, https:\/\/ccoo.app\/diputacio-de-barcelona\/wp-content\/blogs.dir\/6\/files\/sites\/186\/2020\/05\/youtube.jpg 1200w\" sizes=\"auto, (max-width: 122px) 100vw, 122px\" \/><\/a><\/p>\n<p><iframe loading=\"lazy\" title=\"Hauran de comptar amb nosaltres. Salut, treball i just\u00edcia social || 1r de maig del 2020.\" width=\"1200\" height=\"675\" src=\"https:\/\/www.youtube.com\/embed\/uS104R3aSJs?feature=oembed\" frameborder=\"0\" allow=\"accelerometer; autoplay; clipboard-write; encrypted-media; gyroscope; picture-in-picture; web-share\" allowfullscreen><\/iframe><\/p>\n<p><a href=\"https:\/\/diba.ccoo.cat\/plantilla-1-6-2\/\"><img loading=\"lazy\" decoding=\"async\" class=\"size-medium wp-image-6853 aligncenter\" src=\"http:\/\/ccoo.app\/diputacio-de-barcelona\/wp-content\/blogs.dir\/6\/files\/sites\/186\/2020\/10\/ccoo-primer-sindicat-cliqueu-300x110.png\" alt=\"\" width=\"300\" height=\"110\" srcset=\"https:\/\/ccoo.app\/diputacio-de-barcelona\/wp-content\/blogs.dir\/6\/files\/sites\/186\/2020\/10\/ccoo-primer-sindicat-cliqueu-300x110.png 300w, https:\/\/ccoo.app\/diputacio-de-barcelona\/wp-content\/blogs.dir\/6\/files\/sites\/186\/2020\/10\/ccoo-primer-sindicat-cliqueu.png 448w\" sizes=\"auto, (max-width: 300px) 100vw, 300px\" \/><\/a><\/p>\n<p><a href=\"https:\/\/diba.ccoo.cat\/mesa-general-de-negociacio-de-materies-comunes-de-la-diba\/\"><img loading=\"lazy\" decoding=\"async\" class=\"size-medium wp-image-7171 aligncenter\" src=\"http:\/\/ccoo.app\/diputacio-de-barcelona\/wp-content\/blogs.dir\/6\/files\/sites\/186\/2020\/11\/mgnmc-imatges-300x101.png\" alt=\"\" width=\"300\" height=\"101\" srcset=\"https:\/\/ccoo.app\/diputacio-de-barcelona\/wp-content\/blogs.dir\/6\/files\/sites\/186\/2020\/11\/mgnmc-imatges-300x101.png 300w, https:\/\/ccoo.app\/diputacio-de-barcelona\/wp-content\/blogs.dir\/6\/files\/sites\/186\/2020\/11\/mgnmc-imatges.png 324w\" sizes=\"auto, (max-width: 300px) 100vw, 300px\" \/><\/a><a href=\"https:\/\/www.ccoo.cat\/aspnet\/motius_afiliarte.aspx\"><img loading=\"lazy\" decoding=\"async\" class=\"size-medium wp-image-6841 aligncenter\" src=\"http:\/\/ccoo.app\/diputacio-de-barcelona\/wp-content\/blogs.dir\/6\/files\/sites\/186\/2020\/10\/afiliat-ccoo-300x199.png\" alt=\"\" width=\"300\" height=\"199\" srcset=\"https:\/\/ccoo.app\/diputacio-de-barcelona\/wp-content\/blogs.dir\/6\/files\/sites\/186\/2020\/10\/afiliat-ccoo-300x199.png 300w, https:\/\/ccoo.app\/diputacio-de-barcelona\/wp-content\/blogs.dir\/6\/files\/sites\/186\/2020\/10\/afiliat-ccoo.png 573w\" sizes=\"auto, (max-width: 300px) 100vw, 300px\" \/><\/a><\/p>\n<p><a href=\"https:\/\/www.ccoo.cat\/aspnet\/qui_som.aspx\"><img loading=\"lazy\" decoding=\"async\" class=\" wp-image-7174 aligncenter\" src=\"http:\/\/ccoo.app\/diputacio-de-barcelona\/wp-content\/blogs.dir\/6\/files\/sites\/186\/2020\/11\/ccoo-diversa-300x77.png\" alt=\"\" width=\"327\" height=\"84\" srcset=\"https:\/\/ccoo.app\/diputacio-de-barcelona\/wp-content\/blogs.dir\/6\/files\/sites\/186\/2020\/11\/ccoo-diversa-300x77.png 300w, https:\/\/ccoo.app\/diputacio-de-barcelona\/wp-content\/blogs.dir\/6\/files\/sites\/186\/2020\/11\/ccoo-diversa.png 422w\" sizes=\"auto, (max-width: 327px) 100vw, 327px\" \/><\/a><\/p>\n\n\n<p><\/p>\n    \t","protected":false},"excerpt":{"rendered":"<p>CCOO-DIBA ENVIEM INFORME DESFAVORABLE A L&#8217;AVANTPROJECTE DE PRESSUPOST 2021 DE LA DIPUTACI\u00d3 DE BARCELONA LI FEM ARRIBAR A TOTS ELS GRUPS POL\u00cdCICS DE LA CORPORACI\u00d3 -4 desembre de 2020- L&#8217;article &#8230; <\/p>\n<p class=\"read-more-container\"><a title=\"ENVIEM ALS GRUPS POL\u00cdTICS INFORME DESFAVORABLE SOBRE EL PRESSUPOST DIBA 2021\" class=\"read-more button\" href=\"https:\/\/ccoo.app\/diputacio-de-barcelona\/informedesfavorablepressupostos2021\/#more-7345\" aria-label=\"Leer m\u00e1s sobre ENVIEM ALS GRUPS POL\u00cdTICS INFORME DESFAVORABLE SOBRE EL PRESSUPOST DIBA 2021\">Continuar llegint<\/a><\/p>\n","protected":false},"author":4519,"featured_media":7347,"comment_status":"open","ping_status":"open","sticky":false,"template":"","format":"standard","meta":{"footnotes":""},"categories":[18],"tags":[184,186],"class_list":["post-7345","post","type-post","status-publish","format-standard","has-post-thumbnail","hentry","category-ccoo-info","tag-plediba","tag-pressupost","generate-columns","tablet-grid-50","mobile-grid-100","grid-parent","grid-50"],"_links":{"self":[{"href":"https:\/\/ccoo.app\/diputacio-de-barcelona\/wp-json\/wp\/v2\/posts\/7345","targetHints":{"allow":["GET"]}}],"collection":[{"href":"https:\/\/ccoo.app\/diputacio-de-barcelona\/wp-json\/wp\/v2\/posts"}],"about":[{"href":"https:\/\/ccoo.app\/diputacio-de-barcelona\/wp-json\/wp\/v2\/types\/post"}],"author":[{"embeddable":true,"href":"https:\/\/ccoo.app\/diputacio-de-barcelona\/wp-json\/wp\/v2\/users\/4519"}],"replies":[{"embeddable":true,"href":"https:\/\/ccoo.app\/diputacio-de-barcelona\/wp-json\/wp\/v2\/comments?post=7345"}],"version-history":[{"count":1,"href":"https:\/\/ccoo.app\/diputacio-de-barcelona\/wp-json\/wp\/v2\/posts\/7345\/revisions"}],"predecessor-version":[{"id":50822,"href":"https:\/\/ccoo.app\/diputacio-de-barcelona\/wp-json\/wp\/v2\/posts\/7345\/revisions\/50822"}],"wp:featuredmedia":[{"embeddable":true,"href":"https:\/\/ccoo.app\/diputacio-de-barcelona\/wp-json\/wp\/v2\/media\/7347"}],"wp:attachment":[{"href":"https:\/\/ccoo.app\/diputacio-de-barcelona\/wp-json\/wp\/v2\/media?parent=7345"}],"wp:term":[{"taxonomy":"category","embeddable":true,"href":"https:\/\/ccoo.app\/diputacio-de-barcelona\/wp-json\/wp\/v2\/categories?post=7345"},{"taxonomy":"post_tag","embeddable":true,"href":"https:\/\/ccoo.app\/diputacio-de-barcelona\/wp-json\/wp\/v2\/tags?post=7345"}],"curies":[{"name":"wp","href":"https:\/\/api.w.org\/{rel}","templated":true}]}}