{"id":7315,"date":"2020-12-03T07:30:02","date_gmt":"2020-12-03T06:30:02","guid":{"rendered":"https:\/\/diba.ccoo.cat\/?p=7315"},"modified":"2023-10-17T14:02:45","modified_gmt":"2023-10-17T12:02:45","slug":"novetatsorgt03122020","status":"publish","type":"post","link":"https:\/\/ccoo.app\/diputacio-de-barcelona\/novetatsorgt03122020\/","title":{"rendered":"NOTA INFORMATIVA 03.12.2020: NOVETATS ORGT"},"content":{"rendered":"<p><a href=\"https:\/\/diba.ccoo.cat\/\"><img loading=\"lazy\" decoding=\"async\" class=\"wp-image-5909 aligncenter\" src=\"http:\/\/ccoo.app\/diputacio-de-barcelona\/wp-content\/blogs.dir\/6\/files\/sites\/186\/2020\/05\/nota-1-300x86.png\" alt=\"\" width=\"92\" height=\"27\" srcset=\"https:\/\/ccoo.app\/diputacio-de-barcelona\/wp-content\/blogs.dir\/6\/files\/sites\/186\/2020\/05\/nota-1-300x86.png 300w, https:\/\/ccoo.app\/diputacio-de-barcelona\/wp-content\/blogs.dir\/6\/files\/sites\/186\/2020\/05\/nota-1.png 339w\" sizes=\"auto, (max-width: 92px) 100vw, 92px\" \/><\/a><\/p>\n<p class=\"wp-caption-text\"><a href=\"https:\/\/diba.ccoo.cat\/\"><img loading=\"lazy\" decoding=\"async\" class=\"wp-image-1853 aligncenter\" src=\"http:\/\/ccoo.app\/diputacio-de-barcelona\/wp-content\/blogs.dir\/6\/files\/sites\/186\/2018\/01\/logoccoov18.jpg\" alt=\"\" width=\"240\" height=\"110\" \/><\/a><\/p>\n<p><a href=\"http:\/\/ccoo.app\/diputacio-de-barcelona\/wp-content\/blogs.dir\/6\/files\/sites\/186\/2020\/12\/comunicat-orgt-01_12_2020.pdf\"><img loading=\"lazy\" decoding=\"async\" class=\"wp-image-5910 aligncenter\" src=\"http:\/\/ccoo.app\/diputacio-de-barcelona\/wp-content\/blogs.dir\/6\/files\/sites\/186\/2020\/05\/nota-3-300x83.png\" alt=\"\" width=\"90\" height=\"25\" srcset=\"https:\/\/ccoo.app\/diputacio-de-barcelona\/wp-content\/blogs.dir\/6\/files\/sites\/186\/2020\/05\/nota-3-300x83.png 300w, https:\/\/ccoo.app\/diputacio-de-barcelona\/wp-content\/blogs.dir\/6\/files\/sites\/186\/2020\/05\/nota-3.png 337w\" sizes=\"auto, (max-width: 90px) 100vw, 90px\" \/><\/a><\/p>\n<p style=\"text-align: center\"><span style=\"font-family: 'arial black', sans-serif;color: #0000ff;font-size: 24px\">NOTA INFORMATIVA ORGT 03.12.2020\u00a0<\/span><\/p>\n<p style=\"text-align: center\"><span style=\"font-family: 'arial black', sans-serif;color: #000000;font-size: 20px\">PRESSUPOST ORGT 2021<\/span><\/p>\n<p style=\"text-align: center\"><span style=\"font-family: 'arial black', sans-serif;color: #000000;font-size: 20px\">SISTEMA DE VIDEOVIGIL\u00c0NCIA A LES OFICINES<\/span><\/p>\n<p style=\"text-align: center\"><span style=\"font-family: arial, helvetica, sans-serif;font-size: 14px;color: #000000\">-3 desembre de 2020-<\/span><\/p>\n<p>\u00a0<\/p>\n<p style=\"text-align: left\"><span style=\"color: #000000\">CCOO i UGT vam coincidir en demanar rebre, tamb\u00e9 de l\u2019ORGT, el projecte de pressupost 2021 referent al cap\u00edtol I, per tal de poder formular esmenes, tal com permet l\u2019article 8 del nostre Acord Marc. Com a conseq\u00fc\u00e8ncia, es va celebrar el dia 19 de novembre una reuni\u00f3 amb tots els sindicats de la Diputaci\u00f3. A continuaci\u00f3, us fem un resum dels aspectes m\u00e9s importants.<\/span><\/p>\n<p style=\"text-align: left\"><span style=\"color: #000000\">A la reuni\u00f3, ens van assenyalar que, en termes generals, la voluntat corporativa \u00e9s contenir la despesa econ\u00f2mica per a l&#8217;any 2021. Tot i aix\u00f2, hi ha increments que provenen de:<\/span><\/p>\n<ol style=\"text-align: left\">\n<li>\n<p><span style=\"color: #000000\">L&#8217;ampliaci\u00f3 de la plantilla per l&#8217;obertura de noves delegacions (Hospitalet i Masnou). No nom\u00e9s l\u2019assist\u00e8ncia al p\u00fablic en les oficines, sin\u00f3 tamb\u00e9 es t\u00e9 en compte la repercussi\u00f3 a altres serveis com el de Multes, CIT, serveis centrals (IIVTNU, IAE, Ass. Jur\u00eddica, &#8230;)<\/span><\/p>\n<\/li>\n<li>\n<p><span style=\"color: #000000\">Una altra creixement \u00e9s l\u2019increment del cost financer (entitats bancaries cobren per a totes les gestions de recaptaci\u00f3-rebuts, devolucions, utilitzaci\u00f3 de targetes de cr\u00e8dit, comissions, etc&#8230;.)<\/span><\/p>\n<\/li>\n<li>\n<p><span style=\"color: #000000\">Comptes corrents de titularitat de l&#8217;organisme. Actualment la Caixa no cobra comissions, per\u00f2 en breu s\u00ed les cobrar\u00e0. Les entitats no volen prestar el servei sense cobrar, per tant es t\u00e9 feta la previsi\u00f3 d\u2019increment.<\/span><\/p>\n<\/li>\n<li>\n<p><span style=\"color: #000000\">Tamb\u00e9 s\u2019ha ampliat la consignaci\u00f3 per a la renovaci\u00f3 de material inform\u00e0tic i desenvolupament de programes necessaris, impressores, etc.<\/span><\/p>\n<\/li>\n<\/ol>\n<p style=\"text-align: left\">\u00a0<\/p>\n<p style=\"text-align: left\"><span style=\"color: #000000\">Pel que fa els canvis concrets en la Relaci\u00f3 de Llocs de Treball, us expliquem on es produiran novetats. <\/span><\/p>\n<ul>\n<li style=\"text-align: left\"><span style=\"color: #000000\">Hi ha un increment de la plantilla en <strong>27 places m\u00e9s.<\/strong><\/span><\/li>\n<li style=\"list-style-type: none\">\n<ul>\n<li><span style=\"color: #000000;font-size: inherit\"><strong>7 places de T\u00e8cnic Superior<\/strong>:<\/span>\n<ul>\n<li><span style=\"color: #000000;font-size: inherit\">4 a serveis centrals<\/span><\/li>\n<li><span style=\"color: #000000\">1 a la Direcci\u00f3 inform\u00e0tica<\/span><\/li>\n<li><span style=\"color: #000000;font-size: inherit\">1 a la nova oficina de l&#8217;Hospitalet<\/span><\/li>\n<\/ul>\n<\/li>\n<\/ul>\n<\/li>\n<\/ul>\n<ul>\n<li style=\"list-style-type: none\">\n<ul>\n<li><strong><span style=\"color: #000000\">20 places d\u2019agents tributar<\/span><\/strong>\n<ul>\n<li><span style=\"color: #000000;font-size: inherit\">3 per a l&#8217;oficina de l&#8217;Hospitalet<\/span><\/li>\n<li><span style=\"font-size: inherit;color: #000000\">2 a l&#8217;oficina de Matar\u00f3<\/span><\/li>\n<li>3 a la unitat de multes i 1 al negociat de resoluci\u00f3 de multes<\/li>\n<li><span style=\"font-size: inherit;color: #000000\">3 a la nova oficina del Masnou<\/span><\/li>\n<\/ul>\n<\/li>\n<\/ul>\n<\/li>\n<\/ul>\n<p style=\"text-align: left\"><span style=\"color: #000000\">La resta de places s&#8217;adscriuran en aquells serveis i\/o oficines que calgui refor\u00e7ar.<\/span><\/p>\n<ul style=\"text-align: left\">\n<li>\n<p><span style=\"color: #000000\">Amb la creaci\u00f3 de l&#8217;oficina del Masnou: la oficina d&#8217;Alella i Montgat desapareixen com a tal i passen a tenir un PIC.<\/span><\/p>\n<\/li>\n<li>\n<p><span style=\"color: #000000\">Amortitzaci\u00f3 de la pla\u00e7a del Cap d&#8217;oficina d&#8217;Alella.<\/span><\/p>\n<\/li>\n<li>\n<p><span style=\"color: #000000\">La Direcci\u00f3 de RH passa a la subdirecci\u00f3 (Sots Direcci\u00f3 de RRHH)<\/span><\/p>\n<\/li>\n<\/ul>\n<p style=\"text-align: left\"><span style=\"color: #000000\">CCOO insistim que les\u00a0 <strong>noves delegacions<\/strong> tindran una afectaci\u00f3 molt i molt important per a tots els serveis centrals de l\u2019ORGT i de les oficines properes, en especial d&#8217;aquelles situades en els municipis colindants. Posar en marxa una oficina amb les dimensions de l&#8217;Hospitalet implicar\u00e0 una sobrecarrega de feina <strong>absolutament desbordant per a la plantilla<\/strong> i m\u00e9s tenint en compte que tot indica que per a l&#8217;1 de gener ser\u00e0 impossible que la borsa de treball de C1 estigui finalitzada. Un cop m\u00e9s la Diputaci\u00f3 comen\u00e7a la casa per la teulada.<\/span><\/p>\n<p style=\"text-align: left\"><span style=\"color: #000000\">Pel que fa l\u2019eliminaci\u00f3 de <strong>l\u2019oficina de Montgat i Alella<\/strong>. Qu\u00e8 passa amb\u00a0 les persones que ocupaven aquests llocs de treball? Qu\u00e8 passa amb l&#8217;amortitzaci\u00f3 de la pla\u00e7a de Cap d&#8217;Oficina d&#8217;Alella? La Corporaci\u00f3 ens manifesta que es una decisi\u00f3 organitzativa i que\u00a0 cap treballador o treballadora es veu afectat negativament donat que la pla\u00e7a actualment es troba vacant.<\/span><\/p>\n<p><img loading=\"lazy\" decoding=\"async\" class=\"wp-image-7178 aligncenter\" src=\"http:\/\/ccoo.app\/diputacio-de-barcelona\/wp-content\/blogs.dir\/6\/files\/sites\/186\/2020\/11\/aixi-no-300x286.png\" alt=\"\" width=\"116\" height=\"111\" srcset=\"https:\/\/ccoo.app\/diputacio-de-barcelona\/wp-content\/blogs.dir\/6\/files\/sites\/186\/2020\/11\/aixi-no-300x286.png 300w, https:\/\/ccoo.app\/diputacio-de-barcelona\/wp-content\/blogs.dir\/6\/files\/sites\/186\/2020\/11\/aixi-no-1024x975.png 1024w, https:\/\/ccoo.app\/diputacio-de-barcelona\/wp-content\/blogs.dir\/6\/files\/sites\/186\/2020\/11\/aixi-no-768x731.png 768w, https:\/\/ccoo.app\/diputacio-de-barcelona\/wp-content\/blogs.dir\/6\/files\/sites\/186\/2020\/11\/aixi-no.png 1108w\" sizes=\"auto, (max-width: 116px) 100vw, 116px\" \/><\/p>\n<p style=\"text-align: left\"><span style=\"color: #000000\">CCOO estem del tot disconformes amb aquesta amortitzaci\u00f3 donat que les delegacions continuen vigents i per tant les funcions del Cap tamb\u00e9. Demanem que <strong>no s&#8217;amortitzi<\/strong> i que si, efectivament la pla\u00e7a est\u00e0 vacant, doncs es promocioni al personal de base i no es carregui a un altre Cap d&#8217;oficina. Aix\u00f2 es desvestir un sant per vestir-ne a un altre.<\/span><\/p>\n<p style=\"text-align: left\"><span style=\"color: #000000\">Pel que fa als companys i companyes de les oficines que es pretenen tancar, exigim a la corporaci\u00f3 que es posin en contacte amb ells i elles, formalment, i els hi expliquin les modificacions que es pretenen fer, ja que d&#8217;existir, s&#8217;hi hagu\u00e9s qualsevol <strong>modificaci\u00f3 de les condicions de treball<\/strong>, serien subjectes a la negociaci\u00f3 d\u2019acord amb el que indica l\u2019article 10 de l&#8217;Acord Marc, i per tant, exigir\u00edem que es portessin a Mesa de Negociaci\u00f3.<\/span><\/p>\n<p style=\"text-align: left\"><img loading=\"lazy\" decoding=\"async\" class=\"aligncenter\" src=\"https:\/\/www.tienda24hs.com\/WebRoot\/StoreES\/Shops\/62148069\/5BCF\/046D\/F5A5\/4B92\/EE14\/0A0C\/6D0A\/2EB1\/180130-cartell-cctv-homologat-videovigilancia.jpg\" alt=\"Cartell Catal\u00e0 pvc de zona videovigilada homologat interior i ext\" width=\"194\" height=\"194\" \/><\/p>\n<p style=\"text-align: center\"><span style=\"font-family: 'arial black', sans-serif;color: #000000;font-size: 20px\">SISTEMA DE VIDEOVIGIL\u00c0NCIA A LES OFICINES<\/span><\/p>\n<p style=\"text-align: left\"><span style=\"color: #000000\">Arrel de la preocupaci\u00f3 i dubtes que ens van fer arribar nombrosos companys i companyes en relaci\u00f3 a la instal\u00b7laci\u00f3 (com a prova pilot) de c\u00e0meres de videovigil\u00e0ncia a algunes oficines, <strong>CCOO-Diba vam prendre la iniciativa de demanar una reuni\u00f3 urgent amb la ger\u00e8ncia de l\u2019ORGT i el cap del Gabinet de Prevenci\u00f3 i Seguretat de la Diputaci\u00f3<\/strong> per tal d\u2019obtenir la m\u00e0xima informaci\u00f3.<\/span><\/p>\n<p style=\"text-align: left\"><span style=\"color: #000000\">Agra\u00efm la celeritat amb la que es va celebrar la reuni\u00f3 i la molta informaci\u00f3 que ens van donar i que volem compartir amb vosaltres. Us passem, doncs, a detallar els aspectes m\u00e9s importants d&#8217;una reuni\u00f3 que va durar m\u00e9s de dues hores.<\/span><\/p>\n<p style=\"text-align: left\"><span style=\"color: #000000\">Aix\u00ed doncs, s&#8217;ha elaborat una <strong><u>mem\u00f2ria justificativa<\/u><\/strong> on s\u2019explica la necessitat i la proposta de soluci\u00f3, amb tot el detall (ubicaci\u00f3 de les c\u00e0meres, abast de les imatges captades, temps de conservaci\u00f3, qui hi tindr\u00e0 acc\u00e9s, cartells informatius&#8230;). Tot el que es diu que es fa, <strong>compleix amb les obligacions establertes a la LOPDGDD<\/strong>: eliminaci\u00f3 de les imatges (m\u00e0xim legal que \u00e9s poden conservar \u00e9s d\u2019un mes) excepte en cas de ser aportades com a prova en den\u00fancia; ponderaci\u00f3 de drets recollint les imatges justes i necess\u00e0ries sense intromissi\u00f3 a la intimitat; no captaci\u00f3 de veu.<\/span><\/p>\n<p style=\"text-align: left\"><span style=\"color: #000000\"><strong>\u00a0<\/strong><\/span><span style=\"color: #000000\"><strong><u>Avaluaci\u00f3 de l\u2019Impacte en la Protecci\u00f3 de Dades (AIPD).<\/u><\/strong> Es tracta d\u2019un mecanisme de control que incorpora el <em>Reglament General de Protecci\u00f3 de Dades<\/em> per a qu\u00e8 els Responsables del tractament avalu\u00efn l\u2019impacte de\u00a0 les operacions del tractament en la protecci\u00f3 de les dades personals, quan sigui probable que el tractament comporti un risc significatiu per als drets i les llibertats de les persones.<\/span><\/p>\n<p style=\"text-align: left\"><span style=\"color: #000000\">Ens agradi m\u00e9s o menys, \u00e9s necessari assenyalar que l\u2019\u00fas d\u2019un sistema de videovigil\u00e0ncia (sempre que es complexi amb els requeriments legals abans assenyalats) \u00e9s absolutament leg\u00edtim <strong>quan l\u2019objectiu sigui garantir la seguretat de les treballadores i treballadors<\/strong>. Hem de tenir en compte que les c\u00e0meres tenen una funci\u00f3 dissuas\u00f2ria, i en cas d\u2019incident, serveix per a recollir proves dels fets mitjan\u00e7ant posar-les a disposici\u00f3 de les forces de seguretat i tribunals.<\/span><\/p>\n<p style=\"text-align: left\"><span style=\"color: #000000\">Ara b\u00e9, per la necessitat de ponderaci\u00f3 entre el dret a la seguretat en el lloc de treball i la captaci\u00f3 de la imatge del personal, es valoren els sistemes menys intrusius (ubicaci\u00f3 adequada de la c\u00e0mera, \u00e0mbit de captaci\u00f3, no gravar la veu, visionat les imatges&#8230;). <strong>La ubicaci\u00f3 de un certs nombre de c\u00e0meres ens preocupa<\/strong>. \u00c9s per aix\u00f2 que CCOO que ahir, els hi hem enviat per correu electr\u00f2nic una petici\u00f3 per a que les revisin comprovant la ponderaci\u00f3 abans esmentada. <strong>Volem que s\u2019eviti la captaci\u00f3 d\u2019imatges innecess\u00e0ries<\/strong>, de zones comunes, de pas, d\u2019entrada\/sortida a WC, etc. El cap del Gabinet ens ha assegurat que ho revisaran i les ajustaran si calgu\u00e9s.<\/span><\/p>\n<p style=\"text-align: left\"><span style=\"color: #000000\">En alguns casos \u00e9s impossible evitar tenir una visi\u00f3 parcial o fins i tot total del lloc de treball. Per\u00f2 \u00e9s molt important que tinguem en compte: <strong>en cap cas es pot utilitzar el sistema de seguretat de videovigil\u00e0ncia per a controlar al personal.<\/strong> Nom\u00e9s tenen acc\u00e9s a les imatges un grup de t\u00e8cnics autoritzat del Gabinet de Seguretat que visionen les imatges \u00fanicament en cas d\u2019una incid\u00e8ncia. Ning\u00fa, repetim ning\u00fa, fora d\u2019aquest \u00e0mbit pot tenir acc\u00e9s a les imatges. El que cal \u00e9s tenir clar que la finalitat de <strong>la captaci\u00f3 no \u00e9s el control de la prestaci\u00f3 del servei de la persona treballadora sin\u00f3 exclusivament la seguretat.<\/strong><\/span><\/p>\n<p><img loading=\"lazy\" decoding=\"async\" class=\"wp-image-7027 aligncenter\" src=\"http:\/\/ccoo.app\/diputacio-de-barcelona\/wp-content\/blogs.dir\/6\/files\/sites\/186\/2020\/11\/cameres-seguretat-300x300.jpg\" alt=\"\" width=\"119\" height=\"119\" srcset=\"https:\/\/ccoo.app\/diputacio-de-barcelona\/wp-content\/blogs.dir\/6\/files\/sites\/186\/2020\/11\/cameres-seguretat-300x300.jpg 300w, https:\/\/ccoo.app\/diputacio-de-barcelona\/wp-content\/blogs.dir\/6\/files\/sites\/186\/2020\/11\/cameres-seguretat-150x150.jpg 150w, https:\/\/ccoo.app\/diputacio-de-barcelona\/wp-content\/blogs.dir\/6\/files\/sites\/186\/2020\/11\/cameres-seguretat.jpg 500w\" sizes=\"auto, (max-width: 119px) 100vw, 119px\" \/><\/p>\n<p style=\"text-align: left\"><span style=\"color: #000000\">\u00c9s important saber que aquestes <strong>c\u00e0meres tenen una imatge fixa-unidireccional<\/strong> (com a\u00a0 m\u00e0xim poden ampliar o reduir el zoom), per\u00f2 <strong><u>no son rotat\u00f2ries<\/u><\/strong> encara que ho semblin.<\/span><\/p>\n<p style=\"text-align: left\"><span style=\"color: #000000\">La gravaci\u00f3 d&#8217;aquestes c\u00e0meres es de 24h i tenen una durada m\u00e0xima de 7 dies. Passat aquest temps, les imatges registrades s&#8217;esborren. Per tant, <strong>\u00e9s molt i molt important, que si us trobeu en una situaci\u00f3 de conflicte POLSEU EL BOT\u00d3 DEL P\u00c0NIC per tal que es puguin bloquejar les imatges<\/strong> i ser traslladades a la Policia o passar a disposici\u00f3 judicial.<\/span><\/p>\n<p style=\"text-align: left\"><span style=\"color: #000000\">No se&#8217;ns ha passat per alt el detall de que les proves pilots s&#8217;estiguin realitzant en oficines en que actualment hi ha <strong>vigil\u00e0ncia privada<\/strong>. \u00c9s per aix\u00f2 que li hem manifestat a la Ger\u00e8ncia la nostra postura inamovible de que no es retiri aquest servei. <strong>Ens heu fet arribar les vostres preocupacions i pors davant la possibilitat de retirar aquest servei i aix\u00ed ho hem traslladat a la corporaci\u00f3<\/strong>. Tot i que CCOO apostem pels serveis p\u00fablics, entenem que en plena crisis econ\u00f2mica no es moment de retirar aquest servei.<\/span><\/p>\n<p style=\"text-align: left\"><span style=\"color: #000000\">Us volem recordar la grand\u00edssima import\u00e0ncia que te l&#8217;\u00fas de les U33. Cal que la corporaci\u00f3 i el servei de vigil\u00e0ncia s\u00e0piga en tot moment qu\u00e8 succeeix en els centres de treball de l&#8217;ORGT. Sabem que sou gent molt professional amb una capacitat de resili\u00e8ncia i empatia, per\u00f2 es del tot necessari fer \u00fas dels mecanismes d&#8217;informaci\u00f3 que tenim al nostre abast. Per tant, <strong>davant qualsevol situaci\u00f3 violenta: U33.<\/strong><\/span><\/p>\n<p><img loading=\"lazy\" decoding=\"async\" class=\"aligncenter\" src=\"https:\/\/mundocontact.com\/wp-content\/uploads\/2016\/12\/boton-rojo-emergencia.jpg\" alt=\"Un bot\u00f3n rojo para controlar la inteligencia artificial | Mundo Contact\" width=\"120\" height=\"120\" \/><\/p>\n<p style=\"text-align: left\"><span style=\"color: #000000\">Finalment, CCOO hem traslladat la import\u00e0ncia d&#8217;informar a la plantilla de l\u2019ORGT. \u00c9s per aix\u00f2 que la Ger\u00e8ncia s&#8217;ha comprom\u00e8s a realitzar una nota informativa, a trav\u00e9s de la intranet, sobre la instal\u00b7laci\u00f3, motivaci\u00f3 i finalitat de les c\u00e0meres.<\/span><\/p>\n<p style=\"text-align: left\">\u00a0<\/p>\n<h3 style=\"text-align: center\"><img loading=\"lazy\" decoding=\"async\" class=\"wp-image-5912 aligncenter\" style=\"font-size: inherit\" src=\"http:\/\/ccoo.app\/diputacio-de-barcelona\/wp-content\/blogs.dir\/6\/files\/sites\/186\/2020\/05\/nota-2-300x86.png\" alt=\"\" width=\"98\" height=\"28\" srcset=\"https:\/\/ccoo.app\/diputacio-de-barcelona\/wp-content\/blogs.dir\/6\/files\/sites\/186\/2020\/05\/nota-2-300x86.png 300w, https:\/\/ccoo.app\/diputacio-de-barcelona\/wp-content\/blogs.dir\/6\/files\/sites\/186\/2020\/05\/nota-2.png 337w\" sizes=\"auto, (max-width: 98px) 100vw, 98px\" \/><\/h3>\n<p style=\"text-align: center\"><img loading=\"lazy\" decoding=\"async\" class=\"wp-image-5184 aligncenter\" src=\"http:\/\/ccoo.app\/diputacio-de-barcelona\/wp-content\/blogs.dir\/6\/files\/sites\/186\/2020\/03\/i-de-info-300x300.jpg\" alt=\"\" width=\"72\" height=\"72\" srcset=\"https:\/\/ccoo.app\/diputacio-de-barcelona\/wp-content\/blogs.dir\/6\/files\/sites\/186\/2020\/03\/i-de-info-300x300.jpg 300w, https:\/\/ccoo.app\/diputacio-de-barcelona\/wp-content\/blogs.dir\/6\/files\/sites\/186\/2020\/03\/i-de-info-150x150.jpg 150w, https:\/\/ccoo.app\/diputacio-de-barcelona\/wp-content\/blogs.dir\/6\/files\/sites\/186\/2020\/03\/i-de-info.jpg 626w\" sizes=\"auto, (max-width: 72px) 100vw, 72px\" \/><span style=\"font-family: 'arial black', sans-serif;font-size: 20px;color: #ffff00;background-color: #ff0000\">TOTA LA INFORMACI\u00d3 SINDICAL QUE NECESSITES<\/span><\/p>\n<p><img loading=\"lazy\" decoding=\"async\" class=\"wp-image-5913 aligncenter\" src=\"http:\/\/ccoo.app\/diputacio-de-barcelona\/wp-content\/blogs.dir\/6\/files\/sites\/186\/2020\/05\/telefono-300x300.jpg\" alt=\"\" width=\"59\" height=\"59\" srcset=\"https:\/\/ccoo.app\/diputacio-de-barcelona\/wp-content\/blogs.dir\/6\/files\/sites\/186\/2020\/05\/telefono-300x300.jpg 300w, https:\/\/ccoo.app\/diputacio-de-barcelona\/wp-content\/blogs.dir\/6\/files\/sites\/186\/2020\/05\/telefono-150x150.jpg 150w, https:\/\/ccoo.app\/diputacio-de-barcelona\/wp-content\/blogs.dir\/6\/files\/sites\/186\/2020\/05\/telefono.jpg 600w\" sizes=\"auto, (max-width: 59px) 100vw, 59px\" \/><\/p>\n<p style=\"text-align: center\"><span style=\"font-family: 'arial black', sans-serif;color: #000000\">DE DILLUNS A DIVENDRES<\/span><\/p>\n<p style=\"text-align: center\"><span style=\"font-family: 'arial black', sans-serif;color: #000000;background-color: #ffff00\">DE 10:00 A 14:30 i DE 17:00 A 19:00\u00a0<\/span><\/p>\n<p style=\"text-align: center\"><span style=\"font-family: 'arial black', sans-serif;color: #ff0000\">93.402.29.85 \u2013 22985 \u2013 667 90 69 64<\/span><\/p>\n<p><img loading=\"lazy\" decoding=\"async\" class=\"wp-image-5553 aligncenter\" src=\"http:\/\/ccoo.app\/diputacio-de-barcelona\/wp-content\/blogs.dir\/6\/files\/sites\/186\/2020\/04\/mail-foto-300x200.jpg\" alt=\"\" width=\"59\" height=\"39\" srcset=\"https:\/\/ccoo.app\/diputacio-de-barcelona\/wp-content\/blogs.dir\/6\/files\/sites\/186\/2020\/04\/mail-foto-300x200.jpg 300w, https:\/\/ccoo.app\/diputacio-de-barcelona\/wp-content\/blogs.dir\/6\/files\/sites\/186\/2020\/04\/mail-foto-1024x683.jpg 1024w, https:\/\/ccoo.app\/diputacio-de-barcelona\/wp-content\/blogs.dir\/6\/files\/sites\/186\/2020\/04\/mail-foto-768x512.jpg 768w, https:\/\/ccoo.app\/diputacio-de-barcelona\/wp-content\/blogs.dir\/6\/files\/sites\/186\/2020\/04\/mail-foto.jpg 1200w\" sizes=\"auto, (max-width: 59px) 100vw, 59px\" \/><\/p>\n<p style=\"text-align: center\"><span style=\"font-family: arial, helvetica, sans-serif;color: #000000\">La\u00a0SECCI\u00d3 SINDICAL DE CCOO donem resposta a tots els teus dubtes o t&#8217;ajudem solucionar els problemes que puguis tenir.<strong> T&#8217;ajudem a defensar els teus drets!<\/strong><\/span><\/p>\n<p style=\"text-align: center\"><span style=\"font-family: 'arial black', sans-serif;color: #0000ff\"><a style=\"color: #0000ff\" href=\"mailto:ccoo@diba.cat\"><strong>ccoo@diba.cat<\/strong><\/a><\/span><\/p>\n<p style=\"text-align: center\"><span style=\"font-family: 'arial black', sans-serif;color: #0000ff\"><a style=\"color: #0000ff\" href=\"mailto:orgt.ssccoo@diba.cat\">orgt.ssccoo@diba.cat<\/a><\/span><\/p>\n<p><img loading=\"lazy\" decoding=\"async\" class=\"wp-image-5554 aligncenter\" src=\"http:\/\/ccoo.app\/diputacio-de-barcelona\/wp-content\/blogs.dir\/6\/files\/sites\/186\/2020\/04\/mail-foto-enviar-300x212.jpg\" alt=\"\" width=\"67\" height=\"47\" srcset=\"https:\/\/ccoo.app\/diputacio-de-barcelona\/wp-content\/blogs.dir\/6\/files\/sites\/186\/2020\/04\/mail-foto-enviar-300x212.jpg 300w, https:\/\/ccoo.app\/diputacio-de-barcelona\/wp-content\/blogs.dir\/6\/files\/sites\/186\/2020\/04\/mail-foto-enviar-1024x724.jpg 1024w, https:\/\/ccoo.app\/diputacio-de-barcelona\/wp-content\/blogs.dir\/6\/files\/sites\/186\/2020\/04\/mail-foto-enviar-768x543.jpg 768w, https:\/\/ccoo.app\/diputacio-de-barcelona\/wp-content\/blogs.dir\/6\/files\/sites\/186\/2020\/04\/mail-foto-enviar.jpg 1200w\" sizes=\"auto, (max-width: 67px) 100vw, 67px\" \/><\/p>\n<p style=\"text-align: center\"><span style=\"font-family: arial, helvetica, sans-serif;color: #000000\">Encara no t&#8217;has descarregat la nostra <a href=\"http:\/\/www.ccoo.cat\/carnet\/index.aspx?qr=1#descarrega\"><span style=\"font-family: 'arial black', sans-serif;color: #0000ff\">APP<\/span><\/a> CCOO-Diba d&#8217;informaci\u00f3 sindical?<\/span><\/p>\n<p style=\"text-align: center\"><span style=\"font-family: arial, helvetica, sans-serif;color: #000000\">Fes clic <a href=\"http:\/\/www.ccoo.cat\/carnet\/index.aspx?qr=1#descarrega\"><span style=\"font-family: 'arial black', sans-serif;color: #0000ff\">aqu\u00ed<\/span><\/a> per tenir la informaci\u00f3 abans que ning\u00fa!<\/span><\/p>\n<p><img loading=\"lazy\" decoding=\"async\" class=\"wp-image-5915 aligncenter\" src=\"http:\/\/ccoo.app\/diputacio-de-barcelona\/wp-content\/blogs.dir\/6\/files\/sites\/186\/2020\/05\/xarxes-socials-300x169.png\" alt=\"\" width=\"227\" height=\"128\" srcset=\"https:\/\/ccoo.app\/diputacio-de-barcelona\/wp-content\/blogs.dir\/6\/files\/sites\/186\/2020\/05\/xarxes-socials-300x169.png 300w, https:\/\/ccoo.app\/diputacio-de-barcelona\/wp-content\/blogs.dir\/6\/files\/sites\/186\/2020\/05\/xarxes-socials-1024x576.png 1024w, https:\/\/ccoo.app\/diputacio-de-barcelona\/wp-content\/blogs.dir\/6\/files\/sites\/186\/2020\/05\/xarxes-socials-768x432.png 768w, https:\/\/ccoo.app\/diputacio-de-barcelona\/wp-content\/blogs.dir\/6\/files\/sites\/186\/2020\/05\/xarxes-socials.png 1200w\" sizes=\"auto, (max-width: 227px) 100vw, 227px\" \/><\/p>\n<p style=\"text-align: center\"><span style=\"font-family: arial, helvetica, sans-serif;color: #000000\">Tamb\u00e9 trobar\u00e0s CCOO-Diba a les xarxes socials. Clica sobre la icona de la teva xarxa favorita:<\/span><\/p>\n<p><a href=\"https:\/\/twitter.com\/CCOODiba\"><img loading=\"lazy\" decoding=\"async\" class=\" wp-image-5728 aligncenter\" src=\"http:\/\/ccoo.app\/diputacio-de-barcelona\/wp-content\/blogs.dir\/6\/files\/sites\/186\/2020\/04\/twitter-300x300.png\" alt=\"\" width=\"89\" height=\"89\" srcset=\"https:\/\/ccoo.app\/diputacio-de-barcelona\/wp-content\/blogs.dir\/6\/files\/sites\/186\/2020\/04\/twitter-300x300.png 300w, https:\/\/ccoo.app\/diputacio-de-barcelona\/wp-content\/blogs.dir\/6\/files\/sites\/186\/2020\/04\/twitter-150x150.png 150w, https:\/\/ccoo.app\/diputacio-de-barcelona\/wp-content\/blogs.dir\/6\/files\/sites\/186\/2020\/04\/twitter.png 512w\" sizes=\"auto, (max-width: 89px) 100vw, 89px\" \/><\/a><\/p>\n<p><a href=\"https:\/\/www.instagram.com\/ccoo_diba\/?hl=es\"><img loading=\"lazy\" decoding=\"async\" class=\"wp-image-5730 aligncenter\" src=\"http:\/\/ccoo.app\/diputacio-de-barcelona\/wp-content\/blogs.dir\/6\/files\/sites\/186\/2020\/04\/instragram-300x300.png\" alt=\"\" width=\"91\" height=\"91\" srcset=\"https:\/\/ccoo.app\/diputacio-de-barcelona\/wp-content\/blogs.dir\/6\/files\/sites\/186\/2020\/04\/instragram-300x300.png 300w, https:\/\/ccoo.app\/diputacio-de-barcelona\/wp-content\/blogs.dir\/6\/files\/sites\/186\/2020\/04\/instragram-150x150.png 150w, https:\/\/ccoo.app\/diputacio-de-barcelona\/wp-content\/blogs.dir\/6\/files\/sites\/186\/2020\/04\/instragram.png 512w\" sizes=\"auto, (max-width: 91px) 100vw, 91px\" \/><\/a><\/p>\n<p><a href=\"https:\/\/www.facebook.com\/CcooDiputacioDeBarcelona\/\"><img loading=\"lazy\" decoding=\"async\" class=\"wp-image-5729 aligncenter\" src=\"http:\/\/ccoo.app\/diputacio-de-barcelona\/wp-content\/blogs.dir\/6\/files\/sites\/186\/2020\/04\/facebook-300x300.png\" alt=\"\" width=\"90\" height=\"90\" srcset=\"https:\/\/ccoo.app\/diputacio-de-barcelona\/wp-content\/blogs.dir\/6\/files\/sites\/186\/2020\/04\/facebook-300x300.png 300w, https:\/\/ccoo.app\/diputacio-de-barcelona\/wp-content\/blogs.dir\/6\/files\/sites\/186\/2020\/04\/facebook-150x150.png 150w, https:\/\/ccoo.app\/diputacio-de-barcelona\/wp-content\/blogs.dir\/6\/files\/sites\/186\/2020\/04\/facebook.png 325w\" sizes=\"auto, (max-width: 90px) 100vw, 90px\" \/><\/a><a href=\"https:\/\/www.youtube.com\/channel\/UCFzenkS75udEcs4pB4qoZsg\"><img loading=\"lazy\" decoding=\"async\" class=\" wp-image-5916 aligncenter\" src=\"http:\/\/ccoo.app\/diputacio-de-barcelona\/wp-content\/blogs.dir\/6\/files\/sites\/186\/2020\/05\/youtube-300x115.jpg\" alt=\"\" width=\"122\" height=\"47\" srcset=\"https:\/\/ccoo.app\/diputacio-de-barcelona\/wp-content\/blogs.dir\/6\/files\/sites\/186\/2020\/05\/youtube-300x115.jpg 300w, https:\/\/ccoo.app\/diputacio-de-barcelona\/wp-content\/blogs.dir\/6\/files\/sites\/186\/2020\/05\/youtube-1024x391.jpg 1024w, https:\/\/ccoo.app\/diputacio-de-barcelona\/wp-content\/blogs.dir\/6\/files\/sites\/186\/2020\/05\/youtube-768x293.jpg 768w, https:\/\/ccoo.app\/diputacio-de-barcelona\/wp-content\/blogs.dir\/6\/files\/sites\/186\/2020\/05\/youtube.jpg 1200w\" sizes=\"auto, (max-width: 122px) 100vw, 122px\" \/><\/a><\/p>\n<p><iframe loading=\"lazy\" title=\"Hauran de comptar amb nosaltres. Salut, treball i just\u00edcia social || 1r de maig del 2020.\" width=\"1200\" height=\"675\" src=\"https:\/\/www.youtube.com\/embed\/uS104R3aSJs?feature=oembed\" frameborder=\"0\" allow=\"accelerometer; autoplay; clipboard-write; encrypted-media; gyroscope; picture-in-picture; web-share\" allowfullscreen><\/iframe><\/p>\n<p><a href=\"https:\/\/diba.ccoo.cat\/plantilla-1-6-2\/\"><img loading=\"lazy\" decoding=\"async\" class=\"size-medium wp-image-6853 aligncenter\" src=\"http:\/\/ccoo.app\/diputacio-de-barcelona\/wp-content\/blogs.dir\/6\/files\/sites\/186\/2020\/10\/ccoo-primer-sindicat-cliqueu-300x110.png\" alt=\"\" width=\"300\" height=\"110\" srcset=\"https:\/\/ccoo.app\/diputacio-de-barcelona\/wp-content\/blogs.dir\/6\/files\/sites\/186\/2020\/10\/ccoo-primer-sindicat-cliqueu-300x110.png 300w, https:\/\/ccoo.app\/diputacio-de-barcelona\/wp-content\/blogs.dir\/6\/files\/sites\/186\/2020\/10\/ccoo-primer-sindicat-cliqueu.png 448w\" sizes=\"auto, (max-width: 300px) 100vw, 300px\" \/><\/a><\/p>\n<p><a href=\"https:\/\/diba.ccoo.cat\/mesa-general-de-negociacio-de-materies-comunes-de-la-diba\/\"><img loading=\"lazy\" decoding=\"async\" class=\"size-medium wp-image-7171 aligncenter\" src=\"http:\/\/ccoo.app\/diputacio-de-barcelona\/wp-content\/blogs.dir\/6\/files\/sites\/186\/2020\/11\/mgnmc-imatges-300x101.png\" alt=\"\" width=\"300\" height=\"101\" srcset=\"https:\/\/ccoo.app\/diputacio-de-barcelona\/wp-content\/blogs.dir\/6\/files\/sites\/186\/2020\/11\/mgnmc-imatges-300x101.png 300w, https:\/\/ccoo.app\/diputacio-de-barcelona\/wp-content\/blogs.dir\/6\/files\/sites\/186\/2020\/11\/mgnmc-imatges.png 324w\" sizes=\"auto, (max-width: 300px) 100vw, 300px\" \/><\/a><a href=\"https:\/\/www.ccoo.cat\/aspnet\/motius_afiliarte.aspx\"><img loading=\"lazy\" decoding=\"async\" class=\"size-medium wp-image-6841 aligncenter\" src=\"http:\/\/ccoo.app\/diputacio-de-barcelona\/wp-content\/blogs.dir\/6\/files\/sites\/186\/2020\/10\/afiliat-ccoo-300x199.png\" alt=\"\" width=\"300\" height=\"199\" srcset=\"https:\/\/ccoo.app\/diputacio-de-barcelona\/wp-content\/blogs.dir\/6\/files\/sites\/186\/2020\/10\/afiliat-ccoo-300x199.png 300w, https:\/\/ccoo.app\/diputacio-de-barcelona\/wp-content\/blogs.dir\/6\/files\/sites\/186\/2020\/10\/afiliat-ccoo.png 573w\" sizes=\"auto, (max-width: 300px) 100vw, 300px\" \/><\/a><\/p>\n<p><a href=\"https:\/\/www.ccoo.cat\/aspnet\/qui_som.aspx\"><img loading=\"lazy\" decoding=\"async\" class=\" wp-image-7174 aligncenter\" src=\"http:\/\/ccoo.app\/diputacio-de-barcelona\/wp-content\/blogs.dir\/6\/files\/sites\/186\/2020\/11\/ccoo-diversa-300x77.png\" alt=\"\" width=\"327\" height=\"84\" srcset=\"https:\/\/ccoo.app\/diputacio-de-barcelona\/wp-content\/blogs.dir\/6\/files\/sites\/186\/2020\/11\/ccoo-diversa-300x77.png 300w, https:\/\/ccoo.app\/diputacio-de-barcelona\/wp-content\/blogs.dir\/6\/files\/sites\/186\/2020\/11\/ccoo-diversa.png 422w\" sizes=\"auto, (max-width: 327px) 100vw, 327px\" \/><\/a><\/p>\n\n\n<p><\/p>\n    \t","protected":false},"excerpt":{"rendered":"<p>NOTA INFORMATIVA ORGT 03.12.2020\u00a0 PRESSUPOST ORGT 2021 SISTEMA DE VIDEOVIGIL\u00c0NCIA A LES OFICINES -3 desembre de 2020- \u00a0 CCOO i UGT vam coincidir en demanar rebre, tamb\u00e9 de l\u2019ORGT, el &#8230; <\/p>\n<p class=\"read-more-container\"><a title=\"NOTA INFORMATIVA 03.12.2020: NOVETATS ORGT\" class=\"read-more button\" href=\"https:\/\/ccoo.app\/diputacio-de-barcelona\/novetatsorgt03122020\/#more-7315\" aria-label=\"Leer m\u00e1s sobre NOTA INFORMATIVA 03.12.2020: NOVETATS ORGT\">Continuar llegint<\/a><\/p>\n","protected":false},"author":4519,"featured_media":6227,"comment_status":"open","ping_status":"open","sticky":false,"template":"","format":"standard","meta":{"footnotes":""},"categories":[19,29],"tags":[167,186,214],"class_list":["post-7315","post","type-post","status-publish","format-standard","has-post-thumbnail","hentry","category-comunicats","category-orgt-2","tag-orgt","tag-pressupost","tag-seguretat","generate-columns","tablet-grid-50","mobile-grid-100","grid-parent","grid-50"],"_links":{"self":[{"href":"https:\/\/ccoo.app\/diputacio-de-barcelona\/wp-json\/wp\/v2\/posts\/7315","targetHints":{"allow":["GET"]}}],"collection":[{"href":"https:\/\/ccoo.app\/diputacio-de-barcelona\/wp-json\/wp\/v2\/posts"}],"about":[{"href":"https:\/\/ccoo.app\/diputacio-de-barcelona\/wp-json\/wp\/v2\/types\/post"}],"author":[{"embeddable":true,"href":"https:\/\/ccoo.app\/diputacio-de-barcelona\/wp-json\/wp\/v2\/users\/4519"}],"replies":[{"embeddable":true,"href":"https:\/\/ccoo.app\/diputacio-de-barcelona\/wp-json\/wp\/v2\/comments?post=7315"}],"version-history":[{"count":1,"href":"https:\/\/ccoo.app\/diputacio-de-barcelona\/wp-json\/wp\/v2\/posts\/7315\/revisions"}],"predecessor-version":[{"id":50825,"href":"https:\/\/ccoo.app\/diputacio-de-barcelona\/wp-json\/wp\/v2\/posts\/7315\/revisions\/50825"}],"wp:featuredmedia":[{"embeddable":true,"href":"https:\/\/ccoo.app\/diputacio-de-barcelona\/wp-json\/wp\/v2\/media\/6227"}],"wp:attachment":[{"href":"https:\/\/ccoo.app\/diputacio-de-barcelona\/wp-json\/wp\/v2\/media?parent=7315"}],"wp:term":[{"taxonomy":"category","embeddable":true,"href":"https:\/\/ccoo.app\/diputacio-de-barcelona\/wp-json\/wp\/v2\/categories?post=7315"},{"taxonomy":"post_tag","embeddable":true,"href":"https:\/\/ccoo.app\/diputacio-de-barcelona\/wp-json\/wp\/v2\/tags?post=7315"}],"curies":[{"name":"wp","href":"https:\/\/api.w.org\/{rel}","templated":true}]}}