{"id":7268,"date":"2020-11-25T07:23:59","date_gmt":"2020-11-25T06:23:59","guid":{"rendered":"https:\/\/diba.ccoo.cat\/?p=7268"},"modified":"2023-10-17T14:02:52","modified_gmt":"2023-10-17T12:02:52","slug":"dibadiunoalacarrera","status":"publish","type":"post","link":"https:\/\/ccoo.app\/diputacio-de-barcelona\/dibadiunoalacarrera\/","title":{"rendered":"L&#8217;EQUIP DE GOVERN DE LA DIPUTACI\u00d3 DIU NO A LA CARRERA PROFESSIONAL"},"content":{"rendered":"<p><a href=\"https:\/\/diba.ccoo.cat\/\"><img loading=\"lazy\" decoding=\"async\" class=\"wp-image-5909 aligncenter\" src=\"http:\/\/ccoo.app\/diputacio-de-barcelona\/wp-content\/blogs.dir\/6\/files\/sites\/186\/2020\/05\/nota-1-300x86.png\" alt=\"\" width=\"92\" height=\"27\" srcset=\"https:\/\/ccoo.app\/diputacio-de-barcelona\/wp-content\/blogs.dir\/6\/files\/sites\/186\/2020\/05\/nota-1-300x86.png 300w, https:\/\/ccoo.app\/diputacio-de-barcelona\/wp-content\/blogs.dir\/6\/files\/sites\/186\/2020\/05\/nota-1.png 339w\" sizes=\"auto, (max-width: 92px) 100vw, 92px\" \/><\/a><\/p>\n<p class=\"wp-caption-text\"><a href=\"https:\/\/diba.ccoo.cat\/\"><img loading=\"lazy\" decoding=\"async\" class=\"wp-image-1853 aligncenter\" src=\"http:\/\/ccoo.app\/diputacio-de-barcelona\/wp-content\/blogs.dir\/6\/files\/sites\/186\/2018\/01\/logoccoov18.jpg\" alt=\"\" width=\"240\" height=\"110\" \/><\/a><\/p>\n<p><a href=\"http:\/\/ccoo.app\/diputacio-de-barcelona\/wp-content\/blogs.dir\/6\/files\/sites\/186\/2020\/11\/comunicat-25-novembre-definitiu-14_21.pdf\"><img loading=\"lazy\" decoding=\"async\" class=\"wp-image-5910 aligncenter\" src=\"http:\/\/ccoo.app\/diputacio-de-barcelona\/wp-content\/blogs.dir\/6\/files\/sites\/186\/2020\/05\/nota-3-300x83.png\" alt=\"\" width=\"90\" height=\"25\" srcset=\"https:\/\/ccoo.app\/diputacio-de-barcelona\/wp-content\/blogs.dir\/6\/files\/sites\/186\/2020\/05\/nota-3-300x83.png 300w, https:\/\/ccoo.app\/diputacio-de-barcelona\/wp-content\/blogs.dir\/6\/files\/sites\/186\/2020\/05\/nota-3.png 337w\" sizes=\"auto, (max-width: 90px) 100vw, 90px\" \/><\/a><\/p>\n<p style=\"text-align: center\"><span style=\"font-family: 'arial black', sans-serif;color: #0000ff;font-size: 24px\">L&#8217;EQUIP DE GOVERN DE LA DIPUTACI\u00d3 DIU NO A LA CARRERA PROFESSIONAL<\/span><\/p>\n<p style=\"text-align: center\"><span style=\"font-family: 'arial black', sans-serif;color: #000000;font-size: 20px\">SUSP\u00c8N LA NEGOCIACI\u00d3<\/span><\/p>\n<p style=\"text-align: center\"><span style=\"font-family: 'arial black', sans-serif;color: #000000;font-size: 20px\">LA PARTIDA PRESSUPOST\u00c0RIA 2020 ES PERDR\u00c0<\/span><\/p>\n<p style=\"text-align: center\"><span style=\"font-family: arial, helvetica, sans-serif;font-size: 14px;color: #000000\">-25 novembre de 2020-<\/span><\/p>\n<p style=\"text-align: left\"><span style=\"color: #000000\">CCOO-Diba <strong>EXIGIM<\/strong> a l\u2019actual equip de govern que reconsideri la seva decisi\u00f3 de <strong><u>no executar la partida pressupostada de carrera professional<\/u><\/strong> consignada i aprovada pel Ple corporatiu per a l\u2019any 2020.<\/span><\/p>\n<p>\u00a0<\/p>\n<p style=\"text-align: left\"><span style=\"color: #000000\"><strong>EXIGIM<\/strong> que reconsideri la seva decisi\u00f3 de<strong> <u>suspendre unilateralment la negociaci\u00f3<\/u><\/strong> que s\u2019estava portant a terme en aquests moments, que ja estava en una fase molt avan\u00e7ada de consens i molt a prop de culminar en un acord.\u00a0<\/span><\/p>\n<p style=\"text-align: left\"><a href=\"http:\/\/ccoo.app\/diputacio-de-barcelona\/wp-content\/blogs.dir\/6\/files\/sites\/186\/2020\/11\/pressupost-2020-carrera.png\"><span style=\"color: #000000\"><strong> <img loading=\"lazy\" decoding=\"async\" class=\"wp-image-7269 aligncenter\" src=\"http:\/\/ccoo.app\/diputacio-de-barcelona\/wp-content\/blogs.dir\/6\/files\/sites\/186\/2020\/11\/pressupost-2020-carrera-300x256.png\" alt=\"\" width=\"202\" height=\"172\" srcset=\"https:\/\/ccoo.app\/diputacio-de-barcelona\/wp-content\/blogs.dir\/6\/files\/sites\/186\/2020\/11\/pressupost-2020-carrera-300x256.png 300w, https:\/\/ccoo.app\/diputacio-de-barcelona\/wp-content\/blogs.dir\/6\/files\/sites\/186\/2020\/11\/pressupost-2020-carrera.png 356w\" sizes=\"auto, (max-width: 202px) 100vw, 202px\" \/><\/strong><\/span><\/a><\/p>\n<p style=\"text-align: left\"><span style=\"color: #000000\"><strong>NO ENS QUEDAREM DE BRA\u00c7OS CREUATS<\/strong> davant aquesta vulneraci\u00f3 respecte al nostre dret a la negociaci\u00f3 col\u00b7lectiva. No hi ha arguments prou consistents que justifiquin aquesta mesura si no s\u2019ent\u00e9n com una voluntat d\u2019instrumentalitzar la situaci\u00f3 per <strong>retallar, de nou, el nostre dret a tenir una carrera professional<\/strong>, reconegut tant al <em>TREBEP<\/em>\u00a0 com a la normativa pr\u00e8via en mat\u00e8ria de reconeixement i desenvolupament professional dels empleats i empleades p\u00fabliques.<\/span><\/p>\n<p style=\"text-align: left\"><span style=\"color: #000000\">El que s\u2019estava negociant \u00e9s similar en for\u00e7a punts als vigents en altres administracions a Catalunya i a m\u00e9s <strong>id\u00e8ntic, en termes econ\u00f2mics i pressupostaris, a <\/strong><em><strong>l\u2019Acord del 18 de desembre de 2017<\/strong> sobre el reconeixement d\u2019un complement de carrera professional \u2013Nivell Transitori- (NT). <\/em>Aquest acord (cliqueu <a href=\"https:\/\/transparencia.diba.cat\/sites\/transparencia.diba.cat\/files\/public\/imce\/users\/carrerasag\/acord_mgn_nt_18_12_2017_v1.pdf\"><strong><span style=\"color: #0000ff\">aqu\u00ed<\/span> <\/strong><\/a>per a llegir-lo) <strong>va passar llavors per tots els controls de legalitat propis de la corporaci\u00f3<\/strong> (incloent a l\u2019actual Interventor General de la Diputaci\u00f3, que no va manifestar cap reparament), sent ratificat per unanimitat pel Ple de la mateixa (Cliqueu <span style=\"color: #0000ff\"><a style=\"color: #0000ff\" href=\"https:\/\/www.youtube.com\/watch?v=Sfyytz_H9kM&amp;feature=youtu.be&amp;t=1523\"><strong>aqu\u00ed<\/strong><\/a> <\/span>per veure v\u00eddeo d\u2019aquella sessi\u00f3).<\/span><\/p>\n<p style=\"text-align: left\"><span style=\"color: #000000\"><strong>D\u2019en\u00e7\u00e0 de l\u2019establiment del NT, no s\u2019ha aprovat cap nova llei ni hi ha hagut cap canvi normatiu que impedeixi un acord<\/strong> en Mesa de Negociaci\u00f3 que habiliti la carrera professional per tot el personal de la DiBa despr\u00e9s de tants anys de dilaci\u00f3 corporativa.<\/span><\/p>\n<p><img decoding=\"async\" class=\"aligncenter\" src=\"https:\/\/www.ccoo.cat\/imatges\/logos\/gtj.gif\" alt=\"Gabinet T\u00e8cnic Jur\u00eddic de CCOO de Catalunya\" \/><\/p>\n<p style=\"text-align: left\"><span style=\"color: #000000\">Us fem saber que ja hem mantingut una reuni\u00f3 amb el nostre Gabinet T\u00e8cnic Jur\u00eddic per tal <strong>d\u2019encetar les iniciatives jur\u00eddiques escaients<\/strong> en aquest assumpte per a la defensa d\u2019aquest dret dels i de les treballadores si no hi ha una rectificaci\u00f3 immediata.<\/span><\/p>\n<p>\u00a0<\/p>\n<p style=\"text-align: left\"><span style=\"color: #000000\"><strong>NO ENS QUEDAREM DE BRA\u00c7OS CREUATS<\/strong> i \u00e9s per aix\u00f2 que els dos sindicats majoritaris <strong>ja ens hem posat en contacte amb tots els grups pol\u00edtics de la corporaci\u00f3.<\/strong> Creiem que \u00e9s important que coneguin la situaci\u00f3 i en aquest moment donin suport expl\u00edcit a la plantilla. A m\u00e9s, si algun empleat o empleada t\u00e9 compte a <em>Twitter<\/em>, que s\u00e0piga que incloent el <em>hashtag<\/em> <a href=\"https:\/\/twitter.com\/search?q=%23plediba&amp;src=recent_search_click&amp;f=live\"><span style=\"color: #0000ff\"><strong>#Plediba <\/strong><\/span><\/a>i\/o el perfil <a href=\"https:\/\/twitter.com\/diba\"><span style=\"color: #0000ff\"><strong>@diba<\/strong><\/span><\/a> pot fer sentir la seva veu a la xarxa (Cliqueu <strong><span style=\"color: #0000ff\"><a style=\"color: #0000ff\" href=\"https:\/\/www.youtube.com\/watch?v=HX7IPQTkUqs\">aqu\u00ed<\/a> <\/span><\/strong>per a seguir el Ple de dem\u00e0)<\/span><\/p>\n<p>\u00a0<\/p>\n<p style=\"text-align: left\"><span style=\"color: #000000\"><strong>NO ENS QUEDAREM DE BRA\u00c7OS CREUATS,<\/strong> afavorirem la unitat d\u2019acci\u00f3 i utilitzarem totes les eines que tenim al nostre abast. \u00c9s per aix\u00f2 que us anunciem que les persones delegades sindicals de <strong>CCOO i UGT ens concentrarem davant de Can Serra dem\u00e0 dijous coincidint amb el Ple corporatiu telem\u00e0tic.<\/strong> Aquesta nom\u00e9s ser\u00e0 una de les accions entre d\u2019altres que ja tenim previstes i que inclouen tamb\u00e9 fer sentir la nostra veu a l\u2019Ajuntament de l\u2019Hospitalet, el de Viladecans, etc.<\/span><\/p>\n<p style=\"text-align: left\"><img loading=\"lazy\" decoding=\"async\" class=\"wp-image-7270 aligncenter\" src=\"http:\/\/ccoo.app\/diputacio-de-barcelona\/wp-content\/blogs.dir\/6\/files\/sites\/186\/2020\/11\/retallades-diputacio-300x191.png\" alt=\"\" width=\"185\" height=\"118\" srcset=\"https:\/\/ccoo.app\/diputacio-de-barcelona\/wp-content\/blogs.dir\/6\/files\/sites\/186\/2020\/11\/retallades-diputacio-300x191.png 300w, https:\/\/ccoo.app\/diputacio-de-barcelona\/wp-content\/blogs.dir\/6\/files\/sites\/186\/2020\/11\/retallades-diputacio.png 659w\" sizes=\"auto, (max-width: 185px) 100vw, 185px\" \/><\/p>\n<p style=\"text-align: left\"><span style=\"color: #000000\">Tamb\u00e9 tenim previst plantejar a tota la plantilla accions a realitzar. Tenim clar que <strong>existeixen maneres \u201ccibern\u00e8tiques\u201d de fer arribar la nostra indignaci\u00f3 de forma coordinada<\/strong> a l\u2019equip de govern i a l\u2019\u00c0rea de RRHH. Us demanem que presteu atenci\u00f3 a futures propostes.<\/span><\/p>\n<p style=\"text-align: left\">\u00a0<\/p>\n<p style=\"text-align: left\"><span style=\"color: #000000\"><strong>DINAMITEN LA CONFIAN\u00c7A I BONA FE NEGOCIAL <\/strong>Despr\u00e9s de 4 anys de treball (cliqueu <a href=\"http:\/\/ccoo.app\/diputacio-de-barcelona\/wp-content\/blogs.dir\/6\/files\/sites\/186\/2020\/11\/document-adjunt-comunicat-25-novembre-.pdf\"><strong><span style=\"color: #0000ff\">aqu\u00ed<\/span><\/strong> <\/a>per con\u00e8ixer els antecedents), a principi d\u2019aquest any, la DSRH <strong>ens va enviar a totes les seccions sindicals el nou Reglament treballat a la Comissi\u00f3 T\u00e8cnica de Carrera que es donava per definitiu.<\/strong> A la MGNmc, s\u2019havia de donar resposta, entre altres aspectes, a la proposta econ\u00f2mica feta per la corporaci\u00f3.<\/span><\/p>\n<p style=\"text-align: left\"><span style=\"color: #000000\">La proposta corporativa inicial per aquest 2020 va ser de 47,32 \u20ac per a cadascun dels 5 nivells en un per\u00edode de tr\u00e0nsit de 15 anys en total. El passat octubre, la van reformular proposant fins i tot incrementar les quanties econ\u00f2miques inicials. En mig del proc\u00e9s de negociaci\u00f3 i quan m\u00e9s esfor\u00e7os est\u00e0vem fent per arribar a un acord, \u00e9s quan <strong>la DSRH dona un gir de 180\u00ba: anuncia que la carrera \u00e9s inviable jur\u00eddicament.<\/strong> I s\u2019han assabentat ara? Despr\u00e9s de m\u00e9s de 4 anys de treballs t\u00e8cnics? No va ser la DSRH la que va desnonar l\u2019anterior carrera i proposar aquesta nova? Alg\u00fa assumir\u00e0 alguna responsabilitat davant aquest desprop\u00f2sit?<\/span><\/p>\n<p style=\"text-align: left\"><a href=\"http:\/\/ccoo.app\/diputacio-de-barcelona\/wp-content\/blogs.dir\/6\/files\/sites\/186\/2020\/11\/carrera-cartell-foto.png\"><img loading=\"lazy\" decoding=\"async\" class=\" wp-image-7271 aligncenter\" src=\"http:\/\/ccoo.app\/diputacio-de-barcelona\/wp-content\/blogs.dir\/6\/files\/sites\/186\/2020\/11\/carrera-cartell-foto-212x300.png\" alt=\"\" width=\"154\" height=\"218\" srcset=\"https:\/\/ccoo.app\/diputacio-de-barcelona\/wp-content\/blogs.dir\/6\/files\/sites\/186\/2020\/11\/carrera-cartell-foto-212x300.png 212w, https:\/\/ccoo.app\/diputacio-de-barcelona\/wp-content\/blogs.dir\/6\/files\/sites\/186\/2020\/11\/carrera-cartell-foto.png 551w\" sizes=\"auto, (max-width: 154px) 100vw, 154px\" \/><\/a><\/p>\n<p style=\"text-align: left\"><span style=\"color: #000000\"><strong>APEL\u00b7LEM A LA PRESIDENTA DE LA DIPUTACI\u00d3<\/strong> La resposta corporativa no pot expressar-se nom\u00e9s arg\u00fcint que s\u2019introduir\u00e0 partida pressupost\u00e0ria de carrera per a l\u2019any 2021. Aix\u00f2 \u00e9s absolutament insuficient. La voluntat pol\u00edtica ha d\u2019expressar-se en fets i ara. Per tant, exigim que es reprengui la negociaci\u00f3 i es faci un veritable esfor\u00e7 per arribar a un acord abans de final d\u2019any. No es pot permetre perdre la consignaci\u00f3 de 2020. Paral\u00b7lelament, demanem que <strong>la Presidenta exigeixi a la Intervenci\u00f3 General un informe per escrit<\/strong> relacionat amb la proposta d\u2019una nova carrera d\u2019acord a la normativa habilitadora que permeti l\u2019esmentat reconeixement del desenvolupament professional.<\/span><\/p>\n<p style=\"text-align: left\"><span style=\"color: #000000\"><strong>Moltes vegades sentim al Ple lloar el personal corporatiu per la seva professionalitat i dedicaci\u00f3.<\/strong> Doncs l\u2019article 17b de l\u2019EBEP indica: <em>\u201cS\u2019ha de valorar la traject\u00f2ria i l\u2019actuaci\u00f3 professional, la qualitat dels treballs efectuats, els coneixements adquirits i el resultat de l\u2019avaluaci\u00f3 de l\u2019acompliment. Aix\u00ed mateix, es poden incloure altres m\u00e8rits i aptituds per ra\u00f3 de l\u2019especificitat de la funci\u00f3 exercida i l\u2019experi\u00e8ncia adquirida\u201d.<\/em> <\/span><\/p>\n<p style=\"text-align: left\"><span style=\"color: #000000\">Dissortadament aquestes <strong>paraules sonen cada vegada m\u00e9s i m\u00e9s buides<\/strong> de contingut tot provocant incredulitat i desenc\u00eds en el personal que treballem a la DiBa.<\/span><\/p>\n<p style=\"text-align: left\"><span style=\"color: #000000\">Un gran nombre d\u2019empleades i empleats de la Diputaci\u00f3 porta anys sense carrera i molts d\u2019altres mai n\u2019han tingut. <strong>Ara \u00e9s el moment dels fets i no de les paraules.<\/strong><\/span><\/p>\n<h4 style=\"text-align: center\"><span style=\"color: #000000\"><strong>NO ENS QUEDAREM DE BRA\u00c7OS CREUATS<\/strong><\/span><\/h4>\n<p>\u00a0<\/p>\n<p style=\"text-align: center\"><img loading=\"lazy\" decoding=\"async\" class=\"wp-image-5184 aligncenter\" src=\"http:\/\/ccoo.app\/diputacio-de-barcelona\/wp-content\/blogs.dir\/6\/files\/sites\/186\/2020\/03\/i-de-info-300x300.jpg\" alt=\"\" width=\"72\" height=\"72\" srcset=\"https:\/\/ccoo.app\/diputacio-de-barcelona\/wp-content\/blogs.dir\/6\/files\/sites\/186\/2020\/03\/i-de-info-300x300.jpg 300w, https:\/\/ccoo.app\/diputacio-de-barcelona\/wp-content\/blogs.dir\/6\/files\/sites\/186\/2020\/03\/i-de-info-150x150.jpg 150w, https:\/\/ccoo.app\/diputacio-de-barcelona\/wp-content\/blogs.dir\/6\/files\/sites\/186\/2020\/03\/i-de-info.jpg 626w\" sizes=\"auto, (max-width: 72px) 100vw, 72px\" \/><span style=\"font-family: 'arial black', sans-serif;font-size: 20px;color: #ffff00;background-color: #ff0000\">TOTA LA INFORMACI\u00d3 SINDICAL QUE NECESSITES<\/span><\/p>\n<p><img loading=\"lazy\" decoding=\"async\" class=\"wp-image-5913 aligncenter\" src=\"http:\/\/ccoo.app\/diputacio-de-barcelona\/wp-content\/blogs.dir\/6\/files\/sites\/186\/2020\/05\/telefono-300x300.jpg\" alt=\"\" width=\"59\" height=\"59\" srcset=\"https:\/\/ccoo.app\/diputacio-de-barcelona\/wp-content\/blogs.dir\/6\/files\/sites\/186\/2020\/05\/telefono-300x300.jpg 300w, https:\/\/ccoo.app\/diputacio-de-barcelona\/wp-content\/blogs.dir\/6\/files\/sites\/186\/2020\/05\/telefono-150x150.jpg 150w, https:\/\/ccoo.app\/diputacio-de-barcelona\/wp-content\/blogs.dir\/6\/files\/sites\/186\/2020\/05\/telefono.jpg 600w\" sizes=\"auto, (max-width: 59px) 100vw, 59px\" \/><\/p>\n<p style=\"text-align: center\"><span style=\"font-family: 'arial black', sans-serif;color: #000000\">DE DILLUNS A DIVENDRES<\/span><\/p>\n<p style=\"text-align: center\"><span style=\"font-family: 'arial black', sans-serif;color: #000000;background-color: #ffff00\">DE 10:00 A 14:30 i DE 17:00 A 19:00\u00a0<\/span><\/p>\n<p style=\"text-align: center\"><span style=\"font-family: 'arial black', sans-serif;color: #ff0000\">93.402.29.85 \u2013 22985 \u2013 667 90 69 64<\/span><\/p>\n<p><img loading=\"lazy\" decoding=\"async\" class=\"wp-image-5553 aligncenter\" src=\"http:\/\/ccoo.app\/diputacio-de-barcelona\/wp-content\/blogs.dir\/6\/files\/sites\/186\/2020\/04\/mail-foto-300x200.jpg\" alt=\"\" width=\"59\" height=\"39\" srcset=\"https:\/\/ccoo.app\/diputacio-de-barcelona\/wp-content\/blogs.dir\/6\/files\/sites\/186\/2020\/04\/mail-foto-300x200.jpg 300w, https:\/\/ccoo.app\/diputacio-de-barcelona\/wp-content\/blogs.dir\/6\/files\/sites\/186\/2020\/04\/mail-foto-1024x683.jpg 1024w, https:\/\/ccoo.app\/diputacio-de-barcelona\/wp-content\/blogs.dir\/6\/files\/sites\/186\/2020\/04\/mail-foto-768x512.jpg 768w, https:\/\/ccoo.app\/diputacio-de-barcelona\/wp-content\/blogs.dir\/6\/files\/sites\/186\/2020\/04\/mail-foto.jpg 1200w\" sizes=\"auto, (max-width: 59px) 100vw, 59px\" \/><\/p>\n<p style=\"text-align: center\"><span style=\"font-family: arial, helvetica, sans-serif;color: #000000\">La\u00a0SECCI\u00d3 SINDICAL DE CCOO donem resposta a tots els teus dubtes o t&#8217;ajudem solucionar els problemes que puguis tenir.<strong> T&#8217;ajudem a defensar els teus drets!<\/strong><\/span><\/p>\n<p style=\"text-align: center\"><span style=\"font-family: 'arial black', sans-serif;color: #0000ff\"><a style=\"color: #0000ff\" href=\"mailto:ccoo@diba.cat\"><strong>ccoo@diba.cat<\/strong><\/a><\/span><\/p>\n<p style=\"text-align: center\"><span style=\"font-family: 'arial black', sans-serif;color: #0000ff\"><a style=\"color: #0000ff\" href=\"mailto:orgt.ssccoo@diba.cat\">orgt.ssccoo@diba.cat<\/a><\/span><\/p>\n<p><img loading=\"lazy\" decoding=\"async\" class=\"wp-image-5554 aligncenter\" src=\"http:\/\/ccoo.app\/diputacio-de-barcelona\/wp-content\/blogs.dir\/6\/files\/sites\/186\/2020\/04\/mail-foto-enviar-300x212.jpg\" alt=\"\" width=\"67\" height=\"47\" srcset=\"https:\/\/ccoo.app\/diputacio-de-barcelona\/wp-content\/blogs.dir\/6\/files\/sites\/186\/2020\/04\/mail-foto-enviar-300x212.jpg 300w, https:\/\/ccoo.app\/diputacio-de-barcelona\/wp-content\/blogs.dir\/6\/files\/sites\/186\/2020\/04\/mail-foto-enviar-1024x724.jpg 1024w, https:\/\/ccoo.app\/diputacio-de-barcelona\/wp-content\/blogs.dir\/6\/files\/sites\/186\/2020\/04\/mail-foto-enviar-768x543.jpg 768w, https:\/\/ccoo.app\/diputacio-de-barcelona\/wp-content\/blogs.dir\/6\/files\/sites\/186\/2020\/04\/mail-foto-enviar.jpg 1200w\" sizes=\"auto, (max-width: 67px) 100vw, 67px\" \/><\/p>\n<p style=\"text-align: center\"><span style=\"font-family: arial, helvetica, sans-serif;color: #000000\">Encara no t&#8217;has descarregat la nostra <a href=\"http:\/\/www.ccoo.cat\/carnet\/index.aspx?qr=1#descarrega\"><span style=\"font-family: 'arial black', sans-serif;color: #0000ff\">APP<\/span><\/a> CCOO-Diba d&#8217;informaci\u00f3 sindical?<\/span><\/p>\n<p style=\"text-align: center\"><span style=\"font-family: arial, helvetica, sans-serif;color: #000000\">Fes clic <a href=\"http:\/\/www.ccoo.cat\/carnet\/index.aspx?qr=1#descarrega\"><span style=\"font-family: 'arial black', sans-serif;color: #0000ff\">aqu\u00ed<\/span><\/a> per tenir la informaci\u00f3 abans que ning\u00fa!<\/span><\/p>\n<p><img loading=\"lazy\" decoding=\"async\" class=\"wp-image-5915 aligncenter\" src=\"http:\/\/ccoo.app\/diputacio-de-barcelona\/wp-content\/blogs.dir\/6\/files\/sites\/186\/2020\/05\/xarxes-socials-300x169.png\" alt=\"\" width=\"227\" height=\"128\" srcset=\"https:\/\/ccoo.app\/diputacio-de-barcelona\/wp-content\/blogs.dir\/6\/files\/sites\/186\/2020\/05\/xarxes-socials-300x169.png 300w, https:\/\/ccoo.app\/diputacio-de-barcelona\/wp-content\/blogs.dir\/6\/files\/sites\/186\/2020\/05\/xarxes-socials-1024x576.png 1024w, https:\/\/ccoo.app\/diputacio-de-barcelona\/wp-content\/blogs.dir\/6\/files\/sites\/186\/2020\/05\/xarxes-socials-768x432.png 768w, https:\/\/ccoo.app\/diputacio-de-barcelona\/wp-content\/blogs.dir\/6\/files\/sites\/186\/2020\/05\/xarxes-socials.png 1200w\" sizes=\"auto, (max-width: 227px) 100vw, 227px\" \/><\/p>\n<p style=\"text-align: center\"><span style=\"font-family: arial, helvetica, sans-serif;color: #000000\">Tamb\u00e9 trobar\u00e0s CCOO-Diba a les xarxes socials. Clica sobre la icona de la teva xarxa favorita:<\/span><\/p>\n<p><a href=\"https:\/\/twitter.com\/CCOODiba\"><img loading=\"lazy\" decoding=\"async\" class=\" wp-image-5728 aligncenter\" src=\"http:\/\/ccoo.app\/diputacio-de-barcelona\/wp-content\/blogs.dir\/6\/files\/sites\/186\/2020\/04\/twitter-300x300.png\" alt=\"\" width=\"89\" height=\"89\" srcset=\"https:\/\/ccoo.app\/diputacio-de-barcelona\/wp-content\/blogs.dir\/6\/files\/sites\/186\/2020\/04\/twitter-300x300.png 300w, https:\/\/ccoo.app\/diputacio-de-barcelona\/wp-content\/blogs.dir\/6\/files\/sites\/186\/2020\/04\/twitter-150x150.png 150w, https:\/\/ccoo.app\/diputacio-de-barcelona\/wp-content\/blogs.dir\/6\/files\/sites\/186\/2020\/04\/twitter.png 512w\" sizes=\"auto, (max-width: 89px) 100vw, 89px\" \/><\/a><\/p>\n<p><a href=\"https:\/\/www.instagram.com\/ccoo_diba\/?hl=es\"><img loading=\"lazy\" decoding=\"async\" class=\"wp-image-5730 aligncenter\" src=\"http:\/\/ccoo.app\/diputacio-de-barcelona\/wp-content\/blogs.dir\/6\/files\/sites\/186\/2020\/04\/instragram-300x300.png\" alt=\"\" width=\"91\" height=\"91\" srcset=\"https:\/\/ccoo.app\/diputacio-de-barcelona\/wp-content\/blogs.dir\/6\/files\/sites\/186\/2020\/04\/instragram-300x300.png 300w, https:\/\/ccoo.app\/diputacio-de-barcelona\/wp-content\/blogs.dir\/6\/files\/sites\/186\/2020\/04\/instragram-150x150.png 150w, https:\/\/ccoo.app\/diputacio-de-barcelona\/wp-content\/blogs.dir\/6\/files\/sites\/186\/2020\/04\/instragram.png 512w\" sizes=\"auto, (max-width: 91px) 100vw, 91px\" \/><\/a><\/p>\n<p><a href=\"https:\/\/www.facebook.com\/CcooDiputacioDeBarcelona\/\"><img loading=\"lazy\" decoding=\"async\" class=\"wp-image-5729 aligncenter\" src=\"http:\/\/ccoo.app\/diputacio-de-barcelona\/wp-content\/blogs.dir\/6\/files\/sites\/186\/2020\/04\/facebook-300x300.png\" alt=\"\" width=\"90\" height=\"90\" srcset=\"https:\/\/ccoo.app\/diputacio-de-barcelona\/wp-content\/blogs.dir\/6\/files\/sites\/186\/2020\/04\/facebook-300x300.png 300w, https:\/\/ccoo.app\/diputacio-de-barcelona\/wp-content\/blogs.dir\/6\/files\/sites\/186\/2020\/04\/facebook-150x150.png 150w, https:\/\/ccoo.app\/diputacio-de-barcelona\/wp-content\/blogs.dir\/6\/files\/sites\/186\/2020\/04\/facebook.png 325w\" sizes=\"auto, (max-width: 90px) 100vw, 90px\" \/><\/a><a href=\"https:\/\/www.youtube.com\/channel\/UCFzenkS75udEcs4pB4qoZsg\"><img loading=\"lazy\" decoding=\"async\" class=\" wp-image-5916 aligncenter\" src=\"http:\/\/ccoo.app\/diputacio-de-barcelona\/wp-content\/blogs.dir\/6\/files\/sites\/186\/2020\/05\/youtube-300x115.jpg\" alt=\"\" width=\"122\" height=\"47\" srcset=\"https:\/\/ccoo.app\/diputacio-de-barcelona\/wp-content\/blogs.dir\/6\/files\/sites\/186\/2020\/05\/youtube-300x115.jpg 300w, https:\/\/ccoo.app\/diputacio-de-barcelona\/wp-content\/blogs.dir\/6\/files\/sites\/186\/2020\/05\/youtube-1024x391.jpg 1024w, https:\/\/ccoo.app\/diputacio-de-barcelona\/wp-content\/blogs.dir\/6\/files\/sites\/186\/2020\/05\/youtube-768x293.jpg 768w, https:\/\/ccoo.app\/diputacio-de-barcelona\/wp-content\/blogs.dir\/6\/files\/sites\/186\/2020\/05\/youtube.jpg 1200w\" sizes=\"auto, (max-width: 122px) 100vw, 122px\" \/><\/a><\/p>\n<p><iframe loading=\"lazy\" title=\"Hauran de comptar amb nosaltres. Salut, treball i just\u00edcia social || 1r de maig del 2020.\" width=\"1200\" height=\"675\" src=\"https:\/\/www.youtube.com\/embed\/uS104R3aSJs?feature=oembed\" frameborder=\"0\" allow=\"accelerometer; autoplay; clipboard-write; encrypted-media; gyroscope; picture-in-picture; web-share\" allowfullscreen><\/iframe><\/p>\n<p><a href=\"https:\/\/diba.ccoo.cat\/plantilla-1-6-2\/\"><img loading=\"lazy\" decoding=\"async\" class=\"size-medium wp-image-6853 aligncenter\" src=\"http:\/\/ccoo.app\/diputacio-de-barcelona\/wp-content\/blogs.dir\/6\/files\/sites\/186\/2020\/10\/ccoo-primer-sindicat-cliqueu-300x110.png\" alt=\"\" width=\"300\" height=\"110\" srcset=\"https:\/\/ccoo.app\/diputacio-de-barcelona\/wp-content\/blogs.dir\/6\/files\/sites\/186\/2020\/10\/ccoo-primer-sindicat-cliqueu-300x110.png 300w, https:\/\/ccoo.app\/diputacio-de-barcelona\/wp-content\/blogs.dir\/6\/files\/sites\/186\/2020\/10\/ccoo-primer-sindicat-cliqueu.png 448w\" sizes=\"auto, (max-width: 300px) 100vw, 300px\" \/><\/a><\/p>\n<p><a href=\"https:\/\/diba.ccoo.cat\/mesa-general-de-negociacio-de-materies-comunes-de-la-diba\/\"><img loading=\"lazy\" decoding=\"async\" class=\"size-medium wp-image-7171 aligncenter\" src=\"http:\/\/ccoo.app\/diputacio-de-barcelona\/wp-content\/blogs.dir\/6\/files\/sites\/186\/2020\/11\/mgnmc-imatges-300x101.png\" alt=\"\" width=\"300\" height=\"101\" srcset=\"https:\/\/ccoo.app\/diputacio-de-barcelona\/wp-content\/blogs.dir\/6\/files\/sites\/186\/2020\/11\/mgnmc-imatges-300x101.png 300w, https:\/\/ccoo.app\/diputacio-de-barcelona\/wp-content\/blogs.dir\/6\/files\/sites\/186\/2020\/11\/mgnmc-imatges.png 324w\" sizes=\"auto, (max-width: 300px) 100vw, 300px\" \/><\/a><a href=\"https:\/\/www.ccoo.cat\/aspnet\/motius_afiliarte.aspx\"><img loading=\"lazy\" decoding=\"async\" class=\"size-medium wp-image-6841 aligncenter\" src=\"http:\/\/ccoo.app\/diputacio-de-barcelona\/wp-content\/blogs.dir\/6\/files\/sites\/186\/2020\/10\/afiliat-ccoo-300x199.png\" alt=\"\" width=\"300\" height=\"199\" srcset=\"https:\/\/ccoo.app\/diputacio-de-barcelona\/wp-content\/blogs.dir\/6\/files\/sites\/186\/2020\/10\/afiliat-ccoo-300x199.png 300w, https:\/\/ccoo.app\/diputacio-de-barcelona\/wp-content\/blogs.dir\/6\/files\/sites\/186\/2020\/10\/afiliat-ccoo.png 573w\" sizes=\"auto, (max-width: 300px) 100vw, 300px\" \/><\/a><\/p>\n<p><a href=\"https:\/\/www.ccoo.cat\/aspnet\/qui_som.aspx\"><img loading=\"lazy\" decoding=\"async\" class=\" wp-image-7174 aligncenter\" src=\"http:\/\/ccoo.app\/diputacio-de-barcelona\/wp-content\/blogs.dir\/6\/files\/sites\/186\/2020\/11\/ccoo-diversa-300x77.png\" alt=\"\" width=\"327\" height=\"84\" srcset=\"https:\/\/ccoo.app\/diputacio-de-barcelona\/wp-content\/blogs.dir\/6\/files\/sites\/186\/2020\/11\/ccoo-diversa-300x77.png 300w, https:\/\/ccoo.app\/diputacio-de-barcelona\/wp-content\/blogs.dir\/6\/files\/sites\/186\/2020\/11\/ccoo-diversa.png 422w\" sizes=\"auto, (max-width: 327px) 100vw, 327px\" \/><\/a><\/p>\n\n\n<p><\/p>\n    \t","protected":false},"excerpt":{"rendered":"<p>LA DIPUTACI\u00d3 DIU NO A LA CARRERA. NO ENS QUEDAREM DE BRA\u00c7OS CREUATS!<\/p>\n","protected":false},"author":4519,"featured_media":7277,"comment_status":"open","ping_status":"open","sticky":false,"template":"","format":"standard","meta":{"footnotes":""},"categories":[38,40,16,18,19,20],"tags":[75,155],"class_list":["post-7268","post","type-post","status-publish","format-standard","has-post-thumbnail","hentry","category-a-tot-el-personal","category-carrera-horitzontal","category-carrera-professional","category-ccoo-info","category-comunicats","category-cursos","tag-carrera","tag-mobilitzacio","generate-columns","tablet-grid-50","mobile-grid-100","grid-parent","grid-50"],"_links":{"self":[{"href":"https:\/\/ccoo.app\/diputacio-de-barcelona\/wp-json\/wp\/v2\/posts\/7268","targetHints":{"allow":["GET"]}}],"collection":[{"href":"https:\/\/ccoo.app\/diputacio-de-barcelona\/wp-json\/wp\/v2\/posts"}],"about":[{"href":"https:\/\/ccoo.app\/diputacio-de-barcelona\/wp-json\/wp\/v2\/types\/post"}],"author":[{"embeddable":true,"href":"https:\/\/ccoo.app\/diputacio-de-barcelona\/wp-json\/wp\/v2\/users\/4519"}],"replies":[{"embeddable":true,"href":"https:\/\/ccoo.app\/diputacio-de-barcelona\/wp-json\/wp\/v2\/comments?post=7268"}],"version-history":[{"count":1,"href":"https:\/\/ccoo.app\/diputacio-de-barcelona\/wp-json\/wp\/v2\/posts\/7268\/revisions"}],"predecessor-version":[{"id":50830,"href":"https:\/\/ccoo.app\/diputacio-de-barcelona\/wp-json\/wp\/v2\/posts\/7268\/revisions\/50830"}],"wp:featuredmedia":[{"embeddable":true,"href":"https:\/\/ccoo.app\/diputacio-de-barcelona\/wp-json\/wp\/v2\/media\/7277"}],"wp:attachment":[{"href":"https:\/\/ccoo.app\/diputacio-de-barcelona\/wp-json\/wp\/v2\/media?parent=7268"}],"wp:term":[{"taxonomy":"category","embeddable":true,"href":"https:\/\/ccoo.app\/diputacio-de-barcelona\/wp-json\/wp\/v2\/categories?post=7268"},{"taxonomy":"post_tag","embeddable":true,"href":"https:\/\/ccoo.app\/diputacio-de-barcelona\/wp-json\/wp\/v2\/tags?post=7268"}],"curies":[{"name":"wp","href":"https:\/\/api.w.org\/{rel}","templated":true}]}}