{"id":722,"date":"2015-09-22T14:25:25","date_gmt":"2015-09-22T13:25:25","guid":{"rendered":"https:\/\/diba.ccoo.cat\/plantilla_post-copy-copy-2-copy\/"},"modified":"2015-09-22T14:25:25","modified_gmt":"2015-09-22T13:25:25","slug":"obres-a-respir-dispacitats-edifici-serradell","status":"publish","type":"post","link":"https:\/\/ccoo.app\/diputacio-de-barcelona\/obres-a-respir-dispacitats-edifici-serradell\/","title":{"rendered":"Obres a RESPIR -dispacitats- (Edifici Serradell)"},"content":{"rendered":"<p>&nbsp;<\/p>\n<p><img loading=\"lazy\" decoding=\"async\" class=\"wp-image-189\" title=\"Secci\u00f3 Sindical de la Diutaci\u00f3 de Barcelona de la Federaci\u00f3 Sindical de Catalunya\" src=\"http:\/\/ccoo.app\/diputacio-de-barcelona\/wp-content\/blogs.dir\/6\/files\/sites\/186\/2015\/12\/ccoo-fsc-cat.png\" alt=\"Secci\u00f3 Sindical de la Diputaci\u00f3 de Barcelona de la Federaci\u00f3 Sindical de Catalunya\" width=\"469\" height=\"90\" \/><\/p>\n<p class=\"wp-caption-text\">Secci\u00f3 Sindical de la Diputaci\u00f3 de Barcelona<\/p>\n<h3 style=\"text-align: center\"><\/h3>\n<h3 class=\"widget-title\">Obres a RESPIR -dispacitats- (Edifici Serradell)<\/h3>\n<h3 style=\"text-align: center\"><\/h3>\n<p style=\"text-align: justify\">Ja fa temps que vam saber (de manera extra oficial) de les intencions de la corporaci\u00f3 de realitzar obres de millores a les unitats de RESPIR-discapacitats- del edifici Serradell. Darrerament no obstant, al personal se\u2019ls est\u00e0 donant tot tipus de detalls, els quals, per a algunes treballadores, s\u00f3n preocupants respecte al seu futur m\u00e9s immediat.<\/p>\n<p style=\"text-align: justify\">Com que CCOO, en tan que sindicat i representant dels i de les treballadores, no haviem rebut cap comunicaci\u00f3 oficial al respecte, ja fa setmanes que ens vam dirigir als representants de la corporaci\u00f3 perqu\u00e8 ens donessin informaci\u00f3. La informaci\u00f3 que ens van donar, des del nostre punt de vista no va ser suficient i va descartar qualsevol inger\u00e8ncia de la part sindical.<\/p>\n<p style=\"text-align: justify\">L\u2019EBEP marca clarament que els representants del personal tenim dret a ser informats i a la negociaci\u00f3, especialment quan \u00e9s puguin veure afectats les condicions de treball dels i de les treballadores. Sembla evident que aix\u00ed ser\u00e0 perqu\u00e8 les obres suposaran:<\/p>\n<ul style=\"text-align: justify\">\n<li>Un canvi d\u2019ubicaci\u00f3 d\u2019una part del personal.<\/li>\n<li>Suposaran mol\u00e8sties i incomoditats pel personal que hi treballi i pels residents.<\/li>\n<li>Suposar\u00e0 prescindir d\u2019una part del personal durant, com reconeix la gerent de RESPIR la Sra. Nav\u00e9s, al menys sis mesos.<\/li>\n<\/ul>\n<p style=\"text-align: justify\">Obrir un espai de di\u00e0leg \u00e9s fonamental per a aclarir les coses (transpar\u00e8ncia) i trobar espais d\u2019entesa. No nom\u00e9s hem de saber qu\u00e8 vol fer la corporaci\u00f3, sin\u00f3 tamb\u00e9 s\u2019ha de poder escoltar la veu del personal.<\/p>\n<p style=\"text-align: justify\"><b>En aquest sentit<\/b><b>, CCOO hem enviat<\/b><b> per escrit <\/b>i pel registre a la corporaci\u00f3,<b> propostes concretes<\/b> amb l\u2019objectiu de minimitzar i fins i tot eliminar l\u2019afectaci\u00f3 de les obres sobre el personal i els residents. <b>Hem demanat<\/b><b> una reuni\u00f3<\/b> on es pugui valorar i discutir\u00a0 les nostres propostes i ens puguin donar les explicacions i aclariments oportuns.<\/p>\n<p style=\"text-align: justify\">Us mantindrem informats i informades.<\/p>\n<p style=\"text-align: center\">* \u00a0* \u00a0* \u00a0* \u00a0*<\/p>\n<p><img loading=\"lazy\" decoding=\"async\" class=\"alignleft wp-image-226\" src=\"http:\/\/ccoo.app\/diputacio-de-barcelona\/wp-content\/blogs.dir\/6\/files\/sites\/186\/2016\/04\/estem-decidits-acontinuar-lluitant.png\" alt=\"Estem decidits a continuar lluitant !\" width=\"213\" height=\"89\" \/><\/p>\n<p><img loading=\"lazy\" decoding=\"async\" class=\"wp-image-262 alignright\" src=\"http:\/\/ccoo.app\/diputacio-de-barcelona\/wp-content\/blogs.dir\/6\/files\/sites\/186\/2016\/04\/afiliat_ccoo_cat.gif\" alt=\"Tota la informaci\u00f3 de com afiliar-se a CCOO Catalunya i forlmulari d'alta o baxia.\" width=\"90\" height=\"80\" \/><\/p>\n<p><img loading=\"lazy\" decoding=\"async\" class=\"wp-image-227 aligncenter\" src=\"http:\/\/ccoo.app\/diputacio-de-barcelona\/wp-content\/blogs.dir\/6\/files\/sites\/186\/2016\/04\/logo-peu-300x69.png\" alt=\"logo-peu\" width=\"952\" height=\"219\" srcset=\"https:\/\/ccoo.app\/diputacio-de-barcelona\/wp-content\/blogs.dir\/6\/files\/sites\/186\/2016\/04\/logo-peu-300x69.png 300w, https:\/\/ccoo.app\/diputacio-de-barcelona\/wp-content\/blogs.dir\/6\/files\/sites\/186\/2016\/04\/logo-peu.png 557w\" sizes=\"auto, (max-width: 952px) 100vw, 952px\" \/><\/p>\n<p style=\"text-align: center\"><small><\/small><small>Formulari d&#8217;<a href=\"\/afiliat\/\">alta<\/a>, <a href=\"\/afiliat\/\">baixa <\/a>o <a href=\"\/afiliat\/\">modificaci\u00f3 <\/a>de les dades personals o<br \/>\ncontacta&#8217;ns a trav\u00e9s del tel\u00e8fon<strong> 934 022 985<\/strong> o correu: <a href=\"mailto:ccoo@diba.cat\"><strong>ccoo@diba.cat<\/strong><\/a><\/small><\/p>\n","protected":false},"excerpt":{"rendered":"<p>&nbsp; Secci\u00f3 Sindical de la Diputaci\u00f3 de Barcelona Obres a RESPIR -dispacitats- (Edifici Serradell) Ja fa temps que vam saber (de manera extra oficial) de les intencions de la corporaci\u00f3 &#8230; <\/p>\n<p class=\"read-more-container\"><a title=\"Obres a RESPIR -dispacitats- (Edifici Serradell)\" class=\"read-more button\" href=\"https:\/\/ccoo.app\/diputacio-de-barcelona\/obres-a-respir-dispacitats-edifici-serradell\/#more-722\" aria-label=\"Leer m\u00e1s sobre Obres a RESPIR -dispacitats- (Edifici Serradell)\">Continuar llegint<\/a><\/p>\n","protected":false},"author":4519,"featured_media":255,"comment_status":"open","ping_status":"open","sticky":false,"template":"","format":"standard","meta":{"footnotes":""},"categories":[38,19,34],"tags":[86],"class_list":["post-722","post","type-post","status-publish","format-standard","has-post-thumbnail","hentry","category-a-tot-el-personal","category-comunicats","category-respir","tag-baixes-altes-mediques-embaras-maternitat-flexibilitat-fills-ebep-eleccions-jornada-horari-horaris-laboral-jornada-jornades-laborals-its-incapacitat-temporal-salut-inspeccio-treball","generate-columns","tablet-grid-50","mobile-grid-100","grid-parent","grid-50"],"_links":{"self":[{"href":"https:\/\/ccoo.app\/diputacio-de-barcelona\/wp-json\/wp\/v2\/posts\/722","targetHints":{"allow":["GET"]}}],"collection":[{"href":"https:\/\/ccoo.app\/diputacio-de-barcelona\/wp-json\/wp\/v2\/posts"}],"about":[{"href":"https:\/\/ccoo.app\/diputacio-de-barcelona\/wp-json\/wp\/v2\/types\/post"}],"author":[{"embeddable":true,"href":"https:\/\/ccoo.app\/diputacio-de-barcelona\/wp-json\/wp\/v2\/users\/4519"}],"replies":[{"embeddable":true,"href":"https:\/\/ccoo.app\/diputacio-de-barcelona\/wp-json\/wp\/v2\/comments?post=722"}],"version-history":[{"count":0,"href":"https:\/\/ccoo.app\/diputacio-de-barcelona\/wp-json\/wp\/v2\/posts\/722\/revisions"}],"wp:featuredmedia":[{"embeddable":true,"href":"https:\/\/ccoo.app\/diputacio-de-barcelona\/wp-json\/wp\/v2\/media\/255"}],"wp:attachment":[{"href":"https:\/\/ccoo.app\/diputacio-de-barcelona\/wp-json\/wp\/v2\/media?parent=722"}],"wp:term":[{"taxonomy":"category","embeddable":true,"href":"https:\/\/ccoo.app\/diputacio-de-barcelona\/wp-json\/wp\/v2\/categories?post=722"},{"taxonomy":"post_tag","embeddable":true,"href":"https:\/\/ccoo.app\/diputacio-de-barcelona\/wp-json\/wp\/v2\/tags?post=722"}],"curies":[{"name":"wp","href":"https:\/\/api.w.org\/{rel}","templated":true}]}}