{"id":7186,"date":"2020-11-17T20:05:19","date_gmt":"2020-11-17T19:05:19","guid":{"rendered":"https:\/\/diba.ccoo.cat\/?p=7186"},"modified":"2023-10-17T14:03:00","modified_gmt":"2023-10-17T12:03:00","slug":"aixinocomissionsdeserveidiba","status":"publish","type":"post","link":"https:\/\/ccoo.app\/diputacio-de-barcelona\/aixinocomissionsdeserveidiba\/","title":{"rendered":"AIX\u00cc NO! \u00daS INJUSTIFICAT DE LES COMISSIONS DE SERVEI A LA DIPUTACI\u00d3 DE BARCELONA"},"content":{"rendered":"<p><a href=\"https:\/\/diba.ccoo.cat\/\"><img loading=\"lazy\" decoding=\"async\" class=\"wp-image-5909 aligncenter\" src=\"http:\/\/ccoo.app\/diputacio-de-barcelona\/wp-content\/blogs.dir\/6\/files\/sites\/186\/2020\/05\/nota-1-300x86.png\" alt=\"\" width=\"92\" height=\"27\" srcset=\"https:\/\/ccoo.app\/diputacio-de-barcelona\/wp-content\/blogs.dir\/6\/files\/sites\/186\/2020\/05\/nota-1-300x86.png 300w, https:\/\/ccoo.app\/diputacio-de-barcelona\/wp-content\/blogs.dir\/6\/files\/sites\/186\/2020\/05\/nota-1.png 339w\" sizes=\"auto, (max-width: 92px) 100vw, 92px\" \/><\/a><\/p>\n<p class=\"wp-caption-text\"><a href=\"https:\/\/diba.ccoo.cat\/\"><img loading=\"lazy\" decoding=\"async\" class=\"wp-image-1853 aligncenter\" src=\"http:\/\/ccoo.app\/diputacio-de-barcelona\/wp-content\/blogs.dir\/6\/files\/sites\/186\/2018\/01\/logoccoov18.jpg\" alt=\"\" width=\"240\" height=\"110\"><\/a><\/p>\n<p><img loading=\"lazy\" decoding=\"async\" class=\"wp-image-5910 aligncenter\" src=\"http:\/\/ccoo.app\/diputacio-de-barcelona\/wp-content\/blogs.dir\/6\/files\/sites\/186\/2020\/05\/nota-3-300x83.png\" alt=\"\" width=\"90\" height=\"25\" srcset=\"https:\/\/ccoo.app\/diputacio-de-barcelona\/wp-content\/blogs.dir\/6\/files\/sites\/186\/2020\/05\/nota-3-300x83.png 300w, https:\/\/ccoo.app\/diputacio-de-barcelona\/wp-content\/blogs.dir\/6\/files\/sites\/186\/2020\/05\/nota-3.png 337w\" sizes=\"auto, (max-width: 90px) 100vw, 90px\" \/><\/p>\n<p style=\"text-align: center\"><span style=\"font-family: 'arial black', sans-serif;color: #0000ff;font-size: 24px\">\u00daS INJUSTIFICAT DE LES COMISSIONS DE SERVEI A LA DIPUTACI\u00d3 DE BARCELONA<\/span><\/p>\n<p style=\"text-align: center\"><span style=\"color: #000000\"><span style=\"color: #000000;font-family: arial black, sans-serif\"><span style=\"font-size: 20px\">\u00daS ABUSIU QUE NO PERMET LA NORMA<\/span><\/span><\/span><\/p>\n<p style=\"text-align: center\"><span style=\"color: #000000;font-family: arial black, sans-serif\"><span style=\"font-size: 20px\"> GENERA FRUSTRACI\u00d3 EN LES PERSONES DINS L&#8217;ORGANITZACI\u00d3 QUE LEGITIMAMENT ASPIREN CONCURSAR EN BASE ALS PRINCIPIS DE M\u00c8RIT, CAPACITAT I LLIURE CONCURR\u00c8NCIA<\/span><\/span><\/p>\n<p style=\"text-align: center\"><span style=\"font-family: arial, helvetica, sans-serif;font-size: 14px;color: #000000\">-17 novembre de 2020-<\/span><\/p>\n<p><span style=\"color: #000000\">La Comissi\u00f3 de Servei constitueix una de les&nbsp;<b>modalitats excepcionals<\/b> de provisi\u00f3 de llocs de treball. Portem anys denunciant que la Diputaci\u00f3 de Barcelona fa un \u00fas innecessari o injustificat d\u2019aquesta modalitat, especialment quan s\u2019utilitza en sup\u00f2sits totalment previsibles.<\/span><\/p>\n<p><span style=\"color: #000000\">Cliqueu<\/span> <a href=\"https:\/\/formaciooberta.eapc.gencat.cat\/contingutsdelscursos\/grh\/040_provisio\/media\/o0uq_new-sheet.jpg\"><strong><span style=\"color: #0000ff\">aqu\u00ed<\/span> <\/strong><\/a><span style=\"color: #000000\">per a veure un esquema dels sistemes ordinaris i extraordinaris de provisi\u00f3.<\/span><\/p>\n<p><span style=\"color: #000000\">Lamentablement, amb el nou mandat la situaci\u00f3 a la Diputaci\u00f3 no ha millorat, ans al contrari!<\/span><\/p>\n<p><span style=\"color: #000000\">Recentment hem tingut coneixement de nomenaments per Comissi\u00f3 de Servei a la <strong>direcci\u00f3 de Serveis de Tecnologies i Sistemes Corporatius<\/strong>:<\/span><\/p>\n<ul>\n<li><span style=\"color: #000000\">Sotsdirector&nbsp;&nbsp;<\/span><\/li>\n<li><span style=\"color: #000000\">Cap de servei<\/span><\/li>\n<li><span style=\"color: #000000\">Cap d\u2019oficina<\/span><\/li>\n<\/ul>\n<p><span style=\"color: #000000\">Responen aquests nomenaments a casos urgents, d\u2019inajornable necessitat?Fixeu-vos que, per exemple, un dels llocs de treball abans esmentats era una vacant per jubilaci\u00f3. Alg\u00fa pot argumentar que aquesta circumst\u00e0ncia no \u00e9s previsible?&nbsp;<\/span><\/p>\n<p><span style=\"color: #000000\">Tenim m\u00e9s exemples de com s&#8217;utilitza de manera injustificat els sistemes de provisi\u00f3 extraordinaris. Recentment, per potestat discrecional organitzativa, s&#8217;han aprovat canvis org\u00e0nics a la <strong>Ger\u00e8ncia de Comer\u00e7<\/strong>.&nbsp; Com han ocupat les noves vacants? De nou, en lloc de posar en marxa el sistema de provisi\u00f3 ordinari intern, han ocupat els llocs fent \u00fas de la Comissi\u00f3 de servei, entre altres sistemes extraordinaris.<\/span><\/p>\n<p><span style=\"color: #000000\">Qu\u00e8 diu la norma?<\/span><\/p>\n<ul>\n<li><span style=\"color: #000000\">Per cobrir llocs de treball vacants o que estan reservats a altres funcionaris es pot utilitzar la provisi\u00f3 extraordin\u00e0ria NOM\u00c9S per <strong>raons d\u2019urg\u00e8ncia<\/strong>&nbsp;<strong>i motivades per necessitats dels serveis<\/strong><\/span><\/li>\n<li>A m\u00e9s, tenint en compte el seg\u00fcent:\n<ul>\n<li>La <a href=\"https:\/\/delajusticia.com\/wp-content\/uploads\/2019\/07\/STS-24-de-junio.pdf\"><span style=\"color: #0000ff\"><strong>STS de 24 de juny de 2019, rec. 1594\/2017<\/strong><\/span><\/a>, <span style=\"color: #000000\">ha establert que quan la causa que justifiqui la comissi\u00f3 de serveis sigui l&#8217;exist\u00e8ncia d&#8217;una pla\u00e7a vacant que sigui necessari cobrir de manera urgent i inajornable, aquesta comissi\u00f3 de serveis ha d&#8217;ofertar-se <strong>mitjan\u00e7ant<\/strong>&nbsp;<strong>convocat\u00f2ria p\u00fablica<\/strong>.<\/span><\/li>\n<\/ul>\n<\/li>\n<li><span style=\"color: #000000\">Les comissions de serveis han de tenir sempre car\u00e0cter temporal <\/span><\/li>\n<li><span style=\"color: #000000\">No substitueix l&#8217;obligaci\u00f3 de proveir el lloc pel procediment ordinari.<\/span><\/li>\n<\/ul>\n<p><span style=\"color: #000000\">Cliqueu<\/span> <a href=\"https:\/\/formaciooberta.eapc.gencat.cat\/contingutsdelscursos\/grh\/040_provisio\/inici.html#la_comissio_de_serveis\"><strong><span style=\"color: #0000ff\">aqu\u00ed<\/span><\/strong><\/a> <span style=\"color: #000000\">i veieu qu\u00e8 diu.<\/span><\/p>\n<h3><img loading=\"lazy\" decoding=\"async\" class=\"wp-image-7178 aligncenter\" src=\"http:\/\/ccoo.app\/diputacio-de-barcelona\/wp-content\/blogs.dir\/6\/files\/sites\/186\/2020\/11\/aixi-no-300x286.png\" alt=\"\" width=\"147\" height=\"140\" srcset=\"https:\/\/ccoo.app\/diputacio-de-barcelona\/wp-content\/blogs.dir\/6\/files\/sites\/186\/2020\/11\/aixi-no-300x286.png 300w, https:\/\/ccoo.app\/diputacio-de-barcelona\/wp-content\/blogs.dir\/6\/files\/sites\/186\/2020\/11\/aixi-no-1024x975.png 1024w, https:\/\/ccoo.app\/diputacio-de-barcelona\/wp-content\/blogs.dir\/6\/files\/sites\/186\/2020\/11\/aixi-no-768x731.png 768w, https:\/\/ccoo.app\/diputacio-de-barcelona\/wp-content\/blogs.dir\/6\/files\/sites\/186\/2020\/11\/aixi-no.png 1108w\" sizes=\"auto, (max-width: 147px) 100vw, 147px\" \/><\/h3>\n<h3><span style=\"color: #000000\"><b>COMISSI\u00d3 DE SERVEIS<\/b>&nbsp;<b>CCOO EXIGIM:<\/b><b>&nbsp;<\/b>&nbsp;<\/span><\/h3>\n<ul>\n<li><span style=\"color: #000000\">Que l\u2019\u00fas de la comissi\u00f3 de serveis es faci nom\u00e9s per a casos urgents, d\u2019inajornable necessitat i veritablement justificats.<\/span><\/li>\n<li><span style=\"color: #000000\">&nbsp;Que no se\u2019n faci \u00fas (d\u2019acord amb el punt anterior) tant de la comissi\u00f3 de serveis a nivell intern, com de les que impliquin portar personal d\u2019altres administracions a la Diba o viceversa.&nbsp;<\/span><\/li>\n<li><span style=\"color: #000000\">S\u2019ha d\u2019<b>apostar en primer lloc pel personal intern<\/b>&nbsp;(a cada administraci\u00f3) enlloc de portar personal d\u2019altres administracions.&nbsp;<\/span><\/li>\n<li><span style=\"color: #000000\">S\u2019ha d\u2019apostar&nbsp;<b>en primer lloc pels procediments ordinaris<\/b> abans dels excepcionals.<\/span>\n<ul>\n<li><span style=\"color: #000000\">Creiem que no complir amb aix\u00f2 <strong>genera frustraci\u00f3<\/strong> en les persones dins de l&#8217;organitzaci\u00f3 que leg\u00edtimament podrien aspirar a concursar per aquestes places en base als principis de m\u00e8rit i capacitat i lliure concurr\u00e8ncia.<\/span><\/li>\n<\/ul>\n<\/li>\n<li><span style=\"color: #000000\">Quan sigui objectivament necessari fer una comissi\u00f3 de serveis, s\u2019ha de realitzar la convocat\u00f2ria de provisi\u00f3 oberta a tot el personal el m\u00e9s aviat possible.<\/span><\/li>\n<\/ul>\n<h3>&nbsp;<\/h3>\n<h3><span style=\"color: #000000\"><b>UNA SENT\u00c8NCIA DECLARA NUL\u00b7LA UNA COMISSI\u00d3<\/b><b>&nbsp;<\/b>&nbsp;<\/span><\/h3>\n<p><span style=\"color: #000000\">Per posar algun exemple, fixeu-vos en la sent\u00e8ncia del jutjat n\u00fam. 4 de Barcelona declarant la nul\u00b7litat de la comissi\u00f3 de serveis de la Cap de Recursos Humans de l\u2019ajuntament de l\u2019Hospitalet.&nbsp;<\/span><\/p>\n<p><span style=\"color: #000000\">Al seg\u00fcent enlla\u00e7 trobareu la sent\u00e8ncia:&nbsp;<\/span><\/p>\n<p style=\"text-align: center\"><a href=\"https:\/\/drive.google.com\/file\/d\/0B5k5E-cLB7xuRDhGVGp4TFVDTFk\/view\"><strong><span style=\"color: #0000ff\">https:\/\/drive.google.com\/file\/d\/0B5k5E-cLB7xuRDhGVGp4TFVDTFk\/view<\/span><\/strong><\/a><\/p>\n<p><span style=\"color: #000000\">En el punt&nbsp;<i>CUARTO<\/i>&nbsp;de la sent\u00e8ncia es diu:&nbsp;<\/span><\/p>\n<p><span style=\"color: #000000\"><em>\u201cal no llevar a cabo la correspondiente&nbsp;convocatoria &nbsp;para&nbsp;<strong>cubrir&nbsp;el&nbsp;puesto<\/strong>&nbsp;<strong>vacante&nbsp;a trav\u00e9s del sistema&nbsp;establecido&nbsp;en la&nbsp;relaci\u00f3n&nbsp;de&nbsp;puestos&nbsp;de&nbsp;trabajo,<\/strong>&nbsp;y ha&nbsp;utilizado&nbsp;por contra la f\u00f3rmula de la&nbsp;comisi\u00f3n&nbsp;de&nbsp;servicios&nbsp;para&nbsp;cubrirlo&nbsp;de forma&nbsp;an\u00f3mala, pues la&nbsp;finalidad&nbsp;de&nbsp;dicha&nbsp;figura (comisi\u00f3n&nbsp;de Servicios)&nbsp;<strong>no<\/strong>&nbsp;est\u00e1&nbsp;en&nbsp;permitir&nbsp;a la&nbsp;Administraci\u00f3n Cobrir un&nbsp;puesto de Trabajo Mediante&nbsp;<strong>Personal<\/strong> <strong>Ajeno<\/strong> <strong>a&nbsp;esa<\/strong>&nbsp;<strong>Administaci\u00f3n<\/strong>\u201d.&nbsp;<\/em><\/span><\/p>\n<p style=\"text-align: left\"><span style=\"color: #000000\"><strong>CCOO ENS OPOSEM<\/strong> a que s\u2019utilitzi de manera no degudament justificada <b>ni la comissi\u00f3 de servei ni cap altra figura temporal i excepcional<\/b> enlloc de fer \u00fas de la regla general de provisi\u00f3 definitiva.&nbsp;<\/span><\/p>\n<p style=\"text-align: left\"><span style=\"color: #000000\">S\u2019han de cobrir les vacants d\u2019acord amb el sistema que marca la Relaci\u00f3 de Llocs de treball, \u00e9s a dir, per concurs de m\u00e8rits, concurs espec\u00edfic o de lliure designaci\u00f3.&nbsp;&nbsp;<\/span><\/p>\n<p><a href=\"https:\/\/formaciooberta.eapc.gencat.cat\/contingutsdelscursos\/grh\/040_provisio\/inici.html#la_comissio_de_serveis\"><img loading=\"lazy\" decoding=\"async\" class=\"wp-image-5912 aligncenter\" src=\"http:\/\/ccoo.app\/diputacio-de-barcelona\/wp-content\/blogs.dir\/6\/files\/sites\/186\/2020\/05\/nota-2-300x86.png\" alt=\"\" width=\"98\" height=\"28\" srcset=\"https:\/\/ccoo.app\/diputacio-de-barcelona\/wp-content\/blogs.dir\/6\/files\/sites\/186\/2020\/05\/nota-2-300x86.png 300w, https:\/\/ccoo.app\/diputacio-de-barcelona\/wp-content\/blogs.dir\/6\/files\/sites\/186\/2020\/05\/nota-2.png 337w\" sizes=\"auto, (max-width: 98px) 100vw, 98px\" \/><\/a><\/p>\n<p style=\"text-align: center\"><img loading=\"lazy\" decoding=\"async\" class=\"wp-image-5184 aligncenter\" src=\"http:\/\/ccoo.app\/diputacio-de-barcelona\/wp-content\/blogs.dir\/6\/files\/sites\/186\/2020\/03\/i-de-info-300x300.jpg\" alt=\"\" width=\"72\" height=\"72\" srcset=\"https:\/\/ccoo.app\/diputacio-de-barcelona\/wp-content\/blogs.dir\/6\/files\/sites\/186\/2020\/03\/i-de-info-300x300.jpg 300w, https:\/\/ccoo.app\/diputacio-de-barcelona\/wp-content\/blogs.dir\/6\/files\/sites\/186\/2020\/03\/i-de-info-150x150.jpg 150w, https:\/\/ccoo.app\/diputacio-de-barcelona\/wp-content\/blogs.dir\/6\/files\/sites\/186\/2020\/03\/i-de-info.jpg 626w\" sizes=\"auto, (max-width: 72px) 100vw, 72px\" \/><span style=\"font-family: 'arial black', sans-serif;font-size: 20px;color: #ffff00;background-color: #ff0000\">TOTA LA INFORMACI\u00d3 SINDICAL QUE NECESSITES<\/span><\/p>\n<p><img loading=\"lazy\" decoding=\"async\" class=\"wp-image-5913 aligncenter\" src=\"http:\/\/ccoo.app\/diputacio-de-barcelona\/wp-content\/blogs.dir\/6\/files\/sites\/186\/2020\/05\/telefono-300x300.jpg\" alt=\"\" width=\"59\" height=\"59\" srcset=\"https:\/\/ccoo.app\/diputacio-de-barcelona\/wp-content\/blogs.dir\/6\/files\/sites\/186\/2020\/05\/telefono-300x300.jpg 300w, https:\/\/ccoo.app\/diputacio-de-barcelona\/wp-content\/blogs.dir\/6\/files\/sites\/186\/2020\/05\/telefono-150x150.jpg 150w, https:\/\/ccoo.app\/diputacio-de-barcelona\/wp-content\/blogs.dir\/6\/files\/sites\/186\/2020\/05\/telefono.jpg 600w\" sizes=\"auto, (max-width: 59px) 100vw, 59px\" \/><\/p>\n<p style=\"text-align: center\"><span style=\"font-family: 'arial black', sans-serif;color: #000000\">DE DILLUNS A DIVENDRES<\/span><\/p>\n<p style=\"text-align: center\"><span style=\"font-family: 'arial black', sans-serif;color: #000000;background-color: #ffff00\">DE 10:00 A 14:30 i DE 17:00 A 19:00&nbsp;<\/span><\/p>\n<p style=\"text-align: center\"><span style=\"font-family: 'arial black', sans-serif;color: #ff0000\">93.402.29.85 \u2013 22985 \u2013 667 90 69 64<\/span><\/p>\n<p><img loading=\"lazy\" decoding=\"async\" class=\"wp-image-5553 aligncenter\" src=\"http:\/\/ccoo.app\/diputacio-de-barcelona\/wp-content\/blogs.dir\/6\/files\/sites\/186\/2020\/04\/mail-foto-300x200.jpg\" alt=\"\" width=\"59\" height=\"39\" srcset=\"https:\/\/ccoo.app\/diputacio-de-barcelona\/wp-content\/blogs.dir\/6\/files\/sites\/186\/2020\/04\/mail-foto-300x200.jpg 300w, https:\/\/ccoo.app\/diputacio-de-barcelona\/wp-content\/blogs.dir\/6\/files\/sites\/186\/2020\/04\/mail-foto-1024x683.jpg 1024w, https:\/\/ccoo.app\/diputacio-de-barcelona\/wp-content\/blogs.dir\/6\/files\/sites\/186\/2020\/04\/mail-foto-768x512.jpg 768w, https:\/\/ccoo.app\/diputacio-de-barcelona\/wp-content\/blogs.dir\/6\/files\/sites\/186\/2020\/04\/mail-foto.jpg 1200w\" sizes=\"auto, (max-width: 59px) 100vw, 59px\" \/><\/p>\n<p style=\"text-align: center\"><span style=\"font-family: arial, helvetica, sans-serif;color: #000000\">La&nbsp;SECCI\u00d3 SINDICAL DE CCOO donem resposta a tots els teus dubtes o t&#8217;ajudem solucionar els problemes que puguis tenir.<strong> T&#8217;ajudem a defensar els teus drets!<\/strong><\/span><\/p>\n<p style=\"text-align: center\"><span style=\"font-family: 'arial black', sans-serif;color: #0000ff\"><a style=\"color: #0000ff\" href=\"mailto:ccoo@diba.cat\"><strong>ccoo@diba.cat<\/strong><\/a><\/span><\/p>\n<p style=\"text-align: center\"><span style=\"font-family: 'arial black', sans-serif;color: #0000ff\"><a style=\"color: #0000ff\" href=\"mailto:orgt.ssccoo@diba.cat\">orgt.ssccoo@diba.cat<\/a><\/span><\/p>\n<p><img loading=\"lazy\" decoding=\"async\" class=\"wp-image-5554 aligncenter\" src=\"http:\/\/ccoo.app\/diputacio-de-barcelona\/wp-content\/blogs.dir\/6\/files\/sites\/186\/2020\/04\/mail-foto-enviar-300x212.jpg\" alt=\"\" width=\"67\" height=\"47\" srcset=\"https:\/\/ccoo.app\/diputacio-de-barcelona\/wp-content\/blogs.dir\/6\/files\/sites\/186\/2020\/04\/mail-foto-enviar-300x212.jpg 300w, https:\/\/ccoo.app\/diputacio-de-barcelona\/wp-content\/blogs.dir\/6\/files\/sites\/186\/2020\/04\/mail-foto-enviar-1024x724.jpg 1024w, https:\/\/ccoo.app\/diputacio-de-barcelona\/wp-content\/blogs.dir\/6\/files\/sites\/186\/2020\/04\/mail-foto-enviar-768x543.jpg 768w, https:\/\/ccoo.app\/diputacio-de-barcelona\/wp-content\/blogs.dir\/6\/files\/sites\/186\/2020\/04\/mail-foto-enviar.jpg 1200w\" sizes=\"auto, (max-width: 67px) 100vw, 67px\" \/><\/p>\n<p style=\"text-align: center\"><span style=\"font-family: arial, helvetica, sans-serif;color: #000000\">Encara no t&#8217;has descarregat la nostra <a href=\"http:\/\/www.ccoo.cat\/carnet\/index.aspx?qr=1#descarrega\"><span style=\"font-family: 'arial black', sans-serif;color: #0000ff\">APP<\/span><\/a> CCOO-Diba d&#8217;informaci\u00f3 sindical?<\/span><\/p>\n<p style=\"text-align: center\"><span style=\"font-family: arial, helvetica, sans-serif;color: #000000\">Fes clic <a href=\"http:\/\/www.ccoo.cat\/carnet\/index.aspx?qr=1#descarrega\"><span style=\"font-family: 'arial black', sans-serif;color: #0000ff\">aqu\u00ed<\/span><\/a> per tenir la informaci\u00f3 abans que ning\u00fa!<\/span><\/p>\n<p><img loading=\"lazy\" decoding=\"async\" class=\"wp-image-5915 aligncenter\" src=\"http:\/\/ccoo.app\/diputacio-de-barcelona\/wp-content\/blogs.dir\/6\/files\/sites\/186\/2020\/05\/xarxes-socials-300x169.png\" alt=\"\" width=\"227\" height=\"128\" srcset=\"https:\/\/ccoo.app\/diputacio-de-barcelona\/wp-content\/blogs.dir\/6\/files\/sites\/186\/2020\/05\/xarxes-socials-300x169.png 300w, https:\/\/ccoo.app\/diputacio-de-barcelona\/wp-content\/blogs.dir\/6\/files\/sites\/186\/2020\/05\/xarxes-socials-1024x576.png 1024w, https:\/\/ccoo.app\/diputacio-de-barcelona\/wp-content\/blogs.dir\/6\/files\/sites\/186\/2020\/05\/xarxes-socials-768x432.png 768w, https:\/\/ccoo.app\/diputacio-de-barcelona\/wp-content\/blogs.dir\/6\/files\/sites\/186\/2020\/05\/xarxes-socials.png 1200w\" sizes=\"auto, (max-width: 227px) 100vw, 227px\" \/><\/p>\n<p style=\"text-align: center\"><span style=\"font-family: arial, helvetica, sans-serif;color: #000000\">Tamb\u00e9 trobar\u00e0s CCOO-Diba a les xarxes socials. Clica sobre la icona de la teva xarxa favorita:<\/span><\/p>\n<p><a href=\"https:\/\/twitter.com\/CCOODiba\"><img loading=\"lazy\" decoding=\"async\" class=\" wp-image-5728 aligncenter\" src=\"http:\/\/ccoo.app\/diputacio-de-barcelona\/wp-content\/blogs.dir\/6\/files\/sites\/186\/2020\/04\/twitter-300x300.png\" alt=\"\" width=\"89\" height=\"89\" srcset=\"https:\/\/ccoo.app\/diputacio-de-barcelona\/wp-content\/blogs.dir\/6\/files\/sites\/186\/2020\/04\/twitter-300x300.png 300w, https:\/\/ccoo.app\/diputacio-de-barcelona\/wp-content\/blogs.dir\/6\/files\/sites\/186\/2020\/04\/twitter-150x150.png 150w, https:\/\/ccoo.app\/diputacio-de-barcelona\/wp-content\/blogs.dir\/6\/files\/sites\/186\/2020\/04\/twitter.png 512w\" sizes=\"auto, (max-width: 89px) 100vw, 89px\" \/><\/a><\/p>\n<p><a href=\"https:\/\/www.instagram.com\/ccoo_diba\/?hl=es\"><img loading=\"lazy\" decoding=\"async\" class=\"wp-image-5730 aligncenter\" src=\"http:\/\/ccoo.app\/diputacio-de-barcelona\/wp-content\/blogs.dir\/6\/files\/sites\/186\/2020\/04\/instragram-300x300.png\" alt=\"\" width=\"91\" height=\"91\" srcset=\"https:\/\/ccoo.app\/diputacio-de-barcelona\/wp-content\/blogs.dir\/6\/files\/sites\/186\/2020\/04\/instragram-300x300.png 300w, https:\/\/ccoo.app\/diputacio-de-barcelona\/wp-content\/blogs.dir\/6\/files\/sites\/186\/2020\/04\/instragram-150x150.png 150w, https:\/\/ccoo.app\/diputacio-de-barcelona\/wp-content\/blogs.dir\/6\/files\/sites\/186\/2020\/04\/instragram.png 512w\" sizes=\"auto, (max-width: 91px) 100vw, 91px\" \/><\/a><\/p>\n<p><a href=\"https:\/\/www.facebook.com\/CcooDiputacioDeBarcelona\/\"><img loading=\"lazy\" decoding=\"async\" class=\"wp-image-5729 aligncenter\" src=\"http:\/\/ccoo.app\/diputacio-de-barcelona\/wp-content\/blogs.dir\/6\/files\/sites\/186\/2020\/04\/facebook-300x300.png\" alt=\"\" width=\"90\" height=\"90\" srcset=\"https:\/\/ccoo.app\/diputacio-de-barcelona\/wp-content\/blogs.dir\/6\/files\/sites\/186\/2020\/04\/facebook-300x300.png 300w, https:\/\/ccoo.app\/diputacio-de-barcelona\/wp-content\/blogs.dir\/6\/files\/sites\/186\/2020\/04\/facebook-150x150.png 150w, https:\/\/ccoo.app\/diputacio-de-barcelona\/wp-content\/blogs.dir\/6\/files\/sites\/186\/2020\/04\/facebook.png 325w\" sizes=\"auto, (max-width: 90px) 100vw, 90px\" \/><\/a><a href=\"https:\/\/www.youtube.com\/channel\/UCFzenkS75udEcs4pB4qoZsg\"><img loading=\"lazy\" decoding=\"async\" class=\" wp-image-5916 aligncenter\" src=\"http:\/\/ccoo.app\/diputacio-de-barcelona\/wp-content\/blogs.dir\/6\/files\/sites\/186\/2020\/05\/youtube-300x115.jpg\" alt=\"\" width=\"122\" height=\"47\" srcset=\"https:\/\/ccoo.app\/diputacio-de-barcelona\/wp-content\/blogs.dir\/6\/files\/sites\/186\/2020\/05\/youtube-300x115.jpg 300w, https:\/\/ccoo.app\/diputacio-de-barcelona\/wp-content\/blogs.dir\/6\/files\/sites\/186\/2020\/05\/youtube-1024x391.jpg 1024w, https:\/\/ccoo.app\/diputacio-de-barcelona\/wp-content\/blogs.dir\/6\/files\/sites\/186\/2020\/05\/youtube-768x293.jpg 768w, https:\/\/ccoo.app\/diputacio-de-barcelona\/wp-content\/blogs.dir\/6\/files\/sites\/186\/2020\/05\/youtube.jpg 1200w\" sizes=\"auto, (max-width: 122px) 100vw, 122px\" \/><\/a><\/p>\n<p><iframe loading=\"lazy\" title=\"Hauran de comptar amb nosaltres. Salut, treball i just\u00edcia social || 1r de maig del 2020.\" width=\"1200\" height=\"675\" src=\"https:\/\/www.youtube.com\/embed\/uS104R3aSJs?feature=oembed\" frameborder=\"0\" allow=\"accelerometer; autoplay; clipboard-write; encrypted-media; gyroscope; picture-in-picture; web-share\" allowfullscreen><\/iframe><\/p>\n<p><a href=\"https:\/\/diba.ccoo.cat\/plantilla-1-6-2\/\"><img loading=\"lazy\" decoding=\"async\" class=\"size-medium wp-image-6853 aligncenter\" src=\"http:\/\/ccoo.app\/diputacio-de-barcelona\/wp-content\/blogs.dir\/6\/files\/sites\/186\/2020\/10\/ccoo-primer-sindicat-cliqueu-300x110.png\" alt=\"\" width=\"300\" height=\"110\" srcset=\"https:\/\/ccoo.app\/diputacio-de-barcelona\/wp-content\/blogs.dir\/6\/files\/sites\/186\/2020\/10\/ccoo-primer-sindicat-cliqueu-300x110.png 300w, https:\/\/ccoo.app\/diputacio-de-barcelona\/wp-content\/blogs.dir\/6\/files\/sites\/186\/2020\/10\/ccoo-primer-sindicat-cliqueu.png 448w\" sizes=\"auto, (max-width: 300px) 100vw, 300px\" \/><\/a><\/p>\n<p><a href=\"https:\/\/diba.ccoo.cat\/mesa-general-de-negociacio-de-materies-comunes-de-la-diba\/\"><img loading=\"lazy\" decoding=\"async\" class=\"size-medium wp-image-7171 aligncenter\" src=\"http:\/\/ccoo.app\/diputacio-de-barcelona\/wp-content\/blogs.dir\/6\/files\/sites\/186\/2020\/11\/mgnmc-imatges-300x101.png\" alt=\"\" width=\"300\" height=\"101\" srcset=\"https:\/\/ccoo.app\/diputacio-de-barcelona\/wp-content\/blogs.dir\/6\/files\/sites\/186\/2020\/11\/mgnmc-imatges-300x101.png 300w, https:\/\/ccoo.app\/diputacio-de-barcelona\/wp-content\/blogs.dir\/6\/files\/sites\/186\/2020\/11\/mgnmc-imatges.png 324w\" sizes=\"auto, (max-width: 300px) 100vw, 300px\" \/><\/a><a href=\"https:\/\/www.ccoo.cat\/aspnet\/motius_afiliarte.aspx\"><img loading=\"lazy\" decoding=\"async\" class=\"size-medium wp-image-6841 aligncenter\" src=\"http:\/\/ccoo.app\/diputacio-de-barcelona\/wp-content\/blogs.dir\/6\/files\/sites\/186\/2020\/10\/afiliat-ccoo-300x199.png\" alt=\"\" width=\"300\" height=\"199\" srcset=\"https:\/\/ccoo.app\/diputacio-de-barcelona\/wp-content\/blogs.dir\/6\/files\/sites\/186\/2020\/10\/afiliat-ccoo-300x199.png 300w, https:\/\/ccoo.app\/diputacio-de-barcelona\/wp-content\/blogs.dir\/6\/files\/sites\/186\/2020\/10\/afiliat-ccoo.png 573w\" sizes=\"auto, (max-width: 300px) 100vw, 300px\" \/><\/a><\/p>\n<p><a href=\"https:\/\/www.ccoo.cat\/aspnet\/qui_som.aspx\"><img loading=\"lazy\" decoding=\"async\" class=\" wp-image-7174 aligncenter\" src=\"http:\/\/ccoo.app\/diputacio-de-barcelona\/wp-content\/blogs.dir\/6\/files\/sites\/186\/2020\/11\/ccoo-diversa-300x77.png\" alt=\"\" width=\"327\" height=\"84\" srcset=\"https:\/\/ccoo.app\/diputacio-de-barcelona\/wp-content\/blogs.dir\/6\/files\/sites\/186\/2020\/11\/ccoo-diversa-300x77.png 300w, https:\/\/ccoo.app\/diputacio-de-barcelona\/wp-content\/blogs.dir\/6\/files\/sites\/186\/2020\/11\/ccoo-diversa.png 422w\" sizes=\"auto, (max-width: 327px) 100vw, 327px\" \/><\/a><\/p>\n\n\n<p><\/p>\n    \t","protected":false},"excerpt":{"rendered":"<p>\u00daS INJUSTIFICAT DE LES COMISSIONS DE SERVEI A LA DIPUTACI\u00d3 DE BARCELONA \u00daS ABUSIU QUE NO PERMET LA NORMA GENERA FRUSTRACI\u00d3 EN LES PERSONES DINS L&#8217;ORGANITZACI\u00d3 QUE LEGITIMAMENT ASPIREN CONCURSAR &#8230; <\/p>\n<p class=\"read-more-container\"><a title=\"AIX\u00cc NO! \u00daS INJUSTIFICAT DE LES COMISSIONS DE SERVEI A LA DIPUTACI\u00d3 DE BARCELONA\" class=\"read-more button\" href=\"https:\/\/ccoo.app\/diputacio-de-barcelona\/aixinocomissionsdeserveidiba\/#more-7186\" aria-label=\"Leer m\u00e1s sobre AIX\u00cc NO! \u00daS INJUSTIFICAT DE LES COMISSIONS DE SERVEI A LA DIPUTACI\u00d3 DE BARCELONA\">Continuar llegint<\/a><\/p>\n","protected":false},"author":4519,"featured_media":7207,"comment_status":"open","ping_status":"open","sticky":false,"template":"","format":"standard","meta":{"footnotes":""},"categories":[38,19],"tags":[],"class_list":["post-7186","post","type-post","status-publish","format-standard","has-post-thumbnail","hentry","category-a-tot-el-personal","category-comunicats","generate-columns","tablet-grid-50","mobile-grid-100","grid-parent","grid-50"],"_links":{"self":[{"href":"https:\/\/ccoo.app\/diputacio-de-barcelona\/wp-json\/wp\/v2\/posts\/7186","targetHints":{"allow":["GET"]}}],"collection":[{"href":"https:\/\/ccoo.app\/diputacio-de-barcelona\/wp-json\/wp\/v2\/posts"}],"about":[{"href":"https:\/\/ccoo.app\/diputacio-de-barcelona\/wp-json\/wp\/v2\/types\/post"}],"author":[{"embeddable":true,"href":"https:\/\/ccoo.app\/diputacio-de-barcelona\/wp-json\/wp\/v2\/users\/4519"}],"replies":[{"embeddable":true,"href":"https:\/\/ccoo.app\/diputacio-de-barcelona\/wp-json\/wp\/v2\/comments?post=7186"}],"version-history":[{"count":1,"href":"https:\/\/ccoo.app\/diputacio-de-barcelona\/wp-json\/wp\/v2\/posts\/7186\/revisions"}],"predecessor-version":[{"id":50837,"href":"https:\/\/ccoo.app\/diputacio-de-barcelona\/wp-json\/wp\/v2\/posts\/7186\/revisions\/50837"}],"wp:featuredmedia":[{"embeddable":true,"href":"https:\/\/ccoo.app\/diputacio-de-barcelona\/wp-json\/wp\/v2\/media\/7207"}],"wp:attachment":[{"href":"https:\/\/ccoo.app\/diputacio-de-barcelona\/wp-json\/wp\/v2\/media?parent=7186"}],"wp:term":[{"taxonomy":"category","embeddable":true,"href":"https:\/\/ccoo.app\/diputacio-de-barcelona\/wp-json\/wp\/v2\/categories?post=7186"},{"taxonomy":"post_tag","embeddable":true,"href":"https:\/\/ccoo.app\/diputacio-de-barcelona\/wp-json\/wp\/v2\/tags?post=7186"}],"curies":[{"name":"wp","href":"https:\/\/api.w.org\/{rel}","templated":true}]}}