{"id":715,"date":"2015-06-18T14:04:12","date_gmt":"2015-06-18T13:04:12","guid":{"rendered":"https:\/\/diba.ccoo.cat\/plantilla_post-copy-copy-2-copy\/"},"modified":"2015-06-18T14:04:12","modified_gmt":"2015-06-18T13:04:12","slug":"lassemblea-sindical-oberta-a-la-diputacio-de-barcelona","status":"publish","type":"post","link":"https:\/\/ccoo.app\/diputacio-de-barcelona\/lassemblea-sindical-oberta-a-la-diputacio-de-barcelona\/","title":{"rendered":"L\u2019ASSEMBLEA SINDICAL OBERTA A LA DIPUTACI\u00d3 DE BARCELONA"},"content":{"rendered":"<p>&nbsp;<\/p>\n<p><img loading=\"lazy\" decoding=\"async\" class=\"wp-image-189\" title=\"Secci\u00f3 Sindical de la Diutaci\u00f3 de Barcelona de la Federaci\u00f3 Sindical de Catalunya\" src=\"http:\/\/ccoo.app\/diputacio-de-barcelona\/wp-content\/blogs.dir\/6\/files\/sites\/186\/2015\/12\/ccoo-fsc-cat.png\" alt=\"Secci\u00f3 Sindical de la Diputaci\u00f3 de Barcelona de la Federaci\u00f3 Sindical de Catalunya\" width=\"469\" height=\"90\" \/><\/p>\n<p class=\"wp-caption-text\">Secci\u00f3 Sindical de la Diputaci\u00f3 de Barcelona<\/p>\n<h3 style=\"text-align: center\"><\/h3>\n<h3 class=\"widget-title\">L\u2019ASSEMBLEA SINDICAL OBERTA A LA DIPUTACI\u00d3 DE BARCELONA<\/h3>\n<h3 style=\"text-align: center\"><strong><span style=\"color: #ff0000\">ASSEMBLEA SINDICAL OBERTA A LA DIPUTACI\u00d3 DE BARCELONA<\/span><\/strong><\/h3>\n<h4 style=\"text-align: center\">ASSEMBLEA AFILIATS\/DES I SIMPATITZANTS A CCOO DIBA<\/h4>\n<p>&nbsp;<\/p>\n<h2 style=\"text-align: center\">\u00a0DIJOUS 18 DE JUNY DE 2015<\/h2>\n<h2 style=\"text-align: center\">ESCOLA INDUSTRIAL &#8211; EDIFICI 25 (PLANTA -1)<\/h2>\n<h2 style=\"text-align: center\">12:00 \u2013 15:00<\/h2>\n<p>&nbsp;<\/p>\n<p>Cada vegada m\u00e9s gent tenim clar que \u00e9s imprescindible revisar i actualitzar propostes d\u2019organitzaci\u00f3 i d\u2019acci\u00f3 de CCOO. La bona praxis sindical, la transpar\u00e8ncia i la participaci\u00f3 han de ser els objectius. L\u2019assemblea sindical oberta <strong><u>\u00e9s un espai de debat per definir el paper del sindicat<\/u><\/strong> davant la nova realitat social i on tothom pot participar.<\/p>\n<ul>\n<li>Com reforcem el vincle de l\u2019afiliaci\u00f3 amb el sindicat i quins espais de participaci\u00f3 cal repensar?<\/li>\n<li>Quin paper ha de tenir el sindicat en les reivindicacions i en els moviments socials?<\/li>\n<li>Les nostres normes internes actuals fomenten la renovaci\u00f3 i la diversitat al sindicat?<\/li>\n<li>Com podem incloure els valors \u00e8tics en totes les nostres pr\u00e0ctiques i actuacions? Tenim elements de burocr\u00e0cia sindical?<\/li>\n<li>\u00c9s justificable rebre subvencions en reconeixement a la funci\u00f3 social?<\/li>\n<\/ul>\n<p>Poc abans que comenci el debat, aprofitarem per fer-vos un resum de tot el que ha passat des de les darreres eleccions fins ara, i quina estrat\u00e8gia tenim per els pr\u00f2xim mesos.<\/p>\n<p>Ordre del dia:<\/p>\n<ul>\n<li>11:45 \u2013 12:45 Informaci\u00f3 actualitat sindical de CCOO DiBa<\/li>\n<li>13:00 \u2013 15:00 Assemblea Sindical Oberta. (Debat)<\/li>\n<\/ul>\n<p><strong>Heu de tenir en compte que es una assemblea autoritzada i\u00a0<\/strong><strong>es pot justificar el temps necessari per a la assist\u00e8ncia\u00a0<\/strong><strong>i pel despla\u00e7ament amb el full d\u2019incid\u00e8ncia i el <u>codi 562<\/u>.<\/strong><\/p>\n<p>A diferencia de moltes altres empreses, fruits d\u2019un acord signat amb els sindicats,\u00a0 tenim dret a realitzar <strong>assemblees dins del horari laboral<\/strong>. \u00c9s un dret que no ens han retallat i que no podem desaprofitar.<\/p>\n<p>Aix\u00ed doncs,\u00a0 t\u2019esperem!!!<\/p>\n<p>En els seg\u00fcents enlla\u00e7os podeu trobar m\u00e9s informaci\u00f3 en relaci\u00f3 a l\u2019Assemblea Oberta:<\/p>\n<p>&nbsp;<\/p>\n<p>V\u00eddeo explicatiu (15 min) : <span style=\"color: #0000ff\"><a style=\"color: #0000ff\" href=\"http:\/\/www.ccoo.cat\/assembleaoberta\/aspnet\/videos.aspx\">http:\/\/www.ccoo.cat\/assembleaoberta\/aspnet\/videos.aspx<\/a><\/span><\/p>\n<p>Enquesta: <span style=\"color: #0000ff\"><a style=\"color: #0000ff\" href=\"https:\/\/enquestes.ccoo.cat\/index.php\/784485\/lang-ca\">https:\/\/enquestes.ccoo.cat\/index.php\/784485\/lang-ca<\/a><\/span><\/p>\n<p>Web: <span style=\"color: #0000ff\"><a style=\"color: #0000ff\" href=\"http:\/\/www.ccoo.cat\/assembleaoberta\/aspnet\/noticies.aspx\">http:\/\/www.ccoo.cat\/assembleaoberta\/aspnet\/noticies.aspx<\/a><\/span><\/p>\n<p>&nbsp;<\/p>\n<p style=\"text-align: center\">* \u00a0* \u00a0* \u00a0* \u00a0*<\/p>\n<p><img loading=\"lazy\" decoding=\"async\" class=\"alignleft wp-image-226\" src=\"http:\/\/ccoo.app\/diputacio-de-barcelona\/wp-content\/blogs.dir\/6\/files\/sites\/186\/2016\/04\/estem-decidits-acontinuar-lluitant.png\" alt=\"Estem decidits a continuar lluitant !\" width=\"213\" height=\"89\" \/><\/p>\n<p><img loading=\"lazy\" decoding=\"async\" class=\"wp-image-262 alignright\" src=\"http:\/\/ccoo.app\/diputacio-de-barcelona\/wp-content\/blogs.dir\/6\/files\/sites\/186\/2016\/04\/afiliat_ccoo_cat.gif\" alt=\"Tota la informaci\u00f3 de com afiliar-se a CCOO Catalunya i forlmulari d'alta o baxia.\" width=\"90\" height=\"80\" \/><\/p>\n<p><img loading=\"lazy\" decoding=\"async\" class=\"wp-image-227 aligncenter\" src=\"http:\/\/ccoo.app\/diputacio-de-barcelona\/wp-content\/blogs.dir\/6\/files\/sites\/186\/2016\/04\/logo-peu-300x69.png\" alt=\"logo-peu\" width=\"952\" height=\"219\" srcset=\"https:\/\/ccoo.app\/diputacio-de-barcelona\/wp-content\/blogs.dir\/6\/files\/sites\/186\/2016\/04\/logo-peu-300x69.png 300w, https:\/\/ccoo.app\/diputacio-de-barcelona\/wp-content\/blogs.dir\/6\/files\/sites\/186\/2016\/04\/logo-peu.png 557w\" sizes=\"auto, (max-width: 952px) 100vw, 952px\" \/><\/p>\n<p style=\"text-align: center\"><small><\/small><small>Formulari d&#8217;<a href=\"\/afiliat\/\">alta<\/a>, <a href=\"\/afiliat\/\">baixa <\/a>o <a href=\"\/afiliat\/\">modificaci\u00f3 <\/a>de les dades personals o<br \/>\ncontacta&#8217;ns a trav\u00e9s del tel\u00e8fon<strong> 934 022 985<\/strong> o correu: <a href=\"mailto:ccoo@diba.cat\"><strong>ccoo@diba.cat<\/strong><\/a><\/small><\/p>\n","protected":false},"excerpt":{"rendered":"<p>&nbsp; Secci\u00f3 Sindical de la Diputaci\u00f3 de Barcelona L\u2019ASSEMBLEA SINDICAL OBERTA A LA DIPUTACI\u00d3 DE BARCELONA ASSEMBLEA SINDICAL OBERTA A LA DIPUTACI\u00d3 DE BARCELONA ASSEMBLEA AFILIATS\/DES I SIMPATITZANTS A CCOO &#8230; <\/p>\n<p class=\"read-more-container\"><a title=\"L\u2019ASSEMBLEA SINDICAL OBERTA A LA DIPUTACI\u00d3 DE BARCELONA\" class=\"read-more button\" href=\"https:\/\/ccoo.app\/diputacio-de-barcelona\/lassemblea-sindical-oberta-a-la-diputacio-de-barcelona\/#more-715\" aria-label=\"Leer m\u00e1s sobre L\u2019ASSEMBLEA SINDICAL OBERTA A LA DIPUTACI\u00d3 DE BARCELONA\">Continuar llegint<\/a><\/p>\n","protected":false},"author":4519,"featured_media":255,"comment_status":"open","ping_status":"open","sticky":false,"template":"","format":"standard","meta":{"footnotes":""},"categories":[38,19,33],"tags":[],"class_list":["post-715","post","type-post","status-publish","format-standard","has-post-thumbnail","hentry","category-a-tot-el-personal","category-comunicats","category-propostes-sindicals","generate-columns","tablet-grid-50","mobile-grid-100","grid-parent","grid-50"],"_links":{"self":[{"href":"https:\/\/ccoo.app\/diputacio-de-barcelona\/wp-json\/wp\/v2\/posts\/715","targetHints":{"allow":["GET"]}}],"collection":[{"href":"https:\/\/ccoo.app\/diputacio-de-barcelona\/wp-json\/wp\/v2\/posts"}],"about":[{"href":"https:\/\/ccoo.app\/diputacio-de-barcelona\/wp-json\/wp\/v2\/types\/post"}],"author":[{"embeddable":true,"href":"https:\/\/ccoo.app\/diputacio-de-barcelona\/wp-json\/wp\/v2\/users\/4519"}],"replies":[{"embeddable":true,"href":"https:\/\/ccoo.app\/diputacio-de-barcelona\/wp-json\/wp\/v2\/comments?post=715"}],"version-history":[{"count":0,"href":"https:\/\/ccoo.app\/diputacio-de-barcelona\/wp-json\/wp\/v2\/posts\/715\/revisions"}],"wp:featuredmedia":[{"embeddable":true,"href":"https:\/\/ccoo.app\/diputacio-de-barcelona\/wp-json\/wp\/v2\/media\/255"}],"wp:attachment":[{"href":"https:\/\/ccoo.app\/diputacio-de-barcelona\/wp-json\/wp\/v2\/media?parent=715"}],"wp:term":[{"taxonomy":"category","embeddable":true,"href":"https:\/\/ccoo.app\/diputacio-de-barcelona\/wp-json\/wp\/v2\/categories?post=715"},{"taxonomy":"post_tag","embeddable":true,"href":"https:\/\/ccoo.app\/diputacio-de-barcelona\/wp-json\/wp\/v2\/tags?post=715"}],"curies":[{"name":"wp","href":"https:\/\/api.w.org\/{rel}","templated":true}]}}