{"id":7137,"date":"2020-11-16T07:25:57","date_gmt":"2020-11-16T06:25:57","guid":{"rendered":"https:\/\/diba.ccoo.cat\/?p=7137"},"modified":"2023-10-17T14:03:03","modified_gmt":"2023-10-17T12:03:03","slug":"nota-informativa-16-novembre-2020","status":"publish","type":"post","link":"https:\/\/ccoo.app\/diputacio-de-barcelona\/nota-informativa-16-novembre-2020\/","title":{"rendered":"NOTA INFORMATIVA 16.11.2020"},"content":{"rendered":"<p><a href=\"https:\/\/diba.ccoo.cat\/\"><img loading=\"lazy\" decoding=\"async\" class=\"wp-image-5909 aligncenter\" src=\"http:\/\/ccoo.app\/diputacio-de-barcelona\/wp-content\/blogs.dir\/6\/files\/sites\/186\/2020\/05\/nota-1-300x86.png\" alt=\"\" width=\"92\" height=\"27\" srcset=\"https:\/\/ccoo.app\/diputacio-de-barcelona\/wp-content\/blogs.dir\/6\/files\/sites\/186\/2020\/05\/nota-1-300x86.png 300w, https:\/\/ccoo.app\/diputacio-de-barcelona\/wp-content\/blogs.dir\/6\/files\/sites\/186\/2020\/05\/nota-1.png 339w\" sizes=\"auto, (max-width: 92px) 100vw, 92px\" \/><\/a><\/p>\n<p class=\"wp-caption-text\"><a href=\"https:\/\/diba.ccoo.cat\/\"><img loading=\"lazy\" decoding=\"async\" class=\"wp-image-1853 aligncenter\" src=\"http:\/\/ccoo.app\/diputacio-de-barcelona\/wp-content\/blogs.dir\/6\/files\/sites\/186\/2018\/01\/logoccoov18.jpg\" alt=\"\" width=\"240\" height=\"110\" \/><\/a><\/p>\n<p><a href=\"http:\/\/ccoo.app\/diputacio-de-barcelona\/wp-content\/blogs.dir\/6\/files\/sites\/186\/2020\/11\/definitiu-comunicat-16-de-novembre-2020.pdf\"><img loading=\"lazy\" decoding=\"async\" class=\"wp-image-5910 aligncenter\" src=\"http:\/\/ccoo.app\/diputacio-de-barcelona\/wp-content\/blogs.dir\/6\/files\/sites\/186\/2020\/05\/nota-3-300x83.png\" alt=\"\" width=\"144\" height=\"40\" srcset=\"https:\/\/ccoo.app\/diputacio-de-barcelona\/wp-content\/blogs.dir\/6\/files\/sites\/186\/2020\/05\/nota-3-300x83.png 300w, https:\/\/ccoo.app\/diputacio-de-barcelona\/wp-content\/blogs.dir\/6\/files\/sites\/186\/2020\/05\/nota-3.png 337w\" sizes=\"auto, (max-width: 144px) 100vw, 144px\" \/><\/a><\/p>\n<p style=\"text-align: center\"><span style=\"font-family: 'arial black', sans-serif;color: #0000ff;font-size: 24px\">NOTA INFORMATIVA 16.11.2020<\/span><\/p>\n<p style=\"text-align: center\"><span style=\"font-family: 'arial black', sans-serif;color: #000000;font-size: 20px\">CALENDARI LABORAL I PRESSUPOSTOS 2021 \/ CARRERA PROFESSIONAL \/ GRATIFICACI\u00d3 AL PERSONAL PRESENCIAL \/ DESPESA TELETREBALL \/ BORSA AGENT TRIBUTARI ORGT \/\u00a0 AUGMENT PRODUCTIVITAT 2020 \/ PROMOCI\u00d3 AUX. A LA DEPEND\u00c8NCIA \/ AJUT MENJAR XBM \/ MILLORA SOCIAL PER EDAT \/ PATRONAT \/ ENTRE ALTRES TEMES&#8230;<\/span><\/p>\n<p style=\"text-align: center\"><span style=\"font-family: arial, helvetica, sans-serif;font-size: 14px;color: #000000\">-16 d&#8217;octubre de 2020-<\/span><\/p>\n<p style=\"text-align: left\"><span style=\"color: #000000\">Dilluns 9 de novembre la Diputaci\u00f3 va convocar a tots els sindicats per tractar els temes de calendari laboral i el pressupost 2021. Aquests, a m\u00e9s d\u2019altres temes, tamb\u00e9 van ser inclosos a l\u2019ordre del dia de les reunions de Mesa General de Negociaci\u00f3 de mat\u00e8ries comuns celebrades aquesta setmana.<\/span><\/p>\n<p style=\"text-align: left\"><span style=\"color: #000000\"><strong>\u00a0<\/strong><\/span><span style=\"color: #000000\"><span style=\"color: #0000ff\"><strong>CALENDARI LABORAL 2021<\/strong><\/span> El c\u00f2mput d\u2019hores anuals de treball efectiu per al 2021 ser\u00e0 el seg\u00fcent (cliqueu <a href=\"http:\/\/ccoo.app\/diputacio-de-barcelona\/wp-content\/blogs.dir\/6\/files\/sites\/186\/2020\/11\/ccoo-calendari-laboral-2021.pdf\"><strong><span style=\"color: #0000ff\">aqu\u00ed<\/span><\/strong><\/a> per a veure quadre resum en PDF):<\/span><\/p>\n<ul style=\"text-align: left\">\n<li><span style=\"color: #000000\"><strong>1575 hores<\/strong> de treball efectiu per al personal amb <strong>jornada general<\/strong> (35 h\/setmana)<\/span><\/li>\n<li><span style=\"color: #000000\"><strong>1687.30 hores<\/strong> de treball efectiu per al personal amb <strong>jornada especial<\/strong> (37.30 h\/setmana)<\/span><\/li>\n<\/ul>\n<p style=\"text-align: left\"><span style=\"color: #000000\">El <strong>nombre m\u00e0xim de jornades a treballar ser\u00e0 de 225<\/strong>. Per tal de compensar els festius que cauen en dissabte, el proper any disposarem de <strong>3 dies de dispensa<\/strong>.<\/span><\/p>\n<p style=\"text-align: left\"><span style=\"color: #000000\">Per donar el nostre vistiplau definitiu, CCOO i UGT hem demanat la inclusi\u00f3 a l\u2019acord de la voluntat expressa de la Diputaci\u00f3 a donar soluci\u00f3 a l\u2019exc\u00e9s de jornades que moltes persones pateixen a la XBM. Per altra banda, s\u2019han donat per aprovats els calendaris del personal amb horari <strong>torn de nit<\/strong> i dels <strong>oficials conductors de vehicles<\/strong> (<a href=\"https:\/\/diba.ccoo.cat\/calendari-diputacio-2020\/\"><strong><span style=\"color: #0000ff\">+ info<\/span><\/strong><\/a>).<\/span><\/p>\n<p><img loading=\"lazy\" decoding=\"async\" class=\"wp-image-5658 aligncenter\" src=\"http:\/\/ccoo.app\/diputacio-de-barcelona\/wp-content\/blogs.dir\/6\/files\/sites\/186\/2020\/04\/calculadora-163x300.png\" alt=\"\" width=\"77\" height=\"142\" srcset=\"https:\/\/ccoo.app\/diputacio-de-barcelona\/wp-content\/blogs.dir\/6\/files\/sites\/186\/2020\/04\/calculadora-163x300.png 163w, https:\/\/ccoo.app\/diputacio-de-barcelona\/wp-content\/blogs.dir\/6\/files\/sites\/186\/2020\/04\/calculadora.png 272w\" sizes=\"auto, (max-width: 77px) 100vw, 77px\" \/><\/p>\n<p style=\"text-align: left\"><span style=\"color: #000000\"><span style=\"color: #0000ff\"><strong>PRESSUPOST DE LA DIPUTACI\u00d3 (CAP\u00cdTOL I DE PERSONAL) <\/strong><\/span>A nivell confederal, CCOO ha presentat esmenes a l\u2019avantprojecte dels <em>Pressupostos Generals de l\u2019Estat<\/em> (PGE), que nom\u00e9s plantegen una pujada de les retribucions del 0\u20199%. Exigim un increment global del 8% en un per\u00edode de 3 anys. Tamb\u00e9 s\u2019han presentat esmenes relacionades amb l\u2019Oferta P\u00fablica i la jubilaci\u00f3, entre altres (<a href=\"https:\/\/fsc.ccoo.es\/noticia:523371--El_Area_Publica_de_CCOO_reivindica_en_sus_enmiendas_a_los_PGE_2021_el_incremento_de_las_plantillas_en_todos_los_servicios_publicos_y_que_la_temporalidad_no_supere_el_8_&amp;opc_id=6a5018a39e084efa266aa087e2cc86d0\"><strong><span style=\"color: #0000ff\">+ info<\/span><\/strong><\/a>).<\/span><\/p>\n<p style=\"text-align: left\"><span style=\"color: #000000\">Del pressupost 2021 de la Diputaci\u00f3:<\/span><\/p>\n<ul style=\"text-align: left\">\n<li><span style=\"color: #000000\"><strong><u>Increment retributiu<\/u><\/strong>: A m\u00e9s del 0\u20199% previst als PGE, demanem l\u2019aplicaci\u00f3 del +0\u201955% corresponent al <em>II Acord a la millora de l\u2019Ocupaci\u00f3 P\u00fablica <\/em>(cliqueu <a href=\"http:\/\/ccoo.app\/diputacio-de-barcelona\/wp-content\/blogs.dir\/6\/files\/sites\/186\/2020\/11\/increments-salarials-ii-acord-estatal.png\"><strong><span style=\"color: #0000ff\">aqu\u00ed<\/span><\/strong><\/a>).<a href=\"http:\/\/ccoo.app\/diputacio-de-barcelona\/wp-content\/blogs.dir\/6\/files\/sites\/186\/2020\/11\/increments-salarials-ii-acord-estatal.png\"><img loading=\"lazy\" decoding=\"async\" class=\"size-medium wp-image-7147 aligncenter\" src=\"http:\/\/ccoo.app\/diputacio-de-barcelona\/wp-content\/blogs.dir\/6\/files\/sites\/186\/2020\/11\/increments-salarials-ii-acord-estatal-300x141.png\" alt=\"\" width=\"300\" height=\"141\" srcset=\"https:\/\/ccoo.app\/diputacio-de-barcelona\/wp-content\/blogs.dir\/6\/files\/sites\/186\/2020\/11\/increments-salarials-ii-acord-estatal-300x141.png 300w, https:\/\/ccoo.app\/diputacio-de-barcelona\/wp-content\/blogs.dir\/6\/files\/sites\/186\/2020\/11\/increments-salarials-ii-acord-estatal-768x362.png 768w, https:\/\/ccoo.app\/diputacio-de-barcelona\/wp-content\/blogs.dir\/6\/files\/sites\/186\/2020\/11\/increments-salarials-ii-acord-estatal.png 931w\" sizes=\"auto, (max-width: 300px) 100vw, 300px\" \/><\/a><\/span><\/li>\n<\/ul>\n<ul style=\"text-align: left\">\n<li><span style=\"color: #000000\"><strong><u>Carrera Professional<\/u><\/strong>: proposen un increment, per a nosaltres insuficient, del 0\u201983% (demanem arribar de nou als 6 milions del 2018). <\/span><\/li>\n<\/ul>\n<p><a href=\"http:\/\/ccoo.app\/diputacio-de-barcelona\/wp-content\/blogs.dir\/6\/files\/sites\/186\/2020\/11\/pressupost-carrera-imatge.png\"><img loading=\"lazy\" decoding=\"async\" class=\" wp-image-7148 aligncenter\" src=\"http:\/\/ccoo.app\/diputacio-de-barcelona\/wp-content\/blogs.dir\/6\/files\/sites\/186\/2020\/11\/pressupost-carrera-imatge-300x25.png\" alt=\"\" width=\"420\" height=\"35\" srcset=\"https:\/\/ccoo.app\/diputacio-de-barcelona\/wp-content\/blogs.dir\/6\/files\/sites\/186\/2020\/11\/pressupost-carrera-imatge-300x25.png 300w, https:\/\/ccoo.app\/diputacio-de-barcelona\/wp-content\/blogs.dir\/6\/files\/sites\/186\/2020\/11\/pressupost-carrera-imatge-1024x87.png 1024w, https:\/\/ccoo.app\/diputacio-de-barcelona\/wp-content\/blogs.dir\/6\/files\/sites\/186\/2020\/11\/pressupost-carrera-imatge-768x65.png 768w, https:\/\/ccoo.app\/diputacio-de-barcelona\/wp-content\/blogs.dir\/6\/files\/sites\/186\/2020\/11\/pressupost-carrera-imatge.png 1169w\" sizes=\"auto, (max-width: 420px) 100vw, 420px\" \/><\/a><\/p>\n<ul style=\"text-align: left\">\n<li><span style=\"color: #000000\"><span style=\"font-size: inherit\">Referent al consignaci\u00f3 del 2020 (3.943.787\u20ac), ens hem oposat frontalment a la possibilitat de perdre la partida destinada<\/span><span style=\"font-size: inherit\"> despr\u00e9s d\u2019anys de treball que han perm\u00e8s, entre altres coses, disposar ja d\u2019un reglament prou consensuat i de l\u2019habilitaci\u00f3 tecnol\u00f2gica necess\u00e0ria. Si es planteja aquesta circumst\u00e0ncia, que ning\u00fa ho dubti: no ens quedarem de bra\u00e7os creuats. La Diputaci\u00f3 no t\u00e9 cap altra opci\u00f3 que complir amb els seus compromisos.<\/span><\/span><\/li>\n<\/ul>\n<ul style=\"text-align: left\">\n<li><span style=\"color: #000000\"><strong style=\"font-size: inherit\"><u>Teletreball 2020 i 2021<\/u><\/strong><strong style=\"font-size: inherit\">:<\/strong><span style=\"font-size: inherit\"> demanem que s\u2019inclogui una consignaci\u00f3 per a l\u2019any 2021. Al\u00b7leguen que el pressupost \u00e9s una eina t\u00e8cnica que for\u00e7osament haur\u00e0 de respondre als acords que es puguin assolir tenint en compte el nou article 47.4-bis de l\u2019<\/span><em style=\"font-size: inherit\">EBEP<\/em><span style=\"font-size: inherit\">. No obstant aix\u00f2, els hi recordem que fa mesos que exigim que es faci efectiva una indemnitzaci\u00f3 (retroactiva des del mes de mar\u00e7) que respongui a les despeses que ha hagut d\u2019afrontar el personal que treballa a dist\u00e0ncia.<\/span><\/span><\/li>\n<\/ul>\n<ul style=\"text-align: left\">\n<li><span style=\"color: #000000\"><strong style=\"font-size: inherit\"><u>Compensaci\u00f3 extraordin\u00e0ria<\/u><\/strong><span style=\"font-size: inherit\"> pel personal presencial durant l\u2019Estat d\u2019Alarma: tampoc observem als pressupostos cap partida espec\u00edfica relacionada inclosa. No obstant aix\u00f2, i d\u2019acord amb les insistents peticions sindicals, la corporaci\u00f3 ens indica que est\u00e0 treballant mecanismes per a fer-la possible. Quedem pendents del retorn que ens puguin fer en properes reunions.<\/span><\/span><\/li>\n<\/ul>\n<ul style=\"text-align: left\">\n<li><span style=\"color: #000000\"><strong style=\"font-size: inherit\"><u>Contractaci\u00f3 de Vigil\u00e0ncia de la Salut<\/u><\/strong><span style=\"font-size: inherit\">: no entenem perqu\u00e8 per primera vegada es proposa incloure aquesta despesa a l\u2019apartat \u201cdespesa social\u201d del Cap\u00edtol I. El servei ali\u00e8 de vigil\u00e0ncia de la salut \u00e9s un imperatiu legal de la LPRL que no t\u00e9 res a veure amb la finalitat de l\u2019acci\u00f3 social a la que fa refer\u00e8ncia l\u2019Article 37.1j de l\u2019<\/span><em style=\"font-size: inherit\">EBEP<\/em><span style=\"font-size: inherit\">. Hem demanat justificaci\u00f3 escrita d\u2019aquesta modificaci\u00f3.<\/span><\/span><\/li>\n<\/ul>\n<ul style=\"text-align: left\">\n<li><span style=\"color: #000000\"><strong style=\"font-size: inherit\"><u>Partida 130\/131 de personal: s\u2019incrementa un 2\u201936%:<\/u><\/strong><span style=\"font-size: inherit\"> si el sou de la majoria del personal nom\u00e9s s\u2019incrementar\u00e0 un 0\u20199%, com ho justifica la corporaci\u00f3? Per una banda, degut a un increment de plantilla i, d\u2019altra banda, a \u201cadequacions\u201d d\u2019alguns llocs de treball (fem evident que la gran majoria per potestat \u201c<\/span><em style=\"font-size: inherit\">discrecional<\/em><span style=\"font-size: inherit\">\u201d organitzativa). Els hi recordem que la part social tamb\u00e9 hem demanat estudis, valoracions de llocs de treball i actualitzaci\u00f3 de les fitxes de molts llocs de treball per a, entre d\u2019altres factors, ajustar i incrementar les retribucions d\u2019acord amb les funcions reals que es desenvolupen.<\/span><\/span><\/li>\n<\/ul>\n<p style=\"text-align: left\"><span style=\"color: #000000\">A m\u00e9s, destaquem que no s\u2019inclou cap augment econ\u00f2mic a les seg\u00fcents partides:<\/span><\/p>\n<ul style=\"text-align: left\">\n<li><span style=\"color: #000000\">Ajut Menjar: la normativa permet arribar als 11 \u20ac (partida 16201)<\/span><\/li>\n<li><span style=\"color: #000000\">Ajut Discapacitat (partida 16204)<\/span><\/li>\n<li><span style=\"color: #000000\">Formaci\u00f3 (16200)<\/span><\/li>\n<li><span style=\"color: #000000\">Incentius per a la jubilaci\u00f3<\/span><\/li>\n<li><span style=\"color: #000000\">Factor de <strong>productivitat mensual<\/strong> dels llocs de base (hem d\u2019encetar el cam\u00ed de la reducci\u00f3 progressiva de l\u2019enorme bretxa salarial existent a la Diputaci\u00f3: <strong>qui m\u00e9s guanya pot multiplicar per 8 les quanties de qui menys guanya!<\/strong>)<\/span><\/li>\n<li><span style=\"color: #000000\">Factors retributius (festiu di\u00fcrn i nocturn, dissabte di\u00fcrn i nocturn, localitzaci\u00f3, penositat\/perillositat, despla\u00e7aments, jornada ampliada, etc.)<\/span><\/li>\n<\/ul>\n<p style=\"text-align: left\"><span style=\"color: #000000\"><strong>PRESSUPOSTOS DE L\u2019ORGT<\/strong> Tal com va succeir l\u2019any passat, la Diputaci\u00f3 no ens havia enviat cap informaci\u00f3 de l\u2019organisme. Potser no els \u00e9s d\u2019aplicaci\u00f3 l\u2019article 8.1 del nostre Acord Marc? Com a resposta a la petici\u00f3 feta pels sindicats presents a la Mesa de Negociaci\u00f3, ja ens han enviat la documentaci\u00f3 i en breu ens convocaran a una reuni\u00f3 espec\u00edfica.<\/span><\/p>\n<p><img loading=\"lazy\" decoding=\"async\" class=\"wp-image-6227 aligncenter\" src=\"http:\/\/ccoo.app\/diputacio-de-barcelona\/wp-content\/blogs.dir\/6\/files\/sites\/186\/2020\/05\/orgt-295x300.png\" alt=\"\" width=\"100\" height=\"102\" srcset=\"https:\/\/ccoo.app\/diputacio-de-barcelona\/wp-content\/blogs.dir\/6\/files\/sites\/186\/2020\/05\/orgt-295x300.png 295w, https:\/\/ccoo.app\/diputacio-de-barcelona\/wp-content\/blogs.dir\/6\/files\/sites\/186\/2020\/05\/orgt.png 627w\" sizes=\"auto, (max-width: 100px) 100vw, 100px\" \/><\/p>\n<p style=\"text-align: left\"><span style=\"color: #000000\"><span style=\"color: #0000ff\"><strong>LLOC DE TREBALL D\u2019AGENT TRIBUTARI\/\u00c0RIA<\/strong><\/span> Fruit dels acords per a la integraci\u00f3 del personal de l\u2019ORGT a la Diputaci\u00f3 de Barcelona, es va crear la categoria d\u2019administratiu de gesti\u00f3 i recaptaci\u00f3 \u2013 lloc de treball d&#8217;Agent Tributari (subgrup de classificaci\u00f3 C1 \u2013fins ara a C2-). Des del sindicat, enten\u00edem que la creaci\u00f3 d\u2019aquesta nova categoria havia d\u2019anar acompanyada de les mesures necess\u00e0ries per a fer possible la transici\u00f3 de C2 a C1, sense que supos\u00e9s un canvi d\u2019adscripci\u00f3, ni de posici\u00f3 i garantint la continu\u00eftat dels empleats i empleades (totes elles interines) de l\u2019ORGT que actualment hi treballen.<\/span><\/p>\n<p style=\"text-align: left\"><span style=\"color: #000000\">Doncs us informem que, a la Mesa de Negociaci\u00f3, ja estem negociant una proposta i creiem que en breu es podr\u00e0 tancar un acord i llavors us en informarem detalladament.<\/span><\/p>\n<p><img loading=\"lazy\" decoding=\"async\" class=\"wp-image-5731 aligncenter\" src=\"http:\/\/ccoo.app\/diputacio-de-barcelona\/wp-content\/blogs.dir\/6\/files\/sites\/186\/2020\/04\/respir-foto-225x300.jpg\" alt=\"\" width=\"103\" height=\"137\" srcset=\"https:\/\/ccoo.app\/diputacio-de-barcelona\/wp-content\/blogs.dir\/6\/files\/sites\/186\/2020\/04\/respir-foto-225x300.jpg 225w, https:\/\/ccoo.app\/diputacio-de-barcelona\/wp-content\/blogs.dir\/6\/files\/sites\/186\/2020\/04\/respir-foto-768x1024.jpg 768w, https:\/\/ccoo.app\/diputacio-de-barcelona\/wp-content\/blogs.dir\/6\/files\/sites\/186\/2020\/04\/respir-foto-1152x1536.jpg 1152w, https:\/\/ccoo.app\/diputacio-de-barcelona\/wp-content\/blogs.dir\/6\/files\/sites\/186\/2020\/04\/respir-foto.jpg 1200w\" sizes=\"auto, (max-width: 103px) 100vw, 103px\" \/><\/p>\n<p style=\"text-align: left\"><span style=\"color: #000000\"><span style=\"color: #0000ff\"><strong>PROMOCI\u00d3 AUXILIARS A LA DEPEND\u00c8NCIA<\/strong><\/span> En el punt 5 de l\u2019Acord del 27 de juliol de 2018 (signat per CCOO i UGT) es va adquirir el comprom\u00eds de convocar un proc\u00e9s de reclassificaci\u00f3 (de promoci\u00f3 interna en torn restringit) per tal de permetre, al personal funcionari que hi treballa, assolir la categoria C1- T\u00e8cnic\/a Auxiliar d\u2019Atenci\u00f3 a la Depend\u00e8ncia. Com a resposta a les peticions fetes, la corporaci\u00f3 ens indica la seva voluntat de comen\u00e7ar el proc\u00e9s per\u00f2 sense, de moment, fixar cap data concreta. Tenint en compte la situaci\u00f3 sanit\u00e0ria actual, els sindicats som conscients que el repte \u00e9s prendre les mesures adients per tal d\u2019evitar contagis; cal que es tiri endavant encara que s\u2019hagi d\u2019adaptar la realitzaci\u00f3 de les proves a aquesta realitat per a fer-les factibles.<\/span><\/p>\n<p style=\"text-align: left\"><span style=\"color: #000000\">Respecte al personal inter\u00ed que treballa a la categoria C2, recordem que el punt 3 de l\u2019Acord abans esmentat explica el procediment que es seguir\u00e0 en el seu cas (cliqueu <a href=\"http:\/\/ccoo.app\/diputacio-de-barcelona\/wp-content\/blogs.dir\/6\/files\/sites\/186\/2020\/11\/acord-nova-categoria-tecnic-auxiliar-dependencia.pdf\"><strong><span style=\"color: #0000ff\">aqu\u00ed<\/span><\/strong><\/a>).<\/span><\/p>\n<p><img loading=\"lazy\" decoding=\"async\" class=\"wp-image-6460 aligncenter\" src=\"http:\/\/ccoo.app\/diputacio-de-barcelona\/wp-content\/blogs.dir\/6\/files\/sites\/186\/2020\/07\/bibliobus-300x225.jpg\" alt=\"\" width=\"100\" height=\"75\" srcset=\"https:\/\/ccoo.app\/diputacio-de-barcelona\/wp-content\/blogs.dir\/6\/files\/sites\/186\/2020\/07\/bibliobus-300x225.jpg 300w, https:\/\/ccoo.app\/diputacio-de-barcelona\/wp-content\/blogs.dir\/6\/files\/sites\/186\/2020\/07\/bibliobus-768x576.jpg 768w, https:\/\/ccoo.app\/diputacio-de-barcelona\/wp-content\/blogs.dir\/6\/files\/sites\/186\/2020\/07\/bibliobus.jpg 1024w\" sizes=\"auto, (max-width: 100px) 100vw, 100px\" \/><\/p>\n<p style=\"text-align: left\"><span style=\"color: #000000\"><span style=\"color: #0000ff\"><strong>AJUTS-MENJAR PEL AL PERSONAL BIBLIOTEQUES (XBM)<\/strong><\/span> Tal com deman\u00e0vem, un dels punts a l\u2019ordre del dia va ser el problema de l\u2019Ajut Menjar. Com recordareu, ja vam aconseguir la seva extensi\u00f3 al personal al servei dels BIBLIOBUSOS a ra\u00f3 de 3\/setmana (cliqueu\u00a0<strong><span style=\"color: #0000ff\"><a style=\"color: #0000ff\" href=\"https:\/\/diba.ccoo.cat\/xbm-situacio-actual-respecte-a-les-condicions-de-treball-del-col%c2%b7lectiu\/\">aqu\u00ed<\/a>\u00a0<\/span><\/strong>per llegir comunicat). Hi ha qui que no cobra l\u2019Ajut Menjar que li pertoca pel nombre de dies que treballen mat\u00ed i tarda (tal com li passava al personal dels Bibliobusos que, de normal, sense comptar les funcions extraordin\u00e0ries, doblaven 3 dies per setmana per\u00f2 percebien nom\u00e9s 2 ajuts).<\/span><\/p>\n<p style=\"text-align: left\"><span style=\"color: #000000\">A la reuni\u00f3, i davant la sorprenent manca d\u2019informaci\u00f3 respecte a quants dies treballa mat\u00ed i tarda el personal, <strong>els sindicats hem proposat que es pagui a posteriori l\u2019Ajut Menjar d\u2019acord amb el servei prestat. \u00c9s a dir, tal com es fa amb els dissabtes.<\/strong> A m\u00e9s, volem que el dret s\u2019ampli\u00ef a qualsevol convocat\u00f2ria extraordin\u00e0ria fora d\u2019horari: reunions, formaci\u00f3 i qualsevol altra activitat relacionada amb el lloc de treball que comporti jornada de mat\u00ed i tarda.<\/span><\/p>\n<p><img loading=\"lazy\" decoding=\"async\" class=\"wp-image-2958 aligncenter\" src=\"http:\/\/ccoo.app\/diputacio-de-barcelona\/wp-content\/blogs.dir\/6\/files\/sites\/186\/2018\/11\/portada-300x226.jpg\" alt=\"\" width=\"105\" height=\"79\" srcset=\"https:\/\/ccoo.app\/diputacio-de-barcelona\/wp-content\/blogs.dir\/6\/files\/sites\/186\/2018\/11\/portada-300x226.jpg 300w, https:\/\/ccoo.app\/diputacio-de-barcelona\/wp-content\/blogs.dir\/6\/files\/sites\/186\/2018\/11\/portada-768x578.jpg 768w, https:\/\/ccoo.app\/diputacio-de-barcelona\/wp-content\/blogs.dir\/6\/files\/sites\/186\/2018\/11\/portada.jpg 800w\" sizes=\"auto, (max-width: 105px) 100vw, 105px\" \/><\/p>\n<p style=\"text-align: left\"><span style=\"color: #000000\"><span style=\"color: #0000ff\"><strong>PRODUCTIVITAT ANUAL<\/strong><\/span> Com a conseq\u00fc\u00e8ncia de l\u2019aplicaci\u00f3 del \u201c<em>II Acord per a la millora de l\u2019Ocupaci\u00f3 P\u00fablica<\/em>\u201d (CCOO, UGT i CSIF), per tercer any consecutiu la nostra paga de productivitat anual (paga d\u2019abril) es veur\u00e0 incrementada. Aquest any suposar\u00e0 un pagament addicional a l\u2019entorn de 142\u20ac que es far\u00e0 efectiu a la n\u00f2mina d\u2019aquest mes de novembre.<\/span><\/p>\n<p style=\"text-align: left\"><span style=\"color: #000000\">Fixeu-vos que a l\u2019any 2015, estava situada en 1.325 \u20ac i l\u2019any 2020 quedar\u00e0 fixada en 1.861,80 \u20ac (<a href=\"https:\/\/diba.ccoo.cat\/productivitat-anual-assiduitat-2020\/\"><strong><span style=\"color: #0000ff\">+ info<\/span><\/strong><\/a>) <\/span><\/p>\n<p><img loading=\"lazy\" decoding=\"async\" class=\"wp-image-7120 aligncenter\" src=\"http:\/\/ccoo.app\/diputacio-de-barcelona\/wp-content\/blogs.dir\/6\/files\/sites\/186\/2020\/11\/millora-social-edat-2020-276x300.png\" alt=\"\" width=\"100\" height=\"109\" srcset=\"https:\/\/ccoo.app\/diputacio-de-barcelona\/wp-content\/blogs.dir\/6\/files\/sites\/186\/2020\/11\/millora-social-edat-2020-276x300.png 276w, https:\/\/ccoo.app\/diputacio-de-barcelona\/wp-content\/blogs.dir\/6\/files\/sites\/186\/2020\/11\/millora-social-edat-2020.png 532w\" sizes=\"auto, (max-width: 100px) 100vw, 100px\" \/><\/p>\n<p style=\"text-align: left\"><span style=\"color: #000000\"><span style=\"color: #0000ff\"><strong>MILLORA SOCIAL PER EDAT <\/strong><\/span>Les persones treballadores de hagin complert 50 o m\u00e9s anys durant el 2020 i que compleixin amb els requisits poden sol\u00b7licitar-la (preferentment per l\u2019Espai Personal) dins del termini m\u00e0xim del <strong>31 de desembre del 2020<\/strong>.<\/span><\/p>\n<p style=\"text-align: left\"><span style=\"color: #000000\">A la petici\u00f3 s&#8217;hauran d&#8217;adjuntar els comprovants d\u2019acreditaci\u00f3 de la <u>despesa efectuada durant l\u2019any 2020;<\/u> l\u2019ajut s\u2019abonar\u00e0 en la n\u00f2mina del proper mes de maig.<\/span><\/p>\n<p style=\"text-align: left\"><span style=\"color: #000000\">Com sempre, tamb\u00e9 es poden tramitar les sol\u00b7licituds de manera presencial, entre d\u2019altres, al Registre General de la Diputaci\u00f3 de Barcelona. <strong>Excepcionalment per a aquesta anualitat<\/strong>, a causa de la crisi sanit\u00e0ria, s&#8217;estableix la<strong> possibilitat <\/strong>de tramitar les sol\u00b7licituds<strong> mitjan\u00e7ant correu electr\u00f2nic <\/strong>per a aquelles<strong> persones que no puguin o tinguin dificultats per fer-ho de manera presencial.<\/strong><\/span><\/p>\n<p style=\"text-align: left\"><span style=\"color: #000000\">Cliqueu <a href=\"https:\/\/diba.ccoo.cat\/millora-social-per-edat-anualitat-2021\/\"><strong><span style=\"color: #0000ff\">aqu\u00ed<\/span> <\/strong><\/a>per obtenir m\u00e9s informaci\u00f3. Quedem a la vostra disposici\u00f3 en cas de dubtes.<\/span><\/p>\n<p><img loading=\"lazy\" decoding=\"async\" class=\"wp-image-5950 aligncenter\" src=\"http:\/\/ccoo.app\/diputacio-de-barcelona\/wp-content\/blogs.dir\/6\/files\/sites\/186\/2020\/05\/procedimiento-278x300.png\" alt=\"\" width=\"98\" height=\"106\" srcset=\"https:\/\/ccoo.app\/diputacio-de-barcelona\/wp-content\/blogs.dir\/6\/files\/sites\/186\/2020\/05\/procedimiento-278x300.png 278w, https:\/\/ccoo.app\/diputacio-de-barcelona\/wp-content\/blogs.dir\/6\/files\/sites\/186\/2020\/05\/procedimiento.png 297w\" sizes=\"auto, (max-width: 98px) 100vw, 98px\" \/><\/p>\n<p style=\"text-align: left\"><span style=\"color: #0000ff\"><strong>PETICIONS FETES I ALTRES INFORMACIONS<\/strong>:<\/span><\/p>\n<ul style=\"text-align: left\">\n<li><span style=\"color: #000000\"><strong>PATRONAT D\u2019APOSTES <\/strong>Demanem nova reuni\u00f3 amb el gerent i la DSRH per a resoldre els temes pendents.<\/span><\/li>\n<\/ul>\n<ul style=\"text-align: left\">\n<li><span style=\"color: #000000\"><strong>GER\u00c8NCIA DE COMER\u00c7 <\/strong>Com a resposta a la petici\u00f3 feta per a CCOO i UGT, avui tindrem una reuni\u00f3 informativa on ens explicaran el projecte de suport organitzatiu previst.<\/span><\/li>\n<\/ul>\n<ul style=\"text-align: left\">\n<li><span style=\"color: #000000\"><strong>C\u00c0MERES DE SEGURETAT <\/strong>CCOO hem demanat una reuni\u00f3 amb la Ger\u00e8ncia de l\u2019ORGT i el responsable del Gabinet de Prevenci\u00f3 i Seguretat amb l\u2019objectiu d\u2019obtenir tota la informaci\u00f3 relacionada amb les c\u00e0meres de vigil\u00e0ncia que s\u2019estan instal\u00b7lant a les oficines.<\/span><\/li>\n<\/ul>\n<ul style=\"text-align: left\">\n<li><span style=\"color: #000000\"><strong>AMPLIAR TERMINI DE GAUDIMENT DE PERMISOS <\/strong>Hem reiterat la petici\u00f3 referent als permisos de l\u2019any 2020 en el sentit que es puguin gaudir fins al 31 de mar\u00e7 de 2021.<\/span><\/li>\n<\/ul>\n<ul>\n<li style=\"text-align: left\"><span style=\"color: #000000\"><strong>PROJECTES CAPACITATS DIVERSES <\/strong>Demanem que s\u2019engegui ja l\u2019acompanyament de <u>totes<\/u> les persones amb capacitats diverses que treballen a la nostra organitzaci\u00f3.<\/span><\/li>\n<\/ul>\n<p><img loading=\"lazy\" decoding=\"async\" class=\"wp-image-5912 aligncenter\" src=\"http:\/\/ccoo.app\/diputacio-de-barcelona\/wp-content\/blogs.dir\/6\/files\/sites\/186\/2020\/05\/nota-2-300x86.png\" alt=\"\" width=\"98\" height=\"28\" srcset=\"https:\/\/ccoo.app\/diputacio-de-barcelona\/wp-content\/blogs.dir\/6\/files\/sites\/186\/2020\/05\/nota-2-300x86.png 300w, https:\/\/ccoo.app\/diputacio-de-barcelona\/wp-content\/blogs.dir\/6\/files\/sites\/186\/2020\/05\/nota-2.png 337w\" sizes=\"auto, (max-width: 98px) 100vw, 98px\" \/><\/p>\n<p style=\"text-align: center\"><img loading=\"lazy\" decoding=\"async\" class=\"wp-image-5184 aligncenter\" src=\"http:\/\/ccoo.app\/diputacio-de-barcelona\/wp-content\/blogs.dir\/6\/files\/sites\/186\/2020\/03\/i-de-info-300x300.jpg\" alt=\"\" width=\"72\" height=\"72\" srcset=\"https:\/\/ccoo.app\/diputacio-de-barcelona\/wp-content\/blogs.dir\/6\/files\/sites\/186\/2020\/03\/i-de-info-300x300.jpg 300w, https:\/\/ccoo.app\/diputacio-de-barcelona\/wp-content\/blogs.dir\/6\/files\/sites\/186\/2020\/03\/i-de-info-150x150.jpg 150w, https:\/\/ccoo.app\/diputacio-de-barcelona\/wp-content\/blogs.dir\/6\/files\/sites\/186\/2020\/03\/i-de-info.jpg 626w\" sizes=\"auto, (max-width: 72px) 100vw, 72px\" \/><span style=\"font-family: 'arial black', sans-serif;font-size: 20px;color: #ffff00;background-color: #ff0000\">TOTA LA INFORMACI\u00d3 SINDICAL QUE NECESSITES<\/span><\/p>\n<p><img loading=\"lazy\" decoding=\"async\" class=\"wp-image-5913 aligncenter\" src=\"http:\/\/ccoo.app\/diputacio-de-barcelona\/wp-content\/blogs.dir\/6\/files\/sites\/186\/2020\/05\/telefono-300x300.jpg\" alt=\"\" width=\"59\" height=\"59\" srcset=\"https:\/\/ccoo.app\/diputacio-de-barcelona\/wp-content\/blogs.dir\/6\/files\/sites\/186\/2020\/05\/telefono-300x300.jpg 300w, https:\/\/ccoo.app\/diputacio-de-barcelona\/wp-content\/blogs.dir\/6\/files\/sites\/186\/2020\/05\/telefono-150x150.jpg 150w, https:\/\/ccoo.app\/diputacio-de-barcelona\/wp-content\/blogs.dir\/6\/files\/sites\/186\/2020\/05\/telefono.jpg 600w\" sizes=\"auto, (max-width: 59px) 100vw, 59px\" \/><\/p>\n<p style=\"text-align: center\"><span style=\"font-family: 'arial black', sans-serif;color: #000000\">DE DILLUNS A DIVENDRES<\/span><\/p>\n<p style=\"text-align: center\"><span style=\"font-family: 'arial black', sans-serif;color: #000000;background-color: #ffff00\">DE 10:00 A 14:30 i DE 17:00 A 19:00\u00a0<\/span><\/p>\n<p style=\"text-align: center\"><span style=\"font-family: 'arial black', sans-serif;color: #ff0000\">93.402.29.85 \u2013 22985 \u2013 667 90 69 64<\/span><\/p>\n<p><img loading=\"lazy\" decoding=\"async\" class=\"wp-image-5553 aligncenter\" src=\"http:\/\/ccoo.app\/diputacio-de-barcelona\/wp-content\/blogs.dir\/6\/files\/sites\/186\/2020\/04\/mail-foto-300x200.jpg\" alt=\"\" width=\"59\" height=\"39\" srcset=\"https:\/\/ccoo.app\/diputacio-de-barcelona\/wp-content\/blogs.dir\/6\/files\/sites\/186\/2020\/04\/mail-foto-300x200.jpg 300w, https:\/\/ccoo.app\/diputacio-de-barcelona\/wp-content\/blogs.dir\/6\/files\/sites\/186\/2020\/04\/mail-foto-1024x683.jpg 1024w, https:\/\/ccoo.app\/diputacio-de-barcelona\/wp-content\/blogs.dir\/6\/files\/sites\/186\/2020\/04\/mail-foto-768x512.jpg 768w, https:\/\/ccoo.app\/diputacio-de-barcelona\/wp-content\/blogs.dir\/6\/files\/sites\/186\/2020\/04\/mail-foto.jpg 1200w\" sizes=\"auto, (max-width: 59px) 100vw, 59px\" \/><\/p>\n<p style=\"text-align: center\"><span style=\"font-family: arial, helvetica, sans-serif;color: #000000\">La\u00a0SECCI\u00d3 SINDICAL DE CCOO donem resposta a tots els teus dubtes o t&#8217;ajudem solucionar els problemes que puguis tenir.<strong> T&#8217;ajudem a defensar els teus drets!<\/strong><\/span><\/p>\n<p style=\"text-align: center\"><span style=\"font-family: 'arial black', sans-serif;color: #0000ff\"><a style=\"color: #0000ff\" href=\"mailto:ccoo@diba.cat\"><strong>ccoo@diba.cat<\/strong><\/a><\/span><\/p>\n<p style=\"text-align: center\"><span style=\"font-family: 'arial black', sans-serif;color: #0000ff\"><a style=\"color: #0000ff\" href=\"mailto:orgt.ssccoo@diba.cat\">orgt.ssccoo@diba.cat<\/a><\/span><\/p>\n<p><img loading=\"lazy\" decoding=\"async\" class=\"wp-image-5554 aligncenter\" src=\"http:\/\/ccoo.app\/diputacio-de-barcelona\/wp-content\/blogs.dir\/6\/files\/sites\/186\/2020\/04\/mail-foto-enviar-300x212.jpg\" alt=\"\" width=\"67\" height=\"47\" srcset=\"https:\/\/ccoo.app\/diputacio-de-barcelona\/wp-content\/blogs.dir\/6\/files\/sites\/186\/2020\/04\/mail-foto-enviar-300x212.jpg 300w, https:\/\/ccoo.app\/diputacio-de-barcelona\/wp-content\/blogs.dir\/6\/files\/sites\/186\/2020\/04\/mail-foto-enviar-1024x724.jpg 1024w, https:\/\/ccoo.app\/diputacio-de-barcelona\/wp-content\/blogs.dir\/6\/files\/sites\/186\/2020\/04\/mail-foto-enviar-768x543.jpg 768w, https:\/\/ccoo.app\/diputacio-de-barcelona\/wp-content\/blogs.dir\/6\/files\/sites\/186\/2020\/04\/mail-foto-enviar.jpg 1200w\" sizes=\"auto, (max-width: 67px) 100vw, 67px\" \/><\/p>\n<p style=\"text-align: center\"><span style=\"font-family: arial, helvetica, sans-serif;color: #000000\">Encara no t&#8217;has descarregat la nostra <a href=\"http:\/\/www.ccoo.cat\/carnet\/index.aspx?qr=1#descarrega\"><span style=\"font-family: 'arial black', sans-serif;color: #0000ff\">APP<\/span><\/a> CCOO-Diba d&#8217;informaci\u00f3 sindical?<\/span><\/p>\n<p style=\"text-align: center\"><span style=\"font-family: arial, helvetica, sans-serif;color: #000000\">Fes clic <a href=\"http:\/\/www.ccoo.cat\/carnet\/index.aspx?qr=1#descarrega\"><span style=\"font-family: 'arial black', sans-serif;color: #0000ff\">aqu\u00ed<\/span><\/a> per tenir la informaci\u00f3 abans que ning\u00fa!<\/span><\/p>\n<p><img loading=\"lazy\" decoding=\"async\" class=\"wp-image-5915 aligncenter\" src=\"http:\/\/ccoo.app\/diputacio-de-barcelona\/wp-content\/blogs.dir\/6\/files\/sites\/186\/2020\/05\/xarxes-socials-300x169.png\" alt=\"\" width=\"227\" height=\"128\" srcset=\"https:\/\/ccoo.app\/diputacio-de-barcelona\/wp-content\/blogs.dir\/6\/files\/sites\/186\/2020\/05\/xarxes-socials-300x169.png 300w, https:\/\/ccoo.app\/diputacio-de-barcelona\/wp-content\/blogs.dir\/6\/files\/sites\/186\/2020\/05\/xarxes-socials-1024x576.png 1024w, https:\/\/ccoo.app\/diputacio-de-barcelona\/wp-content\/blogs.dir\/6\/files\/sites\/186\/2020\/05\/xarxes-socials-768x432.png 768w, https:\/\/ccoo.app\/diputacio-de-barcelona\/wp-content\/blogs.dir\/6\/files\/sites\/186\/2020\/05\/xarxes-socials.png 1200w\" sizes=\"auto, (max-width: 227px) 100vw, 227px\" \/><\/p>\n<p style=\"text-align: center\"><span style=\"font-family: arial, helvetica, sans-serif;color: #000000\">Tamb\u00e9 trobar\u00e0s CCOO-Diba a les xarxes socials. Clica sobre la icona de la teva xarxa favorita:<\/span><\/p>\n<p><a href=\"https:\/\/twitter.com\/CCOODiba\"><img loading=\"lazy\" decoding=\"async\" class=\" wp-image-5728 aligncenter\" src=\"http:\/\/ccoo.app\/diputacio-de-barcelona\/wp-content\/blogs.dir\/6\/files\/sites\/186\/2020\/04\/twitter-300x300.png\" alt=\"\" width=\"89\" height=\"89\" srcset=\"https:\/\/ccoo.app\/diputacio-de-barcelona\/wp-content\/blogs.dir\/6\/files\/sites\/186\/2020\/04\/twitter-300x300.png 300w, https:\/\/ccoo.app\/diputacio-de-barcelona\/wp-content\/blogs.dir\/6\/files\/sites\/186\/2020\/04\/twitter-150x150.png 150w, https:\/\/ccoo.app\/diputacio-de-barcelona\/wp-content\/blogs.dir\/6\/files\/sites\/186\/2020\/04\/twitter.png 512w\" sizes=\"auto, (max-width: 89px) 100vw, 89px\" \/><\/a><\/p>\n<p><a href=\"https:\/\/www.instagram.com\/ccoo_diba\/?hl=es\"><img loading=\"lazy\" decoding=\"async\" class=\"wp-image-5730 aligncenter\" src=\"http:\/\/ccoo.app\/diputacio-de-barcelona\/wp-content\/blogs.dir\/6\/files\/sites\/186\/2020\/04\/instragram-300x300.png\" alt=\"\" width=\"91\" height=\"91\" srcset=\"https:\/\/ccoo.app\/diputacio-de-barcelona\/wp-content\/blogs.dir\/6\/files\/sites\/186\/2020\/04\/instragram-300x300.png 300w, https:\/\/ccoo.app\/diputacio-de-barcelona\/wp-content\/blogs.dir\/6\/files\/sites\/186\/2020\/04\/instragram-150x150.png 150w, https:\/\/ccoo.app\/diputacio-de-barcelona\/wp-content\/blogs.dir\/6\/files\/sites\/186\/2020\/04\/instragram.png 512w\" sizes=\"auto, (max-width: 91px) 100vw, 91px\" \/><\/a><\/p>\n<p><a href=\"https:\/\/www.facebook.com\/CcooDiputacioDeBarcelona\/\"><img loading=\"lazy\" decoding=\"async\" class=\"wp-image-5729 aligncenter\" src=\"http:\/\/ccoo.app\/diputacio-de-barcelona\/wp-content\/blogs.dir\/6\/files\/sites\/186\/2020\/04\/facebook-300x300.png\" alt=\"\" width=\"90\" height=\"90\" srcset=\"https:\/\/ccoo.app\/diputacio-de-barcelona\/wp-content\/blogs.dir\/6\/files\/sites\/186\/2020\/04\/facebook-300x300.png 300w, https:\/\/ccoo.app\/diputacio-de-barcelona\/wp-content\/blogs.dir\/6\/files\/sites\/186\/2020\/04\/facebook-150x150.png 150w, https:\/\/ccoo.app\/diputacio-de-barcelona\/wp-content\/blogs.dir\/6\/files\/sites\/186\/2020\/04\/facebook.png 325w\" sizes=\"auto, (max-width: 90px) 100vw, 90px\" \/><\/a><a href=\"https:\/\/www.youtube.com\/channel\/UCFzenkS75udEcs4pB4qoZsg\"><img loading=\"lazy\" decoding=\"async\" class=\" wp-image-5916 aligncenter\" src=\"http:\/\/ccoo.app\/diputacio-de-barcelona\/wp-content\/blogs.dir\/6\/files\/sites\/186\/2020\/05\/youtube-300x115.jpg\" alt=\"\" width=\"122\" height=\"47\" srcset=\"https:\/\/ccoo.app\/diputacio-de-barcelona\/wp-content\/blogs.dir\/6\/files\/sites\/186\/2020\/05\/youtube-300x115.jpg 300w, https:\/\/ccoo.app\/diputacio-de-barcelona\/wp-content\/blogs.dir\/6\/files\/sites\/186\/2020\/05\/youtube-1024x391.jpg 1024w, https:\/\/ccoo.app\/diputacio-de-barcelona\/wp-content\/blogs.dir\/6\/files\/sites\/186\/2020\/05\/youtube-768x293.jpg 768w, https:\/\/ccoo.app\/diputacio-de-barcelona\/wp-content\/blogs.dir\/6\/files\/sites\/186\/2020\/05\/youtube.jpg 1200w\" sizes=\"auto, (max-width: 122px) 100vw, 122px\" \/><\/a><\/p>\n<p><iframe loading=\"lazy\" title=\"Hauran de comptar amb nosaltres. Salut, treball i just\u00edcia social || 1r de maig del 2020.\" width=\"1200\" height=\"675\" src=\"https:\/\/www.youtube.com\/embed\/uS104R3aSJs?feature=oembed\" frameborder=\"0\" allow=\"accelerometer; autoplay; clipboard-write; encrypted-media; gyroscope; picture-in-picture\" allowfullscreen><\/iframe><\/p>\n<p><a href=\"https:\/\/diba.ccoo.cat\/plantilla-1-6-2\/\"><img loading=\"lazy\" decoding=\"async\" class=\"size-medium wp-image-6853 aligncenter\" src=\"http:\/\/ccoo.app\/diputacio-de-barcelona\/wp-content\/blogs.dir\/6\/files\/sites\/186\/2020\/10\/ccoo-primer-sindicat-cliqueu-300x110.png\" alt=\"\" width=\"300\" height=\"110\" srcset=\"https:\/\/ccoo.app\/diputacio-de-barcelona\/wp-content\/blogs.dir\/6\/files\/sites\/186\/2020\/10\/ccoo-primer-sindicat-cliqueu-300x110.png 300w, https:\/\/ccoo.app\/diputacio-de-barcelona\/wp-content\/blogs.dir\/6\/files\/sites\/186\/2020\/10\/ccoo-primer-sindicat-cliqueu.png 448w\" sizes=\"auto, (max-width: 300px) 100vw, 300px\" \/><\/a><\/p>\n<p><a href=\"https:\/\/www.ccoo.cat\/aspnet\/motius_afiliarte.aspx\"><img loading=\"lazy\" decoding=\"async\" class=\"size-medium wp-image-6841 aligncenter\" src=\"http:\/\/ccoo.app\/diputacio-de-barcelona\/wp-content\/blogs.dir\/6\/files\/sites\/186\/2020\/10\/afiliat-ccoo-300x199.png\" alt=\"\" width=\"300\" height=\"199\" srcset=\"https:\/\/ccoo.app\/diputacio-de-barcelona\/wp-content\/blogs.dir\/6\/files\/sites\/186\/2020\/10\/afiliat-ccoo-300x199.png 300w, https:\/\/ccoo.app\/diputacio-de-barcelona\/wp-content\/blogs.dir\/6\/files\/sites\/186\/2020\/10\/afiliat-ccoo.png 573w\" sizes=\"auto, (max-width: 300px) 100vw, 300px\" \/><\/a>    \t<\/p>\n","protected":false},"excerpt":{"rendered":"<p>NOTA INFORMATIVA 16.11.2020 CALENDARI LABORAL I PRESSUPOSTOS 2021 \/ CARRERA PROFESSIONAL \/ GRATIFICACI\u00d3 AL PERSONAL PRESENCIAL \/ DESPESA TELETREBALL \/ BORSA AGENT TRIBUTARI ORGT \/\u00a0 AUGMENT PRODUCTIVITAT 2020 \/ PROMOCI\u00d3 &#8230; <\/p>\n<p class=\"read-more-container\"><a title=\"NOTA INFORMATIVA 16.11.2020\" class=\"read-more button\" href=\"https:\/\/ccoo.app\/diputacio-de-barcelona\/nota-informativa-16-novembre-2020\/#more-7137\" aria-label=\"Leer m\u00e1s sobre NOTA INFORMATIVA 16.11.2020\">Continuar llegint<\/a><\/p>\n","protected":false},"author":4519,"featured_media":2788,"comment_status":"open","ping_status":"open","sticky":false,"template":"","format":"standard","meta":{"footnotes":""},"categories":[38,15,19,27,29,34,37],"tags":[60,70,150,167,186,194,196],"class_list":["post-7137","post","type-post","status-publish","format-standard","has-post-thumbnail","hentry","category-a-tot-el-personal","category-calendari","category-comunicats","category-millores-socials","category-orgt-2","category-respir","category-xbm","tag-ajut-menjar","tag-calendari","tag-millora-social","tag-orgt","tag-pressupost","tag-productivitat","tag-promocio-interna","generate-columns","tablet-grid-50","mobile-grid-100","grid-parent","grid-50"],"_links":{"self":[{"href":"https:\/\/ccoo.app\/diputacio-de-barcelona\/wp-json\/wp\/v2\/posts\/7137","targetHints":{"allow":["GET"]}}],"collection":[{"href":"https:\/\/ccoo.app\/diputacio-de-barcelona\/wp-json\/wp\/v2\/posts"}],"about":[{"href":"https:\/\/ccoo.app\/diputacio-de-barcelona\/wp-json\/wp\/v2\/types\/post"}],"author":[{"embeddable":true,"href":"https:\/\/ccoo.app\/diputacio-de-barcelona\/wp-json\/wp\/v2\/users\/4519"}],"replies":[{"embeddable":true,"href":"https:\/\/ccoo.app\/diputacio-de-barcelona\/wp-json\/wp\/v2\/comments?post=7137"}],"version-history":[{"count":1,"href":"https:\/\/ccoo.app\/diputacio-de-barcelona\/wp-json\/wp\/v2\/posts\/7137\/revisions"}],"predecessor-version":[{"id":50839,"href":"https:\/\/ccoo.app\/diputacio-de-barcelona\/wp-json\/wp\/v2\/posts\/7137\/revisions\/50839"}],"wp:featuredmedia":[{"embeddable":true,"href":"https:\/\/ccoo.app\/diputacio-de-barcelona\/wp-json\/wp\/v2\/media\/2788"}],"wp:attachment":[{"href":"https:\/\/ccoo.app\/diputacio-de-barcelona\/wp-json\/wp\/v2\/media?parent=7137"}],"wp:term":[{"taxonomy":"category","embeddable":true,"href":"https:\/\/ccoo.app\/diputacio-de-barcelona\/wp-json\/wp\/v2\/categories?post=7137"},{"taxonomy":"post_tag","embeddable":true,"href":"https:\/\/ccoo.app\/diputacio-de-barcelona\/wp-json\/wp\/v2\/tags?post=7137"}],"curies":[{"name":"wp","href":"https:\/\/api.w.org\/{rel}","templated":true}]}}