{"id":711,"date":"2015-06-10T13:42:03","date_gmt":"2015-06-10T12:42:03","guid":{"rendered":"https:\/\/diba.ccoo.cat\/plantilla_post-copy-copy-2-copy\/"},"modified":"2015-06-10T13:42:03","modified_gmt":"2015-06-10T12:42:03","slug":"personal-directiu-professional-no-funcionari-2","status":"publish","type":"post","link":"https:\/\/ccoo.app\/diputacio-de-barcelona\/personal-directiu-professional-no-funcionari-2\/","title":{"rendered":"PERSONAL DIRECTIU PROFESSIONAL NO FUNCIONARI"},"content":{"rendered":"<p>&nbsp;<\/p>\n<p><img loading=\"lazy\" decoding=\"async\" class=\"wp-image-189\" title=\"Secci\u00f3 Sindical de la Diutaci\u00f3 de Barcelona de la Federaci\u00f3 Sindical de Catalunya\" src=\"http:\/\/ccoo.app\/diputacio-de-barcelona\/wp-content\/blogs.dir\/6\/files\/sites\/186\/2015\/12\/ccoo-fsc-cat.png\" alt=\"Secci\u00f3 Sindical de la Diputaci\u00f3 de Barcelona de la Federaci\u00f3 Sindical de Catalunya\" width=\"469\" height=\"90\" \/><\/p>\n<p class=\"wp-caption-text\">Secci\u00f3 Sindical de la Diputaci\u00f3 de Barcelona<\/p>\n<h3 style=\"text-align: center\"><\/h3>\n<h3 class=\"widget-title\">PERSONAL DIRECTIU PROFESSIONAL NO FUNCIONARI<\/h3>\n<h3 style=\"text-align: center\"><strong><span style=\"color: #ff0000\">PERSONAL DIRECTIU PROFESSIONAL <\/span><\/strong><\/h3>\n<h2 style=\"text-align: center\"><strong><span style=\"color: #ff0000\">NO FUNCIONARI<\/span><\/strong><\/h2>\n<p style=\"text-align: justify\">El Ple de la Diputaci\u00f3 de Barcelona, abans que tinguessin lloc les eleccions municipals, aprov\u00e0 la modificaci\u00f3 parcial del seu Reglament org\u00e0nic, en relaci\u00f3 al personal directiu professional. Aquesta modificaci\u00f3 <strong>permet que els llocs de personal directiu professional<\/strong> de la Corporaci\u00f3 i dels seus ens instrumentals, tret del que correspon a funcionaris amb habilitaci\u00f3 de car\u00e0cter nacional, puguin ser coberts, amb car\u00e0cter excepcional i mitjan\u00e7ant acord motivat, per personal que <strong>NO ostenti la condici\u00f3 de funcionari<\/strong>.<\/p>\n<p style=\"text-align: justify\">En virtut d\u2019aquest nou Reglament org\u00e0nic, s\u00f3n \u00f2rgans directius professionals el\/la coordinador\/a general, el\/la gerent, els \/les coordinadors\/es <strong>o assimilats<\/strong>\u00a0 en els quals culmini l\u2019organitzaci\u00f3 administrativa de cada \u00e0rea, delegaci\u00f3 o an\u00e0leg, d\u2019acord amb l\u2019estructura organitzativa que aprovi el Ple corporatiu.\u00a0 Aix\u00f2 significa, que els gerents que fins ara tenien for\u00e7osament la condici\u00f3 de funcionari del subgrup A1, poden ser coberts per personal que no ostenti aquesta condici\u00f3.<\/p>\n<p style=\"text-align: justify\">\u00c9s significatiu que aquesta decisi\u00f3 s\u2019adopti poc abans del 30 de juny d\u2019aquest any, data en que s\u2019acaba el termini d\u2019excepcionalitat previst per les entitats locals que complien els objectius previstos a la LRSAL (Llei 27\/20213, de Racionalitat i sostenibilitat\u00a0 de l\u2019Administraci\u00f3 Local). Es a dir, \u00e9s fan aquestes modificacions just abans que s\u2019acab\u00e9s el termini a partir del qual \u00e9s <strong>limita el n\u00famero de personal eventual<\/strong> <strong>i c\u00e0rrecs p\u00fablics<\/strong> amb dedicaci\u00f3 exclusiva.<\/p>\n<p style=\"text-align: justify\">Si, a m\u00e9s, tenim en compte que el concepte <em>assimilat<\/em> \u00e9s un concepte ampli que deixa la porta oberta perqu\u00e8 el Ple corporatiu pugui establir unes denominacions diferents (en \u00fas de les seves facultats d\u2019organitzaci\u00f3 i autonomia) i que <strong>l\u2019excepcionalitat de la norma, massa sovint es converteix amb la norma general,<\/strong> aquesta pot ser una porta per \u00fas d\u2019interessos privats i dels partits i no pas en inter\u00e8s de l\u2019administraci\u00f3 p\u00fablica.<\/p>\n<p style=\"text-align: justify\">No es pot <strong>q\u00fcestionar<\/strong> la legalitat de la decisi\u00f3 per\u00f2 s\u00ed <strong>la legitimitat, l&#8217;oportunitat i l\u2019\u00e8tica de la seva finalitat.<\/strong> Des de CCOO farem tot el que estigui al nostre abast per evitar que l\u2019aplicaci\u00f3 d\u2019aquest canvis respongui a interessos personals o partidistes. Pel que sembla alguns no es volen assabentar de que la societat demana una altra manera de representar-la.<\/p>\n<p style=\"text-align: center\">* \u00a0* \u00a0* \u00a0* \u00a0*<\/p>\n<p><img loading=\"lazy\" decoding=\"async\" class=\"alignleft wp-image-226\" src=\"http:\/\/ccoo.app\/diputacio-de-barcelona\/wp-content\/blogs.dir\/6\/files\/sites\/186\/2016\/04\/estem-decidits-acontinuar-lluitant.png\" alt=\"Estem decidits a continuar lluitant !\" width=\"213\" height=\"89\" \/><\/p>\n<p><img loading=\"lazy\" decoding=\"async\" class=\"wp-image-262 alignright\" src=\"http:\/\/ccoo.app\/diputacio-de-barcelona\/wp-content\/blogs.dir\/6\/files\/sites\/186\/2016\/04\/afiliat_ccoo_cat.gif\" alt=\"Tota la informaci\u00f3 de com afiliar-se a CCOO Catalunya i forlmulari d'alta o baxia.\" width=\"90\" height=\"80\" \/><\/p>\n<p><img loading=\"lazy\" decoding=\"async\" class=\"wp-image-227 aligncenter\" src=\"http:\/\/ccoo.app\/diputacio-de-barcelona\/wp-content\/blogs.dir\/6\/files\/sites\/186\/2016\/04\/logo-peu-300x69.png\" alt=\"logo-peu\" width=\"952\" height=\"219\" srcset=\"https:\/\/ccoo.app\/diputacio-de-barcelona\/wp-content\/blogs.dir\/6\/files\/sites\/186\/2016\/04\/logo-peu-300x69.png 300w, https:\/\/ccoo.app\/diputacio-de-barcelona\/wp-content\/blogs.dir\/6\/files\/sites\/186\/2016\/04\/logo-peu.png 557w\" sizes=\"auto, (max-width: 952px) 100vw, 952px\" \/><\/p>\n<p style=\"text-align: center\"><small><\/small><small>Formulari d&#8217;<a href=\"\/afiliat\/\">alta<\/a>, <a href=\"\/afiliat\/\">baixa <\/a>o <a href=\"\/afiliat\/\">modificaci\u00f3 <\/a>de les dades personals o<br \/>\ncontacta&#8217;ns a trav\u00e9s del tel\u00e8fon<strong> 934 022 985<\/strong> o correu: <a href=\"mailto:ccoo@diba.cat\"><strong>ccoo@diba.cat<\/strong><\/a><\/small><\/p>\n","protected":false},"excerpt":{"rendered":"<p>&nbsp; Secci\u00f3 Sindical de la Diputaci\u00f3 de Barcelona PERSONAL DIRECTIU PROFESSIONAL NO FUNCIONARI PERSONAL DIRECTIU PROFESSIONAL NO FUNCIONARI El Ple de la Diputaci\u00f3 de Barcelona, abans que tinguessin lloc les &#8230; <\/p>\n<p class=\"read-more-container\"><a title=\"PERSONAL DIRECTIU PROFESSIONAL NO FUNCIONARI\" class=\"read-more button\" href=\"https:\/\/ccoo.app\/diputacio-de-barcelona\/personal-directiu-professional-no-funcionari-2\/#more-711\" aria-label=\"Leer m\u00e1s sobre PERSONAL DIRECTIU PROFESSIONAL NO FUNCIONARI\">Continuar llegint<\/a><\/p>\n","protected":false},"author":4519,"featured_media":255,"comment_status":"open","ping_status":"open","sticky":false,"template":"","format":"standard","meta":{"footnotes":""},"categories":[38,19],"tags":[],"class_list":["post-711","post","type-post","status-publish","format-standard","has-post-thumbnail","hentry","category-a-tot-el-personal","category-comunicats","generate-columns","tablet-grid-50","mobile-grid-100","grid-parent","grid-50"],"_links":{"self":[{"href":"https:\/\/ccoo.app\/diputacio-de-barcelona\/wp-json\/wp\/v2\/posts\/711","targetHints":{"allow":["GET"]}}],"collection":[{"href":"https:\/\/ccoo.app\/diputacio-de-barcelona\/wp-json\/wp\/v2\/posts"}],"about":[{"href":"https:\/\/ccoo.app\/diputacio-de-barcelona\/wp-json\/wp\/v2\/types\/post"}],"author":[{"embeddable":true,"href":"https:\/\/ccoo.app\/diputacio-de-barcelona\/wp-json\/wp\/v2\/users\/4519"}],"replies":[{"embeddable":true,"href":"https:\/\/ccoo.app\/diputacio-de-barcelona\/wp-json\/wp\/v2\/comments?post=711"}],"version-history":[{"count":0,"href":"https:\/\/ccoo.app\/diputacio-de-barcelona\/wp-json\/wp\/v2\/posts\/711\/revisions"}],"wp:featuredmedia":[{"embeddable":true,"href":"https:\/\/ccoo.app\/diputacio-de-barcelona\/wp-json\/wp\/v2\/media\/255"}],"wp:attachment":[{"href":"https:\/\/ccoo.app\/diputacio-de-barcelona\/wp-json\/wp\/v2\/media?parent=711"}],"wp:term":[{"taxonomy":"category","embeddable":true,"href":"https:\/\/ccoo.app\/diputacio-de-barcelona\/wp-json\/wp\/v2\/categories?post=711"},{"taxonomy":"post_tag","embeddable":true,"href":"https:\/\/ccoo.app\/diputacio-de-barcelona\/wp-json\/wp\/v2\/tags?post=711"}],"curies":[{"name":"wp","href":"https:\/\/api.w.org\/{rel}","templated":true}]}}