{"id":7067,"date":"2020-11-08T14:15:20","date_gmt":"2020-11-08T13:15:20","guid":{"rendered":"https:\/\/diba.ccoo.cat\/?p=7067"},"modified":"2023-10-17T14:03:13","modified_gmt":"2023-10-17T12:03:13","slug":"06-11-2020-css-diba","status":"publish","type":"post","link":"https:\/\/ccoo.app\/diputacio-de-barcelona\/06-11-2020-css-diba\/","title":{"rendered":"143\/COVID-19 06.11.2020 RESUM DE LA REUNI\u00d3 DEL COMIT\u00c8 DE SEGURETAT I SALUT"},"content":{"rendered":"<p><a href=\"https:\/\/diba.ccoo.cat\/\"><img loading=\"lazy\" decoding=\"async\" class=\"wp-image-5909 aligncenter\" src=\"http:\/\/ccoo.app\/diputacio-de-barcelona\/wp-content\/blogs.dir\/6\/files\/sites\/186\/2020\/05\/nota-1-300x86.png\" alt=\"\" width=\"92\" height=\"27\" srcset=\"https:\/\/ccoo.app\/diputacio-de-barcelona\/wp-content\/blogs.dir\/6\/files\/sites\/186\/2020\/05\/nota-1-300x86.png 300w, https:\/\/ccoo.app\/diputacio-de-barcelona\/wp-content\/blogs.dir\/6\/files\/sites\/186\/2020\/05\/nota-1.png 339w\" sizes=\"auto, (max-width: 92px) 100vw, 92px\" \/><\/a><\/p>\n<p class=\"wp-caption-text\"><a href=\"https:\/\/diba.ccoo.cat\/\"><img loading=\"lazy\" decoding=\"async\" class=\"wp-image-1853 aligncenter\" src=\"http:\/\/ccoo.app\/diputacio-de-barcelona\/wp-content\/blogs.dir\/6\/files\/sites\/186\/2018\/01\/logoccoov18.jpg\" alt=\"\" width=\"240\" height=\"110\" \/><\/a><\/p>\n<p style=\"text-align: center\"><span style=\"font-family: 'arial black', sans-serif;color: #0000ff;font-size: 24px\">\u00a0<\/span><span style=\"font-family: 'arial black', sans-serif;color: #0000ff;font-size: 24px\">REUNI\u00d3 DEL COMIT\u00c8 DE SEGURETAT I SALUT DEL 06.11.2020<\/span><\/p>\n<p style=\"text-align: center\"><span style=\"font-family: arial, helvetica, sans-serif;font-size: 14px;color: #000000\">&#8211; 8 de novembre de 2020-<\/span><\/p>\n<p style=\"text-align: center\"><span style=\"text-decoration: underline;color: #000000\"><span style=\"font-family: 'arial black', sans-serif\">INCLOU INFORMACI\u00d3 REBUDA I PETICIONS DE CCOO<\/span><\/span><\/p>\n<p style=\"text-align: justify\"><span style=\"color: #000000\"><span style=\"font-family: arial, helvetica, sans-serif\"><strong><span style=\"font-family: 'arial black', sans-serif\">DADES D&#8217;AFECTACI\u00d3 EN EL PERSONAL (actualitzaci\u00f3 setmanal) <\/span><\/strong><\/span>Aquestes s\u00f3n les dades tant de persones treballadores que s&#8217;han vist afectades com dels test diagnosi que s&#8217;han realitzat fins al moment:\u00a0<\/span><\/p>\n<ul>\n<li><span style=\"color: #000000\">76 casos possibles i 102 casos confirmats mitjan\u00e7ant test.<\/span><\/li>\n<\/ul>\n<ul>\n<li><span style=\"color: #000000\">Tests realitzats:<\/span>\n<ul>\n<li><span style=\"color: #000000\">RESPIR: 672 tests r\u00e0pids i 969 PCR<\/span><\/li>\n<li><span style=\"color: #000000\">Resta d\u2019empleats: 1526 tests r\u00e0pids i 14 PCR (aquests es fan en \u00abla resta de personal\u00bb nom\u00e9s si el test r\u00e0pid dona positiu).<\/span><\/li>\n<\/ul>\n<\/li>\n<\/ul>\n<p style=\"text-align: left\"><span style=\"color: #000000\">A RESPIR hi ha hagut <strong>3 contagis entre les persones usu\u00e0ries<\/strong>. Es pensa que el contagi no s&#8217;ha produ\u00eft en el Pavell\u00f3 Nord sin\u00f3 que era anterior al seu ingr\u00e9s al centre.<\/span><\/p>\n<p><span style=\"color: #000000\">Finalment, ens recorden que el seguiment dels contagis que no es produeixen en l&#8217;\u00e0mbit laboral el fa l&#8217;INSS.<\/span><\/p>\n<p><img loading=\"lazy\" decoding=\"async\" class=\" wp-image-6923 aligncenter\" src=\"http:\/\/ccoo.app\/diputacio-de-barcelona\/wp-content\/blogs.dir\/6\/files\/sites\/186\/2020\/10\/prova-2-300x169.jpg\" alt=\"\" width=\"201\" height=\"113\" srcset=\"https:\/\/ccoo.app\/diputacio-de-barcelona\/wp-content\/blogs.dir\/6\/files\/sites\/186\/2020\/10\/prova-2-300x169.jpg 300w, https:\/\/ccoo.app\/diputacio-de-barcelona\/wp-content\/blogs.dir\/6\/files\/sites\/186\/2020\/10\/prova-2-768x432.jpg 768w, https:\/\/ccoo.app\/diputacio-de-barcelona\/wp-content\/blogs.dir\/6\/files\/sites\/186\/2020\/10\/prova-2.jpg 1024w\" sizes=\"auto, (max-width: 201px) 100vw, 201px\" \/><\/p>\n<p style=\"text-align: justify\"><span style=\"color: #000000\"><span style=\"font-family: arial, helvetica, sans-serif\"><span style=\"font-family: 'arial black', sans-serif\"><strong>SISTEMA DE SUPORT I ATENCI\u00d3 PSICOL\u00d2GICA <\/strong><\/span><\/span>\u00c9s tracta d\u2019un servei pels empleats de la Diputaci\u00f3 de Barcelona orientat a la gesti\u00f3 de l&#8217;estr\u00e8s del personal identificat com a essencial que ha de treballar presencialment i als que han de treballar des de casa en les actuals prec\u00e0ries circumst\u00e0ncies. Tamb\u00e9, va dirigit a les persones que s&#8217;hagin contagiat o hagin hagut de patir la mort d&#8217;algun familiar.<\/span><\/p>\n<p><span style=\"color: #000000\">Aquest servei ha at\u00e8s a 42 persones que ha suposat 142 actuacions de seguiment.\u00a0<\/span><\/p>\n<p><span style=\"color: #000000\">Necessites ajuda ? Clica<\/span> <a style=\"font-family: arial, helvetica, sans-serif;font-size: inherit\" href=\"https:\/\/diba.ccoo.cat\/suport-i-atencio-psicologica\/\"><span style=\"font-family: 'arial black', sans-serif;color: #0000ff\">aqu\u00ed<\/span><\/a><span style=\"color: #000000;font-family: arial, helvetica, sans-serif;font-size: inherit\">.<\/span><\/p>\n<p><img loading=\"lazy\" decoding=\"async\" class=\"wp-image-7068 aligncenter\" src=\"https:\/\/diba.ccoo.cat\/wp-content\/uploads\/sites\/37\/2020\/11\/ajuda-psicologica-300x300.jpg\" alt=\"\" width=\"150\" height=\"150\" \/><\/p>\n<p><span style=\"color: #000000\"><span style=\"font-family: arial, helvetica, sans-serif\"><span style=\"font-family: 'arial black', sans-serif\">AUTORITZACIONS PER A REALITZAR DESPLA\u00c7AMENTS DURANT EL CONFINAMENT <\/span><\/span>\u00a0El nostre posicionament el podeu trobar en el seg\u00fcent enlla\u00e7 (cliqueu <a href=\"https:\/\/diba.ccoo.cat\/autoritzacio-per-desplacament\/\"><strong><span style=\"color: #0000ff\">aqu\u00ed<\/span><\/strong><\/a>).<\/span><\/p>\n<p><span style=\"color: #000000\">Observem que encara no s&#8217;est\u00e0 fent arribar el document a tothom al\u00b7legant que no el necessiten. Recordem que tenim persones que el necessita al mat\u00ed i d&#8217;altres a la tarda\/nit perqu\u00e8 viuen molt lluny del seu centre de treball i per tant, s&#8217;han de despla\u00e7ar durant les primeres o les \u00faltimes hores del confinament setmanal. El confinament de cap de setmana comen\u00e7a els divendres a les 6 del mat\u00ed i acaba els dilluns a les 6 del mat\u00ed.<\/span><\/p>\n<p><span style=\"color: #000000\">Mentre no es doni una soluci\u00f3 global, CCOO-Diba us fem alguna recomanaci\u00f3 (cliqueu <a href=\"https:\/\/diba.ccoo.cat\/autoritzacio-per-desplacament\/\"><strong><span style=\"color: #0000ff\">aqu\u00ed<\/span><\/strong><\/a>). Quedem a la vostra disposici\u00f3.<\/span><\/p>\n<p><img loading=\"lazy\" decoding=\"async\" class=\"wp-image-6994 aligncenter\" src=\"http:\/\/ccoo.app\/diputacio-de-barcelona\/wp-content\/blogs.dir\/6\/files\/sites\/186\/2020\/10\/mossos-300x150.jpg\" alt=\"\" width=\"198\" height=\"99\" srcset=\"https:\/\/ccoo.app\/diputacio-de-barcelona\/wp-content\/blogs.dir\/6\/files\/sites\/186\/2020\/10\/mossos-300x150.jpg 300w, https:\/\/ccoo.app\/diputacio-de-barcelona\/wp-content\/blogs.dir\/6\/files\/sites\/186\/2020\/10\/mossos-1024x512.jpg 1024w, https:\/\/ccoo.app\/diputacio-de-barcelona\/wp-content\/blogs.dir\/6\/files\/sites\/186\/2020\/10\/mossos-768x384.jpg 768w, https:\/\/ccoo.app\/diputacio-de-barcelona\/wp-content\/blogs.dir\/6\/files\/sites\/186\/2020\/10\/mossos-1536x768.jpg 1536w, https:\/\/ccoo.app\/diputacio-de-barcelona\/wp-content\/blogs.dir\/6\/files\/sites\/186\/2020\/10\/mossos.jpg 1600w\" sizes=\"auto, (max-width: 198px) 100vw, 198px\" \/><\/p>\n<p><span style=\"color: #000000\"><span style=\"font-family: arial, helvetica, sans-serif\"><span style=\"font-family: 'arial black', sans-serif\">CLIMATITZACI\u00d3 I RENOVACI\u00d3 D&#8217;AIRE <\/span><\/span>La setmana passada la corporaci\u00f3 ja <strong>va recollir la nostra proposta<\/strong> d&#8217;estudi per a con\u00e8ixer si la renovaci\u00f3 d&#8217;aire (recentment canviat a \u00abmode hivern\u00bb) segueix sent correcte i dins dels par\u00e0metres saludables.\u00a0<\/span><\/p>\n<p><span style=\"color: #000000\"><img loading=\"lazy\" decoding=\"async\" class=\" wp-image-6926 aligncenter\" src=\"http:\/\/ccoo.app\/diputacio-de-barcelona\/wp-content\/blogs.dir\/6\/files\/sites\/186\/2020\/10\/filtros-hepa-300x244.png\" alt=\"\" width=\"151\" height=\"123\" srcset=\"https:\/\/ccoo.app\/diputacio-de-barcelona\/wp-content\/blogs.dir\/6\/files\/sites\/186\/2020\/10\/filtros-hepa-300x244.png 300w, https:\/\/ccoo.app\/diputacio-de-barcelona\/wp-content\/blogs.dir\/6\/files\/sites\/186\/2020\/10\/filtros-hepa.png 317w\" sizes=\"auto, (max-width: 151px) 100vw, 151px\" \/><\/span><\/p>\n<p><span style=\"color: #000000\">A la reuni\u00f3, tamb\u00e9 ens han fet saber que els t\u00e8cnics corporatius <strong>ja estan estudiant la proposta que vam fer la setmana passada<\/strong> relacionada amb purificar l&#8217;aire dels centres de treball (ens preocupa especialment els m\u00e9s petits). Ja veurem si, tal com deman\u00e0vem, s&#8217;utilitzaran els filtres d&#8217;aire <a style=\"color: #000000\" href=\"https:\/\/www.niusdiario.es\/sociedad\/sanidad\/filtros-hepa-que-son-utiles-reducir-contagio-covid-19-coronavirus-interiores_18_3026370105.html\"><strong><span style=\"color: #0000ff\">Hepa<\/span> <\/strong><\/a>\u00a0o d&#8217;altres. La q\u00fcesti\u00f3 m\u00e9s important \u00e9s evitar al m\u00e0xim els contagis que es poden donar per aerosols generats (cliqueu <\/span><a href=\"https:\/\/elpais.com\/ciencia\/2020-10-24\/un-salon-un-bar-y-una-clase-asi-contagia-el-coronavirus-en-el-aire.html\"><strong><span style=\"color: #0000ff\">aqu\u00ed<\/span><\/strong><\/a><span style=\"color: #000000\"> per llegir la not\u00edcia).<\/span><\/p>\n<p><span style=\"color: #000000\">Reiterem la nostra petici\u00f3 respecte a que s&#8217;elabori protocols per a que tot el personal pugui saber com poden afavorir la correcte ventilaci\u00f3 dels seus centres de treball.<\/span><\/p>\n<p><img loading=\"lazy\" decoding=\"async\" class=\"wp-image-7069 aligncenter\" src=\"http:\/\/ccoo.app\/diputacio-de-barcelona\/wp-content\/blogs.dir\/6\/files\/sites\/186\/2020\/11\/contagi-aerosol-300x186.jpg\" alt=\"\" width=\"269\" height=\"167\" srcset=\"https:\/\/ccoo.app\/diputacio-de-barcelona\/wp-content\/blogs.dir\/6\/files\/sites\/186\/2020\/11\/contagi-aerosol-300x186.jpg 300w, https:\/\/ccoo.app\/diputacio-de-barcelona\/wp-content\/blogs.dir\/6\/files\/sites\/186\/2020\/11\/contagi-aerosol-1024x634.jpg 1024w, https:\/\/ccoo.app\/diputacio-de-barcelona\/wp-content\/blogs.dir\/6\/files\/sites\/186\/2020\/11\/contagi-aerosol-768x476.jpg 768w, https:\/\/ccoo.app\/diputacio-de-barcelona\/wp-content\/blogs.dir\/6\/files\/sites\/186\/2020\/11\/contagi-aerosol-1536x951.jpg 1536w, https:\/\/ccoo.app\/diputacio-de-barcelona\/wp-content\/blogs.dir\/6\/files\/sites\/186\/2020\/11\/contagi-aerosol.jpg 1960w\" sizes=\"auto, (max-width: 269px) 100vw, 269px\" \/><\/p>\n<p><span style=\"color: #000000\"><span style=\"font-family: arial, helvetica, sans-serif\"><span style=\"font-family: 'arial black', sans-serif\">CUINA DE MUNDET <\/span><\/span>\u00a0Ja portem setmanes\u00a0 denunciant que no es realitza cap neteja entre torns, manca cartelleria i no s&#8217;han establit torns d&#8217;entrada i sortida (entre altres aspectes).<\/span><\/p>\n<p><span style=\"color: #000000\">L&#8217;OPRL ja va passar per la cuina a revisar el que denunci\u00e0vem i han donat indicacions. Afegeixen que ja s&#8217;ha habilitat un espai per a que el personal pugui esmorzar i dinar tal com tamb\u00e9 sol\u00b7licit\u00e0vem.\u00a0<\/span><\/p>\n<p><img loading=\"lazy\" decoding=\"async\" class=\"wp-image-3338 aligncenter\" src=\"http:\/\/ccoo.app\/diputacio-de-barcelona\/wp-content\/blogs.dir\/6\/files\/sites\/186\/2019\/01\/aaaaaaaaaaaaaaaaaaaaaaaaaaaaaaaaaaaaaaaaaaaaaaa-300x263.jpg\" alt=\"\" width=\"175\" height=\"153\" \/><\/p>\n<p><span style=\"color: #000000\"><span style=\"font-family: arial, helvetica, sans-serif\"><span style=\"font-family: 'arial black', sans-serif\">PATRONAT D&#8217;APOSTES <\/span><\/span>Tornem a repetir el que vam dir la setmana passada: no estem d&#8217;acord amb la indicaci\u00f3 de que no es porti cap registre de la jornada (d&#8217;entrada i sortida) per les conseq\u00fc\u00e8ncies legals que podria tenir. <\/span><\/p>\n<p><span style=\"color: #000000\">El nostre Protocol permet:<\/span><\/p>\n<ul>\n<li><span style=\"color: #000000\">Treball a dist\u00e0ncia<\/span><\/li>\n<li><span style=\"color: #000000\">M\u00ednima pres\u00e8ncia de 4 hores i 30 minuts di\u00e0ria establerta per a cada empleat\/ada i s\u2019eximeix de la pres\u00e8ncia f\u00edsica la resta d\u2019hores no assolides presencialment.<\/span><\/li>\n<\/ul>\n<p><span style=\"color: #000000\">Per tant, exigim que es mantingui un registre (sigui l&#8217;ordinari o un altre) per a que,\u00a0 en cap cas, el personal es vegi afectat per una manca de seguretat jur\u00eddica.\u00a0<\/span><\/p>\n<p><span style=\"color: #000000\">Finalment, no s&#8217;estan fent torns de treball, ni s&#8217;ajusta la presencialitat del personal a les necessitats del servei. No ens consta que es facin les neteges especials indicades als nostre Protocol. Tampoc sabem si la ventilaci\u00f3 i renovaci\u00f3 d&#8217;aire, especialment en les plantes inferiors (soterrani) de l&#8217;edifici, \u00e9s correcte.<\/span><\/p>\n<p><span style=\"color: #000000\">Diuen que s&#8217;ha traslladat a la ger\u00e8ncia (Sr. Boltaina) aquestes q\u00fcestions.<\/span><\/p>\n<p><img loading=\"lazy\" decoding=\"async\" class=\"wp-image-6855 aligncenter\" src=\"http:\/\/ccoo.app\/diputacio-de-barcelona\/wp-content\/blogs.dir\/6\/files\/sites\/186\/2020\/10\/xbm-300x71.png\" alt=\"\" width=\"249\" height=\"59\" srcset=\"https:\/\/ccoo.app\/diputacio-de-barcelona\/wp-content\/blogs.dir\/6\/files\/sites\/186\/2020\/10\/xbm-300x71.png 300w, https:\/\/ccoo.app\/diputacio-de-barcelona\/wp-content\/blogs.dir\/6\/files\/sites\/186\/2020\/10\/xbm.png 377w\" sizes=\"auto, (max-width: 249px) 100vw, 249px\" \/><\/p>\n<p><span style=\"color: #000000\"><span style=\"font-family: arial, helvetica, sans-serif\"><span style=\"font-family: 'arial black', sans-serif\">BIBLIOTEQUES XBM <\/span><\/span>La setmana passada ens informaven que era d&#8217;aplicaci\u00f3 al nostre personal les seg\u00fcents mesures:<\/span><\/p>\n<ul>\n<li><span style=\"color: #000000\">No realitzar jornada partida<\/span><\/li>\n<li><span style=\"color: #000000\">Que no acabin la seva jornada despr\u00e9s de les 20.45h<\/span><\/li>\n<li><span style=\"color: #000000\">Que no facin jornades superiors a 7,5 hores.<\/span><\/li>\n<\/ul>\n<p><span style=\"color: #000000\">Tamb\u00e9 teniem coneixement que les indicacions eren que l&#8217;obertura de les biblioteques es mantingu\u00e9s dins d&#8217;uns marges marcats pel nombre d&#8217;habitants de cada poblaci\u00f3. <strong>CCOO-Diba hem constatat que es superen el nombre d&#8217;hores<\/strong> a municipis com el de l&#8217;Hospitalet, Granollers o Manresa (per posar alguns exemples). Superar el nombre d&#8217;hores suposa m\u00e9s complicacions per a establir mesures com el treball a torn, la divisi\u00f3 d&#8217;equips o la jornada intensiva tamb\u00e9 al personal municipal.<\/span><\/p>\n<p><span style=\"color: #000000\">No podem entendre com no s&#8217;ajusta encara m\u00e9s les hores d&#8217;obertura de les biblioteques, quan el servei que es pot oferir, segon el PROCICAT, \u00e9s el seg\u00fcent:<\/span><\/p>\n<ul>\n<li><span style=\"color: #000000\">L\u2019acc\u00e9s a les biblioteques es limita a la recollida i lliurament de documents reservats per al pr\u00e9stec (es realitzar\u00e0 preferentment amb cita pr\u00e8via).<\/span><\/li>\n<\/ul>\n<p><span style=\"color: #000000\">No es poden dur a terme activitats formatives, culturals, de lleure, etc. que siguin presencials.<\/span><\/p>\n<p><img loading=\"lazy\" decoding=\"async\" class=\"wp-image-7073 aligncenter\" src=\"http:\/\/ccoo.app\/diputacio-de-barcelona\/wp-content\/blogs.dir\/6\/files\/sites\/186\/2020\/11\/menjadors-300x166.jpg\" alt=\"\" width=\"195\" height=\"108\" srcset=\"https:\/\/ccoo.app\/diputacio-de-barcelona\/wp-content\/blogs.dir\/6\/files\/sites\/186\/2020\/11\/menjadors-300x166.jpg 300w, https:\/\/ccoo.app\/diputacio-de-barcelona\/wp-content\/blogs.dir\/6\/files\/sites\/186\/2020\/11\/menjadors.jpg 672w\" sizes=\"auto, (max-width: 195px) 100vw, 195px\" \/><\/p>\n<p><span style=\"color: #000000\"><span style=\"font-family: arial, helvetica, sans-serif\"><span style=\"font-family: 'arial black', sans-serif\">OBERTURA DE MENJADORS <\/span><\/span>Recentment us vam informar de la intenci\u00f3 de reobrir alguns menjadors o sales de descans (cliqueu <a href=\"https:\/\/diba.ccoo.cat\/sales-de-descans-i-menjadors\/\"><strong><span style=\"color: #0000ff\">aqu\u00ed<\/span><\/strong><\/a> per a recordar la noticia i veure les condicions d&#8217;\u00fas).<\/span><\/p>\n<p><span style=\"color: #000000\">Fem evident que alguns col\u00b7lectius encara no disposen d&#8217;un lloc adient. Aquest \u00e9s el cas del p<strong>ersonal de jardineria del recinte de la Maternitat i de Torribera<\/strong> (que tamb\u00e9 podria servir per altres persones). A m\u00e9s de les baixes temperatures, s&#8217;ha de tenir en compte que en aquest moment est\u00e0 PROHIBIT menjar al carrer. Per tant, la soluci\u00f3 no pot ser que senzillament esmorzin al taller ja que aquests no compleixen les m\u00ednimes condicions de salubritat.<\/span><\/p>\n<p><span style=\"color: #000000\">Ens indiquen que ja estan buscant espais per aquests companys i companyes.<\/span><\/p>\n<p><span style=\"color: #000000\"><img loading=\"lazy\" decoding=\"async\" class=\"wp-image-7074 aligncenter\" src=\"http:\/\/ccoo.app\/diputacio-de-barcelona\/wp-content\/blogs.dir\/6\/files\/sites\/186\/2020\/11\/flor-de-maig-300x126.jpg\" alt=\"\" width=\"195\" height=\"82\" srcset=\"https:\/\/ccoo.app\/diputacio-de-barcelona\/wp-content\/blogs.dir\/6\/files\/sites\/186\/2020\/11\/flor-de-maig-300x126.jpg 300w, https:\/\/ccoo.app\/diputacio-de-barcelona\/wp-content\/blogs.dir\/6\/files\/sites\/186\/2020\/11\/flor-de-maig-768x323.jpg 768w, https:\/\/ccoo.app\/diputacio-de-barcelona\/wp-content\/blogs.dir\/6\/files\/sites\/186\/2020\/11\/flor-de-maig.jpg 833w\" sizes=\"auto, (max-width: 195px) 100vw, 195px\" \/><\/span><\/p>\n<p><span style=\"color: #000000\"><span style=\"font-family: arial, helvetica, sans-serif\"><span style=\"font-family: 'arial black', sans-serif\">PERSONAL DE DIPUTACI\u00d3 A FLOR DE MAIG I AL CONSORCI SANITARI DE MATERNITAT <\/span><\/span>Tant CCOO com UGT hem demanat saber com s&#8217;est\u00e0 complint el nostre Protocol en aquests centres de treball que tenen personal de Diputaci\u00f3 treballant. Ens diuen que esperen resposta de les respectives ger\u00e8ncies i els hi demanaran una reuni\u00f3.<\/span><\/p>\n<p><span style=\"color: #000000\"><img loading=\"lazy\" decoding=\"async\" class=\"wp-image-7027 aligncenter\" src=\"http:\/\/ccoo.app\/diputacio-de-barcelona\/wp-content\/blogs.dir\/6\/files\/sites\/186\/2020\/11\/cameres-seguretat-300x300.jpg\" alt=\"\" width=\"198\" height=\"198\" srcset=\"https:\/\/ccoo.app\/diputacio-de-barcelona\/wp-content\/blogs.dir\/6\/files\/sites\/186\/2020\/11\/cameres-seguretat-300x300.jpg 300w, https:\/\/ccoo.app\/diputacio-de-barcelona\/wp-content\/blogs.dir\/6\/files\/sites\/186\/2020\/11\/cameres-seguretat-150x150.jpg 150w, https:\/\/ccoo.app\/diputacio-de-barcelona\/wp-content\/blogs.dir\/6\/files\/sites\/186\/2020\/11\/cameres-seguretat.jpg 500w\" sizes=\"auto, (max-width: 198px) 100vw, 198px\" \/><\/span><\/p>\n<p><span style=\"color: #000000\"><span style=\"font-family: 'arial black', sans-serif\"><b>ORGT: <\/b><\/span><span style=\"font-family: 'arial black', sans-serif\"><b>C\u00c0MERES DE SEGURETAT A LES OFICINES I ALTRES TEMES <\/b><\/span>CCOO-Diba reiterem la nostra petici\u00f3 d&#8217;informaci\u00f3 respecte a qu\u00e8 imatges s&#8217;estan enregistrant. Ens preocupa que algunes d&#8217;aquestes nom\u00e9s captin imatges dels empleats i empleades (les quals no tindrien cap sentit) o ho facin\u00a0 de manera permanent al llarg de tota la jornada.\u00a0<\/span><\/p>\n<p><span style=\"color: #000000\">Recordem que CCOO vam demanar <strong>mampares i guardes de seguretat<\/strong> per a fer front als episodis de viol\u00e8ncia a les oficines. La resposta de la Diputaci\u00f3 va ser prendre la decisi\u00f3 d&#8217;instal\u00b7lar les mampares i c\u00e0meres de v\u00eddeo-vigil\u00e0ncia (que no hav\u00edem demanat).<\/span><\/p>\n<p><span style=\"color: #000000\"><strong>HORARIS D&#8217;OBERTURA<\/strong> Tornem a demanar que s\u2019organitzi l\u2019obertura de les oficines concentrant totes les cites en alguns dies de la setmana per evitar al m\u00e0xim el despla\u00e7aments.\u00a0<\/span><\/p>\n<p><span style=\"color: #000000\">Tal com s&#8217;ha fet amb la resta del personal amb treball presencial de la Diputaci\u00f3, demanem les dades de presencialitat de l&#8217;organisme, es a dir, el nombre concret de persones que treballen presencialment.<\/span><\/p>\n<p><span style=\"color: #000000\">Detectem que alguns empleats i empleades (especialment les persones que treballen presencialment) tenen sobrecarregues de feina perqu\u00e8 no nom\u00e9s fan atenci\u00f3 directe a l&#8217;oficina, sin\u00f3 tamb\u00e9 han de fer-la telef\u00f2nica. La ger\u00e8ncia coincideix amb nosaltres i estant tractar de trobar solucions amb els Caps d&#8217;Unitat. Diuen que intentaran baixar el nombre de dies de presencialitat del personal per\u00f2 que en cap cas suposar\u00e0 rebaixar el nombre de dies d&#8217;obertura de les oficines.<\/span><\/p>\n<p><span style=\"color: #000000\"><strong>CARTELLERIA M\u00c9S VISIBLE RELACIONADA AMB LA \u00abCITA PR\u00c8VIA\u00bb <\/strong>La setmana passada, assenyal\u00e0vem un augment de situacions conflictives relacionades amb la cita pr\u00e8via. Com a soluci\u00f3, s&#8217;ha fet cartelleria m\u00e9s gran, i per tant m\u00e9s visible, per evitar que les persones usu\u00e0ries que no tinguin programada una cita, esperin in\u00fatilment.<\/span><\/p>\n<p><span style=\"color: #000000\"><strong>MAMPARES DE PROTECCI\u00d3 A MEJIA LEQUERICA<\/strong>\u00a0 Ja s&#8217;est\u00e0 donant resposta a la nostra petici\u00f3 de que es revisin les mampares instal\u00b7lades. En qualsevol cas, d&#8217;acord amb la situaci\u00f3 descrita per a CCOO, han decidit passar de 3 a 2 persones les que coincidiran en aquest espai d&#8217;atenci\u00f3.<\/span><\/p>\n<p><span style=\"color: #000000\"><strong>NOVES MEDICIONS A LES OFICINES<\/strong> Demanem que es facin noves medicions tenint en compte que les anteriors es vam prendre abans de la instal\u00b7laci\u00f3 de les mampares. Ens responent que es tornaran a fer.<\/span><\/p>\n<p><span style=\"color: #000000\"><strong>REGISTRES DE NETEGES<\/strong> Tot i que ens van informar que ja s&#8217;havia fixat un document\/registre a les oficines per a informar de manera visible quan es feien les neteges, a les nostres visites efectuades hem comprovat in situ que no \u00e9s aix\u00ed (al menys en tots els llocs). Ho hem fet evident a la reuni\u00f3.<\/span><\/p>\n<p><span style=\"color: #000000\"><strong>CERTIFICATS DE DESPLA\u00c7AMENTS<\/strong> S&#8217;est\u00e0 enviant a TOT el personal presencial.<\/span><\/p>\n<p><span style=\"color: #000000\"><strong>SALES DE DESCANS<\/strong> S&#8217;est\u00e0 analitzant si es pot respondre a la petici\u00f3 que fan alguns empleats i empleades de reobrir aquests espais.<\/span><\/p>\n<p><img loading=\"lazy\" decoding=\"async\" class=\"wp-image-7019 aligncenter\" src=\"http:\/\/ccoo.app\/diputacio-de-barcelona\/wp-content\/blogs.dir\/6\/files\/sites\/186\/2020\/11\/wc-distancia-300x194.png\" alt=\"\" width=\"176\" height=\"114\" srcset=\"https:\/\/ccoo.app\/diputacio-de-barcelona\/wp-content\/blogs.dir\/6\/files\/sites\/186\/2020\/11\/wc-distancia-300x194.png 300w, https:\/\/ccoo.app\/diputacio-de-barcelona\/wp-content\/blogs.dir\/6\/files\/sites\/186\/2020\/11\/wc-distancia.png 331w\" sizes=\"auto, (max-width: 176px) 100vw, 176px\" \/><\/p>\n<p><span style=\"color: #000000\"><span style=\"font-family: arial, helvetica, sans-serif\"><span style=\"font-family: 'arial black', sans-serif\">URINARIS D&#8217;HOMES <\/span><\/span>D&#8217;acord amb la nostra petici\u00f3, ens diuen que en breu inhabilitaran alguns urinaris d&#8217;homes per a garantir la dist\u00e0ncia de seguretat durant la seva utilitzaci\u00f3.\u00a0<\/span><\/p>\n<p><img loading=\"lazy\" decoding=\"async\" class=\"wp-image-6773 aligncenter\" src=\"http:\/\/ccoo.app\/diputacio-de-barcelona\/wp-content\/blogs.dir\/6\/files\/sites\/186\/2020\/09\/lupa-300x255.jpg\" alt=\"\" width=\"145\" height=\"123\" srcset=\"https:\/\/ccoo.app\/diputacio-de-barcelona\/wp-content\/blogs.dir\/6\/files\/sites\/186\/2020\/09\/lupa-300x255.jpg 300w, https:\/\/ccoo.app\/diputacio-de-barcelona\/wp-content\/blogs.dir\/6\/files\/sites\/186\/2020\/09\/lupa.jpg 339w\" sizes=\"auto, (max-width: 145px) 100vw, 145px\" \/><\/p>\n<p><span style=\"color: #000000\"><span style=\"font-family: arial, helvetica, sans-serif\"><span style=\"font-family: 'arial black', sans-serif\"><span style=\"font-family: 'arial black', sans-serif\"><b>\u00cdNDEX<\/b><\/span><b style=\"font-family: 'arial black', sans-serif\">\u00a0DE RISC MOLT ALT A LA MAJORIA DE MUNICIPIS DE LA <\/b><span style=\"font-family: 'arial black', sans-serif\"><b>PROV\u00cdNCIA<\/b><\/span><b style=\"font-family: 'arial black', sans-serif\"> DE BARCELONA\u00a0<\/b><\/span><\/span><\/span><\/p>\n<p><span style=\"color: #000000\">Cliqueu sobre la seg\u00fcent<\/span> <strong><span style=\"color: #0000ff\">imatge<\/span><\/strong> <span style=\"color: #000000\">per con\u00e8ixer l&#8217;\u00edndex de risc de brot en el municipi on es troba el vostre centre de treball.<\/span><\/p>\n<p><span style=\"color: #000000\"><a style=\"color: #000000\" href=\"https:\/\/www.ccma.cat\/324\/coronavirus\/risc-municipis\/\"><br \/>\n<img loading=\"lazy\" decoding=\"async\" class=\"size-medium wp-image-7013 aligncenter\" src=\"http:\/\/ccoo.app\/diputacio-de-barcelona\/wp-content\/blogs.dir\/6\/files\/sites\/186\/2020\/11\/index-covid-cagtalunya-300x270.png\" alt=\"\" width=\"300\" height=\"270\" srcset=\"https:\/\/ccoo.app\/diputacio-de-barcelona\/wp-content\/blogs.dir\/6\/files\/sites\/186\/2020\/11\/index-covid-cagtalunya-300x270.png 300w, https:\/\/ccoo.app\/diputacio-de-barcelona\/wp-content\/blogs.dir\/6\/files\/sites\/186\/2020\/11\/index-covid-cagtalunya.png 562w\" sizes=\"auto, (max-width: 300px) 100vw, 300px\" \/><\/a><\/span><\/p>\n<p><span style=\"color: #000000\">La<\/span> <strong><em><span style=\"color: #0000ff\"><a style=\"color: #0000ff\" href=\"https:\/\/dogc.gencat.cat\/ca\/pdogc_canals_interns\/pdogc_resultats_fitxa\/?action=fitxa&amp;documentId=885284&amp;language=ca_ES\">Resoluci\u00f3 SLT 2700\/2020<\/a><\/span>, <span style=\"color: #000000\">de 29 d\u2019octubre, <\/span><\/em><\/strong><span style=\"color: #000000\">del Departament de Salut de la Generalitat inclou m<span style=\"font-size: inherit\">esures de prevenci\u00f3 i higiene en centres de treball:<\/span><\/span><\/p>\n<div>\n<p><span style=\"color: #000000\">\u00abS&#8217;obliga els titulars dels centres de treball, p\u00fablics i privats, a limitar al m\u00e0xim la mobilitat laboral de persones treballadores, adoptant les mesures organitzatives i t\u00e8cniques necess\u00e0ries per fer-ho possible. A aquest efecte, han <strong>d&#8217;implementar treball a dist\u00e0ncia<\/strong> o teletreball, llevat quan \u00e9s impossible desenvolupar l&#8217;activitat laboral a dist\u00e0ncia o b\u00e9 quan no es disposa acreditadament dels mitjans per fer-ho. En aquest darrer cas s&#8217;han d&#8217;<strong>establir horaris d&#8217;entrada i sortida esglaonats, flexibilitat hor\u00e0ria o similars. (&#8230;) Adoptar mesures per evitar la coincid\u00e8ncia massiva de persones\u00bb.<\/strong><\/span><\/p>\n<\/div>\n<p><span style=\"color: #000000\">A la Diputaci\u00f3, <strong>el treball en remot \u00e9s l\u2019opci\u00f3 de prestaci\u00f3 de servei priorit\u00e0ria<\/strong> i ho seguir\u00e0 sent probablement m\u00e9s enll\u00e0 del 31 de desembre actualment establert. Aquesta administraci\u00f3 \u00e9s capdavantera en aquest assumpte si ho comparem amb altres del nostre entorn, per exemple l&#8217;Ajuntament de Barcelona.<\/span><\/p>\n<p><span style=\"color: #000000\">Ara b\u00e9, respecte als llocs que for\u00e7osament han de ser presencials, considerem que <strong>es pot implementar encara m\u00e9s mesures<\/strong>. I no ens hem d&#8217;inventar res, nom\u00e9s aplicar all\u00f2 que contempla el nostre Protocol:<\/span><\/p>\n<ul>\n<li><span style=\"color: #000000\">Divisi\u00f3 dels equips de treball en <strong>2 torns de tal manera que es puguin establir quadrants de treball en qu\u00e8 ambd\u00f3s grups no coincideixin.<\/strong>\u00a0Per exemple, establir 2 torns setmanals (dilluns-dimecres-divendres i dimarts-dijous alterns) Aquesta \u00e9s la \u00fanica manera d\u2019evitar que davant un cas positiu per la COVID-19,\u00a0<strong>TOT l\u2019equip es vegi afectat.<\/strong> A m\u00e9s de protegir la salut, quedaria garantida aix\u00ed la continu\u00eftat de la prestaci\u00f3 del servei.<\/span><\/li>\n<li><span style=\"color: #000000\">Establir jornada intensiva (evitar treballar de mat\u00ed i tarda)<\/span><\/li>\n<li><span style=\"color: #000000\">Establir una <strong style=\"font-size: inherit\">flexibilitzaci\u00f3 hor\u00e0ria<\/strong><span style=\"font-size: inherit\">\u00a0d\u2019entrada i sortida i una\u00a0<\/span><strong style=\"font-size: inherit\">pres\u00e8ncia m\u00ednima<\/strong><span style=\"font-size: inherit\">\u00a0exigible de 4,5 hores o m\u00e0xima de 7,5 per a determinades jornades (cliqueu\u00a0<\/span><strong style=\"font-size: inherit\"><a style=\"color: #000000\" href=\"https:\/\/diba.ccoo.cat\/wp-content\/uploads\/sites\/37\/2020\/05\/5.-MESURES-FLEXIBILITAT-COMPACTACI%C3%93-I-JORNADA-DESTIU.pdf\">aqu\u00ed<\/a><\/strong><span style=\"font-size: inherit\">).<\/span><\/span>\n<ul>\n<li><span style=\"color: #000000\">Aix\u00f2 hauria de permetre evitar les aglomeracions que es produeixen als mitjans de transport, per\u00f2 tamb\u00e9 evitaria que se&#8217;n produ\u00efssin als centres de treball al comen\u00e7ar i acabar la jornada, o als menjadors que estiguin oberts (Cliqueu<\/span> <a href=\"https:\/\/diba.ccoo.cat\/sales-de-descans-i-menjadors\/\"><strong><span style=\"color: #0000ff\">aqu\u00ed<\/span><\/strong><\/a>). <span style=\"color: #000000\">De manera m\u00e9s espec\u00edfica, hem demanat que cap empleat\/da que treballi de tarda acabi la seva jornada despr\u00e9s de les 20.45h.<\/span><\/li>\n<\/ul>\n<\/li>\n<\/ul>\n<p><span style=\"color: #000000\"><img loading=\"lazy\" decoding=\"async\" class=\"wp-image-7075 aligncenter\" src=\"http:\/\/ccoo.app\/diputacio-de-barcelona\/wp-content\/blogs.dir\/6\/files\/sites\/186\/2020\/11\/mascaretes-ffp2-kn95-300x225.jpg\" alt=\"\" width=\"203\" height=\"152\" srcset=\"https:\/\/ccoo.app\/diputacio-de-barcelona\/wp-content\/blogs.dir\/6\/files\/sites\/186\/2020\/11\/mascaretes-ffp2-kn95-300x225.jpg 300w, https:\/\/ccoo.app\/diputacio-de-barcelona\/wp-content\/blogs.dir\/6\/files\/sites\/186\/2020\/11\/mascaretes-ffp2-kn95-768x576.jpg 768w, https:\/\/ccoo.app\/diputacio-de-barcelona\/wp-content\/blogs.dir\/6\/files\/sites\/186\/2020\/11\/mascaretes-ffp2-kn95.jpg 800w\" sizes=\"auto, (max-width: 203px) 100vw, 203px\" \/><\/span><\/p>\n<p><span style=\"color: #000000\"><span style=\"font-family: arial, helvetica, sans-serif\"><span style=\"font-family: 'arial black', sans-serif\"><span style=\"font-family: 'arial black', sans-serif\"><b>DIUEN<\/b><\/span><strong style=\"font-family: 'arial black', sans-serif\">\u00a0NO A LA PETICI\u00d3 DE MARCARETES FFP2 <\/strong><\/span><\/span>La Diputaci\u00f3 de nou indica que la normativa vigent nom\u00e9s exigeix l&#8217;\u00fas de mascaretes quir\u00fargiques. Tot i aix\u00ed, ning\u00fa pot negar que les FFP2 donen m\u00e9s garanties de seguretat. En aquest sentit, CCOO-Diba seguirem exigint que se&#8217;n faci extensiva l&#8217;\u00fas a tot el personal, o al menys a les persones que treballen a RESPIR, al personal vulnerable o a les que la demanin.<\/span><\/p>\n<p style=\"text-align: justify\"><span style=\"color: #000000\">Cliqueu<\/span> <a href=\"https:\/\/www.eldiario.es\/sociedad\/contagio-aerosoles-abre-nuevo-debate-deberiamos-mascarillas-proteccion-interiores_1_6368536.html\"><strong><span style=\"color: #0000ff\">aqu\u00ed<\/span><\/strong><\/a> <span style=\"color: #000000\">per llegir noticia relacionada.<\/span><\/p>\n<p><a href=\"http:\/\/ccoo.app\/diputacio-de-barcelona\/wp-content\/blogs.dir\/6\/files\/sites\/186\/2020\/04\/informacio-mascaretes.png\"><img loading=\"lazy\" decoding=\"async\" class=\"size-medium wp-image-5633 aligncenter\" src=\"http:\/\/ccoo.app\/diputacio-de-barcelona\/wp-content\/blogs.dir\/6\/files\/sites\/186\/2020\/04\/informacio-mascaretes-224x300.png\" alt=\"\" width=\"224\" height=\"300\" srcset=\"https:\/\/ccoo.app\/diputacio-de-barcelona\/wp-content\/blogs.dir\/6\/files\/sites\/186\/2020\/04\/informacio-mascaretes-224x300.png 224w, https:\/\/ccoo.app\/diputacio-de-barcelona\/wp-content\/blogs.dir\/6\/files\/sites\/186\/2020\/04\/informacio-mascaretes.png 508w\" sizes=\"auto, (max-width: 224px) 100vw, 224px\" \/><\/a><\/p>\n<p style=\"text-align: left\">\n<p><span style=\"color: #000000\"><img loading=\"lazy\" decoding=\"async\" class=\"wp-image-6417 aligncenter\" src=\"http:\/\/ccoo.app\/diputacio-de-barcelona\/wp-content\/blogs.dir\/6\/files\/sites\/186\/2020\/07\/ccoo-diba-prevencio-300x280.png\" alt=\"\" width=\"160\" height=\"149\" srcset=\"https:\/\/ccoo.app\/diputacio-de-barcelona\/wp-content\/blogs.dir\/6\/files\/sites\/186\/2020\/07\/ccoo-diba-prevencio-300x280.png 300w, https:\/\/ccoo.app\/diputacio-de-barcelona\/wp-content\/blogs.dir\/6\/files\/sites\/186\/2020\/07\/ccoo-diba-prevencio.png 490w\" sizes=\"auto, (max-width: 160px) 100vw, 160px\" \/><\/span><\/p>\n<ul>\n<li style=\"text-align: justify\"><span style=\"font-family: arial, helvetica, sans-serif\"><span style=\"color: #000000\"><span style=\"font-family: 'arial black', sans-serif\"><strong>TINGUES SEMPRE A M\u00c0 EL MANUAL\u00a0<em>\u201cINCORPORACI\u00d3 AL LLOC DE TREBALL<\/em><\/strong>\u00a0<\/span><strong><em><span style=\"font-family: 'arial black', sans-serif\">PRESENCIAL: QU\u00c8 HEU DE SABER?\u201d\u00a0<\/span><\/em><\/strong>Cliqueu<\/span> <span style=\"font-family: 'arial black', sans-serif;color: #0000ff\"><a style=\"color: #0000ff\" href=\"https:\/\/diba.ccoo.cat\/manual-incorporacio\/\">aqu\u00ed<\/a><\/span><\/span><\/li>\n<li style=\"text-align: justify\"><span style=\"font-family: 'arial black', sans-serif;color: #000000\">A LA FEINA HAIG DE DUR MASCARETA? <span style=\"font-family: arial, helvetica, sans-serif\">Cliqueu <span style=\"color: #0000ff;font-family: 'arial black', sans-serif\"><a href=\"https:\/\/diba.ccoo.cat\/novembre-2020-haig-de-portar-mascareta-a-la-meva-feina-2\/\">aqu\u00ed<\/a>.<\/span><\/span><\/span><\/li>\n<\/ul>\n<p style=\"text-align: justify\"><img loading=\"lazy\" decoding=\"async\" class=\"wp-image-6159 aligncenter\" src=\"http:\/\/ccoo.app\/diputacio-de-barcelona\/wp-content\/blogs.dir\/6\/files\/sites\/186\/2020\/05\/28-de-maig.png\" alt=\"\" width=\"175\" height=\"131\" \/><\/p>\n<p style=\"text-align: justify\">\n<p style=\"text-align: center\"><span style=\"font-family: 'arial black', sans-serif\"><span style=\"font-family: arial, helvetica, sans-serif\"><span style=\"color: #000000\">CLIQUEU<\/span><a href=\"https:\/\/diba.ccoo.cat\/23-10-2020-css-diba\/\"><span style=\"color: #0000ff;font-family: 'arial black', sans-serif\"> AQU\u00cd <\/span><\/a><\/span><span style=\"color: #000000\"><span style=\"font-family: arial, helvetica, sans-serif\">VEURE RESUM DE L<\/span>A REUNI\u00d3 DEL CSS ANTERIOR<\/span><\/span><\/p>\n<p style=\"text-align: center\"><img loading=\"lazy\" decoding=\"async\" class=\"wp-image-5184 aligncenter\" src=\"http:\/\/ccoo.app\/diputacio-de-barcelona\/wp-content\/blogs.dir\/6\/files\/sites\/186\/2020\/03\/i-de-info-300x300.jpg\" alt=\"\" width=\"72\" height=\"72\" srcset=\"https:\/\/ccoo.app\/diputacio-de-barcelona\/wp-content\/blogs.dir\/6\/files\/sites\/186\/2020\/03\/i-de-info-300x300.jpg 300w, https:\/\/ccoo.app\/diputacio-de-barcelona\/wp-content\/blogs.dir\/6\/files\/sites\/186\/2020\/03\/i-de-info-150x150.jpg 150w, https:\/\/ccoo.app\/diputacio-de-barcelona\/wp-content\/blogs.dir\/6\/files\/sites\/186\/2020\/03\/i-de-info.jpg 626w\" sizes=\"auto, (max-width: 72px) 100vw, 72px\" \/><\/p>\n<p style=\"text-align: center\"><span style=\"font-family: 'arial black', sans-serif;color: #000000\">DE DILLUNS A DIVENDRES<\/span><\/p>\n<p style=\"text-align: center\"><span style=\"font-family: 'arial black', sans-serif;color: #000000\">DE 10:00 A 14:30 i DE 17:00 A 19:00\u00a0<\/span><\/p>\n<p style=\"text-align: center\"><span style=\"font-family: 'arial black', sans-serif;color: #000000\">93.402.29.85 \u2013 22985 \u2013 667 90 69 64<\/span><\/p>\n<p><img loading=\"lazy\" decoding=\"async\" class=\"wp-image-5553 aligncenter\" src=\"http:\/\/ccoo.app\/diputacio-de-barcelona\/wp-content\/blogs.dir\/6\/files\/sites\/186\/2020\/04\/mail-foto-300x200.jpg\" alt=\"\" width=\"59\" height=\"39\" srcset=\"https:\/\/ccoo.app\/diputacio-de-barcelona\/wp-content\/blogs.dir\/6\/files\/sites\/186\/2020\/04\/mail-foto-300x200.jpg 300w, https:\/\/ccoo.app\/diputacio-de-barcelona\/wp-content\/blogs.dir\/6\/files\/sites\/186\/2020\/04\/mail-foto-1024x683.jpg 1024w, https:\/\/ccoo.app\/diputacio-de-barcelona\/wp-content\/blogs.dir\/6\/files\/sites\/186\/2020\/04\/mail-foto-768x512.jpg 768w, https:\/\/ccoo.app\/diputacio-de-barcelona\/wp-content\/blogs.dir\/6\/files\/sites\/186\/2020\/04\/mail-foto.jpg 1200w\" sizes=\"auto, (max-width: 59px) 100vw, 59px\" \/><\/p>\n<p style=\"text-align: center\"><span style=\"font-family: arial, helvetica, sans-serif;color: #000000\">La\u00a0SECCI\u00d3 SINDICAL DE CCOO donem resposta a tots els teus dubtes o t&#8217;ajudem solucionar els problemes que puguis tenir.<strong> T&#8217;ajudem a defensar els teus drets!<\/strong><\/span><\/p>\n<p style=\"text-align: center\"><span style=\"font-family: 'arial black', sans-serif;color: #0000ff\"><a style=\"color: #0000ff\" href=\"mailto:ccoo@diba.cat\"><strong>ccoo@diba.cat<\/strong><\/a><\/span><\/p>\n<p style=\"text-align: center\"><span style=\"font-family: 'arial black', sans-serif;color: #0000ff\"><a style=\"color: #0000ff\" href=\"mailto:orgt.ssccoo@diba.cat\">orgt.ssccoo@diba.cat<\/a><\/span><\/p>\n<p><img loading=\"lazy\" decoding=\"async\" class=\"wp-image-6417 aligncenter\" src=\"http:\/\/ccoo.app\/diputacio-de-barcelona\/wp-content\/blogs.dir\/6\/files\/sites\/186\/2020\/07\/ccoo-diba-prevencio-300x280.png\" alt=\"\" width=\"57\" height=\"53\" srcset=\"https:\/\/ccoo.app\/diputacio-de-barcelona\/wp-content\/blogs.dir\/6\/files\/sites\/186\/2020\/07\/ccoo-diba-prevencio-300x280.png 300w, https:\/\/ccoo.app\/diputacio-de-barcelona\/wp-content\/blogs.dir\/6\/files\/sites\/186\/2020\/07\/ccoo-diba-prevencio.png 490w\" sizes=\"auto, (max-width: 57px) 100vw, 57px\" \/><\/p>\n<p style=\"text-align: center\"><span style=\"font-family: arial, helvetica, sans-serif;color: #000000\">Contacte directe amb els i les delegades de prevenci\u00f3: clic <a href=\"https:\/\/diba.ccoo.cat\/ajuda-dels-nostres-delegats-i-delegades-de-prevencio\/\"><span style=\"font-family: 'arial black', sans-serif;color: #0000ff\">aqu\u00ed<\/span><\/a><\/span><\/p>\n<p><img loading=\"lazy\" decoding=\"async\" class=\"wp-image-5554 aligncenter\" src=\"http:\/\/ccoo.app\/diputacio-de-barcelona\/wp-content\/blogs.dir\/6\/files\/sites\/186\/2020\/04\/mail-foto-enviar-300x212.jpg\" alt=\"\" width=\"67\" height=\"47\" srcset=\"https:\/\/ccoo.app\/diputacio-de-barcelona\/wp-content\/blogs.dir\/6\/files\/sites\/186\/2020\/04\/mail-foto-enviar-300x212.jpg 300w, https:\/\/ccoo.app\/diputacio-de-barcelona\/wp-content\/blogs.dir\/6\/files\/sites\/186\/2020\/04\/mail-foto-enviar-1024x724.jpg 1024w, https:\/\/ccoo.app\/diputacio-de-barcelona\/wp-content\/blogs.dir\/6\/files\/sites\/186\/2020\/04\/mail-foto-enviar-768x543.jpg 768w, https:\/\/ccoo.app\/diputacio-de-barcelona\/wp-content\/blogs.dir\/6\/files\/sites\/186\/2020\/04\/mail-foto-enviar.jpg 1200w\" sizes=\"auto, (max-width: 67px) 100vw, 67px\" \/><\/p>\n<p style=\"text-align: center\"><span style=\"font-family: arial, helvetica, sans-serif;color: #000000\">Encara no t&#8217;has descarregat la nostra <a href=\"http:\/\/www.ccoo.cat\/carnet\/index.aspx?qr=1#descarrega\"><span style=\"font-family: 'arial black', sans-serif;color: #0000ff\">APP<\/span><\/a> CCOO-Diba d&#8217;informaci\u00f3 sindical?<\/span><\/p>\n<p style=\"text-align: center\"><span style=\"font-family: arial, helvetica, sans-serif;color: #000000\">Fes clic <a href=\"http:\/\/www.ccoo.cat\/carnet\/index.aspx?qr=1#descarrega\"><span style=\"font-family: 'arial black', sans-serif;color: #0000ff\">aqu\u00ed<\/span><\/a> per tenir la informaci\u00f3 abans que ning\u00fa!<\/span><\/p>\n<p><img loading=\"lazy\" decoding=\"async\" class=\"wp-image-5915 aligncenter\" src=\"http:\/\/ccoo.app\/diputacio-de-barcelona\/wp-content\/blogs.dir\/6\/files\/sites\/186\/2020\/05\/xarxes-socials-300x169.png\" alt=\"\" width=\"227\" height=\"128\" srcset=\"https:\/\/ccoo.app\/diputacio-de-barcelona\/wp-content\/blogs.dir\/6\/files\/sites\/186\/2020\/05\/xarxes-socials-300x169.png 300w, https:\/\/ccoo.app\/diputacio-de-barcelona\/wp-content\/blogs.dir\/6\/files\/sites\/186\/2020\/05\/xarxes-socials-1024x576.png 1024w, https:\/\/ccoo.app\/diputacio-de-barcelona\/wp-content\/blogs.dir\/6\/files\/sites\/186\/2020\/05\/xarxes-socials-768x432.png 768w, https:\/\/ccoo.app\/diputacio-de-barcelona\/wp-content\/blogs.dir\/6\/files\/sites\/186\/2020\/05\/xarxes-socials.png 1200w\" sizes=\"auto, (max-width: 227px) 100vw, 227px\" \/><\/p>\n<p style=\"text-align: center\"><span style=\"font-family: arial, helvetica, sans-serif;color: #000000\">Tamb\u00e9 trobar\u00e0s CCOO-Diba a les xarxes socials. Clica sobre la icona de la teva xarxa favorita:<\/span><\/p>\n<p><a href=\"https:\/\/twitter.com\/CCOODiba\"><img loading=\"lazy\" decoding=\"async\" class=\" wp-image-5728 aligncenter\" src=\"http:\/\/ccoo.app\/diputacio-de-barcelona\/wp-content\/blogs.dir\/6\/files\/sites\/186\/2020\/04\/twitter-300x300.png\" alt=\"\" width=\"89\" height=\"89\" srcset=\"https:\/\/ccoo.app\/diputacio-de-barcelona\/wp-content\/blogs.dir\/6\/files\/sites\/186\/2020\/04\/twitter-300x300.png 300w, https:\/\/ccoo.app\/diputacio-de-barcelona\/wp-content\/blogs.dir\/6\/files\/sites\/186\/2020\/04\/twitter-150x150.png 150w, https:\/\/ccoo.app\/diputacio-de-barcelona\/wp-content\/blogs.dir\/6\/files\/sites\/186\/2020\/04\/twitter.png 512w\" sizes=\"auto, (max-width: 89px) 100vw, 89px\" \/><\/a><\/p>\n<p><a href=\"https:\/\/www.instagram.com\/ccoo_diba\/?hl=es\"><img loading=\"lazy\" decoding=\"async\" class=\"wp-image-5730 aligncenter\" src=\"http:\/\/ccoo.app\/diputacio-de-barcelona\/wp-content\/blogs.dir\/6\/files\/sites\/186\/2020\/04\/instragram-300x300.png\" alt=\"\" width=\"91\" height=\"91\" srcset=\"https:\/\/ccoo.app\/diputacio-de-barcelona\/wp-content\/blogs.dir\/6\/files\/sites\/186\/2020\/04\/instragram-300x300.png 300w, https:\/\/ccoo.app\/diputacio-de-barcelona\/wp-content\/blogs.dir\/6\/files\/sites\/186\/2020\/04\/instragram-150x150.png 150w, https:\/\/ccoo.app\/diputacio-de-barcelona\/wp-content\/blogs.dir\/6\/files\/sites\/186\/2020\/04\/instragram.png 512w\" sizes=\"auto, (max-width: 91px) 100vw, 91px\" \/><\/a><\/p>\n<p><a href=\"https:\/\/www.facebook.com\/CcooDiputacioDeBarcelona\/\"><img loading=\"lazy\" decoding=\"async\" class=\"wp-image-5729 aligncenter\" src=\"http:\/\/ccoo.app\/diputacio-de-barcelona\/wp-content\/blogs.dir\/6\/files\/sites\/186\/2020\/04\/facebook-300x300.png\" alt=\"\" width=\"90\" height=\"90\" srcset=\"https:\/\/ccoo.app\/diputacio-de-barcelona\/wp-content\/blogs.dir\/6\/files\/sites\/186\/2020\/04\/facebook-300x300.png 300w, https:\/\/ccoo.app\/diputacio-de-barcelona\/wp-content\/blogs.dir\/6\/files\/sites\/186\/2020\/04\/facebook-150x150.png 150w, https:\/\/ccoo.app\/diputacio-de-barcelona\/wp-content\/blogs.dir\/6\/files\/sites\/186\/2020\/04\/facebook.png 325w\" sizes=\"auto, (max-width: 90px) 100vw, 90px\" \/><\/a><a href=\"https:\/\/www.youtube.com\/channel\/UCFzenkS75udEcs4pB4qoZsg\"><img loading=\"lazy\" decoding=\"async\" class=\" wp-image-5916 aligncenter\" src=\"http:\/\/ccoo.app\/diputacio-de-barcelona\/wp-content\/blogs.dir\/6\/files\/sites\/186\/2020\/05\/youtube-300x115.jpg\" alt=\"\" width=\"122\" height=\"47\" srcset=\"https:\/\/ccoo.app\/diputacio-de-barcelona\/wp-content\/blogs.dir\/6\/files\/sites\/186\/2020\/05\/youtube-300x115.jpg 300w, https:\/\/ccoo.app\/diputacio-de-barcelona\/wp-content\/blogs.dir\/6\/files\/sites\/186\/2020\/05\/youtube-1024x391.jpg 1024w, https:\/\/ccoo.app\/diputacio-de-barcelona\/wp-content\/blogs.dir\/6\/files\/sites\/186\/2020\/05\/youtube-768x293.jpg 768w, https:\/\/ccoo.app\/diputacio-de-barcelona\/wp-content\/blogs.dir\/6\/files\/sites\/186\/2020\/05\/youtube.jpg 1200w\" sizes=\"auto, (max-width: 122px) 100vw, 122px\" \/><\/a><\/p>\n<p><iframe loading=\"lazy\" title=\"Hauran de comptar amb nosaltres. Salut, treball i just\u00edcia social || 1r de maig del 2020.\" width=\"1200\" height=\"675\" src=\"https:\/\/www.youtube.com\/embed\/uS104R3aSJs?feature=oembed\" frameborder=\"0\" allow=\"accelerometer; autoplay; clipboard-write; encrypted-media; gyroscope; picture-in-picture; web-share\" allowfullscreen><\/iframe>    \t<\/p>\n","protected":false},"excerpt":{"rendered":"<p>\u00a0REUNI\u00d3 DEL COMIT\u00c8 DE SEGURETAT I SALUT DEL 06.11.2020 &#8211; 8 de novembre de 2020- INCLOU INFORMACI\u00d3 REBUDA I PETICIONS DE CCOO DADES D&#8217;AFECTACI\u00d3 EN EL PERSONAL (actualitzaci\u00f3 setmanal) Aquestes &#8230; <\/p>\n<p class=\"read-more-container\"><a title=\"143\/COVID-19 06.11.2020 RESUM DE LA REUNI\u00d3 DEL COMIT\u00c8 DE SEGURETAT I SALUT\" class=\"read-more button\" href=\"https:\/\/ccoo.app\/diputacio-de-barcelona\/06-11-2020-css-diba\/#more-7067\" aria-label=\"Leer m\u00e1s sobre 143\/COVID-19 06.11.2020 RESUM DE LA REUNI\u00d3 DEL COMIT\u00c8 DE SEGURETAT I SALUT\">Continuar llegint<\/a><\/p>\n","protected":false},"author":4519,"featured_media":6417,"comment_status":"open","ping_status":"open","sticky":false,"template":"","format":"standard","meta":{"footnotes":""},"categories":[38,19,29,34,35,37],"tags":[124,167,189,212,221,239],"class_list":["post-7067","post","type-post","status-publish","format-standard","has-post-thumbnail","hentry","category-a-tot-el-personal","category-comunicats","category-orgt-2","category-respir","category-salut-laboral","category-xbm","tag-inspeccio-de-treball","tag-orgt","tag-prevencio","tag-salut","tag-teletreball","tag-xarxa-de-bibioteques-xbm","generate-columns","tablet-grid-50","mobile-grid-100","grid-parent","grid-50"],"_links":{"self":[{"href":"https:\/\/ccoo.app\/diputacio-de-barcelona\/wp-json\/wp\/v2\/posts\/7067","targetHints":{"allow":["GET"]}}],"collection":[{"href":"https:\/\/ccoo.app\/diputacio-de-barcelona\/wp-json\/wp\/v2\/posts"}],"about":[{"href":"https:\/\/ccoo.app\/diputacio-de-barcelona\/wp-json\/wp\/v2\/types\/post"}],"author":[{"embeddable":true,"href":"https:\/\/ccoo.app\/diputacio-de-barcelona\/wp-json\/wp\/v2\/users\/4519"}],"replies":[{"embeddable":true,"href":"https:\/\/ccoo.app\/diputacio-de-barcelona\/wp-json\/wp\/v2\/comments?post=7067"}],"version-history":[{"count":1,"href":"https:\/\/ccoo.app\/diputacio-de-barcelona\/wp-json\/wp\/v2\/posts\/7067\/revisions"}],"predecessor-version":[{"id":50847,"href":"https:\/\/ccoo.app\/diputacio-de-barcelona\/wp-json\/wp\/v2\/posts\/7067\/revisions\/50847"}],"wp:featuredmedia":[{"embeddable":true,"href":"https:\/\/ccoo.app\/diputacio-de-barcelona\/wp-json\/wp\/v2\/media\/6417"}],"wp:attachment":[{"href":"https:\/\/ccoo.app\/diputacio-de-barcelona\/wp-json\/wp\/v2\/media?parent=7067"}],"wp:term":[{"taxonomy":"category","embeddable":true,"href":"https:\/\/ccoo.app\/diputacio-de-barcelona\/wp-json\/wp\/v2\/categories?post=7067"},{"taxonomy":"post_tag","embeddable":true,"href":"https:\/\/ccoo.app\/diputacio-de-barcelona\/wp-json\/wp\/v2\/tags?post=7067"}],"curies":[{"name":"wp","href":"https:\/\/api.w.org\/{rel}","templated":true}]}}