{"id":7012,"date":"2020-11-01T16:37:59","date_gmt":"2020-11-01T15:37:59","guid":{"rendered":"https:\/\/diba.ccoo.cat\/?p=7012"},"modified":"2023-10-17T14:03:18","modified_gmt":"2023-10-17T12:03:18","slug":"30-10-2020-css-diba","status":"publish","type":"post","link":"https:\/\/ccoo.app\/diputacio-de-barcelona\/30-10-2020-css-diba\/","title":{"rendered":"141\/COVID-19 30.10.2020 RESUM DE LA REUNI\u00d3 DEL COMIT\u00c8 DE SEGURETAT I SALUT"},"content":{"rendered":"<p><a href=\"https:\/\/diba.ccoo.cat\/\"><img loading=\"lazy\" decoding=\"async\" class=\"wp-image-5909 aligncenter\" src=\"http:\/\/ccoo.app\/diputacio-de-barcelona\/wp-content\/blogs.dir\/6\/files\/sites\/186\/2020\/05\/nota-1-300x86.png\" alt=\"\" width=\"92\" height=\"27\" srcset=\"https:\/\/ccoo.app\/diputacio-de-barcelona\/wp-content\/blogs.dir\/6\/files\/sites\/186\/2020\/05\/nota-1-300x86.png 300w, https:\/\/ccoo.app\/diputacio-de-barcelona\/wp-content\/blogs.dir\/6\/files\/sites\/186\/2020\/05\/nota-1.png 339w\" sizes=\"auto, (max-width: 92px) 100vw, 92px\" \/><\/a><\/p>\n<p class=\"wp-caption-text\"><a href=\"https:\/\/diba.ccoo.cat\/\"><img loading=\"lazy\" decoding=\"async\" class=\"wp-image-1853 aligncenter\" src=\"http:\/\/ccoo.app\/diputacio-de-barcelona\/wp-content\/blogs.dir\/6\/files\/sites\/186\/2018\/01\/logoccoov18.jpg\" alt=\"\" width=\"240\" height=\"110\" \/><\/a><\/p>\n<p style=\"text-align: center\"><span style=\"font-family: 'arial black', sans-serif;color: #0000ff;font-size: 24px\">\u00a0<\/span><span style=\"font-family: 'arial black', sans-serif;color: #0000ff;font-size: 24px\">REUNI\u00d3 DEL COMIT\u00c8 DE SEGURETAT I SALUT DEL 30.10.2020<\/span><\/p>\n<p style=\"text-align: center\"><span style=\"font-family: arial, helvetica, sans-serif;font-size: 14px;color: #000000\">&#8211; 1 de novembre de 2020-<\/span><\/p>\n<p style=\"text-align: justify\"><span style=\"font-size: 14px\"><span style=\"font-family: arial, helvetica, sans-serif;color: #000000\"><strong>BREU RESUM DELS ANTECEDENTS<\/strong> El dia 7 d\u2019abril <strong>(<\/strong><a style=\"color: #000000\" href=\"https:\/\/diba.ccoo.cat\/peticio-de-reunio-del-comite-de-seguretat-i-salut\/\">cliqueu<span style=\"font-family: 'arial black', sans-serif;color: #0000ff\"> aqu\u00ed<\/span><\/a><\/span><span style=\"color: #000000\"><span style=\"font-family: arial, helvetica, sans-serif\">)<\/span><span style=\"font-family: arial, helvetica, sans-serif\">, cansats i cansades d&#8217;esperar resposta a les nostres demandes, C<\/span><\/span><span style=\"font-family: arial, helvetica, sans-serif;color: #000000\">COO exig\u00edem p\u00fablicament (incloent a les xarxes socials) <strong>de manera contundent la participaci\u00f3 de la representaci\u00f3 legal <\/strong>de les persones treballadores en l\u2019elaboraci\u00f3 de protocols, mesures i accions encaminades a la lluita contra el coronavirus<strong>. Era inadmissible que fins aquell moment, <span style=\"text-decoration: underline\">es deix\u00e9s al delegats i delegades de prevenci\u00f3 sense el seu dret <\/span><\/strong><strong>no nom\u00e9s d\u2019informaci\u00f3 (de decisions ja preses), sin\u00f3 tamb\u00e9 de <span style=\"text-decoration: underline\">consulta i participaci\u00f3<\/span> d\u2019acord amb el que indica l\u2019article 36 de la LPRL.<\/strong><\/span><\/span><\/p>\n<p style=\"text-align: justify\"><span style=\"font-family: arial, helvetica, sans-serif;color: #000000;font-size: 14px\">En el comunicat del 14 d\u2019abril (<a style=\"color: #000000\" href=\"https:\/\/diba.ccoo.cat\/fins-al-26-dabril-tot-segueix-igual\/\">cliqueu <span style=\"color: #0000ff;font-family: 'arial black', sans-serif\">aqu\u00ed<\/span><\/a>), us explic\u00e0vem que finalment la corporaci\u00f3 havia accedit a la nostra petici\u00f3, convocant pel dia 17 del mateix mes la PRIMERA reuni\u00f3 del Comit\u00e8 de Seguretat i Salut tal com deman\u00e0vem per via telem\u00e0tica. Des d&#8217;aquell moment, est\u00e0 tenint lloc una reuni\u00f3 tots els divendres.<\/span><\/p>\n<p style=\"text-align: center\"><span style=\"font-family: arial, helvetica, sans-serif;color: #000000;font-size: 14px\">(Contacte directe amb els i les delegades de prevenci\u00f3: clic <a href=\"https:\/\/diba.ccoo.cat\/ajuda-dels-nostres-delegats-i-delegades-de-prevencio\/\"><span style=\"font-family: 'arial black', sans-serif;color: #0000ff\">aqu\u00ed<span style=\"color: #000000;font-family: arial, helvetica, sans-serif\">)<\/span><\/span><\/a><\/span><\/p>\n<p><img loading=\"lazy\" decoding=\"async\" class=\"wp-image-2963 aligncenter\" src=\"http:\/\/ccoo.app\/diputacio-de-barcelona\/wp-content\/blogs.dir\/6\/files\/sites\/186\/2018\/11\/enconstruccion-300x277.png\" alt=\"\" width=\"108\" height=\"100\" srcset=\"https:\/\/ccoo.app\/diputacio-de-barcelona\/wp-content\/blogs.dir\/6\/files\/sites\/186\/2018\/11\/enconstruccion-300x277.png 300w, https:\/\/ccoo.app\/diputacio-de-barcelona\/wp-content\/blogs.dir\/6\/files\/sites\/186\/2018\/11\/enconstruccion.png 358w\" sizes=\"auto, (max-width: 108px) 100vw, 108px\" \/><\/p>\n<h1 style=\"text-align: center\"><span style=\"font-family: 'arial black', sans-serif;color: #0000ff;font-size: 20px\">RESUM DE LA REUNI\u00d3 DEL DIA 30.10.2020<\/span><\/h1>\n<p style=\"text-align: center\"><span style=\"text-decoration: underline;color: #000000\"><span style=\"font-family: 'arial black', sans-serif\">INCLOU INFORMACI\u00d3 REBUDA I PETICIONS DE CCOO<\/span><\/span><\/p>\n<p style=\"text-align: justify\"><span style=\"color: #000000\"><span style=\"font-family: arial, helvetica, sans-serif\"><strong><span style=\"font-family: 'arial black', sans-serif\">DADES D&#8217;AFECTACI\u00d3 EN EL PERSONAL (actualitzaci\u00f3 setmanal) <\/span><\/strong><\/span>Aquestes s\u00f3n les dades tant de persones treballadores que s&#8217;han vist afectades com dels test diagnosi que s&#8217;han realitzat fins al moment:\u00a0<\/span><\/p>\n<ul>\n<li><span style=\"color: #000000\">76 casos possibles i 98 casos confirmats mitjan\u00e7ant test.<\/span><\/li>\n<\/ul>\n<ul>\n<li><span style=\"color: #000000\">Tests realitzats:<\/span>\n<ul>\n<li><span style=\"color: #000000\">RESPIR: 672 tests r\u00e0pids i 889 PCR<\/span><\/li>\n<li><span style=\"color: #000000\">Resta d\u2019empleats: 1518 tests r\u00e0pids i 10 PCR (aquests es fan en \u00abla resta de personal\u00bb nom\u00e9s si el test r\u00e0pid dona positiu).<\/span><\/li>\n<\/ul>\n<\/li>\n<\/ul>\n<p style=\"text-align: center\">\n<p style=\"text-align: left\"><span style=\"color: #000000\"><span style=\"color: #000000\">Aprofitem la reuni\u00f3 per a denunciar un cas on ha quedat pal\u00e8s que el sistema de notificaci\u00f3 de casos i afectacions a la resta del personal no acaba de funcionar. Falten, des del nostre punt de vista, indicacions clares respecte a qu\u00e8 ha de fer un empleat o empleada (amb qui ha de parlar, on ha d&#8217;anar, etc) en cas que un company o companya de feina notifiqui que ha donat positiu en una prova PCR.<\/span><\/span><\/p>\n<p><img loading=\"lazy\" decoding=\"async\" class=\" wp-image-6923 aligncenter\" src=\"http:\/\/ccoo.app\/diputacio-de-barcelona\/wp-content\/blogs.dir\/6\/files\/sites\/186\/2020\/10\/prova-2-300x169.jpg\" alt=\"\" width=\"201\" height=\"113\" srcset=\"https:\/\/ccoo.app\/diputacio-de-barcelona\/wp-content\/blogs.dir\/6\/files\/sites\/186\/2020\/10\/prova-2-300x169.jpg 300w, https:\/\/ccoo.app\/diputacio-de-barcelona\/wp-content\/blogs.dir\/6\/files\/sites\/186\/2020\/10\/prova-2-768x432.jpg 768w, https:\/\/ccoo.app\/diputacio-de-barcelona\/wp-content\/blogs.dir\/6\/files\/sites\/186\/2020\/10\/prova-2.jpg 1024w\" sizes=\"auto, (max-width: 201px) 100vw, 201px\" \/><\/p>\n<p style=\"text-align: justify\"><span style=\"color: #000000\"><span style=\"font-family: arial, helvetica, sans-serif\"><span style=\"font-family: 'arial black', sans-serif\"><strong>SISTEMA DE SUPORT I ATENCI\u00d3 PSICOL\u00d2GICA <\/strong><\/span><\/span>\u00c9s tracta d\u2019un servei pels empleats de la Diputaci\u00f3 de Barcelona orientat a la gesti\u00f3 de l&#8217;estr\u00e8s del personal identificat com a essencial que ha de treballar presencialment i als que han de treballar des de casa en les actuals prec\u00e0ries circumst\u00e0ncies. Tamb\u00e9, va dirigit a les persones que s&#8217;hagin contagiat o hagin hagut de patir la mort d&#8217;algun familiar.<\/span><\/p>\n<p><span style=\"color: #000000\">Aquest servei ha at\u00e8s a 40 persones que ha suposat 140 actuacions de seguiment.\u00a0<\/span><\/p>\n<p><span style=\"color: #000000\">Necessites ajuda ? Clica<\/span> <a style=\"font-family: arial, helvetica, sans-serif;font-size: inherit\" href=\"https:\/\/diba.ccoo.cat\/suport-i-atencio-psicologica\/\"><span style=\"font-family: 'arial black', sans-serif;color: #0000ff\">aqu\u00ed<\/span><\/a><span style=\"color: #000000;font-family: arial, helvetica, sans-serif;font-size: inherit\">.<\/span><\/p>\n<p><img loading=\"lazy\" decoding=\"async\" class=\"wp-image-6214 aligncenter\" src=\"https:\/\/diba.ccoo.cat\/wp-content\/uploads\/sites\/37\/2020\/05\/tristeza-1-300x199.jpg\" alt=\"\" width=\"199\" height=\"132\" \/><\/p>\n<p><span style=\"color: #000000\"><span style=\"font-family: arial, helvetica, sans-serif\"><span style=\"font-family: 'arial black', sans-serif\"><strong>INDEX DE RISC MOLT ALT A LA MAJORIA DE MUNICIPIS DE LA PROVINCIA DE BARCELONS\u00a0<\/strong><\/span><\/span><\/span><\/p>\n<p><span style=\"color: #000000\">Cliqueu sobre la seg\u00fcent<\/span> <strong><span style=\"color: #0000ff\">imatge<\/span><\/strong> <span style=\"color: #000000\">per con\u00e8ixer l&#8217;\u00edndex de risc de brot en el municipi on es troba el vostre centre de treball.<\/span><\/p>\n<p><a href=\"https:\/\/www.ccma.cat\/324\/coronavirus\/risc-municipis\/\"><br \/>\n<img loading=\"lazy\" decoding=\"async\" class=\"size-medium wp-image-7013 aligncenter\" src=\"http:\/\/ccoo.app\/diputacio-de-barcelona\/wp-content\/blogs.dir\/6\/files\/sites\/186\/2020\/11\/index-covid-cagtalunya-300x270.png\" alt=\"\" width=\"300\" height=\"270\" srcset=\"https:\/\/ccoo.app\/diputacio-de-barcelona\/wp-content\/blogs.dir\/6\/files\/sites\/186\/2020\/11\/index-covid-cagtalunya-300x270.png 300w, https:\/\/ccoo.app\/diputacio-de-barcelona\/wp-content\/blogs.dir\/6\/files\/sites\/186\/2020\/11\/index-covid-cagtalunya.png 562w\" sizes=\"auto, (max-width: 300px) 100vw, 300px\" \/><\/a><\/p>\n<p><span style=\"color: #000000\">Tenint en compte la greu situaci\u00f3 sanit\u00e0ria, <strong>CCOO-Diba hem reiterat de manera insistent la necessitat de prendre mesures.<\/strong> Ho hem fet a la reuni\u00f3 del CSS del dia 16 d&#8217;octubre, a la reuni\u00f3 de Seguiment del Protocol del dia 20 d&#8217;octubre, a la Comissi\u00f3 T\u00e8cnica del dia 26 (cliqueu<\/span> <a href=\"https:\/\/diba.ccoo.cat\/greu-situacio-sanitaria\/\"><span style=\"color: #0000ff\"><strong>aqu\u00ed<\/strong><\/span><\/a>) <span style=\"color: #000000\">i tamb\u00e9 ho hem tornat a demanar en aquesta reuni\u00f3.<\/span><\/p>\n<p><span style=\"color: #000000\">La<\/span> <strong><em><span style=\"color: #0000ff\"><a style=\"color: #0000ff\" href=\"https:\/\/dogc.gencat.cat\/ca\/pdogc_canals_interns\/pdogc_resultats_fitxa\/?action=fitxa&amp;documentId=885284&amp;language=ca_ES\">Resoluci\u00f3 SLT 2700\/2020<\/a><\/span>, <span style=\"color: #000000\">de 29 d\u2019octubre, <\/span><\/em><\/strong><span style=\"color: #000000\">del Departament de Salut de la Generalitat inclou m<span style=\"font-size: inherit\">esures de prevenci\u00f3 i higiene en centres de treball:<\/span><\/span><\/p>\n<div>\n<p><span style=\"color: #000000\">\u00abS&#8217;obliga els titulars dels centres de treball, p\u00fablics i privats, a limitar al m\u00e0xim la mobilitat laboral de persones treballadores, adoptant les mesures organitzatives i t\u00e8cniques necess\u00e0ries per fer-ho possible. A aquest efecte, han <strong>d&#8217;implementar treball a dist\u00e0ncia<\/strong> o teletreball, llevat quan \u00e9s impossible desenvolupar l&#8217;activitat laboral a dist\u00e0ncia o b\u00e9 quan no es disposa acreditadament dels mitjans per fer-ho. En aquest darrer cas s&#8217;han d&#8217;<strong>establir horaris d&#8217;entrada i sortida esglaonats, flexibilitat hor\u00e0ria o similars. (&#8230;) Adoptar mesures per evitar la coincid\u00e8ncia massiva de persones\u00bb.<\/strong><\/span><\/p>\n<\/div>\n<p><span style=\"color: #000000\">A la Diputaci\u00f3, <strong>el treball en remot \u00e9s l\u2019opci\u00f3 de prestaci\u00f3 de servei priorit\u00e0ria<\/strong> i ho seguir\u00e0 sent probablement m\u00e9s enll\u00e0 del 31 de desembre actualment establert. Aquesta administraci\u00f3 \u00e9s capdavantera en aquest assumpte si ho comparem amb altres del nostre entorn, per exemple l&#8217;Ajuntament de Barcelona.<\/span><\/p>\n<p><span style=\"color: #000000\">Ara b\u00e9, respecte als llocs que for\u00e7osament han de ser presencials, considerem que <strong>es pot implementar encara m\u00e9s mesures<\/strong>. I no ens hem d&#8217;inventar res, nom\u00e9s aplicar all\u00f2 que contempla el nostre Protocol:<\/span><\/p>\n<ul>\n<li><span style=\"color: #000000\">Divisi\u00f3 dels equips de treball en <strong>2 torns de tal manera que es puguin establir quadrants de treball en qu\u00e8 ambd\u00f3s grups no coincideixin.<\/strong>\u00a0Per exemple, establir 2 torns setmanals (dilluns-dimecres-divendres i dimarts-dijous alterns) Aquesta \u00e9s la \u00fanica manera d\u2019evitar que davant un cas positiu per la COVID-19,\u00a0<strong>TOT l\u2019equip es vegi afectat.<\/strong> A m\u00e9s de protegir la salut, quedaria garantida aix\u00ed la continu\u00eftat de la prestaci\u00f3 del servei.<\/span><\/li>\n<li><span style=\"color: #000000\">Establir jornada intensiva (evitar treballar de mat\u00ed i tarda)<\/span><\/li>\n<li><span style=\"color: #000000\">Establir una <strong style=\"font-size: inherit\">flexibilitzaci\u00f3 hor\u00e0ria<\/strong><span style=\"font-size: inherit\">\u00a0d\u2019entrada i sortida i una\u00a0<\/span><strong style=\"font-size: inherit\">pres\u00e8ncia m\u00ednima<\/strong><\/span><span style=\"font-size: inherit\"><span style=\"color: #000000\">\u00a0exigible de 4,5 hores o m\u00e0xima de 7,5 per a determinades jornades (cliqueu<\/span>\u00a0<\/span><span style=\"color: #0000ff\"><strong style=\"font-size: inherit\"><a style=\"color: #0000ff\" href=\"https:\/\/diba.ccoo.cat\/wp-content\/uploads\/sites\/37\/2020\/05\/5.-MESURES-FLEXIBILITAT-COMPACTACI%C3%93-I-JORNADA-DESTIU.pdf\">aqu\u00ed<\/a><\/strong><\/span><span style=\"font-size: inherit\">).<\/span>\n<ul>\n<li><span style=\"color: #000000\">Aix\u00f2 hauria de permetre evitar les aglomeracions que es produeixen als mitjans de transport, per\u00f2 tamb\u00e9 evitaria que se&#8217;n produ\u00efssin als centres de treball al comen\u00e7ar i acabar la jornada, o als menjadors que estiguin oberts (Cliqueu<\/span> <a href=\"https:\/\/diba.ccoo.cat\/sales-de-descans-i-menjadors\/\"><strong><span style=\"color: #0000ff\">aqu\u00ed<\/span><\/strong><\/a>). <span style=\"color: #000000\">De manera m\u00e9s espec\u00edfica, hem demanat que cap empleat\/da que treballi de tarda acabi la seva jornada despr\u00e9s de les 20.45h.<\/span><\/li>\n<\/ul>\n<\/li>\n<\/ul>\n<p><span style=\"color: #000000\">Com a conseq\u00fc\u00e8ncia de la implantaci\u00f3 del treball a dist\u00e0ncia, molts centres de treball, pr\u00e0cticament estan vuits. Per tant, aix\u00f2 vol dir que alguns serveis com a carteria, a altres departaments de log\u00edstica o tamb\u00e9 a edificaci\u00f3 les carregues de treball s\u00f3n m\u00e9s baixa que en una \u00e9poca ordin\u00e0ria. <\/span><\/p>\n<p><span style=\"color: #000000\">No obstant aix\u00f2, detectem que<strong> les ger\u00e8ncies i direccions no ajusten la pres\u00e8ncia del seu personal a les necessitats del servei.<\/strong> Els hi fan fer tota la jornada presencialment tot i que no tinguin feina!!! <\/span><\/p>\n<p><span style=\"color: #000000\">Encara no s&#8217;han adonat que no tenen cap impediment legal ni de cap mena per ajustar la jornada del seu personal i si no ho fan \u00e9s perqu\u00e8 no volen? <strong>Quina manera de posar en risc innecess\u00e0riament a les persones&#8230;<\/strong><\/span><\/p>\n<p><span style=\"color: #000000\"><a style=\"color: #000000\" href=\"http:\/\/ccoo.app\/diputacio-de-barcelona\/wp-content\/blogs.dir\/6\/files\/sites\/186\/2020\/11\/risc-alt-rebrot.png\"><img loading=\"lazy\" decoding=\"async\" class=\"wp-image-7015 aligncenter\" src=\"http:\/\/ccoo.app\/diputacio-de-barcelona\/wp-content\/blogs.dir\/6\/files\/sites\/186\/2020\/11\/risc-alt-rebrot-300x287.png\" alt=\"\" width=\"198\" height=\"189\" srcset=\"https:\/\/ccoo.app\/diputacio-de-barcelona\/wp-content\/blogs.dir\/6\/files\/sites\/186\/2020\/11\/risc-alt-rebrot-300x287.png 300w, https:\/\/ccoo.app\/diputacio-de-barcelona\/wp-content\/blogs.dir\/6\/files\/sites\/186\/2020\/11\/risc-alt-rebrot.png 578w\" sizes=\"auto, (max-width: 198px) 100vw, 198px\" \/><\/a><\/span><\/p>\n<p><span style=\"color: #000000\">En el moment de la reuni\u00f3, vam rebre una comunicaci\u00f3 en relaci\u00f3 a les <strong>BIBLIOTEQUES<\/strong> on s&#8217;indicava que seria d&#8217;aplicaci\u00f3 al nostre personal les seg\u00fcents mesures:<\/span><\/p>\n<ul>\n<li><span style=\"color: #000000\">No realitzar jornada partida<\/span><\/li>\n<li><span style=\"color: #000000\">Que no acabin la seva jornada despr\u00e9s de les 20.45h<\/span><\/li>\n<li><span style=\"color: #000000\">Que no facin jornades superiors a 7,5 hores.<\/span><\/li>\n<\/ul>\n<p><span style=\"color: #000000\">Des de CCOO-Diba demanem que <strong>aquestes mesures siguin extensives a tot el personal, tamb\u00e9 al municipal.<\/strong> A m\u00e9s, que <strong>s&#8217;ajusti la \u00abpresencialitat\u00bb del personal a les tasques s&#8217;han de realitzar<\/strong> tenint en compte el servei que ara han de prestar d&#8217;acord amb el PROCICAT:<\/span><\/p>\n<ul>\n<li><span style=\"color: #000000\">No es poden dur a terme activitats formatives, culturals, de lleure, etc. que siguin presencials.<\/span><\/li>\n<li><span style=\"color: #000000\">L\u2019acc\u00e9s a les biblioteques es limita a la recollida i lliurament de documents reservats per al pr\u00e9stec (es realitzar\u00e0 preferentment amb cita pr\u00e8via).\u00a0<\/span><\/li>\n<\/ul>\n<p><span style=\"color: #000000\"><strong>OFICINES DE L&#8217;ORGT<\/strong> Tornem a demanar que s\u2019organitzi l\u2019obertura de les oficines concentrant totes les cites en alguns dies de la setmana per evitar al m\u00e0xim el despla\u00e7aments. Es tractaria doncs d\u2019ajustar els dies en que les oficines estan obertes a les necessitats reals amb l\u2019objectiu de poder treballar presencialment nom\u00e9s uns dies a la setmana i no tots. Ara creiem que \u00e9s m\u00e9s important que mai tenint en compte l&#8217;\u00edndex de brot existent. Ens informen que ho estan valorant.<\/span><\/p>\n<p><span style=\"color: #000000\"><img loading=\"lazy\" decoding=\"async\" class=\"wp-image-6994 aligncenter\" src=\"http:\/\/ccoo.app\/diputacio-de-barcelona\/wp-content\/blogs.dir\/6\/files\/sites\/186\/2020\/10\/mossos-300x150.jpg\" alt=\"\" width=\"200\" height=\"100\" srcset=\"https:\/\/ccoo.app\/diputacio-de-barcelona\/wp-content\/blogs.dir\/6\/files\/sites\/186\/2020\/10\/mossos-300x150.jpg 300w, https:\/\/ccoo.app\/diputacio-de-barcelona\/wp-content\/blogs.dir\/6\/files\/sites\/186\/2020\/10\/mossos-1024x512.jpg 1024w, https:\/\/ccoo.app\/diputacio-de-barcelona\/wp-content\/blogs.dir\/6\/files\/sites\/186\/2020\/10\/mossos-768x384.jpg 768w, https:\/\/ccoo.app\/diputacio-de-barcelona\/wp-content\/blogs.dir\/6\/files\/sites\/186\/2020\/10\/mossos-1536x768.jpg 1536w, https:\/\/ccoo.app\/diputacio-de-barcelona\/wp-content\/blogs.dir\/6\/files\/sites\/186\/2020\/10\/mossos.jpg 1600w\" sizes=\"auto, (max-width: 200px) 100vw, 200px\" \/><\/span><\/p>\n<p><span style=\"color: #000000\"><span style=\"font-family: arial, helvetica, sans-serif\"><span style=\"font-family: 'arial black', sans-serif\">AUTORITZACIONS PER A REALITZAR DESPLA\u00c7AMENTS DURANT EL CONFINAMENT <\/span><\/span>\u00a0El posicionament expressat a la reuni\u00f3 el podeu trobar resumit en el seg\u00fcent enlla\u00e7 (cliqueu <a href=\"https:\/\/diba.ccoo.cat\/autoritzacio-per-desplacament\/\"><strong><span style=\"color: #0000ff\">aqu\u00ed<\/span><\/strong><\/a>).<\/span><\/p>\n<p><span style=\"color: #000000\"><span style=\"color: #000000\">Nom\u00e9s afegirem que el neguit i preocupaci\u00f3 dijous a la tarda i devendres per part del personal era molt gran. La manca d&#8217;informaci\u00f3 per part de la Diputaci\u00f3 va ser molt gran. Considerem que <strong>el personal presencial no es mereix aquest tracta.<\/strong> Mentre no ens fan arribar la nostra autoritzaci\u00f3, CCOO-Diba us proposem alguna soluci\u00f3 (cliqueu <a href=\"https:\/\/diba.ccoo.cat\/autoritzacio-per-desplacament\/\"><strong><span style=\"color: #0000ff\">aqu\u00ed<\/span><\/strong><\/a>).<\/span><\/span><\/p>\n<p><span style=\"color: #000000\">No obstant aix\u00f2, seguirem insistint i quedem a la vostra disposici\u00f3.<\/span><\/p>\n<p><span style=\"color: #000000\"><span style=\"font-family: arial, helvetica, sans-serif\"><span style=\"font-family: 'arial black', sans-serif\">CLIMATITZACI\u00d3 I RENOVACI\u00d3 D&#8217;AIRE <\/span><\/span>Demanem que la Diputaci\u00f3 elabori una <strong>guia que ajudi al personal a saber qu\u00e8 poden fer (a nivell individual) per millorar la renovaci\u00f3 d&#8217;aire<\/strong> en els espais on treballen.<\/span><\/p>\n<p><span style=\"color: #000000\">De manera paral\u00b7lela, <strong>sol\u00b7licitem que es faci un estudi i informe<\/strong> per a con\u00e8ixer si la renovaci\u00f3 d&#8217;aire (recentment canvia a \u00abmode hivern\u00bb) segueix sent correcte. \u00d2bviament, volem garanties sobretot on es treballa presencialment i de manera especial, on es fa atenci\u00f3 directa. La responsable de l&#8217;OPRL recull la nostre proposta i treballaran per fer-la efectiva.<\/span><\/p>\n<p><span style=\"color: #000000\"><img loading=\"lazy\" decoding=\"async\" class=\" wp-image-6926 aligncenter\" src=\"http:\/\/ccoo.app\/diputacio-de-barcelona\/wp-content\/blogs.dir\/6\/files\/sites\/186\/2020\/10\/filtros-hepa-300x244.png\" alt=\"\" width=\"224\" height=\"182\" srcset=\"https:\/\/ccoo.app\/diputacio-de-barcelona\/wp-content\/blogs.dir\/6\/files\/sites\/186\/2020\/10\/filtros-hepa-300x244.png 300w, https:\/\/ccoo.app\/diputacio-de-barcelona\/wp-content\/blogs.dir\/6\/files\/sites\/186\/2020\/10\/filtros-hepa.png 317w\" sizes=\"auto, (max-width: 224px) 100vw, 224px\" \/><\/span><\/p>\n<p><span style=\"color: #000000\">Quedem pendents de la resposta de la corporaci\u00f3 a la nostra petici\u00f3 relacionada amb els filtres d&#8217;aire<\/span> <a href=\"https:\/\/www.niusdiario.es\/sociedad\/sanidad\/filtros-hepa-que-son-utiles-reducir-contagio-covid-19-coronavirus-interiores_18_3026370105.html\"><strong><span style=\"color: #0000ff\">Hepa <\/span><\/strong><\/a><span style=\"color: #000000\">i la seva instal\u00b7laci\u00f3 en els sistemes de climatitzaci\u00f3 dels centres de treball.<\/span><\/p>\n<p><span style=\"color: #000000\">Com que en aquestes reunions tamb\u00e9 participen responsables de l&#8217;ORGT, aquests ens indiquen que estan mirant sistemes per a purificar l&#8217;ambient. En qualsevol cas, no tenen cap decisi\u00f3 presa.<\/span><\/p>\n<p><span style=\"color: #000000\"><span style=\"font-family: arial, helvetica, sans-serif\"><span style=\"font-family: 'arial black', sans-serif\">CARTERIA DE CAN SERRA\u00a0<\/span><\/span>Fa algunes setmanes, CCOO-Diba vam demanar que es revis\u00e9s el sistema de ventilaci\u00f3 de la carteria de Can Serra. A la reuni\u00f3, s&#8217;ha tornat a fer la petici\u00f3. S&#8217;ha de tenir en compte que aquest espai est\u00e0 situat en el soterrani menys 1 i no t\u00e9 cap possibilitat de ventilaci\u00f3 natural. Per aquest motiu \u00e9s essencial que el sistema de climatitzaci\u00f3 i ventilaci\u00f3 funcioni de manera optima.<\/span><\/p>\n<p><span style=\"color: #000000\">La responsable de l&#8217;OPRL ens informa que s&#8217;ha revisat el sistema i funciona correctament, la qual cosa \u00f2bviament deixar\u00e0 m\u00e9s tranquil al personal.<\/span><\/p>\n<p><span style=\"color: #000000\"><img loading=\"lazy\" decoding=\"async\" class=\"wp-image-7016 aligncenter\" src=\"http:\/\/ccoo.app\/diputacio-de-barcelona\/wp-content\/blogs.dir\/6\/files\/sites\/186\/2020\/11\/londres-300x200.jpg\" alt=\"\" width=\"203\" height=\"135\" srcset=\"https:\/\/ccoo.app\/diputacio-de-barcelona\/wp-content\/blogs.dir\/6\/files\/sites\/186\/2020\/11\/londres-300x200.jpg 300w, https:\/\/ccoo.app\/diputacio-de-barcelona\/wp-content\/blogs.dir\/6\/files\/sites\/186\/2020\/11\/londres-768x511.jpg 768w, https:\/\/ccoo.app\/diputacio-de-barcelona\/wp-content\/blogs.dir\/6\/files\/sites\/186\/2020\/11\/londres.jpg 1000w\" sizes=\"auto, (max-width: 203px) 100vw, 203px\" \/><\/span><\/p>\n<p><span style=\"color: #000000\"><span style=\"font-family: arial, helvetica, sans-serif\"><span style=\"font-family: 'arial black', sans-serif\">PATRONAT D&#8217;APOSTES <\/span><\/span>No estem d&#8217;acord amb la indicaci\u00f3 de que no es porti cap registre de la jornada (d&#8217;entrada i sortida) per les conseq\u00fc\u00e8ncies legals que podria tenir. <\/span><\/p>\n<p><span style=\"color: #000000\">El nostre Protocol permet:<\/span><\/p>\n<ul>\n<li><span style=\"color: #000000\">Treball a dist\u00e0ncia<\/span><\/li>\n<li><span style=\"color: #000000\">M\u00ednima pres\u00e8ncia de 4 hores i 30 minuts di\u00e0ria establerta per a cada empleat\/ada i s\u2019eximeix de la pres\u00e8ncia f\u00edsica la resta d\u2019hores no assolides presencialment.<\/span><\/li>\n<\/ul>\n<p><span style=\"color: #000000\">Per tant, exigim que es mantingui un registre (sigui el ordinari o un altre) per a que,\u00a0 en cap cas, el personal es vegi afectat d&#8217;una manca de seguretat jur\u00eddica.\u00a0<\/span><\/p>\n<p><span style=\"color: #000000\">Finalment, detectem que no s&#8217;estan fent torns de treball, ni s&#8217;ajusta la presencialitat del personal a les necessitats del servei. A m\u00e9s, demanem que es revisi si s&#8217;estan fent les neteges especials que marca el nostre Protocol i tamb\u00e9, si la ventilaci\u00f3 i renovaci\u00f3 d&#8217;aire, especialment en les plantes inferiors (soterrani) de l&#8217;edifici, \u00e9s correcte.<\/span><\/p>\n<p><span style=\"color: #000000\"><img loading=\"lazy\" decoding=\"async\" class=\"wp-image-3338 aligncenter\" src=\"http:\/\/ccoo.app\/diputacio-de-barcelona\/wp-content\/blogs.dir\/6\/files\/sites\/186\/2019\/01\/aaaaaaaaaaaaaaaaaaaaaaaaaaaaaaaaaaaaaaaaaaaaaaa-300x263.jpg\" alt=\"\" width=\"192\" height=\"168\" \/><\/span><\/p>\n<p><span style=\"color: #000000\"><span style=\"font-family: arial, helvetica, sans-serif\"><span style=\"font-family: 'arial black', sans-serif\">CUINA DE MUNDET <\/span><\/span>La setmana passada, CCOO-Diba vam denunciar que no es realitzava cap neteja entre torns, mancava cartelleria, no havien establit torns d&#8217;entrada i sortida, i en general, hi havia una greu manca de mesures de protecci\u00f3.<\/span><\/p>\n<p><span style=\"color: #000000\">Situaci\u00f3 1 setmana despr\u00e9s? Doncs tot segueix igual!\u00a0<\/span><\/p>\n<p><span style=\"color: #000000\">Ens consta que l&#8217;OPRL ha passat dijous 29 per a revisar la situaci\u00f3. Tot i aix\u00f2, sobte que ning\u00fa des de la ger\u00e8ncia (i ens referim tamb\u00e9 a comandaments) hagi fet res per a donar soluci\u00f3 als problemes detectats.\u00a0<\/span><\/p>\n<p><span style=\"color: #000000\"><a style=\"color: #000000\" href=\"https:\/\/www.ccoo.es\/efbefbc89ead61ce6c6a666f67fb5263000001.pdf\"><img loading=\"lazy\" decoding=\"async\" class=\" wp-image-7017 aligncenter\" src=\"http:\/\/ccoo.app\/diputacio-de-barcelona\/wp-content\/blogs.dir\/6\/files\/sites\/186\/2020\/11\/guia-becarios-222x300.png\" alt=\"\" width=\"200\" height=\"270\" srcset=\"https:\/\/ccoo.app\/diputacio-de-barcelona\/wp-content\/blogs.dir\/6\/files\/sites\/186\/2020\/11\/guia-becarios-222x300.png 222w, https:\/\/ccoo.app\/diputacio-de-barcelona\/wp-content\/blogs.dir\/6\/files\/sites\/186\/2020\/11\/guia-becarios.png 521w\" sizes=\"auto, (max-width: 200px) 100vw, 200px\" \/><\/a><\/span><\/p>\n<p><span style=\"color: #000000\"><span style=\"font-family: arial, helvetica, sans-serif\"><span style=\"font-family: 'arial black', sans-serif\">PERSONAL BECARI I LA COVID-19\u00a0<\/span><\/span><\/span><span style=\"color: #000000\"><span style=\"color: #000000\">Hem detectat que, al menys en alguns casos, aquest personal est\u00e0 treballant de manera presencial amb un horari \u00abnormal\u00bb. Preguntem si la corporaci\u00f3 era coneixedora d&#8217;aquesta situaci\u00f3. CCOO-Diba exigim que se&#8217;ls apliqui, d&#8217;acord amb un principi d&#8217;igualtat, les mateixes mesures de protecci\u00f3 que la resta del personal adaptant-los els seus llocs de treball i\/o afavorint el treball a dist\u00e0ncia (clica<\/span> <a href=\"https:\/\/www.ccoo.es\/efbefbc89ead61ce6c6a666f67fb5263000001.pdf\"><strong><span style=\"color: #0000ff\">aqu\u00ed<\/span> <\/strong><\/a><span style=\"color: #000000\">per llegir guia de CCOO)<\/span><\/span><\/p>\n<p><span style=\"color: #000000\"><img loading=\"lazy\" decoding=\"async\" class=\"wp-image-7019 aligncenter\" src=\"http:\/\/ccoo.app\/diputacio-de-barcelona\/wp-content\/blogs.dir\/6\/files\/sites\/186\/2020\/11\/wc-distancia-300x194.png\" alt=\"\" width=\"204\" height=\"132\" srcset=\"https:\/\/ccoo.app\/diputacio-de-barcelona\/wp-content\/blogs.dir\/6\/files\/sites\/186\/2020\/11\/wc-distancia-300x194.png 300w, https:\/\/ccoo.app\/diputacio-de-barcelona\/wp-content\/blogs.dir\/6\/files\/sites\/186\/2020\/11\/wc-distancia.png 331w\" sizes=\"auto, (max-width: 204px) 100vw, 204px\" \/><\/span><\/p>\n<p><span style=\"color: #000000\"><span style=\"font-family: arial, helvetica, sans-serif\"><span style=\"font-family: 'arial black', sans-serif\">URINARIS D&#8217;HOMES <\/span><\/span>Observem que no s&#8217;ha imposat cap restricci\u00f3 respecte als urinaris d&#8217;homes per a garantir la dist\u00e0ncia de seguretat entre persones. La setmana passada van dir que prenien nota i ho revisarien per\u00f2 sembla que encara no s&#8217;ha fet res al respecte.<\/span><\/p>\n<p><span style=\"color: #000000\"><img loading=\"lazy\" decoding=\"async\" class=\"wp-image-7023 aligncenter\" src=\"http:\/\/ccoo.app\/diputacio-de-barcelona\/wp-content\/blogs.dir\/6\/files\/sites\/186\/2020\/11\/parcs-aglomeracions-cotxes-300x178.png\" alt=\"\" width=\"239\" height=\"142\" srcset=\"https:\/\/ccoo.app\/diputacio-de-barcelona\/wp-content\/blogs.dir\/6\/files\/sites\/186\/2020\/11\/parcs-aglomeracions-cotxes-300x178.png 300w, https:\/\/ccoo.app\/diputacio-de-barcelona\/wp-content\/blogs.dir\/6\/files\/sites\/186\/2020\/11\/parcs-aglomeracions-cotxes.png 416w\" sizes=\"auto, (max-width: 239px) 100vw, 239px\" \/><\/span><\/p>\n<p><span style=\"color: #000000\"><span style=\"font-family: arial, helvetica, sans-serif\"><span style=\"font-family: 'arial black', sans-serif\">PARCS NATURALS\u00a0<\/span><\/span>Advertim que s&#8217;ha incorporat personal per a treballar presencialment sense que se&#8217;ls hagi realitzar la prova diagnostica pr\u00e8viament.<\/span><\/p>\n<p><span style=\"color: #000000\">Sabem tamb\u00e9 que s&#8217;est\u00e0 proposant al personal fer \u00abserveis extraordinaris\u00bb, es a dir, hores extres, per a fer front al nou dispositiu de mobilitat als Parcs. Considerem que la soluci\u00f3 priorit\u00e0ria hauria de ser primerament la contractaci\u00f3 de noves persones mitjan\u00e7ant les borses de treball existent. <\/span><\/p>\n<p><span style=\"color: #000000\"><img loading=\"lazy\" decoding=\"async\" class=\"alignleft\" src=\"https:\/\/image.freepik.com\/vector-gratis\/dibujos-animados-gracioso-canguro-aislado-sobre-fondo-blanco_29190-4448.jpg\" alt=\"Dibujos animados gracioso canguro aislado sobre fondo blanco Vector Premium \" width=\"111\" height=\"112\" \/><\/span><\/p>\n<p><span style=\"color: #000000\">De fet, i abans d&#8217;aix\u00f2, creiem que seria una magnifica oportunitat per implementar una proposta que CCOO-Diba vam fer fa molts mesos (dirien que ja fa anys) en el sentit d&#8217;ampliar la jornada al <strong>personal \u00abcangur\u00bb.<\/strong> Aquesta petici\u00f3 la vam traslladar mitjan\u00e7ant diferents reunions a la ger\u00e8ncia, a la DSRH i als responsables pol\u00edtics. La idea \u00e9s que aquest personal passi a treballar 5 dies a la setmana mantenint el seu servei i pres\u00e8ncia els caps de setmanes. Tothom es veuria afavorit: el personal que podria cobrar <strong>un sou digne<\/strong> i es faria front a les necessitats del servei.<\/span><\/p>\n<p><span style=\"color: #000000\"><img loading=\"lazy\" decoding=\"async\" class=\"wp-image-7027 aligncenter\" src=\"http:\/\/ccoo.app\/diputacio-de-barcelona\/wp-content\/blogs.dir\/6\/files\/sites\/186\/2020\/11\/cameres-seguretat-300x300.jpg\" alt=\"\" width=\"201\" height=\"201\" srcset=\"https:\/\/ccoo.app\/diputacio-de-barcelona\/wp-content\/blogs.dir\/6\/files\/sites\/186\/2020\/11\/cameres-seguretat-300x300.jpg 300w, https:\/\/ccoo.app\/diputacio-de-barcelona\/wp-content\/blogs.dir\/6\/files\/sites\/186\/2020\/11\/cameres-seguretat-150x150.jpg 150w, https:\/\/ccoo.app\/diputacio-de-barcelona\/wp-content\/blogs.dir\/6\/files\/sites\/186\/2020\/11\/cameres-seguretat.jpg 500w\" sizes=\"auto, (max-width: 201px) 100vw, 201px\" \/><\/span><\/p>\n<p><span style=\"color: #000000\"><span style=\"color: #000000;font-family: arial black, sans-serif\"><b>ORGT: CAMERES DE SEGURETAT A LES OFICINES I ALTRES TEMES <\/b><\/span>CCOO-Diba demanem rebre informaci\u00f3 respecte a qu\u00e8 imatges s&#8217;estan enregistren. Ens preocupa que algunes d&#8217;aquestes nom\u00e9s captin imatges dels empleats i empleades (les quals no tindrien cap sentit) o ho facin\u00a0 de manera permanent al llarg de tota la jornada. Ens indiquen que organitzaran una visita per a que els sindicats puguem obtenir la informaci\u00f3 que demanem.<\/span><\/p>\n<p><span style=\"color: #000000\"><strong>MAMPARES DE PROTECCI\u00d3 A MEJIA LEQUERICA<\/strong> Demanem que es revisin ja que creiem que les mampares instal\u00b7lades no compleixen amb l&#8217;objectiu de protegir de manera eficient al personal. Prenen nota i enviaran t\u00e8cnics.\u00a0<\/span><\/p>\n<p><span style=\"color: #000000\"><strong>AGRESSIONS<\/strong> S&#8217;ha detectat un augment d&#8217;agressions i la majoria relacionades amb la cita pr\u00e8via. Una de les solucions proposades ha sigut fer cartelleria m\u00e9s gran, i per tant m\u00e9s visible, per evitar que les persones usu\u00e0ries que no tinguin programada una cita, esperin in\u00fatilment.<\/span><\/p>\n<p><span style=\"color: #000000\"><strong>DESPLA\u00c7AMENT PER A REALITZAR EL TEST COVID<\/strong> Consideren que tenim ra\u00f3 i que l&#8217;ORGT pagar\u00e0 la despesa relacionada pel despla\u00e7ament. Demanem que aix\u00f2 es faci extensiu a tot el personal de la Diputaci\u00f3.<\/span><\/p>\n<p><span style=\"color: #000000\"><img loading=\"lazy\" decoding=\"async\" class=\"wp-image-7028 aligncenter\" src=\"http:\/\/ccoo.app\/diputacio-de-barcelona\/wp-content\/blogs.dir\/6\/files\/sites\/186\/2020\/11\/tren-300x177.jpg\" alt=\"\" width=\"190\" height=\"112\" srcset=\"https:\/\/ccoo.app\/diputacio-de-barcelona\/wp-content\/blogs.dir\/6\/files\/sites\/186\/2020\/11\/tren-300x177.jpg 300w, https:\/\/ccoo.app\/diputacio-de-barcelona\/wp-content\/blogs.dir\/6\/files\/sites\/186\/2020\/11\/tren.jpg 620w\" sizes=\"auto, (max-width: 190px) 100vw, 190px\" \/><\/span><\/p>\n<p><span style=\"color: #000000\"><strong><span style=\"font-family: arial, helvetica, sans-serif\"><span style=\"font-family: 'arial black', sans-serif\">DESPESES PELS DESPLA\u00c7AMENTS RELACIONADES AMB LA SALUT DEL PERSONAL QUE TREBALLA FORA DE BARCELONA <\/span><\/span><\/strong><\/span><\/p>\n<p><span style=\"color: #000000\">El posicionament de CCOO-Diba \u00e9s clar i inflexible: cap treballador o treballadora ha d\u2019assumir les despeses del transport per a realitzar proves m\u00e8diques a Barcelona. Portem setmanes fent saber el nostre posicionament a la Diputaci\u00f3 i a la reuni\u00f3 hem tornat a exposar-ho.<\/span><\/p>\n<p><span style=\"color: #000000\">Entenem que d&#8217;acord amb l&#8217;article 14 de la Llei 31\/1995, la Diputaci\u00f3 (o servei de prevenci\u00f3) s&#8217;ha de fer c\u00e0rrec de les despeses relacionades amb el transport per a realitzar les proves diagnostiques per la Covid-19, per a les revisions m\u00e8diques o altres relacionades amb la salut del personal<\/span><\/p>\n<p><span style=\"color: #000000\">Tenint en compte el principi d\u2019igualat, la ubicaci\u00f3 del nostre lloc de treball MAI hauria de suposar majors despeses. \u00d2bviament,\u00a0 la durada de la gesti\u00f3 aix\u00ed com el despla\u00e7ament ha de ser considerat temps efectiu de treball (recuperable si es fa fora d\u2019horari).<\/span><\/p>\n<p><span style=\"color: #000000\">Per tant, \u00e9s una reivindicaci\u00f3 irrenunciable per a CCOO-Diba.<\/span><\/p>\n<p><span style=\"color: #000000\"><img loading=\"lazy\" decoding=\"async\" class=\"wp-image-6758 aligncenter\" src=\"http:\/\/ccoo.app\/diputacio-de-barcelona\/wp-content\/blogs.dir\/6\/files\/sites\/186\/2020\/09\/prohibit-bicicletes-300x300.jpg\" alt=\"\" width=\"184\" height=\"184\" srcset=\"https:\/\/ccoo.app\/diputacio-de-barcelona\/wp-content\/blogs.dir\/6\/files\/sites\/186\/2020\/09\/prohibit-bicicletes-300x300.jpg 300w, https:\/\/ccoo.app\/diputacio-de-barcelona\/wp-content\/blogs.dir\/6\/files\/sites\/186\/2020\/09\/prohibit-bicicletes-1024x1024.jpg 1024w, https:\/\/ccoo.app\/diputacio-de-barcelona\/wp-content\/blogs.dir\/6\/files\/sites\/186\/2020\/09\/prohibit-bicicletes-150x150.jpg 150w, https:\/\/ccoo.app\/diputacio-de-barcelona\/wp-content\/blogs.dir\/6\/files\/sites\/186\/2020\/09\/prohibit-bicicletes-768x768.jpg 768w, https:\/\/ccoo.app\/diputacio-de-barcelona\/wp-content\/blogs.dir\/6\/files\/sites\/186\/2020\/09\/prohibit-bicicletes.jpg 1300w\" sizes=\"auto, (max-width: 184px) 100vw, 184px\" \/><\/span><\/p>\n<p><span style=\"color: #000000\"><span style=\"font-family: arial, helvetica, sans-serif\"><span style=\"font-family: 'arial black', sans-serif\">UTILITZACI\u00d3 DELS PARQUINGS: ENCARA ESPERANT LA REUNI\u00d3 <\/span><\/span>El <em>manual d\u2019incorporaci\u00f3 a llocs de treball presencial<\/em>\u00a0(cliqueu\u00a0<strong><a style=\"color: #000000\" href=\"https:\/\/diba.ccoo.cat\/wp-content\/uploads\/sites\/37\/2020\/07\/Manual-informaci%C3%B3-treballador-retorn-presencial.pdf\">aqu\u00ed<\/a><\/strong>) indica en el punt V de la p\u00e0gina 5 : <em>\u201cEl risc de contagi pel virus SARS-CoV-2 \u00e9s present en el dia a dia; per tant, \u00e9s tamb\u00e9 necessari que\u00a0<strong>extremeu les mesures<\/strong>\u00a0d\u2019higiene i distanciament social, tamb\u00e9\u00a0<strong>durant els despla\u00e7aments<\/strong>.\u00a0<strong>Preferentment, feu el despla\u00e7ament caminant o en vehicle privat (cotxe, moto, bicicleta o patinet)\u201d.<\/strong><\/em><\/span><\/p>\n<p><span style=\"color: #000000\">Davant la nostra insist\u00e8ncia (cliqueu<\/span> <span style=\"color: #0000ff\"><strong><a style=\"color: #0000ff\" href=\"https:\/\/diba.ccoo.cat\/mobilitat-sostenible-per-anar-i-tornar-de-la-feina-en-situacio-de-covid-19\/\">aqu\u00ed<\/a><\/strong><\/span>), <span style=\"color: #000000\">la corporaci\u00f3 ens va informar que ens convocarien a una reuni\u00f3 per parlar del tema. D&#8217;aix\u00f2 ja ha passat 1 mes. A qu\u00e8 esperen? Hem demanat que es convoqui sense m\u00e9s dilacions als sindicats.<\/span><\/p>\n<p><span style=\"color: #000000\">Mentre, fixeu-vos en la seg\u00fcent imatge. Al pavell\u00f3 Nord ja tenen p\u00e0rquings segur per a bicis i patinets!<\/span><\/p>\n<p><span style=\"color: #000000\"><a style=\"color: #000000\" href=\"http:\/\/ccoo.app\/diputacio-de-barcelona\/wp-content\/blogs.dir\/6\/files\/sites\/186\/2020\/11\/parking-a-respir.jpg\"><img loading=\"lazy\" decoding=\"async\" class=\"wp-image-7020 aligncenter\" src=\"http:\/\/ccoo.app\/diputacio-de-barcelona\/wp-content\/blogs.dir\/6\/files\/sites\/186\/2020\/11\/parking-a-respir-300x225.jpg\" alt=\"\" width=\"436\" height=\"327\" srcset=\"https:\/\/ccoo.app\/diputacio-de-barcelona\/wp-content\/blogs.dir\/6\/files\/sites\/186\/2020\/11\/parking-a-respir-300x225.jpg 300w, https:\/\/ccoo.app\/diputacio-de-barcelona\/wp-content\/blogs.dir\/6\/files\/sites\/186\/2020\/11\/parking-a-respir-1024x768.jpg 1024w, https:\/\/ccoo.app\/diputacio-de-barcelona\/wp-content\/blogs.dir\/6\/files\/sites\/186\/2020\/11\/parking-a-respir-768x576.jpg 768w, https:\/\/ccoo.app\/diputacio-de-barcelona\/wp-content\/blogs.dir\/6\/files\/sites\/186\/2020\/11\/parking-a-respir-1536x1152.jpg 1536w, https:\/\/ccoo.app\/diputacio-de-barcelona\/wp-content\/blogs.dir\/6\/files\/sites\/186\/2020\/11\/parking-a-respir.jpg 1600w\" sizes=\"auto, (max-width: 436px) 100vw, 436px\" \/><\/a><\/span><\/p>\n<p><span style=\"color: #000000\">Sense comentari&#8230;<\/span><\/p>\n<p style=\"text-align: justify\"><span style=\"color: #000000\"><span style=\"font-family: arial, helvetica, sans-serif\"><span style=\"font-family: 'arial black', sans-serif\"><strong>MESURES ADDICIONALS <\/strong><\/span><\/span><\/span>(mascaretes FP2). Tal com ja va demanar CCOO-Diba setmanes abans, en el sentit que es pugui subministrar mascaretes FP2, la Diputaci\u00f3 de nou indica que la normativa vigent nom\u00e9s exigeix l&#8217;\u00fas de mascaretes quir\u00fargiques.<\/p>\n<p style=\"text-align: justify\">Cliqueu <a href=\"https:\/\/www.eldiario.es\/sociedad\/contagio-aerosoles-abre-nuevo-debate-deberiamos-mascarillas-proteccion-interiores_1_6368536.html\"><strong><span style=\"color: #0000ff\">aqu\u00ed<\/span><\/strong><\/a> per llegir noticia relacionada.<\/p>\n<p><a href=\"http:\/\/ccoo.app\/diputacio-de-barcelona\/wp-content\/blogs.dir\/6\/files\/sites\/186\/2020\/04\/informacio-mascaretes.png\"><img loading=\"lazy\" decoding=\"async\" class=\"size-medium wp-image-5633 aligncenter\" src=\"http:\/\/ccoo.app\/diputacio-de-barcelona\/wp-content\/blogs.dir\/6\/files\/sites\/186\/2020\/04\/informacio-mascaretes-224x300.png\" alt=\"\" width=\"224\" height=\"300\" srcset=\"https:\/\/ccoo.app\/diputacio-de-barcelona\/wp-content\/blogs.dir\/6\/files\/sites\/186\/2020\/04\/informacio-mascaretes-224x300.png 224w, https:\/\/ccoo.app\/diputacio-de-barcelona\/wp-content\/blogs.dir\/6\/files\/sites\/186\/2020\/04\/informacio-mascaretes.png 508w\" sizes=\"auto, (max-width: 224px) 100vw, 224px\" \/><\/a><\/p>\n<p style=\"text-align: left\"><span style=\"color: #000000\">CCOO vam demanar que al menys el <strong>personal vulnerable<\/strong> en pogu\u00e9s disposar. El que responen \u00e9s que s&#8217;ho estan plantejant per\u00f2 nom\u00e9s pel personal dels <strong>bibliobusos<\/strong> ja que \u00e9s molt dif\u00edcil mantenir la distancia de seguretat.<\/span><\/p>\n<p><span style=\"color: #000000\"><img loading=\"lazy\" decoding=\"async\" class=\"wp-image-6417 aligncenter\" src=\"http:\/\/ccoo.app\/diputacio-de-barcelona\/wp-content\/blogs.dir\/6\/files\/sites\/186\/2020\/07\/ccoo-diba-prevencio-300x280.png\" alt=\"\" width=\"160\" height=\"149\" srcset=\"https:\/\/ccoo.app\/diputacio-de-barcelona\/wp-content\/blogs.dir\/6\/files\/sites\/186\/2020\/07\/ccoo-diba-prevencio-300x280.png 300w, https:\/\/ccoo.app\/diputacio-de-barcelona\/wp-content\/blogs.dir\/6\/files\/sites\/186\/2020\/07\/ccoo-diba-prevencio.png 490w\" sizes=\"auto, (max-width: 160px) 100vw, 160px\" \/><\/span><\/p>\n<ul>\n<li style=\"text-align: justify\"><span style=\"font-family: arial, helvetica, sans-serif\"><span style=\"color: #000000\"><span style=\"font-family: 'arial black', sans-serif\"><strong>TINGUES SEMPRE A M\u00c0 EL MANUAL\u00a0<em>\u201cINCORPORACI\u00d3 AL LLOC DE TREBALL<\/em><\/strong>\u00a0<\/span><strong><em><span style=\"font-family: 'arial black', sans-serif\">PRESENCIAL: QU\u00c8 HEU DE SABER?\u201d\u00a0<\/span><\/em><\/strong>Cliqueu<\/span> <span style=\"font-family: 'arial black', sans-serif;color: #0000ff\"><a style=\"color: #0000ff\" href=\"https:\/\/diba.ccoo.cat\/manual-incorporacio\/\">aqu\u00ed<\/a><\/span><\/span><\/li>\n<li style=\"text-align: justify\"><span style=\"font-family: 'arial black', sans-serif;color: #000000\">A LA FEINA HAIG DE DUR MASCARETA? <span style=\"font-family: arial, helvetica, sans-serif\">Cliqueu <span style=\"color: #0000ff;font-family: 'arial black', sans-serif\"><a href=\"https:\/\/diba.ccoo.cat\/novembre-2020-haig-de-portar-mascareta-a-la-meva-feina-2\/\">aqu\u00ed<\/a>.<\/span><\/span><\/span><\/li>\n<\/ul>\n<p style=\"text-align: justify\"><img loading=\"lazy\" decoding=\"async\" class=\"wp-image-6159 aligncenter\" src=\"http:\/\/ccoo.app\/diputacio-de-barcelona\/wp-content\/blogs.dir\/6\/files\/sites\/186\/2020\/05\/28-de-maig.png\" alt=\"\" width=\"175\" height=\"131\" \/><\/p>\n<p style=\"text-align: justify\">\n<p style=\"text-align: center\"><span style=\"font-family: 'arial black', sans-serif\"><span style=\"font-family: arial, helvetica, sans-serif\"><span style=\"color: #000000\">CLIQUEU<\/span><a href=\"https:\/\/diba.ccoo.cat\/23-10-2020-css-diba\/\"><span style=\"color: #0000ff;font-family: 'arial black', sans-serif\"> AQU\u00cd <\/span><\/a><\/span><span style=\"color: #000000\"><span style=\"font-family: arial, helvetica, sans-serif\">VEURE RESUM DE L<\/span>A REUNI\u00d3 DEL CSS ANTERIOR<\/span><\/span><\/p>\n<p style=\"text-align: center\"><img loading=\"lazy\" decoding=\"async\" class=\"wp-image-5184 aligncenter\" src=\"http:\/\/ccoo.app\/diputacio-de-barcelona\/wp-content\/blogs.dir\/6\/files\/sites\/186\/2020\/03\/i-de-info-300x300.jpg\" alt=\"\" width=\"72\" height=\"72\" srcset=\"https:\/\/ccoo.app\/diputacio-de-barcelona\/wp-content\/blogs.dir\/6\/files\/sites\/186\/2020\/03\/i-de-info-300x300.jpg 300w, https:\/\/ccoo.app\/diputacio-de-barcelona\/wp-content\/blogs.dir\/6\/files\/sites\/186\/2020\/03\/i-de-info-150x150.jpg 150w, https:\/\/ccoo.app\/diputacio-de-barcelona\/wp-content\/blogs.dir\/6\/files\/sites\/186\/2020\/03\/i-de-info.jpg 626w\" sizes=\"auto, (max-width: 72px) 100vw, 72px\" \/><\/p>\n<p style=\"text-align: center\"><span style=\"font-family: 'arial black', sans-serif;color: #000000\">DE DILLUNS A DIVENDRES<\/span><\/p>\n<p style=\"text-align: center\"><span style=\"font-family: 'arial black', sans-serif;color: #000000\">DE 10:00 A 14:30 i DE 17:00 A 19:00\u00a0<\/span><\/p>\n<p style=\"text-align: center\"><span style=\"font-family: 'arial black', sans-serif;color: #000000\">93.402.29.85 \u2013 22985 \u2013 667 90 69 64<\/span><\/p>\n<p><img loading=\"lazy\" decoding=\"async\" class=\"wp-image-5553 aligncenter\" src=\"http:\/\/ccoo.app\/diputacio-de-barcelona\/wp-content\/blogs.dir\/6\/files\/sites\/186\/2020\/04\/mail-foto-300x200.jpg\" alt=\"\" width=\"59\" height=\"39\" srcset=\"https:\/\/ccoo.app\/diputacio-de-barcelona\/wp-content\/blogs.dir\/6\/files\/sites\/186\/2020\/04\/mail-foto-300x200.jpg 300w, https:\/\/ccoo.app\/diputacio-de-barcelona\/wp-content\/blogs.dir\/6\/files\/sites\/186\/2020\/04\/mail-foto-1024x683.jpg 1024w, https:\/\/ccoo.app\/diputacio-de-barcelona\/wp-content\/blogs.dir\/6\/files\/sites\/186\/2020\/04\/mail-foto-768x512.jpg 768w, https:\/\/ccoo.app\/diputacio-de-barcelona\/wp-content\/blogs.dir\/6\/files\/sites\/186\/2020\/04\/mail-foto.jpg 1200w\" sizes=\"auto, (max-width: 59px) 100vw, 59px\" \/><\/p>\n<p style=\"text-align: center\"><span style=\"font-family: arial, helvetica, sans-serif;color: #000000\">La\u00a0SECCI\u00d3 SINDICAL DE CCOO donem resposta a tots els teus dubtes o t&#8217;ajudem solucionar els problemes que puguis tenir.<strong> T&#8217;ajudem a defensar els teus drets!<\/strong><\/span><\/p>\n<p style=\"text-align: center\"><span style=\"font-family: 'arial black', sans-serif;color: #0000ff\"><a style=\"color: #0000ff\" href=\"mailto:ccoo@diba.cat\"><strong>ccoo@diba.cat<\/strong><\/a><\/span><\/p>\n<p style=\"text-align: center\"><span style=\"font-family: 'arial black', sans-serif;color: #0000ff\"><a style=\"color: #0000ff\" href=\"mailto:orgt.ssccoo@diba.cat\">orgt.ssccoo@diba.cat<\/a><\/span><\/p>\n<p><img loading=\"lazy\" decoding=\"async\" class=\"wp-image-6417 aligncenter\" src=\"http:\/\/ccoo.app\/diputacio-de-barcelona\/wp-content\/blogs.dir\/6\/files\/sites\/186\/2020\/07\/ccoo-diba-prevencio-300x280.png\" alt=\"\" width=\"57\" height=\"53\" srcset=\"https:\/\/ccoo.app\/diputacio-de-barcelona\/wp-content\/blogs.dir\/6\/files\/sites\/186\/2020\/07\/ccoo-diba-prevencio-300x280.png 300w, https:\/\/ccoo.app\/diputacio-de-barcelona\/wp-content\/blogs.dir\/6\/files\/sites\/186\/2020\/07\/ccoo-diba-prevencio.png 490w\" sizes=\"auto, (max-width: 57px) 100vw, 57px\" \/><\/p>\n<p style=\"text-align: center\"><span style=\"font-family: arial, helvetica, sans-serif;color: #000000\">Contacte directe amb els i les delegades de prevenci\u00f3: clic <a href=\"https:\/\/diba.ccoo.cat\/ajuda-dels-nostres-delegats-i-delegades-de-prevencio\/\"><span style=\"font-family: 'arial black', sans-serif;color: #0000ff\">aqu\u00ed<\/span><\/a><\/span><\/p>\n<p><img loading=\"lazy\" decoding=\"async\" class=\"wp-image-5554 aligncenter\" src=\"http:\/\/ccoo.app\/diputacio-de-barcelona\/wp-content\/blogs.dir\/6\/files\/sites\/186\/2020\/04\/mail-foto-enviar-300x212.jpg\" alt=\"\" width=\"67\" height=\"47\" srcset=\"https:\/\/ccoo.app\/diputacio-de-barcelona\/wp-content\/blogs.dir\/6\/files\/sites\/186\/2020\/04\/mail-foto-enviar-300x212.jpg 300w, https:\/\/ccoo.app\/diputacio-de-barcelona\/wp-content\/blogs.dir\/6\/files\/sites\/186\/2020\/04\/mail-foto-enviar-1024x724.jpg 1024w, https:\/\/ccoo.app\/diputacio-de-barcelona\/wp-content\/blogs.dir\/6\/files\/sites\/186\/2020\/04\/mail-foto-enviar-768x543.jpg 768w, https:\/\/ccoo.app\/diputacio-de-barcelona\/wp-content\/blogs.dir\/6\/files\/sites\/186\/2020\/04\/mail-foto-enviar.jpg 1200w\" sizes=\"auto, (max-width: 67px) 100vw, 67px\" \/><\/p>\n<p style=\"text-align: center\"><span style=\"font-family: arial, helvetica, sans-serif;color: #000000\">Encara no t&#8217;has descarregat la nostra <a href=\"http:\/\/www.ccoo.cat\/carnet\/index.aspx?qr=1#descarrega\"><span style=\"font-family: 'arial black', sans-serif;color: #0000ff\">APP<\/span><\/a> CCOO-Diba d&#8217;informaci\u00f3 sindical?<\/span><\/p>\n<p style=\"text-align: center\"><span style=\"font-family: arial, helvetica, sans-serif;color: #000000\">Fes clic <a href=\"http:\/\/www.ccoo.cat\/carnet\/index.aspx?qr=1#descarrega\"><span style=\"font-family: 'arial black', sans-serif;color: #0000ff\">aqu\u00ed<\/span><\/a> per tenir la informaci\u00f3 abans que ning\u00fa!<\/span><\/p>\n<p><img loading=\"lazy\" decoding=\"async\" class=\"wp-image-5915 aligncenter\" src=\"http:\/\/ccoo.app\/diputacio-de-barcelona\/wp-content\/blogs.dir\/6\/files\/sites\/186\/2020\/05\/xarxes-socials-300x169.png\" alt=\"\" width=\"227\" height=\"128\" srcset=\"https:\/\/ccoo.app\/diputacio-de-barcelona\/wp-content\/blogs.dir\/6\/files\/sites\/186\/2020\/05\/xarxes-socials-300x169.png 300w, https:\/\/ccoo.app\/diputacio-de-barcelona\/wp-content\/blogs.dir\/6\/files\/sites\/186\/2020\/05\/xarxes-socials-1024x576.png 1024w, https:\/\/ccoo.app\/diputacio-de-barcelona\/wp-content\/blogs.dir\/6\/files\/sites\/186\/2020\/05\/xarxes-socials-768x432.png 768w, https:\/\/ccoo.app\/diputacio-de-barcelona\/wp-content\/blogs.dir\/6\/files\/sites\/186\/2020\/05\/xarxes-socials.png 1200w\" sizes=\"auto, (max-width: 227px) 100vw, 227px\" \/><\/p>\n<p style=\"text-align: center\"><span style=\"font-family: arial, helvetica, sans-serif;color: #000000\">Tamb\u00e9 trobar\u00e0s CCOO-Diba a les xarxes socials. Clica sobre la icona de la teva xarxa favorita:<\/span><\/p>\n<p><a href=\"https:\/\/twitter.com\/CCOODiba\"><img loading=\"lazy\" decoding=\"async\" class=\" wp-image-5728 aligncenter\" src=\"http:\/\/ccoo.app\/diputacio-de-barcelona\/wp-content\/blogs.dir\/6\/files\/sites\/186\/2020\/04\/twitter-300x300.png\" alt=\"\" width=\"89\" height=\"89\" srcset=\"https:\/\/ccoo.app\/diputacio-de-barcelona\/wp-content\/blogs.dir\/6\/files\/sites\/186\/2020\/04\/twitter-300x300.png 300w, https:\/\/ccoo.app\/diputacio-de-barcelona\/wp-content\/blogs.dir\/6\/files\/sites\/186\/2020\/04\/twitter-150x150.png 150w, https:\/\/ccoo.app\/diputacio-de-barcelona\/wp-content\/blogs.dir\/6\/files\/sites\/186\/2020\/04\/twitter.png 512w\" sizes=\"auto, (max-width: 89px) 100vw, 89px\" \/><\/a><\/p>\n<p><a href=\"https:\/\/www.instagram.com\/ccoo_diba\/?hl=es\"><img loading=\"lazy\" decoding=\"async\" class=\"wp-image-5730 aligncenter\" src=\"http:\/\/ccoo.app\/diputacio-de-barcelona\/wp-content\/blogs.dir\/6\/files\/sites\/186\/2020\/04\/instragram-300x300.png\" alt=\"\" width=\"91\" height=\"91\" srcset=\"https:\/\/ccoo.app\/diputacio-de-barcelona\/wp-content\/blogs.dir\/6\/files\/sites\/186\/2020\/04\/instragram-300x300.png 300w, https:\/\/ccoo.app\/diputacio-de-barcelona\/wp-content\/blogs.dir\/6\/files\/sites\/186\/2020\/04\/instragram-150x150.png 150w, https:\/\/ccoo.app\/diputacio-de-barcelona\/wp-content\/blogs.dir\/6\/files\/sites\/186\/2020\/04\/instragram.png 512w\" sizes=\"auto, (max-width: 91px) 100vw, 91px\" \/><\/a><\/p>\n<p><a href=\"https:\/\/www.facebook.com\/CcooDiputacioDeBarcelona\/\"><img loading=\"lazy\" decoding=\"async\" class=\"wp-image-5729 aligncenter\" src=\"http:\/\/ccoo.app\/diputacio-de-barcelona\/wp-content\/blogs.dir\/6\/files\/sites\/186\/2020\/04\/facebook-300x300.png\" alt=\"\" width=\"90\" height=\"90\" srcset=\"https:\/\/ccoo.app\/diputacio-de-barcelona\/wp-content\/blogs.dir\/6\/files\/sites\/186\/2020\/04\/facebook-300x300.png 300w, https:\/\/ccoo.app\/diputacio-de-barcelona\/wp-content\/blogs.dir\/6\/files\/sites\/186\/2020\/04\/facebook-150x150.png 150w, https:\/\/ccoo.app\/diputacio-de-barcelona\/wp-content\/blogs.dir\/6\/files\/sites\/186\/2020\/04\/facebook.png 325w\" sizes=\"auto, (max-width: 90px) 100vw, 90px\" \/><\/a><a href=\"https:\/\/www.youtube.com\/channel\/UCFzenkS75udEcs4pB4qoZsg\"><img loading=\"lazy\" decoding=\"async\" class=\" wp-image-5916 aligncenter\" src=\"http:\/\/ccoo.app\/diputacio-de-barcelona\/wp-content\/blogs.dir\/6\/files\/sites\/186\/2020\/05\/youtube-300x115.jpg\" alt=\"\" width=\"122\" height=\"47\" srcset=\"https:\/\/ccoo.app\/diputacio-de-barcelona\/wp-content\/blogs.dir\/6\/files\/sites\/186\/2020\/05\/youtube-300x115.jpg 300w, https:\/\/ccoo.app\/diputacio-de-barcelona\/wp-content\/blogs.dir\/6\/files\/sites\/186\/2020\/05\/youtube-1024x391.jpg 1024w, https:\/\/ccoo.app\/diputacio-de-barcelona\/wp-content\/blogs.dir\/6\/files\/sites\/186\/2020\/05\/youtube-768x293.jpg 768w, https:\/\/ccoo.app\/diputacio-de-barcelona\/wp-content\/blogs.dir\/6\/files\/sites\/186\/2020\/05\/youtube.jpg 1200w\" sizes=\"auto, (max-width: 122px) 100vw, 122px\" \/><\/a><\/p>\n<p><iframe loading=\"lazy\" title=\"Hauran de comptar amb nosaltres. Salut, treball i just\u00edcia social || 1r de maig del 2020.\" width=\"1200\" height=\"675\" src=\"https:\/\/www.youtube.com\/embed\/uS104R3aSJs?feature=oembed\" frameborder=\"0\" allow=\"accelerometer; autoplay; clipboard-write; encrypted-media; gyroscope; picture-in-picture; web-share\" allowfullscreen><\/iframe>    \t<\/p>\n","protected":false},"excerpt":{"rendered":"<p>\u00a0REUNI\u00d3 DEL COMIT\u00c8 DE SEGURETAT I SALUT DEL 30.10.2020 &#8211; 1 de novembre de 2020- BREU RESUM DELS ANTECEDENTS El dia 7 d\u2019abril (cliqueu aqu\u00ed), cansats i cansades d&#8217;esperar resposta &#8230; <\/p>\n<p class=\"read-more-container\"><a title=\"141\/COVID-19 30.10.2020 RESUM DE LA REUNI\u00d3 DEL COMIT\u00c8 DE SEGURETAT I SALUT\" class=\"read-more button\" href=\"https:\/\/ccoo.app\/diputacio-de-barcelona\/30-10-2020-css-diba\/#more-7012\" aria-label=\"Leer m\u00e1s sobre 141\/COVID-19 30.10.2020 RESUM DE LA REUNI\u00d3 DEL COMIT\u00c8 DE SEGURETAT I SALUT\">Continuar llegint<\/a><\/p>\n","protected":false},"author":4519,"featured_media":6417,"comment_status":"open","ping_status":"open","sticky":false,"template":"","format":"standard","meta":{"footnotes":""},"categories":[38,19,29,34,35,37],"tags":[124,167,189,212,221,239],"class_list":["post-7012","post","type-post","status-publish","format-standard","has-post-thumbnail","hentry","category-a-tot-el-personal","category-comunicats","category-orgt-2","category-respir","category-salut-laboral","category-xbm","tag-inspeccio-de-treball","tag-orgt","tag-prevencio","tag-salut","tag-teletreball","tag-xarxa-de-bibioteques-xbm","generate-columns","tablet-grid-50","mobile-grid-100","grid-parent","grid-50"],"_links":{"self":[{"href":"https:\/\/ccoo.app\/diputacio-de-barcelona\/wp-json\/wp\/v2\/posts\/7012","targetHints":{"allow":["GET"]}}],"collection":[{"href":"https:\/\/ccoo.app\/diputacio-de-barcelona\/wp-json\/wp\/v2\/posts"}],"about":[{"href":"https:\/\/ccoo.app\/diputacio-de-barcelona\/wp-json\/wp\/v2\/types\/post"}],"author":[{"embeddable":true,"href":"https:\/\/ccoo.app\/diputacio-de-barcelona\/wp-json\/wp\/v2\/users\/4519"}],"replies":[{"embeddable":true,"href":"https:\/\/ccoo.app\/diputacio-de-barcelona\/wp-json\/wp\/v2\/comments?post=7012"}],"version-history":[{"count":1,"href":"https:\/\/ccoo.app\/diputacio-de-barcelona\/wp-json\/wp\/v2\/posts\/7012\/revisions"}],"predecessor-version":[{"id":50849,"href":"https:\/\/ccoo.app\/diputacio-de-barcelona\/wp-json\/wp\/v2\/posts\/7012\/revisions\/50849"}],"wp:featuredmedia":[{"embeddable":true,"href":"https:\/\/ccoo.app\/diputacio-de-barcelona\/wp-json\/wp\/v2\/media\/6417"}],"wp:attachment":[{"href":"https:\/\/ccoo.app\/diputacio-de-barcelona\/wp-json\/wp\/v2\/media?parent=7012"}],"wp:term":[{"taxonomy":"category","embeddable":true,"href":"https:\/\/ccoo.app\/diputacio-de-barcelona\/wp-json\/wp\/v2\/categories?post=7012"},{"taxonomy":"post_tag","embeddable":true,"href":"https:\/\/ccoo.app\/diputacio-de-barcelona\/wp-json\/wp\/v2\/tags?post=7012"}],"curies":[{"name":"wp","href":"https:\/\/api.w.org\/{rel}","templated":true}]}}