{"id":699,"date":"2015-05-08T12:42:47","date_gmt":"2015-05-08T11:42:47","guid":{"rendered":"https:\/\/diba.ccoo.cat\/plantilla_post-copy-copy-2-copy\/"},"modified":"2015-05-08T12:42:47","modified_gmt":"2015-05-08T11:42:47","slug":"info-auxiliars-administratius","status":"publish","type":"post","link":"https:\/\/ccoo.app\/diputacio-de-barcelona\/info-auxiliars-administratius\/","title":{"rendered":"INFO AUXILIARS ADMINISTRATIUS"},"content":{"rendered":"<p>&nbsp;<\/p>\n<p><img loading=\"lazy\" decoding=\"async\" class=\"wp-image-189\" title=\"Secci\u00f3 Sindical de la Diutaci\u00f3 de Barcelona de la Federaci\u00f3 Sindical de Catalunya\" src=\"http:\/\/ccoo.app\/diputacio-de-barcelona\/wp-content\/blogs.dir\/6\/files\/sites\/186\/2015\/12\/ccoo-fsc-cat.png\" alt=\"Secci\u00f3 Sindical de la Diputaci\u00f3 de Barcelona de la Federaci\u00f3 Sindical de Catalunya\" width=\"469\" height=\"90\" \/><\/p>\n<p class=\"wp-caption-text\">Secci\u00f3 Sindical de la Diputaci\u00f3 de Barcelona<\/p>\n<h3 style=\"text-align: center\"><\/h3>\n<h3 class=\"widget-title\">INFO AUXILIARS ADMINISTRATIUS<\/h3>\n<h3 style=\"text-align: center\"><strong><span style=\"color: #ff0000\">INFO AUXILIARS ADMINISTRATIUS<\/span><\/strong><\/h3>\n<p>Hem rebut moltes consultes respecte al temaris relacionats amb les borses de Auxiliar Administratiu (S-16\/15) i T\u00e8cnic mitj\u00e0 Gesti\u00f3 (S-15\/15).<\/p>\n<p>Dir-vos que disposem de temaris de l\u2019any 2011. Estem pendents de rebre temaris actualitzats. Si voleu m\u00e9s informaci\u00f3, poseu-vos en contacte amb la nostra secci\u00f3 al <strong>934 022 985.<\/strong><\/p>\n<p>Tamb\u00e9 informar-vos que l\u2019acad\u00e8mia Adams t\u00e9 previst iniciar un curs durant el mes de juny relacionat amb la convocat\u00f2ria S-16\/15 a un preu de 120\u20ac \/mes fins a la data de la convocat\u00f2ria. <strong>(<u>Els afiliats i afiliades a CCOO tenen un descompte d\u2019un 25%)<\/u>. \u00a0<\/strong><\/p>\n<p><span style=\"color: #0000ff\"><a style=\"color: #0000ff\" href=\"http:\/\/www.adams.es\/oposiciones\/administracion-general\/borsa-treball-auxiliar-administratiu-diputacio-barcelona\/16969\">http:\/\/www.adams.es\/oposiciones\/administracion-general\/borsa-treball-auxiliar-administratiu-diputacio-barcelona\/16969<\/a><\/span><\/p>\n<p style=\"text-align: center\"><u><\/u><span style=\"color: #ff0000\"><strong><u>ALTRES INFORMACI\u00d3 SOBRE FORMACI\u00d3 CCOO<\/u><\/strong><\/span><\/p>\n<p><span style=\"color: #0000ff\"><a style=\"color: #0000ff\" href=\"https:\/\/es.fundaciopacopuerto.cat\/\">https:\/\/es.fundaciopacopuerto.cat\/<\/a><\/span><\/p>\n<p>&nbsp;<\/p>\n<table width=\"651\">\n<tbody>\n<tr>\n<td width=\"173\"><span style=\"color: #ff0000\"><strong>CURS<\/strong><\/span><\/td>\n<td width=\"103\"><span style=\"color: #ff0000\"><strong>DATA INICI<\/strong><\/span><\/td>\n<td width=\"115\"><span style=\"color: #ff0000\"><strong>HORARI<\/strong><\/span><\/td>\n<td width=\"115\"><span style=\"color: #ff0000\"><strong>DIES<\/strong><\/span><\/td>\n<td width=\"145\"><span style=\"color: #ff0000\"><strong>INSCRIPCI\u00d3<\/strong><\/span><\/td>\n<\/tr>\n<tr>\n<td width=\"173\"><span style=\"color: #ff0000\"><strong>Serveis financers i administratius<\/strong><\/span><\/td>\n<td width=\"103\"><\/td>\n<td width=\"115\"><\/td>\n<td width=\"115\"><\/td>\n<td width=\"145\"><\/td>\n<\/tr>\n<tr>\n<td width=\"173\"><strong>Gesti\u00f3 d\u2019impostos<\/strong><\/td>\n<td width=\"103\">12\/05\/2015<\/td>\n<td width=\"115\">16:00-18:30<\/td>\n<td width=\"115\">DM .DJ.<\/td>\n<td width=\"145\"><span style=\"color: #ff0000\"><a style=\"color: #ff0000\" href=\"https:\/\/fundaciopacopuerto.cat\/curso\/gestio-dimpostos-57788\"><strong>Inscripci\u00f3<\/strong><\/a><\/span><\/td>\n<\/tr>\n<tr>\n<td width=\"173\"><strong>Linux Essential<\/strong><\/td>\n<td width=\"103\">19\/05\/2015<\/td>\n<td width=\"115\">18:30-21:30<\/td>\n<td width=\"115\">DM. DJ.<\/td>\n<td width=\"145\"><span style=\"color: #ff0000\"><a style=\"color: #ff0000\" href=\"https:\/\/fundaciopacopuerto.cat\/curso\/linux-essential-57789\"><strong>Inscripci\u00f3<\/strong><\/a><\/span><\/td>\n<\/tr>\n<tr>\n<td width=\"173\"><span style=\"color: #ff0000\"><strong>\u00a0Formaci\u00f3 i educaci\u00f3<\/strong><\/span><\/td>\n<td width=\"103\"><\/td>\n<td width=\"115\"><\/td>\n<td width=\"115\"><\/td>\n<td width=\"145\"><\/td>\n<\/tr>\n<tr>\n<td width=\"173\"><strong>Eduquem en valors a trav\u00e9s del teatre<\/strong><\/td>\n<td width=\"103\">29\/06\/2015<\/td>\n<td width=\"115\">16:00-21:00<\/td>\n<td width=\"115\">DL. DT. DC. DJ.<\/td>\n<td width=\"145\"><span style=\"color: #ff0000\"><a style=\"color: #ff0000\" href=\"https:\/\/fundaciopacopuerto.cat\/curso\/eduquem-en-valors-a-traves-del-teatre-57814\"><strong>Inscripci\u00f3<\/strong><\/a><\/span><\/td>\n<\/tr>\n<tr>\n<td width=\"173\"><strong>\u00a0Comer\u00e7<\/strong><\/td>\n<td width=\"103\"><\/td>\n<td width=\"115\"><\/td>\n<td width=\"115\"><\/td>\n<td width=\"145\"><\/td>\n<\/tr>\n<tr>\n<td width=\"173\"><strong>T\u00e8cniques d\u2019entrevista i enquesta<\/strong><\/td>\n<td width=\"103\">16\/06\/2015<\/td>\n<td width=\"115\">09:00-14:00<\/td>\n<td width=\"115\">DM. DJ. DV.<\/td>\n<td width=\"145\"><span style=\"color: #ff0000\"><a style=\"color: #ff0000\" href=\"https:\/\/fundaciopacopuerto.cat\/curso\/tecniques-dentrevista-i-enquesta-57692\/\"><strong>Inscripci\u00f3<\/strong><\/a><\/span><\/td>\n<\/tr>\n<tr>\n<td width=\"173\"><strong>Monitor\/a de lleure<\/strong><\/td>\n<td width=\"103\">18\/05\/2015<\/td>\n<td width=\"115\">16:00-20:30<\/td>\n<td width=\"115\">DL. DC. DV<\/td>\n<td width=\"145\"><span style=\"color: #ff0000\"><a style=\"color: #ff0000\" href=\"https:\/\/fundaciopacopuerto.cat\/curso\/monitor-de-lleure-57662\"><strong>Inscripci\u00f3<\/strong><\/a><\/span><\/td>\n<\/tr>\n<tr>\n<td width=\"173\"><strong>Cuina creativa<\/strong><\/td>\n<td width=\"103\">08\/06\/2015<\/td>\n<td width=\"115\">15:30-19:30<\/td>\n<td width=\"115\">DL. DC.<\/td>\n<td width=\"145\"><span style=\"color: #ff0000\"><a style=\"color: #ff0000\" href=\"https:\/\/fundaciopacopuerto.cat\/curso\/cuina-creativa-57655\"><strong>Inscripci\u00f3<\/strong><\/a><\/span><\/td>\n<\/tr>\n<tr>\n<td width=\"173\"><strong>Cuina nacional<\/strong><\/td>\n<td width=\"103\">09\/06\/2015<\/td>\n<td width=\"115\">15:30-19:30<\/td>\n<td width=\"115\">DT. DJ.<\/td>\n<td width=\"145\"><span style=\"color: #ff0000\"><a style=\"color: #ff0000\" href=\"https:\/\/fundaciopacopuerto.cat\/curso\/cuina-nacional-57658\"><strong>Inscripci\u00f3<\/strong><\/a><\/span><\/td>\n<\/tr>\n<tr>\n<td width=\"173\"><strong>\u00a0<\/strong><\/p>\n<p><span style=\"color: #ff0000\"><strong>Serveis a col\u00b7lectius i persones<\/strong><\/span><\/td>\n<td width=\"103\"><\/td>\n<td width=\"115\"><\/td>\n<td width=\"115\"><\/td>\n<td width=\"145\"><\/td>\n<\/tr>\n<tr>\n<td width=\"173\"><strong>Aspirant a escorta privat<\/strong><\/td>\n<td width=\"103\">11\/05\/2015<\/td>\n<td width=\"115\">08:45-14:00<\/td>\n<td width=\"115\">De DL a DV<\/td>\n<td width=\"145\"><span style=\"color: #ff0000\"><a style=\"color: #ff0000\" href=\"https:\/\/fundaciopacopuerto.cat\/curso\/aspirant-a-escorta-privada-57507\/\"><strong>Inscripci\u00f3<\/strong><\/a><\/span><\/td>\n<\/tr>\n<tr>\n<td width=\"173\"><strong>\u00a0<\/strong><\/p>\n<p><strong>Impuls de la igualtat d\u2019oportunitat entre homes i dones<\/strong><\/td>\n<td width=\"103\">26\/05\/2015<\/td>\n<td width=\"115\">16:00-20:35<\/td>\n<td width=\"115\">DM .DJ.<\/td>\n<td width=\"145\"><span style=\"color: #ff0000\"><a style=\"color: #ff0000\" href=\"https:\/\/fundaciopacopuerto.cat\/curso\/impuls-de-la-igualtat-doportunitats-entre-dones-i-homes-57528\"><strong>Inscripci\u00f3<\/strong><\/a><\/span><\/td>\n<\/tr>\n<tr>\n<td width=\"173\"><strong>\u00a0<\/strong><\/p>\n<p><strong>Prevenci\u00f3 de conflictes<\/strong><\/td>\n<td width=\"103\">02\/06\/2015<\/td>\n<td width=\"115\">16:00-20:40<\/td>\n<td width=\"115\">DM .DJ.<\/td>\n<td width=\"145\"><span style=\"color: #ff0000\"><a style=\"color: #ff0000\" href=\"https:\/\/fundaciopacopuerto.cat\/curso\/prevencio-de-conflictes-58650\"><strong>Inscripci\u00f3<\/strong><\/a><\/span><\/td>\n<\/tr>\n<tr>\n<td width=\"173\">&nbsp;<\/p>\n<p><span style=\"color: #ff0000\"><strong>Transport i comunicacions<\/strong><\/span><\/td>\n<td width=\"103\"><\/td>\n<td width=\"115\"><\/td>\n<td width=\"115\"><\/td>\n<td width=\"145\"><\/td>\n<\/tr>\n<tr>\n<td width=\"173\"><strong>\u00a0<\/strong><\/p>\n<p><strong>CAP Formaci\u00f3 cont\u00ednua renovaci\u00f3<\/strong><\/td>\n<td width=\"103\">23\/05\/2015<\/td>\n<td width=\"115\">08:00-14:00 14:30-15:30<\/td>\n<td width=\"115\">Dissabte<\/td>\n<td width=\"145\"><span style=\"color: #ff0000\"><a style=\"color: #ff0000\" href=\"https:\/\/fundaciopacopuerto.cat\/curso\/cap-formacio-continua-renovacio-58131\"><strong>Inscripci\u00f3<\/strong><\/a><\/span><\/td>\n<\/tr>\n<tr>\n<td width=\"173\"><strong>\u00a0<\/strong><\/p>\n<p><strong>Qualsevol sector<\/strong><\/td>\n<td width=\"103\"><\/td>\n<td width=\"115\"><\/td>\n<td width=\"115\"><\/td>\n<td width=\"145\"><\/td>\n<\/tr>\n<tr>\n<td width=\"173\"><strong>Implementaci\u00f3 i control d\u2019un sistema comptable informatitzat<\/strong><\/td>\n<td width=\"103\">19\/05\/2015<\/td>\n<td width=\"115\">16:00-19:00<\/td>\n<td width=\"115\">DM. DC. DJ.<\/td>\n<td width=\"145\"><span style=\"color: #ff0000\"><a style=\"color: #ff0000\" href=\"https:\/\/fundaciopacopuerto.cat\/curso\/implementacio-i-control-dun-sistema-comptable-informatitzat-56696\/\"><strong>Inscripci\u00f3<\/strong><\/a><\/span><\/td>\n<\/tr>\n<tr>\n<td width=\"173\"><strong>\u00a0<\/strong><\/p>\n<p><strong>Microsoft Excel Expert<\/strong><\/td>\n<td width=\"103\">02\/06\/2015<\/td>\n<td width=\"115\">16:00-18:30<\/td>\n<td width=\"115\">DM. DJ.<\/td>\n<td width=\"145\"><span style=\"color: #ff0000\"><a style=\"color: #ff0000\" href=\"https:\/\/fundaciopacopuerto.cat\/curso\/microsoft-excel-expert-57409\"><strong>Inscripci\u00f3<\/strong><\/a><\/span><\/td>\n<\/tr>\n<\/tbody>\n<\/table>\n<p style=\"text-align: center\">* \u00a0* \u00a0* \u00a0* \u00a0*<\/p>\n<p><img loading=\"lazy\" decoding=\"async\" class=\"alignleft wp-image-226\" src=\"http:\/\/ccoo.app\/diputacio-de-barcelona\/wp-content\/blogs.dir\/6\/files\/sites\/186\/2016\/04\/estem-decidits-acontinuar-lluitant.png\" alt=\"Estem decidits a continuar lluitant !\" width=\"213\" height=\"89\" \/><\/p>\n<p><img loading=\"lazy\" decoding=\"async\" class=\"wp-image-262 alignright\" src=\"http:\/\/ccoo.app\/diputacio-de-barcelona\/wp-content\/blogs.dir\/6\/files\/sites\/186\/2016\/04\/afiliat_ccoo_cat.gif\" alt=\"Tota la informaci\u00f3 de com afiliar-se a CCOO Catalunya i forlmulari d'alta o baxia.\" width=\"90\" height=\"80\" \/><\/p>\n<p><img loading=\"lazy\" decoding=\"async\" class=\"wp-image-227 aligncenter\" src=\"http:\/\/ccoo.app\/diputacio-de-barcelona\/wp-content\/blogs.dir\/6\/files\/sites\/186\/2016\/04\/logo-peu-300x69.png\" alt=\"logo-peu\" width=\"952\" height=\"219\" srcset=\"https:\/\/ccoo.app\/diputacio-de-barcelona\/wp-content\/blogs.dir\/6\/files\/sites\/186\/2016\/04\/logo-peu-300x69.png 300w, https:\/\/ccoo.app\/diputacio-de-barcelona\/wp-content\/blogs.dir\/6\/files\/sites\/186\/2016\/04\/logo-peu.png 557w\" sizes=\"auto, (max-width: 952px) 100vw, 952px\" \/><\/p>\n<p style=\"text-align: center\"><small><\/small><small>Formulari d&#8217;<a href=\"\/afiliat\/\">alta<\/a>, <a href=\"\/afiliat\/\">baixa <\/a>o <a href=\"\/afiliat\/\">modificaci\u00f3 <\/a>de les dades personals o<br \/>\ncontacta&#8217;ns a trav\u00e9s del tel\u00e8fon<strong> 934 022 985<\/strong> o correu: <a href=\"mailto:ccoo@diba.cat\"><strong>ccoo@diba.cat<\/strong><\/a><\/small><\/p>\n","protected":false},"excerpt":{"rendered":"<p>&nbsp; Secci\u00f3 Sindical de la Diputaci\u00f3 de Barcelona INFO AUXILIARS ADMINISTRATIUS INFO AUXILIARS ADMINISTRATIUS Hem rebut moltes consultes respecte al temaris relacionats amb les borses de Auxiliar Administratiu (S-16\/15) i &#8230; <\/p>\n<p class=\"read-more-container\"><a title=\"INFO AUXILIARS ADMINISTRATIUS\" class=\"read-more button\" href=\"https:\/\/ccoo.app\/diputacio-de-barcelona\/info-auxiliars-administratius\/#more-699\" aria-label=\"Leer m\u00e1s sobre INFO AUXILIARS ADMINISTRATIUS\">Continuar llegint<\/a><\/p>\n","protected":false},"author":4519,"featured_media":255,"comment_status":"open","ping_status":"open","sticky":false,"template":"","format":"standard","meta":{"footnotes":""},"categories":[38,19,20],"tags":[179,195],"class_list":["post-699","post","type-post","status-publish","format-standard","has-post-thumbnail","hentry","category-a-tot-el-personal","category-comunicats","category-cursos","tag-personal-interi-seleccio-borses-treball","tag-interinatges-promocio-interna-provisio-borses-treball-auxiliars-administratius-geriatria","generate-columns","tablet-grid-50","mobile-grid-100","grid-parent","grid-50"],"_links":{"self":[{"href":"https:\/\/ccoo.app\/diputacio-de-barcelona\/wp-json\/wp\/v2\/posts\/699","targetHints":{"allow":["GET"]}}],"collection":[{"href":"https:\/\/ccoo.app\/diputacio-de-barcelona\/wp-json\/wp\/v2\/posts"}],"about":[{"href":"https:\/\/ccoo.app\/diputacio-de-barcelona\/wp-json\/wp\/v2\/types\/post"}],"author":[{"embeddable":true,"href":"https:\/\/ccoo.app\/diputacio-de-barcelona\/wp-json\/wp\/v2\/users\/4519"}],"replies":[{"embeddable":true,"href":"https:\/\/ccoo.app\/diputacio-de-barcelona\/wp-json\/wp\/v2\/comments?post=699"}],"version-history":[{"count":0,"href":"https:\/\/ccoo.app\/diputacio-de-barcelona\/wp-json\/wp\/v2\/posts\/699\/revisions"}],"wp:featuredmedia":[{"embeddable":true,"href":"https:\/\/ccoo.app\/diputacio-de-barcelona\/wp-json\/wp\/v2\/media\/255"}],"wp:attachment":[{"href":"https:\/\/ccoo.app\/diputacio-de-barcelona\/wp-json\/wp\/v2\/media?parent=699"}],"wp:term":[{"taxonomy":"category","embeddable":true,"href":"https:\/\/ccoo.app\/diputacio-de-barcelona\/wp-json\/wp\/v2\/categories?post=699"},{"taxonomy":"post_tag","embeddable":true,"href":"https:\/\/ccoo.app\/diputacio-de-barcelona\/wp-json\/wp\/v2\/tags?post=699"}],"curies":[{"name":"wp","href":"https:\/\/api.w.org\/{rel}","templated":true}]}}