{"id":6947,"date":"2020-10-27T19:27:06","date_gmt":"2020-10-27T18:27:06","guid":{"rendered":"https:\/\/diba.ccoo.cat\/?p=6947"},"modified":"2023-10-17T13:36:04","modified_gmt":"2023-10-17T11:36:04","slug":"sales-de-descans-i-menjadors","status":"publish","type":"post","link":"https:\/\/ccoo.app\/diputacio-de-barcelona\/sales-de-descans-i-menjadors\/","title":{"rendered":"139\/COVID-19. OBERTURA I INSTRUCCIONS D&#8217;\u00daS DE LES SALES DE DESCANS I MENJADORS"},"content":{"rendered":"<p><a href=\"https:\/\/diba.ccoo.cat\/\"><img loading=\"lazy\" decoding=\"async\" class=\"wp-image-5909 aligncenter\" src=\"http:\/\/ccoo.app\/diputacio-de-barcelona\/wp-content\/blogs.dir\/6\/files\/sites\/186\/2020\/05\/nota-1-300x86.png\" alt=\"\" width=\"92\" height=\"27\" srcset=\"https:\/\/ccoo.app\/diputacio-de-barcelona\/wp-content\/blogs.dir\/6\/files\/sites\/186\/2020\/05\/nota-1-300x86.png 300w, https:\/\/ccoo.app\/diputacio-de-barcelona\/wp-content\/blogs.dir\/6\/files\/sites\/186\/2020\/05\/nota-1.png 339w\" sizes=\"auto, (max-width: 92px) 100vw, 92px\" \/><\/a><\/p>\n<p class=\"wp-caption-text\"><a href=\"https:\/\/diba.ccoo.cat\/\"><img loading=\"lazy\" decoding=\"async\" class=\"wp-image-1853 aligncenter\" src=\"http:\/\/ccoo.app\/diputacio-de-barcelona\/wp-content\/blogs.dir\/6\/files\/sites\/186\/2018\/01\/logoccoov18.jpg\" alt=\"\" width=\"240\" height=\"110\"><\/a><\/p>\n<p><img loading=\"lazy\" decoding=\"async\" class=\"wp-image-5910 aligncenter\" src=\"http:\/\/ccoo.app\/diputacio-de-barcelona\/wp-content\/blogs.dir\/6\/files\/sites\/186\/2020\/05\/nota-3-300x83.png\" alt=\"\" width=\"90\" height=\"25\" srcset=\"https:\/\/ccoo.app\/diputacio-de-barcelona\/wp-content\/blogs.dir\/6\/files\/sites\/186\/2020\/05\/nota-3-300x83.png 300w, https:\/\/ccoo.app\/diputacio-de-barcelona\/wp-content\/blogs.dir\/6\/files\/sites\/186\/2020\/05\/nota-3.png 337w\" sizes=\"auto, (max-width: 90px) 100vw, 90px\" \/><\/p>\n<p style=\"text-align: center\"><span style=\"font-family: 'arial black', sans-serif;color: #0000ff;font-size: 24px\">SALES DE DESCANS I MENJADORS<\/span><\/p>\n<p style=\"text-align: center\"><span style=\"color: #000000\"><strong>OBERTURA EXCEPCIONAL I TRANSIT\u00d2RIA MENTRE DURIN LES RESTRICCIONS I ESTABLIMENT DE CONDICIONS D&#8217;\u00daS<\/strong><\/span><\/p>\n<p style=\"text-align: center\"><span style=\"font-family: arial, helvetica, sans-serif;font-size: 14px;color: #000000\">-27 d&#8217;octubre de 2020-<\/span><\/p>\n<p><span style=\"color: #000000\">Acord assolit per la <em>Comissi\u00f3 t\u00e8cnica per a l\u2019establiment dels criteris per a la represa de les activitats de la Diputaci\u00f3 de Barcelona amb car\u00e0cter general en el proc\u00e9s de desescalada del confinament provocat per la COVID-19<\/em>, reunida el 26 d\u2019octubre.<\/span><\/p>\n<p><img loading=\"lazy\" decoding=\"async\" class=\"wp-image-3338 aligncenter\" src=\"http:\/\/ccoo.app\/diputacio-de-barcelona\/wp-content\/blogs.dir\/6\/files\/sites\/186\/2019\/01\/aaaaaaaaaaaaaaaaaaaaaaaaaaaaaaaaaaaaaaaaaaaaaaa-300x263.jpg\" alt=\"\" width=\"159\" height=\"139\"><\/p>\n<p><span style=\"color: #000000\">Atenent l\u2019actual situaci\u00f3 de tancament al p\u00fablic d\u2019establiments de restauraci\u00f3 i davant la prohibici\u00f3 de consumir aliments i begudes en espais p\u00fablics<strong>, de manera excepcional i transit\u00f2ria mentre durin aquestes restriccions, per aquells llocs de treball que no disposin d\u2019una taula de treball on poder fer els \u00e0pats mantenint la dist\u00e0ncia de 2 metres entre persones<\/strong>, es podran habilitar les sales de descans o menjadors, a sol\u00b7licitud de la direcci\u00f3 o ger\u00e8ncia que aix\u00ed ho requereixi, i sempre que el <strong>servei responsable de la sala pugui garantir les mesures preventives seg\u00fcents<\/strong>:<\/span><\/p>\n<ul>\n<li><span style=\"color: #000000\">S\u2019establiran <strong>torn d\u2019\u00fas de les sales<\/strong>, garantint la menor aflu\u00e8ncia possible i el menor temps d\u2019\u00fas possible. Per a l\u2019establiment dels torns es tindr\u00e0 en compte, en la mesura del possible, que coincideixin \u00fanicament els empleats que comparteixin espai de treball durant la jornada laboral.<\/span><\/li>\n<li><span style=\"color: #000000\">L\u2019<strong>aforament<\/strong> restar\u00e0 limitat com a m\u00e0xim al 50% del que indiqui el Document d\u2019Autoprotecci\u00f3 de l\u2019edifici per a aquella sala. I en cap cas l\u2019aforament ser\u00e0 superior a 6 persones o al 50 % del nombre de persones assignades a cada torn de treball. En el cas de personal considerat vulnerable a infecci\u00f3 a la COVID, caldr\u00e0 preveure que no utilitzi la sala en companyia d\u2019altres persones.<\/span><\/li>\n<li><span style=\"color: #000000\">La <strong>r\u00e0tio<\/strong> d\u2019ocupaci\u00f3 ser\u00e0 de 1 persona per cada 2,5 m2 com a m\u00e0xim.<\/span><\/li>\n<li><span style=\"color: #000000\">S\u2019haur\u00e0 de mantenir una <strong>dist\u00e0ncia interpersonal<\/strong> entre els ocupants de la sala de 2 metres.<\/span><\/li>\n<li><span style=\"color: #000000\">Per tal de <strong>garantir les dist\u00e0ncies<\/strong> de seguretat caldr\u00e0 separar les taules i retirar o senyalitzar els seients que no es podran ocupar.<\/span><\/li>\n<li><span style=\"color: #000000\">S\u2019haur\u00e0 de <strong>ventilar adequadament<\/strong> amb ventilaci\u00f3 natural o for\u00e7ada, d\u2019acord amb els criteris establerts per les autoritats sanit\u00e0ries.<\/span><\/li>\n<li><span style=\"color: #000000\">S\u2019hauran de <strong>netejar i desinfectar<\/strong> les taules i cadires abans de la seva obertura, despr\u00e9s de cada torn, i al tancament per part de l\u2019empresa de neteja.<\/span><\/li>\n<li><span style=\"color: #000000\">Cada empleat abans i despr\u00e9s de l\u2019\u00fas de la sala, haur\u00e0 de <strong>desinfectar la superf\u00edcie de la taula i la cadira<\/strong> que ha utilitzat. A tal efecte es disposar\u00e0 a les sales de productes desinfectants autoritzats pel Ministeri de Sanitat i de tovallons o paper d\u2019un sol \u00fas, per tal que cada usuari pugui desinfectar la seva taula i cadira abans i despr\u00e9s de cada \u00fas.<\/span><\/li>\n<li><span style=\"color: #000000\">Cada usuari haur\u00e0 de portar els seus <strong>estris i coberts<\/strong>, i <strong>no<\/strong> es podran compartir ni rentar a l\u2019<strong>aig\u00fcera<\/strong>. No es podr\u00e0 fer \u00fas de fregalls, baietes o altres.<\/span><\/li>\n<li><span style=\"color: #000000\">L\u2019aig\u00fcera <strong>nom\u00e9s es podr\u00e0 utilitzar per rentar-se les mans amb sab\u00f3<\/strong>. El rentat de mans haur\u00e0 de fer-se abans i despr\u00e9s de l\u2019\u00fas de la sala.<\/span><\/li>\n<li><span style=\"color: #000000\">Es podran utilitzar els <strong>frigor\u00edfics<\/strong> \u00fanicament quan es pugui reservar un prestatge per cada usuari o grup estable de conviv\u00e8ncia. En aquest cas, cada usuari deixar\u00e0 el seu <strong>recipient dins una bossa de pl\u00e0stic<\/strong> o paper neta que la corporaci\u00f3 posar\u00e0 a disposici\u00f3 dels empleats i empleades. Es senyalitzar\u00e0 a la porta del frigor\u00edfic l\u2019obligatorietat de netejar-se les mans abans i despr\u00e9s de fer-ne \u00fas.<\/span><\/li>\n<li><span style=\"color: #000000\">Els <strong>microones, cafeteres o qualsevol altre aparell d\u2019\u00fas compartit no es podran utilitzar<\/strong> i restaran anul\u00b7lats.<\/span><\/li>\n<li><span style=\"color: #000000\">Els usuaris utilitzaran <strong>mascareta,<\/strong>&nbsp; nom\u00e9s es podran treure la mascareta, per menjar o beure, un cop es trobin al seu lloc i se l\u2019hauran de tornar a posar en acabar de menjar o beure i en tot cas abans d\u2019abandonar el seu lloc.<\/span><\/li>\n<li><span style=\"color: #000000\">S\u2019hauran de dotar les sales de descans de <strong>papereres amb tapa i pedal<\/strong> d\u2019obertura no manual. Aquestes papereres s\u2019han de netejar de manera freq\u00fcent i com a m\u00ednim un cop al dia.<\/span><\/li>\n<li><span style=\"color: #000000\">Es <strong>senyalitzaran les instruccions d\u2019\u00fas de la sala,<\/strong> aix\u00ed com el seu aforament, i els llocs que poden ser ocupats i els que no, per garantir la dist\u00e0ncia interpersonal.<\/span><\/li>\n<li><span style=\"color: #000000\">S\u2019haur\u00e0 de tenir <strong>registre de totes les persones que accedeixin<\/strong> a cada sala nom i cognoms, empresa o entitat local per a la que treballen i horaris d\u2019entrada i de sortida de la sala. Aquest registre haur\u00e0 d\u2019estar a disposici\u00f3 de les autoritats sanit\u00e0ries.<\/span><\/li>\n<li><span style=\"color: #000000\">S\u2019haur\u00e0 de tenir <strong>registre de les actuacions de neteja i desinfecci\u00f3<\/strong> de cada sala, on hi consti les seves dades d\u2019identificaci\u00f3 de la persona que ha realitzat la neteja i desinfecci\u00f3 i el dia i els horaris en que s\u2019ha realitzat . Aquest registre haur\u00e0 d\u2019estar a disposici\u00f3 de les autoritats sanit\u00e0ries.<\/span><\/li>\n<\/ul>\n<p><span style=\"color: #000000\"><strong>La necessitat de l\u2019obertura d\u2019aquestes sales s\u2019ha de comunicar a l\u2019Oficina de Prevenci\u00f3 de Riscos Laborals,<\/strong> tot concretant les mesures preventives que s\u2019implantaran. <\/span><\/p>\n<p><span style=\"color: #000000\">No s\u2019autoritzar\u00e0 el seu \u00fas si les mesures abans descrites no es troben implementades.<\/span><\/p>\n<p><img loading=\"lazy\" decoding=\"async\" class=\"wp-image-5912 aligncenter\" src=\"http:\/\/ccoo.app\/diputacio-de-barcelona\/wp-content\/blogs.dir\/6\/files\/sites\/186\/2020\/05\/nota-2-300x86.png\" alt=\"\" width=\"98\" height=\"28\" srcset=\"https:\/\/ccoo.app\/diputacio-de-barcelona\/wp-content\/blogs.dir\/6\/files\/sites\/186\/2020\/05\/nota-2-300x86.png 300w, https:\/\/ccoo.app\/diputacio-de-barcelona\/wp-content\/blogs.dir\/6\/files\/sites\/186\/2020\/05\/nota-2.png 337w\" sizes=\"auto, (max-width: 98px) 100vw, 98px\" \/><\/p>\n<p style=\"text-align: center\"><img loading=\"lazy\" decoding=\"async\" class=\"wp-image-5184 aligncenter\" src=\"http:\/\/ccoo.app\/diputacio-de-barcelona\/wp-content\/blogs.dir\/6\/files\/sites\/186\/2020\/03\/i-de-info-300x300.jpg\" alt=\"\" width=\"72\" height=\"72\" srcset=\"https:\/\/ccoo.app\/diputacio-de-barcelona\/wp-content\/blogs.dir\/6\/files\/sites\/186\/2020\/03\/i-de-info-300x300.jpg 300w, https:\/\/ccoo.app\/diputacio-de-barcelona\/wp-content\/blogs.dir\/6\/files\/sites\/186\/2020\/03\/i-de-info-150x150.jpg 150w, https:\/\/ccoo.app\/diputacio-de-barcelona\/wp-content\/blogs.dir\/6\/files\/sites\/186\/2020\/03\/i-de-info.jpg 626w\" sizes=\"auto, (max-width: 72px) 100vw, 72px\" \/><span style=\"font-family: 'arial black', sans-serif;font-size: 20px;color: #ffff00;background-color: #ff0000\">TOTA LA INFORMACI\u00d3 SINDICAL QUE NECESSITES<\/span><\/p>\n<p><img loading=\"lazy\" decoding=\"async\" class=\"wp-image-5913 aligncenter\" src=\"http:\/\/ccoo.app\/diputacio-de-barcelona\/wp-content\/blogs.dir\/6\/files\/sites\/186\/2020\/05\/telefono-300x300.jpg\" alt=\"\" width=\"59\" height=\"59\" srcset=\"https:\/\/ccoo.app\/diputacio-de-barcelona\/wp-content\/blogs.dir\/6\/files\/sites\/186\/2020\/05\/telefono-300x300.jpg 300w, https:\/\/ccoo.app\/diputacio-de-barcelona\/wp-content\/blogs.dir\/6\/files\/sites\/186\/2020\/05\/telefono-150x150.jpg 150w, https:\/\/ccoo.app\/diputacio-de-barcelona\/wp-content\/blogs.dir\/6\/files\/sites\/186\/2020\/05\/telefono.jpg 600w\" sizes=\"auto, (max-width: 59px) 100vw, 59px\" \/><\/p>\n<p style=\"text-align: center\"><span style=\"font-family: 'arial black', sans-serif;color: #000000\">DE DILLUNS A DIVENDRES<\/span><\/p>\n<p style=\"text-align: center\"><span style=\"font-family: 'arial black', sans-serif;color: #000000;background-color: #ffff00\">DE 10:00 A 14:30 i DE 17:00 A 19:00&nbsp;<\/span><\/p>\n<p style=\"text-align: center\"><span style=\"font-family: 'arial black', sans-serif;color: #ff0000\">93.402.29.85 \u2013 22985 \u2013 667 90 69 64<\/span><\/p>\n<p><img loading=\"lazy\" decoding=\"async\" class=\"wp-image-5553 aligncenter\" src=\"http:\/\/ccoo.app\/diputacio-de-barcelona\/wp-content\/blogs.dir\/6\/files\/sites\/186\/2020\/04\/mail-foto-300x200.jpg\" alt=\"\" width=\"59\" height=\"39\" srcset=\"https:\/\/ccoo.app\/diputacio-de-barcelona\/wp-content\/blogs.dir\/6\/files\/sites\/186\/2020\/04\/mail-foto-300x200.jpg 300w, https:\/\/ccoo.app\/diputacio-de-barcelona\/wp-content\/blogs.dir\/6\/files\/sites\/186\/2020\/04\/mail-foto-1024x683.jpg 1024w, https:\/\/ccoo.app\/diputacio-de-barcelona\/wp-content\/blogs.dir\/6\/files\/sites\/186\/2020\/04\/mail-foto-768x512.jpg 768w, https:\/\/ccoo.app\/diputacio-de-barcelona\/wp-content\/blogs.dir\/6\/files\/sites\/186\/2020\/04\/mail-foto.jpg 1200w\" sizes=\"auto, (max-width: 59px) 100vw, 59px\" \/><\/p>\n<p style=\"text-align: center\"><span style=\"font-family: arial, helvetica, sans-serif;color: #000000\">La&nbsp;SECCI\u00d3 SINDICAL DE CCOO donem resposta a tots els teus dubtes o t&#8217;ajudem solucionar els problemes que puguis tenir.<strong> T&#8217;ajudem a defensar els teus drets!<\/strong><\/span><\/p>\n<p style=\"text-align: center\"><span style=\"font-family: 'arial black', sans-serif;color: #0000ff\"><a style=\"color: #0000ff\" href=\"mailto:ccoo@diba.cat\"><strong>ccoo@diba.cat<\/strong><\/a><\/span><\/p>\n<p style=\"text-align: center\"><span style=\"font-family: 'arial black', sans-serif;color: #0000ff\"><a style=\"color: #0000ff\" href=\"mailto:orgt.ssccoo@diba.cat\">orgt.ssccoo@diba.cat<\/a><\/span><\/p>\n<p><img loading=\"lazy\" decoding=\"async\" class=\"wp-image-5554 aligncenter\" src=\"http:\/\/ccoo.app\/diputacio-de-barcelona\/wp-content\/blogs.dir\/6\/files\/sites\/186\/2020\/04\/mail-foto-enviar-300x212.jpg\" alt=\"\" width=\"67\" height=\"47\" srcset=\"https:\/\/ccoo.app\/diputacio-de-barcelona\/wp-content\/blogs.dir\/6\/files\/sites\/186\/2020\/04\/mail-foto-enviar-300x212.jpg 300w, https:\/\/ccoo.app\/diputacio-de-barcelona\/wp-content\/blogs.dir\/6\/files\/sites\/186\/2020\/04\/mail-foto-enviar-1024x724.jpg 1024w, https:\/\/ccoo.app\/diputacio-de-barcelona\/wp-content\/blogs.dir\/6\/files\/sites\/186\/2020\/04\/mail-foto-enviar-768x543.jpg 768w, https:\/\/ccoo.app\/diputacio-de-barcelona\/wp-content\/blogs.dir\/6\/files\/sites\/186\/2020\/04\/mail-foto-enviar.jpg 1200w\" sizes=\"auto, (max-width: 67px) 100vw, 67px\" \/><\/p>\n<p style=\"text-align: center\"><span style=\"font-family: arial, helvetica, sans-serif;color: #000000\">Encara no t&#8217;has descarregat la nostra <a href=\"http:\/\/www.ccoo.cat\/carnet\/index.aspx?qr=1#descarrega\"><span style=\"font-family: 'arial black', sans-serif;color: #0000ff\">APP<\/span><\/a> CCOO-Diba d&#8217;informaci\u00f3 sindical?<\/span><\/p>\n<p style=\"text-align: center\"><span style=\"font-family: arial, helvetica, sans-serif;color: #000000\">Fes clic <a href=\"http:\/\/www.ccoo.cat\/carnet\/index.aspx?qr=1#descarrega\"><span style=\"font-family: 'arial black', sans-serif;color: #0000ff\">aqu\u00ed<\/span><\/a> per tenir la informaci\u00f3 abans que ning\u00fa!<\/span><\/p>\n<p><img loading=\"lazy\" decoding=\"async\" class=\"wp-image-5915 aligncenter\" src=\"http:\/\/ccoo.app\/diputacio-de-barcelona\/wp-content\/blogs.dir\/6\/files\/sites\/186\/2020\/05\/xarxes-socials-300x169.png\" alt=\"\" width=\"227\" height=\"128\" srcset=\"https:\/\/ccoo.app\/diputacio-de-barcelona\/wp-content\/blogs.dir\/6\/files\/sites\/186\/2020\/05\/xarxes-socials-300x169.png 300w, https:\/\/ccoo.app\/diputacio-de-barcelona\/wp-content\/blogs.dir\/6\/files\/sites\/186\/2020\/05\/xarxes-socials-1024x576.png 1024w, https:\/\/ccoo.app\/diputacio-de-barcelona\/wp-content\/blogs.dir\/6\/files\/sites\/186\/2020\/05\/xarxes-socials-768x432.png 768w, https:\/\/ccoo.app\/diputacio-de-barcelona\/wp-content\/blogs.dir\/6\/files\/sites\/186\/2020\/05\/xarxes-socials.png 1200w\" sizes=\"auto, (max-width: 227px) 100vw, 227px\" \/><\/p>\n<p style=\"text-align: center\"><span style=\"font-family: arial, helvetica, sans-serif;color: #000000\">Tamb\u00e9 trobar\u00e0s CCOO-Diba a les xarxes socials. Clica sobre la icona de la teva xarxa favorita:<\/span><\/p>\n<p><a href=\"https:\/\/twitter.com\/CCOODiba\"><img loading=\"lazy\" decoding=\"async\" class=\" wp-image-5728 aligncenter\" src=\"http:\/\/ccoo.app\/diputacio-de-barcelona\/wp-content\/blogs.dir\/6\/files\/sites\/186\/2020\/04\/twitter-300x300.png\" alt=\"\" width=\"89\" height=\"89\" srcset=\"https:\/\/ccoo.app\/diputacio-de-barcelona\/wp-content\/blogs.dir\/6\/files\/sites\/186\/2020\/04\/twitter-300x300.png 300w, https:\/\/ccoo.app\/diputacio-de-barcelona\/wp-content\/blogs.dir\/6\/files\/sites\/186\/2020\/04\/twitter-150x150.png 150w, https:\/\/ccoo.app\/diputacio-de-barcelona\/wp-content\/blogs.dir\/6\/files\/sites\/186\/2020\/04\/twitter.png 512w\" sizes=\"auto, (max-width: 89px) 100vw, 89px\" \/><\/a><\/p>\n<p><a href=\"https:\/\/www.instagram.com\/ccoo_diba\/?hl=es\"><img loading=\"lazy\" decoding=\"async\" class=\"wp-image-5730 aligncenter\" src=\"http:\/\/ccoo.app\/diputacio-de-barcelona\/wp-content\/blogs.dir\/6\/files\/sites\/186\/2020\/04\/instragram-300x300.png\" alt=\"\" width=\"91\" height=\"91\" srcset=\"https:\/\/ccoo.app\/diputacio-de-barcelona\/wp-content\/blogs.dir\/6\/files\/sites\/186\/2020\/04\/instragram-300x300.png 300w, https:\/\/ccoo.app\/diputacio-de-barcelona\/wp-content\/blogs.dir\/6\/files\/sites\/186\/2020\/04\/instragram-150x150.png 150w, https:\/\/ccoo.app\/diputacio-de-barcelona\/wp-content\/blogs.dir\/6\/files\/sites\/186\/2020\/04\/instragram.png 512w\" sizes=\"auto, (max-width: 91px) 100vw, 91px\" \/><\/a><\/p>\n<p><a href=\"https:\/\/www.facebook.com\/CcooDiputacioDeBarcelona\/\"><img loading=\"lazy\" decoding=\"async\" class=\"wp-image-5729 aligncenter\" src=\"http:\/\/ccoo.app\/diputacio-de-barcelona\/wp-content\/blogs.dir\/6\/files\/sites\/186\/2020\/04\/facebook-300x300.png\" alt=\"\" width=\"90\" height=\"90\" srcset=\"https:\/\/ccoo.app\/diputacio-de-barcelona\/wp-content\/blogs.dir\/6\/files\/sites\/186\/2020\/04\/facebook-300x300.png 300w, https:\/\/ccoo.app\/diputacio-de-barcelona\/wp-content\/blogs.dir\/6\/files\/sites\/186\/2020\/04\/facebook-150x150.png 150w, https:\/\/ccoo.app\/diputacio-de-barcelona\/wp-content\/blogs.dir\/6\/files\/sites\/186\/2020\/04\/facebook.png 325w\" sizes=\"auto, (max-width: 90px) 100vw, 90px\" \/><\/a><a href=\"https:\/\/www.youtube.com\/channel\/UCFzenkS75udEcs4pB4qoZsg\"><img loading=\"lazy\" decoding=\"async\" class=\" wp-image-5916 aligncenter\" src=\"http:\/\/ccoo.app\/diputacio-de-barcelona\/wp-content\/blogs.dir\/6\/files\/sites\/186\/2020\/05\/youtube-300x115.jpg\" alt=\"\" width=\"122\" height=\"47\" srcset=\"https:\/\/ccoo.app\/diputacio-de-barcelona\/wp-content\/blogs.dir\/6\/files\/sites\/186\/2020\/05\/youtube-300x115.jpg 300w, https:\/\/ccoo.app\/diputacio-de-barcelona\/wp-content\/blogs.dir\/6\/files\/sites\/186\/2020\/05\/youtube-1024x391.jpg 1024w, https:\/\/ccoo.app\/diputacio-de-barcelona\/wp-content\/blogs.dir\/6\/files\/sites\/186\/2020\/05\/youtube-768x293.jpg 768w, https:\/\/ccoo.app\/diputacio-de-barcelona\/wp-content\/blogs.dir\/6\/files\/sites\/186\/2020\/05\/youtube.jpg 1200w\" sizes=\"auto, (max-width: 122px) 100vw, 122px\" \/><\/a><\/p>\n<p><iframe loading=\"lazy\" title=\"Hauran de comptar amb nosaltres. Salut, treball i just\u00edcia social || 1r de maig del 2020.\" width=\"1200\" height=\"675\" src=\"https:\/\/www.youtube.com\/embed\/uS104R3aSJs?feature=oembed\" frameborder=\"0\" allow=\"accelerometer; autoplay; clipboard-write; encrypted-media; gyroscope; picture-in-picture; web-share\" allowfullscreen><\/iframe><\/p>\n<p><a href=\"https:\/\/diba.ccoo.cat\/plantilla-1-6-2\/\"><img loading=\"lazy\" decoding=\"async\" class=\"size-medium wp-image-6853 aligncenter\" src=\"http:\/\/ccoo.app\/diputacio-de-barcelona\/wp-content\/blogs.dir\/6\/files\/sites\/186\/2020\/10\/ccoo-primer-sindicat-cliqueu-300x110.png\" alt=\"\" width=\"300\" height=\"110\" srcset=\"https:\/\/ccoo.app\/diputacio-de-barcelona\/wp-content\/blogs.dir\/6\/files\/sites\/186\/2020\/10\/ccoo-primer-sindicat-cliqueu-300x110.png 300w, https:\/\/ccoo.app\/diputacio-de-barcelona\/wp-content\/blogs.dir\/6\/files\/sites\/186\/2020\/10\/ccoo-primer-sindicat-cliqueu.png 448w\" sizes=\"auto, (max-width: 300px) 100vw, 300px\" \/><\/a><\/p>\n<p><a href=\"https:\/\/www.ccoo.cat\/aspnet\/motius_afiliarte.aspx\"><img loading=\"lazy\" decoding=\"async\" class=\"size-medium wp-image-6841 aligncenter\" src=\"http:\/\/ccoo.app\/diputacio-de-barcelona\/wp-content\/blogs.dir\/6\/files\/sites\/186\/2020\/10\/afiliat-ccoo-300x199.png\" alt=\"\" width=\"300\" height=\"199\" srcset=\"https:\/\/ccoo.app\/diputacio-de-barcelona\/wp-content\/blogs.dir\/6\/files\/sites\/186\/2020\/10\/afiliat-ccoo-300x199.png 300w, https:\/\/ccoo.app\/diputacio-de-barcelona\/wp-content\/blogs.dir\/6\/files\/sites\/186\/2020\/10\/afiliat-ccoo.png 573w\" sizes=\"auto, (max-width: 300px) 100vw, 300px\" \/><\/a>    \t<\/p>\n","protected":false},"excerpt":{"rendered":"<p>SALES DE DESCANS I MENJADORS OBERTURA EXCEPCIONAL I TRANSIT\u00d2RIA MENTRE DURIN LES RESTRICCIONS I ESTABLIMENT DE CONDICIONS D&#8217;\u00daS -27 d&#8217;octubre de 2020- Acord assolit per la Comissi\u00f3 t\u00e8cnica per a &#8230; <\/p>\n<p class=\"read-more-container\"><a title=\"139\/COVID-19. OBERTURA I INSTRUCCIONS D&#8217;\u00daS DE LES SALES DE DESCANS I MENJADORS\" class=\"read-more button\" href=\"https:\/\/ccoo.app\/diputacio-de-barcelona\/sales-de-descans-i-menjadors\/#more-6947\" aria-label=\"Leer m\u00e1s sobre 139\/COVID-19. OBERTURA I INSTRUCCIONS D&#8217;\u00daS DE LES SALES DE DESCANS I MENJADORS\">Continuar llegint<\/a><\/p>\n","protected":false},"author":4519,"featured_media":3332,"comment_status":"open","ping_status":"open","sticky":false,"template":"","format":"standard","meta":{"footnotes":""},"categories":[18],"tags":[],"class_list":["post-6947","post","type-post","status-publish","format-standard","has-post-thumbnail","hentry","category-ccoo-info","generate-columns","tablet-grid-50","mobile-grid-100","grid-parent","grid-50"],"_links":{"self":[{"href":"https:\/\/ccoo.app\/diputacio-de-barcelona\/wp-json\/wp\/v2\/posts\/6947","targetHints":{"allow":["GET"]}}],"collection":[{"href":"https:\/\/ccoo.app\/diputacio-de-barcelona\/wp-json\/wp\/v2\/posts"}],"about":[{"href":"https:\/\/ccoo.app\/diputacio-de-barcelona\/wp-json\/wp\/v2\/types\/post"}],"author":[{"embeddable":true,"href":"https:\/\/ccoo.app\/diputacio-de-barcelona\/wp-json\/wp\/v2\/users\/4519"}],"replies":[{"embeddable":true,"href":"https:\/\/ccoo.app\/diputacio-de-barcelona\/wp-json\/wp\/v2\/comments?post=6947"}],"version-history":[{"count":1,"href":"https:\/\/ccoo.app\/diputacio-de-barcelona\/wp-json\/wp\/v2\/posts\/6947\/revisions"}],"predecessor-version":[{"id":50855,"href":"https:\/\/ccoo.app\/diputacio-de-barcelona\/wp-json\/wp\/v2\/posts\/6947\/revisions\/50855"}],"wp:featuredmedia":[{"embeddable":true,"href":"https:\/\/ccoo.app\/diputacio-de-barcelona\/wp-json\/wp\/v2\/media\/3332"}],"wp:attachment":[{"href":"https:\/\/ccoo.app\/diputacio-de-barcelona\/wp-json\/wp\/v2\/media?parent=6947"}],"wp:term":[{"taxonomy":"category","embeddable":true,"href":"https:\/\/ccoo.app\/diputacio-de-barcelona\/wp-json\/wp\/v2\/categories?post=6947"},{"taxonomy":"post_tag","embeddable":true,"href":"https:\/\/ccoo.app\/diputacio-de-barcelona\/wp-json\/wp\/v2\/tags?post=6947"}],"curies":[{"name":"wp","href":"https:\/\/api.w.org\/{rel}","templated":true}]}}