{"id":6921,"date":"2020-10-26T20:08:33","date_gmt":"2020-10-26T19:08:33","guid":{"rendered":"https:\/\/diba.ccoo.cat\/?p=6921"},"modified":"2023-10-17T13:36:08","modified_gmt":"2023-10-17T11:36:08","slug":"23-10-2020-css-diba","status":"publish","type":"post","link":"https:\/\/ccoo.app\/diputacio-de-barcelona\/23-10-2020-css-diba\/","title":{"rendered":"137\/COVID-19 23.10.2020 RESUM DE LA REUNI\u00d3 DEL COMIT\u00c8 DE SEGURETAT I SALUT"},"content":{"rendered":"<p><a href=\"https:\/\/diba.ccoo.cat\/\"><img loading=\"lazy\" decoding=\"async\" class=\"wp-image-5909 aligncenter\" src=\"http:\/\/ccoo.app\/diputacio-de-barcelona\/wp-content\/blogs.dir\/6\/files\/sites\/186\/2020\/05\/nota-1-300x86.png\" alt=\"\" width=\"92\" height=\"27\" srcset=\"https:\/\/ccoo.app\/diputacio-de-barcelona\/wp-content\/blogs.dir\/6\/files\/sites\/186\/2020\/05\/nota-1-300x86.png 300w, https:\/\/ccoo.app\/diputacio-de-barcelona\/wp-content\/blogs.dir\/6\/files\/sites\/186\/2020\/05\/nota-1.png 339w\" sizes=\"auto, (max-width: 92px) 100vw, 92px\" \/><\/a><\/p>\n<p class=\"wp-caption-text\"><a href=\"https:\/\/diba.ccoo.cat\/\"><img loading=\"lazy\" decoding=\"async\" class=\"wp-image-1853 aligncenter\" src=\"http:\/\/ccoo.app\/diputacio-de-barcelona\/wp-content\/blogs.dir\/6\/files\/sites\/186\/2018\/01\/logoccoov18.jpg\" alt=\"\" width=\"240\" height=\"110\" \/><\/a><\/p>\n<p style=\"text-align: center\"><span style=\"font-family: 'arial black', sans-serif;color: #0000ff;font-size: 24px\">\u00a0<\/span><span style=\"font-family: 'arial black', sans-serif;color: #0000ff;font-size: 24px\">REUNI\u00d3 DEL COMIT\u00c8 DE SEGURETAT I SALUT DEL 23.10.2020<\/span><\/p>\n<p style=\"text-align: center\"><span style=\"font-family: arial, helvetica, sans-serif;font-size: 14px;color: #000000\">&#8211; 26 d&#8217;octubre de 2020-<\/span><\/p>\n<p style=\"text-align: justify\"><span style=\"font-size: 14px\"><span style=\"font-family: arial, helvetica, sans-serif;color: #000000\"><strong>BREU RESUM DELS ANTECEDENTS<\/strong> El dia 7 d\u2019abril <strong>(<\/strong><a style=\"color: #000000\" href=\"https:\/\/diba.ccoo.cat\/peticio-de-reunio-del-comite-de-seguretat-i-salut\/\">cliqueu<span style=\"font-family: 'arial black', sans-serif;color: #0000ff\"> aqu\u00ed<\/span><\/a><\/span><span style=\"color: #000000\"><span style=\"font-family: arial, helvetica, sans-serif\">)<\/span><span style=\"font-family: arial, helvetica, sans-serif\">, cansats i cansades d&#8217;esperar resposta a les nostres demandes, C<\/span><\/span><span style=\"font-family: arial, helvetica, sans-serif;color: #000000\">COO exig\u00edem p\u00fablicament (incloent a les xarxes socials) <strong>de manera contundent la participaci\u00f3 de la representaci\u00f3 legal <\/strong>de les persones treballadores en l\u2019elaboraci\u00f3 de protocols, mesures i accions encaminades a la lluita contra el coronavirus<strong>. Era inadmissible que fins aquell moment, <span style=\"text-decoration: underline\">es deix\u00e9s al delegats i delegades de prevenci\u00f3 sense el seu dret <\/span><\/strong><strong>no nom\u00e9s d\u2019informaci\u00f3 (de decisions ja preses), sin\u00f3 tamb\u00e9 de <span style=\"text-decoration: underline\">consulta i participaci\u00f3<\/span> d\u2019acord amb el que indica l\u2019article 36 de la LPRL.<\/strong><\/span><\/span><\/p>\n<p style=\"text-align: justify\"><span style=\"font-family: arial, helvetica, sans-serif;color: #000000;font-size: 14px\">En el comunicat del 14 d\u2019abril (<a style=\"color: #000000\" href=\"https:\/\/diba.ccoo.cat\/fins-al-26-dabril-tot-segueix-igual\/\">cliqueu <span style=\"color: #0000ff;font-family: 'arial black', sans-serif\">aqu\u00ed<\/span><\/a>), us explic\u00e0vem que finalment la corporaci\u00f3 havia accedit a la nostra petici\u00f3, convocant pel dia 17 del mateix mes la PRIMERA reuni\u00f3 del Comit\u00e8 de Seguretat i Salut tal com deman\u00e0vem per via telem\u00e0tica. Des d&#8217;aquell moment, est\u00e0 tenint lloc una reuni\u00f3 tots els divendres.<\/span><\/p>\n<p style=\"text-align: center\"><span style=\"font-family: arial, helvetica, sans-serif;color: #000000;font-size: 14px\">(Contacte directe amb els i les delegades de prevenci\u00f3: clic <a href=\"https:\/\/diba.ccoo.cat\/ajuda-dels-nostres-delegats-i-delegades-de-prevencio\/\"><span style=\"font-family: 'arial black', sans-serif;color: #0000ff\">aqu\u00ed<span style=\"color: #000000;font-family: arial, helvetica, sans-serif\">)<\/span><\/span><\/a><\/span><\/p>\n<p><img loading=\"lazy\" decoding=\"async\" class=\"wp-image-2963 aligncenter\" src=\"http:\/\/ccoo.app\/diputacio-de-barcelona\/wp-content\/blogs.dir\/6\/files\/sites\/186\/2018\/11\/enconstruccion-300x277.png\" alt=\"\" width=\"108\" height=\"100\" srcset=\"https:\/\/ccoo.app\/diputacio-de-barcelona\/wp-content\/blogs.dir\/6\/files\/sites\/186\/2018\/11\/enconstruccion-300x277.png 300w, https:\/\/ccoo.app\/diputacio-de-barcelona\/wp-content\/blogs.dir\/6\/files\/sites\/186\/2018\/11\/enconstruccion.png 358w\" sizes=\"auto, (max-width: 108px) 100vw, 108px\" \/><\/p>\n<h1 style=\"text-align: center\"><span style=\"font-family: 'arial black', sans-serif;color: #0000ff;font-size: 20px\">RESUM DE LA REUNI\u00d3 DEL DIA 9.10.2020<\/span><\/h1>\n<p style=\"text-align: center\"><span style=\"text-decoration: underline;color: #000000\"><span style=\"font-family: 'arial black', sans-serif\">INCLOU INFORMACI\u00d3 REBUDA I PETICIONS DE CCOO<\/span><\/span><\/p>\n<p style=\"text-align: justify\"><span style=\"color: #000000\"><span style=\"font-family: arial, helvetica, sans-serif\"><strong><span style=\"font-family: 'arial black', sans-serif\">DADES D&#8217;AFECTACI\u00d3 EN EL PERSONAL <\/span><\/strong><\/span>Aquestes s\u00f3n les dades tant de persones treballadores que s&#8217;han vist afectades com dels test diagnosi que s&#8217;han realitzat fins al moment:\u00a0<\/span><\/p>\n<ul>\n<li><span style=\"color: #000000\">78 casos possibles i 90 casos confirmats mitjan\u00e7ant test.<\/span><\/li>\n<\/ul>\n<ul>\n<li><span style=\"color: #000000\">Tests realitzats:<\/span>\n<ul>\n<li><span style=\"color: #000000\">RESPIR: 672 tests r\u00e0pids i 727 PCR<\/span><\/li>\n<li><span style=\"color: #000000\">Resta d\u2019empleats: 1504 tests r\u00e0pids i 11 PCR (aquests es fan en \u00abla resta de personal\u00bb nom\u00e9s si el test r\u00e0pid dona positiu).<\/span><\/li>\n<\/ul>\n<\/li>\n<\/ul>\n<p><span style=\"color: #000000\">El cribratge massius amb PCR per detectar la covid-19 s&#8217;efectuen\u00a0 per a detectar casos asimptom\u00e0tics de forma preco\u00e7, abans que apareguin s\u00edmptomes, i aturar eventuals cadenes de transmissi\u00f3. D&#8217;acord amb el indiquen les autoritats sanit\u00e0ries, s&#8217;est\u00e0 efectuant un cribratge entre el personal de RESPIR que tenen un contacte estret amb persones usu\u00e0ries.<\/span><\/p>\n<p><span style=\"color: #000000\">La setmana passada se n&#8217;ha fet un, i dintre de 15 dies se&#8217;n far\u00e0 un altra si el \u00edndex de contagi segueix sent superior a 500 per a cada 100 mil habitants.<\/span><\/p>\n<p><img loading=\"lazy\" decoding=\"async\" class=\"size-medium wp-image-6923 aligncenter\" src=\"http:\/\/ccoo.app\/diputacio-de-barcelona\/wp-content\/blogs.dir\/6\/files\/sites\/186\/2020\/10\/prova-2-300x169.jpg\" alt=\"\" width=\"300\" height=\"169\" srcset=\"https:\/\/ccoo.app\/diputacio-de-barcelona\/wp-content\/blogs.dir\/6\/files\/sites\/186\/2020\/10\/prova-2-300x169.jpg 300w, https:\/\/ccoo.app\/diputacio-de-barcelona\/wp-content\/blogs.dir\/6\/files\/sites\/186\/2020\/10\/prova-2-768x432.jpg 768w, https:\/\/ccoo.app\/diputacio-de-barcelona\/wp-content\/blogs.dir\/6\/files\/sites\/186\/2020\/10\/prova-2.jpg 1024w\" sizes=\"auto, (max-width: 300px) 100vw, 300px\" \/><\/p>\n<p><span style=\"color: #000000\">Tamb\u00e9 ens informen que disposen de la prova r\u00e0pida d\u2019antigen per diagnosticar el Covid-19. La mostra es pren com si fos un PCR (de l&#8217;hisop nasal) i s&#8217;utilitzar\u00e0 pel casos on existeixi simptomatologia sospitosa i els resultats s&#8217;obtindran en 15 minuts.<\/span><\/p>\n<p style=\"text-align: justify\"><span style=\"color: #000000\"><span style=\"font-family: arial, helvetica, sans-serif\"><span style=\"font-family: 'arial black', sans-serif\"><strong>SISTEMA DE SUPORT I ATENCI\u00d3 PSICOL\u00d2GICA <\/strong><\/span><\/span>\u00c9s tracta d\u2019un servei pels empleats de la Diputaci\u00f3 de Barcelona orientat a la gesti\u00f3 de l&#8217;estr\u00e8s del personal identificat com a essencial que ha de treballar presencialment i als que han de treballar des de casa en les actuals prec\u00e0ries circumst\u00e0ncies. Tamb\u00e9, va dirigit a les persones que s&#8217;hagin contagiat o hagin hagut de patir la mort d&#8217;algun familiar.<\/span><\/p>\n<p><span style=\"color: #000000\">Aquest servei ha at\u00e8s a 39 persones que ha suposat 136 actuacions de seguiment.\u00a0<\/span><\/p>\n<p><span style=\"color: #000000\">Necessites ajuda ? Clica<\/span> <a style=\"font-family: arial, helvetica, sans-serif;font-size: inherit\" href=\"https:\/\/diba.ccoo.cat\/suport-i-atencio-psicologica\/\"><span style=\"font-family: 'arial black', sans-serif;color: #0000ff\">aqu\u00ed<\/span><\/a><span style=\"color: #000000;font-family: arial, helvetica, sans-serif;font-size: inherit\">.<\/span><\/p>\n<p><img loading=\"lazy\" decoding=\"async\" class=\"size-medium wp-image-6855 aligncenter\" src=\"http:\/\/ccoo.app\/diputacio-de-barcelona\/wp-content\/blogs.dir\/6\/files\/sites\/186\/2020\/10\/xbm-300x71.png\" alt=\"\" width=\"300\" height=\"71\" srcset=\"https:\/\/ccoo.app\/diputacio-de-barcelona\/wp-content\/blogs.dir\/6\/files\/sites\/186\/2020\/10\/xbm-300x71.png 300w, https:\/\/ccoo.app\/diputacio-de-barcelona\/wp-content\/blogs.dir\/6\/files\/sites\/186\/2020\/10\/xbm.png 377w\" sizes=\"auto, (max-width: 300px) 100vw, 300px\" \/><\/p>\n<p><span style=\"color: #000000\"><span style=\"font-family: arial, helvetica, sans-serif\"><span style=\"font-family: 'arial black', sans-serif\">BIBLIOTEQUES XBM <\/span><\/span>Hem reiterat la nostra petici\u00f3 (cliqueu<\/span> <span style=\"font-family: arial, helvetica, sans-serif;color: #000000\"><a href=\"https:\/\/diba.ccoo.cat\/comunicat-xbm-retorn-a-lanormalitat-2\/\"><strong><span style=\"color: #0000ff\">aqu\u00ed<\/span> <\/strong><\/a><\/span><span style=\"color: #000000\">per veure comunicat relacionat) de que es reconsideri la decisi\u00f3 de retornar als horaris habituals i imposar jornades de mat\u00ed i tarda. CCOO insistim en la nostra petici\u00f3 de mantenir l&#8217;horari intensiu fins el 31 de desembre (tal com es far\u00e0 en la resta de personal de Diputaci\u00f3) i el compliment <strong>de totes les mesures de protecci\u00f3<\/strong> incloses al nostre protocol (cliqueu<\/span> <span style=\"font-family: arial, helvetica, sans-serif;color: #000000\"><span style=\"color: #0000ff\"><strong>aqu\u00ed <\/strong><\/span><\/span><span style=\"color: #000000\">per a m\u00e9s informaci\u00f3).<\/span><\/p>\n<p><span style=\"color: #000000\">De les nostres visites fetes a les Biblioteques (cliqueu<\/span> <a style=\"font-size: inherit\" href=\"https:\/\/www.instagram.com\/p\/CGnPhtElRAI\/\"><strong><span style=\"color: #0000ff\">aqu\u00ed<\/span><\/strong><\/a><span style=\"color: #000000;font-size: inherit\">), <\/span><span style=\"color: #000000\">hem denunciat la situaci\u00f3 deficient d&#8217;algunes d&#8217;aquestes. Les de Badalona entre les m\u00e9s destacades: fuites d&#8217;aigua, humitats, insectes, extintors sense passar revisi\u00f3 obligat\u00f2ria des de l&#8217;any 2017, etc).<\/span><\/p>\n<p><img loading=\"lazy\" decoding=\"async\" class=\" wp-image-6925 aligncenter\" src=\"http:\/\/ccoo.app\/diputacio-de-barcelona\/wp-content\/blogs.dir\/6\/files\/sites\/186\/2020\/10\/cuina-mundet-300x200.jpg\" alt=\"\" width=\"191\" height=\"127\" srcset=\"https:\/\/ccoo.app\/diputacio-de-barcelona\/wp-content\/blogs.dir\/6\/files\/sites\/186\/2020\/10\/cuina-mundet-300x200.jpg 300w, https:\/\/ccoo.app\/diputacio-de-barcelona\/wp-content\/blogs.dir\/6\/files\/sites\/186\/2020\/10\/cuina-mundet.jpg 600w\" sizes=\"auto, (max-width: 191px) 100vw, 191px\" \/><\/p>\n<p><span style=\"color: #000000\"><span style=\"font-family: arial, helvetica, sans-serif\"><span style=\"font-family: 'arial black', sans-serif\">CUINA DE MUNDET <\/span><\/span>Denunciem que no es realitza la neteja que hauria de fer-se entre torns, manca de cartelleria, cap limitaci\u00f3 d&#8217;aforaments, no hi ha torns d&#8217;entrada i sortida, i en general, hi ha una manca de mesures de protecci\u00f3 relacionades amb evitar possibles contagis per la COVID-19. On estan el comandaments? On est\u00e0 els caps d&#8217;unitat cap amunt per a organitzar les tasques d&#8217;acord amb el protocol? Demanem que l&#8217;OPRL ho revisi de manera immediata.\u00a0<\/span><\/p>\n<p><span style=\"color: #000000\">Respecte als dos casos de contagis entre el personal, un es descarta que s&#8217;hagi produ\u00eft a la cuina i l&#8217;altre no ho poden confirmar ni desmentir. En qualsevol cas, insistim que a la cuina, s&#8217;ha de revisar totes les mesures de protecci\u00f3.<\/span><\/p>\n<p><img loading=\"lazy\" decoding=\"async\" class=\"aligncenter\" src=\"https:\/\/image.freepik.com\/foto-gratis\/urinarios-hombres-bano-masculino_35662-329.jpg\" alt=\"Urinarios para hombres en el ba\u00f1o masculino Foto Premium \" width=\"185\" height=\"123\" \/><\/p>\n<p><span style=\"font-family: arial, helvetica, sans-serif;color: #000000\"><span style=\"font-family: 'arial black', sans-serif\">URINARIS D&#8217;HOMES <\/span><\/span>Observem que no s&#8217;ha imposat cap restricci\u00f3 respecte als urinaris d&#8217;homes per a garantir la dist\u00e0ncia de seguretat entre persones. Prenen nota i ho revisaran.<\/p>\n<p><span style=\"font-family: arial, helvetica, sans-serif;color: #000000\"><span style=\"font-family: 'arial black', sans-serif\">CLIMATITZACI\u00d3 I RENOVACI\u00d3 D&#8217;AIRE <\/span><\/span>Preguntem respecte a qu\u00e8 est\u00e0 fent la Diputaci\u00f3 per a garantir el correcte funcionament dels sistemes de climatitzaci\u00f3.<\/p>\n<p><img loading=\"lazy\" decoding=\"async\" class=\" wp-image-6926 aligncenter\" src=\"http:\/\/ccoo.app\/diputacio-de-barcelona\/wp-content\/blogs.dir\/6\/files\/sites\/186\/2020\/10\/filtros-hepa-300x244.png\" alt=\"\" width=\"224\" height=\"182\" srcset=\"https:\/\/ccoo.app\/diputacio-de-barcelona\/wp-content\/blogs.dir\/6\/files\/sites\/186\/2020\/10\/filtros-hepa-300x244.png 300w, https:\/\/ccoo.app\/diputacio-de-barcelona\/wp-content\/blogs.dir\/6\/files\/sites\/186\/2020\/10\/filtros-hepa.png 317w\" sizes=\"auto, (max-width: 224px) 100vw, 224px\" \/><\/p>\n<p><span style=\"color: #000000\">Arriba el fred, toca passar m\u00e9s temps en llocs tancats, i aix\u00f2 lliga molt malament amb la principal recomanaci\u00f3 davant el coronavirus: fer tot el possible en exteriors o tenir portes i finestres obertes. Si estem en interiors l&#8217;important \u00e9s ventilar, ventilar i ventilar, ho adverteixen els experts des de fa mesos. Per\u00f2, i si ara, amb el fred, no podem ventilar tant? Doncs hi ha una altra soluci\u00f3: filtrar l&#8217;aire, netejar de part\u00edcules nocives per a la salut, entre elles aquest virus. Preguntem a la corporaci\u00f3 respecte als filtres d&#8217;aire<\/span> <a href=\"https:\/\/www.niusdiario.es\/sociedad\/sanidad\/filtros-hepa-que-son-utiles-reducir-contagio-covid-19-coronavirus-interiores_18_3026370105.html\"><strong><span style=\"color: #0000ff\">Hepa<\/span><\/strong><\/a>. <span style=\"color: #000000\">Demanem que s&#8217;instal\u00b7lin en els sistemes de climatitzaci\u00f3 dels centres de treball.<\/span><\/p>\n<p><span style=\"color: #000000\">Finalment demanem informaci\u00f3 sobre l&#8217;avaluaci\u00f3 d&#8217;aire de Can Serra especialment dels pisos subterranis. La resposta \u00e9s que la renovaci\u00f3 \u00e9s del 100%, \u00e9s a dir que hi ha una renovaci\u00f3 completa.<\/span><\/p>\n<p><span style=\"color: #000000\"><span style=\"font-family: arial, helvetica, sans-serif\"><span style=\"font-family: 'arial black', sans-serif\"><strong>ORGT: AUGMENT SIGNIFICATIU DE CONTAGIS <\/strong><\/span><\/span>D&#8217;acord amb les dades, advertim d&#8217;un augment significatiu de contagis en el personal que treballa a l&#8217;ORGT. De fet, si ens fixem en l&#8217;\u00faltim mes, hi han m\u00e9s casos a l&#8217;Organisme que a tota la Diputaci\u00f3. Hem demanat que s&#8217;analitzi el motius i es prenguin les mesures adients.<\/span><\/p>\n<p><span style=\"color: #000000\">A m\u00e9s, volem que s&#8217;informi als sindicats quan es tanqui una oficina per un contagi i a\u00efllament del personal (Lli\u00e7a, Montcada, Esplugues). No creiem que sigui la millor manera de funcionar que la informaci\u00f3 l&#8217;obtinguem pel personal afectat. Ens responen que d&#8217;aqu\u00ed en endavant donaran puntualment aquesta informaci\u00f3 als sindicats.<\/span><\/p>\n<p><span style=\"color: #000000\"><img loading=\"lazy\" decoding=\"async\" class=\"wp-image-6927 aligncenter\" src=\"http:\/\/ccoo.app\/diputacio-de-barcelona\/wp-content\/blogs.dir\/6\/files\/sites\/186\/2020\/10\/mascaretes-de-roba-300x300.jpg\" alt=\"\" width=\"144\" height=\"144\" srcset=\"https:\/\/ccoo.app\/diputacio-de-barcelona\/wp-content\/blogs.dir\/6\/files\/sites\/186\/2020\/10\/mascaretes-de-roba-300x300.jpg 300w, https:\/\/ccoo.app\/diputacio-de-barcelona\/wp-content\/blogs.dir\/6\/files\/sites\/186\/2020\/10\/mascaretes-de-roba-150x150.jpg 150w, https:\/\/ccoo.app\/diputacio-de-barcelona\/wp-content\/blogs.dir\/6\/files\/sites\/186\/2020\/10\/mascaretes-de-roba-768x768.jpg 768w, https:\/\/ccoo.app\/diputacio-de-barcelona\/wp-content\/blogs.dir\/6\/files\/sites\/186\/2020\/10\/mascaretes-de-roba.jpg 800w\" sizes=\"auto, (max-width: 144px) 100vw, 144px\" \/><\/span><\/p>\n<p><span style=\"font-family: arial, helvetica, sans-serif;color: #000000\"><span style=\"font-family: 'arial black', sans-serif\">ALERGIES A LES MASCARETES QUIRURGIQUES <\/span><\/span>Algunes persones treballadores s\u00f3n al\u00b7l\u00e8rgiques a les mascaretes higi\u00e8niques. De moment, en aquests casos, el personal ha de comprar-se les seves mascaretes de roba o similar. Demanem que la Diputaci\u00f3 es faci c\u00e0rrec d&#8217;aquesta despesa ja que en aquest moment la mascareta \u00e9s un EPI imprescindible. La corporaci\u00f3 respon que est\u00e0 d&#8217;acord. La persona afectada ha de posar-se en contacte amb el servei de \u00abVigil\u00e0ncia de la Salut\u00bb i nom\u00e9s amb un informe m\u00e8dic, ser\u00e0 suficient per a que se li faci arribar les mascaretes adients.<\/p>\n<p style=\"text-align: justify\"><span style=\"color: #000000\"><span style=\"font-family: arial, helvetica, sans-serif\"><span style=\"font-family: 'arial black', sans-serif\"><strong>MESURES ADDICIONALS <\/strong><\/span><\/span><\/span>(mascaretes FP2). Tal com ja va demanar CCOO-Diba setmanes abans, en el sentit que es pugui subministrar mascaretes FP2, la Diputaci\u00f3 de nou indica que la normativa vigent nom\u00e9s exigeix l&#8217;\u00fas de mascaretes quir\u00fargiques.<\/p>\n<p><a href=\"http:\/\/ccoo.app\/diputacio-de-barcelona\/wp-content\/blogs.dir\/6\/files\/sites\/186\/2020\/04\/informacio-mascaretes.png\"><img loading=\"lazy\" decoding=\"async\" class=\"size-medium wp-image-5633 aligncenter\" src=\"http:\/\/ccoo.app\/diputacio-de-barcelona\/wp-content\/blogs.dir\/6\/files\/sites\/186\/2020\/04\/informacio-mascaretes-224x300.png\" alt=\"\" width=\"224\" height=\"300\" srcset=\"https:\/\/ccoo.app\/diputacio-de-barcelona\/wp-content\/blogs.dir\/6\/files\/sites\/186\/2020\/04\/informacio-mascaretes-224x300.png 224w, https:\/\/ccoo.app\/diputacio-de-barcelona\/wp-content\/blogs.dir\/6\/files\/sites\/186\/2020\/04\/informacio-mascaretes.png 508w\" sizes=\"auto, (max-width: 224px) 100vw, 224px\" \/><\/a><\/p>\n<p style=\"text-align: left\"><span style=\"color: #000000\">CCOO vam demanar que al menys el <strong>personal vulnerable<\/strong> en pogu\u00e9s disposar. El que responen \u00e9s que s&#8217;ho estan plantejant per\u00f2 pel personal dels <strong>bibliobusos<\/strong> ja que \u00e9s molt dif\u00edcil mantenir la distancia de seguretat.<\/span><\/p>\n<p><img loading=\"lazy\" decoding=\"async\" class=\"wp-image-6483 aligncenter\" src=\"http:\/\/ccoo.app\/diputacio-de-barcelona\/wp-content\/blogs.dir\/6\/files\/sites\/186\/2020\/07\/xbm-300x225.jpg\" alt=\"\" width=\"191\" height=\"143\" srcset=\"https:\/\/ccoo.app\/diputacio-de-barcelona\/wp-content\/blogs.dir\/6\/files\/sites\/186\/2020\/07\/xbm-300x225.jpg 300w, https:\/\/ccoo.app\/diputacio-de-barcelona\/wp-content\/blogs.dir\/6\/files\/sites\/186\/2020\/07\/xbm-768x576.jpg 768w, https:\/\/ccoo.app\/diputacio-de-barcelona\/wp-content\/blogs.dir\/6\/files\/sites\/186\/2020\/07\/xbm.jpg 1024w\" sizes=\"auto, (max-width: 191px) 100vw, 191px\" \/><\/p>\n<p style=\"text-align: justify\"><span style=\"color: #000000\"><span style=\"font-family: arial, helvetica, sans-serif\"><span style=\"font-family: 'arial black', sans-serif\"><strong>ESTABLIMENT DE TORNS DE TREBALL <\/strong><\/span><\/span>Insistim, i ho farem una i mil vegades, que a totes les ger\u00e8ncies i direccions, l&#8217;organitzaci\u00f3 del treball presencial hauria de passar per a la divisi\u00f3 dels equips de treball en 2 torns de tal manera que es puguin establir quadrants de treball en qu\u00e8 ambd\u00f3s grups no coincideixin.<\/span><\/p>\n<p><span style=\"color: #000000\">Aquesta \u00e9s la \u00fanica manera d&#8217;evitar que davant un cas positiu per la COVID-19, <strong>TOT l&#8217;equip es vegi afectat.<\/strong> A m\u00e9s de protegir la salut, garantir\u00edem aix\u00ed la continu\u00eftat de la prestaci\u00f3 del servei.<\/span><\/p>\n<p><span style=\"color: #000000\">A qu\u00e8 espera la Diputaci\u00f3 per implementar una mesura contemplada al nostre protocol?<\/span><\/p>\n<p><span style=\"color: #000000\"><img loading=\"lazy\" decoding=\"async\" class=\"wp-image-6586 aligncenter\" src=\"http:\/\/ccoo.app\/diputacio-de-barcelona\/wp-content\/blogs.dir\/6\/files\/sites\/186\/2020\/07\/calor.png\" alt=\"\" width=\"169\" height=\"127\" \/><\/span><\/p>\n<p><span style=\"color: #000000\"><span style=\"font-family: arial, helvetica, sans-serif\"><span style=\"font-family: 'arial black', sans-serif\"><strong>DAVANT LA COVID-19: NING\u00da ES POT RELAXAR <\/strong><\/span><\/span><\/span>Ben al contrari, hem de seguir aplicant les mesures i recomanacions per evitar possible contagis en el nostre \u00e0mbit laboral (trobareu m\u00e9s informaci\u00f3 <a href=\"https:\/\/diba.ccoo.cat\/manual-incorporacio\/\"><strong><span style=\"color: #0000ff\">aqu\u00ed<\/span><\/strong><\/a>).<\/p>\n<p><span style=\"color: #000000\">Lluitar contra la pand\u00e8mia \u00e9s un treball que ens concerneix a tots i totes: a la Diputaci\u00f3 com a organitzaci\u00f3 per\u00f2 tamb\u00e9 a nivell individual.<\/span><\/p>\n<p><span style=\"color: #000000\"><strong>Abans de sortir de casa<\/strong> per anar al nostre centre de treball, cal que avaluem el nostre estat de salut tenint en compte els s\u00edmptomes de la COVID-19:<\/span><\/p>\n<ul>\n<li><span style=\"color: #000000\">Temperatura corporal (a partir de 37,3 \u00baC)<\/span><\/li>\n<li><span style=\"color: #000000\">Tos continguda o persistent<\/span><\/li>\n<li><span style=\"color: #000000\">Malestar general<\/span><\/li>\n<li><span style=\"color: #000000\">Sensaci\u00f3 de falta d\u2019aire<\/span><\/li>\n<li><span style=\"color: #000000\">Altres: p\u00e8rdua de gust i olfacte, mal de coll, fatiga, mal de cap, dolor muscular, v\u00f2mits o diarrea<\/span><\/li>\n<\/ul>\n<p><span style=\"color: #000000\">Eviteu utilitzar el transport col\u00b7lectiu en hores punta (feu-nos saber les denegacions de flexibilitat).<\/span><\/p>\n<p><span style=\"color: #000000\"><strong>Quan arribem al centre de treball:<\/strong><\/span><\/p>\n<ul>\n<li><span style=\"color: #000000\">Respecteu les senyalitzacions<\/span><\/li>\n<li><span style=\"color: #000000\">Netegeu-vos les mans<\/span><\/li>\n<li><span style=\"color: #000000\">Feu \u00fas de les mascaretes quir\u00fargiques que us proporciona la corporaci\u00f3<\/span><\/li>\n<li><span style=\"color: #000000\">Apliqueu les directrius sobre l&#8217;\u00fas d&#8217;equips i eines compartides i l&#8217;\u00fas de lavabos i vestidors.<\/span><\/li>\n<\/ul>\n<p><span style=\"color: #000000\">La ventilaci\u00f3 i climatitzaci\u00f3 d\u2019espais tancats amb concurr\u00e8ncia humana s\u00f3n dos factors importants a tenir en compte per a la prevenci\u00f3 i el control de la COVID-19. \u00c9s important que es mantinguin les mesures per a garantir una bona ventilaci\u00f3 (cliqueu<\/span> <a href=\"https:\/\/diba.ccoo.cat\/climatitzem-pero-amb-seguretat\/\"><strong><span style=\"color: #0000ff\">aqu\u00ed<\/span><\/strong><\/a>).<\/p>\n<p><span style=\"color: #000000\">En\u00a0<strong>finalitzar la jornada:<\/strong><\/span><\/p>\n<ul>\n<li><span style=\"color: #000000\">Eviteu acumular materials en el vostre lloc de treball i deixeu recollit el vostre espai de treball. Faciliteu la feina al personal de neteja.<\/span><\/li>\n<li><span style=\"color: #000000\">Abans de sortir del centre de treball, renteu-vos les mans<\/span><\/li>\n<\/ul>\n<p><span style=\"color: #000000\"><img loading=\"lazy\" decoding=\"async\" class=\"wp-image-6417 aligncenter\" src=\"http:\/\/ccoo.app\/diputacio-de-barcelona\/wp-content\/blogs.dir\/6\/files\/sites\/186\/2020\/07\/ccoo-diba-prevencio-300x280.png\" alt=\"\" width=\"160\" height=\"149\" srcset=\"https:\/\/ccoo.app\/diputacio-de-barcelona\/wp-content\/blogs.dir\/6\/files\/sites\/186\/2020\/07\/ccoo-diba-prevencio-300x280.png 300w, https:\/\/ccoo.app\/diputacio-de-barcelona\/wp-content\/blogs.dir\/6\/files\/sites\/186\/2020\/07\/ccoo-diba-prevencio.png 490w\" sizes=\"auto, (max-width: 160px) 100vw, 160px\" \/><\/span><\/p>\n<ul>\n<li style=\"text-align: justify\"><span style=\"font-family: arial, helvetica, sans-serif\"><span style=\"color: #000000\"><span style=\"font-family: 'arial black', sans-serif\"><strong>TINGUES SEMPRE A M\u00c0 EL MANUAL\u00a0<em>\u201cINCORPORACI\u00d3 AL LLOC DE TREBALL<\/em><\/strong>\u00a0<\/span><strong><em><span style=\"font-family: 'arial black', sans-serif\">PRESENCIAL: QU\u00c8 HEU DE SABER?\u201d\u00a0<\/span><\/em><\/strong>Cliqueu<\/span> <span style=\"font-family: 'arial black', sans-serif;color: #0000ff\"><a style=\"color: #0000ff\" href=\"https:\/\/diba.ccoo.cat\/manual-incorporacio\/\">aqu\u00ed<\/a><\/span><\/span><\/li>\n<li style=\"text-align: justify\"><span style=\"font-family: 'arial black', sans-serif;color: #000000\">A LA FEINA HAIG DE DUR MASCARETA? <span style=\"font-family: arial, helvetica, sans-serif\">Cliqueu <span style=\"color: #0000ff;font-family: 'arial black', sans-serif\"><a style=\"color: #0000ff\" href=\"https:\/\/diba.ccoo.cat\/haig-de-portar-mascareta-a-la-meva-feina\/\">aqu\u00ed<\/a>.<\/span><\/span><\/span><\/li>\n<\/ul>\n<p style=\"text-align: justify\"><img loading=\"lazy\" decoding=\"async\" class=\"wp-image-6159 aligncenter\" src=\"http:\/\/ccoo.app\/diputacio-de-barcelona\/wp-content\/blogs.dir\/6\/files\/sites\/186\/2020\/05\/28-de-maig.png\" alt=\"\" width=\"175\" height=\"131\" \/><\/p>\n<p style=\"text-align: justify\">\n<p style=\"text-align: center\"><span style=\"font-family: 'arial black', sans-serif\"><span style=\"font-family: arial, helvetica, sans-serif\"><span style=\"color: #000000\">CLIQUEU<\/span><a href=\"https:\/\/diba.ccoo.cat\/9-10-2020-css-diba\/\"><span style=\"color: #0000ff;font-family: 'arial black', sans-serif\"> AQU\u00cd <\/span><\/a><\/span><span style=\"color: #000000\"><span style=\"font-family: arial, helvetica, sans-serif\">VEURE RESUM DE L<\/span>A REUNI\u00d3 DEL CSS ANTERIOR<\/span><\/span><\/p>\n<p style=\"text-align: center\"><img loading=\"lazy\" decoding=\"async\" class=\"wp-image-5184 aligncenter\" src=\"http:\/\/ccoo.app\/diputacio-de-barcelona\/wp-content\/blogs.dir\/6\/files\/sites\/186\/2020\/03\/i-de-info-300x300.jpg\" alt=\"\" width=\"72\" height=\"72\" srcset=\"https:\/\/ccoo.app\/diputacio-de-barcelona\/wp-content\/blogs.dir\/6\/files\/sites\/186\/2020\/03\/i-de-info-300x300.jpg 300w, https:\/\/ccoo.app\/diputacio-de-barcelona\/wp-content\/blogs.dir\/6\/files\/sites\/186\/2020\/03\/i-de-info-150x150.jpg 150w, https:\/\/ccoo.app\/diputacio-de-barcelona\/wp-content\/blogs.dir\/6\/files\/sites\/186\/2020\/03\/i-de-info.jpg 626w\" sizes=\"auto, (max-width: 72px) 100vw, 72px\" \/><\/p>\n<p style=\"text-align: center\"><span style=\"font-family: 'arial black', sans-serif;color: #000000\">DE DILLUNS A DIVENDRES<\/span><\/p>\n<p style=\"text-align: center\"><span style=\"font-family: 'arial black', sans-serif;color: #000000\">DE 10:00 A 14:30 i DE 17:00 A 19:00\u00a0<\/span><\/p>\n<p style=\"text-align: center\"><span style=\"font-family: 'arial black', sans-serif;color: #000000\">93.402.29.85 \u2013 22985 \u2013 667 90 69 64<\/span><\/p>\n<p><img loading=\"lazy\" decoding=\"async\" class=\"wp-image-5553 aligncenter\" src=\"http:\/\/ccoo.app\/diputacio-de-barcelona\/wp-content\/blogs.dir\/6\/files\/sites\/186\/2020\/04\/mail-foto-300x200.jpg\" alt=\"\" width=\"59\" height=\"39\" srcset=\"https:\/\/ccoo.app\/diputacio-de-barcelona\/wp-content\/blogs.dir\/6\/files\/sites\/186\/2020\/04\/mail-foto-300x200.jpg 300w, https:\/\/ccoo.app\/diputacio-de-barcelona\/wp-content\/blogs.dir\/6\/files\/sites\/186\/2020\/04\/mail-foto-1024x683.jpg 1024w, https:\/\/ccoo.app\/diputacio-de-barcelona\/wp-content\/blogs.dir\/6\/files\/sites\/186\/2020\/04\/mail-foto-768x512.jpg 768w, https:\/\/ccoo.app\/diputacio-de-barcelona\/wp-content\/blogs.dir\/6\/files\/sites\/186\/2020\/04\/mail-foto.jpg 1200w\" sizes=\"auto, (max-width: 59px) 100vw, 59px\" \/><\/p>\n<p style=\"text-align: center\"><span style=\"font-family: arial, helvetica, sans-serif;color: #000000\">La\u00a0SECCI\u00d3 SINDICAL DE CCOO donem resposta a tots els teus dubtes o t&#8217;ajudem solucionar els problemes que puguis tenir.<strong> T&#8217;ajudem a defensar els teus drets!<\/strong><\/span><\/p>\n<p style=\"text-align: center\"><span style=\"font-family: 'arial black', sans-serif;color: #0000ff\"><a style=\"color: #0000ff\" href=\"mailto:ccoo@diba.cat\"><strong>ccoo@diba.cat<\/strong><\/a><\/span><\/p>\n<p style=\"text-align: center\"><span style=\"font-family: 'arial black', sans-serif;color: #0000ff\"><a style=\"color: #0000ff\" href=\"mailto:orgt.ssccoo@diba.cat\">orgt.ssccoo@diba.cat<\/a><\/span><\/p>\n<p><img loading=\"lazy\" decoding=\"async\" class=\"wp-image-6417 aligncenter\" src=\"http:\/\/ccoo.app\/diputacio-de-barcelona\/wp-content\/blogs.dir\/6\/files\/sites\/186\/2020\/07\/ccoo-diba-prevencio-300x280.png\" alt=\"\" width=\"57\" height=\"53\" srcset=\"https:\/\/ccoo.app\/diputacio-de-barcelona\/wp-content\/blogs.dir\/6\/files\/sites\/186\/2020\/07\/ccoo-diba-prevencio-300x280.png 300w, https:\/\/ccoo.app\/diputacio-de-barcelona\/wp-content\/blogs.dir\/6\/files\/sites\/186\/2020\/07\/ccoo-diba-prevencio.png 490w\" sizes=\"auto, (max-width: 57px) 100vw, 57px\" \/><\/p>\n<p style=\"text-align: center\"><span style=\"font-family: arial, helvetica, sans-serif;color: #000000\">Contacte directe amb els i les delegades de prevenci\u00f3: clic <a href=\"https:\/\/diba.ccoo.cat\/ajuda-dels-nostres-delegats-i-delegades-de-prevencio\/\"><span style=\"font-family: 'arial black', sans-serif;color: #0000ff\">aqu\u00ed<\/span><\/a><\/span><\/p>\n<p><img loading=\"lazy\" decoding=\"async\" class=\"wp-image-5554 aligncenter\" src=\"http:\/\/ccoo.app\/diputacio-de-barcelona\/wp-content\/blogs.dir\/6\/files\/sites\/186\/2020\/04\/mail-foto-enviar-300x212.jpg\" alt=\"\" width=\"67\" height=\"47\" srcset=\"https:\/\/ccoo.app\/diputacio-de-barcelona\/wp-content\/blogs.dir\/6\/files\/sites\/186\/2020\/04\/mail-foto-enviar-300x212.jpg 300w, https:\/\/ccoo.app\/diputacio-de-barcelona\/wp-content\/blogs.dir\/6\/files\/sites\/186\/2020\/04\/mail-foto-enviar-1024x724.jpg 1024w, https:\/\/ccoo.app\/diputacio-de-barcelona\/wp-content\/blogs.dir\/6\/files\/sites\/186\/2020\/04\/mail-foto-enviar-768x543.jpg 768w, https:\/\/ccoo.app\/diputacio-de-barcelona\/wp-content\/blogs.dir\/6\/files\/sites\/186\/2020\/04\/mail-foto-enviar.jpg 1200w\" sizes=\"auto, (max-width: 67px) 100vw, 67px\" \/><\/p>\n<p style=\"text-align: center\"><span style=\"font-family: arial, helvetica, sans-serif;color: #000000\">Encara no t&#8217;has descarregat la nostra <a href=\"http:\/\/www.ccoo.cat\/carnet\/index.aspx?qr=1#descarrega\"><span style=\"font-family: 'arial black', sans-serif;color: #0000ff\">APP<\/span><\/a> CCOO-Diba d&#8217;informaci\u00f3 sindical?<\/span><\/p>\n<p style=\"text-align: center\"><span style=\"font-family: arial, helvetica, sans-serif;color: #000000\">Fes clic <a href=\"http:\/\/www.ccoo.cat\/carnet\/index.aspx?qr=1#descarrega\"><span style=\"font-family: 'arial black', sans-serif;color: #0000ff\">aqu\u00ed<\/span><\/a> per tenir la informaci\u00f3 abans que ning\u00fa!<\/span><\/p>\n<p><img loading=\"lazy\" decoding=\"async\" class=\"wp-image-5915 aligncenter\" src=\"http:\/\/ccoo.app\/diputacio-de-barcelona\/wp-content\/blogs.dir\/6\/files\/sites\/186\/2020\/05\/xarxes-socials-300x169.png\" alt=\"\" width=\"227\" height=\"128\" srcset=\"https:\/\/ccoo.app\/diputacio-de-barcelona\/wp-content\/blogs.dir\/6\/files\/sites\/186\/2020\/05\/xarxes-socials-300x169.png 300w, https:\/\/ccoo.app\/diputacio-de-barcelona\/wp-content\/blogs.dir\/6\/files\/sites\/186\/2020\/05\/xarxes-socials-1024x576.png 1024w, https:\/\/ccoo.app\/diputacio-de-barcelona\/wp-content\/blogs.dir\/6\/files\/sites\/186\/2020\/05\/xarxes-socials-768x432.png 768w, https:\/\/ccoo.app\/diputacio-de-barcelona\/wp-content\/blogs.dir\/6\/files\/sites\/186\/2020\/05\/xarxes-socials.png 1200w\" sizes=\"auto, (max-width: 227px) 100vw, 227px\" \/><\/p>\n<p style=\"text-align: center\"><span style=\"font-family: arial, helvetica, sans-serif;color: #000000\">Tamb\u00e9 trobar\u00e0s CCOO-Diba a les xarxes socials. Clica sobre la icona de la teva xarxa favorita:<\/span><\/p>\n<p><a href=\"https:\/\/twitter.com\/CCOODiba\"><img loading=\"lazy\" decoding=\"async\" class=\" wp-image-5728 aligncenter\" src=\"http:\/\/ccoo.app\/diputacio-de-barcelona\/wp-content\/blogs.dir\/6\/files\/sites\/186\/2020\/04\/twitter-300x300.png\" alt=\"\" width=\"89\" height=\"89\" srcset=\"https:\/\/ccoo.app\/diputacio-de-barcelona\/wp-content\/blogs.dir\/6\/files\/sites\/186\/2020\/04\/twitter-300x300.png 300w, https:\/\/ccoo.app\/diputacio-de-barcelona\/wp-content\/blogs.dir\/6\/files\/sites\/186\/2020\/04\/twitter-150x150.png 150w, https:\/\/ccoo.app\/diputacio-de-barcelona\/wp-content\/blogs.dir\/6\/files\/sites\/186\/2020\/04\/twitter.png 512w\" sizes=\"auto, (max-width: 89px) 100vw, 89px\" \/><\/a><\/p>\n<p><a href=\"https:\/\/www.instagram.com\/ccoo_diba\/?hl=es\"><img loading=\"lazy\" decoding=\"async\" class=\"wp-image-5730 aligncenter\" src=\"http:\/\/ccoo.app\/diputacio-de-barcelona\/wp-content\/blogs.dir\/6\/files\/sites\/186\/2020\/04\/instragram-300x300.png\" alt=\"\" width=\"91\" height=\"91\" srcset=\"https:\/\/ccoo.app\/diputacio-de-barcelona\/wp-content\/blogs.dir\/6\/files\/sites\/186\/2020\/04\/instragram-300x300.png 300w, https:\/\/ccoo.app\/diputacio-de-barcelona\/wp-content\/blogs.dir\/6\/files\/sites\/186\/2020\/04\/instragram-150x150.png 150w, https:\/\/ccoo.app\/diputacio-de-barcelona\/wp-content\/blogs.dir\/6\/files\/sites\/186\/2020\/04\/instragram.png 512w\" sizes=\"auto, (max-width: 91px) 100vw, 91px\" \/><\/a><\/p>\n<p><a href=\"https:\/\/www.facebook.com\/CcooDiputacioDeBarcelona\/\"><img loading=\"lazy\" decoding=\"async\" class=\"wp-image-5729 aligncenter\" src=\"http:\/\/ccoo.app\/diputacio-de-barcelona\/wp-content\/blogs.dir\/6\/files\/sites\/186\/2020\/04\/facebook-300x300.png\" alt=\"\" width=\"90\" height=\"90\" srcset=\"https:\/\/ccoo.app\/diputacio-de-barcelona\/wp-content\/blogs.dir\/6\/files\/sites\/186\/2020\/04\/facebook-300x300.png 300w, https:\/\/ccoo.app\/diputacio-de-barcelona\/wp-content\/blogs.dir\/6\/files\/sites\/186\/2020\/04\/facebook-150x150.png 150w, https:\/\/ccoo.app\/diputacio-de-barcelona\/wp-content\/blogs.dir\/6\/files\/sites\/186\/2020\/04\/facebook.png 325w\" sizes=\"auto, (max-width: 90px) 100vw, 90px\" \/><\/a><a href=\"https:\/\/www.youtube.com\/channel\/UCFzenkS75udEcs4pB4qoZsg\"><img loading=\"lazy\" decoding=\"async\" class=\" wp-image-5916 aligncenter\" src=\"http:\/\/ccoo.app\/diputacio-de-barcelona\/wp-content\/blogs.dir\/6\/files\/sites\/186\/2020\/05\/youtube-300x115.jpg\" alt=\"\" width=\"122\" height=\"47\" srcset=\"https:\/\/ccoo.app\/diputacio-de-barcelona\/wp-content\/blogs.dir\/6\/files\/sites\/186\/2020\/05\/youtube-300x115.jpg 300w, https:\/\/ccoo.app\/diputacio-de-barcelona\/wp-content\/blogs.dir\/6\/files\/sites\/186\/2020\/05\/youtube-1024x391.jpg 1024w, https:\/\/ccoo.app\/diputacio-de-barcelona\/wp-content\/blogs.dir\/6\/files\/sites\/186\/2020\/05\/youtube-768x293.jpg 768w, https:\/\/ccoo.app\/diputacio-de-barcelona\/wp-content\/blogs.dir\/6\/files\/sites\/186\/2020\/05\/youtube.jpg 1200w\" sizes=\"auto, (max-width: 122px) 100vw, 122px\" \/><\/a><\/p>\n<p><iframe loading=\"lazy\" title=\"Hauran de comptar amb nosaltres. Salut, treball i just\u00edcia social || 1r de maig del 2020.\" width=\"1200\" height=\"675\" src=\"https:\/\/www.youtube.com\/embed\/uS104R3aSJs?feature=oembed\" frameborder=\"0\" allow=\"accelerometer; autoplay; clipboard-write; encrypted-media; gyroscope; picture-in-picture; web-share\" allowfullscreen><\/iframe>    \t<\/p>\n","protected":false},"excerpt":{"rendered":"<p>\u00a0REUNI\u00d3 DEL COMIT\u00c8 DE SEGURETAT I SALUT DEL 23.10.2020 &#8211; 26 d&#8217;octubre de 2020- BREU RESUM DELS ANTECEDENTS El dia 7 d\u2019abril (cliqueu aqu\u00ed), cansats i cansades d&#8217;esperar resposta a &#8230; <\/p>\n<p class=\"read-more-container\"><a title=\"137\/COVID-19 23.10.2020 RESUM DE LA REUNI\u00d3 DEL COMIT\u00c8 DE SEGURETAT I SALUT\" class=\"read-more button\" href=\"https:\/\/ccoo.app\/diputacio-de-barcelona\/23-10-2020-css-diba\/#more-6921\" aria-label=\"Leer m\u00e1s sobre 137\/COVID-19 23.10.2020 RESUM DE LA REUNI\u00d3 DEL COMIT\u00c8 DE SEGURETAT I SALUT\">Continuar llegint<\/a><\/p>\n","protected":false},"author":4519,"featured_media":6417,"comment_status":"open","ping_status":"open","sticky":false,"template":"","format":"standard","meta":{"footnotes":""},"categories":[38,19,29,34,35,37],"tags":[124,167,189,212,221,239],"class_list":["post-6921","post","type-post","status-publish","format-standard","has-post-thumbnail","hentry","category-a-tot-el-personal","category-comunicats","category-orgt-2","category-respir","category-salut-laboral","category-xbm","tag-inspeccio-de-treball","tag-orgt","tag-prevencio","tag-salut","tag-teletreball","tag-xarxa-de-bibioteques-xbm","generate-columns","tablet-grid-50","mobile-grid-100","grid-parent","grid-50"],"_links":{"self":[{"href":"https:\/\/ccoo.app\/diputacio-de-barcelona\/wp-json\/wp\/v2\/posts\/6921","targetHints":{"allow":["GET"]}}],"collection":[{"href":"https:\/\/ccoo.app\/diputacio-de-barcelona\/wp-json\/wp\/v2\/posts"}],"about":[{"href":"https:\/\/ccoo.app\/diputacio-de-barcelona\/wp-json\/wp\/v2\/types\/post"}],"author":[{"embeddable":true,"href":"https:\/\/ccoo.app\/diputacio-de-barcelona\/wp-json\/wp\/v2\/users\/4519"}],"replies":[{"embeddable":true,"href":"https:\/\/ccoo.app\/diputacio-de-barcelona\/wp-json\/wp\/v2\/comments?post=6921"}],"version-history":[{"count":1,"href":"https:\/\/ccoo.app\/diputacio-de-barcelona\/wp-json\/wp\/v2\/posts\/6921\/revisions"}],"predecessor-version":[{"id":50857,"href":"https:\/\/ccoo.app\/diputacio-de-barcelona\/wp-json\/wp\/v2\/posts\/6921\/revisions\/50857"}],"wp:featuredmedia":[{"embeddable":true,"href":"https:\/\/ccoo.app\/diputacio-de-barcelona\/wp-json\/wp\/v2\/media\/6417"}],"wp:attachment":[{"href":"https:\/\/ccoo.app\/diputacio-de-barcelona\/wp-json\/wp\/v2\/media?parent=6921"}],"wp:term":[{"taxonomy":"category","embeddable":true,"href":"https:\/\/ccoo.app\/diputacio-de-barcelona\/wp-json\/wp\/v2\/categories?post=6921"},{"taxonomy":"post_tag","embeddable":true,"href":"https:\/\/ccoo.app\/diputacio-de-barcelona\/wp-json\/wp\/v2\/tags?post=6921"}],"curies":[{"name":"wp","href":"https:\/\/api.w.org\/{rel}","templated":true}]}}