{"id":691,"date":"2015-05-08T12:26:10","date_gmt":"2015-05-08T11:26:10","guid":{"rendered":"https:\/\/diba.ccoo.cat\/plantilla_post-copy-copy-2-copy\/"},"modified":"2015-05-08T12:26:10","modified_gmt":"2015-05-08T11:26:10","slug":"proposta-per-a-la-constitucio-de-la-junta-de-personal-a-tots-els-sindicats","status":"publish","type":"post","link":"https:\/\/ccoo.app\/diputacio-de-barcelona\/proposta-per-a-la-constitucio-de-la-junta-de-personal-a-tots-els-sindicats\/","title":{"rendered":"PROPOSTA PER A LA CONSTITUCI\u00d3 DE LA  JUNTA DE PERSONAL A TOTS ELS SINDICATS"},"content":{"rendered":"<p>&nbsp;<\/p>\n<p><img loading=\"lazy\" decoding=\"async\" class=\"wp-image-189\" title=\"Secci\u00f3 Sindical de la Diutaci\u00f3 de Barcelona de la Federaci\u00f3 Sindical de Catalunya\" src=\"http:\/\/ccoo.app\/diputacio-de-barcelona\/wp-content\/blogs.dir\/6\/files\/sites\/186\/2015\/12\/ccoo-fsc-cat.png\" alt=\"Secci\u00f3 Sindical de la Diputaci\u00f3 de Barcelona de la Federaci\u00f3 Sindical de Catalunya\" width=\"469\" height=\"90\" \/><\/p>\n<p class=\"wp-caption-text\">Secci\u00f3 Sindical de la Diputaci\u00f3 de Barcelona<\/p>\n<h3 style=\"text-align: center\"><\/h3>\n<h3 class=\"widget-title\">PROPOSTA PER A LA CONSTITUCI\u00d3 DE LA JUNTA DE PERSONAL A TOTS ELS SINDICATS<\/h3>\n<h3 style=\"text-align: center\"><strong><span style=\"color: #ff0000\"><u> PROPOSTA PER A LA CONSTITUCI\u00d3 DE LA \u00a0JUNTA DE PERSONAL A TOTS ELS SINDICATS<\/u><\/span><\/strong><\/h3>\n<p>Des del 2007, la secci\u00f3 sindical de CCOO DiBa, hem passat de 7 delegats\/des\u00a0 a 11, el que representa un 57% d\u2019augment situant-nos al 2015 com <strong><u>el sindicat m\u00e9s votat a la Diputaci\u00f3 de Barcelona<\/u><\/strong>. Sense cap dubte, molts heu valorat positivament, el nostre treball de sindicalisme honest, comprom\u00e8s, responsable i de proximitat als centres, no nom\u00e9s a la ciutat de Barcelona sin\u00f3 als centres de treball de tota la prov\u00edncia.<\/p>\n<p>&nbsp;<\/p>\n<p><span style=\"color: #3366ff\"><strong>PERSONAL FUNCIONARI (JUNTA DE PERSONAL)<\/strong><\/span><\/p>\n<table width=\"623\">\n<tbody>\n<tr>\n<td rowspan=\"2\" width=\"62\"><strong>\u00a0<\/strong><\/td>\n<td colspan=\"2\" width=\"187\"><strong>2007<\/strong><\/td>\n<td colspan=\"2\" width=\"187\"><strong>2011<\/strong><\/td>\n<td colspan=\"2\" width=\"187\"><strong>2015<\/strong><\/td>\n<\/tr>\n<tr>\n<td width=\"56\"><strong>VOTS<\/strong><\/td>\n<td width=\"131\"><strong>DELEGATS\/DES<\/strong><\/td>\n<td width=\"56\"><strong>VOTS<\/strong><\/td>\n<td width=\"131\"><strong>DELEGATS\/DES<\/strong><\/td>\n<td width=\"56\"><strong>VOTS<\/strong><\/td>\n<td width=\"131\"><strong>DELEGATS\/DES<\/strong><\/td>\n<\/tr>\n<tr>\n<td width=\"62\"><strong>CCOO<\/strong><\/td>\n<td width=\"56\"><strong>644<\/strong><\/td>\n<td width=\"131\"><strong>7<\/strong><\/td>\n<td width=\"56\"><strong>701<\/strong><\/td>\n<td width=\"131\"><strong>10<\/strong><\/td>\n<td width=\"56\"><strong>797<\/strong><\/td>\n<td width=\"131\"><strong>11<\/strong><\/td>\n<\/tr>\n<tr>\n<td width=\"62\"><strong>UGT<\/strong><\/td>\n<td width=\"56\"><strong>1283<\/strong><\/td>\n<td width=\"131\"><strong>14<\/strong><\/td>\n<td width=\"56\"><strong>912<\/strong><\/td>\n<td width=\"131\"><strong>12<\/strong><\/td>\n<td width=\"56\"><strong>750<\/strong><\/td>\n<td width=\"131\"><strong>10<\/strong><\/td>\n<\/tr>\n<tr>\n<td width=\"62\"><strong>CGT<\/strong><\/td>\n<td width=\"56\"><strong>236<\/strong><\/td>\n<td width=\"131\"><strong>3<\/strong><\/td>\n<td width=\"56\"><strong>303<\/strong><\/td>\n<td width=\"131\"><strong>4<\/strong><\/td>\n<td width=\"56\"><strong>434<\/strong><\/td>\n<td width=\"131\"><strong>6<\/strong><\/td>\n<\/tr>\n<tr>\n<td width=\"62\"><strong>CTeC<\/strong><\/td>\n<td width=\"56\"><strong>224<\/strong><\/td>\n<td width=\"131\"><strong>3<\/strong><\/td>\n<td width=\"56\"><strong>225<\/strong><\/td>\n<td width=\"131\"><strong>3<\/strong><\/td>\n<td width=\"56\"><strong>187<\/strong><\/td>\n<td width=\"131\"><strong>2<\/strong><\/td>\n<\/tr>\n<\/tbody>\n<\/table>\n<p>&nbsp;<\/p>\n<p><strong>\u00a0<\/strong><span style=\"color: #3366ff\"><strong>PERSONAL LABORAL <\/strong><\/span><\/p>\n<table width=\"249\">\n<tbody>\n<tr>\n<td rowspan=\"2\" width=\"62\"><strong>\u00a0<\/strong><\/td>\n<td colspan=\"2\" width=\"187\"><strong>2015<\/strong><\/td>\n<\/tr>\n<tr>\n<td width=\"56\"><strong>VOTS<\/strong><\/td>\n<td width=\"131\"><strong>DELEGATS\/DES<\/strong><\/td>\n<\/tr>\n<tr>\n<td width=\"62\"><strong>CCOO<\/strong><\/td>\n<td width=\"56\"><strong>.<\/strong><\/td>\n<td width=\"131\"><strong>.<\/strong><\/td>\n<\/tr>\n<tr>\n<td width=\"62\"><strong>UGT<\/strong><\/td>\n<td width=\"56\"><strong>4<\/strong><\/td>\n<td width=\"131\"><strong>1<\/strong><\/td>\n<\/tr>\n<tr>\n<td width=\"62\"><strong>CGT<\/strong><\/td>\n<td width=\"56\"><strong>&#8211;<\/strong><\/td>\n<td width=\"131\"><strong>&#8211;<\/strong><\/td>\n<\/tr>\n<tr>\n<td width=\"62\"><strong>CTeC<\/strong><\/td>\n<td width=\"56\"><strong>&#8211;<\/strong><\/td>\n<td width=\"131\"><strong>&#8211;<\/strong><\/td>\n<\/tr>\n<\/tbody>\n<\/table>\n<p>Apostem per la m\u00e0xima informaci\u00f3 i transpar\u00e8ncia.<\/p>\n<p>Aquests resultats, m\u00e9s enll\u00e0 de triomfalismes i ret\u00f2riques o dels interessos sindicals que es vulguin tenir, des de CCOO DiBa, els valorem molt positivament, especialment tenint en compte l\u2019increment en quant a participaci\u00f3, arribant pr\u00e0cticament a un 58 %.<\/p>\n<p>A m\u00e9s, per primera vegada, tenim la possibilitat de canviar les majories sindicals. Ara, el que \u00e9s tracta \u00e9s de canviar les coses d\u2019una vegada i millorar les pr\u00e0ctiques sindicals en benefici del conjunt de treballadors i treballadores de la DiBa.<\/p>\n<p>Durant la campanya ja us vam dir que <strong>apostem per la transpar\u00e8ncia, la honestedat i la bona praxis sindical<\/strong>. CCOO ens reiterem en fermesa en aquest sentit. Les decisions que \u00e9s puguin prendre ara poden o no afavorir aquesta aspiraci\u00f3.<\/p>\n<p><span style=\"color: #ff0000\"><strong><u>JUNTA DE PERSONAL 2015 \u2013 2019<\/u><\/strong><\/span><\/p>\n<p>Durant el mes de Maig, s\u2019haur\u00e0 de constituir la Junta de Personal, l\u2019\u00f2rgan unitari de representaci\u00f3 dels funcionaris. En total s\u00f3n 29 delegats i delegades. <strong>S\u2019ha de tenir en compte que la representaci\u00f3 del personal laboral, en aquest cas una delegada, no hi forma part. <\/strong>(Estatut Treballadors, art.66.2)<\/p>\n<h3>La constituci\u00f3 de la Junta exigeix per part de les diferents candidatures votar a qui correspondr\u00e0 ostentar els diferents c\u00e0rrecs de responsabilitat. (EBEP, art.39.6).<\/h3>\n<h3>En l\u2019anterior legislatura aquests van ser els c\u00e0rrecs de la Junta:<\/h3>\n<h3>\u00b7\u00a0\u00a0\u00a0\u00a0\u00a0\u00a0 la Presid\u00e8ncia (UGT)<\/h3>\n<h3>\u00b7\u00a0\u00a0\u00a0\u00a0\u00a0\u00a0 la vicepresid\u00e8ncia (CTeC)<\/h3>\n<h3>\u00b7\u00a0\u00a0\u00a0\u00a0\u00a0\u00a0 Secretaria (UGT)<\/h3>\n<h3>\u00b7\u00a0\u00a0\u00a0\u00a0\u00a0\u00a0 Vicesecretaria. (UGT)<\/h3>\n<p>D\u2019acord amb els resultats de les eleccions del 22 d\u2019abril, el resultat de qui ostentar\u00e0 els c\u00e0rrecs de la Junta \u00e9s m\u00e9s obert que mai. Per exemple, CCOO amb els nostres 11 delegats i delegades, podr\u00edem arribar a un acord amb qualsevol altra candidatura. Ara b\u00e9, <strong>volem deixar clar que nom\u00e9s arribarem a un acord amb qui estigui de veritat decidit a canviar les coses.\u00a0\u00a0 <\/strong><\/p>\n<p>S\u2019ha de millorar el funcionament i reglamentar la Junta perqu\u00e8 veritablement sigui l\u2019\u00f2rgan representatiu de tot el personal.\u00a0 <strong>Les decisions<\/strong> relacionades amb la Provisi\u00f3 i Selecci\u00f3, aix\u00ed com <strong>la participaci\u00f3<\/strong> als tribunals que depenent de la Junta, han de <strong>vetllar pels principis d\u2019igualtat, capacitat i m\u00e8rit<\/strong> als processos, aix\u00ed com garantir la <strong>transpar\u00e8ncia<\/strong> i una <strong>clara regulaci\u00f3<\/strong> dels criteris de selecci\u00f3, defugint de favoritismes<\/p>\n<p>A les anteriors eleccions la UGT va imposar la seva majoria a les eleccions, sortint-se fora de tota proporcionalitat i racionalitat, per tenir 9 delegats\/des de prevenci\u00f3 de riscos laborals, mentre que la resta vam disposar de nom\u00e9s 2 cadasc\u00fa. Aix\u00f2 va suposar un desavantatge perjudicial per a tots i un sobre esfor\u00e7 per part dels nostres delegats\/des, aix\u00ed com els dels altres sindicats. Nosaltres proposem la proporcionalitat com a refer\u00e8ncia per establir el nombre per a cada sindicat.<\/p>\n<p><span style=\"color: #ff0000\"><strong><u>PROPOSTA PER A TOTS ELS SINDICATS<\/u><\/strong><\/span><\/p>\n<p>Hem enviat a tots els sindicats una carta amb aquestes propostes i tamb\u00e9, amb el desig de poder reunir-nos amb ells per saber la seva opini\u00f3. Les nostres intencions son clares i les fem p\u00fabliques seguint la nostre l\u00ednea de\u00a0 m\u00e0xima transpar\u00e8ncia. Els acords que es puguin arribar estan directament relacionat a l\u2019acceptaci\u00f3 de les seg\u00fcents propostes:<\/p>\n<ul>\n<li>Elaboraci\u00f3 del reglament de la Junta de Personal per evitar arbitrarietats i per situar l\u2019inter\u00e9s de tot el personal per sobre dels partidistes.<\/li>\n<li>Actes de les reunions de la Junta de Personal p\u00fabliques.<\/li>\n<li>Tribunals: sindicats siguin veritablement garants dels principis d\u2019igualtat,capacitat i m\u00e8rit en els processos. Transpar\u00e8ncia i regulaci\u00f3 dels criteris de selecci\u00f3.<\/li>\n<li>Tribunals: potenciaci\u00f3 del car\u00e0cter t\u00e8cnic i professional. Borsa d\u2019experts per \u00e0mbits com a membres independents.<\/li>\n<li>Exigir major informaci\u00f3 i limitacions al personal eventual i de lliure designaci\u00f3.<\/li>\n<li>Borses: Reglamentar la seva composici\u00f3 i funcionament. Control real per part de la representaci\u00f3 sindical.<\/li>\n<li>Actes de les reunions de negociaci\u00f3 (MGNmc) p\u00fabliques.<\/li>\n<li>Publicaci\u00f3 de la RLT i el cat\u00e0leg retributiu.<\/li>\n<li>Revisi\u00f3 del reglament de Provisi\u00f3 i Promoci\u00f3 Interna.<\/li>\n<li>Formaci\u00f3: criteris objectius i no discriminatoris per tenir-ne acc\u00e9s.<\/li>\n<li>Elecci\u00f3 dels delegats i delegades de Prevenci\u00f3: proposem la proporcionalitat com a refer\u00e8ncia per establir el nombre per a cada sindicat.<\/li>\n<li>Defensa dels serveis p\u00fablics de qualitat contra qualsevol intent de privatitzaci\u00f3 o \u201cd\u2019externalitzaci\u00f3\u201d.<\/li>\n<\/ul>\n<p>Entenem que previsiblement abans de final d\u2019aquest mes s\u2019hauria d\u2019haver constitu\u00eft la Junta de Personal.<\/p>\n<p>Gr\u00e0cies novament per la vostra confian\u00e7a i implicaci\u00f3. Us mantindrem informats.<\/p>\n<p style=\"text-align: center\">* \u00a0* \u00a0* \u00a0* \u00a0*<\/p>\n<p><img loading=\"lazy\" decoding=\"async\" class=\"alignleft wp-image-226\" src=\"http:\/\/ccoo.app\/diputacio-de-barcelona\/wp-content\/blogs.dir\/6\/files\/sites\/186\/2016\/04\/estem-decidits-acontinuar-lluitant.png\" alt=\"Estem decidits a continuar lluitant !\" width=\"213\" height=\"89\" \/><\/p>\n<p><img loading=\"lazy\" decoding=\"async\" class=\"wp-image-262 alignright\" src=\"http:\/\/ccoo.app\/diputacio-de-barcelona\/wp-content\/blogs.dir\/6\/files\/sites\/186\/2016\/04\/afiliat_ccoo_cat.gif\" alt=\"Tota la informaci\u00f3 de com afiliar-se a CCOO Catalunya i forlmulari d'alta o baxia.\" width=\"90\" height=\"80\" \/><\/p>\n<p><img loading=\"lazy\" decoding=\"async\" class=\"wp-image-227 aligncenter\" src=\"http:\/\/ccoo.app\/diputacio-de-barcelona\/wp-content\/blogs.dir\/6\/files\/sites\/186\/2016\/04\/logo-peu-300x69.png\" alt=\"logo-peu\" width=\"952\" height=\"219\" srcset=\"https:\/\/ccoo.app\/diputacio-de-barcelona\/wp-content\/blogs.dir\/6\/files\/sites\/186\/2016\/04\/logo-peu-300x69.png 300w, https:\/\/ccoo.app\/diputacio-de-barcelona\/wp-content\/blogs.dir\/6\/files\/sites\/186\/2016\/04\/logo-peu.png 557w\" sizes=\"auto, (max-width: 952px) 100vw, 952px\" \/><\/p>\n<p style=\"text-align: center\"><small><\/small><small>Formulari d&#8217;<a href=\"\/afiliat\/\">alta<\/a>, <a href=\"\/afiliat\/\">baixa <\/a>o <a href=\"\/afiliat\/\">modificaci\u00f3 <\/a>de les dades personals o<br \/>\ncontacta&#8217;ns a trav\u00e9s del tel\u00e8fon<strong> 934 022 985<\/strong> o correu: <a href=\"mailto:ccoo@diba.cat\"><strong>ccoo@diba.cat<\/strong><\/a><\/small><\/p>\n","protected":false},"excerpt":{"rendered":"<p>&nbsp; Secci\u00f3 Sindical de la Diputaci\u00f3 de Barcelona PROPOSTA PER A LA CONSTITUCI\u00d3 DE LA JUNTA DE PERSONAL A TOTS ELS SINDICATS PROPOSTA PER A LA CONSTITUCI\u00d3 DE LA \u00a0JUNTA &#8230; <\/p>\n<p class=\"read-more-container\"><a title=\"PROPOSTA PER A LA CONSTITUCI\u00d3 DE LA  JUNTA DE PERSONAL A TOTS ELS SINDICATS\" class=\"read-more button\" href=\"https:\/\/ccoo.app\/diputacio-de-barcelona\/proposta-per-a-la-constitucio-de-la-junta-de-personal-a-tots-els-sindicats\/#more-691\" aria-label=\"Leer m\u00e1s sobre PROPOSTA PER A LA CONSTITUCI\u00d3 DE LA  JUNTA DE PERSONAL A TOTS ELS SINDICATS\">Continuar llegint<\/a><\/p>\n","protected":false},"author":4519,"featured_media":255,"comment_status":"open","ping_status":"open","sticky":false,"template":"","format":"standard","meta":{"footnotes":""},"categories":[38,19],"tags":[],"class_list":["post-691","post","type-post","status-publish","format-standard","has-post-thumbnail","hentry","category-a-tot-el-personal","category-comunicats","generate-columns","tablet-grid-50","mobile-grid-100","grid-parent","grid-50"],"_links":{"self":[{"href":"https:\/\/ccoo.app\/diputacio-de-barcelona\/wp-json\/wp\/v2\/posts\/691","targetHints":{"allow":["GET"]}}],"collection":[{"href":"https:\/\/ccoo.app\/diputacio-de-barcelona\/wp-json\/wp\/v2\/posts"}],"about":[{"href":"https:\/\/ccoo.app\/diputacio-de-barcelona\/wp-json\/wp\/v2\/types\/post"}],"author":[{"embeddable":true,"href":"https:\/\/ccoo.app\/diputacio-de-barcelona\/wp-json\/wp\/v2\/users\/4519"}],"replies":[{"embeddable":true,"href":"https:\/\/ccoo.app\/diputacio-de-barcelona\/wp-json\/wp\/v2\/comments?post=691"}],"version-history":[{"count":0,"href":"https:\/\/ccoo.app\/diputacio-de-barcelona\/wp-json\/wp\/v2\/posts\/691\/revisions"}],"wp:featuredmedia":[{"embeddable":true,"href":"https:\/\/ccoo.app\/diputacio-de-barcelona\/wp-json\/wp\/v2\/media\/255"}],"wp:attachment":[{"href":"https:\/\/ccoo.app\/diputacio-de-barcelona\/wp-json\/wp\/v2\/media?parent=691"}],"wp:term":[{"taxonomy":"category","embeddable":true,"href":"https:\/\/ccoo.app\/diputacio-de-barcelona\/wp-json\/wp\/v2\/categories?post=691"},{"taxonomy":"post_tag","embeddable":true,"href":"https:\/\/ccoo.app\/diputacio-de-barcelona\/wp-json\/wp\/v2\/tags?post=691"}],"curies":[{"name":"wp","href":"https:\/\/api.w.org\/{rel}","templated":true}]}}