{"id":6892,"date":"2020-10-14T06:51:08","date_gmt":"2020-10-14T05:51:08","guid":{"rendered":"https:\/\/diba.ccoo.cat\/?p=6892"},"modified":"2023-10-17T13:36:15","modified_gmt":"2023-10-17T11:36:15","slug":"14-10-2020-comunicat-ccoo-diba","status":"publish","type":"post","link":"https:\/\/ccoo.app\/diputacio-de-barcelona\/14-10-2020-comunicat-ccoo-diba\/","title":{"rendered":"132\/COVID-19. SITUACI\u00d3 PAND\u00c8MIA, ACORD TELETREBALL, APARCAMENTS, CSS, SENT\u00c8NCIA TJUE, VISITEM + DE 100 CENTRES"},"content":{"rendered":"<p><a href=\"https:\/\/diba.ccoo.cat\/\"><img loading=\"lazy\" decoding=\"async\" class=\"wp-image-5909 aligncenter\" src=\"http:\/\/ccoo.app\/diputacio-de-barcelona\/wp-content\/blogs.dir\/6\/files\/sites\/186\/2020\/05\/nota-1-300x86.png\" alt=\"\" width=\"92\" height=\"27\" srcset=\"https:\/\/ccoo.app\/diputacio-de-barcelona\/wp-content\/blogs.dir\/6\/files\/sites\/186\/2020\/05\/nota-1-300x86.png 300w, https:\/\/ccoo.app\/diputacio-de-barcelona\/wp-content\/blogs.dir\/6\/files\/sites\/186\/2020\/05\/nota-1.png 339w\" sizes=\"auto, (max-width: 92px) 100vw, 92px\" \/><\/a><\/p>\n<p class=\"wp-caption-text\"><a href=\"https:\/\/diba.ccoo.cat\/\"><img loading=\"lazy\" decoding=\"async\" class=\"wp-image-1853 aligncenter\" src=\"http:\/\/ccoo.app\/diputacio-de-barcelona\/wp-content\/blogs.dir\/6\/files\/sites\/186\/2018\/01\/logoccoov18.jpg\" alt=\"\" width=\"240\" height=\"110\"><\/a><\/p>\n<p><img loading=\"lazy\" decoding=\"async\" class=\"wp-image-5910 aligncenter\" src=\"http:\/\/ccoo.app\/diputacio-de-barcelona\/wp-content\/blogs.dir\/6\/files\/sites\/186\/2020\/05\/nota-3-300x83.png\" alt=\"\" width=\"90\" height=\"25\" srcset=\"https:\/\/ccoo.app\/diputacio-de-barcelona\/wp-content\/blogs.dir\/6\/files\/sites\/186\/2020\/05\/nota-3-300x83.png 300w, https:\/\/ccoo.app\/diputacio-de-barcelona\/wp-content\/blogs.dir\/6\/files\/sites\/186\/2020\/05\/nota-3.png 337w\" sizes=\"auto, (max-width: 90px) 100vw, 90px\" \/><\/p>\n<p style=\"text-align: center\"><span style=\"font-family: 'arial black', sans-serif;color: #0000ff;font-size: 24px\">NOTA INFORMATIVA<\/span><\/p>\n<p style=\"text-align: center\"><strong>SITUACI\u00d3 PAND\u00c8MIA, ACORD TELETREBALL, APARCAMENTS, CSS, SENT\u00c8NCIA INTERINS TJUE I VISITEM + DE 10 CENTRES DE TREBALL<\/strong><\/p>\n<p style=\"text-align: center\"><span style=\"font-family: arial, helvetica, sans-serif;font-size: 14px;color: #000000\">-14 d&#8217;octubre de 2020-<\/span><\/p>\n<p style=\"text-align: left\"><span style=\"color: #000000\"><strong>LIMITAR AL M\u00c0XIM LA MOBILITAT I INTERACCI\u00d3 SOCIAL <\/strong>D\u2019acord amb l\u2019elevada taxa de contagis, la corporaci\u00f3 ens ha informat que deixa sense efecte temporalment la possibilitat d\u2019eventuals incorporacions volunt\u00e0ries per a treballar presencialment (cliqueu <span style=\"color: #0000ff\"><strong>aqu\u00ed<\/strong><\/span>).<\/span><\/p>\n<p style=\"text-align: left\"><span style=\"color: #000000\">El secretari de Salut P\u00fablica de la Generalitat,<strong>&nbsp;Josep Maria Argimon<\/strong>, ha anunciat que <strong>en els propers dies s&#8217;hauran d&#8217;aplicar<\/strong>&nbsp;<strong>m\u00e9s mesures<\/strong>&nbsp;per frenar la Covid-19.<\/span><\/p>\n<p style=\"text-align: left\"><span style=\"color: #000000\">Tenint en compte aix\u00f2, CCOO-Diba ens hem dirigit a la Diputaci\u00f3 demanant que <strong>es redueixi l\u2019atenci\u00f3 presencial a les oficines de l\u2019ORGT<\/strong>, que es <strong>paralitzi l\u2019ampliaci\u00f3 hor\u00e0ria a les biblioteques<\/strong> i, en termes generals, per a tots els <strong>llocs de treball presencials<\/strong>, s\u2019imposi la <strong>divisi\u00f3 dels equips<\/strong> de treball en 2 torns setmanals (dilluns-dimecres-divendres i dimarts-dijous alterns), <strong>flexibilitzaci\u00f3 dels horaris<\/strong> d\u2019entrada i sortida i la <strong>pres\u00e8ncia m\u00ednima exigida<\/strong> de 4,5 hores (m\u00e0xima de 7,5 per a determinades jornades). Mesures contemplades en el nostre Protocol acordat amb els sindicats i ratificat pel Ple (cliqueu <strong><span style=\"color: #0000ff\"><a style=\"color: #0000ff\" href=\"https:\/\/diba.ccoo.cat\/wp-content\/uploads\/sites\/37\/2020\/05\/5.-MESURES-FLEXIBILITAT-COMPACTACI%C3%93-I-JORNADA-DESTIU.pdf\">aqu\u00ed<\/a><\/span><\/strong>)<\/span><\/p>\n<p style=\"text-align: left\"><img loading=\"lazy\" decoding=\"async\" class=\"wp-image-5478 aligncenter\" src=\"http:\/\/ccoo.app\/diputacio-de-barcelona\/wp-content\/blogs.dir\/6\/files\/sites\/186\/2020\/04\/teletreball-saludable-300x200.jpg\" alt=\"\" width=\"218\" height=\"145\" srcset=\"https:\/\/ccoo.app\/diputacio-de-barcelona\/wp-content\/blogs.dir\/6\/files\/sites\/186\/2020\/04\/teletreball-saludable-300x200.jpg 300w, https:\/\/ccoo.app\/diputacio-de-barcelona\/wp-content\/blogs.dir\/6\/files\/sites\/186\/2020\/04\/teletreball-saludable.jpg 350w\" sizes=\"auto, (max-width: 218px) 100vw, 218px\" \/><\/p>\n<p style=\"text-align: left\"><span style=\"color: #000000\"><strong>&nbsp;<\/strong><\/span><span style=\"color: #000000\"><strong>ACORD DE LA MESA GENERAL DE LES ADMINISTRACIONS P\u00daBLIQUES EN RELACI\u00d3 AMB EL TELETREBALL<\/strong><\/span><\/p>\n<p style=\"text-align: left\"><span style=\"color: #000000\">Queda recollit al text de l\u2019acord (cliqueu <strong><span style=\"color: #0000ff\"><a style=\"color: #0000ff\" href=\"https:\/\/www.ccoo.cat\/pdf_documents\/2020\/acord_teletreball_administracions_publiques.pdf\">aqu\u00ed<\/a><\/span><\/strong>) que la regulaci\u00f3 d\u2019aquesta modalitat haur\u00e0 de ser fruit d\u2019una negociaci\u00f3 col\u00b7lectiva espec\u00edfica. Responent a les peticions fetes, la Diputaci\u00f3 ens ha informat que junt amb un grup d\u2019experts est\u00e0 treballant el tema i que en breu convocar\u00e0 als sindicats.&nbsp;<\/span><\/p>\n<p style=\"text-align: left\"><span style=\"color: #000000\">CCOO considerarem un gran \u00e8xit sindical que s\u2019expliciti en la negociaci\u00f3, que, amb car\u00e0cter b\u00e0sic,&nbsp;<strong>els mitjans tecnol\u00f2gics i el seu manteniment hauran d\u2019anar a c\u00e0rrec de l\u2019Administraci\u00f3.<\/strong><\/span><\/p>\n<p style=\"text-align: left\"><span style=\"color: #000000\">A m\u00e9s, l\u2019acord signat inclou punts fonamentals per a nosaltres:<\/span><\/p>\n<ul style=\"text-align: left\">\n<li><span style=\"color: #000000\">Garanties en mat\u00e8ria de&nbsp;<strong>salut laboral<\/strong>, <strong>protecci\u00f3 de dades<\/strong> i dret a la <strong>desconnexi\u00f3 digital<\/strong>.<\/span><\/li>\n<li><strong style=\"color: #000000;font-size: inherit\">Voluntarietat <\/strong><span style=\"color: #000000;font-size: inherit\">i la&nbsp;<\/span><strong style=\"color: #000000;font-size: inherit\">reversibilitat<\/strong><span style=\"color: #000000;font-size: inherit\">&nbsp;d\u2019aquesta modalitat de treball,&nbsp;<\/span><strong style=\"color: #000000;font-size: inherit\">criteris objectius en l\u2019acc\u00e9s<\/strong><span style=\"color: #000000;font-size: inherit\">&nbsp;i la necessitat de salvaguardar la&nbsp;<\/span><strong style=\"color: #000000;font-size: inherit\">igualtat entre homes i dones.<\/strong><\/li>\n<li><strong style=\"color: #000000;font-size: inherit\">No <\/strong><span style=\"color: #000000;font-size: inherit\">podr\u00e0 implicar, en cap cas, una&nbsp;<\/span><strong style=\"color: #000000;font-size: inherit\">p\u00e8rdua de drets<\/strong><span style=\"color: #000000;font-size: inherit\">&nbsp;(individuals o col\u00b7lectius), una&nbsp;<\/span><strong style=\"color: #000000;font-size: inherit\">reducci\u00f3 en l\u2019ocupaci\u00f3<\/strong><span style=\"color: #000000;font-size: inherit\">&nbsp;o donar lloc a <\/span><strong style=\"color: #000000;font-size: inherit\">privatitzacions<\/strong><span style=\"color: #000000;font-size: inherit\"> o <\/span><strong style=\"color: #000000;font-size: inherit\">externalitzacions<\/strong><span style=\"color: #000000;font-size: inherit\">.<\/span><\/li>\n<\/ul>\n<p style=\"text-align: left\"><span style=\"color: #000000\">M\u00e9s informaci\u00f3:<\/span><\/p>\n<ul>\n<li style=\"text-align: left\"><span style=\"color: #000000\">RD 29\/2020 (cliqueu <span style=\"color: #0000ff\"><a style=\"color: #0000ff\" href=\"https:\/\/www.ccoo.cat\/pdf_documents\/2020\/boe_29_2020_teletreball_administracio_publica.pdf\"><strong>aqu\u00ed<\/strong><\/a><\/span>)<\/span><\/li>\n<li><span style=\"color: #000000\"><a style=\"color: #000000\" href=\"https:\/\/www.ccoo.cat\/noticia\/232899\/que-has-de-saber-sobre-la-nova-llei-del-teletreball#faqs\">Preguntes freq\u00fcents sobre el teletreball&nbsp;(cliqueu <strong><span style=\"color: #0000ff\">aqu\u00ed<\/span><\/strong>)<\/a><\/span><\/li>\n<\/ul>\n<p><img loading=\"lazy\" decoding=\"async\" class=\"wp-image-6497 aligncenter\" src=\"http:\/\/ccoo.app\/diputacio-de-barcelona\/wp-content\/blogs.dir\/6\/files\/sites\/186\/2020\/07\/jess-i-pedro-300x225.jpg\" alt=\"\" width=\"191\" height=\"143\" srcset=\"https:\/\/ccoo.app\/diputacio-de-barcelona\/wp-content\/blogs.dir\/6\/files\/sites\/186\/2020\/07\/jess-i-pedro-300x225.jpg 300w, https:\/\/ccoo.app\/diputacio-de-barcelona\/wp-content\/blogs.dir\/6\/files\/sites\/186\/2020\/07\/jess-i-pedro-1024x768.jpg 1024w, https:\/\/ccoo.app\/diputacio-de-barcelona\/wp-content\/blogs.dir\/6\/files\/sites\/186\/2020\/07\/jess-i-pedro-768x576.jpg 768w, https:\/\/ccoo.app\/diputacio-de-barcelona\/wp-content\/blogs.dir\/6\/files\/sites\/186\/2020\/07\/jess-i-pedro-1536x1152.jpg 1536w, https:\/\/ccoo.app\/diputacio-de-barcelona\/wp-content\/blogs.dir\/6\/files\/sites\/186\/2020\/07\/jess-i-pedro.jpg 2048w\" sizes=\"auto, (max-width: 191px) 100vw, 191px\" \/><\/p>\n<p style=\"text-align: left\"><span style=\"color: #000000\"><strong>RESUM DE LA REUNI\u00d3 DEL COMIT\u00c8 DE SEGURETAT I SALUT DEL DIA 9.10.2020 <\/strong>Com cada setmana, ja el podeu trobar a la nostra p\u00e0gina web (cliqueu <a href=\"https:\/\/diba.ccoo.cat\/9-10-2020-css-diba\/\"><strong><span style=\"color: #0000ff\">aqu\u00ed<\/span><\/strong><\/a>).<\/span><\/p>\n<ul style=\"text-align: left\">\n<li><span style=\"color: #000000\"><strong>Reiterem petici\u00f3: volem que es compensin les despeses pels despla\u00e7aments del personal que treballa fora de Barcelona&nbsp;<\/strong>per a gestions relacionades amb la salut del personal.<\/span><\/li>\n<li><span style=\"color: #000000\"><strong>Establiment de torns de treball<\/strong><strong>. <\/strong>Insistim que l\u2019organitzaci\u00f3 del treball presencial hauria de passar per la divisi\u00f3 dels equips de treball en dos torns de tal manera que es puguin establir quadrants de treball en qu\u00e8 ambd\u00f3s grups no coincideixin. Aquesta \u00e9s l\u2019\u00fanica manera d\u2019evitar que davant un cas positiu per la COVID-19,&nbsp;<strong>TOT l\u2019equip es vegi afectat.<\/strong><\/span><\/li>\n<li><span style=\"color: #000000\"><strong>D<\/strong><strong>avant la Covid-19: ning\u00fa es pot relaxar.<\/strong> Lluitar contra la pand\u00e8mia \u00e9s un treball que ens concerneix a tots i totes: a la Diputaci\u00f3 com a organitzaci\u00f3 per\u00f2 tamb\u00e9 a nivell individual.<\/span><\/li>\n<li><span style=\"color: #000000\">M\u00e9s temes: XBM, Carteria, ORGT, personal vulnerable, etc.<\/span><\/li>\n<\/ul>\n<p style=\"text-align: left\"><img loading=\"lazy\" decoding=\"async\" class=\"wp-image-4564 aligncenter\" src=\"http:\/\/ccoo.app\/diputacio-de-barcelona\/wp-content\/blogs.dir\/6\/files\/sites\/186\/2019\/09\/bici-300x258.jpg\" alt=\"\" width=\"141\" height=\"121\" srcset=\"https:\/\/ccoo.app\/diputacio-de-barcelona\/wp-content\/blogs.dir\/6\/files\/sites\/186\/2019\/09\/bici-300x258.jpg 300w, https:\/\/ccoo.app\/diputacio-de-barcelona\/wp-content\/blogs.dir\/6\/files\/sites\/186\/2019\/09\/bici.jpg 736w\" sizes=\"auto, (max-width: 141px) 100vw, 141px\" \/><\/p>\n<p style=\"text-align: left\"><span style=\"color: #000000\"><strong>DESPLA\u00c7AMENTS EN VEHICLE PRIVAT<\/strong>&nbsp;El&nbsp;<em>manual d\u2019incorporaci\u00f3 a llocs de treball presencial<\/em>&nbsp;de la Diputaci\u00f3 indica en el punt V de la p\u00e0gina 5 :&nbsp;<em>\u201cEl risc de contagi pel virus SARS-CoV-2 \u00e9s present en el dia a dia; per tant, \u00e9s tamb\u00e9 necessari que extremeu les mesures d\u2019higiene i distanciament social, tamb\u00e9 durant els&nbsp;<strong>despla\u00e7aments<\/strong>. Preferentment, feu el despla\u00e7ament&nbsp;<strong>caminant<\/strong>&nbsp;o en&nbsp;<strong>vehicle privat<\/strong>&nbsp;(cotxe, moto, bicicleta o patinet). &nbsp;<\/em><\/span><\/p>\n<p style=\"text-align: left\"><span style=\"color: #000000\">CCOO portem mesos exigint solucions a les demandes que ens envia el personal relacionades amb els seus despla\u00e7aments. Alguns empleats demanen poder utilitzar els p\u00e0rquings que actualment s\u00f3n d\u2019acc\u00e9s restringit. D\u2019altres demanen poder disposar d\u2019espais segurs per a deixar les seves bicis o patinets.<\/span><\/p>\n<p style=\"text-align: left\"><span style=\"color: #000000\">Davant la nostra insist\u00e8ncia, finalment&nbsp;<strong>la corporaci\u00f3 convocar\u00e0 als sindicats a una reuni\u00f3 monogr\u00e0fica amb l\u2019objectiu de tractar el tema<\/strong>&nbsp;amb els m\u00e0xims responsables en la mat\u00e8ria de la Diputaci\u00f3.<\/span><\/p>\n<p style=\"text-align: left\"><img loading=\"lazy\" decoding=\"async\" class=\"wp-image-6818 aligncenter\" src=\"http:\/\/ccoo.app\/diputacio-de-barcelona\/wp-content\/blogs.dir\/6\/files\/sites\/186\/2020\/10\/jornada-fsc-interins-2-300x282.png\" alt=\"\" width=\"195\" height=\"183\" srcset=\"https:\/\/ccoo.app\/diputacio-de-barcelona\/wp-content\/blogs.dir\/6\/files\/sites\/186\/2020\/10\/jornada-fsc-interins-2-300x282.png 300w, https:\/\/ccoo.app\/diputacio-de-barcelona\/wp-content\/blogs.dir\/6\/files\/sites\/186\/2020\/10\/jornada-fsc-interins-2.png 715w\" sizes=\"auto, (max-width: 195px) 100vw, 195px\" \/><\/p>\n<p style=\"text-align: left\"><span style=\"color: #000000\"><strong>AN\u00c0LISI DE LA SENT\u00c8NCIA DEL TJUE SOBRE EL FRAU A LA CONTRACTACI\u00d3 A L\u2019ADMINISTRACI\u00d3 P\u00daBLICA<\/strong> Fes clic <a href=\"https:\/\/diba.ccoo.cat\/jornada-ccoo-analisi-sentencia-tjue-2\/\"><strong><span style=\"color: #0000ff\">aqu\u00ed<\/span><\/strong><\/a> per veure al canal YouTube la jornada organitzada pel Sector de l\u2019Administraci\u00f3 Local de la Federaci\u00f3 de Serveis a la Ciutadania de CCOO Catalunya.<\/span><\/p>\n<p style=\"text-align: left\"><img loading=\"lazy\" decoding=\"async\" class=\"wp-image-6893 aligncenter\" src=\"http:\/\/ccoo.app\/diputacio-de-barcelona\/wp-content\/blogs.dir\/6\/files\/sites\/186\/2020\/10\/biblioteca-foto-300x198.png\" alt=\"\" width=\"200\" height=\"132\" srcset=\"https:\/\/ccoo.app\/diputacio-de-barcelona\/wp-content\/blogs.dir\/6\/files\/sites\/186\/2020\/10\/biblioteca-foto-300x198.png 300w, https:\/\/ccoo.app\/diputacio-de-barcelona\/wp-content\/blogs.dir\/6\/files\/sites\/186\/2020\/10\/biblioteca-foto.png 530w\" sizes=\"auto, (max-width: 200px) 100vw, 200px\" \/><\/p>\n<p style=\"text-align: left\"><span style=\"color: #000000\"><strong>CCOO-DIBA VISITEM M\u00c9S DE 100 CENTRES DE TREBALL<\/strong> des del mes de juny fins ara (cliqueu<a href=\"https:\/\/diba.ccoo.cat\/ccoo-visitem-mes-de-100-centres\/\"><strong><span style=\"color: #0000ff\"> aqu\u00ed<\/span><\/strong><\/a>) L\u2019objectiu dels delegats i delegades, en primer lloc, \u00e9s revisar l\u2019acompliment de les mesures COVID, per\u00f2 tamb\u00e9 les condicions generals de les instal\u00b7lacions.<\/span><\/p>\n<p style=\"text-align: left\"><span style=\"color: #000000\">Fa unes setmanes que hem comen\u00e7at tamb\u00e9 a fer visites a biblioteques: Vilafranca, Castelldefels, Cornell\u00e0, Vic, L\u2019Hospitalet, Canet de Mar, Matar\u00f3, entre d\u2019altres. &nbsp;<\/span><\/p>\n<p style=\"text-align: left\"><span style=\"color: #000000\">Recorda que pots fer el seguiment dia a dia de les nostres accions sindicals a&nbsp;<strong><span style=\"color: #0000ff\"><a style=\"color: #0000ff\" href=\"https:\/\/www.instagram.com\/ccoo_diba\/?hl=es\">INSTAGRAM<\/a>&nbsp;<\/span><\/strong>o&nbsp;<span style=\"color: #0000ff\"><strong><a style=\"color: #0000ff\" href=\"https:\/\/twitter.com\/CCOODiba\">TWITTER<\/a><\/strong><\/span>.<\/span><\/p>\n<p style=\"text-align: left\"><img loading=\"lazy\" decoding=\"async\" class=\"wp-image-5912 aligncenter\" src=\"http:\/\/ccoo.app\/diputacio-de-barcelona\/wp-content\/blogs.dir\/6\/files\/sites\/186\/2020\/05\/nota-2-300x86.png\" alt=\"\" width=\"98\" height=\"28\" srcset=\"https:\/\/ccoo.app\/diputacio-de-barcelona\/wp-content\/blogs.dir\/6\/files\/sites\/186\/2020\/05\/nota-2-300x86.png 300w, https:\/\/ccoo.app\/diputacio-de-barcelona\/wp-content\/blogs.dir\/6\/files\/sites\/186\/2020\/05\/nota-2.png 337w\" sizes=\"auto, (max-width: 98px) 100vw, 98px\" \/><\/p>\n<p style=\"text-align: center\"><img loading=\"lazy\" decoding=\"async\" class=\"wp-image-5184 aligncenter\" src=\"http:\/\/ccoo.app\/diputacio-de-barcelona\/wp-content\/blogs.dir\/6\/files\/sites\/186\/2020\/03\/i-de-info-300x300.jpg\" alt=\"\" width=\"72\" height=\"72\" srcset=\"https:\/\/ccoo.app\/diputacio-de-barcelona\/wp-content\/blogs.dir\/6\/files\/sites\/186\/2020\/03\/i-de-info-300x300.jpg 300w, https:\/\/ccoo.app\/diputacio-de-barcelona\/wp-content\/blogs.dir\/6\/files\/sites\/186\/2020\/03\/i-de-info-150x150.jpg 150w, https:\/\/ccoo.app\/diputacio-de-barcelona\/wp-content\/blogs.dir\/6\/files\/sites\/186\/2020\/03\/i-de-info.jpg 626w\" sizes=\"auto, (max-width: 72px) 100vw, 72px\" \/><span style=\"font-family: 'arial black', sans-serif;font-size: 20px;color: #ffff00;background-color: #ff0000\">TOTA LA INFORMACI\u00d3 SINDICAL QUE NECESSITES<\/span><\/p>\n<p><img loading=\"lazy\" decoding=\"async\" class=\"wp-image-5913 aligncenter\" src=\"http:\/\/ccoo.app\/diputacio-de-barcelona\/wp-content\/blogs.dir\/6\/files\/sites\/186\/2020\/05\/telefono-300x300.jpg\" alt=\"\" width=\"59\" height=\"59\" srcset=\"https:\/\/ccoo.app\/diputacio-de-barcelona\/wp-content\/blogs.dir\/6\/files\/sites\/186\/2020\/05\/telefono-300x300.jpg 300w, https:\/\/ccoo.app\/diputacio-de-barcelona\/wp-content\/blogs.dir\/6\/files\/sites\/186\/2020\/05\/telefono-150x150.jpg 150w, https:\/\/ccoo.app\/diputacio-de-barcelona\/wp-content\/blogs.dir\/6\/files\/sites\/186\/2020\/05\/telefono.jpg 600w\" sizes=\"auto, (max-width: 59px) 100vw, 59px\" \/><\/p>\n<p style=\"text-align: center\"><span style=\"font-family: 'arial black', sans-serif;color: #000000\">DE DILLUNS A DIVENDRES<\/span><\/p>\n<p style=\"text-align: center\"><span style=\"font-family: 'arial black', sans-serif;color: #000000;background-color: #ffff00\">DE 10:00 A 14:30 i DE 17:00 A 19:00&nbsp;<\/span><\/p>\n<p style=\"text-align: center\"><span style=\"font-family: 'arial black', sans-serif;color: #ff0000\">93.402.29.85 \u2013 22985 \u2013 667 90 69 64<\/span><\/p>\n<p><img loading=\"lazy\" decoding=\"async\" class=\"wp-image-5553 aligncenter\" src=\"http:\/\/ccoo.app\/diputacio-de-barcelona\/wp-content\/blogs.dir\/6\/files\/sites\/186\/2020\/04\/mail-foto-300x200.jpg\" alt=\"\" width=\"59\" height=\"39\" srcset=\"https:\/\/ccoo.app\/diputacio-de-barcelona\/wp-content\/blogs.dir\/6\/files\/sites\/186\/2020\/04\/mail-foto-300x200.jpg 300w, https:\/\/ccoo.app\/diputacio-de-barcelona\/wp-content\/blogs.dir\/6\/files\/sites\/186\/2020\/04\/mail-foto-1024x683.jpg 1024w, https:\/\/ccoo.app\/diputacio-de-barcelona\/wp-content\/blogs.dir\/6\/files\/sites\/186\/2020\/04\/mail-foto-768x512.jpg 768w, https:\/\/ccoo.app\/diputacio-de-barcelona\/wp-content\/blogs.dir\/6\/files\/sites\/186\/2020\/04\/mail-foto.jpg 1200w\" sizes=\"auto, (max-width: 59px) 100vw, 59px\" \/><\/p>\n<p style=\"text-align: center\"><span style=\"font-family: arial, helvetica, sans-serif;color: #000000\">La&nbsp;SECCI\u00d3 SINDICAL DE CCOO donem resposta a tots els teus dubtes o t&#8217;ajudem solucionar els problemes que puguis tenir.<strong> T&#8217;ajudem a defensar els teus drets!<\/strong><\/span><\/p>\n<p style=\"text-align: center\"><span style=\"font-family: 'arial black', sans-serif;color: #0000ff\"><a style=\"color: #0000ff\" href=\"mailto:ccoo@diba.cat\"><strong>ccoo@diba.cat<\/strong><\/a><\/span><\/p>\n<p style=\"text-align: center\"><span style=\"font-family: 'arial black', sans-serif;color: #0000ff\"><a style=\"color: #0000ff\" href=\"mailto:orgt.ssccoo@diba.cat\">orgt.ssccoo@diba.cat<\/a><\/span><\/p>\n<p><img loading=\"lazy\" decoding=\"async\" class=\"wp-image-5554 aligncenter\" src=\"http:\/\/ccoo.app\/diputacio-de-barcelona\/wp-content\/blogs.dir\/6\/files\/sites\/186\/2020\/04\/mail-foto-enviar-300x212.jpg\" alt=\"\" width=\"67\" height=\"47\" srcset=\"https:\/\/ccoo.app\/diputacio-de-barcelona\/wp-content\/blogs.dir\/6\/files\/sites\/186\/2020\/04\/mail-foto-enviar-300x212.jpg 300w, https:\/\/ccoo.app\/diputacio-de-barcelona\/wp-content\/blogs.dir\/6\/files\/sites\/186\/2020\/04\/mail-foto-enviar-1024x724.jpg 1024w, https:\/\/ccoo.app\/diputacio-de-barcelona\/wp-content\/blogs.dir\/6\/files\/sites\/186\/2020\/04\/mail-foto-enviar-768x543.jpg 768w, https:\/\/ccoo.app\/diputacio-de-barcelona\/wp-content\/blogs.dir\/6\/files\/sites\/186\/2020\/04\/mail-foto-enviar.jpg 1200w\" sizes=\"auto, (max-width: 67px) 100vw, 67px\" \/><\/p>\n<p style=\"text-align: center\"><span style=\"font-family: arial, helvetica, sans-serif;color: #000000\">Encara no t&#8217;has descarregat la nostra <a href=\"http:\/\/www.ccoo.cat\/carnet\/index.aspx?qr=1#descarrega\"><span style=\"font-family: 'arial black', sans-serif;color: #0000ff\">APP<\/span><\/a> CCOO-Diba d&#8217;informaci\u00f3 sindical?<\/span><\/p>\n<p style=\"text-align: center\"><span style=\"font-family: arial, helvetica, sans-serif;color: #000000\">Fes clic <a href=\"http:\/\/www.ccoo.cat\/carnet\/index.aspx?qr=1#descarrega\"><span style=\"font-family: 'arial black', sans-serif;color: #0000ff\">aqu\u00ed<\/span><\/a> per tenir la informaci\u00f3 abans que ning\u00fa!<\/span><\/p>\n<p><img loading=\"lazy\" decoding=\"async\" class=\"wp-image-5915 aligncenter\" src=\"http:\/\/ccoo.app\/diputacio-de-barcelona\/wp-content\/blogs.dir\/6\/files\/sites\/186\/2020\/05\/xarxes-socials-300x169.png\" alt=\"\" width=\"227\" height=\"128\" srcset=\"https:\/\/ccoo.app\/diputacio-de-barcelona\/wp-content\/blogs.dir\/6\/files\/sites\/186\/2020\/05\/xarxes-socials-300x169.png 300w, https:\/\/ccoo.app\/diputacio-de-barcelona\/wp-content\/blogs.dir\/6\/files\/sites\/186\/2020\/05\/xarxes-socials-1024x576.png 1024w, https:\/\/ccoo.app\/diputacio-de-barcelona\/wp-content\/blogs.dir\/6\/files\/sites\/186\/2020\/05\/xarxes-socials-768x432.png 768w, https:\/\/ccoo.app\/diputacio-de-barcelona\/wp-content\/blogs.dir\/6\/files\/sites\/186\/2020\/05\/xarxes-socials.png 1200w\" sizes=\"auto, (max-width: 227px) 100vw, 227px\" \/><\/p>\n<p style=\"text-align: center\"><span style=\"font-family: arial, helvetica, sans-serif;color: #000000\">Tamb\u00e9 trobar\u00e0s CCOO-Diba a les xarxes socials. Clica sobre la icona de la teva xarxa favorita:<\/span><\/p>\n<p><a href=\"https:\/\/twitter.com\/CCOODiba\"><img loading=\"lazy\" decoding=\"async\" class=\" wp-image-5728 aligncenter\" src=\"http:\/\/ccoo.app\/diputacio-de-barcelona\/wp-content\/blogs.dir\/6\/files\/sites\/186\/2020\/04\/twitter-300x300.png\" alt=\"\" width=\"89\" height=\"89\" srcset=\"https:\/\/ccoo.app\/diputacio-de-barcelona\/wp-content\/blogs.dir\/6\/files\/sites\/186\/2020\/04\/twitter-300x300.png 300w, https:\/\/ccoo.app\/diputacio-de-barcelona\/wp-content\/blogs.dir\/6\/files\/sites\/186\/2020\/04\/twitter-150x150.png 150w, https:\/\/ccoo.app\/diputacio-de-barcelona\/wp-content\/blogs.dir\/6\/files\/sites\/186\/2020\/04\/twitter.png 512w\" sizes=\"auto, (max-width: 89px) 100vw, 89px\" \/><\/a><\/p>\n<p><a href=\"https:\/\/www.instagram.com\/ccoo_diba\/?hl=es\"><img loading=\"lazy\" decoding=\"async\" class=\"wp-image-5730 aligncenter\" src=\"http:\/\/ccoo.app\/diputacio-de-barcelona\/wp-content\/blogs.dir\/6\/files\/sites\/186\/2020\/04\/instragram-300x300.png\" alt=\"\" width=\"91\" height=\"91\" srcset=\"https:\/\/ccoo.app\/diputacio-de-barcelona\/wp-content\/blogs.dir\/6\/files\/sites\/186\/2020\/04\/instragram-300x300.png 300w, https:\/\/ccoo.app\/diputacio-de-barcelona\/wp-content\/blogs.dir\/6\/files\/sites\/186\/2020\/04\/instragram-150x150.png 150w, https:\/\/ccoo.app\/diputacio-de-barcelona\/wp-content\/blogs.dir\/6\/files\/sites\/186\/2020\/04\/instragram.png 512w\" sizes=\"auto, (max-width: 91px) 100vw, 91px\" \/><\/a><\/p>\n<p><a href=\"https:\/\/www.facebook.com\/CcooDiputacioDeBarcelona\/\"><img loading=\"lazy\" decoding=\"async\" class=\"wp-image-5729 aligncenter\" src=\"http:\/\/ccoo.app\/diputacio-de-barcelona\/wp-content\/blogs.dir\/6\/files\/sites\/186\/2020\/04\/facebook-300x300.png\" alt=\"\" width=\"90\" height=\"90\" srcset=\"https:\/\/ccoo.app\/diputacio-de-barcelona\/wp-content\/blogs.dir\/6\/files\/sites\/186\/2020\/04\/facebook-300x300.png 300w, https:\/\/ccoo.app\/diputacio-de-barcelona\/wp-content\/blogs.dir\/6\/files\/sites\/186\/2020\/04\/facebook-150x150.png 150w, https:\/\/ccoo.app\/diputacio-de-barcelona\/wp-content\/blogs.dir\/6\/files\/sites\/186\/2020\/04\/facebook.png 325w\" sizes=\"auto, (max-width: 90px) 100vw, 90px\" \/><\/a><a href=\"https:\/\/www.youtube.com\/channel\/UCFzenkS75udEcs4pB4qoZsg\"><img loading=\"lazy\" decoding=\"async\" class=\" wp-image-5916 aligncenter\" src=\"http:\/\/ccoo.app\/diputacio-de-barcelona\/wp-content\/blogs.dir\/6\/files\/sites\/186\/2020\/05\/youtube-300x115.jpg\" alt=\"\" width=\"122\" height=\"47\" srcset=\"https:\/\/ccoo.app\/diputacio-de-barcelona\/wp-content\/blogs.dir\/6\/files\/sites\/186\/2020\/05\/youtube-300x115.jpg 300w, https:\/\/ccoo.app\/diputacio-de-barcelona\/wp-content\/blogs.dir\/6\/files\/sites\/186\/2020\/05\/youtube-1024x391.jpg 1024w, https:\/\/ccoo.app\/diputacio-de-barcelona\/wp-content\/blogs.dir\/6\/files\/sites\/186\/2020\/05\/youtube-768x293.jpg 768w, https:\/\/ccoo.app\/diputacio-de-barcelona\/wp-content\/blogs.dir\/6\/files\/sites\/186\/2020\/05\/youtube.jpg 1200w\" sizes=\"auto, (max-width: 122px) 100vw, 122px\" \/><\/a><\/p>\n<p><iframe loading=\"lazy\" title=\"Hauran de comptar amb nosaltres. Salut, treball i just\u00edcia social || 1r de maig del 2020.\" width=\"1200\" height=\"675\" src=\"https:\/\/www.youtube.com\/embed\/uS104R3aSJs?feature=oembed\" frameborder=\"0\" allow=\"accelerometer; autoplay; clipboard-write; encrypted-media; gyroscope; picture-in-picture; web-share\" allowfullscreen><\/iframe><\/p>\n<p><a href=\"https:\/\/diba.ccoo.cat\/plantilla-1-6-2\/\"><img loading=\"lazy\" decoding=\"async\" class=\"size-medium wp-image-6853 aligncenter\" src=\"http:\/\/ccoo.app\/diputacio-de-barcelona\/wp-content\/blogs.dir\/6\/files\/sites\/186\/2020\/10\/ccoo-primer-sindicat-cliqueu-300x110.png\" alt=\"\" width=\"300\" height=\"110\" srcset=\"https:\/\/ccoo.app\/diputacio-de-barcelona\/wp-content\/blogs.dir\/6\/files\/sites\/186\/2020\/10\/ccoo-primer-sindicat-cliqueu-300x110.png 300w, https:\/\/ccoo.app\/diputacio-de-barcelona\/wp-content\/blogs.dir\/6\/files\/sites\/186\/2020\/10\/ccoo-primer-sindicat-cliqueu.png 448w\" sizes=\"auto, (max-width: 300px) 100vw, 300px\" \/><\/a><\/p>\n<p><a href=\"https:\/\/www.ccoo.cat\/aspnet\/motius_afiliarte.aspx\"><img loading=\"lazy\" decoding=\"async\" class=\"size-medium wp-image-6841 aligncenter\" src=\"http:\/\/ccoo.app\/diputacio-de-barcelona\/wp-content\/blogs.dir\/6\/files\/sites\/186\/2020\/10\/afiliat-ccoo-300x199.png\" alt=\"\" width=\"300\" height=\"199\" srcset=\"https:\/\/ccoo.app\/diputacio-de-barcelona\/wp-content\/blogs.dir\/6\/files\/sites\/186\/2020\/10\/afiliat-ccoo-300x199.png 300w, https:\/\/ccoo.app\/diputacio-de-barcelona\/wp-content\/blogs.dir\/6\/files\/sites\/186\/2020\/10\/afiliat-ccoo.png 573w\" sizes=\"auto, (max-width: 300px) 100vw, 300px\" \/><\/a>    \t<\/p>\n","protected":false},"excerpt":{"rendered":"<p>NOTA INFORMATIVA SITUACI\u00d3 PAND\u00c8MIA, ACORD TELETREBALL, APARCAMENTS, CSS, SENT\u00c8NCIA INTERINS TJUE I VISITEM + DE 10 CENTRES DE TREBALL -14 d&#8217;octubre de 2020- LIMITAR AL M\u00c0XIM LA MOBILITAT I INTERACCI\u00d3 &#8230; <\/p>\n<p class=\"read-more-container\"><a title=\"132\/COVID-19. SITUACI\u00d3 PAND\u00c8MIA, ACORD TELETREBALL, APARCAMENTS, CSS, SENT\u00c8NCIA TJUE, VISITEM + DE 100 CENTRES\" class=\"read-more button\" href=\"https:\/\/ccoo.app\/diputacio-de-barcelona\/14-10-2020-comunicat-ccoo-diba\/#more-6892\" aria-label=\"Leer m\u00e1s sobre 132\/COVID-19. SITUACI\u00d3 PAND\u00c8MIA, ACORD TELETREBALL, APARCAMENTS, CSS, SENT\u00c8NCIA TJUE, VISITEM + DE 100 CENTRES\">Continuar llegint<\/a><\/p>\n","protected":false},"author":4519,"featured_media":2788,"comment_status":"open","ping_status":"open","sticky":false,"template":"","format":"standard","meta":{"footnotes":""},"categories":[38,19,31],"tags":[153,180,189,221],"class_list":["post-6892","post","type-post","status-publish","format-standard","has-post-thumbnail","hentry","category-a-tot-el-personal","category-comunicats","category-personal-interi-comunicats","tag-mobilitat","tag-personal-interi","tag-prevencio","tag-teletreball","generate-columns","tablet-grid-50","mobile-grid-100","grid-parent","grid-50"],"_links":{"self":[{"href":"https:\/\/ccoo.app\/diputacio-de-barcelona\/wp-json\/wp\/v2\/posts\/6892","targetHints":{"allow":["GET"]}}],"collection":[{"href":"https:\/\/ccoo.app\/diputacio-de-barcelona\/wp-json\/wp\/v2\/posts"}],"about":[{"href":"https:\/\/ccoo.app\/diputacio-de-barcelona\/wp-json\/wp\/v2\/types\/post"}],"author":[{"embeddable":true,"href":"https:\/\/ccoo.app\/diputacio-de-barcelona\/wp-json\/wp\/v2\/users\/4519"}],"replies":[{"embeddable":true,"href":"https:\/\/ccoo.app\/diputacio-de-barcelona\/wp-json\/wp\/v2\/comments?post=6892"}],"version-history":[{"count":1,"href":"https:\/\/ccoo.app\/diputacio-de-barcelona\/wp-json\/wp\/v2\/posts\/6892\/revisions"}],"predecessor-version":[{"id":50862,"href":"https:\/\/ccoo.app\/diputacio-de-barcelona\/wp-json\/wp\/v2\/posts\/6892\/revisions\/50862"}],"wp:featuredmedia":[{"embeddable":true,"href":"https:\/\/ccoo.app\/diputacio-de-barcelona\/wp-json\/wp\/v2\/media\/2788"}],"wp:attachment":[{"href":"https:\/\/ccoo.app\/diputacio-de-barcelona\/wp-json\/wp\/v2\/media?parent=6892"}],"wp:term":[{"taxonomy":"category","embeddable":true,"href":"https:\/\/ccoo.app\/diputacio-de-barcelona\/wp-json\/wp\/v2\/categories?post=6892"},{"taxonomy":"post_tag","embeddable":true,"href":"https:\/\/ccoo.app\/diputacio-de-barcelona\/wp-json\/wp\/v2\/tags?post=6892"}],"curies":[{"name":"wp","href":"https:\/\/api.w.org\/{rel}","templated":true}]}}