{"id":6879,"date":"2020-10-13T14:02:49","date_gmt":"2020-10-13T13:02:49","guid":{"rendered":"https:\/\/diba.ccoo.cat\/?p=6879"},"modified":"2023-02-22T18:34:03","modified_gmt":"2023-02-22T17:34:03","slug":"comunicat-xbm-retorn-a-lanormalitat-2","status":"publish","type":"post","link":"https:\/\/ccoo.app\/diputacio-de-barcelona\/comunicat-xbm-retorn-a-lanormalitat-2\/","title":{"rendered":"131\/COVID-19. COMUNICAT XBM: S&#8217;IMPOSA LA \u00abNORMALITAT\u00bb TOT I LA NOSTRA OPOSICI\u00d3"},"content":{"rendered":"<p><a href=\"https:\/\/diba.ccoo.cat\/\"><img loading=\"lazy\" decoding=\"async\" class=\"wp-image-5909 aligncenter\" src=\"http:\/\/ccoo.app\/diputacio-de-barcelona\/wp-content\/blogs.dir\/6\/files\/sites\/186\/2020\/05\/nota-1-300x86.png\" alt=\"\" width=\"92\" height=\"27\" srcset=\"https:\/\/ccoo.app\/diputacio-de-barcelona\/wp-content\/blogs.dir\/6\/files\/sites\/186\/2020\/05\/nota-1-300x86.png 300w, https:\/\/ccoo.app\/diputacio-de-barcelona\/wp-content\/blogs.dir\/6\/files\/sites\/186\/2020\/05\/nota-1.png 339w\" sizes=\"auto, (max-width: 92px) 100vw, 92px\" \/><\/a><\/p>\n<p class=\"wp-caption-text\"><a href=\"https:\/\/diba.ccoo.cat\/\"><img loading=\"lazy\" decoding=\"async\" class=\"wp-image-1853 aligncenter\" src=\"http:\/\/ccoo.app\/diputacio-de-barcelona\/wp-content\/blogs.dir\/6\/files\/sites\/186\/2018\/01\/logoccoov18.jpg\" alt=\"\" width=\"240\" height=\"110\" \/><\/a><\/p>\n<p><a href=\"http:\/\/ccoo.app\/diputacio-de-barcelona\/wp-content\/blogs.dir\/6\/files\/sites\/186\/2020\/10\/comunicat-xbm-13-10-2020-desat-automaticament.pdf\"><img loading=\"lazy\" decoding=\"async\" class=\"wp-image-5910 aligncenter\" src=\"http:\/\/ccoo.app\/diputacio-de-barcelona\/wp-content\/blogs.dir\/6\/files\/sites\/186\/2020\/05\/nota-3-300x83.png\" alt=\"\" width=\"90\" height=\"25\" srcset=\"https:\/\/ccoo.app\/diputacio-de-barcelona\/wp-content\/blogs.dir\/6\/files\/sites\/186\/2020\/05\/nota-3-300x83.png 300w, https:\/\/ccoo.app\/diputacio-de-barcelona\/wp-content\/blogs.dir\/6\/files\/sites\/186\/2020\/05\/nota-3.png 337w\" sizes=\"auto, (max-width: 90px) 100vw, 90px\" \/><\/a><\/p>\n<p style=\"text-align: center\"><span style=\"font-family: 'arial black', sans-serif;color: #0000ff;font-size: 24px\">COMUNICAT XBM: S&#8217;IMPOSA EL RETORN A LA \u00abNORMALITAT\u00bb<\/span><\/p>\n<p style=\"text-align: center\"><span style=\"color: #000000\"><strong>INCLOU INFORMACI\u00d3 SOBRE L&#8217;AJUT MENJAR I LES NOSTRES VISITES A LES BIBLIOTEQUES<\/strong><\/span><\/p>\n<p style=\"text-align: center\"><span style=\"font-family: arial, helvetica, sans-serif;font-size: 14px;color: #000000\">-13 d&#8217;octubre de 2020-<\/span><\/p>\n<p><span style=\"color: #000000\">En el comunicat anterior (cliqueu <span style=\"color: #0000ff\"><strong>aqu\u00ed<\/strong><\/span>), hav\u00edem sol\u00b7licitat la pres\u00e8ncia de la Ger\u00e8ncia a la reuni\u00f3 de seguiment de la setmana passada del <strong><em>Protocol\u00a0sobre criteris i mesures organitzatives, de prevenci\u00f3 i de protecci\u00f3 per a la represa de les activitats de la Diputaci\u00f3<\/em><\/strong><em><strong>\u00a0<\/strong><\/em><em>de Barcelona.<\/em><\/span><\/p>\n<p><span style=\"color: #000000\"><strong>RESPOSTA A LA PROPOSTA<\/strong> Com ja us vam dir, tenim clar que les biblioteques han de prestar servei. En termes generals, no ens oposem a l\u2019ampliaci\u00f3 dels horaris d\u2019obertura. Ara b\u00e9, el que no volem \u00e9s que aix\u00f2 es faci a costa d\u2019augmentar el risc de contagi del personal.<\/span><\/p>\n<p><span style=\"color: #000000\">En aquest sentit, vam demanar mantenir la jornada intensiva com una mesura que permet reduir el nombre de despla\u00e7aments i que el personal hagi de romandre fora de casa molt\u00edssimes hores, amb franges de mat\u00ed i tarda un mateix dia.<\/span><\/p>\n<p><span style=\"color: #000000\">La resposta ha estat que no. Ens han indicat que el retorn a la normalitat s\u2019ha treballat, amb altres administracions, i per la nostra part, deixem const\u00e0ncia que no s\u2019ha tingut en compte a la XBM, en aquesta nova fase ni en cap anterior, el posicionament sindical i el dret de representaci\u00f3 social, ni de Diputaci\u00f3 ni de cap de les administracions implicades.<\/span><\/p>\n<p><img loading=\"lazy\" decoding=\"async\" class=\"wp-image-6880 aligncenter\" src=\"http:\/\/ccoo.app\/diputacio-de-barcelona\/wp-content\/blogs.dir\/6\/files\/sites\/186\/2020\/10\/argimon-300x187.jpg\" alt=\"\" width=\"247\" height=\"154\" srcset=\"https:\/\/ccoo.app\/diputacio-de-barcelona\/wp-content\/blogs.dir\/6\/files\/sites\/186\/2020\/10\/argimon-300x187.jpg 300w, https:\/\/ccoo.app\/diputacio-de-barcelona\/wp-content\/blogs.dir\/6\/files\/sites\/186\/2020\/10\/argimon-1024x637.jpg 1024w, https:\/\/ccoo.app\/diputacio-de-barcelona\/wp-content\/blogs.dir\/6\/files\/sites\/186\/2020\/10\/argimon-768x478.jpg 768w, https:\/\/ccoo.app\/diputacio-de-barcelona\/wp-content\/blogs.dir\/6\/files\/sites\/186\/2020\/10\/argimon.jpg 1200w\" sizes=\"auto, (max-width: 247px) 100vw, 247px\" \/><\/p>\n<p><span style=\"color: #000000\">Ens inquieta molt aquesta voluntat que tot torni a la normalitat quan el mateix secretari de Salut P\u00fablica de la Generalitat,<strong>\u00a0Josep Maria Argimon<\/strong>, anuncia que en els propers dies s&#8217;hauran d&#8217;aplicar\u00a0<strong>m\u00e9s mesures<\/strong>\u00a0per frenar la Covid-19. Doncs a la XBM anem en sentit contrari!<\/span><\/p>\n<hr \/>\n<p><span style=\"color: #000000\"><strong>AJUT MENJAR<\/strong> El personal que treballi mat\u00ed i tarda, d\u2019acord amb la normativa t\u00e9 dret a l\u2019Ajut Menjador (cliqueu <strong><span style=\"color: #0000ff\"><a style=\"color: #0000ff\" href=\"https:\/\/intradiba2.diba.cat\/web\/prestacions-socials-i-avantatges\/ajuts-per-menjar\">aqu\u00ed<\/a> <\/span><\/strong>per veure normativa).<\/span><\/p>\n<p><span style=\"color: #000000\">CCOO hem aprofitat el tema i la pres\u00e8ncia de la Ger\u00e8ncia per a recordar-li el problema existent a la XBM amb l\u2019Ajut Menjar ve de molt abans que esclat\u00e9s la pand\u00e8mia.<\/span><\/p>\n<p><span style=\"color: #000000\">Com recordareu, ja vam aconseguir un acord per a l\u2019extensi\u00f3 de l\u2019ajut per menjar pel personal al servei dels BIBLIOBUSOS a ra\u00f3 de 3\/setmana. Una fita assolida despr\u00e9s de molta lluita i insist\u00e8ncia de CCOO-Diba (cliqueu <a style=\"color: #000000\" href=\"https:\/\/diba.ccoo.cat\/xbm-situacio-actual-respecte-a-les-condicions-de-treball-del-col%c2%b7lectiu\/\">aqu\u00ed<\/a> per llegir comunicat). Per\u00f2, tal com assenyal\u00e0vem llavors, aquesta fita en cap cas donava per acabat el conflicte.<\/span><\/p>\n<p><span style=\"color: #000000\">Portem anys denunciant que hi ha persones que no cobren l\u2019Ajut Menjar que els hi pertoca pel nombre de dies que treballen mat\u00ed i tarda (tal com li passava al personal dels Bibliobusos que doblaven 3 dies per setmana per\u00f2 cobraven nom\u00e9s 2 Ajuts).<\/span><\/p>\n<p><span style=\"color: #000000\">Ara b\u00e9, no nom\u00e9s es tracta d\u2019aix\u00f2. Qu\u00e8 passa si es treballa a la tarda per\u00f2 al mat\u00ed ens convoquen a una reuni\u00f3 a la ger\u00e8ncia, o un curs de formaci\u00f3 obligat\u00f2ria o altres activitats relacionades amb el nostre lloc de treball? Doncs que haurem de dinar fora de casa per\u00f2 sense dret a l\u2019Ajut Menjar, per no parlar del tema horari i funcions i obligacions fora d\u2019aquest. S\u2019est\u00e0 imposant el fet d\u2019haver de dinar fora de casa i des de CCOO entenem que tamb\u00e9 s\u2019ha de compensar.<\/span><\/p>\n<p><img loading=\"lazy\" decoding=\"async\" class=\"wp-image-6881 aligncenter\" src=\"http:\/\/ccoo.app\/diputacio-de-barcelona\/wp-content\/blogs.dir\/6\/files\/sites\/186\/2020\/10\/dp8lyubw0ae7l4y-300x173.jpg\" alt=\"\" width=\"201\" height=\"116\" srcset=\"https:\/\/ccoo.app\/diputacio-de-barcelona\/wp-content\/blogs.dir\/6\/files\/sites\/186\/2020\/10\/dp8lyubw0ae7l4y-300x173.jpg 300w, https:\/\/ccoo.app\/diputacio-de-barcelona\/wp-content\/blogs.dir\/6\/files\/sites\/186\/2020\/10\/dp8lyubw0ae7l4y-1024x591.jpg 1024w, https:\/\/ccoo.app\/diputacio-de-barcelona\/wp-content\/blogs.dir\/6\/files\/sites\/186\/2020\/10\/dp8lyubw0ae7l4y-768x443.jpg 768w, https:\/\/ccoo.app\/diputacio-de-barcelona\/wp-content\/blogs.dir\/6\/files\/sites\/186\/2020\/10\/dp8lyubw0ae7l4y.jpg 1081w\" sizes=\"auto, (max-width: 201px) 100vw, 201px\" \/><\/p>\n<p><span style=\"color: #000000\">No estem demanant que se\u2019ns regali res, sin\u00f3 que es doni a cadasc\u00fa el que li pertoca en funci\u00f3 del que fa.<\/span><\/p>\n<p><span style=\"color: #000000\">A la reuni\u00f3 de la Comissi\u00f3 de Seguiment es va expressar la voluntat de trobar una soluci\u00f3 al problema. De fet, la ger\u00e8ncia va fer seva una de les propostes que CCOO havia proposat en una de les reunions mantingudes amb l\u2019anterior diputat responsable de l\u2019\u00c0rea: pagar a posteriori l\u2019Ajut Menjar d\u2019acord amb el servei prestat, tal com es fa amb els dissabtes. No discutirem el \u201ccopyright\u201d de la proposta; qui ho necessiti que <em>tiri d\u2019hemeroteca<\/em>&#8230;, l\u2019\u00fanic que volem s\u00f3n solucions i les volem ja.<\/span><\/p>\n<hr \/>\n<p><span style=\"color: #000000\"><strong>VISITEM LES BIBLIOTEQUES<\/strong> Els delegats i delegades de prevenci\u00f3 de CCOO han comen\u00e7at a visitar de manera presencial les biblioteques de la XBM amb l\u2019objectiu, en primera inst\u00e0ncia, de revisar les mesures COVID, per\u00f2 tamb\u00e9 les condicions generals de les instal\u00b7lacions.<\/span><\/p>\n<p><span style=\"color: #000000\">De moment, hem visitat biblioteques de Vilafranca, Castelldefels, Granollers, Cornell\u00e0, Vic, L\u2019Hospitalet, Canet de Mar i Matar\u00f3.<\/span><\/p>\n<p><img loading=\"lazy\" decoding=\"async\" class=\"size-medium wp-image-6882 aligncenter\" src=\"http:\/\/ccoo.app\/diputacio-de-barcelona\/wp-content\/blogs.dir\/6\/files\/sites\/186\/2020\/10\/xbm-foto-300x198.png\" alt=\"\" width=\"300\" height=\"198\" srcset=\"https:\/\/ccoo.app\/diputacio-de-barcelona\/wp-content\/blogs.dir\/6\/files\/sites\/186\/2020\/10\/xbm-foto-300x198.png 300w, https:\/\/ccoo.app\/diputacio-de-barcelona\/wp-content\/blogs.dir\/6\/files\/sites\/186\/2020\/10\/xbm-foto.png 530w\" sizes=\"auto, (max-width: 300px) 100vw, 300px\" \/><\/p>\n<p><span style=\"color: #000000\">Encara no hem passat per la teva biblioteca? Voldries que us fessin una visita el m\u00e9s aviat possible? Posa\u2019t en contacte amb nosaltres i concertarem dia i hora.<\/span><\/p>\n<p style=\"text-align: center\"><img loading=\"lazy\" decoding=\"async\" class=\"wp-image-5184 aligncenter\" src=\"http:\/\/ccoo.app\/diputacio-de-barcelona\/wp-content\/blogs.dir\/6\/files\/sites\/186\/2020\/03\/i-de-info-300x300.jpg\" alt=\"\" width=\"72\" height=\"72\" srcset=\"https:\/\/ccoo.app\/diputacio-de-barcelona\/wp-content\/blogs.dir\/6\/files\/sites\/186\/2020\/03\/i-de-info-300x300.jpg 300w, https:\/\/ccoo.app\/diputacio-de-barcelona\/wp-content\/blogs.dir\/6\/files\/sites\/186\/2020\/03\/i-de-info-150x150.jpg 150w, https:\/\/ccoo.app\/diputacio-de-barcelona\/wp-content\/blogs.dir\/6\/files\/sites\/186\/2020\/03\/i-de-info.jpg 626w\" sizes=\"auto, (max-width: 72px) 100vw, 72px\" \/><span style=\"font-family: 'arial black', sans-serif;font-size: 20px;color: #ffff00;background-color: #ff0000\">TOTA LA INFORMACI\u00d3 SINDICAL QUE NECESSITES<\/span><\/p>\n<p><img loading=\"lazy\" decoding=\"async\" class=\"wp-image-5913 aligncenter\" src=\"http:\/\/ccoo.app\/diputacio-de-barcelona\/wp-content\/blogs.dir\/6\/files\/sites\/186\/2020\/05\/telefono-300x300.jpg\" alt=\"\" width=\"59\" height=\"59\" srcset=\"https:\/\/ccoo.app\/diputacio-de-barcelona\/wp-content\/blogs.dir\/6\/files\/sites\/186\/2020\/05\/telefono-300x300.jpg 300w, https:\/\/ccoo.app\/diputacio-de-barcelona\/wp-content\/blogs.dir\/6\/files\/sites\/186\/2020\/05\/telefono-150x150.jpg 150w, https:\/\/ccoo.app\/diputacio-de-barcelona\/wp-content\/blogs.dir\/6\/files\/sites\/186\/2020\/05\/telefono.jpg 600w\" sizes=\"auto, (max-width: 59px) 100vw, 59px\" \/><\/p>\n<p style=\"text-align: center\"><span style=\"font-family: 'arial black', sans-serif;color: #000000\">DE DILLUNS A DIVENDRES<\/span><\/p>\n<p style=\"text-align: center\"><span style=\"font-family: 'arial black', sans-serif;color: #000000;background-color: #ffff00\">DE 10:00 A 14:30 i DE 17:00 A 19:00\u00a0<\/span><\/p>\n<p style=\"text-align: center\"><span style=\"font-family: 'arial black', sans-serif;color: #ff0000\">93.402.29.85 \u2013 22985 \u2013 667 90 69 64<\/span><\/p>\n<p><img loading=\"lazy\" decoding=\"async\" class=\"wp-image-5553 aligncenter\" src=\"http:\/\/ccoo.app\/diputacio-de-barcelona\/wp-content\/blogs.dir\/6\/files\/sites\/186\/2020\/04\/mail-foto-300x200.jpg\" alt=\"\" width=\"59\" height=\"39\" srcset=\"https:\/\/ccoo.app\/diputacio-de-barcelona\/wp-content\/blogs.dir\/6\/files\/sites\/186\/2020\/04\/mail-foto-300x200.jpg 300w, https:\/\/ccoo.app\/diputacio-de-barcelona\/wp-content\/blogs.dir\/6\/files\/sites\/186\/2020\/04\/mail-foto-1024x683.jpg 1024w, https:\/\/ccoo.app\/diputacio-de-barcelona\/wp-content\/blogs.dir\/6\/files\/sites\/186\/2020\/04\/mail-foto-768x512.jpg 768w, https:\/\/ccoo.app\/diputacio-de-barcelona\/wp-content\/blogs.dir\/6\/files\/sites\/186\/2020\/04\/mail-foto.jpg 1200w\" sizes=\"auto, (max-width: 59px) 100vw, 59px\" \/><\/p>\n<p style=\"text-align: center\"><span style=\"font-family: arial, helvetica, sans-serif;color: #000000\">La\u00a0SECCI\u00d3 SINDICAL DE CCOO donem resposta a tots els teus dubtes o t&#8217;ajudem solucionar els problemes que puguis tenir.<strong> T&#8217;ajudem a defensar els teus drets!<\/strong><\/span><\/p>\n<p style=\"text-align: center\"><span style=\"font-family: 'arial black', sans-serif;color: #0000ff\"><a style=\"color: #0000ff\" href=\"mailto:ccoo@diba.cat\"><strong>ccoo@diba.cat<\/strong><\/a><\/span><\/p>\n<p style=\"text-align: center\"><span style=\"font-family: 'arial black', sans-serif;color: #0000ff\"><a style=\"color: #0000ff\" href=\"mailto:orgt.ssccoo@diba.cat\">orgt.ssccoo@diba.cat<\/a><\/span><\/p>\n<p><img loading=\"lazy\" decoding=\"async\" class=\"wp-image-5554 aligncenter\" src=\"http:\/\/ccoo.app\/diputacio-de-barcelona\/wp-content\/blogs.dir\/6\/files\/sites\/186\/2020\/04\/mail-foto-enviar-300x212.jpg\" alt=\"\" width=\"67\" height=\"47\" srcset=\"https:\/\/ccoo.app\/diputacio-de-barcelona\/wp-content\/blogs.dir\/6\/files\/sites\/186\/2020\/04\/mail-foto-enviar-300x212.jpg 300w, https:\/\/ccoo.app\/diputacio-de-barcelona\/wp-content\/blogs.dir\/6\/files\/sites\/186\/2020\/04\/mail-foto-enviar-1024x724.jpg 1024w, https:\/\/ccoo.app\/diputacio-de-barcelona\/wp-content\/blogs.dir\/6\/files\/sites\/186\/2020\/04\/mail-foto-enviar-768x543.jpg 768w, https:\/\/ccoo.app\/diputacio-de-barcelona\/wp-content\/blogs.dir\/6\/files\/sites\/186\/2020\/04\/mail-foto-enviar.jpg 1200w\" sizes=\"auto, (max-width: 67px) 100vw, 67px\" \/><\/p>\n<p style=\"text-align: center\"><span style=\"font-family: arial, helvetica, sans-serif;color: #000000\">Encara no t&#8217;has descarregat la nostra <a href=\"http:\/\/www.ccoo.cat\/carnet\/index.aspx?qr=1#descarrega\"><span style=\"font-family: 'arial black', sans-serif;color: #0000ff\">APP<\/span><\/a> CCOO-Diba d&#8217;informaci\u00f3 sindical?<\/span><\/p>\n<p style=\"text-align: center\"><span style=\"font-family: arial, helvetica, sans-serif;color: #000000\">Fes clic <a href=\"http:\/\/www.ccoo.cat\/carnet\/index.aspx?qr=1#descarrega\"><span style=\"font-family: 'arial black', sans-serif;color: #0000ff\">aqu\u00ed<\/span><\/a> per tenir la informaci\u00f3 abans que ning\u00fa!<\/span><\/p>\n<p><img loading=\"lazy\" decoding=\"async\" class=\"wp-image-5915 aligncenter\" src=\"http:\/\/ccoo.app\/diputacio-de-barcelona\/wp-content\/blogs.dir\/6\/files\/sites\/186\/2020\/05\/xarxes-socials-300x169.png\" alt=\"\" width=\"227\" height=\"128\" srcset=\"https:\/\/ccoo.app\/diputacio-de-barcelona\/wp-content\/blogs.dir\/6\/files\/sites\/186\/2020\/05\/xarxes-socials-300x169.png 300w, https:\/\/ccoo.app\/diputacio-de-barcelona\/wp-content\/blogs.dir\/6\/files\/sites\/186\/2020\/05\/xarxes-socials-1024x576.png 1024w, https:\/\/ccoo.app\/diputacio-de-barcelona\/wp-content\/blogs.dir\/6\/files\/sites\/186\/2020\/05\/xarxes-socials-768x432.png 768w, https:\/\/ccoo.app\/diputacio-de-barcelona\/wp-content\/blogs.dir\/6\/files\/sites\/186\/2020\/05\/xarxes-socials.png 1200w\" sizes=\"auto, (max-width: 227px) 100vw, 227px\" \/><\/p>\n<p style=\"text-align: center\"><span style=\"font-family: arial, helvetica, sans-serif;color: #000000\">Tamb\u00e9 trobar\u00e0s CCOO-Diba a les xarxes socials. Clica sobre la icona de la teva xarxa favorita:<\/span><\/p>\n<p><a href=\"https:\/\/twitter.com\/CCOODiba\"><img loading=\"lazy\" decoding=\"async\" class=\" wp-image-5728 aligncenter\" src=\"http:\/\/ccoo.app\/diputacio-de-barcelona\/wp-content\/blogs.dir\/6\/files\/sites\/186\/2020\/04\/twitter-300x300.png\" alt=\"\" width=\"89\" height=\"89\" srcset=\"https:\/\/ccoo.app\/diputacio-de-barcelona\/wp-content\/blogs.dir\/6\/files\/sites\/186\/2020\/04\/twitter-300x300.png 300w, https:\/\/ccoo.app\/diputacio-de-barcelona\/wp-content\/blogs.dir\/6\/files\/sites\/186\/2020\/04\/twitter-150x150.png 150w, https:\/\/ccoo.app\/diputacio-de-barcelona\/wp-content\/blogs.dir\/6\/files\/sites\/186\/2020\/04\/twitter.png 512w\" sizes=\"auto, (max-width: 89px) 100vw, 89px\" \/><\/a><\/p>\n<p><a href=\"https:\/\/www.instagram.com\/ccoo_diba\/?hl=es\"><img loading=\"lazy\" decoding=\"async\" class=\"wp-image-5730 aligncenter\" src=\"http:\/\/ccoo.app\/diputacio-de-barcelona\/wp-content\/blogs.dir\/6\/files\/sites\/186\/2020\/04\/instragram-300x300.png\" alt=\"\" width=\"91\" height=\"91\" srcset=\"https:\/\/ccoo.app\/diputacio-de-barcelona\/wp-content\/blogs.dir\/6\/files\/sites\/186\/2020\/04\/instragram-300x300.png 300w, https:\/\/ccoo.app\/diputacio-de-barcelona\/wp-content\/blogs.dir\/6\/files\/sites\/186\/2020\/04\/instragram-150x150.png 150w, https:\/\/ccoo.app\/diputacio-de-barcelona\/wp-content\/blogs.dir\/6\/files\/sites\/186\/2020\/04\/instragram.png 512w\" sizes=\"auto, (max-width: 91px) 100vw, 91px\" \/><\/a><\/p>\n<p><a href=\"https:\/\/www.facebook.com\/CcooDiputacioDeBarcelona\/\"><img loading=\"lazy\" decoding=\"async\" class=\"wp-image-5729 aligncenter\" src=\"http:\/\/ccoo.app\/diputacio-de-barcelona\/wp-content\/blogs.dir\/6\/files\/sites\/186\/2020\/04\/facebook-300x300.png\" alt=\"\" width=\"90\" height=\"90\" srcset=\"https:\/\/ccoo.app\/diputacio-de-barcelona\/wp-content\/blogs.dir\/6\/files\/sites\/186\/2020\/04\/facebook-300x300.png 300w, https:\/\/ccoo.app\/diputacio-de-barcelona\/wp-content\/blogs.dir\/6\/files\/sites\/186\/2020\/04\/facebook-150x150.png 150w, https:\/\/ccoo.app\/diputacio-de-barcelona\/wp-content\/blogs.dir\/6\/files\/sites\/186\/2020\/04\/facebook.png 325w\" sizes=\"auto, (max-width: 90px) 100vw, 90px\" \/><\/a><a href=\"https:\/\/www.youtube.com\/channel\/UCFzenkS75udEcs4pB4qoZsg\"><img loading=\"lazy\" decoding=\"async\" class=\" wp-image-5916 aligncenter\" src=\"http:\/\/ccoo.app\/diputacio-de-barcelona\/wp-content\/blogs.dir\/6\/files\/sites\/186\/2020\/05\/youtube-300x115.jpg\" alt=\"\" width=\"122\" height=\"47\" srcset=\"https:\/\/ccoo.app\/diputacio-de-barcelona\/wp-content\/blogs.dir\/6\/files\/sites\/186\/2020\/05\/youtube-300x115.jpg 300w, https:\/\/ccoo.app\/diputacio-de-barcelona\/wp-content\/blogs.dir\/6\/files\/sites\/186\/2020\/05\/youtube-1024x391.jpg 1024w, https:\/\/ccoo.app\/diputacio-de-barcelona\/wp-content\/blogs.dir\/6\/files\/sites\/186\/2020\/05\/youtube-768x293.jpg 768w, https:\/\/ccoo.app\/diputacio-de-barcelona\/wp-content\/blogs.dir\/6\/files\/sites\/186\/2020\/05\/youtube.jpg 1200w\" sizes=\"auto, (max-width: 122px) 100vw, 122px\" \/><\/a><\/p>\n<p><iframe loading=\"lazy\" title=\"Hauran de comptar amb nosaltres. Salut, treball i just\u00edcia social || 1r de maig del 2020.\" width=\"1200\" height=\"675\" src=\"https:\/\/www.youtube.com\/embed\/uS104R3aSJs?feature=oembed\" frameborder=\"0\" allow=\"accelerometer; autoplay; clipboard-write; encrypted-media; gyroscope; picture-in-picture; web-share\" allowfullscreen><\/iframe>    \t<\/p>\n","protected":false},"excerpt":{"rendered":"<p>COMUNICAT XBM: S&#8217;IMPOSA EL RETORN A LA \u00abNORMALITAT\u00bb INCLOU INFORMACI\u00d3 SOBRE L&#8217;AJUT MENJAR I LES NOSTRES VISITES A LES BIBLIOTEQUES -13 d&#8217;octubre de 2020- En el comunicat anterior (cliqueu aqu\u00ed), &#8230; <\/p>\n<p class=\"read-more-container\"><a title=\"131\/COVID-19. COMUNICAT XBM: S&#8217;IMPOSA LA \u00abNORMALITAT\u00bb TOT I LA NOSTRA OPOSICI\u00d3\" class=\"read-more button\" href=\"https:\/\/ccoo.app\/diputacio-de-barcelona\/comunicat-xbm-retorn-a-lanormalitat-2\/#more-6879\" aria-label=\"Leer m\u00e1s sobre 131\/COVID-19. COMUNICAT XBM: S&#8217;IMPOSA LA \u00abNORMALITAT\u00bb TOT I LA NOSTRA OPOSICI\u00d3\">Continuar llegint<\/a><\/p>\n","protected":false},"author":4519,"featured_media":6779,"comment_status":"open","ping_status":"open","sticky":false,"template":"","format":"standard","meta":{"footnotes":""},"categories":[19,35,37],"tags":[239],"class_list":["post-6879","post","type-post","status-publish","format-standard","has-post-thumbnail","hentry","category-comunicats","category-salut-laboral","category-xbm","tag-xarxa-de-bibioteques-xbm","generate-columns","tablet-grid-50","mobile-grid-100","grid-parent","grid-50"],"_links":{"self":[{"href":"https:\/\/ccoo.app\/diputacio-de-barcelona\/wp-json\/wp\/v2\/posts\/6879","targetHints":{"allow":["GET"]}}],"collection":[{"href":"https:\/\/ccoo.app\/diputacio-de-barcelona\/wp-json\/wp\/v2\/posts"}],"about":[{"href":"https:\/\/ccoo.app\/diputacio-de-barcelona\/wp-json\/wp\/v2\/types\/post"}],"author":[{"embeddable":true,"href":"https:\/\/ccoo.app\/diputacio-de-barcelona\/wp-json\/wp\/v2\/users\/4519"}],"replies":[{"embeddable":true,"href":"https:\/\/ccoo.app\/diputacio-de-barcelona\/wp-json\/wp\/v2\/comments?post=6879"}],"version-history":[{"count":1,"href":"https:\/\/ccoo.app\/diputacio-de-barcelona\/wp-json\/wp\/v2\/posts\/6879\/revisions"}],"predecessor-version":[{"id":50863,"href":"https:\/\/ccoo.app\/diputacio-de-barcelona\/wp-json\/wp\/v2\/posts\/6879\/revisions\/50863"}],"wp:featuredmedia":[{"embeddable":true,"href":"https:\/\/ccoo.app\/diputacio-de-barcelona\/wp-json\/wp\/v2\/media\/6779"}],"wp:attachment":[{"href":"https:\/\/ccoo.app\/diputacio-de-barcelona\/wp-json\/wp\/v2\/media?parent=6879"}],"wp:term":[{"taxonomy":"category","embeddable":true,"href":"https:\/\/ccoo.app\/diputacio-de-barcelona\/wp-json\/wp\/v2\/categories?post=6879"},{"taxonomy":"post_tag","embeddable":true,"href":"https:\/\/ccoo.app\/diputacio-de-barcelona\/wp-json\/wp\/v2\/tags?post=6879"}],"curies":[{"name":"wp","href":"https:\/\/api.w.org\/{rel}","templated":true}]}}