{"id":6823,"date":"2020-10-08T08:03:48","date_gmt":"2020-10-08T07:03:48","guid":{"rendered":"https:\/\/diba.ccoo.cat\/?p=6823"},"modified":"2023-02-22T18:34:11","modified_gmt":"2023-02-22T17:34:11","slug":"grup-de-risc-pel-covid-19-2-2","status":"publish","type":"post","link":"https:\/\/ccoo.app\/diputacio-de-barcelona\/grup-de-risc-pel-covid-19-2-2\/","title":{"rendered":"126\/COVID-19. SETEMBRE 2020 NOVETATS! COM HAS D&#8217;ACTUAR SI ET TROBES EN UN GRUP DE RISC PEL COVID-19?"},"content":{"rendered":"<p class=\"wp-caption-text\"><img loading=\"lazy\" decoding=\"async\" class=\"wp-image-1853 aligncenter\" src=\"http:\/\/ccoo.app\/diputacio-de-barcelona\/wp-content\/blogs.dir\/6\/files\/sites\/186\/2018\/01\/logoccoov18.jpg\" alt=\"\" width=\"137\" height=\"63\" \/><\/p>\n<p style=\"text-align: center\"><span style=\"font-family: 'arial black', sans-serif;font-size: 24px;color: #0000ff\">GUIA PER A LES PERSONES TREBALLADORES ESPECIALMENT SENSIBLE AL COVID-19<\/span><\/p>\n<p style=\"text-align: center\"><span style=\"background-color: #ff0000;color: #ffff00;font-family: 'arial black', sans-serif;font-size: 20px\">NOVETATS IMPORTANTS DES DEL 14.09.2020<\/span><\/p>\n<p style=\"text-align: justify\"><span style=\"font-family: 'arial black', sans-serif;font-size: 20px;color: #000000\">QUI FORMA PART DELS GRUPS DE RISC FRONT AL CORONAVIRUS?<\/span><\/p>\n<ul>\n<li style=\"text-align: justify\"><span style=\"color: #000000;background-color: #ffff00\"><mark><span style=\"font-family: arial, helvetica, sans-serif\">Majors de 60 anys.\u00a0<\/span><\/mark><\/span><\/li>\n<li style=\"text-align: justify\"><span style=\"color: #000000;background-color: #ffff00\"><mark><span style=\"font-family: arial, helvetica, sans-serif\">Les patologies pr\u00e8vies cr\u00f2niques relacionades amb el sistema respiratori, per exemple, asma, MPOC, etc. Les patologies pr\u00e8vies relacionades amb el sistema cardiovascular (hipertensos, diab\u00e8tics, etc.).<\/span><\/mark><\/span><\/li>\n<li style=\"text-align: justify\"><span style=\"color: #000000;background-color: #ffff00\"><mark><span style=\"font-family: arial, helvetica, sans-serif\">Persones amb malalties hep\u00e0tiques cr\u00f2niques<\/span><\/mark><\/span><\/li>\n<li style=\"text-align: justify\"><span style=\"color: #000000;background-color: #ffff00\"><mark><span style=\"font-family: arial, helvetica, sans-serif\">C\u00e0ncer amb fase activa<\/span><\/mark><\/span><\/li>\n<li style=\"text-align: justify\"><span style=\"color: #000000;background-color: #ffff00\"><mark><span style=\"font-family: arial, helvetica, sans-serif\">Trastorns immunitaris<\/span><\/mark><\/span><\/li>\n<li style=\"text-align: justify\"><span style=\"color: #000000;background-color: #ffff00\"><mark><span style=\"font-family: arial, helvetica, sans-serif\">Embar\u00e0s\u00a0<\/span><\/mark><\/span><\/li>\n<li style=\"text-align: justify\"><span style=\"font-family: arial, helvetica, sans-serif;color: #000000;background-color: #ffff00\">Insuficiencia renal cr\u00f3nica<\/span><\/li>\n<li style=\"text-align: justify\"><span style=\"font-family: arial, helvetica, sans-serif;color: #000000;background-color: #ffff00\">Obesidad m\u00f3rbida (IMC&gt;40)<\/span><\/li>\n<\/ul>\n<p style=\"text-align: center\"><span style=\"background-color: #ff0000;color: #ffff00;font-family: 'arial black', sans-serif;font-size: 20px\">NOVETATS IMPORTANTS DES DEL 14.09.2020<\/span><\/p>\n<p>Tot i les nostres peticions de prorroga, la Diputaci\u00f3 dona per acabada la vig\u00e8ncia del perm\u00eds 48j pel que fa els col\u00b7lectius vulnerables tal com existia fins ara (cliqueu <a href=\"https:\/\/diba.ccoo.cat\/grup-de-risc-pel-covid-19-2\/\"><span style=\"color: #0000ff\"><strong>aqu\u00ed<\/strong><\/span><\/a>).<\/p>\n<p>Argumenta que <strong>tenint en compte la normativa vigent de l\u2019INSS no es pot mantenir la mesura<\/strong>\u00a0(cliqueu\u00a0<a href=\"https:\/\/diba.ccoo.cat\/plantilla-1-2\/\"><span style=\"color: #0000ff\"><strong>aqu\u00ed\u00a0<\/strong><\/span><\/a>per a m\u00e9s informaci\u00f3).<\/p>\n<p><img loading=\"lazy\" decoding=\"async\" class=\" wp-image-5950 aligncenter\" src=\"http:\/\/ccoo.app\/diputacio-de-barcelona\/wp-content\/blogs.dir\/6\/files\/sites\/186\/2020\/05\/procedimiento-278x300.png\" alt=\"\" width=\"150\" height=\"162\" srcset=\"https:\/\/ccoo.app\/diputacio-de-barcelona\/wp-content\/blogs.dir\/6\/files\/sites\/186\/2020\/05\/procedimiento-278x300.png 278w, https:\/\/ccoo.app\/diputacio-de-barcelona\/wp-content\/blogs.dir\/6\/files\/sites\/186\/2020\/05\/procedimiento.png 297w\" sizes=\"auto, (max-width: 150px) 100vw, 150px\" \/><\/p>\n<h3 style=\"text-align: center\"><span style=\"color: #000000\">PROCEDIMENT DES DEL 14 DE SETEMBRE<\/span><\/h3>\n<p><strong>PRIMER.<\/strong> Qualsevol empleat o empleada que formi part d&#8217;un col\u00b7lectiu sensible o vulnerable front a una possible infecci\u00f3 per la COVID-19, <strong>ho haur\u00e0 de notificar i acreditar<\/strong> (mitjan\u00e7ant l&#8217;enviament d&#8217;informes) al Servei Ali\u00e8 de Prevenci\u00f3 (SAP).<\/p>\n<p><span style=\"font-family: arial, helvetica, sans-serif;color: #000000\">Enviant el document \u201c<em>Declaraci\u00f3 d\u2019especial sensibilitat en relaci\u00f3 amb la infecci\u00f3 de coronavirus<\/em>\u201d (cliqueu <a href=\"https:\/\/diba.ccoo.cat\/wp-content\/uploads\/sites\/37\/2020\/05\/4.5.20-DECLARACI%C3%93-personal-sensible.docx\"><span style=\"font-family: 'arial black', sans-serif;color: #0000ff\">aqu\u00ed<\/span><\/a>) a:<\/span><\/p>\n<ul>\n<li><span style=\"font-family: arial, helvetica, sans-serif;color: #000000\">Dispensari m\u00e8dic laboral de Mundet <a href=\"mailto:dispensari.mundet@ibersys.es\"><span style=\"font-family: 'arial black', sans-serif;color: #0000ff\">dispensari.<\/span><\/a><\/span><span style=\"font-family: arial, helvetica, sans-serif;color: #000000\"><a href=\"mailto:dispensari.mundet@ibersys.es\"><span style=\"font-family: 'arial black', sans-serif;color: #0000ff\">mundet@ibersys.es<\/span><\/a> <\/span><\/li>\n<li><span style=\"font-family: arial, helvetica, sans-serif;color: #000000\">Dispensari m\u00e8dic de <\/span>Minerva <a href=\"mailto:dispensari.minerva@ibersys.es\"><span style=\"color: #0000ff;font-family: 'arial black', sans-serif\">dispensari.minerva@ibersys.es<\/span><\/a><span style=\"font-family: arial, helvetica, sans-serif;color: #000000\">\u00a0<\/span><\/li>\n<li>Pel personal ORGT: <span style=\"font-family: 'arial black', sans-serif;color: #0000ff\"><a style=\"color: #0000ff\" href=\"mailto:orgt.rrhh.prevenci\u00f3@diba.cat\">orgt.rrhh.prevenci\u00f3@diba.cat <\/a><\/span><\/li>\n<\/ul>\n<p><img loading=\"lazy\" decoding=\"async\" class=\"size-medium wp-image-5142 aligncenter\" src=\"http:\/\/ccoo.app\/diputacio-de-barcelona\/wp-content\/blogs.dir\/6\/files\/sites\/186\/2020\/03\/envio-missatge-300x133.jpg\" alt=\"\" width=\"300\" height=\"133\" srcset=\"https:\/\/ccoo.app\/diputacio-de-barcelona\/wp-content\/blogs.dir\/6\/files\/sites\/186\/2020\/03\/envio-missatge-300x133.jpg 300w, https:\/\/ccoo.app\/diputacio-de-barcelona\/wp-content\/blogs.dir\/6\/files\/sites\/186\/2020\/03\/envio-missatge-1024x455.jpg 1024w, https:\/\/ccoo.app\/diputacio-de-barcelona\/wp-content\/blogs.dir\/6\/files\/sites\/186\/2020\/03\/envio-missatge-768x341.jpg 768w, https:\/\/ccoo.app\/diputacio-de-barcelona\/wp-content\/blogs.dir\/6\/files\/sites\/186\/2020\/03\/envio-missatge.jpg 1200w\" sizes=\"auto, (max-width: 300px) 100vw, 300px\" \/><\/p>\n<p><strong>SEGON. <\/strong>El SAP avaluar\u00e0\u00a0 la patologia i sensibilitat del treballador o treballadora i emetr\u00e0 un informe (d&#8217;acord amb el indica la <a href=\"http:\/\/ccoo.app\/diputacio-de-barcelona\/wp-content\/blogs.dir\/6\/files\/sites\/186\/2020\/10\/7-octubre-normativa-inss-proteccion_trabajadores_sars-cov-2-1.pdf\"><strong><span style=\"color: #0000ff\">normativa<\/span><\/strong> <\/a>estatal) amb mesures de prevenci\u00f3 espec\u00edfiques, adaptaci\u00f3 del lloc de treball o canvi de lloc de treball.\u00a0 Si per les caracter\u00edstiques del lloc de treball cap de les mesures anterior fos possible, la recomanaci\u00f3 seria la baixa laboral derivant-ho al metge de l&#8217;INSS (cliqueu sobre la imatge).<\/p>\n<p><a href=\"http:\/\/ccoo.app\/diputacio-de-barcelona\/wp-content\/blogs.dir\/6\/files\/sites\/186\/2020\/10\/normativa-personal-vulnerable.png\"><img loading=\"lazy\" decoding=\"async\" class=\"wp-image-6825 aligncenter\" src=\"http:\/\/ccoo.app\/diputacio-de-barcelona\/wp-content\/blogs.dir\/6\/files\/sites\/186\/2020\/10\/normativa-personal-vulnerable-300x187.png\" alt=\"\" width=\"356\" height=\"222\" srcset=\"https:\/\/ccoo.app\/diputacio-de-barcelona\/wp-content\/blogs.dir\/6\/files\/sites\/186\/2020\/10\/normativa-personal-vulnerable-300x187.png 300w, https:\/\/ccoo.app\/diputacio-de-barcelona\/wp-content\/blogs.dir\/6\/files\/sites\/186\/2020\/10\/normativa-personal-vulnerable-768x479.png 768w, https:\/\/ccoo.app\/diputacio-de-barcelona\/wp-content\/blogs.dir\/6\/files\/sites\/186\/2020\/10\/normativa-personal-vulnerable.png 993w\" sizes=\"auto, (max-width: 356px) 100vw, 356px\" \/><\/a><\/p>\n<p><strong>CONCLUSIONS.<\/strong> Al juny, Diputaci\u00f3 ja volia treure el perm\u00eds 48j per a persones vulnerables. Vam aconseguir prorrogar-ho fins al mes de setembre. Ens hagu\u00e9s agradat prorrogar encara m\u00e9s el termini, per\u00f2 tot i les nostres insistent peticions no ha estat possible (cliqueu <a href=\"https:\/\/diba.ccoo.cat\/personal-vulnerable-novetats\/\"><span style=\"color: #0000ff\"><strong>aqu\u00ed<\/strong><\/span><\/a>).<\/p>\n<p>D&#8217;acord amb la nostres demandes, la DSRH de la Diputaci\u00f3 ens assegura que donaran instruccions als serveis i direccions per a que aquestes recordin que, tot i la modificaci\u00f3, aquest personal segueix sent persones m\u00e9s vulnerables en cas de contagi. Aix\u00ed doncs, se\u2019ls demanar\u00e0 que ho tinguin en compte a l\u2019hora d\u2019establir tasques i de respondre a les necessitats de flexibilitzaci\u00f3 relacionades amb les hores d\u2019entrada i sortida per evitar les hores puntes dels transports col\u00b7lectius, etc.<\/p>\n<p>D&#8217;acord qualsevol dubte, no deixeu de posar-vos en contacte amb nosaltres!<\/p>\n<p><img loading=\"lazy\" decoding=\"async\" class=\"wp-image-6049 aligncenter\" src=\"http:\/\/ccoo.app\/diputacio-de-barcelona\/wp-content\/blogs.dir\/6\/files\/sites\/186\/2020\/05\/amb-tu-300x116.png\" alt=\"\" width=\"178\" height=\"69\" srcset=\"https:\/\/ccoo.app\/diputacio-de-barcelona\/wp-content\/blogs.dir\/6\/files\/sites\/186\/2020\/05\/amb-tu-300x116.png 300w, https:\/\/ccoo.app\/diputacio-de-barcelona\/wp-content\/blogs.dir\/6\/files\/sites\/186\/2020\/05\/amb-tu.png 389w\" sizes=\"auto, (max-width: 178px) 100vw, 178px\" \/><\/p>\n<p style=\"text-align: center\"><span style=\"font-family: 'arial black', sans-serif;color: #ffff00;font-size: 20px;background-color: #ff0000\">LA PRIORITAT \u00c9S LA TEVA SALUT!<\/span><\/p>\n<ul>\n<li style=\"text-align: justify\"><span style=\"font-family: arial, helvetica, sans-serif;color: #000000\"><strong>Com funciona el perm\u00eds excepcional i retribu\u00eft 48J per conciliaci\u00f3?<\/strong> (fills\/filles menors, gent gran dependent o persones amb discapacitat i\/o depend\u00e8ncia a c\u00e0rrec): cliqueu <a href=\"https:\/\/diba.ccoo.cat\/es-mante-fins-el-31-de-desembre-la-mesura-de-conciliacio-48j\/\"><span style=\"font-family: 'arial black', sans-serif;color: #0000ff\">aqu\u00ed<\/span><\/a>.<\/span><\/li>\n<li><span style=\"color: #000000;font-family: arial, helvetica, sans-serif\">Quina afectaci\u00f3 econ\u00f2mica suposa estar de baixa per trobar-nos en situaci\u00f3 d\u2019a\u00efllament o per contagi de covid-19?(cliqueu <a href=\"https:\/\/diba.ccoo.cat\/fins-al-26-dabril-tot-segueix-igual-2\/\"><span style=\"font-family: 'arial black', sans-serif;color: #0000ff\">aqu\u00ed<\/span><\/a>)<\/span><\/li>\n<\/ul>\n<p><iframe loading=\"lazy\" title=\"Hauran de comptar amb nosaltres. Salut, treball i just\u00edcia social || 1r de maig del 2020.\" width=\"1200\" height=\"675\" src=\"https:\/\/www.youtube.com\/embed\/uS104R3aSJs?feature=oembed\" frameborder=\"0\" allow=\"accelerometer; autoplay; clipboard-write; encrypted-media; gyroscope; picture-in-picture; web-share\" allowfullscreen><\/iframe><\/p>\n<p><img loading=\"lazy\" decoding=\"async\" class=\"wp-image-5184 aligncenter\" src=\"http:\/\/ccoo.app\/diputacio-de-barcelona\/wp-content\/blogs.dir\/6\/files\/sites\/186\/2020\/03\/i-de-info-300x300.jpg\" alt=\"\" width=\"83\" height=\"83\" srcset=\"https:\/\/ccoo.app\/diputacio-de-barcelona\/wp-content\/blogs.dir\/6\/files\/sites\/186\/2020\/03\/i-de-info-300x300.jpg 300w, https:\/\/ccoo.app\/diputacio-de-barcelona\/wp-content\/blogs.dir\/6\/files\/sites\/186\/2020\/03\/i-de-info-150x150.jpg 150w, https:\/\/ccoo.app\/diputacio-de-barcelona\/wp-content\/blogs.dir\/6\/files\/sites\/186\/2020\/03\/i-de-info.jpg 626w\" sizes=\"auto, (max-width: 83px) 100vw, 83px\" \/><\/p>\n<p style=\"text-align: center\"><span style=\"font-family: 'arial black', sans-serif;font-size: 20px;color: #ffff00;background-color: #ff0000\">TOTA LA INFORMACI\u00d3 QUE NECESSITES<\/span><\/p>\n<p><img loading=\"lazy\" decoding=\"async\" class=\"wp-image-5913 aligncenter\" src=\"http:\/\/ccoo.app\/diputacio-de-barcelona\/wp-content\/blogs.dir\/6\/files\/sites\/186\/2020\/05\/telefono-300x300.jpg\" alt=\"\" width=\"59\" height=\"59\" srcset=\"https:\/\/ccoo.app\/diputacio-de-barcelona\/wp-content\/blogs.dir\/6\/files\/sites\/186\/2020\/05\/telefono-300x300.jpg 300w, https:\/\/ccoo.app\/diputacio-de-barcelona\/wp-content\/blogs.dir\/6\/files\/sites\/186\/2020\/05\/telefono-150x150.jpg 150w, https:\/\/ccoo.app\/diputacio-de-barcelona\/wp-content\/blogs.dir\/6\/files\/sites\/186\/2020\/05\/telefono.jpg 600w\" sizes=\"auto, (max-width: 59px) 100vw, 59px\" \/><\/p>\n<p style=\"text-align: center\"><span style=\"font-family: 'arial black', sans-serif;color: #000000\">DE DILLUNS A DIVENDRES<\/span><\/p>\n<p style=\"text-align: center\"><span style=\"font-family: 'arial black', sans-serif;color: #000000\">DE 10:00 A 14:30 i DE 17:00 A 19 HORES<\/span><\/p>\n<p style=\"text-align: center\"><span style=\"font-family: 'arial black', sans-serif;color: #ff0000\">93.402.29.85 \u2013 22985 \u2013 667 90 69 64<\/span><\/p>\n<p style=\"text-align: center\"><span style=\"font-family: arial, helvetica, sans-serif\"><img loading=\"lazy\" decoding=\"async\" class=\"wp-image-5553 aligncenter\" src=\"http:\/\/ccoo.app\/diputacio-de-barcelona\/wp-content\/blogs.dir\/6\/files\/sites\/186\/2020\/04\/mail-foto-300x200.jpg\" alt=\"\" width=\"59\" height=\"39\" srcset=\"https:\/\/ccoo.app\/diputacio-de-barcelona\/wp-content\/blogs.dir\/6\/files\/sites\/186\/2020\/04\/mail-foto-300x200.jpg 300w, https:\/\/ccoo.app\/diputacio-de-barcelona\/wp-content\/blogs.dir\/6\/files\/sites\/186\/2020\/04\/mail-foto-1024x683.jpg 1024w, https:\/\/ccoo.app\/diputacio-de-barcelona\/wp-content\/blogs.dir\/6\/files\/sites\/186\/2020\/04\/mail-foto-768x512.jpg 768w, https:\/\/ccoo.app\/diputacio-de-barcelona\/wp-content\/blogs.dir\/6\/files\/sites\/186\/2020\/04\/mail-foto.jpg 1200w\" sizes=\"auto, (max-width: 59px) 100vw, 59px\" \/><\/span><\/p>\n<p style=\"text-align: center\"><span style=\"font-family: arial, helvetica, sans-serif;color: #000000\">La\u00a0SECCI\u00d3 SINDICAL DE CCOO donem resposta a tots els teus dubtes o t\u2019ajudem solucionar els problemes que puguis tenir.<strong>\u00a0T\u2019ajudem a defensar els teus drets!<\/strong><\/span><\/p>\n<p style=\"text-align: center\"><span style=\"font-family: 'arial black', sans-serif;color: #0000ff\"><a style=\"color: #0000ff\" href=\"mailto:ccoo@diba.cat\"><strong>ccoo@diba.cat<\/strong><\/a><\/span><\/p>\n<p style=\"text-align: center\"><span style=\"font-family: 'arial black', sans-serif;color: #0000ff\"><a style=\"color: #0000ff\" href=\"mailto:orgt.ssccoo@diba.cat\">orgt.ssccoo@diba.cat<\/a><\/span><\/p>\n<p style=\"text-align: center\"><span style=\"font-family: arial, helvetica, sans-serif\"><img loading=\"lazy\" decoding=\"async\" class=\"wp-image-5554 aligncenter\" src=\"http:\/\/ccoo.app\/diputacio-de-barcelona\/wp-content\/blogs.dir\/6\/files\/sites\/186\/2020\/04\/mail-foto-enviar-300x212.jpg\" alt=\"\" width=\"67\" height=\"47\" srcset=\"https:\/\/ccoo.app\/diputacio-de-barcelona\/wp-content\/blogs.dir\/6\/files\/sites\/186\/2020\/04\/mail-foto-enviar-300x212.jpg 300w, https:\/\/ccoo.app\/diputacio-de-barcelona\/wp-content\/blogs.dir\/6\/files\/sites\/186\/2020\/04\/mail-foto-enviar-1024x724.jpg 1024w, https:\/\/ccoo.app\/diputacio-de-barcelona\/wp-content\/blogs.dir\/6\/files\/sites\/186\/2020\/04\/mail-foto-enviar-768x543.jpg 768w, https:\/\/ccoo.app\/diputacio-de-barcelona\/wp-content\/blogs.dir\/6\/files\/sites\/186\/2020\/04\/mail-foto-enviar.jpg 1200w\" sizes=\"auto, (max-width: 67px) 100vw, 67px\" \/><\/span><\/p>\n<p style=\"text-align: center\"><span style=\"font-family: arial, helvetica, sans-serif;color: #000000\">Encara no t\u2019has descarregat la nostra\u00a0<a style=\"color: #000000\" href=\"http:\/\/www.ccoo.cat\/carnet\/index.aspx?qr=1#descarrega\">APP<\/a>\u00a0CCOO-Diba d\u2019informaci\u00f3 sindical?<\/span><\/p>\n<p style=\"text-align: center\"><span style=\"font-family: arial, helvetica, sans-serif;color: #000000\">Fes clic\u00a0<span style=\"font-family: 'arial black', sans-serif;color: #0000ff\"><a style=\"color: #0000ff\" href=\"http:\/\/www.ccoo.cat\/carnet\/index.aspx?qr=1#descarrega\">aqu\u00ed<\/a><\/span>\u00a0per tenir la informaci\u00f3 abans que ning\u00fa!<\/span><\/p>\n<p style=\"text-align: center\"><span style=\"font-family: arial, helvetica, sans-serif\"><img loading=\"lazy\" decoding=\"async\" class=\"wp-image-5915 aligncenter\" src=\"http:\/\/ccoo.app\/diputacio-de-barcelona\/wp-content\/blogs.dir\/6\/files\/sites\/186\/2020\/05\/xarxes-socials-300x169.png\" alt=\"\" width=\"227\" height=\"128\" srcset=\"https:\/\/ccoo.app\/diputacio-de-barcelona\/wp-content\/blogs.dir\/6\/files\/sites\/186\/2020\/05\/xarxes-socials-300x169.png 300w, https:\/\/ccoo.app\/diputacio-de-barcelona\/wp-content\/blogs.dir\/6\/files\/sites\/186\/2020\/05\/xarxes-socials-1024x576.png 1024w, https:\/\/ccoo.app\/diputacio-de-barcelona\/wp-content\/blogs.dir\/6\/files\/sites\/186\/2020\/05\/xarxes-socials-768x432.png 768w, https:\/\/ccoo.app\/diputacio-de-barcelona\/wp-content\/blogs.dir\/6\/files\/sites\/186\/2020\/05\/xarxes-socials.png 1200w\" sizes=\"auto, (max-width: 227px) 100vw, 227px\" \/><\/span><\/p>\n<p style=\"text-align: center\"><span style=\"font-family: arial, helvetica, sans-serif\">Tamb\u00e9 trobar\u00e0s CCOO-Diba a les xarxes socials. <span style=\"color: #0000ff;font-family: 'arial black', sans-serif\">Clica<\/span> sobre la icona de la teva xarxa favorita:<\/span><\/p>\n<p style=\"text-align: center\"><span style=\"font-family: arial, helvetica, sans-serif\"><a href=\"https:\/\/twitter.com\/CCOODiba\"><img loading=\"lazy\" decoding=\"async\" class=\" wp-image-5728 aligncenter\" src=\"http:\/\/ccoo.app\/diputacio-de-barcelona\/wp-content\/blogs.dir\/6\/files\/sites\/186\/2020\/04\/twitter-300x300.png\" alt=\"\" width=\"89\" height=\"89\" srcset=\"https:\/\/ccoo.app\/diputacio-de-barcelona\/wp-content\/blogs.dir\/6\/files\/sites\/186\/2020\/04\/twitter-300x300.png 300w, https:\/\/ccoo.app\/diputacio-de-barcelona\/wp-content\/blogs.dir\/6\/files\/sites\/186\/2020\/04\/twitter-150x150.png 150w, https:\/\/ccoo.app\/diputacio-de-barcelona\/wp-content\/blogs.dir\/6\/files\/sites\/186\/2020\/04\/twitter.png 512w\" sizes=\"auto, (max-width: 89px) 100vw, 89px\" \/><\/a><\/span><\/p>\n<p style=\"text-align: center\"><span style=\"font-family: arial, helvetica, sans-serif\"><a href=\"https:\/\/www.instagram.com\/ccoo_diba\/?hl=es\"><img loading=\"lazy\" decoding=\"async\" class=\"wp-image-5730 aligncenter\" src=\"http:\/\/ccoo.app\/diputacio-de-barcelona\/wp-content\/blogs.dir\/6\/files\/sites\/186\/2020\/04\/instragram-300x300.png\" alt=\"\" width=\"91\" height=\"91\" srcset=\"https:\/\/ccoo.app\/diputacio-de-barcelona\/wp-content\/blogs.dir\/6\/files\/sites\/186\/2020\/04\/instragram-300x300.png 300w, https:\/\/ccoo.app\/diputacio-de-barcelona\/wp-content\/blogs.dir\/6\/files\/sites\/186\/2020\/04\/instragram-150x150.png 150w, https:\/\/ccoo.app\/diputacio-de-barcelona\/wp-content\/blogs.dir\/6\/files\/sites\/186\/2020\/04\/instragram.png 512w\" sizes=\"auto, (max-width: 91px) 100vw, 91px\" \/><\/a><\/span><\/p>\n<p><span style=\"font-family: arial, helvetica, sans-serif\"><a href=\"https:\/\/www.facebook.com\/CcooDiputacioDeBarcelona\/\"><img loading=\"lazy\" decoding=\"async\" class=\"wp-image-5729 aligncenter\" src=\"http:\/\/ccoo.app\/diputacio-de-barcelona\/wp-content\/blogs.dir\/6\/files\/sites\/186\/2020\/04\/facebook-300x300.png\" alt=\"\" width=\"90\" height=\"90\" srcset=\"https:\/\/ccoo.app\/diputacio-de-barcelona\/wp-content\/blogs.dir\/6\/files\/sites\/186\/2020\/04\/facebook-300x300.png 300w, https:\/\/ccoo.app\/diputacio-de-barcelona\/wp-content\/blogs.dir\/6\/files\/sites\/186\/2020\/04\/facebook-150x150.png 150w, https:\/\/ccoo.app\/diputacio-de-barcelona\/wp-content\/blogs.dir\/6\/files\/sites\/186\/2020\/04\/facebook.png 325w\" sizes=\"auto, (max-width: 90px) 100vw, 90px\" \/><\/a><a href=\"https:\/\/www.youtube.com\/channel\/UCFzenkS75udEcs4pB4qoZsg\"><img loading=\"lazy\" decoding=\"async\" class=\"wp-image-5916 aligncenter\" src=\"http:\/\/ccoo.app\/diputacio-de-barcelona\/wp-content\/blogs.dir\/6\/files\/sites\/186\/2020\/05\/youtube-300x115.jpg\" alt=\"\" width=\"122\" height=\"47\" srcset=\"https:\/\/ccoo.app\/diputacio-de-barcelona\/wp-content\/blogs.dir\/6\/files\/sites\/186\/2020\/05\/youtube-300x115.jpg 300w, https:\/\/ccoo.app\/diputacio-de-barcelona\/wp-content\/blogs.dir\/6\/files\/sites\/186\/2020\/05\/youtube-1024x391.jpg 1024w, https:\/\/ccoo.app\/diputacio-de-barcelona\/wp-content\/blogs.dir\/6\/files\/sites\/186\/2020\/05\/youtube-768x293.jpg 768w, https:\/\/ccoo.app\/diputacio-de-barcelona\/wp-content\/blogs.dir\/6\/files\/sites\/186\/2020\/05\/youtube.jpg 1200w\" sizes=\"auto, (max-width: 122px) 100vw, 122px\" \/><\/a><\/span><\/p>\n<p><a href=\"https:\/\/diba.ccoo.cat\/ccoo-torna-a-ser-primer-sindicat-a-catalunya\/\"><img loading=\"lazy\" decoding=\"async\" class=\"size-medium wp-image-4877 aligncenter\" src=\"http:\/\/ccoo.app\/diputacio-de-barcelona\/wp-content\/blogs.dir\/6\/files\/sites\/186\/2020\/01\/ccoo-primer-sindicat-catalunya-300x117.jpg\" alt=\"\" width=\"300\" height=\"117\" srcset=\"https:\/\/ccoo.app\/diputacio-de-barcelona\/wp-content\/blogs.dir\/6\/files\/sites\/186\/2020\/01\/ccoo-primer-sindicat-catalunya-300x117.jpg 300w, https:\/\/ccoo.app\/diputacio-de-barcelona\/wp-content\/blogs.dir\/6\/files\/sites\/186\/2020\/01\/ccoo-primer-sindicat-catalunya.jpg 490w\" sizes=\"auto, (max-width: 300px) 100vw, 300px\" \/><\/a><\/p>\n<p><a href=\"https:\/\/www.ccoo.es\/noticia:391405\"><img loading=\"lazy\" decoding=\"async\" class=\"size-medium wp-image-4878 aligncenter\" src=\"http:\/\/ccoo.app\/diputacio-de-barcelona\/wp-content\/blogs.dir\/6\/files\/sites\/186\/2020\/01\/ccoo-primer-sindicat-a-espana-300x91.jpg\" alt=\"\" width=\"300\" height=\"91\" srcset=\"https:\/\/ccoo.app\/diputacio-de-barcelona\/wp-content\/blogs.dir\/6\/files\/sites\/186\/2020\/01\/ccoo-primer-sindicat-a-espana-300x91.jpg 300w, https:\/\/ccoo.app\/diputacio-de-barcelona\/wp-content\/blogs.dir\/6\/files\/sites\/186\/2020\/01\/ccoo-primer-sindicat-a-espana.jpg 477w\" sizes=\"auto, (max-width: 300px) 100vw, 300px\" \/><\/a><\/p>\n<p><a href=\"https:\/\/www.ccoo.cat\/noticia\/224842\/ccoo-lliura-els-seus-comptes-auditats-del-2018-a-la-sindicatura-de-comptes-de-catalunya#.XjRZA-mWycz\"><img loading=\"lazy\" decoding=\"async\" class=\"size-medium wp-image-4879 aligncenter\" src=\"http:\/\/ccoo.app\/diputacio-de-barcelona\/wp-content\/blogs.dir\/6\/files\/sites\/186\/2020\/01\/ccoo-primer-sindicat-sindicatura-300x95.jpg\" alt=\"\" width=\"300\" height=\"95\" srcset=\"https:\/\/ccoo.app\/diputacio-de-barcelona\/wp-content\/blogs.dir\/6\/files\/sites\/186\/2020\/01\/ccoo-primer-sindicat-sindicatura-300x95.jpg 300w, https:\/\/ccoo.app\/diputacio-de-barcelona\/wp-content\/blogs.dir\/6\/files\/sites\/186\/2020\/01\/ccoo-primer-sindicat-sindicatura.jpg 476w\" sizes=\"auto, (max-width: 300px) 100vw, 300px\" \/><\/a>    \t<\/p>\n","protected":false},"excerpt":{"rendered":"<p>GUIA PER A LES PERSONES TREBALLADORES ESPECIALMENT SENSIBLE AL COVID-19 NOVETATS IMPORTANTS DES DEL 14.09.2020 QUI FORMA PART DELS GRUPS DE RISC FRONT AL CORONAVIRUS? Majors de 60 anys.\u00a0 Les &#8230; <\/p>\n<p class=\"read-more-container\"><a title=\"126\/COVID-19. SETEMBRE 2020 NOVETATS! COM HAS D&#8217;ACTUAR SI ET TROBES EN UN GRUP DE RISC PEL COVID-19?\" class=\"read-more button\" href=\"https:\/\/ccoo.app\/diputacio-de-barcelona\/grup-de-risc-pel-covid-19-2-2\/#more-6823\" aria-label=\"Leer m\u00e1s sobre 126\/COVID-19. SETEMBRE 2020 NOVETATS! COM HAS D&#8217;ACTUAR SI ET TROBES EN UN GRUP DE RISC PEL COVID-19?\">Continuar llegint<\/a><\/p>\n","protected":false},"author":4519,"featured_media":6824,"comment_status":"closed","ping_status":"closed","sticky":false,"template":"","format":"standard","meta":{"footnotes":""},"categories":[38,19,34,35],"tags":[64,89,127],"class_list":["post-6823","post","type-post","status-publish","format-standard","has-post-thumbnail","hentry","category-a-tot-el-personal","category-comunicats","category-respir","category-salut-laboral","tag-baixes-laborals","tag-coronavirus","tag-its","generate-columns","tablet-grid-50","mobile-grid-100","grid-parent","grid-50"],"_links":{"self":[{"href":"https:\/\/ccoo.app\/diputacio-de-barcelona\/wp-json\/wp\/v2\/posts\/6823","targetHints":{"allow":["GET"]}}],"collection":[{"href":"https:\/\/ccoo.app\/diputacio-de-barcelona\/wp-json\/wp\/v2\/posts"}],"about":[{"href":"https:\/\/ccoo.app\/diputacio-de-barcelona\/wp-json\/wp\/v2\/types\/post"}],"author":[{"embeddable":true,"href":"https:\/\/ccoo.app\/diputacio-de-barcelona\/wp-json\/wp\/v2\/users\/4519"}],"replies":[{"embeddable":true,"href":"https:\/\/ccoo.app\/diputacio-de-barcelona\/wp-json\/wp\/v2\/comments?post=6823"}],"version-history":[{"count":1,"href":"https:\/\/ccoo.app\/diputacio-de-barcelona\/wp-json\/wp\/v2\/posts\/6823\/revisions"}],"predecessor-version":[{"id":50871,"href":"https:\/\/ccoo.app\/diputacio-de-barcelona\/wp-json\/wp\/v2\/posts\/6823\/revisions\/50871"}],"wp:featuredmedia":[{"embeddable":true,"href":"https:\/\/ccoo.app\/diputacio-de-barcelona\/wp-json\/wp\/v2\/media\/6824"}],"wp:attachment":[{"href":"https:\/\/ccoo.app\/diputacio-de-barcelona\/wp-json\/wp\/v2\/media?parent=6823"}],"wp:term":[{"taxonomy":"category","embeddable":true,"href":"https:\/\/ccoo.app\/diputacio-de-barcelona\/wp-json\/wp\/v2\/categories?post=6823"},{"taxonomy":"post_tag","embeddable":true,"href":"https:\/\/ccoo.app\/diputacio-de-barcelona\/wp-json\/wp\/v2\/tags?post=6823"}],"curies":[{"name":"wp","href":"https:\/\/api.w.org\/{rel}","templated":true}]}}