{"id":6792,"date":"2020-09-28T14:03:14","date_gmt":"2020-09-28T13:03:14","guid":{"rendered":"https:\/\/diba.ccoo.cat\/?p=6792"},"modified":"2023-02-22T18:34:16","modified_gmt":"2023-02-22T17:34:16","slug":"es-mante-fins-el-31-de-desembre-la-mesura-de-conciliacio-48j","status":"publish","type":"post","link":"https:\/\/ccoo.app\/diputacio-de-barcelona\/es-mante-fins-el-31-de-desembre-la-mesura-de-conciliacio-48j\/","title":{"rendered":"ES MANT\u00c9 FINS AL MENYS EL MES DE JULIOL DE  2021 LA MESURA DE CONCILIACI\u00d3 48J (TANCAMENT D&#8217;AULES O CENTRES DE CURA)"},"content":{"rendered":"<p><a href=\"https:\/\/diba.ccoo.cat\/\"><img loading=\"lazy\" decoding=\"async\" class=\"wp-image-5909 aligncenter\" src=\"http:\/\/ccoo.app\/diputacio-de-barcelona\/wp-content\/blogs.dir\/6\/files\/sites\/186\/2020\/05\/nota-1-300x86.png\" alt=\"\" width=\"92\" height=\"27\" srcset=\"https:\/\/ccoo.app\/diputacio-de-barcelona\/wp-content\/blogs.dir\/6\/files\/sites\/186\/2020\/05\/nota-1-300x86.png 300w, https:\/\/ccoo.app\/diputacio-de-barcelona\/wp-content\/blogs.dir\/6\/files\/sites\/186\/2020\/05\/nota-1.png 339w\" sizes=\"auto, (max-width: 92px) 100vw, 92px\" \/><\/a><\/p>\n<p class=\"wp-caption-text\"><a href=\"https:\/\/diba.ccoo.cat\/\"><img loading=\"lazy\" decoding=\"async\" class=\"wp-image-1853 aligncenter\" src=\"http:\/\/ccoo.app\/diputacio-de-barcelona\/wp-content\/blogs.dir\/6\/files\/sites\/186\/2018\/01\/logoccoov18.jpg\" alt=\"\" width=\"240\" height=\"110\" \/><\/a><\/p>\n<p style=\"text-align: center\"><span style=\"font-family: 'arial black', sans-serif;color: #0000ff;font-size: 24px\">MESURA DAVANT EL TANCAMENT DE CENTRES EDUCATIUS, DE CURA DE GENT GRAN O DE PERSONES AMB DISCAPACITAT I\/O DEPEND\u00c8NCIA<\/span><\/p>\n<p style=\"text-align: center\"><strong><span style=\"color: #ff0000\">(modificaci\u00f3 del 29.04.2021 CLIQUEU <span style=\"color: #0000ff\"><a style=\"color: #0000ff\" href=\"https:\/\/diba.ccoo.cat\/protocolanticovidvigentfinsa_juliol_2021\/\">AQU\u00cd<\/a><\/span>)<\/span><\/strong><\/p>\n<p style=\"text-align: justify\"><span style=\"font-family: arial, helvetica, sans-serif;color: #000000;background-color: #ffff00\">Es mant\u00e9 la vig\u00e8ncia de la mesura relacionada amb el tancament dels centres educatius, de cura de gent gran o de persones amb discapacitat i\/o depend\u00e8ncia fins el MES DE JULIOL DE 2021.<\/span><\/p>\n<p style=\"text-align: justify\"><span style=\"font-family: arial, helvetica, sans-serif;color: #000000;background-color: #ffff00\">Es a dir, que davant un\u00a0<strong>tancament total o parcial<\/strong>\u00a0d\u2019un centre educatiu (o d\u2019una classe) que\u00a0<strong>impossibiliti portar l\u2019infant\u00a0<\/strong>(sigui alguns dies de la setmana o tots)\u00a0l\u2019empleat o empleada li ser\u00e0 concedit de nou el perm\u00eds regulat a l\u2019article 48 j) del\u00a0<em>TREBEP<\/em>\u00a0si per les caracter\u00edstiques del lloc de treball no pot passar a la modalitat de teletreball (de la mateixa manera s\u2019actuar\u00e0 si el tancament afecta a un centre de cura de la gent gran o de les persones amb discapacitat i\/o depend\u00e8ncia).<\/span><\/p>\n<p><img loading=\"lazy\" decoding=\"async\" class=\"size-medium wp-image-2968 aligncenter\" src=\"http:\/\/ccoo.app\/diputacio-de-barcelona\/wp-content\/blogs.dir\/6\/files\/sites\/186\/2018\/11\/familia-kiuc-620x349abc-300x169.jpg\" alt=\"\" width=\"300\" height=\"169\" srcset=\"https:\/\/ccoo.app\/diputacio-de-barcelona\/wp-content\/blogs.dir\/6\/files\/sites\/186\/2018\/11\/familia-kiuc-620x349abc-300x169.jpg 300w, https:\/\/ccoo.app\/diputacio-de-barcelona\/wp-content\/blogs.dir\/6\/files\/sites\/186\/2018\/11\/familia-kiuc-620x349abc.jpg 620w\" sizes=\"auto, (max-width: 300px) 100vw, 300px\" \/><\/p>\n<p style=\"text-align: justify\"><span style=\"font-family: arial, helvetica, sans-serif;color: #000000\"><span style=\"font-family: 'arial black', sans-serif\">INFORMACI\u00d3 AMPLIADA<\/span> D\u2019acord amb el <em>Protocol mitjan\u00e7ant el qual s\u2019estableixen criteris i mesures organitzatives, de prevenci\u00f3 i de protecci\u00f3 per a la represa de les activitats de la Diputaci\u00f3 de Barcelona amb car\u00e0cter general en el proc\u00e9s de desescalada del confinament provocat per la COVID-19<\/em>, el personal de la Diputaci\u00f3 pot demanar passar a prestar serveis en la\u00a0<strong>modalitat no presencial<\/strong>\u00a0per motius de conciliaci\u00f3:<\/span><\/p>\n<ul style=\"text-align: justify\">\n<li><span style=\"font-family: arial, helvetica, sans-serif;color: #000000\">Perqu\u00e8 conviuen amb fills\/filles menors\u00a0 (de 16 anys)<\/span><\/li>\n<li><span style=\"font-family: arial, helvetica, sans-serif;color: #000000\">Perqu\u00e8 conviuen amb gent gran dependent o persones amb discapacitat i\/o depend\u00e8ncia.<\/span><\/li>\n<\/ul>\n<p style=\"text-align: justify\"><span style=\"font-family: arial, helvetica, sans-serif;color: #000000\">En el sup\u00f2sit que les funcions del\u00a0 lloc\u00a0 de\u00a0 treball\u00a0 no\u00a0 siguin\u00a0 compatibles\u00a0 amb\u00a0 la modalitat de treball a dist\u00e0ncia, es concedir\u00e0 el perm\u00eds regulat a l\u2019article 48 j) del\u00a0<em>Real Decreto Legislativo 5\/2015, de 30 de octubre, por el que se aprueba el texto refundido de la Ley del Estatuto B\u00e1sico del Empleado P\u00fablico.<\/em><\/span><\/p>\n<p style=\"text-align: justify\"><span style=\"font-family: arial, helvetica, sans-serif;color: #000000\">La concessi\u00f3 d\u2019aquest perm\u00eds est\u00e0 condicionat al tancament del centre educatiu, del centre que tenen cura de la gent gran o de les persones amb discapacitat i\/o depend\u00e8ncia.<\/span><\/p>\n<p style=\"text-align: justify\"><span style=\"font-family: arial, helvetica, sans-serif;color: #000000\"><strong>TAMB\u00c9 PELS SERVEIS ESSENCIALS<\/strong> Es mant\u00e9 tamb\u00e9 la possibilitat que el\u00a0<strong>personal anomenat essencial<\/strong>\u00a0(que no pugui treballar en la modalitat no presencial) tamb\u00e9 pugui obtenir el perm\u00eds 48j. A curt termini, no hi ha una previsi\u00f3 de que els centres educatius tanquin de manera general. Per tant, nom\u00e9s haurem de fer front a tancaments espec\u00edfics de determinats col\u00b7legis o aules. Tenint en compte aquest fet, \u00e9s dif\u00edcil imaginar que la concessi\u00f3 d\u2019aquest perm\u00eds a algunes persones que ho puguin necessitar puntualment afecti les \u201cnecessitats del servei\u201d. Aix\u00ed ho hem manifestat a la reuni\u00f3. En qualsevol cas,\u00a0<strong>feu sempre la petici\u00f3<\/strong>\u00a0i exigiu del vostre referent de RH una <strong>resposta escrita<\/strong>. Quedem a la vostra disposici\u00f3 en cas de dubte.<\/span><\/p>\n<p style=\"text-align: justify\"><span style=\"font-family: arial, helvetica, sans-serif;color: #000000\"><strong>ATENCI\u00d3! MOLT IMPORTANT<\/strong><\/span><\/p>\n<ul style=\"text-align: justify\">\n<li><span style=\"font-family: arial, helvetica, sans-serif;color: #000000\"><strong>Conviure<\/strong>\u00a0amb fills menors o gent gran \u00e9s un\u00a0<strong>element essencial<\/strong>\u00a0per a la concessi\u00f3 del perm\u00eds. Si aquest \u00e9s el teu cas, no deixis d\u2019omplir la declaraci\u00f3 responsable i fer-la arribar al teu servei.<\/span><\/li>\n<li><span style=\"font-family: arial, helvetica, sans-serif;color: #000000\"><strong>Nom\u00e9s ha de fer la petici\u00f3<\/strong><strong>,\u00a0<\/strong>qui hagi estat designat\/ada pel seu comandament per a\u00a0<strong>reincorporar-se\u00a0<\/strong>al seu lloc de treball\u00a0<strong>de manera PRESENCIAL.<\/strong><\/span><\/li>\n<li style=\"text-align: justify\"><span style=\"font-family: arial, helvetica, sans-serif;color: #000000\">El\u00a0<\/span><strong style=\"color: #000000;font-family: arial, helvetica, sans-serif\">personal que treballa a dist\u00e0ncia<\/strong><span style=\"color: #000000;font-family: arial, helvetica, sans-serif\">\u00a0que conviu amb fills\/filles menors o gent gran dependent o persones amb discapacitat i\/o depend\u00e8ncia\u00a0<\/span><strong style=\"color: #000000;font-family: arial, helvetica, sans-serif\">t\u00e9 dret al que indica l\u2019article 3.4 del protocol:\u00a0<\/strong><em style=\"color: #000000;font-family: arial, helvetica, sans-serif\">\u201cEls empleats i empleades que treballin mitjan\u00e7ant modalitats no presencials hauran de realitzar la jornada assignada al lloc de treball que ocupen, sense perjudici que\u00a0<strong>adaptin el seu horari per poder conciliar<\/strong>\u00a0la se<span style=\"font-family: arial, helvetica, sans-serif;color: #000000\">va vida personal i professional\u201d\u00a0<\/span><\/em><span style=\"font-family: arial, helvetica, sans-serif;color: #000000\">(aix\u00f2 significa rebre un nombre de tasques raonables, ajustades a la teva situaci\u00f3 i pactar un horari definit diferent, si ho necessites, al de la teva jornada ordin\u00e0ria). En cas de problemes o dubtes, posa&#8217;t en contacte amb nosaltres!<\/span><\/li>\n<\/ul>\n<p style=\"text-align: justify\"><img loading=\"lazy\" decoding=\"async\" class=\"wp-image-6773 aligncenter\" src=\"http:\/\/ccoo.app\/diputacio-de-barcelona\/wp-content\/blogs.dir\/6\/files\/sites\/186\/2020\/09\/lupa-300x255.jpg\" alt=\"\" width=\"91\" height=\"77\" srcset=\"https:\/\/ccoo.app\/diputacio-de-barcelona\/wp-content\/blogs.dir\/6\/files\/sites\/186\/2020\/09\/lupa-300x255.jpg 300w, https:\/\/ccoo.app\/diputacio-de-barcelona\/wp-content\/blogs.dir\/6\/files\/sites\/186\/2020\/09\/lupa.jpg 339w\" sizes=\"auto, (max-width: 91px) 100vw, 91px\" \/><\/p>\n<p style=\"text-align: justify\"><span style=\"font-family: arial, helvetica, sans-serif;color: #000000\"><strong>TAMB\u00c9 HEU DE SABER:<\/strong><\/span><\/p>\n<ol style=\"text-align: justify\">\n<li style=\"text-align: justify\"><span style=\"font-family: arial, helvetica, sans-serif;color: #000000\">Us demanaran que acrediteu el tancament de l&#8217;aula o del centre de gent gran (o de persones amb discapacitat). Per exemple, en el cas dels centres d&#8217;ensenyament, \u00e9s possible que us demanin que reenvieu el mailing o notificaci\u00f3 rebuda pel col\u00b7legi.\u00a0<\/span><\/li>\n<li style=\"text-align: justify\"><span style=\"font-family: arial, helvetica, sans-serif;color: #000000\">Recordeu que el perm\u00eds retribu\u00eft 48j es pot <strong>sol\u00b7licitar<\/strong> sempre que <strong>us designin per prestar serveis de manera presencial. <\/strong>Cada servei us donar\u00e0 les indicacions del procediment a seguir.\u00a0<\/span><\/li>\n<li style=\"text-align: justify\"><span style=\"font-family: arial, helvetica, sans-serif;color: #000000\">Una vegada acreditada la situaci\u00f3 de necessitat per conciliaci\u00f3, correspondr\u00e0 a cada servei la decisi\u00f3 de si l\u2019empleat o empleada prestar\u00e0\u00a0<strong>servei de manera no presencial o es concedir\u00e0 el perm\u00eds.<\/strong><\/span><\/li>\n<li style=\"text-align: justify\"><span style=\"font-family: arial, helvetica, sans-serif;color: #000000\">Els empleats o empleades que gaudeixin del perm\u00eds <strong>poden ser requerits de manera puntual, temporal o permanent pels seus comandaments\u00a0<\/strong>per a treballar en la\u00a0<strong>modalitat a dist\u00e0ncia<\/strong> sempre que les tasques encomanades estiguin relacionades amb les funcions del seu lloc de treball.\u00a0<\/span><span style=\"font-family: arial, helvetica, sans-serif;color: #000000\">Quan el\u00a0<strong>requeriment<\/strong> de treball no presencial sigui\u00a0<strong>permanent<\/strong>, el perm\u00eds atorgat inicialment\u00a0<strong>es deixar\u00e0 en suspens<\/strong>\u00a0durant el temps que dur\u00ed aquest requeriment.<\/span><\/li>\n<\/ol>\n<p style=\"text-align: center\"><img loading=\"lazy\" decoding=\"async\" class=\"wp-image-5184 aligncenter\" src=\"http:\/\/ccoo.app\/diputacio-de-barcelona\/wp-content\/blogs.dir\/6\/files\/sites\/186\/2020\/03\/i-de-info-300x300.jpg\" alt=\"\" width=\"72\" height=\"72\" srcset=\"https:\/\/ccoo.app\/diputacio-de-barcelona\/wp-content\/blogs.dir\/6\/files\/sites\/186\/2020\/03\/i-de-info-300x300.jpg 300w, https:\/\/ccoo.app\/diputacio-de-barcelona\/wp-content\/blogs.dir\/6\/files\/sites\/186\/2020\/03\/i-de-info-150x150.jpg 150w, https:\/\/ccoo.app\/diputacio-de-barcelona\/wp-content\/blogs.dir\/6\/files\/sites\/186\/2020\/03\/i-de-info.jpg 626w\" sizes=\"auto, (max-width: 72px) 100vw, 72px\" \/><span style=\"font-family: 'arial black', sans-serif;font-size: 20px;color: #ffff00;background-color: #ff0000\">TOTA LA INFORMACI\u00d3 SINDICAL QUE NECESSITES<\/span><\/p>\n<p><img loading=\"lazy\" decoding=\"async\" class=\"wp-image-5913 aligncenter\" src=\"http:\/\/ccoo.app\/diputacio-de-barcelona\/wp-content\/blogs.dir\/6\/files\/sites\/186\/2020\/05\/telefono-300x300.jpg\" alt=\"\" width=\"59\" height=\"59\" srcset=\"https:\/\/ccoo.app\/diputacio-de-barcelona\/wp-content\/blogs.dir\/6\/files\/sites\/186\/2020\/05\/telefono-300x300.jpg 300w, https:\/\/ccoo.app\/diputacio-de-barcelona\/wp-content\/blogs.dir\/6\/files\/sites\/186\/2020\/05\/telefono-150x150.jpg 150w, https:\/\/ccoo.app\/diputacio-de-barcelona\/wp-content\/blogs.dir\/6\/files\/sites\/186\/2020\/05\/telefono.jpg 600w\" sizes=\"auto, (max-width: 59px) 100vw, 59px\" \/><\/p>\n<p style=\"text-align: center\"><span style=\"font-family: 'arial black', sans-serif;color: #000000\">DE DILLUNS A DIVENDRES<\/span><\/p>\n<p style=\"text-align: center\"><span style=\"font-family: 'arial black', sans-serif;color: #000000;background-color: #ffff00\">DE 10:00 A 14:30 i DE 17:00 A 19:00\u00a0<\/span><\/p>\n<p style=\"text-align: center\"><span style=\"font-family: 'arial black', sans-serif;color: #ff0000\">93.402.29.85 \u2013 22985 \u2013 667 90 69 64<\/span><\/p>\n<p><img loading=\"lazy\" decoding=\"async\" class=\"wp-image-5553 aligncenter\" src=\"http:\/\/ccoo.app\/diputacio-de-barcelona\/wp-content\/blogs.dir\/6\/files\/sites\/186\/2020\/04\/mail-foto-300x200.jpg\" alt=\"\" width=\"59\" height=\"39\" srcset=\"https:\/\/ccoo.app\/diputacio-de-barcelona\/wp-content\/blogs.dir\/6\/files\/sites\/186\/2020\/04\/mail-foto-300x200.jpg 300w, https:\/\/ccoo.app\/diputacio-de-barcelona\/wp-content\/blogs.dir\/6\/files\/sites\/186\/2020\/04\/mail-foto-1024x683.jpg 1024w, https:\/\/ccoo.app\/diputacio-de-barcelona\/wp-content\/blogs.dir\/6\/files\/sites\/186\/2020\/04\/mail-foto-768x512.jpg 768w, https:\/\/ccoo.app\/diputacio-de-barcelona\/wp-content\/blogs.dir\/6\/files\/sites\/186\/2020\/04\/mail-foto.jpg 1200w\" sizes=\"auto, (max-width: 59px) 100vw, 59px\" \/><\/p>\n<p style=\"text-align: center\"><span style=\"font-family: arial, helvetica, sans-serif;color: #000000\">La\u00a0SECCI\u00d3 SINDICAL DE CCOO donem resposta a tots els teus dubtes o t&#8217;ajudem solucionar els problemes que puguis tenir.<strong> T&#8217;ajudem a defensar els teus drets!<\/strong><\/span><\/p>\n<p style=\"text-align: center\"><span style=\"font-family: 'arial black', sans-serif;color: #0000ff\"><a style=\"color: #0000ff\" href=\"mailto:ccoo@diba.cat\"><strong>ccoo@diba.cat<\/strong><\/a><\/span><\/p>\n<p style=\"text-align: center\"><span style=\"font-family: 'arial black', sans-serif;color: #0000ff\"><a style=\"color: #0000ff\" href=\"mailto:orgt.ssccoo@diba.cat\">orgt.ssccoo@diba.cat<\/a><\/span><\/p>\n<p><img loading=\"lazy\" decoding=\"async\" class=\"wp-image-5554 aligncenter\" src=\"http:\/\/ccoo.app\/diputacio-de-barcelona\/wp-content\/blogs.dir\/6\/files\/sites\/186\/2020\/04\/mail-foto-enviar-300x212.jpg\" alt=\"\" width=\"67\" height=\"47\" srcset=\"https:\/\/ccoo.app\/diputacio-de-barcelona\/wp-content\/blogs.dir\/6\/files\/sites\/186\/2020\/04\/mail-foto-enviar-300x212.jpg 300w, https:\/\/ccoo.app\/diputacio-de-barcelona\/wp-content\/blogs.dir\/6\/files\/sites\/186\/2020\/04\/mail-foto-enviar-1024x724.jpg 1024w, https:\/\/ccoo.app\/diputacio-de-barcelona\/wp-content\/blogs.dir\/6\/files\/sites\/186\/2020\/04\/mail-foto-enviar-768x543.jpg 768w, https:\/\/ccoo.app\/diputacio-de-barcelona\/wp-content\/blogs.dir\/6\/files\/sites\/186\/2020\/04\/mail-foto-enviar.jpg 1200w\" sizes=\"auto, (max-width: 67px) 100vw, 67px\" \/><\/p>\n<p style=\"text-align: center\"><span style=\"font-family: arial, helvetica, sans-serif;color: #000000\">Encara no t&#8217;has descarregat la nostra <a href=\"http:\/\/www.ccoo.cat\/carnet\/index.aspx?qr=1#descarrega\"><span style=\"font-family: 'arial black', sans-serif;color: #0000ff\">APP<\/span><\/a> CCOO-Diba d&#8217;informaci\u00f3 sindical?<\/span><\/p>\n<p style=\"text-align: center\"><span style=\"font-family: arial, helvetica, sans-serif;color: #000000\">Fes clic <a href=\"http:\/\/www.ccoo.cat\/carnet\/index.aspx?qr=1#descarrega\"><span style=\"font-family: 'arial black', sans-serif;color: #0000ff\">aqu\u00ed<\/span><\/a> per tenir la informaci\u00f3 abans que ning\u00fa!<\/span><\/p>\n<p><img loading=\"lazy\" decoding=\"async\" class=\"wp-image-5915 aligncenter\" src=\"http:\/\/ccoo.app\/diputacio-de-barcelona\/wp-content\/blogs.dir\/6\/files\/sites\/186\/2020\/05\/xarxes-socials-300x169.png\" alt=\"\" width=\"227\" height=\"128\" srcset=\"https:\/\/ccoo.app\/diputacio-de-barcelona\/wp-content\/blogs.dir\/6\/files\/sites\/186\/2020\/05\/xarxes-socials-300x169.png 300w, https:\/\/ccoo.app\/diputacio-de-barcelona\/wp-content\/blogs.dir\/6\/files\/sites\/186\/2020\/05\/xarxes-socials-1024x576.png 1024w, https:\/\/ccoo.app\/diputacio-de-barcelona\/wp-content\/blogs.dir\/6\/files\/sites\/186\/2020\/05\/xarxes-socials-768x432.png 768w, https:\/\/ccoo.app\/diputacio-de-barcelona\/wp-content\/blogs.dir\/6\/files\/sites\/186\/2020\/05\/xarxes-socials.png 1200w\" sizes=\"auto, (max-width: 227px) 100vw, 227px\" \/><\/p>\n<p style=\"text-align: center\"><span style=\"font-family: arial, helvetica, sans-serif;color: #000000\">Tamb\u00e9 trobar\u00e0s CCOO-Diba a les xarxes socials. Clica sobre la icona de la teva xarxa favorita:<\/span><\/p>\n<p><a href=\"https:\/\/twitter.com\/CCOODiba\"><img loading=\"lazy\" decoding=\"async\" class=\" wp-image-5728 aligncenter\" src=\"http:\/\/ccoo.app\/diputacio-de-barcelona\/wp-content\/blogs.dir\/6\/files\/sites\/186\/2020\/04\/twitter-300x300.png\" alt=\"\" width=\"89\" height=\"89\" srcset=\"https:\/\/ccoo.app\/diputacio-de-barcelona\/wp-content\/blogs.dir\/6\/files\/sites\/186\/2020\/04\/twitter-300x300.png 300w, https:\/\/ccoo.app\/diputacio-de-barcelona\/wp-content\/blogs.dir\/6\/files\/sites\/186\/2020\/04\/twitter-150x150.png 150w, https:\/\/ccoo.app\/diputacio-de-barcelona\/wp-content\/blogs.dir\/6\/files\/sites\/186\/2020\/04\/twitter.png 512w\" sizes=\"auto, (max-width: 89px) 100vw, 89px\" \/><\/a><\/p>\n<p><a href=\"https:\/\/www.instagram.com\/ccoo_diba\/?hl=es\"><img loading=\"lazy\" decoding=\"async\" class=\"wp-image-5730 aligncenter\" src=\"http:\/\/ccoo.app\/diputacio-de-barcelona\/wp-content\/blogs.dir\/6\/files\/sites\/186\/2020\/04\/instragram-300x300.png\" alt=\"\" width=\"91\" height=\"91\" srcset=\"https:\/\/ccoo.app\/diputacio-de-barcelona\/wp-content\/blogs.dir\/6\/files\/sites\/186\/2020\/04\/instragram-300x300.png 300w, https:\/\/ccoo.app\/diputacio-de-barcelona\/wp-content\/blogs.dir\/6\/files\/sites\/186\/2020\/04\/instragram-150x150.png 150w, https:\/\/ccoo.app\/diputacio-de-barcelona\/wp-content\/blogs.dir\/6\/files\/sites\/186\/2020\/04\/instragram.png 512w\" sizes=\"auto, (max-width: 91px) 100vw, 91px\" \/><\/a><\/p>\n<p><a href=\"https:\/\/www.facebook.com\/CcooDiputacioDeBarcelona\/\"><img loading=\"lazy\" decoding=\"async\" class=\"wp-image-5729 aligncenter\" src=\"http:\/\/ccoo.app\/diputacio-de-barcelona\/wp-content\/blogs.dir\/6\/files\/sites\/186\/2020\/04\/facebook-300x300.png\" alt=\"\" width=\"90\" height=\"90\" srcset=\"https:\/\/ccoo.app\/diputacio-de-barcelona\/wp-content\/blogs.dir\/6\/files\/sites\/186\/2020\/04\/facebook-300x300.png 300w, https:\/\/ccoo.app\/diputacio-de-barcelona\/wp-content\/blogs.dir\/6\/files\/sites\/186\/2020\/04\/facebook-150x150.png 150w, https:\/\/ccoo.app\/diputacio-de-barcelona\/wp-content\/blogs.dir\/6\/files\/sites\/186\/2020\/04\/facebook.png 325w\" sizes=\"auto, (max-width: 90px) 100vw, 90px\" \/><\/a><a href=\"https:\/\/www.youtube.com\/channel\/UCFzenkS75udEcs4pB4qoZsg\"><img loading=\"lazy\" decoding=\"async\" class=\" wp-image-5916 aligncenter\" src=\"http:\/\/ccoo.app\/diputacio-de-barcelona\/wp-content\/blogs.dir\/6\/files\/sites\/186\/2020\/05\/youtube-300x115.jpg\" alt=\"\" width=\"122\" height=\"47\" srcset=\"https:\/\/ccoo.app\/diputacio-de-barcelona\/wp-content\/blogs.dir\/6\/files\/sites\/186\/2020\/05\/youtube-300x115.jpg 300w, https:\/\/ccoo.app\/diputacio-de-barcelona\/wp-content\/blogs.dir\/6\/files\/sites\/186\/2020\/05\/youtube-1024x391.jpg 1024w, https:\/\/ccoo.app\/diputacio-de-barcelona\/wp-content\/blogs.dir\/6\/files\/sites\/186\/2020\/05\/youtube-768x293.jpg 768w, https:\/\/ccoo.app\/diputacio-de-barcelona\/wp-content\/blogs.dir\/6\/files\/sites\/186\/2020\/05\/youtube.jpg 1200w\" sizes=\"auto, (max-width: 122px) 100vw, 122px\" \/><\/a><\/p>\n<p><iframe loading=\"lazy\" title=\"Hauran de comptar amb nosaltres. Salut, treball i just\u00edcia social || 1r de maig del 2020.\" width=\"1200\" height=\"675\" src=\"https:\/\/www.youtube.com\/embed\/uS104R3aSJs?feature=oembed\" frameborder=\"0\" allow=\"accelerometer; autoplay; clipboard-write; encrypted-media; gyroscope; picture-in-picture; web-share\" allowfullscreen><\/iframe>    \t<\/p>\n","protected":false},"excerpt":{"rendered":"<p>MESURA DAVANT EL TANCAMENT DE CENTRES EDUCATIUS, DE CURA DE GENT GRAN O DE PERSONES AMB DISCAPACITAT I\/O DEPEND\u00c8NCIA (modificaci\u00f3 del 29.04.2021 CLIQUEU AQU\u00cd) Es mant\u00e9 la vig\u00e8ncia de la &#8230; <\/p>\n<p class=\"read-more-container\"><a title=\"ES MANT\u00c9 FINS AL MENYS EL MES DE JULIOL DE  2021 LA MESURA DE CONCILIACI\u00d3 48J (TANCAMENT D&#8217;AULES O CENTRES DE CURA)\" class=\"read-more button\" href=\"https:\/\/ccoo.app\/diputacio-de-barcelona\/es-mante-fins-el-31-de-desembre-la-mesura-de-conciliacio-48j\/#more-6792\" aria-label=\"Leer m\u00e1s sobre ES MANT\u00c9 FINS AL MENYS EL MES DE JULIOL DE  2021 LA MESURA DE CONCILIACI\u00d3 48J (TANCAMENT D&#8217;AULES O CENTRES DE CURA)\">Continuar llegint<\/a><\/p>\n","protected":false},"author":4519,"featured_media":2968,"comment_status":"open","ping_status":"open","sticky":false,"template":"","format":"standard","meta":{"footnotes":""},"categories":[18,30],"tags":[127,174,212,221],"class_list":["post-6792","post","type-post","status-publish","format-standard","has-post-thumbnail","hentry","category-ccoo-info","category-permisos","tag-its","tag-permis-de-conciliacio","tag-salut","tag-teletreball","generate-columns","tablet-grid-50","mobile-grid-100","grid-parent","grid-50"],"_links":{"self":[{"href":"https:\/\/ccoo.app\/diputacio-de-barcelona\/wp-json\/wp\/v2\/posts\/6792","targetHints":{"allow":["GET"]}}],"collection":[{"href":"https:\/\/ccoo.app\/diputacio-de-barcelona\/wp-json\/wp\/v2\/posts"}],"about":[{"href":"https:\/\/ccoo.app\/diputacio-de-barcelona\/wp-json\/wp\/v2\/types\/post"}],"author":[{"embeddable":true,"href":"https:\/\/ccoo.app\/diputacio-de-barcelona\/wp-json\/wp\/v2\/users\/4519"}],"replies":[{"embeddable":true,"href":"https:\/\/ccoo.app\/diputacio-de-barcelona\/wp-json\/wp\/v2\/comments?post=6792"}],"version-history":[{"count":1,"href":"https:\/\/ccoo.app\/diputacio-de-barcelona\/wp-json\/wp\/v2\/posts\/6792\/revisions"}],"predecessor-version":[{"id":50878,"href":"https:\/\/ccoo.app\/diputacio-de-barcelona\/wp-json\/wp\/v2\/posts\/6792\/revisions\/50878"}],"wp:featuredmedia":[{"embeddable":true,"href":"https:\/\/ccoo.app\/diputacio-de-barcelona\/wp-json\/wp\/v2\/media\/2968"}],"wp:attachment":[{"href":"https:\/\/ccoo.app\/diputacio-de-barcelona\/wp-json\/wp\/v2\/media?parent=6792"}],"wp:term":[{"taxonomy":"category","embeddable":true,"href":"https:\/\/ccoo.app\/diputacio-de-barcelona\/wp-json\/wp\/v2\/categories?post=6792"},{"taxonomy":"post_tag","embeddable":true,"href":"https:\/\/ccoo.app\/diputacio-de-barcelona\/wp-json\/wp\/v2\/tags?post=6792"}],"curies":[{"name":"wp","href":"https:\/\/api.w.org\/{rel}","templated":true}]}}