{"id":6777,"date":"2020-09-28T10:26:06","date_gmt":"2020-09-28T09:26:06","guid":{"rendered":"https:\/\/diba.ccoo.cat\/?p=6777"},"modified":"2023-02-22T18:34:19","modified_gmt":"2023-02-22T17:34:19","slug":"comunicat-xbm-retorn-a-lanormalitat","status":"publish","type":"post","link":"https:\/\/ccoo.app\/diputacio-de-barcelona\/comunicat-xbm-retorn-a-lanormalitat\/","title":{"rendered":"123\/COVID-19. COMUNICAT XBM: RETORN A \u00abL&#8217;ANORMALITAT\u00bb."},"content":{"rendered":"<p><a href=\"https:\/\/diba.ccoo.cat\/\"><img loading=\"lazy\" decoding=\"async\" class=\"wp-image-5909 aligncenter\" src=\"http:\/\/ccoo.app\/diputacio-de-barcelona\/wp-content\/blogs.dir\/6\/files\/sites\/186\/2020\/05\/nota-1-300x86.png\" alt=\"\" width=\"92\" height=\"27\" srcset=\"https:\/\/ccoo.app\/diputacio-de-barcelona\/wp-content\/blogs.dir\/6\/files\/sites\/186\/2020\/05\/nota-1-300x86.png 300w, https:\/\/ccoo.app\/diputacio-de-barcelona\/wp-content\/blogs.dir\/6\/files\/sites\/186\/2020\/05\/nota-1.png 339w\" sizes=\"auto, (max-width: 92px) 100vw, 92px\" \/><\/a><\/p>\n<p class=\"wp-caption-text\"><a href=\"https:\/\/diba.ccoo.cat\/\"><img loading=\"lazy\" decoding=\"async\" class=\"wp-image-1853 aligncenter\" src=\"http:\/\/ccoo.app\/diputacio-de-barcelona\/wp-content\/blogs.dir\/6\/files\/sites\/186\/2018\/01\/logoccoov18.jpg\" alt=\"\" width=\"240\" height=\"110\" \/><\/a><\/p>\n<p><img loading=\"lazy\" decoding=\"async\" class=\"wp-image-5910 aligncenter\" src=\"http:\/\/ccoo.app\/diputacio-de-barcelona\/wp-content\/blogs.dir\/6\/files\/sites\/186\/2020\/05\/nota-3-300x83.png\" alt=\"\" width=\"90\" height=\"25\" srcset=\"https:\/\/ccoo.app\/diputacio-de-barcelona\/wp-content\/blogs.dir\/6\/files\/sites\/186\/2020\/05\/nota-3-300x83.png 300w, https:\/\/ccoo.app\/diputacio-de-barcelona\/wp-content\/blogs.dir\/6\/files\/sites\/186\/2020\/05\/nota-3.png 337w\" sizes=\"auto, (max-width: 90px) 100vw, 90px\" \/><\/p>\n<p style=\"text-align: center\"><span style=\"font-family: 'arial black', sans-serif;color: #0000ff;font-size: 24px\">COMUNICAT XBM: RETORN A \u00abL&#8217;ANORMALITAT\u00bb<\/span><\/p>\n<p style=\"text-align: center\"><span style=\"font-family: arial, helvetica, sans-serif;font-size: 14px;color: #000000\">-28 de setembre de 2020-<\/span><\/p>\n<p style=\"text-align: justify\"><span style=\"font-family: arial, helvetica, sans-serif;color: #000000\">Sense cap consulta ni participaci\u00f3 pr\u00e8via de la Representaci\u00f3 Social Legal dels Treballadors i Treballadores (RLT), la Ger\u00e8ncia ha anunciat que <em>\u201cles biblioteques puguin fer com a m\u00ednim el 80% de les hores d\u2019obertura habituals\u201d<\/em> i que la distribuci\u00f3 hor\u00e0ria haur\u00e0 d\u2019incloure el dissabte al mat\u00ed com a m\u00ednim i sempre que sigui possible matins i tardes intersetmanals.<\/span><\/p>\n<p style=\"text-align: justify\"><span style=\"font-family: arial, helvetica, sans-serif;color: #000000\">Com que aquesta i, de fet, tota la informaci\u00f3 que tenim \u00e9s la que el personal ens envia, hem demanat explicacions i el proper 6 d\u2019octubre, a la <em>Comissi\u00f3 de Seguiment del Protocol<\/em> quinzenal (cliqueu <span style=\"font-family: 'arial black', sans-serif;color: #0000ff\">aqu\u00ed<\/span>) comptarem amb l\u2019assist\u00e8ncia de la gerent de biblioteques. Recordem a la ger\u00e8ncia que el <em>Protocol<\/em> va ser negociat i signat per\u00a0 la corporaci\u00f3 i els sindicats, i ratificat pel Ple. Per tant, qualsevol decisi\u00f3 o interpretaci\u00f3 respecte a la seva aplicaci\u00f3 ha de ser tractada necess\u00e0riament a la comissi\u00f3 de seguiment. Complint amb la normativa o simplement per defer\u00e8ncia, all\u00f2 que es pensa fer, all\u00f2 que es pensa comunicar a la plantilla, hauria de ser abans transm\u00e8s a la RLT.<\/span><\/p>\n<p>&nbsp;<\/p>\n<p style=\"text-align: justify\"><span style=\"font-family: arial, helvetica, sans-serif;color: #000000\"><span style=\"font-family: 'arial black', sans-serif\">JORNADA DE TREBALL<\/span> \u00a0Des de l\u2019inici de la fase de desescalada, CCOO-Diba tot i l\u2019exist\u00e8ncia de la \u201c<em>Orden SND\/399\/202\u201d, <\/em>v\u00e0rem exigir cautela en la seva implementaci\u00f3. Els horaris i els serveis s\u2019havien d\u2019ajustar tenint en compte la reducci\u00f3 del personal (perm\u00eds per conciliaci\u00f3 o per formar part d\u2019un col\u00b7lectiu vulnerable) i la capacitat de donar garanties de seguretat front a possibles contagis a la ciutadania i a les persones treballadores (cliqueu <span style=\"font-family: 'arial black', sans-serif;color: #0000ff\"><a style=\"color: #0000ff\" href=\"https:\/\/diba.ccoo.cat\/les-biblioteques-han-dobrir-garantint-previament-la-seguretat-de-la-ciutadania-i-del-personal-que-hi-treballa\/\">aqu\u00ed<\/a><\/span>).<\/span><\/p>\n<p style=\"text-align: justify\"><span style=\"font-family: arial, helvetica, sans-serif;color: #000000\">Ara, sembla que l\u2019obertura dels centres educatius i escolars justifica que les nostres Biblioteques hagin de funcionar gaireb\u00e9 \u201ca tota m\u00e0quina\u201d. A la reuni\u00f3 de Seguiment, ho hem dit clar: <strong>ens mostrem contraris a que es tornin a realitzar jornades de mat\u00ed i tarda <\/strong>(per exemple, de 9 a 14.30 y de 16.30 a 20.30h ?) <strong>i dissabtes.<\/strong><\/span><\/p>\n<p style=\"text-align: justify\"><span style=\"font-family: arial, helvetica, sans-serif;color: #000000\">A la <em>Comissi\u00f3<\/em> es va decidir el seg\u00fcent:\u00a0 \u201c<em>Atenent l\u2019evoluci\u00f3 de la situaci\u00f3 de la crisi sanit\u00e0ria provocada per la COVID-9, s\u2019ha concl\u00f2s mantenir,\u00a0per a la modalitat de treball presencial, la <strong>jornada intensiva fins al 31 de desembre de 2020<\/strong><\/em>\u201d. D\u2019aplicaci\u00f3 per al personal de la XBM? Tot i que vam insistir, la resposta va ser NO!<\/span><\/p>\n<p style=\"text-align: justify\"><span style=\"font-family: arial, helvetica, sans-serif;color: #000000\">Des de CCOO-Diba considerem que ampliar horaris i establir jornades de mat\u00ed i tarda, va en el sentit contrari del que indica el nostre <em>Protocol<\/em>:\u00a0 mantenir les presencialitats m\u00e9s curtes possibles i evitar al m\u00e0xim els despla\u00e7aments.<\/span><\/p>\n<p style=\"text-align: justify\"><span style=\"font-family: arial, helvetica, sans-serif;color: #000000\">Ja es t\u00e9 en compte que el personal vulnerable que ara s\u2019incorpora, tot i que ho far\u00e0 amb adequacions del seu lloc de treball, segueix sent col\u00b7lectiu de risc?<\/span><\/p>\n<p><img loading=\"lazy\" decoding=\"async\" class=\"wp-image-6778 aligncenter\" src=\"http:\/\/ccoo.app\/diputacio-de-barcelona\/wp-content\/blogs.dir\/6\/files\/sites\/186\/2020\/09\/risc-covid-catalunya-297x300.png\" alt=\"\" width=\"189\" height=\"191\" srcset=\"https:\/\/ccoo.app\/diputacio-de-barcelona\/wp-content\/blogs.dir\/6\/files\/sites\/186\/2020\/09\/risc-covid-catalunya-297x300.png 297w, https:\/\/ccoo.app\/diputacio-de-barcelona\/wp-content\/blogs.dir\/6\/files\/sites\/186\/2020\/09\/risc-covid-catalunya.png 548w\" sizes=\"auto, (max-width: 189px) 100vw, 189px\" \/><\/p>\n<p style=\"text-align: justify\"><span style=\"font-family: arial, helvetica, sans-serif;color: #000000\">Potser ja no estem en una situaci\u00f3 d\u2019alt risc a la prov\u00edncia de Barcelona? De fet la situaci\u00f3 \u00e9s encara pitjor que quan es va publicar el mes de juny al DOGC la <span style=\"color: #0000ff;font-family: 'arial black', sans-serif\"><a style=\"color: #0000ff\" href=\"https:\/\/dogc.gencat.cat\/ca\/pdogc_canals_interns\/pdogc_resultats_fitxa\/?action=fitxa&amp;documentId=875707&amp;language=ca_ES\">RESOLUCI\u00d3 SLT\/1429\/2020<\/a><\/span> on es diu: \u201c<em>els factors que s&#8217;associen a activitats amb un risc m\u00e9s gran de transmissi\u00f3 del SARS-CoV-2 s\u00f3n el desenvolupament d\u2019activitats en espais tancats<\/em>\u201d.<\/span><\/p>\n<p style=\"text-align: justify\"><span style=\"font-family: arial, helvetica, sans-serif;color: #000000\">El document \u201c<span style=\"font-family: 'arial black', sans-serif;color: #0000ff\"><a style=\"color: #0000ff\" href=\"https:\/\/interior.gencat.cat\/web\/.content\/home\/030_arees_dactuacio\/proteccio_civil\/consells_autoproteccio_emergencies\/Coronavirus\/fases_confinament\/plans-de-desconfinament-sectorials\/Espectacles-culturals-llibreries-i-sales-dart\/20200703_Departament-de-Cultura_Pla-Represa-Biblioteques_portada.pdf\"><em>Plans de represa del sector cultural: biblioteques<\/em><\/a><\/span>\u201d elaborat pel Departament de Cultura de la Generalitat de Catalunya inclou informacions i <strong><u>recomanacions<\/u><\/strong> generals per\u00f2 en cap cas dictamina quina ha de ser la jornada del personal de la Diputaci\u00f3 de Barcelona.<\/span><\/p>\n<p>&nbsp;<\/p>\n<p style=\"text-align: justify\"><span style=\"font-family: arial, helvetica, sans-serif;color: #000000\"><span style=\"font-family: 'arial black', sans-serif\">PROPOSTA<\/span> Tenim clar\u00edssim que les biblioteques han de prestar servei. Podem entendre que es proposi ampliar els horaris d\u2019obertura. Ara b\u00e9, el que volem \u00e9s que aix\u00f2 es faci mantenint la jornada intensiva i, com \u00e9s obvi, garantint la seguretat de les persones usu\u00e0ries i del personal de les biblioteques d\u2019acord amb les mesures contemplades al nostre Protocol, amb <strong>vig\u00e8ncia fins al 31 de desembre <\/strong>d\u2019enguany:<\/span><\/p>\n<ul style=\"text-align: justify\">\n<li><span style=\"font-family: 'arial black', sans-serif;color: #0000ff\"><a style=\"color: #0000ff\" href=\"https:\/\/diba.ccoo.cat\/wp-content\/uploads\/sites\/37\/2020\/05\/5.-MESURES-FLEXIBILITAT-COMPACTACI%C3%93-I-JORNADA-DESTIU.pdf\"><strong>MESURES FLEXIBILITAT, COMPACTACI\u00d3 I JORNADA INTENSIVA <\/strong><\/a><\/span><\/li>\n<\/ul>\n<p style=\"text-align: justify\"><span style=\"font-family: 'arial black', sans-serif;color: #0000ff\"><strong>\u00a0<\/strong><\/span><\/p>\n<ul style=\"text-align: justify\">\n<li><span style=\"font-family: 'arial black', sans-serif;color: #0000ff\"><a style=\"color: #0000ff\" href=\"https:\/\/diba.ccoo.cat\/wp-content\/uploads\/sites\/37\/2020\/05\/8.-MESURES-DE-PREVENCI%C3%93-I-PROTECCI%C3%93-PR%C3%88VIES-A-L%E2%80%99INICI-DE-L%E2%80%99ACTIVITAT-PRESENCIAL.pdf\"><strong>MESURES DIVERSES DE PREVENCI\u00d3 I PROTECCI\u00d3 PER A L\u2019ACTIVITAT PRESENCIAL<\/strong><\/a><\/span><\/li>\n<\/ul>\n<p style=\"text-align: justify\"><span style=\"font-family: 'arial black', sans-serif;color: #0000ff\"><strong>\u00a0<\/strong><\/span><\/p>\n<ul style=\"text-align: justify\">\n<li><span style=\"font-family: 'arial black', sans-serif;color: #0000ff\"><a style=\"color: #0000ff\" href=\"https:\/\/diba.ccoo.cat\/wp-content\/uploads\/sites\/37\/2020\/05\/9.MESURES-PR%C3%88VIES-A-L%E2%80%99INICI-DE-L%E2%80%99ACTIVITAT-PRESENCIAL.-MATERIALS.pdf\"><strong>MESURES PR\u00c8VIES A L\u2019INICI DE L\u2019ACTIVITAT PRESENCIAL: MATERIALS<\/strong><\/a><\/span><\/li>\n<\/ul>\n<p style=\"text-align: justify\"><span style=\"font-family: 'arial black', sans-serif;color: #0000ff\"><strong>\u00a0<\/strong><\/span><\/p>\n<ul style=\"text-align: justify\">\n<li><span style=\"font-family: 'arial black', sans-serif;color: #0000ff\"><a style=\"color: #0000ff\" href=\"http:\/\/ccoo.app\/diputacio-de-barcelona\/wp-content\/blogs.dir\/6\/files\/sites\/186\/2020\/05\/10.MESURES-PR%C3%88VIES-A-L%E2%80%99INICI-DE-L%E2%80%99ACTIVITAT-PRESENCIAL.-SENYALITZACI%C3%93.pdf\"><strong>MESURES PR\u00c8VIES A L\u2019INICI DE L\u2019ACTIVITAT PRESENCIAL: SENYALITZACI\u00d3<\/strong><\/a><\/span><\/li>\n<\/ul>\n<p style=\"text-align: justify\"><span style=\"font-family: 'arial black', sans-serif;color: #0000ff\"><strong>\u00a0<\/strong><\/span><\/p>\n<ul style=\"text-align: justify\">\n<li><span style=\"font-family: 'arial black', sans-serif;color: #0000ff\"><strong><a style=\"color: #0000ff\" href=\"http:\/\/ccoo.app\/diputacio-de-barcelona\/wp-content\/blogs.dir\/6\/files\/sites\/186\/2020\/05\/11.MESURES-DE-PREVENCI%C3%93-I-PROTECCI%C3%93-UN-COP-INICIADA-L%E2%80%99ACTIVITAT-PRESENCIAL.pdf\">NETEJA D\u2019EINES COMPARTIDES, DE VEHICLES, D\u2019ESPAIS ENTRE TORNS, PERI\u00d2DICA&#8230; <\/a><\/strong><\/span><\/li>\n<\/ul>\n<p style=\"text-align: justify\"><span style=\"font-family: 'arial black', sans-serif;color: #0000ff\"><strong>\u00a0<\/strong><\/span><\/p>\n<ul style=\"text-align: justify\">\n<li><span style=\"font-family: 'arial black', sans-serif;color: #0000ff\"><a style=\"color: #0000ff\" href=\"http:\/\/ccoo.app\/diputacio-de-barcelona\/wp-content\/blogs.dir\/6\/files\/sites\/186\/2020\/05\/12.-APLICACI%C3%93-A-LA-DIPUTACI%C3%93-CONSORCIS-I-COORDINACI%C3%93-D%E2%80%99ACTIVITATS-EMPRESARIALS.pdf\"><strong>APLICACI\u00d3 AL PERSONAL DE DIPUTACI\u00d3 A LA XBM (COORDINACI\u00d3 D\u2019ACTIVITATS EMPRESARIALS<\/strong><\/a><strong>).<\/strong><\/span><\/li>\n<\/ul>\n<p style=\"text-align: justify\"><span style=\"font-family: arial, helvetica, sans-serif;color: #000000\">Recordeu que per qualsevol consulta o incid\u00e8ncia que detecteu podeu enviar els vostres correus a la b\u00fastia <span style=\"font-family: 'arial black', sans-serif;color: #0000ff\"><a style=\"color: #0000ff\" href=\"mailto:ccoo@diba.cat\">ccoo@diba.cat<\/a><\/span>\u00a0 o b\u00e9 trucar-nos al 667 906 964.<\/span><\/p>\n<p>&nbsp;<\/p>\n<p style=\"text-align: justify\"><span style=\"font-family: arial, helvetica, sans-serif;color: #000000\"><span style=\"font-family: 'arial black', sans-serif\">COMISSI\u00d3 XBM<\/span>\u00a0 El passat 20 de febrer, CCOO-Diba <strong>vam enviar per registre una nova petici\u00f3 per a la constituci\u00f3 de la Comissi\u00f3 XBM<\/strong>\u00a0per poder procedir a l\u2019an\u00e0lisi i estudi de les condicions espec\u00edfiques del personal diba que treballa a la xarxa. Llavors deman\u00e0vem com a primer punt a l\u2019ordre del dia: horari i jornada del personal XBM (cliqueu\u00a0<a style=\"color: #000000\" href=\"https:\/\/diba.ccoo.cat\/comissio-xbm\/\">aqu\u00ed\u00a0<\/a>per veure l\u2019escrit presentat).<\/span><\/p>\n<p style=\"text-align: justify\"><span style=\"font-family: arial, helvetica, sans-serif;color: #000000\">A la reuni\u00f3 de Seguiment del passat 22 de setembre, hem reiterat la nostra petici\u00f3. La corporaci\u00f3 reafirma el seu comprom\u00eds de constituir dita comissi\u00f3 per\u00f2 no veu factible fer-ho en aquests moments.<\/span><\/p>\n<p style=\"text-align: justify\"><span style=\"font-family: arial, helvetica, sans-serif;color: #000000\">Ans al contrari, nosaltres pensem que seria un magn\u00edfic espai per tractar temes en refer\u00e8ncia a la crisis sanit\u00e0ria i la seva afectaci\u00f3 a les biblioteques p\u00fabliques. M\u00e9s enll\u00e0 d\u2019aix\u00f2, hi ha molts altres temes a tractar, des de fa anys que necessiten solucions:<\/span><\/p>\n<ul style=\"text-align: justify\">\n<li><span style=\"font-family: arial, helvetica, sans-serif;color: #000000\">Problemes relacionats amb l\u2019horari i la jornada: cliqueu <span style=\"font-family: 'arial black', sans-serif;color: #0000ff\"><a style=\"color: #0000ff\" href=\"https:\/\/diba.ccoo.cat\/wp-content\/uploads\/sites\/37\/2018\/12\/xbm-JORNADES-A-LA-DIPUTACI%C3%93-DE-BARCELONA.pdf\">aqu\u00ed<\/a>.\u00a0<\/span><\/span><\/li>\n<li><span style=\"font-family: arial, helvetica, sans-serif;color: #000000\">Totes les reivindicacions: cliqueu\u00a0<span style=\"font-family: 'arial black', sans-serif;color: #0000ff\"><a style=\"color: #0000ff\" href=\"http:\/\/ccoo.app\/diputacio-de-barcelona\/wp-content\/blogs.dir\/6\/files\/sites\/186\/2018\/11\/comunicat-xbm-octubre-2016-resultats-enquesta.pdf\">aqu\u00ed<\/a><\/span><\/span><\/li>\n<\/ul>\n<p style=\"text-align: justify\"><span style=\"font-family: arial, helvetica, sans-serif;color: #000000\">Per finalitzar, nom\u00e9s recordar que CCOO-Diba vam paralitzar el proc\u00e9s de mobilitzacions com a conseq\u00fc\u00e8ncia del comprom\u00eds corporatiu de constituir la Comissi\u00f3 XBM i la voluntat de cercar solucions. D\u2019aix\u00f2 ha passat ja massa temps, sota l\u2019excusa del nou govern, mandat, voluntats pol\u00edtiques&#8230;<\/span><\/p>\n<p>&nbsp;<\/p>\n<p style=\"text-align: justify\"><span style=\"font-family: arial, helvetica, sans-serif;color: #000000\"><span style=\"font-family: 'arial black', sans-serif\">TESTS R\u00c0PIDS AL TERRITORI<\/span>\u00a0 A la petici\u00f3 feta respecte a que el personal que treballa fora de Barcelona es pugui fer la prova de test r\u00e0pid serol\u00f2gic al territori, la resposta de la corporaci\u00f3 ha estat que no. Que tot i que s\u2019havia fet anteriorment, en el cas del nou personal que ara s\u2019ha de reincorporar haur\u00e0 de despla\u00e7ar-se fins a Barcelona. <\/span><\/p>\n<p style=\"text-align: justify\"><span style=\"font-family: arial, helvetica, sans-serif;color: #000000\">Tenint en compte aix\u00f2, hem demanat que les despeses pel despla\u00e7ament siguin assumides per la corporaci\u00f3. Tamb\u00e9 en aquest cas, la resposta ha estat negativa. Ens diuen que mai han estat assumides per la corporaci\u00f3.<\/span><\/p>\n<p style=\"text-align: justify\"><span style=\"font-family: arial, helvetica, sans-serif;color: #000000\">Davant aquest posicionament, exigirem en les pr\u00f2ximes reunions amb la corporaci\u00f3 que la situaci\u00f3 canvi\u00ef: per qu\u00e8 ha d\u2019assumir cap treballador o treballadora aquesta despesa? <strong>T<\/strong>enint en compte el principi d\u2019igualat, la ubicaci\u00f3 del nostre lloc de treball no hauria de suposar majors despeses per a gestions relacionades amb la salut del personal. Per suposat exigim que la durada de la prova aix\u00ed com el despla\u00e7ament sigui considerat temps efectiu de treball, i recuperable si es fa fora d\u2019horari.<\/span><\/p>\n<p><img loading=\"lazy\" decoding=\"async\" class=\"wp-image-5912 aligncenter\" src=\"http:\/\/ccoo.app\/diputacio-de-barcelona\/wp-content\/blogs.dir\/6\/files\/sites\/186\/2020\/05\/nota-2-300x86.png\" alt=\"\" width=\"98\" height=\"28\" srcset=\"https:\/\/ccoo.app\/diputacio-de-barcelona\/wp-content\/blogs.dir\/6\/files\/sites\/186\/2020\/05\/nota-2-300x86.png 300w, https:\/\/ccoo.app\/diputacio-de-barcelona\/wp-content\/blogs.dir\/6\/files\/sites\/186\/2020\/05\/nota-2.png 337w\" sizes=\"auto, (max-width: 98px) 100vw, 98px\" \/><\/p>\n<p>&nbsp;<\/p>\n<p style=\"text-align: center\"><img loading=\"lazy\" decoding=\"async\" class=\"wp-image-5184 aligncenter\" src=\"http:\/\/ccoo.app\/diputacio-de-barcelona\/wp-content\/blogs.dir\/6\/files\/sites\/186\/2020\/03\/i-de-info-300x300.jpg\" alt=\"\" width=\"72\" height=\"72\" srcset=\"https:\/\/ccoo.app\/diputacio-de-barcelona\/wp-content\/blogs.dir\/6\/files\/sites\/186\/2020\/03\/i-de-info-300x300.jpg 300w, https:\/\/ccoo.app\/diputacio-de-barcelona\/wp-content\/blogs.dir\/6\/files\/sites\/186\/2020\/03\/i-de-info-150x150.jpg 150w, https:\/\/ccoo.app\/diputacio-de-barcelona\/wp-content\/blogs.dir\/6\/files\/sites\/186\/2020\/03\/i-de-info.jpg 626w\" sizes=\"auto, (max-width: 72px) 100vw, 72px\" \/><span style=\"font-family: 'arial black', sans-serif;font-size: 20px;color: #ffff00;background-color: #ff0000\">TOTA LA INFORMACI\u00d3 SINDICAL QUE NECESSITES<\/span><\/p>\n<p><img loading=\"lazy\" decoding=\"async\" class=\"wp-image-5913 aligncenter\" src=\"http:\/\/ccoo.app\/diputacio-de-barcelona\/wp-content\/blogs.dir\/6\/files\/sites\/186\/2020\/05\/telefono-300x300.jpg\" alt=\"\" width=\"59\" height=\"59\" srcset=\"https:\/\/ccoo.app\/diputacio-de-barcelona\/wp-content\/blogs.dir\/6\/files\/sites\/186\/2020\/05\/telefono-300x300.jpg 300w, https:\/\/ccoo.app\/diputacio-de-barcelona\/wp-content\/blogs.dir\/6\/files\/sites\/186\/2020\/05\/telefono-150x150.jpg 150w, https:\/\/ccoo.app\/diputacio-de-barcelona\/wp-content\/blogs.dir\/6\/files\/sites\/186\/2020\/05\/telefono.jpg 600w\" sizes=\"auto, (max-width: 59px) 100vw, 59px\" \/><\/p>\n<p>&nbsp;<\/p>\n<p>&nbsp;<\/p>\n<p>&nbsp;<\/p>\n<p style=\"text-align: center\"><span style=\"font-family: 'arial black', sans-serif;color: #000000\">DE DILLUNS A DIVENDRES<\/span><\/p>\n<p style=\"text-align: center\"><span style=\"font-family: 'arial black', sans-serif;color: #000000;background-color: #ffff00\">DE 10:00 A 14:30 i DE 17:00 A 19:00\u00a0<\/span><\/p>\n<p style=\"text-align: center\"><span style=\"font-family: 'arial black', sans-serif;color: #ff0000\">93.402.29.85 \u2013 22985 \u2013 667 90 69 64<\/span><\/p>\n<p><img loading=\"lazy\" decoding=\"async\" class=\"wp-image-5553 aligncenter\" src=\"http:\/\/ccoo.app\/diputacio-de-barcelona\/wp-content\/blogs.dir\/6\/files\/sites\/186\/2020\/04\/mail-foto-300x200.jpg\" alt=\"\" width=\"59\" height=\"39\" srcset=\"https:\/\/ccoo.app\/diputacio-de-barcelona\/wp-content\/blogs.dir\/6\/files\/sites\/186\/2020\/04\/mail-foto-300x200.jpg 300w, https:\/\/ccoo.app\/diputacio-de-barcelona\/wp-content\/blogs.dir\/6\/files\/sites\/186\/2020\/04\/mail-foto-1024x683.jpg 1024w, https:\/\/ccoo.app\/diputacio-de-barcelona\/wp-content\/blogs.dir\/6\/files\/sites\/186\/2020\/04\/mail-foto-768x512.jpg 768w, https:\/\/ccoo.app\/diputacio-de-barcelona\/wp-content\/blogs.dir\/6\/files\/sites\/186\/2020\/04\/mail-foto.jpg 1200w\" sizes=\"auto, (max-width: 59px) 100vw, 59px\" \/><\/p>\n<p style=\"text-align: center\"><span style=\"font-family: arial, helvetica, sans-serif;color: #000000\">La\u00a0SECCI\u00d3 SINDICAL DE CCOO donem resposta a tots els teus dubtes o t&#8217;ajudem solucionar els problemes que puguis tenir.<strong> T&#8217;ajudem a defensar els teus drets!<\/strong><\/span><\/p>\n<p style=\"text-align: center\"><span style=\"font-family: 'arial black', sans-serif;color: #0000ff\"><a style=\"color: #0000ff\" href=\"mailto:ccoo@diba.cat\"><strong>ccoo@diba.cat<\/strong><\/a><\/span><\/p>\n<p style=\"text-align: center\"><span style=\"font-family: 'arial black', sans-serif;color: #0000ff\"><a style=\"color: #0000ff\" href=\"mailto:orgt.ssccoo@diba.cat\">orgt.ssccoo@diba.cat<\/a><\/span><\/p>\n<p><img loading=\"lazy\" decoding=\"async\" class=\"wp-image-5554 aligncenter\" src=\"http:\/\/ccoo.app\/diputacio-de-barcelona\/wp-content\/blogs.dir\/6\/files\/sites\/186\/2020\/04\/mail-foto-enviar-300x212.jpg\" alt=\"\" width=\"67\" height=\"47\" srcset=\"https:\/\/ccoo.app\/diputacio-de-barcelona\/wp-content\/blogs.dir\/6\/files\/sites\/186\/2020\/04\/mail-foto-enviar-300x212.jpg 300w, https:\/\/ccoo.app\/diputacio-de-barcelona\/wp-content\/blogs.dir\/6\/files\/sites\/186\/2020\/04\/mail-foto-enviar-1024x724.jpg 1024w, https:\/\/ccoo.app\/diputacio-de-barcelona\/wp-content\/blogs.dir\/6\/files\/sites\/186\/2020\/04\/mail-foto-enviar-768x543.jpg 768w, https:\/\/ccoo.app\/diputacio-de-barcelona\/wp-content\/blogs.dir\/6\/files\/sites\/186\/2020\/04\/mail-foto-enviar.jpg 1200w\" sizes=\"auto, (max-width: 67px) 100vw, 67px\" \/><\/p>\n<p style=\"text-align: center\"><span style=\"font-family: arial, helvetica, sans-serif;color: #000000\">Encara no t&#8217;has descarregat la nostra <a href=\"http:\/\/www.ccoo.cat\/carnet\/index.aspx?qr=1#descarrega\"><span style=\"font-family: 'arial black', sans-serif;color: #0000ff\">APP<\/span><\/a> CCOO-Diba d&#8217;informaci\u00f3 sindical?<\/span><\/p>\n<p style=\"text-align: center\"><span style=\"font-family: arial, helvetica, sans-serif;color: #000000\">Fes clic <a href=\"http:\/\/www.ccoo.cat\/carnet\/index.aspx?qr=1#descarrega\"><span style=\"font-family: 'arial black', sans-serif;color: #0000ff\">aqu\u00ed<\/span><\/a> per tenir la informaci\u00f3 abans que ning\u00fa!<\/span><\/p>\n<p><img loading=\"lazy\" decoding=\"async\" class=\"wp-image-5915 aligncenter\" src=\"http:\/\/ccoo.app\/diputacio-de-barcelona\/wp-content\/blogs.dir\/6\/files\/sites\/186\/2020\/05\/xarxes-socials-300x169.png\" alt=\"\" width=\"227\" height=\"128\" srcset=\"https:\/\/ccoo.app\/diputacio-de-barcelona\/wp-content\/blogs.dir\/6\/files\/sites\/186\/2020\/05\/xarxes-socials-300x169.png 300w, https:\/\/ccoo.app\/diputacio-de-barcelona\/wp-content\/blogs.dir\/6\/files\/sites\/186\/2020\/05\/xarxes-socials-1024x576.png 1024w, https:\/\/ccoo.app\/diputacio-de-barcelona\/wp-content\/blogs.dir\/6\/files\/sites\/186\/2020\/05\/xarxes-socials-768x432.png 768w, https:\/\/ccoo.app\/diputacio-de-barcelona\/wp-content\/blogs.dir\/6\/files\/sites\/186\/2020\/05\/xarxes-socials.png 1200w\" sizes=\"auto, (max-width: 227px) 100vw, 227px\" \/><\/p>\n<p style=\"text-align: center\"><span style=\"font-family: arial, helvetica, sans-serif;color: #000000\">Tamb\u00e9 trobar\u00e0s CCOO-Diba a les xarxes socials. Clica sobre la icona de la teva xarxa favorita:<\/span><\/p>\n<p><a href=\"https:\/\/twitter.com\/CCOODiba\"><img loading=\"lazy\" decoding=\"async\" class=\" wp-image-5728 aligncenter\" src=\"http:\/\/ccoo.app\/diputacio-de-barcelona\/wp-content\/blogs.dir\/6\/files\/sites\/186\/2020\/04\/twitter-300x300.png\" alt=\"\" width=\"89\" height=\"89\" srcset=\"https:\/\/ccoo.app\/diputacio-de-barcelona\/wp-content\/blogs.dir\/6\/files\/sites\/186\/2020\/04\/twitter-300x300.png 300w, https:\/\/ccoo.app\/diputacio-de-barcelona\/wp-content\/blogs.dir\/6\/files\/sites\/186\/2020\/04\/twitter-150x150.png 150w, https:\/\/ccoo.app\/diputacio-de-barcelona\/wp-content\/blogs.dir\/6\/files\/sites\/186\/2020\/04\/twitter.png 512w\" sizes=\"auto, (max-width: 89px) 100vw, 89px\" \/><\/a><\/p>\n<p><a href=\"https:\/\/www.instagram.com\/ccoo_diba\/?hl=es\"><img loading=\"lazy\" decoding=\"async\" class=\"wp-image-5730 aligncenter\" src=\"http:\/\/ccoo.app\/diputacio-de-barcelona\/wp-content\/blogs.dir\/6\/files\/sites\/186\/2020\/04\/instragram-300x300.png\" alt=\"\" width=\"91\" height=\"91\" srcset=\"https:\/\/ccoo.app\/diputacio-de-barcelona\/wp-content\/blogs.dir\/6\/files\/sites\/186\/2020\/04\/instragram-300x300.png 300w, https:\/\/ccoo.app\/diputacio-de-barcelona\/wp-content\/blogs.dir\/6\/files\/sites\/186\/2020\/04\/instragram-150x150.png 150w, https:\/\/ccoo.app\/diputacio-de-barcelona\/wp-content\/blogs.dir\/6\/files\/sites\/186\/2020\/04\/instragram.png 512w\" sizes=\"auto, (max-width: 91px) 100vw, 91px\" \/><\/a><\/p>\n<p><a href=\"https:\/\/www.facebook.com\/CcooDiputacioDeBarcelona\/\"><img loading=\"lazy\" decoding=\"async\" class=\"wp-image-5729 aligncenter\" src=\"http:\/\/ccoo.app\/diputacio-de-barcelona\/wp-content\/blogs.dir\/6\/files\/sites\/186\/2020\/04\/facebook-300x300.png\" alt=\"\" width=\"90\" height=\"90\" srcset=\"https:\/\/ccoo.app\/diputacio-de-barcelona\/wp-content\/blogs.dir\/6\/files\/sites\/186\/2020\/04\/facebook-300x300.png 300w, https:\/\/ccoo.app\/diputacio-de-barcelona\/wp-content\/blogs.dir\/6\/files\/sites\/186\/2020\/04\/facebook-150x150.png 150w, https:\/\/ccoo.app\/diputacio-de-barcelona\/wp-content\/blogs.dir\/6\/files\/sites\/186\/2020\/04\/facebook.png 325w\" sizes=\"auto, (max-width: 90px) 100vw, 90px\" \/><\/a><a href=\"https:\/\/www.youtube.com\/channel\/UCFzenkS75udEcs4pB4qoZsg\"><img loading=\"lazy\" decoding=\"async\" class=\" wp-image-5916 aligncenter\" src=\"http:\/\/ccoo.app\/diputacio-de-barcelona\/wp-content\/blogs.dir\/6\/files\/sites\/186\/2020\/05\/youtube-300x115.jpg\" alt=\"\" width=\"122\" height=\"47\" srcset=\"https:\/\/ccoo.app\/diputacio-de-barcelona\/wp-content\/blogs.dir\/6\/files\/sites\/186\/2020\/05\/youtube-300x115.jpg 300w, https:\/\/ccoo.app\/diputacio-de-barcelona\/wp-content\/blogs.dir\/6\/files\/sites\/186\/2020\/05\/youtube-1024x391.jpg 1024w, https:\/\/ccoo.app\/diputacio-de-barcelona\/wp-content\/blogs.dir\/6\/files\/sites\/186\/2020\/05\/youtube-768x293.jpg 768w, https:\/\/ccoo.app\/diputacio-de-barcelona\/wp-content\/blogs.dir\/6\/files\/sites\/186\/2020\/05\/youtube.jpg 1200w\" sizes=\"auto, (max-width: 122px) 100vw, 122px\" \/><\/a><\/p>\n<p><iframe loading=\"lazy\" title=\"Hauran de comptar amb nosaltres. Salut, treball i just\u00edcia social || 1r de maig del 2020.\" width=\"1200\" height=\"675\" src=\"https:\/\/www.youtube.com\/embed\/uS104R3aSJs?feature=oembed\" frameborder=\"0\" allow=\"accelerometer; autoplay; clipboard-write; encrypted-media; gyroscope; picture-in-picture; web-share\" allowfullscreen><\/iframe><\/p>\n<p>&nbsp;    \t<\/p>\n","protected":false},"excerpt":{"rendered":"<p>COMUNICAT XBM: RETORN A \u00abL&#8217;ANORMALITAT\u00bb -28 de setembre de 2020- Sense cap consulta ni participaci\u00f3 pr\u00e8via de la Representaci\u00f3 Social Legal dels Treballadors i Treballadores (RLT), la Ger\u00e8ncia ha anunciat &#8230; <\/p>\n<p class=\"read-more-container\"><a title=\"123\/COVID-19. COMUNICAT XBM: RETORN A \u00abL&#8217;ANORMALITAT\u00bb.\" class=\"read-more button\" href=\"https:\/\/ccoo.app\/diputacio-de-barcelona\/comunicat-xbm-retorn-a-lanormalitat\/#more-6777\" aria-label=\"Leer m\u00e1s sobre 123\/COVID-19. COMUNICAT XBM: RETORN A \u00abL&#8217;ANORMALITAT\u00bb.\">Continuar llegint<\/a><\/p>\n","protected":false},"author":4519,"featured_media":6779,"comment_status":"open","ping_status":"open","sticky":false,"template":"","format":"standard","meta":{"footnotes":""},"categories":[19,35,37],"tags":[239],"class_list":["post-6777","post","type-post","status-publish","format-standard","has-post-thumbnail","hentry","category-comunicats","category-salut-laboral","category-xbm","tag-xarxa-de-bibioteques-xbm","generate-columns","tablet-grid-50","mobile-grid-100","grid-parent","grid-50"],"_links":{"self":[{"href":"https:\/\/ccoo.app\/diputacio-de-barcelona\/wp-json\/wp\/v2\/posts\/6777","targetHints":{"allow":["GET"]}}],"collection":[{"href":"https:\/\/ccoo.app\/diputacio-de-barcelona\/wp-json\/wp\/v2\/posts"}],"about":[{"href":"https:\/\/ccoo.app\/diputacio-de-barcelona\/wp-json\/wp\/v2\/types\/post"}],"author":[{"embeddable":true,"href":"https:\/\/ccoo.app\/diputacio-de-barcelona\/wp-json\/wp\/v2\/users\/4519"}],"replies":[{"embeddable":true,"href":"https:\/\/ccoo.app\/diputacio-de-barcelona\/wp-json\/wp\/v2\/comments?post=6777"}],"version-history":[{"count":1,"href":"https:\/\/ccoo.app\/diputacio-de-barcelona\/wp-json\/wp\/v2\/posts\/6777\/revisions"}],"predecessor-version":[{"id":50881,"href":"https:\/\/ccoo.app\/diputacio-de-barcelona\/wp-json\/wp\/v2\/posts\/6777\/revisions\/50881"}],"wp:featuredmedia":[{"embeddable":true,"href":"https:\/\/ccoo.app\/diputacio-de-barcelona\/wp-json\/wp\/v2\/media\/6779"}],"wp:attachment":[{"href":"https:\/\/ccoo.app\/diputacio-de-barcelona\/wp-json\/wp\/v2\/media?parent=6777"}],"wp:term":[{"taxonomy":"category","embeddable":true,"href":"https:\/\/ccoo.app\/diputacio-de-barcelona\/wp-json\/wp\/v2\/categories?post=6777"},{"taxonomy":"post_tag","embeddable":true,"href":"https:\/\/ccoo.app\/diputacio-de-barcelona\/wp-json\/wp\/v2\/tags?post=6777"}],"curies":[{"name":"wp","href":"https:\/\/api.w.org\/{rel}","templated":true}]}}