{"id":6727,"date":"2020-09-21T19:10:17","date_gmt":"2020-09-21T18:10:17","guid":{"rendered":"https:\/\/diba.ccoo.cat\/?p=6727"},"modified":"2023-02-22T18:34:22","modified_gmt":"2023-02-22T17:34:22","slug":"19-09-2020-css-diba","status":"publish","type":"post","link":"https:\/\/ccoo.app\/diputacio-de-barcelona\/19-09-2020-css-diba\/","title":{"rendered":"121\/COVID.19.09.2020 RESUM DE LA REUNI\u00d3 TELEM\u00c0TICA DEL COMIT\u00c8 DE SEGURETAT I SALUT"},"content":{"rendered":"<p><a href=\"https:\/\/diba.ccoo.cat\/\"><img loading=\"lazy\" decoding=\"async\" class=\"wp-image-5909 aligncenter\" src=\"http:\/\/ccoo.app\/diputacio-de-barcelona\/wp-content\/blogs.dir\/6\/files\/sites\/186\/2020\/05\/nota-1-300x86.png\" alt=\"\" width=\"92\" height=\"27\" srcset=\"https:\/\/ccoo.app\/diputacio-de-barcelona\/wp-content\/blogs.dir\/6\/files\/sites\/186\/2020\/05\/nota-1-300x86.png 300w, https:\/\/ccoo.app\/diputacio-de-barcelona\/wp-content\/blogs.dir\/6\/files\/sites\/186\/2020\/05\/nota-1.png 339w\" sizes=\"auto, (max-width: 92px) 100vw, 92px\" \/><\/a><\/p>\n<p class=\"wp-caption-text\"><a href=\"https:\/\/diba.ccoo.cat\/\"><img loading=\"lazy\" decoding=\"async\" class=\"wp-image-1853 aligncenter\" src=\"http:\/\/ccoo.app\/diputacio-de-barcelona\/wp-content\/blogs.dir\/6\/files\/sites\/186\/2018\/01\/logoccoov18.jpg\" alt=\"\" width=\"240\" height=\"110\" \/><\/a><\/p>\n<p>&nbsp;<\/p>\n<p>&nbsp;<\/p>\n<p style=\"text-align: center\"><span style=\"font-family: 'arial black', sans-serif;color: #0000ff;font-size: 24px\">\u00a0<\/span><span style=\"font-family: 'arial black', sans-serif;color: #0000ff;font-size: 24px\">REUNI\u00d3 TELEM\u00c0TICA DEL COMIT\u00c8 DE SEGURETAT I SALUT DEL 19.09.2020<\/span><\/p>\n<p style=\"text-align: center\"><span style=\"font-family: arial, helvetica, sans-serif;font-size: 14px;color: #000000\">&#8211; 21 de setembre de 2020-<\/span><\/p>\n<p style=\"text-align: justify\"><span style=\"font-size: 14px\"><span style=\"font-family: arial, helvetica, sans-serif;color: #000000\"><strong>BREU RESUM DELS ANTECEDENTS<\/strong> El dia 7 d\u2019abril <strong>(<\/strong><a style=\"color: #000000\" href=\"https:\/\/diba.ccoo.cat\/peticio-de-reunio-del-comite-de-seguretat-i-salut\/\">cliqueu<span style=\"font-family: 'arial black', sans-serif;color: #0000ff\"> aqu\u00ed<\/span><\/a><\/span><span style=\"color: #000000\"><span style=\"font-family: arial, helvetica, sans-serif\">)<\/span><span style=\"font-family: arial, helvetica, sans-serif\">, cansats i cansades d&#8217;esperar resposta a les nostres demandes, C<\/span><\/span><span style=\"font-family: arial, helvetica, sans-serif;color: #000000\">COO exig\u00edem p\u00fablicament (incloent a les xarxes socials) <strong>de manera contundent la participaci\u00f3 de la representaci\u00f3 legal <\/strong>de les persones treballadores en l\u2019elaboraci\u00f3 de protocols, mesures i accions encaminades a la lluita contra el coronavirus<strong>. Era inadmissible que fins aquell moment, <span style=\"text-decoration: underline\">es deix\u00e9s al delegats i delegades de prevenci\u00f3 sense el seu dret <\/span><\/strong><strong>no nom\u00e9s d\u2019informaci\u00f3 (de decisions ja preses), sin\u00f3 tamb\u00e9 de <span style=\"text-decoration: underline\">consulta i participaci\u00f3<\/span> d\u2019acord amb el que indica l\u2019article 36 de la LPRL.<\/strong><\/span><\/span><\/p>\n<p style=\"text-align: justify\"><span style=\"font-family: arial, helvetica, sans-serif;color: #000000;font-size: 14px\">En el comunicat del 14 d\u2019abril (<a style=\"color: #000000\" href=\"https:\/\/diba.ccoo.cat\/fins-al-26-dabril-tot-segueix-igual\/\">cliqueu <span style=\"color: #0000ff;font-family: 'arial black', sans-serif\">aqu\u00ed<\/span><\/a>), us explic\u00e0vem que finalment la corporaci\u00f3 havia accedit a la nostra petici\u00f3, convocant pel dia 17 del mateix mes la PRIMERA reuni\u00f3 del Comit\u00e8 de Seguretat i Salut tal com deman\u00e0vem per via telem\u00e0tica. Des d&#8217;aquell moment, est\u00e0 tenint lloc una reuni\u00f3 tots els divendres.<\/span><\/p>\n<p style=\"text-align: center\"><span style=\"font-family: arial, helvetica, sans-serif;color: #000000;font-size: 14px\">(Contacte directe amb els i les delegades de prevenci\u00f3: clic <a href=\"https:\/\/diba.ccoo.cat\/ajuda-dels-nostres-delegats-i-delegades-de-prevencio\/\"><span style=\"font-family: 'arial black', sans-serif;color: #0000ff\">aqu\u00ed<span style=\"color: #000000;font-family: arial, helvetica, sans-serif\">)<\/span><\/span><\/a><\/span><\/p>\n<p>&nbsp;<\/p>\n<p><img loading=\"lazy\" decoding=\"async\" class=\"wp-image-2963 aligncenter\" src=\"http:\/\/ccoo.app\/diputacio-de-barcelona\/wp-content\/blogs.dir\/6\/files\/sites\/186\/2018\/11\/enconstruccion-300x277.png\" alt=\"\" width=\"108\" height=\"100\" srcset=\"https:\/\/ccoo.app\/diputacio-de-barcelona\/wp-content\/blogs.dir\/6\/files\/sites\/186\/2018\/11\/enconstruccion-300x277.png 300w, https:\/\/ccoo.app\/diputacio-de-barcelona\/wp-content\/blogs.dir\/6\/files\/sites\/186\/2018\/11\/enconstruccion.png 358w\" sizes=\"auto, (max-width: 108px) 100vw, 108px\" \/><\/p>\n<p style=\"text-align: center\"><span style=\"font-family: 'arial black', sans-serif;color: #0000ff;font-size: 20px\">RESUM DE LA REUNI\u00d3 DEL DIA 19.09.2020<\/span><\/p>\n<p style=\"text-align: center\"><span style=\"text-decoration: underline\"><span style=\"font-family: 'arial black', sans-serif;color: #000000;text-decoration: underline\">INCLOU INFORMACI\u00d3 REBUDA I PETICIONS DE CCOO<\/span><\/span><\/p>\n<p>&nbsp;<\/p>\n<p style=\"text-align: justify\"><span style=\"color: #000000\"><span style=\"font-family: arial, helvetica, sans-serif\"><strong><span style=\"font-family: 'arial black', sans-serif\">TEST AL PERSONAL <\/span><\/strong><span style=\"font-family: 'arial black', sans-serif\"><span style=\"font-family: arial, helvetica, sans-serif\">R<\/span><\/span>especte a la\u00a0 <strong><span style=\"text-decoration: underline\">prova de diagnosi a totes les persones que treballen presencialment,<\/span><\/strong> aquests s\u00f3n les n\u00fameros:\u00a0<\/span><\/span><\/p>\n<ul>\n<li style=\"text-align: justify\"><span style=\"color: #000000\"><span style=\"font-family: arial, helvetica, sans-serif\">Centre gent gran\/discapacitat de Mundet (RESPIR):\u00a0 620 tests r\u00e0pids i 528 PCRs<\/span><\/span>\n<ul>\n<li style=\"text-align: justify\"><span style=\"font-family: arial, helvetica, sans-serif;color: #000000\">Tal com marca l&#8217;actual normativa, es faran prova PCR al personal que torni a treballar (per vacances, baixes, etc) despr\u00e9s de 3 setmanes d&#8217;abs\u00e8ncia.<\/span><\/li>\n<\/ul>\n<\/li>\n<li style=\"text-align: justify\"><span style=\"color: #000000\"><span style=\"font-family: arial, helvetica, sans-serif\">Resta d&#8217;empleats i empleades de Diputaci\u00f3: 1987 tests r\u00e0pids<\/span><\/span><\/li>\n<\/ul>\n<p><img loading=\"lazy\" decoding=\"async\" class=\" wp-image-6746 aligncenter\" src=\"http:\/\/ccoo.app\/diputacio-de-barcelona\/wp-content\/blogs.dir\/6\/files\/sites\/186\/2020\/09\/pcr-fotos-300x169.jpg\" alt=\"\" width=\"201\" height=\"113\" srcset=\"https:\/\/ccoo.app\/diputacio-de-barcelona\/wp-content\/blogs.dir\/6\/files\/sites\/186\/2020\/09\/pcr-fotos-300x169.jpg 300w, https:\/\/ccoo.app\/diputacio-de-barcelona\/wp-content\/blogs.dir\/6\/files\/sites\/186\/2020\/09\/pcr-fotos-1024x576.jpg 1024w, https:\/\/ccoo.app\/diputacio-de-barcelona\/wp-content\/blogs.dir\/6\/files\/sites\/186\/2020\/09\/pcr-fotos-768x432.jpg 768w, https:\/\/ccoo.app\/diputacio-de-barcelona\/wp-content\/blogs.dir\/6\/files\/sites\/186\/2020\/09\/pcr-fotos.jpg 1200w\" sizes=\"auto, (max-width: 201px) 100vw, 201px\" \/><\/p>\n<p style=\"text-align: justify\"><span style=\"font-family: arial, helvetica, sans-serif;color: #000000\"><span style=\"font-family: 'arial black', sans-serif\"><strong>SISTEMA DE SUPORT I ATENCI\u00d3 PSICOL\u00d2GICA<\/strong><\/span> \u00c9s tracta d\u2019un servei pels empleats de la Diputaci\u00f3 de Barcelona orientat a la gesti\u00f3 de l&#8217;estr\u00e8s del personal identificat com a essencial que ha de treballar presencialment i als que han de treballar des de casa en les actuals prec\u00e0ries circumst\u00e0ncies. Tamb\u00e9, va dirigit a les persones que s&#8217;hagin contagiat o hagin hagut de patir la mort d&#8217;algun familiar.<\/span><\/p>\n<p style=\"text-align: justify\"><span style=\"font-family: arial, helvetica, sans-serif;color: #000000\">Aquest servei ha at\u00e8s a <span style=\"text-decoration: underline\"><strong>37<\/strong><\/span> persones que ha suposat 127 accions de seguiment.\u00a0<\/span><\/p>\n<p style=\"text-align: justify\"><span style=\"color: #000000;font-family: arial, helvetica, sans-serif\">Necessites ajuda ? Clica <a href=\"https:\/\/diba.ccoo.cat\/suport-i-atencio-psicologica\/\"><span style=\"font-family: 'arial black', sans-serif;color: #0000ff\">aqu\u00ed<\/span><\/a>.<\/span><\/p>\n<p>&nbsp;<\/p>\n<p style=\"text-align: justify\"><span style=\"font-family: arial, helvetica, sans-serif;color: #000000\"><span style=\"font-family: 'arial black', sans-serif\">PARCS NATURALS\u00a0<\/span><\/span><span style=\"font-family: arial, helvetica, sans-serif;color: #000000\">Ja ho vam denunciar al resum del CSS del dia 24 de juliol (cliqueu <a href=\"https:\/\/diba.ccoo.cat\/24-07-css-2-2-2-2\/\"><span style=\"font-family: 'arial black', sans-serif;color: #0000ff\">aqu\u00ed<\/span><\/a>): <em>\u00abmanca cartelleria, dispensadors, EPIs, papereres, no es fa la presa de temperatura, en alguns casos no hi ha mampares per a l&#8217;atenci\u00f3 al p\u00fablic, no hi ha limitaci\u00f3 d&#8217;aforament als vestuaris, neteja de vehicles, ni torns de treball, no hi ha refor\u00e7 de la neteja, etc\u00bb. <\/em><\/span><\/p>\n<p style=\"text-align: justify\"><span style=\"font-family: arial, helvetica, sans-serif;color: #000000\">Pel que sabem, s&#8217;han anant solucionant algunes d&#8217;aquestes defici\u00e8ncies encara queden algun mancances. No dubteu en informar als vostres comandaments o als delegats i delegades de prevenci\u00f3 per a donar-li soluci\u00f3.<\/span><\/p>\n<p>&nbsp;<\/p>\n<p style=\"text-align: justify\"><span style=\"color: #000000;font-family: arial, helvetica, sans-serif\"><span style=\"font-family: 'arial black', sans-serif\"><strong>PERSONAL ESPECIALMENT SENSIBLE FRONT AL CONTAGI PER LA COVID-19 <\/strong><span style=\"font-family: arial, helvetica, sans-serif\">Tot el personal que s&#8217;hagi d&#8217;incorporar de nou haur\u00e0 de seguir el mateix procediment que la resta del personal que treballa presencialment<\/span><\/span><\/span><span style=\"color: #000000;font-family: arial, helvetica, sans-serif\">\u00a0(cliqueu <\/span><a href=\"https:\/\/diba.ccoo.cat\/manual-incorporacio\/\"><span style=\"font-family: arial, helvetica, sans-serif;color: #0000ff\"><span style=\"font-family: 'arial black', sans-serif\">aqu\u00ed<\/span><\/span><span style=\"font-family: arial, helvetica, sans-serif\"><span style=\"font-family: 'arial black', sans-serif\"><span style=\"font-family: arial, helvetica, sans-serif\">)<\/span><\/span><\/span><span style=\"font-family: arial, helvetica, sans-serif;color: #0000ff\"><span style=\"font-family: 'arial black', sans-serif\">.<\/span><\/span><\/a><\/p>\n<p><img loading=\"lazy\" decoding=\"async\" class=\"wp-image-6632 aligncenter\" src=\"http:\/\/ccoo.app\/diputacio-de-barcelona\/wp-content\/blogs.dir\/6\/files\/sites\/186\/2020\/07\/manual-info-treballadors-presencial-foto-210x300.png\" alt=\"\" width=\"101\" height=\"144\" srcset=\"https:\/\/ccoo.app\/diputacio-de-barcelona\/wp-content\/blogs.dir\/6\/files\/sites\/186\/2020\/07\/manual-info-treballadors-presencial-foto-210x300.png 210w, https:\/\/ccoo.app\/diputacio-de-barcelona\/wp-content\/blogs.dir\/6\/files\/sites\/186\/2020\/07\/manual-info-treballadors-presencial-foto.png 391w\" sizes=\"auto, (max-width: 101px) 100vw, 101px\" \/><\/p>\n<p style=\"text-align: justify\"><span style=\"font-family: arial, helvetica, sans-serif;color: #000000\">Us recordem que hi han <strong><span style=\"text-decoration: underline\">novetats important<\/span><\/strong> que en cas de ser personal vulnerable heu de tenir en compte: cliqueu <a href=\"https:\/\/diba.ccoo.cat\/manual-incorporacio\/\"><span style=\"font-family: 'arial black', sans-serif;color: #0000ff\">aqu\u00ed<\/span><\/a>.\u00a0<\/span><\/p>\n<p style=\"text-align: justify\"><span style=\"font-family: arial, helvetica, sans-serif;color: #000000\">En qualsevol cas, els serveis i direccions han de donar garanties respecte a que EN TOT MOMENT es respectar\u00e0 les mesures de protecci\u00f3 establertes al nostre protocol. \u00c9s important que el coneguem b\u00e9. En el seg\u00fcent enlla\u00e7, trobareu un resum que us hi ajudar\u00e0 (cliqueu <a href=\"https:\/\/diba.ccoo.cat\/nou-protocol-versio-mes-senzilla-2\/\"><span style=\"font-family: 'arial black', sans-serif;color: #0000ff\">aqu\u00ed<\/span><\/a>).<\/span><\/p>\n<p><img loading=\"lazy\" decoding=\"async\" class=\"wp-image-6757 aligncenter\" src=\"http:\/\/ccoo.app\/diputacio-de-barcelona\/wp-content\/blogs.dir\/6\/files\/sites\/186\/2020\/09\/xbm-tambe-som-diputacio.png\" alt=\"\" width=\"199\" height=\"150\" \/><\/p>\n<p style=\"text-align: justify\"><span style=\"font-family: arial, helvetica, sans-serif;color: #000000\"><span style=\"font-family: 'arial black', sans-serif\">BIBLIOTEQUES XBM<\/span> Reiterem la nostra queixa de manca d&#8217;informaci\u00f3. S&#8217;estan prenent moltes decisions que \u00f2bviament tamb\u00e9 afecta al nostre personal i s&#8217;est\u00e0 fent en reunions amb altres administracions (generalitat, ajuntaments, etc) per\u00f2 en cap cas s&#8217;inclou a la representaci\u00f3 sindical. De fet, nom\u00e9s ens assabentem pel mitjans de comunicaci\u00f3 i perqu\u00e8 el personal ens informa. <span style=\"text-decoration: underline\"><strong>Aix\u00ed no!<\/strong><\/span> <\/span><\/p>\n<p style=\"text-align: justify\"><span style=\"font-family: arial, helvetica, sans-serif;color: #000000\">Recordem que el nostre Protocol \u00e9s d&#8217;aplicaci\u00f3 en tot moment i sense cap excepci\u00f3 al nostre personal (cliqueu <a href=\"http:\/\/ccoo.app\/diputacio-de-barcelona\/wp-content\/blogs.dir\/6\/files\/sites\/186\/2020\/05\/12.-APLICACI%C3%93-A-LA-DIPUTACI%C3%93-CONSORCIS-I-COORDINACI%C3%93-D%E2%80%99ACTIVITATS-EMPRESARIALS.pdf\"><span style=\"font-family: 'arial black', sans-serif;color: #ff00ff\">aqu\u00ed<\/span><\/a> per a m\u00e9s informaci\u00f3):<\/span><\/p>\n<p><a href=\"http:\/\/ccoo.app\/diputacio-de-barcelona\/wp-content\/blogs.dir\/6\/files\/sites\/186\/2020\/09\/mesures-covid-xbm.png\"><img loading=\"lazy\" decoding=\"async\" class=\"size-medium wp-image-6748 aligncenter\" src=\"http:\/\/ccoo.app\/diputacio-de-barcelona\/wp-content\/blogs.dir\/6\/files\/sites\/186\/2020\/09\/mesures-covid-xbm-300x93.png\" alt=\"\" width=\"300\" height=\"93\" srcset=\"https:\/\/ccoo.app\/diputacio-de-barcelona\/wp-content\/blogs.dir\/6\/files\/sites\/186\/2020\/09\/mesures-covid-xbm-300x93.png 300w, https:\/\/ccoo.app\/diputacio-de-barcelona\/wp-content\/blogs.dir\/6\/files\/sites\/186\/2020\/09\/mesures-covid-xbm.png 580w\" sizes=\"auto, (max-width: 300px) 100vw, 300px\" \/><\/a><\/p>\n<p style=\"text-align: justify\"><span style=\"font-family: arial, helvetica, sans-serif;color: #000000\">Davant aquesta situaci\u00f3, CCOO reiterem la nostra petici\u00f3 de creaci\u00f3 d&#8217;una comissi\u00f3 espec\u00edfica per a tractar les condicions espec\u00edfiques i particulars que afecten al personal de Diputaci\u00f3 que treballa a la Xarxa de Biblioteques Municipals. Es tracta de personal de dos administracions treballant en un mateix espai de treball, la qual cosa exigeix una correcta coordinaci\u00f3 d&#8217;activitats (exigida per llei) i no suposi en cap cas la p\u00e8rdua de cap dret ni condicions de treball.<\/span><\/p>\n<p style=\"text-align: justify\"><span style=\"font-family: arial, helvetica, sans-serif;color: #000000\">El 20 de febrer de 2020 v<strong>am enviar per registre un nova petici\u00f3 per a la constituci\u00f3 de la Comissi\u00f3 XBM<\/strong> per a procedir a l&#8217;an\u00e0lisi i estudi de les condicions espec\u00edfiques d&#8217;aquest personal. Llavors deman\u00e0vem com a primer punt a l&#8217;ordre del dia: horari i jornada del personal XBM (cliqueu <a href=\"https:\/\/diba.ccoo.cat\/comissio-xbm\/\"><span style=\"font-family: 'arial black', sans-serif;color: #0000ff\">aqu\u00ed <\/span><\/a>per veure escrit presentat). <\/span><\/p>\n<p style=\"text-align: justify\"><span style=\"font-family: arial, helvetica, sans-serif;color: #000000\">Hi han molt altres temes a tractar, i m\u00e9s ara amb la crisi de la COVID-19:<\/span><\/p>\n<ul>\n<li style=\"text-align: justify\"><span style=\"font-family: arial, helvetica, sans-serif;color: #000000\">Problemes relacionats amb l&#8217;horari i la jornada: cliqueu<a href=\"https:\/\/diba.ccoo.cat\/wp-content\/uploads\/sites\/37\/2018\/12\/xbm-JORNADES-A-LA-DIPUTACI%C3%93-DE-BARCELONA.pdf\"><span style=\"font-family: 'arial black', sans-serif;color: #0000ff\"> aqu\u00ed<\/span><\/a>.\u00a0<\/span><\/li>\n<li style=\"text-align: justify\"><span style=\"font-family: arial, helvetica, sans-serif;color: #000000\">Totes les reivindicacions: cliqueu <a href=\"http:\/\/ccoo.app\/diputacio-de-barcelona\/wp-content\/blogs.dir\/6\/files\/sites\/186\/2018\/11\/comunicat-xbm-octubre-2016-resultats-enquesta.pdf\"><span style=\"font-family: 'arial black', sans-serif;color: #0000ff\">aqu\u00ed<\/span><\/a><\/span><\/li>\n<\/ul>\n<p>&nbsp;<\/p>\n<p style=\"text-align: justify\"><span style=\"font-family: arial, helvetica, sans-serif;color: #000000\"><span style=\"font-family: 'arial black', sans-serif\">MANCA D&#8217;INFORMACI\u00d3 GENERAL DE LES COORDINACI\u00d3 D&#8217;ACTIVITATS EMPRESARIALS (CAE)<\/span> L&#8217;objectiu d&#8217;una CAE \u00e9s informar sobre les disposicions m\u00ednimes que els diferents empresaris <span style=\"text-decoration: underline\">que coincideixen en un mateix espai de treball<\/span> han de posar en pr\u00e0ctica per tal de <span style=\"text-decoration: underline\">prevenir els riscos laborals derivats<\/span> de la concurr\u00e8ncia d\u2019activitats empresarials.<\/span><\/p>\n<p style=\"text-align: justify\"><span style=\"font-family: arial, helvetica, sans-serif\"><span style=\"color: #000000\">Doncs b\u00e9, d&#8217;acord amb la normativa, els delegats i delegades de prevenci\u00f3 hem de tenir tota la informaci\u00f3 relacionada. Des de fa un temps, aix\u00f2 no est\u00e0 passant. Els hi hem exigit i, com a resposta, es comprometen a donar resposta a la nostra petici\u00f3 en la pr\u00f2xima reuni\u00f3 del CSS<\/span>\u00a0<\/span><\/p>\n<p><img loading=\"lazy\" decoding=\"async\" class=\"wp-image-6758 aligncenter\" src=\"http:\/\/ccoo.app\/diputacio-de-barcelona\/wp-content\/blogs.dir\/6\/files\/sites\/186\/2020\/09\/prohibit-bicicletes-300x300.jpg\" alt=\"\" width=\"199\" height=\"199\" srcset=\"https:\/\/ccoo.app\/diputacio-de-barcelona\/wp-content\/blogs.dir\/6\/files\/sites\/186\/2020\/09\/prohibit-bicicletes-300x300.jpg 300w, https:\/\/ccoo.app\/diputacio-de-barcelona\/wp-content\/blogs.dir\/6\/files\/sites\/186\/2020\/09\/prohibit-bicicletes-1024x1024.jpg 1024w, https:\/\/ccoo.app\/diputacio-de-barcelona\/wp-content\/blogs.dir\/6\/files\/sites\/186\/2020\/09\/prohibit-bicicletes-150x150.jpg 150w, https:\/\/ccoo.app\/diputacio-de-barcelona\/wp-content\/blogs.dir\/6\/files\/sites\/186\/2020\/09\/prohibit-bicicletes-768x768.jpg 768w, https:\/\/ccoo.app\/diputacio-de-barcelona\/wp-content\/blogs.dir\/6\/files\/sites\/186\/2020\/09\/prohibit-bicicletes.jpg 1300w\" sizes=\"auto, (max-width: 199px) 100vw, 199px\" \/><\/p>\n<p style=\"text-align: justify\"><span style=\"font-family: arial, helvetica, sans-serif;color: #000000\"><span style=\"font-family: 'arial black', sans-serif\">DIUEN <span style=\"text-decoration: underline;color: #ff0000\">NO<\/span> A LA UTILITZACI\u00d3 DELS P\u00c0RQUINGS DEL CENTRES DE TREBALL<\/span> El <em>manual d&#8217;incorporaci\u00f3 a llocs de treball presencial<\/em> (cliqueu <a href=\"https:\/\/diba.ccoo.cat\/wp-content\/uploads\/sites\/37\/2020\/07\/Manual-informaci%C3%B3-treballador-retorn-presencial.pdf\"><span style=\"font-family: 'arial black', sans-serif;color: #0000ff\">aqu\u00ed<\/span><\/a>) diu en el punt V de la p\u00e0gina 5 : <span style=\"font-size: 14px\"><em>\u00abEl risc de contagi pel virus SARS-CoV-2 \u00e9s present en el dia a dia; per tant, \u00e9s tamb\u00e9 necessari que <span style=\"background-color: #ffff00\"><strong>extremeu les mesures<\/strong><\/span> d\u2019higiene i distanciament social, tamb\u00e9 <span style=\"background-color: #ffff00\"><strong>durant els despla\u00e7aments<\/strong><\/span>. <span style=\"background-color: #ffff00\"><strong>Preferentment, feu el despla\u00e7ament caminant o en vehicle privat (cotxe, moto, bicicleta o patinet)\u00bb.<\/strong><\/span><\/em><\/span><\/span><\/p>\n<p style=\"text-align: justify\"><span style=\"font-family: arial, helvetica, sans-serif;color: #000000\">Insistim en el que ja hem anant dient des de fa mesos (cliqueu <a href=\"https:\/\/diba.ccoo.cat\/mobilitat-sostenible-per-anar-i-tornar-de-la-feina-en-situacio-de-covid-19\/\"><span style=\"color: #0000ff;font-family: 'arial black', sans-serif\">aqu\u00ed<\/span><\/a>): molts bons consells&#8230;, per\u00f2 que sapigueu que <span style=\"background-color: #ffff00\"><strong>la Diputaci\u00f3, en aquest cas, no mour\u00e0 ni un dit per donar-li soluci\u00f3.<\/strong><\/span> Si alg\u00fa decideix venir en cotxe privat, tot i tenir els p\u00e0rquings buits, no el deixaran aparcar ni un dia. I si vens en bici? Doncs, deixa-la al carrer ben lligada perqu\u00e8 no facilitaran cap espai per deixar-la de manera segura.\u00a0<\/span><\/p>\n<p style=\"text-align: justify\"><span style=\"font-family: arial, helvetica, sans-serif;color: #000000\">Cap esfor\u00e7 ni voluntat d&#8217;escoltar les demandes del personal ni d&#8217;atendre les seves necessitats en aquest assumpte. Sembla mentida!<\/span><\/p>\n<p><img loading=\"lazy\" decoding=\"async\" class=\"wp-image-6565 aligncenter\" src=\"http:\/\/ccoo.app\/diputacio-de-barcelona\/wp-content\/blogs.dir\/6\/files\/sites\/186\/2020\/07\/canet.jpg\" alt=\"\" width=\"197\" height=\"148\" \/><\/p>\n<p style=\"text-align: justify\"><span style=\"color: #000000\"><span style=\"font-family: arial, helvetica, sans-serif\"><span style=\"font-family: 'arial black', sans-serif\"><strong>CANET (<\/strong><\/span><\/span><span style=\"font-family: 'arial black', sans-serif\">CENTRE DE RECERCA I TRANSFER\u00c8NCIA DE TECNOLOGIA T\u00c8XTIL) <\/span><span style=\"font-family: arial, helvetica, sans-serif\">Segueixen els problemes espec\u00edfics de climatitzaci\u00f3. En concret a la\u00a0<\/span><span style=\"font-family: arial, helvetica, sans-serif\">nau industrial Floris-Busquets . \u00c9s un edifici d\u00b4estil noucentista que t\u00e9 100 metres de longitud per 16 metres d&#8217;amplada, i <\/span><span style=\"font-family: arial, helvetica, sans-serif\">actualment acull els laboratoris de qu\u00edmica, d&#8217;assaig, t\u00e8xtils de disseny, tissatge i acabats dedicat a la recerca i la transfer\u00e8ncia tecnol\u00f2gica.<\/span><\/span><\/p>\n<p style=\"text-align: justify\"><span style=\"color: #000000\"><span style=\"font-family: arial, helvetica, sans-serif\"><span style=\"color: #000000\">Fa molt que demanem solucions<\/span> (cliqueu <a href=\"https:\/\/diba.ccoo.cat\/denuncia-a-inspeccio-de-treball-per-problemes-de-climatitzacio-a-canet-de-mar\/\"><span style=\"font-family: 'arial black', sans-serif;color: #0000ff\">aqu\u00ed<\/span><\/a> per veure denuncia presentada a la Inspecci\u00f3 de Treball l&#8217;any 2019), i abans de l&#8217;estiu hem insistit tenint en compte el disconfort t\u00e8rmic amb temperatures fora de normativa. Responent a la nostra petici\u00f3, van instal\u00b7lar \u00abpinguins\u00bb prop dels espais de treball setmanes que demanem solucions. M\u00e9s enll\u00e0 d&#8217;aquestes solucions puntual i temporals, insistim en que es doni una soluci\u00f3 global, eficient i definitiva.<\/span><\/span><\/p>\n<p>&nbsp;<\/p>\n<p style=\"text-align: justify\"><span style=\"font-family: arial, helvetica, sans-serif;color: #000000\"><strong><span style=\"font-family: 'arial black', sans-serif\">FUSTERIA BRIGADES (MUNDET) I PARC M\u00d2BIL (RENTA-COTXES) <\/span><\/strong><span style=\"font-family: 'arial black', sans-serif\"><span style=\"font-family: arial, helvetica, sans-serif\">Com a conseq\u00fc\u00e8ncia de les demandes d<\/span><\/span>e solucions i a la manca de climatitzaci\u00f3 d&#8217;aquests espais de treball, ens informen que en el cas de la fusteria, l&#8217;OPRL ja ha fet una visita per a comprovar la situaci\u00f3 i decidir ja quina \u00e9s la soluci\u00f3 m\u00e9s adient.<\/span><\/p>\n<p style=\"text-align: justify\"><span style=\"font-family: arial, helvetica, sans-serif;color: #000000\">Respecte a l&#8217;espai on es rent els cotxes, insistim que la soluci\u00f3 passa per a que el personal no faci la seva feina a la intemp\u00e8rie (evitant aix\u00ed que passin fred a l&#8217;hivern i calor extrem a l&#8217;estiu).<\/span><\/p>\n<p>&nbsp;<\/p>\n<p style=\"text-align: justify\"><span style=\"font-family: arial, helvetica, sans-serif;color: #000000\"><span style=\"font-family: 'arial black', sans-serif\">REVISION M\u00c8DIQUES<\/span> Davant la nostra pregunta, ens responen que en breu es tornar\u00e0 a establir un calendari per a realitzar les revisions al personal que havien quedat suspeses per a culpa de la pand\u00e8mia. Des de CCOO-Diba, hem insistit que en els an\u00e0lisis que es fan, s&#8217;inclogui la determinaci\u00f3 dels nivells de vitamina D.<\/span><\/p>\n<p><img loading=\"lazy\" decoding=\"async\" class=\"wp-image-6227 aligncenter\" src=\"http:\/\/ccoo.app\/diputacio-de-barcelona\/wp-content\/blogs.dir\/6\/files\/sites\/186\/2020\/05\/orgt-295x300.png\" alt=\"\" width=\"166\" height=\"169\" srcset=\"https:\/\/ccoo.app\/diputacio-de-barcelona\/wp-content\/blogs.dir\/6\/files\/sites\/186\/2020\/05\/orgt-295x300.png 295w, https:\/\/ccoo.app\/diputacio-de-barcelona\/wp-content\/blogs.dir\/6\/files\/sites\/186\/2020\/05\/orgt.png 627w\" sizes=\"auto, (max-width: 166px) 100vw, 166px\" \/><\/p>\n<p style=\"text-align: justify\"><span style=\"font-family: arial, helvetica, sans-serif;color: #000000\"><span style=\"font-family: 'arial black', sans-serif\">ORGT. RACIONALIZAR EL NOMBRE DE DIES DE TREBALL PRESENCIALS <\/span> Tot i que encara un bon nombre de persones treballadores de l&#8217;ORGT treballa des de casa, en els darrers mesos s&#8217;han anant obrint moltes oficines per donar atenci\u00f3 presencial exclusivament mitjan\u00e7ant cita pr\u00e8via. Tenint en compte aix\u00f2, hem demanat que s&#8217;organitzi l&#8217;obertura de les oficines concentrant totes les cites en alguns dies de la setmana per evitar al m\u00e0xim el despla\u00e7aments. Es tractaria doncs d&#8217;ajustar els dies en que les oficines estan obertes a les necessitats reals amb l&#8217;objectiu de poder treballar presencialment nom\u00e9s uns dies a la setmana i no tots.<\/span><\/p>\n<p style=\"text-align: justify\"><span style=\"font-family: arial, helvetica, sans-serif;color: #000000\">Tamb\u00e9 hem demanat que es revisi la deficient neteja d&#8217;algunes oficines, la manca de materials de protecci\u00f3 i les situacions d&#8217;agressions verbals ocorregudes darrerament.<\/span><\/p>\n<p>&nbsp;<\/p>\n<p><span style=\"color: #000000\"><img loading=\"lazy\" decoding=\"async\" class=\"wp-image-6417 aligncenter\" src=\"http:\/\/ccoo.app\/diputacio-de-barcelona\/wp-content\/blogs.dir\/6\/files\/sites\/186\/2020\/07\/ccoo-diba-prevencio-300x280.png\" alt=\"\" width=\"160\" height=\"149\" srcset=\"https:\/\/ccoo.app\/diputacio-de-barcelona\/wp-content\/blogs.dir\/6\/files\/sites\/186\/2020\/07\/ccoo-diba-prevencio-300x280.png 300w, https:\/\/ccoo.app\/diputacio-de-barcelona\/wp-content\/blogs.dir\/6\/files\/sites\/186\/2020\/07\/ccoo-diba-prevencio.png 490w\" sizes=\"auto, (max-width: 160px) 100vw, 160px\" \/><\/span><\/p>\n<ul>\n<li style=\"text-align: justify\"><span style=\"font-family: arial, helvetica, sans-serif\"><span style=\"color: #000000\"><span style=\"font-family: 'arial black', sans-serif\"><strong>TINGUES SEMPRE A M\u00c0 EL MANUAL\u00a0<em>\u201cINCORPORACI\u00d3 AL LLOC DE TREBALL<\/em><\/strong>\u00a0<\/span><strong><em><span style=\"font-family: 'arial black', sans-serif\">PRESENCIAL: QU\u00c8 HEU DE SABER?\u201d\u00a0<\/span><\/em><\/strong>Cliqueu<\/span> <span style=\"font-family: 'arial black', sans-serif;color: #0000ff\"><a style=\"color: #0000ff\" href=\"https:\/\/diba.ccoo.cat\/manual-incorporacio\/\">aqu\u00ed<\/a><\/span><\/span><\/li>\n<li style=\"text-align: justify\"><span style=\"font-family: 'arial black', sans-serif;color: #000000\">A LA FEINA HAIG DE DUR MASCARETA? <span style=\"font-family: arial, helvetica, sans-serif\">Cliqueu <span style=\"color: #0000ff;font-family: 'arial black', sans-serif\"><a style=\"color: #0000ff\" href=\"https:\/\/diba.ccoo.cat\/haig-de-portar-mascareta-a-la-meva-feina\/\">aqu\u00ed<\/a>.<\/span><\/span><\/span><\/li>\n<\/ul>\n<p style=\"text-align: justify\"><img loading=\"lazy\" decoding=\"async\" class=\"wp-image-6159 aligncenter\" src=\"http:\/\/ccoo.app\/diputacio-de-barcelona\/wp-content\/blogs.dir\/6\/files\/sites\/186\/2020\/05\/28-de-maig.png\" alt=\"\" width=\"175\" height=\"131\" \/><\/p>\n<p style=\"text-align: justify\"><span style=\"font-family: arial, helvetica, sans-serif;color: #000000\">\u00a0<\/span><\/p>\n<p>&nbsp;<\/p>\n<p style=\"text-align: center\"><span style=\"font-family: 'arial black', sans-serif\"><span style=\"font-family: arial, helvetica, sans-serif\"><span style=\"color: #000000\">CLIQUEU<\/span> <a href=\"https:\/\/diba.ccoo.cat\/24-07-css-2-2-2-2\/\"><span style=\"color: #0000ff;font-family: 'arial black', sans-serif\">AQU\u00cd <\/span><\/a><\/span><span style=\"color: #000000\"><span style=\"font-family: arial, helvetica, sans-serif\">VEURE RESUM DE L<\/span>A REUNI\u00d3 DEL CSS ANTERIOR<\/span><\/span><\/p>\n<p>&nbsp;<\/p>\n<p>&nbsp;<\/p>\n<p style=\"text-align: center\"><img loading=\"lazy\" decoding=\"async\" class=\"wp-image-5184 aligncenter\" src=\"http:\/\/ccoo.app\/diputacio-de-barcelona\/wp-content\/blogs.dir\/6\/files\/sites\/186\/2020\/03\/i-de-info-300x300.jpg\" alt=\"\" width=\"72\" height=\"72\" srcset=\"https:\/\/ccoo.app\/diputacio-de-barcelona\/wp-content\/blogs.dir\/6\/files\/sites\/186\/2020\/03\/i-de-info-300x300.jpg 300w, https:\/\/ccoo.app\/diputacio-de-barcelona\/wp-content\/blogs.dir\/6\/files\/sites\/186\/2020\/03\/i-de-info-150x150.jpg 150w, https:\/\/ccoo.app\/diputacio-de-barcelona\/wp-content\/blogs.dir\/6\/files\/sites\/186\/2020\/03\/i-de-info.jpg 626w\" sizes=\"auto, (max-width: 72px) 100vw, 72px\" \/><\/p>\n<p style=\"text-align: center\"><span style=\"font-family: 'arial black', sans-serif\">DE DILLUNS A DIVENDRES<\/span><\/p>\n<p style=\"text-align: center\"><span style=\"font-family: 'arial black', sans-serif\">DE 10:00 A 14:30 i DE 17:00 A 19:00\u00a0<\/span><\/p>\n<p style=\"text-align: center\"><span style=\"font-family: 'arial black', sans-serif\">93.402.29.85 \u2013 22985 \u2013 667 90 69 64<\/span><\/p>\n<p><img loading=\"lazy\" decoding=\"async\" class=\"wp-image-5553 aligncenter\" src=\"http:\/\/ccoo.app\/diputacio-de-barcelona\/wp-content\/blogs.dir\/6\/files\/sites\/186\/2020\/04\/mail-foto-300x200.jpg\" alt=\"\" width=\"59\" height=\"39\" srcset=\"https:\/\/ccoo.app\/diputacio-de-barcelona\/wp-content\/blogs.dir\/6\/files\/sites\/186\/2020\/04\/mail-foto-300x200.jpg 300w, https:\/\/ccoo.app\/diputacio-de-barcelona\/wp-content\/blogs.dir\/6\/files\/sites\/186\/2020\/04\/mail-foto-1024x683.jpg 1024w, https:\/\/ccoo.app\/diputacio-de-barcelona\/wp-content\/blogs.dir\/6\/files\/sites\/186\/2020\/04\/mail-foto-768x512.jpg 768w, https:\/\/ccoo.app\/diputacio-de-barcelona\/wp-content\/blogs.dir\/6\/files\/sites\/186\/2020\/04\/mail-foto.jpg 1200w\" sizes=\"auto, (max-width: 59px) 100vw, 59px\" \/><\/p>\n<p style=\"text-align: center\"><span style=\"font-family: arial, helvetica, sans-serif;color: #000000\">La\u00a0SECCI\u00d3 SINDICAL DE CCOO donem resposta a tots els teus dubtes o t&#8217;ajudem solucionar els problemes que puguis tenir.<strong> T&#8217;ajudem a defensar els teus drets!<\/strong><\/span><\/p>\n<p style=\"text-align: center\"><span style=\"font-family: 'arial black', sans-serif;color: #0000ff\"><a style=\"color: #0000ff\" href=\"mailto:ccoo@diba.cat\"><strong>ccoo@diba.cat<\/strong><\/a><\/span><\/p>\n<p style=\"text-align: center\"><span style=\"font-family: 'arial black', sans-serif;color: #0000ff\"><a style=\"color: #0000ff\" href=\"mailto:orgt.ssccoo@diba.cat\">orgt.ssccoo@diba.cat<\/a><\/span><\/p>\n<p><img loading=\"lazy\" decoding=\"async\" class=\"wp-image-6417 aligncenter\" src=\"http:\/\/ccoo.app\/diputacio-de-barcelona\/wp-content\/blogs.dir\/6\/files\/sites\/186\/2020\/07\/ccoo-diba-prevencio-300x280.png\" alt=\"\" width=\"57\" height=\"53\" srcset=\"https:\/\/ccoo.app\/diputacio-de-barcelona\/wp-content\/blogs.dir\/6\/files\/sites\/186\/2020\/07\/ccoo-diba-prevencio-300x280.png 300w, https:\/\/ccoo.app\/diputacio-de-barcelona\/wp-content\/blogs.dir\/6\/files\/sites\/186\/2020\/07\/ccoo-diba-prevencio.png 490w\" sizes=\"auto, (max-width: 57px) 100vw, 57px\" \/><\/p>\n<p style=\"text-align: center\"><span style=\"font-family: arial, helvetica, sans-serif;color: #000000\">Contacte directe amb els i les delegades de prevenci\u00f3: clic <a href=\"https:\/\/diba.ccoo.cat\/ajuda-dels-nostres-delegats-i-delegades-de-prevencio\/\"><span style=\"font-family: 'arial black', sans-serif;color: #0000ff\">aqu\u00ed<\/span><\/a><\/span><\/p>\n<p><img loading=\"lazy\" decoding=\"async\" class=\"wp-image-5554 aligncenter\" src=\"http:\/\/ccoo.app\/diputacio-de-barcelona\/wp-content\/blogs.dir\/6\/files\/sites\/186\/2020\/04\/mail-foto-enviar-300x212.jpg\" alt=\"\" width=\"67\" height=\"47\" srcset=\"https:\/\/ccoo.app\/diputacio-de-barcelona\/wp-content\/blogs.dir\/6\/files\/sites\/186\/2020\/04\/mail-foto-enviar-300x212.jpg 300w, https:\/\/ccoo.app\/diputacio-de-barcelona\/wp-content\/blogs.dir\/6\/files\/sites\/186\/2020\/04\/mail-foto-enviar-1024x724.jpg 1024w, https:\/\/ccoo.app\/diputacio-de-barcelona\/wp-content\/blogs.dir\/6\/files\/sites\/186\/2020\/04\/mail-foto-enviar-768x543.jpg 768w, https:\/\/ccoo.app\/diputacio-de-barcelona\/wp-content\/blogs.dir\/6\/files\/sites\/186\/2020\/04\/mail-foto-enviar.jpg 1200w\" sizes=\"auto, (max-width: 67px) 100vw, 67px\" \/><\/p>\n<p style=\"text-align: center\"><span style=\"font-family: arial, helvetica, sans-serif;color: #000000\">Encara no t&#8217;has descarregat la nostra <a href=\"http:\/\/www.ccoo.cat\/carnet\/index.aspx?qr=1#descarrega\"><span style=\"font-family: 'arial black', sans-serif;color: #0000ff\">APP<\/span><\/a> CCOO-Diba d&#8217;informaci\u00f3 sindical?<\/span><\/p>\n<p style=\"text-align: center\"><span style=\"font-family: arial, helvetica, sans-serif;color: #000000\">Fes clic <a href=\"http:\/\/www.ccoo.cat\/carnet\/index.aspx?qr=1#descarrega\"><span style=\"font-family: 'arial black', sans-serif;color: #0000ff\">aqu\u00ed<\/span><\/a> per tenir la informaci\u00f3 abans que ning\u00fa!<\/span><\/p>\n<p><img loading=\"lazy\" decoding=\"async\" class=\"wp-image-5915 aligncenter\" src=\"http:\/\/ccoo.app\/diputacio-de-barcelona\/wp-content\/blogs.dir\/6\/files\/sites\/186\/2020\/05\/xarxes-socials-300x169.png\" alt=\"\" width=\"227\" height=\"128\" srcset=\"https:\/\/ccoo.app\/diputacio-de-barcelona\/wp-content\/blogs.dir\/6\/files\/sites\/186\/2020\/05\/xarxes-socials-300x169.png 300w, https:\/\/ccoo.app\/diputacio-de-barcelona\/wp-content\/blogs.dir\/6\/files\/sites\/186\/2020\/05\/xarxes-socials-1024x576.png 1024w, https:\/\/ccoo.app\/diputacio-de-barcelona\/wp-content\/blogs.dir\/6\/files\/sites\/186\/2020\/05\/xarxes-socials-768x432.png 768w, https:\/\/ccoo.app\/diputacio-de-barcelona\/wp-content\/blogs.dir\/6\/files\/sites\/186\/2020\/05\/xarxes-socials.png 1200w\" sizes=\"auto, (max-width: 227px) 100vw, 227px\" \/><\/p>\n<p style=\"text-align: center\"><span style=\"font-family: arial, helvetica, sans-serif;color: #000000\">Tamb\u00e9 trobar\u00e0s CCOO-Diba a les xarxes socials. Clica sobre la icona de la teva xarxa favorita:<\/span><\/p>\n<p><a href=\"https:\/\/twitter.com\/CCOODiba\"><img loading=\"lazy\" decoding=\"async\" class=\" wp-image-5728 aligncenter\" src=\"http:\/\/ccoo.app\/diputacio-de-barcelona\/wp-content\/blogs.dir\/6\/files\/sites\/186\/2020\/04\/twitter-300x300.png\" alt=\"\" width=\"89\" height=\"89\" srcset=\"https:\/\/ccoo.app\/diputacio-de-barcelona\/wp-content\/blogs.dir\/6\/files\/sites\/186\/2020\/04\/twitter-300x300.png 300w, https:\/\/ccoo.app\/diputacio-de-barcelona\/wp-content\/blogs.dir\/6\/files\/sites\/186\/2020\/04\/twitter-150x150.png 150w, https:\/\/ccoo.app\/diputacio-de-barcelona\/wp-content\/blogs.dir\/6\/files\/sites\/186\/2020\/04\/twitter.png 512w\" sizes=\"auto, (max-width: 89px) 100vw, 89px\" \/><\/a><\/p>\n<p><a href=\"https:\/\/www.instagram.com\/ccoo_diba\/?hl=es\"><img loading=\"lazy\" decoding=\"async\" class=\"wp-image-5730 aligncenter\" src=\"http:\/\/ccoo.app\/diputacio-de-barcelona\/wp-content\/blogs.dir\/6\/files\/sites\/186\/2020\/04\/instragram-300x300.png\" alt=\"\" width=\"91\" height=\"91\" srcset=\"https:\/\/ccoo.app\/diputacio-de-barcelona\/wp-content\/blogs.dir\/6\/files\/sites\/186\/2020\/04\/instragram-300x300.png 300w, https:\/\/ccoo.app\/diputacio-de-barcelona\/wp-content\/blogs.dir\/6\/files\/sites\/186\/2020\/04\/instragram-150x150.png 150w, https:\/\/ccoo.app\/diputacio-de-barcelona\/wp-content\/blogs.dir\/6\/files\/sites\/186\/2020\/04\/instragram.png 512w\" sizes=\"auto, (max-width: 91px) 100vw, 91px\" \/><\/a><\/p>\n<p><a href=\"https:\/\/www.facebook.com\/CcooDiputacioDeBarcelona\/\"><img loading=\"lazy\" decoding=\"async\" class=\"wp-image-5729 aligncenter\" src=\"http:\/\/ccoo.app\/diputacio-de-barcelona\/wp-content\/blogs.dir\/6\/files\/sites\/186\/2020\/04\/facebook-300x300.png\" alt=\"\" width=\"90\" height=\"90\" srcset=\"https:\/\/ccoo.app\/diputacio-de-barcelona\/wp-content\/blogs.dir\/6\/files\/sites\/186\/2020\/04\/facebook-300x300.png 300w, https:\/\/ccoo.app\/diputacio-de-barcelona\/wp-content\/blogs.dir\/6\/files\/sites\/186\/2020\/04\/facebook-150x150.png 150w, https:\/\/ccoo.app\/diputacio-de-barcelona\/wp-content\/blogs.dir\/6\/files\/sites\/186\/2020\/04\/facebook.png 325w\" sizes=\"auto, (max-width: 90px) 100vw, 90px\" \/><\/a><a href=\"https:\/\/www.youtube.com\/channel\/UCFzenkS75udEcs4pB4qoZsg\"><img loading=\"lazy\" decoding=\"async\" class=\" wp-image-5916 aligncenter\" src=\"http:\/\/ccoo.app\/diputacio-de-barcelona\/wp-content\/blogs.dir\/6\/files\/sites\/186\/2020\/05\/youtube-300x115.jpg\" alt=\"\" width=\"122\" height=\"47\" srcset=\"https:\/\/ccoo.app\/diputacio-de-barcelona\/wp-content\/blogs.dir\/6\/files\/sites\/186\/2020\/05\/youtube-300x115.jpg 300w, https:\/\/ccoo.app\/diputacio-de-barcelona\/wp-content\/blogs.dir\/6\/files\/sites\/186\/2020\/05\/youtube-1024x391.jpg 1024w, https:\/\/ccoo.app\/diputacio-de-barcelona\/wp-content\/blogs.dir\/6\/files\/sites\/186\/2020\/05\/youtube-768x293.jpg 768w, https:\/\/ccoo.app\/diputacio-de-barcelona\/wp-content\/blogs.dir\/6\/files\/sites\/186\/2020\/05\/youtube.jpg 1200w\" sizes=\"auto, (max-width: 122px) 100vw, 122px\" \/><\/a><\/p>\n<p><iframe loading=\"lazy\" title=\"Hauran de comptar amb nosaltres. Salut, treball i just\u00edcia social || 1r de maig del 2020.\" width=\"1200\" height=\"675\" src=\"https:\/\/www.youtube.com\/embed\/uS104R3aSJs?feature=oembed\" frameborder=\"0\" allow=\"accelerometer; autoplay; clipboard-write; encrypted-media; gyroscope; picture-in-picture; web-share\" allowfullscreen><\/iframe><\/p>\n<p>&nbsp;    \t<\/p>\n","protected":false},"excerpt":{"rendered":"<p>&nbsp; &nbsp; \u00a0REUNI\u00d3 TELEM\u00c0TICA DEL COMIT\u00c8 DE SEGURETAT I SALUT DEL 19.09.2020 &#8211; 21 de setembre de 2020- BREU RESUM DELS ANTECEDENTS El dia 7 d\u2019abril (cliqueu aqu\u00ed), cansats i &#8230; <\/p>\n<p class=\"read-more-container\"><a title=\"121\/COVID.19.09.2020 RESUM DE LA REUNI\u00d3 TELEM\u00c0TICA DEL COMIT\u00c8 DE SEGURETAT I SALUT\" class=\"read-more button\" href=\"https:\/\/ccoo.app\/diputacio-de-barcelona\/19-09-2020-css-diba\/#more-6727\" aria-label=\"Leer m\u00e1s sobre 121\/COVID.19.09.2020 RESUM DE LA REUNI\u00d3 TELEM\u00c0TICA DEL COMIT\u00c8 DE SEGURETAT I SALUT\">Continuar llegint<\/a><\/p>\n","protected":false},"author":4519,"featured_media":6417,"comment_status":"open","ping_status":"open","sticky":false,"template":"","format":"standard","meta":{"footnotes":""},"categories":[38,19,29,34,35,37],"tags":[124,189,212,221,239],"class_list":["post-6727","post","type-post","status-publish","format-standard","has-post-thumbnail","hentry","category-a-tot-el-personal","category-comunicats","category-orgt-2","category-respir","category-salut-laboral","category-xbm","tag-inspeccio-de-treball","tag-prevencio","tag-salut","tag-teletreball","tag-xarxa-de-bibioteques-xbm","generate-columns","tablet-grid-50","mobile-grid-100","grid-parent","grid-50"],"_links":{"self":[{"href":"https:\/\/ccoo.app\/diputacio-de-barcelona\/wp-json\/wp\/v2\/posts\/6727","targetHints":{"allow":["GET"]}}],"collection":[{"href":"https:\/\/ccoo.app\/diputacio-de-barcelona\/wp-json\/wp\/v2\/posts"}],"about":[{"href":"https:\/\/ccoo.app\/diputacio-de-barcelona\/wp-json\/wp\/v2\/types\/post"}],"author":[{"embeddable":true,"href":"https:\/\/ccoo.app\/diputacio-de-barcelona\/wp-json\/wp\/v2\/users\/4519"}],"replies":[{"embeddable":true,"href":"https:\/\/ccoo.app\/diputacio-de-barcelona\/wp-json\/wp\/v2\/comments?post=6727"}],"version-history":[{"count":1,"href":"https:\/\/ccoo.app\/diputacio-de-barcelona\/wp-json\/wp\/v2\/posts\/6727\/revisions"}],"predecessor-version":[{"id":50884,"href":"https:\/\/ccoo.app\/diputacio-de-barcelona\/wp-json\/wp\/v2\/posts\/6727\/revisions\/50884"}],"wp:featuredmedia":[{"embeddable":true,"href":"https:\/\/ccoo.app\/diputacio-de-barcelona\/wp-json\/wp\/v2\/media\/6417"}],"wp:attachment":[{"href":"https:\/\/ccoo.app\/diputacio-de-barcelona\/wp-json\/wp\/v2\/media?parent=6727"}],"wp:term":[{"taxonomy":"category","embeddable":true,"href":"https:\/\/ccoo.app\/diputacio-de-barcelona\/wp-json\/wp\/v2\/categories?post=6727"},{"taxonomy":"post_tag","embeddable":true,"href":"https:\/\/ccoo.app\/diputacio-de-barcelona\/wp-json\/wp\/v2\/tags?post=6727"}],"curies":[{"name":"wp","href":"https:\/\/api.w.org\/{rel}","templated":true}]}}