{"id":6625,"date":"2020-07-27T09:38:35","date_gmt":"2020-07-27T08:38:35","guid":{"rendered":"https:\/\/diba.ccoo.cat\/?p=6625"},"modified":"2023-02-22T18:34:43","modified_gmt":"2023-02-22T17:34:43","slug":"manual-incorporacio","status":"publish","type":"post","link":"https:\/\/ccoo.app\/diputacio-de-barcelona\/manual-incorporacio\/","title":{"rendered":"112\/COVID-19. TINGUES SEMPRE A M\u00c0 EL MANUAL \u00abINCORPORACI\u00d3 AL LLOC DE TREBALL PRESENCIAL: QU\u00c8 HEU DE SABER?\u00bb"},"content":{"rendered":"<p><a href=\"https:\/\/diba.ccoo.cat\/\"><img loading=\"lazy\" decoding=\"async\" class=\"wp-image-5909 aligncenter\" src=\"http:\/\/ccoo.app\/diputacio-de-barcelona\/wp-content\/blogs.dir\/6\/files\/sites\/186\/2020\/05\/nota-1-300x86.png\" alt=\"\" width=\"92\" height=\"27\" srcset=\"https:\/\/ccoo.app\/diputacio-de-barcelona\/wp-content\/blogs.dir\/6\/files\/sites\/186\/2020\/05\/nota-1-300x86.png 300w, https:\/\/ccoo.app\/diputacio-de-barcelona\/wp-content\/blogs.dir\/6\/files\/sites\/186\/2020\/05\/nota-1.png 339w\" sizes=\"auto, (max-width: 92px) 100vw, 92px\" \/><\/a><\/p>\n<p class=\"wp-caption-text\"><a href=\"https:\/\/diba.ccoo.cat\/\"><img loading=\"lazy\" decoding=\"async\" class=\"wp-image-1853 aligncenter\" src=\"http:\/\/ccoo.app\/diputacio-de-barcelona\/wp-content\/blogs.dir\/6\/files\/sites\/186\/2018\/01\/logoccoov18.jpg\" alt=\"\" width=\"240\" height=\"110\" \/><\/a><\/p>\n<p>&nbsp;<\/p>\n<p style=\"text-align: center\"><span style=\"font-family: 'arial black', sans-serif;color: #0000ff;font-size: 24px\">TINGUES SEMPRE A M\u00c0 EL MANUAL <span style=\"text-decoration: underline\">\u00abINCORPORACI\u00d3 AL LLOC DE TREBALL PRESENCIAL: QU\u00c8 HEU DE SABER?\u00bb<\/span><\/span><\/p>\n<p style=\"text-align: center\"><span style=\"color: #000000;font-family: arial black, sans-serif\"><span style=\"font-size: 20px\">TOT EL QUE HAS DE SABER SI TREBALLES PRESENCIALMENT<\/span><\/span><\/p>\n<p style=\"text-align: center\"><span style=\"font-family: arial, helvetica, sans-serif;font-size: 14px;color: #000000\">-27 de juliol de 2020-<\/span><\/p>\n<p style=\"text-align: center\"><span style=\"font-family: arial, helvetica, sans-serif;font-size: 20px;color: #000000\"><span style=\"background-color: #ffff00\"><strong>\u00c9s important que totes les persones treballadores en llocs PRESENCIALS tingui a m\u00e0 el manual que trobareu en el seg\u00fcent enlla\u00e7: cliqueu<\/strong><\/span> <span style=\"font-family: 'arial black', sans-serif;color: #0000ff\"><a style=\"color: #0000ff\" href=\"https:\/\/diba.ccoo.cat\/wp-content\/uploads\/sites\/37\/2020\/07\/Manual-informaci%C3%B3-treballador-retorn-presencial.pdf\">aqu\u00ed<\/a> <\/span><\/span><\/p>\n<p><a href=\"https:\/\/diba.ccoo.cat\/wp-content\/uploads\/sites\/37\/2020\/07\/Manual-informaci%C3%B3-treballador-retorn-presencial.pdf\"><img loading=\"lazy\" decoding=\"async\" class=\"alignnone wp-image-6632 aligncenter\" src=\"http:\/\/ccoo.app\/diputacio-de-barcelona\/wp-content\/blogs.dir\/6\/files\/sites\/186\/2020\/07\/manual-info-treballadors-presencial-foto-210x300.png\" alt=\"\" width=\"158\" height=\"226\" srcset=\"https:\/\/ccoo.app\/diputacio-de-barcelona\/wp-content\/blogs.dir\/6\/files\/sites\/186\/2020\/07\/manual-info-treballadors-presencial-foto-210x300.png 210w, https:\/\/ccoo.app\/diputacio-de-barcelona\/wp-content\/blogs.dir\/6\/files\/sites\/186\/2020\/07\/manual-info-treballadors-presencial-foto.png 391w\" sizes=\"auto, (max-width: 158px) 100vw, 158px\" \/><\/a><\/p>\n<p style=\"text-align: justify\"><span style=\"font-family: arial, helvetica, sans-serif;color: #000000\"><span style=\"background-color: #ffff00\"><strong>Abans de sortir de casa<\/strong><\/span> per anar al vostre centre de treball, cal que avalueu el vostre estat de salut. Quins aspectes hauries de tenir en compte?<\/span><\/p>\n<p style=\"text-align: justify\"><span style=\"font-family: arial, helvetica, sans-serif;color: #000000\"><span style=\"background-color: #ffff00\"><strong>Quan arribis al centre de treball<\/strong><\/span>, quines indicacions has de seguir? (Mesures higi\u00e8niques i de distanciament social espais comuns, equips i eines compartides, \u00fas de lavabos i vestidors, etc)<\/span><\/p>\n<p style=\"text-align: justify\"><span style=\"font-family: arial, helvetica, sans-serif;color: #000000\">En <span style=\"background-color: #ffff00\"><strong>finalitzar la jornada<\/strong><\/span>, com has d&#8217;actuar?<\/span><\/p>\n<p style=\"text-align: justify\"><span style=\"font-family: arial, helvetica, sans-serif;color: #000000\">Informaci\u00f3 important sobre l&#8217;\u00fas de <span style=\"background-color: #ffff00\"><strong>mascaretes:<\/strong><\/span><\/span><\/p>\n<p style=\"text-align: justify\"><span style=\"font-family: arial, helvetica, sans-serif;color: #000000\"><a style=\"color: #000000\" href=\"http:\/\/ccoo.app\/diputacio-de-barcelona\/wp-content\/blogs.dir\/6\/files\/sites\/186\/2020\/07\/com-colocarse-la-mascareta.png\"><img loading=\"lazy\" decoding=\"async\" class=\" wp-image-6626 aligncenter\" src=\"http:\/\/ccoo.app\/diputacio-de-barcelona\/wp-content\/blogs.dir\/6\/files\/sites\/186\/2020\/07\/com-colocarse-la-mascareta-300x80.png\" alt=\"\" width=\"402\" height=\"107\" srcset=\"https:\/\/ccoo.app\/diputacio-de-barcelona\/wp-content\/blogs.dir\/6\/files\/sites\/186\/2020\/07\/com-colocarse-la-mascareta-300x80.png 300w, https:\/\/ccoo.app\/diputacio-de-barcelona\/wp-content\/blogs.dir\/6\/files\/sites\/186\/2020\/07\/com-colocarse-la-mascareta-1024x271.png 1024w, https:\/\/ccoo.app\/diputacio-de-barcelona\/wp-content\/blogs.dir\/6\/files\/sites\/186\/2020\/07\/com-colocarse-la-mascareta-768x204.png 768w, https:\/\/ccoo.app\/diputacio-de-barcelona\/wp-content\/blogs.dir\/6\/files\/sites\/186\/2020\/07\/com-colocarse-la-mascareta.png 1309w\" sizes=\"auto, (max-width: 402px) 100vw, 402px\" \/><\/a><\/span><\/p>\n<p style=\"text-align: justify\"><span style=\"font-family: arial, helvetica, sans-serif;color: #000000\"><a style=\"color: #000000\" href=\"http:\/\/ccoo.app\/diputacio-de-barcelona\/wp-content\/blogs.dir\/6\/files\/sites\/186\/2020\/07\/com-quitarse-mascareta.png\"><img loading=\"lazy\" decoding=\"async\" class=\" wp-image-6627 aligncenter\" src=\"http:\/\/ccoo.app\/diputacio-de-barcelona\/wp-content\/blogs.dir\/6\/files\/sites\/186\/2020\/07\/com-quitarse-mascareta-300x88.png\" alt=\"\" width=\"402\" height=\"118\" srcset=\"https:\/\/ccoo.app\/diputacio-de-barcelona\/wp-content\/blogs.dir\/6\/files\/sites\/186\/2020\/07\/com-quitarse-mascareta-300x88.png 300w, https:\/\/ccoo.app\/diputacio-de-barcelona\/wp-content\/blogs.dir\/6\/files\/sites\/186\/2020\/07\/com-quitarse-mascareta-1024x301.png 1024w, https:\/\/ccoo.app\/diputacio-de-barcelona\/wp-content\/blogs.dir\/6\/files\/sites\/186\/2020\/07\/com-quitarse-mascareta-768x226.png 768w, https:\/\/ccoo.app\/diputacio-de-barcelona\/wp-content\/blogs.dir\/6\/files\/sites\/186\/2020\/07\/com-quitarse-mascareta.png 1308w\" sizes=\"auto, (max-width: 402px) 100vw, 402px\" \/><\/a><\/span><\/p>\n<p style=\"text-align: justify\"><span style=\"font-family: arial, helvetica, sans-serif;color: #000000\">Informaci\u00f3 sobre <span style=\"background-color: #ffff00\"><strong>rentat de mans<\/strong><\/span>:<\/span><\/p>\n<p style=\"text-align: justify\"><span style=\"font-family: arial, helvetica, sans-serif;color: #000000\"><a style=\"color: #000000\" href=\"http:\/\/ccoo.app\/diputacio-de-barcelona\/wp-content\/blogs.dir\/6\/files\/sites\/186\/2020\/07\/com-netejarse-mans-hidroalcohol.png\"><img loading=\"lazy\" decoding=\"async\" class=\" wp-image-6628 aligncenter\" src=\"http:\/\/ccoo.app\/diputacio-de-barcelona\/wp-content\/blogs.dir\/6\/files\/sites\/186\/2020\/07\/com-netejarse-mans-hidroalcohol-300x109.png\" alt=\"\" width=\"402\" height=\"146\" srcset=\"https:\/\/ccoo.app\/diputacio-de-barcelona\/wp-content\/blogs.dir\/6\/files\/sites\/186\/2020\/07\/com-netejarse-mans-hidroalcohol-300x109.png 300w, https:\/\/ccoo.app\/diputacio-de-barcelona\/wp-content\/blogs.dir\/6\/files\/sites\/186\/2020\/07\/com-netejarse-mans-hidroalcohol-1024x373.png 1024w, https:\/\/ccoo.app\/diputacio-de-barcelona\/wp-content\/blogs.dir\/6\/files\/sites\/186\/2020\/07\/com-netejarse-mans-hidroalcohol-768x280.png 768w, https:\/\/ccoo.app\/diputacio-de-barcelona\/wp-content\/blogs.dir\/6\/files\/sites\/186\/2020\/07\/com-netejarse-mans-hidroalcohol.png 1327w\" sizes=\"auto, (max-width: 402px) 100vw, 402px\" \/><\/a><\/span><\/p>\n<p style=\"text-align: justify\"><span style=\"font-family: arial, helvetica, sans-serif;color: #000000\">Qu\u00e8 heu de fer si agafeu un <span style=\"background-color: #ffff00\"><strong>vehicle corporatiu<\/strong><\/span>?<\/span><\/p>\n<p style=\"text-align: justify\"><span style=\"font-family: arial, helvetica, sans-serif;color: #000000\">Qu\u00e8 heu de fer <span style=\"background-color: #ffff00\"><strong>si us trobeu malament<\/strong><\/span> en el centre de treball?<\/span><\/p>\n<p style=\"text-align: justify\"><span style=\"font-family: arial, helvetica, sans-serif;color: #000000\">Qu\u00e8 heu de fer si voleu <span style=\"background-color: #ffff00\"><strong>comunicar un risc o incid\u00e8ncia<\/strong><\/span> en el vostre lloc de treball?<\/span><\/p>\n<p style=\"text-align: justify\"><span style=\"font-family: arial, helvetica, sans-serif;color: #000000\">Finalment, com has d&#8217;actuar en <span style=\"background-color: #ffff00\"><strong>acabar la jornada i tornar al domicili<\/strong><\/span>.<\/span><\/p>\n<p>&nbsp;<\/p>\n<p style=\"text-align: center\"><span style=\"font-family: 'arial black', sans-serif;color: #ffff00;font-size: 20px;background-color: #ff0000\">RECORDATORI<\/span><\/p>\n<p style=\"text-align: justify\"><span style=\"font-family: arial, helvetica, sans-serif;color: #000000\">Si detecteu una situaci\u00f3 de risc en el lloc de treball o una incid\u00e8ncia respecte a les mesures per fer front a contagis per la COVID-19:<\/span><\/p>\n<ul>\n<li style=\"text-align: justify\"><span style=\"font-family: arial, helvetica, sans-serif;color: #000000\">Ho heu de comunicar-ho al vostre <\/span><span style=\"font-family: arial, helvetica, sans-serif;color: #000000\">cap immediat (us recomanem que ho feu via mailing)<\/span><\/li>\n<\/ul>\n<p>&nbsp;<\/p>\n<ul>\n<li><span style=\"font-family: arial, helvetica, sans-serif;color: #000000\">Us podeu adre\u00e7ar a l\u2019Oficina de Prevenci\u00f3 de Riscos Laborals (<span style=\"font-size: 12px\"><a href=\"mailto:o.prevencioriscos@diba.cat\"><span style=\"font-family: 'arial black', sans-serif;color: #0000ff\">o.prevencioriscos@diba.cat<\/span><\/a><\/span>).<\/span><\/li>\n<\/ul>\n<p>&nbsp;<\/p>\n<ul>\n<li style=\"text-align: justify\"><span style=\"font-family: arial, helvetica, sans-serif;color: #000000\">Podeu posar-ho en coneixement de les persones delegades de prevenci\u00f3. Trobareu els contactes\u00a0 de les de CCOO-Diba a l\u2019enlla\u00e7: <span style=\"font-size: 12px\"><span style=\"font-family: 'arial black', sans-serif;color: #0000ff\"><a style=\"color: #0000ff\" href=\"https:\/\/diba.ccoo.cat\/ajuda-dels-nostres-delegats-i-delegades-de-prevencio\/\">https:\/\/diba.ccoo.cat\/ajuda-dels-nostres-delegats-i-delegades-de-prevencio\/<\/a>\u00a0 \u00a0<span style=\"color: #000000;font-family: arial, helvetica, sans-serif;font-size: 16px\">(<\/span><\/span><\/span><span style=\"font-size: 16px\">A l&#8217;agost recordeu que ho gestionem tot mitjan\u00e7ant una centraleta. Per aix\u00f2 heu de trucar al 667 90 69 64).<\/span><\/span><\/li>\n<\/ul>\n<p><a href=\"https:\/\/diba.ccoo.cat\/wp-content\/uploads\/sites\/37\/2020\/07\/Manual-informaci%C3%B3-treballador-retorn-presencial.pdf\"><img loading=\"lazy\" decoding=\"async\" class=\"wp-image-5912 aligncenter\" src=\"http:\/\/ccoo.app\/diputacio-de-barcelona\/wp-content\/blogs.dir\/6\/files\/sites\/186\/2020\/05\/nota-2-300x86.png\" alt=\"\" width=\"98\" height=\"28\" srcset=\"https:\/\/ccoo.app\/diputacio-de-barcelona\/wp-content\/blogs.dir\/6\/files\/sites\/186\/2020\/05\/nota-2-300x86.png 300w, https:\/\/ccoo.app\/diputacio-de-barcelona\/wp-content\/blogs.dir\/6\/files\/sites\/186\/2020\/05\/nota-2.png 337w\" sizes=\"auto, (max-width: 98px) 100vw, 98px\" \/><\/a><\/p>\n<p>&nbsp;<\/p>\n<p style=\"text-align: center\"><img loading=\"lazy\" decoding=\"async\" class=\"wp-image-5184 aligncenter\" src=\"http:\/\/ccoo.app\/diputacio-de-barcelona\/wp-content\/blogs.dir\/6\/files\/sites\/186\/2020\/03\/i-de-info-300x300.jpg\" alt=\"\" width=\"72\" height=\"72\" srcset=\"https:\/\/ccoo.app\/diputacio-de-barcelona\/wp-content\/blogs.dir\/6\/files\/sites\/186\/2020\/03\/i-de-info-300x300.jpg 300w, https:\/\/ccoo.app\/diputacio-de-barcelona\/wp-content\/blogs.dir\/6\/files\/sites\/186\/2020\/03\/i-de-info-150x150.jpg 150w, https:\/\/ccoo.app\/diputacio-de-barcelona\/wp-content\/blogs.dir\/6\/files\/sites\/186\/2020\/03\/i-de-info.jpg 626w\" sizes=\"auto, (max-width: 72px) 100vw, 72px\" \/><span style=\"font-family: 'arial black', sans-serif;font-size: 20px;color: #ffff00;background-color: #ff0000\">TOTA LA INFORMACI\u00d3 SINDICAL QUE NECESSITES<\/span><\/p>\n<p><img loading=\"lazy\" decoding=\"async\" class=\"wp-image-5913 aligncenter\" src=\"http:\/\/ccoo.app\/diputacio-de-barcelona\/wp-content\/blogs.dir\/6\/files\/sites\/186\/2020\/05\/telefono-300x300.jpg\" alt=\"\" width=\"59\" height=\"59\" srcset=\"https:\/\/ccoo.app\/diputacio-de-barcelona\/wp-content\/blogs.dir\/6\/files\/sites\/186\/2020\/05\/telefono-300x300.jpg 300w, https:\/\/ccoo.app\/diputacio-de-barcelona\/wp-content\/blogs.dir\/6\/files\/sites\/186\/2020\/05\/telefono-150x150.jpg 150w, https:\/\/ccoo.app\/diputacio-de-barcelona\/wp-content\/blogs.dir\/6\/files\/sites\/186\/2020\/05\/telefono.jpg 600w\" sizes=\"auto, (max-width: 59px) 100vw, 59px\" \/><\/p>\n<p style=\"text-align: center\"><span style=\"text-decoration: underline\"><span style=\"font-family: 'arial black', sans-serif;color: #000000;background-color: #ffff00;text-decoration: underline\">HORARI\u00a0ESPECIAL\u00a0DEL 27 DE JULIOL AL 4 DE SETEMBRE<\/span><\/span><\/p>\n<p style=\"text-align: center\"><span style=\"font-family: 'arial black', sans-serif;color: #000000\">DE DILLUNS A DIVENDRES<\/span><\/p>\n<p style=\"text-align: center\"><span style=\"font-family: 'arial black', sans-serif;color: #ff0000;font-size: 20px;background-color: #ffff00\">667 90 69 64<\/span><\/p>\n<p style=\"text-align: center\"><span style=\"font-family: 'arial black', sans-serif;color: #000000;background-color: #ffff00\">DE 9:30 A 13:30\u00a0<\/span><\/p>\n<p><img loading=\"lazy\" decoding=\"async\" class=\"wp-image-5553 aligncenter\" src=\"http:\/\/ccoo.app\/diputacio-de-barcelona\/wp-content\/blogs.dir\/6\/files\/sites\/186\/2020\/04\/mail-foto-300x200.jpg\" alt=\"\" width=\"59\" height=\"39\" srcset=\"https:\/\/ccoo.app\/diputacio-de-barcelona\/wp-content\/blogs.dir\/6\/files\/sites\/186\/2020\/04\/mail-foto-300x200.jpg 300w, https:\/\/ccoo.app\/diputacio-de-barcelona\/wp-content\/blogs.dir\/6\/files\/sites\/186\/2020\/04\/mail-foto-1024x683.jpg 1024w, https:\/\/ccoo.app\/diputacio-de-barcelona\/wp-content\/blogs.dir\/6\/files\/sites\/186\/2020\/04\/mail-foto-768x512.jpg 768w, https:\/\/ccoo.app\/diputacio-de-barcelona\/wp-content\/blogs.dir\/6\/files\/sites\/186\/2020\/04\/mail-foto.jpg 1200w\" sizes=\"auto, (max-width: 59px) 100vw, 59px\" \/><\/p>\n<p style=\"text-align: center\"><span style=\"font-family: arial, helvetica, sans-serif;color: #000000\">La\u00a0SECCI\u00d3 SINDICAL DE CCOO donem resposta a tots els teus dubtes o t&#8217;ajudem solucionar els problemes que puguis tenir.<strong> T&#8217;ajudem a defensar els teus drets!<\/strong><\/span><\/p>\n<p style=\"text-align: center\"><span style=\"font-family: 'arial black', sans-serif;color: #0000ff\"><a style=\"color: #0000ff\" href=\"mailto:ccoo@diba.cat\"><strong>ccoo@diba.cat<\/strong><\/a><\/span><\/p>\n<p style=\"text-align: center\"><span style=\"font-family: 'arial black', sans-serif;color: #0000ff\"><a style=\"color: #0000ff\" href=\"mailto:orgt.ssccoo@diba.cat\">orgt.ssccoo@diba.cat<\/a><\/span><\/p>\n<p><img loading=\"lazy\" decoding=\"async\" class=\"wp-image-5554 aligncenter\" src=\"http:\/\/ccoo.app\/diputacio-de-barcelona\/wp-content\/blogs.dir\/6\/files\/sites\/186\/2020\/04\/mail-foto-enviar-300x212.jpg\" alt=\"\" width=\"67\" height=\"47\" srcset=\"https:\/\/ccoo.app\/diputacio-de-barcelona\/wp-content\/blogs.dir\/6\/files\/sites\/186\/2020\/04\/mail-foto-enviar-300x212.jpg 300w, https:\/\/ccoo.app\/diputacio-de-barcelona\/wp-content\/blogs.dir\/6\/files\/sites\/186\/2020\/04\/mail-foto-enviar-1024x724.jpg 1024w, https:\/\/ccoo.app\/diputacio-de-barcelona\/wp-content\/blogs.dir\/6\/files\/sites\/186\/2020\/04\/mail-foto-enviar-768x543.jpg 768w, https:\/\/ccoo.app\/diputacio-de-barcelona\/wp-content\/blogs.dir\/6\/files\/sites\/186\/2020\/04\/mail-foto-enviar.jpg 1200w\" sizes=\"auto, (max-width: 67px) 100vw, 67px\" \/><\/p>\n<p style=\"text-align: center\"><span style=\"font-family: arial, helvetica, sans-serif;color: #000000\">Encara no t&#8217;has descarregat la nostra <a href=\"http:\/\/www.ccoo.cat\/carnet\/index.aspx?qr=1#descarrega\"><span style=\"font-family: 'arial black', sans-serif;color: #0000ff\">APP<\/span><\/a> CCOO-Diba d&#8217;informaci\u00f3 sindical?<\/span><\/p>\n<p style=\"text-align: center\"><span style=\"font-family: arial, helvetica, sans-serif;color: #000000\">Fes clic <a href=\"http:\/\/www.ccoo.cat\/carnet\/index.aspx?qr=1#descarrega\"><span style=\"font-family: 'arial black', sans-serif;color: #0000ff\">aqu\u00ed<\/span><\/a> per tenir la informaci\u00f3 abans que ning\u00fa!<\/span><\/p>\n<p><img loading=\"lazy\" decoding=\"async\" class=\"wp-image-5915 aligncenter\" src=\"http:\/\/ccoo.app\/diputacio-de-barcelona\/wp-content\/blogs.dir\/6\/files\/sites\/186\/2020\/05\/xarxes-socials-300x169.png\" alt=\"\" width=\"227\" height=\"128\" srcset=\"https:\/\/ccoo.app\/diputacio-de-barcelona\/wp-content\/blogs.dir\/6\/files\/sites\/186\/2020\/05\/xarxes-socials-300x169.png 300w, https:\/\/ccoo.app\/diputacio-de-barcelona\/wp-content\/blogs.dir\/6\/files\/sites\/186\/2020\/05\/xarxes-socials-1024x576.png 1024w, https:\/\/ccoo.app\/diputacio-de-barcelona\/wp-content\/blogs.dir\/6\/files\/sites\/186\/2020\/05\/xarxes-socials-768x432.png 768w, https:\/\/ccoo.app\/diputacio-de-barcelona\/wp-content\/blogs.dir\/6\/files\/sites\/186\/2020\/05\/xarxes-socials.png 1200w\" sizes=\"auto, (max-width: 227px) 100vw, 227px\" \/><\/p>\n<p style=\"text-align: center\"><span style=\"font-family: arial, helvetica, sans-serif;color: #000000\">Tamb\u00e9 trobar\u00e0s CCOO-Diba a les xarxes socials. Clica sobre la icona de la teva xarxa favorita:<\/span><\/p>\n<p><a href=\"https:\/\/twitter.com\/CCOODiba\"><img loading=\"lazy\" decoding=\"async\" class=\" wp-image-5728 aligncenter\" src=\"http:\/\/ccoo.app\/diputacio-de-barcelona\/wp-content\/blogs.dir\/6\/files\/sites\/186\/2020\/04\/twitter-300x300.png\" alt=\"\" width=\"89\" height=\"89\" srcset=\"https:\/\/ccoo.app\/diputacio-de-barcelona\/wp-content\/blogs.dir\/6\/files\/sites\/186\/2020\/04\/twitter-300x300.png 300w, https:\/\/ccoo.app\/diputacio-de-barcelona\/wp-content\/blogs.dir\/6\/files\/sites\/186\/2020\/04\/twitter-150x150.png 150w, https:\/\/ccoo.app\/diputacio-de-barcelona\/wp-content\/blogs.dir\/6\/files\/sites\/186\/2020\/04\/twitter.png 512w\" sizes=\"auto, (max-width: 89px) 100vw, 89px\" \/><\/a><\/p>\n<p><a href=\"https:\/\/www.instagram.com\/ccoo_diba\/?hl=es\"><img loading=\"lazy\" decoding=\"async\" class=\"wp-image-5730 aligncenter\" src=\"http:\/\/ccoo.app\/diputacio-de-barcelona\/wp-content\/blogs.dir\/6\/files\/sites\/186\/2020\/04\/instragram-300x300.png\" alt=\"\" width=\"91\" height=\"91\" srcset=\"https:\/\/ccoo.app\/diputacio-de-barcelona\/wp-content\/blogs.dir\/6\/files\/sites\/186\/2020\/04\/instragram-300x300.png 300w, https:\/\/ccoo.app\/diputacio-de-barcelona\/wp-content\/blogs.dir\/6\/files\/sites\/186\/2020\/04\/instragram-150x150.png 150w, https:\/\/ccoo.app\/diputacio-de-barcelona\/wp-content\/blogs.dir\/6\/files\/sites\/186\/2020\/04\/instragram.png 512w\" sizes=\"auto, (max-width: 91px) 100vw, 91px\" \/><\/a><\/p>\n<p><a href=\"https:\/\/www.facebook.com\/CcooDiputacioDeBarcelona\/\"><img loading=\"lazy\" decoding=\"async\" class=\"wp-image-5729 aligncenter\" src=\"http:\/\/ccoo.app\/diputacio-de-barcelona\/wp-content\/blogs.dir\/6\/files\/sites\/186\/2020\/04\/facebook-300x300.png\" alt=\"\" width=\"90\" height=\"90\" srcset=\"https:\/\/ccoo.app\/diputacio-de-barcelona\/wp-content\/blogs.dir\/6\/files\/sites\/186\/2020\/04\/facebook-300x300.png 300w, https:\/\/ccoo.app\/diputacio-de-barcelona\/wp-content\/blogs.dir\/6\/files\/sites\/186\/2020\/04\/facebook-150x150.png 150w, https:\/\/ccoo.app\/diputacio-de-barcelona\/wp-content\/blogs.dir\/6\/files\/sites\/186\/2020\/04\/facebook.png 325w\" sizes=\"auto, (max-width: 90px) 100vw, 90px\" \/><\/a><a href=\"https:\/\/www.youtube.com\/channel\/UCFzenkS75udEcs4pB4qoZsg\"><img loading=\"lazy\" decoding=\"async\" class=\" wp-image-5916 aligncenter\" src=\"http:\/\/ccoo.app\/diputacio-de-barcelona\/wp-content\/blogs.dir\/6\/files\/sites\/186\/2020\/05\/youtube-300x115.jpg\" alt=\"\" width=\"122\" height=\"47\" srcset=\"https:\/\/ccoo.app\/diputacio-de-barcelona\/wp-content\/blogs.dir\/6\/files\/sites\/186\/2020\/05\/youtube-300x115.jpg 300w, https:\/\/ccoo.app\/diputacio-de-barcelona\/wp-content\/blogs.dir\/6\/files\/sites\/186\/2020\/05\/youtube-1024x391.jpg 1024w, https:\/\/ccoo.app\/diputacio-de-barcelona\/wp-content\/blogs.dir\/6\/files\/sites\/186\/2020\/05\/youtube-768x293.jpg 768w, https:\/\/ccoo.app\/diputacio-de-barcelona\/wp-content\/blogs.dir\/6\/files\/sites\/186\/2020\/05\/youtube.jpg 1200w\" sizes=\"auto, (max-width: 122px) 100vw, 122px\" \/><\/a><\/p>\n<p><iframe loading=\"lazy\" title=\"Hauran de comptar amb nosaltres. Salut, treball i just\u00edcia social || 1r de maig del 2020.\" width=\"1200\" height=\"675\" src=\"https:\/\/www.youtube.com\/embed\/uS104R3aSJs?feature=oembed\" frameborder=\"0\" allow=\"accelerometer; autoplay; clipboard-write; encrypted-media; gyroscope; picture-in-picture; web-share\" allowfullscreen><\/iframe><\/p>\n<p>&nbsp;    \t<\/p>\n","protected":false},"excerpt":{"rendered":"<p>&nbsp; TINGUES SEMPRE A M\u00c0 EL MANUAL \u00abINCORPORACI\u00d3 AL LLOC DE TREBALL PRESENCIAL: QU\u00c8 HEU DE SABER?\u00bb TOT EL QUE HAS DE SABER SI TREBALLES PRESENCIALMENT -27 de juliol de &#8230; <\/p>\n<p class=\"read-more-container\"><a title=\"112\/COVID-19. TINGUES SEMPRE A M\u00c0 EL MANUAL \u00abINCORPORACI\u00d3 AL LLOC DE TREBALL PRESENCIAL: QU\u00c8 HEU DE SABER?\u00bb\" class=\"read-more button\" href=\"https:\/\/ccoo.app\/diputacio-de-barcelona\/manual-incorporacio\/#more-6625\" aria-label=\"Leer m\u00e1s sobre 112\/COVID-19. TINGUES SEMPRE A M\u00c0 EL MANUAL \u00abINCORPORACI\u00d3 AL LLOC DE TREBALL PRESENCIAL: QU\u00c8 HEU DE SABER?\u00bb\">Continuar llegint<\/a><\/p>\n","protected":false},"author":4519,"featured_media":6632,"comment_status":"open","ping_status":"open","sticky":false,"template":"","format":"standard","meta":{"footnotes":""},"categories":[38,19,35],"tags":[],"class_list":["post-6625","post","type-post","status-publish","format-standard","has-post-thumbnail","hentry","category-a-tot-el-personal","category-comunicats","category-salut-laboral","generate-columns","tablet-grid-50","mobile-grid-100","grid-parent","grid-50"],"_links":{"self":[{"href":"https:\/\/ccoo.app\/diputacio-de-barcelona\/wp-json\/wp\/v2\/posts\/6625","targetHints":{"allow":["GET"]}}],"collection":[{"href":"https:\/\/ccoo.app\/diputacio-de-barcelona\/wp-json\/wp\/v2\/posts"}],"about":[{"href":"https:\/\/ccoo.app\/diputacio-de-barcelona\/wp-json\/wp\/v2\/types\/post"}],"author":[{"embeddable":true,"href":"https:\/\/ccoo.app\/diputacio-de-barcelona\/wp-json\/wp\/v2\/users\/4519"}],"replies":[{"embeddable":true,"href":"https:\/\/ccoo.app\/diputacio-de-barcelona\/wp-json\/wp\/v2\/comments?post=6625"}],"version-history":[{"count":1,"href":"https:\/\/ccoo.app\/diputacio-de-barcelona\/wp-json\/wp\/v2\/posts\/6625\/revisions"}],"predecessor-version":[{"id":50899,"href":"https:\/\/ccoo.app\/diputacio-de-barcelona\/wp-json\/wp\/v2\/posts\/6625\/revisions\/50899"}],"wp:featuredmedia":[{"embeddable":true,"href":"https:\/\/ccoo.app\/diputacio-de-barcelona\/wp-json\/wp\/v2\/media\/6632"}],"wp:attachment":[{"href":"https:\/\/ccoo.app\/diputacio-de-barcelona\/wp-json\/wp\/v2\/media?parent=6625"}],"wp:term":[{"taxonomy":"category","embeddable":true,"href":"https:\/\/ccoo.app\/diputacio-de-barcelona\/wp-json\/wp\/v2\/categories?post=6625"},{"taxonomy":"post_tag","embeddable":true,"href":"https:\/\/ccoo.app\/diputacio-de-barcelona\/wp-json\/wp\/v2\/tags?post=6625"}],"curies":[{"name":"wp","href":"https:\/\/api.w.org\/{rel}","templated":true}]}}