{"id":6592,"date":"2020-07-22T12:12:49","date_gmt":"2020-07-22T11:12:49","guid":{"rendered":"https:\/\/diba.ccoo.cat\/?p=6592"},"modified":"2023-02-22T18:34:46","modified_gmt":"2023-02-22T17:34:46","slug":"ccoo-demanem-prudencia-i-no-es-relaxar-les-mesures","status":"publish","type":"post","link":"https:\/\/ccoo.app\/diputacio-de-barcelona\/ccoo-demanem-prudencia-i-no-es-relaxar-les-mesures\/","title":{"rendered":"111\/COVID-19. CCOO DEMANEM PRUD\u00c8NCIA I NO RELAXAR LES MESURES DE PRECAUCI\u00d3 PEL COVID-19"},"content":{"rendered":"<p><a href=\"https:\/\/diba.ccoo.cat\/\"><img loading=\"lazy\" decoding=\"async\" class=\"wp-image-5909 aligncenter\" src=\"http:\/\/ccoo.app\/diputacio-de-barcelona\/wp-content\/blogs.dir\/6\/files\/sites\/186\/2020\/05\/nota-1-300x86.png\" alt=\"\" width=\"92\" height=\"27\" srcset=\"https:\/\/ccoo.app\/diputacio-de-barcelona\/wp-content\/blogs.dir\/6\/files\/sites\/186\/2020\/05\/nota-1-300x86.png 300w, https:\/\/ccoo.app\/diputacio-de-barcelona\/wp-content\/blogs.dir\/6\/files\/sites\/186\/2020\/05\/nota-1.png 339w\" sizes=\"auto, (max-width: 92px) 100vw, 92px\" \/><\/a><\/p>\n<p class=\"wp-caption-text\"><a href=\"https:\/\/diba.ccoo.cat\/\"><img loading=\"lazy\" decoding=\"async\" class=\"wp-image-1853 aligncenter\" src=\"http:\/\/ccoo.app\/diputacio-de-barcelona\/wp-content\/blogs.dir\/6\/files\/sites\/186\/2018\/01\/logoccoov18.jpg\" alt=\"\" width=\"240\" height=\"110\" \/><\/a><\/p>\n<p><img loading=\"lazy\" decoding=\"async\" class=\"wp-image-5910 aligncenter\" src=\"http:\/\/ccoo.app\/diputacio-de-barcelona\/wp-content\/blogs.dir\/6\/files\/sites\/186\/2020\/05\/nota-3-300x83.png\" alt=\"\" width=\"90\" height=\"25\" srcset=\"https:\/\/ccoo.app\/diputacio-de-barcelona\/wp-content\/blogs.dir\/6\/files\/sites\/186\/2020\/05\/nota-3-300x83.png 300w, https:\/\/ccoo.app\/diputacio-de-barcelona\/wp-content\/blogs.dir\/6\/files\/sites\/186\/2020\/05\/nota-3.png 337w\" sizes=\"auto, (max-width: 90px) 100vw, 90px\" \/><\/p>\n<p style=\"text-align: center\"><span style=\"font-family: 'arial black', sans-serif;color: #0000ff;font-size: 24px\">DAVANT NOUS REBROTS, CCOO DEMANEM PRUD\u00c8NCIA I NO RELAXAR LES MESURES DE PRECAUCI\u00d3\u00a0<\/span><\/p>\n<p style=\"text-align: center\"><span style=\"font-family: arial, helvetica, sans-serif;font-size: 14px;color: #000000\">-22 de juliol de 2020-<\/span><\/p>\n<p>&nbsp;<\/p>\n<p style=\"text-align: center\"><span style=\"font-family: arial, helvetica, sans-serif;color: #000000\"><span style=\"font-family: 'arial black', sans-serif\">SITUACI\u00d3 CR\u00cdTICA: BROTS A L&#8217;AL\u00c7A A LA REGI\u00d3 METROPOLITANA DE BARCELONA<\/span> <\/span><\/p>\n<p style=\"text-align: justify\"><span style=\"font-family: arial, helvetica, sans-serif;color: #000000\">El nostre Protocol es va aprovar en un context de \u00abdesescalada\u00bb i va permetre reobrir centres de treball i activitats presencial (cliqueu <a href=\"https:\/\/diba.ccoo.cat\/nou-protocol-versio-mes-senzilla-2\/\"><span style=\"font-family: 'arial black', sans-serif;color: #0000ff\">aqu\u00ed<\/span><\/a>). <\/span><\/p>\n<p style=\"text-align: justify\"><span style=\"font-family: arial, helvetica, sans-serif;color: #000000\">La situaci\u00f3 ha canviat absolutament i, lamentablement, \u00e9s previsible que pugui anar a pitjor. Davant aquest nou escenari, CCOO demanem extremar les mesures de precauci\u00f3, no nom\u00e9s des d&#8217;un punt de vista <span style=\"text-decoration: underline\">individual<\/span> per part de tots els treballadors i treballadores, sin\u00f3 <span style=\"text-decoration: underline\">tamb\u00e9 des d&#8217;un punt de vista organitzatiu.<\/span> En aquest sentit, <span style=\"background-color: #ffff00\"><strong>insistim en que s&#8217;evitin al m\u00e0xim els treballs presencials<\/strong><\/span> i, si no es possible, s&#8217;organitzi el treball amb l&#8217;objectiu de minimitzar els riscos:<\/span><\/p>\n<ul>\n<li style=\"text-align: justify\"><span style=\"font-family: arial, helvetica, sans-serif;color: #000000\"><span style=\"text-decoration: underline;background-color: #ffff00\"><strong>Flexibilitzar<\/strong><\/span> els horaris d\u2019entrada i sortida per evitar les hores <\/span><span style=\"font-family: arial, helvetica, sans-serif;color: #000000\">punta del transport p\u00fablic i evitar aglomeracions a les entrades als <\/span><span style=\"font-family: arial, helvetica, sans-serif;color: #000000\">centres de treball, procurant que es puguin produir entrades i sortides <\/span><span style=\"font-family: arial, helvetica, sans-serif;color: #000000\">esglaonades.<\/span><\/li>\n<\/ul>\n<p><img loading=\"lazy\" decoding=\"async\" class=\" wp-image-6593 aligncenter\" src=\"http:\/\/ccoo.app\/diputacio-de-barcelona\/wp-content\/blogs.dir\/6\/files\/sites\/186\/2020\/07\/covid-barcelona-300x169.jpg\" alt=\"\" width=\"257\" height=\"145\" srcset=\"https:\/\/ccoo.app\/diputacio-de-barcelona\/wp-content\/blogs.dir\/6\/files\/sites\/186\/2020\/07\/covid-barcelona-300x169.jpg 300w, https:\/\/ccoo.app\/diputacio-de-barcelona\/wp-content\/blogs.dir\/6\/files\/sites\/186\/2020\/07\/covid-barcelona-1024x576.jpg 1024w, https:\/\/ccoo.app\/diputacio-de-barcelona\/wp-content\/blogs.dir\/6\/files\/sites\/186\/2020\/07\/covid-barcelona-768x432.jpg 768w, https:\/\/ccoo.app\/diputacio-de-barcelona\/wp-content\/blogs.dir\/6\/files\/sites\/186\/2020\/07\/covid-barcelona.jpg 1280w\" sizes=\"auto, (max-width: 257px) 100vw, 257px\" \/><\/p>\n<ul>\n<li style=\"text-align: justify\"><span style=\"text-decoration: underline;background-color: #ffff00\"><strong><span style=\"font-family: arial, helvetica, sans-serif;color: #000000;text-decoration: underline\">Compactaci\u00f3 de jornades.<\/span><\/strong><\/span>\n<ul>\n<li style=\"text-align: justify\"><span style=\"font-family: arial, helvetica, sans-serif;color: #000000\">S\u2019estableix una pres\u00e8ncia m\u00e0xima di\u00e0ria de 7,5 hores per als <\/span><span style=\"font-family: arial, helvetica, sans-serif;color: #000000\">empleats que tenen assignades jornades de treball ordin\u00e0ries i <\/span><span style=\"font-family: arial, helvetica, sans-serif;color: #000000\">extraordin\u00e0ries no sotmeses a torns (per exemple, Ampliat Partit, <\/span><span style=\"font-family: arial, helvetica, sans-serif;color: #000000\">Plena Dedicaci\u00f3, etc.), mantenint la <span style=\"background-color: #ffff00\"><strong>m\u00ednima pres\u00e8ncia de 4 hores i 30 <\/strong><\/span><\/span><span style=\"background-color: #ffff00\"><strong><span style=\"font-family: arial, helvetica, sans-serif;color: #000000\">minuts di\u00e0ria establerta per a cada empleat\/ada i s\u2019eximeix de la <\/span><span style=\"font-family: arial, helvetica, sans-serif;color: #000000\">pres\u00e8ncia f\u00edsica la resta d\u2019hores no assolides presencialment, de <\/span><span style=\"font-family: arial, helvetica, sans-serif;color: #000000\">manera excepcional.<\/span><\/strong><\/span><\/li>\n<li style=\"text-align: justify\"><span style=\"font-family: arial, helvetica, sans-serif;color: #000000\">Sempre que sigui possible es proposa la divisi\u00f3 dels equips de <\/span><span style=\"font-family: arial, helvetica, sans-serif;color: #000000\">treball en 2 <span style=\"background-color: #ffff00\">torns<\/span> de tal manera que es puguin establir quadrants <\/span><span style=\"font-family: arial, helvetica, sans-serif;color: #000000\">de treball mensuals en qu\u00e8 ambd\u00f3s grups no coincideixin: <span style=\"background-color: #ffff00\"><strong>cada <\/strong><\/span><\/span><span style=\"background-color: #ffff00\"><strong><span style=\"font-family: arial, helvetica, sans-serif;color: #000000\">setmana s\u2019alternarien un primer grup que treballaria dilluns, dimecres <\/span><\/strong><\/span><span style=\"font-family: arial, helvetica, sans-serif;color: #000000\"><span style=\"background-color: #ffff00\"><strong>i divendres i un segon grup que ho faria dimarts i dijous<\/strong><\/span>, <\/span><span style=\"font-family: arial, helvetica, sans-serif;color: #000000\">intercanviant-se cada setmana successivament, amb la finalitat de <\/span><span style=\"background-color: #ffff00\"><strong><span style=\"font-family: arial, helvetica, sans-serif;color: #000000\">reduir les hores de treball presencial i evitar la coincid\u00e8ncia <\/span><span style=\"font-family: arial, helvetica, sans-serif;color: #000000\">entre equips<\/span><\/strong><\/span><\/li>\n<\/ul>\n<\/li>\n<\/ul>\n<p style=\"text-align: justify\"><span style=\"font-family: arial, helvetica, sans-serif;color: #000000\">Ens preocupa molt com en aquest moment, encara observem greus mancances relacionades amb l&#8217;implementaci\u00f3 d&#8217;aquestes i altres mesures de prevenci\u00f3 en alguns centres de treball o col\u00b7lectius (ho vam explicar al CSS: cliqueu <a href=\"https:\/\/diba.ccoo.cat\/17-07-css-2-2-2\/\"><span style=\"font-family: 'arial black', sans-serif;color: #0000ff\">aqu\u00ed<\/span><\/a>). Com \u00e9s aix\u00f2 possible? \u00c9s necessari recordar que est\u00e0 en joc la salut de persones? Qui assumir\u00e0 la responsabilitat dels contagis que es puguin donar si es demostra que \u00e9s el resultat d&#8217;una neglig\u00e8ncia?\u00a0<\/span><\/p>\n<p style=\"text-align: justify\"><span style=\"font-family: arial, helvetica, sans-serif;color: #000000\">CCOO som de les persones que pensem que \u00abval m\u00e9s prevenir que curar\u00bb. Tenim al nostre abast una eina potent\u00edssima: <span style=\"font-family: 'arial black', sans-serif;color: #0000ff\"><a style=\"color: #0000ff\" href=\"https:\/\/diba.ccoo.cat\/nou-protocol-versio-mes-senzilla-2\/\">el protocol<\/a><\/span> de Diputaci\u00f3. Es tracta doncs d&#8217;implementar totes les mesures que aquest cont\u00e9.<\/span><\/p>\n<p><img loading=\"lazy\" decoding=\"async\" class=\"wp-image-6568 aligncenter\" src=\"http:\/\/ccoo.app\/diputacio-de-barcelona\/wp-content\/blogs.dir\/6\/files\/sites\/186\/2020\/07\/precaucio-covid-300x100.jpg\" alt=\"\" width=\"216\" height=\"72\" srcset=\"https:\/\/ccoo.app\/diputacio-de-barcelona\/wp-content\/blogs.dir\/6\/files\/sites\/186\/2020\/07\/precaucio-covid-300x100.jpg 300w, https:\/\/ccoo.app\/diputacio-de-barcelona\/wp-content\/blogs.dir\/6\/files\/sites\/186\/2020\/07\/precaucio-covid-1024x341.jpg 1024w, https:\/\/ccoo.app\/diputacio-de-barcelona\/wp-content\/blogs.dir\/6\/files\/sites\/186\/2020\/07\/precaucio-covid-768x256.jpg 768w, https:\/\/ccoo.app\/diputacio-de-barcelona\/wp-content\/blogs.dir\/6\/files\/sites\/186\/2020\/07\/precaucio-covid.jpg 1500w\" sizes=\"auto, (max-width: 216px) 100vw, 216px\" \/><\/p>\n<p style=\"text-align: justify\"><span style=\"font-family: arial, helvetica, sans-serif;color: #000000\">Finalment, i en termes generals volem fer la seg\u00fcent proposta: de la mateixa manera que en les diferents fases de desconfinament es va anar incrementant l&#8217;activitat presencial, ara <span style=\"background-color: #ffff00\"><strong>demanem que es pugui estudiar anar en el sentit contrari posant per davant de qualsevol altra consideraci\u00f3 la salut del personal.<\/strong><\/span> Aix\u00ec ho exposarem en la pr\u00f2xima reuni\u00f3 del dia 24 de juliol al Comit\u00e8 de Seguretat i Salut (cliqueu <span style=\"font-family: 'arial black', sans-serif;color: #0000ff\"><a style=\"color: #0000ff\" href=\"https:\/\/diba.ccoo.cat\/17-07-css-2-2-2\/\">aqu\u00ed<\/a><\/span>).<\/span><\/p>\n<p><img loading=\"lazy\" decoding=\"async\" class=\"wp-image-5635 aligncenter\" src=\"http:\/\/ccoo.app\/diputacio-de-barcelona\/wp-content\/blogs.dir\/6\/files\/sites\/186\/2020\/04\/mascarilla-300x300.jpg\" alt=\"\" width=\"125\" height=\"125\" srcset=\"https:\/\/ccoo.app\/diputacio-de-barcelona\/wp-content\/blogs.dir\/6\/files\/sites\/186\/2020\/04\/mascarilla-300x300.jpg 300w, https:\/\/ccoo.app\/diputacio-de-barcelona\/wp-content\/blogs.dir\/6\/files\/sites\/186\/2020\/04\/mascarilla-150x150.jpg 150w, https:\/\/ccoo.app\/diputacio-de-barcelona\/wp-content\/blogs.dir\/6\/files\/sites\/186\/2020\/04\/mascarilla.jpg 500w\" sizes=\"auto, (max-width: 125px) 100vw, 125px\" \/><\/p>\n<p style=\"text-align: center\"><span style=\"font-family: arial, helvetica, sans-serif;color: #000000\">A la feina, saps com i quan has de dur la mascareta? Cliqueu <a href=\"https:\/\/diba.ccoo.cat\/haig-de-portar-mascareta-a-la-meva-feina\/\"><span style=\"font-family: 'arial black', sans-serif;color: #0000ff\">aqu\u00ed<\/span><\/a>.<\/span><\/p>\n<p>&nbsp;<\/p>\n<p><img loading=\"lazy\" decoding=\"async\" class=\"wp-image-6417 aligncenter\" src=\"http:\/\/ccoo.app\/diputacio-de-barcelona\/wp-content\/blogs.dir\/6\/files\/sites\/186\/2020\/07\/ccoo-diba-prevencio-300x280.png\" alt=\"\" width=\"111\" height=\"103\" srcset=\"https:\/\/ccoo.app\/diputacio-de-barcelona\/wp-content\/blogs.dir\/6\/files\/sites\/186\/2020\/07\/ccoo-diba-prevencio-300x280.png 300w, https:\/\/ccoo.app\/diputacio-de-barcelona\/wp-content\/blogs.dir\/6\/files\/sites\/186\/2020\/07\/ccoo-diba-prevencio.png 490w\" sizes=\"auto, (max-width: 111px) 100vw, 111px\" \/><\/p>\n<p style=\"text-align: center\"><span style=\"font-family: 'arial black', sans-serif;color: #000000\">Has detectat incid\u00e8ncies o incompliments en el teu centre de treball respecte a la manca de mesures de protecci\u00f3 front a contagis per la COVID-19? <\/span><\/p>\n<p style=\"text-align: center\"><span style=\"font-family: 'arial black', sans-serif;color: #000000\"><a href=\"https:\/\/diba.ccoo.cat\/ccoo-diba-no-tanquem-a-lestiu\/\"><span style=\"color: #0000ff\"><span style=\"background-color: #ffff00\">NO CALLIS, TRUCA&#8217;NS !<\/span><\/span><\/a><\/span><\/p>\n<p>&nbsp;<\/p>\n<p style=\"text-align: center\"><img loading=\"lazy\" decoding=\"async\" class=\"wp-image-5184 aligncenter\" src=\"http:\/\/ccoo.app\/diputacio-de-barcelona\/wp-content\/blogs.dir\/6\/files\/sites\/186\/2020\/03\/i-de-info-300x300.jpg\" alt=\"\" width=\"72\" height=\"72\" srcset=\"https:\/\/ccoo.app\/diputacio-de-barcelona\/wp-content\/blogs.dir\/6\/files\/sites\/186\/2020\/03\/i-de-info-300x300.jpg 300w, https:\/\/ccoo.app\/diputacio-de-barcelona\/wp-content\/blogs.dir\/6\/files\/sites\/186\/2020\/03\/i-de-info-150x150.jpg 150w, https:\/\/ccoo.app\/diputacio-de-barcelona\/wp-content\/blogs.dir\/6\/files\/sites\/186\/2020\/03\/i-de-info.jpg 626w\" sizes=\"auto, (max-width: 72px) 100vw, 72px\" \/><span style=\"font-family: 'arial black', sans-serif;font-size: 20px;color: #ffff00;background-color: #ff0000\">TOTA LA INFORMACI\u00d3 SINDICAL QUE NECESSITES<\/span><\/p>\n<p><img loading=\"lazy\" decoding=\"async\" class=\"wp-image-5913 aligncenter\" src=\"http:\/\/ccoo.app\/diputacio-de-barcelona\/wp-content\/blogs.dir\/6\/files\/sites\/186\/2020\/05\/telefono-300x300.jpg\" alt=\"\" width=\"59\" height=\"59\" srcset=\"https:\/\/ccoo.app\/diputacio-de-barcelona\/wp-content\/blogs.dir\/6\/files\/sites\/186\/2020\/05\/telefono-300x300.jpg 300w, https:\/\/ccoo.app\/diputacio-de-barcelona\/wp-content\/blogs.dir\/6\/files\/sites\/186\/2020\/05\/telefono-150x150.jpg 150w, https:\/\/ccoo.app\/diputacio-de-barcelona\/wp-content\/blogs.dir\/6\/files\/sites\/186\/2020\/05\/telefono.jpg 600w\" sizes=\"auto, (max-width: 59px) 100vw, 59px\" \/><\/p>\n<p style=\"text-align: center\"><span style=\"text-decoration: underline\"><span style=\"font-family: 'arial black', sans-serif;color: #000000;background-color: #ffff00;text-decoration: underline\">HORARI\u00a0ESPECIAL\u00a0DEL 27 DE JULIOL AL 4 DE SETEMBRE<\/span><\/span><\/p>\n<p style=\"text-align: center\"><span style=\"font-family: 'arial black', sans-serif;color: #000000\">DE DILLUNS A DIVENDRES<\/span><\/p>\n<p style=\"text-align: center\"><span style=\"font-family: 'arial black', sans-serif;color: #000000;background-color: #ffff00\">DE 9:30 A 13:30\u00a0<\/span><\/p>\n<p><img loading=\"lazy\" decoding=\"async\" class=\"wp-image-5553 aligncenter\" src=\"http:\/\/ccoo.app\/diputacio-de-barcelona\/wp-content\/blogs.dir\/6\/files\/sites\/186\/2020\/04\/mail-foto-300x200.jpg\" alt=\"\" width=\"59\" height=\"39\" srcset=\"https:\/\/ccoo.app\/diputacio-de-barcelona\/wp-content\/blogs.dir\/6\/files\/sites\/186\/2020\/04\/mail-foto-300x200.jpg 300w, https:\/\/ccoo.app\/diputacio-de-barcelona\/wp-content\/blogs.dir\/6\/files\/sites\/186\/2020\/04\/mail-foto-1024x683.jpg 1024w, https:\/\/ccoo.app\/diputacio-de-barcelona\/wp-content\/blogs.dir\/6\/files\/sites\/186\/2020\/04\/mail-foto-768x512.jpg 768w, https:\/\/ccoo.app\/diputacio-de-barcelona\/wp-content\/blogs.dir\/6\/files\/sites\/186\/2020\/04\/mail-foto.jpg 1200w\" sizes=\"auto, (max-width: 59px) 100vw, 59px\" \/><\/p>\n<p style=\"text-align: center\"><span style=\"font-family: arial, helvetica, sans-serif;color: #000000\">La\u00a0SECCI\u00d3 SINDICAL DE CCOO donem resposta a tots els teus dubtes o t&#8217;ajudem solucionar els problemes que puguis tenir.<strong> T&#8217;ajudem a defensar els teus drets!<\/strong><\/span><\/p>\n<p style=\"text-align: center\"><span style=\"font-family: 'arial black', sans-serif;color: #0000ff\"><a style=\"color: #0000ff\" href=\"mailto:ccoo@diba.cat\"><strong>ccoo@diba.cat<\/strong><\/a><\/span><\/p>\n<p style=\"text-align: center\"><span style=\"font-family: 'arial black', sans-serif;color: #0000ff\"><a style=\"color: #0000ff\" href=\"mailto:orgt.ssccoo@diba.cat\">orgt.ssccoo@diba.cat<\/a><\/span><\/p>\n<p><img loading=\"lazy\" decoding=\"async\" class=\"wp-image-5554 aligncenter\" src=\"http:\/\/ccoo.app\/diputacio-de-barcelona\/wp-content\/blogs.dir\/6\/files\/sites\/186\/2020\/04\/mail-foto-enviar-300x212.jpg\" alt=\"\" width=\"67\" height=\"47\" srcset=\"https:\/\/ccoo.app\/diputacio-de-barcelona\/wp-content\/blogs.dir\/6\/files\/sites\/186\/2020\/04\/mail-foto-enviar-300x212.jpg 300w, https:\/\/ccoo.app\/diputacio-de-barcelona\/wp-content\/blogs.dir\/6\/files\/sites\/186\/2020\/04\/mail-foto-enviar-1024x724.jpg 1024w, https:\/\/ccoo.app\/diputacio-de-barcelona\/wp-content\/blogs.dir\/6\/files\/sites\/186\/2020\/04\/mail-foto-enviar-768x543.jpg 768w, https:\/\/ccoo.app\/diputacio-de-barcelona\/wp-content\/blogs.dir\/6\/files\/sites\/186\/2020\/04\/mail-foto-enviar.jpg 1200w\" sizes=\"auto, (max-width: 67px) 100vw, 67px\" \/><\/p>\n<p style=\"text-align: center\"><span style=\"font-family: arial, helvetica, sans-serif;color: #000000\">Encara no t&#8217;has descarregat la nostra <a href=\"http:\/\/www.ccoo.cat\/carnet\/index.aspx?qr=1#descarrega\"><span style=\"font-family: 'arial black', sans-serif;color: #0000ff\">APP<\/span><\/a> CCOO-Diba d&#8217;informaci\u00f3 sindical?<\/span><\/p>\n<p style=\"text-align: center\"><span style=\"font-family: arial, helvetica, sans-serif;color: #000000\">Fes clic <a href=\"http:\/\/www.ccoo.cat\/carnet\/index.aspx?qr=1#descarrega\"><span style=\"font-family: 'arial black', sans-serif;color: #0000ff\">aqu\u00ed<\/span><\/a> per tenir la informaci\u00f3 abans que ning\u00fa!<\/span><\/p>\n<p><img loading=\"lazy\" decoding=\"async\" class=\"wp-image-5915 aligncenter\" src=\"http:\/\/ccoo.app\/diputacio-de-barcelona\/wp-content\/blogs.dir\/6\/files\/sites\/186\/2020\/05\/xarxes-socials-300x169.png\" alt=\"\" width=\"227\" height=\"128\" srcset=\"https:\/\/ccoo.app\/diputacio-de-barcelona\/wp-content\/blogs.dir\/6\/files\/sites\/186\/2020\/05\/xarxes-socials-300x169.png 300w, https:\/\/ccoo.app\/diputacio-de-barcelona\/wp-content\/blogs.dir\/6\/files\/sites\/186\/2020\/05\/xarxes-socials-1024x576.png 1024w, https:\/\/ccoo.app\/diputacio-de-barcelona\/wp-content\/blogs.dir\/6\/files\/sites\/186\/2020\/05\/xarxes-socials-768x432.png 768w, https:\/\/ccoo.app\/diputacio-de-barcelona\/wp-content\/blogs.dir\/6\/files\/sites\/186\/2020\/05\/xarxes-socials.png 1200w\" sizes=\"auto, (max-width: 227px) 100vw, 227px\" \/><\/p>\n<p style=\"text-align: center\"><span style=\"font-family: arial, helvetica, sans-serif;color: #000000\">Tamb\u00e9 trobar\u00e0s CCOO-Diba a les xarxes socials. Clica sobre la icona de la teva xarxa favorita:<\/span><\/p>\n<p><a href=\"https:\/\/twitter.com\/CCOODiba\"><img loading=\"lazy\" decoding=\"async\" class=\" wp-image-5728 aligncenter\" src=\"http:\/\/ccoo.app\/diputacio-de-barcelona\/wp-content\/blogs.dir\/6\/files\/sites\/186\/2020\/04\/twitter-300x300.png\" alt=\"\" width=\"89\" height=\"89\" srcset=\"https:\/\/ccoo.app\/diputacio-de-barcelona\/wp-content\/blogs.dir\/6\/files\/sites\/186\/2020\/04\/twitter-300x300.png 300w, https:\/\/ccoo.app\/diputacio-de-barcelona\/wp-content\/blogs.dir\/6\/files\/sites\/186\/2020\/04\/twitter-150x150.png 150w, https:\/\/ccoo.app\/diputacio-de-barcelona\/wp-content\/blogs.dir\/6\/files\/sites\/186\/2020\/04\/twitter.png 512w\" sizes=\"auto, (max-width: 89px) 100vw, 89px\" \/><\/a><\/p>\n<p><a href=\"https:\/\/www.instagram.com\/ccoo_diba\/?hl=es\"><img loading=\"lazy\" decoding=\"async\" class=\"wp-image-5730 aligncenter\" src=\"http:\/\/ccoo.app\/diputacio-de-barcelona\/wp-content\/blogs.dir\/6\/files\/sites\/186\/2020\/04\/instragram-300x300.png\" alt=\"\" width=\"91\" height=\"91\" srcset=\"https:\/\/ccoo.app\/diputacio-de-barcelona\/wp-content\/blogs.dir\/6\/files\/sites\/186\/2020\/04\/instragram-300x300.png 300w, https:\/\/ccoo.app\/diputacio-de-barcelona\/wp-content\/blogs.dir\/6\/files\/sites\/186\/2020\/04\/instragram-150x150.png 150w, https:\/\/ccoo.app\/diputacio-de-barcelona\/wp-content\/blogs.dir\/6\/files\/sites\/186\/2020\/04\/instragram.png 512w\" sizes=\"auto, (max-width: 91px) 100vw, 91px\" \/><\/a><\/p>\n<p><a href=\"https:\/\/www.facebook.com\/CcooDiputacioDeBarcelona\/\"><img loading=\"lazy\" decoding=\"async\" class=\"wp-image-5729 aligncenter\" src=\"http:\/\/ccoo.app\/diputacio-de-barcelona\/wp-content\/blogs.dir\/6\/files\/sites\/186\/2020\/04\/facebook-300x300.png\" alt=\"\" width=\"90\" height=\"90\" srcset=\"https:\/\/ccoo.app\/diputacio-de-barcelona\/wp-content\/blogs.dir\/6\/files\/sites\/186\/2020\/04\/facebook-300x300.png 300w, https:\/\/ccoo.app\/diputacio-de-barcelona\/wp-content\/blogs.dir\/6\/files\/sites\/186\/2020\/04\/facebook-150x150.png 150w, https:\/\/ccoo.app\/diputacio-de-barcelona\/wp-content\/blogs.dir\/6\/files\/sites\/186\/2020\/04\/facebook.png 325w\" sizes=\"auto, (max-width: 90px) 100vw, 90px\" \/><\/a><a href=\"https:\/\/www.youtube.com\/channel\/UCFzenkS75udEcs4pB4qoZsg\"><img loading=\"lazy\" decoding=\"async\" class=\" wp-image-5916 aligncenter\" src=\"http:\/\/ccoo.app\/diputacio-de-barcelona\/wp-content\/blogs.dir\/6\/files\/sites\/186\/2020\/05\/youtube-300x115.jpg\" alt=\"\" width=\"122\" height=\"47\" srcset=\"https:\/\/ccoo.app\/diputacio-de-barcelona\/wp-content\/blogs.dir\/6\/files\/sites\/186\/2020\/05\/youtube-300x115.jpg 300w, https:\/\/ccoo.app\/diputacio-de-barcelona\/wp-content\/blogs.dir\/6\/files\/sites\/186\/2020\/05\/youtube-1024x391.jpg 1024w, https:\/\/ccoo.app\/diputacio-de-barcelona\/wp-content\/blogs.dir\/6\/files\/sites\/186\/2020\/05\/youtube-768x293.jpg 768w, https:\/\/ccoo.app\/diputacio-de-barcelona\/wp-content\/blogs.dir\/6\/files\/sites\/186\/2020\/05\/youtube.jpg 1200w\" sizes=\"auto, (max-width: 122px) 100vw, 122px\" \/><\/a><\/p>\n<p><iframe loading=\"lazy\" title=\"Hauran de comptar amb nosaltres. Salut, treball i just\u00edcia social || 1r de maig del 2020.\" width=\"1200\" height=\"675\" src=\"https:\/\/www.youtube.com\/embed\/uS104R3aSJs?feature=oembed\" frameborder=\"0\" allow=\"accelerometer; autoplay; clipboard-write; encrypted-media; gyroscope; picture-in-picture; web-share\" allowfullscreen><\/iframe><\/p>\n<p>&nbsp;    \t<\/p>\n","protected":false},"excerpt":{"rendered":"<p>DAVANT NOUS REBROTS, CCOO DEMANEM PRUD\u00c8NCIA I NO RELAXAR LES MESURES DE PRECAUCI\u00d3\u00a0 -22 de juliol de 2020- &nbsp; SITUACI\u00d3 CR\u00cdTICA: BROTS A L&#8217;AL\u00c7A A LA REGI\u00d3 METROPOLITANA DE BARCELONA &#8230; <\/p>\n<p class=\"read-more-container\"><a title=\"111\/COVID-19. CCOO DEMANEM PRUD\u00c8NCIA I NO RELAXAR LES MESURES DE PRECAUCI\u00d3 PEL COVID-19\" class=\"read-more button\" href=\"https:\/\/ccoo.app\/diputacio-de-barcelona\/ccoo-demanem-prudencia-i-no-es-relaxar-les-mesures\/#more-6592\" aria-label=\"Leer m\u00e1s sobre 111\/COVID-19. CCOO DEMANEM PRUD\u00c8NCIA I NO RELAXAR LES MESURES DE PRECAUCI\u00d3 PEL COVID-19\">Continuar llegint<\/a><\/p>\n","protected":false},"author":4519,"featured_media":6593,"comment_status":"open","ping_status":"open","sticky":false,"template":"","format":"standard","meta":{"footnotes":""},"categories":[19,35],"tags":[189,212],"class_list":["post-6592","post","type-post","status-publish","format-standard","has-post-thumbnail","hentry","category-comunicats","category-salut-laboral","tag-prevencio","tag-salut","generate-columns","tablet-grid-50","mobile-grid-100","grid-parent","grid-50"],"_links":{"self":[{"href":"https:\/\/ccoo.app\/diputacio-de-barcelona\/wp-json\/wp\/v2\/posts\/6592","targetHints":{"allow":["GET"]}}],"collection":[{"href":"https:\/\/ccoo.app\/diputacio-de-barcelona\/wp-json\/wp\/v2\/posts"}],"about":[{"href":"https:\/\/ccoo.app\/diputacio-de-barcelona\/wp-json\/wp\/v2\/types\/post"}],"author":[{"embeddable":true,"href":"https:\/\/ccoo.app\/diputacio-de-barcelona\/wp-json\/wp\/v2\/users\/4519"}],"replies":[{"embeddable":true,"href":"https:\/\/ccoo.app\/diputacio-de-barcelona\/wp-json\/wp\/v2\/comments?post=6592"}],"version-history":[{"count":1,"href":"https:\/\/ccoo.app\/diputacio-de-barcelona\/wp-json\/wp\/v2\/posts\/6592\/revisions"}],"predecessor-version":[{"id":50903,"href":"https:\/\/ccoo.app\/diputacio-de-barcelona\/wp-json\/wp\/v2\/posts\/6592\/revisions\/50903"}],"wp:featuredmedia":[{"embeddable":true,"href":"https:\/\/ccoo.app\/diputacio-de-barcelona\/wp-json\/wp\/v2\/media\/6593"}],"wp:attachment":[{"href":"https:\/\/ccoo.app\/diputacio-de-barcelona\/wp-json\/wp\/v2\/media?parent=6592"}],"wp:term":[{"taxonomy":"category","embeddable":true,"href":"https:\/\/ccoo.app\/diputacio-de-barcelona\/wp-json\/wp\/v2\/categories?post=6592"},{"taxonomy":"post_tag","embeddable":true,"href":"https:\/\/ccoo.app\/diputacio-de-barcelona\/wp-json\/wp\/v2\/tags?post=6592"}],"curies":[{"name":"wp","href":"https:\/\/api.w.org\/{rel}","templated":true}]}}