{"id":657,"date":"2015-08-07T09:57:54","date_gmt":"2015-08-07T08:57:54","guid":{"rendered":"https:\/\/diba.ccoo.cat\/plantilla_post-copy-copy\/"},"modified":"2015-08-07T09:57:54","modified_gmt":"2015-08-07T08:57:54","slug":"info-prevencio-ccoo-diba","status":"publish","type":"post","link":"https:\/\/ccoo.app\/diputacio-de-barcelona\/info-prevencio-ccoo-diba\/","title":{"rendered":"INFO PREVENCI\u00d3 CCOO DIBA"},"content":{"rendered":"<div id=\"pl-657\" class=\"panel-layout\">\n<div id=\"pg-657-0\" class=\"panel-grid panel-no-style\">\n<div id=\"pgc-657-0-0\" class=\"panel-grid-cell\">\n<div id=\"panel-657-0-0-0\" class=\"so-panel widget widget_sow-editor panel-first-child panel-last-child\">\n<div class=\"so-widget-sow-editor so-widget-sow-editor-base\">\n<div class=\"siteorigin-widget-tinymce textwidget\">\n<p>\u00a0<\/p>\n<figure id=\"attachment_189\" aria-describedby=\"caption-attachment-189\" style=\"width: 459px\" class=\"wp-caption aligncenter\"><img loading=\"lazy\" decoding=\"async\" class=\"wp-image-189\" title=\"Secci\u00f3 Sindical de la Diutaci\u00f3 de Barcelona de la Federaci\u00f3 Sindical de Catalunya\" src=\"http:\/\/ccoo.app\/diputacio-de-barcelona\/wp-content\/blogs.dir\/6\/files\/sites\/186\/2015\/12\/ccoo-fsc-cat.png\" alt=\"Secci\u00f3 Sindical de la Diputaci\u00f3 de Barcelona de la Federaci\u00f3 Sindical de Catalunya\" width=\"469\" height=\"90\" \/><figcaption id=\"caption-attachment-189\" class=\"wp-caption-text\">Secci\u00f3 Sindical de la Diputaci\u00f3 de Barcelona<\/figcaption><\/figure>\n<h3 style=\"text-align: center\">\u00a0<\/h3>\n<\/div>\n<\/div>\n<\/div>\n<\/div>\n<\/div>\n<div id=\"pg-657-1\" class=\"panel-grid panel-no-style\">\n<div id=\"pgc-657-1-0\" class=\"panel-grid-cell\">\n<div id=\"panel-657-1-0-0\" class=\"so-panel widget widget_sow-editor panel-first-child panel-last-child\">\n<div class=\"so-widget-sow-editor so-widget-sow-editor-base\">\n<h3 class=\"widget-title\">INFO PREVENCI\u00d3 CCOO DIBA<\/h3>\n<div class=\"siteorigin-widget-tinymce textwidget\">\n<h3 style=\"text-align: center\"><strong><span style=\"color: #ff0000\"><span class=\"TextRun Underlined SCX107013192\" lang=\"CA-ES\" xml:lang=\"CA-ES\"><span class=\"NormalTextRun SCX107013192\">INFO<\/span><\/span><span class=\"TextRun Underlined SCX107013192\" lang=\"CA-ES\" xml:lang=\"CA-ES\"><span class=\"NormalTextRun SCX107013192\"> PREVENCI\u00d3 CCOO <\/span><\/span><span class=\"TextRun Underlined SCX107013192\" lang=\"CA-ES\" xml:lang=\"CA-ES\"><span class=\"NormalTextRun SCX107013192\">DIBA<\/span><\/span><\/span><\/strong><\/h3>\n<p style=\"text-align: center\"><span style=\"color: #ff0000\">-7\u00a0D&#8217;AGOST DE\u00a02015-<\/span><\/p>\n<h3 style=\"text-align: center\"><strong><span style=\"color: #ff0000\"><span class=\"TextRun SCX109782140\" lang=\"CA-ES\" xml:lang=\"CA-ES\"><span class=\"NormalTextRun SCX109782140\">CONSELLS D&#8217;ACTUACI\u00d3 DAVANT UNA ONADA DE CALOR<\/span><\/span><br \/>\n<\/span><\/strong><\/p>\n<\/h3>\n<p><b>Les temperatures d&#8217;e<\/b><b>stiu poden donar-nos un ensurt especialment tenint en compte l\u2019onada de calor que estem a travessant.\u00a0<\/b>\u00a0<\/p>\n<p><b>Per tal d&#8217;evitar posar-nos en perill, <\/b><b>compartim <\/b><b>amb vosaltres <\/b><b>un enlla\u00e7<\/b><b> de la Generalitat de Catalunya on trobareu tot un <\/b><b>seguit de consells preventius <\/b><b>PER FER FRONT <\/b><b>A <\/b><b>LA <\/b><b>CALOR DURANT<\/b><b> LA JORNADA DE TREBALL:<\/b>\u00a0<\/p>\n<ul>\n<li><span style=\"color: #000000\"><a style=\"color: #000000\" href=\"http:\/\/empresaiocupacio.gencat.cat\/ca\/treb_ambits_actuacio\/treb_seguretat_i_salut_laboral\/treb_riscos_i_condicions_treball\/treb_mesures_per_risc\/treb_calor\/\">Com pot afectar la calor a les persones treballadores?\u00a0<\/a>\u00a0<\/span><\/li>\n<li><span style=\"color: #000000\"><a style=\"color: #000000\" href=\"http:\/\/empresaiocupacio.gencat.cat\/ca\/treb_ambits_actuacio\/treb_seguretat_i_salut_laboral\/treb_riscos_i_condicions_treball\/treb_mesures_per_risc\/treb_calor\/\">Temperatures de risc\u00a0<\/a>\u00a0<\/span><\/li>\n<li><span style=\"color: #000000\"><a style=\"color: #000000\" href=\"http:\/\/empresaiocupacio.gencat.cat\/ca\/treb_ambits_actuacio\/treb_seguretat_i_salut_laboral\/treb_riscos_i_condicions_treball\/treb_mesures_per_risc\/treb_calor\/\">Consells b\u00e0sics per als treballadors i les treballadores\u00a0<\/a>\u00a0<\/span><\/li>\n<li><span style=\"color: #000000\"><a style=\"color: #000000\" href=\"http:\/\/empresaiocupacio.gencat.cat\/ca\/treb_ambits_actuacio\/treb_seguretat_i_salut_laboral\/treb_riscos_i_condicions_treball\/treb_mesures_per_risc\/treb_calor\/\">Consells b\u00e0sics per a l&#8217;empresa\u00a0<\/a>\u00a0<\/span><\/li>\n<li><span style=\"color: #000000\"><a style=\"color: #000000\" href=\"http:\/\/empresaiocupacio.gencat.cat\/ca\/treb_ambits_actuacio\/treb_seguretat_i_salut_laboral\/treb_riscos_i_condicions_treball\/treb_mesures_per_risc\/treb_calor\/\">Ocupacions fortament exposades\u00a0<\/a>\u00a0<\/span><\/li>\n<li><span style=\"color: #000000\"><a style=\"color: #000000\" href=\"http:\/\/empresaiocupacio.gencat.cat\/ca\/treb_ambits_actuacio\/treb_seguretat_i_salut_laboral\/treb_riscos_i_condicions_treball\/treb_mesures_per_risc\/treb_calor\/\">S\u00edmptomes i primers auxilis\u00a0<\/a>\u00a0<\/span><\/li>\n<\/ul>\n<p><span style=\"color: #0000ff\"><a style=\"color: #0000ff\" href=\"http:\/\/empresaiocupacio.gencat.cat\/ca\/treb_ambits_actuacio\/treb_seguretat_i_salut_laboral\/treb_riscos_i_condicions_treball\/treb_mesures_per_risc\/treb_calor\/\">http:\/\/empresaiocupacio.gencat.cat\/ca\/treb_ambits_actuacio\/treb_seguretat_i_salut_laboral\/treb_riscos_i_condicions_treball\/treb_mesures_per_risc\/treb_calor\/<\/a>\u00a0<\/span><\/p>\n<p style=\"text-align: center\">* \u00a0* \u00a0* \u00a0* \u00a0*<\/p>\n<\/div>\n<\/div>\n<\/div>\n<\/div>\n<\/div>\n<div id=\"pg-657-2\" class=\"panel-grid panel-no-style\">\n<div id=\"pgc-657-2-0\" class=\"panel-grid-cell\">\n<div id=\"panel-657-2-0-0\" class=\"so-panel widget widget_sow-editor panel-first-child panel-last-child\">\n<div class=\"so-widget-sow-editor so-widget-sow-editor-base\">\n<div class=\"siteorigin-widget-tinymce textwidget\">\n<p><img loading=\"lazy\" decoding=\"async\" class=\"alignleft wp-image-226\" src=\"http:\/\/ccoo.app\/diputacio-de-barcelona\/wp-content\/blogs.dir\/6\/files\/sites\/186\/2016\/04\/estem-decidits-acontinuar-lluitant.png\" alt=\"Estem decidits a continuar lluitant !\" width=\"213\" height=\"89\" \/><\/p>\n<p><img loading=\"lazy\" decoding=\"async\" class=\"wp-image-262 alignright\" src=\"http:\/\/ccoo.app\/diputacio-de-barcelona\/wp-content\/blogs.dir\/6\/files\/sites\/186\/2016\/04\/afiliat_ccoo_cat.gif\" alt=\"Tota la informaci\u00f3 de com afiliar-se a CCOO Catalunya i forlmulari d'alta o baxia.\" width=\"90\" height=\"80\" \/><\/p>\n<p><img loading=\"lazy\" decoding=\"async\" class=\"wp-image-227 aligncenter\" src=\"http:\/\/ccoo.app\/diputacio-de-barcelona\/wp-content\/blogs.dir\/6\/files\/sites\/186\/2016\/04\/logo-peu-300x69.png\" alt=\"logo-peu\" width=\"952\" height=\"219\" srcset=\"https:\/\/ccoo.app\/diputacio-de-barcelona\/wp-content\/blogs.dir\/6\/files\/sites\/186\/2016\/04\/logo-peu-300x69.png 300w, https:\/\/ccoo.app\/diputacio-de-barcelona\/wp-content\/blogs.dir\/6\/files\/sites\/186\/2016\/04\/logo-peu.png 557w\" sizes=\"auto, (max-width: 952px) 100vw, 952px\" \/><\/p>\n<p style=\"text-align: center\"><small><\/small><small>Formulari d&#8217;<a href=\"\/afiliat\/\">alta<\/a>, <a href=\"\/afiliat\/\">baixa <\/a>o <a href=\"\/afiliat\/\">modificaci\u00f3 <\/a>de les dades personals o<br \/>\n contacta&#8217;ns a trav\u00e9s del tel\u00e8fon<strong> 934 022 985<\/strong> o correu: <a href=\"mailto:ccoo@diba.cat\"><strong>ccoo@diba.cat<\/strong><\/a><\/small><\/p>\n<\/div>\n<\/div>\n<\/div>\n<\/div>\n<\/div>\n<\/div>\n","protected":false},"excerpt":{"rendered":"<p>\u00a0 \u00a0 INFO PREVENCI\u00d3 CCOO DIBA INFO PREVENCI\u00d3 CCOO DIBA -7\u00a0D&#8217;AGOST DE\u00a02015- CONSELLS D&#8217;ACTUACI\u00d3 DAVANT UNA ONADA DE CALOR Les temperatures d&#8217;estiu poden donar-nos un ensurt especialment tenint en compte &#8230; <\/p>\n<p class=\"read-more-container\"><a title=\"INFO PREVENCI\u00d3 CCOO DIBA\" class=\"read-more button\" href=\"https:\/\/ccoo.app\/diputacio-de-barcelona\/info-prevencio-ccoo-diba\/#more-657\" aria-label=\"Leer m\u00e1s sobre INFO PREVENCI\u00d3 CCOO DIBA\">Continuar llegint<\/a><\/p>\n","protected":false},"author":4519,"featured_media":255,"comment_status":"open","ping_status":"open","sticky":false,"template":"","format":"standard","meta":{"footnotes":""},"categories":[38,19,35],"tags":[190],"class_list":["post-657","post","type-post","status-publish","format-standard","has-post-thumbnail","hentry","category-a-tot-el-personal","category-comunicats","category-salut-laboral","tag-prevencio-riscos-psicosocials-onada-calor","generate-columns","tablet-grid-50","mobile-grid-100","grid-parent","grid-50"],"_links":{"self":[{"href":"https:\/\/ccoo.app\/diputacio-de-barcelona\/wp-json\/wp\/v2\/posts\/657","targetHints":{"allow":["GET"]}}],"collection":[{"href":"https:\/\/ccoo.app\/diputacio-de-barcelona\/wp-json\/wp\/v2\/posts"}],"about":[{"href":"https:\/\/ccoo.app\/diputacio-de-barcelona\/wp-json\/wp\/v2\/types\/post"}],"author":[{"embeddable":true,"href":"https:\/\/ccoo.app\/diputacio-de-barcelona\/wp-json\/wp\/v2\/users\/4519"}],"replies":[{"embeddable":true,"href":"https:\/\/ccoo.app\/diputacio-de-barcelona\/wp-json\/wp\/v2\/comments?post=657"}],"version-history":[{"count":0,"href":"https:\/\/ccoo.app\/diputacio-de-barcelona\/wp-json\/wp\/v2\/posts\/657\/revisions"}],"wp:featuredmedia":[{"embeddable":true,"href":"https:\/\/ccoo.app\/diputacio-de-barcelona\/wp-json\/wp\/v2\/media\/255"}],"wp:attachment":[{"href":"https:\/\/ccoo.app\/diputacio-de-barcelona\/wp-json\/wp\/v2\/media?parent=657"}],"wp:term":[{"taxonomy":"category","embeddable":true,"href":"https:\/\/ccoo.app\/diputacio-de-barcelona\/wp-json\/wp\/v2\/categories?post=657"},{"taxonomy":"post_tag","embeddable":true,"href":"https:\/\/ccoo.app\/diputacio-de-barcelona\/wp-json\/wp\/v2\/tags?post=657"}],"curies":[{"name":"wp","href":"https:\/\/api.w.org\/{rel}","templated":true}]}}