{"id":6554,"date":"2020-07-21T17:30:26","date_gmt":"2020-07-21T16:30:26","guid":{"rendered":"https:\/\/diba.ccoo.cat\/?p=6554"},"modified":"2023-02-22T18:34:49","modified_gmt":"2023-02-22T17:34:49","slug":"17-07-css-2-2-2","status":"publish","type":"post","link":"https:\/\/ccoo.app\/diputacio-de-barcelona\/17-07-css-2-2-2\/","title":{"rendered":"108\/COVID.19 17.07.2020 RESUM DE LA REUNI\u00d3 TELEM\u00c0TICA DEL COMIT\u00c8 DE SEGURETAT I SALUT"},"content":{"rendered":"<p><a href=\"https:\/\/diba.ccoo.cat\/\"><img loading=\"lazy\" decoding=\"async\" class=\"wp-image-5909 aligncenter\" src=\"http:\/\/ccoo.app\/diputacio-de-barcelona\/wp-content\/blogs.dir\/6\/files\/sites\/186\/2020\/05\/nota-1-300x86.png\" alt=\"\" width=\"92\" height=\"27\" srcset=\"https:\/\/ccoo.app\/diputacio-de-barcelona\/wp-content\/blogs.dir\/6\/files\/sites\/186\/2020\/05\/nota-1-300x86.png 300w, https:\/\/ccoo.app\/diputacio-de-barcelona\/wp-content\/blogs.dir\/6\/files\/sites\/186\/2020\/05\/nota-1.png 339w\" sizes=\"auto, (max-width: 92px) 100vw, 92px\" \/><\/a><\/p>\n<p class=\"wp-caption-text\"><a href=\"https:\/\/diba.ccoo.cat\/\"><img loading=\"lazy\" decoding=\"async\" class=\"wp-image-1853 aligncenter\" src=\"http:\/\/ccoo.app\/diputacio-de-barcelona\/wp-content\/blogs.dir\/6\/files\/sites\/186\/2018\/01\/logoccoov18.jpg\" alt=\"\" width=\"240\" height=\"110\" \/><\/a><\/p>\n<p>&nbsp;<\/p>\n<p>&nbsp;<\/p>\n<p style=\"text-align: center\"><span style=\"font-family: 'arial black', sans-serif;color: #0000ff;font-size: 24px\">\u00a0<\/span><span style=\"font-family: 'arial black', sans-serif;color: #0000ff;font-size: 24px\">REUNI\u00d3 TELEM\u00c0TICA DEL COMIT\u00c8 DE SEGURETAT I SALUT DEL 17.07.2020<\/span><\/p>\n<p style=\"text-align: center\"><span style=\"font-family: arial, helvetica, sans-serif;font-size: 14px;color: #000000\">&#8211; 21 de juliol de 2020-<\/span><\/p>\n<p style=\"text-align: justify\"><span style=\"font-family: arial, helvetica, sans-serif;color: #000000\"><strong>BREU RESUM DELS ANTECEDENTS<\/strong> El dia 7 d\u2019abril <strong>(<\/strong><a style=\"color: #000000\" href=\"https:\/\/diba.ccoo.cat\/peticio-de-reunio-del-comite-de-seguretat-i-salut\/\">cliqueu<span style=\"font-family: 'arial black', sans-serif;color: #0000ff\"> aqu\u00ed<\/span><\/a><\/span><span style=\"color: #000000\"><span style=\"font-family: arial, helvetica, sans-serif\">)<\/span><span style=\"font-family: arial, helvetica, sans-serif\">, cansats i cansades d&#8217;esperar resposta a les nostres demandes, C<\/span><\/span><span style=\"font-family: arial, helvetica, sans-serif;color: #000000\">COO exigiem p\u00fablicament (incloent a les xarxes socials) <strong>de manera contundent la participaci\u00f3 de la representaci\u00f3 legal <\/strong>de les persones treballadores en l\u2019elaboraci\u00f3 de protocols, mesures i accions encaminades a la lluita contra el coronavirus<strong>. Era inadmissible que fins aquell moment, <span style=\"text-decoration: underline\">es deix\u00e9s al delegats i delegades de prevenci\u00f3 sense el seu dret <\/span><\/strong><strong>no nom\u00e9s d\u2019informaci\u00f3 (de decisions ja preses), sin\u00f3 tamb\u00e9 de <span style=\"text-decoration: underline\">consulta i participaci\u00f3<\/span> d\u2019acord amb el que indica l\u2019article 36 de la LPRL.<\/strong><\/span><\/p>\n<p style=\"text-align: justify\"><span style=\"font-family: arial, helvetica, sans-serif;color: #000000\">En el comunicat del 14 d\u2019abril (<a style=\"color: #000000\" href=\"https:\/\/diba.ccoo.cat\/fins-al-26-dabril-tot-segueix-igual\/\">cliqueu <span style=\"color: #0000ff;font-family: 'arial black', sans-serif\">aqu\u00ed<\/span><\/a>), us explic\u00e0vem que finalment la corporaci\u00f3 havia accedit a la nostra petici\u00f3, convocant pel dia 17 del mateix mes la PRIMERA reuni\u00f3 del Comit\u00e8 de Seguretat i Salut tal com deman\u00e0vem per via telem\u00e0tica. Des d&#8217;aquell moment, est\u00e0 tenint lloc una reuni\u00f3 tots els divendres.<\/span><\/p>\n<p style=\"text-align: center\"><span style=\"font-family: arial, helvetica, sans-serif;color: #000000\">(Contacte directe amb els i les delegades de prevenci\u00f3: clic <a href=\"https:\/\/diba.ccoo.cat\/ajuda-dels-nostres-delegats-i-delegades-de-prevencio\/\"><span style=\"font-family: 'arial black', sans-serif;color: #0000ff\">aqu\u00ed<span style=\"color: #000000;font-family: arial, helvetica, sans-serif\">)<\/span><\/span><\/a><\/span><\/p>\n<p>&nbsp;<\/p>\n<p><img loading=\"lazy\" decoding=\"async\" class=\"wp-image-2963 aligncenter\" src=\"http:\/\/ccoo.app\/diputacio-de-barcelona\/wp-content\/blogs.dir\/6\/files\/sites\/186\/2018\/11\/enconstruccion-300x277.png\" alt=\"\" width=\"108\" height=\"100\" srcset=\"https:\/\/ccoo.app\/diputacio-de-barcelona\/wp-content\/blogs.dir\/6\/files\/sites\/186\/2018\/11\/enconstruccion-300x277.png 300w, https:\/\/ccoo.app\/diputacio-de-barcelona\/wp-content\/blogs.dir\/6\/files\/sites\/186\/2018\/11\/enconstruccion.png 358w\" sizes=\"auto, (max-width: 108px) 100vw, 108px\" \/><\/p>\n<p style=\"text-align: center\"><span style=\"font-family: 'arial black', sans-serif;color: #0000ff;font-size: 20px\">RESUM DE LA REUNI\u00d3 DEL DIA 17.07.2020<\/span><\/p>\n<p style=\"text-align: center\"><span style=\"text-decoration: underline\"><span style=\"font-family: 'arial black', sans-serif;color: #000000;text-decoration: underline\">INCLOU INFORMACI\u00d3 REBUDA I PETICIONS DE CCOO<\/span><\/span><\/p>\n<p>&nbsp;<\/p>\n<p style=\"text-align: justify\"><span style=\"font-family: arial, helvetica, sans-serif;color: #000000\"><span style=\"font-family: 'arial black', sans-serif\"><strong>POSITIUS PER COVID ENTRE EL PERSONAL<\/strong><\/span> Per tercera setmana consecutiva, no hi ha cap nou positiu. Per tant, molt bona not\u00edcia de RESPIR. Tal com us vam dir en anteriors comunicats, els casos acumulats de contagis son 73 persones treballadores que han presentat simptomatologia, de les que 52 han estat confirmades mitjan\u00e7ant prova diagnostica i 1 empleat pendent de resultats de PCR.<\/span><\/p>\n<p>&nbsp;<\/p>\n<p style=\"text-align: justify\"><span style=\"font-family: arial, helvetica, sans-serif;color: #000000\"><span style=\"font-family: 'arial black', sans-serif\"><strong>SISTEMA DE SUPORT I ATENCI\u00d3 PSICOL\u00d2GICA<\/strong><\/span> \u00c9s tracta d\u2019un servei pels empleats de la Diputaci\u00f3 de Barcelona orientat a la gesti\u00f3 de l&#8217;estr\u00e8s i malestar generats per l&#8217;estat d&#8217;alarma actual. <img loading=\"lazy\" decoding=\"async\" class=\"wp-image-6214 alignleft\" src=\"https:\/\/diba.ccoo.cat\/wp-content\/uploads\/sites\/37\/2020\/05\/tristeza-1-300x199.jpg\" alt=\"\" width=\"70\" height=\"46\" \/>Especialment pensat per aquells que formen part dels serveis identificats com a b\u00e0sics o estrat\u00e8gics, per\u00f2 tamb\u00e9, pels que s&#8217;hagin contagiat o hagin hagut de patir la mort d&#8217;algun familiar.<\/span><\/p>\n<p style=\"text-align: justify\"><span style=\"font-family: arial, helvetica, sans-serif;color: #000000\">Com la setmana passada, fins al moment s&#8217;han at\u00e8s a <span style=\"text-decoration: underline\"><strong>34<\/strong><\/span> persones que ha suposat 117 accions de seguiment.\u00a0<\/span><\/p>\n<p style=\"text-align: justify\"><span style=\"color: #000000;font-family: arial, helvetica, sans-serif\">Necessites ajuda ? Clica <a href=\"https:\/\/diba.ccoo.cat\/suport-i-atencio-psicologica\/\"><span style=\"font-family: 'arial black', sans-serif;color: #0000ff\">aqu\u00ed<\/span><\/a>.<\/span><\/p>\n<p>&nbsp;<\/p>\n<p style=\"text-align: justify\"><span style=\"color: #000000;font-family: arial, helvetica, sans-serif\"><span style=\"font-family: 'arial black', sans-serif\"><strong>PERSONAL ESPECIALMENT SENSIBLE FRONT AL CONTAGI PER LA COVID-19 <\/strong><\/span>Des de Vigil\u00e0ncia de Salut, s&#8217;han gestionat 257 sol\u00b7licituds, s\u2019han fet 205 informes positius, 6 rebutjades\u00a0 i la resta est\u00e0 pendent d\u2019analitzar.<\/span><\/p>\n<p style=\"text-align: justify\"><span style=\"font-family: arial, helvetica, sans-serif;color: #000000\">Tot i formar part d&#8217;una col\u00b7lectiu de risc, 25 persones treballadores han sol\u00b7licitat activar el mecanisme\u00a0 mitjan\u00e7ant el servei ali\u00e8 de prevenci\u00f3 per a que sigui valorat el seu lloc de treball (cliqueu <a style=\"color: #000000\" href=\"https:\/\/diba.ccoo.cat\/instruccio-2-2020-personal-sensible\/\"><span style=\"font-family: 'arial black', sans-serif\">aqu\u00ed<\/span><\/a>):<\/span><\/p>\n<p><span style=\"color: #000000\"><a style=\"color: #000000\" href=\"http:\/\/ccoo.app\/diputacio-de-barcelona\/wp-content\/blogs.dir\/6\/files\/sites\/186\/2020\/07\/renuncia-personal-vulnerable.png\"><img loading=\"lazy\" decoding=\"async\" class=\" wp-image-6456 aligncenter\" src=\"http:\/\/ccoo.app\/diputacio-de-barcelona\/wp-content\/blogs.dir\/6\/files\/sites\/186\/2020\/07\/renuncia-personal-vulnerable-300x91.png\" alt=\"\" width=\"330\" height=\"100\" srcset=\"https:\/\/ccoo.app\/diputacio-de-barcelona\/wp-content\/blogs.dir\/6\/files\/sites\/186\/2020\/07\/renuncia-personal-vulnerable-300x91.png 300w, https:\/\/ccoo.app\/diputacio-de-barcelona\/wp-content\/blogs.dir\/6\/files\/sites\/186\/2020\/07\/renuncia-personal-vulnerable-768x234.png 768w, https:\/\/ccoo.app\/diputacio-de-barcelona\/wp-content\/blogs.dir\/6\/files\/sites\/186\/2020\/07\/renuncia-personal-vulnerable.png 1016w\" sizes=\"auto, (max-width: 330px) 100vw, 330px\" \/><\/a><\/span><\/p>\n<p>&nbsp;<\/p>\n<p style=\"text-align: justify\"><span style=\"color: #000000\"><span style=\"font-family: arial, helvetica, sans-serif\"><strong><span style=\"font-family: 'arial black', sans-serif\">TEST AL PERSONAL DE NOVA REINCORPORACI\u00d3 <\/span><\/strong><span style=\"font-family: 'arial black', sans-serif\"><span style=\"font-family: arial, helvetica, sans-serif\">R<\/span><\/span>especte a la\u00a0 <strong><span style=\"text-decoration: underline\">prova de diagnosi a totes les persones que es reincorporen<\/span> <\/strong>(no de RESPIR) <\/span><span style=\"font-family: arial, helvetica, sans-serif\">s&#8217;han realitzat 1100.<\/span><\/span><\/p>\n<p>&nbsp;<\/p>\n<p style=\"text-align: justify\"><span style=\"color: #000000\"><span style=\"font-family: 'arial black', sans-serif\">PERSONAL DE SERRADELL I PAVELL\u00d3 NORD <\/span><span style=\"font-family: arial, helvetica, sans-serif\">El personal de RESPIR haur\u00e0 de realitzar CADA DIA un q\u00fcestionari que inclogui informaci\u00f3 de tots els contactes que s&#8217;han tingut al llarg de la jornada. Es far\u00e0 mitjan\u00e7ant una APP que es podr\u00e0 descarregar al m\u00f2bil personal. Per a qui ho necessiti, es posar\u00e0 tamb\u00e9 a disposici\u00f3 unes tablets a les unitats.\u00a0<\/span><\/span><\/p>\n<p>&nbsp;<\/p>\n<p style=\"text-align: justify\"><span style=\"font-family: arial, helvetica, sans-serif;color: #000000\"><span style=\"font-family: 'arial black', sans-serif\">DIUEN <span style=\"text-decoration: underline\">NO<\/span> A LA UTILITZACI\u00d3 DELS P\u00c0RQUINGS DEL CENTRES DE TREBALL<\/span> Fa mesos que demanem solucions per a que el personal que ha de treballar presencialment pugui evitar , en la mesura del possible, els transports col\u00b7lectius. Aix\u00ed hem demanat espais a tots els centres per a deixar les bicis (patinets, etc) en llocs segurs (cliqueu <a href=\"https:\/\/diba.ccoo.cat\/mobilitat-sostenible-per-anar-i-tornar-de-la-feina-en-situacio-de-covid-19\/\"><span style=\"color: #0000ff;font-family: 'arial black', sans-serif\">aqu\u00ed<\/span><\/a>). A m\u00e9s, tenint en compte que els p\u00e0rquings de vehicles motoritzats del centres estan infrautilitzats (la majoria est\u00e0 treballant a dist\u00e0ncia), setmanes enrrere vam demanar que es facilit\u00e9s a qui ho justifiqu\u00e9s l&#8217;acc\u00e9s amb el seu vehicle particular. La resposta ha estat que NO. Cap esfor\u00e7 ni voluntat d&#8217;escoltar les demandes del personal. Lamentable!!!<\/span><\/p>\n<p>&nbsp;<\/p>\n<p style=\"text-align: justify\"><span style=\"font-family: arial, helvetica, sans-serif;color: #000000\"><strong><span style=\"font-family: 'arial black', sans-serif\">BIBLIOBUSOS XBM<\/span>\u00a0: <\/strong>Responent a una petici\u00f3 feta, ens asseguren que personal disposa de WC adequats i que en breu enviaran als sindicats el llistat i ubicacions d&#8217;aquests.\u00a0<\/span><\/p>\n<p><span style=\"color: #000000\"><a style=\"color: #000000\" href=\"http:\/\/ccoo.app\/diputacio-de-barcelona\/wp-content\/blogs.dir\/6\/files\/sites\/186\/2020\/07\/canet.jpg\"><img loading=\"lazy\" decoding=\"async\" class=\" wp-image-6565 aligncenter\" src=\"http:\/\/ccoo.app\/diputacio-de-barcelona\/wp-content\/blogs.dir\/6\/files\/sites\/186\/2020\/07\/canet.jpg\" alt=\"\" width=\"176\" height=\"132\" \/><\/a><\/span><\/p>\n<p style=\"text-align: justify\"><span style=\"color: #000000\"><span style=\"font-family: arial, helvetica, sans-serif\"><span style=\"font-family: 'arial black', sans-serif\"><strong>CANET (<\/strong><\/span><\/span><span style=\"font-family: 'arial black', sans-serif\">CENTRE DE RECERCA I TRANSFER\u00c8NCIA DE TECNOLOGIA T\u00c8XTIL) <\/span><span style=\"font-family: arial, helvetica, sans-serif\">Segueixen els problemes espec\u00edfics de climatitzaci\u00f3. Fa setmanes que demanem solucions. Ens responen que estan estudiant entre 8 o 9 opcions. CCOO mostrem la nostra contrarietat. Com \u00e9s possible que pr\u00e0cticament tocant l&#8217;agost, encara estiguin \u00abpensant\u00bb en quina ser\u00e0 la soluci\u00f3? Volem mesures preventives, i les volem ara QUE FA CALOR !!!\u00a0<\/span><\/span><\/p>\n<p style=\"text-align: justify\"><span style=\"font-family: arial, helvetica, sans-serif;color: #000000\">(Cliqueu <a href=\"https:\/\/diba.ccoo.cat\/exposicio-a-temperatures-excessives\/\"><span style=\"font-family: 'arial black', sans-serif;color: #0000ff\">aqu\u00ed<\/span><\/a>)<\/span><\/p>\n<p style=\"text-align: justify\"><span style=\"font-family: arial, helvetica, sans-serif;color: #000000\">A m\u00e9s, hem insistit en la nostra demanda que es faci l&#8217;Avaluaci\u00f3 espec\u00edfica del laboratori del centre.<\/span><\/p>\n<p>&nbsp;<\/p>\n<p style=\"text-align: justify\"><span style=\"font-family: arial, helvetica, sans-serif;color: #000000\"><span style=\"font-family: 'arial black', sans-serif\"><strong>BRIGADES DE MANTENIMENT (DIRECCI\u00d3 D&#8217;EDIFICACI\u00d3) <\/strong><\/span>Es segueix incomplint el Protocol de Desescalada corporatiu referent a la presa de temperatura abans de l&#8217;inici de la jornada. No es fan neteges entre el torn de mat\u00ed i tarda. Despr\u00e9s de la nostra insist\u00e8ncia, s&#8217;ha implementat un sistema de torn per evitar aglomeracions als vestuaris. Des de CCOO insistim que s&#8217;hauria de posar en marxa all\u00f2 que indica el protocol: torns de treball de dilluns-dimecres-divendres \/ dimarts-dijous, i\/o jornades de 4,5 hores (cliqueu <span style=\"color: #0000ff;font-family: 'arial black', sans-serif\"><a style=\"color: #0000ff\" href=\"https:\/\/diba.ccoo.cat\/wp-content\/uploads\/sites\/37\/2020\/05\/5.-MESURES-FLEXIBILITAT-COMPACTACI%C3%93-I-JORNADA-DESTIU.pdf\">aqu\u00ed<\/a><\/span>).\u00a0<\/span><\/p>\n<p style=\"text-align: justify\"><span style=\"font-family: arial, helvetica, sans-serif;color: #000000\">Quan estem immersos en una situaci\u00f3 de risc pels diferents rebrots a la regi\u00f3 metropolitana, no acabem d&#8217;entendre perqu\u00e8 els m\u00e0xim responsables no implementen TOTES les mesures al seu abast. Ens preocupa i molt&#8230;<\/span><\/p>\n<p>&nbsp;<\/p>\n<p style=\"text-align: justify\"><span style=\"font-family: arial, helvetica, sans-serif;color: #000000\"><span style=\"font-family: 'arial black', sans-serif\">PARC NATURAL DEL GARRAF <\/span>De la visita feta la setmana passada, observem amb preocupaci\u00f3 una greu manca de mesures de seguretat per evitar contagis. Falta cartelleria, dispensadors d&#8217;EPIs, presa de temperatura, no hi ha mampares per a l&#8217;atenci\u00f3 al p\u00fablic, no hi ha limitaci\u00f3 d&#8217;aforament als vestuaris, no hi ha refor\u00e7 de la neteja, etc, etc, etc &#8230; ENS TROBEM A DAVANT UNS GREUS INCOMPLIMENTS que posen en risc la salut del personal!!!<\/span><\/p>\n<p style=\"text-align: justify\"><span style=\"font-family: arial, helvetica, sans-serif;color: #000000\">Hem demanat que al pr\u00f2xim Comit\u00e8 de Seguretat i Salut vingui el gerent de Parcs Naturals.<\/span><\/p>\n<p style=\"text-align: justify\"><span style=\"font-family: arial, helvetica, sans-serif;color: #000000\">Hem aprofitat per a preguntar pel desfibil\u00b7lador situat a l&#8217;Oficina. Com \u00e9s possible que el personal no hagi fet cap curs per a poder fer-ne \u00fas??? Surrealista&#8230;<\/span><\/p>\n<p>&nbsp;<\/p>\n<p style=\"text-align: justify\"><span style=\"font-family: arial, helvetica, sans-serif;color: #000000\"><span style=\"font-family: 'arial black', sans-serif\">PVI<\/span> Hem tornat a fer menci\u00f3 de la manca de mesures de prevenci\u00f3, neteja i seguretat que fa unes setmanes havia denunciat el personal. Diuen ja han donat soluci\u00f3 als problemes detectats.<\/span><\/p>\n<p><span style=\"color: #000000\"><img loading=\"lazy\" decoding=\"async\" class=\"wp-image-6115 aligncenter\" src=\"http:\/\/ccoo.app\/diputacio-de-barcelona\/wp-content\/blogs.dir\/6\/files\/sites\/186\/2020\/05\/covid-300x295.png\" alt=\"\" width=\"174\" height=\"171\" srcset=\"https:\/\/ccoo.app\/diputacio-de-barcelona\/wp-content\/blogs.dir\/6\/files\/sites\/186\/2020\/05\/covid-300x295.png 300w, https:\/\/ccoo.app\/diputacio-de-barcelona\/wp-content\/blogs.dir\/6\/files\/sites\/186\/2020\/05\/covid.png 390w\" sizes=\"auto, (max-width: 174px) 100vw, 174px\" \/><\/span><\/p>\n<p style=\"text-align: justify\"><span style=\"font-family: arial, helvetica, sans-serif;color: #000000\"><span style=\"font-family: 'arial black', sans-serif\">BROTS A L&#8217;AL\u00c7A A LA REGI\u00d3 METROPOLITANA DE BARCELONA<\/span> El nostre Protocol es va aprovar en un context de \u00abdesescalada\u00bb i va permetre reobrir centres de treball i activitats presencial. La situaci\u00f3 ha canviat absolutament i \u00e9s previsible que pugui anar a pitjor. Davant aquest nou escenari, CCOO demanem extremar les mesures de precauci\u00f3, no nom\u00e9s des d&#8217;un punt de vista individual per part de tots els treballadors i treballadores, sin\u00f3 tamb\u00e9 des d&#8217;un punt de vista organitzatiu.\u00a0<\/span><\/p>\n<p style=\"text-align: justify\"><span style=\"font-family: arial, helvetica, sans-serif;color: #000000\">De la mateixa manera que en les diferents fases de desconfinament es va anant incrementant l&#8217;activitat presencial, ara demanem que es pugui estudiar anar en el sentit contrari posant per davant de qualsevol altra consideraci\u00f3 la salut del personal.\u00a0<\/span><\/p>\n<p><span style=\"color: #000000\"><img loading=\"lazy\" decoding=\"async\" class=\"wp-image-6568 aligncenter\" src=\"http:\/\/ccoo.app\/diputacio-de-barcelona\/wp-content\/blogs.dir\/6\/files\/sites\/186\/2020\/07\/precaucio-covid-300x100.jpg\" alt=\"\" width=\"252\" height=\"84\" srcset=\"https:\/\/ccoo.app\/diputacio-de-barcelona\/wp-content\/blogs.dir\/6\/files\/sites\/186\/2020\/07\/precaucio-covid-300x100.jpg 300w, https:\/\/ccoo.app\/diputacio-de-barcelona\/wp-content\/blogs.dir\/6\/files\/sites\/186\/2020\/07\/precaucio-covid-1024x341.jpg 1024w, https:\/\/ccoo.app\/diputacio-de-barcelona\/wp-content\/blogs.dir\/6\/files\/sites\/186\/2020\/07\/precaucio-covid-768x256.jpg 768w, https:\/\/ccoo.app\/diputacio-de-barcelona\/wp-content\/blogs.dir\/6\/files\/sites\/186\/2020\/07\/precaucio-covid.jpg 1500w\" sizes=\"auto, (max-width: 252px) 100vw, 252px\" \/><\/span><\/p>\n<p style=\"text-align: justify\"><span style=\"font-family: arial, helvetica, sans-serif;color: #000000\"><span style=\"font-family: 'arial black', sans-serif\">TELETREBALL:<\/span> Encara hi ha personal esperant els equips i eines necess\u00e0ries per al desenvolupament de l\u2019activitat (equips inform\u00e0tics, cadires ergon\u00f2miques, reposapeus, etc). Ens diuen que moltes persones ja l&#8217;han rebut i que es segueix treballant per a respondre a la gran demanda existent (<a href=\"https:\/\/diba.ccoo.cat\/wp-content\/uploads\/sites\/37\/2020\/05\/7.REGULACI%C3%93-EXCEPCIONAL-I-TEMPORAL-DE-LA-MODALITAT-DE-TREBALL-NO-PRESENCIAL-.pdf\"><span style=\"color: #0000ff;font-family: 'arial black', sans-serif\">recordes qu\u00e8 diu la normativa aprovada?<\/span><\/a>).<\/span><\/p>\n<p>&nbsp;<\/p>\n<p style=\"text-align: justify\"><img loading=\"lazy\" decoding=\"async\" class=\"wp-image-5635 aligncenter\" src=\"http:\/\/ccoo.app\/diputacio-de-barcelona\/wp-content\/blogs.dir\/6\/files\/sites\/186\/2020\/04\/mascarilla-300x300.jpg\" alt=\"\" width=\"133\" height=\"133\" srcset=\"https:\/\/ccoo.app\/diputacio-de-barcelona\/wp-content\/blogs.dir\/6\/files\/sites\/186\/2020\/04\/mascarilla-300x300.jpg 300w, https:\/\/ccoo.app\/diputacio-de-barcelona\/wp-content\/blogs.dir\/6\/files\/sites\/186\/2020\/04\/mascarilla-150x150.jpg 150w, https:\/\/ccoo.app\/diputacio-de-barcelona\/wp-content\/blogs.dir\/6\/files\/sites\/186\/2020\/04\/mascarilla.jpg 500w\" sizes=\"auto, (max-width: 133px) 100vw, 133px\" \/><\/p>\n<p>&nbsp;<\/p>\n<p style=\"text-align: center\"><span style=\"font-family: 'arial black', sans-serif;color: #000000\">A LA FEINA HAIG DE DUR MASCARETA?<\/span><\/p>\n<p style=\"text-align: justify\"><span style=\"color: #000000\"><span style=\"font-family: arial, helvetica, sans-serif\">Cal que les empreses garanteixin totes les <\/span><span style=\"font-family: arial, helvetica, sans-serif\">mesures de protecci\u00f3 per a les persones treballadores.<\/span><\/span><\/p>\n<p><span style=\"color: #000000\"><span style=\"font-family: arial, helvetica, sans-serif\">En empreses no obertes al p\u00fablic, un cop la <\/span><span style=\"font-family: arial, helvetica, sans-serif\">persona treballadora estigui al seu lloc de treball (asseguda i\/o fent una tasca que no comporti <\/span><span style=\"font-family: arial, helvetica, sans-serif\">mobilitat) i amb totes les mesures necess\u00e0ries, pot prescindir de la mascareta malgrat que <\/span><span style=\"font-family: arial, helvetica, sans-serif\">continua sent recomanable. <\/span><\/span><\/p>\n<p><span style=\"color: #000000\"><span style=\"font-family: arial, helvetica, sans-serif\">En canvi, ser\u00e0 obligat\u00f2ria per a tots els despla\u00e7aments que es facin a <\/span><span style=\"font-family: arial, helvetica, sans-serif\">l&#8217;interior del centre de treball (entrades, sortides, lavabo&#8230;).<\/span><\/span><\/p>\n<p><span style=\"color: #000000\"><span style=\"font-family: arial, helvetica, sans-serif\">Tamb\u00e9 es podr\u00e0 prescindir de la <\/span><span style=\"font-family: arial, helvetica, sans-serif\">mascareta en aquelles feines que impliquin un gran esfor\u00e7 f\u00edsic, independentment de si es duen a <\/span><span style=\"font-family: arial, helvetica, sans-serif\">terme a l&#8217;interior o a l&#8217;exterior (per exemple, en treballs vinculats a la construcci\u00f3) i sempre que es <\/span><span style=\"font-family: arial, helvetica, sans-serif\">pugui garantir la seva seguretat i salut.<\/span><\/span><\/p>\n<p style=\"text-align: justify\"><span style=\"font-family: arial, helvetica, sans-serif\"><span style=\"color: #000000\">Per a m\u00e9s informaci\u00f3: clica<\/span> <span style=\"color: #0000ff;font-family: 'arial black', sans-serif\">aqu\u00ed<\/span>.<\/span><\/p>\n<p style=\"text-align: justify\"><span style=\"font-family: arial, helvetica, sans-serif;color: #000000\"><img loading=\"lazy\" decoding=\"async\" class=\"wp-image-6416 aligncenter\" src=\"http:\/\/ccoo.app\/diputacio-de-barcelona\/wp-content\/blogs.dir\/6\/files\/sites\/186\/2020\/07\/2-metres-300x300.jpg\" alt=\"\" width=\"91\" height=\"91\" srcset=\"https:\/\/ccoo.app\/diputacio-de-barcelona\/wp-content\/blogs.dir\/6\/files\/sites\/186\/2020\/07\/2-metres-300x300.jpg 300w, https:\/\/ccoo.app\/diputacio-de-barcelona\/wp-content\/blogs.dir\/6\/files\/sites\/186\/2020\/07\/2-metres-150x150.jpg 150w, https:\/\/ccoo.app\/diputacio-de-barcelona\/wp-content\/blogs.dir\/6\/files\/sites\/186\/2020\/07\/2-metres-768x768.jpg 768w, https:\/\/ccoo.app\/diputacio-de-barcelona\/wp-content\/blogs.dir\/6\/files\/sites\/186\/2020\/07\/2-metres.jpg 800w\" sizes=\"auto, (max-width: 91px) 100vw, 91px\" \/><\/span><\/p>\n<p>&nbsp;<\/p>\n<p style=\"text-align: center\"><span style=\"font-family: 'arial black', sans-serif\"><span style=\"font-family: arial, helvetica, sans-serif\"><span style=\"color: #000000\">CLIQUEU<\/span> <span style=\"color: #0000ff;font-family: 'arial black', sans-serif\"><a style=\"color: #0000ff\" href=\"https:\/\/diba.ccoo.cat\/03-07-css-2\/\">AQU\u00cd<\/a> <\/span><\/span><span style=\"color: #000000\"><span style=\"font-family: arial, helvetica, sans-serif\">VEURE RESUM DE L<\/span>A REUNI\u00d3 DEL CSS ANTERIOR<\/span><\/span><\/p>\n<p>&nbsp;<\/p>\n<p>&nbsp;<\/p>\n<p style=\"text-align: center\"><img loading=\"lazy\" decoding=\"async\" class=\"wp-image-5184 aligncenter\" src=\"http:\/\/ccoo.app\/diputacio-de-barcelona\/wp-content\/blogs.dir\/6\/files\/sites\/186\/2020\/03\/i-de-info-300x300.jpg\" alt=\"\" width=\"72\" height=\"72\" srcset=\"https:\/\/ccoo.app\/diputacio-de-barcelona\/wp-content\/blogs.dir\/6\/files\/sites\/186\/2020\/03\/i-de-info-300x300.jpg 300w, https:\/\/ccoo.app\/diputacio-de-barcelona\/wp-content\/blogs.dir\/6\/files\/sites\/186\/2020\/03\/i-de-info-150x150.jpg 150w, https:\/\/ccoo.app\/diputacio-de-barcelona\/wp-content\/blogs.dir\/6\/files\/sites\/186\/2020\/03\/i-de-info.jpg 626w\" sizes=\"auto, (max-width: 72px) 100vw, 72px\" \/><span style=\"font-family: 'arial black', sans-serif;font-size: 20px;color: #ffff00;background-color: #ff0000\">TOTA LA INFORMACI\u00d3 SINDICAL QUE NECESSITES<\/span><\/p>\n<p><img loading=\"lazy\" decoding=\"async\" class=\"wp-image-5913 aligncenter\" src=\"http:\/\/ccoo.app\/diputacio-de-barcelona\/wp-content\/blogs.dir\/6\/files\/sites\/186\/2020\/05\/telefono-300x300.jpg\" alt=\"\" width=\"59\" height=\"59\" srcset=\"https:\/\/ccoo.app\/diputacio-de-barcelona\/wp-content\/blogs.dir\/6\/files\/sites\/186\/2020\/05\/telefono-300x300.jpg 300w, https:\/\/ccoo.app\/diputacio-de-barcelona\/wp-content\/blogs.dir\/6\/files\/sites\/186\/2020\/05\/telefono-150x150.jpg 150w, https:\/\/ccoo.app\/diputacio-de-barcelona\/wp-content\/blogs.dir\/6\/files\/sites\/186\/2020\/05\/telefono.jpg 600w\" sizes=\"auto, (max-width: 59px) 100vw, 59px\" \/><\/p>\n<p style=\"text-align: center\"><span style=\"font-family: 'arial black', sans-serif;color: #000000\">DE DILLUNS A DIVENDRES<\/span><\/p>\n<p style=\"text-align: center\"><span style=\"font-family: 'arial black', sans-serif;color: #000000\">DE 10:00 A 14:30 i DE 17:00 A 19 HORES<\/span><\/p>\n<p style=\"text-align: center\"><span style=\"font-family: 'arial black', sans-serif;color: #ff0000\">93.402.29.85 &#8211; 22985 &#8211; 667 90 69 64<\/span><\/p>\n<p><img loading=\"lazy\" decoding=\"async\" class=\"wp-image-5553 aligncenter\" src=\"http:\/\/ccoo.app\/diputacio-de-barcelona\/wp-content\/blogs.dir\/6\/files\/sites\/186\/2020\/04\/mail-foto-300x200.jpg\" alt=\"\" width=\"59\" height=\"39\" srcset=\"https:\/\/ccoo.app\/diputacio-de-barcelona\/wp-content\/blogs.dir\/6\/files\/sites\/186\/2020\/04\/mail-foto-300x200.jpg 300w, https:\/\/ccoo.app\/diputacio-de-barcelona\/wp-content\/blogs.dir\/6\/files\/sites\/186\/2020\/04\/mail-foto-1024x683.jpg 1024w, https:\/\/ccoo.app\/diputacio-de-barcelona\/wp-content\/blogs.dir\/6\/files\/sites\/186\/2020\/04\/mail-foto-768x512.jpg 768w, https:\/\/ccoo.app\/diputacio-de-barcelona\/wp-content\/blogs.dir\/6\/files\/sites\/186\/2020\/04\/mail-foto.jpg 1200w\" sizes=\"auto, (max-width: 59px) 100vw, 59px\" \/><\/p>\n<p style=\"text-align: center\"><span style=\"font-family: arial, helvetica, sans-serif;color: #000000\">La\u00a0SECCI\u00d3 SINDICAL DE CCOO donem resposta a tots els teus dubtes o t&#8217;ajudem solucionar els problemes que puguis tenir.<strong> T&#8217;ajudem a defensar els teus drets!<\/strong><\/span><\/p>\n<p style=\"text-align: center\"><span style=\"font-family: 'arial black', sans-serif;color: #0000ff\"><a style=\"color: #0000ff\" href=\"mailto:ccoo@diba.cat\"><strong>ccoo@diba.cat<\/strong><\/a><\/span><\/p>\n<p style=\"text-align: center\"><span style=\"font-family: 'arial black', sans-serif;color: #0000ff\"><a style=\"color: #0000ff\" href=\"mailto:orgt.ssccoo@diba.cat\">orgt.ssccoo@diba.cat<\/a><\/span><\/p>\n<p><img loading=\"lazy\" decoding=\"async\" class=\"wp-image-6417 aligncenter\" src=\"http:\/\/ccoo.app\/diputacio-de-barcelona\/wp-content\/blogs.dir\/6\/files\/sites\/186\/2020\/07\/ccoo-diba-prevencio-300x280.png\" alt=\"\" width=\"57\" height=\"53\" srcset=\"https:\/\/ccoo.app\/diputacio-de-barcelona\/wp-content\/blogs.dir\/6\/files\/sites\/186\/2020\/07\/ccoo-diba-prevencio-300x280.png 300w, https:\/\/ccoo.app\/diputacio-de-barcelona\/wp-content\/blogs.dir\/6\/files\/sites\/186\/2020\/07\/ccoo-diba-prevencio.png 490w\" sizes=\"auto, (max-width: 57px) 100vw, 57px\" \/><\/p>\n<p style=\"text-align: center\"><span style=\"font-family: arial, helvetica, sans-serif;color: #000000\">Contacte directe amb els i les delegades de prevenci\u00f3: clic <a href=\"https:\/\/diba.ccoo.cat\/ajuda-dels-nostres-delegats-i-delegades-de-prevencio\/\"><span style=\"font-family: 'arial black', sans-serif;color: #0000ff\">aqu\u00ed<\/span><\/a><\/span><\/p>\n<p><img loading=\"lazy\" decoding=\"async\" class=\"wp-image-5554 aligncenter\" src=\"http:\/\/ccoo.app\/diputacio-de-barcelona\/wp-content\/blogs.dir\/6\/files\/sites\/186\/2020\/04\/mail-foto-enviar-300x212.jpg\" alt=\"\" width=\"67\" height=\"47\" srcset=\"https:\/\/ccoo.app\/diputacio-de-barcelona\/wp-content\/blogs.dir\/6\/files\/sites\/186\/2020\/04\/mail-foto-enviar-300x212.jpg 300w, https:\/\/ccoo.app\/diputacio-de-barcelona\/wp-content\/blogs.dir\/6\/files\/sites\/186\/2020\/04\/mail-foto-enviar-1024x724.jpg 1024w, https:\/\/ccoo.app\/diputacio-de-barcelona\/wp-content\/blogs.dir\/6\/files\/sites\/186\/2020\/04\/mail-foto-enviar-768x543.jpg 768w, https:\/\/ccoo.app\/diputacio-de-barcelona\/wp-content\/blogs.dir\/6\/files\/sites\/186\/2020\/04\/mail-foto-enviar.jpg 1200w\" sizes=\"auto, (max-width: 67px) 100vw, 67px\" \/><\/p>\n<p style=\"text-align: center\"><span style=\"font-family: arial, helvetica, sans-serif;color: #000000\">Encara no t&#8217;has descarregat la nostra <a href=\"http:\/\/www.ccoo.cat\/carnet\/index.aspx?qr=1#descarrega\"><span style=\"font-family: 'arial black', sans-serif;color: #0000ff\">APP<\/span><\/a> CCOO-Diba d&#8217;informaci\u00f3 sindical?<\/span><\/p>\n<p style=\"text-align: center\"><span style=\"font-family: arial, helvetica, sans-serif;color: #000000\">Fes clic <a href=\"http:\/\/www.ccoo.cat\/carnet\/index.aspx?qr=1#descarrega\"><span style=\"font-family: 'arial black', sans-serif;color: #0000ff\">aqu\u00ed<\/span><\/a> per tenir la informaci\u00f3 abans que ning\u00fa!<\/span><\/p>\n<p><img loading=\"lazy\" decoding=\"async\" class=\"wp-image-5915 aligncenter\" src=\"http:\/\/ccoo.app\/diputacio-de-barcelona\/wp-content\/blogs.dir\/6\/files\/sites\/186\/2020\/05\/xarxes-socials-300x169.png\" alt=\"\" width=\"227\" height=\"128\" srcset=\"https:\/\/ccoo.app\/diputacio-de-barcelona\/wp-content\/blogs.dir\/6\/files\/sites\/186\/2020\/05\/xarxes-socials-300x169.png 300w, https:\/\/ccoo.app\/diputacio-de-barcelona\/wp-content\/blogs.dir\/6\/files\/sites\/186\/2020\/05\/xarxes-socials-1024x576.png 1024w, https:\/\/ccoo.app\/diputacio-de-barcelona\/wp-content\/blogs.dir\/6\/files\/sites\/186\/2020\/05\/xarxes-socials-768x432.png 768w, https:\/\/ccoo.app\/diputacio-de-barcelona\/wp-content\/blogs.dir\/6\/files\/sites\/186\/2020\/05\/xarxes-socials.png 1200w\" sizes=\"auto, (max-width: 227px) 100vw, 227px\" \/><\/p>\n<p style=\"text-align: center\"><span style=\"font-family: arial, helvetica, sans-serif;color: #000000\">Tamb\u00e9 trobar\u00e0s CCOO-Diba a les xarxes socials. Clica sobre la icona de la teva xarxa favorita:<\/span><\/p>\n<p><a href=\"https:\/\/twitter.com\/CCOODiba\"><img loading=\"lazy\" decoding=\"async\" class=\" wp-image-5728 aligncenter\" src=\"http:\/\/ccoo.app\/diputacio-de-barcelona\/wp-content\/blogs.dir\/6\/files\/sites\/186\/2020\/04\/twitter-300x300.png\" alt=\"\" width=\"89\" height=\"89\" srcset=\"https:\/\/ccoo.app\/diputacio-de-barcelona\/wp-content\/blogs.dir\/6\/files\/sites\/186\/2020\/04\/twitter-300x300.png 300w, https:\/\/ccoo.app\/diputacio-de-barcelona\/wp-content\/blogs.dir\/6\/files\/sites\/186\/2020\/04\/twitter-150x150.png 150w, https:\/\/ccoo.app\/diputacio-de-barcelona\/wp-content\/blogs.dir\/6\/files\/sites\/186\/2020\/04\/twitter.png 512w\" sizes=\"auto, (max-width: 89px) 100vw, 89px\" \/><\/a><\/p>\n<p><a href=\"https:\/\/www.instagram.com\/ccoo_diba\/?hl=es\"><img loading=\"lazy\" decoding=\"async\" class=\"wp-image-5730 aligncenter\" src=\"http:\/\/ccoo.app\/diputacio-de-barcelona\/wp-content\/blogs.dir\/6\/files\/sites\/186\/2020\/04\/instragram-300x300.png\" alt=\"\" width=\"91\" height=\"91\" srcset=\"https:\/\/ccoo.app\/diputacio-de-barcelona\/wp-content\/blogs.dir\/6\/files\/sites\/186\/2020\/04\/instragram-300x300.png 300w, https:\/\/ccoo.app\/diputacio-de-barcelona\/wp-content\/blogs.dir\/6\/files\/sites\/186\/2020\/04\/instragram-150x150.png 150w, https:\/\/ccoo.app\/diputacio-de-barcelona\/wp-content\/blogs.dir\/6\/files\/sites\/186\/2020\/04\/instragram.png 512w\" sizes=\"auto, (max-width: 91px) 100vw, 91px\" \/><\/a><\/p>\n<p><a href=\"https:\/\/www.facebook.com\/CcooDiputacioDeBarcelona\/\"><img loading=\"lazy\" decoding=\"async\" class=\"wp-image-5729 aligncenter\" src=\"http:\/\/ccoo.app\/diputacio-de-barcelona\/wp-content\/blogs.dir\/6\/files\/sites\/186\/2020\/04\/facebook-300x300.png\" alt=\"\" width=\"90\" height=\"90\" srcset=\"https:\/\/ccoo.app\/diputacio-de-barcelona\/wp-content\/blogs.dir\/6\/files\/sites\/186\/2020\/04\/facebook-300x300.png 300w, https:\/\/ccoo.app\/diputacio-de-barcelona\/wp-content\/blogs.dir\/6\/files\/sites\/186\/2020\/04\/facebook-150x150.png 150w, https:\/\/ccoo.app\/diputacio-de-barcelona\/wp-content\/blogs.dir\/6\/files\/sites\/186\/2020\/04\/facebook.png 325w\" sizes=\"auto, (max-width: 90px) 100vw, 90px\" \/><\/a><a href=\"https:\/\/www.youtube.com\/channel\/UCFzenkS75udEcs4pB4qoZsg\"><img loading=\"lazy\" decoding=\"async\" class=\" wp-image-5916 aligncenter\" src=\"http:\/\/ccoo.app\/diputacio-de-barcelona\/wp-content\/blogs.dir\/6\/files\/sites\/186\/2020\/05\/youtube-300x115.jpg\" alt=\"\" width=\"122\" height=\"47\" srcset=\"https:\/\/ccoo.app\/diputacio-de-barcelona\/wp-content\/blogs.dir\/6\/files\/sites\/186\/2020\/05\/youtube-300x115.jpg 300w, https:\/\/ccoo.app\/diputacio-de-barcelona\/wp-content\/blogs.dir\/6\/files\/sites\/186\/2020\/05\/youtube-1024x391.jpg 1024w, https:\/\/ccoo.app\/diputacio-de-barcelona\/wp-content\/blogs.dir\/6\/files\/sites\/186\/2020\/05\/youtube-768x293.jpg 768w, https:\/\/ccoo.app\/diputacio-de-barcelona\/wp-content\/blogs.dir\/6\/files\/sites\/186\/2020\/05\/youtube.jpg 1200w\" sizes=\"auto, (max-width: 122px) 100vw, 122px\" \/><\/a><\/p>\n<p><iframe loading=\"lazy\" title=\"Hauran de comptar amb nosaltres. Salut, treball i just\u00edcia social || 1r de maig del 2020.\" width=\"1200\" height=\"675\" src=\"https:\/\/www.youtube.com\/embed\/uS104R3aSJs?feature=oembed\" frameborder=\"0\" allow=\"accelerometer; autoplay; clipboard-write; encrypted-media; gyroscope; picture-in-picture; web-share\" allowfullscreen><\/iframe><\/p>\n<p>&nbsp;    \t<\/p>\n","protected":false},"excerpt":{"rendered":"<p>&nbsp; &nbsp; \u00a0REUNI\u00d3 TELEM\u00c0TICA DEL COMIT\u00c8 DE SEGURETAT I SALUT DEL 17.07.2020 &#8211; 21 de juliol de 2020- BREU RESUM DELS ANTECEDENTS El dia 7 d\u2019abril (cliqueu aqu\u00ed), cansats i &#8230; <\/p>\n<p class=\"read-more-container\"><a title=\"108\/COVID.19 17.07.2020 RESUM DE LA REUNI\u00d3 TELEM\u00c0TICA DEL COMIT\u00c8 DE SEGURETAT I SALUT\" class=\"read-more button\" href=\"https:\/\/ccoo.app\/diputacio-de-barcelona\/17-07-css-2-2-2\/#more-6554\" aria-label=\"Leer m\u00e1s sobre 108\/COVID.19 17.07.2020 RESUM DE LA REUNI\u00d3 TELEM\u00c0TICA DEL COMIT\u00c8 DE SEGURETAT I SALUT\">Continuar llegint<\/a><\/p>\n","protected":false},"author":4519,"featured_media":6417,"comment_status":"open","ping_status":"open","sticky":false,"template":"","format":"standard","meta":{"footnotes":""},"categories":[38,19,29,34,35,37],"tags":[189,212],"class_list":["post-6554","post","type-post","status-publish","format-standard","has-post-thumbnail","hentry","category-a-tot-el-personal","category-comunicats","category-orgt-2","category-respir","category-salut-laboral","category-xbm","tag-prevencio","tag-salut","generate-columns","tablet-grid-50","mobile-grid-100","grid-parent","grid-50"],"_links":{"self":[{"href":"https:\/\/ccoo.app\/diputacio-de-barcelona\/wp-json\/wp\/v2\/posts\/6554","targetHints":{"allow":["GET"]}}],"collection":[{"href":"https:\/\/ccoo.app\/diputacio-de-barcelona\/wp-json\/wp\/v2\/posts"}],"about":[{"href":"https:\/\/ccoo.app\/diputacio-de-barcelona\/wp-json\/wp\/v2\/types\/post"}],"author":[{"embeddable":true,"href":"https:\/\/ccoo.app\/diputacio-de-barcelona\/wp-json\/wp\/v2\/users\/4519"}],"replies":[{"embeddable":true,"href":"https:\/\/ccoo.app\/diputacio-de-barcelona\/wp-json\/wp\/v2\/comments?post=6554"}],"version-history":[{"count":1,"href":"https:\/\/ccoo.app\/diputacio-de-barcelona\/wp-json\/wp\/v2\/posts\/6554\/revisions"}],"predecessor-version":[{"id":50906,"href":"https:\/\/ccoo.app\/diputacio-de-barcelona\/wp-json\/wp\/v2\/posts\/6554\/revisions\/50906"}],"wp:featuredmedia":[{"embeddable":true,"href":"https:\/\/ccoo.app\/diputacio-de-barcelona\/wp-json\/wp\/v2\/media\/6417"}],"wp:attachment":[{"href":"https:\/\/ccoo.app\/diputacio-de-barcelona\/wp-json\/wp\/v2\/media?parent=6554"}],"wp:term":[{"taxonomy":"category","embeddable":true,"href":"https:\/\/ccoo.app\/diputacio-de-barcelona\/wp-json\/wp\/v2\/categories?post=6554"},{"taxonomy":"post_tag","embeddable":true,"href":"https:\/\/ccoo.app\/diputacio-de-barcelona\/wp-json\/wp\/v2\/tags?post=6554"}],"curies":[{"name":"wp","href":"https:\/\/api.w.org\/{rel}","templated":true}]}}