{"id":654,"date":"2015-09-01T09:35:36","date_gmt":"2015-09-01T08:35:36","guid":{"rendered":"https:\/\/diba.ccoo.cat\/plantilla_post-copy-copy\/"},"modified":"2015-09-01T09:35:36","modified_gmt":"2015-09-01T08:35:36","slug":"millores-socials-2015","status":"publish","type":"post","link":"https:\/\/ccoo.app\/diputacio-de-barcelona\/millores-socials-2015\/","title":{"rendered":"MILLORES SOCIALS 2015"},"content":{"rendered":"<p>&nbsp;<\/p>\n<p><img loading=\"lazy\" decoding=\"async\" class=\"wp-image-189\" title=\"Secci\u00f3 Sindical de la Diutaci\u00f3 de Barcelona de la Federaci\u00f3 Sindical de Catalunya\" src=\"http:\/\/ccoo.app\/diputacio-de-barcelona\/wp-content\/blogs.dir\/6\/files\/sites\/186\/2015\/12\/ccoo-fsc-cat.png\" alt=\"Secci\u00f3 Sindical de la Diputaci\u00f3 de Barcelona de la Federaci\u00f3 Sindical de Catalunya\" width=\"469\" height=\"90\" \/><\/p>\n<p class=\"wp-caption-text\">Secci\u00f3 Sindical de la Diputaci\u00f3 de Barcelona<\/p>\n<h3 style=\"text-align: center\"><\/h3>\n<h3 class=\"widget-title\">MILLORES SOCIALS 2015<\/h3>\n<h3 style=\"text-align: center\"><strong><span style=\"color: #ff0000\">MILLORES SOCIALS 2015<\/span><\/strong><\/h3>\n<p style=\"text-align: center\"><span style=\"color: #000000\">&#8211;<span class=\"TextRun SCX67797500\" lang=\"CA-ES\" xml:lang=\"CA-ES\"><span class=\"NormalTextRun SCX67797500\">30 DE SETEMBRE DATA L\u00cdMIT<\/span><\/span>&#8211;<\/span><\/p>\n<p style=\"text-align: left\">Alguns de vosaltres ens feu arribar alguns <span style=\"color: #3366ff\"><b>DUBTES<\/b><\/span>\u00a0referents a\u00a0 les millores socials 2015. Heu de saber que a <span style=\"text-decoration: underline\"><b>Intradiba<\/b><\/span> teniu tota la informaci\u00f3 a la pestanya de millores socials i avantatges &#8211; millores socials &#8211; prestacions socials, i al seg\u00fcent enlla\u00e7:<\/p>\n<p><a href=\"http:\/\/intradiba.diba.cat\/web\/prestacions-socials-i-avantatges\/prestacions-sanitaries\"><b>http:\/\/intradiba.diba.cat\/web\/prestacions-socials-i-avantatges\/prestacions-sanitaries<\/b><\/a><\/p>\n<p>710.000 \u20ac destinats a despesa sanit\u00e0ria, cultural, esportiva, conciliaci\u00f3 i d\u2019ajut per a fills que per al 2015 \u00e9s reparteix de la manera seg\u00fcent:<\/p>\n<ul>\n<li><b>Dotaci\u00f3 econ\u00f2mica individual:<\/b><\/li>\n<\/ul>\n<p>TRAM 1<b>:<\/b> fins a nivell 25 i personal jubilat (fins 70a.): 135 \u20ac<\/p>\n<p>TRAM 2<b>:<\/b> nivell 26\u202fen endavant :\u00a0 68\u20ac<\/p>\n<p>Nivell del complement de <b>destinaci\u00f3 assignat al lloc<\/b>.\u00a0\u00a0\u00a0\u00a0\u00a0\u00a0\u00a0\u00a0\u00a0\u00a0\u00a0\u00a0\u00a0\u00a0\u00a0\u00a0\u00a0\u00a0\u00a0\u00a0\u00a0\u00a0\u00a0\u00a0\u00a0\u00a0\u00a0 (no aplicable als que per progressi\u00f3 personal hagin assolit el nivell).<\/p>\n<ul>\n<li><b>Dates a tenir en compte:<\/b><\/li>\n<\/ul>\n<p><span style=\"color: #3366ff\"><span style=\"text-decoration: underline\"><b>30 de setembre<\/b><\/span><b> \u00e9s la data l\u00edmit per presentar la documentaci\u00f3 acreditativa.<\/b>\u00a0<\/span><\/p>\n<p>L&#8217;abonament es far\u00e0 efectiu a la n\u00f2mina de novembre 2015.<\/p>\n<p>Per\u00edode de meritaci\u00f3 \u00e9s de l&#8217;1 de gener al 30 de setembre de 2015<\/p>\n<ul>\n<li><b>Documentaci\u00f3 acreditativa:<\/b><\/li>\n<\/ul>\n<p>Model normalitzat. S&#8217;ha d&#8217;omplir una sol\u00b7licitud i adjuntar la documentaci\u00f3 acreditativa.<\/p>\n<ul>\n<li>Factures.<\/li>\n<li>Tiquets o rebuts on constin les dades del professional.<\/li>\n<li>En el cas de despesa de teatres, cinema o similars, teniu la possibilitat de<span style=\"color: #3366ff\"> <b>presentar<\/b> <b>l\u2019entrada escrivint a sobre el n\u00ba del DNI junt amb la nostra signatura<\/b><\/span> (equival a una declaraci\u00f3 jurada).<\/li>\n<li>En el cas de tiquets o entrades recomanem agrupar-los per la seva presentaci\u00f3 per facilitar la gesti\u00f3.<\/li>\n<li>Recordar que nom\u00e9s hem de justificar fins a 135\u20ac de despesa. Per tant, \u00e9s innecessari presentar factures amb un import molt m\u00e9s enll\u00e0 d\u2019aquesta quantitat.<\/li>\n<li>Si decidiu presentar factures tant del titular com del beneficiari, \u00e9s recomanable omplir dues inst\u00e0ncies. Una per al titular i una altra per al beneficiari, cadasc\u00fa amb la o les factures corresponent. \u00d2bviament, heu de recordar que aix\u00f2 no suposa un increment del que \u00e9s rebr\u00e0.<\/li>\n<\/ul>\n<p>&nbsp;<\/p>\n<ul>\n<li><b>Ajut per a fills<\/b><b>\u00a0 (75\u20ac)<\/b><\/li>\n<\/ul>\n<p>Per als empleats amb fills\/filles menor de 18 anys. De manera ordin\u00e0ria es fa l&#8217;abonament al mes de mar\u00e7. S&#8217;abona d&#8217;ofici a qui acrediti la condici\u00f3 de beneficiari notificant el naixement.\u00a0 Una vegada realitzada aquesta gesti\u00f3, ja no \u00e9s necessari realitzar l&#8217;acreditaci\u00f3 any rere any.<\/p>\n<p>En l\u00ednees generals, tenen dret a l&#8217;abonament de despesa social:<\/p>\n<ul>\n<li>Els funcionaris de carrera<\/li>\n<li>El personal laboral fix<\/li>\n<li>El personal amb un nomenament inter\u00ed o laboral de caire temporal, de durada acumulada igual o superior a nou mesos en el decurs d&#8217;un any<span style=\"color: #3366ff\"> <b>(no necessari que siguin ininterromputs).<\/b>\u00a0<\/span><\/li>\n<li>Personal jubilat fins al 70 anys.<\/li>\n<\/ul>\n<ul>\n<li>\u00a0I en s\u00f3n beneficiaris:<\/li>\n<\/ul>\n<ul>\n<li>Els c\u00f2njuges, parelles de fet i fills menors de 21 anys (que no percebin cap renda procedent del treball)<\/li>\n<li>Els fills amb discapacitat acreditada.<\/li>\n<\/ul>\n<p>Si teniu qualsevol dubte, recordeu que estem a la vostra disposici\u00f3.<\/p>\n<p style=\"text-align: center\">* \u00a0* \u00a0* \u00a0* \u00a0*<\/p>\n<p><img loading=\"lazy\" decoding=\"async\" class=\"alignleft wp-image-226\" src=\"http:\/\/ccoo.app\/diputacio-de-barcelona\/wp-content\/blogs.dir\/6\/files\/sites\/186\/2016\/04\/estem-decidits-acontinuar-lluitant.png\" alt=\"Estem decidits a continuar lluitant !\" width=\"213\" height=\"89\" \/><\/p>\n<p><img loading=\"lazy\" decoding=\"async\" class=\"wp-image-262 alignright\" src=\"http:\/\/ccoo.app\/diputacio-de-barcelona\/wp-content\/blogs.dir\/6\/files\/sites\/186\/2016\/04\/afiliat_ccoo_cat.gif\" alt=\"Tota la informaci\u00f3 de com afiliar-se a CCOO Catalunya i forlmulari d'alta o baxia.\" width=\"90\" height=\"80\" \/><\/p>\n<p><img loading=\"lazy\" decoding=\"async\" class=\"wp-image-227 aligncenter\" src=\"http:\/\/ccoo.app\/diputacio-de-barcelona\/wp-content\/blogs.dir\/6\/files\/sites\/186\/2016\/04\/logo-peu-300x69.png\" alt=\"logo-peu\" width=\"952\" height=\"219\" srcset=\"https:\/\/ccoo.app\/diputacio-de-barcelona\/wp-content\/blogs.dir\/6\/files\/sites\/186\/2016\/04\/logo-peu-300x69.png 300w, https:\/\/ccoo.app\/diputacio-de-barcelona\/wp-content\/blogs.dir\/6\/files\/sites\/186\/2016\/04\/logo-peu.png 557w\" sizes=\"auto, (max-width: 952px) 100vw, 952px\" \/><\/p>\n<p style=\"text-align: center\"><small><\/small><small>Formulari d&#8217;<a href=\"\/afiliat\/\">alta<\/a>, <a href=\"\/afiliat\/\">baixa <\/a>o <a href=\"\/afiliat\/\">modificaci\u00f3 <\/a>de les dades personals o<br \/>\ncontacta&#8217;ns a trav\u00e9s del tel\u00e8fon<strong> 934 022 985<\/strong> o correu: <a href=\"mailto:ccoo@diba.cat\"><strong>ccoo@diba.cat<\/strong><\/a><\/small><\/p>\n","protected":false},"excerpt":{"rendered":"<p>&nbsp; Secci\u00f3 Sindical de la Diputaci\u00f3 de Barcelona MILLORES SOCIALS 2015 MILLORES SOCIALS 2015 &#8211;30 DE SETEMBRE DATA L\u00cdMIT&#8211; Alguns de vosaltres ens feu arribar alguns DUBTES\u00a0referents a\u00a0 les millores &#8230; <\/p>\n<p class=\"read-more-container\"><a title=\"MILLORES SOCIALS 2015\" class=\"read-more button\" href=\"https:\/\/ccoo.app\/diputacio-de-barcelona\/millores-socials-2015\/#more-654\" aria-label=\"Leer m\u00e1s sobre MILLORES SOCIALS 2015\">Continuar llegint<\/a><\/p>\n","protected":false},"author":4519,"featured_media":255,"comment_status":"open","ping_status":"open","sticky":false,"template":"","format":"standard","meta":{"footnotes":""},"categories":[38,19,27],"tags":[],"class_list":["post-654","post","type-post","status-publish","format-standard","has-post-thumbnail","hentry","category-a-tot-el-personal","category-comunicats","category-millores-socials","generate-columns","tablet-grid-50","mobile-grid-100","grid-parent","grid-50"],"_links":{"self":[{"href":"https:\/\/ccoo.app\/diputacio-de-barcelona\/wp-json\/wp\/v2\/posts\/654","targetHints":{"allow":["GET"]}}],"collection":[{"href":"https:\/\/ccoo.app\/diputacio-de-barcelona\/wp-json\/wp\/v2\/posts"}],"about":[{"href":"https:\/\/ccoo.app\/diputacio-de-barcelona\/wp-json\/wp\/v2\/types\/post"}],"author":[{"embeddable":true,"href":"https:\/\/ccoo.app\/diputacio-de-barcelona\/wp-json\/wp\/v2\/users\/4519"}],"replies":[{"embeddable":true,"href":"https:\/\/ccoo.app\/diputacio-de-barcelona\/wp-json\/wp\/v2\/comments?post=654"}],"version-history":[{"count":0,"href":"https:\/\/ccoo.app\/diputacio-de-barcelona\/wp-json\/wp\/v2\/posts\/654\/revisions"}],"wp:featuredmedia":[{"embeddable":true,"href":"https:\/\/ccoo.app\/diputacio-de-barcelona\/wp-json\/wp\/v2\/media\/255"}],"wp:attachment":[{"href":"https:\/\/ccoo.app\/diputacio-de-barcelona\/wp-json\/wp\/v2\/media?parent=654"}],"wp:term":[{"taxonomy":"category","embeddable":true,"href":"https:\/\/ccoo.app\/diputacio-de-barcelona\/wp-json\/wp\/v2\/categories?post=654"},{"taxonomy":"post_tag","embeddable":true,"href":"https:\/\/ccoo.app\/diputacio-de-barcelona\/wp-json\/wp\/v2\/tags?post=654"}],"curies":[{"name":"wp","href":"https:\/\/api.w.org\/{rel}","templated":true}]}}