{"id":6435,"date":"2020-07-10T11:33:37","date_gmt":"2020-07-10T10:33:37","guid":{"rendered":"https:\/\/diba.ccoo.cat\/?p=6435"},"modified":"2023-02-22T18:35:08","modified_gmt":"2023-02-22T17:35:08","slug":"millora-social-2020","status":"publish","type":"post","link":"https:\/\/ccoo.app\/diputacio-de-barcelona\/millora-social-2020\/","title":{"rendered":"MILLORA SOCIAL 2020: 30 SETEMBRE ACABA TERMINI!"},"content":{"rendered":"<p><a href=\"https:\/\/diba.ccoo.cat\/\"><img loading=\"lazy\" decoding=\"async\" class=\"wp-image-5909 aligncenter\" src=\"http:\/\/ccoo.app\/diputacio-de-barcelona\/wp-content\/blogs.dir\/6\/files\/sites\/186\/2020\/05\/nota-1-300x86.png\" alt=\"\" width=\"92\" height=\"27\" srcset=\"https:\/\/ccoo.app\/diputacio-de-barcelona\/wp-content\/blogs.dir\/6\/files\/sites\/186\/2020\/05\/nota-1-300x86.png 300w, https:\/\/ccoo.app\/diputacio-de-barcelona\/wp-content\/blogs.dir\/6\/files\/sites\/186\/2020\/05\/nota-1.png 339w\" sizes=\"auto, (max-width: 92px) 100vw, 92px\" \/><\/a><\/p>\n<p class=\"wp-caption-text\"><a href=\"https:\/\/diba.ccoo.cat\/\"><img loading=\"lazy\" decoding=\"async\" class=\"wp-image-1853 aligncenter\" src=\"http:\/\/ccoo.app\/diputacio-de-barcelona\/wp-content\/blogs.dir\/6\/files\/sites\/186\/2018\/01\/logoccoov18.jpg\" alt=\"\" width=\"240\" height=\"110\" \/><\/a><\/p>\n<p><a href=\"http:\/\/ccoo.app\/diputacio-de-barcelona\/wp-content\/blogs.dir\/6\/files\/sites\/186\/2020\/07\/millores-socials-2020.pdf\"><img loading=\"lazy\" decoding=\"async\" class=\"wp-image-5910 aligncenter\" src=\"http:\/\/ccoo.app\/diputacio-de-barcelona\/wp-content\/blogs.dir\/6\/files\/sites\/186\/2020\/05\/nota-3-300x83.png\" alt=\"\" width=\"90\" height=\"25\" srcset=\"https:\/\/ccoo.app\/diputacio-de-barcelona\/wp-content\/blogs.dir\/6\/files\/sites\/186\/2020\/05\/nota-3-300x83.png 300w, https:\/\/ccoo.app\/diputacio-de-barcelona\/wp-content\/blogs.dir\/6\/files\/sites\/186\/2020\/05\/nota-3.png 337w\" sizes=\"auto, (max-width: 90px) 100vw, 90px\" \/><\/a><\/p>\n<p style=\"text-align: center\"><span style=\"font-family: 'arial black', sans-serif;color: #0000ff;font-size: 24px\">MILLORA SOCIAL ORDIN\u00c0RIA 2020<\/span><\/p>\n<p style=\"text-align: center\"><span style=\"font-family: 'arial black', sans-serif;color: #000000;font-size: 16px\">\u00a0LA PRESENTACI\u00d3 D&#8217;INST\u00c0NCIES ACABA EL 30 DE SETEMBRE!\u00a0<\/span><\/p>\n<p style=\"text-align: center\"><span style=\"font-family: arial, helvetica, sans-serif;font-size: 14px;color: #000000\">-10 de juliol de 2020-<\/span><\/p>\n<p style=\"text-align: center\"><span style=\"font-family: arial, helvetica, sans-serif;color: #000000\"><span style=\"background-color: #ffff00\"><strong>RECORDEU SEMPRE:<\/strong><\/span> una vegada acabada la tramitaci\u00f3 online, <strong><u>us recomanem<\/u><\/strong> que immediatament comproveu l&#8217;estat de la vostra petici\u00f3 per assegurar-vos que heu iniciat el tr\u00e0mit correctament. Entre altres coses, comproveu si els documents s&#8217;han enviat correctament o si les dades son correctes i han quedat registrades.<\/span><\/p>\n<p><img loading=\"lazy\" decoding=\"async\" class=\"wp-image-6443 aligncenter\" src=\"http:\/\/ccoo.app\/diputacio-de-barcelona\/wp-content\/blogs.dir\/6\/files\/sites\/186\/2020\/07\/millora-social-2020-imatge-300x300.png\" alt=\"\" width=\"135\" height=\"135\" srcset=\"https:\/\/ccoo.app\/diputacio-de-barcelona\/wp-content\/blogs.dir\/6\/files\/sites\/186\/2020\/07\/millora-social-2020-imatge-300x300.png 300w, https:\/\/ccoo.app\/diputacio-de-barcelona\/wp-content\/blogs.dir\/6\/files\/sites\/186\/2020\/07\/millora-social-2020-imatge-150x150.png 150w, https:\/\/ccoo.app\/diputacio-de-barcelona\/wp-content\/blogs.dir\/6\/files\/sites\/186\/2020\/07\/millora-social-2020-imatge.png 512w\" sizes=\"auto, (max-width: 135px) 100vw, 135px\" \/><\/p>\n<p style=\"text-align: center\"><span style=\"font-family: arial, helvetica, sans-serif;color: #000000\"><strong><u>30 de setembre<\/u><\/strong><strong> \u00e9s la data l\u00edmit<\/strong> per presentar la documentaci\u00f3 acreditativa.<\/span><\/p>\n<p style=\"text-align: center\"><span style=\"font-family: arial, helvetica, sans-serif;color: #000000\">El per\u00edode de meritaci\u00f3 \u00e9s de <strong>l&#8217;1 d\u2019octubre de 2019 al 30 de setembre de 2020<\/strong><\/span><\/p>\n<p style=\"text-align: center\"><span style=\"font-family: arial, helvetica, sans-serif;color: #000000\">L\u2019abonament es far\u00e0 efectiu a la n\u00f2mina de <strong><u>novembre 2020<\/u><\/strong><u>.<\/u><\/span><\/p>\n<p style=\"text-align: center\"><span style=\"font-family: arial, helvetica, sans-serif;color: #000000\">La sol\u00b7licitud la podeu trametre en format paper o per l\u2019Espai Personal (opci\u00f3 preferent)<\/span><\/p>\n<p><img loading=\"lazy\" decoding=\"async\" class=\"wp-image-2960 aligncenter\" src=\"http:\/\/ccoo.app\/diputacio-de-barcelona\/wp-content\/blogs.dir\/6\/files\/sites\/186\/2018\/11\/5a3a4de27fced4-21032862151377046652355359-300x178.png\" alt=\"\" width=\"160\" height=\"95\" srcset=\"https:\/\/ccoo.app\/diputacio-de-barcelona\/wp-content\/blogs.dir\/6\/files\/sites\/186\/2018\/11\/5a3a4de27fced4-21032862151377046652355359-300x178.png 300w, https:\/\/ccoo.app\/diputacio-de-barcelona\/wp-content\/blogs.dir\/6\/files\/sites\/186\/2018\/11\/5a3a4de27fced4-21032862151377046652355359-768x456.png 768w, https:\/\/ccoo.app\/diputacio-de-barcelona\/wp-content\/blogs.dir\/6\/files\/sites\/186\/2018\/11\/5a3a4de27fced4-21032862151377046652355359.png 976w\" sizes=\"auto, (max-width: 160px) 100vw, 160px\" \/><\/p>\n<p style=\"text-align: center\"><span style=\"font-family: 'arial black', sans-serif;color: #000000;font-size: 20px\"><strong>QUI T\u00c9 DRET A L\u2019ABONAMENT DE DESPESA SOCIAL ?<\/strong><\/span><\/p>\n<ul style=\"text-align: justify\">\n<li><span style=\"font-family: arial, helvetica, sans-serif;color: #000000\"><strong><u>Titulars<\/u><\/strong><\/span><\/li>\n<li style=\"list-style-type: none\">\n<ul>\n<li><span style=\"font-family: arial, helvetica, sans-serif;color: #000000\">Personal funcionari de carrera i laboral fix<\/span><\/li>\n<li><span style=\"font-family: arial, helvetica, sans-serif;color: #000000\">Personal inter\u00ed de plantilla i de substituci\u00f3<\/span><\/li>\n<li><span style=\"font-family: arial, helvetica, sans-serif;color: #000000\">El personal jubilat fins els 70 anys<\/span><\/li>\n<\/ul>\n<\/li>\n<\/ul>\n<ul>\n<li><span style=\"font-family: arial, helvetica, sans-serif;color: #000000\"><strong><u>Beneficiaris<\/u><\/strong><\/span>\n<ul>\n<li style=\"text-align: justify\"><span style=\"font-family: arial, helvetica, sans-serif;color: #000000\">Els c\u00f2njuges i les parelles de fet i els fills <u>menors de 21 anys<\/u> i que convisquin amb la persona titular i <u>no percebin cap renda procedent del treball<\/u>.<\/span><\/li>\n<li style=\"text-align: justify\"><span style=\"font-family: arial, helvetica, sans-serif;color: #000000\">Els fills m\u00e9s grans de 21 anys, en cas de discapacitat, sempre que aquella estigui acreditada pels equips multiprofessionals dependents de la Generalitat de Catalunya.<\/span><\/li>\n<\/ul>\n<\/li>\n<\/ul>\n<p><img loading=\"lazy\" decoding=\"async\" class=\"wp-image-2964 aligncenter\" src=\"http:\/\/ccoo.app\/diputacio-de-barcelona\/wp-content\/blogs.dir\/6\/files\/sites\/186\/2018\/11\/images-1.jpg\" alt=\"\" width=\"94\" height=\"103\" \/><\/p>\n<p style=\"text-align: center\"><span style=\"font-family: 'arial black', sans-serif;color: #000000;font-size: 20px\">\u00c0MBITS INCLOSOS EN LES MILLORES SOCIALS<\/span><\/p>\n<p style=\"text-align: justify\"><span style=\"font-family: arial, helvetica, sans-serif;color: #000000\">Els \u00e0mbits gen\u00e8rics que preveu el sistema de millores d\u2019acci\u00f3 social de la corporaci\u00f3 s\u00f3n els seg\u00fcents:<\/span><\/p>\n<ul style=\"text-align: justify\">\n<li><span style=\"font-family: arial, helvetica, sans-serif;color: #000000\">despesa sanit\u00e0ria<\/span><\/li>\n<li><span style=\"font-family: arial, helvetica, sans-serif;color: #000000\">despesa cultural<\/span><\/li>\n<li><span style=\"font-family: arial, helvetica, sans-serif;color: #000000\">despesa esportiva<\/span><\/li>\n<li><span style=\"font-family: arial, helvetica, sans-serif;color: #000000\">despesa conciliaci\u00f3, i en relaci\u00f3 amb aquest, l\u2019ajut per fills menors de 18 anys<\/span><\/li>\n<\/ul>\n<p style=\"text-align: justify\"><span style=\"font-family: arial, helvetica, sans-serif;color: #000000\">Quins sup\u00f2sits concrets inclouen cadascun d&#8217;aquests \u00e0mbits gen\u00e8rics?: Clica <a href=\"https:\/\/diba.ccoo.cat\/wp-content\/uploads\/sites\/37\/2020\/07\/%C3%80MBITS-INCLOSOS-EN-LES-MILLORES-SOCIALS-2020.pdf\"><span style=\"font-family: 'arial black', sans-serif;color: #0000ff\">aqu\u00ed<\/span><\/a>.<\/span><\/p>\n<p>&nbsp;<\/p>\n<p style=\"text-align: justify\"><span style=\"font-family: arial, helvetica, sans-serif;color: #000000\"><span style=\"text-decoration: underline\"><strong>AMPLIACI\u00d3 DELS SUP\u00d2SITS.<\/strong><\/span> Heu de saber que hem demanat que es reuneixi de nou la Comissi\u00f3 de Millores Socials per ampliar els actuals sup\u00f2sits. Entre altres coses, volem que s&#8217;inclogui despeses relacionada amb el transport sostenible i individual per anar i tornar al lloc de treball: abonaments del bicing, compra de vehicles no motoritzat o el\u00e8ctrics, etc. Tamb\u00e9 la despesa generada pel treball a dist\u00e0ncia dels darrers mesos.<\/span><\/p>\n<p>&nbsp;<\/p>\n<p><img loading=\"lazy\" decoding=\"async\" class=\"wp-image-6441 aligncenter\" src=\"http:\/\/ccoo.app\/diputacio-de-barcelona\/wp-content\/blogs.dir\/6\/files\/sites\/186\/2020\/07\/documentacio-300x182.png\" alt=\"\" width=\"158\" height=\"96\" srcset=\"https:\/\/ccoo.app\/diputacio-de-barcelona\/wp-content\/blogs.dir\/6\/files\/sites\/186\/2020\/07\/documentacio-300x182.png 300w, https:\/\/ccoo.app\/diputacio-de-barcelona\/wp-content\/blogs.dir\/6\/files\/sites\/186\/2020\/07\/documentacio-768x466.png 768w, https:\/\/ccoo.app\/diputacio-de-barcelona\/wp-content\/blogs.dir\/6\/files\/sites\/186\/2020\/07\/documentacio.png 785w\" sizes=\"auto, (max-width: 158px) 100vw, 158px\" \/><\/p>\n<p style=\"text-align: center\"><span style=\"font-family: 'arial black', sans-serif;color: #000000;font-size: 20px\"><strong>DOCUMENTACI\u00d3 ACREDITATIVA<\/strong><\/span><\/p>\n<ul style=\"text-align: justify\">\n<li style=\"text-align: justify\"><span style=\"font-family: arial, helvetica, sans-serif;color: #000000\">Factures.<\/span><\/li>\n<li><span style=\"font-family: arial, helvetica, sans-serif;color: #000000\">Tiquets o rebuts on constin les dades del\/de la professional (NIF etc&#8230;).<\/span><\/li>\n<li><span style=\"font-family: arial, helvetica, sans-serif;color: #000000\">Despesa de teatres, cinema o similars: podeu adjuntar l\u2019entrada (no us cal m\u00e9s documentaci\u00f3 si no la teniu).<\/span><\/li>\n<li><span style=\"font-family: arial, helvetica, sans-serif;color: #000000\">En el cas de <strong>tiquets o entrades es recomana agrupar-los<\/strong> a l\u2019hora de presentar-los per facilitar la gesti\u00f3.<\/span><\/li>\n<li><span style=\"font-family: arial, helvetica, sans-serif;color: #000000\">Recordeu que <strong>nom\u00e9s hem de justificar fins a 200\u20ac<\/strong> de despesa (en cap cas l\u2019import de la millora ser\u00e0 superior a aquesta quantia).<\/span><\/li>\n<li><span style=\"font-family: arial, helvetica, sans-serif;color: #000000\">Heu de tenir en compte que s&#8217;ha de fer <strong>una sol\u00b7licitud per persona<\/strong>. \u00c9s a dir, si de la despesa correspon una part al titular i una altra part al beneficiari, s\u2019haur\u00e0 de fer dues sol\u00b7licituds, cadascuna amb la pr\u00f2pia documentaci\u00f3 justificativa.<\/span><\/li>\n<li><span style=\"font-family: arial, helvetica, sans-serif;color: #000000\">Heu d\u2019omplir <strong>una sol\u00b7licitud per cada \u00e0mbit <\/strong>que voleu justificar (hi ha 4 \u00e0mbits).<\/span><\/li>\n<\/ul>\n<p style=\"text-align: justify\"><span style=\"font-family: arial, helvetica, sans-serif;color: #000000\"><strong> <img loading=\"lazy\" decoding=\"async\" class=\"wp-image-5661 aligncenter\" src=\"http:\/\/ccoo.app\/diputacio-de-barcelona\/wp-content\/blogs.dir\/6\/files\/sites\/186\/2020\/04\/euro-300x280.png\" alt=\"\" width=\"104\" height=\"97\" srcset=\"https:\/\/ccoo.app\/diputacio-de-barcelona\/wp-content\/blogs.dir\/6\/files\/sites\/186\/2020\/04\/euro-300x280.png 300w, https:\/\/ccoo.app\/diputacio-de-barcelona\/wp-content\/blogs.dir\/6\/files\/sites\/186\/2020\/04\/euro-1024x956.png 1024w, https:\/\/ccoo.app\/diputacio-de-barcelona\/wp-content\/blogs.dir\/6\/files\/sites\/186\/2020\/04\/euro-768x717.png 768w, https:\/\/ccoo.app\/diputacio-de-barcelona\/wp-content\/blogs.dir\/6\/files\/sites\/186\/2020\/04\/euro.png 1280w\" sizes=\"auto, (max-width: 104px) 100vw, 104px\" \/><\/strong><\/span><\/p>\n<p style=\"text-align: justify\"><span style=\"font-family: arial, helvetica, sans-serif;color: #000000\"><span style=\"font-family: 'arial black', sans-serif;font-size: 20px\">L&#8217;IMPORT<\/span> a percebre resultar\u00e0 de la quantitat pressupostada dividida entre el nombre de sol\u00b7licituds rebudes (previsiblement entorn a 150\u20ac i mai superior a 200\u20ac):<\/span><\/p>\n<p><a href=\"http:\/\/ccoo.app\/diputacio-de-barcelona\/wp-content\/blogs.dir\/6\/files\/sites\/186\/2020\/07\/millora-social-2020.png\"><img loading=\"lazy\" decoding=\"async\" class=\"wp-image-6436 aligncenter\" src=\"http:\/\/ccoo.app\/diputacio-de-barcelona\/wp-content\/blogs.dir\/6\/files\/sites\/186\/2020\/07\/millora-social-2020-300x47.png\" alt=\"\" width=\"447\" height=\"70\" srcset=\"https:\/\/ccoo.app\/diputacio-de-barcelona\/wp-content\/blogs.dir\/6\/files\/sites\/186\/2020\/07\/millora-social-2020-300x47.png 300w, https:\/\/ccoo.app\/diputacio-de-barcelona\/wp-content\/blogs.dir\/6\/files\/sites\/186\/2020\/07\/millora-social-2020-1024x160.png 1024w, https:\/\/ccoo.app\/diputacio-de-barcelona\/wp-content\/blogs.dir\/6\/files\/sites\/186\/2020\/07\/millora-social-2020-768x120.png 768w, https:\/\/ccoo.app\/diputacio-de-barcelona\/wp-content\/blogs.dir\/6\/files\/sites\/186\/2020\/07\/millora-social-2020.png 1040w\" sizes=\"auto, (max-width: 447px) 100vw, 447px\" \/><\/a><\/p>\n<p>&nbsp;<\/p>\n<p style=\"text-align: justify\"><span style=\"font-family: arial, helvetica, sans-serif;color: #000000\">Tens m\u00e9s dubtes? Clica <a href=\"http:\/\/ccoo.app\/diputacio-de-barcelona\/wp-content\/blogs.dir\/6\/files\/sites\/186\/2020\/07\/normativa-millora-social-2020.docx\"><span style=\"font-family: 'arial black', sans-serif;color: #0000ff\">aqu\u00ed <\/span><\/a>per llegir la <span style=\"font-family: 'arial black', sans-serif\">NORMATIVA COMPLETA<\/span>.<\/span><\/p>\n<p>&nbsp;<\/p>\n<p>&nbsp;<\/p>\n<p>&nbsp;<\/p>\n<p><a href=\"https:\/\/intradiba2.diba.cat\/web\/prestacions-socials-i-avantatges\/prestacions-sanitaries\"><img loading=\"lazy\" decoding=\"async\" class=\"wp-image-5912 aligncenter\" src=\"http:\/\/ccoo.app\/diputacio-de-barcelona\/wp-content\/blogs.dir\/6\/files\/sites\/186\/2020\/05\/nota-2-300x86.png\" alt=\"\" width=\"98\" height=\"28\" srcset=\"https:\/\/ccoo.app\/diputacio-de-barcelona\/wp-content\/blogs.dir\/6\/files\/sites\/186\/2020\/05\/nota-2-300x86.png 300w, https:\/\/ccoo.app\/diputacio-de-barcelona\/wp-content\/blogs.dir\/6\/files\/sites\/186\/2020\/05\/nota-2.png 337w\" sizes=\"auto, (max-width: 98px) 100vw, 98px\" \/><\/a><\/p>\n<p>&nbsp;<\/p>\n<p style=\"text-align: center\"><img loading=\"lazy\" decoding=\"async\" class=\"wp-image-5184 aligncenter\" src=\"http:\/\/ccoo.app\/diputacio-de-barcelona\/wp-content\/blogs.dir\/6\/files\/sites\/186\/2020\/03\/i-de-info-300x300.jpg\" alt=\"\" width=\"72\" height=\"72\" srcset=\"https:\/\/ccoo.app\/diputacio-de-barcelona\/wp-content\/blogs.dir\/6\/files\/sites\/186\/2020\/03\/i-de-info-300x300.jpg 300w, https:\/\/ccoo.app\/diputacio-de-barcelona\/wp-content\/blogs.dir\/6\/files\/sites\/186\/2020\/03\/i-de-info-150x150.jpg 150w, https:\/\/ccoo.app\/diputacio-de-barcelona\/wp-content\/blogs.dir\/6\/files\/sites\/186\/2020\/03\/i-de-info.jpg 626w\" sizes=\"auto, (max-width: 72px) 100vw, 72px\" \/><span style=\"font-family: 'arial black', sans-serif;font-size: 20px;color: #ffff00;background-color: #ff0000\">TOTA LA INFORMACI\u00d3 SINDICAL QUE NECESSITES<\/span><\/p>\n<p><img loading=\"lazy\" decoding=\"async\" class=\"wp-image-5913 aligncenter\" src=\"http:\/\/ccoo.app\/diputacio-de-barcelona\/wp-content\/blogs.dir\/6\/files\/sites\/186\/2020\/05\/telefono-300x300.jpg\" alt=\"\" width=\"59\" height=\"59\" srcset=\"https:\/\/ccoo.app\/diputacio-de-barcelona\/wp-content\/blogs.dir\/6\/files\/sites\/186\/2020\/05\/telefono-300x300.jpg 300w, https:\/\/ccoo.app\/diputacio-de-barcelona\/wp-content\/blogs.dir\/6\/files\/sites\/186\/2020\/05\/telefono-150x150.jpg 150w, https:\/\/ccoo.app\/diputacio-de-barcelona\/wp-content\/blogs.dir\/6\/files\/sites\/186\/2020\/05\/telefono.jpg 600w\" sizes=\"auto, (max-width: 59px) 100vw, 59px\" \/><\/p>\n<p style=\"text-align: center\"><span style=\"font-family: 'arial black', sans-serif;color: #000000\">DE DILLUNS A DIVENDRES<\/span><\/p>\n<p style=\"text-align: center\"><span style=\"font-family: 'arial black', sans-serif;color: #000000\">DE 10:00 A 14:30 i DE 17:00 A 19 HORES<\/span><\/p>\n<p style=\"text-align: center\"><span style=\"font-family: 'arial black', sans-serif;color: #ff0000\">93.402.29.85 &#8211; 22985 &#8211; 667 90 69 64<\/span><\/p>\n<p><img loading=\"lazy\" decoding=\"async\" class=\"wp-image-5553 aligncenter\" src=\"http:\/\/ccoo.app\/diputacio-de-barcelona\/wp-content\/blogs.dir\/6\/files\/sites\/186\/2020\/04\/mail-foto-300x200.jpg\" alt=\"\" width=\"59\" height=\"39\" srcset=\"https:\/\/ccoo.app\/diputacio-de-barcelona\/wp-content\/blogs.dir\/6\/files\/sites\/186\/2020\/04\/mail-foto-300x200.jpg 300w, https:\/\/ccoo.app\/diputacio-de-barcelona\/wp-content\/blogs.dir\/6\/files\/sites\/186\/2020\/04\/mail-foto-1024x683.jpg 1024w, https:\/\/ccoo.app\/diputacio-de-barcelona\/wp-content\/blogs.dir\/6\/files\/sites\/186\/2020\/04\/mail-foto-768x512.jpg 768w, https:\/\/ccoo.app\/diputacio-de-barcelona\/wp-content\/blogs.dir\/6\/files\/sites\/186\/2020\/04\/mail-foto.jpg 1200w\" sizes=\"auto, (max-width: 59px) 100vw, 59px\" \/><\/p>\n<p style=\"text-align: center\"><span style=\"font-family: arial, helvetica, sans-serif;color: #000000\">La\u00a0SECCI\u00d3 SINDICAL DE CCOO donem resposta a tots els teus dubtes o t&#8217;ajudem solucionar els problemes que puguis tenir.<strong> T&#8217;ajudem a defensar els teus drets!<\/strong><\/span><\/p>\n<p style=\"text-align: center\"><span style=\"font-family: 'arial black', sans-serif;color: #0000ff\"><a style=\"color: #0000ff\" href=\"mailto:ccoo@diba.cat\"><strong>ccoo@diba.cat<\/strong><\/a><\/span><\/p>\n<p style=\"text-align: center\"><span style=\"font-family: 'arial black', sans-serif;color: #0000ff\"><a style=\"color: #0000ff\" href=\"mailto:orgt.ssccoo@diba.cat\">orgt.ssccoo@diba.cat<\/a><\/span><\/p>\n<p><img loading=\"lazy\" decoding=\"async\" class=\"wp-image-5554 aligncenter\" src=\"http:\/\/ccoo.app\/diputacio-de-barcelona\/wp-content\/blogs.dir\/6\/files\/sites\/186\/2020\/04\/mail-foto-enviar-300x212.jpg\" alt=\"\" width=\"67\" height=\"47\" srcset=\"https:\/\/ccoo.app\/diputacio-de-barcelona\/wp-content\/blogs.dir\/6\/files\/sites\/186\/2020\/04\/mail-foto-enviar-300x212.jpg 300w, https:\/\/ccoo.app\/diputacio-de-barcelona\/wp-content\/blogs.dir\/6\/files\/sites\/186\/2020\/04\/mail-foto-enviar-1024x724.jpg 1024w, https:\/\/ccoo.app\/diputacio-de-barcelona\/wp-content\/blogs.dir\/6\/files\/sites\/186\/2020\/04\/mail-foto-enviar-768x543.jpg 768w, https:\/\/ccoo.app\/diputacio-de-barcelona\/wp-content\/blogs.dir\/6\/files\/sites\/186\/2020\/04\/mail-foto-enviar.jpg 1200w\" sizes=\"auto, (max-width: 67px) 100vw, 67px\" \/><\/p>\n<p style=\"text-align: center\"><span style=\"font-family: arial, helvetica, sans-serif;color: #000000\">Encara no t&#8217;has descarregat la nostra <a href=\"http:\/\/www.ccoo.cat\/carnet\/index.aspx?qr=1#descarrega\"><span style=\"font-family: 'arial black', sans-serif;color: #0000ff\">APP<\/span><\/a> CCOO-Diba d&#8217;informaci\u00f3 sindical?<\/span><\/p>\n<p style=\"text-align: center\"><span style=\"font-family: arial, helvetica, sans-serif;color: #000000\">Fes clic <a href=\"http:\/\/www.ccoo.cat\/carnet\/index.aspx?qr=1#descarrega\"><span style=\"font-family: 'arial black', sans-serif;color: #0000ff\">aqu\u00ed<\/span><\/a> per tenir la informaci\u00f3 abans que ning\u00fa!<\/span><\/p>\n<p><img loading=\"lazy\" decoding=\"async\" class=\"wp-image-5915 aligncenter\" src=\"http:\/\/ccoo.app\/diputacio-de-barcelona\/wp-content\/blogs.dir\/6\/files\/sites\/186\/2020\/05\/xarxes-socials-300x169.png\" alt=\"\" width=\"227\" height=\"128\" srcset=\"https:\/\/ccoo.app\/diputacio-de-barcelona\/wp-content\/blogs.dir\/6\/files\/sites\/186\/2020\/05\/xarxes-socials-300x169.png 300w, https:\/\/ccoo.app\/diputacio-de-barcelona\/wp-content\/blogs.dir\/6\/files\/sites\/186\/2020\/05\/xarxes-socials-1024x576.png 1024w, https:\/\/ccoo.app\/diputacio-de-barcelona\/wp-content\/blogs.dir\/6\/files\/sites\/186\/2020\/05\/xarxes-socials-768x432.png 768w, https:\/\/ccoo.app\/diputacio-de-barcelona\/wp-content\/blogs.dir\/6\/files\/sites\/186\/2020\/05\/xarxes-socials.png 1200w\" sizes=\"auto, (max-width: 227px) 100vw, 227px\" \/><\/p>\n<p style=\"text-align: center\"><span style=\"font-family: arial, helvetica, sans-serif;color: #000000\">Tamb\u00e9 trobar\u00e0s CCOO-Diba a les xarxes socials. Clica sobre la icona de la teva xarxa favorita:<\/span><\/p>\n<p><a href=\"https:\/\/twitter.com\/CCOODiba\"><img loading=\"lazy\" decoding=\"async\" class=\" wp-image-5728 aligncenter\" src=\"http:\/\/ccoo.app\/diputacio-de-barcelona\/wp-content\/blogs.dir\/6\/files\/sites\/186\/2020\/04\/twitter-300x300.png\" alt=\"\" width=\"89\" height=\"89\" srcset=\"https:\/\/ccoo.app\/diputacio-de-barcelona\/wp-content\/blogs.dir\/6\/files\/sites\/186\/2020\/04\/twitter-300x300.png 300w, https:\/\/ccoo.app\/diputacio-de-barcelona\/wp-content\/blogs.dir\/6\/files\/sites\/186\/2020\/04\/twitter-150x150.png 150w, https:\/\/ccoo.app\/diputacio-de-barcelona\/wp-content\/blogs.dir\/6\/files\/sites\/186\/2020\/04\/twitter.png 512w\" sizes=\"auto, (max-width: 89px) 100vw, 89px\" \/><\/a><\/p>\n<p><a href=\"https:\/\/www.instagram.com\/ccoo_diba\/?hl=es\"><img loading=\"lazy\" decoding=\"async\" class=\"wp-image-5730 aligncenter\" src=\"http:\/\/ccoo.app\/diputacio-de-barcelona\/wp-content\/blogs.dir\/6\/files\/sites\/186\/2020\/04\/instragram-300x300.png\" alt=\"\" width=\"91\" height=\"91\" srcset=\"https:\/\/ccoo.app\/diputacio-de-barcelona\/wp-content\/blogs.dir\/6\/files\/sites\/186\/2020\/04\/instragram-300x300.png 300w, https:\/\/ccoo.app\/diputacio-de-barcelona\/wp-content\/blogs.dir\/6\/files\/sites\/186\/2020\/04\/instragram-150x150.png 150w, https:\/\/ccoo.app\/diputacio-de-barcelona\/wp-content\/blogs.dir\/6\/files\/sites\/186\/2020\/04\/instragram.png 512w\" sizes=\"auto, (max-width: 91px) 100vw, 91px\" \/><\/a><\/p>\n<p><a href=\"https:\/\/www.facebook.com\/CcooDiputacioDeBarcelona\/\"><img loading=\"lazy\" decoding=\"async\" class=\"wp-image-5729 aligncenter\" src=\"http:\/\/ccoo.app\/diputacio-de-barcelona\/wp-content\/blogs.dir\/6\/files\/sites\/186\/2020\/04\/facebook-300x300.png\" alt=\"\" width=\"90\" height=\"90\" srcset=\"https:\/\/ccoo.app\/diputacio-de-barcelona\/wp-content\/blogs.dir\/6\/files\/sites\/186\/2020\/04\/facebook-300x300.png 300w, https:\/\/ccoo.app\/diputacio-de-barcelona\/wp-content\/blogs.dir\/6\/files\/sites\/186\/2020\/04\/facebook-150x150.png 150w, https:\/\/ccoo.app\/diputacio-de-barcelona\/wp-content\/blogs.dir\/6\/files\/sites\/186\/2020\/04\/facebook.png 325w\" sizes=\"auto, (max-width: 90px) 100vw, 90px\" \/><\/a><a href=\"https:\/\/www.youtube.com\/channel\/UCFzenkS75udEcs4pB4qoZsg\"><img loading=\"lazy\" decoding=\"async\" class=\" wp-image-5916 aligncenter\" src=\"http:\/\/ccoo.app\/diputacio-de-barcelona\/wp-content\/blogs.dir\/6\/files\/sites\/186\/2020\/05\/youtube-300x115.jpg\" alt=\"\" width=\"122\" height=\"47\" srcset=\"https:\/\/ccoo.app\/diputacio-de-barcelona\/wp-content\/blogs.dir\/6\/files\/sites\/186\/2020\/05\/youtube-300x115.jpg 300w, https:\/\/ccoo.app\/diputacio-de-barcelona\/wp-content\/blogs.dir\/6\/files\/sites\/186\/2020\/05\/youtube-1024x391.jpg 1024w, https:\/\/ccoo.app\/diputacio-de-barcelona\/wp-content\/blogs.dir\/6\/files\/sites\/186\/2020\/05\/youtube-768x293.jpg 768w, https:\/\/ccoo.app\/diputacio-de-barcelona\/wp-content\/blogs.dir\/6\/files\/sites\/186\/2020\/05\/youtube.jpg 1200w\" sizes=\"auto, (max-width: 122px) 100vw, 122px\" \/><\/a><\/p>\n<p><iframe loading=\"lazy\" title=\"Hauran de comptar amb nosaltres. Salut, treball i just\u00edcia social || 1r de maig del 2020.\" width=\"1200\" height=\"675\" src=\"https:\/\/www.youtube.com\/embed\/uS104R3aSJs?feature=oembed\" frameborder=\"0\" allow=\"accelerometer; autoplay; clipboard-write; encrypted-media; gyroscope; picture-in-picture; web-share\" allowfullscreen><\/iframe><\/p>\n<p>&nbsp;    \t<\/p>\n","protected":false},"excerpt":{"rendered":"<p>MILLORA SOCIAL ORDIN\u00c0RIA 2020 \u00a0LA PRESENTACI\u00d3 D&#8217;INST\u00c0NCIES ACABA EL 30 DE SETEMBRE!\u00a0 -10 de juliol de 2020- RECORDEU SEMPRE: una vegada acabada la tramitaci\u00f3 online, us recomanem que immediatament comproveu &#8230; <\/p>\n<p class=\"read-more-container\"><a title=\"MILLORA SOCIAL 2020: 30 SETEMBRE ACABA TERMINI!\" class=\"read-more button\" href=\"https:\/\/ccoo.app\/diputacio-de-barcelona\/millora-social-2020\/#more-6435\" aria-label=\"Leer m\u00e1s sobre MILLORA SOCIAL 2020: 30 SETEMBRE ACABA TERMINI!\">Continuar llegint<\/a><\/p>\n","protected":false},"author":4519,"featured_media":6443,"comment_status":"open","ping_status":"open","sticky":false,"template":"","format":"standard","meta":{"footnotes":""},"categories":[38,19,27],"tags":[150],"class_list":["post-6435","post","type-post","status-publish","format-standard","has-post-thumbnail","hentry","category-a-tot-el-personal","category-comunicats","category-millores-socials","tag-millora-social","generate-columns","tablet-grid-50","mobile-grid-100","grid-parent","grid-50"],"_links":{"self":[{"href":"https:\/\/ccoo.app\/diputacio-de-barcelona\/wp-json\/wp\/v2\/posts\/6435","targetHints":{"allow":["GET"]}}],"collection":[{"href":"https:\/\/ccoo.app\/diputacio-de-barcelona\/wp-json\/wp\/v2\/posts"}],"about":[{"href":"https:\/\/ccoo.app\/diputacio-de-barcelona\/wp-json\/wp\/v2\/types\/post"}],"author":[{"embeddable":true,"href":"https:\/\/ccoo.app\/diputacio-de-barcelona\/wp-json\/wp\/v2\/users\/4519"}],"replies":[{"embeddable":true,"href":"https:\/\/ccoo.app\/diputacio-de-barcelona\/wp-json\/wp\/v2\/comments?post=6435"}],"version-history":[{"count":1,"href":"https:\/\/ccoo.app\/diputacio-de-barcelona\/wp-json\/wp\/v2\/posts\/6435\/revisions"}],"predecessor-version":[{"id":50915,"href":"https:\/\/ccoo.app\/diputacio-de-barcelona\/wp-json\/wp\/v2\/posts\/6435\/revisions\/50915"}],"wp:featuredmedia":[{"embeddable":true,"href":"https:\/\/ccoo.app\/diputacio-de-barcelona\/wp-json\/wp\/v2\/media\/6443"}],"wp:attachment":[{"href":"https:\/\/ccoo.app\/diputacio-de-barcelona\/wp-json\/wp\/v2\/media?parent=6435"}],"wp:term":[{"taxonomy":"category","embeddable":true,"href":"https:\/\/ccoo.app\/diputacio-de-barcelona\/wp-json\/wp\/v2\/categories?post=6435"},{"taxonomy":"post_tag","embeddable":true,"href":"https:\/\/ccoo.app\/diputacio-de-barcelona\/wp-json\/wp\/v2\/tags?post=6435"}],"curies":[{"name":"wp","href":"https:\/\/api.w.org\/{rel}","templated":true}]}}