{"id":6413,"date":"2020-07-06T12:23:15","date_gmt":"2020-07-06T11:23:15","guid":{"rendered":"https:\/\/diba.ccoo.cat\/?p=6413"},"modified":"2023-02-22T18:35:10","modified_gmt":"2023-02-22T17:35:10","slug":"03-07-css-2","status":"publish","type":"post","link":"https:\/\/ccoo.app\/diputacio-de-barcelona\/03-07-css-2\/","title":{"rendered":"101\/COVID.19 03.07.2020 RESUM DE LA REUNI\u00d3 TELEM\u00c0TICA DEL COMIT\u00c8 DE SEGURETAT I SALUT"},"content":{"rendered":"<p><a href=\"https:\/\/diba.ccoo.cat\/\"><img loading=\"lazy\" decoding=\"async\" class=\"wp-image-5909 aligncenter\" src=\"http:\/\/ccoo.app\/diputacio-de-barcelona\/wp-content\/blogs.dir\/6\/files\/sites\/186\/2020\/05\/nota-1-300x86.png\" alt=\"\" width=\"92\" height=\"27\" srcset=\"https:\/\/ccoo.app\/diputacio-de-barcelona\/wp-content\/blogs.dir\/6\/files\/sites\/186\/2020\/05\/nota-1-300x86.png 300w, https:\/\/ccoo.app\/diputacio-de-barcelona\/wp-content\/blogs.dir\/6\/files\/sites\/186\/2020\/05\/nota-1.png 339w\" sizes=\"auto, (max-width: 92px) 100vw, 92px\" \/><\/a><\/p>\n<p class=\"wp-caption-text\"><a href=\"https:\/\/diba.ccoo.cat\/\"><img loading=\"lazy\" decoding=\"async\" class=\"wp-image-1853 aligncenter\" src=\"http:\/\/ccoo.app\/diputacio-de-barcelona\/wp-content\/blogs.dir\/6\/files\/sites\/186\/2018\/01\/logoccoov18.jpg\" alt=\"\" width=\"240\" height=\"110\" \/><\/a><\/p>\n<p>&nbsp;<\/p>\n<p>&nbsp;<\/p>\n<p style=\"text-align: center\"><span style=\"font-family: 'arial black', sans-serif;color: #0000ff;font-size: 24px\">\u00a0<\/span><span style=\"font-family: 'arial black', sans-serif;color: #0000ff;font-size: 24px\">REUNI\u00d3 TELEM\u00c0TICA DEL COMIT\u00c8 DE SEGURETAT I SALUT DEL 03.07.2020<\/span><\/p>\n<p style=\"text-align: center\"><span style=\"font-family: arial, helvetica, sans-serif;font-size: 14px;color: #000000\">&#8211; 6 de juliol de 2020-<\/span><\/p>\n<p style=\"text-align: justify\"><span style=\"font-family: arial, helvetica, sans-serif;color: #000000\"><strong>BREU RESUM DELS ANTECEDENTS<\/strong> El dia 7 d\u2019abril <strong>(<\/strong><a style=\"color: #000000\" href=\"https:\/\/diba.ccoo.cat\/peticio-de-reunio-del-comite-de-seguretat-i-salut\/\">cliqueu<span style=\"font-family: 'arial black', sans-serif;color: #0000ff\"> aqu\u00ed<\/span><\/a><\/span><span style=\"color: #000000\"><span style=\"font-family: arial, helvetica, sans-serif\">)<\/span><span style=\"font-family: arial, helvetica, sans-serif\">, cansats i cansades d&#8217;esperar resposta a les nostres demandes, C<\/span><\/span><span style=\"font-family: arial, helvetica, sans-serif;color: #000000\">COO exigiem p\u00fablicament (incloent a les xarxes socials) <strong>de manera contundent la participaci\u00f3 de la representaci\u00f3 legal <\/strong>de les persones treballadores en l\u2019elaboraci\u00f3 de protocols, mesures i accions encaminades a la lluita contra el coronavirus<strong>. Era inadmissible que fins aquell moment, <span style=\"text-decoration: underline\">es deix\u00e9s al delegats i delegades de prevenci\u00f3 sense el seu dret <\/span><\/strong><strong>no nom\u00e9s d\u2019informaci\u00f3 (de decisions ja preses), sin\u00f3 tamb\u00e9 de <span style=\"text-decoration: underline\">consulta i participaci\u00f3<\/span> d\u2019acord amb el que indica l\u2019article 36 de la LPRL.<\/strong><\/span><\/p>\n<p style=\"text-align: justify\"><span style=\"font-family: arial, helvetica, sans-serif;color: #000000\">En el comunicat del 14 d\u2019abril (<a style=\"color: #000000\" href=\"https:\/\/diba.ccoo.cat\/fins-al-26-dabril-tot-segueix-igual\/\">cliqueu <span style=\"color: #0000ff;font-family: 'arial black', sans-serif\">aqu\u00ed<\/span><\/a>), us explic\u00e0vem que finalment la corporaci\u00f3 havia accedit a la nostra petici\u00f3, convocant pel dia 17 del mateix mes la PRIMERA reuni\u00f3 del Comit\u00e8 de Seguretat i Salut tal com deman\u00e0vem per via telem\u00e0tica. Des d&#8217;aquell moment, est\u00e0 tenint lloc una reuni\u00f3 tots els divendres.<\/span><\/p>\n<p style=\"text-align: center\"><span style=\"font-family: arial, helvetica, sans-serif;color: #000000\">(Contacte directe amb els i les delegades de prevenci\u00f3: clic <a href=\"https:\/\/diba.ccoo.cat\/ajuda-dels-nostres-delegats-i-delegades-de-prevencio\/\"><span style=\"font-family: 'arial black', sans-serif;color: #0000ff\">aqu\u00ed<span style=\"color: #000000;font-family: arial, helvetica, sans-serif\">)<\/span><\/span><\/a><\/span><\/p>\n<p>&nbsp;<\/p>\n<p><img loading=\"lazy\" decoding=\"async\" class=\"wp-image-2963 aligncenter\" src=\"http:\/\/ccoo.app\/diputacio-de-barcelona\/wp-content\/blogs.dir\/6\/files\/sites\/186\/2018\/11\/enconstruccion-300x277.png\" alt=\"\" width=\"108\" height=\"100\" srcset=\"https:\/\/ccoo.app\/diputacio-de-barcelona\/wp-content\/blogs.dir\/6\/files\/sites\/186\/2018\/11\/enconstruccion-300x277.png 300w, https:\/\/ccoo.app\/diputacio-de-barcelona\/wp-content\/blogs.dir\/6\/files\/sites\/186\/2018\/11\/enconstruccion.png 358w\" sizes=\"auto, (max-width: 108px) 100vw, 108px\" \/><\/p>\n<p style=\"text-align: center\"><span style=\"font-family: 'arial black', sans-serif;color: #0000ff;font-size: 20px\">RESUM DE LA REUNI\u00d3 DEL DIA 03.07.2020<\/span><\/p>\n<p style=\"text-align: center\"><span style=\"text-decoration: underline\"><span style=\"font-family: 'arial black', sans-serif;color: #000000;text-decoration: underline\">INCLOU INFORMACI\u00d3 REBUDA I PETICIONS DE CCOO<\/span><\/span><\/p>\n<p>&nbsp;<\/p>\n<p style=\"text-align: justify\"><span style=\"font-family: arial, helvetica, sans-serif;color: #000000\"><span style=\"font-family: 'arial black', sans-serif\"><strong>POSITIUS PER COVID ENTRE EL PERSONAL<\/strong><\/span> Les dades no s&#8217;han mogut: com la setmana passada, cap nou positiu. Aix\u00ed, els casos acumulats de contagis son 73 persones treballadores han presentat simptomatologia, de les que 52 han estat confirmades mitjan\u00e7ant prova diagnostica.<\/span><\/p>\n<p>&nbsp;<\/p>\n<p style=\"text-align: justify\"><span style=\"font-family: arial, helvetica, sans-serif\"><span style=\"font-family: 'arial black', sans-serif\"><strong><span style=\"color: #000000\">SISTEMA DE SUPORT I ATENCI\u00d3 PSICOL\u00d2GICA<\/span><\/strong><\/span><span style=\"color: #000000\"> \u00c9s tracta d\u2019un servei pels empleats de la Diputaci\u00f3 de Barcelona orientat a la gesti\u00f3 de l&#8217;estr\u00e8s i malestar generats per l&#8217;estat d&#8217;alarma actual. <img loading=\"lazy\" decoding=\"async\" class=\"wp-image-6214 alignleft\" src=\"https:\/\/diba.ccoo.cat\/wp-content\/uploads\/sites\/37\/2020\/05\/tristeza-1-300x199.jpg\" alt=\"\" width=\"70\" height=\"46\" \/>Especialment pensat per aquells que formen part dels serveis identificats com a b\u00e0sics o estrat\u00e8gics, per\u00f2 tamb\u00e9, pels que s&#8217;hagin contagiat o hagin hagut de patir la mort d&#8217;algun familiar.<\/span><\/span><\/p>\n<p style=\"text-align: justify\"><span style=\"font-family: arial, helvetica, sans-serif;color: #000000\">Fins aquest moment han at\u00e8s a <span style=\"text-decoration: underline\"><strong>33<\/strong><\/span> persones que ha suposat 113 accions de seguiment.<\/span><\/p>\n<p style=\"text-align: justify\"><span style=\"color: #000000;font-family: arial, helvetica, sans-serif\">Necessites ajuda ? Clica <a href=\"https:\/\/diba.ccoo.cat\/suport-i-atencio-psicologica\/\"><span style=\"font-family: 'arial black', sans-serif;color: #0000ff\">aqu\u00ed<\/span><\/a>.<\/span><\/p>\n<p>&nbsp;<\/p>\n<p style=\"text-align: justify\"><span style=\"color: #000000;font-family: arial, helvetica, sans-serif\"><span style=\"font-family: 'arial black', sans-serif\"><strong>PERSONAL VULNERABLE <\/strong><\/span>Des de Vigil\u00e0ncia de Salut, s&#8217;han gestionat 246 casos, s\u2019han fet 205 informes positius, 6 rebutjades\u00a0 i la resta est\u00e0 pendent d\u2019analitzar.<\/span><\/p>\n<p style=\"text-align: justify\"><span style=\"color: #000000;font-family: arial, helvetica, sans-serif\">Com recordareu, les persones majors de 60 anys s\u00f3n declarades com a col\u00b7lectiu vulnerable d\u2019ofici. Si tens dubtes al respecte, posa&#8217;t en contacte amb <a href=\"mailto:ccoo@diba.cat\"><span style=\"font-family: 'arial black', sans-serif;color: #0000ff\">ccoo@diba.cat<\/span><\/a> i t&#8217;informarem.<\/span><\/p>\n<p style=\"text-align: justify\"><span style=\"color: #000000;font-family: arial, helvetica, sans-serif;background-color: #ffff00\">Recordeu el procediment?<\/span><\/p>\n<ul>\n<li style=\"text-align: justify\"><span style=\"color: #000000;font-family: arial, helvetica, sans-serif\">Les sol\u00b7licituds s\u00f3n validades per vigil\u00e0ncia de la Salud a l\u2019efecte que els servei li concedeixi, si l\u2019empleat no pot teletreballar, \u00a0el perm\u00eds 48 j).<\/span><\/li>\n<li style=\"text-align: justify\"><span style=\"color: #000000;font-family: arial, helvetica, sans-serif\">Si posteriorment l\u2019empleat aporta una baixa per ser personal sensible (o per qualsevol altre motiu), aquest perm\u00eds queda susp\u00e8s durant el per\u00edode de baixa. El perm\u00eds de 48j) s\u2019activa (d&#8217;ofici) de nou en el moment que finalitza la baixa .<\/span><\/li>\n<\/ul>\n<p>&nbsp;<\/p>\n<p style=\"text-align: justify\"><span style=\"font-family: arial, helvetica, sans-serif;color: #000000\"><strong><span style=\"font-family: 'arial black', sans-serif\">TEST AL PERSONAL DE NOVA REINCORPORACI\u00d3 <\/span><\/strong>En el \u00e0mbit de RESPIR s&#8217;han fet 538 test r\u00e0pids i 336 PCR. Respecte a la\u00a0 <strong><span style=\"text-decoration: underline\">prova de diagnosi a totes les persones que es reincorporen<\/span> <\/strong>(no de RESPIR) <\/span><span style=\"font-family: arial, helvetica, sans-serif;color: #000000\">s&#8217;han realitzat 874. <\/span><\/p>\n<p>&nbsp;<\/p>\n<p style=\"text-align: justify\"><span style=\"font-family: arial, helvetica, sans-serif;color: #000000\"><span style=\"font-family: 'arial black', sans-serif\">CLIMA\/RENOVACI\u00d3\/VENTILACI\u00d3<\/span> Considerem imprescindible com a mesura per fer front a contagis per COVID-19, garantir la ventilaci\u00f3 adequada dels locals, natural o general for\u00e7ada. Ara b\u00e9, la soluci\u00f3 no pot passar, com s&#8217;est\u00e0 fent, per APAGAR els sistemes de climatitzaci\u00f3. \u00c9s inadmissible que el personal estigui treballant a 30 graus o m\u00e9s!<\/span><\/p>\n<p style=\"text-align: justify\"><span style=\"font-family: arial, helvetica, sans-serif;color: #000000\">(Cliqueu <a href=\"https:\/\/diba.ccoo.cat\/ccoo-denunciem-una-situacio-de-disconfort-termic-als-centres-de-treball-de-la-diputacio-de-barcelona\/\"><span style=\"color: #0000ff;font-family: 'arial black', sans-serif\">aqu\u00ed<\/span><\/a>)<\/span><\/p>\n<p style=\"text-align: justify\"><span style=\"font-family: arial, helvetica, sans-serif;color: #000000\"><span style=\"background-color: #ffff00\">CCOO i UGT, la setmana passada<\/span> (cliqueu <a href=\"https:\/\/diba.ccoo.cat\/ccoo-i-ugt-exigim-solucions\/\"><span style=\"font-family: 'arial black', sans-serif;color: #0000ff\">aqu\u00ed<\/span><\/a>) <span style=\"background-color: #ffff00\">vam exigir solucions <span style=\"text-decoration: underline\"><strong>immediates<\/strong><\/span><\/span> a la manca de condicions de treball dels centres de treball: era inadmissible!\u00a0 S&#8217;havia de garantir el confort t\u00e8rmic que marca la normativa.<\/span><\/p>\n<p><a href=\"http:\/\/ccoo.app\/diputacio-de-barcelona\/wp-content\/blogs.dir\/6\/files\/sites\/186\/2020\/07\/temperatura.png\"><img loading=\"lazy\" decoding=\"async\" class=\"alignnone size-medium wp-image-6372 aligncenter\" src=\"http:\/\/ccoo.app\/diputacio-de-barcelona\/wp-content\/blogs.dir\/6\/files\/sites\/186\/2020\/07\/temperatura-300x148.png\" alt=\"\" width=\"300\" height=\"148\" srcset=\"https:\/\/ccoo.app\/diputacio-de-barcelona\/wp-content\/blogs.dir\/6\/files\/sites\/186\/2020\/07\/temperatura-300x148.png 300w, https:\/\/ccoo.app\/diputacio-de-barcelona\/wp-content\/blogs.dir\/6\/files\/sites\/186\/2020\/07\/temperatura.png 688w\" sizes=\"auto, (max-width: 300px) 100vw, 300px\" \/><\/a><\/p>\n<p style=\"text-align: justify\"><span style=\"font-family: arial, helvetica, sans-serif;color: #000000\">Doncs la resposta per part de la corporaci\u00f3 a sigut positiva. Ja s&#8217;est\u00e0 posant en marxa els sistemes de climatitzaci\u00f3 complint el que marca les recomanacions de les autoritats sanit\u00e0ries. En aquest sentit, \u00e9s possible que no es pugui fer servir al m\u00e0xim rendiment. Per exemple, la ventilaci\u00f3 nom\u00e9s podr\u00e0 funcionar a baixa intensitat.\u00a0<\/span><\/p>\n<p style=\"text-align: justify\"><span style=\"font-family: arial, helvetica, sans-serif;color: #000000\">Esperem doncs que a partir d&#8217;ara la situaci\u00f3 pugui tornar a la normalitat. En qualsevol cas, com sempre, els i les delegades de prevenci\u00f3 quedem a la vostra disponibilitat (clica <a href=\"https:\/\/diba.ccoo.cat\/ajuda-dels-nostres-delegats-i-delegades-de-prevencio\/\"><span style=\"color: #0000ff;font-family: 'arial black', sans-serif\">aqu\u00ed<\/span><\/a> per posar-te en contacte directament amb ells i elles).<\/span><\/p>\n<p style=\"text-align: justify\"><span style=\"font-family: arial, helvetica, sans-serif;color: #000000\"><strong>CANET<\/strong> Segueixen els problemes espec\u00edfics de climatitzaci\u00f3. CCOO demanem explicacions (fa setmanes que ho fem) respecte al projecte que es volia implementar. Ens responent que ho est\u00e0 treballant la Direcci\u00f3 d&#8217;Edificaci\u00f3 i que ens donaran resposta quan rebin informaci\u00f3.<\/span><\/p>\n<p>&nbsp;<\/p>\n<p style=\"text-align: justify\"><span style=\"font-family: arial, helvetica, sans-serif;color: #000000\"><strong><span style=\"font-family: 'arial black', sans-serif\">XBM (INCLOU INFORMACI\u00d3 DE BIBLIOBUSOS)<\/span> <span style=\"color: #000000\">: <\/span><\/strong>Respecte al personal que treballa als bibliobusos, la setmana passada es va demanar que hi hav\u00edem problemes per que disposessin de WC adequats. En aquests moment ens donen garanties que ja s&#8217;ha donat resposta a aquesta necessitat.<\/span><\/p>\n<p style=\"text-align: justify\"><span style=\"font-family: arial, helvetica, sans-serif;color: #000000\"><img loading=\"lazy\" decoding=\"async\" class=\" wp-image-5938 alignleft\" src=\"http:\/\/ccoo.app\/diputacio-de-barcelona\/wp-content\/blogs.dir\/6\/files\/sites\/186\/2020\/05\/xbm-covid-300x226.png\" alt=\"\" width=\"106\" height=\"80\" srcset=\"https:\/\/ccoo.app\/diputacio-de-barcelona\/wp-content\/blogs.dir\/6\/files\/sites\/186\/2020\/05\/xbm-covid-300x226.png 300w, https:\/\/ccoo.app\/diputacio-de-barcelona\/wp-content\/blogs.dir\/6\/files\/sites\/186\/2020\/05\/xbm-covid.png 448w\" sizes=\"auto, (max-width: 106px) 100vw, 106px\" \/>La setmana passada, CCOO denunci\u00e0vem\u00a0 que un director d&#8217;una biblioteca estava donant indicacions respecte a que el recent Protocol de desescalada ja no era vigent. Fins i tot pressionava al personal sensible per a que torn\u00e9s a la feina presencial. La Diputaci\u00f3 va comprovar aquest extrem i, a la reuni\u00f3, ens van informar que la ger\u00e8ncia s&#8217;havia posat en contacte amb la persona implicada i havia resolt la situaci\u00f3 deixant clar que les mesures de protecci\u00f3 segueixen en vigor.\u00a0<\/span><\/p>\n<p style=\"text-align: justify\"><span style=\"font-family: arial, helvetica, sans-serif;color: #000000\">En un altra ordre de coses, CCOO ens mostrem contrari a l&#8217;implementaci\u00f3 de la jornada mati\/tarda. Considerem que allargar la jornada exposa al personal a m\u00e9s rics de contagis. \u00d2bviament, s&#8217;ha de prestar el servei per\u00f2 insistim que minimitzant els riscos.<\/span><\/p>\n<p>&nbsp;<\/p>\n<p style=\"text-align: justify\"><span style=\"font-family: arial, helvetica, sans-serif\"><span style=\"color: #000000\"><span style=\"font-family: 'arial black', sans-serif\"><strong>DIRECCI\u00d3 D&#8217;EDIFICACI\u00d3 <\/strong><\/span>Respecte als vestuaris del personal adscrit a aquesta direcci\u00f3, s&#8217;ha establert dues neteges di\u00e0ries especialitzada per evitar la propagaci\u00f3 de la COVID-19: la primera a les 6 del mat\u00ed i la segona a les 15 hores. Preocupa la manca de implementaci\u00f3 de mesures de flexibilitat contemplades al protocol (cliqueu<\/span> <span style=\"font-family: 'arial black', sans-serif;color: #0000ff\"><a style=\"color: #0000ff\" href=\"https:\/\/diba.ccoo.cat\/wp-content\/uploads\/sites\/37\/2020\/05\/5.-MESURES-FLEXIBILITAT-COMPACTACI%C3%93-I-JORNADA-DESTIU.pdf\">aqu\u00ed<\/a><\/span><span style=\"color: #000000\">) Insistim que s&#8217;estableixin torns definits per evitar aglomeracions que poden afavorir els contagis.\u00a0<\/span><\/span><\/p>\n<p>&nbsp;<\/p>\n<p style=\"text-align: justify\"><span style=\"font-family: arial, helvetica, sans-serif;color: #000000\"><span style=\"font-family: 'arial black', sans-serif\">PARCS NATURAL\u00a0<span style=\"font-family: arial, helvetica, sans-serif;color: #000000\">Es denuncia que no arriba als centres de treball el material de protecci\u00f3 obligat\u00f2riament establert al protocol. La cap de l&#8217;OPRL ens assegura que revisar\u00e0 aquesta q\u00fcesti\u00f3. La setmana passada vam visitar alguns Parcs i pr\u00f2ximament ho seguirem fent.<\/span><\/span><\/span><\/p>\n<p><img loading=\"lazy\" decoding=\"async\" class=\" wp-image-6415 aligncenter\" src=\"http:\/\/ccoo.app\/diputacio-de-barcelona\/wp-content\/blogs.dir\/6\/files\/sites\/186\/2020\/07\/parc-naturals-169x300.jpg\" alt=\"\" width=\"216\" height=\"383\" srcset=\"https:\/\/ccoo.app\/diputacio-de-barcelona\/wp-content\/blogs.dir\/6\/files\/sites\/186\/2020\/07\/parc-naturals-169x300.jpg 169w, https:\/\/ccoo.app\/diputacio-de-barcelona\/wp-content\/blogs.dir\/6\/files\/sites\/186\/2020\/07\/parc-naturals-576x1024.jpg 576w, https:\/\/ccoo.app\/diputacio-de-barcelona\/wp-content\/blogs.dir\/6\/files\/sites\/186\/2020\/07\/parc-naturals-768x1365.jpg 768w, https:\/\/ccoo.app\/diputacio-de-barcelona\/wp-content\/blogs.dir\/6\/files\/sites\/186\/2020\/07\/parc-naturals-864x1536.jpg 864w, https:\/\/ccoo.app\/diputacio-de-barcelona\/wp-content\/blogs.dir\/6\/files\/sites\/186\/2020\/07\/parc-naturals.jpg 900w\" sizes=\"auto, (max-width: 216px) 100vw, 216px\" \/><\/p>\n<p style=\"text-align: justify\"><span style=\"font-family: arial, helvetica, sans-serif;color: #000000\"><span style=\"font-family: 'arial black', sans-serif\">PVI<\/span> S&#8217;ha fet menci\u00f3 respecte a la manca de mesures de prevenci\u00f3 i seguretat que denuncia el personal que ja ha comen\u00e7at a treballar. La resposta ha estat que l&#8217;OPRL analitzar\u00e0 el problema i li posar\u00e0 remei de manera urgent.<\/span><\/p>\n<p>&nbsp;<\/p>\n<p style=\"text-align: justify\"><span style=\"font-family: 'arial black', sans-serif\"><span style=\"color: #000000\">CAN SERRA<\/span> <span style=\"font-family: arial, helvetica, sans-serif;color: #000000\">Hem demanat explicacions en relaci\u00f3 a la retirada parcial de la mampara de protecci\u00f3 del vest\u00edbul. S&#8217;ha fet per a que dificultava la lectura de la temperatura de la c\u00e0mara termogr\u00e0fica. S&#8217;ha reubicat el personal.<\/span><\/span><\/p>\n<p>&nbsp;<\/p>\n<p style=\"text-align: justify\"><span style=\"font-family: arial, helvetica, sans-serif;color: #000000\"><span style=\"font-family: 'arial black', sans-serif\">TELETREBALL:<\/span> Encara hi ha personal esperant els equips i eines necessaries per al desenvolupament de l\u2019activitat (equips inform\u00e0tics, cadires ergon\u00f2miques, reposapeus, etc). Ens diuen que moltes persones ja l&#8217;han rebut i que es segueix treballant per a respondre a la gran demanda exi<\/span><span style=\"font-family: arial, helvetica, sans-serif;color: #000000\">stent (<a href=\"https:\/\/diba.ccoo.cat\/wp-content\/uploads\/sites\/37\/2020\/05\/7.REGULACI%C3%93-EXCEPCIONAL-I-TEMPORAL-DE-LA-MODALITAT-DE-TREBALL-NO-PRESENCIAL-.pdf\"><span style=\"color: #0000ff;font-family: 'arial black', sans-serif\">recordes qu\u00e8 diu la normativa aprovada?<\/span><\/a>).<\/span><\/p>\n<p>&nbsp;<\/p>\n<p style=\"text-align: justify\"><span style=\"font-family: arial, helvetica, sans-serif\"><span style=\"color: #000000\"><span style=\"font-family: 'arial black', sans-serif\"><strong>ORGT<\/strong><\/span>\u00a0 CCOO diem no a la reobertura precipitada de les oficines (com lamentablement ha passat en alguns casos la setmana passada) i, MOLT MENYS, que enlloc d&#8217;obrir-<img loading=\"lazy\" decoding=\"async\" class=\"wp-image-6414 alignleft\" src=\"http:\/\/ccoo.app\/diputacio-de-barcelona\/wp-content\/blogs.dir\/6\/files\/sites\/186\/2020\/07\/mesa-300x225.jpg\" alt=\"\" width=\"111\" height=\"83\" srcset=\"https:\/\/ccoo.app\/diputacio-de-barcelona\/wp-content\/blogs.dir\/6\/files\/sites\/186\/2020\/07\/mesa-300x225.jpg 300w, https:\/\/ccoo.app\/diputacio-de-barcelona\/wp-content\/blogs.dir\/6\/files\/sites\/186\/2020\/07\/mesa.jpg 640w\" sizes=\"auto, (max-width: 111px) 100vw, 111px\" \/>les, s&#8217;implanti a l&#8217;Ajuntament una taula d&#8217;informaci\u00f3 amb una persona treballadora de l&#8217;ORGT. Denunciem que tot aix\u00f2 es fa d&#8217;un dia per l&#8217;altre i SENSE CAP INFORMACI\u00d3 PR\u00c8VIA als delegats i delegades de prevenci\u00f3 vulnerant d&#8217;aquesta manera el que diu expl\u00edcitament la Llei de Prevenci\u00f3.<\/span><\/span><\/p>\n<p style=\"text-align: justify\"><span style=\"font-family: arial, helvetica, sans-serif\"><span style=\"color: #000000\">Aix\u00f2 suposa una modificaci\u00f3 del lloc de treball i a m\u00e9s, exigeix que es faci l&#8217;obligada Coordinaci\u00f3 d&#8217;Activitats Empresarial. <\/span><\/span><span style=\"font-family: arial, helvetica, sans-serif;color: #000000\">Exigim rebre de manera immediata tota la documentaci\u00f3 relacionada.<\/span><\/p>\n<p style=\"text-align: justify\"><span style=\"font-family: arial, helvetica, sans-serif;color: #000000\">CCOO volem deixar clar el seg\u00fcent: som coneixedors de les pressions que els ajuntaments exerceixen amb l&#8217;objectiu de reactivar el servei presencial. Ara b\u00e9, qualsevol proposta ha de passar OBLIGAT\u00d2RIAMENT a consulta i participaci\u00f3 dels sindicats.\u00a0<\/span><\/p>\n<p style=\"text-align: justify\"><span style=\"font-family: arial, helvetica, sans-serif\"><span style=\"color: #000000\"><img loading=\"lazy\" decoding=\"async\" class=\" wp-image-5152 alignleft\" src=\"http:\/\/ccoo.app\/diputacio-de-barcelona\/wp-content\/blogs.dir\/6\/files\/sites\/186\/2020\/03\/fregona-300x300.jpg\" alt=\"\" width=\"83\" height=\"83\" srcset=\"https:\/\/ccoo.app\/diputacio-de-barcelona\/wp-content\/blogs.dir\/6\/files\/sites\/186\/2020\/03\/fregona-300x300.jpg 300w, https:\/\/ccoo.app\/diputacio-de-barcelona\/wp-content\/blogs.dir\/6\/files\/sites\/186\/2020\/03\/fregona-150x150.jpg 150w, https:\/\/ccoo.app\/diputacio-de-barcelona\/wp-content\/blogs.dir\/6\/files\/sites\/186\/2020\/03\/fregona.jpg 675w\" sizes=\"auto, (max-width: 83px) 100vw, 83px\" \/>Finalment, recordem que al protocol es parla que s&#8217;augmentaria la freq\u00fc\u00e8ncia de les neteges de les oficines. De moment, pel que veiem, tot segueix amb les mateixes rutines que abans de la pand\u00e8mia: 1 vegada al dia. Es demana a m\u00e9s, que es porti un registre (amb l&#8217;hora) de la realitzaci\u00f3 de les neteges que es realitzen.<\/span><\/span><\/p>\n<p style=\"text-align: justify\"><span style=\"font-family: arial, helvetica, sans-serif;color: #000000\"><img loading=\"lazy\" decoding=\"async\" class=\"wp-image-6416 aligncenter\" src=\"http:\/\/ccoo.app\/diputacio-de-barcelona\/wp-content\/blogs.dir\/6\/files\/sites\/186\/2020\/07\/2-metres-300x300.jpg\" alt=\"\" width=\"91\" height=\"91\" srcset=\"https:\/\/ccoo.app\/diputacio-de-barcelona\/wp-content\/blogs.dir\/6\/files\/sites\/186\/2020\/07\/2-metres-300x300.jpg 300w, https:\/\/ccoo.app\/diputacio-de-barcelona\/wp-content\/blogs.dir\/6\/files\/sites\/186\/2020\/07\/2-metres-150x150.jpg 150w, https:\/\/ccoo.app\/diputacio-de-barcelona\/wp-content\/blogs.dir\/6\/files\/sites\/186\/2020\/07\/2-metres-768x768.jpg 768w, https:\/\/ccoo.app\/diputacio-de-barcelona\/wp-content\/blogs.dir\/6\/files\/sites\/186\/2020\/07\/2-metres.jpg 800w\" sizes=\"auto, (max-width: 91px) 100vw, 91px\" \/>Hem demanat tamb\u00e9 solucions per a ordenar les cues de les persones usu\u00e0ries per a garantir la dist\u00e0ncia de seguretat.<\/span><\/p>\n<p style=\"text-align: justify\"><span style=\"color: #000000;font-family: arial, helvetica, sans-serif\"><img loading=\"lazy\" decoding=\"async\" class=\"wp-image-2961 alignleft\" src=\"http:\/\/ccoo.app\/diputacio-de-barcelona\/wp-content\/blogs.dir\/6\/files\/sites\/186\/2018\/11\/acuerdo-300x300.png\" alt=\"\" width=\"87\" height=\"87\" srcset=\"https:\/\/ccoo.app\/diputacio-de-barcelona\/wp-content\/blogs.dir\/6\/files\/sites\/186\/2018\/11\/acuerdo-300x300.png 300w, https:\/\/ccoo.app\/diputacio-de-barcelona\/wp-content\/blogs.dir\/6\/files\/sites\/186\/2018\/11\/acuerdo-150x150.png 150w, https:\/\/ccoo.app\/diputacio-de-barcelona\/wp-content\/blogs.dir\/6\/files\/sites\/186\/2018\/11\/acuerdo.png 600w\" sizes=\"auto, (max-width: 87px) 100vw, 87px\" \/>La <span style=\"text-decoration: underline\"><span style=\"background-color: #ffff00\"><strong>petici\u00f3 feta per a CCOO<\/strong><\/span><\/span> en el sentit que el personal presencial no fes \u00fas del <span style=\"background-color: #ffff00\"><strong>control horari telem\u00e0tic<\/strong><\/span> (feia perdre temps a l&#8217;inici i final de la jornada), sin\u00f2 del que es troba a les oficines, <span style=\"background-color: #ffff00\"><strong>ha estat acceptada.<\/strong><\/span> Per tant, es fitxar\u00e0 amb la targeta sense haver de pr\u00e9mer cap bot\u00f3 tal com indica el Protocol.<\/span><\/p>\n<p style=\"text-align: justify\"><span style=\"font-family: arial, helvetica, sans-serif;color: #000000\"><span style=\"background-color: #ffff00\"><strong>Tamb\u00e9 accepten la nostra petici\u00f3 que l&#8217;horari de treball presencial<\/strong> <\/span>s&#8217;ajusti a les hores d&#8217;atenci\u00f3 al p\u00fablic (8:30-14:00).<\/span><\/p>\n<p>&nbsp;<\/p>\n<p style=\"text-align: center\"><span style=\"font-family: 'arial black', sans-serif\"><span style=\"font-family: arial, helvetica, sans-serif\"><span style=\"color: #000000\">CLIQUEU<\/span> <a href=\"https:\/\/diba.ccoo.cat\/26-06-css\/\"><span style=\"color: #0000ff\">AQU\u00cd<\/span> <\/a><\/span><span style=\"color: #000000\"><span style=\"font-family: arial, helvetica, sans-serif\">VEURE RESUM DE L<\/span>A REUNI\u00d3 DEL CSS ANTERIOR<\/span><\/span><\/p>\n<p>&nbsp;<\/p>\n<p>&nbsp;<\/p>\n<p style=\"text-align: center\"><img loading=\"lazy\" decoding=\"async\" class=\"wp-image-5184 aligncenter\" src=\"http:\/\/ccoo.app\/diputacio-de-barcelona\/wp-content\/blogs.dir\/6\/files\/sites\/186\/2020\/03\/i-de-info-300x300.jpg\" alt=\"\" width=\"72\" height=\"72\" srcset=\"https:\/\/ccoo.app\/diputacio-de-barcelona\/wp-content\/blogs.dir\/6\/files\/sites\/186\/2020\/03\/i-de-info-300x300.jpg 300w, https:\/\/ccoo.app\/diputacio-de-barcelona\/wp-content\/blogs.dir\/6\/files\/sites\/186\/2020\/03\/i-de-info-150x150.jpg 150w, https:\/\/ccoo.app\/diputacio-de-barcelona\/wp-content\/blogs.dir\/6\/files\/sites\/186\/2020\/03\/i-de-info.jpg 626w\" sizes=\"auto, (max-width: 72px) 100vw, 72px\" \/><span style=\"font-family: 'arial black', sans-serif;font-size: 20px;color: #ffff00;background-color: #ff0000\">TOTA LA INFORMACI\u00d3 SINDICAL QUE NECESSITES<\/span><\/p>\n<p><img loading=\"lazy\" decoding=\"async\" class=\"wp-image-5913 aligncenter\" src=\"http:\/\/ccoo.app\/diputacio-de-barcelona\/wp-content\/blogs.dir\/6\/files\/sites\/186\/2020\/05\/telefono-300x300.jpg\" alt=\"\" width=\"59\" height=\"59\" srcset=\"https:\/\/ccoo.app\/diputacio-de-barcelona\/wp-content\/blogs.dir\/6\/files\/sites\/186\/2020\/05\/telefono-300x300.jpg 300w, https:\/\/ccoo.app\/diputacio-de-barcelona\/wp-content\/blogs.dir\/6\/files\/sites\/186\/2020\/05\/telefono-150x150.jpg 150w, https:\/\/ccoo.app\/diputacio-de-barcelona\/wp-content\/blogs.dir\/6\/files\/sites\/186\/2020\/05\/telefono.jpg 600w\" sizes=\"auto, (max-width: 59px) 100vw, 59px\" \/><\/p>\n<p style=\"text-align: center\"><span style=\"font-family: 'arial black', sans-serif;color: #000000\">DE DILLUNS A DIVENDRES<\/span><\/p>\n<p style=\"text-align: center\"><span style=\"font-family: 'arial black', sans-serif;color: #000000\">DE 10:00 A 14:30 i DE 17:00 A 19 HORES<\/span><\/p>\n<p style=\"text-align: center\"><span style=\"font-family: 'arial black', sans-serif;color: #ff0000\">93.402.29.85 &#8211; 22985 &#8211; 667 90 69 64<\/span><\/p>\n<p><img loading=\"lazy\" decoding=\"async\" class=\"wp-image-5553 aligncenter\" src=\"http:\/\/ccoo.app\/diputacio-de-barcelona\/wp-content\/blogs.dir\/6\/files\/sites\/186\/2020\/04\/mail-foto-300x200.jpg\" alt=\"\" width=\"59\" height=\"39\" srcset=\"https:\/\/ccoo.app\/diputacio-de-barcelona\/wp-content\/blogs.dir\/6\/files\/sites\/186\/2020\/04\/mail-foto-300x200.jpg 300w, https:\/\/ccoo.app\/diputacio-de-barcelona\/wp-content\/blogs.dir\/6\/files\/sites\/186\/2020\/04\/mail-foto-1024x683.jpg 1024w, https:\/\/ccoo.app\/diputacio-de-barcelona\/wp-content\/blogs.dir\/6\/files\/sites\/186\/2020\/04\/mail-foto-768x512.jpg 768w, https:\/\/ccoo.app\/diputacio-de-barcelona\/wp-content\/blogs.dir\/6\/files\/sites\/186\/2020\/04\/mail-foto.jpg 1200w\" sizes=\"auto, (max-width: 59px) 100vw, 59px\" \/><\/p>\n<p style=\"text-align: center\"><span style=\"font-family: arial, helvetica, sans-serif;color: #000000\">La\u00a0SECCI\u00d3 SINDICAL DE CCOO donem resposta a tots els teus dubtes o t&#8217;ajudem solucionar els problemes que puguis tenir.<strong> T&#8217;ajudem a defensar els teus drets!<\/strong><\/span><\/p>\n<p style=\"text-align: center\"><span style=\"font-family: 'arial black', sans-serif;color: #0000ff\"><a style=\"color: #0000ff\" href=\"mailto:ccoo@diba.cat\"><strong>ccoo@diba.cat<\/strong><\/a><\/span><\/p>\n<p style=\"text-align: center\"><span style=\"font-family: 'arial black', sans-serif;color: #0000ff\"><a style=\"color: #0000ff\" href=\"mailto:orgt.ssccoo@diba.cat\">orgt.ssccoo@diba.cat<\/a><\/span><\/p>\n<p><img loading=\"lazy\" decoding=\"async\" class=\"wp-image-6417 aligncenter\" src=\"http:\/\/ccoo.app\/diputacio-de-barcelona\/wp-content\/blogs.dir\/6\/files\/sites\/186\/2020\/07\/ccoo-diba-prevencio-300x280.png\" alt=\"\" width=\"57\" height=\"53\" srcset=\"https:\/\/ccoo.app\/diputacio-de-barcelona\/wp-content\/blogs.dir\/6\/files\/sites\/186\/2020\/07\/ccoo-diba-prevencio-300x280.png 300w, https:\/\/ccoo.app\/diputacio-de-barcelona\/wp-content\/blogs.dir\/6\/files\/sites\/186\/2020\/07\/ccoo-diba-prevencio.png 490w\" sizes=\"auto, (max-width: 57px) 100vw, 57px\" \/><\/p>\n<p style=\"text-align: center\"><span style=\"font-family: arial, helvetica, sans-serif;color: #000000\">Contacte directe amb els i les delegades de prevenci\u00f3: clic <a href=\"https:\/\/diba.ccoo.cat\/ajuda-dels-nostres-delegats-i-delegades-de-prevencio\/\"><span style=\"font-family: 'arial black', sans-serif;color: #0000ff\">aqu\u00ed<\/span><\/a><\/span><\/p>\n<p><img loading=\"lazy\" decoding=\"async\" class=\"wp-image-5554 aligncenter\" src=\"http:\/\/ccoo.app\/diputacio-de-barcelona\/wp-content\/blogs.dir\/6\/files\/sites\/186\/2020\/04\/mail-foto-enviar-300x212.jpg\" alt=\"\" width=\"67\" height=\"47\" srcset=\"https:\/\/ccoo.app\/diputacio-de-barcelona\/wp-content\/blogs.dir\/6\/files\/sites\/186\/2020\/04\/mail-foto-enviar-300x212.jpg 300w, https:\/\/ccoo.app\/diputacio-de-barcelona\/wp-content\/blogs.dir\/6\/files\/sites\/186\/2020\/04\/mail-foto-enviar-1024x724.jpg 1024w, https:\/\/ccoo.app\/diputacio-de-barcelona\/wp-content\/blogs.dir\/6\/files\/sites\/186\/2020\/04\/mail-foto-enviar-768x543.jpg 768w, https:\/\/ccoo.app\/diputacio-de-barcelona\/wp-content\/blogs.dir\/6\/files\/sites\/186\/2020\/04\/mail-foto-enviar.jpg 1200w\" sizes=\"auto, (max-width: 67px) 100vw, 67px\" \/><\/p>\n<p style=\"text-align: center\"><span style=\"font-family: arial, helvetica, sans-serif;color: #000000\">Encara no t&#8217;has descarregat la nostra <a href=\"http:\/\/www.ccoo.cat\/carnet\/index.aspx?qr=1#descarrega\"><span style=\"font-family: 'arial black', sans-serif;color: #0000ff\">APP<\/span><\/a> CCOO-Diba d&#8217;informaci\u00f3 sindical?<\/span><\/p>\n<p style=\"text-align: center\"><span style=\"font-family: arial, helvetica, sans-serif;color: #000000\">Fes clic <a href=\"http:\/\/www.ccoo.cat\/carnet\/index.aspx?qr=1#descarrega\"><span style=\"font-family: 'arial black', sans-serif;color: #0000ff\">aqu\u00ed<\/span><\/a> per tenir la informaci\u00f3 abans que ning\u00fa!<\/span><\/p>\n<p><img loading=\"lazy\" decoding=\"async\" class=\"wp-image-5915 aligncenter\" src=\"http:\/\/ccoo.app\/diputacio-de-barcelona\/wp-content\/blogs.dir\/6\/files\/sites\/186\/2020\/05\/xarxes-socials-300x169.png\" alt=\"\" width=\"227\" height=\"128\" srcset=\"https:\/\/ccoo.app\/diputacio-de-barcelona\/wp-content\/blogs.dir\/6\/files\/sites\/186\/2020\/05\/xarxes-socials-300x169.png 300w, https:\/\/ccoo.app\/diputacio-de-barcelona\/wp-content\/blogs.dir\/6\/files\/sites\/186\/2020\/05\/xarxes-socials-1024x576.png 1024w, https:\/\/ccoo.app\/diputacio-de-barcelona\/wp-content\/blogs.dir\/6\/files\/sites\/186\/2020\/05\/xarxes-socials-768x432.png 768w, https:\/\/ccoo.app\/diputacio-de-barcelona\/wp-content\/blogs.dir\/6\/files\/sites\/186\/2020\/05\/xarxes-socials.png 1200w\" sizes=\"auto, (max-width: 227px) 100vw, 227px\" \/><\/p>\n<p style=\"text-align: center\"><span style=\"font-family: arial, helvetica, sans-serif;color: #000000\">Tamb\u00e9 trobar\u00e0s CCOO-Diba a les xarxes socials. Clica sobre la icona de la teva xarxa favorita:<\/span><\/p>\n<p><a href=\"https:\/\/twitter.com\/CCOODiba\"><img loading=\"lazy\" decoding=\"async\" class=\" wp-image-5728 aligncenter\" src=\"http:\/\/ccoo.app\/diputacio-de-barcelona\/wp-content\/blogs.dir\/6\/files\/sites\/186\/2020\/04\/twitter-300x300.png\" alt=\"\" width=\"89\" height=\"89\" srcset=\"https:\/\/ccoo.app\/diputacio-de-barcelona\/wp-content\/blogs.dir\/6\/files\/sites\/186\/2020\/04\/twitter-300x300.png 300w, https:\/\/ccoo.app\/diputacio-de-barcelona\/wp-content\/blogs.dir\/6\/files\/sites\/186\/2020\/04\/twitter-150x150.png 150w, https:\/\/ccoo.app\/diputacio-de-barcelona\/wp-content\/blogs.dir\/6\/files\/sites\/186\/2020\/04\/twitter.png 512w\" sizes=\"auto, (max-width: 89px) 100vw, 89px\" \/><\/a><\/p>\n<p><a href=\"https:\/\/www.instagram.com\/ccoo_diba\/?hl=es\"><img loading=\"lazy\" decoding=\"async\" class=\"wp-image-5730 aligncenter\" src=\"http:\/\/ccoo.app\/diputacio-de-barcelona\/wp-content\/blogs.dir\/6\/files\/sites\/186\/2020\/04\/instragram-300x300.png\" alt=\"\" width=\"91\" height=\"91\" srcset=\"https:\/\/ccoo.app\/diputacio-de-barcelona\/wp-content\/blogs.dir\/6\/files\/sites\/186\/2020\/04\/instragram-300x300.png 300w, https:\/\/ccoo.app\/diputacio-de-barcelona\/wp-content\/blogs.dir\/6\/files\/sites\/186\/2020\/04\/instragram-150x150.png 150w, https:\/\/ccoo.app\/diputacio-de-barcelona\/wp-content\/blogs.dir\/6\/files\/sites\/186\/2020\/04\/instragram.png 512w\" sizes=\"auto, (max-width: 91px) 100vw, 91px\" \/><\/a><\/p>\n<p><a href=\"https:\/\/www.facebook.com\/CcooDiputacioDeBarcelona\/\"><img loading=\"lazy\" decoding=\"async\" class=\"wp-image-5729 aligncenter\" src=\"http:\/\/ccoo.app\/diputacio-de-barcelona\/wp-content\/blogs.dir\/6\/files\/sites\/186\/2020\/04\/facebook-300x300.png\" alt=\"\" width=\"90\" height=\"90\" srcset=\"https:\/\/ccoo.app\/diputacio-de-barcelona\/wp-content\/blogs.dir\/6\/files\/sites\/186\/2020\/04\/facebook-300x300.png 300w, https:\/\/ccoo.app\/diputacio-de-barcelona\/wp-content\/blogs.dir\/6\/files\/sites\/186\/2020\/04\/facebook-150x150.png 150w, https:\/\/ccoo.app\/diputacio-de-barcelona\/wp-content\/blogs.dir\/6\/files\/sites\/186\/2020\/04\/facebook.png 325w\" sizes=\"auto, (max-width: 90px) 100vw, 90px\" \/><\/a><a href=\"https:\/\/www.youtube.com\/channel\/UCFzenkS75udEcs4pB4qoZsg\"><img loading=\"lazy\" decoding=\"async\" class=\" wp-image-5916 aligncenter\" src=\"http:\/\/ccoo.app\/diputacio-de-barcelona\/wp-content\/blogs.dir\/6\/files\/sites\/186\/2020\/05\/youtube-300x115.jpg\" alt=\"\" width=\"122\" height=\"47\" srcset=\"https:\/\/ccoo.app\/diputacio-de-barcelona\/wp-content\/blogs.dir\/6\/files\/sites\/186\/2020\/05\/youtube-300x115.jpg 300w, https:\/\/ccoo.app\/diputacio-de-barcelona\/wp-content\/blogs.dir\/6\/files\/sites\/186\/2020\/05\/youtube-1024x391.jpg 1024w, https:\/\/ccoo.app\/diputacio-de-barcelona\/wp-content\/blogs.dir\/6\/files\/sites\/186\/2020\/05\/youtube-768x293.jpg 768w, https:\/\/ccoo.app\/diputacio-de-barcelona\/wp-content\/blogs.dir\/6\/files\/sites\/186\/2020\/05\/youtube.jpg 1200w\" sizes=\"auto, (max-width: 122px) 100vw, 122px\" \/><\/a><\/p>\n<p><iframe loading=\"lazy\" title=\"Hauran de comptar amb nosaltres. Salut, treball i just\u00edcia social || 1r de maig del 2020.\" width=\"1200\" height=\"675\" src=\"https:\/\/www.youtube.com\/embed\/uS104R3aSJs?feature=oembed\" frameborder=\"0\" allow=\"accelerometer; autoplay; clipboard-write; encrypted-media; gyroscope; picture-in-picture; web-share\" allowfullscreen><\/iframe><\/p>\n<p>&nbsp;    \t<\/p>\n","protected":false},"excerpt":{"rendered":"<p>&nbsp; &nbsp; \u00a0REUNI\u00d3 TELEM\u00c0TICA DEL COMIT\u00c8 DE SEGURETAT I SALUT DEL 03.07.2020 &#8211; 6 de juliol de 2020- BREU RESUM DELS ANTECEDENTS El dia 7 d\u2019abril (cliqueu aqu\u00ed), cansats i &#8230; <\/p>\n<p class=\"read-more-container\"><a title=\"101\/COVID.19 03.07.2020 RESUM DE LA REUNI\u00d3 TELEM\u00c0TICA DEL COMIT\u00c8 DE SEGURETAT I SALUT\" class=\"read-more button\" href=\"https:\/\/ccoo.app\/diputacio-de-barcelona\/03-07-css-2\/#more-6413\" aria-label=\"Leer m\u00e1s sobre 101\/COVID.19 03.07.2020 RESUM DE LA REUNI\u00d3 TELEM\u00c0TICA DEL COMIT\u00c8 DE SEGURETAT I SALUT\">Continuar llegint<\/a><\/p>\n","protected":false},"author":4519,"featured_media":6417,"comment_status":"open","ping_status":"open","sticky":false,"template":"","format":"standard","meta":{"footnotes":""},"categories":[38,19,29,34,35,37],"tags":[],"class_list":["post-6413","post","type-post","status-publish","format-standard","has-post-thumbnail","hentry","category-a-tot-el-personal","category-comunicats","category-orgt-2","category-respir","category-salut-laboral","category-xbm","generate-columns","tablet-grid-50","mobile-grid-100","grid-parent","grid-50"],"_links":{"self":[{"href":"https:\/\/ccoo.app\/diputacio-de-barcelona\/wp-json\/wp\/v2\/posts\/6413","targetHints":{"allow":["GET"]}}],"collection":[{"href":"https:\/\/ccoo.app\/diputacio-de-barcelona\/wp-json\/wp\/v2\/posts"}],"about":[{"href":"https:\/\/ccoo.app\/diputacio-de-barcelona\/wp-json\/wp\/v2\/types\/post"}],"author":[{"embeddable":true,"href":"https:\/\/ccoo.app\/diputacio-de-barcelona\/wp-json\/wp\/v2\/users\/4519"}],"replies":[{"embeddable":true,"href":"https:\/\/ccoo.app\/diputacio-de-barcelona\/wp-json\/wp\/v2\/comments?post=6413"}],"version-history":[{"count":1,"href":"https:\/\/ccoo.app\/diputacio-de-barcelona\/wp-json\/wp\/v2\/posts\/6413\/revisions"}],"predecessor-version":[{"id":50917,"href":"https:\/\/ccoo.app\/diputacio-de-barcelona\/wp-json\/wp\/v2\/posts\/6413\/revisions\/50917"}],"wp:featuredmedia":[{"embeddable":true,"href":"https:\/\/ccoo.app\/diputacio-de-barcelona\/wp-json\/wp\/v2\/media\/6417"}],"wp:attachment":[{"href":"https:\/\/ccoo.app\/diputacio-de-barcelona\/wp-json\/wp\/v2\/media?parent=6413"}],"wp:term":[{"taxonomy":"category","embeddable":true,"href":"https:\/\/ccoo.app\/diputacio-de-barcelona\/wp-json\/wp\/v2\/categories?post=6413"},{"taxonomy":"post_tag","embeddable":true,"href":"https:\/\/ccoo.app\/diputacio-de-barcelona\/wp-json\/wp\/v2\/tags?post=6413"}],"curies":[{"name":"wp","href":"https:\/\/api.w.org\/{rel}","templated":true}]}}