{"id":634,"date":"2015-05-21T08:30:25","date_gmt":"2015-05-21T07:30:25","guid":{"rendered":"https:\/\/diba.ccoo.cat\/plantilla_post-copy-copy\/"},"modified":"2015-05-21T08:30:25","modified_gmt":"2015-05-21T07:30:25","slug":"constitucio-de-la-junta-de-personal","status":"publish","type":"post","link":"https:\/\/ccoo.app\/diputacio-de-barcelona\/constitucio-de-la-junta-de-personal\/","title":{"rendered":"CONSTITUCI\u00d3 DE LA JUNTA DE PERSONAL"},"content":{"rendered":"<p>&nbsp;<\/p>\n<p><img loading=\"lazy\" decoding=\"async\" class=\"wp-image-189\" title=\"Secci\u00f3 Sindical de la Diutaci\u00f3 de Barcelona de la Federaci\u00f3 Sindical de Catalunya\" src=\"http:\/\/ccoo.app\/diputacio-de-barcelona\/wp-content\/blogs.dir\/6\/files\/sites\/186\/2015\/12\/ccoo-fsc-cat.png\" alt=\"Secci\u00f3 Sindical de la Diputaci\u00f3 de Barcelona de la Federaci\u00f3 Sindical de Catalunya\" width=\"469\" height=\"90\" \/><\/p>\n<p class=\"wp-caption-text\">Secci\u00f3 Sindical de la Diputaci\u00f3 de Barcelona<\/p>\n<h3 style=\"text-align: center\"><\/h3>\n<h3 class=\"widget-title\">CONSTITUCI\u00d3 DE LA JUNTA DE PERSONAL<\/h3>\n<h3 style=\"text-align: center\"><span style=\"color: #ff0000\">CONSTITUCI\u00d3 DE LA JUNTA DE PERSONAL<\/span><\/h3>\n<p style=\"text-align: justify\">CCOO DiBa,\u00a0 despr\u00e9s del resultat de les reunions amb els altres sindicats, vam optar a la reuni\u00f3 de constituci\u00f3 de la Junta per realitzar, una proposta d\u2019acord amb el que marca l\u2019EBEP a l\u2019article 39.6: <strong><em>\u201cLes juntes de personal han d&#8217;elegir d&#8217;entre els seus membres un <u>president<\/u> i un <u>secretari<\/u> i han d\u2019elaborar el seu propi reglament de procediment\u201d.<\/em><\/strong><\/p>\n<p style=\"text-align: justify\">La nostra proposta:<\/p>\n<p style=\"text-align: justify\">Presidenta:\u00a0\u00a0\u00a0 Mireia Vall\u00e9s Camps.<\/p>\n<p style=\"text-align: justify\">Secretari:\u00a0\u00a0\u00a0 Sebasti\u00e1n Justicia P\u00e9rez.<\/p>\n<p style=\"text-align: justify\">Sent l\u2019\u00fanica llista presentada, i obtenint els vots necessaris, aquestes s\u00f3n les noves persones que ostentaran els nous c\u00e0rrecs.<\/p>\n<p style=\"text-align: justify\">Com que volem anar per feina, i malgrat l&#8217;\u00fanic punt del dia era la constituci\u00f3 de la Junta de Personal, la nova Presidenta, a proposta de la CGT, va decidir sotmetre a votaci\u00f3 la possibilitat que es pogu\u00e9s tractar dos temes en aquesta mateixa reuni\u00f3:<\/p>\n<ol style=\"text-align: justify\">\n<li>Els delegats\/des de Prevenci\u00f3 i la seva assignaci\u00f3 entre els diferents sindicats.<\/li>\n<\/ol>\n<p style=\"text-align: justify\"><em>(La nostra proposta \u00e9s de proporcionalitat d\u2019acord amb els resultats electorals).<\/em><\/p>\n<ol style=\"text-align: justify\">\n<li>Establiment de criteris respecte a la designaci\u00f3 del membre que participa als tribunals de selecci\u00f3 a proposta de la Junta, mentre no \u00e9s reglamenti definitivament en els propers mesos.<\/li>\n<\/ol>\n<p style=\"text-align: justify\"><em>(La nostra proposta d\u2019aplicaci\u00f3 immediata, mentre no existeixi l&#8217;oportuna reglamentaci\u00f3, \u00e9s que la pres\u00e8ncia als tribunals s&#8217;estableixi de manera rotat\u00f2ria. <\/em><\/p>\n<p style=\"text-align: justify\">Com veieu, s\u00f3n temes importants sobre els que molts reclameu, especialment el segon, quan abans millor una\u00a0 reglamentaci\u00f3. En contra de la nostra voluntat, haurem d&#8217;esperar a la pr\u00f2xima reuni\u00f3 de la Junta per tractar el tema.<\/p>\n<p style=\"text-align: justify\">Tamb\u00e9 vam aprofitar per empla\u00e7ar a tots els membres de la Junta a <strong>treballar per elaborar un reglament de procediment de la Junta <\/strong>tal com marca l&#8217;article de l&#8217;EBEP abans esmentat en ares de la transpar\u00e8ncia.<\/p>\n<p style=\"text-align: justify\">Tenim davant nostre molta feina a fer. Com ja us vam dir, apostem per la major transpar\u00e8ncia de tot el que fem a la Junta i una major participaci\u00f3 del personal de la DiBa. Per la qual cosa, volem que les actes de la Junta siguin publiques. Que les reunions siguin tamb\u00e9 publiques, es a dir, que els treballadors o treballadores puguin assistir-hi. En aquest sentit ja coincidim amb algunes companyes i companys de la Junta de Personal. Proposarem tamb\u00e9 que es puguin transmetre aquestes reunions via streaming al personal. (v\u00eddeo o \u00e0udio).<\/p>\n<p style=\"text-align: justify\">I a m\u00e9s, que tota la documentaci\u00f3 que rebi la Presid\u00e8ncia de la Junta sigui accessible a tots els delegats\/des, i a les treballadores i treballadors, entre altres coses&#8230;<\/p>\n<p style=\"text-align: justify\">Aquestes son algunes de les nostres propostes. Esperem que entre tots i totes puguem treballar, aportant idees per una major transpar\u00e8ncia en benefici de tots els treballadors i treballadores de la Diputaci\u00f3 de Barcelona.<\/p>\n<p style=\"text-align: center\">* \u00a0* \u00a0* \u00a0* \u00a0*<\/p>\n<p><img loading=\"lazy\" decoding=\"async\" class=\"alignleft wp-image-226\" src=\"http:\/\/ccoo.app\/diputacio-de-barcelona\/wp-content\/blogs.dir\/6\/files\/sites\/186\/2016\/04\/estem-decidits-acontinuar-lluitant.png\" alt=\"Estem decidits a continuar lluitant !\" width=\"213\" height=\"89\" \/><\/p>\n<p><img loading=\"lazy\" decoding=\"async\" class=\"wp-image-262 alignright\" src=\"http:\/\/ccoo.app\/diputacio-de-barcelona\/wp-content\/blogs.dir\/6\/files\/sites\/186\/2016\/04\/afiliat_ccoo_cat.gif\" alt=\"Tota la informaci\u00f3 de com afiliar-se a CCOO Catalunya i forlmulari d'alta o baxia.\" width=\"90\" height=\"80\" \/><\/p>\n<p><img loading=\"lazy\" decoding=\"async\" class=\"wp-image-227 aligncenter\" src=\"http:\/\/ccoo.app\/diputacio-de-barcelona\/wp-content\/blogs.dir\/6\/files\/sites\/186\/2016\/04\/logo-peu-300x69.png\" alt=\"logo-peu\" width=\"952\" height=\"219\" srcset=\"https:\/\/ccoo.app\/diputacio-de-barcelona\/wp-content\/blogs.dir\/6\/files\/sites\/186\/2016\/04\/logo-peu-300x69.png 300w, https:\/\/ccoo.app\/diputacio-de-barcelona\/wp-content\/blogs.dir\/6\/files\/sites\/186\/2016\/04\/logo-peu.png 557w\" sizes=\"auto, (max-width: 952px) 100vw, 952px\" \/><\/p>\n<p style=\"text-align: center\"><small><\/small><small>Formulari d&#8217;<a href=\"\/afiliat\/\">alta<\/a>, <a href=\"\/afiliat\/\">baixa <\/a>o <a href=\"\/afiliat\/\">modificaci\u00f3 <\/a>de les dades personals o<br \/>\ncontacta&#8217;ns a trav\u00e9s del tel\u00e8fon<strong> 934 022 985<\/strong> o correu: <a href=\"mailto:ccoo@diba.cat\"><strong>ccoo@diba.cat<\/strong><\/a><\/small><\/p>\n","protected":false},"excerpt":{"rendered":"<p>&nbsp; Secci\u00f3 Sindical de la Diputaci\u00f3 de Barcelona CONSTITUCI\u00d3 DE LA JUNTA DE PERSONAL CONSTITUCI\u00d3 DE LA JUNTA DE PERSONAL CCOO DiBa,\u00a0 despr\u00e9s del resultat de les reunions amb els &#8230; <\/p>\n<p class=\"read-more-container\"><a title=\"CONSTITUCI\u00d3 DE LA JUNTA DE PERSONAL\" class=\"read-more button\" href=\"https:\/\/ccoo.app\/diputacio-de-barcelona\/constitucio-de-la-junta-de-personal\/#more-634\" aria-label=\"Leer m\u00e1s sobre CONSTITUCI\u00d3 DE LA JUNTA DE PERSONAL\">Continuar llegint<\/a><\/p>\n","protected":false},"author":4519,"featured_media":255,"comment_status":"open","ping_status":"open","sticky":false,"template":"","format":"standard","meta":{"footnotes":""},"categories":[38,19],"tags":[],"class_list":["post-634","post","type-post","status-publish","format-standard","has-post-thumbnail","hentry","category-a-tot-el-personal","category-comunicats","generate-columns","tablet-grid-50","mobile-grid-100","grid-parent","grid-50"],"_links":{"self":[{"href":"https:\/\/ccoo.app\/diputacio-de-barcelona\/wp-json\/wp\/v2\/posts\/634","targetHints":{"allow":["GET"]}}],"collection":[{"href":"https:\/\/ccoo.app\/diputacio-de-barcelona\/wp-json\/wp\/v2\/posts"}],"about":[{"href":"https:\/\/ccoo.app\/diputacio-de-barcelona\/wp-json\/wp\/v2\/types\/post"}],"author":[{"embeddable":true,"href":"https:\/\/ccoo.app\/diputacio-de-barcelona\/wp-json\/wp\/v2\/users\/4519"}],"replies":[{"embeddable":true,"href":"https:\/\/ccoo.app\/diputacio-de-barcelona\/wp-json\/wp\/v2\/comments?post=634"}],"version-history":[{"count":0,"href":"https:\/\/ccoo.app\/diputacio-de-barcelona\/wp-json\/wp\/v2\/posts\/634\/revisions"}],"wp:featuredmedia":[{"embeddable":true,"href":"https:\/\/ccoo.app\/diputacio-de-barcelona\/wp-json\/wp\/v2\/media\/255"}],"wp:attachment":[{"href":"https:\/\/ccoo.app\/diputacio-de-barcelona\/wp-json\/wp\/v2\/media?parent=634"}],"wp:term":[{"taxonomy":"category","embeddable":true,"href":"https:\/\/ccoo.app\/diputacio-de-barcelona\/wp-json\/wp\/v2\/categories?post=634"},{"taxonomy":"post_tag","embeddable":true,"href":"https:\/\/ccoo.app\/diputacio-de-barcelona\/wp-json\/wp\/v2\/tags?post=634"}],"curies":[{"name":"wp","href":"https:\/\/api.w.org\/{rel}","templated":true}]}}