{"id":6315,"date":"2020-06-23T12:10:42","date_gmt":"2020-06-23T11:10:42","guid":{"rendered":"https:\/\/diba.ccoo.cat\/?p=6315"},"modified":"2023-02-22T18:38:45","modified_gmt":"2023-02-22T17:38:45","slug":"ccoo","status":"publish","type":"post","link":"https:\/\/ccoo.app\/diputacio-de-barcelona\/ccoo\/","title":{"rendered":"CCOO HEM LLUITAT I LLUITAREM CONTRA L&#8217;AB\u00daS DE LA TEMPORALITAT"},"content":{"rendered":"<p class=\"wp-caption-text\"><img loading=\"lazy\" decoding=\"async\" class=\"wp-image-1853 aligncenter\" src=\"http:\/\/ccoo.app\/diputacio-de-barcelona\/wp-content\/blogs.dir\/6\/files\/sites\/186\/2018\/01\/logoccoov18.jpg\" alt=\"\" width=\"137\" height=\"63\" \/><\/p>\n<p style=\"text-align: center\"><span style=\"font-family: 'arial black', sans-serif;color: #0000ff;font-size: 20px\">CCOO HEM LLUITAT I SEGUIREM LLUITANT CONTRA LA TEMPORALITAT A LA DIPUTACI\u00d3 DE BARCELONA<\/span><\/p>\n<p style=\"text-align: justify\"><span style=\"font-family: arial, helvetica, sans-serif;color: #000000\">CCOO-Diba hem treballat i treballem <u>amb intensitat<\/u> en la defensa del personal que treballa a la Diputaci\u00f3 de Barcelona, independentment de la seva relaci\u00f3 jur\u00eddica (funcionari de carrera, funcionari inter\u00ed fins a provisi\u00f3, funcionari inter\u00ed per substituci\u00f3 o personal laboral fixe i inter\u00ed). De fet, a la secci\u00f3 sindical, a l\u2019equip que hi treballa, tenim companys i companyes amb totes les tipologies abans esmenades.<\/span><\/p>\n<p>&nbsp;<\/p>\n<p style=\"text-align: justify\"><span style=\"font-family: arial, helvetica, sans-serif;color: #000000\"><span style=\"font-family: 'arial black', sans-serif\">LLUITA CONTRA LA TEMPORALITAT:<\/span><\/span><\/p>\n<ul style=\"text-align: justify\">\n<li><span style=\"font-family: arial, helvetica, sans-serif;color: #000000\"><strong>EN PRIMER LLOC, s\u2019ha de recordar <\/strong>que totes les demandes interposades per a la utilitzaci\u00f3 abusiva de les relacions de treball temporal sorgeixen com a conseq\u00fc\u00e8ncia de\u00a0<strong>L\u2019ACORD MARC SIGNAT entre la CES<\/strong><strong> (<\/strong><em>Confederaci\u00f3 Europea de Sindicats<\/em>, organitzaci\u00f3 presidida per CCOO en el moment de la signatura),\u00a0<strong>la UNICE<\/strong>\u00a0(<em>Uni\u00f3 de confederacions industrials i empresarials d\u2019Europa)<\/em>\u00a0i el<strong>\u00a0CEEP<\/strong>\u00a0(Associaci\u00f3 Europa d\u2019empreses p\u00fabliques i serveis d\u2019inter\u00e8s general).<\/span><\/li>\n<\/ul>\n<p style=\"text-align: justify\"><span style=\"font-family: arial, helvetica, sans-serif;color: #000000\"><strong>En relaci\u00f3 a l\u2019Acord Marc<\/strong>\u00a0entre la CES, la UNICE i el CEEP sobre el treball de durada determinada\u00a0<strong>es va fer la Directiva 1999\/70\/CE<\/strong>\u00a0per a la seva aplicaci\u00f3 a nivell comunitari mitjan\u00e7ant una decisi\u00f3 del Consell a proposta de la Comissi\u00f3 Europea.<\/span><\/p>\n<p>&nbsp;<\/p>\n<ul style=\"text-align: justify\">\n<li><span style=\"font-family: arial, helvetica, sans-serif;color: #000000\"><strong>EN SEGON LLOC,\u00a0 <\/strong>s&#8217;ha de tenir en compte les mocions presentades en el Ple corporatiu de la Diputaci\u00f3 de Barcelona i <u>aprovades<\/u> per unanimitat per tots els grups pol\u00edtics de Diba. Mocions <span style=\"text-decoration: underline\">promulgades per la secci\u00f3 sindical de CCOO<\/span> a la Diputaci\u00f3 de Barcelona dins d\u2019una estrat\u00e8gia per anul\u00b7lar les \u201ctaxes de reposici\u00f3\u201d imposades i exigir convocat\u00f2ries d\u2019Oferta P\u00fablica (cliqueu <a href=\"https:\/\/diba.ccoo.cat\/wp-content\/uploads\/sites\/37\/2017\/05\/7.3-MOCI%C3%93-OCUPACI%C3%93-P%C3%9ABLICA-DIPU.pdf\"><span style=\"font-family: 'arial black', sans-serif;color: #0000ff\">aqu\u00ed<\/span><\/a>).<\/span><\/li>\n<\/ul>\n<p>&nbsp;<\/p>\n<p>&nbsp;<\/p>\n<ul style=\"text-align: justify\">\n<li><span style=\"color: #000000\"><span style=\"font-family: arial, helvetica, sans-serif\"><strong>EN TERCER LLOC<\/strong>,\u00a0 <\/span><span style=\"font-family: arial, helvetica, sans-serif\">les reunions i converses mantingudes amb els grups pol\u00edtics corporatius amb l&#8217;objectiu que aquests poguessin influir dins dels seus partits pol\u00edtics. Amb l&#8217;excusa de la crisi, el PP amb la majoria otorgada a les eleccions (cliqueu <a href=\"https:\/\/www.rtve.es\/noticias\/20111230\/gobierno-congela-salario-funcionarios-2012-amplia-su-jornada-laboral\/485988.shtml\"><span style=\"font-family: 'arial black', sans-serif;color: #0000ff\">aqu\u00ed<\/span><\/a>), va tenir via lliure per a paralitzar tots els processos d&#8217;OPOs. Recordeu taxes de reposici\u00f3 0 a administracions amb super\u00e0vit com la nostra? Incomprensible. Aix\u00f2 \u00e9s el que no vam parar de denunciar.<\/span><\/span><\/li>\n<\/ul>\n<p><img loading=\"lazy\" decoding=\"async\" class=\"wp-image-6328 aligncenter\" src=\"http:\/\/ccoo.app\/diputacio-de-barcelona\/wp-content\/blogs.dir\/6\/files\/sites\/186\/2020\/06\/lluita-ccoo-interins-300x241.png\" alt=\"\" width=\"210\" height=\"169\" srcset=\"https:\/\/ccoo.app\/diputacio-de-barcelona\/wp-content\/blogs.dir\/6\/files\/sites\/186\/2020\/06\/lluita-ccoo-interins-300x241.png 300w, https:\/\/ccoo.app\/diputacio-de-barcelona\/wp-content\/blogs.dir\/6\/files\/sites\/186\/2020\/06\/lluita-ccoo-interins-768x616.png 768w, https:\/\/ccoo.app\/diputacio-de-barcelona\/wp-content\/blogs.dir\/6\/files\/sites\/186\/2020\/06\/lluita-ccoo-interins.png 922w\" sizes=\"auto, (max-width: 210px) 100vw, 210px\" \/><\/p>\n<p>&nbsp;<\/p>\n<ul style=\"text-align: justify\">\n<li style=\"text-align: justify\"><span style=\"font-family: arial, helvetica, sans-serif;color: #000000\"><strong>EN QUART LLOC<\/strong>, al carrer tamb\u00e9 vam lluitar contra les salvatges retallades del govern del PP (cliqueu <a href=\"https:\/\/www.youtube.com\/watch?v=qebPX4Ci9p8\"><span style=\"color: #0000ff;font-family: 'arial black', sans-serif\">aqu\u00ed<\/span><\/a>) i entre d&#8217;altres coses, vam exigir solucions a la temporalitat i la supressi\u00f3 de les taxes de reposici\u00f3 (cliqueu <a href=\"https:\/\/youtu.be\/wxyNgl3ymEE?t=148\"><span style=\"font-family: 'arial black', sans-serif;color: #0000ff\">aqu\u00ed<\/span><\/a>)<\/span><\/li>\n<\/ul>\n<p>&nbsp;<\/p>\n<ul style=\"text-align: justify\">\n<li><span style=\"font-family: arial, helvetica, sans-serif;color: #000000\"><strong>EN CINQU\u00c8 LLOC<\/strong>, hem de tenir en compte els dos acords d\u2019\u00e0mbit estatal signats a la Mesa General de la Funci\u00f3 Publica per CCOO, UGT i CSIF per a convocar totes les places ocupades fins a arribar a una taxa d\u2019interinitat per sota del 8%. Amb aquest acord, <u>es trencaven les limitacions de les taxes de reposici\u00f3<\/u> imposades a les diferents LPGE. Despr\u00e9s d&#8217;anys de taxes de reposicions abusives, el ministre Montoro del PP va arribar a un acord amb els sindicats. Des de llavors, s&#8217;ha de tenir en compte que a la Diputaci\u00f3 de Barcelona sempre vam acordar EL M\u00c0XIM nombre de places possible als PAMOS 2015, 2016, 2017, 2018 i 2019.<\/span><\/li>\n<\/ul>\n<p>&nbsp;<\/p>\n<ul style=\"text-align: justify\">\n<li><span style=\"font-family: arial, helvetica, sans-serif;color: #000000\"><strong>EN SIS\u00c8 LLOC<\/strong>, hem de recordar <strong>l\u2019Acord assolit a la Diputaci\u00f3 de Barcelona l\u2019any 2016<\/strong> sobre el personal inter\u00ed i que va suposar l\u2019aplantillament \u201cfins a provisi\u00f3 reglamentaria\u201d de tot el personal inter\u00ed que ocupava una pla\u00e7a vacant. Nom\u00e9s en un primer moment, entorn a <strong>400 persones es van veure beneficiades<\/strong>. All\u00f2 que en d\u2019altres administracions va suposar iniciar un procediment judicial, a la Diba es va aconseguir gr\u00e0cies a aquest acord: una pla\u00e7a indefinida \u201cno fixa\u201d, \u00e9s a dir, fins a la \u201cprovisi\u00f3 reglament\u00e0ria\u201d. Es va aconseguir doncs \u201cestabilitzar-les\u201d. Es van acabar amb els nomenaments (mal anomenats contractes) precaris i\/o de mesos per a convertir-los a indefinits. La Diputaci\u00f3 va recon\u00e8ixer que havia abusat de les figures temporals contemplades a l&#8217;article 10:1 de l&#8217;EBEP. Des de llavors, qui ocupa una vacant, ha de tenir un nomenament de 6 mesos com a per\u00edode de prova i si es supera, t\u00e9 dret a obtenir un nomenament \u00abfins a provisi\u00f3\u00bb.<\/span><\/li>\n<\/ul>\n<p style=\"text-align: justify\"><span style=\"font-family: arial, helvetica, sans-serif;color: #000000\">A l\u2019acord del 2016, es van equiparar drets en totes les mat\u00e8ries que \u201cde manera objectiva\u201d (tal com recull la jurisprud\u00e8ncia ) no podien ser diferents entre personal fixe i temporal. <span style=\"background-color: #ffff00\">Ning\u00fa va haver de fer cap despesa jur\u00eddica.<\/span><\/span><\/p>\n<p>&nbsp;<\/p>\n<ul style=\"text-align: justify\">\n<li><span style=\"font-family: arial, helvetica, sans-serif;color: #000000\"><strong>EN SET\u00c8 LLOC<\/strong>, s\u2019ha signat un acord que dona seguretat de continu\u00eftat al personal de m\u00e9s de 55 anys. Tot i que ens hagu\u00e9s agradat arribar als 50 anys, aquest acord permet que el personal amb m\u00e9s edat pugui tenir garanties de continu\u00eftat (cliqueu <a href=\"https:\/\/intradiba2.diba.cat\/documents\/28776273\/101294137\/Acord+criteris+contingut+acta+4.3.14+borses+treball+PAMO+2016-2017+i+successius+procsssos\/6eb3bd9c-177b-40e2-81af-c86e7532bf91\"><span style=\"font-family: 'arial black', sans-serif;color: #0000ff\">aqu\u00ed<\/span><\/a>).<\/span><\/li>\n<\/ul>\n<p>&nbsp;<\/p>\n<ul style=\"text-align: justify\">\n<li><span style=\"font-family: arial, helvetica, sans-serif;color: #000000\"><strong>EN VUIT\u00c8 LLOC, <\/strong>s\u2019ha signat un <strong>acord de reglament de borses <\/strong><strong>que permet a tot el personal inter\u00ed que ja treballa a la Diputaci\u00f3 no haver<\/strong>-se de presentar mai m\u00e9s a cap convocat\u00f2ria. Aix\u00f2 va anar precedit de la impugnaci\u00f3 (feta per a la secci\u00f3 sindical) de totes les borses de treball i amb <strong><span style=\"background-color: #ffff00\">cap cost<\/span> pel personal\u00a0<\/strong>(cliqueu <a href=\"https:\/\/intradiba2.diba.cat\/documents\/28776273\/321373121\/Acord+modif.+parcial+art.+7+condicions+treball_estruc.convoc.borses+treball\/d509ffe5-474e-4ab5-840f-35dcc7cbb717\"><span style=\"color: #0000ff;font-family: 'arial black', sans-serif\">aqu\u00ed<\/span><\/a>)<\/span><\/li>\n<\/ul>\n<p>&nbsp;<\/p>\n<ul style=\"text-align: justify\">\n<li><span style=\"font-family: arial, helvetica, sans-serif;color: #000000\"><strong>EN NOV\u00c8 LLOC, <\/strong>l\u2019actual paralitzaci\u00f3 de l\u2019Oferta P\u00fablica \u00e9s conseq\u00fc\u00e8ncia de la lluita i mobilitzaci\u00f3 (culminat amb la <span style=\"background-color: #ffff00\">tancada<\/span> a Can Serra) que va obligar a no tirar endavant les convocat\u00f2ries fins negociar unes bases que donessin facilitats i prioritat al personal que ja treballa i ha treballat a la diba (Cliqueu <a href=\"https:\/\/diba.ccoo.cat\/estabilitzacio-del-personal-interi-2\/\"><span style=\"color: #0000ff;font-family: 'arial black', sans-serif\">aqu\u00ed<\/span><\/a>).<\/span><\/li>\n<\/ul>\n<p><a href=\"http:\/\/ccoo.app\/diputacio-de-barcelona\/wp-content\/blogs.dir\/6\/files\/sites\/186\/2020\/06\/accions-interins-pamo-2016-2017.png\"><img loading=\"lazy\" decoding=\"async\" class=\" wp-image-6326 aligncenter\" src=\"http:\/\/ccoo.app\/diputacio-de-barcelona\/wp-content\/blogs.dir\/6\/files\/sites\/186\/2020\/06\/accions-interins-pamo-2016-2017-300x96.png\" alt=\"\" width=\"388\" height=\"124\" srcset=\"https:\/\/ccoo.app\/diputacio-de-barcelona\/wp-content\/blogs.dir\/6\/files\/sites\/186\/2020\/06\/accions-interins-pamo-2016-2017-300x96.png 300w, https:\/\/ccoo.app\/diputacio-de-barcelona\/wp-content\/blogs.dir\/6\/files\/sites\/186\/2020\/06\/accions-interins-pamo-2016-2017-768x246.png 768w, https:\/\/ccoo.app\/diputacio-de-barcelona\/wp-content\/blogs.dir\/6\/files\/sites\/186\/2020\/06\/accions-interins-pamo-2016-2017.png 878w\" sizes=\"auto, (max-width: 388px) 100vw, 388px\" \/><\/a><\/p>\n<p>&nbsp;<\/p>\n<p style=\"text-align: justify\"><span style=\"font-family: 'arial black', sans-serif;color: #000000\">SITUACI\u00d3 ACTUAL<\/span><\/p>\n<p style=\"text-align: justify\"><span style=\"font-family: arial, helvetica, sans-serif;color: #000000\">El nostre objectiu \u00e9s que el personal que ha treballat i treballa amb nosaltres ho segueixi fent. En aquest sentit, el que tractem de conv\u00e8ncer a la Diputaci\u00f3, \u00e9s d\u2019aplicar formules que facilitin al m\u00e0xim la continu\u00eftat del nostre personal tot assegurar-nos que el que es pacti tingui seguretat jur\u00eddica (<a style=\"color: #000000\" href=\"https:\/\/rafaeljimenezasensio.com\/2020\/03\/19\/el-tjue-y-los-interinos-de-larga-duracion\/\"><span style=\"color: #0000ff;font-family: 'arial black', sans-serif\">https:\/\/rafaeljimenezasensio.com\/2020\/03\/19\/el-tjue-y-los-interinos-de-larga-duracion\/<\/span><\/a>).<\/span><\/p>\n<p><a href=\"http:\/\/ccoo.app\/diputacio-de-barcelona\/wp-content\/blogs.dir\/6\/files\/sites\/186\/2020\/06\/interinos.png\"><img loading=\"lazy\" decoding=\"async\" class=\"size-medium wp-image-6323 aligncenter\" src=\"http:\/\/ccoo.app\/diputacio-de-barcelona\/wp-content\/blogs.dir\/6\/files\/sites\/186\/2020\/06\/interinos-300x132.png\" alt=\"\" width=\"300\" height=\"132\" srcset=\"https:\/\/ccoo.app\/diputacio-de-barcelona\/wp-content\/blogs.dir\/6\/files\/sites\/186\/2020\/06\/interinos-300x132.png 300w, https:\/\/ccoo.app\/diputacio-de-barcelona\/wp-content\/blogs.dir\/6\/files\/sites\/186\/2020\/06\/interinos-768x338.png 768w, https:\/\/ccoo.app\/diputacio-de-barcelona\/wp-content\/blogs.dir\/6\/files\/sites\/186\/2020\/06\/interinos.png 891w\" sizes=\"auto, (max-width: 300px) 100vw, 300px\" \/><\/a><\/p>\n<p>&nbsp;<\/p>\n<p style=\"text-align: justify\"><span style=\"font-family: arial, helvetica, sans-serif;color: #000000\">CCOO-Diba treballem per a la continu\u00eftat del personal inter\u00ed. No permetrem que es dilapidi el capital hum\u00e0, formaci\u00f3 i coneixements de les persones que porten molts anys de forma temporal prestant els seus serveis amb un alt grau de professionalitat a la Diputaci\u00f3 de Barcelona. S&#8217;ha de facilitar la\u00a0 continu\u00eftat amb <span style=\"text-decoration: underline\"><strong>una soluci\u00f3 que no es posi en dubte m\u00e9s endavant per manca de garanties o seguretat jur\u00eddica.<\/strong><\/span> <\/span><\/p>\n<p style=\"text-align: justify\"><span style=\"color: #000000;font-family: arial, helvetica, sans-serif\">CCOO i UGT a nivell estatal ja han demanat al govern d\u2019Espanya abordar el desenvolupament de l&#8217;Estatut B\u00e0sic de l&#8217;Empleat P\u00fablic, i les adaptacions normatives necess\u00e0ries. Qualsevol acord que s\u2019arribi, a nivell estatal, ser\u00e0 d&#8217;aplicaci\u00f3 a tot el personal inter\u00ed, hagi o no, presentat demandes jur\u00eddiques. \u00a0 \u00a0 <\/span><\/p>\n<p style=\"text-align: justify\"><span style=\"font-family: arial, helvetica, sans-serif;color: #000000\">Com a conclusi\u00f3, CCOO-Diba seguirem cercant solucions dins de l\u2019\u00e0mbit de negociaci\u00f3 en el que tenim legitimitat, evitant abocar als tribunals al personal a costosos i llargs litigis. \u00d2bviament, ho farem sempre amb una mirada amb all\u00f2 que es pugui legislar o negociar des de Madrid.\u00a0<\/span><\/p>\n<p><img loading=\"lazy\" decoding=\"async\" class=\"size-medium wp-image-4395 aligncenter\" src=\"http:\/\/ccoo.app\/diputacio-de-barcelona\/wp-content\/blogs.dir\/6\/files\/sites\/186\/2019\/05\/d7pd7glwkae-r_j-300x169.jpg\" alt=\"\" width=\"300\" height=\"169\" srcset=\"https:\/\/ccoo.app\/diputacio-de-barcelona\/wp-content\/blogs.dir\/6\/files\/sites\/186\/2019\/05\/d7pd7glwkae-r_j-300x169.jpg 300w, https:\/\/ccoo.app\/diputacio-de-barcelona\/wp-content\/blogs.dir\/6\/files\/sites\/186\/2019\/05\/d7pd7glwkae-r_j-1024x575.jpg 1024w, https:\/\/ccoo.app\/diputacio-de-barcelona\/wp-content\/blogs.dir\/6\/files\/sites\/186\/2019\/05\/d7pd7glwkae-r_j-768x431.jpg 768w, https:\/\/ccoo.app\/diputacio-de-barcelona\/wp-content\/blogs.dir\/6\/files\/sites\/186\/2019\/05\/d7pd7glwkae-r_j.jpg 1200w\" sizes=\"auto, (max-width: 300px) 100vw, 300px\" \/><\/p>\n<p style=\"text-align: justify\"><span style=\"font-family: arial, helvetica, sans-serif;color: #000000\">Recent sent\u00e8ncia d&#8217;alacant: nova figura jur\u00eddica de l&#8217;empleat p\u00fablic fix (cliqueu <span style=\"font-family: 'arial black', sans-serif;color: #0000ff\">aqu\u00ed<\/span>)<\/span><\/p>\n<div style=\"text-align: justify\" align=\"justify\">\n<p>&nbsp;<\/p>\n<p>&nbsp;<\/p>\n<\/div>\n<div align=\"justify\"><\/div>\n<div align=\"justify\"><img loading=\"lazy\" decoding=\"async\" class=\"wp-image-5498 aligncenter\" src=\"http:\/\/ccoo.app\/diputacio-de-barcelona\/wp-content\/blogs.dir\/6\/files\/sites\/186\/2020\/04\/informacio-ccoo.png\" alt=\"\" width=\"70\" height=\"52\" \/><\/div>\n<p style=\"text-align: center\"><span style=\"font-family: 'arial black', sans-serif;font-size: 20px;color: #ffff00;background-color: #ff0000\">TOTA LA INFORMACI\u00d3 QUE NECESSITES<\/span><\/p>\n<p style=\"text-align: justify\"><span style=\"font-family: arial, helvetica, sans-serif\">La\u00a0SECCI\u00d3 SINDICAL DE CCOO<strong>\u00a0seguim treballant<\/strong>\u00a0(de manera telem\u00e0tica) per poder\u00a0<strong>donar resposta a tots els dubtes<\/strong>\u00a0que tingueu o\u00a0<strong>solucionar els problemes que es puguin generar.<\/strong><\/span><\/p>\n<p style=\"text-align: center\"><span style=\"font-family: 'arial black', sans-serif;color: #0000ff\"><a style=\"color: #0000ff\" href=\"mailto:ccoo@diba.cat\"><strong>ccoo@diba.cat<\/strong><\/a><\/span><\/p>\n<p style=\"text-align: center\"><span style=\"font-family: 'arial black', sans-serif;color: #0000ff\"><a style=\"color: #0000ff\" href=\"mailto:orgt.ssccoo@diba.cat\">orgt.ssccoo@diba.cat<\/a><\/span><\/p>\n<p style=\"text-align: justify\"><span style=\"font-family: arial, helvetica, sans-serif\">Podeu fer-nos arribar les vostres preguntes o dubtes. O si ho desitgeu, deixeu el vostre n\u00famero de tel\u00e8fon i ens posarem en contacte amb vosaltres.<\/span><\/p>\n<p style=\"text-align: justify\"><span style=\"font-family: arial, helvetica, sans-serif\">Tamb\u00e9 obtindreu informaci\u00f3 dia a dia a les xarxes socials:\u00a0<span style=\"font-family: 'arial black', sans-serif;color: #0000ff\"><a style=\"color: #0000ff\" href=\"https:\/\/twitter.com\/CCOODiba\">Twitter<\/a><\/span>\u00a0i\u00a0<span style=\"color: #0000ff;font-family: 'arial black', sans-serif\"><a style=\"color: #0000ff\" href=\"https:\/\/www.facebook.com\/CcooDiputacioDeBarcelona\/\">Facebook.<\/a><\/span><\/span><\/p>\n<p style=\"text-align: justify\"><span style=\"font-family: arial, helvetica, sans-serif\">Recordeu que actualitzem constantment la nostra p\u00e0gina\u00a0<span style=\"color: #0000ff;font-family: 'arial black', sans-serif\"><a style=\"color: #0000ff\" href=\"https:\/\/diba.ccoo.cat\/\">web.<\/a><\/span><\/span><\/p>\n<p>&nbsp;<\/p>\n<p><img loading=\"lazy\" decoding=\"async\" class=\"wp-image-5130 aligncenter\" src=\"http:\/\/ccoo.app\/diputacio-de-barcelona\/wp-content\/blogs.dir\/6\/files\/sites\/186\/2020\/03\/diba-300x300.jpg\" alt=\"\" width=\"109\" height=\"109\" srcset=\"https:\/\/ccoo.app\/diputacio-de-barcelona\/wp-content\/blogs.dir\/6\/files\/sites\/186\/2020\/03\/diba-300x300.jpg 300w, https:\/\/ccoo.app\/diputacio-de-barcelona\/wp-content\/blogs.dir\/6\/files\/sites\/186\/2020\/03\/diba-150x150.jpg 150w, https:\/\/ccoo.app\/diputacio-de-barcelona\/wp-content\/blogs.dir\/6\/files\/sites\/186\/2020\/03\/diba.jpg 400w\" sizes=\"auto, (max-width: 109px) 100vw, 109px\" \/><\/p>\n<p style=\"text-align: justify\"><span style=\"color: #000000;font-family: arial, helvetica, sans-serif\"><span style=\"font-family: 'arial black', sans-serif;background-color: #ffff00\">INFORMACI\u00d3 CORPORATIVA<\/span> En termes generals \u00e9s important que:<\/span><\/p>\n<ul style=\"text-align: justify\">\n<li><span style=\"color: #000000;font-family: arial, helvetica, sans-serif\">Us mantingueu informats de les directrius i mesures que vagi adoptant la Diputaci\u00f3 de Barcelona mitjan\u00e7ant <strong>correu corporatiu<\/strong> i <strong>intradiba<\/strong> (<a href=\"https:\/\/dibaaps.diba.cat\/vus\/login.asp\"><span style=\"font-family: 'arial black', sans-serif;color: #0000ff\">cliqueu aqu\u00ed<\/span><\/a>)<\/span><\/li>\n<li><span style=\"color: #000000;font-family: arial, helvetica, sans-serif\">Estigueu pendents CONSTANTMENT de les directrius que us puguin fer arribar el vostres comandaments<\/span><\/li>\n<\/ul>\n<p>&nbsp;<\/p>\n<p><img loading=\"lazy\" decoding=\"async\" class=\"wp-image-5131 aligncenter\" src=\"http:\/\/ccoo.app\/diputacio-de-barcelona\/wp-content\/blogs.dir\/6\/files\/sites\/186\/2020\/03\/ccoo-catalunya-300x123.jpg\" alt=\"\" width=\"171\" height=\"70\" srcset=\"https:\/\/ccoo.app\/diputacio-de-barcelona\/wp-content\/blogs.dir\/6\/files\/sites\/186\/2020\/03\/ccoo-catalunya-300x123.jpg 300w, https:\/\/ccoo.app\/diputacio-de-barcelona\/wp-content\/blogs.dir\/6\/files\/sites\/186\/2020\/03\/ccoo-catalunya.jpg 350w\" sizes=\"auto, (max-width: 171px) 100vw, 171px\" \/><\/p>\n<p><span style=\"font-family: 'arial black', sans-serif;background-color: #ffff00;color: #000000\">TOTA LA INFORMACI\u00d3 A CCOO CATALUNYA<\/span><\/p>\n<ul>\n<li><span class=\"css-901oao css-16my406 r-1qd0xha r-ad9z0x r-bcqeeo r-qvutc0\" style=\"color: #000000\"><span style=\"font-family: arial, helvetica, sans-serif\">Preguntes freq\u00fcents sobre el Coronavirus i l&#8217;\u00e0mbit laboral:<\/span> <\/span>\u00a0<span style=\"font-family: 'arial black', sans-serif;color: #0000ff\"><a class=\"css-4rbku5 css-18t94o4 css-901oao css-16my406 r-1n1174f r-1loqt21 r-1qd0xha r-ad9z0x r-bcqeeo r-qvutc0\" style=\"color: #0000ff\" title=\"http:\/\/consultacoronavirus.ccoo.cat\" role=\"link\" href=\"https:\/\/t.co\/Xrpj3V7Bz3?amp=1\" target=\"_blank\" rel=\"noopener noreferrer\" data-focusable=\"true\"><span class=\"css-901oao css-16my406 r-1qd0xha r-hiw28u r-ad9z0x r-bcqeeo r-qvutc0\" aria-hidden=\"true\">http:\/\/<\/span>consultacoronavirus.ccoo.cat<\/a> <\/span><\/li>\n<li><span style=\"font-family: arial, helvetica, sans-serif;color: #000000\">Recull de totes les informacions ordenades sobre <\/span><strong><span style=\"font-family: arial, helvetica, sans-serif;color: #000000\">l&#8217;evoluci\u00f3 del coronavirus COVID-19 respecte del m\u00f3n del treball: <\/span><span style=\"font-family: 'arial black', sans-serif;color: #0000ff\"><a style=\"color: #0000ff\" href=\"https:\/\/www.ccoo.cat\/aspnet\/coronavirus.aspx\">https:\/\/www.ccoo.cat\/aspnet\/coronavirus.aspx<\/a><\/span><\/strong><\/li>\n<\/ul>\n<p>&nbsp;<\/p>\n<p>&nbsp;<\/p>\n<p style=\"text-align: center\"><span style=\"font-family: 'arial black', sans-serif;color: #000000\"><strong>Horari d\u2019atenci\u00f3 CCOO DIBA:<\/strong><\/span><\/p>\n<p style=\"text-align: center\"><span style=\"font-family: 'arial black', sans-serif;color: #000000\"><strong>CARRER MALLORCA, 244, 2on 3a<\/strong><\/span><\/p>\n<p style=\"text-align: center\"><span style=\"font-family: 'arial black', sans-serif;color: #000000\"><strong>DE DILLUNS A DIVENDRES DE 9:00 A 1<\/strong><strong>5<\/strong><strong>:00\u00a0\u00a0 <\/strong><\/span><\/p>\n<p style=\"text-align: center\"><span style=\"color: #000000\"><span style=\"font-family: 'arial black', sans-serif\"><strong>93 402 29 85\u00a0 &#8211;\u00a0 22985<\/strong><\/span><span style=\"font-family: 'arial black', sans-serif\"><strong>\u00a0<\/strong><\/span><\/span><\/p>\n<p style=\"text-align: center\"><span style=\"font-family: 'arial black', sans-serif\"><strong><a href=\"mailto:ccoo@diba.cat\">ccoo@diba.cat<\/a><\/strong><strong>\u00a0 <\/strong><strong>\/<\/strong><strong>\u00a0 <\/strong><a href=\"mailto:orgt.ssccoo@diba.cat\">orgt.ssccoo@diba.cat<\/a><\/span><\/p>\n<p>&nbsp;<\/p>\n<p><a href=\"https:\/\/diba.ccoo.cat\/ccoo-torna-a-ser-primer-sindicat-a-catalunya\/\"><img loading=\"lazy\" decoding=\"async\" class=\"size-medium wp-image-4877 aligncenter\" src=\"http:\/\/ccoo.app\/diputacio-de-barcelona\/wp-content\/blogs.dir\/6\/files\/sites\/186\/2020\/01\/ccoo-primer-sindicat-catalunya-300x117.jpg\" alt=\"\" width=\"300\" height=\"117\" srcset=\"https:\/\/ccoo.app\/diputacio-de-barcelona\/wp-content\/blogs.dir\/6\/files\/sites\/186\/2020\/01\/ccoo-primer-sindicat-catalunya-300x117.jpg 300w, https:\/\/ccoo.app\/diputacio-de-barcelona\/wp-content\/blogs.dir\/6\/files\/sites\/186\/2020\/01\/ccoo-primer-sindicat-catalunya.jpg 490w\" sizes=\"auto, (max-width: 300px) 100vw, 300px\" \/><\/a><\/p>\n<p><a href=\"https:\/\/www.ccoo.es\/noticia:391405\"><img loading=\"lazy\" decoding=\"async\" class=\"size-medium wp-image-4878 aligncenter\" src=\"http:\/\/ccoo.app\/diputacio-de-barcelona\/wp-content\/blogs.dir\/6\/files\/sites\/186\/2020\/01\/ccoo-primer-sindicat-a-espana-300x91.jpg\" alt=\"\" width=\"300\" height=\"91\" srcset=\"https:\/\/ccoo.app\/diputacio-de-barcelona\/wp-content\/blogs.dir\/6\/files\/sites\/186\/2020\/01\/ccoo-primer-sindicat-a-espana-300x91.jpg 300w, https:\/\/ccoo.app\/diputacio-de-barcelona\/wp-content\/blogs.dir\/6\/files\/sites\/186\/2020\/01\/ccoo-primer-sindicat-a-espana.jpg 477w\" sizes=\"auto, (max-width: 300px) 100vw, 300px\" \/><\/a><\/p>\n<p><a href=\"https:\/\/www.ccoo.cat\/noticia\/224842\/ccoo-lliura-els-seus-comptes-auditats-del-2018-a-la-sindicatura-de-comptes-de-catalunya#.XjRZA-mWycz\"><img loading=\"lazy\" decoding=\"async\" class=\"size-medium wp-image-4879 aligncenter\" src=\"http:\/\/ccoo.app\/diputacio-de-barcelona\/wp-content\/blogs.dir\/6\/files\/sites\/186\/2020\/01\/ccoo-primer-sindicat-sindicatura-300x95.jpg\" alt=\"\" width=\"300\" height=\"95\" srcset=\"https:\/\/ccoo.app\/diputacio-de-barcelona\/wp-content\/blogs.dir\/6\/files\/sites\/186\/2020\/01\/ccoo-primer-sindicat-sindicatura-300x95.jpg 300w, https:\/\/ccoo.app\/diputacio-de-barcelona\/wp-content\/blogs.dir\/6\/files\/sites\/186\/2020\/01\/ccoo-primer-sindicat-sindicatura.jpg 476w\" sizes=\"auto, (max-width: 300px) 100vw, 300px\" \/><\/a><\/p>\n<p>&nbsp;<\/p>\n<p>&nbsp;<\/p>\n<p>&nbsp;<\/p>\n<p>&nbsp;<\/p>\n<p>&nbsp;<\/p>\n<p>&nbsp;<\/p>\n<p>&nbsp;<\/p>\n<p>&nbsp;<\/p>\n<p>&nbsp;<\/p>\n<p>&nbsp;<\/p>\n<p>&nbsp;<\/p>\n<p>&nbsp;<\/p>\n<p>&nbsp;<\/p>\n<p>&nbsp;<\/p>\n<p>&nbsp;<\/p>\n<p>&nbsp;<\/p>\n<p>&nbsp;<\/p>\n<p>&nbsp;    \t<\/p>\n","protected":false},"excerpt":{"rendered":"<p>CCOO HEM LLUITAT I SEGUIREM LLUITANT CONTRA LA TEMPORALITAT A LA DIPUTACI\u00d3 DE BARCELONA CCOO-Diba hem treballat i treballem amb intensitat en la defensa del personal que treballa a la &#8230; <\/p>\n<p class=\"read-more-container\"><a title=\"CCOO HEM LLUITAT I LLUITAREM CONTRA L&#8217;AB\u00daS DE LA TEMPORALITAT\" class=\"read-more button\" href=\"https:\/\/ccoo.app\/diputacio-de-barcelona\/ccoo\/#more-6315\" aria-label=\"Leer m\u00e1s sobre CCOO HEM LLUITAT I LLUITAREM CONTRA L&#8217;AB\u00daS DE LA TEMPORALITAT\">Continuar llegint<\/a><\/p>\n","protected":false},"author":4519,"featured_media":6328,"comment_status":"closed","ping_status":"closed","sticky":false,"template":"","format":"standard","meta":{"footnotes":""},"categories":[20,24,26,31],"tags":[52,216,218,225],"class_list":["post-6315","post","type-post","status-publish","format-standard","has-post-thumbnail","hentry","category-cursos","category-interins","category-mgn","category-personal-interi-comunicats","tag-abus","tag-seleccio-2","tag-sentencia","tag-tjue","generate-columns","tablet-grid-50","mobile-grid-100","grid-parent","grid-50"],"_links":{"self":[{"href":"https:\/\/ccoo.app\/diputacio-de-barcelona\/wp-json\/wp\/v2\/posts\/6315","targetHints":{"allow":["GET"]}}],"collection":[{"href":"https:\/\/ccoo.app\/diputacio-de-barcelona\/wp-json\/wp\/v2\/posts"}],"about":[{"href":"https:\/\/ccoo.app\/diputacio-de-barcelona\/wp-json\/wp\/v2\/types\/post"}],"author":[{"embeddable":true,"href":"https:\/\/ccoo.app\/diputacio-de-barcelona\/wp-json\/wp\/v2\/users\/4519"}],"replies":[{"embeddable":true,"href":"https:\/\/ccoo.app\/diputacio-de-barcelona\/wp-json\/wp\/v2\/comments?post=6315"}],"version-history":[{"count":1,"href":"https:\/\/ccoo.app\/diputacio-de-barcelona\/wp-json\/wp\/v2\/posts\/6315\/revisions"}],"predecessor-version":[{"id":50926,"href":"https:\/\/ccoo.app\/diputacio-de-barcelona\/wp-json\/wp\/v2\/posts\/6315\/revisions\/50926"}],"wp:featuredmedia":[{"embeddable":true,"href":"https:\/\/ccoo.app\/diputacio-de-barcelona\/wp-json\/wp\/v2\/media\/6328"}],"wp:attachment":[{"href":"https:\/\/ccoo.app\/diputacio-de-barcelona\/wp-json\/wp\/v2\/media?parent=6315"}],"wp:term":[{"taxonomy":"category","embeddable":true,"href":"https:\/\/ccoo.app\/diputacio-de-barcelona\/wp-json\/wp\/v2\/categories?post=6315"},{"taxonomy":"post_tag","embeddable":true,"href":"https:\/\/ccoo.app\/diputacio-de-barcelona\/wp-json\/wp\/v2\/tags?post=6315"}],"curies":[{"name":"wp","href":"https:\/\/api.w.org\/{rel}","templated":true}]}}