{"id":6309,"date":"2020-06-23T12:17:15","date_gmt":"2020-06-23T11:17:15","guid":{"rendered":"https:\/\/diba.ccoo.cat\/?p=6309"},"modified":"2023-02-22T18:38:42","modified_gmt":"2023-02-22T17:38:42","slug":"recent-sentencia-dalacant-empleat-public-fix-nova-figura-juridica","status":"publish","type":"post","link":"https:\/\/ccoo.app\/diputacio-de-barcelona\/recent-sentencia-dalacant-empleat-public-fix-nova-figura-juridica\/","title":{"rendered":"RECENT SENT\u00c8NCIA D&#8217;ALACANT: EMPLEAT P\u00daBLIC FIX (NOVA FIGURA JUR\u00cdDICA)"},"content":{"rendered":"<p class=\"wp-caption-text\"><a href=\"https:\/\/diba.ccoo.cat\/\"><img loading=\"lazy\" decoding=\"async\" class=\"wp-image-1853 aligncenter\" src=\"http:\/\/ccoo.app\/diputacio-de-barcelona\/wp-content\/blogs.dir\/6\/files\/sites\/186\/2018\/01\/logoccoov18.jpg\" alt=\"\" width=\"137\" height=\"63\" \/><\/a><\/p>\n<p style=\"text-align: center\"><span style=\"font-family: 'arial black', sans-serif;font-size: 20px;color: #0000ff\">SENT\u00c8NCIA D&#8217;ALACANT: EMPLEAT P\u00daBLIC FIX <\/span><\/p>\n<p style=\"text-align: center\"><span style=\"font-family: 'arial black', sans-serif;font-size: 20px;color: #0000ff\">(NOVA FIGURA JUR\u00cdDICA)<\/span><\/p>\n<p style=\"text-align: center\"><span style=\"font-family: 'arial black', sans-serif;color: #000000\">NOTA DEL GABINET T\u00c8CNIC JUR\u00cdDIC SOBRE LA RECENT SENT\u00c8NCIA<\/span><\/p>\n<p style=\"text-align: center\"><span style=\"font-family: 'arial black', sans-serif;color: #000000\">VALORACI\u00d3 DE CCOO-DIBA<\/span><\/p>\n<p style=\"text-align: center\"><strong><span style=\"font-family: arial, helvetica, sans-serif;font-size: 10px;color: #000000\">-23 de juny de 2020-<\/span><\/strong><\/p>\n<div style=\"text-align: justify\" align=\"justify\">\n<p style=\"text-align: justify\"><span style=\"font-family: arial, helvetica, sans-serif;color: #000000\">Fa uns mesos, el TJUE va establir de manera contundent l\u2019exist\u00e8ncia d\u2019abusos en la contractaci\u00f3 per part de l\u2019administraci\u00f3 p\u00fablica (cliqueu <a href=\"https:\/\/diba.ccoo.cat\/oposdespres-de-la-sentencia-del-tjue\/\"><span style=\"font-family: 'arial black', sans-serif;color: #0000ff\">aqu\u00ed<\/span><\/a>).<\/span><\/p>\n<p style=\"text-align: justify\"><span style=\"font-family: arial, helvetica, sans-serif;color: #000000\">Ara, hem tingut coneixement d\u2019una sent\u00e8ncia que no es ferma (P.A. 813\/2019) relacionada amb una interina de l\u2019Ajuntament d\u2019Alacant de llarga durada que va tenir acc\u00e9s al seu lloc de treball mitjan\u00e7ant un concurs de m\u00e8rit per a formar part d\u2019una borsa de treball. La jutja declara empleada fixa en condicions equivalents a una funcionaria de carrera (cliqueu <a href=\"http:\/\/ccoo.app\/diputacio-de-barcelona\/wp-content\/blogs.dir\/6\/files\/sites\/186\/2020\/06\/sentencia-alicante.pdf\"><span style=\"font-family: 'arial black', sans-serif;color: #0000ff\">aqu\u00ed<\/span><\/a>).<\/span><\/p>\n<p>&nbsp;<\/p>\n<p style=\"text-align: justify\"><span style=\"font-family: 'arial black', sans-serif;color: #000000;font-size: 20px\">Quin an\u00e0lisi fa CCOO d&#8217;aquesta sent\u00e8ncia?<\/span><\/p>\n<p style=\"text-align: justify\"><span style=\"font-family: arial, helvetica, sans-serif;color: #000000\"> \u00c9s normal que qui viu amb angoixa una situaci\u00f3 de precarietat vegi en aquesta sent\u00e8ncia un raig de llum. M\u00e9s enll\u00e0 de les esperances que pugui suscitar, creiem que \u00e9s important tocar de peus a terra. En moments com aquests, es d&#8217;agra\u00efr tenir al costat nostra qui ens ajudi a fer un an\u00e0lisi fonamentat i realista de la mateixa. En aquest sentit, el Gabinet Jur\u00eddic de CCOO ha enviat una nota informativa a la seva afiliaci\u00f3 que podeu trobar en el seg\u00fcent enlla\u00e7 (cliqueu <a href=\"https:\/\/diba.ccoo.cat\/wp-content\/uploads\/sites\/37\/2020\/06\/ALACANT-Nota-Gabinete-T%C3%BDcnico_-empleado-publico-fijo2.pdf\"><span style=\"font-family: 'arial black', sans-serif;color: #0000ff\">aqu\u00ed<\/span>)<\/a>.<\/span><\/p>\n<p><img loading=\"lazy\" decoding=\"async\" class=\"wp-image-6136 aligncenter\" src=\"http:\/\/ccoo.app\/diputacio-de-barcelona\/wp-content\/blogs.dir\/6\/files\/sites\/186\/2020\/05\/justicia-263x300.jpg\" alt=\"\" width=\"108\" height=\"123\" srcset=\"https:\/\/ccoo.app\/diputacio-de-barcelona\/wp-content\/blogs.dir\/6\/files\/sites\/186\/2020\/05\/justicia-263x300.jpg 263w, https:\/\/ccoo.app\/diputacio-de-barcelona\/wp-content\/blogs.dir\/6\/files\/sites\/186\/2020\/05\/justicia-896x1024.jpg 896w, https:\/\/ccoo.app\/diputacio-de-barcelona\/wp-content\/blogs.dir\/6\/files\/sites\/186\/2020\/05\/justicia-768x878.jpg 768w, https:\/\/ccoo.app\/diputacio-de-barcelona\/wp-content\/blogs.dir\/6\/files\/sites\/186\/2020\/05\/justicia-1344x1536.jpg 1344w, https:\/\/ccoo.app\/diputacio-de-barcelona\/wp-content\/blogs.dir\/6\/files\/sites\/186\/2020\/05\/justicia.jpg 1400w\" sizes=\"auto, (max-width: 108px) 100vw, 108px\" \/><\/p>\n<p><span style=\"font-family: arial, helvetica, sans-serif;color: #000000\">Hem de recordar que la SJUE atribueix a l&#8217;\u00f2rgan jurisdiccional la missi\u00f3 d&#8217;apreciar en cada cas el possible ab\u00fas per\u00f2 aix\u00f2 s\u00ed, respectant les regles d&#8217;unificaci\u00f3 de criteri jurisdiccional pr\u00f2pies de cada Estat. La sent\u00e8ncia d\u2019Alacant \u00e9s d\u2019un dels 245 jutjats del contenci\u00f3s-administratiu que hi ha a Espanya. La mateixa sent\u00e8ncia ha estat sotmesa a recurs d&#8217;apel\u00b7laci\u00f3 per part de l&#8217;Ajuntament d&#8217;Alacant. Al seu torn, podr\u00e0 ser sotmesa a possible recurs de cassaci\u00f3 davant la Sala contenciosa administrativa del Tribunal Suprem (qui ja va apuntar el seu parer) i pot arribar al mateix Tribunal Constitucional. Finalment, pot ser que alguna inst\u00e0ncia plantegi la q\u00fcesti\u00f3 prejudicial davant el Tribunal de Just\u00edcia Europeu.\u00a0<\/span><\/p>\n<p><img loading=\"lazy\" decoding=\"async\" class=\"wp-image-4396 aligncenter\" src=\"http:\/\/ccoo.app\/diputacio-de-barcelona\/wp-content\/blogs.dir\/6\/files\/sites\/186\/2019\/05\/d7puyvaxoae-be9-300x225.jpg\" alt=\"\" width=\"150\" height=\"112\" srcset=\"https:\/\/ccoo.app\/diputacio-de-barcelona\/wp-content\/blogs.dir\/6\/files\/sites\/186\/2019\/05\/d7puyvaxoae-be9-300x225.jpg 300w, https:\/\/ccoo.app\/diputacio-de-barcelona\/wp-content\/blogs.dir\/6\/files\/sites\/186\/2019\/05\/d7puyvaxoae-be9-1024x768.jpg 1024w, https:\/\/ccoo.app\/diputacio-de-barcelona\/wp-content\/blogs.dir\/6\/files\/sites\/186\/2019\/05\/d7puyvaxoae-be9-768x576.jpg 768w, https:\/\/ccoo.app\/diputacio-de-barcelona\/wp-content\/blogs.dir\/6\/files\/sites\/186\/2019\/05\/d7puyvaxoae-be9.jpg 1200w\" sizes=\"auto, (max-width: 150px) 100vw, 150px\" \/><\/p>\n<p>&nbsp;<\/p>\n<p><span style=\"font-family: arial, helvetica, sans-serif;color: #000000\">De fet, ens acaben d&#8217;informar d&#8217;una nova sent\u00e8ncia del jutjat Contenci\u00f3s Administrativo n\u00ba 3 de Murcia (94\/2020) que va en el sentit contrari a la d&#8217;Alacant. (cliqueu <a href=\"https:\/\/diba.ccoo.cat\/wp-content\/uploads\/sites\/37\/2020\/06\/sent%C3%A8ncia-Murcia-18-junio-2020.pdf\"><span style=\"font-family: 'arial black', sans-serif;color: #0000ff\">aqu\u00ed<\/span><\/a>).<\/span><\/p>\n<p><a href=\"http:\/\/ccoo.app\/diputacio-de-barcelona\/wp-content\/blogs.dir\/6\/files\/sites\/186\/2020\/06\/sentencia-murcia-interins.png\"><img loading=\"lazy\" decoding=\"async\" class=\"size-medium wp-image-6318 aligncenter\" src=\"http:\/\/ccoo.app\/diputacio-de-barcelona\/wp-content\/blogs.dir\/6\/files\/sites\/186\/2020\/06\/sentencia-murcia-interins-300x62.png\" alt=\"\" width=\"300\" height=\"62\" srcset=\"https:\/\/ccoo.app\/diputacio-de-barcelona\/wp-content\/blogs.dir\/6\/files\/sites\/186\/2020\/06\/sentencia-murcia-interins-300x62.png 300w, https:\/\/ccoo.app\/diputacio-de-barcelona\/wp-content\/blogs.dir\/6\/files\/sites\/186\/2020\/06\/sentencia-murcia-interins-768x158.png 768w, https:\/\/ccoo.app\/diputacio-de-barcelona\/wp-content\/blogs.dir\/6\/files\/sites\/186\/2020\/06\/sentencia-murcia-interins.png 887w\" sizes=\"auto, (max-width: 300px) 100vw, 300px\" \/><\/a><\/p>\n<p><span style=\"font-family: arial, helvetica, sans-serif;color: #000000\">I de diverses m\u00e9s, una del mateix Ajuntament d&#8217;Alacant, que tamb\u00e9 desestimen les demandes de fixesa (cliqueu <a href=\"https:\/\/www.diarioinformacion.com\/alicante\/2020\/06\/25\/juzgado-alicante-rechaza-convertir-fija\/2276590.html\"><span style=\"font-family: 'arial black', sans-serif;color: #0000ff\">aqu\u00ed<\/span><\/a>).<\/span><\/p>\n<p>&nbsp;<\/p>\n<p><span style=\"font-family: arial, helvetica, sans-serif;color: #000000\">Aix\u00f2 ens indica que, si es deixa \u00fanicament en mans dels jutjats la soluci\u00f3 del problema, aix\u00f2 comportar\u00e0 anys de litigis. Es a dir, el problema de la temporalitat ser\u00e0 cada vegada m\u00e9s i m\u00e9s gran.<\/span><\/p>\n<p>&nbsp;<\/p>\n<p><span style=\"font-family: arial, helvetica, sans-serif;color: #000000\">El car\u00e0cter abusiu de la temporalitat del personal inter\u00ed ha quedat sobradament establert (Tribunal de Just\u00edcia Europeu, el Tribunal Suprem i la jurisdicci\u00f3 contenciosa administrativa). Ara, el que toca \u00e9s trobar una soluci\u00f3 que:<\/span><\/p>\n<ul>\n<li style=\"text-align: justify\"><span style=\"font-family: arial, helvetica, sans-serif;color: #000000\">Resolgui d\u2019una vegada i de manera definitiva la situaci\u00f3<\/span><\/li>\n<li style=\"text-align: justify\"><span style=\"font-family: arial, helvetica, sans-serif;color: #000000\">No aboqui al personal perjudicat a costosos i incerts processos judicials<\/span><\/li>\n<li style=\"text-align: justify\"><span style=\"font-family: arial, helvetica, sans-serif;color: #000000\">No allargui la resoluci\u00f3 del conflicte i agreugi encara m\u00e9s la temporalitat a les administracions.<\/span><\/li>\n<\/ul>\n<p><span style=\"color: #000000;font-family: arial, helvetica, sans-serif\">Mentre no es produeixin canvis normatius o noves mesures legislatives, ens agradi o no, les solucions nom\u00e9s poden donar-se <strong><span style=\"text-decoration: underline\">respectant l&#8217;actual marc jur\u00eddic<\/span><\/strong>.\u00a0<\/span><\/p>\n<p><span style=\"font-family: arial, helvetica, sans-serif;color: #000000\">El TJUE reconeix l\u2019exist\u00e8ncia d\u2019abusos en la contractaci\u00f3 per part de l\u2019administraci\u00f3 p\u00fablica i \u00e9s tenint en compte aquesta situaci\u00f3 d\u2019excepcionalitat que hem de treballar tots els interlocutors: situaci\u00f3 excepcional, soluci\u00f3 excepcional.<\/span><\/p>\n<p><span style=\"font-family: arial, helvetica, sans-serif;color: #000000\">Insistim una i altra vegada: no podem perdre ni dilapidar el capital hum\u00e0, formaci\u00f3 i coneixements de les persones que porten molts anys de forma temporal prestant els seus serveis amb un alt grau de professionalitat a la Diputaci\u00f3 de Barcelona. Els hi hem de facilitar la seva continu\u00eftat amb <span style=\"text-decoration: underline\"><strong>una soluci\u00f3 que no es posi en dubte m\u00e9s endavant per manca de garanties o seguretat jur\u00eddica.<\/strong><\/span> (cliqueu <a href=\"https:\/\/diba.ccoo.cat\/oposdespres-de-la-sentencia-del-tjue\/\"><span style=\"font-family: 'arial black', sans-serif;color: #0000ff\">aqu\u00ed<\/span><\/a>)<\/span><\/p>\n<p>&nbsp;<\/p>\n<\/div>\n<p><img loading=\"lazy\" decoding=\"async\" class=\"wp-image-5574 aligncenter\" src=\"http:\/\/ccoo.app\/diputacio-de-barcelona\/wp-content\/blogs.dir\/6\/files\/sites\/186\/2020\/04\/tancada-diba-2-300x258.png\" alt=\"\" width=\"183\" height=\"158\" srcset=\"https:\/\/ccoo.app\/diputacio-de-barcelona\/wp-content\/blogs.dir\/6\/files\/sites\/186\/2020\/04\/tancada-diba-2-300x258.png 300w, https:\/\/ccoo.app\/diputacio-de-barcelona\/wp-content\/blogs.dir\/6\/files\/sites\/186\/2020\/04\/tancada-diba-2.png 629w\" sizes=\"auto, (max-width: 183px) 100vw, 183px\" \/><\/p>\n<p>&nbsp;<\/p>\n<p style=\"text-align: justify\"><span style=\"font-family: 'arial black', sans-serif;color: #000000\">M\u00c9S INFORMACI\u00d3?<\/span><\/p>\n<ul>\n<li style=\"text-align: justify\"><span style=\"font-family: arial, helvetica, sans-serif;color: #000000;font-size: 16px\">Qu\u00e8 hem fet CCOO-Diba contra la temporalitat a la Diputaci\u00f3? (cliqueu <a href=\"https:\/\/diba.ccoo.cat\/ccoo\/\"><span style=\"font-family: 'arial black', sans-serif;color: #0000ff\">aqu\u00ed<\/span><\/a>)<\/span><\/li>\n<li style=\"text-align: justify\"><span style=\"font-family: arial, helvetica, sans-serif;color: #000000;font-size: 16px\">Valoraci\u00f3 de CCOO-Diba de la sent\u00e8ncia del TJUE (cliqueu <span style=\"font-family: 'arial black', sans-serif;color: #0000ff\"><a style=\"color: #0000ff\" href=\"https:\/\/diba.ccoo.cat\/oposdespres-de-la-sentencia-del-tjue\/\">aqu\u00ed<\/a><\/span>)<\/span><\/li>\n<li style=\"text-align: justify\"><span style=\"font-family: arial, helvetica, sans-serif;color: #000000;font-size: 16px\">Nota de la FSC de CCOO Catalunya (cliqueu <a href=\"https:\/\/www.ccoo.cat\/fsc\/noticia\/231538\/nota-del-gabinet-tecnic-juridic-sobre-la-recent-sentencia-del-jutjat-contencios-administratiu-num-4-dalacant-de-8-de-juny-#.XvGinWgzY2w\"><span style=\"font-family: 'arial black', sans-serif;color: #0000ff\">aqu\u00ed<\/span><\/a>)<\/span><\/li>\n<li style=\"text-align: justify\"><span style=\"font-family: arial, helvetica, sans-serif;color: #000000\">An\u00e0lisi d&#8217;Ignasi Beltran de Heredia Ruiz de la sent\u00e8ncia d&#8217;Alacant (cliqueu <span style=\"font-family: 'arial black', sans-serif;color: #0000ff\"><a style=\"color: #0000ff\" href=\"https:\/\/ignasibeltran.com\/2020\/06\/14\/personal-interino-administrativo-y-laboral-del-sector-publico-sobre-el-empleado-publico-fijo-no-funcionario-de-carrera-y-otras-novedades-de-la-jurisdiccion-contenciosa-y-social-importantes\/\">aqu\u00ed<\/a><\/span>)<\/span>\n<ul>\n<li><span style=\"font-family: arial, helvetica, sans-serif;color: #000000\">\u00ab<em>Personal interino del sector P\u00fablico y nombramientos abusivos a la luz del asunto \u00abs\u00e1nchez ruiz\/Fern\u00e1ndez \u00e1lvarez<\/em>\u00bb (cliqueu <a href=\"http:\/\/ccoo.app\/diputacio-de-barcelona\/wp-content\/blogs.dir\/6\/files\/sites\/186\/2020\/06\/beltran_8_37.pdf\"><span style=\"font-family: 'arial black', sans-serif;color: #0000ff\">aqu\u00ed<\/span><\/a>).<\/span><\/li>\n<\/ul>\n<\/li>\n<\/ul>\n<p><a href=\"http:\/\/ccoo.app\/diputacio-de-barcelona\/wp-content\/blogs.dir\/6\/files\/sites\/186\/2020\/06\/interinos-1.png\"><img loading=\"lazy\" decoding=\"async\" class=\"wp-image-6393 aligncenter\" src=\"http:\/\/ccoo.app\/diputacio-de-barcelona\/wp-content\/blogs.dir\/6\/files\/sites\/186\/2020\/06\/interinos-1-300x229.png\" alt=\"\" width=\"241\" height=\"184\" srcset=\"https:\/\/ccoo.app\/diputacio-de-barcelona\/wp-content\/blogs.dir\/6\/files\/sites\/186\/2020\/06\/interinos-1-300x229.png 300w, https:\/\/ccoo.app\/diputacio-de-barcelona\/wp-content\/blogs.dir\/6\/files\/sites\/186\/2020\/06\/interinos-1.png 553w\" sizes=\"auto, (max-width: 241px) 100vw, 241px\" \/><\/a><\/p>\n<ul>\n<li style=\"text-align: justify\"><span style=\"font-family: arial, helvetica, sans-serif;color: #000000\">\u00ab<em>Extinci\u00f3 de la relaci\u00f3 de treball en l&#8217;ocupaci\u00f3 p\u00fablica interina. L&#8217;impacte de la jurisprud\u00e8ncia del TJUE<\/em>\u00bb d&#8217;<strong>Eduardo Rojo Torrecilla<\/strong>, catedr\u00e0tic de Dret del Treball i de la Seguretat Social de la Universitat Aut\u00f2noma de Barcelona (cliqueu <a href=\"https:\/\/cemical.diba.cat\/publicacions\/fitxers\/CEMICAL_Extincio_relacio_de_treball.pdf\"><span style=\"font-family: 'arial black', sans-serif;color: #0000ff\">aqu\u00ed<\/span><\/a>)<\/span>\n<ul>\n<li><span style=\"font-family: arial, helvetica, sans-serif;color: #000000\"><a href=\"https:\/\/www.youtube.com\/watch?v=bBrEekXoZog&amp;feature=youtu.be\"><span style=\"font-family: 'arial black', sans-serif;color: #0000ff\">Enlla\u00e7<\/span><\/a> a v\u00eddeo.<\/span><\/li>\n<\/ul>\n<\/li>\n<li style=\"text-align: justify\"><span style=\"font-family: arial, helvetica, sans-serif;color: #000000\">Valoraci\u00f3 de CEMICAL de la nova setencia a l&#8217;Ajuntament d&#8217;Alacant (Cliqueu <a href=\"http:\/\/cemical.diba.cat\/a-fitxers\/juzgado_rechaza_convertir_fija_interina_Alicante.pdf\"><span style=\"color: #0000ff;font-family: 'arial black', sans-serif\">aqu\u00ed<\/span><\/a>)<\/span><\/li>\n<\/ul>\n<p>&nbsp;<\/p>\n<p><a href=\"http:\/\/ccoo.app\/diputacio-de-barcelona\/wp-content\/blogs.dir\/6\/files\/sites\/186\/2020\/04\/tancada-diba.png\"><img loading=\"lazy\" decoding=\"async\" class=\"size-medium wp-image-5572 aligncenter\" src=\"http:\/\/ccoo.app\/diputacio-de-barcelona\/wp-content\/blogs.dir\/6\/files\/sites\/186\/2020\/04\/tancada-diba-300x165.png\" alt=\"\" width=\"300\" height=\"165\" srcset=\"https:\/\/ccoo.app\/diputacio-de-barcelona\/wp-content\/blogs.dir\/6\/files\/sites\/186\/2020\/04\/tancada-diba-300x165.png 300w, https:\/\/ccoo.app\/diputacio-de-barcelona\/wp-content\/blogs.dir\/6\/files\/sites\/186\/2020\/04\/tancada-diba-1024x562.png 1024w, https:\/\/ccoo.app\/diputacio-de-barcelona\/wp-content\/blogs.dir\/6\/files\/sites\/186\/2020\/04\/tancada-diba-768x421.png 768w, https:\/\/ccoo.app\/diputacio-de-barcelona\/wp-content\/blogs.dir\/6\/files\/sites\/186\/2020\/04\/tancada-diba.png 1251w\" sizes=\"auto, (max-width: 300px) 100vw, 300px\" \/><\/a><\/p>\n<div style=\"text-align: justify\" align=\"justify\">\n<p>&nbsp;<\/p>\n<ul>\n<li><span style=\"font-family: arial, helvetica, sans-serif;color: #000000\"><a href=\"https:\/\/www.ccoo.cat\/fsc\/noticia\/229007\/mes-enlla-del-covid-19-hi-ha-altra-activitat-sindical?id=229007#.XndR8eSWyuU\"><span style=\"font-family: 'arial black', sans-serif;color: #0000ff\">Cliqueu aqu\u00ed<\/span><\/a> per llegir l&#8217;an\u00e0lisi de la STJUE de CCOO\u00a0<\/span><\/li>\n<li><a href=\"https:\/\/rafaeljimenezasensio.com\/2020\/03\/19\/el-tjue-y-los-interinos-de-larga-duracion\/\"><span style=\"font-family: 'arial black', sans-serif;color: #0000ff\">Cliqueu aqu\u00ed<\/span><\/a> <span style=\"font-family: arial, helvetica, sans-serif;color: #000000\">per llegir l&#8217;an\u00e0lisi de la STJUE de Joan Mauri Maj\u00f3s\/Rafael Jim\u00e9nez Asensio<\/span><\/li>\n<li><a href=\"https:\/\/www.diba.cat\/documents\/189253\/308291104\/Nota+jur%C3%ADdica+2+revisada+30.03+G%28+STJUE+INTERINS%29+%283%29-convertido.pdf\/ed4b1f1b-0515-415f-89a8-938e60f66a3d\"><span style=\"font-family: 'arial black', sans-serif;color: #0000ff\">Cliqueu aqu\u00ed<\/span><\/a> <span style=\"font-family: arial, helvetica, sans-serif;color: #000000\">per llegir l&#8217;an\u00e0lisi de la STJUE la Diputaci\u00f3 de Barcelona\u00a0<\/span><\/li>\n<li><a href=\"http:\/\/www.eduardorojotorrecilla.es\/2020\/03\/el-tjue-refuerza-los-derechos-del.html\"><span style=\"font-family: 'arial black', sans-serif;color: #0000ff\">Cliqueu aqu\u00ed<\/span><\/a> <span style=\"font-family: arial, helvetica, sans-serif;color: #000000\">per llegir l&#8217;an\u00e0lisi de la STJUE de Eduardo Rojo Torrecilla<\/span><\/li>\n<li><a href=\"https:\/\/adriantodoli.com\/2020\/03\/19\/stjue-sanchez-ruiz-no-hay-conversion-automatica-a-fijos\/\"><span style=\"font-family: 'arial black', sans-serif;color: #0000ff\">Cliqueu aqu\u00ed<\/span><\/a> <span style=\"font-family: arial, helvetica, sans-serif;color: #000000\"><span style=\"font-family: arial, helvetica, sans-serif;color: #000000\">per llegir l&#8217;an\u00e0lisi de la STJUE de Adri\u00e1n Todol\u00ed<\/span><\/span><\/li>\n<\/ul>\n<\/div>\n<div align=\"justify\"><\/div>\n<div align=\"justify\"><img loading=\"lazy\" decoding=\"async\" class=\"wp-image-5498 aligncenter\" src=\"http:\/\/ccoo.app\/diputacio-de-barcelona\/wp-content\/blogs.dir\/6\/files\/sites\/186\/2020\/04\/informacio-ccoo.png\" alt=\"\" width=\"70\" height=\"52\" \/><\/div>\n<p style=\"text-align: center\"><span style=\"font-family: 'arial black', sans-serif;font-size: 20px;color: #ffff00;background-color: #ff0000\">TOTA LA INFORMACI\u00d3 QUE NECESSITES<\/span><\/p>\n<p style=\"text-align: justify\"><span style=\"font-family: arial, helvetica, sans-serif\">La\u00a0SECCI\u00d3 SINDICAL DE CCOO<strong>\u00a0seguim treballant<\/strong>\u00a0(de manera telem\u00e0tica) per poder\u00a0<strong>donar resposta a tots els dubtes<\/strong>\u00a0que tingueu o\u00a0<strong>solucionar els problemes que es puguin generar.<\/strong><\/span><\/p>\n<p style=\"text-align: center\"><span style=\"font-family: 'arial black', sans-serif;color: #0000ff\"><a style=\"color: #0000ff\" href=\"mailto:ccoo@diba.cat\"><strong>ccoo@diba.cat<\/strong><\/a><\/span><\/p>\n<p style=\"text-align: center\"><span style=\"font-family: 'arial black', sans-serif;color: #0000ff\"><a style=\"color: #0000ff\" href=\"mailto:orgt.ssccoo@diba.cat\">orgt.ssccoo@diba.cat<\/a><\/span><\/p>\n<p style=\"text-align: justify\"><span style=\"font-family: arial, helvetica, sans-serif\">Podeu fer-nos arribar les vostres preguntes o dubtes. O si ho desitgeu, deixeu el vostre n\u00famero de tel\u00e8fon i ens posarem en contacte amb vosaltres.<\/span><\/p>\n<p style=\"text-align: justify\"><span style=\"font-family: arial, helvetica, sans-serif\">Tamb\u00e9 obtindreu informaci\u00f3 dia a dia a les xarxes socials:\u00a0<span style=\"font-family: 'arial black', sans-serif;color: #0000ff\"><a style=\"color: #0000ff\" href=\"https:\/\/twitter.com\/CCOODiba\">Twitter<\/a><\/span>\u00a0i\u00a0<span style=\"color: #0000ff;font-family: 'arial black', sans-serif\"><a style=\"color: #0000ff\" href=\"https:\/\/www.facebook.com\/CcooDiputacioDeBarcelona\/\">Facebook.<\/a><\/span><\/span><\/p>\n<p style=\"text-align: justify\"><span style=\"font-family: arial, helvetica, sans-serif\">Recordeu que actualitzem constantment la nostra p\u00e0gina\u00a0<span style=\"color: #0000ff;font-family: 'arial black', sans-serif\"><a style=\"color: #0000ff\" href=\"https:\/\/diba.ccoo.cat\/\">web.<\/a><\/span><\/span><\/p>\n<p>&nbsp;<\/p>\n<p><img loading=\"lazy\" decoding=\"async\" class=\"wp-image-5130 aligncenter\" src=\"http:\/\/ccoo.app\/diputacio-de-barcelona\/wp-content\/blogs.dir\/6\/files\/sites\/186\/2020\/03\/diba-300x300.jpg\" alt=\"\" width=\"109\" height=\"109\" srcset=\"https:\/\/ccoo.app\/diputacio-de-barcelona\/wp-content\/blogs.dir\/6\/files\/sites\/186\/2020\/03\/diba-300x300.jpg 300w, https:\/\/ccoo.app\/diputacio-de-barcelona\/wp-content\/blogs.dir\/6\/files\/sites\/186\/2020\/03\/diba-150x150.jpg 150w, https:\/\/ccoo.app\/diputacio-de-barcelona\/wp-content\/blogs.dir\/6\/files\/sites\/186\/2020\/03\/diba.jpg 400w\" sizes=\"auto, (max-width: 109px) 100vw, 109px\" \/><\/p>\n<p style=\"text-align: justify\"><span style=\"color: #000000;font-family: arial, helvetica, sans-serif\"><span style=\"font-family: 'arial black', sans-serif;background-color: #ffff00\">INFORMACI\u00d3 CORPORATIVA<\/span> En termes generals \u00e9s important que:<\/span><\/p>\n<ul style=\"text-align: justify\">\n<li><span style=\"color: #000000;font-family: arial, helvetica, sans-serif\">Us mantingueu informats de les directrius i mesures que vagi adoptant la Diputaci\u00f3 de Barcelona mitjan\u00e7ant <strong>correu corporatiu<\/strong> i <strong>intradiba<\/strong> (<a href=\"https:\/\/dibaaps.diba.cat\/vus\/login.asp\"><span style=\"font-family: 'arial black', sans-serif;color: #0000ff\">cliqueu aqu\u00ed<\/span><\/a>)<\/span><\/li>\n<li><span style=\"color: #000000;font-family: arial, helvetica, sans-serif\">Estigueu pendents CONSTANTMENT de les directrius que us puguin fer arribar el vostres comandaments<\/span><\/li>\n<\/ul>\n<p>&nbsp;<\/p>\n<p><img loading=\"lazy\" decoding=\"async\" class=\"wp-image-5131 aligncenter\" src=\"http:\/\/ccoo.app\/diputacio-de-barcelona\/wp-content\/blogs.dir\/6\/files\/sites\/186\/2020\/03\/ccoo-catalunya-300x123.jpg\" alt=\"\" width=\"171\" height=\"70\" srcset=\"https:\/\/ccoo.app\/diputacio-de-barcelona\/wp-content\/blogs.dir\/6\/files\/sites\/186\/2020\/03\/ccoo-catalunya-300x123.jpg 300w, https:\/\/ccoo.app\/diputacio-de-barcelona\/wp-content\/blogs.dir\/6\/files\/sites\/186\/2020\/03\/ccoo-catalunya.jpg 350w\" sizes=\"auto, (max-width: 171px) 100vw, 171px\" \/><\/p>\n<p><span style=\"font-family: 'arial black', sans-serif;background-color: #ffff00;color: #000000\">TOTA LA INFORMACI\u00d3 A CCOO CATALUNYA<\/span><\/p>\n<ul>\n<li><span class=\"css-901oao css-16my406 r-1qd0xha r-ad9z0x r-bcqeeo r-qvutc0\" style=\"color: #000000\"><span style=\"font-family: arial, helvetica, sans-serif\">Preguntes freq\u00fcents sobre el Coronavirus i l&#8217;\u00e0mbit laboral:<\/span> <\/span>\u00a0<span style=\"font-family: 'arial black', sans-serif;color: #0000ff\"><a class=\"css-4rbku5 css-18t94o4 css-901oao css-16my406 r-1n1174f r-1loqt21 r-1qd0xha r-ad9z0x r-bcqeeo r-qvutc0\" style=\"color: #0000ff\" title=\"http:\/\/consultacoronavirus.ccoo.cat\" role=\"link\" href=\"https:\/\/t.co\/Xrpj3V7Bz3?amp=1\" target=\"_blank\" rel=\"noopener noreferrer\" data-focusable=\"true\"><span class=\"css-901oao css-16my406 r-1qd0xha r-hiw28u r-ad9z0x r-bcqeeo r-qvutc0\" aria-hidden=\"true\">http:\/\/<\/span>consultacoronavirus.ccoo.cat<\/a> <\/span><\/li>\n<li><span style=\"font-family: arial, helvetica, sans-serif;color: #000000\">Recull de totes les informacions ordenades sobre <\/span><strong><span style=\"font-family: arial, helvetica, sans-serif;color: #000000\">l&#8217;evoluci\u00f3 del coronavirus COVID-19 respecte del m\u00f3n del treball: <\/span><span style=\"font-family: 'arial black', sans-serif;color: #0000ff\"><a style=\"color: #0000ff\" href=\"https:\/\/www.ccoo.cat\/aspnet\/coronavirus.aspx\">https:\/\/www.ccoo.cat\/aspnet\/coronavirus.aspx<\/a><\/span><\/strong><\/li>\n<\/ul>\n<p>&nbsp;<\/p>\n<p>&nbsp;<\/p>\n<p style=\"text-align: center\"><span style=\"font-family: 'arial black', sans-serif;color: #000000\"><strong>Horari d\u2019atenci\u00f3 CCOO DIBA:<\/strong><\/span><\/p>\n<p style=\"text-align: center\"><span style=\"font-family: 'arial black', sans-serif;color: #000000\"><strong>CARRER MALLORCA, 244, 2on 3a<\/strong><\/span><\/p>\n<p style=\"text-align: center\"><span style=\"font-family: 'arial black', sans-serif;color: #000000\"><strong>DE DILLUNS A DIVENDRES DE 9:00 A 1<\/strong><strong>5<\/strong><strong>:00\u00a0\u00a0 <\/strong><\/span><\/p>\n<p style=\"text-align: center\"><span style=\"color: #000000\"><span style=\"font-family: 'arial black', sans-serif\"><strong>93 402 29 85\u00a0 &#8211;\u00a0 22985<\/strong><\/span><span style=\"font-family: 'arial black', sans-serif\"><strong>\u00a0<\/strong><\/span><\/span><\/p>\n<p style=\"text-align: center\"><span style=\"font-family: 'arial black', sans-serif\"><strong><a href=\"mailto:ccoo@diba.cat\">ccoo@diba.cat<\/a><\/strong><strong>\u00a0 <\/strong><strong>\/<\/strong><strong>\u00a0 <\/strong><a href=\"mailto:orgt.ssccoo@diba.cat\">orgt.ssccoo@diba.cat<\/a><\/span><\/p>\n<p>&nbsp;<\/p>\n<p><a href=\"https:\/\/diba.ccoo.cat\/ccoo-torna-a-ser-primer-sindicat-a-catalunya\/\"><img loading=\"lazy\" decoding=\"async\" class=\"size-medium wp-image-4877 aligncenter\" src=\"http:\/\/ccoo.app\/diputacio-de-barcelona\/wp-content\/blogs.dir\/6\/files\/sites\/186\/2020\/01\/ccoo-primer-sindicat-catalunya-300x117.jpg\" alt=\"\" width=\"300\" height=\"117\" srcset=\"https:\/\/ccoo.app\/diputacio-de-barcelona\/wp-content\/blogs.dir\/6\/files\/sites\/186\/2020\/01\/ccoo-primer-sindicat-catalunya-300x117.jpg 300w, https:\/\/ccoo.app\/diputacio-de-barcelona\/wp-content\/blogs.dir\/6\/files\/sites\/186\/2020\/01\/ccoo-primer-sindicat-catalunya.jpg 490w\" sizes=\"auto, (max-width: 300px) 100vw, 300px\" \/><\/a><\/p>\n<p><a href=\"https:\/\/www.ccoo.es\/noticia:391405\"><img loading=\"lazy\" decoding=\"async\" class=\"size-medium wp-image-4878 aligncenter\" src=\"http:\/\/ccoo.app\/diputacio-de-barcelona\/wp-content\/blogs.dir\/6\/files\/sites\/186\/2020\/01\/ccoo-primer-sindicat-a-espana-300x91.jpg\" alt=\"\" width=\"300\" height=\"91\" srcset=\"https:\/\/ccoo.app\/diputacio-de-barcelona\/wp-content\/blogs.dir\/6\/files\/sites\/186\/2020\/01\/ccoo-primer-sindicat-a-espana-300x91.jpg 300w, https:\/\/ccoo.app\/diputacio-de-barcelona\/wp-content\/blogs.dir\/6\/files\/sites\/186\/2020\/01\/ccoo-primer-sindicat-a-espana.jpg 477w\" sizes=\"auto, (max-width: 300px) 100vw, 300px\" \/><\/a><\/p>\n<p><a href=\"https:\/\/www.ccoo.cat\/noticia\/224842\/ccoo-lliura-els-seus-comptes-auditats-del-2018-a-la-sindicatura-de-comptes-de-catalunya#.XjRZA-mWycz\"><img loading=\"lazy\" decoding=\"async\" class=\"size-medium wp-image-4879 aligncenter\" src=\"http:\/\/ccoo.app\/diputacio-de-barcelona\/wp-content\/blogs.dir\/6\/files\/sites\/186\/2020\/01\/ccoo-primer-sindicat-sindicatura-300x95.jpg\" alt=\"\" width=\"300\" height=\"95\" srcset=\"https:\/\/ccoo.app\/diputacio-de-barcelona\/wp-content\/blogs.dir\/6\/files\/sites\/186\/2020\/01\/ccoo-primer-sindicat-sindicatura-300x95.jpg 300w, https:\/\/ccoo.app\/diputacio-de-barcelona\/wp-content\/blogs.dir\/6\/files\/sites\/186\/2020\/01\/ccoo-primer-sindicat-sindicatura.jpg 476w\" sizes=\"auto, (max-width: 300px) 100vw, 300px\" \/><\/a><\/p>\n<p>&nbsp;<\/p>\n<p>&nbsp;<\/p>\n<p>&nbsp;<\/p>\n<p>&nbsp;<\/p>\n<p>&nbsp;<\/p>\n<p>&nbsp;<\/p>\n<p>&nbsp;<\/p>\n<p>&nbsp;<\/p>\n<p>&nbsp;<\/p>\n<p>&nbsp;<\/p>\n<p>&nbsp;<\/p>\n<p>&nbsp;<\/p>\n<p>&nbsp;<\/p>\n<p>&nbsp;<\/p>\n<p>&nbsp;<\/p>\n<p>&nbsp;<\/p>\n<p>&nbsp;<\/p>\n<p>&nbsp;    \t<\/p>\n","protected":false},"excerpt":{"rendered":"<p>SENT\u00c8NCIA D&#8217;ALACANT: EMPLEAT P\u00daBLIC FIX (NOVA FIGURA JUR\u00cdDICA) NOTA DEL GABINET T\u00c8CNIC JUR\u00cdDIC SOBRE LA RECENT SENT\u00c8NCIA VALORACI\u00d3 DE CCOO-DIBA -23 de juny de 2020- Fa uns mesos, el TJUE &#8230; <\/p>\n<p class=\"read-more-container\"><a title=\"RECENT SENT\u00c8NCIA D&#8217;ALACANT: EMPLEAT P\u00daBLIC FIX (NOVA FIGURA JUR\u00cdDICA)\" class=\"read-more button\" href=\"https:\/\/ccoo.app\/diputacio-de-barcelona\/recent-sentencia-dalacant-empleat-public-fix-nova-figura-juridica\/#more-6309\" aria-label=\"Leer m\u00e1s sobre RECENT SENT\u00c8NCIA D&#8217;ALACANT: EMPLEAT P\u00daBLIC FIX (NOVA FIGURA JUR\u00cdDICA)\">Continuar llegint<\/a><\/p>\n","protected":false},"author":4519,"featured_media":6136,"comment_status":"closed","ping_status":"closed","sticky":false,"template":"","format":"standard","meta":{"footnotes":""},"categories":[20,24,26,31],"tags":[52,216,218,225],"class_list":["post-6309","post","type-post","status-publish","format-standard","has-post-thumbnail","hentry","category-cursos","category-interins","category-mgn","category-personal-interi-comunicats","tag-abus","tag-seleccio-2","tag-sentencia","tag-tjue","generate-columns","tablet-grid-50","mobile-grid-100","grid-parent","grid-50"],"_links":{"self":[{"href":"https:\/\/ccoo.app\/diputacio-de-barcelona\/wp-json\/wp\/v2\/posts\/6309","targetHints":{"allow":["GET"]}}],"collection":[{"href":"https:\/\/ccoo.app\/diputacio-de-barcelona\/wp-json\/wp\/v2\/posts"}],"about":[{"href":"https:\/\/ccoo.app\/diputacio-de-barcelona\/wp-json\/wp\/v2\/types\/post"}],"author":[{"embeddable":true,"href":"https:\/\/ccoo.app\/diputacio-de-barcelona\/wp-json\/wp\/v2\/users\/4519"}],"replies":[{"embeddable":true,"href":"https:\/\/ccoo.app\/diputacio-de-barcelona\/wp-json\/wp\/v2\/comments?post=6309"}],"version-history":[{"count":1,"href":"https:\/\/ccoo.app\/diputacio-de-barcelona\/wp-json\/wp\/v2\/posts\/6309\/revisions"}],"predecessor-version":[{"id":50925,"href":"https:\/\/ccoo.app\/diputacio-de-barcelona\/wp-json\/wp\/v2\/posts\/6309\/revisions\/50925"}],"wp:featuredmedia":[{"embeddable":true,"href":"https:\/\/ccoo.app\/diputacio-de-barcelona\/wp-json\/wp\/v2\/media\/6136"}],"wp:attachment":[{"href":"https:\/\/ccoo.app\/diputacio-de-barcelona\/wp-json\/wp\/v2\/media?parent=6309"}],"wp:term":[{"taxonomy":"category","embeddable":true,"href":"https:\/\/ccoo.app\/diputacio-de-barcelona\/wp-json\/wp\/v2\/categories?post=6309"},{"taxonomy":"post_tag","embeddable":true,"href":"https:\/\/ccoo.app\/diputacio-de-barcelona\/wp-json\/wp\/v2\/tags?post=6309"}],"curies":[{"name":"wp","href":"https:\/\/api.w.org\/{rel}","templated":true}]}}