{"id":6302,"date":"2020-06-19T09:39:49","date_gmt":"2020-06-19T08:39:49","guid":{"rendered":"https:\/\/diba.ccoo.cat\/?p=6302"},"modified":"2023-02-22T18:38:48","modified_gmt":"2023-02-22T17:38:48","slug":"ccoo-respon-a-vox-respecte-a-la-seva-financiacio","status":"publish","type":"post","link":"https:\/\/ccoo.app\/diputacio-de-barcelona\/ccoo-respon-a-vox-respecte-a-la-seva-financiacio\/","title":{"rendered":"FAKE NEWS: CCOO RESPON CONTUNDENTMENT A VOX!"},"content":{"rendered":"<p><img loading=\"lazy\" decoding=\"async\" class=\"wp-image-5909 aligncenter\" src=\"http:\/\/ccoo.app\/diputacio-de-barcelona\/wp-content\/blogs.dir\/6\/files\/sites\/186\/2020\/05\/nota-1-300x86.png\" alt=\"\" width=\"92\" height=\"27\" srcset=\"https:\/\/ccoo.app\/diputacio-de-barcelona\/wp-content\/blogs.dir\/6\/files\/sites\/186\/2020\/05\/nota-1-300x86.png 300w, https:\/\/ccoo.app\/diputacio-de-barcelona\/wp-content\/blogs.dir\/6\/files\/sites\/186\/2020\/05\/nota-1.png 339w\" sizes=\"auto, (max-width: 92px) 100vw, 92px\" \/><\/p>\n<p class=\"wp-caption-text\"><a href=\"https:\/\/diba.ccoo.cat\/\"><img loading=\"lazy\" decoding=\"async\" class=\"wp-image-1853 aligncenter\" src=\"http:\/\/ccoo.app\/diputacio-de-barcelona\/wp-content\/blogs.dir\/6\/files\/sites\/186\/2018\/01\/logoccoov18.jpg\" alt=\"\" width=\"240\" height=\"110\" \/><\/a><\/p>\n<p><a href=\"https:\/\/www.youtube.com\/watch?time_continue=4&amp;v=LNbnB5VbKpo&amp;feature=emb_logo\"><img loading=\"lazy\" decoding=\"async\" class=\"wp-image-5910 aligncenter\" src=\"http:\/\/ccoo.app\/diputacio-de-barcelona\/wp-content\/blogs.dir\/6\/files\/sites\/186\/2020\/05\/nota-3-300x83.png\" alt=\"\" width=\"90\" height=\"25\" srcset=\"https:\/\/ccoo.app\/diputacio-de-barcelona\/wp-content\/blogs.dir\/6\/files\/sites\/186\/2020\/05\/nota-3-300x83.png 300w, https:\/\/ccoo.app\/diputacio-de-barcelona\/wp-content\/blogs.dir\/6\/files\/sites\/186\/2020\/05\/nota-3.png 337w\" sizes=\"auto, (max-width: 90px) 100vw, 90px\" \/><\/a><\/p>\n<p style=\"text-align: center\"><span style=\"font-family: 'arial black', sans-serif;color: #0000ff;font-size: 24px\">FINANCIACI\u00d3 DE CCOO<\/span><\/p>\n<p style=\"text-align: center\"><span style=\"font-family: arial, helvetica, sans-serif;font-size: 14px;color: #000000\">-11 de juny de 2020-<\/span><\/p>\n<div class=\"r-xoduu5 r-1mlwlqe r-1d2f490 r-1udh08x r-u8s1d r-h9hxbl r-417010 css-1dbjc4n\" title=\"C\u00e1mara de cine\" aria-label=\"C\u00e1mara de cine\"><\/div>\n<div class=\"r-xoduu5 r-1mlwlqe r-1d2f490 r-1udh08x r-u8s1d r-h9hxbl r-417010 css-1dbjc4n\" title=\"Televisi\u00f3n\" aria-label=\"Televisi\u00f3n\">\n<div class=\"css-1dbjc4n r-1niwhzg r-vvn4in r-u6sd8q r-x3cy2q r-1p0dtai r-xoduu5 r-1pi2tsx r-1d2f490 r-u8s1d r-zchlnj r-ipm5af r-13qz1uu r-1wyyakw\"><\/div>\n<\/div>\n<div class=\"css-1dbjc4n r-xoduu5\" style=\"text-align: justify\"><span style=\"font-family: arial, helvetica, sans-serif;color: #000000\"><span class=\"r-18u37iz\">Unai Sordo, secretari General de CCOO, respon a VOX respecte a <\/span>la financiaci\u00f3 del sindicat: <\/span><span style=\"color: #000000;font-family: arial, helvetica, sans-serif\">\u00ab<\/span><em style=\"color: #000000;font-family: arial, helvetica, sans-serif\">Financiado por el Estado est\u00e1 su partido. El sindicato que represento se financia en un 84% de recursos propios, de las cuotas mensuales de su 983.000 afiliados<\/em><span style=\"color: #000000;font-family: arial, helvetica, sans-serif\">\u201d.<\/span><\/div>\n<div><\/div>\n<div><\/div>\n<div><a href=\"https:\/\/www.youtube.com\/watch?v=ZPBRntRLUlU\"><img loading=\"lazy\" decoding=\"async\" class=\"size-medium wp-image-6303 aligncenter\" src=\"http:\/\/ccoo.app\/diputacio-de-barcelona\/wp-content\/blogs.dir\/6\/files\/sites\/186\/2020\/06\/ccoo-unai-300x235.png\" alt=\"\" width=\"300\" height=\"235\" srcset=\"https:\/\/ccoo.app\/diputacio-de-barcelona\/wp-content\/blogs.dir\/6\/files\/sites\/186\/2020\/06\/ccoo-unai-300x235.png 300w, https:\/\/ccoo.app\/diputacio-de-barcelona\/wp-content\/blogs.dir\/6\/files\/sites\/186\/2020\/06\/ccoo-unai.png 725w\" sizes=\"auto, (max-width: 300px) 100vw, 300px\" \/><\/a><\/div>\n<div><\/div>\n<div style=\"text-align: justify\"><\/div>\n<div style=\"text-align: justify\"><span style=\"font-family: arial, helvetica, sans-serif;color: #000000\">Cliqueu <a href=\"https:\/\/ccoo.es\/noticia:512409--Unai_Sordo_%E2%80%9CEspana_necesita_mas_que_nunca_de_la_politica_con_P_mayuscula%E2%80%9D&amp;opc_id=8c53f4de8f8f09d2e54f19daf8d8ed95\"><span style=\"font-family: 'arial black', sans-serif;color: #0000ff\">aqu\u00ed<\/span><\/a> per ampliar la informaci\u00f3.<\/span><\/div>\n<p>&nbsp;<\/p>\n<p><span style=\"font-family: 'arial black', sans-serif;font-size: 20px\">CCOO PRIMER SINDICAT<\/span><\/p>\n<p style=\"text-align: justify\"><span style=\"font-family: arial, helvetica, sans-serif;color: #000000\">Acabat el cicle electoral (2016-2019), ja podem dir que CCOO ha tornat a guanyar les eleccions sindicals per setena vegada consecutiva! <\/span><\/p>\n<p><img loading=\"lazy\" decoding=\"async\" class=\" wp-image-6272 aligncenter\" src=\"http:\/\/ccoo.app\/diputacio-de-barcelona\/wp-content\/blogs.dir\/6\/files\/sites\/186\/2020\/06\/ccoo-guanya-eleccions-2019-300x145.png\" alt=\"\" width=\"341\" height=\"165\" srcset=\"https:\/\/ccoo.app\/diputacio-de-barcelona\/wp-content\/blogs.dir\/6\/files\/sites\/186\/2020\/06\/ccoo-guanya-eleccions-2019-300x145.png 300w, https:\/\/ccoo.app\/diputacio-de-barcelona\/wp-content\/blogs.dir\/6\/files\/sites\/186\/2020\/06\/ccoo-guanya-eleccions-2019-1024x494.png 1024w, https:\/\/ccoo.app\/diputacio-de-barcelona\/wp-content\/blogs.dir\/6\/files\/sites\/186\/2020\/06\/ccoo-guanya-eleccions-2019-768x370.png 768w, https:\/\/ccoo.app\/diputacio-de-barcelona\/wp-content\/blogs.dir\/6\/files\/sites\/186\/2020\/06\/ccoo-guanya-eleccions-2019.png 1311w\" sizes=\"auto, (max-width: 341px) 100vw, 341px\" \/><\/p>\n<p style=\"text-align: justify\"><span style=\"font-family: arial, helvetica, sans-serif;color: #000000\">Comissions Obrera millora resultats, i despr\u00e8s de 7 cicles electorals, continua sent el primer sindicat a l&#8217;Estat Espanyol. Ara compta amb 97.000 delegades i delegats sindicals, 9.500 m\u00e9s que la segona organitzaci\u00f3 sindical, despr\u00e9s de culminar el cicle electoral al desembre de 2019. <\/span><\/p>\n<p style=\"text-align: justify\"><span style=\"font-family: arial, helvetica, sans-serif;color: #000000\">CCOO \u00e9s la primera organitzaci\u00f3 sindical a les administracions p\u00fabliques, incloent Sanitat i Ensenyament, en la ind\u00fastria, la construcci\u00f3 i en el sector serveis. <\/span><\/p>\n<p style=\"text-align: justify\"><span style=\"font-family: arial, helvetica, sans-serif;color: #000000\">Per comunitats aut\u00f2nomes, CCOO \u00e9s el primer sindicat a:<\/span><\/p>\n<ul>\n<li><span style=\"font-family: arial, helvetica, sans-serif;color: #000000\">Andalusia<\/span><\/li>\n<li style=\"text-align: justify\"><span style=\"font-family: arial, helvetica, sans-serif;color: #000000\">Ast\u00faries<\/span><\/li>\n<li style=\"text-align: justify\"><span style=\"font-family: arial, helvetica, sans-serif;color: #000000\">Castella i Lle\u00f3<\/span><\/li>\n<li style=\"text-align: justify\"><span style=\"font-family: arial, helvetica, sans-serif;color: #000000\">Castella-la Manxa<\/span><\/li>\n<li style=\"text-align: justify\"><span style=\"font-family: arial, helvetica, sans-serif;color: #000000\">Catalunya<\/span><\/li>\n<li style=\"text-align: justify\"><span style=\"font-family: arial, helvetica, sans-serif;color: #000000\">Illes Can\u00e0ries<\/span><\/li>\n<li style=\"text-align: justify\"><span style=\"font-family: arial, helvetica, sans-serif;color: #000000\">Madrid<\/span><\/li>\n<li style=\"text-align: justify\"><span style=\"font-family: arial, helvetica, sans-serif;color: #000000\">M\u00farcia<\/span><\/li>\n<li style=\"text-align: justify\"><span style=\"font-family: arial, helvetica, sans-serif;color: #000000\">Pa\u00eds Valenci\u00e0<\/span><\/li>\n<\/ul>\n<p style=\"text-align: justify\"><span style=\"color: #000000\"><span style=\"font-family: arial, helvetica, sans-serif\">Amplia la informaci\u00f3 (clica <a href=\"https:\/\/fsc.ccoo.es\/noticia:511139--CCOO_gana_las_elecciones_sindicales_por_septima_vez_consecutiva&amp;opc_id=6a5018a39e084efa266aa087e2cc86d0\"><span style=\"color: #0000ff;font-family: 'arial black', sans-serif\">aqu\u00ed<\/span><\/a>)<\/span><\/span><\/p>\n<pre id=\"tw-target-text\" class=\"tw-data-text tw-text-large XcVN5d tw-ta\" data-placeholder=\"Traducci\u00f3n\"><span style=\"font-family: arial, helvetica, sans-serif;color: #000000\">Afilia't ja! (clica <a href=\"https:\/\/www.ccoo.es\/noticia:511105--%E2%80%9CActuar_es_esencial_Pase_lo_que_pase_CCOO%E2%80%9D&amp;opc_id=8c53f4de8f8f09d2e54f19daf8d8ed95\"><span style=\"font-family: 'arial black', sans-serif;color: #0000ff\">aqu\u00ed<\/span><\/a>)<\/span><\/pre>\n<p><iframe loading=\"lazy\" title=\"\u201cActuar es esencial. Pase lo que pase, CCOO\u201d\" width=\"1200\" height=\"675\" src=\"https:\/\/www.youtube.com\/embed\/LNbnB5VbKpo?start=4&#038;feature=oembed\" frameborder=\"0\" allow=\"accelerometer; autoplay; clipboard-write; encrypted-media; gyroscope; picture-in-picture; web-share\" allowfullscreen><\/iframe><\/p>\n<p>&nbsp;<\/p>\n<p>&nbsp;<\/p>\n<p>&nbsp;<\/p>\n<p><img loading=\"lazy\" decoding=\"async\" class=\"wp-image-5912 aligncenter\" src=\"http:\/\/ccoo.app\/diputacio-de-barcelona\/wp-content\/blogs.dir\/6\/files\/sites\/186\/2020\/05\/nota-2-300x86.png\" alt=\"\" width=\"98\" height=\"28\" srcset=\"https:\/\/ccoo.app\/diputacio-de-barcelona\/wp-content\/blogs.dir\/6\/files\/sites\/186\/2020\/05\/nota-2-300x86.png 300w, https:\/\/ccoo.app\/diputacio-de-barcelona\/wp-content\/blogs.dir\/6\/files\/sites\/186\/2020\/05\/nota-2.png 337w\" sizes=\"auto, (max-width: 98px) 100vw, 98px\" \/><\/p>\n<p>&nbsp;<\/p>\n<p style=\"text-align: center\"><img loading=\"lazy\" decoding=\"async\" class=\"wp-image-5184 aligncenter\" src=\"http:\/\/ccoo.app\/diputacio-de-barcelona\/wp-content\/blogs.dir\/6\/files\/sites\/186\/2020\/03\/i-de-info-300x300.jpg\" alt=\"\" width=\"72\" height=\"72\" srcset=\"https:\/\/ccoo.app\/diputacio-de-barcelona\/wp-content\/blogs.dir\/6\/files\/sites\/186\/2020\/03\/i-de-info-300x300.jpg 300w, https:\/\/ccoo.app\/diputacio-de-barcelona\/wp-content\/blogs.dir\/6\/files\/sites\/186\/2020\/03\/i-de-info-150x150.jpg 150w, https:\/\/ccoo.app\/diputacio-de-barcelona\/wp-content\/blogs.dir\/6\/files\/sites\/186\/2020\/03\/i-de-info.jpg 626w\" sizes=\"auto, (max-width: 72px) 100vw, 72px\" \/><span style=\"font-family: 'arial black', sans-serif;font-size: 20px;color: #ffff00;background-color: #ff0000\">TOTA LA INFORMACI\u00d3 SINDICAL QUE NECESSITES<\/span><\/p>\n<p><img loading=\"lazy\" decoding=\"async\" class=\"wp-image-5913 aligncenter\" src=\"http:\/\/ccoo.app\/diputacio-de-barcelona\/wp-content\/blogs.dir\/6\/files\/sites\/186\/2020\/05\/telefono-300x300.jpg\" alt=\"\" width=\"59\" height=\"59\" srcset=\"https:\/\/ccoo.app\/diputacio-de-barcelona\/wp-content\/blogs.dir\/6\/files\/sites\/186\/2020\/05\/telefono-300x300.jpg 300w, https:\/\/ccoo.app\/diputacio-de-barcelona\/wp-content\/blogs.dir\/6\/files\/sites\/186\/2020\/05\/telefono-150x150.jpg 150w, https:\/\/ccoo.app\/diputacio-de-barcelona\/wp-content\/blogs.dir\/6\/files\/sites\/186\/2020\/05\/telefono.jpg 600w\" sizes=\"auto, (max-width: 59px) 100vw, 59px\" \/><\/p>\n<p style=\"text-align: center\"><span style=\"font-family: 'arial black', sans-serif;color: #000000\">DE DILLUNS A DIVENDRES<\/span><\/p>\n<p style=\"text-align: center\"><span style=\"font-family: 'arial black', sans-serif;color: #000000\">DE 10:00 A 14:30 i DE 17:00 A 19 HORES<\/span><\/p>\n<p style=\"text-align: center\"><span style=\"font-family: 'arial black', sans-serif;color: #ff0000\">93.402.29.85 &#8211; 22985 &#8211; 667 90 69 64<\/span><\/p>\n<p><img loading=\"lazy\" decoding=\"async\" class=\"wp-image-5553 aligncenter\" src=\"http:\/\/ccoo.app\/diputacio-de-barcelona\/wp-content\/blogs.dir\/6\/files\/sites\/186\/2020\/04\/mail-foto-300x200.jpg\" alt=\"\" width=\"59\" height=\"39\" srcset=\"https:\/\/ccoo.app\/diputacio-de-barcelona\/wp-content\/blogs.dir\/6\/files\/sites\/186\/2020\/04\/mail-foto-300x200.jpg 300w, https:\/\/ccoo.app\/diputacio-de-barcelona\/wp-content\/blogs.dir\/6\/files\/sites\/186\/2020\/04\/mail-foto-1024x683.jpg 1024w, https:\/\/ccoo.app\/diputacio-de-barcelona\/wp-content\/blogs.dir\/6\/files\/sites\/186\/2020\/04\/mail-foto-768x512.jpg 768w, https:\/\/ccoo.app\/diputacio-de-barcelona\/wp-content\/blogs.dir\/6\/files\/sites\/186\/2020\/04\/mail-foto.jpg 1200w\" sizes=\"auto, (max-width: 59px) 100vw, 59px\" \/><\/p>\n<p style=\"text-align: center\"><span style=\"font-family: arial, helvetica, sans-serif;color: #000000\">La\u00a0SECCI\u00d3 SINDICAL DE CCOO donem resposta a tots els teus dubtes o t&#8217;ajudem solucionar els problemes que puguis tenir.<strong> T&#8217;ajudem a defensar els teus drets!<\/strong><\/span><\/p>\n<p style=\"text-align: center\"><span style=\"font-family: 'arial black', sans-serif;color: #0000ff\"><a style=\"color: #0000ff\" href=\"mailto:ccoo@diba.cat\"><strong>ccoo@diba.cat<\/strong><\/a><\/span><\/p>\n<p style=\"text-align: center\"><span style=\"font-family: 'arial black', sans-serif;color: #0000ff\"><a style=\"color: #0000ff\" href=\"mailto:orgt.ssccoo@diba.cat\">orgt.ssccoo@diba.cat<\/a><\/span><\/p>\n<p><img loading=\"lazy\" decoding=\"async\" class=\"wp-image-5554 aligncenter\" src=\"http:\/\/ccoo.app\/diputacio-de-barcelona\/wp-content\/blogs.dir\/6\/files\/sites\/186\/2020\/04\/mail-foto-enviar-300x212.jpg\" alt=\"\" width=\"67\" height=\"47\" srcset=\"https:\/\/ccoo.app\/diputacio-de-barcelona\/wp-content\/blogs.dir\/6\/files\/sites\/186\/2020\/04\/mail-foto-enviar-300x212.jpg 300w, https:\/\/ccoo.app\/diputacio-de-barcelona\/wp-content\/blogs.dir\/6\/files\/sites\/186\/2020\/04\/mail-foto-enviar-1024x724.jpg 1024w, https:\/\/ccoo.app\/diputacio-de-barcelona\/wp-content\/blogs.dir\/6\/files\/sites\/186\/2020\/04\/mail-foto-enviar-768x543.jpg 768w, https:\/\/ccoo.app\/diputacio-de-barcelona\/wp-content\/blogs.dir\/6\/files\/sites\/186\/2020\/04\/mail-foto-enviar.jpg 1200w\" sizes=\"auto, (max-width: 67px) 100vw, 67px\" \/><\/p>\n<p style=\"text-align: center\"><span style=\"font-family: arial, helvetica, sans-serif;color: #000000\">Encara no t&#8217;has descarregat la nostra <a href=\"http:\/\/www.ccoo.cat\/carnet\/index.aspx?qr=1#descarrega\"><span style=\"font-family: 'arial black', sans-serif;color: #0000ff\">APP<\/span><\/a> CCOO-Diba d&#8217;informaci\u00f3 sindical?<\/span><\/p>\n<p style=\"text-align: center\"><span style=\"font-family: arial, helvetica, sans-serif;color: #000000\">Fes clic <a href=\"http:\/\/www.ccoo.cat\/carnet\/index.aspx?qr=1#descarrega\"><span style=\"font-family: 'arial black', sans-serif;color: #0000ff\">aqu\u00ed<\/span><\/a> per tenir la informaci\u00f3 abans que ning\u00fa!<\/span><\/p>\n<p><img loading=\"lazy\" decoding=\"async\" class=\"wp-image-5915 aligncenter\" src=\"http:\/\/ccoo.app\/diputacio-de-barcelona\/wp-content\/blogs.dir\/6\/files\/sites\/186\/2020\/05\/xarxes-socials-300x169.png\" alt=\"\" width=\"227\" height=\"128\" srcset=\"https:\/\/ccoo.app\/diputacio-de-barcelona\/wp-content\/blogs.dir\/6\/files\/sites\/186\/2020\/05\/xarxes-socials-300x169.png 300w, https:\/\/ccoo.app\/diputacio-de-barcelona\/wp-content\/blogs.dir\/6\/files\/sites\/186\/2020\/05\/xarxes-socials-1024x576.png 1024w, https:\/\/ccoo.app\/diputacio-de-barcelona\/wp-content\/blogs.dir\/6\/files\/sites\/186\/2020\/05\/xarxes-socials-768x432.png 768w, https:\/\/ccoo.app\/diputacio-de-barcelona\/wp-content\/blogs.dir\/6\/files\/sites\/186\/2020\/05\/xarxes-socials.png 1200w\" sizes=\"auto, (max-width: 227px) 100vw, 227px\" \/><\/p>\n<p style=\"text-align: center\"><span style=\"font-family: arial, helvetica, sans-serif;color: #000000\">Tamb\u00e9 trobar\u00e0s CCOO-Diba a les xarxes socials. Clica sobre la icona de la teva xarxa favorita:<\/span><\/p>\n<p><a href=\"https:\/\/twitter.com\/CCOODiba\"><img loading=\"lazy\" decoding=\"async\" class=\" wp-image-5728 aligncenter\" src=\"http:\/\/ccoo.app\/diputacio-de-barcelona\/wp-content\/blogs.dir\/6\/files\/sites\/186\/2020\/04\/twitter-300x300.png\" alt=\"\" width=\"89\" height=\"89\" srcset=\"https:\/\/ccoo.app\/diputacio-de-barcelona\/wp-content\/blogs.dir\/6\/files\/sites\/186\/2020\/04\/twitter-300x300.png 300w, https:\/\/ccoo.app\/diputacio-de-barcelona\/wp-content\/blogs.dir\/6\/files\/sites\/186\/2020\/04\/twitter-150x150.png 150w, https:\/\/ccoo.app\/diputacio-de-barcelona\/wp-content\/blogs.dir\/6\/files\/sites\/186\/2020\/04\/twitter.png 512w\" sizes=\"auto, (max-width: 89px) 100vw, 89px\" \/><\/a><\/p>\n<p><a href=\"https:\/\/www.instagram.com\/ccoo_diba\/?hl=es\"><img loading=\"lazy\" decoding=\"async\" class=\"wp-image-5730 aligncenter\" src=\"http:\/\/ccoo.app\/diputacio-de-barcelona\/wp-content\/blogs.dir\/6\/files\/sites\/186\/2020\/04\/instragram-300x300.png\" alt=\"\" width=\"91\" height=\"91\" srcset=\"https:\/\/ccoo.app\/diputacio-de-barcelona\/wp-content\/blogs.dir\/6\/files\/sites\/186\/2020\/04\/instragram-300x300.png 300w, https:\/\/ccoo.app\/diputacio-de-barcelona\/wp-content\/blogs.dir\/6\/files\/sites\/186\/2020\/04\/instragram-150x150.png 150w, https:\/\/ccoo.app\/diputacio-de-barcelona\/wp-content\/blogs.dir\/6\/files\/sites\/186\/2020\/04\/instragram.png 512w\" sizes=\"auto, (max-width: 91px) 100vw, 91px\" \/><\/a><\/p>\n<p><a href=\"https:\/\/www.facebook.com\/CcooDiputacioDeBarcelona\/\"><img loading=\"lazy\" decoding=\"async\" class=\"wp-image-5729 aligncenter\" src=\"http:\/\/ccoo.app\/diputacio-de-barcelona\/wp-content\/blogs.dir\/6\/files\/sites\/186\/2020\/04\/facebook-300x300.png\" alt=\"\" width=\"90\" height=\"90\" srcset=\"https:\/\/ccoo.app\/diputacio-de-barcelona\/wp-content\/blogs.dir\/6\/files\/sites\/186\/2020\/04\/facebook-300x300.png 300w, https:\/\/ccoo.app\/diputacio-de-barcelona\/wp-content\/blogs.dir\/6\/files\/sites\/186\/2020\/04\/facebook-150x150.png 150w, https:\/\/ccoo.app\/diputacio-de-barcelona\/wp-content\/blogs.dir\/6\/files\/sites\/186\/2020\/04\/facebook.png 325w\" sizes=\"auto, (max-width: 90px) 100vw, 90px\" \/><\/a><a href=\"https:\/\/www.youtube.com\/channel\/UCFzenkS75udEcs4pB4qoZsg\"><img loading=\"lazy\" decoding=\"async\" class=\" wp-image-5916 aligncenter\" src=\"http:\/\/ccoo.app\/diputacio-de-barcelona\/wp-content\/blogs.dir\/6\/files\/sites\/186\/2020\/05\/youtube-300x115.jpg\" alt=\"\" width=\"122\" height=\"47\" srcset=\"https:\/\/ccoo.app\/diputacio-de-barcelona\/wp-content\/blogs.dir\/6\/files\/sites\/186\/2020\/05\/youtube-300x115.jpg 300w, https:\/\/ccoo.app\/diputacio-de-barcelona\/wp-content\/blogs.dir\/6\/files\/sites\/186\/2020\/05\/youtube-1024x391.jpg 1024w, https:\/\/ccoo.app\/diputacio-de-barcelona\/wp-content\/blogs.dir\/6\/files\/sites\/186\/2020\/05\/youtube-768x293.jpg 768w, https:\/\/ccoo.app\/diputacio-de-barcelona\/wp-content\/blogs.dir\/6\/files\/sites\/186\/2020\/05\/youtube.jpg 1200w\" sizes=\"auto, (max-width: 122px) 100vw, 122px\" \/><\/a><\/p>\n<p><iframe loading=\"lazy\" title=\"Hauran de comptar amb nosaltres. Salut, treball i just\u00edcia social || 1r de maig del 2020.\" width=\"1200\" height=\"675\" src=\"https:\/\/www.youtube.com\/embed\/uS104R3aSJs?feature=oembed\" frameborder=\"0\" allow=\"accelerometer; autoplay; clipboard-write; encrypted-media; gyroscope; picture-in-picture; web-share\" allowfullscreen><\/iframe><\/p>\n<p>&nbsp;    \t<\/p>\n","protected":false},"excerpt":{"rendered":"<p>FINANCIACI\u00d3 DE CCOO -11 de juny de 2020- Unai Sordo, secretari General de CCOO, respon a VOX respecte a la financiaci\u00f3 del sindicat: \u00abFinanciado por el Estado est\u00e1 su partido. &#8230; <\/p>\n<p class=\"read-more-container\"><a title=\"FAKE NEWS: CCOO RESPON CONTUNDENTMENT A VOX!\" class=\"read-more button\" href=\"https:\/\/ccoo.app\/diputacio-de-barcelona\/ccoo-respon-a-vox-respecte-a-la-seva-financiacio\/#more-6302\" aria-label=\"Leer m\u00e1s sobre FAKE NEWS: CCOO RESPON CONTUNDENTMENT A VOX!\">Continuar llegint<\/a><\/p>\n","protected":false},"author":4519,"featured_media":6303,"comment_status":"open","ping_status":"open","sticky":false,"template":"","format":"standard","meta":{"footnotes":""},"categories":[19],"tags":[],"class_list":["post-6302","post","type-post","status-publish","format-standard","has-post-thumbnail","hentry","category-comunicats","generate-columns","tablet-grid-50","mobile-grid-100","grid-parent","grid-50"],"_links":{"self":[{"href":"https:\/\/ccoo.app\/diputacio-de-barcelona\/wp-json\/wp\/v2\/posts\/6302","targetHints":{"allow":["GET"]}}],"collection":[{"href":"https:\/\/ccoo.app\/diputacio-de-barcelona\/wp-json\/wp\/v2\/posts"}],"about":[{"href":"https:\/\/ccoo.app\/diputacio-de-barcelona\/wp-json\/wp\/v2\/types\/post"}],"author":[{"embeddable":true,"href":"https:\/\/ccoo.app\/diputacio-de-barcelona\/wp-json\/wp\/v2\/users\/4519"}],"replies":[{"embeddable":true,"href":"https:\/\/ccoo.app\/diputacio-de-barcelona\/wp-json\/wp\/v2\/comments?post=6302"}],"version-history":[{"count":1,"href":"https:\/\/ccoo.app\/diputacio-de-barcelona\/wp-json\/wp\/v2\/posts\/6302\/revisions"}],"predecessor-version":[{"id":50927,"href":"https:\/\/ccoo.app\/diputacio-de-barcelona\/wp-json\/wp\/v2\/posts\/6302\/revisions\/50927"}],"wp:featuredmedia":[{"embeddable":true,"href":"https:\/\/ccoo.app\/diputacio-de-barcelona\/wp-json\/wp\/v2\/media\/6303"}],"wp:attachment":[{"href":"https:\/\/ccoo.app\/diputacio-de-barcelona\/wp-json\/wp\/v2\/media?parent=6302"}],"wp:term":[{"taxonomy":"category","embeddable":true,"href":"https:\/\/ccoo.app\/diputacio-de-barcelona\/wp-json\/wp\/v2\/categories?post=6302"},{"taxonomy":"post_tag","embeddable":true,"href":"https:\/\/ccoo.app\/diputacio-de-barcelona\/wp-json\/wp\/v2\/tags?post=6302"}],"curies":[{"name":"wp","href":"https:\/\/api.w.org\/{rel}","templated":true}]}}