{"id":6292,"date":"2020-06-18T14:17:48","date_gmt":"2020-06-18T13:17:48","guid":{"rendered":"https:\/\/diba.ccoo.cat\/?p=6292"},"modified":"2023-02-22T18:38:49","modified_gmt":"2023-02-22T17:38:49","slug":"desescalada-diba-juny-2020","status":"publish","type":"post","link":"https:\/\/ccoo.app\/diputacio-de-barcelona\/desescalada-diba-juny-2020\/","title":{"rendered":"96\/COVID-19. SEGUIMENT DEL PROC\u00c9S DE DESESCALADA A LA DIPUTACI\u00d3 DE BARCELONA"},"content":{"rendered":"<p><a href=\"https:\/\/diba.ccoo.cat\/\"><img loading=\"lazy\" decoding=\"async\" class=\"wp-image-5909 aligncenter\" src=\"http:\/\/ccoo.app\/diputacio-de-barcelona\/wp-content\/blogs.dir\/6\/files\/sites\/186\/2020\/05\/nota-1-300x86.png\" alt=\"\" width=\"92\" height=\"27\" srcset=\"https:\/\/ccoo.app\/diputacio-de-barcelona\/wp-content\/blogs.dir\/6\/files\/sites\/186\/2020\/05\/nota-1-300x86.png 300w, https:\/\/ccoo.app\/diputacio-de-barcelona\/wp-content\/blogs.dir\/6\/files\/sites\/186\/2020\/05\/nota-1.png 339w\" sizes=\"auto, (max-width: 92px) 100vw, 92px\" \/><\/a><\/p>\n<p class=\"wp-caption-text\"><a href=\"https:\/\/diba.ccoo.cat\/\"><img loading=\"lazy\" decoding=\"async\" class=\"wp-image-1853 aligncenter\" src=\"http:\/\/ccoo.app\/diputacio-de-barcelona\/wp-content\/blogs.dir\/6\/files\/sites\/186\/2018\/01\/logoccoov18.jpg\" alt=\"\" width=\"240\" height=\"110\" \/><\/a><\/p>\n<p><a href=\"http:\/\/ccoo.app\/diputacio-de-barcelona\/wp-content\/blogs.dir\/6\/files\/sites\/186\/2020\/06\/17-06-2020-comunicat.pdf\"><img loading=\"lazy\" decoding=\"async\" class=\"wp-image-5910 aligncenter\" src=\"http:\/\/ccoo.app\/diputacio-de-barcelona\/wp-content\/blogs.dir\/6\/files\/sites\/186\/2020\/05\/nota-3-300x83.png\" alt=\"\" width=\"90\" height=\"25\" srcset=\"https:\/\/ccoo.app\/diputacio-de-barcelona\/wp-content\/blogs.dir\/6\/files\/sites\/186\/2020\/05\/nota-3-300x83.png 300w, https:\/\/ccoo.app\/diputacio-de-barcelona\/wp-content\/blogs.dir\/6\/files\/sites\/186\/2020\/05\/nota-3.png 337w\" sizes=\"auto, (max-width: 90px) 100vw, 90px\" \/><\/a><\/p>\n<p style=\"text-align: center\"><span style=\"font-family: 'arial black', sans-serif;color: #0000ff;font-size: 24px\">SEGUIMENT DEL PROC\u00c9S DE DESESCALADA A LA DIPUTACI\u00d3 DE BARCELONA<\/span><\/p>\n<p style=\"text-align: center\"><span style=\"font-family: 'arial black', sans-serif;color: #000000\">INCLOU INFORMACI\u00d3 GENERAL I DE RESPIR, PATRONAT, XBM <\/span><\/p>\n<p style=\"text-align: center\"><span style=\"font-family: arial, helvetica, sans-serif;font-size: 14px;color: #000000\">-18 de juny de 2020-<\/span><\/p>\n<p style=\"text-align: justify\"><span style=\"font-family: arial, helvetica, sans-serif;color: #000000\">El desenvolupament del protocol segueix endavant implementant les mesures per a minimitzar el risc de contagis i optimitzant la prestaci\u00f3 del servei p\u00fablic.<\/span><\/p>\n<p style=\"text-align: justify\"><span style=\"font-family: arial, helvetica, sans-serif;color: #000000\">Per tant, es segueix prioritzant la modalitat de treball no presencial, adequant els centres de treball, respectant el dret a la conciliaci\u00f3 (tamb\u00e9 del personal essencial), mantenint la protecci\u00f3 dels col\u00b7lectius vulnerables.<\/span><\/p>\n<p style=\"text-align: justify\"><span style=\"font-family: arial, helvetica, sans-serif;color: #000000\">Dimarts 16 i dimecres 17, s\u2019han celebrat dues noves reunions de la <em>Comissi\u00f3 de Seguiment del Protocol amb l\u2019objectiu de repassar la implementaci\u00f3 de les mesures organitzatives, de protecci\u00f3 i prevenci\u00f3 front als possibles contagis pel COVID-19<\/em>:<\/span><\/p>\n<ul style=\"text-align: justify\">\n<li><span style=\"font-family: arial, helvetica, sans-serif;color: #000000\"><span style=\"font-family: 'arial black', sans-serif\"><strong>T<\/strong><strong>REBALL A DIST\u00c0NCIA<\/strong><\/span> Existeix una regulaci\u00f3 b\u00e0sica que contempla la dotaci\u00f3 de mitjans inform\u00e0tics i ergon\u00f2mics, dret a la desconnexi\u00f3 i mesures de flexibilitat per conciliaci\u00f3 (cliqueu <span style=\"color: #0000ff\"><a style=\"color: #0000ff\" href=\"https:\/\/diba.ccoo.cat\/treball-a-distancia-a-la-diputacio\/\"><span style=\"font-family: 'arial black', sans-serif\">aqu\u00ed<\/span><\/a><\/span>).<\/span><\/li>\n<\/ul>\n<p style=\"text-align: center\"><span style=\"font-family: arial, helvetica, sans-serif;color: #000000\">Necessites assessorament al respecte? No dubtis en posar-te en contacte amb CCOO-Diba.<\/span><\/p>\n<ul style=\"text-align: justify\">\n<li><span style=\"font-family: arial, helvetica, sans-serif;color: #000000\"><span style=\"font-family: 'arial black', sans-serif\"><strong>TREBALL PRESENCIAL<\/strong><\/span> Abans de la incorporaci\u00f3 al lloc de treball presencial, tothom haur\u00e0 d\u2019haver:<\/span><\/li>\n<li style=\"list-style-type: none\">\n<ul style=\"text-align: justify\">\n<li><span style=\"color: #000000;font-family: arial, helvetica, sans-serif\">Realitzat un curs de formaci\u00f3 on-line sobre les instruccions d\u2019acc\u00e9s als llocs de treball, mesures preventives de la COVID-19, i sobre l\u2019\u00fas dels equips de protecci\u00f3 individual<\/span><\/li>\n<li><span style=\"color: #000000;font-family: arial, helvetica, sans-serif\">Rebut notificaci\u00f3 (com a m\u00ednim 24 hores abans) respecte la seva reincorporaci\u00f3<\/span><\/li>\n<li><span style=\"color: #000000;font-family: arial, helvetica, sans-serif\">Tests de detecci\u00f3 d\u2019anticossos: (ens informen que \u00e9s pot donar el cas, per a problemes de gesti\u00f3, que no es pugui fer abans de la incorporaci\u00f3)<\/span><\/li>\n<li><span style=\"color: #000000;font-family: arial, helvetica, sans-serif\">S\u2019ha de garantir la neteja, desinfecci\u00f3 i adequaci\u00f3 preventiva de tots els centres de treball <strong><u>pr\u00e8via<\/u><\/strong> a la reincorporaci\u00f3:<\/span>\n<ul style=\"text-align: justify\">\n<li><span style=\"color: #000000;font-family: arial, helvetica, sans-serif\">M<a style=\"color: #000000\" href=\"https:\/\/diba.ccoo.cat\/wp-content\/uploads\/sites\/37\/2020\/05\/8.-MESURES-DE-PREVENCI%C3%93-I-PROTECCI%C3%93-PR%C3%88VIES-A-L%E2%80%99INICI-DE-L%E2%80%99ACTIVITAT-PRESENCIAL.pdf\">esures generals pr\u00e8vies de prevenci\u00f3 i protecci\u00f3 <\/a>(<a href=\"https:\/\/diba.ccoo.cat\/wp-content\/uploads\/sites\/37\/2020\/05\/8.-MESURES-DE-PREVENCI%C3%93-I-PROTECCI%C3%93-PR%C3%88VIES-A-L%E2%80%99INICI-DE-L%E2%80%99ACTIVITAT-PRESENCIAL.pdf\"><span style=\"color: #0000ff;font-family: 'arial black', sans-serif\">+ info<\/span><\/a>)<\/span><\/li>\n<li><span style=\"font-family: arial, helvetica, sans-serif;color: #000000\">M<a style=\"color: #000000\" href=\"https:\/\/diba.ccoo.cat\/wp-content\/uploads\/sites\/37\/2020\/05\/9.MESURES-PR%C3%88VIES-A-L%E2%80%99INICI-DE-L%E2%80%99ACTIVITAT-PRESENCIAL.-MATERIALS.pdf\">esures pr\u00e8vies: materials<\/a> <a href=\"https:\/\/diba.ccoo.cat\/wp-content\/uploads\/sites\/37\/2020\/05\/9.MESURES-PR%C3%88VIES-A-L%E2%80%99INICI-DE-L%E2%80%99ACTIVITAT-PRESENCIAL.-MATERIALS.pdf\"><span style=\"color: #0000ff;font-family: 'arial black', sans-serif\">(+ info)<\/span><\/a><\/span><\/li>\n<li><span style=\"font-family: arial, helvetica, sans-serif;color: #000000\">M<a style=\"color: #000000\" href=\"http:\/\/ccoo.app\/diputacio-de-barcelona\/wp-content\/blogs.dir\/6\/files\/sites\/186\/2020\/05\/10.MESURES-PR%C3%88VIES-A-L%E2%80%99INICI-DE-L%E2%80%99ACTIVITAT-PRESENCIAL.-SENYALITZACI%C3%93.pdf\">esures pr\u00e8vies: senyalitzaci\u00f3<\/a> <a href=\"http:\/\/ccoo.app\/diputacio-de-barcelona\/wp-content\/blogs.dir\/6\/files\/sites\/186\/2020\/05\/10.MESURES-PR%C3%88VIES-A-L%E2%80%99INICI-DE-L%E2%80%99ACTIVITAT-PRESENCIAL.-SENYALITZACI%C3%93.pdf\"><span style=\"color: #0000ff;font-family: 'arial black', sans-serif\">(+ info)<\/span><\/a><\/span><\/li>\n<li><span style=\"font-family: arial, helvetica, sans-serif;color: #000000\">M<a style=\"color: #000000\" href=\"http:\/\/ccoo.app\/diputacio-de-barcelona\/wp-content\/blogs.dir\/6\/files\/sites\/186\/2020\/05\/11.MESURES-DE-PREVENCI%C3%93-I-PROTECCI%C3%93-UN-COP-INICIADA-L%E2%80%99ACTIVITAT-PRESENCIAL.pdf\">esures un cop iniciada l\u2019activitat presencial<\/a> <a href=\"http:\/\/ccoo.app\/diputacio-de-barcelona\/wp-content\/blogs.dir\/6\/files\/sites\/186\/2020\/05\/11.MESURES-DE-PREVENCI%C3%93-I-PROTECCI%C3%93-UN-COP-INICIADA-L%E2%80%99ACTIVITAT-PRESENCIAL.pdf\"><span style=\"color: #0000ff;font-family: 'arial black', sans-serif\">(+ info)<\/span><\/a><\/span><\/li>\n<\/ul>\n<\/li>\n<\/ul>\n<\/li>\n<\/ul>\n<p style=\"text-align: justify\"><span style=\"font-family: arial, helvetica, sans-serif;color: #000000\">Les darreres setmanes, CCOO hem pogut repassar la instal\u00b7laci\u00f3 de les mesures de protecci\u00f3 <em>in situ<\/em> als centres de treball. Tot i que s\u2019han detectat petites defici\u00e8ncies, en termes generals, podem dir que en relaci\u00f3 als centres visitats (Can Serra, Escola Industrial, Londres, Mundet, Minerva, Canet, etc&#8230;), la nostra valoraci\u00f3 es positiva. Aquesta setmana seguim amb la resta de centres.<\/span><\/p>\n<p style=\"text-align: justify\"><span style=\"font-family: arial, helvetica, sans-serif;color: #000000\">Vols informar-nos d\u2019incid\u00e8ncies al respecte? Posa\u2019t en contacte amb nosaltres.<\/span><\/p>\n<p><a href=\"http:\/\/ccoo.app\/diputacio-de-barcelona\/wp-content\/blogs.dir\/6\/files\/sites\/186\/2020\/06\/mamparas-can-serra.jpg\"><img loading=\"lazy\" decoding=\"async\" class=\"size-medium wp-image-6295 aligncenter\" src=\"http:\/\/ccoo.app\/diputacio-de-barcelona\/wp-content\/blogs.dir\/6\/files\/sites\/186\/2020\/06\/mamparas-can-serra-300x225.jpg\" alt=\"\" width=\"300\" height=\"225\" srcset=\"https:\/\/ccoo.app\/diputacio-de-barcelona\/wp-content\/blogs.dir\/6\/files\/sites\/186\/2020\/06\/mamparas-can-serra-300x225.jpg 300w, https:\/\/ccoo.app\/diputacio-de-barcelona\/wp-content\/blogs.dir\/6\/files\/sites\/186\/2020\/06\/mamparas-can-serra.jpg 596w\" sizes=\"auto, (max-width: 300px) 100vw, 300px\" \/><\/a><\/p>\n<p style=\"text-align: justify\"><span style=\"font-family: 'arial black', sans-serif;color: #000000\">PETICIONS FETES PER A CCOO<\/span><\/p>\n<ul style=\"text-align: justify\">\n<li><span style=\"font-family: arial, helvetica, sans-serif;color: #000000\">Pel personal que s\u2019ha d\u2019incorporar presencialment, insistim a las ger\u00e8ncies i direccions, en la import\u00e0ncia d\u2019evitar la coincid\u00e8ncia en espais com vestuaris i accessos als centres, i esglaonar les entrades i sortides dels empleats i empleades. Les aglomeracions comporten un risc molt elevat de contagis. El protocol contempla mesures organitzatives excepcionals. Apel\u00b7lem a la responsabilitat de les persones gestores.<\/span><\/li>\n<\/ul>\n<ul style=\"text-align: justify\">\n<li><span style=\"font-family: arial, helvetica, sans-serif;color: #000000\">Ens preocupa el sistema de climatitzaci\u00f3 dels centres de treball. Aquests han de complir amb certes precaucions i combinar-se amb la ventilaci\u00f3 natural. Ens asseguren que l\u2019estan revisant i adequant la seva utilitzaci\u00f3 per evitar possibles contagis per aquesta via.<\/span><\/li>\n<\/ul>\n<ul style=\"text-align: justify\">\n<li><span style=\"font-family: arial, helvetica, sans-serif;color: #000000\">P\u00e0rquings segurs per a bicis i patinets: reiterem la nostra petici\u00f3 de trobar espais provisionals per a facilitar els despla\u00e7aments del personal amb aquests mitjans. La recomanaci\u00f3 actual de les autoritats sanit\u00e0ries \u00e9s evitar els transports col\u00b7lectius. La Diputaci\u00f3 s\u2019omple la boca sempre amb la \u201cmobilitat sostenible\u201d. Doncs, tristament, despr\u00e9s de mesos reclamant-ho, res de res.<\/span><\/li>\n<\/ul>\n<ul style=\"text-align: justify\">\n<li><span style=\"color: #000000;font-family: arial, helvetica, sans-serif\">S\u2019han habilitat diferents sistemes per a mesurar la temperatura corporal en els accessos a edificis corporatius. Fins que no es resolgui una consulta feta a l\u2019APDCAT, no s\u2019aplicar\u00e0 a les persones <u>EXTERNES<\/u> que vulguin accedir als nostres centres. No obstant aix\u00f2, es prendr\u00e0 la temperatura al personal de la Diputaci\u00f3 de Barcelona tal com indica el protocol:<\/span><\/li>\n<\/ul>\n<p style=\"text-align: justify\"><span style=\"font-family: arial, helvetica, sans-serif;color: #000000\"><strong>\u00a0<\/strong><\/span><\/p>\n<p style=\"text-align: justify\"><span style=\"font-family: arial, helvetica, sans-serif;color: #000000\"><span style=\"font-family: 'arial black', sans-serif\"><strong>DESCONNEXI\u00d3 DIGITAL <\/strong><\/span>El protocol indica: \u201c<em>Es garanteix el dret a la desconnexi\u00f3 digital <u>fora de l\u2019horari<\/u> de treball assignat, respectant el temps de descans i la intimitat personal dels empleats i de les empleades\u201d.<\/em> Exigim que tots els comandaments respectin aquest dret i s\u2019abstinguin d\u2019enviar comunicacions (missatgeria per WhatApp o similar, trucades de tel\u00e8fon o fins i tot via mailing) fora de la jornada de treball establerta. CCOO ens prendrem seriosament les queixes que ens puguin fer arribar el personal i actuarem amb determinaci\u00f3.<\/span><\/p>\n<p>&nbsp;<\/p>\n<p style=\"text-align: justify\"><span style=\"font-family: arial, helvetica, sans-serif;color: #000000\"><span style=\"font-family: 'arial black', sans-serif\">RESPIR<\/span> Amb la ratificaci\u00f3 al Ple del Protocol, el personal major de 60 anys tamb\u00e9 dels serveis essencials poden beneficiar-se del perm\u00eds regulat a l\u2019article 48j de l\u2019EBEP com a <u>mesura de protecci\u00f3<\/u>. \u00c9s una important reivindicaci\u00f3 assolida! Recordem que la taxa de mortalitat es dispara a partir dels 60 arribant a un 7,83%. Tamb\u00e9, i gr\u00e0cies al Protocol, el personal essencial pot gaudir de <u>mesures de conciliaci\u00f3<\/u>. Ens informen que s\u2019estan aplicant de manera equitativa tenint en compte les necessitats del servei.<\/span><\/p>\n<p style=\"text-align: justify\"><span style=\"font-family: arial, helvetica, sans-serif;color: #000000\"><img loading=\"lazy\" decoding=\"async\" class=\" wp-image-6296 alignleft\" src=\"http:\/\/ccoo.app\/diputacio-de-barcelona\/wp-content\/blogs.dir\/6\/files\/sites\/186\/2020\/06\/gracias.jpg\" alt=\"\" width=\"119\" height=\"119\" srcset=\"https:\/\/ccoo.app\/diputacio-de-barcelona\/wp-content\/blogs.dir\/6\/files\/sites\/186\/2020\/06\/gracias.jpg 273w, https:\/\/ccoo.app\/diputacio-de-barcelona\/wp-content\/blogs.dir\/6\/files\/sites\/186\/2020\/06\/gracias-150x150.jpg 150w\" sizes=\"auto, (max-width: 119px) 100vw, 119px\" \/>Respecte als dies de descans que s\u2019han introdu\u00eft per evitar setmanes \u201cllargues\u201d, tamb\u00e9 ens diuen que es concediran en la mesura que les circumst\u00e0ncies ho permetin. Indiquen que amb les vacances pel mig \u00e9s possible que sigui m\u00e9s complicat aplicar-ho. A l\u2019estiu asseguren que es faran substitucions.<\/span><\/p>\n<p style=\"text-align: justify\"><span style=\"font-family: arial, helvetica, sans-serif;color: #000000\">Com sempre, davant qualsevol incid\u00e8ncia quedem a disposici\u00f3 del personal.<\/span><\/p>\n<p style=\"text-align: justify\"><span style=\"font-family: arial, helvetica, sans-serif;color: #000000\">En els moments m\u00e9s dif\u00edcils i angoixants d\u2019aquest pand\u00e8mia, amb valentia i professionalitat, tot el personal de RESPIR va estar a l\u2019altura de les circumst\u00e0ncies. \u00c9s de just\u00edcia de nou recon\u00e8ixer-ho i reiterar la nostra petici\u00f3 que aix\u00f2 es pugui traduir en millores retributives i de condicions de treball.<\/span><\/p>\n<p>&nbsp;<\/p>\n<p style=\"text-align: justify\"><span style=\"font-family: arial, helvetica, sans-serif;color: #000000\"><span style=\"font-family: 'arial black', sans-serif\">PATRONAT<\/span> Quedem pendents que ens convoquin a una nova reuni\u00f3 per a tractar temes espec\u00edfics. En la reuni\u00f3 d\u2019ahir, hem exposat la situaci\u00f3 del personal t\u00e8cnic que presta servei per a les 900 administracions de loteria.<\/span><\/p>\n<p style=\"text-align: justify\"><span style=\"font-family: arial, helvetica, sans-serif;color: #000000\">A les persones que treballen telem\u00e0ticament durant aquesta pand\u00e8mia, no se\u2019ls pot demanar que atenguin trucades m\u00e9s enll\u00e0 del seu horari ordinari. En aquest cas, els \u00e9s d\u2019aplicaci\u00f3 la regulaci\u00f3 vigent (cliqueu <a href=\"https:\/\/diba.ccoo.cat\/treball-a-distancia-a-la-diputacio\/\"><span style=\"color: #0000ff;font-family: 'arial black', sans-serif\">aqu\u00ed<\/span><\/a>)<\/span><\/p>\n<p style=\"text-align: justify\"><span style=\"font-family: arial, helvetica, sans-serif;color: #000000\">Per una decisi\u00f3 organitzativa, es va establir que el personal t\u00e8cnic havia d\u2019atendre directament les trucades de les 900 administracions. Fins i tot abans de la pand\u00e8mia, se\u2019ls va desviar <u>totes<\/u> les trucades que es fan al Patronat per les tardes. Considerem que aix\u00f2 sobrecarrega al personal (ja que han de continuar fent la seva feina habitual), va m\u00e9s enll\u00e0 de les seves funcions i no ofereix un servei d\u2019atenci\u00f3 de qualitat.<\/span><\/p>\n<p style=\"text-align: justify\"><span style=\"font-family: arial, helvetica, sans-serif;color: #000000\">A la reuni\u00f3 que es vol celebrar, tamb\u00e9 volem parlar de la manca de personal. Considerem que \u00e9s especialment important per atendre les necessitats en cas d\u2019abs\u00e8ncia del personal, siguin aquestes programades (vacances o permisos) o sobrevingudes (baixes o com passa ara, per culpa de la pand\u00e8mia). I aprofitarem per a recordar que, si el personal ha d\u2019estar localitzable els dissabtes, s\u2019ha d\u2019establir tenint en compte el que marca l\u2019Acord de Condicions de la Diputaci\u00f3: cobrant el factor de localitzaci\u00f3. No gratis.<\/span><\/p>\n<p>&nbsp;<\/p>\n<p style=\"text-align: justify\"><span style=\"font-family: arial, helvetica, sans-serif;color: #000000\"><span style=\"font-family: 'arial black', sans-serif\">XBM<\/span> En aquest moment, entorn a un 70 % de les biblioteques ja estan obertes. Tal com ens han informat, compleixen amb els requeriments previs establert al Protocol. Si detecteu alguna defici\u00e8ncia, no dubteu en posar-ho en coneixement de la ger\u00e8ncia o dels sindicats per a que es pugui resoldre de la manera m\u00e9s r\u00e0pida possible (ccoo@diba.cat)<\/span><\/p>\n<p style=\"text-align: justify\"><span style=\"color: #000000;font-family: arial, helvetica, sans-serif\">Tal com desitj\u00e0vem, tamb\u00e9 a la XBM es realitzaran els tests de detecci\u00f3 d\u2019anticossos de manera descentralitzada, es a dir, no exclusivament a Barcelona. Tot i aix\u00f2, \u00e9s possible que aix\u00f2 us suposi utilitzar mitjans propis per a despla\u00e7ar-vos. Demanarem que es compensi tant el temps que s\u2019utilitzi per fer la prova com el cost del despla\u00e7ament.\u00a0 \u00a0 \u00a0 \u00a0 \u00a0 \u00a0 \u00a0 \u00a0 \u00a0 \u00a0 \u00a0 \u00a0 \u00a0 \u00a0 \u00a0 \u00a0 \u00a0 \u00a0 \u00a0 \u00a0 \u00a0 \u00a0 \u00a0 \u00a0 \u00a0 \u00a0 \u00a0 \u00a0 \u00a0 \u00a0 \u00a0 \u00a0 \u00a0 \u00a0 \u00a0 \u00a0 \u00a0 \u00a0 \u00a0 \u00a0 \u00a0 \u00a0 \u00a0 \u00a0 \u00a0 \u00a0 \u00a0 \u00a0 \u00a0<\/span><\/p>\n<p style=\"text-align: justify\"><span style=\"font-family: arial, helvetica, sans-serif;color: #000000\"><img loading=\"lazy\" decoding=\"async\" class=\" wp-image-5938 alignleft\" src=\"http:\/\/ccoo.app\/diputacio-de-barcelona\/wp-content\/blogs.dir\/6\/files\/sites\/186\/2020\/05\/xbm-covid-300x226.png\" alt=\"\" width=\"188\" height=\"142\" srcset=\"https:\/\/ccoo.app\/diputacio-de-barcelona\/wp-content\/blogs.dir\/6\/files\/sites\/186\/2020\/05\/xbm-covid-300x226.png 300w, https:\/\/ccoo.app\/diputacio-de-barcelona\/wp-content\/blogs.dir\/6\/files\/sites\/186\/2020\/05\/xbm-covid.png 448w\" sizes=\"auto, (max-width: 188px) 100vw, 188px\" \/>Respecte als horaris del personal, ens asseguren que cap persona doblar\u00e0 jornada (mat\u00ed\/tarda) i \u00e9s per aquest motiu que no es far\u00e0 efectiu l\u2019Ajut Menjar. La ger\u00e8ncia, responent a les nostres preguntes, ens indica que ha donat instruccions clares per a que CAP PERSONA treballi mat\u00ed i tarda. Afegeix que, si aix\u00f2 no \u00e9s el cas d\u2019alguna persona, que ho faci saber i ho corregiran.<\/span><\/p>\n<p style=\"text-align: justify\"><span style=\"font-family: arial, helvetica, sans-serif;color: #000000\">En relaci\u00f3 a la possible ampliaci\u00f3 d\u2019horaris de les biblioteques en les pr\u00f2ximes setmanes, ens indiquen que no es poden pronunciar. Encara no hi res definit. Des de CCOO, considerem que s\u2019ha d\u2019anar pas a pas. Abans d\u2019aplicar qualsevol ampliaci\u00f3 d\u2019horari, d\u2019aforament i serveis, s\u2019ha d\u2019avaluar la situaci\u00f3 amb cautela. Aix\u00f2 ens permetr\u00e0 oferir el servei i garantir el compliment de manera m\u00e9s segura de les mesures preventives. Recordem que ara es treballa amb 1\/3 menys de la plantilla.<\/span><\/p>\n<p style=\"text-align: justify\"><span style=\"font-family: arial, helvetica, sans-serif;color: #000000\">Han elaborat un protocol pels bibliobusos. Aquest inclou, entre altres coses, la prohibici\u00f3 que les persones usu\u00e0ries pugin al vehicle. El personal romandr\u00e0 a dins i donar\u00e0 atenci\u00f3 a les usu\u00e0ries a fora. Ens preocupa el sistema de climatitzaci\u00f3 dels vehicles i les condicions del personal quan prestin servei fora, especialment els dies de molta calor.<\/span><\/p>\n<p>&nbsp;<\/p>\n<p><img loading=\"lazy\" decoding=\"async\" class=\"wp-image-6227 alignleft\" src=\"http:\/\/ccoo.app\/diputacio-de-barcelona\/wp-content\/blogs.dir\/6\/files\/sites\/186\/2020\/05\/orgt-295x300.png\" alt=\"\" width=\"61\" height=\"62\" srcset=\"https:\/\/ccoo.app\/diputacio-de-barcelona\/wp-content\/blogs.dir\/6\/files\/sites\/186\/2020\/05\/orgt-295x300.png 295w, https:\/\/ccoo.app\/diputacio-de-barcelona\/wp-content\/blogs.dir\/6\/files\/sites\/186\/2020\/05\/orgt-150x150.png 150w, https:\/\/ccoo.app\/diputacio-de-barcelona\/wp-content\/blogs.dir\/6\/files\/sites\/186\/2020\/05\/orgt.png 627w\" sizes=\"auto, (max-width: 61px) 100vw, 61px\" \/><\/p>\n<p style=\"text-align: justify\"><span style=\"font-family: arial, helvetica, sans-serif;color: #000000\"><span style=\"font-family: 'arial black', sans-serif\">ORGT<\/span> (Cliqueu <a href=\"https:\/\/diba.ccoo.cat\/desescalada-orgt\/\"><span style=\"color: #0000ff;font-family: 'arial black', sans-serif\">aqu\u00ed<\/span><\/a> per llegir comunicat espec\u00edfic)<\/span><\/p>\n<p>&nbsp;<\/p>\n<p><a href=\"http:\/\/ccoo.app\/diputacio-de-barcelona\/wp-content\/blogs.dir\/6\/files\/sites\/186\/2020\/06\/acord-signat-protocol-represa-activitats-covid-19.pdf\"><img loading=\"lazy\" decoding=\"async\" class=\"wp-image-5912 aligncenter\" src=\"http:\/\/ccoo.app\/diputacio-de-barcelona\/wp-content\/blogs.dir\/6\/files\/sites\/186\/2020\/05\/nota-2-300x86.png\" alt=\"\" width=\"98\" height=\"28\" srcset=\"https:\/\/ccoo.app\/diputacio-de-barcelona\/wp-content\/blogs.dir\/6\/files\/sites\/186\/2020\/05\/nota-2-300x86.png 300w, https:\/\/ccoo.app\/diputacio-de-barcelona\/wp-content\/blogs.dir\/6\/files\/sites\/186\/2020\/05\/nota-2.png 337w\" sizes=\"auto, (max-width: 98px) 100vw, 98px\" \/><\/a><\/p>\n<p>&nbsp;<\/p>\n<p style=\"text-align: center\"><img loading=\"lazy\" decoding=\"async\" class=\"wp-image-5184 aligncenter\" src=\"http:\/\/ccoo.app\/diputacio-de-barcelona\/wp-content\/blogs.dir\/6\/files\/sites\/186\/2020\/03\/i-de-info-300x300.jpg\" alt=\"\" width=\"72\" height=\"72\" srcset=\"https:\/\/ccoo.app\/diputacio-de-barcelona\/wp-content\/blogs.dir\/6\/files\/sites\/186\/2020\/03\/i-de-info-300x300.jpg 300w, https:\/\/ccoo.app\/diputacio-de-barcelona\/wp-content\/blogs.dir\/6\/files\/sites\/186\/2020\/03\/i-de-info-150x150.jpg 150w, https:\/\/ccoo.app\/diputacio-de-barcelona\/wp-content\/blogs.dir\/6\/files\/sites\/186\/2020\/03\/i-de-info.jpg 626w\" sizes=\"auto, (max-width: 72px) 100vw, 72px\" \/><span style=\"font-family: 'arial black', sans-serif;font-size: 20px;color: #ffff00;background-color: #ff0000\">TOTA LA INFORMACI\u00d3 SINDICAL QUE NECESSITES<\/span><\/p>\n<p><img loading=\"lazy\" decoding=\"async\" class=\"wp-image-5913 aligncenter\" src=\"http:\/\/ccoo.app\/diputacio-de-barcelona\/wp-content\/blogs.dir\/6\/files\/sites\/186\/2020\/05\/telefono-300x300.jpg\" alt=\"\" width=\"59\" height=\"59\" srcset=\"https:\/\/ccoo.app\/diputacio-de-barcelona\/wp-content\/blogs.dir\/6\/files\/sites\/186\/2020\/05\/telefono-300x300.jpg 300w, https:\/\/ccoo.app\/diputacio-de-barcelona\/wp-content\/blogs.dir\/6\/files\/sites\/186\/2020\/05\/telefono-150x150.jpg 150w, https:\/\/ccoo.app\/diputacio-de-barcelona\/wp-content\/blogs.dir\/6\/files\/sites\/186\/2020\/05\/telefono.jpg 600w\" sizes=\"auto, (max-width: 59px) 100vw, 59px\" \/><\/p>\n<p style=\"text-align: center\"><span style=\"font-family: 'arial black', sans-serif;color: #000000\">DE DILLUNS A DIVENDRES<\/span><\/p>\n<p style=\"text-align: center\"><span style=\"font-family: 'arial black', sans-serif;color: #000000\">DE 10:00 A 14:30 i DE 17:00 A 19 HORES<\/span><\/p>\n<p style=\"text-align: center\"><span style=\"font-family: 'arial black', sans-serif;color: #ff0000\">93.402.29.85 &#8211; 22985 &#8211; 667 90 69 64<\/span><\/p>\n<p><img loading=\"lazy\" decoding=\"async\" class=\"wp-image-5553 aligncenter\" src=\"http:\/\/ccoo.app\/diputacio-de-barcelona\/wp-content\/blogs.dir\/6\/files\/sites\/186\/2020\/04\/mail-foto-300x200.jpg\" alt=\"\" width=\"59\" height=\"39\" srcset=\"https:\/\/ccoo.app\/diputacio-de-barcelona\/wp-content\/blogs.dir\/6\/files\/sites\/186\/2020\/04\/mail-foto-300x200.jpg 300w, https:\/\/ccoo.app\/diputacio-de-barcelona\/wp-content\/blogs.dir\/6\/files\/sites\/186\/2020\/04\/mail-foto-1024x683.jpg 1024w, https:\/\/ccoo.app\/diputacio-de-barcelona\/wp-content\/blogs.dir\/6\/files\/sites\/186\/2020\/04\/mail-foto-768x512.jpg 768w, https:\/\/ccoo.app\/diputacio-de-barcelona\/wp-content\/blogs.dir\/6\/files\/sites\/186\/2020\/04\/mail-foto.jpg 1200w\" sizes=\"auto, (max-width: 59px) 100vw, 59px\" \/><\/p>\n<p style=\"text-align: center\"><span style=\"font-family: arial, helvetica, sans-serif;color: #000000\">La\u00a0SECCI\u00d3 SINDICAL DE CCOO donem resposta a tots els teus dubtes o t&#8217;ajudem solucionar els problemes que puguis tenir.<strong> T&#8217;ajudem a defensar els teus drets!<\/strong><\/span><\/p>\n<p style=\"text-align: center\"><span style=\"font-family: 'arial black', sans-serif;color: #0000ff\"><a style=\"color: #0000ff\" href=\"mailto:ccoo@diba.cat\"><strong>ccoo@diba.cat<\/strong><\/a><\/span><\/p>\n<p style=\"text-align: center\"><span style=\"font-family: 'arial black', sans-serif;color: #0000ff\"><a style=\"color: #0000ff\" href=\"mailto:orgt.ssccoo@diba.cat\">orgt.ssccoo@diba.cat<\/a><\/span><\/p>\n<p><img loading=\"lazy\" decoding=\"async\" class=\"wp-image-5554 aligncenter\" src=\"http:\/\/ccoo.app\/diputacio-de-barcelona\/wp-content\/blogs.dir\/6\/files\/sites\/186\/2020\/04\/mail-foto-enviar-300x212.jpg\" alt=\"\" width=\"67\" height=\"47\" srcset=\"https:\/\/ccoo.app\/diputacio-de-barcelona\/wp-content\/blogs.dir\/6\/files\/sites\/186\/2020\/04\/mail-foto-enviar-300x212.jpg 300w, https:\/\/ccoo.app\/diputacio-de-barcelona\/wp-content\/blogs.dir\/6\/files\/sites\/186\/2020\/04\/mail-foto-enviar-1024x724.jpg 1024w, https:\/\/ccoo.app\/diputacio-de-barcelona\/wp-content\/blogs.dir\/6\/files\/sites\/186\/2020\/04\/mail-foto-enviar-768x543.jpg 768w, https:\/\/ccoo.app\/diputacio-de-barcelona\/wp-content\/blogs.dir\/6\/files\/sites\/186\/2020\/04\/mail-foto-enviar.jpg 1200w\" sizes=\"auto, (max-width: 67px) 100vw, 67px\" \/><\/p>\n<p style=\"text-align: center\"><span style=\"font-family: arial, helvetica, sans-serif;color: #000000\">Encara no t&#8217;has descarregat la nostra <a href=\"http:\/\/www.ccoo.cat\/carnet\/index.aspx?qr=1#descarrega\"><span style=\"font-family: 'arial black', sans-serif;color: #0000ff\">APP<\/span><\/a> CCOO-Diba d&#8217;informaci\u00f3 sindical?<\/span><\/p>\n<p style=\"text-align: center\"><span style=\"font-family: arial, helvetica, sans-serif;color: #000000\">Fes clic <a href=\"http:\/\/www.ccoo.cat\/carnet\/index.aspx?qr=1#descarrega\"><span style=\"font-family: 'arial black', sans-serif;color: #0000ff\">aqu\u00ed<\/span><\/a> per tenir la informaci\u00f3 abans que ning\u00fa!<\/span><\/p>\n<p><img loading=\"lazy\" decoding=\"async\" class=\"wp-image-5915 aligncenter\" src=\"http:\/\/ccoo.app\/diputacio-de-barcelona\/wp-content\/blogs.dir\/6\/files\/sites\/186\/2020\/05\/xarxes-socials-300x169.png\" alt=\"\" width=\"227\" height=\"128\" srcset=\"https:\/\/ccoo.app\/diputacio-de-barcelona\/wp-content\/blogs.dir\/6\/files\/sites\/186\/2020\/05\/xarxes-socials-300x169.png 300w, https:\/\/ccoo.app\/diputacio-de-barcelona\/wp-content\/blogs.dir\/6\/files\/sites\/186\/2020\/05\/xarxes-socials-1024x576.png 1024w, https:\/\/ccoo.app\/diputacio-de-barcelona\/wp-content\/blogs.dir\/6\/files\/sites\/186\/2020\/05\/xarxes-socials-768x432.png 768w, https:\/\/ccoo.app\/diputacio-de-barcelona\/wp-content\/blogs.dir\/6\/files\/sites\/186\/2020\/05\/xarxes-socials.png 1200w\" sizes=\"auto, (max-width: 227px) 100vw, 227px\" \/><\/p>\n<p style=\"text-align: center\"><span style=\"font-family: arial, helvetica, sans-serif;color: #000000\">Tamb\u00e9 trobar\u00e0s CCOO-Diba a les xarxes socials. Clica sobre la icona de la teva xarxa favorita:<\/span><\/p>\n<p><a href=\"https:\/\/twitter.com\/CCOODiba\"><img loading=\"lazy\" decoding=\"async\" class=\" wp-image-5728 aligncenter\" src=\"http:\/\/ccoo.app\/diputacio-de-barcelona\/wp-content\/blogs.dir\/6\/files\/sites\/186\/2020\/04\/twitter-300x300.png\" alt=\"\" width=\"89\" height=\"89\" srcset=\"https:\/\/ccoo.app\/diputacio-de-barcelona\/wp-content\/blogs.dir\/6\/files\/sites\/186\/2020\/04\/twitter-300x300.png 300w, https:\/\/ccoo.app\/diputacio-de-barcelona\/wp-content\/blogs.dir\/6\/files\/sites\/186\/2020\/04\/twitter-150x150.png 150w, https:\/\/ccoo.app\/diputacio-de-barcelona\/wp-content\/blogs.dir\/6\/files\/sites\/186\/2020\/04\/twitter.png 512w\" sizes=\"auto, (max-width: 89px) 100vw, 89px\" \/><\/a><\/p>\n<p><a href=\"https:\/\/www.instagram.com\/ccoo_diba\/?hl=es\"><img loading=\"lazy\" decoding=\"async\" class=\"wp-image-5730 aligncenter\" src=\"http:\/\/ccoo.app\/diputacio-de-barcelona\/wp-content\/blogs.dir\/6\/files\/sites\/186\/2020\/04\/instragram-300x300.png\" alt=\"\" width=\"91\" height=\"91\" srcset=\"https:\/\/ccoo.app\/diputacio-de-barcelona\/wp-content\/blogs.dir\/6\/files\/sites\/186\/2020\/04\/instragram-300x300.png 300w, https:\/\/ccoo.app\/diputacio-de-barcelona\/wp-content\/blogs.dir\/6\/files\/sites\/186\/2020\/04\/instragram-150x150.png 150w, https:\/\/ccoo.app\/diputacio-de-barcelona\/wp-content\/blogs.dir\/6\/files\/sites\/186\/2020\/04\/instragram.png 512w\" sizes=\"auto, (max-width: 91px) 100vw, 91px\" \/><\/a><\/p>\n<p><a href=\"https:\/\/www.facebook.com\/CcooDiputacioDeBarcelona\/\"><img loading=\"lazy\" decoding=\"async\" class=\"wp-image-5729 aligncenter\" src=\"http:\/\/ccoo.app\/diputacio-de-barcelona\/wp-content\/blogs.dir\/6\/files\/sites\/186\/2020\/04\/facebook-300x300.png\" alt=\"\" width=\"90\" height=\"90\" srcset=\"https:\/\/ccoo.app\/diputacio-de-barcelona\/wp-content\/blogs.dir\/6\/files\/sites\/186\/2020\/04\/facebook-300x300.png 300w, https:\/\/ccoo.app\/diputacio-de-barcelona\/wp-content\/blogs.dir\/6\/files\/sites\/186\/2020\/04\/facebook-150x150.png 150w, https:\/\/ccoo.app\/diputacio-de-barcelona\/wp-content\/blogs.dir\/6\/files\/sites\/186\/2020\/04\/facebook.png 325w\" sizes=\"auto, (max-width: 90px) 100vw, 90px\" \/><\/a><a href=\"https:\/\/www.youtube.com\/channel\/UCFzenkS75udEcs4pB4qoZsg\"><img loading=\"lazy\" decoding=\"async\" class=\" wp-image-5916 aligncenter\" src=\"http:\/\/ccoo.app\/diputacio-de-barcelona\/wp-content\/blogs.dir\/6\/files\/sites\/186\/2020\/05\/youtube-300x115.jpg\" alt=\"\" width=\"122\" height=\"47\" srcset=\"https:\/\/ccoo.app\/diputacio-de-barcelona\/wp-content\/blogs.dir\/6\/files\/sites\/186\/2020\/05\/youtube-300x115.jpg 300w, https:\/\/ccoo.app\/diputacio-de-barcelona\/wp-content\/blogs.dir\/6\/files\/sites\/186\/2020\/05\/youtube-1024x391.jpg 1024w, https:\/\/ccoo.app\/diputacio-de-barcelona\/wp-content\/blogs.dir\/6\/files\/sites\/186\/2020\/05\/youtube-768x293.jpg 768w, https:\/\/ccoo.app\/diputacio-de-barcelona\/wp-content\/blogs.dir\/6\/files\/sites\/186\/2020\/05\/youtube.jpg 1200w\" sizes=\"auto, (max-width: 122px) 100vw, 122px\" \/><\/a><\/p>\n<p><iframe loading=\"lazy\" title=\"Hauran de comptar amb nosaltres. Salut, treball i just\u00edcia social || 1r de maig del 2020.\" width=\"1200\" height=\"675\" src=\"https:\/\/www.youtube.com\/embed\/uS104R3aSJs?feature=oembed\" frameborder=\"0\" allow=\"accelerometer; autoplay; clipboard-write; encrypted-media; gyroscope; picture-in-picture; web-share\" allowfullscreen><\/iframe><\/p>\n<p>&nbsp;    \t<\/p>\n","protected":false},"excerpt":{"rendered":"<p>SEGUIMENT DEL PROC\u00c9S DE DESESCALADA A LA DIPUTACI\u00d3 DE BARCELONA INCLOU INFORMACI\u00d3 GENERAL I DE RESPIR, PATRONAT, XBM -18 de juny de 2020- El desenvolupament del protocol segueix endavant implementant &#8230; <\/p>\n<p class=\"read-more-container\"><a title=\"96\/COVID-19. SEGUIMENT DEL PROC\u00c9S DE DESESCALADA A LA DIPUTACI\u00d3 DE BARCELONA\" class=\"read-more button\" href=\"https:\/\/ccoo.app\/diputacio-de-barcelona\/desescalada-diba-juny-2020\/#more-6292\" aria-label=\"Leer m\u00e1s sobre 96\/COVID-19. SEGUIMENT DEL PROC\u00c9S DE DESESCALADA A LA DIPUTACI\u00d3 DE BARCELONA\">Continuar llegint<\/a><\/p>\n","protected":false},"author":4519,"featured_media":6295,"comment_status":"open","ping_status":"open","sticky":false,"template":"","format":"standard","meta":{"footnotes":""},"categories":[38,19,23,29,34,35,37],"tags":[],"class_list":["post-6292","post","type-post","status-publish","format-standard","has-post-thumbnail","hentry","category-a-tot-el-personal","category-comunicats","category-informacio-general","category-orgt-2","category-respir","category-salut-laboral","category-xbm","generate-columns","tablet-grid-50","mobile-grid-100","grid-parent","grid-50"],"_links":{"self":[{"href":"https:\/\/ccoo.app\/diputacio-de-barcelona\/wp-json\/wp\/v2\/posts\/6292","targetHints":{"allow":["GET"]}}],"collection":[{"href":"https:\/\/ccoo.app\/diputacio-de-barcelona\/wp-json\/wp\/v2\/posts"}],"about":[{"href":"https:\/\/ccoo.app\/diputacio-de-barcelona\/wp-json\/wp\/v2\/types\/post"}],"author":[{"embeddable":true,"href":"https:\/\/ccoo.app\/diputacio-de-barcelona\/wp-json\/wp\/v2\/users\/4519"}],"replies":[{"embeddable":true,"href":"https:\/\/ccoo.app\/diputacio-de-barcelona\/wp-json\/wp\/v2\/comments?post=6292"}],"version-history":[{"count":1,"href":"https:\/\/ccoo.app\/diputacio-de-barcelona\/wp-json\/wp\/v2\/posts\/6292\/revisions"}],"predecessor-version":[{"id":50929,"href":"https:\/\/ccoo.app\/diputacio-de-barcelona\/wp-json\/wp\/v2\/posts\/6292\/revisions\/50929"}],"wp:featuredmedia":[{"embeddable":true,"href":"https:\/\/ccoo.app\/diputacio-de-barcelona\/wp-json\/wp\/v2\/media\/6295"}],"wp:attachment":[{"href":"https:\/\/ccoo.app\/diputacio-de-barcelona\/wp-json\/wp\/v2\/media?parent=6292"}],"wp:term":[{"taxonomy":"category","embeddable":true,"href":"https:\/\/ccoo.app\/diputacio-de-barcelona\/wp-json\/wp\/v2\/categories?post=6292"},{"taxonomy":"post_tag","embeddable":true,"href":"https:\/\/ccoo.app\/diputacio-de-barcelona\/wp-json\/wp\/v2\/tags?post=6292"}],"curies":[{"name":"wp","href":"https:\/\/api.w.org\/{rel}","templated":true}]}}