{"id":6282,"date":"2020-06-18T08:04:14","date_gmt":"2020-06-18T07:04:14","guid":{"rendered":"https:\/\/diba.ccoo.cat\/?p=6282"},"modified":"2023-02-22T18:38:55","modified_gmt":"2023-02-22T17:38:55","slug":"desescalada-orgt","status":"publish","type":"post","link":"https:\/\/ccoo.app\/diputacio-de-barcelona\/desescalada-orgt\/","title":{"rendered":"95\/COVID-19. RESUM DE LA REUNI\u00d3 RELACIONADA AMB LES MESURES DE SEGURETAT A LES OFICINES DE L\u2019ORGT I EL PROC\u00c9S DE DESESCALADA"},"content":{"rendered":"<p><a href=\"https:\/\/diba.ccoo.cat\/\"><img loading=\"lazy\" decoding=\"async\" class=\"wp-image-5909 aligncenter\" src=\"http:\/\/ccoo.app\/diputacio-de-barcelona\/wp-content\/blogs.dir\/6\/files\/sites\/186\/2020\/05\/nota-1-300x86.png\" alt=\"\" width=\"92\" height=\"27\" srcset=\"https:\/\/ccoo.app\/diputacio-de-barcelona\/wp-content\/blogs.dir\/6\/files\/sites\/186\/2020\/05\/nota-1-300x86.png 300w, https:\/\/ccoo.app\/diputacio-de-barcelona\/wp-content\/blogs.dir\/6\/files\/sites\/186\/2020\/05\/nota-1.png 339w\" sizes=\"auto, (max-width: 92px) 100vw, 92px\" \/><\/a><\/p>\n<p class=\"wp-caption-text\"><a href=\"https:\/\/diba.ccoo.cat\/\"><img loading=\"lazy\" decoding=\"async\" class=\"wp-image-1853 aligncenter\" src=\"http:\/\/ccoo.app\/diputacio-de-barcelona\/wp-content\/blogs.dir\/6\/files\/sites\/186\/2018\/01\/logoccoov18.jpg\" alt=\"\" width=\"240\" height=\"110\" \/><\/a><\/p>\n<p><a href=\"http:\/\/ccoo.app\/diputacio-de-barcelona\/wp-content\/blogs.dir\/6\/files\/sites\/186\/2020\/06\/17-06-2020-orgt-comunicat.docx\"><img loading=\"lazy\" decoding=\"async\" class=\"wp-image-5910 aligncenter\" src=\"http:\/\/ccoo.app\/diputacio-de-barcelona\/wp-content\/blogs.dir\/6\/files\/sites\/186\/2020\/05\/nota-3-300x83.png\" alt=\"\" width=\"90\" height=\"25\" srcset=\"https:\/\/ccoo.app\/diputacio-de-barcelona\/wp-content\/blogs.dir\/6\/files\/sites\/186\/2020\/05\/nota-3-300x83.png 300w, https:\/\/ccoo.app\/diputacio-de-barcelona\/wp-content\/blogs.dir\/6\/files\/sites\/186\/2020\/05\/nota-3.png 337w\" sizes=\"auto, (max-width: 90px) 100vw, 90px\" \/><\/a><\/p>\n<p style=\"text-align: center\"><span style=\"font-family: 'arial black', sans-serif;color: #0000ff;font-size: 24px\">RESUM DE LA REUNI\u00d3 (17.06) RELACIONADA AMB LES MESURES DE SEGURETAT A LES OFICINES DE L\u2019ORGT I EL PROC\u00c9S DE DESESCALADA<\/span><\/p>\n<p style=\"text-align: center\"><span style=\"font-family: arial, helvetica, sans-serif;font-size: 14px;color: #000000\">-18 de juny de 2020-<\/span><\/p>\n<p style=\"text-align: justify\"><span style=\"font-family: arial, helvetica, sans-serif;color: #000000\">Ahir al mat\u00ed v\u00e0rem tenir una nova reuni\u00f3 amb la Corporaci\u00f3 relacionada amb la planificaci\u00f3 i disseny de la seguretat a les oficines. Com recordareu, aquestes reunions es celebren com a resposta a una petici\u00f3 feta per a CCOO (cliqueu <a href=\"https:\/\/diba.ccoo.cat\/mes-seguretat-per-a-les-oficines-de-lorgt\/\"><span style=\"color: #0000ff;font-family: 'arial black', sans-serif\">aqu\u00ed<\/span><\/a>).<\/span><\/p>\n<p>&nbsp;<\/p>\n<p style=\"text-align: justify\"><span style=\"font-family: arial, helvetica, sans-serif;color: #000000\">Fins aquest moment, s\u2019ha prestat el servei de manera exclusivament via telem\u00e0tica i \u00e9s la nostra voluntat, i aix\u00ed ho hem expressat, que es segueixi prioritzant el treball no presencial. Ara b\u00e9, en un context de desescalada on ja es donar\u00e0 en breu per acabat l\u2019Estat d\u2019Alarma, \u00e9s l\u00f2gic que es vagi reemprenent l\u2019atenci\u00f3 presencial tamb\u00e9 a l\u2019ORGT. CCOO insistim que es faci de manera gradual amb el personal imprescindible i amb totes les mesures de seguretat.<\/span><\/p>\n<p style=\"text-align: justify\"><span style=\"font-family: arial, helvetica, sans-serif;color: #000000\">Els principis de prud\u00e8ncia i responsabilitat han de regir les nostres actuacions. Hem de blindar els nostres llocs de treball a possibles contagis i rebrots!<\/span><\/p>\n<p style=\"text-align: justify\"><span style=\"font-family: arial, helvetica, sans-serif;color: #000000\">Segueixen vigents els principis del protocol de Diputaci\u00f3:<\/span><\/p>\n<ul style=\"text-align: justify\">\n<li><span style=\"font-family: arial, helvetica, sans-serif;color: #000000\">Minimitzaci\u00f3 del risc de contagis.<\/span><\/li>\n<li><span style=\"font-family: arial, helvetica, sans-serif;color: #000000\">Optimitzaci\u00f3 de la prestaci\u00f3 del servei p\u00fablic.<\/span><\/li>\n<li><span style=\"font-family: arial, helvetica, sans-serif;color: #000000\">Prioritzaci\u00f3 de la modalitat de treball no presencial.<\/span><\/li>\n<li><span style=\"font-family: arial, helvetica, sans-serif;color: #000000\">Dret a la conciliaci\u00f3<\/span><\/li>\n<li><span style=\"font-family: arial, helvetica, sans-serif;color: #000000\">Protecci\u00f3 dels col\u00b7lectius vulnerables<\/span><\/li>\n<\/ul>\n<p style=\"text-align: justify\"><span style=\"font-family: arial, helvetica, sans-serif;color: #000000\"><strong>\u00a0<\/strong><\/span><\/p>\n<p style=\"text-align: justify\"><span style=\"font-family: arial, helvetica, sans-serif;color: #000000\"><strong>DESESCALADA<\/strong> Respecte a les <u>12 oficines<\/u> que es preveu que s&#8217;obrin el dia <u>22 de juny<\/u>, hem remarcat que aquestes s&#8217;han d&#8217;equipar pr\u00e8viament amb totes les mesures i garanties que reflecteix el Protocol (cliqueu <a href=\"https:\/\/diba.ccoo.cat\/nou-protocol-versio-mes-senzilla\/\"><span style=\"font-family: 'arial black', sans-serif;color: #0000ff\">aqu\u00ed<\/span><\/a>).<\/span><\/p>\n<p style=\"text-align: justify\"><span style=\"font-family: arial, helvetica, sans-serif;color: #000000\">A m\u00e9s, el personal ha d\u2019haver realitzat abans de la seva incorporaci\u00f3, el curs de formaci\u00f3 on-line sobre les instruccions d\u2019acc\u00e9s als llocs de treball i mesures preventives de la COVID-19 i ser sotm\u00e8s a un test de detecci\u00f3 d\u2019anticossos.<\/span><\/p>\n<p style=\"text-align: justify\"><span style=\"font-family: arial, helvetica, sans-serif;color: #000000\">L\u2019exig\u00e8ncia \u00e9s la mateixa respecte a les oficines que estiguin dins de les depend\u00e8ncies dels Ajuntaments. Sense cap excepci\u00f3, tamb\u00e9 tenen que complir pr\u00e8viament amb totes les mesures.<\/span><\/p>\n<p style=\"text-align: justify\"><span style=\"font-family: arial, helvetica, sans-serif;color: #000000\">Insistim molt\u00edssim en aquests temes i ho farem les vegades que calgui. Incl\u00fas aix\u00ed, ens vam assabentar que el <strong>Servei de Registre<\/strong>, que va obrir fa uns dies, ho va fer sense la mampara de protecci\u00f3 higi\u00e8nica. <strong>Inadmissible!<\/strong> Aix\u00ed ho hem denunciat. Hem emfatitzat en que aquesta situaci\u00f3 no pot tornar a succeir. Per tant, <u>des de CCOO us demanem a tots aquells i aquelles\u00a0 que us aneu incorporant \u00a0de forma presencial, que us poseu en contacte amb nosaltres per informar-nos de les mancances de prevenci\u00f3 i protecci\u00f3 que us pugueu trobar en els centres de treball.<\/u><\/span><\/p>\n<p>&nbsp;<\/p>\n<p style=\"text-align: justify\"><span style=\"font-family: arial, helvetica, sans-serif;color: #000000\"><strong>VENTILACI\u00d3 I RENOVACI\u00d3 D&#8217;AIRES<\/strong> Com ja us hem dit en altres ocasions, ens preocupa el sistema de climatitzaci\u00f3 de les oficines Especialment tenint en compte que de no fer-se b\u00e9, aquestes instal\u00b7lacions podrien ser font de contagis per la COVID-19. S\u2019ha de garantir tamb\u00e9 la ventilaci\u00f3 adequada natural o general for\u00e7ada. Per la qual cosa, pr\u00e8viament a l\u2019inici de l\u2019activitat presencial ja portem setmanes exigint que es revisi i netegi els sistemes de climatitzaci\u00f3. Hem demanat que es faci una difusi\u00f3 massiva a trav\u00e9s de la Intranet, donada la problem\u00e0tica.<\/span><\/p>\n<p style=\"text-align: justify\"><span style=\"font-family: arial, helvetica, sans-serif;color: #000000\">El servei de Coordinaci\u00f3 ens informa que efectivament, la tasca pr\u00e8via de neteja i manteniment de filtres es far\u00e0 pr\u00e8viament a l&#8217;obertura de cada oficina.<\/span><\/p>\n<p>&nbsp;<\/p>\n<p style=\"text-align: justify\"><span style=\"font-family: arial, helvetica, sans-serif;color: #000000\"><strong>CONTROL DE TEMPERATURA<\/strong> Tal com passar\u00e0 en la resta de centres de treball de la Diputaci\u00f3, s\u2019ha d\u2019establir com s\u2019efectuar\u00e0 el control de temperatura.<\/span><\/p>\n<p><a href=\"http:\/\/ccoo.app\/diputacio-de-barcelona\/wp-content\/blogs.dir\/6\/files\/sites\/186\/2020\/06\/tempertura-1.png\"><img loading=\"lazy\" decoding=\"async\" class=\"size-medium wp-image-6283 aligncenter\" src=\"http:\/\/ccoo.app\/diputacio-de-barcelona\/wp-content\/blogs.dir\/6\/files\/sites\/186\/2020\/06\/tempertura-1-300x133.png\" alt=\"\" width=\"300\" height=\"133\" srcset=\"https:\/\/ccoo.app\/diputacio-de-barcelona\/wp-content\/blogs.dir\/6\/files\/sites\/186\/2020\/06\/tempertura-1-300x133.png 300w, https:\/\/ccoo.app\/diputacio-de-barcelona\/wp-content\/blogs.dir\/6\/files\/sites\/186\/2020\/06\/tempertura-1-768x341.png 768w, https:\/\/ccoo.app\/diputacio-de-barcelona\/wp-content\/blogs.dir\/6\/files\/sites\/186\/2020\/06\/tempertura-1.png 824w\" sizes=\"auto, (max-width: 300px) 100vw, 300px\" \/><\/a><\/p>\n<p style=\"text-align: justify\"><span style=\"font-family: arial, helvetica, sans-serif;color: #000000\">La presa de temperatura <u>del personal<\/u> correspondr\u00e0 al <u>cap de l\u2019oficina<\/u>. Ara b\u00e9, \u00e9s important que <img loading=\"lazy\" decoding=\"async\" class=\" wp-image-6284 alignleft\" src=\"http:\/\/ccoo.app\/diputacio-de-barcelona\/wp-content\/blogs.dir\/6\/files\/sites\/186\/2020\/06\/temperatura-2-300x206.png\" alt=\"\" width=\"91\" height=\"62\" srcset=\"https:\/\/ccoo.app\/diputacio-de-barcelona\/wp-content\/blogs.dir\/6\/files\/sites\/186\/2020\/06\/temperatura-2-300x206.png 300w, https:\/\/ccoo.app\/diputacio-de-barcelona\/wp-content\/blogs.dir\/6\/files\/sites\/186\/2020\/06\/temperatura-2-768x527.png 768w, https:\/\/ccoo.app\/diputacio-de-barcelona\/wp-content\/blogs.dir\/6\/files\/sites\/186\/2020\/06\/temperatura-2.png 783w\" sizes=\"auto, (max-width: 91px) 100vw, 91px\" \/>sapigueu que, respecte a les <u>persones usu\u00e0ries<\/u> que vulguin accedir als nostres centres, <u>no se\u2019ls podr\u00e0 prendre la temperatura <\/u>fins que no es resolgui una consulta feta a l\u2019APDCAT. Us informarem quan tinguem novetats al respecte.<\/span><\/p>\n<p>&nbsp;<\/p>\n<p style=\"text-align: justify\"><span style=\"font-family: arial, helvetica, sans-serif;color: #000000\"><strong>SISTEMA DE FITXATGE<\/strong> Pel que fa al sistema de fitxatge per control remot, hem demanat que ens informin com funciona i quan s&#8217;implementar\u00e0. Es demana que es faci un nota explicativa al personal.<\/span><\/p>\n<p style=\"text-align: justify\"><span style=\"font-family: arial, helvetica, sans-serif;color: #000000\">La DSRH ens informa que ja s&#8217;estan realitzant unes instruccions sobre aquest tema i que durant el dia d&#8217;avui les penjaran a la intranet. Recordeu que el fitxatge es una garantia i protecci\u00f3 per al treballador o treballadora, que en tot moment pot justificar i acreditar la realitzaci\u00f3 de la seva jornada de treball.<\/span><\/p>\n<p style=\"text-align: justify\"><span style=\"font-family: arial, helvetica, sans-serif;color: #000000\"><strong>\u00a0<\/strong><\/span><\/p>\n<p style=\"text-align: justify\"><span style=\"font-family: arial, helvetica, sans-serif;color: #000000\"><strong>FLEXIBILITZACI\u00d3 D&#8217;HORARIS<\/strong> Trobem que es molt necessari que s&#8217;informi al personal (que treballi presencialment) de les mesures de flexibilitat disponibles sobretot pel que fa a les entrades i sortides dels centres de treball per tal que aquestes siguin les m\u00e9s esglaonades possible i evitar la coincid\u00e8ncia de diverses persones en els accessos als centres de treball.<\/span><\/p>\n<p style=\"text-align: justify\"><span style=\"font-family: arial, helvetica, sans-serif;color: #000000\"><strong>MESURES DE COMPACTACI\u00d3 DE JORNADA PEL PERSONAL PRESENCIAL I REDUCCI\u00d3 DE LA JORNADA<\/strong>\u00a0Tal i com diu el protocol de la Diba hem demanat que el personal que faci atenci\u00f3 presencial i tingui ampliacions de jornada aquell mateix dia, se l&#8217;eximeixi de realitzar-la, donada la situaci\u00f3 d&#8217;excepcionalitat en la que ens trobem. Si no fos aix\u00ed, exigim que aquest personal se li aboni el pagament del <em>xec gourmet<\/em> corresponent.<\/span><\/p>\n<p style=\"text-align: justify\"><span style=\"font-family: arial, helvetica, sans-serif;color: #000000\">Pel que fa a la jornada, si l&#8217;objectiu d&#8217;obrir les oficines de 8.30 a 14h \u00e9s \u00fanica i exclusivament per fer atenci\u00f3 presencial, no entenem perqu\u00e8 el personal ha d&#8217;estar presencialment fora d&#8217;aquest horari.<\/span><\/p>\n<p style=\"text-align: justify\"><span style=\"font-family: arial, helvetica, sans-serif;color: #000000\">Per tant, hem demanat a la Corporaci\u00f3 que valori les nostres propostes, les quals tenen com objectiu limitar el risc a contagis el temps estrictament necessari.<\/span><\/p>\n<p style=\"text-align: justify\"><span style=\"font-family: arial, helvetica, sans-serif;color: #000000\"><strong>\u00a0<\/strong><\/span><\/p>\n<p style=\"text-align: justify\"><span style=\"font-family: arial, helvetica, sans-serif;color: #000000\"><strong>DESCONNEXI\u00d3 DIGITAL <\/strong>El protocol indica: \u201c<em>Es garanteix el dret a la desconnexi\u00f3 digital <u>fora de l\u2019horari<\/u> de treball assignat, respectant el temps de descans i la intimitat personal dels empleats i de les empleades\u201d.<\/em> Exigim que tots els comandaments respectin aquest dret i s\u2019abstinguin d\u2019enviar comunicacions (missatgeria de WhatApp o similar, trucades de tel\u00e8fon o fins i tot mailing) fora de la jornada de treball establerta. CCOO ens prendrem seriosament els incompliments que ens puguin fer arribar el personal i actuarem amb determinaci\u00f3.<\/span><\/p>\n<h3><\/h3>\n<h3 style=\"text-align: justify\"><span style=\"font-family: arial, helvetica, sans-serif;color: #000000\">VACANCES <\/span><span style=\"font-family: arial, helvetica, sans-serif;color: #000000\"><span style=\"font-size: 14px\">L\u2019Article 24 de l\u2019Acord de condicions del personal de la Diputaci\u00f3, indica que les vacances es poden gaudir <em>\u201c<\/em><em>entre els mesos de juliol, agost i setembre\u201d<\/em>. I afegeix que \u201c<em>a petici\u00f3 de l&#8217;interessat i llevat de la disconformitat motivada del servei, es podr\u00e0 gaudir del per\u00edode de vacances fora dels mesos assenyalats per\u00f2 sempre dintre de l&#8217;any natural\u201d<\/em>.<\/span><\/span><\/h3>\n<p style=\"text-align: justify\"><span style=\"font-family: arial, helvetica, sans-serif;color: #000000\">No hi ha cap modificaci\u00f3 al respecte.<\/span><\/p>\n<p style=\"text-align: justify\"><span style=\"font-family: arial, helvetica, sans-serif;color: #000000\"><strong>CONTROL DE LES CITES PR\u00c8VIES<\/strong> Demanen a la Corporaci\u00f3 que setmanalment ens envi\u00efn la \u00a0relaci\u00f3 de cites pr\u00e8vies que es realitzin per tal de comprovar si es necessari o no el n\u00famero de persones que de forma presencial hauran d&#8217;estar a les oficines.<\/span><\/p>\n<p style=\"text-align: justify\"><span style=\"font-family: arial, helvetica, sans-serif;color: #000000\">Igualment la Corporaci\u00f3 ens informa que es revisaran totes les cites pr\u00e8vies que s&#8217;activin, de tal manera que, pr\u00e8viament a que vingui al contribuent de forma presencial, se li trucar\u00e0 per intentar donar-li tr\u00e0mit i reduir aix\u00ed la presencialitat.<\/span><\/p>\n<p style=\"text-align: justify\"><span style=\"font-family: arial, helvetica, sans-serif;color: #000000\"><strong>TRASP\u00c0S DE MATERIAL<\/strong> Si durant el per\u00edode de vacances, el personal s&#8217;ha d&#8217;intercanviar els tel\u00e8fons corporatius per rebre les trucades de les oficines, en \u00a0cap cas ha d&#8217;anar al c\u00e0rrec de la persona treballadora. Aix\u00ed ho hem exposat i la corporaci\u00f3 ha pres nota de la nostra petici\u00f3. Establiran un sistema alternatiu a c\u00e0rrec de l&#8217;Administraci\u00f3.<\/span><\/p>\n<p style=\"text-align: justify\"><span style=\"font-family: arial, helvetica, sans-serif;color: #000000\"><strong>INFORMACI\u00d3 AL PERSONAL<\/strong> Continuem insistint a la Direcci\u00f3 de la import\u00e0ncia de fer servir tots els mitjans que tenim al nostre abast per tal que el personal estigui informat en tot moment de les modificacions, obertura de centres de treball i en definitiva de tot all\u00f2 que calgui. No pot ser que el personal se n&#8217;assabenti quina oficina obrir\u00e0 i quina no a trav\u00e9s de la web. Ha d&#8217;haver m\u00e0xima flu\u00efdesa i transpar\u00e8ncia en la informaci\u00f3. Aix\u00ed doncs, per a nosaltres \u00e9s essencial que es determini de manera transparent com i quan es faran les modificacions a les oficines.<\/span><\/p>\n<p style=\"text-align: justify\"><span style=\"font-family: arial, helvetica, sans-serif;color: #000000\"><strong>C\u00c1MERES DE V\u00cdDEO VIGIL\u00c0NCIA <\/strong>D\u2019acord amb l\u2019auditoria feta i l\u2019informe elaborat, considerem que la soluci\u00f3 \u00e9s la separaci\u00f3 f\u00edsica dels espais de treball i usuari. Complement\u00e0riament, la corporaci\u00f3 aposta per a la col\u00b7locaci\u00f3 de c\u00e0meres de v\u00eddeo vigil\u00e0ncia pels seus efectes dissuasoris, a m\u00e9s que aporta un element probatori essencial en cas de den\u00fancia.<\/span><\/p>\n<p style=\"text-align: justify\"><span style=\"font-family: arial, helvetica, sans-serif;color: #000000\">S&#8217;est\u00e0 treballant en un plec de condicions t\u00e8cniques per tal de realitzar una prova pilot de manera immediata i veure quin es el resultat i la percepci\u00f3 de seguretat que t\u00e9 el treballador o treballadora.<\/span><\/p>\n<p style=\"text-align: justify\"><span style=\"font-family: arial, helvetica, sans-serif;color: #000000\">No obstant, i tot i les nostres peticions, no aposten per ampliar la vigil\u00e0ncia de personal de seguretat privada. En canvi, ens convocaran a una reuni\u00f3 amb el Cap de Mossos d&#8217;esquadra per tal que ens informin de quin es el procediment que tenen previst per a refor\u00e7ar la seguretat a les oficines.<\/span><\/p>\n<p>&nbsp;<\/p>\n<p style=\"text-align: justify\"><span style=\"font-family: arial, helvetica, sans-serif;color: #000000\"><strong>PROTOCOL VIOL\u00c8NCIA<\/strong> En la anterior reuni\u00f3, CCOO v\u00e0rem exigir la necessitat de realitzar un protocol de viol\u00e8ncia a les oficines. Ens informen que ja est\u00e0 realitzat i pendent de fer les ultimes revisions. Pr\u00f2ximament es publicar\u00e0 per a que tothom tingui les m\u00e0ximes eines davant d&#8217;aquestes possibles situacions.<\/span><\/p>\n<p>&nbsp;<\/p>\n<p style=\"text-align: justify\"><span style=\"font-family: arial, helvetica, sans-serif;color: #000000\"><strong>SOBRECARREGA DE FEINA A LES OFICINES I BORSA DE TREBALL<\/strong> Continuem exigint solucions a la sobrec\u00e0rrega de feina que venen patint les oficines del territori des de fa molt de temps i ara m\u00e9s amb el refor\u00e7 del <em>Call Center<\/em>. Recordareu que com a conseq\u00fc\u00e8ncia de la pand\u00e8mia va quedar suspesa la convocat\u00f2ria de la borsa de treball.<\/span><\/p>\n<p style=\"text-align: justify\"><span style=\"font-family: arial, helvetica, sans-serif;color: #000000\">No obstant aix\u00f2, sabem que des de la ger\u00e8ncia ja han fet gestions amb la facultat de dret per veure la disponibilitat per a realitzar l&#8217;examen presencial en aquestes aules i la capacitat d&#8217;aforament tenint en compte les limitacions imposades tot i la anomenada \u201cnova normalitat\u201d.<\/span><\/p>\n<p style=\"text-align: justify\"><span style=\"font-family: arial, helvetica, sans-serif;color: #000000;background-color: #ffff00\">En vista del calendari, no creiem que sigui oport\u00fa executar-les ara. Per\u00f2 si que seria interessant deixar-ho tot enllestit per poder-les executar passat el per\u00edode d\u2019estiu. Us informarem a mida que tinguem m\u00e9s informaci\u00f3 sobre aquest aspecte.<\/span><\/p>\n<p style=\"text-align: justify\"><span style=\"font-family: arial, helvetica, sans-serif;color: #000000\">Us informarem a mida que tinguem m\u00e9s informaci\u00f3 sobre aquest aspecte.<\/span><\/p>\n<p>&nbsp;<\/p>\n<p style=\"text-align: center\"><img loading=\"lazy\" decoding=\"async\" class=\"wp-image-5184 aligncenter\" src=\"http:\/\/ccoo.app\/diputacio-de-barcelona\/wp-content\/blogs.dir\/6\/files\/sites\/186\/2020\/03\/i-de-info-300x300.jpg\" alt=\"\" width=\"72\" height=\"72\" srcset=\"https:\/\/ccoo.app\/diputacio-de-barcelona\/wp-content\/blogs.dir\/6\/files\/sites\/186\/2020\/03\/i-de-info-300x300.jpg 300w, https:\/\/ccoo.app\/diputacio-de-barcelona\/wp-content\/blogs.dir\/6\/files\/sites\/186\/2020\/03\/i-de-info-150x150.jpg 150w, https:\/\/ccoo.app\/diputacio-de-barcelona\/wp-content\/blogs.dir\/6\/files\/sites\/186\/2020\/03\/i-de-info.jpg 626w\" sizes=\"auto, (max-width: 72px) 100vw, 72px\" \/><span style=\"font-family: 'arial black', sans-serif;font-size: 20px;color: #ffff00;background-color: #ff0000\">TOTA LA INFORMACI\u00d3 SINDICAL QUE NECESSITES<\/span><\/p>\n<p><img loading=\"lazy\" decoding=\"async\" class=\"wp-image-5913 aligncenter\" src=\"http:\/\/ccoo.app\/diputacio-de-barcelona\/wp-content\/blogs.dir\/6\/files\/sites\/186\/2020\/05\/telefono-300x300.jpg\" alt=\"\" width=\"59\" height=\"59\" srcset=\"https:\/\/ccoo.app\/diputacio-de-barcelona\/wp-content\/blogs.dir\/6\/files\/sites\/186\/2020\/05\/telefono-300x300.jpg 300w, https:\/\/ccoo.app\/diputacio-de-barcelona\/wp-content\/blogs.dir\/6\/files\/sites\/186\/2020\/05\/telefono-150x150.jpg 150w, https:\/\/ccoo.app\/diputacio-de-barcelona\/wp-content\/blogs.dir\/6\/files\/sites\/186\/2020\/05\/telefono.jpg 600w\" sizes=\"auto, (max-width: 59px) 100vw, 59px\" \/><\/p>\n<p style=\"text-align: center\"><span style=\"font-family: 'arial black', sans-serif;color: #000000\">DE DILLUNS A DIVENDRES<\/span><\/p>\n<p style=\"text-align: center\"><span style=\"font-family: 'arial black', sans-serif;color: #000000\">DE 10:00 A 14:30 i DE 17:00 A 19 HORES<\/span><\/p>\n<p style=\"text-align: center\"><span style=\"font-family: 'arial black', sans-serif;color: #ff0000\">93.402.29.85 &#8211; 22985 &#8211; 667 90 69 64<\/span><\/p>\n<p><img loading=\"lazy\" decoding=\"async\" class=\"wp-image-5553 aligncenter\" src=\"http:\/\/ccoo.app\/diputacio-de-barcelona\/wp-content\/blogs.dir\/6\/files\/sites\/186\/2020\/04\/mail-foto-300x200.jpg\" alt=\"\" width=\"59\" height=\"39\" srcset=\"https:\/\/ccoo.app\/diputacio-de-barcelona\/wp-content\/blogs.dir\/6\/files\/sites\/186\/2020\/04\/mail-foto-300x200.jpg 300w, https:\/\/ccoo.app\/diputacio-de-barcelona\/wp-content\/blogs.dir\/6\/files\/sites\/186\/2020\/04\/mail-foto-1024x683.jpg 1024w, https:\/\/ccoo.app\/diputacio-de-barcelona\/wp-content\/blogs.dir\/6\/files\/sites\/186\/2020\/04\/mail-foto-768x512.jpg 768w, https:\/\/ccoo.app\/diputacio-de-barcelona\/wp-content\/blogs.dir\/6\/files\/sites\/186\/2020\/04\/mail-foto.jpg 1200w\" sizes=\"auto, (max-width: 59px) 100vw, 59px\" \/><\/p>\n<p style=\"text-align: center\"><span style=\"font-family: arial, helvetica, sans-serif;color: #000000\">La\u00a0SECCI\u00d3 SINDICAL DE CCOO donem resposta a tots els teus dubtes o t&#8217;ajudem solucionar els problemes que puguis tenir.<strong> T&#8217;ajudem a defensar els teus drets!<\/strong><\/span><\/p>\n<p style=\"text-align: center\"><span style=\"font-family: 'arial black', sans-serif;color: #0000ff\"><a style=\"color: #0000ff\" href=\"mailto:ccoo@diba.cat\"><strong>ccoo@diba.cat<\/strong><\/a><\/span><\/p>\n<p style=\"text-align: center\"><span style=\"font-family: 'arial black', sans-serif;color: #0000ff\"><a style=\"color: #0000ff\" href=\"mailto:orgt.ssccoo@diba.cat\">orgt.ssccoo@diba.cat<\/a><\/span><\/p>\n<p><img loading=\"lazy\" decoding=\"async\" class=\"wp-image-5554 aligncenter\" src=\"http:\/\/ccoo.app\/diputacio-de-barcelona\/wp-content\/blogs.dir\/6\/files\/sites\/186\/2020\/04\/mail-foto-enviar-300x212.jpg\" alt=\"\" width=\"67\" height=\"47\" srcset=\"https:\/\/ccoo.app\/diputacio-de-barcelona\/wp-content\/blogs.dir\/6\/files\/sites\/186\/2020\/04\/mail-foto-enviar-300x212.jpg 300w, https:\/\/ccoo.app\/diputacio-de-barcelona\/wp-content\/blogs.dir\/6\/files\/sites\/186\/2020\/04\/mail-foto-enviar-1024x724.jpg 1024w, https:\/\/ccoo.app\/diputacio-de-barcelona\/wp-content\/blogs.dir\/6\/files\/sites\/186\/2020\/04\/mail-foto-enviar-768x543.jpg 768w, https:\/\/ccoo.app\/diputacio-de-barcelona\/wp-content\/blogs.dir\/6\/files\/sites\/186\/2020\/04\/mail-foto-enviar.jpg 1200w\" sizes=\"auto, (max-width: 67px) 100vw, 67px\" \/><\/p>\n<p style=\"text-align: center\"><span style=\"font-family: arial, helvetica, sans-serif;color: #000000\">Encara no t&#8217;has descarregat la nostra <a href=\"http:\/\/www.ccoo.cat\/carnet\/index.aspx?qr=1#descarrega\"><span style=\"font-family: 'arial black', sans-serif;color: #0000ff\">APP<\/span><\/a> CCOO-Diba d&#8217;informaci\u00f3 sindical?<\/span><\/p>\n<p style=\"text-align: center\"><span style=\"font-family: arial, helvetica, sans-serif;color: #000000\">Fes clic <a href=\"http:\/\/www.ccoo.cat\/carnet\/index.aspx?qr=1#descarrega\"><span style=\"font-family: 'arial black', sans-serif;color: #0000ff\">aqu\u00ed<\/span><\/a> per tenir la informaci\u00f3 abans que ning\u00fa!<\/span><\/p>\n<p><img loading=\"lazy\" decoding=\"async\" class=\"wp-image-5915 aligncenter\" src=\"http:\/\/ccoo.app\/diputacio-de-barcelona\/wp-content\/blogs.dir\/6\/files\/sites\/186\/2020\/05\/xarxes-socials-300x169.png\" alt=\"\" width=\"227\" height=\"128\" srcset=\"https:\/\/ccoo.app\/diputacio-de-barcelona\/wp-content\/blogs.dir\/6\/files\/sites\/186\/2020\/05\/xarxes-socials-300x169.png 300w, https:\/\/ccoo.app\/diputacio-de-barcelona\/wp-content\/blogs.dir\/6\/files\/sites\/186\/2020\/05\/xarxes-socials-1024x576.png 1024w, https:\/\/ccoo.app\/diputacio-de-barcelona\/wp-content\/blogs.dir\/6\/files\/sites\/186\/2020\/05\/xarxes-socials-768x432.png 768w, https:\/\/ccoo.app\/diputacio-de-barcelona\/wp-content\/blogs.dir\/6\/files\/sites\/186\/2020\/05\/xarxes-socials.png 1200w\" sizes=\"auto, (max-width: 227px) 100vw, 227px\" \/><\/p>\n<p style=\"text-align: center\"><span style=\"font-family: arial, helvetica, sans-serif;color: #000000\">Tamb\u00e9 trobar\u00e0s CCOO-Diba a les xarxes socials. Clica sobre la icona de la teva xarxa favorita:<\/span><\/p>\n<p><a href=\"https:\/\/twitter.com\/CCOODiba\"><img loading=\"lazy\" decoding=\"async\" class=\" wp-image-5728 aligncenter\" src=\"http:\/\/ccoo.app\/diputacio-de-barcelona\/wp-content\/blogs.dir\/6\/files\/sites\/186\/2020\/04\/twitter-300x300.png\" alt=\"\" width=\"89\" height=\"89\" srcset=\"https:\/\/ccoo.app\/diputacio-de-barcelona\/wp-content\/blogs.dir\/6\/files\/sites\/186\/2020\/04\/twitter-300x300.png 300w, https:\/\/ccoo.app\/diputacio-de-barcelona\/wp-content\/blogs.dir\/6\/files\/sites\/186\/2020\/04\/twitter-150x150.png 150w, https:\/\/ccoo.app\/diputacio-de-barcelona\/wp-content\/blogs.dir\/6\/files\/sites\/186\/2020\/04\/twitter.png 512w\" sizes=\"auto, (max-width: 89px) 100vw, 89px\" \/><\/a><\/p>\n<p><a href=\"https:\/\/www.instagram.com\/ccoo_diba\/?hl=es\"><img loading=\"lazy\" decoding=\"async\" class=\"wp-image-5730 aligncenter\" src=\"http:\/\/ccoo.app\/diputacio-de-barcelona\/wp-content\/blogs.dir\/6\/files\/sites\/186\/2020\/04\/instragram-300x300.png\" alt=\"\" width=\"91\" height=\"91\" srcset=\"https:\/\/ccoo.app\/diputacio-de-barcelona\/wp-content\/blogs.dir\/6\/files\/sites\/186\/2020\/04\/instragram-300x300.png 300w, https:\/\/ccoo.app\/diputacio-de-barcelona\/wp-content\/blogs.dir\/6\/files\/sites\/186\/2020\/04\/instragram-150x150.png 150w, https:\/\/ccoo.app\/diputacio-de-barcelona\/wp-content\/blogs.dir\/6\/files\/sites\/186\/2020\/04\/instragram.png 512w\" sizes=\"auto, (max-width: 91px) 100vw, 91px\" \/><\/a><\/p>\n<p><a href=\"https:\/\/www.facebook.com\/CcooDiputacioDeBarcelona\/\"><img loading=\"lazy\" decoding=\"async\" class=\"wp-image-5729 aligncenter\" src=\"http:\/\/ccoo.app\/diputacio-de-barcelona\/wp-content\/blogs.dir\/6\/files\/sites\/186\/2020\/04\/facebook-300x300.png\" alt=\"\" width=\"90\" height=\"90\" srcset=\"https:\/\/ccoo.app\/diputacio-de-barcelona\/wp-content\/blogs.dir\/6\/files\/sites\/186\/2020\/04\/facebook-300x300.png 300w, https:\/\/ccoo.app\/diputacio-de-barcelona\/wp-content\/blogs.dir\/6\/files\/sites\/186\/2020\/04\/facebook-150x150.png 150w, https:\/\/ccoo.app\/diputacio-de-barcelona\/wp-content\/blogs.dir\/6\/files\/sites\/186\/2020\/04\/facebook.png 325w\" sizes=\"auto, (max-width: 90px) 100vw, 90px\" \/><\/a><a href=\"https:\/\/www.youtube.com\/channel\/UCFzenkS75udEcs4pB4qoZsg\"><img loading=\"lazy\" decoding=\"async\" class=\" wp-image-5916 aligncenter\" src=\"http:\/\/ccoo.app\/diputacio-de-barcelona\/wp-content\/blogs.dir\/6\/files\/sites\/186\/2020\/05\/youtube-300x115.jpg\" alt=\"\" width=\"122\" height=\"47\" srcset=\"https:\/\/ccoo.app\/diputacio-de-barcelona\/wp-content\/blogs.dir\/6\/files\/sites\/186\/2020\/05\/youtube-300x115.jpg 300w, https:\/\/ccoo.app\/diputacio-de-barcelona\/wp-content\/blogs.dir\/6\/files\/sites\/186\/2020\/05\/youtube-1024x391.jpg 1024w, https:\/\/ccoo.app\/diputacio-de-barcelona\/wp-content\/blogs.dir\/6\/files\/sites\/186\/2020\/05\/youtube-768x293.jpg 768w, https:\/\/ccoo.app\/diputacio-de-barcelona\/wp-content\/blogs.dir\/6\/files\/sites\/186\/2020\/05\/youtube.jpg 1200w\" sizes=\"auto, (max-width: 122px) 100vw, 122px\" \/><\/a><\/p>\n<p><iframe loading=\"lazy\" title=\"Hauran de comptar amb nosaltres. Salut, treball i just\u00edcia social || 1r de maig del 2020.\" width=\"1200\" height=\"675\" src=\"https:\/\/www.youtube.com\/embed\/uS104R3aSJs?feature=oembed\" frameborder=\"0\" allow=\"accelerometer; autoplay; clipboard-write; encrypted-media; gyroscope; picture-in-picture; web-share\" allowfullscreen><\/iframe><\/p>\n<p>&nbsp;    \t<\/p>\n","protected":false},"excerpt":{"rendered":"<p>RESUM DE LA REUNI\u00d3 (17.06) RELACIONADA AMB LES MESURES DE SEGURETAT A LES OFICINES DE L\u2019ORGT I EL PROC\u00c9S DE DESESCALADA -18 de juny de 2020- Ahir al mat\u00ed v\u00e0rem &#8230; <\/p>\n<p class=\"read-more-container\"><a title=\"95\/COVID-19. RESUM DE LA REUNI\u00d3 RELACIONADA AMB LES MESURES DE SEGURETAT A LES OFICINES DE L\u2019ORGT I EL PROC\u00c9S DE DESESCALADA\" class=\"read-more button\" href=\"https:\/\/ccoo.app\/diputacio-de-barcelona\/desescalada-orgt\/#more-6282\" aria-label=\"Leer m\u00e1s sobre 95\/COVID-19. RESUM DE LA REUNI\u00d3 RELACIONADA AMB LES MESURES DE SEGURETAT A LES OFICINES DE L\u2019ORGT I EL PROC\u00c9S DE DESESCALADA\">Continuar llegint<\/a><\/p>\n","protected":false},"author":4519,"featured_media":6227,"comment_status":"open","ping_status":"open","sticky":false,"template":"","format":"standard","meta":{"footnotes":""},"categories":[19,29],"tags":[],"class_list":["post-6282","post","type-post","status-publish","format-standard","has-post-thumbnail","hentry","category-comunicats","category-orgt-2","generate-columns","tablet-grid-50","mobile-grid-100","grid-parent","grid-50"],"_links":{"self":[{"href":"https:\/\/ccoo.app\/diputacio-de-barcelona\/wp-json\/wp\/v2\/posts\/6282","targetHints":{"allow":["GET"]}}],"collection":[{"href":"https:\/\/ccoo.app\/diputacio-de-barcelona\/wp-json\/wp\/v2\/posts"}],"about":[{"href":"https:\/\/ccoo.app\/diputacio-de-barcelona\/wp-json\/wp\/v2\/types\/post"}],"author":[{"embeddable":true,"href":"https:\/\/ccoo.app\/diputacio-de-barcelona\/wp-json\/wp\/v2\/users\/4519"}],"replies":[{"embeddable":true,"href":"https:\/\/ccoo.app\/diputacio-de-barcelona\/wp-json\/wp\/v2\/comments?post=6282"}],"version-history":[{"count":1,"href":"https:\/\/ccoo.app\/diputacio-de-barcelona\/wp-json\/wp\/v2\/posts\/6282\/revisions"}],"predecessor-version":[{"id":50930,"href":"https:\/\/ccoo.app\/diputacio-de-barcelona\/wp-json\/wp\/v2\/posts\/6282\/revisions\/50930"}],"wp:featuredmedia":[{"embeddable":true,"href":"https:\/\/ccoo.app\/diputacio-de-barcelona\/wp-json\/wp\/v2\/media\/6227"}],"wp:attachment":[{"href":"https:\/\/ccoo.app\/diputacio-de-barcelona\/wp-json\/wp\/v2\/media?parent=6282"}],"wp:term":[{"taxonomy":"category","embeddable":true,"href":"https:\/\/ccoo.app\/diputacio-de-barcelona\/wp-json\/wp\/v2\/categories?post=6282"},{"taxonomy":"post_tag","embeddable":true,"href":"https:\/\/ccoo.app\/diputacio-de-barcelona\/wp-json\/wp\/v2\/tags?post=6282"}],"curies":[{"name":"wp","href":"https:\/\/api.w.org\/{rel}","templated":true}]}}