{"id":6236,"date":"2020-06-04T17:35:39","date_gmt":"2020-06-04T16:35:39","guid":{"rendered":"https:\/\/diba.ccoo.cat\/?p=6236"},"modified":"2023-02-22T18:39:04","modified_gmt":"2023-02-22T17:39:04","slug":"aconseguim-mesures-seguretat","status":"publish","type":"post","link":"https:\/\/ccoo.app\/diputacio-de-barcelona\/aconseguim-mesures-seguretat\/","title":{"rendered":"92\/COVID-19. ACONSEGUIM MESURES DE SEGURETAT PER A LES OFICINES DE L\u2019ORGT!"},"content":{"rendered":"<p><a href=\"https:\/\/diba.ccoo.cat\/\"><img loading=\"lazy\" decoding=\"async\" class=\"wp-image-5909 aligncenter\" src=\"http:\/\/ccoo.app\/diputacio-de-barcelona\/wp-content\/blogs.dir\/6\/files\/sites\/186\/2020\/05\/nota-1-300x86.png\" alt=\"\" width=\"92\" height=\"27\" srcset=\"https:\/\/ccoo.app\/diputacio-de-barcelona\/wp-content\/blogs.dir\/6\/files\/sites\/186\/2020\/05\/nota-1-300x86.png 300w, https:\/\/ccoo.app\/diputacio-de-barcelona\/wp-content\/blogs.dir\/6\/files\/sites\/186\/2020\/05\/nota-1.png 339w\" sizes=\"auto, (max-width: 92px) 100vw, 92px\" \/><\/a><\/p>\n<p class=\"wp-caption-text\"><a href=\"https:\/\/diba.ccoo.cat\/\"><img loading=\"lazy\" decoding=\"async\" class=\"wp-image-1853 aligncenter\" src=\"http:\/\/ccoo.app\/diputacio-de-barcelona\/wp-content\/blogs.dir\/6\/files\/sites\/186\/2018\/01\/logoccoov18.jpg\" alt=\"\" width=\"240\" height=\"110\" \/><\/a><\/p>\n<p><a href=\"http:\/\/ccoo.app\/diputacio-de-barcelona\/wp-content\/blogs.dir\/6\/files\/sites\/186\/2020\/06\/4-6-2020-2-comunicat-orgt.pdf\"><img loading=\"lazy\" decoding=\"async\" class=\"wp-image-5910 aligncenter\" src=\"http:\/\/ccoo.app\/diputacio-de-barcelona\/wp-content\/blogs.dir\/6\/files\/sites\/186\/2020\/05\/nota-3-300x83.png\" alt=\"\" width=\"90\" height=\"25\" srcset=\"https:\/\/ccoo.app\/diputacio-de-barcelona\/wp-content\/blogs.dir\/6\/files\/sites\/186\/2020\/05\/nota-3-300x83.png 300w, https:\/\/ccoo.app\/diputacio-de-barcelona\/wp-content\/blogs.dir\/6\/files\/sites\/186\/2020\/05\/nota-3.png 337w\" sizes=\"auto, (max-width: 90px) 100vw, 90px\" \/><\/a><\/p>\n<p style=\"text-align: center\"><span style=\"font-family: 'arial black', sans-serif;color: #0000ff;font-size: 24px\">RESUM DE LA REUNI\u00d3 RELACIONADA AMB LES MESURES DE SEGURETAT A LES OFICINES DE L\u2019ORGT <\/span><\/p>\n<p style=\"text-align: center\"><span style=\"font-family: 'arial black', sans-serif;color: #000000\">DESPR\u00c9S D&#8217;ANYS DE REIVINDICACI\u00d3, HO HEM ACONSEGUIT!<\/span><\/p>\n<p style=\"text-align: center\"><span style=\"font-family: arial, helvetica, sans-serif;font-size: 14px;color: #000000\">-4 de juny de 2020-<\/span><\/p>\n<p style=\"text-align: justify\"><span style=\"font-family: arial, helvetica, sans-serif;color: #000000\">Tal com us inform\u00e0vem aquest mat\u00ed (cliqueu <a href=\"https:\/\/diba.ccoo.cat\/mes-seguretat-per-a-les-oficines-de-lorgt\/\"><span style=\"color: #0000ff;font-family: 'arial black', sans-serif\">aqu\u00ed<\/span><\/a>), hem tingut una reuni\u00f3 amb la Diputaci\u00f3 relacionada amb la planificaci\u00f3 i disseny de la seguretat a les oficines. A continuaci\u00f3 us expliquem quins temes s\u2019han tractat i a quines conclusions s\u2019ha arribat.<\/span><\/p>\n<p>&nbsp;<\/p>\n<p style=\"text-align: justify\"><span style=\"font-family: arial, helvetica, sans-serif;color: #000000\"><strong>POSICIONAMENT INICIAL DE LA DIPUTACI\u00d3 <\/strong>D\u2019acord amb l\u2019auditoria feta i l\u2019informe elaborat, consideren que la soluci\u00f3 \u00e9s la separaci\u00f3 f\u00edsica dels espais de treball i usuari. Complement\u00e0riament, aposten per a la col\u00b7locaci\u00f3 de c\u00e0meres de v\u00eddeo vigil\u00e0ncia pels seus efectes dissuasoris, a m\u00e9s que aporta un element probatori essencial en cas de den\u00fancia. No obstant, no aposten per implantar vigil\u00e0ncia de personal de seguretat privada.<\/span><\/p>\n<p>&nbsp;<\/p>\n<p style=\"text-align: justify\"><span style=\"font-family: arial, helvetica, sans-serif;color: #000000\"><strong><img loading=\"lazy\" decoding=\"async\" class=\" wp-image-5950 alignleft\" src=\"http:\/\/ccoo.app\/diputacio-de-barcelona\/wp-content\/blogs.dir\/6\/files\/sites\/186\/2020\/05\/procedimiento-278x300.png\" alt=\"\" width=\"46\" height=\"50\" srcset=\"https:\/\/ccoo.app\/diputacio-de-barcelona\/wp-content\/blogs.dir\/6\/files\/sites\/186\/2020\/05\/procedimiento-278x300.png 278w, https:\/\/ccoo.app\/diputacio-de-barcelona\/wp-content\/blogs.dir\/6\/files\/sites\/186\/2020\/05\/procedimiento.png 297w\" sizes=\"auto, (max-width: 46px) 100vw, 46px\" \/>PETICIONS DE CCOO<\/strong> Considerem que <strong>el que es proposa \u00e9s positiu i va en la l\u00ednia del que CCOO hem reivindicat des de fa anys.<\/strong> Ara b\u00e9, a la reuni\u00f3 CCOO hem exposat alguns aspectes que creiem que s\u2019han de tenir en compte. <\/span><span style=\"font-family: arial, helvetica, sans-serif;color: #000000\">Aix\u00ed doncs, per a nosaltres \u00e9s essencial que es determini de manera transparent com i quan es faran les modificacions a les oficines. <\/span><\/p>\n<p style=\"text-align: justify\"><span style=\"font-family: arial, helvetica, sans-serif;color: #000000\">En aquest sentit, hem demanat:<\/span><\/p>\n<ul style=\"text-align: justify\">\n<li><span style=\"font-family: arial, helvetica, sans-serif;color: #000000\">La calendaritzaci\u00f3 de la implementaci\u00f3 de les mesures a totes les oficines.<\/span><\/li>\n<li><span style=\"font-family: arial, helvetica, sans-serif;color: #000000\">La calendaritzaci\u00f3 espec\u00edfica de les oficines que hagin d\u2019obrir durant l\u2019actual pand\u00e8mia i que aquestes obrin nom\u00e9s amb la separaci\u00f3 f\u00edsica dels espais executat. En el cas que les c\u00e0meres de v\u00eddeo vigil\u00e0ncia no poguessin instal\u00b7lar-se, demanem un servei de vigil\u00e0ncia de seguretat presencial.<\/span><\/li>\n<li><span style=\"font-family: arial, helvetica, sans-serif;color: #000000\">Reunions quinzenal de seguiment de la implementaci\u00f3 de les mesures.<\/span><\/li>\n<\/ul>\n<p>&nbsp;<\/p>\n<p style=\"text-align: justify\"><span style=\"font-family: arial, helvetica, sans-serif;color: #000000\">Tamb\u00e9 hem sol\u00b7licitat:<\/span><\/p>\n<ul style=\"text-align: justify\">\n<li><span style=\"font-family: arial, helvetica, sans-serif;color: #000000\">Disposar dels documents t\u00e8cnics, planells i disseny de les oficines.<\/span><\/li>\n<li><span style=\"font-family: arial, helvetica, sans-serif;color: #000000\">Elaboraci\u00f3 d\u2019un protocol d&#8217;actuaci\u00f3 per a l&#8217;atenci\u00f3 al p\u00fablic davant el COVID-19 i situacions de viol\u00e8ncia tant f\u00edsica com verbal.<\/span><\/li>\n<li><span style=\"font-family: arial, helvetica, sans-serif;color: #000000\">Posar a disposici\u00f3 del personal un espai de PREGUNTES FREQ\u00dcENTS\u00a0 de tots aquells temes\/dubtes\/incerteses del personal a la intradiba.<\/span><\/li>\n<li><span style=\"font-family: arial, helvetica, sans-serif;color: #000000\">C\u00e0meres termogr\u00e0fiques per a la presa de temperatura.<\/span><\/li>\n<\/ul>\n<p style=\"text-align: justify\"><span style=\"font-family: arial, helvetica, sans-serif;color: #000000\">Respecte a les oficines que hagin d\u2019obrir durant la pand\u00e8mia, els hem remarcat que aquestes s&#8217;han d&#8217;equipar amb totes les mesures i garanties que reflecteix el Protocol de desescalada (cliqueu <a href=\"https:\/\/diba.ccoo.cat\/nou-protocol-versio-mes-senzilla\/\"><span style=\"font-family: 'arial black', sans-serif;color: #0000ff\">aqu\u00ed<\/span><\/a>).<\/span><\/p>\n<p style=\"text-align: justify\"><span style=\"font-family: arial, helvetica, sans-serif;color: #000000\">Tamb\u00e9, ens preocupa la <strong>ventilaci\u00f3 i renovaci\u00f3 d\u2019aire<\/strong> de les oficines especialment tenint en compte els contagis per la COVID-19. S\u2019ha de garantir la ventilaci\u00f3 adequada natural o general for\u00e7ada. Per la qual cosa, pr\u00e8viament a l\u2019inici de l\u2019activitat presencial exigim que es revisi i netegi els sistemes de climatitzaci\u00f3. Tamb\u00e9 que s\u2019elabori un protocol espec\u00edfic respecte a com es dur\u00e0 a terme abans i durant l\u2019activitat.<\/span><\/p>\n<p>&nbsp;<\/p>\n<p style=\"text-align: justify\"><span style=\"font-family: arial, helvetica, sans-serif;color: #000000\"><strong>RESPOSTA CORPORATIVA A PETICIONS FETES<\/strong> Ens confirmen que cap oficina <span style=\"text-decoration: underline\"><strong>no s\u2019obrir\u00e0 sense <a href=\"http:\/\/ccoo.app\/diputacio-de-barcelona\/wp-content\/blogs.dir\/6\/files\/sites\/186\/2020\/06\/orgt-2.png\"><img loading=\"lazy\" decoding=\"async\" class=\" wp-image-6238 alignleft\" src=\"http:\/\/ccoo.app\/diputacio-de-barcelona\/wp-content\/blogs.dir\/6\/files\/sites\/186\/2020\/06\/orgt-2-300x168.png\" alt=\"\" width=\"236\" height=\"132\" srcset=\"https:\/\/ccoo.app\/diputacio-de-barcelona\/wp-content\/blogs.dir\/6\/files\/sites\/186\/2020\/06\/orgt-2-300x168.png 300w, https:\/\/ccoo.app\/diputacio-de-barcelona\/wp-content\/blogs.dir\/6\/files\/sites\/186\/2020\/06\/orgt-2.png 667w\" sizes=\"auto, (max-width: 236px) 100vw, 236px\" \/><\/a>haver col\u00b7locat pr\u00e8viament les mampares de separaci\u00f3 f\u00edsica dels espais<\/strong><\/span> (tal com demanem), revisat el sistema de ventilaci\u00f3\/renovaci\u00f3 d\u2019aire, assegurar la dotaci\u00f3 de material necess\u00e0ria d\u2019EPIs i de protecci\u00f3, efectuada la neteja pr\u00e8via especialitzada i la implantaci\u00f3 de <u>totes les mesures<\/u> exigides al Protocol de desescalada de la Diputaci\u00f3 (cliqueu <a href=\"https:\/\/diba.ccoo.cat\/quan-tornare-a-la-feina-2-2-2\/\"><span style=\"color: #0000ff;font-family: 'arial black', sans-serif\">aqu\u00ed<\/span>)<\/a>.<\/span><\/p>\n<p style=\"text-align: justify\"><span style=\"font-family: arial, helvetica, sans-serif;color: #000000\">El proc\u00e9s de contractaci\u00f3 de les mampares ja s\u2019ha iniciat amb l\u2019objectiu de disposar quan abans millor d\u2019un pressupost. <strong>Seran d\u2019acer, alumini i vidre laminat<\/strong> i es prioritzar\u00e0 les oficines que han d\u2019obrir en breu. Han acceptat la nostra petici\u00f3 de que els delegats i delegades de prevenci\u00f3 puguin anar presencialment a aquestes oficines per tal de comprovar les adequacions abans esmentades.<\/span><\/p>\n<p style=\"text-align: justify\"><span style=\"font-family: arial, helvetica, sans-serif;color: #000000\">Respecte al <strong>vigilant de seguretat<\/strong>, sense descartar-ho del tot, ens indiquen que implantar-ho a totes les oficines suposaria un cost econ\u00f2mic inassolible. Proposen posar en marxa la resta de mesures i donar-nos un temps per veure com va tot plegat. Tot i aix\u00f2, analitzaran la possibilitat d\u2019enviar els vigilants de seguretat que treballaven a les oficines que ara romandran tancades a aquelles que ara es pretenen obrir.<\/span><\/p>\n<p style=\"text-align: justify\"><span style=\"font-family: arial, helvetica, sans-serif;color: #000000\">Asseguren que el <strong>polsador d\u2019alarma<\/strong> ara sona tant a la empresa de seguretat i com a Can Serra. Consideren que aquesta nova mesura, junt amb la c\u00e0mera de v\u00eddeo vigil\u00e0ncia, ser\u00e0 un eina molt m\u00e9s efica\u00e7. Davant les preguntes fetes al respecte, asseguren que les c\u00e0meres nom\u00e9s gravaran imatges (sense so) de l\u2019espai d\u2019atenci\u00f3 al p\u00fablic.<\/span><\/p>\n<p style=\"text-align: justify\"><span style=\"font-family: arial, helvetica, sans-serif;color: #000000\"><img loading=\"lazy\" decoding=\"async\" class=\" wp-image-6002 alignleft\" src=\"http:\/\/ccoo.app\/diputacio-de-barcelona\/wp-content\/blogs.dir\/6\/files\/sites\/186\/2020\/05\/cameres-300x200.jpg\" alt=\"\" width=\"131\" height=\"87\" srcset=\"https:\/\/ccoo.app\/diputacio-de-barcelona\/wp-content\/blogs.dir\/6\/files\/sites\/186\/2020\/05\/cameres-300x200.jpg 300w, https:\/\/ccoo.app\/diputacio-de-barcelona\/wp-content\/blogs.dir\/6\/files\/sites\/186\/2020\/05\/cameres-1024x683.jpg 1024w, https:\/\/ccoo.app\/diputacio-de-barcelona\/wp-content\/blogs.dir\/6\/files\/sites\/186\/2020\/05\/cameres-768x512.jpg 768w, https:\/\/ccoo.app\/diputacio-de-barcelona\/wp-content\/blogs.dir\/6\/files\/sites\/186\/2020\/05\/cameres.jpg 1200w\" sizes=\"auto, (max-width: 131px) 100vw, 131px\" \/>Respecte a la <strong>presa de temperatura<\/strong>, el nou protocol diu: \u201c<em>Per a la protecci\u00f3 de la salut i la seguretat en el treball de les persones<\/em> <em>treballadores en els respectius centres, habilitaci\u00f3 de sistemes per a<\/em> <em>mesurar la <u>temperatura corporal en els diferents accessos a edificis<\/u><\/em> <em>corporatius. <u>En cas d\u2019ultrapassar el l\u00edmit de temperatura establert, 37,3<\/u><\/em> <em><u>\u00baC, no es permetr\u00e0 l\u2019acc\u00e9s<\/u><\/em><em> i en cas de tractar-se d\u2019un empleat o<\/em> <em>empleada, aquesta ho comunicar\u00e0 a l\u2018Oficina de Prevenci\u00f3 de Riscos<\/em> <em>Laborals\u201d.<\/em> En el cas de l\u2019ORGT, encara s\u2019ha de determinar quin m\u00e8tode s\u2019utilitzar\u00e0 i com es portar\u00e0 a terme.<\/span><\/p>\n<p style=\"text-align: justify\"><span style=\"font-family: arial, helvetica, sans-serif;color: #000000\">Diuen que ja estan treballant els <strong>protocols<\/strong> que demanem i que ho passaran als sindicats per a que puguem fer les nostres aportacions.<\/span><\/p>\n<p style=\"text-align: justify\"><span style=\"font-family: arial, helvetica, sans-serif;color: #000000\">Accepten la nostra proposta de <strong>reunions quinzenals<\/strong> respecte a la implementaci\u00f3 i adequaci\u00f3 de les oficines.<\/span><\/p>\n<p style=\"text-align: justify\"><span style=\"font-family: arial, helvetica, sans-serif;color: #000000\">El personal que s\u2019hagi d\u2019incorporar haur\u00e0 de ser sotm\u00e8s a una <strong><u>prova de detecci\u00f3<\/u> <\/strong>(PCR) i en breu informaran des de RRHH on es realitzar\u00e0.<\/span><\/p>\n<p style=\"text-align: justify\"><span style=\"font-family: arial, helvetica, sans-serif;color: #000000\">Respecte al <strong>c<u>urs de formaci\u00f3<\/u> on-line<\/strong> de prevenci\u00f3, es previst que dilluns que ve ho pugui realitzar tota la plantilla.<\/span><\/p>\n<p style=\"text-align: justify\"><span style=\"font-family: arial, helvetica, sans-serif;color: #000000\">Tamb\u00e9 s\u2019ha comentat el tema de les <strong>borses de treball<\/strong> i la voluntat \u00e9s tirar endavant el m\u00e9s aviat possible les convocat\u00f2ries. \u00d2bviament, s\u2019ha de tenir en compte les limitacions imposades per l\u2019actual situaci\u00f3 de pand\u00e8mia. Per tant, encara no poden posar dates.<\/span><\/p>\n<p>&nbsp;<\/p>\n<p style=\"text-align: justify\"><span style=\"font-family: arial, helvetica, sans-serif;color: #000000\">Vols con\u00e8ixer altres novetats a l&#8217;ORGT?\u00a0 (Clica <a href=\"https:\/\/diba.ccoo.cat\/ultimes-informacions-de-lorgt\/\"><span style=\"font-family: 'arial black', sans-serif;color: #0000ff\">aqu\u00ed<\/span><\/a>).<\/span><\/p>\n<p>&nbsp;<\/p>\n<p><a href=\"http:\/\/ccoo.app\/diputacio-de-barcelona\/wp-content\/blogs.dir\/6\/files\/sites\/186\/2020\/06\/4-6-2020-2-comunicat-orgt.pdf\"><img loading=\"lazy\" decoding=\"async\" class=\"wp-image-5912 aligncenter\" src=\"http:\/\/ccoo.app\/diputacio-de-barcelona\/wp-content\/blogs.dir\/6\/files\/sites\/186\/2020\/05\/nota-2-300x86.png\" alt=\"\" width=\"98\" height=\"28\" srcset=\"https:\/\/ccoo.app\/diputacio-de-barcelona\/wp-content\/blogs.dir\/6\/files\/sites\/186\/2020\/05\/nota-2-300x86.png 300w, https:\/\/ccoo.app\/diputacio-de-barcelona\/wp-content\/blogs.dir\/6\/files\/sites\/186\/2020\/05\/nota-2.png 337w\" sizes=\"auto, (max-width: 98px) 100vw, 98px\" \/><\/a><\/p>\n<p>&nbsp;<\/p>\n<p style=\"text-align: center\"><img loading=\"lazy\" decoding=\"async\" class=\"wp-image-5184 aligncenter\" src=\"http:\/\/ccoo.app\/diputacio-de-barcelona\/wp-content\/blogs.dir\/6\/files\/sites\/186\/2020\/03\/i-de-info-300x300.jpg\" alt=\"\" width=\"72\" height=\"72\" srcset=\"https:\/\/ccoo.app\/diputacio-de-barcelona\/wp-content\/blogs.dir\/6\/files\/sites\/186\/2020\/03\/i-de-info-300x300.jpg 300w, https:\/\/ccoo.app\/diputacio-de-barcelona\/wp-content\/blogs.dir\/6\/files\/sites\/186\/2020\/03\/i-de-info-150x150.jpg 150w, https:\/\/ccoo.app\/diputacio-de-barcelona\/wp-content\/blogs.dir\/6\/files\/sites\/186\/2020\/03\/i-de-info.jpg 626w\" sizes=\"auto, (max-width: 72px) 100vw, 72px\" \/><span style=\"font-family: 'arial black', sans-serif;font-size: 20px;color: #ffff00;background-color: #ff0000\">TOTA LA INFORMACI\u00d3 SINDICAL QUE NECESSITES<\/span><\/p>\n<p><img loading=\"lazy\" decoding=\"async\" class=\"wp-image-5913 aligncenter\" src=\"http:\/\/ccoo.app\/diputacio-de-barcelona\/wp-content\/blogs.dir\/6\/files\/sites\/186\/2020\/05\/telefono-300x300.jpg\" alt=\"\" width=\"59\" height=\"59\" srcset=\"https:\/\/ccoo.app\/diputacio-de-barcelona\/wp-content\/blogs.dir\/6\/files\/sites\/186\/2020\/05\/telefono-300x300.jpg 300w, https:\/\/ccoo.app\/diputacio-de-barcelona\/wp-content\/blogs.dir\/6\/files\/sites\/186\/2020\/05\/telefono-150x150.jpg 150w, https:\/\/ccoo.app\/diputacio-de-barcelona\/wp-content\/blogs.dir\/6\/files\/sites\/186\/2020\/05\/telefono.jpg 600w\" sizes=\"auto, (max-width: 59px) 100vw, 59px\" \/><\/p>\n<p style=\"text-align: center\"><span style=\"font-family: 'arial black', sans-serif;color: #000000\">DE DILLUNS A DIVENDRES<\/span><\/p>\n<p style=\"text-align: center\"><span style=\"font-family: 'arial black', sans-serif;color: #000000\">DE 10:00 A 14:30 i DE 17:00 A 19 HORES<\/span><\/p>\n<p style=\"text-align: center\"><span style=\"font-family: 'arial black', sans-serif;color: #ff0000\">93.402.29.85 &#8211; 22985 &#8211; 667 90 69 64<\/span><\/p>\n<p><img loading=\"lazy\" decoding=\"async\" class=\"wp-image-5553 aligncenter\" src=\"http:\/\/ccoo.app\/diputacio-de-barcelona\/wp-content\/blogs.dir\/6\/files\/sites\/186\/2020\/04\/mail-foto-300x200.jpg\" alt=\"\" width=\"59\" height=\"39\" srcset=\"https:\/\/ccoo.app\/diputacio-de-barcelona\/wp-content\/blogs.dir\/6\/files\/sites\/186\/2020\/04\/mail-foto-300x200.jpg 300w, https:\/\/ccoo.app\/diputacio-de-barcelona\/wp-content\/blogs.dir\/6\/files\/sites\/186\/2020\/04\/mail-foto-1024x683.jpg 1024w, https:\/\/ccoo.app\/diputacio-de-barcelona\/wp-content\/blogs.dir\/6\/files\/sites\/186\/2020\/04\/mail-foto-768x512.jpg 768w, https:\/\/ccoo.app\/diputacio-de-barcelona\/wp-content\/blogs.dir\/6\/files\/sites\/186\/2020\/04\/mail-foto.jpg 1200w\" sizes=\"auto, (max-width: 59px) 100vw, 59px\" \/><\/p>\n<p style=\"text-align: center\"><span style=\"font-family: arial, helvetica, sans-serif;color: #000000\">La\u00a0SECCI\u00d3 SINDICAL DE CCOO donem resposta a tots els teus dubtes o t&#8217;ajudem solucionar els problemes que puguis tenir.<strong> T&#8217;ajudem a defensar els teus drets!<\/strong><\/span><\/p>\n<p style=\"text-align: center\"><span style=\"font-family: 'arial black', sans-serif;color: #0000ff\"><a style=\"color: #0000ff\" href=\"mailto:ccoo@diba.cat\"><strong>ccoo@diba.cat<\/strong><\/a><\/span><\/p>\n<p style=\"text-align: center\"><span style=\"font-family: 'arial black', sans-serif;color: #0000ff\"><a style=\"color: #0000ff\" href=\"mailto:orgt.ssccoo@diba.cat\">orgt.ssccoo@diba.cat<\/a><\/span><\/p>\n<p><img loading=\"lazy\" decoding=\"async\" class=\"wp-image-5554 aligncenter\" src=\"http:\/\/ccoo.app\/diputacio-de-barcelona\/wp-content\/blogs.dir\/6\/files\/sites\/186\/2020\/04\/mail-foto-enviar-300x212.jpg\" alt=\"\" width=\"67\" height=\"47\" srcset=\"https:\/\/ccoo.app\/diputacio-de-barcelona\/wp-content\/blogs.dir\/6\/files\/sites\/186\/2020\/04\/mail-foto-enviar-300x212.jpg 300w, https:\/\/ccoo.app\/diputacio-de-barcelona\/wp-content\/blogs.dir\/6\/files\/sites\/186\/2020\/04\/mail-foto-enviar-1024x724.jpg 1024w, https:\/\/ccoo.app\/diputacio-de-barcelona\/wp-content\/blogs.dir\/6\/files\/sites\/186\/2020\/04\/mail-foto-enviar-768x543.jpg 768w, https:\/\/ccoo.app\/diputacio-de-barcelona\/wp-content\/blogs.dir\/6\/files\/sites\/186\/2020\/04\/mail-foto-enviar.jpg 1200w\" sizes=\"auto, (max-width: 67px) 100vw, 67px\" \/><\/p>\n<p style=\"text-align: center\"><span style=\"font-family: arial, helvetica, sans-serif;color: #000000\">Encara no t&#8217;has descarregat la nostra <a href=\"http:\/\/www.ccoo.cat\/carnet\/index.aspx?qr=1#descarrega\"><span style=\"font-family: 'arial black', sans-serif;color: #0000ff\">APP<\/span><\/a> CCOO-Diba d&#8217;informaci\u00f3 sindical?<\/span><\/p>\n<p style=\"text-align: center\"><span style=\"font-family: arial, helvetica, sans-serif;color: #000000\">Fes clic <a href=\"http:\/\/www.ccoo.cat\/carnet\/index.aspx?qr=1#descarrega\"><span style=\"font-family: 'arial black', sans-serif;color: #0000ff\">aqu\u00ed<\/span><\/a> per tenir la informaci\u00f3 abans que ning\u00fa!<\/span><\/p>\n<p><img loading=\"lazy\" decoding=\"async\" class=\"wp-image-5915 aligncenter\" src=\"http:\/\/ccoo.app\/diputacio-de-barcelona\/wp-content\/blogs.dir\/6\/files\/sites\/186\/2020\/05\/xarxes-socials-300x169.png\" alt=\"\" width=\"227\" height=\"128\" srcset=\"https:\/\/ccoo.app\/diputacio-de-barcelona\/wp-content\/blogs.dir\/6\/files\/sites\/186\/2020\/05\/xarxes-socials-300x169.png 300w, https:\/\/ccoo.app\/diputacio-de-barcelona\/wp-content\/blogs.dir\/6\/files\/sites\/186\/2020\/05\/xarxes-socials-1024x576.png 1024w, https:\/\/ccoo.app\/diputacio-de-barcelona\/wp-content\/blogs.dir\/6\/files\/sites\/186\/2020\/05\/xarxes-socials-768x432.png 768w, https:\/\/ccoo.app\/diputacio-de-barcelona\/wp-content\/blogs.dir\/6\/files\/sites\/186\/2020\/05\/xarxes-socials.png 1200w\" sizes=\"auto, (max-width: 227px) 100vw, 227px\" \/><\/p>\n<p style=\"text-align: center\"><span style=\"font-family: arial, helvetica, sans-serif;color: #000000\">Tamb\u00e9 trobar\u00e0s CCOO-Diba a les xarxes socials. Clica sobre la icona de la teva xarxa favorita:<\/span><\/p>\n<p><a href=\"https:\/\/twitter.com\/CCOODiba\"><img loading=\"lazy\" decoding=\"async\" class=\" wp-image-5728 aligncenter\" src=\"http:\/\/ccoo.app\/diputacio-de-barcelona\/wp-content\/blogs.dir\/6\/files\/sites\/186\/2020\/04\/twitter-300x300.png\" alt=\"\" width=\"89\" height=\"89\" srcset=\"https:\/\/ccoo.app\/diputacio-de-barcelona\/wp-content\/blogs.dir\/6\/files\/sites\/186\/2020\/04\/twitter-300x300.png 300w, https:\/\/ccoo.app\/diputacio-de-barcelona\/wp-content\/blogs.dir\/6\/files\/sites\/186\/2020\/04\/twitter-150x150.png 150w, https:\/\/ccoo.app\/diputacio-de-barcelona\/wp-content\/blogs.dir\/6\/files\/sites\/186\/2020\/04\/twitter.png 512w\" sizes=\"auto, (max-width: 89px) 100vw, 89px\" \/><\/a><\/p>\n<p><a href=\"https:\/\/www.instagram.com\/ccoo_diba\/?hl=es\"><img loading=\"lazy\" decoding=\"async\" class=\"wp-image-5730 aligncenter\" src=\"http:\/\/ccoo.app\/diputacio-de-barcelona\/wp-content\/blogs.dir\/6\/files\/sites\/186\/2020\/04\/instragram-300x300.png\" alt=\"\" width=\"91\" height=\"91\" srcset=\"https:\/\/ccoo.app\/diputacio-de-barcelona\/wp-content\/blogs.dir\/6\/files\/sites\/186\/2020\/04\/instragram-300x300.png 300w, https:\/\/ccoo.app\/diputacio-de-barcelona\/wp-content\/blogs.dir\/6\/files\/sites\/186\/2020\/04\/instragram-150x150.png 150w, https:\/\/ccoo.app\/diputacio-de-barcelona\/wp-content\/blogs.dir\/6\/files\/sites\/186\/2020\/04\/instragram.png 512w\" sizes=\"auto, (max-width: 91px) 100vw, 91px\" \/><\/a><\/p>\n<p><a href=\"https:\/\/www.facebook.com\/CcooDiputacioDeBarcelona\/\"><img loading=\"lazy\" decoding=\"async\" class=\"wp-image-5729 aligncenter\" src=\"http:\/\/ccoo.app\/diputacio-de-barcelona\/wp-content\/blogs.dir\/6\/files\/sites\/186\/2020\/04\/facebook-300x300.png\" alt=\"\" width=\"90\" height=\"90\" srcset=\"https:\/\/ccoo.app\/diputacio-de-barcelona\/wp-content\/blogs.dir\/6\/files\/sites\/186\/2020\/04\/facebook-300x300.png 300w, https:\/\/ccoo.app\/diputacio-de-barcelona\/wp-content\/blogs.dir\/6\/files\/sites\/186\/2020\/04\/facebook-150x150.png 150w, https:\/\/ccoo.app\/diputacio-de-barcelona\/wp-content\/blogs.dir\/6\/files\/sites\/186\/2020\/04\/facebook.png 325w\" sizes=\"auto, (max-width: 90px) 100vw, 90px\" \/><\/a><a href=\"https:\/\/www.youtube.com\/channel\/UCFzenkS75udEcs4pB4qoZsg\"><img loading=\"lazy\" decoding=\"async\" class=\" wp-image-5916 aligncenter\" src=\"http:\/\/ccoo.app\/diputacio-de-barcelona\/wp-content\/blogs.dir\/6\/files\/sites\/186\/2020\/05\/youtube-300x115.jpg\" alt=\"\" width=\"122\" height=\"47\" srcset=\"https:\/\/ccoo.app\/diputacio-de-barcelona\/wp-content\/blogs.dir\/6\/files\/sites\/186\/2020\/05\/youtube-300x115.jpg 300w, https:\/\/ccoo.app\/diputacio-de-barcelona\/wp-content\/blogs.dir\/6\/files\/sites\/186\/2020\/05\/youtube-1024x391.jpg 1024w, https:\/\/ccoo.app\/diputacio-de-barcelona\/wp-content\/blogs.dir\/6\/files\/sites\/186\/2020\/05\/youtube-768x293.jpg 768w, https:\/\/ccoo.app\/diputacio-de-barcelona\/wp-content\/blogs.dir\/6\/files\/sites\/186\/2020\/05\/youtube.jpg 1200w\" sizes=\"auto, (max-width: 122px) 100vw, 122px\" \/><\/a><\/p>\n<p><iframe loading=\"lazy\" title=\"Hauran de comptar amb nosaltres. Salut, treball i just\u00edcia social || 1r de maig del 2020.\" width=\"1200\" height=\"675\" src=\"https:\/\/www.youtube.com\/embed\/uS104R3aSJs?feature=oembed\" frameborder=\"0\" allow=\"accelerometer; autoplay; clipboard-write; encrypted-media; gyroscope; picture-in-picture; web-share\" allowfullscreen><\/iframe><\/p>\n<p>&nbsp;    \t<\/p>\n","protected":false},"excerpt":{"rendered":"<p>RESUM DE LA REUNI\u00d3 RELACIONADA AMB LES MESURES DE SEGURETAT A LES OFICINES DE L\u2019ORGT DESPR\u00c9S D&#8217;ANYS DE REIVINDICACI\u00d3, HO HEM ACONSEGUIT! -4 de juny de 2020- Tal com us &#8230; <\/p>\n<p class=\"read-more-container\"><a title=\"92\/COVID-19. ACONSEGUIM MESURES DE SEGURETAT PER A LES OFICINES DE L\u2019ORGT!\" class=\"read-more button\" href=\"https:\/\/ccoo.app\/diputacio-de-barcelona\/aconseguim-mesures-seguretat\/#more-6236\" aria-label=\"Leer m\u00e1s sobre 92\/COVID-19. ACONSEGUIM MESURES DE SEGURETAT PER A LES OFICINES DE L\u2019ORGT!\">Continuar llegint<\/a><\/p>\n","protected":false},"author":4519,"featured_media":6238,"comment_status":"open","ping_status":"open","sticky":false,"template":"","format":"standard","meta":{"footnotes":""},"categories":[19,29],"tags":[],"class_list":["post-6236","post","type-post","status-publish","format-standard","has-post-thumbnail","hentry","category-comunicats","category-orgt-2","generate-columns","tablet-grid-50","mobile-grid-100","grid-parent","grid-50"],"_links":{"self":[{"href":"https:\/\/ccoo.app\/diputacio-de-barcelona\/wp-json\/wp\/v2\/posts\/6236","targetHints":{"allow":["GET"]}}],"collection":[{"href":"https:\/\/ccoo.app\/diputacio-de-barcelona\/wp-json\/wp\/v2\/posts"}],"about":[{"href":"https:\/\/ccoo.app\/diputacio-de-barcelona\/wp-json\/wp\/v2\/types\/post"}],"author":[{"embeddable":true,"href":"https:\/\/ccoo.app\/diputacio-de-barcelona\/wp-json\/wp\/v2\/users\/4519"}],"replies":[{"embeddable":true,"href":"https:\/\/ccoo.app\/diputacio-de-barcelona\/wp-json\/wp\/v2\/comments?post=6236"}],"version-history":[{"count":1,"href":"https:\/\/ccoo.app\/diputacio-de-barcelona\/wp-json\/wp\/v2\/posts\/6236\/revisions"}],"predecessor-version":[{"id":50935,"href":"https:\/\/ccoo.app\/diputacio-de-barcelona\/wp-json\/wp\/v2\/posts\/6236\/revisions\/50935"}],"wp:featuredmedia":[{"embeddable":true,"href":"https:\/\/ccoo.app\/diputacio-de-barcelona\/wp-json\/wp\/v2\/media\/6238"}],"wp:attachment":[{"href":"https:\/\/ccoo.app\/diputacio-de-barcelona\/wp-json\/wp\/v2\/media?parent=6236"}],"wp:term":[{"taxonomy":"category","embeddable":true,"href":"https:\/\/ccoo.app\/diputacio-de-barcelona\/wp-json\/wp\/v2\/categories?post=6236"},{"taxonomy":"post_tag","embeddable":true,"href":"https:\/\/ccoo.app\/diputacio-de-barcelona\/wp-json\/wp\/v2\/tags?post=6236"}],"curies":[{"name":"wp","href":"https:\/\/api.w.org\/{rel}","templated":true}]}}