{"id":6212,"date":"2020-05-31T18:47:28","date_gmt":"2020-05-31T17:47:28","guid":{"rendered":"https:\/\/diba.ccoo.cat\/?p=6212"},"modified":"2023-02-22T18:39:07","modified_gmt":"2023-02-22T17:39:07","slug":"29-05-2020-resum-de-la-reunio-css","status":"publish","type":"post","link":"https:\/\/ccoo.app\/diputacio-de-barcelona\/29-05-2020-resum-de-la-reunio-css\/","title":{"rendered":"89\/COVID.19 29.05.2020 RESUM DE LA REUNI\u00d3 TELEM\u00c0TICA DEL COMIT\u00c8 DE SEGURETAT I SALUT"},"content":{"rendered":"<p><a href=\"https:\/\/diba.ccoo.cat\/\"><img loading=\"lazy\" decoding=\"async\" class=\"wp-image-5909 aligncenter\" src=\"http:\/\/ccoo.app\/diputacio-de-barcelona\/wp-content\/blogs.dir\/6\/files\/sites\/186\/2020\/05\/nota-1-300x86.png\" alt=\"\" width=\"92\" height=\"27\" srcset=\"https:\/\/ccoo.app\/diputacio-de-barcelona\/wp-content\/blogs.dir\/6\/files\/sites\/186\/2020\/05\/nota-1-300x86.png 300w, https:\/\/ccoo.app\/diputacio-de-barcelona\/wp-content\/blogs.dir\/6\/files\/sites\/186\/2020\/05\/nota-1.png 339w\" sizes=\"auto, (max-width: 92px) 100vw, 92px\" \/><\/a><\/p>\n<p class=\"wp-caption-text\"><a href=\"https:\/\/diba.ccoo.cat\/\"><img loading=\"lazy\" decoding=\"async\" class=\"wp-image-1853 aligncenter\" src=\"http:\/\/ccoo.app\/diputacio-de-barcelona\/wp-content\/blogs.dir\/6\/files\/sites\/186\/2018\/01\/logoccoov18.jpg\" alt=\"\" width=\"240\" height=\"110\" \/><\/a><\/p>\n<p>&nbsp;<\/p>\n<p>&nbsp;<\/p>\n<p style=\"text-align: center\"><span style=\"font-family: 'arial black', sans-serif;color: #0000ff;font-size: 24px\">\u00a0<\/span><span style=\"font-family: 'arial black', sans-serif;color: #0000ff;font-size: 24px\">REUNI\u00d3 TELEM\u00c0TICA DEL COMIT\u00c8 DE SEGURETAT I SALUT DEL 29.05.2020<\/span><\/p>\n<p style=\"text-align: center\"><span style=\"font-family: arial, helvetica, sans-serif;font-size: 14px;color: #000000\">-31 de maig de 2020-<\/span><\/p>\n<p style=\"text-align: justify\"><span style=\"font-family: arial, helvetica, sans-serif;color: #000000\"><strong>BREU RESUM DELS ANTECEDENTS<\/strong> El dia 7 d\u2019abril <strong>(<\/strong><a style=\"color: #000000\" href=\"https:\/\/diba.ccoo.cat\/peticio-de-reunio-del-comite-de-seguretat-i-salut\/\">cliqueu<span style=\"font-family: 'arial black', sans-serif;color: #0000ff\"> aqu\u00ed<\/span><\/a><\/span><span style=\"color: #000000\"><span style=\"font-family: arial, helvetica, sans-serif\">)<\/span><span style=\"font-family: arial, helvetica, sans-serif\">, cansats i cansades d&#8217;esperar resposta a les nostres demandes, C<\/span><\/span><span style=\"font-family: arial, helvetica, sans-serif;color: #000000\">COO exigiem p\u00fablicament (incloent a les xarxes socials) <strong>de manera contundent la participaci\u00f3 de la representaci\u00f3 legal <\/strong>de les persones treballadores en l\u2019elaboraci\u00f3 de protocols, mesures i accions encaminades a la lluita contra el coronavirus<strong>. Era inadmissible que fins aquell moment, <span style=\"text-decoration: underline\">es deix\u00e9s al delegats i delegades de prevenci\u00f3 sense el seu dret <\/span><\/strong><strong>no nom\u00e9s d\u2019informaci\u00f3 (de decisions ja preses), sin\u00f3 tamb\u00e9 de <span style=\"text-decoration: underline\">consulta i participaci\u00f3<\/span> d\u2019acord amb el que indica l\u2019article 36 de la LPRL.<\/strong><\/span><\/p>\n<p style=\"text-align: justify\"><span style=\"font-family: arial, helvetica, sans-serif;color: #000000\">En el comunicat del 14 d\u2019abril (<a style=\"color: #000000\" href=\"https:\/\/diba.ccoo.cat\/fins-al-26-dabril-tot-segueix-igual\/\">cliqueu <span style=\"color: #0000ff;font-family: 'arial black', sans-serif\">aqu\u00ed<\/span><\/a>), us explic\u00e0vem que finalment la corporaci\u00f3 havia accedit a la nostra petici\u00f3, convocant pel dia 17 del mateix mes la PRIMERA reuni\u00f3 del Comit\u00e8 de Seguretat i Salut tal com deman\u00e0vem per via telem\u00e0tica. Des d&#8217;aquell moment, est\u00e0 tenint lloc una reuni\u00f3 tots els divendres.<\/span><\/p>\n<p><img loading=\"lazy\" decoding=\"async\" class=\"wp-image-2963 aligncenter\" src=\"http:\/\/ccoo.app\/diputacio-de-barcelona\/wp-content\/blogs.dir\/6\/files\/sites\/186\/2018\/11\/enconstruccion-300x277.png\" alt=\"\" width=\"108\" height=\"100\" srcset=\"https:\/\/ccoo.app\/diputacio-de-barcelona\/wp-content\/blogs.dir\/6\/files\/sites\/186\/2018\/11\/enconstruccion-300x277.png 300w, https:\/\/ccoo.app\/diputacio-de-barcelona\/wp-content\/blogs.dir\/6\/files\/sites\/186\/2018\/11\/enconstruccion.png 358w\" sizes=\"auto, (max-width: 108px) 100vw, 108px\" \/><\/p>\n<p style=\"text-align: center\"><span style=\"font-family: 'arial black', sans-serif;color: #0000ff;font-size: 20px\">RESUM DE LA REUNI\u00d3 DEL DIA 29.05.2020<\/span><\/p>\n<p style=\"text-align: center\"><span style=\"text-decoration: underline\"><span style=\"font-family: 'arial black', sans-serif;color: #000000;text-decoration: underline\">INCLOU INFORMACI\u00d3 REBUDA I PETICIONS DE CCOO<\/span><\/span><\/p>\n<p>&nbsp;<\/p>\n<p style=\"text-align: justify\"><span style=\"font-family: arial, helvetica, sans-serif;color: #000000\"><strong>POSITIUS PER COVID-19 ENTRE EL PERSONAL (RESPIR)<\/strong> 72 possibles casos i 50 confirmats per proves de diagnosi de la Covid-19.<\/span><\/p>\n<p>&nbsp;<\/p>\n<p style=\"text-align: justify\"><span style=\"font-family: arial, helvetica, sans-serif;color: #000000\"><strong>TEST AL PERSONAL DE NOVA REINCORPORACI\u00d3. <\/strong>Ja es disposa de l\u2019autoritzaci\u00f3 per part de les autoritats sanit\u00e0ries. Per tant, d\u2019acord amb el que indica el nou protocol, es realitzar\u00e0 una <strong><span style=\"text-decoration: underline\">prova de diagnosi a totes les persones que es reincorporin.<\/span><\/strong> Es preveu anar citant al personal als dispensaris corporatius per\u00f2 tamb\u00e9 es faran proves als centres de treball del territori per evitar despla\u00e7aments.<\/span><\/p>\n<p>&nbsp;<\/p>\n<p style=\"text-align: justify\"><span style=\"font-family: arial, helvetica, sans-serif;color: #000000\"><strong>FORMACI\u00d3 PER PERSONAL QUE S\u2019HAGI DE REINCOPORAR (ONLINE)<\/strong> Tot el personal que es determini que ha de reemprendre el seu servei de manera presencial haur\u00e0 de realitzar pr\u00e8viament un curs de formaci\u00f3 online. L\u2019objectiu d\u2019aquest \u00e9s formar al personal respecte a totes les mesures de prevenci\u00f3 que haur\u00e0 de seguir. Ja l\u2019han fet 3216 treballadors i treballadores.<\/span><\/p>\n<p>&nbsp;<\/p>\n<p style=\"text-align: justify\"><span style=\"font-family: arial, helvetica, sans-serif;color: #000000\"><strong><img loading=\"lazy\" decoding=\"async\" class=\" wp-image-6214 alignleft\" src=\"https:\/\/diba.ccoo.cat\/wp-content\/uploads\/sites\/37\/2020\/05\/tristeza-1-300x199.jpg\" alt=\"\" width=\"161\" height=\"106\" \/><\/strong><\/span><\/p>\n<p style=\"text-align: justify\"><span style=\"font-family: arial, helvetica, sans-serif;color: #000000\"><strong>SISTEMA DE SUPORT I ATENCI\u00d3 PSICOL\u00d2GICA<\/strong> \u00c9s tracta d\u2019un servei pels empleats de la Diputaci\u00f3 de Barcelona orientat a la gesti\u00f3 de l&#8217;estr\u00e8s i malestar generats per l&#8217;estat d&#8217;alarma actual. Especialment pensat per aquells que formen part dels serveis identificats com a b\u00e0sics o estrat\u00e8gics, per\u00f2 tamb\u00e9, pels que s&#8217;hagin contagiat o hagin hagut de patir la mort d&#8217;algun familiar.<\/span><\/p>\n<p style=\"text-align: justify\"><span style=\"font-family: arial, helvetica, sans-serif;color: #000000\">S\u2019han at\u00e8s fins al moment a 22 persones i ha suposat 72 accions de seguiment. <\/span><\/p>\n<p><span style=\"font-family: arial, helvetica, sans-serif;color: #000000\"><span style=\"background-color: #ffff00\"><em><strong>Necessites ajuda psicol\u00f2gica?<\/strong><\/em><\/span> Clica <a href=\"https:\/\/diba.ccoo.cat\/suport-i-atencio-psicologica\/\"><span style=\"font-family: 'arial black', sans-serif;color: #0000ff\">aqu\u00ed.<\/span><\/a><\/span><\/p>\n<p>&nbsp;<\/p>\n<p style=\"text-align: justify\"><span style=\"font-family: arial, helvetica, sans-serif;color: #000000\"><strong>FORMACI\u00d3 COVID-19 AL PERSONAL DEL RESPIR<\/strong> S\u2019han format m\u00e9s de 300 persones treballadores en mesures preventives sobre col\u00b7locaci\u00f3 i retirada d&#8217;EPIs, gesti\u00f3 de residus, neteja d&#8217;habitacions, entre altres aspectes. <\/span><span style=\"font-family: arial, helvetica, sans-serif;color: #000000\">Recordem que la formaci\u00f3 \u00e9s <span style=\"text-decoration: underline\">temps que ens han de compensar<\/span> si es fa fora de la jornada. Si aquesta es fa en un dia no laborable, el temps del despla\u00e7ament (anada i tornada) haur\u00e0 tamb\u00e9 de ser compensat. A m\u00e9s, ens han de pagar la despesa del transport.<\/span><\/p>\n<p><span style=\"font-family: arial, helvetica, sans-serif;color: #000000\"><span style=\"background-color: #ffff00\"><strong><em>Recordes els teus drets en relaci\u00f3 a compensacions per assist\u00e8ncia a cursos obligatoris?<\/em><\/strong><\/span> Clica <a href=\"https:\/\/diba.ccoo.cat\/la-diputacio-dona-la-rao-a-ccoo-diba\/\"><span style=\"color: #0000ff;font-family: 'arial black', sans-serif\">aqu\u00ed.<\/span><\/a><\/span><\/p>\n<p>&nbsp;<\/p>\n<p><span style=\"font-family: arial, helvetica, sans-serif;color: #000000\"><strong>TREBALLAR 7 DIES SEGUITS A RESPIR?<\/strong> Hi han treballadors que han de tenir tota la seva jornada, 7 dies a la setmana, tot l\u2019equipament EPI per trobar-se en espais amb persones usu\u00e0ries a\u00efllades. Aix\u00f2 \u00e9s esgotador i posa amb perill la seva salut. Hem demanat solucions.<\/span><\/p>\n<p>&nbsp;<\/p>\n<p><span style=\"font-family: arial, helvetica, sans-serif;color: #000000\"><strong><img loading=\"lazy\" decoding=\"async\" class=\"wp-image-4564 alignleft\" src=\"http:\/\/ccoo.app\/diputacio-de-barcelona\/wp-content\/blogs.dir\/6\/files\/sites\/186\/2019\/09\/bici-300x258.jpg\" alt=\"\" width=\"46\" height=\"39\" srcset=\"https:\/\/ccoo.app\/diputacio-de-barcelona\/wp-content\/blogs.dir\/6\/files\/sites\/186\/2019\/09\/bici-300x258.jpg 300w, https:\/\/ccoo.app\/diputacio-de-barcelona\/wp-content\/blogs.dir\/6\/files\/sites\/186\/2019\/09\/bici.jpg 736w\" sizes=\"auto, (max-width: 46px) 100vw, 46px\" \/>BICIS I PATINETS<\/strong> De nou demanem que s\u2019habiliti al personal de RESPIR un espai al pavell\u00f3 Nord per a deixar amb seguretat bicis o patinets (tamb\u00e9 per a la resta de centres de treball). Des de les autoritats sanit\u00e0ries es demana que preferentment no s\u2019utilitzi els transport col\u00b7lectius, qu\u00e8 s\u2019espera doncs per ajudar a qui ho fa amb mitjans propis? (cliqueu <a href=\"https:\/\/diba.ccoo.cat\/mobilitat-sostenible-per-anar-i-tornar-de-la-feina-en-situacio-de-covid-19\/\"><span style=\"color: #0000ff;font-family: 'arial black', sans-serif\">aqu\u00ed<\/span><\/a>)<\/span><\/p>\n<p>&nbsp;<\/p>\n<p style=\"text-align: justify\"><span style=\"font-family: arial, helvetica, sans-serif;color: #000000\"><strong>XARXA DE BIBLIOTEQUES<\/strong> CCOO demanem la documentaci\u00f3 relacionada amb la Coordinaci\u00f3 d\u2019Activitats Empresarials (CAE) i el Check-list (llista de comprovaci\u00f3 pr\u00e8via de l\u2019adequaci\u00f3 de l\u2019espai a les mesures del nou protocol) de TOTES les biblioteques. D\u2019acord amb el que indica el nou protocol, el personal de Diputaci\u00f3 nom\u00e9s es podr\u00e0 incorporar si compleixen pr\u00e8viament amb totes les mesures de protecci\u00f3 establerta. La corporaci\u00f3 accepta la nostra petici\u00f3 i la faran arribar als sindicats.<\/span><\/p>\n<p style=\"text-align: justify\"><span style=\"font-family: arial, helvetica, sans-serif;color: #000000\">Ens asseguren que a les biblioteques ja obertes, no hi treballa cap persona treballadora de la Diputaci\u00f3. Si la Biblioteca no supera el check-list, el nostre personal no s\u2019incorporar\u00e0.<\/span><\/p>\n<p style=\"text-align: justify\"><span style=\"font-family: arial, helvetica, sans-serif;color: #000000\">Es demana explicacions respecte a com es far\u00e0 respectar als BIBLIOBUSOS les dist\u00e0ncies de seguretat. Volem informaci\u00f3 especifica pr\u00e8via a la seva posada en marxa.<\/span><\/p>\n<p>&nbsp;<\/p>\n<p style=\"text-align: justify\"><span style=\"font-family: arial, helvetica, sans-serif;color: #000000\"><strong>AFORAMENT<\/strong> D\u2019acord amb el indica el nou protocol, s\u2019ha d\u2019indicar de manera visible quin \u00e9s l\u2019aforament m\u00e0xim per a cada centre de treball i espais concrets d\u2019aquests.\u00a0<\/span><\/p>\n<p style=\"text-align: justify\"><span style=\"font-family: arial, helvetica, sans-serif;color: #000000\"><strong>\u00a0<\/strong><\/span><\/p>\n<p style=\"text-align: justify\"><span style=\"font-family: arial, helvetica, sans-serif;color: #000000\"><strong>PERSONAL DE REPROGR\u00c0FICA <\/strong>Es demana que s\u2019implementin totes les mesures de protecci\u00f3 casi inexistent en aquest moment.<\/span><\/p>\n<p>&nbsp;<\/p>\n<p><span style=\"font-family: arial, helvetica, sans-serif;color: #000000\"><strong><img loading=\"lazy\" decoding=\"async\" class=\"wp-image-6002 aligncenter\" src=\"http:\/\/ccoo.app\/diputacio-de-barcelona\/wp-content\/blogs.dir\/6\/files\/sites\/186\/2020\/05\/cameres-300x200.jpg\" alt=\"\" width=\"171\" height=\"114\" srcset=\"https:\/\/ccoo.app\/diputacio-de-barcelona\/wp-content\/blogs.dir\/6\/files\/sites\/186\/2020\/05\/cameres-300x200.jpg 300w, https:\/\/ccoo.app\/diputacio-de-barcelona\/wp-content\/blogs.dir\/6\/files\/sites\/186\/2020\/05\/cameres-1024x683.jpg 1024w, https:\/\/ccoo.app\/diputacio-de-barcelona\/wp-content\/blogs.dir\/6\/files\/sites\/186\/2020\/05\/cameres-768x512.jpg 768w, https:\/\/ccoo.app\/diputacio-de-barcelona\/wp-content\/blogs.dir\/6\/files\/sites\/186\/2020\/05\/cameres.jpg 1200w\" sizes=\"auto, (max-width: 171px) 100vw, 171px\" \/><\/strong><\/span><\/p>\n<p>&nbsp;<\/p>\n<p style=\"text-align: justify\"><span style=\"font-family: arial, helvetica, sans-serif;color: #000000\"><strong>C\u00c0MERES TERMOGR\u00c0FIQUES<\/strong> L\u2019objectiu d\u2019aquestes \u00e9s detectar i restringir l\u2019acc\u00e9s a tots aquells empleats o visitants que presentin febre. Es col\u00b7locaran on existeixi un servei de guardes de seguretat i compliran amb els requeriment de la llei de protecci\u00f3 de dades.<\/span><\/p>\n<p>&nbsp;<\/p>\n<p style=\"text-align: justify\"><span style=\"font-family: arial, helvetica, sans-serif;color: #000000\"><strong>TREBALL A DIST\u00c0NCIA<\/strong> La regulaci\u00f3 b\u00e0sica inclosa al nou protocol disposa que el personal ha de rebre els mitjans inform\u00e0tics i ergon\u00f2mics necessaris per al personal. En aquest sentit, s\u2019enviar\u00e0 pr\u00f2ximament un formulari on cada treballadors\/ra haur\u00e0 de fer la petici\u00f3 d\u2019all\u00f2 que necessiti (cliqueu <a href=\"https:\/\/diba.ccoo.cat\/treball-a-distancia-a-la-diputacio\/\"><span style=\"color: #0000ff;font-family: 'arial black', sans-serif\">aqu\u00ed<\/span><\/a>).<\/span><\/p>\n<p>&nbsp;<\/p>\n<p style=\"text-align: justify\"><span style=\"font-family: arial, helvetica, sans-serif;color: #000000\"><strong>MAJORS DE 60 ANYS <\/strong>Tal com s\u2019inclou al nou protocol, es tracta d\u2019un col\u00b7lectiu vulnerable al contagi per la COVID-19. Com passa amb d\u2019altres, <span style=\"background-color: #ffff00\"><u>NO podran treballar presencialment <\/u><\/span>encara que volunt\u00e0riament ho vulguin fer.<\/span><\/p>\n<p style=\"text-align: justify\"><span style=\"font-family: arial, helvetica, sans-serif;color: #000000\">Respecte al personal major de 60 que treballa fent substitucions de manera ininterrompudament a RESPIR o del PVI: exigim que es puguin acollir a les mesures de protecci\u00f3 front a la COVID-19 (cliqueu <a href=\"https:\/\/diba.ccoo.cat\/ens-reunim-aquesta-setmana-3-vegades\/\"><span style=\"font-family: 'arial black', sans-serif;color: #0000ff\">aqu\u00ed<\/span><\/a>).<\/span><\/p>\n<p style=\"text-align: justify\"><span style=\"font-family: arial, helvetica, sans-serif;color: #000000\">Finalment, exigim que es substitueixi aquest personal. No podem acceptar que a RESPIR (infermeria, auxiliars, cuina, PA i d\u2019altres) es sobrecarregui encara m\u00e9s al personal que es quedar\u00e0 treballant. No es pot treballar sota m\u00ednims.\u00a0<\/span><\/p>\n<p>&nbsp;<\/p>\n<p style=\"text-align: justify\"><span style=\"font-family: arial, helvetica, sans-serif;color: #000000\"><strong>PATRONAT D\u2019APOSTES<\/strong> S\u2019ha proposat que els <u>880 <\/u>punts de venda siguin atesos telef\u00f2nicament directament pels t\u00e8cnics del Patronat. All\u00f2 que abans es feia des d\u2019una centraleta, ara es proposa que ho facin aquest personal. Quan? Sense cap horari i amb total disponibilitat (fora de la jornada si cal). Tal com ja hem exigit a la DSRH, tamb\u00e9 exigim explicacions en el CSS i mostrem la nostra oposici\u00f3.<\/span><\/p>\n<p>&nbsp;<\/p>\n<p style=\"text-align: justify\"><span style=\"font-family: arial, helvetica, sans-serif;color: #000000\"><strong>BRIGADES DE MANTENIMENT<\/strong> D\u2019acord amb la nostra petici\u00f3, un t\u00e8cnic de l\u2019OPRL s\u2019ha despla\u00e7at a les instal\u00b7lacions d\u2019aquest servei per a donar indicacions i solucionar les defici\u00e8ncies que hav\u00edem detectat respecte al que marca el nou protocol per a la represa de l\u2019activitat.<\/span><\/p>\n<p>&nbsp;<\/p>\n<p style=\"text-align: justify\"><span style=\"font-family: arial, helvetica, sans-serif;color: #000000\"><strong>NOU CONTRACTE AMB IBERSYS<\/strong> CCOO demanem la informaci\u00f3 contractual amb Ibersys, servei ali\u00e8 de prevenci\u00f3.<\/span><\/p>\n<p>&nbsp;<\/p>\n<p style=\"text-align: justify\"><span style=\"font-family: arial, helvetica, sans-serif;color: #000000\"><strong>CLIMA\/RENOVACI\u00d3\/VENTILACI\u00d3<\/strong> Considerem imprescindible com a mesura per fer front a contagis per COVID-19, garantir la ventilaci\u00f3 adequada dels locals, natural o general for\u00e7ada. Per la qual cosa, exigim preveure un protocol espec\u00edfic respecte a com es dur\u00e0 a terme en cada centre de treball. I que pr\u00e8viament a l\u2019inici de l\u2019activitat presencial es revisi i netegi els sistemes de climatitzaci\u00f3.<\/span><\/p>\n<p>&nbsp;<\/p>\n<p style=\"text-align: justify\"><span style=\"font-family: arial, helvetica, sans-serif;color: #000000\"><strong>ORGT<\/strong> Demanem informaci\u00f3 especifica respecte al control de temperatura a les oficines i en relaci\u00f3 a les proves diagnostiques del personal que hagin de realitzar treball presencial. A m\u00e9s, sol\u00b7licitem el <img loading=\"lazy\" decoding=\"async\" class=\" wp-image-6227 alignleft\" src=\"http:\/\/ccoo.app\/diputacio-de-barcelona\/wp-content\/blogs.dir\/6\/files\/sites\/186\/2020\/05\/orgt-295x300.png\" alt=\"\" width=\"86\" height=\"87\" srcset=\"https:\/\/ccoo.app\/diputacio-de-barcelona\/wp-content\/blogs.dir\/6\/files\/sites\/186\/2020\/05\/orgt-295x300.png 295w, https:\/\/ccoo.app\/diputacio-de-barcelona\/wp-content\/blogs.dir\/6\/files\/sites\/186\/2020\/05\/orgt-150x150.png 150w, https:\/\/ccoo.app\/diputacio-de-barcelona\/wp-content\/blogs.dir\/6\/files\/sites\/186\/2020\/05\/orgt.png 627w\" sizes=\"auto, (max-width: 86px) 100vw, 86px\" \/>mateix sistema de comprovaci\u00f3, pr\u00e8via a la reobertura d\u2019una oficina, de l\u2019adequaci\u00f3 de l\u2019espai a les mesures del nou protocol (Check-list) que la XBM. Ens preocupa tamb\u00e9 les carregues de treball a les que estan sotmeses les persones que estan prestant servei atenent trucades telef\u00f2niques. Demanem que es pugui establir mesures que garanteixi descans i repartiment de tasques equitatives. Especialment, s\u2019ha de donar solucions a qui t\u00e9 carregues familiars ja que l\u2019establiment d\u2019un horari d\u2019atenci\u00f3 telef\u00f2nica concret es incompatible amb les mesures de flexibilitat contemplades al nou protocol. \u00a0<\/span><\/p>\n<p style=\"text-align: justify\"><span style=\"font-family: arial, helvetica, sans-serif;color: #000000\">Finalment, mostrem la nostra contrarietat respecte a la no convocat\u00f2ria (encara) de la reuni\u00f3 per tractar el tema de la instal\u00b7laci\u00f3 de mampares de protecci\u00f3, barreres f\u00edsiques efectives per a\u00efllar l\u2019espai d\u2019atenci\u00f3 al p\u00fablic i vigilant\/a de seguretat a la entrada de cada centre de treball. La corporaci\u00f3 es compromet de nou a convocar-nos en breu.\u00a0<\/span><\/p>\n<p style=\"text-align: justify\"><span style=\"font-family: arial, helvetica, sans-serif;color: #000000\"><strong>\u00a0<\/strong><\/span><span style=\"font-family: arial, helvetica, sans-serif;color: #000000\"><span style=\"background-color: #ffff00\"><em><strong>Recordeu la nostra demanda?<\/strong><\/em><\/span> Clica <a href=\"https:\/\/diba.ccoo.cat\/propostes-pensades-per-despres-de-lestat-dalerta-3\/\"><span style=\"font-family: 'arial black', sans-serif;color: #0000ff\">aqu\u00ed<\/span><\/a><\/span><\/p>\n<p>&nbsp;<\/p>\n<p style=\"text-align: center\"><span style=\"font-family: 'arial black', sans-serif\"><span style=\"color: #000000\">CLIQUEU<\/span> <a href=\"https:\/\/diba.ccoo.cat\/15-05-2020-resum-de-la-reunio-telematica-del-css\/\"><span style=\"color: #0000ff\">AQU\u00cd<\/span><\/a> <span style=\"color: #000000\">VEURE RESUM DE LA REUNI\u00d3 DEL CSS ANTERIOR<\/span><\/span><\/p>\n<p style=\"text-align: center\"><img loading=\"lazy\" decoding=\"async\" class=\"wp-image-5184 aligncenter\" src=\"http:\/\/ccoo.app\/diputacio-de-barcelona\/wp-content\/blogs.dir\/6\/files\/sites\/186\/2020\/03\/i-de-info-300x300.jpg\" alt=\"\" width=\"72\" height=\"72\" srcset=\"https:\/\/ccoo.app\/diputacio-de-barcelona\/wp-content\/blogs.dir\/6\/files\/sites\/186\/2020\/03\/i-de-info-300x300.jpg 300w, https:\/\/ccoo.app\/diputacio-de-barcelona\/wp-content\/blogs.dir\/6\/files\/sites\/186\/2020\/03\/i-de-info-150x150.jpg 150w, https:\/\/ccoo.app\/diputacio-de-barcelona\/wp-content\/blogs.dir\/6\/files\/sites\/186\/2020\/03\/i-de-info.jpg 626w\" sizes=\"auto, (max-width: 72px) 100vw, 72px\" \/><span style=\"font-family: 'arial black', sans-serif;font-size: 20px;color: #ffff00;background-color: #ff0000\">TOTA LA INFORMACI\u00d3 SINDICAL QUE NECESSITES<\/span><\/p>\n<p><img loading=\"lazy\" decoding=\"async\" class=\"wp-image-5913 aligncenter\" src=\"http:\/\/ccoo.app\/diputacio-de-barcelona\/wp-content\/blogs.dir\/6\/files\/sites\/186\/2020\/05\/telefono-300x300.jpg\" alt=\"\" width=\"59\" height=\"59\" srcset=\"https:\/\/ccoo.app\/diputacio-de-barcelona\/wp-content\/blogs.dir\/6\/files\/sites\/186\/2020\/05\/telefono-300x300.jpg 300w, https:\/\/ccoo.app\/diputacio-de-barcelona\/wp-content\/blogs.dir\/6\/files\/sites\/186\/2020\/05\/telefono-150x150.jpg 150w, https:\/\/ccoo.app\/diputacio-de-barcelona\/wp-content\/blogs.dir\/6\/files\/sites\/186\/2020\/05\/telefono.jpg 600w\" sizes=\"auto, (max-width: 59px) 100vw, 59px\" \/><\/p>\n<p style=\"text-align: center\"><span style=\"font-family: 'arial black', sans-serif;color: #000000\">DE DILLUNS A DIVENDRES<\/span><\/p>\n<p style=\"text-align: center\"><span style=\"font-family: 'arial black', sans-serif;color: #000000\">DE 10:00 A 14:30 i DE 17:00 A 19 HORES<\/span><\/p>\n<p style=\"text-align: center\"><span style=\"font-family: 'arial black', sans-serif;color: #ff0000\">93.402.29.85 &#8211; 22985 &#8211; 667 90 69 64<\/span><\/p>\n<p><img loading=\"lazy\" decoding=\"async\" class=\"wp-image-5553 aligncenter\" src=\"http:\/\/ccoo.app\/diputacio-de-barcelona\/wp-content\/blogs.dir\/6\/files\/sites\/186\/2020\/04\/mail-foto-300x200.jpg\" alt=\"\" width=\"59\" height=\"39\" srcset=\"https:\/\/ccoo.app\/diputacio-de-barcelona\/wp-content\/blogs.dir\/6\/files\/sites\/186\/2020\/04\/mail-foto-300x200.jpg 300w, https:\/\/ccoo.app\/diputacio-de-barcelona\/wp-content\/blogs.dir\/6\/files\/sites\/186\/2020\/04\/mail-foto-1024x683.jpg 1024w, https:\/\/ccoo.app\/diputacio-de-barcelona\/wp-content\/blogs.dir\/6\/files\/sites\/186\/2020\/04\/mail-foto-768x512.jpg 768w, https:\/\/ccoo.app\/diputacio-de-barcelona\/wp-content\/blogs.dir\/6\/files\/sites\/186\/2020\/04\/mail-foto.jpg 1200w\" sizes=\"auto, (max-width: 59px) 100vw, 59px\" \/><\/p>\n<p style=\"text-align: center\"><span style=\"font-family: arial, helvetica, sans-serif;color: #000000\">La\u00a0SECCI\u00d3 SINDICAL DE CCOO donem resposta a tots els teus dubtes o t&#8217;ajudem solucionar els problemes que puguis tenir.<strong> T&#8217;ajudem a defensar els teus drets!<\/strong><\/span><\/p>\n<p style=\"text-align: center\"><span style=\"font-family: 'arial black', sans-serif;color: #0000ff\"><a style=\"color: #0000ff\" href=\"mailto:ccoo@diba.cat\"><strong>ccoo@diba.cat<\/strong><\/a><\/span><\/p>\n<p style=\"text-align: center\"><span style=\"font-family: 'arial black', sans-serif;color: #0000ff\"><a style=\"color: #0000ff\" href=\"mailto:orgt.ssccoo@diba.cat\">orgt.ssccoo@diba.cat<\/a><\/span><\/p>\n<p><img loading=\"lazy\" decoding=\"async\" class=\"wp-image-5554 aligncenter\" src=\"http:\/\/ccoo.app\/diputacio-de-barcelona\/wp-content\/blogs.dir\/6\/files\/sites\/186\/2020\/04\/mail-foto-enviar-300x212.jpg\" alt=\"\" width=\"67\" height=\"47\" srcset=\"https:\/\/ccoo.app\/diputacio-de-barcelona\/wp-content\/blogs.dir\/6\/files\/sites\/186\/2020\/04\/mail-foto-enviar-300x212.jpg 300w, https:\/\/ccoo.app\/diputacio-de-barcelona\/wp-content\/blogs.dir\/6\/files\/sites\/186\/2020\/04\/mail-foto-enviar-1024x724.jpg 1024w, https:\/\/ccoo.app\/diputacio-de-barcelona\/wp-content\/blogs.dir\/6\/files\/sites\/186\/2020\/04\/mail-foto-enviar-768x543.jpg 768w, https:\/\/ccoo.app\/diputacio-de-barcelona\/wp-content\/blogs.dir\/6\/files\/sites\/186\/2020\/04\/mail-foto-enviar.jpg 1200w\" sizes=\"auto, (max-width: 67px) 100vw, 67px\" \/><\/p>\n<p style=\"text-align: center\"><span style=\"font-family: arial, helvetica, sans-serif;color: #000000\">Encara no t&#8217;has descarregat la nostra <a href=\"http:\/\/www.ccoo.cat\/carnet\/index.aspx?qr=1#descarrega\"><span style=\"font-family: 'arial black', sans-serif;color: #0000ff\">APP<\/span><\/a> CCOO-Diba d&#8217;informaci\u00f3 sindical?<\/span><\/p>\n<p style=\"text-align: center\"><span style=\"font-family: arial, helvetica, sans-serif;color: #000000\">Fes clic <a href=\"http:\/\/www.ccoo.cat\/carnet\/index.aspx?qr=1#descarrega\"><span style=\"font-family: 'arial black', sans-serif;color: #0000ff\">aqu\u00ed<\/span><\/a> per tenir la informaci\u00f3 abans que ning\u00fa!<\/span><\/p>\n<p><img loading=\"lazy\" decoding=\"async\" class=\"wp-image-5915 aligncenter\" src=\"http:\/\/ccoo.app\/diputacio-de-barcelona\/wp-content\/blogs.dir\/6\/files\/sites\/186\/2020\/05\/xarxes-socials-300x169.png\" alt=\"\" width=\"227\" height=\"128\" srcset=\"https:\/\/ccoo.app\/diputacio-de-barcelona\/wp-content\/blogs.dir\/6\/files\/sites\/186\/2020\/05\/xarxes-socials-300x169.png 300w, https:\/\/ccoo.app\/diputacio-de-barcelona\/wp-content\/blogs.dir\/6\/files\/sites\/186\/2020\/05\/xarxes-socials-1024x576.png 1024w, https:\/\/ccoo.app\/diputacio-de-barcelona\/wp-content\/blogs.dir\/6\/files\/sites\/186\/2020\/05\/xarxes-socials-768x432.png 768w, https:\/\/ccoo.app\/diputacio-de-barcelona\/wp-content\/blogs.dir\/6\/files\/sites\/186\/2020\/05\/xarxes-socials.png 1200w\" sizes=\"auto, (max-width: 227px) 100vw, 227px\" \/><\/p>\n<p style=\"text-align: center\"><span style=\"font-family: arial, helvetica, sans-serif;color: #000000\">Tamb\u00e9 trobar\u00e0s CCOO-Diba a les xarxes socials. Clica sobre la icona de la teva xarxa favorita:<\/span><\/p>\n<p><a href=\"https:\/\/twitter.com\/CCOODiba\"><img loading=\"lazy\" decoding=\"async\" class=\" wp-image-5728 aligncenter\" src=\"http:\/\/ccoo.app\/diputacio-de-barcelona\/wp-content\/blogs.dir\/6\/files\/sites\/186\/2020\/04\/twitter-300x300.png\" alt=\"\" width=\"89\" height=\"89\" srcset=\"https:\/\/ccoo.app\/diputacio-de-barcelona\/wp-content\/blogs.dir\/6\/files\/sites\/186\/2020\/04\/twitter-300x300.png 300w, https:\/\/ccoo.app\/diputacio-de-barcelona\/wp-content\/blogs.dir\/6\/files\/sites\/186\/2020\/04\/twitter-150x150.png 150w, https:\/\/ccoo.app\/diputacio-de-barcelona\/wp-content\/blogs.dir\/6\/files\/sites\/186\/2020\/04\/twitter.png 512w\" sizes=\"auto, (max-width: 89px) 100vw, 89px\" \/><\/a><\/p>\n<p><a href=\"https:\/\/www.instagram.com\/ccoo_diba\/?hl=es\"><img loading=\"lazy\" decoding=\"async\" class=\"wp-image-5730 aligncenter\" src=\"http:\/\/ccoo.app\/diputacio-de-barcelona\/wp-content\/blogs.dir\/6\/files\/sites\/186\/2020\/04\/instragram-300x300.png\" alt=\"\" width=\"91\" height=\"91\" srcset=\"https:\/\/ccoo.app\/diputacio-de-barcelona\/wp-content\/blogs.dir\/6\/files\/sites\/186\/2020\/04\/instragram-300x300.png 300w, https:\/\/ccoo.app\/diputacio-de-barcelona\/wp-content\/blogs.dir\/6\/files\/sites\/186\/2020\/04\/instragram-150x150.png 150w, https:\/\/ccoo.app\/diputacio-de-barcelona\/wp-content\/blogs.dir\/6\/files\/sites\/186\/2020\/04\/instragram.png 512w\" sizes=\"auto, (max-width: 91px) 100vw, 91px\" \/><\/a><\/p>\n<p><a href=\"https:\/\/www.facebook.com\/CcooDiputacioDeBarcelona\/\"><img loading=\"lazy\" decoding=\"async\" class=\"wp-image-5729 aligncenter\" src=\"http:\/\/ccoo.app\/diputacio-de-barcelona\/wp-content\/blogs.dir\/6\/files\/sites\/186\/2020\/04\/facebook-300x300.png\" alt=\"\" width=\"90\" height=\"90\" srcset=\"https:\/\/ccoo.app\/diputacio-de-barcelona\/wp-content\/blogs.dir\/6\/files\/sites\/186\/2020\/04\/facebook-300x300.png 300w, https:\/\/ccoo.app\/diputacio-de-barcelona\/wp-content\/blogs.dir\/6\/files\/sites\/186\/2020\/04\/facebook-150x150.png 150w, https:\/\/ccoo.app\/diputacio-de-barcelona\/wp-content\/blogs.dir\/6\/files\/sites\/186\/2020\/04\/facebook.png 325w\" sizes=\"auto, (max-width: 90px) 100vw, 90px\" \/><\/a><a href=\"https:\/\/www.youtube.com\/channel\/UCFzenkS75udEcs4pB4qoZsg\"><img loading=\"lazy\" decoding=\"async\" class=\" wp-image-5916 aligncenter\" src=\"http:\/\/ccoo.app\/diputacio-de-barcelona\/wp-content\/blogs.dir\/6\/files\/sites\/186\/2020\/05\/youtube-300x115.jpg\" alt=\"\" width=\"122\" height=\"47\" srcset=\"https:\/\/ccoo.app\/diputacio-de-barcelona\/wp-content\/blogs.dir\/6\/files\/sites\/186\/2020\/05\/youtube-300x115.jpg 300w, https:\/\/ccoo.app\/diputacio-de-barcelona\/wp-content\/blogs.dir\/6\/files\/sites\/186\/2020\/05\/youtube-1024x391.jpg 1024w, https:\/\/ccoo.app\/diputacio-de-barcelona\/wp-content\/blogs.dir\/6\/files\/sites\/186\/2020\/05\/youtube-768x293.jpg 768w, https:\/\/ccoo.app\/diputacio-de-barcelona\/wp-content\/blogs.dir\/6\/files\/sites\/186\/2020\/05\/youtube.jpg 1200w\" sizes=\"auto, (max-width: 122px) 100vw, 122px\" \/><\/a><\/p>\n<p><iframe loading=\"lazy\" title=\"Hauran de comptar amb nosaltres. Salut, treball i just\u00edcia social || 1r de maig del 2020.\" width=\"1200\" height=\"675\" src=\"https:\/\/www.youtube.com\/embed\/uS104R3aSJs?feature=oembed\" frameborder=\"0\" allow=\"accelerometer; autoplay; clipboard-write; encrypted-media; gyroscope; picture-in-picture; web-share\" allowfullscreen><\/iframe><\/p>\n<p>&nbsp;    \t<\/p>\n","protected":false},"excerpt":{"rendered":"<p>&nbsp; &nbsp; \u00a0REUNI\u00d3 TELEM\u00c0TICA DEL COMIT\u00c8 DE SEGURETAT I SALUT DEL 29.05.2020 -31 de maig de 2020- BREU RESUM DELS ANTECEDENTS El dia 7 d\u2019abril (cliqueu aqu\u00ed), cansats i cansades &#8230; <\/p>\n<p class=\"read-more-container\"><a title=\"89\/COVID.19 29.05.2020 RESUM DE LA REUNI\u00d3 TELEM\u00c0TICA DEL COMIT\u00c8 DE SEGURETAT I SALUT\" class=\"read-more button\" href=\"https:\/\/ccoo.app\/diputacio-de-barcelona\/29-05-2020-resum-de-la-reunio-css\/#more-6212\" aria-label=\"Leer m\u00e1s sobre 89\/COVID.19 29.05.2020 RESUM DE LA REUNI\u00d3 TELEM\u00c0TICA DEL COMIT\u00c8 DE SEGURETAT I SALUT\">Continuar llegint<\/a><\/p>\n","protected":false},"author":4519,"featured_media":2963,"comment_status":"open","ping_status":"open","sticky":false,"template":"","format":"standard","meta":{"footnotes":""},"categories":[38,19,29,34,35,37],"tags":[],"class_list":["post-6212","post","type-post","status-publish","format-standard","has-post-thumbnail","hentry","category-a-tot-el-personal","category-comunicats","category-orgt-2","category-respir","category-salut-laboral","category-xbm","generate-columns","tablet-grid-50","mobile-grid-100","grid-parent","grid-50"],"_links":{"self":[{"href":"https:\/\/ccoo.app\/diputacio-de-barcelona\/wp-json\/wp\/v2\/posts\/6212","targetHints":{"allow":["GET"]}}],"collection":[{"href":"https:\/\/ccoo.app\/diputacio-de-barcelona\/wp-json\/wp\/v2\/posts"}],"about":[{"href":"https:\/\/ccoo.app\/diputacio-de-barcelona\/wp-json\/wp\/v2\/types\/post"}],"author":[{"embeddable":true,"href":"https:\/\/ccoo.app\/diputacio-de-barcelona\/wp-json\/wp\/v2\/users\/4519"}],"replies":[{"embeddable":true,"href":"https:\/\/ccoo.app\/diputacio-de-barcelona\/wp-json\/wp\/v2\/comments?post=6212"}],"version-history":[{"count":1,"href":"https:\/\/ccoo.app\/diputacio-de-barcelona\/wp-json\/wp\/v2\/posts\/6212\/revisions"}],"predecessor-version":[{"id":50937,"href":"https:\/\/ccoo.app\/diputacio-de-barcelona\/wp-json\/wp\/v2\/posts\/6212\/revisions\/50937"}],"wp:featuredmedia":[{"embeddable":true,"href":"https:\/\/ccoo.app\/diputacio-de-barcelona\/wp-json\/wp\/v2\/media\/2963"}],"wp:attachment":[{"href":"https:\/\/ccoo.app\/diputacio-de-barcelona\/wp-json\/wp\/v2\/media?parent=6212"}],"wp:term":[{"taxonomy":"category","embeddable":true,"href":"https:\/\/ccoo.app\/diputacio-de-barcelona\/wp-json\/wp\/v2\/categories?post=6212"},{"taxonomy":"post_tag","embeddable":true,"href":"https:\/\/ccoo.app\/diputacio-de-barcelona\/wp-json\/wp\/v2\/tags?post=6212"}],"curies":[{"name":"wp","href":"https:\/\/api.w.org\/{rel}","templated":true}]}}