{"id":616,"date":"2016-10-06T12:34:18","date_gmt":"2016-10-06T11:34:18","guid":{"rendered":"https:\/\/diba.ccoo.cat\/plantilla_post-copy-copy\/"},"modified":"2023-02-22T19:15:45","modified_gmt":"2023-02-22T18:15:45","slug":"comunicat-tardor-de-resistencia-suma-thi","status":"publish","type":"post","link":"https:\/\/ccoo.app\/diputacio-de-barcelona\/comunicat-tardor-de-resistencia-suma-thi\/","title":{"rendered":"COMUNICAT TARDOR DE RESIST\u00c8NCIA SUMA-T&#8217;HI!"},"content":{"rendered":"<p>&nbsp;<\/p>\n<p><img loading=\"lazy\" decoding=\"async\" class=\"wp-image-189\" title=\"Secci\u00f3 Sindical de la Diutaci\u00f3 de Barcelona de la Federaci\u00f3 Sindical de Catalunya\" src=\"http:\/\/ccoo.app\/diputacio-de-barcelona\/wp-content\/blogs.dir\/6\/files\/sites\/186\/2015\/12\/ccoo-fsc-cat.png\" alt=\"Secci\u00f3 Sindical de la Diputaci\u00f3 de Barcelona de la Federaci\u00f3 Sindical de Catalunya\" width=\"469\" height=\"90\" \/><\/p>\n<p class=\"wp-caption-text\">Secci\u00f3 Sindical de la Diputaci\u00f3 de Barcelona<\/p>\n<h3 style=\"text-align: center\"><\/h3>\n<h3 class=\"widget-title\">COMUNICAT TARDOR DE RESIST\u00c8NCIA<\/h3>\n<h3 style=\"text-align: center\"><strong><span style=\"color: #ff0000\">COMUNICAT TARDOR DE RESIST\u00c8NCIA<br \/>\nSUMA-T&#8217;HI!<\/span><\/strong><\/h3>\n<p style=\"text-align: center\"><span style=\"color: #3366ff\"><span class=\"TextRun SCX15357424\" lang=\"CA-ES\" xml:lang=\"CA-ES\"><span class=\"NormalTextRun SCX15357424\">#<\/span><\/span><span class=\"TextRun SCX15357424\" lang=\"CA-ES\" xml:lang=\"CA-ES\"><span class=\"SpellingError SCX15357424\">M\u00e9sEnll\u00e0DeLaDiba<\/span><\/span><\/span><\/p>\n<p style=\"text-align: center\"><strong><span style=\"text-decoration: underline\">MANIFESTACI\u00d3 PEL TREBALL DIGNE AMB DRETS<\/span><\/strong><\/p>\n<p style=\"text-align: center\"><strong>6 D&#8217;OCTUBRE A LES 18 HORES A BARCELONA\u00a0<\/strong><\/p>\n<p style=\"text-align: justify\">Amb el lema \u00abTreball digne amb drets\u00bb, i en el marc de la Jornada Mundial pel Treball digne, que es celebra el 7 d&#8217;octubre, s&#8217;ha convocat una manifestaci\u00f3 a Barcelona el proper <b>6 d&#8217;octubre a les 18 hores<\/b>.<\/p>\n<p style=\"text-align: justify\">La convocat\u00f2ria sorgeix de CCOO de Catalunya conjuntament amb la UGT i USOC, els tres sindicats membres de la Confederaci\u00f3 Europea de Sindicats. Per\u00f2 tamb\u00e9 estan cridades a participar les entitats i organitzacions que conformen la Plataforma per una Catalunya Social.<\/p>\n<p style=\"text-align: justify\">La manifestaci\u00f3 <b>s&#8217;iniciar\u00e0 davant la patronal catalana, Foment del Treball, baixar\u00e0 per Via Laietana per acabar davant l&#8217;est\u00e0tua d&#8217;Antonio L\u00f3pez<\/b> , just per denunciar l&#8217;elogi a la figura d&#8217;aquest personatge, primer marqu\u00e8s de Comillas, que es va enriquir amb el tr\u00e0fic d&#8217;esclaus, i per reclamar l&#8217;eliminaci\u00f3 de l&#8217;est\u00e0tua de l&#8217;esclavista i el canvi de nom de la pla\u00e7a.<\/p>\n<p style=\"text-align: center\"><span style=\"color: #0000ff\"><strong>Data:\u202f06\/10\/2016\u202f<\/strong><\/span><\/p>\n<p style=\"text-align: center\"><span style=\"color: #0000ff\"><strong>Hora:\u202f18:00<\/strong><\/span><\/p>\n<p style=\"text-align: center\"><span style=\"color: #0000ff\"><strong>Lloc:\u202fDavant la patronal catalana, Foment del Treball<\/strong><\/span><\/p>\n<p style=\"text-align: center\"><span style=\"color: #0000ff\"><strong>(Via Laietana, 32)<\/strong><\/span><\/p>\n<p style=\"text-align: center\">\u00a0<strong><span style=\"text-decoration: underline\">CADENA HUMANA CONTRA EL TTIP, EL CETA I EL TISA<\/span><\/strong><\/p>\n<p style=\"text-align: center\"><strong>15 D&#8217;OCTUBRE A LES 17 HORES A BARCELONA\u00a0<\/strong><\/p>\n<p style=\"text-align: justify\">Les organitzacions de la societat civil, sindicals, camperoles i pol\u00edtiques, joves, homes i dones de tot el m\u00f3n convoquem una tardor en resist\u00e8ncia <b>per exigir la suspensi\u00f3 dels mal anomenats acords de lliure comer\u00e7 i inversions,<\/b> com l&#8217;acord entre la Uni\u00f3 Europea i Canad\u00e0, conegut com CETA, o el ja conegut TTIP, que es negocia amb els EUA.<\/p>\n<p style=\"text-align: center\"><img decoding=\"async\" class=\"WACImage SCX102816058\" src=\"https:\/\/word-edit.officeapps.live.com\/we\/ResReader.ashx?v=00000000-0000-0000-0000-000000000014&amp;n=E2o18.img&amp;rndm=047f0a97-9391-42ea-b305-f5cf64a0d0f1&amp;WOPIsrc=https%3A%2F%2Fwopi%2Dtest%2Edropbox%2Ecom%2Fwopi%2Ffiles%2FsOUhOhT5gcAAAAAAAAAAeQ&amp;access_token=NzZlYWI0YjgtNzQyOC00MDNiLTk1YTUtZTAxZTk5Yzc1ZDI2&amp;access_token_ttl=1478176271017&amp;usid=3a393c0d-a2c8-4a0c-af57-b3a5c8e31b09&amp;build=16.0.7420.2276&amp;waccluster=NL1\" alt=\"Cuadro de texto\" \/><\/p>\n<p style=\"text-align: center\"><span style=\"color: #3366ff\"><a style=\"color: #3366ff\" href=\"http:\/\/www.noalttip.org\/video-ttip-las-conquistas-laborales-en-peligro\/\">http:\/\/www.noalttip.org\/video-ttip-las-conquistas-laborales-en-peligro\/<\/a><\/span><\/p>\n<p style=\"text-align: justify\">Estem conven\u00e7udes que per promoure una societat igualit\u00e0ria i respectuosa amb els drets de les persones i el medi ambient \u00e9s imprescindible <b>replantejar el sistema de comer\u00e7 global<\/b> que, a dia d&#8217;avui, \u00fanicament afavoreix la <b>concentraci\u00f3 del poder en mans d&#8217;unes poques multinacionals.<\/b><\/p>\n<p style=\"text-align: justify\">La tardor a resist\u00e8ncia global crida a la mobilitzaci\u00f3 popular davant dels tractats de lliure comer\u00e7 i per la fi de la impunitat de les multinacionals. A Barcelona <b>us esperem<\/b>\u202fel dissabte 15 d\u2019octubre a les 17h. per formar una cadena humana entre el Consolat de Canad\u00e0 (Pl. Catalunya) i la Oficina de la UE (Pg. de Gr\u00e0cia-Proven\u00e7a).<\/p>\n<p style=\"text-align: justify\"><strong>INSCRIPCI\u00d3 A LA CADENA AQU\u00cd:\u00a0<\/strong><\/p>\n<p style=\"text-align: justify\"><span style=\"color: #0000ff\"><a style=\"color: #0000ff\" href=\"https:\/\/docs.google.com\/a\/ccoo.cat\/forms\/d\/e\/1FAIpQLSetoJ9Ynicb97_frbmlcAD0wL5OWoFA0KuWcjMBgEqjr--CZQ\/viewform?c=0&amp;w=1\">https:\/\/docs.google.com\/a\/ccoo.cat\/forms\/d\/e\/1FAIpQLSetoJ9Ynicb97_frbmlcAD0wL5OWoFA0KuWcjMBgEqjr&#8211;CZQ\/viewform?c=0&amp;w=1<\/a><\/span><\/p>\n<p style=\"text-align: justify\"><strong>M\u00c9S INFORMACI\u00d3:\u00a0<\/strong><\/p>\n<p style=\"text-align: center\"><span style=\"color: #0000ff\"><a style=\"color: #0000ff\" href=\"https:\/\/www.youtube.com\/watch?v=3yoOntEm4Qs\">https:\/\/www.youtube.com\/watch?v=3yoOntEm4Qs<\/a>\u00a0<\/span><\/p>\n<p style=\"text-align: center\"><span style=\"color: #0000ff\"><a style=\"color: #0000ff\" href=\"http:\/\/www.noalttip.org\/cadenahumana\/\">http:\/\/www.noalttip.org\/cadenahumana\/.<\/a><\/span><\/p>\n<p style=\"text-align: justify\">La\u202f<span style=\"color: #0000ff\"><b>setmana d\u2019acci\u00f3 a l\u2019Estat espanyol tindr\u00e0 lloc del 8 al 15 d&#8217;octubre<\/b><\/span>\u202fa diferents llocs sobre els quals s&#8217;informar\u00e0 a trav\u00e9s del web:\u202f<span style=\"color: #0000ff\"><a style=\"color: #0000ff\" href=\"http:\/\/noalttip.org\/\">noalttip.org<\/a>\u00a0<\/span><\/p>\n<p style=\"text-align: left\"><span style=\"color: #0000ff\"><b>Data:<\/b>\u202fDissabte 15\/10\/2016\u202f<\/span><br \/>\n<b><\/b><\/p>\n<p style=\"text-align: left\"><span style=\"color: #0000ff\"><b>Hora:<\/b>\u202f17.00<\/span><\/p>\n<p style=\"text-align: left\"><span style=\"color: #0000ff\"><b>Lloc:<\/b>\u202fCadena humana des del <b>Consolat de Canad\u00e0 (Pla\u00e7a Catalunya) i la Oficina de la UE (Pg. de Gr\u00e0cia-Proven\u00e7a).<\/b><\/span><\/p>\n<p style=\"text-align: center\">* \u00a0* \u00a0* \u00a0* \u00a0*<\/p>\n<p><img loading=\"lazy\" decoding=\"async\" class=\"alignleft wp-image-226\" src=\"http:\/\/ccoo.app\/diputacio-de-barcelona\/wp-content\/blogs.dir\/6\/files\/sites\/186\/2016\/04\/estem-decidits-acontinuar-lluitant.png\" alt=\"Estem decidits a continuar lluitant !\" width=\"213\" height=\"89\" \/><\/p>\n<p><img loading=\"lazy\" decoding=\"async\" class=\"wp-image-262 alignright\" src=\"http:\/\/ccoo.app\/diputacio-de-barcelona\/wp-content\/blogs.dir\/6\/files\/sites\/186\/2016\/04\/afiliat_ccoo_cat.gif\" alt=\"Tota la informaci\u00f3 de com afiliar-se a CCOO Catalunya i forlmulari d'alta o baxia.\" width=\"90\" height=\"80\" \/><\/p>\n<p><img loading=\"lazy\" decoding=\"async\" class=\"wp-image-227 aligncenter\" src=\"http:\/\/ccoo.app\/diputacio-de-barcelona\/wp-content\/blogs.dir\/6\/files\/sites\/186\/2016\/04\/logo-peu-300x69.png\" alt=\"logo-peu\" width=\"952\" height=\"219\" srcset=\"https:\/\/ccoo.app\/diputacio-de-barcelona\/wp-content\/blogs.dir\/6\/files\/sites\/186\/2016\/04\/logo-peu-300x69.png 300w, https:\/\/ccoo.app\/diputacio-de-barcelona\/wp-content\/blogs.dir\/6\/files\/sites\/186\/2016\/04\/logo-peu.png 557w\" sizes=\"auto, (max-width: 952px) 100vw, 952px\" \/><\/p>\n<p style=\"text-align: center\"><small><\/small><small>Formulari d&#8217;<a href=\"\/afiliat\/\">alta<\/a>, <a href=\"\/afiliat\/\">baixa <\/a>o <a href=\"\/afiliat\/\">modificaci\u00f3 <\/a>de les dades personals o<br \/>\ncontacta&#8217;ns a trav\u00e9s del tel\u00e8fon<strong> 934 022 985<\/strong> o correu: <a href=\"mailto:ccoo@diba.cat\"><strong>ccoo@diba.cat<\/strong><\/a><\/small><\/p>\n","protected":false},"excerpt":{"rendered":"<p>&nbsp; Secci\u00f3 Sindical de la Diputaci\u00f3 de Barcelona COMUNICAT TARDOR DE RESIST\u00c8NCIA COMUNICAT TARDOR DE RESIST\u00c8NCIA SUMA-T&#8217;HI! #M\u00e9sEnll\u00e0DeLaDiba MANIFESTACI\u00d3 PEL TREBALL DIGNE AMB DRETS 6 D&#8217;OCTUBRE A LES 18 HORES &#8230; <\/p>\n<p class=\"read-more-container\"><a title=\"COMUNICAT TARDOR DE RESIST\u00c8NCIA SUMA-T&#8217;HI!\" class=\"read-more button\" href=\"https:\/\/ccoo.app\/diputacio-de-barcelona\/comunicat-tardor-de-resistencia-suma-thi\/#more-616\" aria-label=\"Leer m\u00e1s sobre COMUNICAT TARDOR DE RESIST\u00c8NCIA SUMA-T&#8217;HI!\">Continuar llegint<\/a><\/p>\n","protected":false},"author":4519,"featured_media":255,"comment_status":"open","ping_status":"open","sticky":false,"template":"","format":"standard","meta":{"footnotes":""},"categories":[38,19],"tags":[],"class_list":["post-616","post","type-post","status-publish","format-standard","has-post-thumbnail","hentry","category-a-tot-el-personal","category-comunicats","generate-columns","tablet-grid-50","mobile-grid-100","grid-parent","grid-50"],"_links":{"self":[{"href":"https:\/\/ccoo.app\/diputacio-de-barcelona\/wp-json\/wp\/v2\/posts\/616","targetHints":{"allow":["GET"]}}],"collection":[{"href":"https:\/\/ccoo.app\/diputacio-de-barcelona\/wp-json\/wp\/v2\/posts"}],"about":[{"href":"https:\/\/ccoo.app\/diputacio-de-barcelona\/wp-json\/wp\/v2\/types\/post"}],"author":[{"embeddable":true,"href":"https:\/\/ccoo.app\/diputacio-de-barcelona\/wp-json\/wp\/v2\/users\/4519"}],"replies":[{"embeddable":true,"href":"https:\/\/ccoo.app\/diputacio-de-barcelona\/wp-json\/wp\/v2\/comments?post=616"}],"version-history":[{"count":1,"href":"https:\/\/ccoo.app\/diputacio-de-barcelona\/wp-json\/wp\/v2\/posts\/616\/revisions"}],"predecessor-version":[{"id":52264,"href":"https:\/\/ccoo.app\/diputacio-de-barcelona\/wp-json\/wp\/v2\/posts\/616\/revisions\/52264"}],"wp:featuredmedia":[{"embeddable":true,"href":"https:\/\/ccoo.app\/diputacio-de-barcelona\/wp-json\/wp\/v2\/media\/255"}],"wp:attachment":[{"href":"https:\/\/ccoo.app\/diputacio-de-barcelona\/wp-json\/wp\/v2\/media?parent=616"}],"wp:term":[{"taxonomy":"category","embeddable":true,"href":"https:\/\/ccoo.app\/diputacio-de-barcelona\/wp-json\/wp\/v2\/categories?post=616"},{"taxonomy":"post_tag","embeddable":true,"href":"https:\/\/ccoo.app\/diputacio-de-barcelona\/wp-json\/wp\/v2\/tags?post=616"}],"curies":[{"name":"wp","href":"https:\/\/api.w.org\/{rel}","templated":true}]}}