{"id":6113,"date":"2020-05-26T12:16:17","date_gmt":"2020-05-26T11:16:17","guid":{"rendered":"https:\/\/diba.ccoo.cat\/?p=6113"},"modified":"2023-02-22T18:39:15","modified_gmt":"2023-02-22T17:39:15","slug":"quan-tornare-a-la-feina-2-2-2","status":"publish","type":"post","link":"https:\/\/ccoo.app\/diputacio-de-barcelona\/quan-tornare-a-la-feina-2-2-2\/","title":{"rendered":"82\/COVID-19. RESUM DEL PROTOCOL (COVID-19)"},"content":{"rendered":"<p class=\"wp-caption-text\"><a href=\"https:\/\/www.diba.cat\/documents\/316294696\/316319110\/ProtocolRepresaActivitatsDiputacioBarcelonaCOVID19_vMGNmc14_05_2020\/6d16b79a-e403-4480-b68e-ac3b81b2e6e1\"><img loading=\"lazy\" decoding=\"async\" class=\"alignnone wp-image-5366\" src=\"http:\/\/ccoo.app\/diputacio-de-barcelona\/wp-content\/blogs.dir\/6\/files\/sites\/186\/2020\/04\/documentacio-adjunta-300x296.png\" alt=\"\" width=\"83\" height=\"82\" srcset=\"https:\/\/ccoo.app\/diputacio-de-barcelona\/wp-content\/blogs.dir\/6\/files\/sites\/186\/2020\/04\/documentacio-adjunta-300x296.png 300w, https:\/\/ccoo.app\/diputacio-de-barcelona\/wp-content\/blogs.dir\/6\/files\/sites\/186\/2020\/04\/documentacio-adjunta-150x150.png 150w, https:\/\/ccoo.app\/diputacio-de-barcelona\/wp-content\/blogs.dir\/6\/files\/sites\/186\/2020\/04\/documentacio-adjunta.png 667w\" sizes=\"auto, (max-width: 83px) 100vw, 83px\" \/><\/a><a href=\"https:\/\/diba.ccoo.cat\/\"><img loading=\"lazy\" decoding=\"async\" class=\"wp-image-1853 alignleft\" src=\"http:\/\/ccoo.app\/diputacio-de-barcelona\/wp-content\/blogs.dir\/6\/files\/sites\/186\/2018\/01\/logoccoov18.jpg\" alt=\"\" width=\"137\" height=\"63\" \/><\/a><\/p>\n<p>&nbsp;<\/p>\n<p style=\"text-align: center\"><span style=\"font-family: 'arial black', sans-serif;color: #0000ff;font-size: 20px\"><span style=\"text-decoration: underline\">RESUM DE L&#8217;ACORD<\/span> SOBRE EL PROTOCOL PER L\u2019ESTABLIMENT DE CRITERIS I MESURES ORGANITZATIVES, DE PREVENCI\u00d3 I DE PROTECCI\u00d3 PER A LA REPRESA DE LES ACTIVITATS DE LA DIPUTACI\u00d3 DE BARCELONA<\/span><\/p>\n<p style=\"text-align: center\"><span style=\"font-family: 'arial black', sans-serif;color: #000000\">REACTIVACI\u00d3 DE L\u2019ACTIVITAT AMB LES M\u00c0XIMES GARANTIES DE PROTECCI\u00d3\u00a0<\/span><\/p>\n<p style=\"text-align: center\"><span style=\"font-family: 'arial black', sans-serif;color: #000000;background-color: #ffffff\"><strong>REGULACI\u00d3 TEMPORAL DE LA MODALITAT DE TREBALL<\/strong><strong> NO PRESENCIAL<\/strong><\/span><\/p>\n<p style=\"text-align: center\"><span style=\"font-family: arial, helvetica, sans-serif;color: #000000\">-26 de maig de 2020-<\/span><\/p>\n<p>&nbsp;<\/p>\n<p style=\"text-align: justify\"><span style=\"font-family: arial, helvetica, sans-serif;color: #000000\">El protocol que s\u2019acaba de signar ha de garantir, d\u2019una banda, que la Diputaci\u00f3 de Barcelona doni continu\u00eftat a les seves activitats i a la prestaci\u00f3 dels serveis als ajuntaments, i d\u2019una altra, minimitzar els riscos de contagi del seu personal per la COVID-19.<\/span><\/p>\n<p style=\"text-align: justify\"><span style=\"font-family: arial, helvetica, sans-serif;color: #000000\">La seva vig\u00e8ncia ser\u00e0 des del dia 28 de maig (aprovaci\u00f3 del ple corporatiu) fins el 14 de setembre de 2020. Llavors, s\u2019haur\u00e0 de valorar i acordar, si fos el cas, les mesures que resultin necess\u00e0ries fins a 31 de desembre de 2020.<\/span><\/p>\n<p style=\"text-align: justify\"><span style=\"font-family: arial, helvetica, sans-serif;color: #000000;background-color: #ffff00\"><span style=\"text-decoration: underline\"><span style=\"font-family: 'arial black', sans-serif\">MOLT IMPORTANT:<\/span><\/span> la reincorporaci\u00f3 efectiva del personal als llocs de treball presencials requereix que, <strong><u>amb car\u00e0cter previ<\/u>, s\u2019hagin <u>adoptat les mesures de seguretat i salut en mat\u00e8ria de prevenci\u00f3<\/u><\/strong> de riscos laborals previstes en el Protocol.<\/span><\/p>\n<p>&nbsp;<\/p>\n<p style=\"text-align: justify\"><span style=\"font-family: arial, helvetica, sans-serif;color: #000000\"><span style=\"font-family: 'arial black', sans-serif;background-color: #ffff00\">ABANS DE LA INCORPORACI\u00d3<\/span> al lloc de treball presencial, tothom haur\u00e0 d\u2019haver:<\/span><\/p>\n<ul style=\"text-align: justify\">\n<li><span style=\"font-family: arial, helvetica, sans-serif;color: #000000\">Realitzat un curs de formaci\u00f3 on-line sobre les instruccions d\u2019acc\u00e9s als llocs de treball, mesures preventives de la COVID-19, i sobre l\u2019\u00fas dels equips de protecci\u00f3 individual.<\/span><\/li>\n<li><span style=\"font-family: arial, helvetica, sans-serif;color: #000000\">Rebut notificaci\u00f3 (com a m\u00ednim 24 hores abans) respecte la seva reincorporaci\u00f3.<\/span><\/li>\n<\/ul>\n<p style=\"text-align: justify\"><img loading=\"lazy\" decoding=\"async\" class=\"wp-image-2968 aligncenter\" src=\"http:\/\/ccoo.app\/diputacio-de-barcelona\/wp-content\/blogs.dir\/6\/files\/sites\/186\/2018\/11\/familia-kiuc-620x349abc-300x169.jpg\" alt=\"\" width=\"201\" height=\"113\" srcset=\"https:\/\/ccoo.app\/diputacio-de-barcelona\/wp-content\/blogs.dir\/6\/files\/sites\/186\/2018\/11\/familia-kiuc-620x349abc-300x169.jpg 300w, https:\/\/ccoo.app\/diputacio-de-barcelona\/wp-content\/blogs.dir\/6\/files\/sites\/186\/2018\/11\/familia-kiuc-620x349abc.jpg 620w\" sizes=\"auto, (max-width: 201px) 100vw, 201px\" \/><\/p>\n<p style=\"text-align: justify\"><span style=\"font-family: 'arial black', sans-serif;color: #000000;background-color: #ffff00\">MESURES DE PROTECCI\u00d3 I CONCILIACI\u00d3:<\/span><\/p>\n<ul style=\"text-align: justify\">\n<li><span style=\"font-family: arial, helvetica, sans-serif;color: #000000\">Qui formi part dels <strong>grups de risc<\/strong> i\/o sigui <strong>majors de 60<\/strong> anys (cliqueu <a href=\"https:\/\/diba.ccoo.cat\/grup-de-risc-pel-covid-19-2\/\"><span style=\"font-family: 'arial black', sans-serif;color: #0000ff\">aqu\u00ed<\/span><\/a>):<\/span>\n<ul style=\"text-align: justify\">\n<li><span style=\"font-family: arial, helvetica, sans-serif;color: #000000\">Si les funcions del lloc de treball que desenvolupen no s\u00f3n compatibles amb la modalitat no presencial de treball, es concedir\u00e0 el perm\u00eds regulat a l\u2019article 48 j) EBEP<\/span><\/li>\n<\/ul>\n<\/li>\n<\/ul>\n<p>&nbsp;<\/p>\n<ul style=\"text-align: justify\">\n<li><span style=\"font-family: arial, helvetica, sans-serif;color: #000000\"><span style=\"font-family: arial, helvetica, sans-serif;color: #000000\">Qui tingui <strong>fills menors d\u2019edat, gent gran o persones amb discapacitat a c\u00e0rrec <\/strong>(cliqueu <a href=\"https:\/\/diba.ccoo.cat\/permis-retribuit-excepcional-per-conciliacio-48\/\"><span style=\"color: #0000ff;font-family: 'arial black', sans-serif\">aqu\u00ed<\/span><\/a>):<\/span><\/span>\n<ul style=\"text-align: justify\">\n<li style=\"text-align: justify\"><span style=\"color: #000000;font-family: arial, helvetica, sans-serif\">Si les funcions del lloc de treball que desenvolupem no s\u00f3n compatibles amb la modalitat no presencial de treball, es concedir\u00e0 el perm\u00eds regulat a l\u2019article 48 j) EBEP<\/span><\/li>\n<\/ul>\n<ul style=\"text-align: justify\">\n<li><span style=\"font-family: arial, helvetica, sans-serif;color: #000000\">S\u2019ha aconseguit que s\u2019obri aquesta possibilitat tamb\u00e9 al personal que ocupen llocs de treball declarats essencials i que acreditin unes circumst\u00e0ncies excepcionals.<\/span><\/li>\n<\/ul>\n<\/li>\n<\/ul>\n<p><img loading=\"lazy\" decoding=\"async\" class=\"wp-image-5857 aligncenter\" src=\"http:\/\/ccoo.app\/diputacio-de-barcelona\/wp-content\/blogs.dir\/6\/files\/sites\/186\/2020\/05\/metro-300x191.png\" alt=\"\" width=\"200\" height=\"127\" srcset=\"https:\/\/ccoo.app\/diputacio-de-barcelona\/wp-content\/blogs.dir\/6\/files\/sites\/186\/2020\/05\/metro-300x191.png 300w, https:\/\/ccoo.app\/diputacio-de-barcelona\/wp-content\/blogs.dir\/6\/files\/sites\/186\/2020\/05\/metro.png 666w\" sizes=\"auto, (max-width: 200px) 100vw, 200px\" \/><\/p>\n<p style=\"text-align: justify\"><span style=\"font-family: arial, helvetica, sans-serif;color: #000000\">Pel que fa al treball presencial, <span style=\"font-family: 'arial black', sans-serif;background-color: #ffff00\">S&#8217;INCLOUEN MESURES EXCEPCIONALS<\/span> que han de permetre a totes les direccions, ger\u00e8ncies, gabinets, serveis i oficines de la corporaci\u00f3 organitzar l\u2019activitat introduint:<\/span><\/p>\n<ul style=\"text-align: justify\">\n<li><span style=\"font-family: arial, helvetica, sans-serif;color: #000000\">La <strong>flexibilitzaci\u00f3 dels horaris d\u2019entrada i sortida<\/strong> del seu personal adscrit (per evitar les hores punta del transport p\u00fablic i evitar aglomeracions a les entrades als centres de treball i vestuaris).<\/span><\/li>\n<li><span style=\"font-family: arial, helvetica, sans-serif;color: #000000\">Amb el mateix objectiu que el punt anterior: <strong>pres\u00e8ncia f\u00edsica m\u00ednima obligat\u00f2ria<\/strong> de 4 hores i 30 minuts di\u00e0ria (pres\u00e8ncia m\u00e0xima di\u00e0ria de 7,5 hores per a jornades de treball com l\u2019<em>Ampliat Partit, Plena Dedicaci\u00f3,<\/em> etc).<\/span><\/li>\n<li><span style=\"font-family: arial, helvetica, sans-serif;color: #000000\"><strong>Divisi\u00f3 dels equips de treball en 2 torns<\/strong> i en quadrants de treball mensuals per a que ambd\u00f3s grups no coincideixin: torns de dilluns\/dimecres\/divendres i de dimarts\/dijous (intercanviant-se cada setmana successivament).<\/span><\/li>\n<\/ul>\n<p><img loading=\"lazy\" decoding=\"async\" class=\"wp-image-5152 aligncenter\" src=\"http:\/\/ccoo.app\/diputacio-de-barcelona\/wp-content\/blogs.dir\/6\/files\/sites\/186\/2020\/03\/fregona-300x300.jpg\" alt=\"\" width=\"148\" height=\"148\" srcset=\"https:\/\/ccoo.app\/diputacio-de-barcelona\/wp-content\/blogs.dir\/6\/files\/sites\/186\/2020\/03\/fregona-300x300.jpg 300w, https:\/\/ccoo.app\/diputacio-de-barcelona\/wp-content\/blogs.dir\/6\/files\/sites\/186\/2020\/03\/fregona-150x150.jpg 150w, https:\/\/ccoo.app\/diputacio-de-barcelona\/wp-content\/blogs.dir\/6\/files\/sites\/186\/2020\/03\/fregona.jpg 675w\" sizes=\"auto, (max-width: 148px) 100vw, 148px\" \/><\/p>\n<p style=\"text-align: justify\"><span style=\"font-family: arial, helvetica, sans-serif;color: #000000\"><span style=\"font-family: 'arial black', sans-serif;background-color: #ffff00\">NETEJA I DESINFECCI\u00d3<\/span> Abans de l\u2019inici de les activitats presencials es procedir\u00e0 a la <strong>neteja i desinfecci\u00f3 per part d\u2019una empresa especialitzada<\/strong> de tots els espais dels edificis i centres de treball corporatius. Posteriorment, <strong>s\u2019incrementar\u00e0 la freq\u00fc\u00e8ncia de neteja<\/strong>, \u00a0posant especial \u00e8mfasi a la desinfecci\u00f3 de les superf\u00edcies amb major contacte amb les mans durant la jornada laboral. Si fos necessari, i a petici\u00f3 dels sindicats, la corporaci\u00f3 refor\u00e7ar\u00e0 el nombre d\u2019empreses i\/o treballadors i treballadores contractades per a portar a terme aquesta activitat.<\/span><\/p>\n<p style=\"text-align: justify\"><span style=\"font-family: arial, helvetica, sans-serif;color: #000000\"><strong> <img loading=\"lazy\" decoding=\"async\" class=\"wp-image-5514 aligncenter\" src=\"http:\/\/ccoo.app\/diputacio-de-barcelona\/wp-content\/blogs.dir\/6\/files\/sites\/186\/2020\/04\/mamparas-300x258.png\" alt=\"\" width=\"170\" height=\"146\" srcset=\"https:\/\/ccoo.app\/diputacio-de-barcelona\/wp-content\/blogs.dir\/6\/files\/sites\/186\/2020\/04\/mamparas-300x258.png 300w, https:\/\/ccoo.app\/diputacio-de-barcelona\/wp-content\/blogs.dir\/6\/files\/sites\/186\/2020\/04\/mamparas.png 540w\" sizes=\"auto, (max-width: 170px) 100vw, 170px\" \/><\/strong><\/span><\/p>\n<p style=\"text-align: justify\"><span style=\"font-family: 'arial black', sans-serif;color: #000000;background-color: #ffff00\"><strong>DESTAQUEM ALGUNES MESURES IMPORTANTS<\/strong><\/span><\/p>\n<ul style=\"text-align: justify\">\n<li><span style=\"font-family: arial, helvetica, sans-serif;color: #000000\">Llocs de treball d\u2019<strong>atenci\u00f3 presencial al p\u00fablic: caldr\u00e0 instal\u00b7lar mampares<\/strong> (de metacrilat o similar) i senyalitzaci\u00f3 al terra per mantenir la dist\u00e0ncia amb l\u2019usuari i establir mecanismes de cita pr\u00e8via.<\/span><\/li>\n<li><span style=\"font-family: arial, helvetica, sans-serif;color: #000000\">S\u2019habilitar\u00e0 sistemes per a <strong>mesurar la temperatura corporal<\/strong> en els diferents accessos a edificis corporatius.<\/span><\/li>\n<li><span style=\"font-family: arial, helvetica, sans-serif;color: #000000\">S\u2019haur\u00e0 de garantir una <strong>dist\u00e0ncia m\u00ednima de dos metres<\/strong> entre dues estacions de treball o, si no fos possible, instal\u00b7lar mampares de separaci\u00f3 entre llocs de treball.<\/span><\/li>\n<li><span style=\"font-family: arial, helvetica, sans-serif;color: #000000\">Es <strong>limitar\u00e0 l\u2019acc\u00e9s<\/strong> de personal extern a la Diputaci\u00f3 i els despla\u00e7aments dels empleats i empleades entre centres de treball.<\/span><\/li>\n<li><span style=\"font-family: arial, helvetica, sans-serif;color: #000000\">El <strong>sistema de fitxatge<\/strong> es far\u00e0 \u00fanicament per proximitat de la tarja de fitxar al lector, sense que calgui pr\u00e9mer cap bot\u00f3.<\/span><\/li>\n<li><span style=\"font-family: arial, helvetica, sans-serif;color: #000000\">Es garantir\u00e0 la <strong>ventilaci\u00f3<\/strong> adequada dels locals, natural o general for\u00e7ada.<\/span><\/li>\n<\/ul>\n<p><img loading=\"lazy\" decoding=\"async\" class=\"wp-image-5549 aligncenter\" src=\"http:\/\/ccoo.app\/diputacio-de-barcelona\/wp-content\/blogs.dir\/6\/files\/sites\/186\/2020\/04\/foto-covid.png\" alt=\"\" width=\"191\" height=\"143\" \/><\/p>\n<p style=\"text-align: justify\"><span style=\"font-family: arial, helvetica, sans-serif;color: #000000\"><span style=\"font-family: 'arial black', sans-serif;background-color: #ffff00\">MATERIAL DE PROTECCI\u00d3 I SENYALITZACI\u00d3 <\/span>Abans de la reincorporaci\u00f3 presencial hauran d\u2019estar garantides les necessitats pel que fa al <strong>material de protecci\u00f3<\/strong>: mascaretes, guants, \u00a0solucions hidroalcoh\u00f2liques, tovalloles d\u2019un s\u00f2l \u00fas, papereres que no requereixin d\u2019accionament manual, entre d\u2019altres. Els <strong>vehicles corporatius<\/strong> (cotxes, furgonetes, bibliobusos, tractors, etc.) tamb\u00e9 hauran de disposar de productes desinfectants i guants per fer-ne \u00fas.<\/span><\/p>\n<p style=\"text-align: justify\"><span style=\"font-family: arial, helvetica, sans-serif;color: #000000\">Als centres de treball, s\u2019haur\u00e0 d\u2019haver instal\u00b7lat <strong>senyalitzaci\u00f3 i cartelleria<\/strong> relacionada amb les mesures prevenci\u00f3 a adoptar.<\/span><\/p>\n<p><img loading=\"lazy\" decoding=\"async\" class=\"wp-image-5858 aligncenter\" src=\"http:\/\/ccoo.app\/diputacio-de-barcelona\/wp-content\/blogs.dir\/6\/files\/sites\/186\/2020\/05\/xbm-300x225.jpg\" alt=\"\" width=\"180\" height=\"135\" srcset=\"https:\/\/ccoo.app\/diputacio-de-barcelona\/wp-content\/blogs.dir\/6\/files\/sites\/186\/2020\/05\/xbm-300x225.jpg 300w, https:\/\/ccoo.app\/diputacio-de-barcelona\/wp-content\/blogs.dir\/6\/files\/sites\/186\/2020\/05\/xbm-768x576.jpg 768w, https:\/\/ccoo.app\/diputacio-de-barcelona\/wp-content\/blogs.dir\/6\/files\/sites\/186\/2020\/05\/xbm.jpg 1024w\" sizes=\"auto, (max-width: 180px) 100vw, 180px\" \/><\/p>\n<p style=\"text-align: justify\"><span style=\"font-family: arial, helvetica, sans-serif;color: #000000\"><span style=\"font-family: 'arial black', sans-serif;background-color: #ffff00\">CAE<\/span> Mitjan\u00e7ant els mecanismes de Coordinaci\u00f3 d\u2019Activitats Empresarial s\u2019haur\u00e0 de garantir als empleats i empleades de la Diputaci\u00f3 de Barcelona que treballen en edificis que no s\u00f3n propietat de la Diputaci\u00f3 (XBM, ORGT o d\u2019altres) les mesures de seguretat assenyalades al protocol.<\/span><\/p>\n<p style=\"text-align: justify\"><span style=\"font-family: arial, helvetica, sans-serif;color: #000000\"><strong> <img loading=\"lazy\" decoding=\"async\" class=\"wp-image-5662 aligncenter\" src=\"http:\/\/ccoo.app\/diputacio-de-barcelona\/wp-content\/blogs.dir\/6\/files\/sites\/186\/2020\/04\/productivitat-mensual-300x175.jpg\" alt=\"\" width=\"177\" height=\"103\" srcset=\"https:\/\/ccoo.app\/diputacio-de-barcelona\/wp-content\/blogs.dir\/6\/files\/sites\/186\/2020\/04\/productivitat-mensual-300x175.jpg 300w, https:\/\/ccoo.app\/diputacio-de-barcelona\/wp-content\/blogs.dir\/6\/files\/sites\/186\/2020\/04\/productivitat-mensual-768x449.jpg 768w, https:\/\/ccoo.app\/diputacio-de-barcelona\/wp-content\/blogs.dir\/6\/files\/sites\/186\/2020\/04\/productivitat-mensual.jpg 960w\" sizes=\"auto, (max-width: 177px) 100vw, 177px\" \/><\/strong><\/span><\/p>\n<p style=\"text-align: justify\"><span style=\"font-family: 'arial black', sans-serif;color: #000000;background-color: #ffff00\"><strong>REGULACI\u00d3 EXCEPCIONAL I TEMPORAL DE LA MODALITAT DE TREBALL<\/strong><strong> NO PRESENCIAL <\/strong><\/span><\/p>\n<ul style=\"text-align: justify\">\n<li><span style=\"font-family: arial, helvetica, sans-serif;color: #000000\">S\u2019establir\u00e0 per l\u2019espai personal un sistema de <strong>control remot<\/strong> de la jornada de treball<\/span><\/li>\n<li><span style=\"font-family: arial, helvetica, sans-serif;color: #000000\">Es garanteix el <strong>dret a la desconnexi\u00f3 digital fora de l\u2019horari<\/strong> de treball assignat (article 88 de la Llei org\u00e0nica 3\/2008)<\/span><\/li>\n<li><span style=\"font-family: arial, helvetica, sans-serif;color: #000000\"><strong>Concreci\u00f3 de les tasques<\/strong> encomanades i <strong>pla de treball<\/strong> validat per correu electr\u00f2nic<\/span><\/li>\n<li><span style=\"font-family: arial, helvetica, sans-serif;color: #000000\">S\u2019estableix la <strong>jornada intensiva d\u2019estiu<\/strong> a partir del dia 25 de maig i fins a 30 de setembre (tamb\u00e9 per a tot el personal presencial no subjecte a torns)<\/span><\/li>\n<li><span style=\"font-family: arial, helvetica, sans-serif;color: #000000\">Dret a l\u2019<strong>adaptaci\u00f3 de l\u2019horari per poder conciliar<\/strong> la vida personal i professional<\/span><\/li>\n<li><span style=\"font-family: arial, helvetica, sans-serif;color: #000000\">Possibilitat de fer \u00fas de l\u2019<strong>equipament ergon\u00f2mic<\/strong> de les oficines corporatives: cadires i reposapeus<\/span><\/li>\n<li><span style=\"font-family: arial, helvetica, sans-serif;color: #000000\"> <strong>Equips i eines necessaris<\/strong>: s\u2019estima que la corporaci\u00f3 hauria de garantir la disponibilitat de dispositius port\u00e0tils al 60% del personal. A m\u00e9s de l\u2019alternativa de disposar dels equips corporatius (pc, lector targetes&#8230;)<\/span><\/li>\n<li><span style=\"font-family: arial, helvetica, sans-serif;color: #000000\">S\u2019establir\u00e0 les mesures necess\u00e0ries per mantenir la <strong>seguretat i protecci\u00f3 dels equips inform\u00e0tics i de les dades<\/strong><\/span><\/li>\n<li><span style=\"font-family: arial, helvetica, sans-serif;color: #000000\"><strong>Formaci\u00f3<\/strong> b\u00e0sica centrada en els equips t\u00e8cnics i programari per a desenvolupar les tasques a dist\u00e0ncia<\/span><\/li>\n<li><span style=\"font-family: arial, helvetica, sans-serif;color: #000000\">Mesures de prevenci\u00f3 de <strong>riscos psicosocials<\/strong><\/span><\/li>\n<li><span style=\"font-family: arial, helvetica, sans-serif;color: #000000\">Queda pendent tractar el tema de les <strong>compensacions<\/strong> per les despeses ocasionades (llum, internet, ordinadors, etc)<\/span><\/li>\n<\/ul>\n<p><img loading=\"lazy\" decoding=\"async\" class=\"wp-image-2961 aligncenter\" src=\"http:\/\/ccoo.app\/diputacio-de-barcelona\/wp-content\/blogs.dir\/6\/files\/sites\/186\/2018\/11\/acuerdo-300x300.png\" alt=\"\" width=\"172\" height=\"172\" srcset=\"https:\/\/ccoo.app\/diputacio-de-barcelona\/wp-content\/blogs.dir\/6\/files\/sites\/186\/2018\/11\/acuerdo-300x300.png 300w, https:\/\/ccoo.app\/diputacio-de-barcelona\/wp-content\/blogs.dir\/6\/files\/sites\/186\/2018\/11\/acuerdo-150x150.png 150w, https:\/\/ccoo.app\/diputacio-de-barcelona\/wp-content\/blogs.dir\/6\/files\/sites\/186\/2018\/11\/acuerdo.png 600w\" sizes=\"auto, (max-width: 172px) 100vw, 172px\" \/><\/p>\n<p style=\"text-align: justify\"><span style=\"font-family: arial, helvetica, sans-serif;color: #000000\"><span style=\"background-color: #ffff00;font-family: 'arial black', sans-serif\"><strong>RESPONSABILITAT DE TOTS I TOTES<\/strong><\/span> Ara toca que <strong><u>tothom compleixi la seva part de responsabilitat individual i col\u00b7lectiva<\/u>.<\/strong> Aix\u00ed doncs, apel\u00b7lem a les direccions, ger\u00e8ncies, als comandaments, en definitiva als responsables per a que siguin diligents en la implementaci\u00f3 de les mesures contingudes al protocol.<\/span><\/p>\n<p style=\"text-align: justify\"><span style=\"font-family: arial, helvetica, sans-serif;color: #000000\">Per\u00f2 tamb\u00e9 a nivell individual, <strong>tothom ha de fer un esfor\u00e7 en seguir les indicacions i pautes<\/strong> que se\u2019ns indiquin. <\/span><\/p>\n<p style=\"text-align: justify\"><span style=\"font-family: arial, helvetica, sans-serif;color: #000000\">Ning\u00fa es pot relaxar. Ens hi juguem massa.<\/span><\/p>\n<p>&nbsp;<\/p>\n<p style=\"text-align: justify\"><span style=\"font-family: arial, helvetica, sans-serif;color: #000000\"><span style=\"font-family: 'arial black', sans-serif;background-color: #ffff00\"><strong>VALORACI\u00d3 DE CCOO DEL PROTOCOL<\/strong><\/span> (cliqueu\u00a0<a href=\"https:\/\/diba.ccoo.cat\/valoracio-de-ccoo-diba-del-protocol\/\"><span style=\"color: #0000ff;font-family: 'arial black', sans-serif\">aqu\u00ed<\/span><\/a>).<br \/>\n<\/span><\/p>\n<p>&nbsp;<\/p>\n<p style=\"text-align: center\"><img loading=\"lazy\" decoding=\"async\" class=\"wp-image-5184 aligncenter\" src=\"http:\/\/ccoo.app\/diputacio-de-barcelona\/wp-content\/blogs.dir\/6\/files\/sites\/186\/2020\/03\/i-de-info-300x300.jpg\" alt=\"\" width=\"72\" height=\"72\" srcset=\"https:\/\/ccoo.app\/diputacio-de-barcelona\/wp-content\/blogs.dir\/6\/files\/sites\/186\/2020\/03\/i-de-info-300x300.jpg 300w, https:\/\/ccoo.app\/diputacio-de-barcelona\/wp-content\/blogs.dir\/6\/files\/sites\/186\/2020\/03\/i-de-info-150x150.jpg 150w, https:\/\/ccoo.app\/diputacio-de-barcelona\/wp-content\/blogs.dir\/6\/files\/sites\/186\/2020\/03\/i-de-info.jpg 626w\" sizes=\"auto, (max-width: 72px) 100vw, 72px\" \/><span style=\"font-family: 'arial black', sans-serif;font-size: 20px;background-color: #ff0000;color: #ffff00\">TOTA LA INFORMACI\u00d3 SINDICAL QUE NECESSITES<\/span><\/p>\n<p><img loading=\"lazy\" decoding=\"async\" class=\"wp-image-5913 aligncenter\" src=\"http:\/\/ccoo.app\/diputacio-de-barcelona\/wp-content\/blogs.dir\/6\/files\/sites\/186\/2020\/05\/telefono-300x300.jpg\" alt=\"\" width=\"59\" height=\"59\" srcset=\"https:\/\/ccoo.app\/diputacio-de-barcelona\/wp-content\/blogs.dir\/6\/files\/sites\/186\/2020\/05\/telefono-300x300.jpg 300w, https:\/\/ccoo.app\/diputacio-de-barcelona\/wp-content\/blogs.dir\/6\/files\/sites\/186\/2020\/05\/telefono-150x150.jpg 150w, https:\/\/ccoo.app\/diputacio-de-barcelona\/wp-content\/blogs.dir\/6\/files\/sites\/186\/2020\/05\/telefono.jpg 600w\" sizes=\"auto, (max-width: 59px) 100vw, 59px\" \/><\/p>\n<p style=\"text-align: center\"><span style=\"font-family: 'arial black', sans-serif\">DE DILLUNS A DIVENDRES<\/span><\/p>\n<p style=\"text-align: center\"><span style=\"font-family: 'arial black', sans-serif\">DE 10:00 A 14:30 i DE 17:00 A 19 HORES<\/span><\/p>\n<p style=\"text-align: center\"><span style=\"font-family: 'arial black', sans-serif\">93.402.29.85 \u2013 22985 \u2013 667 90 69 64<\/span><\/p>\n<p><img loading=\"lazy\" decoding=\"async\" class=\"wp-image-5553 aligncenter\" src=\"http:\/\/ccoo.app\/diputacio-de-barcelona\/wp-content\/blogs.dir\/6\/files\/sites\/186\/2020\/04\/mail-foto-300x200.jpg\" alt=\"\" width=\"59\" height=\"39\" srcset=\"https:\/\/ccoo.app\/diputacio-de-barcelona\/wp-content\/blogs.dir\/6\/files\/sites\/186\/2020\/04\/mail-foto-300x200.jpg 300w, https:\/\/ccoo.app\/diputacio-de-barcelona\/wp-content\/blogs.dir\/6\/files\/sites\/186\/2020\/04\/mail-foto-1024x683.jpg 1024w, https:\/\/ccoo.app\/diputacio-de-barcelona\/wp-content\/blogs.dir\/6\/files\/sites\/186\/2020\/04\/mail-foto-768x512.jpg 768w, https:\/\/ccoo.app\/diputacio-de-barcelona\/wp-content\/blogs.dir\/6\/files\/sites\/186\/2020\/04\/mail-foto.jpg 1200w\" sizes=\"auto, (max-width: 59px) 100vw, 59px\" \/><\/p>\n<p style=\"text-align: center\"><span style=\"font-family: arial, helvetica, sans-serif;color: #000000\">La\u00a0SECCI\u00d3 SINDICAL DE CCOO donem resposta a tots els teus dubtes o t\u2019ajudem solucionar els problemes que puguis tenir.<strong>\u00a0T\u2019ajudem a defensar els teus drets!<\/strong><\/span><\/p>\n<p style=\"text-align: center\"><span style=\"font-family: 'arial black', sans-serif;color: #0000ff\"><a style=\"color: #0000ff\" href=\"mailto:ccoo@diba.cat\"><strong>ccoo@diba.cat<\/strong><\/a><\/span><\/p>\n<p style=\"text-align: center\"><span style=\"font-family: 'arial black', sans-serif;color: #0000ff\"><a style=\"color: #0000ff\" href=\"mailto:orgt.ssccoo@diba.cat\">orgt.ssccoo@diba.cat<\/a><\/span><\/p>\n<p><img loading=\"lazy\" decoding=\"async\" class=\"wp-image-5554 aligncenter\" src=\"http:\/\/ccoo.app\/diputacio-de-barcelona\/wp-content\/blogs.dir\/6\/files\/sites\/186\/2020\/04\/mail-foto-enviar-300x212.jpg\" alt=\"\" width=\"67\" height=\"47\" srcset=\"https:\/\/ccoo.app\/diputacio-de-barcelona\/wp-content\/blogs.dir\/6\/files\/sites\/186\/2020\/04\/mail-foto-enviar-300x212.jpg 300w, https:\/\/ccoo.app\/diputacio-de-barcelona\/wp-content\/blogs.dir\/6\/files\/sites\/186\/2020\/04\/mail-foto-enviar-1024x724.jpg 1024w, https:\/\/ccoo.app\/diputacio-de-barcelona\/wp-content\/blogs.dir\/6\/files\/sites\/186\/2020\/04\/mail-foto-enviar-768x543.jpg 768w, https:\/\/ccoo.app\/diputacio-de-barcelona\/wp-content\/blogs.dir\/6\/files\/sites\/186\/2020\/04\/mail-foto-enviar.jpg 1200w\" sizes=\"auto, (max-width: 67px) 100vw, 67px\" \/><\/p>\n<p style=\"text-align: center\"><span style=\"font-family: arial, helvetica, sans-serif;color: #000000\">Encara no t\u2019has descarregat la nostra\u00a0<span style=\"color: #0000ff;font-family: 'arial black', sans-serif\"><a style=\"color: #0000ff\" href=\"http:\/\/www.ccoo.cat\/carnet\/index.aspx?qr=1#descarrega\">APP<\/a><\/span>\u00a0CCOO-Diba d\u2019informaci\u00f3 sindical?<\/span><\/p>\n<p style=\"text-align: center\"><span style=\"font-family: arial, helvetica, sans-serif;color: #000000\">Fes clic\u00a0<span style=\"font-family: 'arial black', sans-serif;color: #0000ff\"><a style=\"color: #0000ff\" href=\"http:\/\/www.ccoo.cat\/carnet\/index.aspx?qr=1#descarrega\">aqu\u00ed<\/a>\u00a0<\/span>per tenir la informaci\u00f3 abans que ning\u00fa!<\/span><\/p>\n<p><img loading=\"lazy\" decoding=\"async\" class=\"wp-image-5915 aligncenter\" src=\"http:\/\/ccoo.app\/diputacio-de-barcelona\/wp-content\/blogs.dir\/6\/files\/sites\/186\/2020\/05\/xarxes-socials-300x169.png\" alt=\"\" width=\"227\" height=\"128\" srcset=\"https:\/\/ccoo.app\/diputacio-de-barcelona\/wp-content\/blogs.dir\/6\/files\/sites\/186\/2020\/05\/xarxes-socials-300x169.png 300w, https:\/\/ccoo.app\/diputacio-de-barcelona\/wp-content\/blogs.dir\/6\/files\/sites\/186\/2020\/05\/xarxes-socials-1024x576.png 1024w, https:\/\/ccoo.app\/diputacio-de-barcelona\/wp-content\/blogs.dir\/6\/files\/sites\/186\/2020\/05\/xarxes-socials-768x432.png 768w, https:\/\/ccoo.app\/diputacio-de-barcelona\/wp-content\/blogs.dir\/6\/files\/sites\/186\/2020\/05\/xarxes-socials.png 1200w\" sizes=\"auto, (max-width: 227px) 100vw, 227px\" \/><\/p>\n<p style=\"text-align: center\"><span style=\"font-family: arial, helvetica, sans-serif;color: #000000\">Tamb\u00e9 trobar\u00e0s CCOO-Diba a les xarxes socials. Clica sobre la icona de la teva xarxa favorita:<\/span><\/p>\n<p><a href=\"https:\/\/twitter.com\/CCOODiba\"><img loading=\"lazy\" decoding=\"async\" class=\" wp-image-5728 aligncenter\" src=\"http:\/\/ccoo.app\/diputacio-de-barcelona\/wp-content\/blogs.dir\/6\/files\/sites\/186\/2020\/04\/twitter-300x300.png\" alt=\"\" width=\"89\" height=\"89\" srcset=\"https:\/\/ccoo.app\/diputacio-de-barcelona\/wp-content\/blogs.dir\/6\/files\/sites\/186\/2020\/04\/twitter-300x300.png 300w, https:\/\/ccoo.app\/diputacio-de-barcelona\/wp-content\/blogs.dir\/6\/files\/sites\/186\/2020\/04\/twitter-150x150.png 150w, https:\/\/ccoo.app\/diputacio-de-barcelona\/wp-content\/blogs.dir\/6\/files\/sites\/186\/2020\/04\/twitter.png 512w\" sizes=\"auto, (max-width: 89px) 100vw, 89px\" \/><\/a><\/p>\n<p><a href=\"https:\/\/www.instagram.com\/ccoo_diba\/?hl=es\"><img loading=\"lazy\" decoding=\"async\" class=\"wp-image-5730 aligncenter\" src=\"http:\/\/ccoo.app\/diputacio-de-barcelona\/wp-content\/blogs.dir\/6\/files\/sites\/186\/2020\/04\/instragram-300x300.png\" alt=\"\" width=\"91\" height=\"91\" srcset=\"https:\/\/ccoo.app\/diputacio-de-barcelona\/wp-content\/blogs.dir\/6\/files\/sites\/186\/2020\/04\/instragram-300x300.png 300w, https:\/\/ccoo.app\/diputacio-de-barcelona\/wp-content\/blogs.dir\/6\/files\/sites\/186\/2020\/04\/instragram-150x150.png 150w, https:\/\/ccoo.app\/diputacio-de-barcelona\/wp-content\/blogs.dir\/6\/files\/sites\/186\/2020\/04\/instragram.png 512w\" sizes=\"auto, (max-width: 91px) 100vw, 91px\" \/><\/a><\/p>\n<p><a href=\"https:\/\/www.facebook.com\/CcooDiputacioDeBarcelona\/\"><img loading=\"lazy\" decoding=\"async\" class=\"wp-image-5729 aligncenter\" src=\"http:\/\/ccoo.app\/diputacio-de-barcelona\/wp-content\/blogs.dir\/6\/files\/sites\/186\/2020\/04\/facebook-300x300.png\" alt=\"\" width=\"90\" height=\"90\" srcset=\"https:\/\/ccoo.app\/diputacio-de-barcelona\/wp-content\/blogs.dir\/6\/files\/sites\/186\/2020\/04\/facebook-300x300.png 300w, https:\/\/ccoo.app\/diputacio-de-barcelona\/wp-content\/blogs.dir\/6\/files\/sites\/186\/2020\/04\/facebook-150x150.png 150w, https:\/\/ccoo.app\/diputacio-de-barcelona\/wp-content\/blogs.dir\/6\/files\/sites\/186\/2020\/04\/facebook.png 325w\" sizes=\"auto, (max-width: 90px) 100vw, 90px\" \/><\/a><a href=\"https:\/\/www.youtube.com\/channel\/UCFzenkS75udEcs4pB4qoZsg\"><img loading=\"lazy\" decoding=\"async\" class=\" wp-image-5916 aligncenter\" src=\"http:\/\/ccoo.app\/diputacio-de-barcelona\/wp-content\/blogs.dir\/6\/files\/sites\/186\/2020\/05\/youtube-300x115.jpg\" alt=\"\" width=\"122\" height=\"47\" srcset=\"https:\/\/ccoo.app\/diputacio-de-barcelona\/wp-content\/blogs.dir\/6\/files\/sites\/186\/2020\/05\/youtube-300x115.jpg 300w, https:\/\/ccoo.app\/diputacio-de-barcelona\/wp-content\/blogs.dir\/6\/files\/sites\/186\/2020\/05\/youtube-1024x391.jpg 1024w, https:\/\/ccoo.app\/diputacio-de-barcelona\/wp-content\/blogs.dir\/6\/files\/sites\/186\/2020\/05\/youtube-768x293.jpg 768w, https:\/\/ccoo.app\/diputacio-de-barcelona\/wp-content\/blogs.dir\/6\/files\/sites\/186\/2020\/05\/youtube.jpg 1200w\" sizes=\"auto, (max-width: 122px) 100vw, 122px\" \/><\/a><\/p>\n<p>&nbsp;<\/p>\n<p><iframe loading=\"lazy\" title=\"Hauran de comptar amb nosaltres. Salut, treball i just\u00edcia social || 1r de maig del 2020.\" width=\"1200\" height=\"675\" src=\"https:\/\/www.youtube.com\/embed\/uS104R3aSJs?feature=oembed\" frameborder=\"0\" allow=\"accelerometer; autoplay; clipboard-write; encrypted-media; gyroscope; picture-in-picture; web-share\" allowfullscreen><\/iframe><\/p>\n<p>&nbsp;<\/p>\n<p><a href=\"https:\/\/diba.ccoo.cat\/ccoo-torna-a-ser-primer-sindicat-a-catalunya\/\"><img loading=\"lazy\" decoding=\"async\" class=\"size-medium wp-image-4877 aligncenter\" src=\"http:\/\/ccoo.app\/diputacio-de-barcelona\/wp-content\/blogs.dir\/6\/files\/sites\/186\/2020\/01\/ccoo-primer-sindicat-catalunya-300x117.jpg\" alt=\"\" width=\"300\" height=\"117\" srcset=\"https:\/\/ccoo.app\/diputacio-de-barcelona\/wp-content\/blogs.dir\/6\/files\/sites\/186\/2020\/01\/ccoo-primer-sindicat-catalunya-300x117.jpg 300w, https:\/\/ccoo.app\/diputacio-de-barcelona\/wp-content\/blogs.dir\/6\/files\/sites\/186\/2020\/01\/ccoo-primer-sindicat-catalunya.jpg 490w\" sizes=\"auto, (max-width: 300px) 100vw, 300px\" \/><\/a><\/p>\n<p><a href=\"https:\/\/www.ccoo.es\/noticia:391405\"><img loading=\"lazy\" decoding=\"async\" class=\"size-medium wp-image-4878 aligncenter\" src=\"http:\/\/ccoo.app\/diputacio-de-barcelona\/wp-content\/blogs.dir\/6\/files\/sites\/186\/2020\/01\/ccoo-primer-sindicat-a-espana-300x91.jpg\" alt=\"\" width=\"300\" height=\"91\" srcset=\"https:\/\/ccoo.app\/diputacio-de-barcelona\/wp-content\/blogs.dir\/6\/files\/sites\/186\/2020\/01\/ccoo-primer-sindicat-a-espana-300x91.jpg 300w, https:\/\/ccoo.app\/diputacio-de-barcelona\/wp-content\/blogs.dir\/6\/files\/sites\/186\/2020\/01\/ccoo-primer-sindicat-a-espana.jpg 477w\" sizes=\"auto, (max-width: 300px) 100vw, 300px\" \/><\/a><\/p>\n<p><a href=\"https:\/\/www.ccoo.cat\/noticia\/224842\/ccoo-lliura-els-seus-comptes-auditats-del-2018-a-la-sindicatura-de-comptes-de-catalunya#.XjRZA-mWycz\"><img loading=\"lazy\" decoding=\"async\" class=\"size-medium wp-image-4879 aligncenter\" src=\"http:\/\/ccoo.app\/diputacio-de-barcelona\/wp-content\/blogs.dir\/6\/files\/sites\/186\/2020\/01\/ccoo-primer-sindicat-sindicatura-300x95.jpg\" alt=\"\" width=\"300\" height=\"95\" srcset=\"https:\/\/ccoo.app\/diputacio-de-barcelona\/wp-content\/blogs.dir\/6\/files\/sites\/186\/2020\/01\/ccoo-primer-sindicat-sindicatura-300x95.jpg 300w, https:\/\/ccoo.app\/diputacio-de-barcelona\/wp-content\/blogs.dir\/6\/files\/sites\/186\/2020\/01\/ccoo-primer-sindicat-sindicatura.jpg 476w\" sizes=\"auto, (max-width: 300px) 100vw, 300px\" \/><\/a><\/p>\n<p>&nbsp;<\/p>\n<p>&nbsp;<\/p>\n<p>&nbsp;<\/p>\n<p>&nbsp;<\/p>\n<p>&nbsp;<\/p>\n<p>&nbsp;<\/p>\n<p>&nbsp;<\/p>\n<p>&nbsp;<\/p>\n<p>&nbsp;<\/p>\n<p>&nbsp;<\/p>\n<p>&nbsp;<\/p>\n<p>&nbsp;<\/p>\n<p>&nbsp;<\/p>\n<p>&nbsp;<\/p>\n<p>&nbsp;<\/p>\n<p>&nbsp;<\/p>\n<p>&nbsp;<\/p>\n<p>&nbsp;    \t<\/p>\n","protected":false},"excerpt":{"rendered":"<p>&nbsp; RESUM DE L&#8217;ACORD SOBRE EL PROTOCOL PER L\u2019ESTABLIMENT DE CRITERIS I MESURES ORGANITZATIVES, DE PREVENCI\u00d3 I DE PROTECCI\u00d3 PER A LA REPRESA DE LES ACTIVITATS DE LA DIPUTACI\u00d3 DE &#8230; <\/p>\n<p class=\"read-more-container\"><a title=\"82\/COVID-19. RESUM DEL PROTOCOL (COVID-19)\" class=\"read-more button\" href=\"https:\/\/ccoo.app\/diputacio-de-barcelona\/quan-tornare-a-la-feina-2-2-2\/#more-6113\" aria-label=\"Leer m\u00e1s sobre 82\/COVID-19. RESUM DEL PROTOCOL (COVID-19)\">Continuar llegint<\/a><\/p>\n","protected":false},"author":4519,"featured_media":6115,"comment_status":"closed","ping_status":"closed","sticky":false,"template":"","format":"standard","meta":{"footnotes":""},"categories":[23,30],"tags":[89,148,154,189,221],"class_list":["post-6113","post","type-post","status-publish","format-standard","has-post-thumbnail","hentry","category-informacio-general","category-permisos","tag-coronavirus","tag-mesa-general-negociacio","tag-mobilitat-teletreball","tag-prevencio","tag-teletreball","generate-columns","tablet-grid-50","mobile-grid-100","grid-parent","grid-50"],"_links":{"self":[{"href":"https:\/\/ccoo.app\/diputacio-de-barcelona\/wp-json\/wp\/v2\/posts\/6113","targetHints":{"allow":["GET"]}}],"collection":[{"href":"https:\/\/ccoo.app\/diputacio-de-barcelona\/wp-json\/wp\/v2\/posts"}],"about":[{"href":"https:\/\/ccoo.app\/diputacio-de-barcelona\/wp-json\/wp\/v2\/types\/post"}],"author":[{"embeddable":true,"href":"https:\/\/ccoo.app\/diputacio-de-barcelona\/wp-json\/wp\/v2\/users\/4519"}],"replies":[{"embeddable":true,"href":"https:\/\/ccoo.app\/diputacio-de-barcelona\/wp-json\/wp\/v2\/comments?post=6113"}],"version-history":[{"count":1,"href":"https:\/\/ccoo.app\/diputacio-de-barcelona\/wp-json\/wp\/v2\/posts\/6113\/revisions"}],"predecessor-version":[{"id":50950,"href":"https:\/\/ccoo.app\/diputacio-de-barcelona\/wp-json\/wp\/v2\/posts\/6113\/revisions\/50950"}],"wp:featuredmedia":[{"embeddable":true,"href":"https:\/\/ccoo.app\/diputacio-de-barcelona\/wp-json\/wp\/v2\/media\/6115"}],"wp:attachment":[{"href":"https:\/\/ccoo.app\/diputacio-de-barcelona\/wp-json\/wp\/v2\/media?parent=6113"}],"wp:term":[{"taxonomy":"category","embeddable":true,"href":"https:\/\/ccoo.app\/diputacio-de-barcelona\/wp-json\/wp\/v2\/categories?post=6113"},{"taxonomy":"post_tag","embeddable":true,"href":"https:\/\/ccoo.app\/diputacio-de-barcelona\/wp-json\/wp\/v2\/tags?post=6113"}],"curies":[{"name":"wp","href":"https:\/\/api.w.org\/{rel}","templated":true}]}}