{"id":6066,"date":"2020-05-23T07:28:12","date_gmt":"2020-05-23T06:28:12","guid":{"rendered":"https:\/\/diba.ccoo.cat\/?p=6066"},"modified":"2023-02-22T18:39:18","modified_gmt":"2023-02-22T17:39:18","slug":"grup-de-risc-pel-covid-19-2","status":"publish","type":"post","link":"https:\/\/ccoo.app\/diputacio-de-barcelona\/grup-de-risc-pel-covid-19-2\/","title":{"rendered":"79\/COVID-19. COM HAS D&#8217;ACTUAR SI ET TROBES EN UN GRUP DE RISC PEL COVID-19?"},"content":{"rendered":"<p class=\"wp-caption-text\"><img loading=\"lazy\" decoding=\"async\" class=\"alignnone wp-image-1853\" src=\"http:\/\/ccoo.app\/diputacio-de-barcelona\/wp-content\/blogs.dir\/6\/files\/sites\/186\/2018\/01\/logoccoov18.jpg\" alt=\"\" width=\"137\" height=\"63\" \/>\u00a0 <a href=\"https:\/\/diba.ccoo.cat\/wp-content\/uploads\/sites\/37\/2020\/05\/4.5.20-DECLARACI%C3%93-personal-sensible.docx\"><img loading=\"lazy\" decoding=\"async\" class=\"alignnone wp-image-5366\" src=\"http:\/\/ccoo.app\/diputacio-de-barcelona\/wp-content\/blogs.dir\/6\/files\/sites\/186\/2020\/04\/documentacio-adjunta-300x296.png\" alt=\"\" width=\"123\" height=\"121\" srcset=\"https:\/\/ccoo.app\/diputacio-de-barcelona\/wp-content\/blogs.dir\/6\/files\/sites\/186\/2020\/04\/documentacio-adjunta-300x296.png 300w, https:\/\/ccoo.app\/diputacio-de-barcelona\/wp-content\/blogs.dir\/6\/files\/sites\/186\/2020\/04\/documentacio-adjunta.png 667w\" sizes=\"auto, (max-width: 123px) 100vw, 123px\" \/><\/a><\/p>\n<p style=\"text-align: center\"><span style=\"font-family: 'arial black', sans-serif;font-size: 24px;color: #0000ff\">GUIA PER A LES PERSONES TREBALLADORES ESPECIALMENT SENSIBLE AL COVID-19<\/span><\/p>\n<p style=\"text-align: center\"><span style=\"font-family: 'arial black', sans-serif;font-size: 20px;color: #000000\">COM ACTUAR SI ET TROBES EN UN D&#8217;ELL?<\/span><\/p>\n<p style=\"text-align: center\"><span style=\"background-color: #ff0000;color: #ffff00;font-family: 'arial black', sans-serif;font-size: 20px\">FIXEU-VOS EN LES NOVETATS DEL 14.05.2020<\/span><\/p>\n<p style=\"text-align: center\"><span style=\"font-family: arial, helvetica, sans-serif;font-size: 12pt;color: #000000\">-actualitzaci\u00f3 20 DE MAIG DE 2020-<\/span><\/p>\n<p>&nbsp;<\/p>\n<p style=\"text-align: center\"><span style=\"font-family: 'arial black', sans-serif;background-color: #000000;color: #ffff00\">Cliqueu \u00a0<\/span><span style=\"background-color: #ffff00\"><a style=\"background-color: #ffff00\" href=\"https:\/\/diba.ccoo.cat\/instruccio-2-2020-personal-sensible\/\"><span style=\"text-decoration: underline\"><span style=\"font-family: 'arial black', sans-serif;color: #0000ff;text-decoration: underline\">aqu\u00ed\u00a0<\/span><\/span><\/a><\/span><span style=\"font-family: 'arial black', sans-serif;background-color: #000000;color: #ffff00\"> per a VEURE\u00a0 NOVETATS (JULIOL 2020)<\/span><\/p>\n<p>&nbsp;<\/p>\n<p style=\"text-align: justify\"><span style=\"font-family: 'arial black', sans-serif;font-size: 20px;color: #000000\">QUI FORMA PART DELS GRUPS DE RISC FRONT AL CORONAVIRUS?<\/span><\/p>\n<ul>\n<li style=\"text-align: justify\"><span style=\"color: #000000;background-color: #ffff00\"><mark><span style=\"font-family: arial, helvetica, sans-serif\">Majors de 60 anys.\u00a0<\/span><\/mark><\/span><\/li>\n<li style=\"text-align: justify\"><span style=\"color: #000000;background-color: #ffff00\"><mark><span style=\"font-family: arial, helvetica, sans-serif\">Les patologies pr\u00e8vies cr\u00f2niques relacionades amb el sistema respiratori, per exemple, asma, MPOC, etc. Les patologies pr\u00e8vies relacionades amb el sistema cardiovascular (hipertensos, diab\u00e8tics, etc.).<\/span><\/mark><\/span><\/li>\n<li style=\"text-align: justify\"><span style=\"color: #000000;background-color: #ffff00\"><mark><span style=\"font-family: arial, helvetica, sans-serif\">Persones amb malalties hep\u00e0tiques cr\u00f2niques<\/span><\/mark><\/span><\/li>\n<li style=\"text-align: justify\"><span style=\"color: #000000;background-color: #ffff00\"><mark><span style=\"font-family: arial, helvetica, sans-serif\">C\u00e0ncer amb fase activa<\/span><\/mark><\/span><\/li>\n<li style=\"text-align: justify\"><span style=\"color: #000000;background-color: #ffff00\"><mark><span style=\"font-family: arial, helvetica, sans-serif\">Trastorns immunitaris<\/span><\/mark><\/span><\/li>\n<li style=\"text-align: justify\"><span style=\"color: #000000;background-color: #ffff00\"><mark><span style=\"font-family: arial, helvetica, sans-serif\">Embar\u00e0s\u00a0<\/span><\/mark><\/span><\/li>\n<li style=\"text-align: justify\"><span style=\"font-family: arial, helvetica, sans-serif;color: #000000;background-color: #ffff00\">Insuficiencia renal cr\u00f3nica<\/span><\/li>\n<li style=\"text-align: justify\"><span style=\"font-family: arial, helvetica, sans-serif;color: #000000;background-color: #ffff00\">Obesidad m\u00f3rbida (IMC&gt;40)<\/span><\/li>\n<\/ul>\n<p>&nbsp;<\/p>\n<p style=\"text-align: justify\"><span style=\"font-family: 'arial black', sans-serif;font-size: 20px;color: #000000\">COM HAS D&#8217;ACTUAR SI ET TROBES EN UN DELS GRUPS DE RISC?<\/span><\/p>\n<p><img loading=\"lazy\" decoding=\"async\" class=\"wp-image-6063 aligncenter\" src=\"http:\/\/ccoo.app\/diputacio-de-barcelona\/wp-content\/blogs.dir\/6\/files\/sites\/186\/2020\/05\/1-300x300.png\" alt=\"\" width=\"61\" height=\"61\" srcset=\"https:\/\/ccoo.app\/diputacio-de-barcelona\/wp-content\/blogs.dir\/6\/files\/sites\/186\/2020\/05\/1-300x300.png 300w, https:\/\/ccoo.app\/diputacio-de-barcelona\/wp-content\/blogs.dir\/6\/files\/sites\/186\/2020\/05\/1-150x150.png 150w, https:\/\/ccoo.app\/diputacio-de-barcelona\/wp-content\/blogs.dir\/6\/files\/sites\/186\/2020\/05\/1.png 720w\" sizes=\"auto, (max-width: 61px) 100vw, 61px\" \/><\/p>\n<p style=\"text-align: justify\"><span style=\"font-family: arial, helvetica, sans-serif;color: #000000\"><span style=\"text-decoration: underline;color: #ffff00;background-color: #ff0000\"><strong>PRIMER<\/strong><\/span> Has de comunicar la <\/span><span style=\"font-family: arial, helvetica, sans-serif;color: #000000\">teva situaci\u00f3 al dispensari m\u00e8dic laboral de Mundet (servei ali\u00e8 de prevenci\u00f3) <a href=\"mailto:dispensari.mundet@ibersys.es\"><span style=\"font-family: 'arial black', sans-serif;color: #0000ff\">dispensari.<\/span><\/a><\/span><span style=\"font-family: arial, helvetica, sans-serif;color: #000000\"><a href=\"mailto:dispensari.mundet@ibersys.es\"><span style=\"font-family: 'arial black', sans-serif;color: #0000ff\">mundet@ibersys.es<\/span><\/a> o de Minerva <a href=\"mailto:dispensari.minerva@ibersys.es\"><span style=\"color: #0000ff;font-family: 'arial black', sans-serif\">dispensari.minerva@ibersys.es<\/span><\/a>, mitjan\u00e7ant <\/span><span style=\"font-family: arial, helvetica, sans-serif;color: #000000\">enviar el document \u201c<em>Declaraci\u00f3 d\u2019especial sensibilitat en relaci\u00f3 amb la infecci\u00f3 de coronavirus<\/em>\u201d (cliqueu <a href=\"https:\/\/diba.ccoo.cat\/wp-content\/uploads\/sites\/37\/2020\/05\/4.5.20-DECLARACI%C3%93-personal-sensible.docx\"><span style=\"font-family: 'arial black', sans-serif;color: #0000ff\">aqu\u00ed<\/span><\/a>).<\/span><\/p>\n<p style=\"text-align: justify\"><span style=\"font-family: arial, helvetica, sans-serif;color: #000000\"><strong><span style=\"background-color: #ffff00\">ATENCI\u00d3:<\/span><\/strong> Respecte al document que heu d&#8217;emplenar, si no el podeu descarregar o no us deixar modificar-lo per problemes inform\u00e0tics, copieu el contingut al mail directament.\u00a0<\/span><\/p>\n<p style=\"text-align: justify\" align=\"justify\"><span style=\"color: #000000\"><span style=\"font-size: medium\"><span style=\"font-family: Arial, sans-serif\"><span lang=\"ca-ES\">Cal que adjuntis els informes m\u00e8dics que acreditin la teva condici\u00f3. E<\/span><\/span><\/span><span style=\"font-family: arial, helvetica, sans-serif\">nvia nom\u00e9s la estrictament necess\u00e0ria i sempre relacionada amb la patologia que es pret\u00e9n acreditar.<\/span><\/span><span style=\"color: #000000;font-family: arial, helvetica, sans-serif\"> <span style=\"font-family: 'arial black', sans-serif;color: #ffff00;background-color: #ff0000\">RES M\u00c9S!!!<\/span><\/span><\/p>\n<p><img loading=\"lazy\" decoding=\"async\" class=\"wp-image-6064 aligncenter\" src=\"http:\/\/ccoo.app\/diputacio-de-barcelona\/wp-content\/blogs.dir\/6\/files\/sites\/186\/2020\/05\/2-300x300.png\" alt=\"\" width=\"60\" height=\"60\" srcset=\"https:\/\/ccoo.app\/diputacio-de-barcelona\/wp-content\/blogs.dir\/6\/files\/sites\/186\/2020\/05\/2-300x300.png 300w, https:\/\/ccoo.app\/diputacio-de-barcelona\/wp-content\/blogs.dir\/6\/files\/sites\/186\/2020\/05\/2-150x150.png 150w, https:\/\/ccoo.app\/diputacio-de-barcelona\/wp-content\/blogs.dir\/6\/files\/sites\/186\/2020\/05\/2.png 720w\" sizes=\"auto, (max-width: 60px) 100vw, 60px\" \/><\/p>\n<p style=\"text-align: justify\"><span style=\"font-family: arial, helvetica, sans-serif;color: #000000\"><span style=\"text-decoration: underline;background-color: #ff0000;color: #ffff00\"><strong>SEGON<\/strong><\/span><span style=\"background-color: #ff0000;color: #ffffff\"><span style=\"background-color: #ffffff\"> \u00a0<\/span><\/span>Posar en c\u00f2pia i enviar la petici\u00f3 cursada a l\u2019Oficina de Prevenci\u00f3 de Riscos Laborals <\/span><span style=\"font-family: arial, helvetica, sans-serif;color: #000000\">(OPRL), enviant un correu electr\u00f2nic a la b\u00fastia <\/span><span style=\"color: #000000;font-family: 'arial black', sans-serif\"><a style=\"color: #000000\" href=\"mailto:oprl.vigilanciasalut@diba.cat\"><span style=\"color: #0000ff\">oprl.vigilanciasalut@diba.cat<\/span><\/a><\/span><span style=\"color: #000000;font-family: arial, helvetica, sans-serif\">).<\/span><\/p>\n<p><img loading=\"lazy\" decoding=\"async\" class=\"wp-image-6065 aligncenter\" src=\"http:\/\/ccoo.app\/diputacio-de-barcelona\/wp-content\/blogs.dir\/6\/files\/sites\/186\/2020\/05\/3-300x300.png\" alt=\"\" width=\"59\" height=\"59\" srcset=\"https:\/\/ccoo.app\/diputacio-de-barcelona\/wp-content\/blogs.dir\/6\/files\/sites\/186\/2020\/05\/3-300x300.png 300w, https:\/\/ccoo.app\/diputacio-de-barcelona\/wp-content\/blogs.dir\/6\/files\/sites\/186\/2020\/05\/3-1024x1024.png 1024w, https:\/\/ccoo.app\/diputacio-de-barcelona\/wp-content\/blogs.dir\/6\/files\/sites\/186\/2020\/05\/3-150x150.png 150w, https:\/\/ccoo.app\/diputacio-de-barcelona\/wp-content\/blogs.dir\/6\/files\/sites\/186\/2020\/05\/3-768x768.png 768w, https:\/\/ccoo.app\/diputacio-de-barcelona\/wp-content\/blogs.dir\/6\/files\/sites\/186\/2020\/05\/3.png 1280w\" sizes=\"auto, (max-width: 59px) 100vw, 59px\" \/><\/p>\n<p style=\"text-align: justify\"><span style=\"font-family: arial, helvetica, sans-serif;color: #000000\"><span style=\"text-decoration: underline\"><strong><span style=\"background-color: #ff0000;color: #ffff00;text-decoration: underline\">TERCER<\/span><\/strong><\/span> Posar en c\u00f2pia i enviar la petici\u00f3 cursada al vostre servei. Una vegada iniciat el proc\u00e8s, NO US PODEN OBLIGAR a treballar presencialment mentre no es resolgui el proc\u00e9s d&#8217;acreditaci\u00f3.<\/span><\/p>\n<p>&nbsp;<\/p>\n<p><span style=\"font-family: 'arial black', sans-serif;font-size: 20px;color: #000000\">SI TREBALLES A <span style=\"background-color: #ffff00\">L&#8217;ORGT,<\/span> COM HAS D&#8217;ACTUAR SI ET TROBES EN UN DELS GRUPS DE RISC?<\/span><\/p>\n<p style=\"text-align: justify\"><span style=\"font-family: arial, helvetica, sans-serif;color: #000000\">Has d&#8217;enviar la documentaci\u00f3 a l&#8217;oficina de prevenci\u00f3 de l&#8217;ORGT:<\/span> <span style=\"font-family: 'arial black', sans-serif;color: #0000ff\"><a style=\"color: #0000ff\" href=\"mailto:orgt.rrhh.prevenci\u00f3@diba.cat\">orgt.rrhh.prevenci\u00f3@diba.cat <\/a><\/span><span style=\"font-family: arial, helvetica, sans-serif;color: #000000\">i al vostre e referent de Recursos Humans.<\/span><\/p>\n<p style=\"text-align: justify\"><span style=\"font-family: arial, helvetica, sans-serif\">Dubtes a<\/span> <span style=\"font-family: 'arial black', sans-serif;color: #0000ff\"><a style=\"color: #0000ff\" href=\"mailto:orgt.ssccoo@diba.cat\">orgt.ssccoo@diba.cat<\/a><\/span><\/p>\n<p>&nbsp;<\/p>\n<p><img loading=\"lazy\" decoding=\"async\" class=\"wp-image-5950 aligncenter\" src=\"http:\/\/ccoo.app\/diputacio-de-barcelona\/wp-content\/blogs.dir\/6\/files\/sites\/186\/2020\/05\/procedimiento-278x300.png\" alt=\"\" width=\"67\" height=\"72\" srcset=\"https:\/\/ccoo.app\/diputacio-de-barcelona\/wp-content\/blogs.dir\/6\/files\/sites\/186\/2020\/05\/procedimiento-278x300.png 278w, https:\/\/ccoo.app\/diputacio-de-barcelona\/wp-content\/blogs.dir\/6\/files\/sites\/186\/2020\/05\/procedimiento.png 297w\" sizes=\"auto, (max-width: 67px) 100vw, 67px\" \/><\/p>\n<p style=\"text-align: justify\"><span style=\"font-family: arial, helvetica, sans-serif\"><span style=\"font-family: 'arial black', sans-serif;background-color: #ff0000;color: #ffff00;font-size: 20px\">NOVETATS: NOU PROTOCOL (14-04.2020)<\/span><span style=\"font-size: 16px;color: #000000\"><span style=\"font-family: 'arial black', sans-serif;background-color: #ffffff\"><span style=\"font-family: arial, helvetica, sans-serif\"> A<\/span><\/span><\/span><span style=\"color: #000000\">l menys fins al 14 de setembre (d&#8217;acord amb el que indica el nou protocol) qui formi part dels <strong>grups de risc<\/strong>\u00a0i\/o sigui\u00a0<strong><span style=\"color: #000000\">major<\/span>s de 60<\/strong> anys (cliqueu<\/span> <a href=\"https:\/\/diba.ccoo.cat\/quan-tornare-a-la-feina-2-2\/\"><span style=\"font-family: 'arial black', sans-serif;color: #0000ff\">aqu\u00ed<\/span><\/a><span style=\"color: #000000\">):<\/span><\/span><\/p>\n<ul>\n<li style=\"text-align: justify\"><span style=\"font-family: arial, helvetica, sans-serif;color: #000000\">Si les funcions del lloc de treball que desenvolupen no s\u00f3n compatibles amb la modalitat no presencial de treball, <span style=\"background-color: #ffff00\">es concedir\u00e0 el perm\u00eds regulat retribu\u00eft a l\u2019article 48 j) EBEP<\/span><\/span><\/li>\n<\/ul>\n<p style=\"text-align: justify\"><img loading=\"lazy\" decoding=\"async\" class=\"wp-image-5495 aligncenter\" src=\"http:\/\/ccoo.app\/diputacio-de-barcelona\/wp-content\/blogs.dir\/6\/files\/sites\/186\/2020\/04\/mascaretes-ccoo-300x218.png\" alt=\"\" width=\"117\" height=\"85\" srcset=\"https:\/\/ccoo.app\/diputacio-de-barcelona\/wp-content\/blogs.dir\/6\/files\/sites\/186\/2020\/04\/mascaretes-ccoo-300x218.png 300w, https:\/\/ccoo.app\/diputacio-de-barcelona\/wp-content\/blogs.dir\/6\/files\/sites\/186\/2020\/04\/mascaretes-ccoo.png 393w\" sizes=\"auto, (max-width: 117px) 100vw, 117px\" \/><\/p>\n<ul>\n<li style=\"text-align: justify\"><span style=\"color: #000000\"><span style=\"font-family: arial, helvetica, sans-serif\">Atenci\u00f3 <span style=\"text-decoration: underline;background-color: #ffff00\"><strong>major de 60 anys<\/strong><\/span>: d&#8217;ofici <\/span><span style=\"font-size: medium\"><span style=\"font-family: Arial, sans-serif\"><span lang=\"ca-ES\">tenen la condici\u00f3 de personal vulnerable, NO \u00c9S NECESSARI acreditar-ho davant el Servei de Prevenci\u00f3 Ali\u00e8 de Vigil\u00e0ncia de la Salut. Recordeu que l<\/span><\/span><\/span><span style=\"font-family: arial, helvetica, sans-serif\">a \u00fanica manera de prestar servei <span style=\"background-color: #ffff00\"><strong>OBLIGAT\u00d2RIAMENT<\/strong><\/span> \u00e9s mitjan\u00e7ant el teletreball. Si aix\u00f2 no \u00e9s possible, tindr\u00e0s dret al perm\u00eds 48j (aplicable a TOTS els serveis de la Diputaci\u00f3 de Barcelona).<\/span><\/span><\/li>\n<\/ul>\n<p>&nbsp;<\/p>\n<ul>\n<li style=\"text-align: justify\"><span style=\"color: #000000;font-family: arial, helvetica, sans-serif\">Per a <span style=\"text-decoration: underline;background-color: #ffff00\"><strong>la resta de col\u00b7lectius de risc<\/strong><\/span>: heu de seguir el procediment explicat en la primera part d&#8217;aquesta nota informativa, per a que pugueu <span style=\"text-decoration: underline\">acreditar que efectivament formeu part d&#8217;un grup de risc<\/span> i no podeu treballar presencialment. Aix\u00f2 us donar\u00e0 dret a teletreballar o, si no \u00e9s possible, obtenir el perm\u00eds 48j. <\/span><\/li>\n<\/ul>\n<p style=\"text-align: justify\"><span style=\"color: #000000;font-family: arial, helvetica, sans-serif\">M\u00e9s enll\u00e0 que finalment la SS pugui determinar <span style=\"text-decoration: underline\"><strong>a m\u00e9s<\/strong><\/span> que teniu dret a una IT \u00abassimilable\u00bb a accident de treball:<\/span><\/p>\n<ul>\n<li style=\"text-align: justify\"><span style=\"font-family: arial, helvetica, sans-serif;color: #000000\">Vols con\u00e8ixer <span style=\"text-decoration: underline\"><strong>tot el procediment<\/strong><\/span> de la SS relacionat amb el personal vulnerable? (cliqueu <span style=\"font-family: 'arial black', sans-serif;color: #0000ff\">aqu\u00ed<\/span>)<\/span><\/li>\n<li style=\"text-align: justify\"><span style=\"color: #000000;font-family: arial, helvetica, sans-serif\">Quina afectaci\u00f3 econ\u00f2mica suposa estar de baixa per trobar-nos en situaci\u00f3 d\u2019a\u00efllament o per contagi de covid-19?(cliqueu <a href=\"https:\/\/diba.ccoo.cat\/fins-al-26-dabril-tot-segueix-igual-2\/\"><span style=\"font-family: 'arial black', sans-serif;color: #0000ff\">aqu\u00ed<\/span><\/a>)<\/span><\/li>\n<\/ul>\n<p>&nbsp;<\/p>\n<p><img loading=\"lazy\" decoding=\"async\" class=\"wp-image-6047 aligncenter\" src=\"http:\/\/ccoo.app\/diputacio-de-barcelona\/wp-content\/blogs.dir\/6\/files\/sites\/186\/2020\/05\/vacaciones-300x300.jpg\" alt=\"\" width=\"74\" height=\"74\" srcset=\"https:\/\/ccoo.app\/diputacio-de-barcelona\/wp-content\/blogs.dir\/6\/files\/sites\/186\/2020\/05\/vacaciones-300x300.jpg 300w, https:\/\/ccoo.app\/diputacio-de-barcelona\/wp-content\/blogs.dir\/6\/files\/sites\/186\/2020\/05\/vacaciones-150x150.jpg 150w, https:\/\/ccoo.app\/diputacio-de-barcelona\/wp-content\/blogs.dir\/6\/files\/sites\/186\/2020\/05\/vacaciones.jpg 626w\" sizes=\"auto, (max-width: 74px) 100vw, 74px\" \/><\/p>\n<p style=\"text-align: center\"><span style=\"font-family: 'arial black', sans-serif;background-color: #ffff00;color: #000000\"><strong>VACANCES D\u2019ESTIU DELS QUE TENEN CONCEDIT EL PERM\u00cdS 48j<\/strong><\/span><\/p>\n<ul>\n<li style=\"text-align: justify\"><span style=\"font-family: arial, helvetica, sans-serif;color: #000000\">Qui tingui concedit el perm\u00eds haur\u00e0 de\u00a0<strong>gaudir \u00edntegrament els 22 dies de vacances anuals abans del 30 de setembre.<\/strong>\u00a0Per tant, ha de demanar les vacances i gaudir-les tal com preveu el vigent acord de condicions de treball, en el per\u00edode compr\u00e9s\u00a0<strong>entre l\u20191 de juliol i el 30 de setembre\u00a0<\/strong>(mentre estigui de vacances, quedar\u00e0 en suspens el perm\u00eds).<\/span><\/li>\n<\/ul>\n<p><img loading=\"lazy\" decoding=\"async\" class=\"wp-image-6049 aligncenter\" src=\"http:\/\/ccoo.app\/diputacio-de-barcelona\/wp-content\/blogs.dir\/6\/files\/sites\/186\/2020\/05\/amb-tu-300x116.png\" alt=\"\" width=\"178\" height=\"69\" srcset=\"https:\/\/ccoo.app\/diputacio-de-barcelona\/wp-content\/blogs.dir\/6\/files\/sites\/186\/2020\/05\/amb-tu-300x116.png 300w, https:\/\/ccoo.app\/diputacio-de-barcelona\/wp-content\/blogs.dir\/6\/files\/sites\/186\/2020\/05\/amb-tu.png 389w\" sizes=\"auto, (max-width: 178px) 100vw, 178px\" \/><\/p>\n<p style=\"text-align: center\"><span style=\"font-family: 'arial black', sans-serif;color: #ffff00;font-size: 20px;background-color: #ff0000\">LA PRIORITAT \u00c9S LA TEVA SALUT!<\/span><\/p>\n<p>&nbsp;<\/p>\n<p style=\"text-align: justify\"><span style=\"font-family: arial, helvetica, sans-serif;color: #000000\"><strong>Com funciona el perm\u00eds excepcional i retribu\u00eft 48J per conciliaci\u00f3?<\/strong> (fills\/filles menors, gent gran dependent o persones amb discapacitat i\/o depend\u00e8ncia a c\u00e0rrec): cliqueu <a href=\"https:\/\/diba.ccoo.cat\/permis-retribuit-excepcional-per-conciliacio-48\/\"><span style=\"font-family: 'arial black', sans-serif;color: #0000ff\">aqu\u00ed<\/span><\/a>.<\/span><\/p>\n<p>&nbsp;<\/p>\n<p><iframe loading=\"lazy\" title=\"Hauran de comptar amb nosaltres. Salut, treball i just\u00edcia social || 1r de maig del 2020.\" width=\"1200\" height=\"675\" src=\"https:\/\/www.youtube.com\/embed\/uS104R3aSJs?feature=oembed\" frameborder=\"0\" allow=\"accelerometer; autoplay; clipboard-write; encrypted-media; gyroscope; picture-in-picture; web-share\" allowfullscreen><\/iframe><\/p>\n<p>&nbsp;<\/p>\n<p><img loading=\"lazy\" decoding=\"async\" class=\"wp-image-5184 aligncenter\" src=\"http:\/\/ccoo.app\/diputacio-de-barcelona\/wp-content\/blogs.dir\/6\/files\/sites\/186\/2020\/03\/i-de-info-300x300.jpg\" alt=\"\" width=\"83\" height=\"83\" srcset=\"https:\/\/ccoo.app\/diputacio-de-barcelona\/wp-content\/blogs.dir\/6\/files\/sites\/186\/2020\/03\/i-de-info-300x300.jpg 300w, https:\/\/ccoo.app\/diputacio-de-barcelona\/wp-content\/blogs.dir\/6\/files\/sites\/186\/2020\/03\/i-de-info-150x150.jpg 150w, https:\/\/ccoo.app\/diputacio-de-barcelona\/wp-content\/blogs.dir\/6\/files\/sites\/186\/2020\/03\/i-de-info.jpg 626w\" sizes=\"auto, (max-width: 83px) 100vw, 83px\" \/><\/p>\n<p style=\"text-align: center\"><span style=\"font-family: 'arial black', sans-serif;font-size: 20px;color: #ffff00;background-color: #ff0000\">TOTA LA INFORMACI\u00d3 QUE NECESSITES<\/span><\/p>\n<p>&nbsp;<\/p>\n<p><img loading=\"lazy\" decoding=\"async\" class=\"wp-image-5913 aligncenter\" src=\"http:\/\/ccoo.app\/diputacio-de-barcelona\/wp-content\/blogs.dir\/6\/files\/sites\/186\/2020\/05\/telefono-300x300.jpg\" alt=\"\" width=\"59\" height=\"59\" srcset=\"https:\/\/ccoo.app\/diputacio-de-barcelona\/wp-content\/blogs.dir\/6\/files\/sites\/186\/2020\/05\/telefono-300x300.jpg 300w, https:\/\/ccoo.app\/diputacio-de-barcelona\/wp-content\/blogs.dir\/6\/files\/sites\/186\/2020\/05\/telefono-150x150.jpg 150w, https:\/\/ccoo.app\/diputacio-de-barcelona\/wp-content\/blogs.dir\/6\/files\/sites\/186\/2020\/05\/telefono.jpg 600w\" sizes=\"auto, (max-width: 59px) 100vw, 59px\" \/><\/p>\n<p style=\"text-align: center\"><span style=\"font-family: 'arial black', sans-serif;color: #000000\">DE DILLUNS A DIVENDRES<\/span><\/p>\n<p style=\"text-align: center\"><span style=\"font-family: 'arial black', sans-serif;color: #000000\">DE 10:00 A 14:30 i DE 17:00 A 19 HORES<\/span><\/p>\n<p style=\"text-align: center\"><span style=\"font-family: 'arial black', sans-serif;color: #ff0000\">93.402.29.85 \u2013 22985 \u2013 667 90 69 64<\/span><\/p>\n<p style=\"text-align: center\"><span style=\"font-family: arial, helvetica, sans-serif\"><img loading=\"lazy\" decoding=\"async\" class=\"wp-image-5553 aligncenter\" src=\"http:\/\/ccoo.app\/diputacio-de-barcelona\/wp-content\/blogs.dir\/6\/files\/sites\/186\/2020\/04\/mail-foto-300x200.jpg\" alt=\"\" width=\"59\" height=\"39\" srcset=\"https:\/\/ccoo.app\/diputacio-de-barcelona\/wp-content\/blogs.dir\/6\/files\/sites\/186\/2020\/04\/mail-foto-300x200.jpg 300w, https:\/\/ccoo.app\/diputacio-de-barcelona\/wp-content\/blogs.dir\/6\/files\/sites\/186\/2020\/04\/mail-foto-1024x683.jpg 1024w, https:\/\/ccoo.app\/diputacio-de-barcelona\/wp-content\/blogs.dir\/6\/files\/sites\/186\/2020\/04\/mail-foto-768x512.jpg 768w, https:\/\/ccoo.app\/diputacio-de-barcelona\/wp-content\/blogs.dir\/6\/files\/sites\/186\/2020\/04\/mail-foto.jpg 1200w\" sizes=\"auto, (max-width: 59px) 100vw, 59px\" \/><\/span><\/p>\n<p style=\"text-align: center\"><span style=\"font-family: arial, helvetica, sans-serif;color: #000000\">La\u00a0SECCI\u00d3 SINDICAL DE CCOO donem resposta a tots els teus dubtes o t\u2019ajudem solucionar els problemes que puguis tenir.<strong>\u00a0T\u2019ajudem a defensar els teus drets!<\/strong><\/span><\/p>\n<p style=\"text-align: center\"><span style=\"font-family: 'arial black', sans-serif;color: #0000ff\"><a style=\"color: #0000ff\" href=\"mailto:ccoo@diba.cat\"><strong>ccoo@diba.cat<\/strong><\/a><\/span><\/p>\n<p style=\"text-align: center\"><span style=\"font-family: 'arial black', sans-serif;color: #0000ff\"><a style=\"color: #0000ff\" href=\"mailto:orgt.ssccoo@diba.cat\">orgt.ssccoo@diba.cat<\/a><\/span><\/p>\n<p style=\"text-align: center\"><span style=\"font-family: arial, helvetica, sans-serif\"><img loading=\"lazy\" decoding=\"async\" class=\"wp-image-5554 aligncenter\" src=\"http:\/\/ccoo.app\/diputacio-de-barcelona\/wp-content\/blogs.dir\/6\/files\/sites\/186\/2020\/04\/mail-foto-enviar-300x212.jpg\" alt=\"\" width=\"67\" height=\"47\" srcset=\"https:\/\/ccoo.app\/diputacio-de-barcelona\/wp-content\/blogs.dir\/6\/files\/sites\/186\/2020\/04\/mail-foto-enviar-300x212.jpg 300w, https:\/\/ccoo.app\/diputacio-de-barcelona\/wp-content\/blogs.dir\/6\/files\/sites\/186\/2020\/04\/mail-foto-enviar-1024x724.jpg 1024w, https:\/\/ccoo.app\/diputacio-de-barcelona\/wp-content\/blogs.dir\/6\/files\/sites\/186\/2020\/04\/mail-foto-enviar-768x543.jpg 768w, https:\/\/ccoo.app\/diputacio-de-barcelona\/wp-content\/blogs.dir\/6\/files\/sites\/186\/2020\/04\/mail-foto-enviar.jpg 1200w\" sizes=\"auto, (max-width: 67px) 100vw, 67px\" \/><\/span><\/p>\n<p style=\"text-align: center\"><span style=\"font-family: arial, helvetica, sans-serif;color: #000000\">Encara no t\u2019has descarregat la nostra\u00a0<a style=\"color: #000000\" href=\"http:\/\/www.ccoo.cat\/carnet\/index.aspx?qr=1#descarrega\">APP<\/a>\u00a0CCOO-Diba d\u2019informaci\u00f3 sindical?<\/span><\/p>\n<p style=\"text-align: center\"><span style=\"font-family: arial, helvetica, sans-serif;color: #000000\">Fes clic\u00a0<span style=\"font-family: 'arial black', sans-serif;color: #0000ff\"><a style=\"color: #0000ff\" href=\"http:\/\/www.ccoo.cat\/carnet\/index.aspx?qr=1#descarrega\">aqu\u00ed<\/a><\/span>\u00a0per tenir la informaci\u00f3 abans que ning\u00fa!<\/span><\/p>\n<p style=\"text-align: center\"><span style=\"font-family: arial, helvetica, sans-serif\"><img loading=\"lazy\" decoding=\"async\" class=\"wp-image-5915 aligncenter\" src=\"http:\/\/ccoo.app\/diputacio-de-barcelona\/wp-content\/blogs.dir\/6\/files\/sites\/186\/2020\/05\/xarxes-socials-300x169.png\" alt=\"\" width=\"227\" height=\"128\" srcset=\"https:\/\/ccoo.app\/diputacio-de-barcelona\/wp-content\/blogs.dir\/6\/files\/sites\/186\/2020\/05\/xarxes-socials-300x169.png 300w, https:\/\/ccoo.app\/diputacio-de-barcelona\/wp-content\/blogs.dir\/6\/files\/sites\/186\/2020\/05\/xarxes-socials-1024x576.png 1024w, https:\/\/ccoo.app\/diputacio-de-barcelona\/wp-content\/blogs.dir\/6\/files\/sites\/186\/2020\/05\/xarxes-socials-768x432.png 768w, https:\/\/ccoo.app\/diputacio-de-barcelona\/wp-content\/blogs.dir\/6\/files\/sites\/186\/2020\/05\/xarxes-socials.png 1200w\" sizes=\"auto, (max-width: 227px) 100vw, 227px\" \/><\/span><\/p>\n<p style=\"text-align: center\"><span style=\"font-family: arial, helvetica, sans-serif\">Tamb\u00e9 trobar\u00e0s CCOO-Diba a les xarxes socials. <span style=\"color: #0000ff;font-family: 'arial black', sans-serif\">Clica<\/span> sobre la icona de la teva xarxa favorita:<\/span><\/p>\n<p style=\"text-align: center\"><span style=\"font-family: arial, helvetica, sans-serif\"><a href=\"https:\/\/twitter.com\/CCOODiba\"><img loading=\"lazy\" decoding=\"async\" class=\" wp-image-5728 aligncenter\" src=\"http:\/\/ccoo.app\/diputacio-de-barcelona\/wp-content\/blogs.dir\/6\/files\/sites\/186\/2020\/04\/twitter-300x300.png\" alt=\"\" width=\"89\" height=\"89\" srcset=\"https:\/\/ccoo.app\/diputacio-de-barcelona\/wp-content\/blogs.dir\/6\/files\/sites\/186\/2020\/04\/twitter-300x300.png 300w, https:\/\/ccoo.app\/diputacio-de-barcelona\/wp-content\/blogs.dir\/6\/files\/sites\/186\/2020\/04\/twitter-150x150.png 150w, https:\/\/ccoo.app\/diputacio-de-barcelona\/wp-content\/blogs.dir\/6\/files\/sites\/186\/2020\/04\/twitter.png 512w\" sizes=\"auto, (max-width: 89px) 100vw, 89px\" \/><\/a><\/span><\/p>\n<p style=\"text-align: center\"><span style=\"font-family: arial, helvetica, sans-serif\"><a href=\"https:\/\/www.instagram.com\/ccoo_diba\/?hl=es\"><img loading=\"lazy\" decoding=\"async\" class=\"wp-image-5730 aligncenter\" src=\"http:\/\/ccoo.app\/diputacio-de-barcelona\/wp-content\/blogs.dir\/6\/files\/sites\/186\/2020\/04\/instragram-300x300.png\" alt=\"\" width=\"91\" height=\"91\" srcset=\"https:\/\/ccoo.app\/diputacio-de-barcelona\/wp-content\/blogs.dir\/6\/files\/sites\/186\/2020\/04\/instragram-300x300.png 300w, https:\/\/ccoo.app\/diputacio-de-barcelona\/wp-content\/blogs.dir\/6\/files\/sites\/186\/2020\/04\/instragram-150x150.png 150w, https:\/\/ccoo.app\/diputacio-de-barcelona\/wp-content\/blogs.dir\/6\/files\/sites\/186\/2020\/04\/instragram.png 512w\" sizes=\"auto, (max-width: 91px) 100vw, 91px\" \/><\/a><\/span><\/p>\n<p><span style=\"font-family: arial, helvetica, sans-serif\"><a href=\"https:\/\/www.facebook.com\/CcooDiputacioDeBarcelona\/\"><img loading=\"lazy\" decoding=\"async\" class=\"wp-image-5729 aligncenter\" src=\"http:\/\/ccoo.app\/diputacio-de-barcelona\/wp-content\/blogs.dir\/6\/files\/sites\/186\/2020\/04\/facebook-300x300.png\" alt=\"\" width=\"90\" height=\"90\" srcset=\"https:\/\/ccoo.app\/diputacio-de-barcelona\/wp-content\/blogs.dir\/6\/files\/sites\/186\/2020\/04\/facebook-300x300.png 300w, https:\/\/ccoo.app\/diputacio-de-barcelona\/wp-content\/blogs.dir\/6\/files\/sites\/186\/2020\/04\/facebook-150x150.png 150w, https:\/\/ccoo.app\/diputacio-de-barcelona\/wp-content\/blogs.dir\/6\/files\/sites\/186\/2020\/04\/facebook.png 325w\" sizes=\"auto, (max-width: 90px) 100vw, 90px\" \/><\/a><a href=\"https:\/\/www.youtube.com\/channel\/UCFzenkS75udEcs4pB4qoZsg\"><img loading=\"lazy\" decoding=\"async\" class=\"wp-image-5916 aligncenter\" src=\"http:\/\/ccoo.app\/diputacio-de-barcelona\/wp-content\/blogs.dir\/6\/files\/sites\/186\/2020\/05\/youtube-300x115.jpg\" alt=\"\" width=\"122\" height=\"47\" srcset=\"https:\/\/ccoo.app\/diputacio-de-barcelona\/wp-content\/blogs.dir\/6\/files\/sites\/186\/2020\/05\/youtube-300x115.jpg 300w, https:\/\/ccoo.app\/diputacio-de-barcelona\/wp-content\/blogs.dir\/6\/files\/sites\/186\/2020\/05\/youtube-1024x391.jpg 1024w, https:\/\/ccoo.app\/diputacio-de-barcelona\/wp-content\/blogs.dir\/6\/files\/sites\/186\/2020\/05\/youtube-768x293.jpg 768w, https:\/\/ccoo.app\/diputacio-de-barcelona\/wp-content\/blogs.dir\/6\/files\/sites\/186\/2020\/05\/youtube.jpg 1200w\" sizes=\"auto, (max-width: 122px) 100vw, 122px\" \/><\/a><\/span><\/p>\n<p>&nbsp;<\/p>\n<p><a href=\"https:\/\/diba.ccoo.cat\/ccoo-torna-a-ser-primer-sindicat-a-catalunya\/\"><img loading=\"lazy\" decoding=\"async\" class=\"size-medium wp-image-4877 aligncenter\" src=\"http:\/\/ccoo.app\/diputacio-de-barcelona\/wp-content\/blogs.dir\/6\/files\/sites\/186\/2020\/01\/ccoo-primer-sindicat-catalunya-300x117.jpg\" alt=\"\" width=\"300\" height=\"117\" srcset=\"https:\/\/ccoo.app\/diputacio-de-barcelona\/wp-content\/blogs.dir\/6\/files\/sites\/186\/2020\/01\/ccoo-primer-sindicat-catalunya-300x117.jpg 300w, https:\/\/ccoo.app\/diputacio-de-barcelona\/wp-content\/blogs.dir\/6\/files\/sites\/186\/2020\/01\/ccoo-primer-sindicat-catalunya.jpg 490w\" sizes=\"auto, (max-width: 300px) 100vw, 300px\" \/><\/a><\/p>\n<p><a href=\"https:\/\/www.ccoo.es\/noticia:391405\"><img loading=\"lazy\" decoding=\"async\" class=\"size-medium wp-image-4878 aligncenter\" src=\"http:\/\/ccoo.app\/diputacio-de-barcelona\/wp-content\/blogs.dir\/6\/files\/sites\/186\/2020\/01\/ccoo-primer-sindicat-a-espana-300x91.jpg\" alt=\"\" width=\"300\" height=\"91\" srcset=\"https:\/\/ccoo.app\/diputacio-de-barcelona\/wp-content\/blogs.dir\/6\/files\/sites\/186\/2020\/01\/ccoo-primer-sindicat-a-espana-300x91.jpg 300w, https:\/\/ccoo.app\/diputacio-de-barcelona\/wp-content\/blogs.dir\/6\/files\/sites\/186\/2020\/01\/ccoo-primer-sindicat-a-espana.jpg 477w\" sizes=\"auto, (max-width: 300px) 100vw, 300px\" \/><\/a><\/p>\n<p><a href=\"https:\/\/www.ccoo.cat\/noticia\/224842\/ccoo-lliura-els-seus-comptes-auditats-del-2018-a-la-sindicatura-de-comptes-de-catalunya#.XjRZA-mWycz\"><img loading=\"lazy\" decoding=\"async\" class=\"size-medium wp-image-4879 aligncenter\" src=\"http:\/\/ccoo.app\/diputacio-de-barcelona\/wp-content\/blogs.dir\/6\/files\/sites\/186\/2020\/01\/ccoo-primer-sindicat-sindicatura-300x95.jpg\" alt=\"\" width=\"300\" height=\"95\" srcset=\"https:\/\/ccoo.app\/diputacio-de-barcelona\/wp-content\/blogs.dir\/6\/files\/sites\/186\/2020\/01\/ccoo-primer-sindicat-sindicatura-300x95.jpg 300w, https:\/\/ccoo.app\/diputacio-de-barcelona\/wp-content\/blogs.dir\/6\/files\/sites\/186\/2020\/01\/ccoo-primer-sindicat-sindicatura.jpg 476w\" sizes=\"auto, (max-width: 300px) 100vw, 300px\" \/><\/a><\/p>\n<p>&nbsp;<\/p>\n<p>&nbsp;<\/p>\n<p>&nbsp;<\/p>\n<p>&nbsp;<\/p>\n<p>&nbsp;<\/p>\n<p>&nbsp;<\/p>\n<p>&nbsp;<\/p>\n<p>&nbsp;<\/p>\n<p>&nbsp;<\/p>\n<p>&nbsp;<\/p>\n<p>&nbsp;<\/p>\n<p>&nbsp;<\/p>\n<p>&nbsp;<\/p>\n<p>&nbsp;<\/p>\n<p>&nbsp;<\/p>\n<p>&nbsp;<\/p>\n<p>&nbsp;<\/p>\n<p>&nbsp;    \t<\/p>\n","protected":false},"excerpt":{"rendered":"<p>\u00a0 GUIA PER A LES PERSONES TREBALLADORES ESPECIALMENT SENSIBLE AL COVID-19 COM ACTUAR SI ET TROBES EN UN D&#8217;ELL? FIXEU-VOS EN LES NOVETATS DEL 14.05.2020 -actualitzaci\u00f3 20 DE MAIG DE &#8230; <\/p>\n<p class=\"read-more-container\"><a title=\"79\/COVID-19. COM HAS D&#8217;ACTUAR SI ET TROBES EN UN GRUP DE RISC PEL COVID-19?\" class=\"read-more button\" href=\"https:\/\/ccoo.app\/diputacio-de-barcelona\/grup-de-risc-pel-covid-19-2\/#more-6066\" aria-label=\"Leer m\u00e1s sobre 79\/COVID-19. COM HAS D&#8217;ACTUAR SI ET TROBES EN UN GRUP DE RISC PEL COVID-19?\">Continuar llegint<\/a><\/p>\n","protected":false},"author":4519,"featured_media":5225,"comment_status":"closed","ping_status":"closed","sticky":false,"template":"","format":"standard","meta":{"footnotes":""},"categories":[38,19,34,35],"tags":[64,89,127],"class_list":["post-6066","post","type-post","status-publish","format-standard","has-post-thumbnail","hentry","category-a-tot-el-personal","category-comunicats","category-respir","category-salut-laboral","tag-baixes-laborals","tag-coronavirus","tag-its","generate-columns","tablet-grid-50","mobile-grid-100","grid-parent","grid-50"],"_links":{"self":[{"href":"https:\/\/ccoo.app\/diputacio-de-barcelona\/wp-json\/wp\/v2\/posts\/6066","targetHints":{"allow":["GET"]}}],"collection":[{"href":"https:\/\/ccoo.app\/diputacio-de-barcelona\/wp-json\/wp\/v2\/posts"}],"about":[{"href":"https:\/\/ccoo.app\/diputacio-de-barcelona\/wp-json\/wp\/v2\/types\/post"}],"author":[{"embeddable":true,"href":"https:\/\/ccoo.app\/diputacio-de-barcelona\/wp-json\/wp\/v2\/users\/4519"}],"replies":[{"embeddable":true,"href":"https:\/\/ccoo.app\/diputacio-de-barcelona\/wp-json\/wp\/v2\/comments?post=6066"}],"version-history":[{"count":1,"href":"https:\/\/ccoo.app\/diputacio-de-barcelona\/wp-json\/wp\/v2\/posts\/6066\/revisions"}],"predecessor-version":[{"id":50954,"href":"https:\/\/ccoo.app\/diputacio-de-barcelona\/wp-json\/wp\/v2\/posts\/6066\/revisions\/50954"}],"wp:featuredmedia":[{"embeddable":true,"href":"https:\/\/ccoo.app\/diputacio-de-barcelona\/wp-json\/wp\/v2\/media\/5225"}],"wp:attachment":[{"href":"https:\/\/ccoo.app\/diputacio-de-barcelona\/wp-json\/wp\/v2\/media?parent=6066"}],"wp:term":[{"taxonomy":"category","embeddable":true,"href":"https:\/\/ccoo.app\/diputacio-de-barcelona\/wp-json\/wp\/v2\/categories?post=6066"},{"taxonomy":"post_tag","embeddable":true,"href":"https:\/\/ccoo.app\/diputacio-de-barcelona\/wp-json\/wp\/v2\/tags?post=6066"}],"curies":[{"name":"wp","href":"https:\/\/api.w.org\/{rel}","templated":true}]}}