{"id":604,"date":"2016-09-29T11:36:28","date_gmt":"2016-09-29T10:36:28","guid":{"rendered":"https:\/\/diba.ccoo.cat\/?p=604"},"modified":"2023-02-22T19:15:46","modified_gmt":"2023-02-22T18:15:46","slug":"bicicletada","status":"publish","type":"post","link":"https:\/\/ccoo.app\/diputacio-de-barcelona\/bicicletada\/","title":{"rendered":"BICICLETADA"},"content":{"rendered":"<p>&nbsp;<\/p>\n<p><img loading=\"lazy\" decoding=\"async\" class=\"wp-image-189\" title=\"Secci\u00f3 Sindical de la Diutaci\u00f3 de Barcelona de la Federaci\u00f3 Sindical de Catalunya\" src=\"http:\/\/ccoo.app\/diputacio-de-barcelona\/wp-content\/blogs.dir\/6\/files\/sites\/186\/2015\/12\/ccoo-fsc-cat.png\" alt=\"Secci\u00f3 Sindical de la Diputaci\u00f3 de Barcelona de la Federaci\u00f3 Sindical de Catalunya\" width=\"469\" height=\"90\" \/><\/p>\n<p class=\"wp-caption-text\">Secci\u00f3 Sindical de la Diputaci\u00f3 de Barcelona<\/p>\n<h3 style=\"text-align: center\"><\/h3>\n<h3 class=\"widget-title\">BICICLETADA<\/h3>\n<h3 style=\"text-align: center\"><span style=\"color: #000000\"><strong>BICICLETADA<\/strong><\/span><\/h3>\n<p style=\"text-align: center\"><span style=\"color: #000000\"><strong>DISSABTE 8 D&#8217;OCTUBRE<\/strong><\/span><\/p>\n<p style=\"text-align: center\"><span style=\"color: #000000\"><strong>Sortida a Can Serra a les 9:30<\/strong><\/span><\/p>\n<h3 style=\"text-align: center\"><span style=\"color: #008000\"><strong><span class=\"TextRun SCX146610613\" lang=\"CA-ES\" xml:lang=\"CA-ES\"><span class=\"NormalTextRun SCX146610613\">#<\/span><\/span><span class=\"TextRun SCX146610613\" lang=\"CA-ES\" xml:lang=\"CA-ES\"><span class=\"SpellingError SCX146610613\">MobilitatCCOODiBa<\/span><\/span><\/strong><\/span><\/h3>\n<p>Des de la secci\u00f3 sindical de CCOO, <span style=\"color: #0000ff\"><b>volem animar-vos a participar a la <\/b><b>Bicicletada<\/b><\/span> que organitza la Diputaci\u00f3 de Barcelona pel personal de la corporaci\u00f3 i les seves fam\u00edlies. Tindr\u00e0 lloc el dissabte 8 d&#8217;octubre i sortir\u00e0 de Can Serra a les 9:30, i finalitzar\u00e0 aproximadament a les 13:00 a l&#8217;Escola Industrial.<\/p>\n<p>Aquesta \u00e9s una bona oportunitat per gaudir dels beneficis de la bici aix\u00ed com aprendre com fer-ho amb seguretat ja que t\u00e8cnics especialitzats ens mostraran com cal circular per la ciutat.<\/p>\n<p>A m\u00e9s, des del punt de vista sindical, creiem que \u00e9s <span style=\"color: #0000ff\"><b>una bona oportunitat per <\/b><b>visibilitzar<\/b><b> la demanda del personal respecte a les millores necess\u00e0ries a la Diputaci\u00f3<\/b> <\/span>en mat\u00e8ria de l\u2019\u00fas de transports sostenibles i saludables.<\/p>\n<p>Cal inscriure&#8217;s ja que, com ens informen, les places s\u00f3n limitades:<\/p>\n<p style=\"text-align: center\"><span style=\"color: #0000ff\"><a style=\"color: #0000ff\" href=\"https:\/\/formularis.diba.cat\/intradiba\/vine-a-bicicletada-millorem-medi-ambient\"><b>Apunta-t&#8217;hi<\/b><\/a><b>!<\/b>\u00a0<\/span><\/p>\n<p>Tota la informaci\u00f3 a:<\/p>\n<p><span style=\"color: #0000ff\"><a style=\"color: #0000ff\" href=\"http:\/\/intradiba.diba.cat\/web\/millorem-el-medi-ambient\/bicicletada\"><b>http:\/\/intradiba.diba.cat\/web\/millorem-el-medi-ambient\/bicicletada<\/b><\/a><\/span><\/p>\n<p><span style=\"color: #008000\"><b>GRUP DE TREBALL INTERN MOBILITAT CCOO<\/b><\/span><\/p>\n<p>Aprofitem per recordar-vos que aviat constituirem el nostre <strong>grup de treball intern de CCOO DIBa sobre Mobilitat.<\/strong> Un espai on debatrem i treballarem els temes i reivindicacions per posteriorment portar-los a la Taula de Mobilitat. Si encara no ho has fet, apunta-t\u2019hi!:<\/p>\n<p><span style=\"color: #0000ff\"><a style=\"color: #0000ff\" href=\"mailto:ccoo@diba.cat\">ccoo@diba.cat<\/a><\/span><\/p>\n<p>Totes les nostres propostes sobre Mobilitat comprenen<strong> l&#8217;abans, durant i <\/strong><b>despr\u00e9s\u00a0<\/b>de la j ornada laboral:<\/p>\n<p style=\"text-align: center\"><span style=\"color: #0000ff\"><a style=\"color: #0000ff\" href=\"https:\/\/docs.google.com\/a\/sindicat.ccoo.cat\/viewer?a=v&amp;pid=sites&amp;srcid=Y2Nvby5jYXR8ZnNjX2RpcHV0X2JhcmNlbG9uYXxneDozOTBhYjMyYzRkN2E5NGMw\">https:\/\/docs.google.com\/a\/sindicat.ccoo.cat\/viewer?a=v&amp;pid=sites&amp;srcid=Y2Nvby5jYXR8ZnNjX2RpcHV0X2JhcmNlbG9uYXxneDozOTBhYjMyYzRkN2E5NGMw<\/a>\u00a0<\/span><\/p>\n<p style=\"text-align: center\"><span style=\"color: #0000ff\"><a style=\"color: #0000ff\" href=\"https:\/\/www.youtube.com\/watch?v=KyWx1zLOe_g&amp;list=PLmUHjYzX1jQCrQ9XC0pXCNMRPY_IZKK65\">https:\/\/www.youtube.com\/watch?v=KyWx1zLOe_g&amp;list=PLmUHjYzX1jQCrQ9XC0pXCNMRPY_IZKK65<\/a>\u00a0<\/span><\/p>\n<p style=\"text-align: center\"><span style=\"color: #0000ff\"><a style=\"color: #0000ff\" href=\"http:\/\/www.istas.net\/web\/subportada_2.asp\">http:\/\/www.istas.net\/web\/subportada_2.asp<\/a>\u00a0<\/span><\/p>\n<p style=\"text-align: center\">* \u00a0* \u00a0* \u00a0* \u00a0*<\/p>\n<p><img loading=\"lazy\" decoding=\"async\" class=\"alignleft wp-image-226\" src=\"http:\/\/ccoo.app\/diputacio-de-barcelona\/wp-content\/blogs.dir\/6\/files\/sites\/186\/2016\/04\/estem-decidits-acontinuar-lluitant.png\" alt=\"Estem decidits a continuar lluitant !\" width=\"213\" height=\"89\" \/><\/p>\n<p><img loading=\"lazy\" decoding=\"async\" class=\"wp-image-262 alignright\" src=\"http:\/\/ccoo.app\/diputacio-de-barcelona\/wp-content\/blogs.dir\/6\/files\/sites\/186\/2016\/04\/afiliat_ccoo_cat.gif\" alt=\"Tota la informaci\u00f3 de com afiliar-se a CCOO Catalunya i forlmulari d'alta o baxia.\" width=\"90\" height=\"80\" \/><\/p>\n<p><img loading=\"lazy\" decoding=\"async\" class=\"wp-image-227 aligncenter\" src=\"http:\/\/ccoo.app\/diputacio-de-barcelona\/wp-content\/blogs.dir\/6\/files\/sites\/186\/2016\/04\/logo-peu-300x69.png\" alt=\"logo-peu\" width=\"952\" height=\"219\" srcset=\"https:\/\/ccoo.app\/diputacio-de-barcelona\/wp-content\/blogs.dir\/6\/files\/sites\/186\/2016\/04\/logo-peu-300x69.png 300w, https:\/\/ccoo.app\/diputacio-de-barcelona\/wp-content\/blogs.dir\/6\/files\/sites\/186\/2016\/04\/logo-peu.png 557w\" sizes=\"auto, (max-width: 952px) 100vw, 952px\" \/><\/p>\n<p style=\"text-align: center\"><small><\/small><small>Formulari d&#8217;<a href=\"\/afiliat\/\">alta<\/a>, <a href=\"\/afiliat\/\">baixa <\/a>o <a href=\"\/afiliat\/\">modificaci\u00f3 <\/a>de les dades personals o<br \/>\ncontacta&#8217;ns a trav\u00e9s del tel\u00e8fon<strong> 934 022 985<\/strong> o correu: <a href=\"mailto:ccoo@diba.cat\"><strong>ccoo@diba.cat<\/strong><\/a><\/small><\/p>\n","protected":false},"excerpt":{"rendered":"<p>&nbsp; Secci\u00f3 Sindical de la Diputaci\u00f3 de Barcelona BICICLETADA BICICLETADA DISSABTE 8 D&#8217;OCTUBRE Sortida a Can Serra a les 9:30 #MobilitatCCOODiBa Des de la secci\u00f3 sindical de CCOO, volem animar-vos &#8230; <\/p>\n<p class=\"read-more-container\"><a title=\"BICICLETADA\" class=\"read-more button\" href=\"https:\/\/ccoo.app\/diputacio-de-barcelona\/bicicletada\/#more-604\" aria-label=\"Leer m\u00e1s sobre BICICLETADA\">Continuar llegint<\/a><\/p>\n","protected":false},"author":4519,"featured_media":255,"comment_status":"open","ping_status":"open","sticky":false,"template":"","format":"standard","meta":{"footnotes":""},"categories":[38,19],"tags":[],"class_list":["post-604","post","type-post","status-publish","format-standard","has-post-thumbnail","hentry","category-a-tot-el-personal","category-comunicats","generate-columns","tablet-grid-50","mobile-grid-100","grid-parent","grid-50"],"_links":{"self":[{"href":"https:\/\/ccoo.app\/diputacio-de-barcelona\/wp-json\/wp\/v2\/posts\/604","targetHints":{"allow":["GET"]}}],"collection":[{"href":"https:\/\/ccoo.app\/diputacio-de-barcelona\/wp-json\/wp\/v2\/posts"}],"about":[{"href":"https:\/\/ccoo.app\/diputacio-de-barcelona\/wp-json\/wp\/v2\/types\/post"}],"author":[{"embeddable":true,"href":"https:\/\/ccoo.app\/diputacio-de-barcelona\/wp-json\/wp\/v2\/users\/4519"}],"replies":[{"embeddable":true,"href":"https:\/\/ccoo.app\/diputacio-de-barcelona\/wp-json\/wp\/v2\/comments?post=604"}],"version-history":[{"count":1,"href":"https:\/\/ccoo.app\/diputacio-de-barcelona\/wp-json\/wp\/v2\/posts\/604\/revisions"}],"predecessor-version":[{"id":52265,"href":"https:\/\/ccoo.app\/diputacio-de-barcelona\/wp-json\/wp\/v2\/posts\/604\/revisions\/52265"}],"wp:featuredmedia":[{"embeddable":true,"href":"https:\/\/ccoo.app\/diputacio-de-barcelona\/wp-json\/wp\/v2\/media\/255"}],"wp:attachment":[{"href":"https:\/\/ccoo.app\/diputacio-de-barcelona\/wp-json\/wp\/v2\/media?parent=604"}],"wp:term":[{"taxonomy":"category","embeddable":true,"href":"https:\/\/ccoo.app\/diputacio-de-barcelona\/wp-json\/wp\/v2\/categories?post=604"},{"taxonomy":"post_tag","embeddable":true,"href":"https:\/\/ccoo.app\/diputacio-de-barcelona\/wp-json\/wp\/v2\/tags?post=604"}],"curies":[{"name":"wp","href":"https:\/\/api.w.org\/{rel}","templated":true}]}}