{"id":598,"date":"2016-03-29T11:15:04","date_gmt":"2016-03-29T10:15:04","guid":{"rendered":"https:\/\/diba.ccoo.cat\/?p=598"},"modified":"2016-03-29T11:15:04","modified_gmt":"2016-03-29T10:15:04","slug":"pla-de-formacio-ccoo-acm-fmc-i-ugt","status":"publish","type":"post","link":"https:\/\/ccoo.app\/diputacio-de-barcelona\/pla-de-formacio-ccoo-acm-fmc-i-ugt\/","title":{"rendered":"PLA DE FORMACI\u00d3 CCOO, ACM, FMC I UGT"},"content":{"rendered":"<p>&nbsp;<\/p>\n<p><img loading=\"lazy\" decoding=\"async\" class=\"wp-image-189\" title=\"Secci\u00f3 Sindical de la Diutaci\u00f3 de Barcelona de la Federaci\u00f3 Sindical de Catalunya\" src=\"http:\/\/ccoo.app\/diputacio-de-barcelona\/wp-content\/blogs.dir\/6\/files\/sites\/186\/2015\/12\/ccoo-fsc-cat.png\" alt=\"Secci\u00f3 Sindical de la Diputaci\u00f3 de Barcelona de la Federaci\u00f3 Sindical de Catalunya\" width=\"469\" height=\"90\" \/><\/p>\n<p class=\"wp-caption-text\">Secci\u00f3 Sindical de la Diputaci\u00f3 de Barcelona<\/p>\n<h3 style=\"text-align: center\"><\/h3>\n<h3 style=\"text-align: center\"><span style=\"color: #ff0000\">PLA DE FORMACI\u00d3 CCOO ACM FMC I UGT<\/span><\/h3>\n<p>Per primera vegada, l&#8217;<b>ACM<\/b><b>,<\/b> CCOO, l&#8217;<b>FMC<\/b> i la<b> UGT<\/b> ha acordat oferir conjuntament un pla de formaci\u00f3 per a tots i totes les treballadores de l&#8217;Administraci\u00f3 local, coordinat per l&#8217;EAPC i <b>finan\u00e7at amb fons de formaci\u00f3 per a l&#8217;ocupaci\u00f3 p\u00fablica.\u00a0<\/b><\/p>\n<p style=\"text-align: justify\">El pla cont\u00e9 33 cursos i d\u00f3na prioritat a la formaci\u00f3 a dist\u00e0ncia o descentralitzada, aix\u00ed com a les novetats legislatives com s\u00f3n:<\/p>\n<ul style=\"text-align: justify\">\n<li>La Llei 39\/2015, del procediment administratiu com\u00fa.<\/li>\n<li>La Llei de transpar\u00e8ncia.<\/li>\n<li>La Llei 16\/2015, de simplificaci\u00f3 administrativa.<\/li>\n<\/ul>\n<p style=\"text-align: justify\"><b>Relaci\u00f3 de cursos e inscripcions:\u00a0<\/b><\/p>\n<p style=\"text-align: justify\"><a href=\"http:\/\/eapc.gencat.cat\/ca\/Formacio\/fons-afedap\">http:\/\/eapc.gencat.cat\/ca\/Formacio\/fons-afedap<\/a><\/p>\n<p style=\"text-align: center\">* \u00a0* \u00a0* \u00a0* \u00a0*<\/p>\n<p><img loading=\"lazy\" decoding=\"async\" class=\"alignleft wp-image-226\" src=\"http:\/\/ccoo.app\/diputacio-de-barcelona\/wp-content\/blogs.dir\/6\/files\/sites\/186\/2016\/04\/estem-decidits-acontinuar-lluitant.png\" alt=\"Estem decidits a continuar lluitant !\" width=\"213\" height=\"89\" \/><\/p>\n<p><img loading=\"lazy\" decoding=\"async\" class=\"wp-image-262 alignright\" src=\"http:\/\/ccoo.app\/diputacio-de-barcelona\/wp-content\/blogs.dir\/6\/files\/sites\/186\/2016\/04\/afiliat_ccoo_cat.gif\" alt=\"Tota la informaci\u00f3 de com afiliar-se a CCOO Catalunya i forlmulari d'alta o baxia.\" width=\"90\" height=\"80\" \/><\/p>\n<p><img loading=\"lazy\" decoding=\"async\" class=\"wp-image-227 aligncenter\" src=\"http:\/\/ccoo.app\/diputacio-de-barcelona\/wp-content\/blogs.dir\/6\/files\/sites\/186\/2016\/04\/logo-peu-300x69.png\" alt=\"logo-peu\" width=\"952\" height=\"219\" srcset=\"https:\/\/ccoo.app\/diputacio-de-barcelona\/wp-content\/blogs.dir\/6\/files\/sites\/186\/2016\/04\/logo-peu-300x69.png 300w, https:\/\/ccoo.app\/diputacio-de-barcelona\/wp-content\/blogs.dir\/6\/files\/sites\/186\/2016\/04\/logo-peu.png 557w\" sizes=\"auto, (max-width: 952px) 100vw, 952px\" \/><\/p>\n<p style=\"text-align: center\"><small><\/small><small>Formulari d&#8217;<a href=\"\/afiliat\/\">alta<\/a>, <a href=\"\/afiliat\/\">baixa <\/a>o <a href=\"\/afiliat\/\">modificaci\u00f3 <\/a>de les dades personals o<br \/>\ncontacta&#8217;ns a trav\u00e9s del tel\u00e8fon<strong> 934 022 985<\/strong> o correu: <a href=\"mailto:ccoo@diba.cat\"><strong>ccoo@diba.cat<\/strong><\/a><\/small><\/p>\n","protected":false},"excerpt":{"rendered":"<p>&nbsp; Secci\u00f3 Sindical de la Diputaci\u00f3 de Barcelona PLA DE FORMACI\u00d3 CCOO ACM FMC I UGT Per primera vegada, l&#8217;ACM, CCOO, l&#8217;FMC i la UGT ha acordat oferir conjuntament un &#8230; <\/p>\n<p class=\"read-more-container\"><a title=\"PLA DE FORMACI\u00d3 CCOO, ACM, FMC I UGT\" class=\"read-more button\" href=\"https:\/\/ccoo.app\/diputacio-de-barcelona\/pla-de-formacio-ccoo-acm-fmc-i-ugt\/#more-598\" aria-label=\"Leer m\u00e1s sobre PLA DE FORMACI\u00d3 CCOO, ACM, FMC I UGT\">Continuar llegint<\/a><\/p>\n","protected":false},"author":4519,"featured_media":255,"comment_status":"open","ping_status":"open","sticky":false,"template":"","format":"standard","meta":{"footnotes":""},"categories":[38,16,19,20,33],"tags":[],"class_list":["post-598","post","type-post","status-publish","format-standard","has-post-thumbnail","hentry","category-a-tot-el-personal","category-carrera-professional","category-comunicats","category-cursos","category-propostes-sindicals","generate-columns","tablet-grid-50","mobile-grid-100","grid-parent","grid-50"],"_links":{"self":[{"href":"https:\/\/ccoo.app\/diputacio-de-barcelona\/wp-json\/wp\/v2\/posts\/598","targetHints":{"allow":["GET"]}}],"collection":[{"href":"https:\/\/ccoo.app\/diputacio-de-barcelona\/wp-json\/wp\/v2\/posts"}],"about":[{"href":"https:\/\/ccoo.app\/diputacio-de-barcelona\/wp-json\/wp\/v2\/types\/post"}],"author":[{"embeddable":true,"href":"https:\/\/ccoo.app\/diputacio-de-barcelona\/wp-json\/wp\/v2\/users\/4519"}],"replies":[{"embeddable":true,"href":"https:\/\/ccoo.app\/diputacio-de-barcelona\/wp-json\/wp\/v2\/comments?post=598"}],"version-history":[{"count":0,"href":"https:\/\/ccoo.app\/diputacio-de-barcelona\/wp-json\/wp\/v2\/posts\/598\/revisions"}],"wp:featuredmedia":[{"embeddable":true,"href":"https:\/\/ccoo.app\/diputacio-de-barcelona\/wp-json\/wp\/v2\/media\/255"}],"wp:attachment":[{"href":"https:\/\/ccoo.app\/diputacio-de-barcelona\/wp-json\/wp\/v2\/media?parent=598"}],"wp:term":[{"taxonomy":"category","embeddable":true,"href":"https:\/\/ccoo.app\/diputacio-de-barcelona\/wp-json\/wp\/v2\/categories?post=598"},{"taxonomy":"post_tag","embeddable":true,"href":"https:\/\/ccoo.app\/diputacio-de-barcelona\/wp-json\/wp\/v2\/tags?post=598"}],"curies":[{"name":"wp","href":"https:\/\/api.w.org\/{rel}","templated":true}]}}