{"id":5856,"date":"2020-05-14T08:58:27","date_gmt":"2020-05-14T07:58:27","guid":{"rendered":"https:\/\/diba.ccoo.cat\/?p=5856"},"modified":"2023-02-22T18:39:32","modified_gmt":"2023-02-22T17:39:32","slug":"quan-tornare-a-la-feina-2-2","status":"publish","type":"post","link":"https:\/\/ccoo.app\/diputacio-de-barcelona\/quan-tornare-a-la-feina-2-2\/","title":{"rendered":"74\/COVID-19. JA TENIM ACORD SOBRE EL PROTOCOL!"},"content":{"rendered":"<p class=\"wp-caption-text\"><a href=\"https:\/\/www.diba.cat\/documents\/316294696\/316319110\/ProtocolRepresaActivitatsDiputacioBarcelonaCOVID19_vMGNmc14_05_2020\/6d16b79a-e403-4480-b68e-ac3b81b2e6e1\"><img loading=\"lazy\" decoding=\"async\" class=\"alignnone wp-image-5366\" src=\"http:\/\/ccoo.app\/diputacio-de-barcelona\/wp-content\/blogs.dir\/6\/files\/sites\/186\/2020\/04\/documentacio-adjunta-300x296.png\" alt=\"\" width=\"83\" height=\"82\" srcset=\"https:\/\/ccoo.app\/diputacio-de-barcelona\/wp-content\/blogs.dir\/6\/files\/sites\/186\/2020\/04\/documentacio-adjunta-300x296.png 300w, https:\/\/ccoo.app\/diputacio-de-barcelona\/wp-content\/blogs.dir\/6\/files\/sites\/186\/2020\/04\/documentacio-adjunta-150x150.png 150w, https:\/\/ccoo.app\/diputacio-de-barcelona\/wp-content\/blogs.dir\/6\/files\/sites\/186\/2020\/04\/documentacio-adjunta.png 667w\" sizes=\"auto, (max-width: 83px) 100vw, 83px\" \/><\/a><a href=\"https:\/\/diba.ccoo.cat\/\"><img loading=\"lazy\" decoding=\"async\" class=\"wp-image-1853 alignleft\" src=\"http:\/\/ccoo.app\/diputacio-de-barcelona\/wp-content\/blogs.dir\/6\/files\/sites\/186\/2018\/01\/logoccoov18.jpg\" alt=\"\" width=\"137\" height=\"63\" \/><\/a><\/p>\n<p>&nbsp;<\/p>\n<p style=\"text-align: center\"><span style=\"font-family: 'arial black', sans-serif;color: #0000ff;font-size: 20px\">JA TENIM ACORD SOBRE EL PROTOCOL PER L\u2019ESTABLIMENT DE CRITERIS I MESURES ORGANITZATIVES, DE PREVENCI\u00d3 I DE PROTECCI\u00d3 PER A LA REPRESA DE LES ACTIVITATS DE LA DIPUTACI\u00d3 DE BARCELONA<\/span><\/p>\n<p style=\"text-align: center\"><span style=\"font-family: 'arial black', sans-serif;color: #000000\">REACTIVACI\u00d3 DE L\u2019ACTIVITAT AMB LES M\u00c0XIMES GARANTIES DE PROTECCI\u00d3\u00a0<\/span><\/p>\n<p style=\"text-align: center\"><span style=\"font-family: 'arial black', sans-serif;color: #000000;background-color: #ffffff\"><strong>REGULACI\u00d3 TEMPORAL DE LA MODALITAT DE TREBALL<\/strong><strong> NO PRESENCIAL<\/strong><\/span><\/p>\n<p style=\"text-align: center\"><span style=\"font-family: arial, helvetica, sans-serif;color: #000000\">-14 de maig de 2020-<\/span><\/p>\n<p>&nbsp;<\/p>\n<p style=\"text-align: justify\"><span style=\"font-family: arial, helvetica, sans-serif;color: #000000\">El protocol que s\u2019acaba de signar ha de garantir, d\u2019una banda, que la Diputaci\u00f3 de Barcelona doni continu\u00eftat a les seves activitats i a la prestaci\u00f3 dels serveis als ajuntaments, i d\u2019una altra, minimitzar els riscos de contagi del seu personal per la COVID-19.<\/span><\/p>\n<p style=\"text-align: justify\"><span style=\"font-family: arial, helvetica, sans-serif;color: #000000\">La seva vig\u00e8ncia ser\u00e0 des del dia 28 de maig (aprovaci\u00f3 del ple corporatiu) fins el 14 de setembre de 2020. Llavors, s\u2019haur\u00e0 de valorar i acordar, si fos el cas, les mesures que resultin necess\u00e0ries fins a 31 de desembre de 2020.<\/span><\/p>\n<p style=\"text-align: justify\"><span style=\"font-family: arial, helvetica, sans-serif;color: #000000;background-color: #ffff00\"><span style=\"text-decoration: underline\"><span style=\"font-family: 'arial black', sans-serif\">MOLT IMPORTANT:<\/span><\/span> la reincorporaci\u00f3 efectiva del personal als llocs de treball presencials requereix que, <strong><u>amb car\u00e0cter previ<\/u>, s\u2019hagin <u>adoptat les mesures de seguretat i salut en mat\u00e8ria de prevenci\u00f3<\/u><\/strong> de riscos laborals previstes en el Protocol.<\/span><\/p>\n<p>&nbsp;<\/p>\n<p style=\"text-align: justify\"><span style=\"font-family: arial, helvetica, sans-serif;color: #000000\"><span style=\"font-family: 'arial black', sans-serif;background-color: #ffff00\">ABANS DE LA INCORPORACI\u00d3<\/span> al lloc de treball presencial, tothom haur\u00e0 d\u2019haver:<\/span><\/p>\n<ul style=\"text-align: justify\">\n<li><span style=\"font-family: arial, helvetica, sans-serif;color: #000000\">Realitzat un curs de formaci\u00f3 on-line sobre les instruccions d\u2019acc\u00e9s als llocs de treball, mesures preventives de la COVID-19, i sobre l\u2019\u00fas dels equips de protecci\u00f3 individual.<\/span><\/li>\n<li><span style=\"font-family: arial, helvetica, sans-serif;color: #000000\">Rebut notificaci\u00f3 (com a m\u00ednim 24 hores abans) respecte la seva reincorporaci\u00f3.<\/span><\/li>\n<\/ul>\n<p style=\"text-align: justify\"><img loading=\"lazy\" decoding=\"async\" class=\"wp-image-2968 aligncenter\" src=\"http:\/\/ccoo.app\/diputacio-de-barcelona\/wp-content\/blogs.dir\/6\/files\/sites\/186\/2018\/11\/familia-kiuc-620x349abc-300x169.jpg\" alt=\"\" width=\"201\" height=\"113\" srcset=\"https:\/\/ccoo.app\/diputacio-de-barcelona\/wp-content\/blogs.dir\/6\/files\/sites\/186\/2018\/11\/familia-kiuc-620x349abc-300x169.jpg 300w, https:\/\/ccoo.app\/diputacio-de-barcelona\/wp-content\/blogs.dir\/6\/files\/sites\/186\/2018\/11\/familia-kiuc-620x349abc.jpg 620w\" sizes=\"auto, (max-width: 201px) 100vw, 201px\" \/><\/p>\n<p style=\"text-align: justify\"><span style=\"font-family: 'arial black', sans-serif;color: #000000;background-color: #ffff00\">MESURES DE PROTECCI\u00d3 I CONCILIACI\u00d3:<\/span><\/p>\n<ul style=\"text-align: justify\">\n<li><span style=\"font-family: arial, helvetica, sans-serif;color: #000000\">Qui formi part dels <strong>grups de risc<\/strong> i\/o sigui <strong>majors de 60<\/strong> anys (cliqueu <a href=\"https:\/\/diba.ccoo.cat\/grup-de-risc-pel-covid-19-2\/\"><span style=\"font-family: 'arial black', sans-serif;color: #0000ff\">aqu\u00ed<\/span><\/a>):<\/span>\n<ul style=\"text-align: justify\">\n<li><span style=\"font-family: arial, helvetica, sans-serif;color: #000000\">Si les funcions del lloc de treball que desenvolupen no s\u00f3n compatibles amb la modalitat no presencial de treball, es concedir\u00e0 el perm\u00eds regulat a l\u2019article 48 j) EBEP<\/span><\/li>\n<\/ul>\n<\/li>\n<\/ul>\n<p>&nbsp;<\/p>\n<ul style=\"text-align: justify\">\n<li><span style=\"font-family: arial, helvetica, sans-serif;color: #000000\"><span style=\"font-family: arial, helvetica, sans-serif;color: #000000\">Qui tingui <strong>fills menors d\u2019edat, gent gran o persones amb discapacitat a c\u00e0rrec <\/strong>(cliqueu <a href=\"https:\/\/diba.ccoo.cat\/permis-retribuit-excepcional-per-conciliacio-48\/\"><span style=\"color: #0000ff;font-family: 'arial black', sans-serif\">aqu\u00ed<\/span><\/a>):<\/span><\/span>\n<ul style=\"text-align: justify\">\n<li style=\"text-align: justify\"><span style=\"color: #000000;font-family: arial, helvetica, sans-serif\">Si les funcions del lloc de treball que desenvolupem no s\u00f3n compatibles amb la modalitat no presencial de treball, es concedir\u00e0 el perm\u00eds regulat a l\u2019article 48 j) EBEP<\/span><\/li>\n<\/ul>\n<ul style=\"text-align: justify\">\n<li><span style=\"font-family: arial, helvetica, sans-serif;color: #000000\">S\u2019ha aconseguit que s\u2019obri aquesta possibilitat tamb\u00e9 al personal que ocupen llocs de treball declarats essencials i que acreditin unes circumst\u00e0ncies excepcionals.<\/span><\/li>\n<\/ul>\n<\/li>\n<\/ul>\n<p><img loading=\"lazy\" decoding=\"async\" class=\"wp-image-5857 aligncenter\" src=\"http:\/\/ccoo.app\/diputacio-de-barcelona\/wp-content\/blogs.dir\/6\/files\/sites\/186\/2020\/05\/metro-300x191.png\" alt=\"\" width=\"200\" height=\"127\" srcset=\"https:\/\/ccoo.app\/diputacio-de-barcelona\/wp-content\/blogs.dir\/6\/files\/sites\/186\/2020\/05\/metro-300x191.png 300w, https:\/\/ccoo.app\/diputacio-de-barcelona\/wp-content\/blogs.dir\/6\/files\/sites\/186\/2020\/05\/metro.png 666w\" sizes=\"auto, (max-width: 200px) 100vw, 200px\" \/><\/p>\n<p style=\"text-align: justify\"><span style=\"font-family: arial, helvetica, sans-serif;color: #000000\">Pel que fa al treball presencial, <span style=\"font-family: 'arial black', sans-serif;background-color: #ffff00\">S&#8217;INCLOUEN MESURES EXCEPCIONALS<\/span> que han de permetre a totes les direccions, ger\u00e8ncies, gabinets, serveis i oficines de la corporaci\u00f3 organitzar l\u2019activitat introduint:<\/span><\/p>\n<ul style=\"text-align: justify\">\n<li><span style=\"font-family: arial, helvetica, sans-serif;color: #000000\">La <strong>flexibilitzaci\u00f3 dels horaris d\u2019entrada i sortida<\/strong> del seu personal adscrit (per evitar les hores punta del transport p\u00fablic i evitar aglomeracions a les entrades als centres de treball i vestuaris).<\/span><\/li>\n<li><span style=\"font-family: arial, helvetica, sans-serif;color: #000000\">Amb el mateix objectiu que el punt anterior: <strong>pres\u00e8ncia f\u00edsica m\u00ednima obligat\u00f2ria<\/strong> de 4 hores i 30 minuts di\u00e0ria (pres\u00e8ncia m\u00e0xima di\u00e0ria de 7,5 hores per a jornades de treball com l\u2019<em>Ampliat Partit, Plena Dedicaci\u00f3,<\/em> etc).<\/span><\/li>\n<li><span style=\"font-family: arial, helvetica, sans-serif;color: #000000\"><strong>Divisi\u00f3 dels equips de treball en 2 torns<\/strong> i en quadrants de treball mensuals per a que ambd\u00f3s grups no coincideixin: torns de dilluns\/dimecres\/divendres i de dimarts\/dijous (intercanviant-se cada setmana successivament).<\/span><\/li>\n<\/ul>\n<p><img loading=\"lazy\" decoding=\"async\" class=\"wp-image-5152 aligncenter\" src=\"http:\/\/ccoo.app\/diputacio-de-barcelona\/wp-content\/blogs.dir\/6\/files\/sites\/186\/2020\/03\/fregona-300x300.jpg\" alt=\"\" width=\"148\" height=\"148\" srcset=\"https:\/\/ccoo.app\/diputacio-de-barcelona\/wp-content\/blogs.dir\/6\/files\/sites\/186\/2020\/03\/fregona-300x300.jpg 300w, https:\/\/ccoo.app\/diputacio-de-barcelona\/wp-content\/blogs.dir\/6\/files\/sites\/186\/2020\/03\/fregona-150x150.jpg 150w, https:\/\/ccoo.app\/diputacio-de-barcelona\/wp-content\/blogs.dir\/6\/files\/sites\/186\/2020\/03\/fregona.jpg 675w\" sizes=\"auto, (max-width: 148px) 100vw, 148px\" \/><\/p>\n<p style=\"text-align: justify\"><span style=\"font-family: arial, helvetica, sans-serif;color: #000000\"><span style=\"font-family: 'arial black', sans-serif;background-color: #ffff00\">NETEJA I DESINFECCI\u00d3<\/span> Abans de l\u2019inici de les activitats presencials es procedir\u00e0 a la <strong>neteja i desinfecci\u00f3 per part d\u2019una empresa especialitzada<\/strong> de tots els espais dels edificis i centres de treball corporatius. Posteriorment, <strong>s\u2019incrementar\u00e0 la freq\u00fc\u00e8ncia de neteja<\/strong>, \u00a0posant especial \u00e8mfasi a la desinfecci\u00f3 de les superf\u00edcies amb major contacte amb les mans durant la jornada laboral. Si fos necessari, i a petici\u00f3 dels sindicats, la corporaci\u00f3 refor\u00e7ar\u00e0 el nombre d\u2019empreses i\/o treballadors i treballadores contractades per a portar a terme aquesta activitat.<\/span><\/p>\n<p style=\"text-align: justify\"><span style=\"font-family: arial, helvetica, sans-serif;color: #000000\"><strong> <img loading=\"lazy\" decoding=\"async\" class=\"wp-image-5514 aligncenter\" src=\"http:\/\/ccoo.app\/diputacio-de-barcelona\/wp-content\/blogs.dir\/6\/files\/sites\/186\/2020\/04\/mamparas-300x258.png\" alt=\"\" width=\"170\" height=\"146\" srcset=\"https:\/\/ccoo.app\/diputacio-de-barcelona\/wp-content\/blogs.dir\/6\/files\/sites\/186\/2020\/04\/mamparas-300x258.png 300w, https:\/\/ccoo.app\/diputacio-de-barcelona\/wp-content\/blogs.dir\/6\/files\/sites\/186\/2020\/04\/mamparas.png 540w\" sizes=\"auto, (max-width: 170px) 100vw, 170px\" \/><\/strong><\/span><\/p>\n<p style=\"text-align: justify\"><span style=\"font-family: 'arial black', sans-serif;color: #000000;background-color: #ffff00\"><strong>DESTAQUEM ALGUNES MESURES IMPORTANTS<\/strong><\/span><\/p>\n<ul style=\"text-align: justify\">\n<li><span style=\"font-family: arial, helvetica, sans-serif;color: #000000\">Llocs de treball d\u2019<strong>atenci\u00f3 presencial al p\u00fablic: caldr\u00e0 instal\u00b7lar mampares<\/strong> (de metacrilat o similar) i senyalitzaci\u00f3 al terra per mantenir la dist\u00e0ncia amb l\u2019usuari i establir mecanismes de cita pr\u00e8via.<\/span><\/li>\n<li><span style=\"font-family: arial, helvetica, sans-serif;color: #000000\">S\u2019habilitar\u00e0 sistemes per a <strong>mesurar la temperatura corporal<\/strong> en els diferents accessos a edificis corporatius.<\/span><\/li>\n<li><span style=\"font-family: arial, helvetica, sans-serif;color: #000000\">S\u2019haur\u00e0 de garantir una <strong>dist\u00e0ncia m\u00ednima de dos metres<\/strong> entre dues estacions de treball o, si no fos possible, instal\u00b7lar mampares de separaci\u00f3 entre llocs de treball.<\/span><\/li>\n<li><span style=\"font-family: arial, helvetica, sans-serif;color: #000000\">Es <strong>limitar\u00e0 l\u2019acc\u00e9s<\/strong> de personal extern a la Diputaci\u00f3 i els despla\u00e7aments dels empleats i empleades entre centres de treball.<\/span><\/li>\n<li><span style=\"font-family: arial, helvetica, sans-serif;color: #000000\">El <strong>sistema de fitxatge<\/strong> es far\u00e0 \u00fanicament per proximitat de la tarja de fitxar al lector, sense que calgui pr\u00e9mer cap bot\u00f3.<\/span><\/li>\n<li><span style=\"font-family: arial, helvetica, sans-serif;color: #000000\">Es garantir\u00e0 la <strong>ventilaci\u00f3<\/strong> adequada dels locals, natural o general for\u00e7ada.<\/span><\/li>\n<\/ul>\n<p><img loading=\"lazy\" decoding=\"async\" class=\"wp-image-5549 aligncenter\" src=\"http:\/\/ccoo.app\/diputacio-de-barcelona\/wp-content\/blogs.dir\/6\/files\/sites\/186\/2020\/04\/foto-covid.png\" alt=\"\" width=\"191\" height=\"143\" \/><\/p>\n<p style=\"text-align: justify\"><span style=\"font-family: arial, helvetica, sans-serif;color: #000000\"><span style=\"font-family: 'arial black', sans-serif;background-color: #ffff00\">MATERIAL DE PROTECCI\u00d3 I SENYALITZACI\u00d3 <\/span>Abans de la reincorporaci\u00f3 presencial hauran d\u2019estar garantides les necessitats pel que fa al <strong>material de protecci\u00f3<\/strong>: mascaretes, guants, \u00a0solucions hidroalcoh\u00f2liques, tovalloles d\u2019un s\u00f2l \u00fas, papereres que no requereixin d\u2019accionament manual, entre d\u2019altres. Els <strong>vehicles corporatius<\/strong> (cotxes, furgonetes, bibliobusos, tractors, etc.) tamb\u00e9 hauran de disposar de productes desinfectants i guants per fer-ne \u00fas.<\/span><\/p>\n<p style=\"text-align: justify\"><span style=\"font-family: arial, helvetica, sans-serif;color: #000000\">Als centres de treball, s\u2019haur\u00e0 d\u2019haver instal\u00b7lat <strong>senyalitzaci\u00f3 i cartelleria<\/strong> relacionada amb les mesures prevenci\u00f3 a adoptar.<\/span><\/p>\n<p><img loading=\"lazy\" decoding=\"async\" class=\"wp-image-5858 aligncenter\" src=\"http:\/\/ccoo.app\/diputacio-de-barcelona\/wp-content\/blogs.dir\/6\/files\/sites\/186\/2020\/05\/xbm-300x225.jpg\" alt=\"\" width=\"180\" height=\"135\" srcset=\"https:\/\/ccoo.app\/diputacio-de-barcelona\/wp-content\/blogs.dir\/6\/files\/sites\/186\/2020\/05\/xbm-300x225.jpg 300w, https:\/\/ccoo.app\/diputacio-de-barcelona\/wp-content\/blogs.dir\/6\/files\/sites\/186\/2020\/05\/xbm-768x576.jpg 768w, https:\/\/ccoo.app\/diputacio-de-barcelona\/wp-content\/blogs.dir\/6\/files\/sites\/186\/2020\/05\/xbm.jpg 1024w\" sizes=\"auto, (max-width: 180px) 100vw, 180px\" \/><\/p>\n<p style=\"text-align: justify\"><span style=\"font-family: arial, helvetica, sans-serif;color: #000000\"><span style=\"font-family: 'arial black', sans-serif;background-color: #ffff00\">CAE<\/span> Mitjan\u00e7ant els mecanismes de Coordinaci\u00f3 d\u2019Activitats Empresarial s\u2019haur\u00e0 de garantir als empleats i empleades de la Diputaci\u00f3 de Barcelona que treballen en edificis que no s\u00f3n propietat de la Diputaci\u00f3 (XBM, ORGT o d\u2019altres) les mesures de seguretat assenyalades al protocol.<\/span><\/p>\n<p style=\"text-align: justify\"><span style=\"font-family: arial, helvetica, sans-serif;color: #000000\"><strong> <img loading=\"lazy\" decoding=\"async\" class=\"wp-image-5662 aligncenter\" src=\"http:\/\/ccoo.app\/diputacio-de-barcelona\/wp-content\/blogs.dir\/6\/files\/sites\/186\/2020\/04\/productivitat-mensual-300x175.jpg\" alt=\"\" width=\"177\" height=\"103\" srcset=\"https:\/\/ccoo.app\/diputacio-de-barcelona\/wp-content\/blogs.dir\/6\/files\/sites\/186\/2020\/04\/productivitat-mensual-300x175.jpg 300w, https:\/\/ccoo.app\/diputacio-de-barcelona\/wp-content\/blogs.dir\/6\/files\/sites\/186\/2020\/04\/productivitat-mensual-768x449.jpg 768w, https:\/\/ccoo.app\/diputacio-de-barcelona\/wp-content\/blogs.dir\/6\/files\/sites\/186\/2020\/04\/productivitat-mensual.jpg 960w\" sizes=\"auto, (max-width: 177px) 100vw, 177px\" \/><\/strong><\/span><\/p>\n<p style=\"text-align: justify\"><span style=\"font-family: 'arial black', sans-serif;color: #000000;background-color: #ffff00\"><strong>REGULACI\u00d3 EXCEPCIONAL I TEMPORAL DE LA MODALITAT DE TREBALL<\/strong><strong> NO PRESENCIAL <\/strong><\/span><\/p>\n<ul style=\"text-align: justify\">\n<li><span style=\"font-family: arial, helvetica, sans-serif;color: #000000\">S\u2019establir\u00e0 per l\u2019espai personal un sistema de <strong>control remot<\/strong> de la jornada de treball<\/span><\/li>\n<li><span style=\"font-family: arial, helvetica, sans-serif;color: #000000\">Es garanteix el <strong>dret a la desconnexi\u00f3 digital fora de l\u2019horari<\/strong> de treball assignat (article 88 de la Llei org\u00e0nica 3\/2008)<\/span><\/li>\n<li><span style=\"font-family: arial, helvetica, sans-serif;color: #000000\"><strong>Concreci\u00f3 de les tasques<\/strong> encomanades i <strong>pla de treball<\/strong> validat per correu electr\u00f2nic<\/span><\/li>\n<li><span style=\"font-family: arial, helvetica, sans-serif;color: #000000\">S\u2019estableix la <strong>jornada intensiva d\u2019estiu<\/strong> a partir del dia 25 de maig i fins a 30 de setembre (tamb\u00e9 per a tot el personal presencial no subjecte a torns)<\/span><\/li>\n<li><span style=\"font-family: arial, helvetica, sans-serif;color: #000000\">Dret a l\u2019<strong>adaptaci\u00f3 de l\u2019horari per poder conciliar<\/strong> la vida personal i professional<\/span><\/li>\n<li><span style=\"font-family: arial, helvetica, sans-serif;color: #000000\">Possibilitat de fer \u00fas de l\u2019<strong>equipament ergon\u00f2mic<\/strong> de les oficines corporatives: cadires i reposapeus<\/span><\/li>\n<li><span style=\"font-family: arial, helvetica, sans-serif;color: #000000\"> <strong>Equips i eines necessaris<\/strong>: s\u2019estima que la corporaci\u00f3 hauria de garantir la disponibilitat de dispositius port\u00e0tils al 60% del personal. A m\u00e9s de l\u2019alternativa de disposar dels equips corporatius (pc, lector targetes&#8230;)<\/span><\/li>\n<li><span style=\"font-family: arial, helvetica, sans-serif;color: #000000\">S\u2019establir\u00e0 les mesures necess\u00e0ries per mantenir la <strong>seguretat i protecci\u00f3 dels equips inform\u00e0tics i de les dades<\/strong><\/span><\/li>\n<li><span style=\"font-family: arial, helvetica, sans-serif;color: #000000\"><strong>Formaci\u00f3<\/strong> b\u00e0sica centrada en els equips t\u00e8cnics i programari per a desenvolupar les tasques a dist\u00e0ncia<\/span><\/li>\n<li><span style=\"font-family: arial, helvetica, sans-serif;color: #000000\">Mesures de prevenci\u00f3 de <strong>riscos psicosocials<\/strong><\/span><\/li>\n<li><span style=\"font-family: arial, helvetica, sans-serif;color: #000000\">Queda pendent tractar el tema de les <strong>compensacions<\/strong> per les despeses ocasionades (llum, internet, ordinadors, etc)<\/span><\/li>\n<\/ul>\n<p><img loading=\"lazy\" decoding=\"async\" class=\"wp-image-2961 aligncenter\" src=\"http:\/\/ccoo.app\/diputacio-de-barcelona\/wp-content\/blogs.dir\/6\/files\/sites\/186\/2018\/11\/acuerdo-300x300.png\" alt=\"\" width=\"172\" height=\"172\" srcset=\"https:\/\/ccoo.app\/diputacio-de-barcelona\/wp-content\/blogs.dir\/6\/files\/sites\/186\/2018\/11\/acuerdo-300x300.png 300w, https:\/\/ccoo.app\/diputacio-de-barcelona\/wp-content\/blogs.dir\/6\/files\/sites\/186\/2018\/11\/acuerdo-150x150.png 150w, https:\/\/ccoo.app\/diputacio-de-barcelona\/wp-content\/blogs.dir\/6\/files\/sites\/186\/2018\/11\/acuerdo.png 600w\" sizes=\"auto, (max-width: 172px) 100vw, 172px\" \/><\/p>\n<p style=\"text-align: justify\"><span style=\"font-family: arial, helvetica, sans-serif;color: #000000\"><span style=\"font-family: 'arial black', sans-serif;background-color: #ffff00\"><strong>VALORACI\u00d3 DEL PROTOCOL<\/strong><\/span> S\u2019ha de donar valor a l\u2019intens treball que ha suposat, tant per part dels sindicats com de la DSRH, arribar a un document final que <strong><u>considerem ser\u00e0 una eina molt important per a garantir la salut del personal.<\/u><\/strong> Per la nostra part, ens congratulem d\u2019haver pogut incorporar moltes mesures que ja vam enviar en forma de proposta a la DSRH el 15 d\u2019abril (cliqueu\u00a0<span style=\"color: #0000ff;font-family: 'arial black', sans-serif\"><a style=\"color: #0000ff\" href=\"https:\/\/diba.ccoo.cat\/reunio-telematica\/\">aqu\u00ed<\/a><\/span>).<\/span><\/p>\n<p style=\"text-align: justify\"><span style=\"font-family: arial, helvetica, sans-serif;color: #000000\">Ara toca que <strong><u>tothom compleixi la seva part de responsabilitat individual i col\u00b7lectiva<\/u>.<\/strong> Aix\u00ed doncs, apel\u00b7lem a les direccions, ger\u00e8ncies, als comandaments, en definitiva als responsables per a que siguin diligents en la implementaci\u00f3 de les mesures contingudes al protocol.<\/span><\/p>\n<p style=\"text-align: justify\"><span style=\"font-family: arial, helvetica, sans-serif;color: #000000\">Per\u00f2 tamb\u00e9 a nivell individual, <strong>tothom ha de fer un esfor\u00e7 en seguir les indicacions i pautes<\/strong> que se\u2019ns indiquin. Ning\u00fa es pot relaxar. Ens hi juguem massa.<\/span><\/p>\n<p style=\"text-align: justify\"><span style=\"font-family: arial, helvetica, sans-serif;color: #000000\"><img loading=\"lazy\" decoding=\"async\" class=\"wp-image-3220 alignleft\" src=\"http:\/\/ccoo.app\/diputacio-de-barcelona\/wp-content\/blogs.dir\/6\/files\/sites\/186\/2018\/12\/nnnnnnnnnnnnnnno-177x300.png\" alt=\"Puny, Amb tu tenim la for\u00e7a!\" width=\"43\" height=\"72\" srcset=\"https:\/\/ccoo.app\/diputacio-de-barcelona\/wp-content\/blogs.dir\/6\/files\/sites\/186\/2018\/12\/nnnnnnnnnnnnnnno-177x300.png 177w, https:\/\/ccoo.app\/diputacio-de-barcelona\/wp-content\/blogs.dir\/6\/files\/sites\/186\/2018\/12\/nnnnnnnnnnnnnnno-604x1024.png 604w, https:\/\/ccoo.app\/diputacio-de-barcelona\/wp-content\/blogs.dir\/6\/files\/sites\/186\/2018\/12\/nnnnnnnnnnnnnnno-768x1301.png 768w, https:\/\/ccoo.app\/diputacio-de-barcelona\/wp-content\/blogs.dir\/6\/files\/sites\/186\/2018\/12\/nnnnnnnnnnnnnnno-906x1536.png 906w, https:\/\/ccoo.app\/diputacio-de-barcelona\/wp-content\/blogs.dir\/6\/files\/sites\/186\/2018\/12\/nnnnnnnnnnnnnnno.png 1169w\" sizes=\"auto, (max-width: 43px) 100vw, 43px\" \/>Heu de saber que <strong>s\u2019ha constitu\u00eft una comissi\u00f3 de seguiment de l\u2019acord<\/strong> que es reunir\u00e0 quinzenalment. A m\u00e9s, el Comit\u00e8 de Seguretat i Salut ho seguir\u00e0 fent setmanalment. Els sindicats estarem doncs atents a com es realitza la incorporaci\u00f3 gradual a l\u2019activitat presencial i aix\u00ed poder detectar possibles disfuncions.<\/span><\/p>\n<p style=\"text-align: justify\"><span style=\"font-family: arial, helvetica, sans-serif;color: #000000\">Com sempre, CCOO quedem a la vostra disposici\u00f3 en cas de problemes o incid\u00e8ncies.<\/span><\/p>\n<p>&nbsp;<\/p>\n<p><img loading=\"lazy\" decoding=\"async\" class=\"wp-image-5184 aligncenter\" src=\"http:\/\/ccoo.app\/diputacio-de-barcelona\/wp-content\/blogs.dir\/6\/files\/sites\/186\/2020\/03\/i-de-info-300x300.jpg\" alt=\"\" width=\"70\" height=\"70\" srcset=\"https:\/\/ccoo.app\/diputacio-de-barcelona\/wp-content\/blogs.dir\/6\/files\/sites\/186\/2020\/03\/i-de-info-300x300.jpg 300w, https:\/\/ccoo.app\/diputacio-de-barcelona\/wp-content\/blogs.dir\/6\/files\/sites\/186\/2020\/03\/i-de-info-150x150.jpg 150w, https:\/\/ccoo.app\/diputacio-de-barcelona\/wp-content\/blogs.dir\/6\/files\/sites\/186\/2020\/03\/i-de-info.jpg 626w\" sizes=\"auto, (max-width: 70px) 100vw, 70px\" \/><\/p>\n<p style=\"text-align: center\"><span style=\"font-family: 'arial black', sans-serif;font-size: 20px;color: #ffff00;background-color: #ff0000\">TOTA LA INFORMACI\u00d3 QUE NECESSITES<\/span><\/p>\n<p style=\"text-align: justify\"><span style=\"color: #000000;font-family: arial, helvetica, sans-serif\"><span style=\"background-color: #ffffff\">La <span style=\"font-family: 'arial black', sans-serif;background-color: #ffff00\">SECCI\u00d3 SINDICAL DE CCOO<\/span><\/span><strong> seguim treballant<\/strong> (de manera telem\u00e0tica) per poder <strong>donar resposta a tots els dubtes<\/strong> que tingueu o <strong>solucionar els problemes que es puguin generar.<\/strong><\/span><\/p>\n<p style=\"text-align: center\"><a href=\"mailto:ccoo@diba.cat\"><span style=\"color: #0000ff;font-family: 'arial black', sans-serif\"><strong>ccoo@diba.cat<\/strong><\/span><\/a><\/p>\n<p style=\"text-align: center\"><span style=\"font-family: 'arial black', sans-serif\"><a href=\"mailto:orgt.ssccoo@diba.cat\">orgt.ssccoo@diba.cat<\/a><\/span><\/p>\n<p><span style=\"font-family: arial, helvetica, sans-serif;color: #000000\">Podeu fer-nos arribar les vostres preguntes o dubtes. O si ho desitgeu, deixeu el vostre n\u00famero de tel\u00e8fon i ens posarem en contacte amb vosaltres.<\/span><\/p>\n<p><span style=\"font-family: arial, helvetica, sans-serif;color: #000000\">Tamb\u00e9 obtindreu informaci\u00f3 dia a dia a les xarxes socials: <span style=\"color: #0000ff;font-family: 'arial black', sans-serif\"><a style=\"color: #0000ff\" href=\"https:\/\/twitter.com\/CCOODiba\">Twitter<\/a><\/span> i <span style=\"font-family: 'arial black', sans-serif;color: #0000ff\"><a style=\"color: #0000ff\" href=\"https:\/\/www.facebook.com\/CcooDiputacioDeBarcelona\/\">Facebook.<\/a><\/span><\/span><\/p>\n<p style=\"text-align: justify\"><span style=\"font-family: arial, helvetica, sans-serif;color: #000000\">Recordeu que actualitzem constantment la nostra p\u00e0gina <span style=\"font-family: 'arial black', sans-serif;color: #0000ff\"><a style=\"color: #0000ff\" href=\"https:\/\/diba.ccoo.cat\/\">web<\/a><\/span><\/span><\/p>\n<p>&nbsp;<\/p>\n<p><img loading=\"lazy\" decoding=\"async\" class=\"wp-image-5130 aligncenter\" src=\"http:\/\/ccoo.app\/diputacio-de-barcelona\/wp-content\/blogs.dir\/6\/files\/sites\/186\/2020\/03\/diba-300x300.jpg\" alt=\"\" width=\"102\" height=\"102\" srcset=\"https:\/\/ccoo.app\/diputacio-de-barcelona\/wp-content\/blogs.dir\/6\/files\/sites\/186\/2020\/03\/diba-300x300.jpg 300w, https:\/\/ccoo.app\/diputacio-de-barcelona\/wp-content\/blogs.dir\/6\/files\/sites\/186\/2020\/03\/diba-150x150.jpg 150w, https:\/\/ccoo.app\/diputacio-de-barcelona\/wp-content\/blogs.dir\/6\/files\/sites\/186\/2020\/03\/diba.jpg 400w\" sizes=\"auto, (max-width: 102px) 100vw, 102px\" \/><\/p>\n<p style=\"text-align: justify\"><span style=\"color: #000000;font-family: arial, helvetica, sans-serif\"><span style=\"font-family: 'arial black', sans-serif;background-color: #ffff00\">INFORMACI\u00d3 CORPORATIVA<\/span> En termes generals \u00e9s important que:<\/span><\/p>\n<ul style=\"text-align: justify\">\n<li><span style=\"color: #000000;font-family: arial, helvetica, sans-serif\">Us mantingueu informats de les directrius i mesures que vagi adoptant la Diputaci\u00f3 de Barcelona mitjan\u00e7ant <strong>correu corporatiu<\/strong> i <strong>intradiba<\/strong> (<a href=\"https:\/\/dibaaps.diba.cat\/vus\/login.asp\"><span style=\"font-family: 'arial black', sans-serif;color: #0000ff\">cliqueu aqu\u00ed<\/span><\/a>)<\/span><\/li>\n<li><span style=\"color: #000000;font-family: arial, helvetica, sans-serif\">Estigueu pendents CONSTANTMENT de les directrius que us puguin fer arribar el vostres comandaments<\/span><\/li>\n<\/ul>\n<p><a href=\"https:\/\/diba.ccoo.cat\/suport-i-atencio-psicologica\/\"><img loading=\"lazy\" decoding=\"async\" class=\" wp-image-5762 aligncenter\" src=\"http:\/\/ccoo.app\/diputacio-de-barcelona\/wp-content\/blogs.dir\/6\/files\/sites\/186\/2020\/05\/sistema-atencio-psicologica-300x33.png\" alt=\"\" width=\"345\" height=\"38\" srcset=\"https:\/\/ccoo.app\/diputacio-de-barcelona\/wp-content\/blogs.dir\/6\/files\/sites\/186\/2020\/05\/sistema-atencio-psicologica-300x33.png 300w, https:\/\/ccoo.app\/diputacio-de-barcelona\/wp-content\/blogs.dir\/6\/files\/sites\/186\/2020\/05\/sistema-atencio-psicologica-768x84.png 768w, https:\/\/ccoo.app\/diputacio-de-barcelona\/wp-content\/blogs.dir\/6\/files\/sites\/186\/2020\/05\/sistema-atencio-psicologica.png 890w\" sizes=\"auto, (max-width: 345px) 100vw, 345px\" \/><\/a><\/p>\n<p>&nbsp;<\/p>\n<p><img loading=\"lazy\" decoding=\"async\" class=\"wp-image-5131 aligncenter\" src=\"http:\/\/ccoo.app\/diputacio-de-barcelona\/wp-content\/blogs.dir\/6\/files\/sites\/186\/2020\/03\/ccoo-catalunya-300x123.jpg\" alt=\"\" width=\"193\" height=\"79\" srcset=\"https:\/\/ccoo.app\/diputacio-de-barcelona\/wp-content\/blogs.dir\/6\/files\/sites\/186\/2020\/03\/ccoo-catalunya-300x123.jpg 300w, https:\/\/ccoo.app\/diputacio-de-barcelona\/wp-content\/blogs.dir\/6\/files\/sites\/186\/2020\/03\/ccoo-catalunya.jpg 350w\" sizes=\"auto, (max-width: 193px) 100vw, 193px\" \/><\/p>\n<p><span style=\"font-family: 'arial black', sans-serif;background-color: #ffff00;color: #000000\">TOTA LA INFORMACI\u00d3 A CCOO CATALUNYA<\/span><\/p>\n<ul>\n<li><span class=\"css-901oao css-16my406 r-1qd0xha r-ad9z0x r-bcqeeo r-qvutc0\" style=\"color: #000000\"><span style=\"font-family: arial, helvetica, sans-serif\">Preguntes freq\u00fcents sobre el Coronavirus i l&#8217;\u00e0mbit laboral:<\/span> <\/span>\u00a0<span style=\"font-family: 'arial black', sans-serif;color: #0000ff\"><a class=\"css-4rbku5 css-18t94o4 css-901oao css-16my406 r-1n1174f r-1loqt21 r-1qd0xha r-ad9z0x r-bcqeeo r-qvutc0\" style=\"color: #0000ff\" title=\"http:\/\/consultacoronavirus.ccoo.cat\" role=\"link\" href=\"https:\/\/t.co\/Xrpj3V7Bz3?amp=1\" target=\"_blank\" rel=\"noopener noreferrer\" data-focusable=\"true\"><span class=\"css-901oao css-16my406 r-1qd0xha r-hiw28u r-ad9z0x r-bcqeeo r-qvutc0\" aria-hidden=\"true\">http:\/\/<\/span>consultacoronavirus.ccoo.cat<\/a> <\/span><\/li>\n<li><span style=\"font-family: arial, helvetica, sans-serif;color: #000000\">Recull de totes les informacions ordenades sobre <\/span><strong><span style=\"font-family: arial, helvetica, sans-serif;color: #000000\">l&#8217;evoluci\u00f3 del coronavirus COVID-19 respecte del m\u00f3n del treball: <\/span><span style=\"font-family: 'arial black', sans-serif;color: #0000ff\"><a style=\"color: #0000ff\" href=\"https:\/\/www.ccoo.cat\/aspnet\/coronavirus.aspx\">https:\/\/www.ccoo.cat\/aspnet\/coronavirus.aspx<\/a><\/span><\/strong><\/li>\n<\/ul>\n<p>&nbsp;<\/p>\n<p><iframe loading=\"lazy\" title=\"Hauran de comptar amb nosaltres. Salut, treball i just\u00edcia social || 1r de maig del 2020.\" width=\"1200\" height=\"675\" src=\"https:\/\/www.youtube.com\/embed\/uS104R3aSJs?feature=oembed\" frameborder=\"0\" allow=\"accelerometer; autoplay; clipboard-write; encrypted-media; gyroscope; picture-in-picture; web-share\" allowfullscreen><\/iframe><\/p>\n<p>&nbsp;<\/p>\n<p><a href=\"https:\/\/diba.ccoo.cat\/ccoo-torna-a-ser-primer-sindicat-a-catalunya\/\"><img loading=\"lazy\" decoding=\"async\" class=\"size-medium wp-image-4877 aligncenter\" src=\"http:\/\/ccoo.app\/diputacio-de-barcelona\/wp-content\/blogs.dir\/6\/files\/sites\/186\/2020\/01\/ccoo-primer-sindicat-catalunya-300x117.jpg\" alt=\"\" width=\"300\" height=\"117\" srcset=\"https:\/\/ccoo.app\/diputacio-de-barcelona\/wp-content\/blogs.dir\/6\/files\/sites\/186\/2020\/01\/ccoo-primer-sindicat-catalunya-300x117.jpg 300w, https:\/\/ccoo.app\/diputacio-de-barcelona\/wp-content\/blogs.dir\/6\/files\/sites\/186\/2020\/01\/ccoo-primer-sindicat-catalunya.jpg 490w\" sizes=\"auto, (max-width: 300px) 100vw, 300px\" \/><\/a><\/p>\n<p><a href=\"https:\/\/www.ccoo.es\/noticia:391405\"><img loading=\"lazy\" decoding=\"async\" class=\"size-medium wp-image-4878 aligncenter\" src=\"http:\/\/ccoo.app\/diputacio-de-barcelona\/wp-content\/blogs.dir\/6\/files\/sites\/186\/2020\/01\/ccoo-primer-sindicat-a-espana-300x91.jpg\" alt=\"\" width=\"300\" height=\"91\" srcset=\"https:\/\/ccoo.app\/diputacio-de-barcelona\/wp-content\/blogs.dir\/6\/files\/sites\/186\/2020\/01\/ccoo-primer-sindicat-a-espana-300x91.jpg 300w, https:\/\/ccoo.app\/diputacio-de-barcelona\/wp-content\/blogs.dir\/6\/files\/sites\/186\/2020\/01\/ccoo-primer-sindicat-a-espana.jpg 477w\" sizes=\"auto, (max-width: 300px) 100vw, 300px\" \/><\/a><\/p>\n<p><a href=\"https:\/\/www.ccoo.cat\/noticia\/224842\/ccoo-lliura-els-seus-comptes-auditats-del-2018-a-la-sindicatura-de-comptes-de-catalunya#.XjRZA-mWycz\"><img loading=\"lazy\" decoding=\"async\" class=\"size-medium wp-image-4879 aligncenter\" src=\"http:\/\/ccoo.app\/diputacio-de-barcelona\/wp-content\/blogs.dir\/6\/files\/sites\/186\/2020\/01\/ccoo-primer-sindicat-sindicatura-300x95.jpg\" alt=\"\" width=\"300\" height=\"95\" srcset=\"https:\/\/ccoo.app\/diputacio-de-barcelona\/wp-content\/blogs.dir\/6\/files\/sites\/186\/2020\/01\/ccoo-primer-sindicat-sindicatura-300x95.jpg 300w, https:\/\/ccoo.app\/diputacio-de-barcelona\/wp-content\/blogs.dir\/6\/files\/sites\/186\/2020\/01\/ccoo-primer-sindicat-sindicatura.jpg 476w\" sizes=\"auto, (max-width: 300px) 100vw, 300px\" \/><\/a><\/p>\n<p>&nbsp;<\/p>\n<p>&nbsp;<\/p>\n<p>&nbsp;<\/p>\n<p>&nbsp;<\/p>\n<p>&nbsp;<\/p>\n<p>&nbsp;<\/p>\n<p>&nbsp;<\/p>\n<p>&nbsp;<\/p>\n<p>&nbsp;<\/p>\n<p>&nbsp;<\/p>\n<p>&nbsp;<\/p>\n<p>&nbsp;<\/p>\n<p>&nbsp;<\/p>\n<p>&nbsp;<\/p>\n<p>&nbsp;<\/p>\n<p>&nbsp;<\/p>\n<p>&nbsp;<\/p>\n<p>&nbsp;    \t<\/p>\n","protected":false},"excerpt":{"rendered":"<p>&nbsp; JA TENIM ACORD SOBRE EL PROTOCOL PER L\u2019ESTABLIMENT DE CRITERIS I MESURES ORGANITZATIVES, DE PREVENCI\u00d3 I DE PROTECCI\u00d3 PER A LA REPRESA DE LES ACTIVITATS DE LA DIPUTACI\u00d3 DE &#8230; <\/p>\n<p class=\"read-more-container\"><a title=\"74\/COVID-19. JA TENIM ACORD SOBRE EL PROTOCOL!\" class=\"read-more button\" href=\"https:\/\/ccoo.app\/diputacio-de-barcelona\/quan-tornare-a-la-feina-2-2\/#more-5856\" aria-label=\"Leer m\u00e1s sobre 74\/COVID-19. JA TENIM ACORD SOBRE EL PROTOCOL!\">Continuar llegint<\/a><\/p>\n","protected":false},"author":4519,"featured_media":2961,"comment_status":"closed","ping_status":"closed","sticky":false,"template":"","format":"standard","meta":{"footnotes":""},"categories":[19,23,30,35],"tags":[89,148,154,189,221],"class_list":["post-5856","post","type-post","status-publish","format-standard","has-post-thumbnail","hentry","category-comunicats","category-informacio-general","category-permisos","category-salut-laboral","tag-coronavirus","tag-mesa-general-negociacio","tag-mobilitat-teletreball","tag-prevencio","tag-teletreball","generate-columns","tablet-grid-50","mobile-grid-100","grid-parent","grid-50"],"_links":{"self":[{"href":"https:\/\/ccoo.app\/diputacio-de-barcelona\/wp-json\/wp\/v2\/posts\/5856","targetHints":{"allow":["GET"]}}],"collection":[{"href":"https:\/\/ccoo.app\/diputacio-de-barcelona\/wp-json\/wp\/v2\/posts"}],"about":[{"href":"https:\/\/ccoo.app\/diputacio-de-barcelona\/wp-json\/wp\/v2\/types\/post"}],"author":[{"embeddable":true,"href":"https:\/\/ccoo.app\/diputacio-de-barcelona\/wp-json\/wp\/v2\/users\/4519"}],"replies":[{"embeddable":true,"href":"https:\/\/ccoo.app\/diputacio-de-barcelona\/wp-json\/wp\/v2\/comments?post=5856"}],"version-history":[{"count":1,"href":"https:\/\/ccoo.app\/diputacio-de-barcelona\/wp-json\/wp\/v2\/posts\/5856\/revisions"}],"predecessor-version":[{"id":50966,"href":"https:\/\/ccoo.app\/diputacio-de-barcelona\/wp-json\/wp\/v2\/posts\/5856\/revisions\/50966"}],"wp:featuredmedia":[{"embeddable":true,"href":"https:\/\/ccoo.app\/diputacio-de-barcelona\/wp-json\/wp\/v2\/media\/2961"}],"wp:attachment":[{"href":"https:\/\/ccoo.app\/diputacio-de-barcelona\/wp-json\/wp\/v2\/media?parent=5856"}],"wp:term":[{"taxonomy":"category","embeddable":true,"href":"https:\/\/ccoo.app\/diputacio-de-barcelona\/wp-json\/wp\/v2\/categories?post=5856"},{"taxonomy":"post_tag","embeddable":true,"href":"https:\/\/ccoo.app\/diputacio-de-barcelona\/wp-json\/wp\/v2\/tags?post=5856"}],"curies":[{"name":"wp","href":"https:\/\/api.w.org\/{rel}","templated":true}]}}