{"id":5817,"date":"2020-05-08T18:19:19","date_gmt":"2020-05-08T17:19:19","guid":{"rendered":"https:\/\/diba.ccoo.cat\/?p=5817"},"modified":"2023-02-22T18:39:37","modified_gmt":"2023-02-22T17:39:37","slug":"css18demayo2020","status":"publish","type":"post","link":"https:\/\/ccoo.app\/diputacio-de-barcelona\/css18demayo2020\/","title":{"rendered":"71\/COVID-19. RESUM DE LA REUNI\u00d3 TELEM\u00c0TICA DEL COMIT\u00c8 DE SEGURETAT I SALUT (08\/05)"},"content":{"rendered":"<p class=\"wp-caption-text\"><a href=\"https:\/\/diba.ccoo.cat\/\"><img loading=\"lazy\" decoding=\"async\" class=\"wp-image-1853 alignleft\" src=\"http:\/\/ccoo.app\/diputacio-de-barcelona\/wp-content\/blogs.dir\/6\/files\/sites\/186\/2018\/01\/logoccoov18.jpg\" alt=\"\" width=\"137\" height=\"63\" \/><\/a><\/p>\n<p><a href=\"https:\/\/diba.ccoo.cat\/wp-content\/uploads\/sites\/37\/2020\/04\/17.04-RESUM-DE-LA-REUNI%C3%93-TELEM%C3%80TICA-DEL-COMIT%C3%88-DE-SEGURETAT-I-SALUT.pdf\"> <img loading=\"lazy\" decoding=\"async\" class=\"alignnone wp-image-5366\" src=\"http:\/\/ccoo.app\/diputacio-de-barcelona\/wp-content\/blogs.dir\/6\/files\/sites\/186\/2020\/04\/documentacio-adjunta-300x296.png\" alt=\"\" width=\"122\" height=\"120\" srcset=\"https:\/\/ccoo.app\/diputacio-de-barcelona\/wp-content\/blogs.dir\/6\/files\/sites\/186\/2020\/04\/documentacio-adjunta-300x296.png 300w, https:\/\/ccoo.app\/diputacio-de-barcelona\/wp-content\/blogs.dir\/6\/files\/sites\/186\/2020\/04\/documentacio-adjunta.png 667w\" sizes=\"auto, (max-width: 122px) 100vw, 122px\" \/><\/a><\/p>\n<p style=\"text-align: center\"><span style=\"font-family: 'arial black', sans-serif;font-size: 24px;color: #0000ff\">RESUM DE LA REUNI\u00d3 TELEM\u00c0TICA DE COMIT\u00c8 DE SEGURETAT I SALUT<\/span><\/p>\n<p style=\"text-align: center\"><span style=\"font-family: arial, helvetica, sans-serif;color: #000000\">-18 de maig de 2020-<\/span><\/p>\n<p style=\"text-align: justify\"><span style=\"font-family: arial, helvetica, sans-serif;color: #000000\">El dia 7 d\u2019abril <strong>(<\/strong><span style=\"font-family: 'arial black', sans-serif;color: #0000ff\"><a style=\"color: #0000ff\" href=\"https:\/\/diba.ccoo.cat\/peticio-de-reunio-del-comite-de-seguretat-i-salut\/\">cliqueu aqu\u00ed<\/a><\/span><strong>)<\/strong>, CCOO exigiem de nou <strong>de manera contundent la participaci\u00f3 de la representaci\u00f3 legal<\/strong><strong>\u00a0<\/strong>de les persones treballadores en l\u2019elaboraci\u00f3 de protocols, mesures i accions encaminades a la lluita contra el coronavirus<strong>. Era inadmissible deixar al<\/strong><strong>s<\/strong><strong> delegats i delegades de prevenci\u00f3 sense el seu dret <\/strong>no nom\u00e9s d\u2019informaci\u00f3 (de decisions ja preses), sin\u00f3 tamb\u00e9 <strong>de consulta i participaci\u00f3 <\/strong>d\u2019acord amb el que indica l\u2019article 36 de la LPRL.<\/span><\/p>\n<p style=\"text-align: justify\"><span style=\"font-family: arial, helvetica, sans-serif;color: #000000\">En el comunicat del 14 d\u2019abril (<span style=\"color: #0000ff;font-family: 'arial black', sans-serif\"><a style=\"color: #0000ff\" href=\"https:\/\/diba.ccoo.cat\/fins-al-26-dabril-tot-segueix-igual\/\">cliqueu aqu\u00ed<\/a><\/span>), us explic\u00e0vem que finalment la corporaci\u00f3 havia accedit a la nostra petici\u00f3, convocant pel dia 17 una reuni\u00f3 via telem\u00e0tica.<\/span><\/p>\n<p><img loading=\"lazy\" decoding=\"async\" class=\" wp-image-5554 aligncenter\" src=\"http:\/\/ccoo.app\/diputacio-de-barcelona\/wp-content\/blogs.dir\/6\/files\/sites\/186\/2020\/04\/mail-foto-enviar-300x212.jpg\" alt=\"\" width=\"140\" height=\"99\" srcset=\"https:\/\/ccoo.app\/diputacio-de-barcelona\/wp-content\/blogs.dir\/6\/files\/sites\/186\/2020\/04\/mail-foto-enviar-300x212.jpg 300w, https:\/\/ccoo.app\/diputacio-de-barcelona\/wp-content\/blogs.dir\/6\/files\/sites\/186\/2020\/04\/mail-foto-enviar-1024x724.jpg 1024w, https:\/\/ccoo.app\/diputacio-de-barcelona\/wp-content\/blogs.dir\/6\/files\/sites\/186\/2020\/04\/mail-foto-enviar-768x543.jpg 768w, https:\/\/ccoo.app\/diputacio-de-barcelona\/wp-content\/blogs.dir\/6\/files\/sites\/186\/2020\/04\/mail-foto-enviar.jpg 1200w\" sizes=\"auto, (max-width: 140px) 100vw, 140px\" \/><\/p>\n<p style=\"text-align: center\"><span style=\"text-decoration: underline;background-color: #ffff00\"><strong><span style=\"font-family: 'arial black', sans-serif;font-size: 20px;background-color: #ffff00\">RESUM DE LA REUNI\u00d3<\/span><\/strong><\/span><\/p>\n<p>&nbsp;<\/p>\n<ul>\n<li style=\"text-align: justify\"><span style=\"font-family: arial, helvetica, sans-serif;color: #000000\"><strong>TREBALL PRESENCIAL<\/strong> En aquest moment s\u2019est\u00e0 treballant un protocol amb els sindicats per establir les mesures de com ha de produir-se la reincorporaci\u00f3 del personal al treball presencial. Paral\u00b7lelament s\u2019est\u00e0 fent un segon pla de conting\u00e8ncia tenint en compte que l\u2019objectiu \u00e9s que el m\u00e0xim nombre possible de treballadors\/res continu\u00ef teletreballant. En aquest, es determinar\u00e0 qui haur\u00e0 de treballar de manera presencial o no. Important: de moment no hi cap data fixada per aquest reingr\u00e9s presencial.<\/span><\/li>\n<\/ul>\n<p>&nbsp;<\/p>\n<ul>\n<li style=\"text-align: justify\"><span style=\"font-family: arial, helvetica, sans-serif;color: #000000\"><strong>FORMACI\u00d3 PEL PERSONAL QUE S\u2019HAGI DE REINCOPORAR<\/strong> Tot el personal que es determini que ha de reemprendre el seu servei de manera presencial haur\u00e0 de realitzar pr\u00e8viament un curs de formaci\u00f3 online. L\u2019objectiu d\u2019aquest \u00e9s formar al personal respecte a totes les mesures de prevenci\u00f3 que haur\u00e0 de seguir. En breu s\u2019enviar\u00e0 al personal afectat.<\/span><\/li>\n<\/ul>\n<p>&nbsp;<\/p>\n<ul>\n<li style=\"text-align: justify\"><span style=\"font-family: arial, helvetica, sans-serif;color: #000000\"><strong>AUTOAVALUACI\u00d3 PELS QUE TREBALLEN A DIST\u00c0NCIA <\/strong>Tenint en compte la situaci\u00f3 d\u2019excepcionalitat provocada per a la crisi del COVID-19, la llei permet que l\u2019empleat pugui fer una \u201cautoavaluaci\u00f3\u201d mitjan\u00e7ant la qual pugui introduir millores en les condicions de treball. En breu s\u2019enviar\u00e0 al personal afectat (cliqueu aqu\u00ed).<\/span><\/li>\n<\/ul>\n<p>&nbsp;<\/p>\n<ul>\n<li style=\"text-align: justify\"><strong style=\"color: #000000;font-family: arial, helvetica, sans-serif\">JA FUNCIONA EL SISTEMA DE SUPORT I ATENCI\u00d3 PSICOL\u00d2GICA<\/strong><span style=\"color: #000000;font-family: arial, helvetica, sans-serif\"> \u00c9s tracta d\u2019un servei pel empleats de la Diputaci\u00f3 de Barcelona orientat a la gesti\u00f3 de l&#8217;estr\u00e8s i malestar generats per l&#8217;estat d&#8217;alarma actual. Especialment pensat per aquells que formen part dels serveis identificats com a b\u00e0sics o estrat\u00e8gics, per\u00f2 tamb\u00e9, pels que s&#8217;hagin contagiat o hagin patit la mort d&#8217;algun familiar. S\u2019han at\u00e8s fins al moment a 12 persones.<\/span><\/li>\n<\/ul>\n<p>&nbsp;<\/p>\n<ul style=\"text-align: justify\">\n<li style=\"text-align: justify\"><span style=\"font-family: arial, helvetica, sans-serif;color: #000000\"><strong>CLIMA\/RENOVACI\u00d3\/VENTILACI\u00d3<\/strong> Considerem imprescindible com a mesura per fer front a contagis per COVID-19, garantir la ventilaci\u00f3 adequada dels locals, natural o general for\u00e7ada. Per la qual cosa, exigim preveure un protocol espec\u00edfic respecte a com es dur\u00e0 a terme en cadascun dels centres de treball. I que pr\u00e8viament a l\u2019inici de l\u2019activitat presencial es revisi i netegi els sistemes de climatitzaci\u00f3. Els hi hem recordat els problemes que des de fa anys t\u00e9 el <strong>pavell\u00f3 nord<\/strong>. Per exemple hi han unitats o el magatzem de log\u00edstica que no disposa de sistemes de climatitzaci\u00f3. L\u2019any passat ho va haver un comprom\u00eds de donar soluci\u00f3 a aquest problema. Exigim solucions immediates.<\/span><\/li>\n<\/ul>\n<p>&nbsp;<\/p>\n<ul>\n<li style=\"text-align: justify\"><span style=\"font-family: arial, helvetica, sans-serif;color: #000000\"><strong>C\u00c0MERES TERMOGR\u00c0FIQUES<\/strong> L\u2019objectiu d\u2019aquestes \u00e9s detectar i restringir l\u2019acc\u00e9s a tots aquells empleats o visitants que presentin febre. Hem reiterat la nostra petici\u00f3 d\u2019informaci\u00f3 t\u00e8cnica relacionada amb aquestes c\u00e0meres i la seva utilitzaci\u00f3. Recordem que aquestes hauran de complir amb els requeriments en mat\u00e8ria de protecci\u00f3 de dades i establir un protocol que compti amb les participaci\u00f3 del delegats\/d<\/span><span style=\"font-family: arial, helvetica, sans-serif\">es.<\/span><\/li>\n<\/ul>\n<p>&nbsp;<\/p>\n<ul style=\"text-align: justify\">\n<li><strong style=\"color: #000000;font-family: arial, helvetica, sans-serif\">C.A.E. DESAMIANT DE SANT MIQUEL DEL FAI<\/strong><span style=\"color: #000000;font-family: arial, helvetica, sans-serif\"> Hem reiterar la nostra petici\u00f3 d\u2019informaci\u00f3 t\u00e8cnica en assumpte tan delicat per a la salut. Perqu\u00e8 no ha estat informat el grup de treball espec\u00edfic?<\/span><\/li>\n<\/ul>\n<p>&nbsp;<\/p>\n<ul>\n<li style=\"text-align: justify\"><strong style=\"color: #000000;font-family: arial, helvetica, sans-serif\">LABORATORI DE MEDI AMBIENT<\/strong><span style=\"color: #000000;font-family: arial, helvetica, sans-serif\"> Falten EPIs. Els serveis ha de demostrar responsabilitat en donar garanties que tot el personal tingui tot el material necessari. Hem demanar que es revisi que passa en aquest cas.<\/span><\/li>\n<\/ul>\n<p>&nbsp;<\/p>\n<ul>\n<li style=\"text-align: justify\"><span style=\"font-family: arial, helvetica, sans-serif;color: #000000\"><strong>XARXA DE BIBLIOTEQUES<\/strong> En relaci\u00f3 a les informacions enviades per la ger\u00e8ncia: no arriben a tot el personal diba a la XBM. Potser \u00e9s un problema inform\u00e0tic? No ho acabem d\u2019entendre i hem demanat una soluci\u00f3. A m\u00e9s, insistim que en les comunicacions que aquesta fa, s\u2019eviti donar dates de reincorporaci\u00f3 que no coincideixen de fet amb all\u00f2 que s\u2019est\u00e0 treballant a la comissi\u00f3 t\u00e8cnica de desescalament.\u00a0<\/span><\/li>\n<\/ul>\n<p>&nbsp;<\/p>\n<ul style=\"text-align: justify\">\n<li style=\"text-align: justify\"><span style=\"font-family: arial, helvetica, sans-serif;color: #000000\"><strong>ORGT<\/strong> S\u2019ha exigit una reuni\u00f3 urgent per a tractar el tema de la instal\u00b7laci\u00f3 de mampares de protecci\u00f3, barreres f\u00edsiques efectives per a\u00efllar l\u2019espai d\u2019atenci\u00f3 al p\u00fablic i vigilant\/a de seguretat a la entrada de cada centre de treball. La corporaci\u00f3 s\u2019ha comprom\u00e8s a convocar-nos a una reuni\u00f3 en breu. Demanem que totes les informacions en mat\u00e8ria de prevenci\u00f3 tamb\u00e9 s\u2019envi\u00ef al personal de l\u2019organisme (cosa que a vegades no passa).<\/span><\/li>\n<\/ul>\n<p>&nbsp;<\/p>\n<ul>\n<li style=\"text-align: justify\"><span style=\"font-family: arial, helvetica, sans-serif;color: #000000\"><strong>RESPIR:<\/strong><\/span>\n<ul>\n<li style=\"text-align: justify\"><span style=\"font-family: arial, helvetica, sans-serif;color: #000000\"><strong>TESTS COVID-19 <\/strong>Respecte a proves de diagnosi de la Covid-19, s\u2019han fet 185 PCR I 477 tests r\u00e0pids. Aix\u00f2 respon a la petici\u00f3 que vam fer (cliqueu <a href=\"https:\/\/diba.ccoo.cat\/comite-de-seguretat-i-salut-16-04\/\"><span style=\"font-family: 'arial black', sans-serif;color: #0000ff\">aqu\u00ed <\/span><\/a>resum CSS)<\/span><\/li>\n<li style=\"text-align: justify\">SERVEI En aquests moments, s\u2019atenen 84 usuaris. S\u2019ha de tenir en compte que la capacitat del servei \u00e9s de 281.<\/li>\n<li style=\"text-align: justify\"><strong style=\"color: #000000;font-family: arial, helvetica, sans-serif\">FORMACI\u00d3 COVID-19 <\/strong><span style=\"font-family: arial, helvetica, sans-serif;color: #000000\">S\u2019han format m\u00e9s de 278 persones treballadores en mesures preventives sobre col\u00b7locaci\u00f3 i retirada d&#8217;EPIs, gesti\u00f3 de residus, neteja d&#8217;habitacions, entre altres aspectes. <strong>Recordem<\/strong> que la formaci\u00f3 \u00e9s temps que ens han de compensar si es fa <strong>fora de la jornada<\/strong>. Si aquesta es fa en un dia no laborable, el temps del despla\u00e7ament (anada i tornada) haur\u00e0 tamb\u00e9 de ser compensat. A m\u00e9s, ens han de pagar la despesa del transport (cliqueu <a href=\"https:\/\/diba.ccoo.cat\/la-diputacio-dona-la-rao-a-ccoo-diba\/\"><span style=\"color: #0000ff;font-family: 'arial black', sans-serif\">aqu\u00ed<\/span><\/a> per a m\u00e9s info).<\/span><\/li>\n<li style=\"text-align: justify\"><strong style=\"color: #000000;font-family: arial, helvetica, sans-serif\">SUPERVISORA DE CIRCUITS<\/strong><span style=\"color: #000000;font-family: arial, helvetica, sans-serif\"> Aplaudim la iniciativa d\u2019introduir aquesta figura que permetr\u00e0 donar garanties en relaci\u00f3 al compliment del circuits i procediments de treball per a prevenir els contagis a RESPIR. Us recordem que va ser l\u2019organitzaci\u00f3 <\/span><em style=\"color: #000000;font-family: arial, helvetica, sans-serif\">Metges Sense Fronteres<\/em><span style=\"color: #000000;font-family: arial, helvetica, sans-serif\"> qui va impartir formaci\u00f3.<\/span><\/li>\n<li style=\"text-align: justify\"><strong style=\"color: #000000;font-family: arial, helvetica, sans-serif\">BATES ASSECANT-SE AL SOL<\/strong><span style=\"color: #000000;font-family: arial, helvetica, sans-serif\"> El personal ens van informar d\u2019aquesta circumst\u00e0ncia: EPIs assecant-se al p\u00e0rquing del pavell\u00f3 nord. Es comprometen a esbrinar perqu\u00e8 s\u2019ha fet i buscar un espai m\u00e9s adequat.<\/span><\/li>\n<li style=\"text-align: justify\"><strong style=\"color: #000000;font-family: arial, helvetica, sans-serif\">TREBALLAR 7 DIES SEGUITS A RESPIR?<\/strong><span style=\"color: #000000;font-family: arial, helvetica, sans-serif\"> Hi han treballadors que han de tenir tota la seva jornada, 7 dies a la setmana, tot l\u2019equipament EPI per trobar-se en espais amb persones usu\u00e0ries a\u00efllades. Aix\u00f2 \u00e9s esgotador i posa amb perill la seva salut. Hem demanat solucions.<\/span><\/li>\n<li style=\"text-align: justify\"><strong style=\"color: #000000;font-family: arial, helvetica, sans-serif\">BICIS I PATINETS<\/strong><span style=\"color: #000000;font-family: arial, helvetica, sans-serif\"> De nou demanem que s\u2019habiliti al personal de RESPIR un espai al pavell\u00f3 Nord per a deixar amb seguretat bicis o patinets. Des de les autoritats sanit\u00e0ries es demana que preferentment no s\u2019utilitzi els transport col\u00b7lectius, qu\u00e8 s\u2019espera doncs per ajudar a qui ho fa amb mitjans propis?<\/span><\/li>\n<\/ul>\n<\/li>\n<\/ul>\n<p>&nbsp;<\/p>\n<p><img loading=\"lazy\" decoding=\"async\" class=\"wp-image-2965 aligncenter\" src=\"http:\/\/ccoo.app\/diputacio-de-barcelona\/wp-content\/blogs.dir\/6\/files\/sites\/186\/2018\/11\/images.png\" alt=\"\" width=\"80\" height=\"100\" \/><\/p>\n<p><span style=\"font-family: arial, helvetica, sans-serif;color: #000000\">Recordeu el 3 documents que CCOO vam enviar el 15 d&#8217;abril a la Diputaci\u00f3 i a la resta de sindicats?\u00a0\u00a0<\/span><\/p>\n<p style=\"text-align: justify\"><span style=\"font-family: arial, helvetica, sans-serif;color: #000000\">Cliqueu <a href=\"https:\/\/diba.ccoo.cat\/reunio-telematica\/\"><span style=\"color: #0000ff;font-family: 'arial black', sans-serif\">aqu\u00ed<\/span><\/a> per trobar els 3 documents enviats <strong><span style=\"background-color: #ffff00\">propostes preventives<\/span> relacionades amb <span style=\"background-color: #ffff00\">teletreball<\/span>, <span style=\"background-color: #ffff00\">treball presencial post Estat d\u2019Alerta<\/span> i mesures de <span style=\"background-color: #ffff00\">seguretat per les oficines de l\u2019ORGT.\u00a0<\/span><\/strong><\/span><\/p>\n<p>&nbsp;<\/p>\n<p style=\"text-align: justify\"><span style=\"font-family: 'arial black', sans-serif;color: #000000;font-size: 20px\">Com ja estem fent des de que va comen\u00e7ar aquesta crisi, seguirem treballant, fent propostes amb l\u2019objectiu d\u2019establir les condicions de treball m\u00e9s segures per a tot el personal.<\/span><\/p>\n<p style=\"text-align: justify\"><span style=\"font-family: 'arial black', sans-serif;color: #000000;font-size: 20px\"><strong>Si teniu comentaris, suggeriments o idees, quedem a la vostra disposici\u00f3 amb l\u2019objectiu de poder-los incorporar a la nostra plataforma reivindicativa.<\/strong><\/span><\/p>\n<p>&nbsp;<\/p>\n<p><iframe loading=\"lazy\" title=\"#SenyorsAmbCorbata\" width=\"1200\" height=\"675\" src=\"https:\/\/www.youtube.com\/embed\/7y3O980TOk0?feature=oembed\" frameborder=\"0\" allow=\"accelerometer; autoplay; clipboard-write; encrypted-media; gyroscope; picture-in-picture; web-share\" allowfullscreen><\/iframe><\/p>\n<p style=\"text-align: center\"><span style=\"font-family: 'arial black', sans-serif;color: #000000\">CLIQUEU <a href=\"https:\/\/diba.ccoo.cat\/comite-de-seguretat-i-salut-16-04\/\"><span style=\"color: #0000ff\">AQU\u00cd<\/span><\/a> PER LLEGIR RESUM DE LA REUNI\u00d3 DEL CSS ANTERIOR<\/span><\/p>\n<p>&nbsp;<\/p>\n<p><img loading=\"lazy\" decoding=\"async\" class=\"wp-image-5184 aligncenter\" src=\"http:\/\/ccoo.app\/diputacio-de-barcelona\/wp-content\/blogs.dir\/6\/files\/sites\/186\/2020\/03\/i-de-info-300x300.jpg\" alt=\"\" width=\"70\" height=\"70\" srcset=\"https:\/\/ccoo.app\/diputacio-de-barcelona\/wp-content\/blogs.dir\/6\/files\/sites\/186\/2020\/03\/i-de-info-300x300.jpg 300w, https:\/\/ccoo.app\/diputacio-de-barcelona\/wp-content\/blogs.dir\/6\/files\/sites\/186\/2020\/03\/i-de-info-150x150.jpg 150w, https:\/\/ccoo.app\/diputacio-de-barcelona\/wp-content\/blogs.dir\/6\/files\/sites\/186\/2020\/03\/i-de-info.jpg 626w\" sizes=\"auto, (max-width: 70px) 100vw, 70px\" \/><\/p>\n<p style=\"text-align: center\"><span style=\"font-family: 'arial black', sans-serif;font-size: 20px;color: #ffff00;background-color: #ff0000\">TOTA LA INFORMACI\u00d3 QUE NECESSITES<\/span><\/p>\n<p style=\"text-align: justify\"><span style=\"color: #000000;font-family: arial, helvetica, sans-serif\"><span style=\"background-color: #ffffff\">La <span style=\"font-family: 'arial black', sans-serif;background-color: #ffff00\">SECCI\u00d3 SINDICAL DE CCOO<\/span><\/span><strong> seguim treballant<\/strong> (de manera telem\u00e0tica) per poder <strong>donar resposta a tots els dubtes<\/strong> que tingueu o <strong>solucionar els problemes que es puguin generar.<\/strong><\/span><\/p>\n<p style=\"text-align: center\"><a href=\"mailto:ccoo@diba.cat\"><span style=\"color: #0000ff;font-family: 'arial black', sans-serif\"><strong>ccoo@diba.cat<\/strong><\/span><\/a><\/p>\n<p style=\"text-align: center\"><span style=\"font-family: 'arial black', sans-serif\"><a href=\"mailto:orgt.ssccoo@diba.cat\">orgt.ssccoo@diba.cat<\/a><\/span><\/p>\n<p><span style=\"font-family: arial, helvetica, sans-serif;color: #000000\">Podeu fer-nos arribar les vostres preguntes o dubtes. O si ho desitgeu, deixeu el vostre n\u00famero de tel\u00e8fon i ens posarem en contacte amb vosaltres.<\/span><\/p>\n<p><span style=\"font-family: arial, helvetica, sans-serif;color: #000000\">Tamb\u00e9 obtindreu informaci\u00f3 dia a dia a les xarxes socials: <span style=\"color: #0000ff;font-family: 'arial black', sans-serif\"><a style=\"color: #0000ff\" href=\"https:\/\/twitter.com\/CCOODiba\">Twitter<\/a><\/span> i <span style=\"font-family: 'arial black', sans-serif;color: #0000ff\"><a style=\"color: #0000ff\" href=\"https:\/\/www.facebook.com\/CcooDiputacioDeBarcelona\/\">Facebook.<\/a><\/span><\/span><\/p>\n<p style=\"text-align: justify\"><span style=\"font-family: arial, helvetica, sans-serif;color: #000000\">Recordeu que actualitzem constantment la nostra p\u00e0gina <span style=\"font-family: 'arial black', sans-serif;color: #0000ff\"><a style=\"color: #0000ff\" href=\"https:\/\/diba.ccoo.cat\/\">web<\/a><\/span><\/span><\/p>\n<p>&nbsp;<\/p>\n<p><img loading=\"lazy\" decoding=\"async\" class=\"wp-image-5130 aligncenter\" src=\"http:\/\/ccoo.app\/diputacio-de-barcelona\/wp-content\/blogs.dir\/6\/files\/sites\/186\/2020\/03\/diba-300x300.jpg\" alt=\"\" width=\"102\" height=\"102\" srcset=\"https:\/\/ccoo.app\/diputacio-de-barcelona\/wp-content\/blogs.dir\/6\/files\/sites\/186\/2020\/03\/diba-300x300.jpg 300w, https:\/\/ccoo.app\/diputacio-de-barcelona\/wp-content\/blogs.dir\/6\/files\/sites\/186\/2020\/03\/diba-150x150.jpg 150w, https:\/\/ccoo.app\/diputacio-de-barcelona\/wp-content\/blogs.dir\/6\/files\/sites\/186\/2020\/03\/diba.jpg 400w\" sizes=\"auto, (max-width: 102px) 100vw, 102px\" \/><\/p>\n<p style=\"text-align: justify\"><span style=\"color: #000000;font-family: arial, helvetica, sans-serif\"><span style=\"font-family: 'arial black', sans-serif;background-color: #ffff00\">INFORMACI\u00d3 CORPORATIVA<\/span> En termes generals \u00e9s important que:<\/span><\/p>\n<ul style=\"text-align: justify\">\n<li><span style=\"color: #000000;font-family: arial, helvetica, sans-serif\">Us mantingueu informats de les directrius i mesures que vagi adoptant la Diputaci\u00f3 de Barcelona mitjan\u00e7ant <strong>correu corporatiu<\/strong> i <strong>intradiba<\/strong> (<a href=\"https:\/\/dibaaps.diba.cat\/vus\/login.asp\"><span style=\"font-family: 'arial black', sans-serif;color: #0000ff\">cliqueu aqu\u00ed<\/span><\/a>)<\/span><\/li>\n<li><span style=\"color: #000000;font-family: arial, helvetica, sans-serif\">Estigueu pendents CONSTANTMENT de les directrius que us puguin fer arribar el vostres comandaments<\/span><\/li>\n<\/ul>\n<p>&nbsp;<\/p>\n<p><img loading=\"lazy\" decoding=\"async\" class=\"wp-image-5131 aligncenter\" src=\"http:\/\/ccoo.app\/diputacio-de-barcelona\/wp-content\/blogs.dir\/6\/files\/sites\/186\/2020\/03\/ccoo-catalunya-300x123.jpg\" alt=\"\" width=\"193\" height=\"79\" srcset=\"https:\/\/ccoo.app\/diputacio-de-barcelona\/wp-content\/blogs.dir\/6\/files\/sites\/186\/2020\/03\/ccoo-catalunya-300x123.jpg 300w, https:\/\/ccoo.app\/diputacio-de-barcelona\/wp-content\/blogs.dir\/6\/files\/sites\/186\/2020\/03\/ccoo-catalunya.jpg 350w\" sizes=\"auto, (max-width: 193px) 100vw, 193px\" \/><\/p>\n<p><span style=\"font-family: 'arial black', sans-serif;background-color: #ffff00;color: #000000\">TOTA LA INFORMACI\u00d3 A CCOO CATALUNYA<\/span><\/p>\n<ul>\n<li><span class=\"css-901oao css-16my406 r-1qd0xha r-ad9z0x r-bcqeeo r-qvutc0\" style=\"color: #000000\"><span style=\"font-family: arial, helvetica, sans-serif\">Preguntes freq\u00fcents sobre el Coronavirus i l&#8217;\u00e0mbit laboral:<\/span> <\/span>\u00a0<span style=\"font-family: 'arial black', sans-serif;color: #0000ff\"><a class=\"css-4rbku5 css-18t94o4 css-901oao css-16my406 r-1n1174f r-1loqt21 r-1qd0xha r-ad9z0x r-bcqeeo r-qvutc0\" style=\"color: #0000ff\" title=\"http:\/\/consultacoronavirus.ccoo.cat\" role=\"link\" href=\"https:\/\/t.co\/Xrpj3V7Bz3?amp=1\" target=\"_blank\" rel=\"noopener noreferrer\" data-focusable=\"true\"><span class=\"css-901oao css-16my406 r-1qd0xha r-hiw28u r-ad9z0x r-bcqeeo r-qvutc0\" aria-hidden=\"true\">http:\/\/<\/span>consultacoronavirus.ccoo.cat<\/a> <\/span><\/li>\n<li><span style=\"font-family: arial, helvetica, sans-serif;color: #000000\">Recull de totes les informacions ordenades sobre <\/span><strong><span style=\"font-family: arial, helvetica, sans-serif;color: #000000\">l&#8217;evoluci\u00f3 del coronavirus COVID-19 respecte del m\u00f3n del treball: <\/span><span style=\"font-family: 'arial black', sans-serif;color: #0000ff\"><a style=\"color: #0000ff\" href=\"https:\/\/www.ccoo.cat\/aspnet\/coronavirus.aspx\">https:\/\/www.ccoo.cat\/aspnet\/coronavirus.aspx<\/a><\/span><\/strong><\/li>\n<\/ul>\n<p>&nbsp;<\/p>\n<p style=\"text-align: center\"><span style=\"font-family: 'comic sans ms', sans-serif;font-size: 24px;background-color: #ffff00;color: #ff0000\"><strong>Tot i que no ens podem tocar, estem junts<\/strong><\/span><\/p>\n<p style=\"text-align: center\"><span style=\"font-family: 'comic sans ms', sans-serif;font-size: 24px;color: #0000ff\"><strong>(<a style=\"color: #0000ff\" href=\"https:\/\/www.youtube.com\/watch?v=rKrw7OFWXoI\">cliqueu aqu\u00ed per veure v\u00eddeo<\/a>)<\/strong><\/span><\/p>\n<p>&nbsp;<\/p>\n<p><a href=\"https:\/\/diba.ccoo.cat\/ccoo-torna-a-ser-primer-sindicat-a-catalunya\/\"><img loading=\"lazy\" decoding=\"async\" class=\"size-medium wp-image-4877 aligncenter\" src=\"http:\/\/ccoo.app\/diputacio-de-barcelona\/wp-content\/blogs.dir\/6\/files\/sites\/186\/2020\/01\/ccoo-primer-sindicat-catalunya-300x117.jpg\" alt=\"\" width=\"300\" height=\"117\" srcset=\"https:\/\/ccoo.app\/diputacio-de-barcelona\/wp-content\/blogs.dir\/6\/files\/sites\/186\/2020\/01\/ccoo-primer-sindicat-catalunya-300x117.jpg 300w, https:\/\/ccoo.app\/diputacio-de-barcelona\/wp-content\/blogs.dir\/6\/files\/sites\/186\/2020\/01\/ccoo-primer-sindicat-catalunya.jpg 490w\" sizes=\"auto, (max-width: 300px) 100vw, 300px\" \/><\/a><\/p>\n<p><a href=\"https:\/\/www.ccoo.es\/noticia:391405\"><img loading=\"lazy\" decoding=\"async\" class=\"size-medium wp-image-4878 aligncenter\" src=\"http:\/\/ccoo.app\/diputacio-de-barcelona\/wp-content\/blogs.dir\/6\/files\/sites\/186\/2020\/01\/ccoo-primer-sindicat-a-espana-300x91.jpg\" alt=\"\" width=\"300\" height=\"91\" srcset=\"https:\/\/ccoo.app\/diputacio-de-barcelona\/wp-content\/blogs.dir\/6\/files\/sites\/186\/2020\/01\/ccoo-primer-sindicat-a-espana-300x91.jpg 300w, https:\/\/ccoo.app\/diputacio-de-barcelona\/wp-content\/blogs.dir\/6\/files\/sites\/186\/2020\/01\/ccoo-primer-sindicat-a-espana.jpg 477w\" sizes=\"auto, (max-width: 300px) 100vw, 300px\" \/><\/a><\/p>\n<p><a href=\"https:\/\/www.ccoo.cat\/noticia\/224842\/ccoo-lliura-els-seus-comptes-auditats-del-2018-a-la-sindicatura-de-comptes-de-catalunya#.XjRZA-mWycz\"><img loading=\"lazy\" decoding=\"async\" class=\"size-medium wp-image-4879 aligncenter\" src=\"http:\/\/ccoo.app\/diputacio-de-barcelona\/wp-content\/blogs.dir\/6\/files\/sites\/186\/2020\/01\/ccoo-primer-sindicat-sindicatura-300x95.jpg\" alt=\"\" width=\"300\" height=\"95\" srcset=\"https:\/\/ccoo.app\/diputacio-de-barcelona\/wp-content\/blogs.dir\/6\/files\/sites\/186\/2020\/01\/ccoo-primer-sindicat-sindicatura-300x95.jpg 300w, https:\/\/ccoo.app\/diputacio-de-barcelona\/wp-content\/blogs.dir\/6\/files\/sites\/186\/2020\/01\/ccoo-primer-sindicat-sindicatura.jpg 476w\" sizes=\"auto, (max-width: 300px) 100vw, 300px\" \/><\/a><\/p>\n<p>&nbsp;<\/p>\n<p>&nbsp;<\/p>\n<p>&nbsp;<\/p>\n<p>&nbsp;<\/p>\n<p>&nbsp;<\/p>\n<p>&nbsp;<\/p>\n<p>&nbsp;<\/p>\n<p>&nbsp;<\/p>\n<p>&nbsp;<\/p>\n<p>&nbsp;<\/p>\n<p>&nbsp;<\/p>\n<p>&nbsp;<\/p>\n<p>&nbsp;<\/p>\n<p>&nbsp;<\/p>\n<p>&nbsp;<\/p>\n<p>&nbsp;<\/p>\n<p>&nbsp;<\/p>\n<p>&nbsp;    \t<\/p>\n","protected":false},"excerpt":{"rendered":"<p>RESUM DE LA REUNI\u00d3 TELEM\u00c0TICA DE COMIT\u00c8 DE SEGURETAT I SALUT -18 de maig de 2020- El dia 7 d\u2019abril (cliqueu aqu\u00ed), CCOO exigiem de nou de manera contundent la &#8230; <\/p>\n<p class=\"read-more-container\"><a title=\"71\/COVID-19. RESUM DE LA REUNI\u00d3 TELEM\u00c0TICA DEL COMIT\u00c8 DE SEGURETAT I SALUT (08\/05)\" class=\"read-more button\" href=\"https:\/\/ccoo.app\/diputacio-de-barcelona\/css18demayo2020\/#more-5817\" aria-label=\"Leer m\u00e1s sobre 71\/COVID-19. RESUM DE LA REUNI\u00d3 TELEM\u00c0TICA DEL COMIT\u00c8 DE SEGURETAT I SALUT (08\/05)\">Continuar llegint<\/a><\/p>\n","protected":false},"author":4519,"featured_media":2963,"comment_status":"closed","ping_status":"closed","sticky":false,"template":"","format":"standard","meta":{"footnotes":""},"categories":[38,19,23,29,34,35,37],"tags":[86,89,154,189,191],"class_list":["post-5817","post","type-post","status-publish","format-standard","has-post-thumbnail","hentry","category-a-tot-el-personal","category-comunicats","category-informacio-general","category-orgt-2","category-respir","category-salut-laboral","category-xbm","tag-baixes-altes-mediques-embaras-maternitat-flexibilitat-fills-ebep-eleccions-jornada-horari-horaris-laboral-jornada-jornades-laborals-its-incapacitat-temporal-salut-inspeccio-treball","tag-coronavirus","tag-mobilitat-teletreball","tag-prevencio","tag-prevencio-teletreball","generate-columns","tablet-grid-50","mobile-grid-100","grid-parent","grid-50"],"_links":{"self":[{"href":"https:\/\/ccoo.app\/diputacio-de-barcelona\/wp-json\/wp\/v2\/posts\/5817","targetHints":{"allow":["GET"]}}],"collection":[{"href":"https:\/\/ccoo.app\/diputacio-de-barcelona\/wp-json\/wp\/v2\/posts"}],"about":[{"href":"https:\/\/ccoo.app\/diputacio-de-barcelona\/wp-json\/wp\/v2\/types\/post"}],"author":[{"embeddable":true,"href":"https:\/\/ccoo.app\/diputacio-de-barcelona\/wp-json\/wp\/v2\/users\/4519"}],"replies":[{"embeddable":true,"href":"https:\/\/ccoo.app\/diputacio-de-barcelona\/wp-json\/wp\/v2\/comments?post=5817"}],"version-history":[{"count":1,"href":"https:\/\/ccoo.app\/diputacio-de-barcelona\/wp-json\/wp\/v2\/posts\/5817\/revisions"}],"predecessor-version":[{"id":50971,"href":"https:\/\/ccoo.app\/diputacio-de-barcelona\/wp-json\/wp\/v2\/posts\/5817\/revisions\/50971"}],"wp:featuredmedia":[{"embeddable":true,"href":"https:\/\/ccoo.app\/diputacio-de-barcelona\/wp-json\/wp\/v2\/media\/2963"}],"wp:attachment":[{"href":"https:\/\/ccoo.app\/diputacio-de-barcelona\/wp-json\/wp\/v2\/media?parent=5817"}],"wp:term":[{"taxonomy":"category","embeddable":true,"href":"https:\/\/ccoo.app\/diputacio-de-barcelona\/wp-json\/wp\/v2\/categories?post=5817"},{"taxonomy":"post_tag","embeddable":true,"href":"https:\/\/ccoo.app\/diputacio-de-barcelona\/wp-json\/wp\/v2\/tags?post=5817"}],"curies":[{"name":"wp","href":"https:\/\/api.w.org\/{rel}","templated":true}]}}