{"id":5778,"date":"2020-05-04T06:51:16","date_gmt":"2020-05-04T05:51:16","guid":{"rendered":"https:\/\/diba.ccoo.cat\/?p=5778"},"modified":"2023-02-22T18:39:43","modified_gmt":"2023-02-22T17:39:43","slug":"grup-de-risc-pel-covid-19-3","status":"publish","type":"post","link":"https:\/\/ccoo.app\/diputacio-de-barcelona\/grup-de-risc-pel-covid-19-3\/","title":{"rendered":"67\/COVID-19. COM HAS D&#8217;ACTUAR SI ET TROBES EN UN GRUP DE RISC PEL COVID-19?"},"content":{"rendered":"<p class=\"wp-caption-text\"><img loading=\"lazy\" decoding=\"async\" class=\"alignnone wp-image-1853\" src=\"http:\/\/ccoo.app\/diputacio-de-barcelona\/wp-content\/blogs.dir\/6\/files\/sites\/186\/2018\/01\/logoccoov18.jpg\" alt=\"\" width=\"137\" height=\"63\" \/>\u00a0 <a href=\"https:\/\/diba.ccoo.cat\/wp-content\/uploads\/sites\/37\/2020\/05\/4.5.20-DECLARACI%C3%93-personal-sensible.docx\"><img loading=\"lazy\" decoding=\"async\" class=\"alignnone wp-image-5366\" src=\"http:\/\/ccoo.app\/diputacio-de-barcelona\/wp-content\/blogs.dir\/6\/files\/sites\/186\/2020\/04\/documentacio-adjunta-300x296.png\" alt=\"\" width=\"123\" height=\"121\" srcset=\"https:\/\/ccoo.app\/diputacio-de-barcelona\/wp-content\/blogs.dir\/6\/files\/sites\/186\/2020\/04\/documentacio-adjunta-300x296.png 300w, https:\/\/ccoo.app\/diputacio-de-barcelona\/wp-content\/blogs.dir\/6\/files\/sites\/186\/2020\/04\/documentacio-adjunta.png 667w\" sizes=\"auto, (max-width: 123px) 100vw, 123px\" \/><\/a><\/p>\n<p style=\"text-align: center\"><span style=\"font-family: 'arial black', sans-serif;font-size: 24px;color: #0000ff\">PERSONES TREBALLADORES ESPECIALMENT SENSIBLE AL COVID-19: PROCEDIMENT COMPLERT\u00a0<\/span><\/p>\n<p style=\"text-align: center\"><span style=\"font-family: arial, helvetica, sans-serif;font-size: 12pt;color: #000000\">-actualitzaci\u00f3 23 DE MAIG DE 2020-<\/span><\/p>\n<p>&nbsp;<\/p>\n<p style=\"text-align: justify\"><span style=\"font-family: 'arial black', sans-serif;font-size: 20px;color: #000000\">QUI FORMA PART DELS GRUPS DE RISC FRONT AL CORONAVIRUS?<\/span><\/p>\n<ul>\n<li style=\"text-align: justify\"><span style=\"color: #000000;background-color: #ffff00\"><mark><span style=\"font-family: arial, helvetica, sans-serif\">Majors de 60 anys.\u00a0<\/span><\/mark><\/span><\/li>\n<li style=\"text-align: justify\"><span style=\"color: #000000;background-color: #ffff00\"><mark><span style=\"font-family: arial, helvetica, sans-serif\">Les patologies pr\u00e8vies cr\u00f2niques relacionades amb el sistema respiratori, per exemple, asma, MPOC, etc. Les patologies pr\u00e8vies relacionades amb el sistema cardiovascular (hipertensos, diab\u00e8tics, etc.).<\/span><\/mark><\/span><\/li>\n<li style=\"text-align: justify\"><span style=\"color: #000000;background-color: #ffff00\"><mark><span style=\"font-family: arial, helvetica, sans-serif\">Persones amb malalties hep\u00e0tiques cr\u00f2niques<\/span><\/mark><\/span><\/li>\n<li style=\"text-align: justify\"><span style=\"color: #000000;background-color: #ffff00\"><mark><span style=\"font-family: arial, helvetica, sans-serif\">Persones amb malalties renals cr\u00f2niques<\/span><\/mark><\/span><\/li>\n<li style=\"text-align: justify\"><span style=\"color: #000000;background-color: #ffff00\"><mark><span style=\"font-family: arial, helvetica, sans-serif\">Persones amb medicaci\u00f3 relacionada amb elles<\/span><\/mark><\/span><\/li>\n<li style=\"text-align: justify\"><span style=\"color: #000000;background-color: #ffff00\"><mark><span style=\"font-family: arial, helvetica, sans-serif\">Les persones que han patit algun tipus de c\u00e0ncer.<\/span><\/mark><\/span><\/li>\n<li style=\"text-align: justify\"><span style=\"color: #000000;background-color: #ffff00\"><mark><span style=\"font-family: arial, helvetica, sans-serif\">Trastorns immunitaris<\/span><\/mark><\/span><\/li>\n<li style=\"text-align: justify\"><span style=\"color: #000000;background-color: #ffff00\"><mark><span style=\"font-family: arial, helvetica, sans-serif\">Embar\u00e0s\u00a0<\/span><\/mark><\/span><\/li>\n<\/ul>\n<p>&nbsp;<\/p>\n<p style=\"text-align: justify\"><span style=\"font-family: 'arial black', sans-serif;font-size: 20px;color: #000000\">COM HAS D&#8217;ACTUAR A LA DIPUTACI\u00d3 (INCLOU ORGT) SI ET TROBES EN UN DELS GRUPS DE RISC?<\/span><\/p>\n<p style=\"text-align: justify\"><span style=\"font-family: arial, helvetica, sans-serif;color: #000000\">Cliqueu <a href=\"https:\/\/diba.ccoo.cat\/grup-de-risc-pel-covid-19-2\/\"><span style=\"font-family: 'arial black', sans-serif;color: #0000ff\">aqu\u00ed<\/span><\/a> per anar a la informaci\u00f3.<\/span><\/p>\n<p>&nbsp;<\/p>\n<p><img loading=\"lazy\" decoding=\"async\" class=\"wp-image-5225 aligncenter\" src=\"http:\/\/ccoo.app\/diputacio-de-barcelona\/wp-content\/blogs.dir\/6\/files\/sites\/186\/2020\/03\/infografia-covid-300x212.png\" alt=\"\" width=\"184\" height=\"130\" srcset=\"https:\/\/ccoo.app\/diputacio-de-barcelona\/wp-content\/blogs.dir\/6\/files\/sites\/186\/2020\/03\/infografia-covid-300x212.png 300w, https:\/\/ccoo.app\/diputacio-de-barcelona\/wp-content\/blogs.dir\/6\/files\/sites\/186\/2020\/03\/infografia-covid-1024x724.png 1024w, https:\/\/ccoo.app\/diputacio-de-barcelona\/wp-content\/blogs.dir\/6\/files\/sites\/186\/2020\/03\/infografia-covid-768x543.png 768w, https:\/\/ccoo.app\/diputacio-de-barcelona\/wp-content\/blogs.dir\/6\/files\/sites\/186\/2020\/03\/infografia-covid.png 1440w\" sizes=\"auto, (max-width: 184px) 100vw, 184px\" \/><\/p>\n<p>&nbsp;<\/p>\n<p style=\"text-align: justify\"><span style=\"font-family: arial, helvetica, sans-serif\"><span style=\"font-family: 'arial black', sans-serif;background-color: #ff0000;color: #ffff00;font-size: 20px\">NOVETATS (14-04.2020)<\/span><span style=\"font-size: 16px;color: #000000\"><span style=\"font-family: 'arial black', sans-serif;background-color: #ffffff\"><span style=\"font-family: arial, helvetica, sans-serif\"> A<\/span><\/span><\/span><span style=\"color: #000000\">l menys fins al 14 de setembre (d&#8217;acord amb el que indica el nou protocol) qui formi part dels <strong>grups de risc<\/strong>\u00a0i\/o sigui\u00a0<strong><span style=\"color: #000000\">major<\/span>s de 60<\/strong> anys (cliqueu<\/span> <a href=\"https:\/\/diba.ccoo.cat\/quan-tornare-a-la-feina-2-2\/\"><span style=\"font-family: 'arial black', sans-serif;color: #0000ff\">aqu\u00ed<\/span><\/a><span style=\"color: #000000\">):<\/span><\/span><\/p>\n<ul>\n<li style=\"text-align: justify\"><span style=\"font-family: arial, helvetica, sans-serif;color: #000000\">Si les funcions del lloc de treball que desenvolupen no s\u00f3n compatibles amb la modalitat no presencial de treball, <span style=\"background-color: #ffff00\">es concedir\u00e0 el perm\u00eds regulat retribu\u00eft a l\u2019article 48 j) EBEP<\/span><\/span><\/li>\n<\/ul>\n<p style=\"text-align: justify\"><img loading=\"lazy\" decoding=\"async\" class=\"wp-image-5495 aligncenter\" src=\"http:\/\/ccoo.app\/diputacio-de-barcelona\/wp-content\/blogs.dir\/6\/files\/sites\/186\/2020\/04\/mascaretes-ccoo-300x218.png\" alt=\"\" width=\"117\" height=\"85\" srcset=\"https:\/\/ccoo.app\/diputacio-de-barcelona\/wp-content\/blogs.dir\/6\/files\/sites\/186\/2020\/04\/mascaretes-ccoo-300x218.png 300w, https:\/\/ccoo.app\/diputacio-de-barcelona\/wp-content\/blogs.dir\/6\/files\/sites\/186\/2020\/04\/mascaretes-ccoo.png 393w\" sizes=\"auto, (max-width: 117px) 100vw, 117px\" \/><\/p>\n<ul>\n<li style=\"text-align: justify\"><span style=\"color: #000000\"><span style=\"font-family: arial, helvetica, sans-serif\">Atenci\u00f3 <span style=\"text-decoration: underline;background-color: #ffff00\"><strong>major de 60 anys<\/strong><\/span>: d&#8217;ofici <\/span><span style=\"font-size: medium\"><span style=\"font-family: Arial, sans-serif\"><span lang=\"ca-ES\">tenen la condici\u00f3 de personal vulnerable, NO \u00c9S NECESSARI acreditar-ho davant el Servei de Prevenci\u00f3 Ali\u00e8 de Vigil\u00e0ncia de la Salut. Recordeu que l<\/span><\/span><\/span><span style=\"font-family: arial, helvetica, sans-serif\">a \u00fanica manera de prestar servei <span style=\"background-color: #ffff00\"><strong>OBLIGAT\u00d2RIAMENT<\/strong><\/span> \u00e9s mitjan\u00e7ant el teletreball. Si aix\u00f2 no \u00e9s possible, tindr\u00e0s dret al perm\u00eds 48j (aplicable a TOTS els serveis de la Diputaci\u00f3 de Barcelona).<\/span><\/span><\/li>\n<\/ul>\n<p>&nbsp;<\/p>\n<ul>\n<li style=\"text-align: justify\"><span style=\"color: #000000;font-family: arial, helvetica, sans-serif\">Per a <span style=\"text-decoration: underline;background-color: #ffff00\"><strong>la resta de col\u00b7lectius de risc<\/strong><\/span>: heu de seguir el procediment explicat en la primera part d&#8217;aquesta nota informativa, per a que pugueu <span style=\"text-decoration: underline\">acreditar que efectivament formeu part d&#8217;un grup de risc<\/span> i no podeu treballar presencialment. Aix\u00f2 us donar\u00e0 dret a teletreballar o, si no es possible, obtenir el perm\u00eds 48j.<\/span><\/li>\n<\/ul>\n<p>&nbsp;<\/p>\n<p style=\"text-align: center\"><span style=\"text-decoration: underline;color: #000000;background-color: #ffff00\"><span style=\"font-family: 'arial black', sans-serif;font-size: 24px;background-color: #ffff00\">PROCEDIMENT COMPLERT<\/span><\/span><\/p>\n<p style=\"text-align: justify\"><span style=\"font-family: arial, helvetica, sans-serif;color: #000000\">M\u00e9s enll\u00e0 d&#8217;acreditar la vostra condici\u00f3 com persona que forma part d&#8217;un col\u00b7lectiu de risc d&#8217;acord amb el que permet el nou protocol (teletreball o perm\u00eds 48j), heu de tenir en compte que finalment la SS pot determinar <span style=\"text-decoration: underline\"><strong>a m\u00e9s<\/strong><\/span> que teniu dret a una IT \u00abassimilable\u00bb a accident de treball.<\/span><\/p>\n<p style=\"text-align: justify\"><span style=\"font-family: arial, helvetica, sans-serif;color: #000000\">Us informem a continuaci\u00f3 en qu\u00e8 consisteix el procediment complert ordinari:<\/span><\/p>\n<p><a href=\"http:\/\/ccoo.app\/diputacio-de-barcelona\/wp-content\/blogs.dir\/6\/files\/sites\/186\/2020\/03\/foto-procediment-persona-sensible.jpg\"><img loading=\"lazy\" decoding=\"async\" class=\"size-medium wp-image-5217 aligncenter\" src=\"http:\/\/ccoo.app\/diputacio-de-barcelona\/wp-content\/blogs.dir\/6\/files\/sites\/186\/2020\/03\/foto-procediment-persona-sensible-300x287.jpg\" alt=\"\" width=\"300\" height=\"287\" srcset=\"https:\/\/ccoo.app\/diputacio-de-barcelona\/wp-content\/blogs.dir\/6\/files\/sites\/186\/2020\/03\/foto-procediment-persona-sensible-300x287.jpg 300w, https:\/\/ccoo.app\/diputacio-de-barcelona\/wp-content\/blogs.dir\/6\/files\/sites\/186\/2020\/03\/foto-procediment-persona-sensible.jpg 629w\" sizes=\"auto, (max-width: 300px) 100vw, 300px\" \/><\/a><\/p>\n<p>&nbsp;<\/p>\n<p style=\"text-align: justify\"><span style=\"color: #000000;font-family: arial, helvetica, sans-serif\">El servei de prevenci\u00f3 ali\u00e8 que presta servei a la Diputaci\u00f3 de Barcelona<strong> (bersys-Norprevenci\u00f3n)\u00a0 elaborar\u00e0 un informe<\/strong> amb dues possibles conclusions: <\/span><\/p>\n<ul>\n<li style=\"text-align: justify\"><span style=\"color: #000000;font-family: arial, helvetica, sans-serif\">En qu\u00e8 deixi const\u00e0ncia la condici\u00f3 de col\u00b7lectiu de risc i la impossibilitat d&#8217;adaptaci\u00f3 del lloc de treball (IT)<\/span><\/li>\n<li style=\"text-align: justify\"><span style=\"color: #000000;font-family: arial, helvetica, sans-serif\">O de les mesures de protecci\u00f3 que s&#8217;han d&#8217;implemenar per a garantir el contagi en el lloc de treball o de la reubicaci\u00f3 en un altre lloc.<\/span><\/li>\n<\/ul>\n<p style=\"text-align: justify\"><span style=\"color: #000000;font-family: arial, helvetica, sans-serif\"><strong>Amb aquest informe, el metge o metgessa d&#8217;atenci\u00f3 prim\u00e0ria procedeix a l&#8217;estudi individual del cas i si ho considera est\u00e9n la baixa,<\/strong> utilitzant uns codis predeterminats, a similitud dels casos de positius o de quarantena. D&#8217;aquesta manera, l&#8217;INSS el trasllada a la m\u00fatua perqu\u00e8 procedeixi a el pagament de la prestaci\u00f3 com a conting\u00e8ncia professional.<\/span><\/p>\n<p style=\"text-align: justify\"><span style=\"font-family: arial, helvetica, sans-serif;color: #000000\">Si ets personal que ja est\u00e0 <strong>teletreballant, no cal activar el procediment,<\/strong> ja que una mesura adaptativa \u00e9s precisament treballar des de casa.<\/span><\/p>\n<p><img loading=\"lazy\" decoding=\"async\" class=\"wp-image-6049 aligncenter\" src=\"http:\/\/ccoo.app\/diputacio-de-barcelona\/wp-content\/blogs.dir\/6\/files\/sites\/186\/2020\/05\/amb-tu-300x116.png\" alt=\"\" width=\"155\" height=\"60\" srcset=\"https:\/\/ccoo.app\/diputacio-de-barcelona\/wp-content\/blogs.dir\/6\/files\/sites\/186\/2020\/05\/amb-tu-300x116.png 300w, https:\/\/ccoo.app\/diputacio-de-barcelona\/wp-content\/blogs.dir\/6\/files\/sites\/186\/2020\/05\/amb-tu.png 389w\" sizes=\"auto, (max-width: 155px) 100vw, 155px\" \/><\/p>\n<p style=\"text-align: justify\"><span style=\"font-family: arial, helvetica, sans-serif;color: #000000\"><strong>Com funciona el perm\u00eds excepcional i retribu\u00eft 48J per conciliaci\u00f3?<\/strong> (fills\/filles menors, gent gran dependent o persones amb discapacitat i\/o depend\u00e8ncia a c\u00e0rrec): cliqueu <a href=\"https:\/\/diba.ccoo.cat\/permis-retribuit-excepcional-per-conciliacio-48\/\"><span style=\"font-family: 'arial black', sans-serif;color: #0000ff\">aqu\u00ed<\/span><\/a>.<\/span><\/p>\n<p>&nbsp;<\/p>\n<p><iframe loading=\"lazy\" title=\"Hauran de comptar amb nosaltres. Salut, treball i just\u00edcia social || 1r de maig del 2020.\" width=\"1200\" height=\"675\" src=\"https:\/\/www.youtube.com\/embed\/uS104R3aSJs?feature=oembed\" frameborder=\"0\" allow=\"accelerometer; autoplay; clipboard-write; encrypted-media; gyroscope; picture-in-picture; web-share\" allowfullscreen><\/iframe><\/p>\n<p>&nbsp;<\/p>\n<p><img loading=\"lazy\" decoding=\"async\" class=\"wp-image-5184 aligncenter\" src=\"http:\/\/ccoo.app\/diputacio-de-barcelona\/wp-content\/blogs.dir\/6\/files\/sites\/186\/2020\/03\/i-de-info-300x300.jpg\" alt=\"\" width=\"83\" height=\"83\" srcset=\"https:\/\/ccoo.app\/diputacio-de-barcelona\/wp-content\/blogs.dir\/6\/files\/sites\/186\/2020\/03\/i-de-info-300x300.jpg 300w, https:\/\/ccoo.app\/diputacio-de-barcelona\/wp-content\/blogs.dir\/6\/files\/sites\/186\/2020\/03\/i-de-info-150x150.jpg 150w, https:\/\/ccoo.app\/diputacio-de-barcelona\/wp-content\/blogs.dir\/6\/files\/sites\/186\/2020\/03\/i-de-info.jpg 626w\" sizes=\"auto, (max-width: 83px) 100vw, 83px\" \/><\/p>\n<p style=\"text-align: center\"><span style=\"font-family: 'arial black', sans-serif;font-size: 20px;color: #ffff00;background-color: #ff0000\">TOTA LA INFORMACI\u00d3 QUE NECESSITES<\/span><\/p>\n<p style=\"text-align: justify\"><span style=\"color: #000000;font-family: arial, helvetica, sans-serif\"><span style=\"background-color: #ffffff\">La <span style=\"font-family: 'arial black', sans-serif;background-color: #ffff00\">SECCI\u00d3 SINDICAL DE CCOO<\/span><\/span><strong> seguim treballant<\/strong> (de manera telem\u00e0tica) per poder <strong>donar resposta a tots els dubtes<\/strong> que tingueu o <strong>solucionar els problemes que es puguin generar.<\/strong><\/span><\/p>\n<p style=\"text-align: center\"><a href=\"mailto:ccoo@diba.cat\"><span style=\"color: #0000ff;font-family: 'arial black', sans-serif\"><strong>ccoo@diba.cat<\/strong><\/span><\/a><\/p>\n<p style=\"text-align: center\"><span style=\"font-family: 'arial black', sans-serif\"><a href=\"mailto:orgt.ssccoo@diba.cat\">orgt.ssccoo@diba.cat<\/a><\/span><\/p>\n<p><span style=\"font-family: arial, helvetica, sans-serif;color: #000000\">Podeu fer-nos arribar les vostres preguntes o dubtes. O si ho desitgeu, deixeu el vostre n\u00famero de tel\u00e8fon i ens posarem en contacte amb vosaltres.<\/span><\/p>\n<p><span style=\"font-family: arial, helvetica, sans-serif;color: #000000\">Tamb\u00e9 obtindreu informaci\u00f3 dia a dia a les xarxes socials: <span style=\"color: #0000ff;font-family: 'arial black', sans-serif\"><a style=\"color: #0000ff\" href=\"https:\/\/twitter.com\/CCOODiba\">Twitter<\/a><\/span> i <span style=\"font-family: 'arial black', sans-serif;color: #0000ff\"><a style=\"color: #0000ff\" href=\"https:\/\/www.facebook.com\/CcooDiputacioDeBarcelona\/\">Facebook.<\/a><\/span><\/span><\/p>\n<p style=\"text-align: justify\"><span style=\"font-family: arial, helvetica, sans-serif;color: #000000\">Recordeu que actualitzem constantment la nostra p\u00e0gina <span style=\"font-family: 'arial black', sans-serif;color: #0000ff\"><a style=\"color: #0000ff\" href=\"https:\/\/diba.ccoo.cat\/\">web<\/a><\/span><\/span><\/p>\n<p>&nbsp;<\/p>\n<p><img loading=\"lazy\" decoding=\"async\" class=\"wp-image-5130 aligncenter\" src=\"http:\/\/ccoo.app\/diputacio-de-barcelona\/wp-content\/blogs.dir\/6\/files\/sites\/186\/2020\/03\/diba-300x300.jpg\" alt=\"\" width=\"102\" height=\"102\" srcset=\"https:\/\/ccoo.app\/diputacio-de-barcelona\/wp-content\/blogs.dir\/6\/files\/sites\/186\/2020\/03\/diba-300x300.jpg 300w, https:\/\/ccoo.app\/diputacio-de-barcelona\/wp-content\/blogs.dir\/6\/files\/sites\/186\/2020\/03\/diba-150x150.jpg 150w, https:\/\/ccoo.app\/diputacio-de-barcelona\/wp-content\/blogs.dir\/6\/files\/sites\/186\/2020\/03\/diba.jpg 400w\" sizes=\"auto, (max-width: 102px) 100vw, 102px\" \/><\/p>\n<p style=\"text-align: justify\"><span style=\"color: #000000;font-family: arial, helvetica, sans-serif\"><span style=\"font-family: 'arial black', sans-serif;background-color: #ffff00\">INFORMACI\u00d3 CORPORATIVA<\/span> En termes generals \u00e9s important que:<\/span><\/p>\n<ul style=\"text-align: justify\">\n<li><span style=\"color: #000000;font-family: arial, helvetica, sans-serif\">Us mantingueu informats de les directrius i mesures que vagi adoptant la Diputaci\u00f3 de Barcelona mitjan\u00e7ant <strong>correu corporatiu<\/strong> i <strong>intradiba<\/strong> (<a href=\"https:\/\/dibaaps.diba.cat\/vus\/login.asp\"><span style=\"font-family: 'arial black', sans-serif;color: #0000ff\">cliqueu aqu\u00ed<\/span><\/a>)<\/span><\/li>\n<li><span style=\"color: #000000;font-family: arial, helvetica, sans-serif\">Estigueu pendents CONSTANTMENT de les directrius que us puguin fer arribar el vostres comandaments<\/span><\/li>\n<\/ul>\n<p>&nbsp;<\/p>\n<p><img loading=\"lazy\" decoding=\"async\" class=\"wp-image-5131 aligncenter\" src=\"http:\/\/ccoo.app\/diputacio-de-barcelona\/wp-content\/blogs.dir\/6\/files\/sites\/186\/2020\/03\/ccoo-catalunya-300x123.jpg\" alt=\"\" width=\"193\" height=\"79\" srcset=\"https:\/\/ccoo.app\/diputacio-de-barcelona\/wp-content\/blogs.dir\/6\/files\/sites\/186\/2020\/03\/ccoo-catalunya-300x123.jpg 300w, https:\/\/ccoo.app\/diputacio-de-barcelona\/wp-content\/blogs.dir\/6\/files\/sites\/186\/2020\/03\/ccoo-catalunya.jpg 350w\" sizes=\"auto, (max-width: 193px) 100vw, 193px\" \/><\/p>\n<p><span style=\"font-family: 'arial black', sans-serif;background-color: #ffff00;color: #000000\">TOTA LA INFORMACI\u00d3 A CCOO CATALUNYA<\/span><\/p>\n<ul>\n<li><span class=\"css-901oao css-16my406 r-1qd0xha r-ad9z0x r-bcqeeo r-qvutc0\" style=\"color: #000000\"><span style=\"font-family: arial, helvetica, sans-serif\">Preguntes freq\u00fcents sobre el Coronavirus i l&#8217;\u00e0mbit laboral:<\/span> <\/span>\u00a0<span style=\"font-family: 'arial black', sans-serif;color: #0000ff\"><a class=\"css-4rbku5 css-18t94o4 css-901oao css-16my406 r-1n1174f r-1loqt21 r-1qd0xha r-ad9z0x r-bcqeeo r-qvutc0\" style=\"color: #0000ff\" title=\"http:\/\/consultacoronavirus.ccoo.cat\" role=\"link\" href=\"https:\/\/t.co\/Xrpj3V7Bz3?amp=1\" target=\"_blank\" rel=\"noopener noreferrer\" data-focusable=\"true\"><span class=\"css-901oao css-16my406 r-1qd0xha r-hiw28u r-ad9z0x r-bcqeeo r-qvutc0\" aria-hidden=\"true\">http:\/\/<\/span>consultacoronavirus.ccoo.cat<\/a> <\/span><\/li>\n<li><span style=\"font-family: arial, helvetica, sans-serif;color: #000000\">Recull de totes les informacions ordenades sobre <\/span><strong><span style=\"font-family: arial, helvetica, sans-serif;color: #000000\">l&#8217;evoluci\u00f3 del coronavirus COVID-19 respecte del m\u00f3n del treball: <\/span><span style=\"font-family: 'arial black', sans-serif;color: #0000ff\"><a style=\"color: #0000ff\" href=\"https:\/\/www.ccoo.cat\/aspnet\/coronavirus.aspx\">https:\/\/www.ccoo.cat\/aspnet\/coronavirus.aspx<\/a><\/span><\/strong><\/li>\n<\/ul>\n<p>&nbsp;<\/p>\n<p><a href=\"https:\/\/diba.ccoo.cat\/ccoo-torna-a-ser-primer-sindicat-a-catalunya\/\"><img loading=\"lazy\" decoding=\"async\" class=\"size-medium wp-image-4877 aligncenter\" src=\"http:\/\/ccoo.app\/diputacio-de-barcelona\/wp-content\/blogs.dir\/6\/files\/sites\/186\/2020\/01\/ccoo-primer-sindicat-catalunya-300x117.jpg\" alt=\"\" width=\"300\" height=\"117\" srcset=\"https:\/\/ccoo.app\/diputacio-de-barcelona\/wp-content\/blogs.dir\/6\/files\/sites\/186\/2020\/01\/ccoo-primer-sindicat-catalunya-300x117.jpg 300w, https:\/\/ccoo.app\/diputacio-de-barcelona\/wp-content\/blogs.dir\/6\/files\/sites\/186\/2020\/01\/ccoo-primer-sindicat-catalunya.jpg 490w\" sizes=\"auto, (max-width: 300px) 100vw, 300px\" \/><\/a><\/p>\n<p><a href=\"https:\/\/www.ccoo.es\/noticia:391405\"><img loading=\"lazy\" decoding=\"async\" class=\"size-medium wp-image-4878 aligncenter\" src=\"http:\/\/ccoo.app\/diputacio-de-barcelona\/wp-content\/blogs.dir\/6\/files\/sites\/186\/2020\/01\/ccoo-primer-sindicat-a-espana-300x91.jpg\" alt=\"\" width=\"300\" height=\"91\" srcset=\"https:\/\/ccoo.app\/diputacio-de-barcelona\/wp-content\/blogs.dir\/6\/files\/sites\/186\/2020\/01\/ccoo-primer-sindicat-a-espana-300x91.jpg 300w, https:\/\/ccoo.app\/diputacio-de-barcelona\/wp-content\/blogs.dir\/6\/files\/sites\/186\/2020\/01\/ccoo-primer-sindicat-a-espana.jpg 477w\" sizes=\"auto, (max-width: 300px) 100vw, 300px\" \/><\/a><\/p>\n<p><a href=\"https:\/\/www.ccoo.cat\/noticia\/224842\/ccoo-lliura-els-seus-comptes-auditats-del-2018-a-la-sindicatura-de-comptes-de-catalunya#.XjRZA-mWycz\"><img loading=\"lazy\" decoding=\"async\" class=\"size-medium wp-image-4879 aligncenter\" src=\"http:\/\/ccoo.app\/diputacio-de-barcelona\/wp-content\/blogs.dir\/6\/files\/sites\/186\/2020\/01\/ccoo-primer-sindicat-sindicatura-300x95.jpg\" alt=\"\" width=\"300\" height=\"95\" srcset=\"https:\/\/ccoo.app\/diputacio-de-barcelona\/wp-content\/blogs.dir\/6\/files\/sites\/186\/2020\/01\/ccoo-primer-sindicat-sindicatura-300x95.jpg 300w, https:\/\/ccoo.app\/diputacio-de-barcelona\/wp-content\/blogs.dir\/6\/files\/sites\/186\/2020\/01\/ccoo-primer-sindicat-sindicatura.jpg 476w\" sizes=\"auto, (max-width: 300px) 100vw, 300px\" \/><\/a><\/p>\n<p>&nbsp;<\/p>\n<p>&nbsp;<\/p>\n<p>&nbsp;<\/p>\n<p>&nbsp;<\/p>\n<p>&nbsp;<\/p>\n<p>&nbsp;<\/p>\n<p>&nbsp;<\/p>\n<p>&nbsp;<\/p>\n<p>&nbsp;<\/p>\n<p>&nbsp;<\/p>\n<p>&nbsp;<\/p>\n<p>&nbsp;<\/p>\n<p>&nbsp;<\/p>\n<p>&nbsp;<\/p>\n<p>&nbsp;<\/p>\n<p>&nbsp;<\/p>\n<p>&nbsp;<\/p>\n<p>&nbsp;    \t<\/p>\n","protected":false},"excerpt":{"rendered":"<p>\u00a0 PERSONES TREBALLADORES ESPECIALMENT SENSIBLE AL COVID-19: PROCEDIMENT COMPLERT\u00a0 -actualitzaci\u00f3 23 DE MAIG DE 2020- &nbsp; QUI FORMA PART DELS GRUPS DE RISC FRONT AL CORONAVIRUS? Majors de 60 anys.\u00a0 &#8230; <\/p>\n<p class=\"read-more-container\"><a title=\"67\/COVID-19. COM HAS D&#8217;ACTUAR SI ET TROBES EN UN GRUP DE RISC PEL COVID-19?\" class=\"read-more button\" href=\"https:\/\/ccoo.app\/diputacio-de-barcelona\/grup-de-risc-pel-covid-19-3\/#more-5778\" aria-label=\"Leer m\u00e1s sobre 67\/COVID-19. COM HAS D&#8217;ACTUAR SI ET TROBES EN UN GRUP DE RISC PEL COVID-19?\">Continuar llegint<\/a><\/p>\n","protected":false},"author":4519,"featured_media":5225,"comment_status":"closed","ping_status":"closed","sticky":false,"template":"","format":"standard","meta":{"footnotes":""},"categories":[18,19],"tags":[64,89,127],"class_list":["post-5778","post","type-post","status-publish","format-standard","has-post-thumbnail","hentry","category-ccoo-info","category-comunicats","tag-baixes-laborals","tag-coronavirus","tag-its","generate-columns","tablet-grid-50","mobile-grid-100","grid-parent","grid-50"],"_links":{"self":[{"href":"https:\/\/ccoo.app\/diputacio-de-barcelona\/wp-json\/wp\/v2\/posts\/5778","targetHints":{"allow":["GET"]}}],"collection":[{"href":"https:\/\/ccoo.app\/diputacio-de-barcelona\/wp-json\/wp\/v2\/posts"}],"about":[{"href":"https:\/\/ccoo.app\/diputacio-de-barcelona\/wp-json\/wp\/v2\/types\/post"}],"author":[{"embeddable":true,"href":"https:\/\/ccoo.app\/diputacio-de-barcelona\/wp-json\/wp\/v2\/users\/4519"}],"replies":[{"embeddable":true,"href":"https:\/\/ccoo.app\/diputacio-de-barcelona\/wp-json\/wp\/v2\/comments?post=5778"}],"version-history":[{"count":1,"href":"https:\/\/ccoo.app\/diputacio-de-barcelona\/wp-json\/wp\/v2\/posts\/5778\/revisions"}],"predecessor-version":[{"id":50976,"href":"https:\/\/ccoo.app\/diputacio-de-barcelona\/wp-json\/wp\/v2\/posts\/5778\/revisions\/50976"}],"wp:featuredmedia":[{"embeddable":true,"href":"https:\/\/ccoo.app\/diputacio-de-barcelona\/wp-json\/wp\/v2\/media\/5225"}],"wp:attachment":[{"href":"https:\/\/ccoo.app\/diputacio-de-barcelona\/wp-json\/wp\/v2\/media?parent=5778"}],"wp:term":[{"taxonomy":"category","embeddable":true,"href":"https:\/\/ccoo.app\/diputacio-de-barcelona\/wp-json\/wp\/v2\/categories?post=5778"},{"taxonomy":"post_tag","embeddable":true,"href":"https:\/\/ccoo.app\/diputacio-de-barcelona\/wp-json\/wp\/v2\/tags?post=5778"}],"curies":[{"name":"wp","href":"https:\/\/api.w.org\/{rel}","templated":true}]}}