{"id":577,"date":"2016-03-18T12:44:29","date_gmt":"2016-03-18T11:44:29","guid":{"rendered":"https:\/\/diba.ccoo.cat\/plantilla_post-copy-copy-copy\/"},"modified":"2016-03-18T12:44:29","modified_gmt":"2016-03-18T11:44:29","slug":"resum-de-la-mesa-general-de-negociacio-18-03-2016","status":"publish","type":"post","link":"https:\/\/ccoo.app\/diputacio-de-barcelona\/resum-de-la-mesa-general-de-negociacio-18-03-2016\/","title":{"rendered":"RESUM MESA NEGOCIACI\u00d3 18.03.2016"},"content":{"rendered":"<p>&nbsp;<\/p>\n<p><img loading=\"lazy\" decoding=\"async\" class=\"wp-image-189\" title=\"Secci\u00f3 Sindical de la Diutaci\u00f3 de Barcelona de la Federaci\u00f3 Sindical de Catalunya\" src=\"http:\/\/ccoo.app\/diputacio-de-barcelona\/wp-content\/blogs.dir\/6\/files\/sites\/186\/2015\/12\/ccoo-fsc-cat.png\" alt=\"Secci\u00f3 Sindical de la Diputaci\u00f3 de Barcelona de la Federaci\u00f3 Sindical de Catalunya\" width=\"469\" height=\"90\" \/><\/p>\n<p class=\"wp-caption-text\">Secci\u00f3 Sindical de la Diputaci\u00f3 de Barcelona<\/p>\n<h3 style=\"text-align: center\"><\/h3>\n<h3 style=\"text-align: center\"><strong><span style=\"color: #ff0000\">RESUM DE LA MESFRA\u00a0GENERAL DE NEGOCIACI\u00d3<\/span><\/strong><\/h3>\n<p style=\"text-align: center\"><span style=\"color: #ff0000\">-18 MAR\u00c7 DE 2016-<\/span><\/p>\n<h3 style=\"text-align: center\"><strong><span style=\"color: #ff0000\"><img decoding=\"async\" class=\"WACImage SCX164041445 alignleft\" src=\"https:\/\/word-edit.officeapps.live.com\/we\/ResReader.ashx?v=00000000-0000-0000-0000-000000000014&amp;n=E2o9.img&amp;rndm=c57f0255-bacb-48b4-8a6d-00bb353aa983&amp;WOPIsrc=https%3A%2F%2Fwopi%2Dtest%2Edropbox%2Ecom%2Fwopi%2Ffiles%2FsOUhOhT5gcAAAAAAAAAAXg&amp;access_token=ZTE1MTVhNDItNzBmNC00OTQ4LTk0MmItYmU2MWY0M2Y0OTQ0&amp;access_token_ttl=1477483213674&amp;usid=101e9ef3-9c6c-4330-9cf9-5fbcc6c1be03&amp;build=16.0.7420.2276&amp;waccluster=NL1\" alt=\"Cuadro de texto\" \/><\/span><\/strong><\/h3>\n<p style=\"text-align: justify\"><b>Divendres 18 de mar\u00e7, tal com hav\u00edem consensuat tots els sindicats el dia 10 de mar\u00e7<\/b><b> (aix\u00ed consta en act<\/b><b>a<\/b><b>)<\/b><b>,\u00a0 va tenir lloc un<\/b><b>a<\/b><b> nova reuni\u00f3 de la Mesa de Negociaci\u00f3 amb un \u00fanic punt a l&#8217;ordre del dia:<\/b> <b>Aspectes vinculats amb la condici\u00f3 de personal inter\u00ed. Pla d&#8217;estabilitat<\/b><b>.<\/b><\/p>\n<p style=\"text-align: justify\"><b>La corporaci\u00f3 ens van fer entrega d\u2019una proposta <\/b><b>d\u2019acord <\/b><b>per escrit que contempla <\/b><b>diversos<\/b> <b>\u00e0mbits:<\/b><\/p>\n<ul>\n<li><b>Nomenament de \u201cfins a provisi\u00f3\u201d<\/b><b> del personal inter\u00ed<\/b><b> (<\/b><b>aplantillament<\/b><b>)<\/b><\/li>\n<li><b>Oferta Ocupaci\u00f3 P<\/b><b>\u00fa<\/b><b>blica <\/b><b>(Taxa de reposici\u00f3 LPGE 2016)<\/b><\/li>\n<li><b>Mobilitat del personal<\/b><b> inter\u00ed dins de l\u2019administraci\u00f3<\/b><\/li>\n<li><b>Equiparaci\u00f3 de drets<\/b><\/li>\n<\/ul>\n<p style=\"text-align: justify\"><b>Ara ens toca <\/b><b>analitzar el document en<\/b><b> profunditat<\/b><b>.<\/b> <b>En una primera lectura, dir-vos que la proposta ens genera molts dubtes i interrogants respecte a la seva aplicaci\u00f3,\u00a0 especialment l&#8217;apartat sobre \u201c<\/b><b>aplantillament<\/b><b>\u201d. Altres a<\/b><b>spectes de la proposta s\u00f3n, <\/b><b>des del nostre punt de vista<\/b><b>,<\/b><b> encara insuficients.\u00a0<\/b><\/p>\n<p style=\"text-align: justify\"><b>E<\/b><b>ntenem que \u00e9s important la participaci\u00f3<\/b><b> per poder introduir modificacions<\/b><b> i esmenes<\/b><b>. <\/b><b>Per la qual cosa i amb aquest objectiu, <\/b><b>hem convocat a la nostra afiliaci\u00f3 i per extensi\u00f3 a tot el personal a <\/b><b>dues sessions <\/b><b>(<\/b><b>de <\/b><b>mat\u00ed i tarda<\/b><b> per a facilitar l&#8217;assist\u00e8ncia<\/b><b>) <\/b><b>de treball:<\/b><\/p>\n<ul>\n<li><b>Dimecres <\/b><b>6 d\u2019abril<\/b><b>, de 16.00 \u2013 19<\/b><b>:00<\/b><\/li>\n<li><b>Dijous 7 d\u2019abril<\/b><b>, de 10:00 \u2013 1<\/b><b>3<\/b><b>:00<\/b><\/li>\n<\/ul>\n<p style=\"text-align: justify\"><b>El lloc <\/b><b>ser\u00e0<\/b><b> al carrer Mallorca, n\u00ba<\/b> <b>244, 1r<\/b> <b>2<\/b><b>a<\/b><b>.<\/b><\/p>\n<p style=\"text-align: justify\"><b>Respecte<\/b><b> al <\/b><b>Re<\/b><b>glament de Borses<\/b><b>, dir-vos que la corporaci<\/b><b>\u00f3 <\/b><b>s\u2019<\/b><b>ha <\/b><b>comprom\u00e8s<\/b><b> a tenir una propo<\/b><b>sta <\/b><b>concreta <\/b><b>de reglament, que far\u00e0 arribar als sindicats, com a molt tard el<\/b><b> dia 28<\/b><b> d\u2019abril.<\/b><b>\u00a0<\/b><\/p>\n<p style=\"text-align: justify\"><b>A final de<\/b> <b>l<\/b><b>\u2019<\/b><b>any passat, <\/b><b>CCOO <\/b><b>ja vam enviar la nostra proposta de reglament tant a la corporaci\u00f3 com a la resta de sindicats. <\/b><b>\u00c9<\/b><b>s per aix\u00f2 que vam indicar a la reuni\u00f3 de la Mesa del dia 18 de mar\u00e7 la nostra sorpresa <\/b><b>per haver d\u2019<\/b><b>esperar fins a final d\u2019abril per rebre una resposta.<\/b> <b>Entenem que \u00e9s urgent i prioritari <\/b><b>donar <\/b><b>respo<\/b><b>sta <\/b><b>als dubtes i situacions q\u00fcestionables <\/b><b>que la manca d\u2019una reglamentaci\u00f3 clara i transparent <\/b><b>ha <\/b><b>generat. Per tant, ens fixem com a molt tard el mes de maig per solucionar aquest tema.<\/b><\/p>\n<p style=\"text-align: justify\"><b><span style=\"color: #ff0000\">AVIAT \u00c9S CONSTITUIR\u00c0 LA TAULA DE MOBILITAT<\/span>\u00a0<\/b><b>Tamb\u00e9 ens van informar que la corporaci\u00f3 ja est\u00e0 prenent mesures per a constituir aviat una Taula de Mobilitat pel personal de la <\/b><b>DiBa<\/b><b>.\u00a0<\/b><\/p>\n<p style=\"text-align: justify\"><b>Us recordem que <\/b><b>aquesta \u00e9s una reivindicaci\u00f3 hist\u00f2rica de CCOO <\/b><b>DiBa<\/b><b> i ens <\/b><b>felicitem<\/b><b> que finalment <\/b><b>la Diputaci\u00f3 hagi ent\u00e8s que era necessari i important tirar endavant.<\/b> <b>(m\u00e9s<\/b><b> info<\/b><b>rmaci\u00f3<\/b><b> al document adjunt)<\/b><\/p>\n<p style=\"text-align: justify\"><b>L&#8217;objectiu<\/b><b> \u00e9s millorar l&#8217;accessibilitat i <\/b><b>augmentar la seguretat en els despla\u00e7aments abans, <\/b><b>durant i despr\u00e9s de la jornada. Apostar<\/b><b> pel <\/b><b>transport p\u00fablic<\/b><b> incentivant el personal<\/b><b>. <\/b><b>Aplicar <\/b><b>mesures per afavorir entre el personal <\/b><b>l&#8217;\u00fas de la bicicleta<\/b><b> creant aparcaments segurs i vestuaris<\/b><b> amb dutxes<\/b><b> pels<\/b><b> treballadors\/es<\/b><b>. \u00d2bviament hi ha molts altres aspectes on incidir<\/b><b> per afavorir el transport sostenible<\/b><b>.<\/b><b>\u00a0<\/b><b>\u00a0<\/b><\/p>\n<p style=\"text-align: justify\"><b>P<\/b><b>er exemple, <\/b><b>a<\/b><b>ls despla\u00e7ament<\/b><b>s<\/b> <b>durant <\/b><b>la jornada (en missi\u00f3) s\u2019haurien<\/b><b> de trobar solucions als diferents <\/b><b>col\u00b7lectius que per a exercir les seves funcions han de despla\u00e7ar-se.<\/b> <b>A<\/b><b>doptar mesures com millorar la cobertura extra d\u2019asseguran\u00e7a, negociar compensacions econ\u00f2miques i realitzar formaci\u00f3 de conducci\u00f3 segura<\/b><b>,<\/b><b> entre <\/b><b>d\u2019<\/b><b>altres coses que es puguin considerar.\u00a0<\/b><\/p>\n<p style=\"text-align: justify\"><b>Gestionar la <\/b><b>mobilitat <\/b><b>dins dels recintes<\/b><b>.<\/b><b> Per ex<\/b><b>emple a <\/b><b>Mundet<\/b><b>, una proposta seria <\/b><b>ampliar al mat\u00ed l\u2019horari del<\/b> <b>Bus<\/b><b> per a donar servei no nom\u00e9s a la universitat sin\u00f3 tamb\u00e9 al personal de la Diputaci\u00f3 que treballa all\u00e0.\u00a0<\/b><\/p>\n<p style=\"text-align: justify\"><b>Tamb\u00e9 <\/b><b>es podria <\/b><b>estudiar la<\/b><b> implantaci\u00f3 del <\/b><b>teletreball.<\/b> <b>S\u2019hauria de veure quins llocs de treball permeten aquesta modalitat i en quines condicions.\u00a0<\/b><\/p>\n<p style=\"text-align: justify\"><b>Ara estarem atents a quan<\/b> <b>i com <\/b><b>e<\/b><b>s <\/b><b>constitueix <\/b><b>aquesta Taula de <\/b><b>Mobilitat. \u00d2bviament, entenem que <\/b><b>\u00e9<\/b><b>s fonamental que els sindicats en formin part i puguin participar activament.<\/b><\/p>\n<p style=\"text-align: center\">* \u00a0* \u00a0* \u00a0* \u00a0*<\/p>\n<p><img loading=\"lazy\" decoding=\"async\" class=\"alignleft wp-image-226\" src=\"http:\/\/ccoo.app\/diputacio-de-barcelona\/wp-content\/blogs.dir\/6\/files\/sites\/186\/2016\/04\/estem-decidits-acontinuar-lluitant.png\" alt=\"Estem decidits a continuar lluitant !\" width=\"213\" height=\"89\" \/><\/p>\n<p><img loading=\"lazy\" decoding=\"async\" class=\"wp-image-262 alignright\" src=\"http:\/\/ccoo.app\/diputacio-de-barcelona\/wp-content\/blogs.dir\/6\/files\/sites\/186\/2016\/04\/afiliat_ccoo_cat.gif\" alt=\"Tota la informaci\u00f3 de com afiliar-se a CCOO Catalunya i forlmulari d'alta o baxia.\" width=\"90\" height=\"80\" \/><\/p>\n<p><img loading=\"lazy\" decoding=\"async\" class=\"wp-image-227 aligncenter\" src=\"http:\/\/ccoo.app\/diputacio-de-barcelona\/wp-content\/blogs.dir\/6\/files\/sites\/186\/2016\/04\/logo-peu-300x69.png\" alt=\"logo-peu\" width=\"952\" height=\"219\" srcset=\"https:\/\/ccoo.app\/diputacio-de-barcelona\/wp-content\/blogs.dir\/6\/files\/sites\/186\/2016\/04\/logo-peu-300x69.png 300w, https:\/\/ccoo.app\/diputacio-de-barcelona\/wp-content\/blogs.dir\/6\/files\/sites\/186\/2016\/04\/logo-peu.png 557w\" sizes=\"auto, (max-width: 952px) 100vw, 952px\" \/><\/p>\n<p style=\"text-align: center\"><small><\/small><small>Formulari d&#8217;<a href=\"\/afiliat\/\">alta<\/a>, <a href=\"\/afiliat\/\">baixa <\/a>o <a href=\"\/afiliat\/\">modificaci\u00f3 <\/a>de les dades personals o<br \/>\ncontacta&#8217;ns a trav\u00e9s del tel\u00e8fon<strong> 934 022 985<\/strong> o correu: <a href=\"mailto:ccoo@diba.cat\"><strong>ccoo@diba.cat<\/strong><\/a><\/small><\/p>\n","protected":false},"excerpt":{"rendered":"<p>&nbsp; Secci\u00f3 Sindical de la Diputaci\u00f3 de Barcelona RESUM DE LA MESFRA\u00a0GENERAL DE NEGOCIACI\u00d3 -18 MAR\u00c7 DE 2016- Divendres 18 de mar\u00e7, tal com hav\u00edem consensuat tots els sindicats el &#8230; <\/p>\n<p class=\"read-more-container\"><a title=\"RESUM MESA NEGOCIACI\u00d3 18.03.2016\" class=\"read-more button\" href=\"https:\/\/ccoo.app\/diputacio-de-barcelona\/resum-de-la-mesa-general-de-negociacio-18-03-2016\/#more-577\" aria-label=\"Leer m\u00e1s sobre RESUM MESA NEGOCIACI\u00d3 18.03.2016\">Continuar llegint<\/a><\/p>\n","protected":false},"author":4519,"featured_media":255,"comment_status":"open","ping_status":"open","sticky":false,"template":"","format":"standard","meta":{"footnotes":""},"categories":[38,19,24,26,31],"tags":[148,154,169,179],"class_list":["post-577","post","type-post","status-publish","format-standard","has-post-thumbnail","hentry","category-a-tot-el-personal","category-comunicats","category-interins","category-mgn","category-personal-interi-comunicats","tag-mesa-general-negociacio","tag-mobilitat-teletreball","tag-pamo","tag-personal-interi-seleccio-borses-treball","generate-columns","tablet-grid-50","mobile-grid-100","grid-parent","grid-50"],"_links":{"self":[{"href":"https:\/\/ccoo.app\/diputacio-de-barcelona\/wp-json\/wp\/v2\/posts\/577","targetHints":{"allow":["GET"]}}],"collection":[{"href":"https:\/\/ccoo.app\/diputacio-de-barcelona\/wp-json\/wp\/v2\/posts"}],"about":[{"href":"https:\/\/ccoo.app\/diputacio-de-barcelona\/wp-json\/wp\/v2\/types\/post"}],"author":[{"embeddable":true,"href":"https:\/\/ccoo.app\/diputacio-de-barcelona\/wp-json\/wp\/v2\/users\/4519"}],"replies":[{"embeddable":true,"href":"https:\/\/ccoo.app\/diputacio-de-barcelona\/wp-json\/wp\/v2\/comments?post=577"}],"version-history":[{"count":0,"href":"https:\/\/ccoo.app\/diputacio-de-barcelona\/wp-json\/wp\/v2\/posts\/577\/revisions"}],"wp:featuredmedia":[{"embeddable":true,"href":"https:\/\/ccoo.app\/diputacio-de-barcelona\/wp-json\/wp\/v2\/media\/255"}],"wp:attachment":[{"href":"https:\/\/ccoo.app\/diputacio-de-barcelona\/wp-json\/wp\/v2\/media?parent=577"}],"wp:term":[{"taxonomy":"category","embeddable":true,"href":"https:\/\/ccoo.app\/diputacio-de-barcelona\/wp-json\/wp\/v2\/categories?post=577"},{"taxonomy":"post_tag","embeddable":true,"href":"https:\/\/ccoo.app\/diputacio-de-barcelona\/wp-json\/wp\/v2\/tags?post=577"}],"curies":[{"name":"wp","href":"https:\/\/api.w.org\/{rel}","templated":true}]}}