{"id":5769,"date":"2020-05-04T00:26:35","date_gmt":"2020-05-03T23:26:35","guid":{"rendered":"https:\/\/diba.ccoo.cat\/?p=5769"},"modified":"2023-02-22T18:39:43","modified_gmt":"2023-02-22T17:39:43","slug":"suport-i-atencio-psicologica-2","status":"publish","type":"post","link":"https:\/\/ccoo.app\/diputacio-de-barcelona\/suport-i-atencio-psicologica-2\/","title":{"rendered":"66\/COVID-19. PROC\u00c9S DE DESESCALADA A LA DIPUTACI\u00d3 DE BARCELONA"},"content":{"rendered":"<p class=\"wp-caption-text\"><a href=\"https:\/\/diba.ccoo.cat\/\"><img loading=\"lazy\" decoding=\"async\" class=\"wp-image-1853 alignleft\" src=\"http:\/\/ccoo.app\/diputacio-de-barcelona\/wp-content\/blogs.dir\/6\/files\/sites\/186\/2018\/01\/logoccoov18.jpg\" alt=\"\" width=\"137\" height=\"63\" \/><\/a><\/p>\n<p><a href=\"http:\/\/ccoo.app\/diputacio-de-barcelona\/wp-content\/blogs.dir\/6\/files\/sites\/186\/2020\/05\/04-05-2020-comunicat.pdf\"><img loading=\"lazy\" decoding=\"async\" class=\"alignnone wp-image-5366\" src=\"http:\/\/ccoo.app\/diputacio-de-barcelona\/wp-content\/blogs.dir\/6\/files\/sites\/186\/2020\/04\/documentacio-adjunta-300x296.png\" alt=\"\" width=\"122\" height=\"120\" srcset=\"https:\/\/ccoo.app\/diputacio-de-barcelona\/wp-content\/blogs.dir\/6\/files\/sites\/186\/2020\/04\/documentacio-adjunta-300x296.png 300w, https:\/\/ccoo.app\/diputacio-de-barcelona\/wp-content\/blogs.dir\/6\/files\/sites\/186\/2020\/04\/documentacio-adjunta.png 667w\" sizes=\"auto, (max-width: 122px) 100vw, 122px\" \/><\/a><\/p>\n<p style=\"text-align: center\"><span style=\"font-family: 'arial black', sans-serif;font-size: 24px;color: #0000ff\"><strong>PROC\u00c9S DE DESESCALADA A LA DIPUTACI\u00d3 DE BARCELONA<\/strong><\/span><\/p>\n<p style=\"text-align: center\"><span style=\"font-family: 'arial black', sans-serif\">TREBALL PRESENCIAL I TELETREBALL<\/span><\/p>\n<p style=\"text-align: center\"><span style=\"font-family: 'arial black', sans-serif\">CCOO ENVIEM LES NOSTRES ESMENES AL DOCUMENT ENVIAT PER A LA CORPORACI\u00d3<\/span><\/p>\n<p style=\"text-align: center\"><span style=\"font-family: arial, helvetica, sans-serif;color: #000000\">-4 de maig de 2020-<\/span><\/p>\n<p style=\"text-align: justify\"><span style=\"color: #000000;font-family: arial, helvetica, sans-serif\">Avui, tindr\u00e0 lloc una <strong>nova reuni\u00f3 telem\u00e0tica<\/strong> de la comissi\u00f3 que est\u00e0 treballant el document-proposta d\u2019establiment de criteris generals pel proc\u00e9s de desescalada. Divendres, vam enviar les nostres esmenes al document rebut.<\/span><\/p>\n<p style=\"text-align: justify\"><span style=\"color: #000000;font-family: arial, helvetica, sans-serif\">El 15 d\u2019abril CCOO vam trametre a la corporaci\u00f3 3 escrits amb les nostres propostes que es poden resumir en els seg\u00fcents punts (cliqueu aqu\u00ed):<\/span><\/p>\n<ul style=\"text-align: justify\">\n<li><span style=\"color: #000000;font-family: arial, helvetica, sans-serif\">Mantenir el m\u00e0xim nombre possible de persones en el sistema de treball a dist\u00e0ncia<\/span><\/li>\n<li><span style=\"color: #000000;font-family: arial, helvetica, sans-serif\">M\u00e0ximes mesures de protecci\u00f3 front al COVID-19 per als casos on es determini treball presencial:<\/span>\n<ul style=\"text-align: justify\">\n<li><span style=\"color: #000000;font-family: arial, helvetica, sans-serif\">Llocs d\u2019atenci\u00f3 directa (XBM, ORGT, Registre, Llibreria, etc): implementaci\u00f3 de mesures refor\u00e7ades (cliqueu <span style=\"font-family: 'arial black', sans-serif;color: #0000ff\"><a style=\"color: #0000ff\" href=\"http:\/\/ccoo.app\/diputacio-de-barcelona\/wp-content\/blogs.dir\/6\/files\/sites\/186\/2020\/04\/1-proposta-ccoo-treball-presencial-post-estat-dalerta.pdf\">aqu\u00ed<\/a><\/span>)<\/span><\/li>\n<li><span style=\"font-family: arial, helvetica, sans-serif;color: #000000\">Oficines de l\u2019ORGT: barreres f\u00edsiques efectives per a\u00efllar l\u2019espai d\u2019atenci\u00f3 al p\u00fablic i vigilant\/a de seguretat (cliqueu <span style=\"color: #0000ff;font-family: 'arial black', sans-serif\"><a style=\"color: #0000ff\" href=\"https:\/\/diba.ccoo.cat\/propostes-pensades-per-despres-de-lestat-dalerta-3\/\">aqu\u00ed<\/a><\/span>)<\/span><\/li>\n<\/ul>\n<\/li>\n<\/ul>\n<p style=\"text-align: justify\"><span style=\"color: #000000;font-family: arial, helvetica, sans-serif\"><strong>\u00a0<\/strong><\/span><\/p>\n<p style=\"text-align: justify\"><span style=\"color: #000000;font-family: 'arial black', sans-serif;background-color: #ffff00\"><strong>AMB <u>CAR\u00c0CTER PREVI<\/u> A L\u2019INICI DE L\u2019ACTIVITAT PRESENCIAL, CCOO CONSIDEREM IMPRESCINDIBLE:<\/strong><\/span><\/p>\n<ul style=\"text-align: justify\">\n<li><span style=\"color: #000000;font-family: arial, helvetica, sans-serif\">Con\u00e8ixer, el <strong>llistat<\/strong> exacte (nombre, centre de treball, jornada i horari, data d\u2019incorporaci\u00f3, etc) de les persones treballadores que hauran de reprendre l\u2019activitat<\/span><\/li>\n<li><span style=\"color: #000000;font-family: arial, helvetica, sans-serif\"><strong>Neteja especialitzada<\/strong> dels edificis i vehicles corporatius (i establiment de mecanismes de manteniment)<\/span><\/li>\n<li><span style=\"color: #000000;font-family: arial, helvetica, sans-serif\">Establir la <strong>condici\u00f3 <em>sine qua non<\/em><\/strong> de que no es podr\u00e0 reemprendre l\u2019activitat si no hi ha garantia de compliment de totes les mesures contemplades en el protocol<\/span><\/li>\n<li><span style=\"color: #000000;font-family: arial, helvetica, sans-serif\">Que el personal rebi (abans de reincorporar-se) <strong>instruccions clares respecte a jornada, horari i un curs de formaci\u00f3<\/strong> sobre les noves mesures preventives que haur\u00e0 de seguir<\/span><\/li>\n<li><span style=\"color: #000000;font-family: arial, helvetica, sans-serif\">Redoblar esfor\u00e7os per a <strong>minimitzar<\/strong> el nombre de treballadors i treballadores susceptibles d\u2019acollir-se a la <strong>modalitat de treball presencial <\/strong><\/span><span style=\"color: #000000;font-family: arial, helvetica, sans-serif\">(fins i tot en els casos d\u2019atenci\u00f3 directa)<\/span><\/li>\n<li><span style=\"color: #000000;font-family: arial, helvetica, sans-serif\">Establir clarament que al <strong>personal de Diputaci\u00f3<\/strong> de Barcelona que treballa a la <strong>Xarxa de Biblioteques Municipals, personal de l&#8217;ORGT o d\u2019altres<\/strong> que puguin tenir el seu lloc de treball encabit en depend\u00e8ncies municipals, el <strong>ser\u00e0 d\u2019aplicaci\u00f3 el protocol,<\/strong> no delegant en cap cas les decisions en mat\u00e8ria de la seva salut als ajuntaments.<\/span><\/li>\n<li><span style=\"color: #000000;font-family: arial, helvetica, sans-serif\"><strong>Redistribuci\u00f3 dels espais<\/strong> de treball per a garantir la dist\u00e0ncia m\u00ednima de seguretat.<\/span><\/li>\n<li><span style=\"color: #000000;font-family: arial, helvetica, sans-serif\">Instal\u00b7laci\u00f3 (i garantia de reposici\u00f3) de <strong>material de protecci\u00f3<\/strong> aix\u00ed com establir-ne responsables del seu manteniment.<\/span><\/li>\n<li><span style=\"color: #000000;font-family: arial, helvetica, sans-serif\">Que el protocol sigui <strong>d\u2019aplicaci\u00f3 tamb\u00e9 als seus organismes aut\u00f2noms<\/strong>, la <em>Xarxa Audiovisual Local<\/em>, la <em>Fundaci\u00f3n Democracia y Gobierno Local<\/em> i a la resta d\u2019ens que formen part del sector p\u00fablic de la Diputaci\u00f3 de Barcelona.<\/span><\/li>\n<li><span style=\"color: #000000;font-family: arial, helvetica, sans-serif\">Determinar la <strong>no incorporaci\u00f3 del personal major de 60 anys i<\/strong> dels acreditin formar part dels col\u00b7lectius <strong>\u201cvulnerables\u201d<\/strong> al contagi per a COVID-19 (prendre tamb\u00e9 en consideraci\u00f3 les persones treballadores amb discapacitat que hi ha a la corporaci\u00f3).<\/span><\/li>\n<\/ul>\n<p style=\"text-align: justify\"><span style=\"color: #000000;font-family: arial, helvetica, sans-serif\">\u00d2bviament, cal que es compleixin i mantinguin totes les mesures preventives un cop iniciada l\u2019activitat presencial. <\/span><\/p>\n<p style=\"text-align: justify\"><span style=\"color: #000000;font-family: 'arial black', sans-serif;background-color: #ffff00\">MARC REGULADOR INICIAL DEL TREBALL A DIST\u00c0NCIA<\/span><\/p>\n<p style=\"text-align: justify\"><span style=\"color: #000000;font-family: arial, helvetica, sans-serif\">Al protocol s\u2019inclou la necessitat de garantir la disponibilitat de material inform\u00e0tic per a tot el personal i llocs de treball compatibles amb modalitats de treball no presencial.<\/span><\/p>\n<p style=\"text-align: justify\"><span style=\"color: #000000;font-family: arial, helvetica, sans-serif\">A m\u00e9s, inclou una <strong>inicial i molt b\u00e0sica regulaci\u00f3<\/strong> del treball a dist\u00e0ncia. CCOO demanem introduir els seg\u00fcents elements:<\/span><\/p>\n<ul style=\"text-align: justify\">\n<li><span style=\"color: #000000;font-family: arial, helvetica, sans-serif\">Establir que ser\u00e0 d\u2019aplicaci\u00f3 la llei org\u00e0nica 3\/2018 de p<strong>rotecci\u00f3 de dades personals i garanties de drets digitals quant a la desconnexi\u00f3.<\/strong> Ni els i les treballadores hauran de rebre comunicacions fora de l\u2019horari definit ni els i les comandaments les podran emetre.<\/span><\/li>\n<li><span style=\"color: #000000;font-family: arial, helvetica, sans-serif\">Solucions efectives per a garantir <strong>condicions d\u2019ergonomia i seguretat<\/strong> (cadires ergon\u00f2miques, reposapeus, etc).<\/span><\/li>\n<li><span style=\"color: #000000;font-family: arial, helvetica, sans-serif\">L\u2019OPRL, en coordinaci\u00f3 i participaci\u00f3 dels delegats i delegades de prevenci\u00f3, haur\u00e0 de garantir la <strong>seguretat i salut<\/strong> del personal (especialment prestant atenci\u00f3 als <strong>riscos psicosocials associats<\/strong> a l&#8217;a\u00efllament, al nivell d&#8217;exig\u00e8ncia i control, a l&#8217;estr\u00e8s d\u2019haver de fer front a noves tecnologies, entre d\u2019altres).<\/span><\/li>\n<li><span style=\"color: #000000;font-family: arial, helvetica, sans-serif\"><strong>Accidents<\/strong> de treball en el lloc de treball a dist\u00e0ncia (RD.8\/2015, de 30 d\u2019octubre).<\/span><\/li>\n<li><span style=\"color: #000000;font-family: arial, helvetica, sans-serif\">Establiment d\u2019una <strong>compensaci\u00f3 econ\u00f2mica<\/strong> per a despeses generades pel treball des de casa (llum, internet, telefonia, etc).<\/span><\/li>\n<\/ul>\n<p style=\"text-align: justify\"><span style=\"color: #000000;font-family: arial, helvetica, sans-serif\">M\u00e9s enll\u00e0 d\u2019aquesta regulaci\u00f3 inicial, CCOO creiem imprescindible disposar d\u2019un acord negociat abans de l\u2019estiu (cliqueu <a href=\"https:\/\/diba.ccoo.cat\/propostes-pensades-per-despres-de-lestat-dalerta\/\"><span style=\"color: #0000ff;font-family: 'arial black', sans-serif\"><strong>aqu\u00ed<\/strong><\/span><\/a>).<\/span><\/p>\n<p style=\"text-align: justify\"><span style=\"color: #000000;font-family: 'arial black', sans-serif;background-color: #ffff00\">AVUI REUNI\u00d3 TELEM\u00c0TICA <\/span><\/p>\n<p style=\"text-align: justify\"><span style=\"color: #000000;font-family: arial, helvetica, sans-serif\">\u00c9s la nostra intenci\u00f3, seguir treballant i col\u00b7laborant amb la corporaci\u00f3 i la resta de sindicats, per a donar les m\u00e0ximes garanties de protecci\u00f3 i seguretat front al risc de contagis.<\/span><\/p>\n<p style=\"text-align: justify\"><span style=\"color: #000000;font-family: arial, helvetica, sans-serif\">La lluita contra aquesta terrible pand\u00e8mia no ha acabat i exigeix precauci\u00f3 i prud\u00e8ncia alhora d\u2019implementar mesures. Esperem doncs que entre tots i totes puguem minimitzar al m\u00e0xim, en les pr\u00f2ximes setmanes i mesos, l\u2019impacte del COVID-19 sobre la nostra plantilla.<\/span><\/p>\n<p>&nbsp;<\/p>\n<p><img loading=\"lazy\" decoding=\"async\" class=\"wp-image-5184 aligncenter\" src=\"http:\/\/ccoo.app\/diputacio-de-barcelona\/wp-content\/blogs.dir\/6\/files\/sites\/186\/2020\/03\/i-de-info-300x300.jpg\" alt=\"\" width=\"70\" height=\"70\" srcset=\"https:\/\/ccoo.app\/diputacio-de-barcelona\/wp-content\/blogs.dir\/6\/files\/sites\/186\/2020\/03\/i-de-info-300x300.jpg 300w, https:\/\/ccoo.app\/diputacio-de-barcelona\/wp-content\/blogs.dir\/6\/files\/sites\/186\/2020\/03\/i-de-info-150x150.jpg 150w, https:\/\/ccoo.app\/diputacio-de-barcelona\/wp-content\/blogs.dir\/6\/files\/sites\/186\/2020\/03\/i-de-info.jpg 626w\" sizes=\"auto, (max-width: 70px) 100vw, 70px\" \/><\/p>\n<p style=\"text-align: center\"><span style=\"font-family: 'arial black', sans-serif;font-size: 20px;color: #ffff00;background-color: #ff0000\">TOTA LA INFORMACI\u00d3 QUE NECESSITES<\/span><\/p>\n<p style=\"text-align: justify\"><span style=\"color: #000000;font-family: arial, helvetica, sans-serif\"><span style=\"background-color: #ffffff\">La <span style=\"font-family: 'arial black', sans-serif;background-color: #ffff00\">SECCI\u00d3 SINDICAL DE CCOO<\/span><\/span><strong> seguim treballant<\/strong> (de manera telem\u00e0tica) per poder <strong>donar resposta a tots els dubtes<\/strong> que tingueu o <strong>solucionar els problemes que es puguin generar.<\/strong><\/span><\/p>\n<p style=\"text-align: center\"><a href=\"mailto:ccoo@diba.cat\"><span style=\"color: #0000ff;font-family: 'arial black', sans-serif\"><strong>ccoo@diba.cat<\/strong><\/span><\/a><\/p>\n<p style=\"text-align: center\"><span style=\"font-family: 'arial black', sans-serif\"><a href=\"mailto:orgt.ssccoo@diba.cat\">orgt.ssccoo@diba.cat<\/a><\/span><\/p>\n<p><span style=\"font-family: arial, helvetica, sans-serif;color: #000000\">Podeu fer-nos arribar les vostres preguntes o dubtes. O si ho desitgeu, deixeu el vostre n\u00famero de tel\u00e8fon i ens posarem en contacte amb vosaltres.<\/span><\/p>\n<p><span style=\"font-family: arial, helvetica, sans-serif;color: #000000\">Tamb\u00e9 obtindreu informaci\u00f3 dia a dia a les xarxes socials: <span style=\"color: #0000ff;font-family: 'arial black', sans-serif\"><a style=\"color: #0000ff\" href=\"https:\/\/twitter.com\/CCOODiba\">Twitter<\/a><\/span> i <span style=\"font-family: 'arial black', sans-serif;color: #0000ff\"><a style=\"color: #0000ff\" href=\"https:\/\/www.facebook.com\/CcooDiputacioDeBarcelona\/\">Facebook.<\/a><\/span><\/span><\/p>\n<p style=\"text-align: justify\"><span style=\"font-family: arial, helvetica, sans-serif;color: #000000\">Recordeu que actualitzem constantment la nostra p\u00e0gina <span style=\"font-family: 'arial black', sans-serif;color: #0000ff\"><a style=\"color: #0000ff\" href=\"https:\/\/diba.ccoo.cat\/\">web<\/a><\/span><\/span><\/p>\n<p>&nbsp;<\/p>\n<p><img loading=\"lazy\" decoding=\"async\" class=\"wp-image-5130 aligncenter\" src=\"http:\/\/ccoo.app\/diputacio-de-barcelona\/wp-content\/blogs.dir\/6\/files\/sites\/186\/2020\/03\/diba-300x300.jpg\" alt=\"\" width=\"102\" height=\"102\" srcset=\"https:\/\/ccoo.app\/diputacio-de-barcelona\/wp-content\/blogs.dir\/6\/files\/sites\/186\/2020\/03\/diba-300x300.jpg 300w, https:\/\/ccoo.app\/diputacio-de-barcelona\/wp-content\/blogs.dir\/6\/files\/sites\/186\/2020\/03\/diba-150x150.jpg 150w, https:\/\/ccoo.app\/diputacio-de-barcelona\/wp-content\/blogs.dir\/6\/files\/sites\/186\/2020\/03\/diba.jpg 400w\" sizes=\"auto, (max-width: 102px) 100vw, 102px\" \/><\/p>\n<p style=\"text-align: justify\"><span style=\"color: #000000;font-family: arial, helvetica, sans-serif\"><span style=\"font-family: 'arial black', sans-serif;background-color: #ffff00\">INFORMACI\u00d3 CORPORATIVA<\/span> En termes generals \u00e9s important que:<\/span><\/p>\n<ul style=\"text-align: justify\">\n<li><span style=\"color: #000000;font-family: arial, helvetica, sans-serif\">Us mantingueu informats de les directrius i mesures que vagi adoptant la Diputaci\u00f3 de Barcelona mitjan\u00e7ant <strong>correu corporatiu<\/strong> i <strong>intradiba<\/strong> (<a href=\"https:\/\/dibaaps.diba.cat\/vus\/login.asp\"><span style=\"font-family: 'arial black', sans-serif;color: #0000ff\">cliqueu aqu\u00ed<\/span><\/a>)<\/span><\/li>\n<li><span style=\"color: #000000;font-family: arial, helvetica, sans-serif\">Estigueu pendents CONSTANTMENT de les directrius que us puguin fer arribar el vostres comandaments<\/span><\/li>\n<\/ul>\n<p><a href=\"https:\/\/diba.ccoo.cat\/suport-i-atencio-psicologica\/\"><img loading=\"lazy\" decoding=\"async\" class=\" wp-image-5762 aligncenter\" src=\"http:\/\/ccoo.app\/diputacio-de-barcelona\/wp-content\/blogs.dir\/6\/files\/sites\/186\/2020\/05\/sistema-atencio-psicologica-300x33.png\" alt=\"\" width=\"345\" height=\"38\" srcset=\"https:\/\/ccoo.app\/diputacio-de-barcelona\/wp-content\/blogs.dir\/6\/files\/sites\/186\/2020\/05\/sistema-atencio-psicologica-300x33.png 300w, https:\/\/ccoo.app\/diputacio-de-barcelona\/wp-content\/blogs.dir\/6\/files\/sites\/186\/2020\/05\/sistema-atencio-psicologica-768x84.png 768w, https:\/\/ccoo.app\/diputacio-de-barcelona\/wp-content\/blogs.dir\/6\/files\/sites\/186\/2020\/05\/sistema-atencio-psicologica.png 890w\" sizes=\"auto, (max-width: 345px) 100vw, 345px\" \/><\/a><\/p>\n<p>&nbsp;<\/p>\n<p><img loading=\"lazy\" decoding=\"async\" class=\"wp-image-5131 aligncenter\" src=\"http:\/\/ccoo.app\/diputacio-de-barcelona\/wp-content\/blogs.dir\/6\/files\/sites\/186\/2020\/03\/ccoo-catalunya-300x123.jpg\" alt=\"\" width=\"193\" height=\"79\" srcset=\"https:\/\/ccoo.app\/diputacio-de-barcelona\/wp-content\/blogs.dir\/6\/files\/sites\/186\/2020\/03\/ccoo-catalunya-300x123.jpg 300w, https:\/\/ccoo.app\/diputacio-de-barcelona\/wp-content\/blogs.dir\/6\/files\/sites\/186\/2020\/03\/ccoo-catalunya.jpg 350w\" sizes=\"auto, (max-width: 193px) 100vw, 193px\" \/><\/p>\n<p><span style=\"font-family: 'arial black', sans-serif;background-color: #ffff00;color: #000000\">TOTA LA INFORMACI\u00d3 A CCOO CATALUNYA<\/span><\/p>\n<ul>\n<li><span class=\"css-901oao css-16my406 r-1qd0xha r-ad9z0x r-bcqeeo r-qvutc0\" style=\"color: #000000\"><span style=\"font-family: arial, helvetica, sans-serif\">Preguntes freq\u00fcents sobre el Coronavirus i l&#8217;\u00e0mbit laboral:<\/span> <\/span>\u00a0<span style=\"font-family: 'arial black', sans-serif;color: #0000ff\"><a class=\"css-4rbku5 css-18t94o4 css-901oao css-16my406 r-1n1174f r-1loqt21 r-1qd0xha r-ad9z0x r-bcqeeo r-qvutc0\" style=\"color: #0000ff\" title=\"http:\/\/consultacoronavirus.ccoo.cat\" role=\"link\" href=\"https:\/\/t.co\/Xrpj3V7Bz3?amp=1\" target=\"_blank\" rel=\"noopener noreferrer\" data-focusable=\"true\"><span class=\"css-901oao css-16my406 r-1qd0xha r-hiw28u r-ad9z0x r-bcqeeo r-qvutc0\" aria-hidden=\"true\">http:\/\/<\/span>consultacoronavirus.ccoo.cat<\/a> <\/span><\/li>\n<li><span style=\"font-family: arial, helvetica, sans-serif;color: #000000\">Recull de totes les informacions ordenades sobre <\/span><strong><span style=\"font-family: arial, helvetica, sans-serif;color: #000000\">l&#8217;evoluci\u00f3 del coronavirus COVID-19 respecte del m\u00f3n del treball: <\/span><span style=\"font-family: 'arial black', sans-serif;color: #0000ff\"><a style=\"color: #0000ff\" href=\"https:\/\/www.ccoo.cat\/aspnet\/coronavirus.aspx\">https:\/\/www.ccoo.cat\/aspnet\/coronavirus.aspx<\/a><\/span><\/strong><\/li>\n<\/ul>\n<p>&nbsp;<\/p>\n<p><iframe loading=\"lazy\" title=\"Hauran de comptar amb nosaltres. Salut, treball i just\u00edcia social || 1r de maig del 2020.\" width=\"1200\" height=\"675\" src=\"https:\/\/www.youtube.com\/embed\/uS104R3aSJs?feature=oembed\" frameborder=\"0\" allow=\"accelerometer; autoplay; clipboard-write; encrypted-media; gyroscope; picture-in-picture; web-share\" allowfullscreen><\/iframe><\/p>\n<p>&nbsp;<\/p>\n<p><a href=\"https:\/\/diba.ccoo.cat\/ccoo-torna-a-ser-primer-sindicat-a-catalunya\/\"><img loading=\"lazy\" decoding=\"async\" class=\"size-medium wp-image-4877 aligncenter\" src=\"http:\/\/ccoo.app\/diputacio-de-barcelona\/wp-content\/blogs.dir\/6\/files\/sites\/186\/2020\/01\/ccoo-primer-sindicat-catalunya-300x117.jpg\" alt=\"\" width=\"300\" height=\"117\" srcset=\"https:\/\/ccoo.app\/diputacio-de-barcelona\/wp-content\/blogs.dir\/6\/files\/sites\/186\/2020\/01\/ccoo-primer-sindicat-catalunya-300x117.jpg 300w, https:\/\/ccoo.app\/diputacio-de-barcelona\/wp-content\/blogs.dir\/6\/files\/sites\/186\/2020\/01\/ccoo-primer-sindicat-catalunya.jpg 490w\" sizes=\"auto, (max-width: 300px) 100vw, 300px\" \/><\/a><\/p>\n<p><a href=\"https:\/\/www.ccoo.es\/noticia:391405\"><img loading=\"lazy\" decoding=\"async\" class=\"size-medium wp-image-4878 aligncenter\" src=\"http:\/\/ccoo.app\/diputacio-de-barcelona\/wp-content\/blogs.dir\/6\/files\/sites\/186\/2020\/01\/ccoo-primer-sindicat-a-espana-300x91.jpg\" alt=\"\" width=\"300\" height=\"91\" srcset=\"https:\/\/ccoo.app\/diputacio-de-barcelona\/wp-content\/blogs.dir\/6\/files\/sites\/186\/2020\/01\/ccoo-primer-sindicat-a-espana-300x91.jpg 300w, https:\/\/ccoo.app\/diputacio-de-barcelona\/wp-content\/blogs.dir\/6\/files\/sites\/186\/2020\/01\/ccoo-primer-sindicat-a-espana.jpg 477w\" sizes=\"auto, (max-width: 300px) 100vw, 300px\" \/><\/a><\/p>\n<p><a href=\"https:\/\/www.ccoo.cat\/noticia\/224842\/ccoo-lliura-els-seus-comptes-auditats-del-2018-a-la-sindicatura-de-comptes-de-catalunya#.XjRZA-mWycz\"><img loading=\"lazy\" decoding=\"async\" class=\"size-medium wp-image-4879 aligncenter\" src=\"http:\/\/ccoo.app\/diputacio-de-barcelona\/wp-content\/blogs.dir\/6\/files\/sites\/186\/2020\/01\/ccoo-primer-sindicat-sindicatura-300x95.jpg\" alt=\"\" width=\"300\" height=\"95\" srcset=\"https:\/\/ccoo.app\/diputacio-de-barcelona\/wp-content\/blogs.dir\/6\/files\/sites\/186\/2020\/01\/ccoo-primer-sindicat-sindicatura-300x95.jpg 300w, https:\/\/ccoo.app\/diputacio-de-barcelona\/wp-content\/blogs.dir\/6\/files\/sites\/186\/2020\/01\/ccoo-primer-sindicat-sindicatura.jpg 476w\" sizes=\"auto, (max-width: 300px) 100vw, 300px\" \/><\/a><\/p>\n<p>&nbsp;<\/p>\n<p>&nbsp;<\/p>\n<p>&nbsp;<\/p>\n<p>&nbsp;<\/p>\n<p>&nbsp;<\/p>\n<p>&nbsp;<\/p>\n<p>&nbsp;<\/p>\n<p>&nbsp;<\/p>\n<p>&nbsp;<\/p>\n<p>&nbsp;<\/p>\n<p>&nbsp;<\/p>\n<p>&nbsp;<\/p>\n<p>&nbsp;<\/p>\n<p>&nbsp;<\/p>\n<p>&nbsp;<\/p>\n<p>&nbsp;<\/p>\n<p>&nbsp;<\/p>\n<p>&nbsp;    \t<\/p>\n","protected":false},"excerpt":{"rendered":"<p>PROC\u00c9S DE DESESCALADA A LA DIPUTACI\u00d3 DE BARCELONA TREBALL PRESENCIAL I TELETREBALL CCOO ENVIEM LES NOSTRES ESMENES AL DOCUMENT ENVIAT PER A LA CORPORACI\u00d3 -4 de maig de 2020- Avui, &#8230; <\/p>\n<p class=\"read-more-container\"><a title=\"66\/COVID-19. PROC\u00c9S DE DESESCALADA A LA DIPUTACI\u00d3 DE BARCELONA\" class=\"read-more button\" href=\"https:\/\/ccoo.app\/diputacio-de-barcelona\/suport-i-atencio-psicologica-2\/#more-5769\" aria-label=\"Leer m\u00e1s sobre 66\/COVID-19. PROC\u00c9S DE DESESCALADA A LA DIPUTACI\u00d3 DE BARCELONA\">Continuar llegint<\/a><\/p>\n","protected":false},"author":4519,"featured_media":5770,"comment_status":"closed","ping_status":"closed","sticky":false,"template":"","format":"standard","meta":{"footnotes":""},"categories":[19,35],"tags":[89,189],"class_list":["post-5769","post","type-post","status-publish","format-standard","has-post-thumbnail","hentry","category-comunicats","category-salut-laboral","tag-coronavirus","tag-prevencio","generate-columns","tablet-grid-50","mobile-grid-100","grid-parent","grid-50"],"_links":{"self":[{"href":"https:\/\/ccoo.app\/diputacio-de-barcelona\/wp-json\/wp\/v2\/posts\/5769","targetHints":{"allow":["GET"]}}],"collection":[{"href":"https:\/\/ccoo.app\/diputacio-de-barcelona\/wp-json\/wp\/v2\/posts"}],"about":[{"href":"https:\/\/ccoo.app\/diputacio-de-barcelona\/wp-json\/wp\/v2\/types\/post"}],"author":[{"embeddable":true,"href":"https:\/\/ccoo.app\/diputacio-de-barcelona\/wp-json\/wp\/v2\/users\/4519"}],"replies":[{"embeddable":true,"href":"https:\/\/ccoo.app\/diputacio-de-barcelona\/wp-json\/wp\/v2\/comments?post=5769"}],"version-history":[{"count":1,"href":"https:\/\/ccoo.app\/diputacio-de-barcelona\/wp-json\/wp\/v2\/posts\/5769\/revisions"}],"predecessor-version":[{"id":50977,"href":"https:\/\/ccoo.app\/diputacio-de-barcelona\/wp-json\/wp\/v2\/posts\/5769\/revisions\/50977"}],"wp:featuredmedia":[{"embeddable":true,"href":"https:\/\/ccoo.app\/diputacio-de-barcelona\/wp-json\/wp\/v2\/media\/5770"}],"wp:attachment":[{"href":"https:\/\/ccoo.app\/diputacio-de-barcelona\/wp-json\/wp\/v2\/media?parent=5769"}],"wp:term":[{"taxonomy":"category","embeddable":true,"href":"https:\/\/ccoo.app\/diputacio-de-barcelona\/wp-json\/wp\/v2\/categories?post=5769"},{"taxonomy":"post_tag","embeddable":true,"href":"https:\/\/ccoo.app\/diputacio-de-barcelona\/wp-json\/wp\/v2\/tags?post=5769"}],"curies":[{"name":"wp","href":"https:\/\/api.w.org\/{rel}","templated":true}]}}